{"id":216254,"date":"2026-09-06T14:51:08","date_gmt":"2026-09-06T11:51:08","guid":{"rendered":"https:\/\/buletin.de\/bucuresti\/?p=216254"},"modified":"2026-09-06T14:51:30","modified_gmt":"2026-09-06T11:51:30","slug":"prima-editie-gradina-cu-carti-are-lor-in-weekendul-11-13-septembrie-in-piateta-favorit-sunt-pregatite-lansari-de-carte-si-ateliere-pentru-toate-varstele","status":"publish","type":"post","link":"https:\/\/buletin.de\/bucuresti\/prima-editie-gradina-cu-carti-are-lor-in-weekendul-11-13-septembrie-in-piateta-favorit-sunt-pregatite-lansari-de-carte-si-ateliere-pentru-toate-varstele\/","title":{"rendered":"Prima edi\u021bie \u201eGr\u0103dina cu C\u0103r\u021bi\u201d are loc \u00een weekendul 11-13 septembrie, \u00een Pia\u021beta Favorit. Sunt preg\u0103tite lans\u0103ri de carte \u0219i ateliere pentru toate v\u00e2rstele"},"content":{"rendered":"\n<p class=\"wp-block-paragraph\"><strong>Prima edi\u021bia t\u00e2rgului \u201eGr\u0103dina cu C\u0103r\u021bi\u201d urmeaz\u0103 s\u0103 aib\u0103 loc \u00een weekendul 11-13 septembrie 2026 \u00een Pia\u021beta Favorit din Sectorul 6 al Capitalei. \u00cen cadrul acestui eveniment urmeaz\u0103 s\u0103 aib\u0103 at\u00e2t activit\u0103\u021bi dedicate adul\u021bilor, c\u00e2t \u0219i ateliere pentru cei mici, dup\u0103 cum anun\u021b\u0103 <a href=\"https:\/\/www.facebook.com\/story.php?story_fbid=1507727731385159&amp;id=100064438400065&amp;mibextid=wwXIfr&amp;rdid=IAGg4vSdbrlntGnp#\" data-type=\"link\" data-id=\"https:\/\/www.facebook.com\/story.php?story_fbid=1507727731385159&amp;id=100064438400065&amp;mibextid=wwXIfr&amp;rdid=IAGg4vSdbrlntGnp#\" target=\"_blank\" rel=\"noreferrer noopener\">Prim\u0103ria<\/a>. <\/strong><\/p>\n\n\n\n<p class=\"wp-block-paragraph\">De asemenea, \u00een cadrul festivalului, bucure\u0219tenii vor putea g\u0103si un num\u0103r mare de edituri care vor prezenta cele mai populare c\u0103r\u021bi ale momentului. <\/p>\n\n\n\n<p class=\"wp-block-paragraph\"><strong>CITE\u0218TE \u0218I <a href=\"https:\/\/buletin.de\/bucuresti\/exilarea-mega-festivalurilor-si-noua-strategie-culturala-si-turistica-a-capitalei-ciucu-putem-fi-cea-mai-creativa-capitala-nu-stiu-ce-este-bias-nu-l-am-urmarit\/\" data-type=\"post\" data-id=\"215571\">Exilarea mega-festivalurilor \u0219i noua strategie cultural-turistic\u0103 a Bucure\u0219tiului. Ciucu: \u201ePutem fi cea mai creativ\u0103 capital\u0103. Nu \u0219tiu ce este BIAS, nu l-am urm\u0103rit\u201d<\/a><\/strong><\/p>\n\n\n\n<h2 id=\"h-ateliere-lansari-de-carte-\u0219i-activita\u021bi-la-gradina-cu-car\u021bi\" class=\"wp-block-heading\">Ateliere, lans\u0103ri de carte \u0219i activit\u0103\u021bi la Gr\u0103dina cu C\u0103r\u021bi<\/h2>\n\n\n\n<p class=\"wp-block-paragraph\">Evenimentul care va avea loc \u00een Pia\u021beta Favorit urmeaz\u0103 s\u0103 \u021bin\u0103 trei zile. \u00cen aceast\u0103 perioad\u0103, vizitatorii vor putea lua parte la lans\u0103ri de carte, \u00eent\u00e2lniri \u0219i activit\u0103\u021bi dedicate iubitorilor de lectur\u0103. De asemenea, administra\u021bia local\u0103 a anun\u021bat c\u0103 au fost preg\u0103tite \u0219i o serie de ateliere inedite pentru cei copii. <\/p>\n\n\n\n<p class=\"wp-block-paragraph\">Cu toate c\u0103 Prim\u0103ria nu a oferit \u00eenc\u0103 detalii despre aceste ateliere, \u00een cadrul proiectului de hot\u0103r\u00e2re privind organizarea \u201eGr\u0103dinii cu C\u0103r\u021bi\u201d se preciza c\u0103 printre activit\u0103\u021bile ce vor avea loc s-a putea num\u0103r\u0103: Atelierul \u201eScriu prima mea poveste\u201d, Atelier de ilustra\u021bie, Atelier de benzi desenate pentru copiii \u00eentre 8 \u0219i 14 ani, Ateliere pentru realizarea de semne de carte, \u201eBiblioteca din parc\u201d, \u201eCol\u021bul bunicilor povestitori\u201d \u0219i Schimb de c\u0103r\u021bi \u201eAdu o carte, ia o carte\u201d.<\/p>\n\n\n\n<p class=\"wp-block-paragraph\">Pe l\u00e2ng\u0103 acestea, vor exista \u0219i momente speciale. Programul evenimentului, pentru fiecare dintre cele trei zile, este urm\u0103torul: <\/p>\n\n\n\n<ul class=\"wp-block-list\">\n<li>Vineri &#8211; \u00eentre orele 16:00 &#8211; 22:00,<\/li>\n\n\n\n<li>S\u00e2mb\u0103t\u0103 &#8211; \u00eentre orele 10:00 &#8211; 22:00,<\/li>\n\n\n\n<li>Duminic\u0103 &#8211; \u00eentre orele 10:00 &#8211; 22:00.<\/li>\n<\/ul>\n\n\n\n<p class=\"wp-block-paragraph\">Intrarea la evenimentul \u201eGr\u0103dina cu C\u0103r\u021bi\u201d este gratuit\u0103. <\/p>\n\n\n\n<p class=\"wp-block-paragraph\">Editurile care vor lua parte la prima edi\u021bie a festivalului ce are loc \u00een din Sectorul 6 sunt urm\u0103toarele: Curtea Veche Publishing, Editura Vremea, Crux Publishing, Editura Frontiera, Editura Corint , Libr\u0103riile Humanitas, Grupul Editorial ALL , Petale Scrise, Editura Sophia , Bookzone, Editura Trei , Smartgraphics Solutions, Editura Nomina \u0219i Editura Zorio. <\/p>\n\n\n\n<p class=\"wp-block-paragraph\"><strong>CITE\u0218TE \u0218I <a href=\"https:\/\/buletin.de\/bucuresti\/unde-iesim-in-saptamana-7-13-septembrie-programul-complet-al-institutiilor-de-cultura-din-subordinea-pmb\/\" data-type=\"post\" data-id=\"216066\">Unde ie\u015fim \u00een s\u0103pt\u0103m\u00e2na 7-13 septembrie. Programul complet al institu\u021biilor de cultur\u0103 din subordinea PMB<\/a><\/strong><\/p>\n\n\n\n<h2 id=\"h-costurile-pentru-organizare-suportate-de-primarie\" class=\"wp-block-heading\">Costurile pentru organizare, suportate de Prim\u0103rie<\/h2>\n\n\n\n<p class=\"wp-block-paragraph\">Conform proiectului de hot\u0103r\u00e2re pentru organizarea acestui eveniment, proiect de a fost aprobat de c\u0103tre Consiliul Local al Sectorului 6 \u00een \u0219edin\u021ba din data de 19 august 2026, fondurile necesare pentru organizare sunt suportate din bugetul local. Suma estimat\u0103 pentru organizare, conform documentele puse la dispozi\u021bie la momentul respectiv, era de 315 mii de lei, echivalentul a circa 60 de mii de euro, dup\u0103 cum a scris Buletin de Bucure\u0219ti <strong><a href=\"https:\/\/buletin.de\/bucuresti\/targul-gradina-cu-carti-ar-putea-fi-organizat-in-piateta-favorit-proiectul-cu-un-buget-de-60-de-mii-de-euro-pe-masa-consiliului-local-sector-6\/\" data-type=\"link\" data-id=\"https:\/\/buletin.de\/bucuresti\/targul-gradina-cu-carti-ar-putea-fi-organizat-in-piateta-favorit-proiectul-cu-un-buget-de-60-de-mii-de-euro-pe-masa-consiliului-local-sector-6\/\">aici<\/a><\/strong>. <\/p>\n\n\n\n<p class=\"wp-block-paragraph\">Cei mai mul\u021bi bani au fost aloca\u021bi pentru siguran\u021b\u0103 \u0219i avize, adic\u0103 <strong>97.915 lei<\/strong>. <\/p>\n\n\n\n<p class=\"wp-block-paragraph\">O alt\u0103 sum\u0103 important\u0103 a fost alocat\u0103 pentru logistic\u0103, adic\u0103 pentru scen\u0103, sonorizare, lumini, operator, decor sau elemente florale. Pentru aceast\u0103 sec\u021biune, Prim\u0103ria a preg\u0103tit <strong>68.988 de lei<\/strong>. De asemenea, exist\u0103 \u0219i un fond se rezerv\u0103 care este destinat posibilelor cheltuieli neprev\u0103zute ce ar putea ap\u0103rea. Pentru accesa a fost alocat\u0103 suma de <strong>10.485 de lei<\/strong>.<\/p>\n\n\n\n<p class=\"wp-block-paragraph\">Scopul proiectului este de a stimula interesul fa\u021b\u0103 de citit \u00een r\u00e2ndul tinerilor, dar nu numai. De asemenea, un alt scop al acestui proiect este de a valorifica Pia\u021beta Favorit ca pol cultural al Sectorului 6, conform proiectului.<\/p>\n\n\n\n<p class=\"wp-block-paragraph\"><strong>CITE\u0218TE \u0218I <a href=\"https:\/\/buletin.de\/bucuresti\/elevii-se-intorc-maine-la-scoala-dupa-trei-luni-de-pauza-cand-sunt-programate-principalele-vacante-si-examene-in-bucuresti-si-ilfov\/\" data-type=\"post\" data-id=\"216227\">Elevii se \u00eentorc m\u00e2ine la \u0219coal\u0103, dup\u0103 trei luni de pauz\u0103. C\u00e2nd sunt programate principalele vacan\u021be \u0219i examene \u00een Bucure\u0219ti \u0219i Ilfov<\/a><\/strong><\/p>\n","protected":false},"excerpt":{"rendered":"<p>Prima edi\u021bia t\u00e2rgului \u201eGr\u0103dina cu C\u0103r\u021bi\u201d urmeaz\u0103 s\u0103 aib\u0103 loc \u00een weekendul 11-13 septembrie 2026 \u00een Pia\u021beta Favorit din Sectorul 6 al Capitalei. \u00cen cadrul acestui eveniment urmeaz\u0103 s\u0103 aib\u0103 at\u00e2t activit\u0103\u021bi dedicate adul\u021bilor, c\u00e2t \u0219i ateliere pentru cei mici, dup\u0103 cum anun\u021b\u0103 Prim\u0103ria. De asemenea, \u00een cadrul festivalului, bucure\u0219tenii vor putea g\u0103si un num\u0103r [&hellip;]<\/p>\n","protected":false},"author":66,"featured_media":216269,"comment_status":"closed","ping_status":"open","sticky":false,"template":"","format":"standard","meta":{"_acf_changed":false,"inline_featured_image":false,"ngg_post_thumbnail":0,"footnotes":""},"categories":[6994,81,62],"tags":[2518,30164,30163,523,29255,30653],"ppma_author":[26103],"class_list":["post-216254","post","type-post","status-publish","format-standard","has-post-thumbnail","hentry","category-stiri-2","category-cultura","category-stiri","tag-eveniment","tag-gradina-cu-carti","tag-piateta-favorit-3","tag-sector-6","tag-targ-de-carte-2","tag-weekendul-11-13-septembrie"],"acf":[],"a3_pvc":{"activated":false,"total_views":0,"today_views":0},"yoast_head":"<!-- This site is optimized with the Yoast SEO Premium plugin v28.0 (Yoast SEO v28.4) - https:\/\/yoast.com\/product\/yoast-seo-premium-wordpress\/ -->\n<title>Prima edi\u021bie \u201eGr\u0103dina cu C\u0103r\u021bi\u201d are loc \u00een weekendul 11-13 septembrie, \u00een Pia\u021beta Favorit. Sunt preg\u0103tite lans\u0103ri de carte \u0219i ateliere pentru toate v\u00e2rstele - Buletin de Bucure\u0219ti<\/title>\n<meta name=\"description\" content=\"Prima edi\u021bia t\u00e2rgului \u201eGr\u0103dina cu C\u0103r\u021bi\u201d urmeaz\u0103 s\u0103 aib\u0103 loc \u00een weekendul 11-13 septembrie 2026 \u00een Pia\u021beta Favorit din Sectorul 6.\" \/>\n<meta name=\"robots\" content=\"index, follow, max-snippet:-1, max-image-preview:large, max-video-preview:-1\" \/>\n<link rel=\"canonical\" href=\"https:\/\/buletin.de\/bucuresti\/prima-editie-gradina-cu-carti-are-lor-in-weekendul-11-13-septembrie-in-piateta-favorit-sunt-pregatite-lansari-de-carte-si-ateliere-pentru-toate-varstele\/\" \/>\n<meta property=\"og:locale\" content=\"en_GB\" \/>\n<meta property=\"og:type\" content=\"article\" \/>\n<meta property=\"og:title\" content=\"Prima edi\u021bie \u201eGr\u0103dina cu C\u0103r\u021bi\u201d are loc \u00een weekendul 11-13 septembrie, \u00een Pia\u021beta Favorit. Sunt preg\u0103tite lans\u0103ri de carte \u0219i ateliere pentru toate v\u00e2rstele\" \/>\n<meta property=\"og:description\" content=\"Prima edi\u021bia t\u00e2rgului \u201eGr\u0103dina cu C\u0103r\u021bi\u201d urmeaz\u0103 s\u0103 aib\u0103 loc \u00een weekendul 11-13 septembrie 2026 \u00een Pia\u021beta Favorit din Sectorul 6.\" \/>\n<meta property=\"og:url\" content=\"https:\/\/buletin.de\/bucuresti\/prima-editie-gradina-cu-carti-are-lor-in-weekendul-11-13-septembrie-in-piateta-favorit-sunt-pregatite-lansari-de-carte-si-ateliere-pentru-toate-varstele\/\" \/>\n<meta property=\"og:site_name\" content=\"Buletin de Bucure\u0219ti\" \/>\n<meta property=\"article:publisher\" content=\"https:\/\/www.facebook.com\/buletin.de.buc\" \/>\n<meta property=\"article:published_time\" content=\"2026-09-06T11:51:08+00:00\" \/>\n<meta property=\"article:modified_time\" content=\"2026-09-06T11:51:30+00:00\" \/>\n<meta property=\"og:image\" content=\"https:\/\/buletin.de\/bucuresti\/wp-content\/uploads\/2026\/09\/Gradina-cu-Carti-Piateta-Favorit.jpg\" \/>\n\t<meta property=\"og:image:width\" content=\"1600\" \/>\n\t<meta property=\"og:image:height\" content=\"943\" \/>\n\t<meta property=\"og:image:type\" content=\"image\/jpeg\" \/>\n<meta name=\"author\" content=\"Deniz Garguli\" \/>\n<meta name=\"twitter:card\" content=\"summary_large_image\" \/>\n<meta name=\"twitter:label1\" content=\"Written by\" \/>\n\t<meta name=\"twitter:data1\" content=\"Deniz Garguli\" \/>\n\t<meta name=\"twitter:label2\" content=\"Estimated reading time\" \/>\n\t<meta name=\"twitter:data2\" content=\"3 minutes\" \/>\n<script type=\"application\/ld+json\" class=\"yoast-schema-graph\">{\"@context\":\"https:\\\/\\\/schema.org\",\"@graph\":[{\"@type\":\"Article\",\"@id\":\"https:\\\/\\\/buletin.de\\\/bucuresti\\\/prima-editie-gradina-cu-carti-are-lor-in-weekendul-11-13-septembrie-in-piateta-favorit-sunt-pregatite-lansari-de-carte-si-ateliere-pentru-toate-varstele\\\/#article\",\"isPartOf\":{\"@id\":\"https:\\\/\\\/buletin.de\\\/bucuresti\\\/prima-editie-gradina-cu-carti-are-lor-in-weekendul-11-13-septembrie-in-piateta-favorit-sunt-pregatite-lansari-de-carte-si-ateliere-pentru-toate-varstele\\\/\"},\"author\":{\"name\":\"Deniz Garguli\",\"@id\":\"https:\\\/\\\/buletin.de\\\/bucuresti\\\/#\\\/schema\\\/person\\\/8badd0805392c02e16b744e0d5cd3625\"},\"headline\":\"Prima edi\u021bie \u201eGr\u0103dina cu C\u0103r\u021bi\u201d are loc \u00een weekendul 11-13 septembrie, \u00een Pia\u021beta Favorit. Sunt preg\u0103tite lans\u0103ri de carte \u0219i ateliere pentru toate v\u00e2rstele\",\"datePublished\":\"2026-09-06T11:51:08+00:00\",\"dateModified\":\"2026-09-06T11:51:30+00:00\",\"mainEntityOfPage\":{\"@id\":\"https:\\\/\\\/buletin.de\\\/bucuresti\\\/prima-editie-gradina-cu-carti-are-lor-in-weekendul-11-13-septembrie-in-piateta-favorit-sunt-pregatite-lansari-de-carte-si-ateliere-pentru-toate-varstele\\\/\"},\"wordCount\":643,\"publisher\":{\"@id\":\"https:\\\/\\\/buletin.de\\\/bucuresti\\\/#organization\"},\"image\":{\"@id\":\"https:\\\/\\\/buletin.de\\\/bucuresti\\\/prima-editie-gradina-cu-carti-are-lor-in-weekendul-11-13-septembrie-in-piateta-favorit-sunt-pregatite-lansari-de-carte-si-ateliere-pentru-toate-varstele\\\/#primaryimage\"},\"thumbnailUrl\":\"https:\\\/\\\/buletin.de\\\/bucuresti\\\/wp-content\\\/uploads\\\/2026\\\/09\\\/Gradina-cu-Carti-Piateta-Favorit.jpg\",\"keywords\":[\"eveniment\",\"Gr\u0103dina cu C\u0103r\u021bi\",\"Pia\u021beta Favorit\",\"Sector 6\",\"T\u00e2rg de carte\",\"Weekendul 11-13 septembrie\"],\"articleSection\":[\"Articole\",\"Cultur\u0103\",\"\u0218tiri\"],\"inLanguage\":\"en-GB\",\"copyrightYear\":\"2026\",\"copyrightHolder\":{\"@id\":\"https:\\\/\\\/buletin.de\\\/bucuresti\\\/#organization\"}},{\"@type\":\"WebPage\",\"@id\":\"https:\\\/\\\/buletin.de\\\/bucuresti\\\/prima-editie-gradina-cu-carti-are-lor-in-weekendul-11-13-septembrie-in-piateta-favorit-sunt-pregatite-lansari-de-carte-si-ateliere-pentru-toate-varstele\\\/\",\"url\":\"https:\\\/\\\/buletin.de\\\/bucuresti\\\/prima-editie-gradina-cu-carti-are-lor-in-weekendul-11-13-septembrie-in-piateta-favorit-sunt-pregatite-lansari-de-carte-si-ateliere-pentru-toate-varstele\\\/\",\"name\":\"Prima edi\u021bie \u201eGr\u0103dina cu C\u0103r\u021bi\u201d are loc \u00een weekendul 11-13 septembrie, \u00een Pia\u021beta Favorit. Sunt preg\u0103tite lans\u0103ri de carte \u0219i ateliere pentru toate v\u00e2rstele - Buletin de Bucure\u0219ti\",\"isPartOf\":{\"@id\":\"https:\\\/\\\/buletin.de\\\/bucuresti\\\/#website\"},\"primaryImageOfPage\":{\"@id\":\"https:\\\/\\\/buletin.de\\\/bucuresti\\\/prima-editie-gradina-cu-carti-are-lor-in-weekendul-11-13-septembrie-in-piateta-favorit-sunt-pregatite-lansari-de-carte-si-ateliere-pentru-toate-varstele\\\/#primaryimage\"},\"image\":{\"@id\":\"https:\\\/\\\/buletin.de\\\/bucuresti\\\/prima-editie-gradina-cu-carti-are-lor-in-weekendul-11-13-septembrie-in-piateta-favorit-sunt-pregatite-lansari-de-carte-si-ateliere-pentru-toate-varstele\\\/#primaryimage\"},\"thumbnailUrl\":\"https:\\\/\\\/buletin.de\\\/bucuresti\\\/wp-content\\\/uploads\\\/2026\\\/09\\\/Gradina-cu-Carti-Piateta-Favorit.jpg\",\"datePublished\":\"2026-09-06T11:51:08+00:00\",\"dateModified\":\"2026-09-06T11:51:30+00:00\",\"description\":\"Prima edi\u021bia t\u00e2rgului \u201eGr\u0103dina cu C\u0103r\u021bi\u201d urmeaz\u0103 s\u0103 aib\u0103 loc \u00een weekendul 11-13 septembrie 2026 \u00een Pia\u021beta Favorit din Sectorul 6.\",\"breadcrumb\":{\"@id\":\"https:\\\/\\\/buletin.de\\\/bucuresti\\\/prima-editie-gradina-cu-carti-are-lor-in-weekendul-11-13-septembrie-in-piateta-favorit-sunt-pregatite-lansari-de-carte-si-ateliere-pentru-toate-varstele\\\/#breadcrumb\"},\"inLanguage\":\"en-GB\",\"potentialAction\":[{\"@type\":\"ReadAction\",\"target\":[\"https:\\\/\\\/buletin.de\\\/bucuresti\\\/prima-editie-gradina-cu-carti-are-lor-in-weekendul-11-13-septembrie-in-piateta-favorit-sunt-pregatite-lansari-de-carte-si-ateliere-pentru-toate-varstele\\\/\"]}]},{\"@type\":\"ImageObject\",\"inLanguage\":\"en-GB\",\"@id\":\"https:\\\/\\\/buletin.de\\\/bucuresti\\\/prima-editie-gradina-cu-carti-are-lor-in-weekendul-11-13-septembrie-in-piateta-favorit-sunt-pregatite-lansari-de-carte-si-ateliere-pentru-toate-varstele\\\/#primaryimage\",\"url\":\"https:\\\/\\\/buletin.de\\\/bucuresti\\\/wp-content\\\/uploads\\\/2026\\\/09\\\/Gradina-cu-Carti-Piateta-Favorit.jpg\",\"contentUrl\":\"https:\\\/\\\/buletin.de\\\/bucuresti\\\/wp-content\\\/uploads\\\/2026\\\/09\\\/Gradina-cu-Carti-Piateta-Favorit.jpg\",\"width\":1600,\"height\":943,\"caption\":\"Surs\u0103 foto: Magnific.com\"},{\"@type\":\"BreadcrumbList\",\"@id\":\"https:\\\/\\\/buletin.de\\\/bucuresti\\\/prima-editie-gradina-cu-carti-are-lor-in-weekendul-11-13-septembrie-in-piateta-favorit-sunt-pregatite-lansari-de-carte-si-ateliere-pentru-toate-varstele\\\/#breadcrumb\",\"itemListElement\":[{\"@type\":\"ListItem\",\"position\":1,\"name\":\"Acas\u0103\",\"item\":\"https:\\\/\\\/buletin.de\\\/bucuresti\\\/\"},{\"@type\":\"ListItem\",\"position\":2,\"name\":\"Prima edi\u021bie \u201eGr\u0103dina cu C\u0103r\u021bi\u201d are loc \u00een weekendul 11-13 septembrie, \u00een Pia\u021beta Favorit. Sunt preg\u0103tite lans\u0103ri de carte \u0219i ateliere pentru toate v\u00e2rstele\"}]},{\"@type\":\"WebSite\",\"@id\":\"https:\\\/\\\/buletin.de\\\/bucuresti\\\/#website\",\"url\":\"https:\\\/\\\/buletin.de\\\/bucuresti\\\/\",\"name\":\"Buletin de Bucure\u0219ti\",\"description\":\"\u0218tiri \u0219i investiga\u021bii esen\u021biale din capital\u0103\",\"publisher\":{\"@id\":\"https:\\\/\\\/buletin.de\\\/bucuresti\\\/#organization\"},\"potentialAction\":[{\"@type\":\"SearchAction\",\"target\":{\"@type\":\"EntryPoint\",\"urlTemplate\":\"https:\\\/\\\/buletin.de\\\/bucuresti\\\/?s={search_term_string}\"},\"query-input\":{\"@type\":\"PropertyValueSpecification\",\"valueRequired\":true,\"valueName\":\"search_term_string\"}}],\"inLanguage\":\"en-GB\"},{\"@type\":\"Organization\",\"@id\":\"https:\\\/\\\/buletin.de\\\/bucuresti\\\/#organization\",\"name\":\"Buletin de Bucure\u0219ti\",\"url\":\"https:\\\/\\\/buletin.de\\\/bucuresti\\\/\",\"logo\":{\"@type\":\"ImageObject\",\"inLanguage\":\"en-GB\",\"@id\":\"https:\\\/\\\/buletin.de\\\/bucuresti\\\/#\\\/schema\\\/logo\\\/image\\\/\",\"url\":\"https:\\\/\\\/buletin.de\\\/bucuresti\\\/wp-content\\\/uploads\\\/logo-bdb-full-wide-vernil-transparent.png\",\"contentUrl\":\"https:\\\/\\\/buletin.de\\\/bucuresti\\\/wp-content\\\/uploads\\\/logo-bdb-full-wide-vernil-transparent.png\",\"width\":1782,\"height\":626,\"caption\":\"Buletin de Bucure\u0219ti\"},\"image\":{\"@id\":\"https:\\\/\\\/buletin.de\\\/bucuresti\\\/#\\\/schema\\\/logo\\\/image\\\/\"},\"sameAs\":[\"https:\\\/\\\/www.facebook.com\\\/buletin.de.buc\",\"https:\\\/\\\/www.instagram.com\\\/buletinde.bucuresti\\\/\"]},{\"@type\":\"Person\",\"@id\":\"https:\\\/\\\/buletin.de\\\/bucuresti\\\/#\\\/schema\\\/person\\\/8badd0805392c02e16b744e0d5cd3625\",\"name\":\"Deniz Garguli\",\"image\":{\"@type\":\"ImageObject\",\"inLanguage\":\"en-GB\",\"@id\":\"https:\\\/\\\/buletin.de\\\/bucuresti\\\/wp-content\\\/uploads\\\/2026\\\/06\\\/BDB_Deniz-1-96x96.jpgba95f600d547b787bc58e580a19f8dac\",\"url\":\"https:\\\/\\\/buletin.de\\\/bucuresti\\\/wp-content\\\/uploads\\\/2026\\\/06\\\/BDB_Deniz-1-96x96.jpg\",\"contentUrl\":\"https:\\\/\\\/buletin.de\\\/bucuresti\\\/wp-content\\\/uploads\\\/2026\\\/06\\\/BDB_Deniz-1-96x96.jpg\",\"caption\":\"Deniz Garguli\"},\"description\":\"N\u0103scut\u0103 \u0219i crescut\u0103 \u00een Capital\u0103, dorin\u021ba de a fi la curent cu tot ce se \u00eent\u00e2mpl\u0103 \u00een Bucure\u0219ti a \u00eempins-o c\u0103tre pres\u0103, mai cu seam\u0103 c\u0103tre cea local\u0103. A lucrat vreme de patru ani la B365, unde s-a ocupat de \u0219tiri despre ora\u0219 \u0219i oamenii care locuiesc \u00een el. Din 2026 s-a al\u0103turat echipei Buletin de Bucure\u0219ti.\",\"url\":\"https:\\\/\\\/buletin.de\\\/bucuresti\\\/author\\\/deniz-garguli\\\/\"}]}<\/script>\n<!-- \/ Yoast SEO Premium plugin. -->","yoast_head_json":{"title":"Prima edi\u021bie \u201eGr\u0103dina cu C\u0103r\u021bi\u201d are loc \u00een weekendul 11-13 septembrie, \u00een Pia\u021beta Favorit. Sunt preg\u0103tite lans\u0103ri de carte \u0219i ateliere pentru toate v\u00e2rstele - Buletin de Bucure\u0219ti","description":"Prima edi\u021bia t\u00e2rgului \u201eGr\u0103dina cu C\u0103r\u021bi\u201d urmeaz\u0103 s\u0103 aib\u0103 loc \u00een weekendul 11-13 septembrie 2026 \u00een Pia\u021beta Favorit din Sectorul 6.","robots":{"index":"index","follow":"follow","max-snippet":"max-snippet:-1","max-image-preview":"max-image-preview:large","max-video-preview":"max-video-preview:-1"},"canonical":"https:\/\/buletin.de\/bucuresti\/prima-editie-gradina-cu-carti-are-lor-in-weekendul-11-13-septembrie-in-piateta-favorit-sunt-pregatite-lansari-de-carte-si-ateliere-pentru-toate-varstele\/","og_locale":"en_GB","og_type":"article","og_title":"Prima edi\u021bie \u201eGr\u0103dina cu C\u0103r\u021bi\u201d are loc \u00een weekendul 11-13 septembrie, \u00een Pia\u021beta Favorit. Sunt preg\u0103tite lans\u0103ri de carte \u0219i ateliere pentru toate v\u00e2rstele","og_description":"Prima edi\u021bia t\u00e2rgului \u201eGr\u0103dina cu C\u0103r\u021bi\u201d urmeaz\u0103 s\u0103 aib\u0103 loc \u00een weekendul 11-13 septembrie 2026 \u00een Pia\u021beta Favorit din Sectorul 6.","og_url":"https:\/\/buletin.de\/bucuresti\/prima-editie-gradina-cu-carti-are-lor-in-weekendul-11-13-septembrie-in-piateta-favorit-sunt-pregatite-lansari-de-carte-si-ateliere-pentru-toate-varstele\/","og_site_name":"Buletin de Bucure\u0219ti","article_publisher":"https:\/\/www.facebook.com\/buletin.de.buc","article_published_time":"2026-09-06T11:51:08+00:00","article_modified_time":"2026-09-06T11:51:30+00:00","og_image":[{"width":1600,"height":943,"url":"https:\/\/buletin.de\/bucuresti\/wp-content\/uploads\/2026\/09\/Gradina-cu-Carti-Piateta-Favorit.jpg","type":"image\/jpeg"}],"author":"Deniz Garguli","twitter_card":"summary_large_image","twitter_misc":{"Written by":"Deniz Garguli","Estimated reading time":"3 minutes"},"schema":{"@context":"https:\/\/schema.org","@graph":[{"@type":"Article","@id":"https:\/\/buletin.de\/bucuresti\/prima-editie-gradina-cu-carti-are-lor-in-weekendul-11-13-septembrie-in-piateta-favorit-sunt-pregatite-lansari-de-carte-si-ateliere-pentru-toate-varstele\/#article","isPartOf":{"@id":"https:\/\/buletin.de\/bucuresti\/prima-editie-gradina-cu-carti-are-lor-in-weekendul-11-13-septembrie-in-piateta-favorit-sunt-pregatite-lansari-de-carte-si-ateliere-pentru-toate-varstele\/"},"author":{"name":"Deniz Garguli","@id":"https:\/\/buletin.de\/bucuresti\/#\/schema\/person\/8badd0805392c02e16b744e0d5cd3625"},"headline":"Prima edi\u021bie \u201eGr\u0103dina cu C\u0103r\u021bi\u201d are loc \u00een weekendul 11-13 septembrie, \u00een Pia\u021beta Favorit. Sunt preg\u0103tite lans\u0103ri de carte \u0219i ateliere pentru toate v\u00e2rstele","datePublished":"2026-09-06T11:51:08+00:00","dateModified":"2026-09-06T11:51:30+00:00","mainEntityOfPage":{"@id":"https:\/\/buletin.de\/bucuresti\/prima-editie-gradina-cu-carti-are-lor-in-weekendul-11-13-septembrie-in-piateta-favorit-sunt-pregatite-lansari-de-carte-si-ateliere-pentru-toate-varstele\/"},"wordCount":643,"publisher":{"@id":"https:\/\/buletin.de\/bucuresti\/#organization"},"image":{"@id":"https:\/\/buletin.de\/bucuresti\/prima-editie-gradina-cu-carti-are-lor-in-weekendul-11-13-septembrie-in-piateta-favorit-sunt-pregatite-lansari-de-carte-si-ateliere-pentru-toate-varstele\/#primaryimage"},"thumbnailUrl":"https:\/\/buletin.de\/bucuresti\/wp-content\/uploads\/2026\/09\/Gradina-cu-Carti-Piateta-Favorit.jpg","keywords":["eveniment","Gr\u0103dina cu C\u0103r\u021bi","Pia\u021beta Favorit","Sector 6","T\u00e2rg de carte","Weekendul 11-13 septembrie"],"articleSection":["Articole","Cultur\u0103","\u0218tiri"],"inLanguage":"en-GB","copyrightYear":"2026","copyrightHolder":{"@id":"https:\/\/buletin.de\/bucuresti\/#organization"}},{"@type":"WebPage","@id":"https:\/\/buletin.de\/bucuresti\/prima-editie-gradina-cu-carti-are-lor-in-weekendul-11-13-septembrie-in-piateta-favorit-sunt-pregatite-lansari-de-carte-si-ateliere-pentru-toate-varstele\/","url":"https:\/\/buletin.de\/bucuresti\/prima-editie-gradina-cu-carti-are-lor-in-weekendul-11-13-septembrie-in-piateta-favorit-sunt-pregatite-lansari-de-carte-si-ateliere-pentru-toate-varstele\/","name":"Prima edi\u021bie \u201eGr\u0103dina cu C\u0103r\u021bi\u201d are loc \u00een weekendul 11-13 septembrie, \u00een Pia\u021beta Favorit. Sunt preg\u0103tite lans\u0103ri de carte \u0219i ateliere pentru toate v\u00e2rstele - Buletin de Bucure\u0219ti","isPartOf":{"@id":"https:\/\/buletin.de\/bucuresti\/#website"},"primaryImageOfPage":{"@id":"https:\/\/buletin.de\/bucuresti\/prima-editie-gradina-cu-carti-are-lor-in-weekendul-11-13-septembrie-in-piateta-favorit-sunt-pregatite-lansari-de-carte-si-ateliere-pentru-toate-varstele\/#primaryimage"},"image":{"@id":"https:\/\/buletin.de\/bucuresti\/prima-editie-gradina-cu-carti-are-lor-in-weekendul-11-13-septembrie-in-piateta-favorit-sunt-pregatite-lansari-de-carte-si-ateliere-pentru-toate-varstele\/#primaryimage"},"thumbnailUrl":"https:\/\/buletin.de\/bucuresti\/wp-content\/uploads\/2026\/09\/Gradina-cu-Carti-Piateta-Favorit.jpg","datePublished":"2026-09-06T11:51:08+00:00","dateModified":"2026-09-06T11:51:30+00:00","description":"Prima edi\u021bia t\u00e2rgului \u201eGr\u0103dina cu C\u0103r\u021bi\u201d urmeaz\u0103 s\u0103 aib\u0103 loc \u00een weekendul 11-13 septembrie 2026 \u00een Pia\u021beta Favorit din Sectorul 6.","breadcrumb":{"@id":"https:\/\/buletin.de\/bucuresti\/prima-editie-gradina-cu-carti-are-lor-in-weekendul-11-13-septembrie-in-piateta-favorit-sunt-pregatite-lansari-de-carte-si-ateliere-pentru-toate-varstele\/#breadcrumb"},"inLanguage":"en-GB","potentialAction":[{"@type":"ReadAction","target":["https:\/\/buletin.de\/bucuresti\/prima-editie-gradina-cu-carti-are-lor-in-weekendul-11-13-septembrie-in-piateta-favorit-sunt-pregatite-lansari-de-carte-si-ateliere-pentru-toate-varstele\/"]}]},{"@type":"ImageObject","inLanguage":"en-GB","@id":"https:\/\/buletin.de\/bucuresti\/prima-editie-gradina-cu-carti-are-lor-in-weekendul-11-13-septembrie-in-piateta-favorit-sunt-pregatite-lansari-de-carte-si-ateliere-pentru-toate-varstele\/#primaryimage","url":"https:\/\/buletin.de\/bucuresti\/wp-content\/uploads\/2026\/09\/Gradina-cu-Carti-Piateta-Favorit.jpg","contentUrl":"https:\/\/buletin.de\/bucuresti\/wp-content\/uploads\/2026\/09\/Gradina-cu-Carti-Piateta-Favorit.jpg","width":1600,"height":943,"caption":"Surs\u0103 foto: Magnific.com"},{"@type":"BreadcrumbList","@id":"https:\/\/buletin.de\/bucuresti\/prima-editie-gradina-cu-carti-are-lor-in-weekendul-11-13-septembrie-in-piateta-favorit-sunt-pregatite-lansari-de-carte-si-ateliere-pentru-toate-varstele\/#breadcrumb","itemListElement":[{"@type":"ListItem","position":1,"name":"Acas\u0103","item":"https:\/\/buletin.de\/bucuresti\/"},{"@type":"ListItem","position":2,"name":"Prima edi\u021bie \u201eGr\u0103dina cu C\u0103r\u021bi\u201d are loc \u00een weekendul 11-13 septembrie, \u00een Pia\u021beta Favorit. Sunt preg\u0103tite lans\u0103ri de carte \u0219i ateliere pentru toate v\u00e2rstele"}]},{"@type":"WebSite","@id":"https:\/\/buletin.de\/bucuresti\/#website","url":"https:\/\/buletin.de\/bucuresti\/","name":"Buletin de Bucure\u0219ti","description":"\u0218tiri \u0219i investiga\u021bii esen\u021biale din capital\u0103","publisher":{"@id":"https:\/\/buletin.de\/bucuresti\/#organization"},"potentialAction":[{"@type":"SearchAction","target":{"@type":"EntryPoint","urlTemplate":"https:\/\/buletin.de\/bucuresti\/?s={search_term_string}"},"query-input":{"@type":"PropertyValueSpecification","valueRequired":true,"valueName":"search_term_string"}}],"inLanguage":"en-GB"},{"@type":"Organization","@id":"https:\/\/buletin.de\/bucuresti\/#organization","name":"Buletin de Bucure\u0219ti","url":"https:\/\/buletin.de\/bucuresti\/","logo":{"@type":"ImageObject","inLanguage":"en-GB","@id":"https:\/\/buletin.de\/bucuresti\/#\/schema\/logo\/image\/","url":"https:\/\/buletin.de\/bucuresti\/wp-content\/uploads\/logo-bdb-full-wide-vernil-transparent.png","contentUrl":"https:\/\/buletin.de\/bucuresti\/wp-content\/uploads\/logo-bdb-full-wide-vernil-transparent.png","width":1782,"height":626,"caption":"Buletin de Bucure\u0219ti"},"image":{"@id":"https:\/\/buletin.de\/bucuresti\/#\/schema\/logo\/image\/"},"sameAs":["https:\/\/www.facebook.com\/buletin.de.buc","https:\/\/www.instagram.com\/buletinde.bucuresti\/"]},{"@type":"Person","@id":"https:\/\/buletin.de\/bucuresti\/#\/schema\/person\/8badd0805392c02e16b744e0d5cd3625","name":"Deniz Garguli","image":{"@type":"ImageObject","inLanguage":"en-GB","@id":"https:\/\/buletin.de\/bucuresti\/wp-content\/uploads\/2026\/06\/BDB_Deniz-1-96x96.jpgba95f600d547b787bc58e580a19f8dac","url":"https:\/\/buletin.de\/bucuresti\/wp-content\/uploads\/2026\/06\/BDB_Deniz-1-96x96.jpg","contentUrl":"https:\/\/buletin.de\/bucuresti\/wp-content\/uploads\/2026\/06\/BDB_Deniz-1-96x96.jpg","caption":"Deniz Garguli"},"description":"N\u0103scut\u0103 \u0219i crescut\u0103 \u00een Capital\u0103, dorin\u021ba de a fi la curent cu tot ce se \u00eent\u00e2mpl\u0103 \u00een Bucure\u0219ti a \u00eempins-o c\u0103tre pres\u0103, mai cu seam\u0103 c\u0103tre cea local\u0103. A lucrat vreme de patru ani la B365, unde s-a ocupat de \u0219tiri despre ora\u0219 \u0219i oamenii care locuiesc \u00een el. Din 2026 s-a al\u0103turat echipei Buletin de Bucure\u0219ti.","url":"https:\/\/buletin.de\/bucuresti\/author\/deniz-garguli\/"}]}},"authors":[{"term_id":26103,"user_id":66,"is_guest":0,"slug":"deniz-garguli","display_name":"Deniz Garguli","avatar_url":"https:\/\/buletin.de\/bucuresti\/wp-content\/uploads\/2026\/06\/BDB_Deniz-1-96x96.jpg","author_category":"","first_name":"Deniz","last_name":"Garguli","user_url":"","job_title":"","description":"N\u0103scut\u0103 \u0219i crescut\u0103 \u00een Capital\u0103, dorin\u021ba de a fi la curent cu tot ce se \u00eent\u00e2mpl\u0103 \u00een Bucure\u0219ti a \u00eempins-o c\u0103tre pres\u0103, mai cu seam\u0103 c\u0103tre cea local\u0103. A lucrat vreme de patru ani la B365, unde s-a ocupat de \u0219tiri despre ora\u0219 \u0219i oamenii care locuiesc \u00een el. Din 2026 s-a al\u0103turat echipei Buletin de Bucure\u0219ti."}],"_links":{"self":[{"href":"https:\/\/buletin.de\/bucuresti\/wp-json\/wp\/v2\/posts\/216254","targetHints":{"allow":["GET"]}}],"collection":[{"href":"https:\/\/buletin.de\/bucuresti\/wp-json\/wp\/v2\/posts"}],"about":[{"href":"https:\/\/buletin.de\/bucuresti\/wp-json\/wp\/v2\/types\/post"}],"author":[{"embeddable":true,"href":"https:\/\/buletin.de\/bucuresti\/wp-json\/wp\/v2\/users\/66"}],"replies":[{"embeddable":true,"href":"https:\/\/buletin.de\/bucuresti\/wp-json\/wp\/v2\/comments?post=216254"}],"version-history":[{"count":4,"href":"https:\/\/buletin.de\/bucuresti\/wp-json\/wp\/v2\/posts\/216254\/revisions"}],"predecessor-version":[{"id":216274,"href":"https:\/\/buletin.de\/bucuresti\/wp-json\/wp\/v2\/posts\/216254\/revisions\/216274"}],"wp:featuredmedia":[{"embeddable":true,"href":"https:\/\/buletin.de\/bucuresti\/wp-json\/wp\/v2\/media\/216269"}],"wp:attachment":[{"href":"https:\/\/buletin.de\/bucuresti\/wp-json\/wp\/v2\/media?parent=216254"}],"wp:term":[{"taxonomy":"category","embeddable":true,"href":"https:\/\/buletin.de\/bucuresti\/wp-json\/wp\/v2\/categories?post=216254"},{"taxonomy":"post_tag","embeddable":true,"href":"https:\/\/buletin.de\/bucuresti\/wp-json\/wp\/v2\/tags?post=216254"},{"taxonomy":"author","embeddable":true,"href":"https:\/\/buletin.de\/bucuresti\/wp-json\/wp\/v2\/ppma_author?post=216254"}],"curies":[{"name":"wp","href":"https:\/\/api.w.org\/{rel}","templated":true}]}}