{"id":216234,"date":"2026-09-06T13:30:40","date_gmt":"2026-09-06T10:30:40","guid":{"rendered":"https:\/\/buletin.de\/bucuresti\/?p=216234"},"modified":"2026-09-06T14:33:44","modified_gmt":"2026-09-06T11:33:44","slug":"s-au-ridicat-restrictiile-din-piata-unirii-ce-se-intampla-cu-fantanile-si-parcul-din-centrul-bucurestiului-dupa-lucrarile-la-planseu","status":"publish","type":"post","link":"https:\/\/buletin.de\/bucuresti\/s-au-ridicat-restrictiile-din-piata-unirii-ce-se-intampla-cu-fantanile-si-parcul-din-centrul-bucurestiului-dupa-lucrarile-la-planseu\/","title":{"rendered":"S-au ridicat restric\u021biile din Pia\u021ba Unirii. Ce se \u00eent\u00e2mpl\u0103 cu f\u00e2nt\u00e2nile \u0219i parcul din centrul Bucure\u0219tiului dup\u0103 lucr\u0103rile la plan\u0219eu"},"content":{"rendered":"\n<p class=\"wp-block-paragraph\"><strong>\u00cencep\u00e2nd de duminic\u0103, 6 septembrie 2026, restric\u021biile ce au fost instituite \u00een Pia\u021ba Unirii, zona Cantemir &#8211; Horoscop, pentru efectuarea lucr\u0103rilor la plan\u0219eu, au fost ridicate. Acestea au fost introduse la \u00eenceputul verii, iar ridicarea acestora ale loc \u00een prima zi a noului an \u0219colar, astfel \u00eenc\u00e2t traficul din zon\u0103 s\u0103 nu fie afectat, dup\u0103 cum a transmis Daniel B\u0103lu\u021b\u0103 \u00een cadrul unei <a href=\"https:\/\/www.facebook.com\/danielbalutaprimar\/videos\/1702086104423520?locale=ro_RO\" data-type=\"link\" data-id=\"https:\/\/www.facebook.com\/danielbalutaprimar\/videos\/1702086104423520?locale=ro_RO\" target=\"_blank\" rel=\"noreferrer noopener\">conferin\u021be de pres\u0103<\/a>.<\/strong><\/p>\n\n\n\n<p class=\"wp-block-paragraph\">Cu toate c\u0103 restric\u021biile din zona Pia\u021ba Unirii \u2013 Cantemir \u2013 restaurant Horoscop vor fi ridicate, lucr\u0103rile la Plan\u0219eul Unirii vor continua \u00een interiorul \u0219antierului. Conform informa\u021biilor oferite \u00een cadrul conferin\u021bei de pres\u0103 sus\u021binut\u0103 de Daniel B\u0103lu\u021b\u0103 se dore\u0219te ca lucr\u0103rile s\u0103 fie finalizate p\u00e2n\u0103 la finalul acestui an. <\/p>\n\n\n\n<p class=\"wp-block-paragraph\"><strong><em>\u201eDe ast\u0103zi lucr\u0103rile noastre se vor desf\u0103\u0219ura \u00een interiorul \u0219antierului, iar obiectivul nostru este ca, p\u00e2n\u0103 la sf\u00e2r\u0219itul acestui an, s\u0103 termin\u0103m \u00eentreaga plac\u0103 de beton a noului plan\u0219eu\u201d<\/em><\/strong>, a declarat edilul Sectorului 4.<\/p>\n\n\n\n<p class=\"wp-block-paragraph\"><strong>CITE\u0218TE \u0218I <a href=\"https:\/\/buletin.de\/bucuresti\/m6-otopeni-structura-de-rezistenta-pe-sectiunea-sud-este-aproape-gata-sfanta-maria-mai-are-sub-500-de-metri-pana-la-statia-expozitiei\/\" data-type=\"post\" data-id=\"216136\">M6 Otopeni | Structura de rezisten\u021b\u0103 pe sec\u021biunea sud este aproape gata. \u201eSf\u00e2nta Maria\u201d mai are sub 500 de metri p\u00e2n\u0103 la sta\u021bia Expozi\u021biei<\/a><\/strong><\/p>\n\n\n\n<h2 id=\"h-ce-se-intampla-cu-fantanile-\u0219i-cu-parcul-din-pia\u021ba-unirii\" class=\"wp-block-heading\">Ce se \u00eent\u00e2mpl\u0103 cu f\u00e2nt\u00e2nile \u0219i cu parcul din Pia\u021ba Unirii<\/h2>\n\n\n\n<p class=\"wp-block-paragraph\">\u00cen ceea ce prive\u0219te f\u00e2nt\u00e2nile emblematice pentru Capital\u0103, cele din centrul ora\u0219ului, Daniel B\u0103lu\u021b\u0103 a informat c\u0103 dup\u0103 finalizarea lucr\u0103rilor ce sunt \u00een desf\u0103\u0219urare la acest moment, Apa Nova se va ocupa de readucerea f\u00e2nt\u00e2nilor \u00een pozi\u021bia ini\u021bial\u0103. Abia dup\u0103 refacerea lor se va putea relua \u0219i traficul \u00een zona f\u00e2nt\u00e2nilor. <\/p>\n\n\n\n<p class=\"wp-block-paragraph\">Edilul a transmis \u0219i un termen pentru finalizarea acestor lucr\u0103ri, anume prim\u0103vara lui 2027. Astfel \u00eenseamn\u0103 c\u0103, \u00eencep\u00e2nd din vara anului viitor, bucure\u0219tenii s-ar putea bucura din noi de evenimentul urban \u201eSimfonia Apei\u201d. \u00cen prezent, pentru a diminua impactul asupra traficului din zon\u0103, a fost realizat\u0103 o cale de circula\u021bie pentru \u0219oferi. <\/p>\n\n\n\n<p class=\"wp-block-paragraph\"><strong><em> \u201e \u00cempreun\u0103 cu speciali\u0219tii Apa Nova, vom readuce \u0219i f\u00e2nt\u00e2nile \u00een pozi\u021bie ini\u021bial\u0103. Avem o cale alternativ\u0103 de rulaj paralel. Prim\u0103vara este cea care va marca finalizarea lucr\u0103rilor. <\/em><\/strong><\/p>\n\n\n\n<p class=\"wp-block-paragraph\"><em><strong>Plan\u0219eul \u00eel \u00eenchidem anul acesta \u0219i odat\u0103 cu \u00eenchiderea lucr\u0103rilor de la plan\u0219eu cei de la Apa Nova vor \u00eencepe reconstruc\u021bia f\u00e2nt\u00e2nilor. Cel mai probabil \u00een prim\u0103var\u0103 vor finaliza \u0219i ei aceast\u0103 lucrare, astfel \u00eenc\u00e2t la anul, cu certitudine, ne vom putea bucura \u00eempreuna de un eveniment extrem de frumos pentru bucure\u0219teni, anume Simfonia Apei, dar \u00een condi\u021bii de maxim\u0103 siguran\u021b\u0103 de data asta\u201d<\/strong><\/em>, a declarat Daniel B\u0103lu\u021b\u0103.<\/p>\n\n\n\n<p class=\"wp-block-paragraph\">C\u00e2nd vine vorba de parc, primarul din Sectorul 4 a transmis c\u0103 urmeaz\u0103 ca cea mai bun\u0103 solu\u021bie pentru refacerea acestuia s\u0103 fie aleas\u0103, \u00een perioada urm\u0103toare, al\u0103tur de Prim\u0103ria Capitalei. Conform declara\u021biilor, acesta va fi mai verde \u0219i mai practic ca \u00een trecut. <\/p>\n\n\n\n<p class=\"wp-block-paragraph\"><strong>CITE\u0218TE \u0218I <a href=\"https:\/\/buletin.de\/bucuresti\/exclusiv-stb-ofera-17-000-de-abonamente-gratuite-angajatilor-din-administratia-locala-a-capitalei\/\" data-type=\"post\" data-id=\"215519\">EXCLUSIV | Ciucu despre STB: Sunt 17.000 de abonamente gratuite pentru angaja\u021bii din administra\u021bia local\u0103 a Capitalei. \u201eExist\u0103 \u0219i corup\u021bie, furturile de motorin\u0103 sunt g\u0103in\u0103rii\u201d<\/a><\/strong><\/p>\n\n\n\n<h2 id=\"h-lucrarile-la-linia-de-tramvai-\u0219i-la-pasajul-rutier-ar-putea-incepe-in-2028\" class=\"wp-block-heading\">Lucr\u0103rile la linia de tramvai \u0219i la pasajul rutier ar putea \u00eencepe \u00een 2028<\/h2>\n\n\n\n<p class=\"wp-block-paragraph\">\u00centrebat care este stadiul proiectului privind legarea liniei de tramvai de la Pia\u021ba Unirii, cu cea de la Pia\u021ba Sf\u00e2nta Vineri, edilul a transmis c\u0103 acestea sunt \u00een lucru. estimarea oferit\u0103 pentru \u00eenceperea acestor lucr\u0103ri este anul 2028. <\/p>\n\n\n\n<p class=\"wp-block-paragraph\"><strong><em>\u201eSunt \u00een lucru, avem o colaborare forte bun\u0103 cu Prim\u0103ria Municipiului Bucure\u0219ti. Estim\u0103m c\u0103 undeva \u00een cursul anului 2028 vo \u00eencepe, simultan, lucr\u0103rile pentru pasajul rutier \u0219i pentru calea de comunicare de la est la vest pentru tramvai, aproximativ un kilometru, de aici de la Mitropolie, p\u00e2n\u0103 la Sf\u00e2nta Vineri. Orizontul de a\u0219teptare pentru aceste lucr\u0103ri este 2028, chestia asta \u021bine de aspecte birocratice pe care p\u00e2n\u0103 \u00een mom respectiv le vom solu\u021biona.\u201d<\/em><\/strong><\/p>\n\n\n\n<p class=\"wp-block-paragraph\">Un alt proiect ce va fi realizat \u00een zon\u0103 este realizare unei noi c\u0103i de acces c\u0103tre sta\u021biile de metrou Pia\u021ba Unirii, proiect realizat \u00een colaborare cu Prim\u0103ria Capitalei \u0219i Metrorex. <\/p>\n\n\n\n<p class=\"wp-block-paragraph\">\u00cen prezent, sunt parcurse etapele necesare pentru emiterea autoriza\u021biei de construire, dup\u0103 cum a declarat Daniel B\u0103lu\u021b\u0103. Vestea bun\u0103 este c\u0103 aceste lucr\u0103ri nu vor afecta traficul rutier sau circula\u021bia pietonal\u0103 din centrul ora\u0219ului. Pentru demararea acestui \u0219antier nu a fost oferit un termen estimativ. <\/p>\n\n\n\n<iframe src=\"https:\/\/www.facebook.com\/plugins\/video.php?height=314&#038;href=https%3A%2F%2Fwww.facebook.com%2Fdanielbalutaprimar%2Fvideos%2F1702086104423520%2F&#038;show_text=false&#038;width=560&#038;t=0\" width=\"560\" height=\"314\" style=\"border:none;overflow:hidden\" scrolling=\"no\" frameborder=\"0\" allowfullscreen=\"true\" allow=\"autoplay; clipboard-write; encrypted-media; picture-in-picture; web-share\" allowFullScreen=\"true\"><\/iframe>\n\n\n\n<p class=\"wp-block-paragraph\"><strong>CITE\u0218TE \u0218I <a href=\"https:\/\/buletin.de\/bucuresti\/bucurestiul-ramane-spart-cu-santiere-majore-cel-putin-inca-doi-ani-ciucu-nu-ma-injura-lumea-pe-strada-vor-mai-fi-santiere-noi-urmeaza-lucrari-de-pietonizare\/\" data-type=\"post\" data-id=\"215552\">Bucure\u0219tiul r\u0103m\u00e2ne \u201espart\u201d cu \u0219antiere majore \u00eenc\u0103 doi ani. Ciucu: \u201eNu m\u0103 \u00eenjur\u0103 lumea pe strad\u0103. Vor mai fi \u0219antiere noi, urmeaz\u0103 lucr\u0103ri de pietonalizare\u201d<\/a><\/strong><\/p>\n","protected":false},"excerpt":{"rendered":"<p>\u00cencep\u00e2nd de duminic\u0103, 6 septembrie 2026, restric\u021biile ce au fost instituite \u00een Pia\u021ba Unirii, zona Cantemir &#8211; Horoscop, pentru efectuarea lucr\u0103rilor la plan\u0219eu, au fost ridicate. Acestea au fost introduse la \u00eenceputul verii, iar ridicarea acestora ale loc \u00een prima zi a noului an \u0219colar, astfel \u00eenc\u00e2t traficul din zon\u0103 s\u0103 nu fie afectat, dup\u0103 [&hellip;]<\/p>\n","protected":false},"author":66,"featured_media":216264,"comment_status":"closed","ping_status":"open","sticky":false,"template":"","format":"standard","meta":{"_acf_changed":false,"inline_featured_image":false,"ngg_post_thumbnail":0,"footnotes":""},"categories":[6994,5762,24,650],"tags":[2120,1346,4741,15761,21799],"ppma_author":[26103],"class_list":["post-216234","post","type-post","status-publish","format-standard","has-post-thumbnail","hentry","category-stiri-2","category-main","category-primarie","category-transport","tag-daniel-baluta-2","tag-lucrari-2","tag-piata-unirii-2","tag-planseul-unirii-2","tag-restrictii-de-circulatie-2"],"acf":[],"a3_pvc":{"activated":false,"total_views":0,"today_views":0},"yoast_head":"<!-- This site is optimized with the Yoast SEO Premium plugin v28.0 (Yoast SEO v28.4) - https:\/\/yoast.com\/product\/yoast-seo-premium-wordpress\/ -->\n<title>S-au ridicat restric\u021biile din Pia\u021ba Unirii. Ce se \u00eent\u00e2mpl\u0103 cu f\u00e2nt\u00e2nile \u0219i parcul din centrul Bucure\u0219tiului dup\u0103 lucr\u0103rile la plan\u0219eu - Buletin de Bucure\u0219ti<\/title>\n<meta name=\"description\" content=\"\u00cencep\u00e2nd de luni, 7 septembrie 2026, restric\u021biile din \u00een Pia\u021ba Unirii, zona Cantemir - Horoscop, urmeaz\u0103 s\u0103 fie ridicate.\" \/>\n<meta name=\"robots\" content=\"index, follow, max-snippet:-1, max-image-preview:large, max-video-preview:-1\" \/>\n<link rel=\"canonical\" href=\"https:\/\/buletin.de\/bucuresti\/s-au-ridicat-restrictiile-din-piata-unirii-ce-se-intampla-cu-fantanile-si-parcul-din-centrul-bucurestiului-dupa-lucrarile-la-planseu\/\" \/>\n<meta property=\"og:locale\" content=\"en_GB\" \/>\n<meta property=\"og:type\" content=\"article\" \/>\n<meta property=\"og:title\" content=\"S-au ridicat restric\u021biile din Pia\u021ba Unirii. Ce se \u00eent\u00e2mpl\u0103 cu f\u00e2nt\u00e2nile \u0219i parcul din centrul Bucure\u0219tiului dup\u0103 lucr\u0103rile la plan\u0219eu\" \/>\n<meta property=\"og:description\" content=\"\u00cencep\u00e2nd de luni, 7 septembrie 2026, restric\u021biile din \u00een Pia\u021ba Unirii, zona Cantemir - Horoscop, urmeaz\u0103 s\u0103 fie ridicate.\" \/>\n<meta property=\"og:url\" content=\"https:\/\/buletin.de\/bucuresti\/s-au-ridicat-restrictiile-din-piata-unirii-ce-se-intampla-cu-fantanile-si-parcul-din-centrul-bucurestiului-dupa-lucrarile-la-planseu\/\" \/>\n<meta property=\"og:site_name\" content=\"Buletin de Bucure\u0219ti\" \/>\n<meta property=\"article:publisher\" content=\"https:\/\/www.facebook.com\/buletin.de.buc\" \/>\n<meta property=\"article:published_time\" content=\"2026-09-06T10:30:40+00:00\" \/>\n<meta property=\"article:modified_time\" content=\"2026-09-06T11:33:44+00:00\" \/>\n<meta property=\"og:image\" content=\"https:\/\/buletin.de\/bucuresti\/wp-content\/uploads\/2026\/09\/Se-ridica-restrictiile-din-Piata-Unirii.jpeg\" \/>\n\t<meta property=\"og:image:width\" content=\"1600\" \/>\n\t<meta property=\"og:image:height\" content=\"900\" \/>\n\t<meta property=\"og:image:type\" content=\"image\/jpeg\" \/>\n<meta name=\"author\" content=\"Deniz Garguli\" \/>\n<meta name=\"twitter:card\" content=\"summary_large_image\" \/>\n<meta name=\"twitter:label1\" content=\"Written by\" \/>\n\t<meta name=\"twitter:data1\" content=\"Deniz Garguli\" \/>\n\t<meta name=\"twitter:label2\" content=\"Estimated reading time\" \/>\n\t<meta name=\"twitter:data2\" content=\"4 minutes\" \/>\n<script type=\"application\/ld+json\" class=\"yoast-schema-graph\">{\"@context\":\"https:\\\/\\\/schema.org\",\"@graph\":[{\"@type\":\"Article\",\"@id\":\"https:\\\/\\\/buletin.de\\\/bucuresti\\\/s-au-ridicat-restrictiile-din-piata-unirii-ce-se-intampla-cu-fantanile-si-parcul-din-centrul-bucurestiului-dupa-lucrarile-la-planseu\\\/#article\",\"isPartOf\":{\"@id\":\"https:\\\/\\\/buletin.de\\\/bucuresti\\\/s-au-ridicat-restrictiile-din-piata-unirii-ce-se-intampla-cu-fantanile-si-parcul-din-centrul-bucurestiului-dupa-lucrarile-la-planseu\\\/\"},\"author\":{\"name\":\"Deniz Garguli\",\"@id\":\"https:\\\/\\\/buletin.de\\\/bucuresti\\\/#\\\/schema\\\/person\\\/8badd0805392c02e16b744e0d5cd3625\"},\"headline\":\"S-au ridicat restric\u021biile din Pia\u021ba Unirii. Ce se \u00eent\u00e2mpl\u0103 cu f\u00e2nt\u00e2nile \u0219i parcul din centrul Bucure\u0219tiului dup\u0103 lucr\u0103rile la plan\u0219eu\",\"datePublished\":\"2026-09-06T10:30:40+00:00\",\"dateModified\":\"2026-09-06T11:33:44+00:00\",\"mainEntityOfPage\":{\"@id\":\"https:\\\/\\\/buletin.de\\\/bucuresti\\\/s-au-ridicat-restrictiile-din-piata-unirii-ce-se-intampla-cu-fantanile-si-parcul-din-centrul-bucurestiului-dupa-lucrarile-la-planseu\\\/\"},\"wordCount\":811,\"publisher\":{\"@id\":\"https:\\\/\\\/buletin.de\\\/bucuresti\\\/#organization\"},\"image\":{\"@id\":\"https:\\\/\\\/buletin.de\\\/bucuresti\\\/s-au-ridicat-restrictiile-din-piata-unirii-ce-se-intampla-cu-fantanile-si-parcul-din-centrul-bucurestiului-dupa-lucrarile-la-planseu\\\/#primaryimage\"},\"thumbnailUrl\":\"https:\\\/\\\/buletin.de\\\/bucuresti\\\/wp-content\\\/uploads\\\/2026\\\/09\\\/Se-ridica-restrictiile-din-Piata-Unirii.jpeg\",\"keywords\":[\"Daniel B\u0103lu\u021b\u0103\",\"lucr\u0103ri\",\"Pia\u021ba Unirii\",\"plan\u0219eul unirii\",\"restric\u021bii de circula\u021bie\"],\"articleSection\":[\"Articole\",\"Main\",\"Prim\u0103rie\",\"Transport\"],\"inLanguage\":\"en-GB\",\"copyrightYear\":\"2026\",\"copyrightHolder\":{\"@id\":\"https:\\\/\\\/buletin.de\\\/bucuresti\\\/#organization\"}},{\"@type\":\"WebPage\",\"@id\":\"https:\\\/\\\/buletin.de\\\/bucuresti\\\/s-au-ridicat-restrictiile-din-piata-unirii-ce-se-intampla-cu-fantanile-si-parcul-din-centrul-bucurestiului-dupa-lucrarile-la-planseu\\\/\",\"url\":\"https:\\\/\\\/buletin.de\\\/bucuresti\\\/s-au-ridicat-restrictiile-din-piata-unirii-ce-se-intampla-cu-fantanile-si-parcul-din-centrul-bucurestiului-dupa-lucrarile-la-planseu\\\/\",\"name\":\"S-au ridicat restric\u021biile din Pia\u021ba Unirii. Ce se \u00eent\u00e2mpl\u0103 cu f\u00e2nt\u00e2nile \u0219i parcul din centrul Bucure\u0219tiului dup\u0103 lucr\u0103rile la plan\u0219eu - Buletin de Bucure\u0219ti\",\"isPartOf\":{\"@id\":\"https:\\\/\\\/buletin.de\\\/bucuresti\\\/#website\"},\"primaryImageOfPage\":{\"@id\":\"https:\\\/\\\/buletin.de\\\/bucuresti\\\/s-au-ridicat-restrictiile-din-piata-unirii-ce-se-intampla-cu-fantanile-si-parcul-din-centrul-bucurestiului-dupa-lucrarile-la-planseu\\\/#primaryimage\"},\"image\":{\"@id\":\"https:\\\/\\\/buletin.de\\\/bucuresti\\\/s-au-ridicat-restrictiile-din-piata-unirii-ce-se-intampla-cu-fantanile-si-parcul-din-centrul-bucurestiului-dupa-lucrarile-la-planseu\\\/#primaryimage\"},\"thumbnailUrl\":\"https:\\\/\\\/buletin.de\\\/bucuresti\\\/wp-content\\\/uploads\\\/2026\\\/09\\\/Se-ridica-restrictiile-din-Piata-Unirii.jpeg\",\"datePublished\":\"2026-09-06T10:30:40+00:00\",\"dateModified\":\"2026-09-06T11:33:44+00:00\",\"description\":\"\u00cencep\u00e2nd de luni, 7 septembrie 2026, restric\u021biile din \u00een Pia\u021ba Unirii, zona Cantemir - Horoscop, urmeaz\u0103 s\u0103 fie ridicate.\",\"breadcrumb\":{\"@id\":\"https:\\\/\\\/buletin.de\\\/bucuresti\\\/s-au-ridicat-restrictiile-din-piata-unirii-ce-se-intampla-cu-fantanile-si-parcul-din-centrul-bucurestiului-dupa-lucrarile-la-planseu\\\/#breadcrumb\"},\"inLanguage\":\"en-GB\",\"potentialAction\":[{\"@type\":\"ReadAction\",\"target\":[\"https:\\\/\\\/buletin.de\\\/bucuresti\\\/s-au-ridicat-restrictiile-din-piata-unirii-ce-se-intampla-cu-fantanile-si-parcul-din-centrul-bucurestiului-dupa-lucrarile-la-planseu\\\/\"]}]},{\"@type\":\"ImageObject\",\"inLanguage\":\"en-GB\",\"@id\":\"https:\\\/\\\/buletin.de\\\/bucuresti\\\/s-au-ridicat-restrictiile-din-piata-unirii-ce-se-intampla-cu-fantanile-si-parcul-din-centrul-bucurestiului-dupa-lucrarile-la-planseu\\\/#primaryimage\",\"url\":\"https:\\\/\\\/buletin.de\\\/bucuresti\\\/wp-content\\\/uploads\\\/2026\\\/09\\\/Se-ridica-restrictiile-din-Piata-Unirii.jpeg\",\"contentUrl\":\"https:\\\/\\\/buletin.de\\\/bucuresti\\\/wp-content\\\/uploads\\\/2026\\\/09\\\/Se-ridica-restrictiile-din-Piata-Unirii.jpeg\",\"width\":1600,\"height\":900,\"caption\":\"Sur\u0103 foto: Prim\u0103ria Sectorului 4\"},{\"@type\":\"BreadcrumbList\",\"@id\":\"https:\\\/\\\/buletin.de\\\/bucuresti\\\/s-au-ridicat-restrictiile-din-piata-unirii-ce-se-intampla-cu-fantanile-si-parcul-din-centrul-bucurestiului-dupa-lucrarile-la-planseu\\\/#breadcrumb\",\"itemListElement\":[{\"@type\":\"ListItem\",\"position\":1,\"name\":\"Acas\u0103\",\"item\":\"https:\\\/\\\/buletin.de\\\/bucuresti\\\/\"},{\"@type\":\"ListItem\",\"position\":2,\"name\":\"S-au ridicat restric\u021biile din Pia\u021ba Unirii. Ce se \u00eent\u00e2mpl\u0103 cu f\u00e2nt\u00e2nile \u0219i parcul din centrul Bucure\u0219tiului dup\u0103 lucr\u0103rile la plan\u0219eu\"}]},{\"@type\":\"WebSite\",\"@id\":\"https:\\\/\\\/buletin.de\\\/bucuresti\\\/#website\",\"url\":\"https:\\\/\\\/buletin.de\\\/bucuresti\\\/\",\"name\":\"Buletin de Bucure\u0219ti\",\"description\":\"\u0218tiri \u0219i investiga\u021bii esen\u021biale din capital\u0103\",\"publisher\":{\"@id\":\"https:\\\/\\\/buletin.de\\\/bucuresti\\\/#organization\"},\"potentialAction\":[{\"@type\":\"SearchAction\",\"target\":{\"@type\":\"EntryPoint\",\"urlTemplate\":\"https:\\\/\\\/buletin.de\\\/bucuresti\\\/?s={search_term_string}\"},\"query-input\":{\"@type\":\"PropertyValueSpecification\",\"valueRequired\":true,\"valueName\":\"search_term_string\"}}],\"inLanguage\":\"en-GB\"},{\"@type\":\"Organization\",\"@id\":\"https:\\\/\\\/buletin.de\\\/bucuresti\\\/#organization\",\"name\":\"Buletin de Bucure\u0219ti\",\"url\":\"https:\\\/\\\/buletin.de\\\/bucuresti\\\/\",\"logo\":{\"@type\":\"ImageObject\",\"inLanguage\":\"en-GB\",\"@id\":\"https:\\\/\\\/buletin.de\\\/bucuresti\\\/#\\\/schema\\\/logo\\\/image\\\/\",\"url\":\"https:\\\/\\\/buletin.de\\\/bucuresti\\\/wp-content\\\/uploads\\\/logo-bdb-full-wide-vernil-transparent.png\",\"contentUrl\":\"https:\\\/\\\/buletin.de\\\/bucuresti\\\/wp-content\\\/uploads\\\/logo-bdb-full-wide-vernil-transparent.png\",\"width\":1782,\"height\":626,\"caption\":\"Buletin de Bucure\u0219ti\"},\"image\":{\"@id\":\"https:\\\/\\\/buletin.de\\\/bucuresti\\\/#\\\/schema\\\/logo\\\/image\\\/\"},\"sameAs\":[\"https:\\\/\\\/www.facebook.com\\\/buletin.de.buc\",\"https:\\\/\\\/www.instagram.com\\\/buletinde.bucuresti\\\/\"]},{\"@type\":\"Person\",\"@id\":\"https:\\\/\\\/buletin.de\\\/bucuresti\\\/#\\\/schema\\\/person\\\/8badd0805392c02e16b744e0d5cd3625\",\"name\":\"Deniz Garguli\",\"image\":{\"@type\":\"ImageObject\",\"inLanguage\":\"en-GB\",\"@id\":\"https:\\\/\\\/buletin.de\\\/bucuresti\\\/wp-content\\\/uploads\\\/2026\\\/06\\\/BDB_Deniz-1-96x96.jpgba95f600d547b787bc58e580a19f8dac\",\"url\":\"https:\\\/\\\/buletin.de\\\/bucuresti\\\/wp-content\\\/uploads\\\/2026\\\/06\\\/BDB_Deniz-1-96x96.jpg\",\"contentUrl\":\"https:\\\/\\\/buletin.de\\\/bucuresti\\\/wp-content\\\/uploads\\\/2026\\\/06\\\/BDB_Deniz-1-96x96.jpg\",\"caption\":\"Deniz Garguli\"},\"description\":\"N\u0103scut\u0103 \u0219i crescut\u0103 \u00een Capital\u0103, dorin\u021ba de a fi la curent cu tot ce se \u00eent\u00e2mpl\u0103 \u00een Bucure\u0219ti a \u00eempins-o c\u0103tre pres\u0103, mai cu seam\u0103 c\u0103tre cea local\u0103. A lucrat vreme de patru ani la B365, unde s-a ocupat de \u0219tiri despre ora\u0219 \u0219i oamenii care locuiesc \u00een el. Din 2026 s-a al\u0103turat echipei Buletin de Bucure\u0219ti.\",\"url\":\"https:\\\/\\\/buletin.de\\\/bucuresti\\\/author\\\/deniz-garguli\\\/\"}]}<\/script>\n<!-- \/ Yoast SEO Premium plugin. -->","yoast_head_json":{"title":"S-au ridicat restric\u021biile din Pia\u021ba Unirii. Ce se \u00eent\u00e2mpl\u0103 cu f\u00e2nt\u00e2nile \u0219i parcul din centrul Bucure\u0219tiului dup\u0103 lucr\u0103rile la plan\u0219eu - Buletin de Bucure\u0219ti","description":"\u00cencep\u00e2nd de luni, 7 septembrie 2026, restric\u021biile din \u00een Pia\u021ba Unirii, zona Cantemir - Horoscop, urmeaz\u0103 s\u0103 fie ridicate.","robots":{"index":"index","follow":"follow","max-snippet":"max-snippet:-1","max-image-preview":"max-image-preview:large","max-video-preview":"max-video-preview:-1"},"canonical":"https:\/\/buletin.de\/bucuresti\/s-au-ridicat-restrictiile-din-piata-unirii-ce-se-intampla-cu-fantanile-si-parcul-din-centrul-bucurestiului-dupa-lucrarile-la-planseu\/","og_locale":"en_GB","og_type":"article","og_title":"S-au ridicat restric\u021biile din Pia\u021ba Unirii. Ce se \u00eent\u00e2mpl\u0103 cu f\u00e2nt\u00e2nile \u0219i parcul din centrul Bucure\u0219tiului dup\u0103 lucr\u0103rile la plan\u0219eu","og_description":"\u00cencep\u00e2nd de luni, 7 septembrie 2026, restric\u021biile din \u00een Pia\u021ba Unirii, zona Cantemir - Horoscop, urmeaz\u0103 s\u0103 fie ridicate.","og_url":"https:\/\/buletin.de\/bucuresti\/s-au-ridicat-restrictiile-din-piata-unirii-ce-se-intampla-cu-fantanile-si-parcul-din-centrul-bucurestiului-dupa-lucrarile-la-planseu\/","og_site_name":"Buletin de Bucure\u0219ti","article_publisher":"https:\/\/www.facebook.com\/buletin.de.buc","article_published_time":"2026-09-06T10:30:40+00:00","article_modified_time":"2026-09-06T11:33:44+00:00","og_image":[{"width":1600,"height":900,"url":"https:\/\/buletin.de\/bucuresti\/wp-content\/uploads\/2026\/09\/Se-ridica-restrictiile-din-Piata-Unirii.jpeg","type":"image\/jpeg"}],"author":"Deniz Garguli","twitter_card":"summary_large_image","twitter_misc":{"Written by":"Deniz Garguli","Estimated reading time":"4 minutes"},"schema":{"@context":"https:\/\/schema.org","@graph":[{"@type":"Article","@id":"https:\/\/buletin.de\/bucuresti\/s-au-ridicat-restrictiile-din-piata-unirii-ce-se-intampla-cu-fantanile-si-parcul-din-centrul-bucurestiului-dupa-lucrarile-la-planseu\/#article","isPartOf":{"@id":"https:\/\/buletin.de\/bucuresti\/s-au-ridicat-restrictiile-din-piata-unirii-ce-se-intampla-cu-fantanile-si-parcul-din-centrul-bucurestiului-dupa-lucrarile-la-planseu\/"},"author":{"name":"Deniz Garguli","@id":"https:\/\/buletin.de\/bucuresti\/#\/schema\/person\/8badd0805392c02e16b744e0d5cd3625"},"headline":"S-au ridicat restric\u021biile din Pia\u021ba Unirii. Ce se \u00eent\u00e2mpl\u0103 cu f\u00e2nt\u00e2nile \u0219i parcul din centrul Bucure\u0219tiului dup\u0103 lucr\u0103rile la plan\u0219eu","datePublished":"2026-09-06T10:30:40+00:00","dateModified":"2026-09-06T11:33:44+00:00","mainEntityOfPage":{"@id":"https:\/\/buletin.de\/bucuresti\/s-au-ridicat-restrictiile-din-piata-unirii-ce-se-intampla-cu-fantanile-si-parcul-din-centrul-bucurestiului-dupa-lucrarile-la-planseu\/"},"wordCount":811,"publisher":{"@id":"https:\/\/buletin.de\/bucuresti\/#organization"},"image":{"@id":"https:\/\/buletin.de\/bucuresti\/s-au-ridicat-restrictiile-din-piata-unirii-ce-se-intampla-cu-fantanile-si-parcul-din-centrul-bucurestiului-dupa-lucrarile-la-planseu\/#primaryimage"},"thumbnailUrl":"https:\/\/buletin.de\/bucuresti\/wp-content\/uploads\/2026\/09\/Se-ridica-restrictiile-din-Piata-Unirii.jpeg","keywords":["Daniel B\u0103lu\u021b\u0103","lucr\u0103ri","Pia\u021ba Unirii","plan\u0219eul unirii","restric\u021bii de circula\u021bie"],"articleSection":["Articole","Main","Prim\u0103rie","Transport"],"inLanguage":"en-GB","copyrightYear":"2026","copyrightHolder":{"@id":"https:\/\/buletin.de\/bucuresti\/#organization"}},{"@type":"WebPage","@id":"https:\/\/buletin.de\/bucuresti\/s-au-ridicat-restrictiile-din-piata-unirii-ce-se-intampla-cu-fantanile-si-parcul-din-centrul-bucurestiului-dupa-lucrarile-la-planseu\/","url":"https:\/\/buletin.de\/bucuresti\/s-au-ridicat-restrictiile-din-piata-unirii-ce-se-intampla-cu-fantanile-si-parcul-din-centrul-bucurestiului-dupa-lucrarile-la-planseu\/","name":"S-au ridicat restric\u021biile din Pia\u021ba Unirii. Ce se \u00eent\u00e2mpl\u0103 cu f\u00e2nt\u00e2nile \u0219i parcul din centrul Bucure\u0219tiului dup\u0103 lucr\u0103rile la plan\u0219eu - Buletin de Bucure\u0219ti","isPartOf":{"@id":"https:\/\/buletin.de\/bucuresti\/#website"},"primaryImageOfPage":{"@id":"https:\/\/buletin.de\/bucuresti\/s-au-ridicat-restrictiile-din-piata-unirii-ce-se-intampla-cu-fantanile-si-parcul-din-centrul-bucurestiului-dupa-lucrarile-la-planseu\/#primaryimage"},"image":{"@id":"https:\/\/buletin.de\/bucuresti\/s-au-ridicat-restrictiile-din-piata-unirii-ce-se-intampla-cu-fantanile-si-parcul-din-centrul-bucurestiului-dupa-lucrarile-la-planseu\/#primaryimage"},"thumbnailUrl":"https:\/\/buletin.de\/bucuresti\/wp-content\/uploads\/2026\/09\/Se-ridica-restrictiile-din-Piata-Unirii.jpeg","datePublished":"2026-09-06T10:30:40+00:00","dateModified":"2026-09-06T11:33:44+00:00","description":"\u00cencep\u00e2nd de luni, 7 septembrie 2026, restric\u021biile din \u00een Pia\u021ba Unirii, zona Cantemir - Horoscop, urmeaz\u0103 s\u0103 fie ridicate.","breadcrumb":{"@id":"https:\/\/buletin.de\/bucuresti\/s-au-ridicat-restrictiile-din-piata-unirii-ce-se-intampla-cu-fantanile-si-parcul-din-centrul-bucurestiului-dupa-lucrarile-la-planseu\/#breadcrumb"},"inLanguage":"en-GB","potentialAction":[{"@type":"ReadAction","target":["https:\/\/buletin.de\/bucuresti\/s-au-ridicat-restrictiile-din-piata-unirii-ce-se-intampla-cu-fantanile-si-parcul-din-centrul-bucurestiului-dupa-lucrarile-la-planseu\/"]}]},{"@type":"ImageObject","inLanguage":"en-GB","@id":"https:\/\/buletin.de\/bucuresti\/s-au-ridicat-restrictiile-din-piata-unirii-ce-se-intampla-cu-fantanile-si-parcul-din-centrul-bucurestiului-dupa-lucrarile-la-planseu\/#primaryimage","url":"https:\/\/buletin.de\/bucuresti\/wp-content\/uploads\/2026\/09\/Se-ridica-restrictiile-din-Piata-Unirii.jpeg","contentUrl":"https:\/\/buletin.de\/bucuresti\/wp-content\/uploads\/2026\/09\/Se-ridica-restrictiile-din-Piata-Unirii.jpeg","width":1600,"height":900,"caption":"Sur\u0103 foto: Prim\u0103ria Sectorului 4"},{"@type":"BreadcrumbList","@id":"https:\/\/buletin.de\/bucuresti\/s-au-ridicat-restrictiile-din-piata-unirii-ce-se-intampla-cu-fantanile-si-parcul-din-centrul-bucurestiului-dupa-lucrarile-la-planseu\/#breadcrumb","itemListElement":[{"@type":"ListItem","position":1,"name":"Acas\u0103","item":"https:\/\/buletin.de\/bucuresti\/"},{"@type":"ListItem","position":2,"name":"S-au ridicat restric\u021biile din Pia\u021ba Unirii. Ce se \u00eent\u00e2mpl\u0103 cu f\u00e2nt\u00e2nile \u0219i parcul din centrul Bucure\u0219tiului dup\u0103 lucr\u0103rile la plan\u0219eu"}]},{"@type":"WebSite","@id":"https:\/\/buletin.de\/bucuresti\/#website","url":"https:\/\/buletin.de\/bucuresti\/","name":"Buletin de Bucure\u0219ti","description":"\u0218tiri \u0219i investiga\u021bii esen\u021biale din capital\u0103","publisher":{"@id":"https:\/\/buletin.de\/bucuresti\/#organization"},"potentialAction":[{"@type":"SearchAction","target":{"@type":"EntryPoint","urlTemplate":"https:\/\/buletin.de\/bucuresti\/?s={search_term_string}"},"query-input":{"@type":"PropertyValueSpecification","valueRequired":true,"valueName":"search_term_string"}}],"inLanguage":"en-GB"},{"@type":"Organization","@id":"https:\/\/buletin.de\/bucuresti\/#organization","name":"Buletin de Bucure\u0219ti","url":"https:\/\/buletin.de\/bucuresti\/","logo":{"@type":"ImageObject","inLanguage":"en-GB","@id":"https:\/\/buletin.de\/bucuresti\/#\/schema\/logo\/image\/","url":"https:\/\/buletin.de\/bucuresti\/wp-content\/uploads\/logo-bdb-full-wide-vernil-transparent.png","contentUrl":"https:\/\/buletin.de\/bucuresti\/wp-content\/uploads\/logo-bdb-full-wide-vernil-transparent.png","width":1782,"height":626,"caption":"Buletin de Bucure\u0219ti"},"image":{"@id":"https:\/\/buletin.de\/bucuresti\/#\/schema\/logo\/image\/"},"sameAs":["https:\/\/www.facebook.com\/buletin.de.buc","https:\/\/www.instagram.com\/buletinde.bucuresti\/"]},{"@type":"Person","@id":"https:\/\/buletin.de\/bucuresti\/#\/schema\/person\/8badd0805392c02e16b744e0d5cd3625","name":"Deniz Garguli","image":{"@type":"ImageObject","inLanguage":"en-GB","@id":"https:\/\/buletin.de\/bucuresti\/wp-content\/uploads\/2026\/06\/BDB_Deniz-1-96x96.jpgba95f600d547b787bc58e580a19f8dac","url":"https:\/\/buletin.de\/bucuresti\/wp-content\/uploads\/2026\/06\/BDB_Deniz-1-96x96.jpg","contentUrl":"https:\/\/buletin.de\/bucuresti\/wp-content\/uploads\/2026\/06\/BDB_Deniz-1-96x96.jpg","caption":"Deniz Garguli"},"description":"N\u0103scut\u0103 \u0219i crescut\u0103 \u00een Capital\u0103, dorin\u021ba de a fi la curent cu tot ce se \u00eent\u00e2mpl\u0103 \u00een Bucure\u0219ti a \u00eempins-o c\u0103tre pres\u0103, mai cu seam\u0103 c\u0103tre cea local\u0103. A lucrat vreme de patru ani la B365, unde s-a ocupat de \u0219tiri despre ora\u0219 \u0219i oamenii care locuiesc \u00een el. Din 2026 s-a al\u0103turat echipei Buletin de Bucure\u0219ti.","url":"https:\/\/buletin.de\/bucuresti\/author\/deniz-garguli\/"}]}},"authors":[{"term_id":26103,"user_id":66,"is_guest":0,"slug":"deniz-garguli","display_name":"Deniz Garguli","avatar_url":"https:\/\/buletin.de\/bucuresti\/wp-content\/uploads\/2026\/06\/BDB_Deniz-1-96x96.jpg","author_category":"","first_name":"Deniz","last_name":"Garguli","user_url":"","job_title":"","description":"N\u0103scut\u0103 \u0219i crescut\u0103 \u00een Capital\u0103, dorin\u021ba de a fi la curent cu tot ce se \u00eent\u00e2mpl\u0103 \u00een Bucure\u0219ti a \u00eempins-o c\u0103tre pres\u0103, mai cu seam\u0103 c\u0103tre cea local\u0103. A lucrat vreme de patru ani la B365, unde s-a ocupat de \u0219tiri despre ora\u0219 \u0219i oamenii care locuiesc \u00een el. Din 2026 s-a al\u0103turat echipei Buletin de Bucure\u0219ti."}],"_links":{"self":[{"href":"https:\/\/buletin.de\/bucuresti\/wp-json\/wp\/v2\/posts\/216234","targetHints":{"allow":["GET"]}}],"collection":[{"href":"https:\/\/buletin.de\/bucuresti\/wp-json\/wp\/v2\/posts"}],"about":[{"href":"https:\/\/buletin.de\/bucuresti\/wp-json\/wp\/v2\/types\/post"}],"author":[{"embeddable":true,"href":"https:\/\/buletin.de\/bucuresti\/wp-json\/wp\/v2\/users\/66"}],"replies":[{"embeddable":true,"href":"https:\/\/buletin.de\/bucuresti\/wp-json\/wp\/v2\/comments?post=216234"}],"version-history":[{"count":4,"href":"https:\/\/buletin.de\/bucuresti\/wp-json\/wp\/v2\/posts\/216234\/revisions"}],"predecessor-version":[{"id":216266,"href":"https:\/\/buletin.de\/bucuresti\/wp-json\/wp\/v2\/posts\/216234\/revisions\/216266"}],"wp:featuredmedia":[{"embeddable":true,"href":"https:\/\/buletin.de\/bucuresti\/wp-json\/wp\/v2\/media\/216264"}],"wp:attachment":[{"href":"https:\/\/buletin.de\/bucuresti\/wp-json\/wp\/v2\/media?parent=216234"}],"wp:term":[{"taxonomy":"category","embeddable":true,"href":"https:\/\/buletin.de\/bucuresti\/wp-json\/wp\/v2\/categories?post=216234"},{"taxonomy":"post_tag","embeddable":true,"href":"https:\/\/buletin.de\/bucuresti\/wp-json\/wp\/v2\/tags?post=216234"},{"taxonomy":"author","embeddable":true,"href":"https:\/\/buletin.de\/bucuresti\/wp-json\/wp\/v2\/ppma_author?post=216234"}],"curies":[{"name":"wp","href":"https:\/\/api.w.org\/{rel}","templated":true}]}}