{"id":216227,"date":"2026-09-06T14:05:19","date_gmt":"2026-09-06T11:05:19","guid":{"rendered":"https:\/\/buletin.de\/bucuresti\/?p=216227"},"modified":"2026-09-06T14:05:19","modified_gmt":"2026-09-06T11:05:19","slug":"elevii-se-intorc-maine-la-scoala-dupa-trei-luni-de-pauza-cand-sunt-programate-principalele-vacante-si-examene-in-bucuresti-si-ilfov","status":"publish","type":"post","link":"https:\/\/buletin.de\/bucuresti\/elevii-se-intorc-maine-la-scoala-dupa-trei-luni-de-pauza-cand-sunt-programate-principalele-vacante-si-examene-in-bucuresti-si-ilfov\/","title":{"rendered":"Elevii se \u00eentorc m\u00e2ine la \u0219coal\u0103, dup\u0103 trei luni de pauz\u0103. C\u00e2nd sunt programate principalele vacan\u021be \u0219i examene \u00een Bucure\u0219ti \u0219i Ilfov"},"content":{"rendered":"\n<p class=\"wp-block-paragraph\"><strong>Elevii se \u00eentorc m\u00e2ine la \u0219coal\u0103, dup\u0103 trei luni de pauz\u0103, potrivit calendarului stabilit de <a href=\"https:\/\/www.edu.ro\/\">Ministerul Educa\u021biei<\/a>. Anul \u0219colar 2026-2027 \u00eencepe luni, 7 septembrie \u0219i este structurat \u00een cinci module.<\/strong><\/p>\n\n\n\n<p class=\"wp-block-paragraph\">Calendarul prevede c\u00e2te o vacan\u021b\u0103 \u00eentre fiecare dintre cele cinci module, care sunt structurate dup\u0103 cum urmeaz\u0103:<\/p>\n\n\n\n<ul class=\"wp-block-list\">\n<li>Modulul 1 &#8211; luni, 7 septembrie 2026, p\u00e2n\u0103 vineri, 23 octombrie 2026; <\/li>\n\n\n\n<li>Modulul 2 &#8211; luni, 2 noiembrie 2026, p\u00e2n\u0103 mar\u021bi, 22 decembrie 2026; <\/li>\n\n\n\n<li>Modulul 3 &#8211; luni, 11 ianuarie 2027, p\u00e2n\u0103 la vacan\u021ba mobil\u0103<\/li>\n\n\n\n<li>Modulul 4 &#8211; \u00eencepe \u00een func\u021bie de vacan\u021ba mobil\u0103, \u0219i se \u00eencheie vineri, 23 aprilie 2027; <\/li>\n\n\n\n<li>Modulul 5 &#8211; miercuri, 5 mai 2027, p\u00e2n\u0103 vineri, 18 iunie 2027<\/li>\n<\/ul>\n\n\n\n<p class=\"wp-block-paragraph\">\u00cen Capital\u0103, vacan\u021ba mobil\u0103, de schi, este programat\u0103 s\u0103 se desf\u0103\u0219oare \u00een perioada 22-28 februarie 2027. Elevii din jude\u021bul Ilfov vor fi \u0219i ei liberi \u00een aceea\u0219i perioad\u0103, la finalul lunii februarie.<\/p>\n\n\n\n<p class=\"wp-block-paragraph\">Printre zilele libere legale de care profesorii \u0219i elevii beneficiaz\u0103 se num\u0103r\u0103 \u0219i ziua de 5 octombrie, zi \u00een care se marcheaz\u0103 Ziua Interna\u021bional\u0103 a Educa\u021biei. Nici \u00een celelalte libere legale care pic\u0103 \u00een timpul s\u0103pt\u0103m\u00e2nii nu se organizeaz\u0103 activit\u0103\u021bi didactice.<\/p>\n\n\n\n<p class=\"wp-block-paragraph\">Programele \u201eS\u0103pt\u0103m\u00e2na Verde\u201d \u0219i \u201eS\u0103pt\u0103m\u00e2na Altfel\u201d continu\u0103 \u0219i ele anul acesta, \u00een perioada 7 septembrie &#8211; 23 aprilie. \u00cen aceste dou\u0103 s\u0103pt\u0103m\u00e2ni tematice unit\u0103\u021bile de \u00eenv\u0103\u021b\u0103m\u00e2nt sunt obligate s\u0103 desf\u0103\u0219oare activit\u0103\u021bi de preg\u0103tire sau de \u00eenv\u0103\u021bare adaptate intereselor elevilor. Perioada de desf\u0103\u0219urare pentru fiecare se stabile\u0219te la nivel de \u0219coal\u0103.<\/p>\n\n\n\n<p class=\"wp-block-paragraph\"><strong>CITE\u0218TE \u0218I: <a href=\"https:\/\/buletin.de\/bucuresti\/video-un-copil-de-cativa-ani-salvat-dintre-masini-de-pe-prima-banda-a-soselei-mihai-bravu-de-un-motociclist-protectia-copilului-face-verificari-in-cauza\/\">VIDEO | Un copil de c\u00e2\u021biva ani, salvat dintre ma\u0219ini, de pe prima band\u0103 a \u0218oselei Mihai Bravu, de un motociclist. Protec\u021bia Copilului face verific\u0103ri \u00een cauz\u0103<\/a><\/strong><\/p>\n\n\n\n<h2 id=\"h-cand-au-loc-evaluarea-na\u021bionala-\u0219i-bacalaureatul\" class=\"wp-block-heading\">C\u00e2nd au loc Evaluarea Na\u021bional\u0103 \u0219i Bacalaureatul<\/h2>\n\n\n\n<p class=\"wp-block-paragraph\"><strong>Ministerul Educa\u021biei a publicat s\u0103pt\u0103m\u00e2na aceasta \u0219i calendarul oficial al principalelor probe de examinare din sistemul de \u00eenv\u0103\u021b\u0103m\u00e2nt preuniversitar. Anul acesta, bacalaureatul se va sus\u021bine mai devreme, din cauza codurilor de canicul\u0103 a\u0219teptate la var\u0103.<\/strong><\/p>\n\n\n\n<p class=\"wp-block-paragraph\">Calendarul bacalaureatului este urm\u0103torul:<\/p>\n\n\n\n<ul class=\"wp-block-list\">\n<li>14 iunie 2027 &#8211; Limba Rom\u00e2n\u0103 &#8211; scris<\/li>\n\n\n\n<li>15 iunie 2027 &#8211; Matematic\u0103 &#8211; scris<\/li>\n\n\n\n<li>17 iunie 2027 &#8211; Proba la alegere &#8211; scris<\/li>\n\n\n\n<li>18 iunie 2027 &#8211; Limba Matern\u0103 &#8211; scris<\/li>\n<\/ul>\n\n\n\n<p class=\"wp-block-paragraph\">Rezultatele vor fi publicate ini\u021bial pe 23 iunie, iar rezultatele dup\u0103 contesta\u021bii vor fi afi\u0219ate pe 1 iulie, cu circa o s\u0103pt\u0103m\u00e2n\u0103 mai devreme fa\u021b\u0103 de anul \u0219colar care abia s-a \u00eencheiat. Probele de competen\u021be sunt programate pentru cea de-a doua jum\u0103tate a lunii aprilie, iar simul\u0103rile vor avea loc \u00een perioada 22-25 martie 2027.<\/p>\n\n\n\n<p class=\"wp-block-paragraph\">C\u00e2t despre evaluarea na\u021bional\u0103, simularea va avea loc \u00een perioada 16-18 martie 2027, iar examenul final este programat \u00een perioada 22-25 iunie 2027.<\/p>\n\n\n\n<p class=\"wp-block-paragraph\"><strong>CITE\u0218TE \u0218I: <a href=\"https:\/\/buletin.de\/bucuresti\/tarom-intrerupe-zborurile-din-bucuresti-catre-belgrad-la-finalul-lunii-octombrie-cursa-a-intrat-in-portofoliul-operatorului-in-urma-cu-17-ani\/\">TAROM \u00eentrerupe zborurile din Bucure\u0219ti c\u0103tre Belgrad la finalul lunii octombrie. Cursa a intrat \u00een portofoliul operatorului \u00een urm\u0103 cu 17 ani<\/a><\/strong><\/p>\n","protected":false},"excerpt":{"rendered":"<p>Elevii se \u00eentorc m\u00e2ine la \u0219coal\u0103, dup\u0103 trei luni de pauz\u0103, potrivit calendarului stabilit de Ministerul Educa\u021biei. Anul \u0219colar 2026-2027 \u00eencepe luni, 7 septembrie \u0219i este structurat \u00een cinci module. Calendarul prevede c\u00e2te o vacan\u021b\u0103 \u00eentre fiecare dintre cele cinci module, care sunt structurate dup\u0103 cum urmeaz\u0103: \u00cen Capital\u0103, vacan\u021ba mobil\u0103, de schi, este programat\u0103 [&hellip;]<\/p>\n","protected":false},"author":61,"featured_media":216247,"comment_status":"closed","ping_status":"open","sticky":false,"template":"","format":"standard","meta":{"_acf_changed":false,"inline_featured_image":false,"ngg_post_thumbnail":0,"footnotes":""},"categories":[6994,3421,62],"tags":[30536,30650,30651,30652,3569,10591],"ppma_author":[22577],"class_list":["post-216227","post","type-post","status-publish","format-standard","has-post-thumbnail","hentry","category-stiri-2","category-educatie","category-stiri","tag-an-scolar-2026-2027-2","tag-bacalaureat-2027","tag-evaluare-nationala-2027","tag-incepe-scoala","tag-ministerul-educatiei-2","tag-vacanta-de-vara"],"acf":[],"a3_pvc":{"activated":false,"total_views":0,"today_views":0},"yoast_head":"<!-- This site is optimized with the Yoast SEO Premium plugin v28.0 (Yoast SEO v28.4) - https:\/\/yoast.com\/product\/yoast-seo-premium-wordpress\/ -->\n<title>Elevii se \u00eentorc m\u00e2ine la \u0219coal\u0103, dup\u0103 trei luni de pauz\u0103. C\u00e2nd sunt programate principalele vacan\u021be \u0219i examene \u00een Bucure\u0219ti \u0219i Ilfov - Buletin de Bucure\u0219ti<\/title>\n<meta name=\"description\" content=\"Elevii se \u00eentorc m\u00e2ine la \u0219coal\u0103, dup\u0103 trei luni de pauz\u0103, potrivit calendarului stabilit de Ministerul Educa\u021biei.\" \/>\n<meta name=\"robots\" content=\"index, follow, max-snippet:-1, max-image-preview:large, max-video-preview:-1\" \/>\n<link rel=\"canonical\" href=\"https:\/\/buletin.de\/bucuresti\/elevii-se-intorc-maine-la-scoala-dupa-trei-luni-de-pauza-cand-sunt-programate-principalele-vacante-si-examene-in-bucuresti-si-ilfov\/\" \/>\n<meta property=\"og:locale\" content=\"en_GB\" \/>\n<meta property=\"og:type\" content=\"article\" \/>\n<meta property=\"og:title\" content=\"Elevii se \u00eentorc m\u00e2ine la \u0219coal\u0103, dup\u0103 trei luni de pauz\u0103. C\u00e2nd sunt programate principalele vacan\u021be \u0219i examene \u00een Bucure\u0219ti \u0219i Ilfov\" \/>\n<meta property=\"og:description\" content=\"Elevii se \u00eentorc m\u00e2ine la \u0219coal\u0103, dup\u0103 trei luni de pauz\u0103, potrivit calendarului stabilit de Ministerul Educa\u021biei.\" \/>\n<meta property=\"og:url\" content=\"https:\/\/buletin.de\/bucuresti\/elevii-se-intorc-maine-la-scoala-dupa-trei-luni-de-pauza-cand-sunt-programate-principalele-vacante-si-examene-in-bucuresti-si-ilfov\/\" \/>\n<meta property=\"og:site_name\" content=\"Buletin de Bucure\u0219ti\" \/>\n<meta property=\"article:publisher\" content=\"https:\/\/www.facebook.com\/buletin.de.buc\" \/>\n<meta property=\"article:published_time\" content=\"2026-09-06T11:05:19+00:00\" \/>\n<meta property=\"og:image\" content=\"https:\/\/buletin.de\/bucuresti\/wp-content\/uploads\/2026\/09\/ID318139_INQUAM_Photos_Casian_Mitu-1600x1067-1.jpg\" \/>\n\t<meta property=\"og:image:width\" content=\"1600\" \/>\n\t<meta property=\"og:image:height\" content=\"1067\" \/>\n\t<meta property=\"og:image:type\" content=\"image\/jpeg\" \/>\n<meta name=\"author\" content=\"Alexandru Stan\" \/>\n<meta name=\"twitter:card\" content=\"summary_large_image\" \/>\n<meta name=\"twitter:label1\" content=\"Written by\" \/>\n\t<meta name=\"twitter:data1\" content=\"Alexandru Stan\" \/>\n\t<meta name=\"twitter:label2\" content=\"Estimated reading time\" \/>\n\t<meta name=\"twitter:data2\" content=\"3 minutes\" \/>\n<script type=\"application\/ld+json\" class=\"yoast-schema-graph\">{\"@context\":\"https:\\\/\\\/schema.org\",\"@graph\":[{\"@type\":\"Article\",\"@id\":\"https:\\\/\\\/buletin.de\\\/bucuresti\\\/elevii-se-intorc-maine-la-scoala-dupa-trei-luni-de-pauza-cand-sunt-programate-principalele-vacante-si-examene-in-bucuresti-si-ilfov\\\/#article\",\"isPartOf\":{\"@id\":\"https:\\\/\\\/buletin.de\\\/bucuresti\\\/elevii-se-intorc-maine-la-scoala-dupa-trei-luni-de-pauza-cand-sunt-programate-principalele-vacante-si-examene-in-bucuresti-si-ilfov\\\/\"},\"author\":{\"name\":\"Alexandru Stan\",\"@id\":\"https:\\\/\\\/buletin.de\\\/bucuresti\\\/#\\\/schema\\\/person\\\/104a46bbe8be6e336fecf63974383951\"},\"headline\":\"Elevii se \u00eentorc m\u00e2ine la \u0219coal\u0103, dup\u0103 trei luni de pauz\u0103. C\u00e2nd sunt programate principalele vacan\u021be \u0219i examene \u00een Bucure\u0219ti \u0219i Ilfov\",\"datePublished\":\"2026-09-06T11:05:19+00:00\",\"mainEntityOfPage\":{\"@id\":\"https:\\\/\\\/buletin.de\\\/bucuresti\\\/elevii-se-intorc-maine-la-scoala-dupa-trei-luni-de-pauza-cand-sunt-programate-principalele-vacante-si-examene-in-bucuresti-si-ilfov\\\/\"},\"wordCount\":498,\"publisher\":{\"@id\":\"https:\\\/\\\/buletin.de\\\/bucuresti\\\/#organization\"},\"image\":{\"@id\":\"https:\\\/\\\/buletin.de\\\/bucuresti\\\/elevii-se-intorc-maine-la-scoala-dupa-trei-luni-de-pauza-cand-sunt-programate-principalele-vacante-si-examene-in-bucuresti-si-ilfov\\\/#primaryimage\"},\"thumbnailUrl\":\"https:\\\/\\\/buletin.de\\\/bucuresti\\\/wp-content\\\/uploads\\\/2026\\\/09\\\/ID318139_INQUAM_Photos_Casian_Mitu-1600x1067-1.jpg\",\"keywords\":[\"an \u0219colar 2026-2027\",\"bacalaureat 2027\",\"evaluare na\u021bional\u0103 2027\",\"\u00eencepe \u0219coala\",\"Ministerul Educa\u021biei\",\"vacan\u021ba de var\u0103\"],\"articleSection\":[\"Articole\",\"Educa\u021bie\",\"\u0218tiri\"],\"inLanguage\":\"en-GB\",\"copyrightYear\":\"2026\",\"copyrightHolder\":{\"@id\":\"https:\\\/\\\/buletin.de\\\/bucuresti\\\/#organization\"}},{\"@type\":\"WebPage\",\"@id\":\"https:\\\/\\\/buletin.de\\\/bucuresti\\\/elevii-se-intorc-maine-la-scoala-dupa-trei-luni-de-pauza-cand-sunt-programate-principalele-vacante-si-examene-in-bucuresti-si-ilfov\\\/\",\"url\":\"https:\\\/\\\/buletin.de\\\/bucuresti\\\/elevii-se-intorc-maine-la-scoala-dupa-trei-luni-de-pauza-cand-sunt-programate-principalele-vacante-si-examene-in-bucuresti-si-ilfov\\\/\",\"name\":\"Elevii se \u00eentorc m\u00e2ine la \u0219coal\u0103, dup\u0103 trei luni de pauz\u0103. C\u00e2nd sunt programate principalele vacan\u021be \u0219i examene \u00een Bucure\u0219ti \u0219i Ilfov - Buletin de Bucure\u0219ti\",\"isPartOf\":{\"@id\":\"https:\\\/\\\/buletin.de\\\/bucuresti\\\/#website\"},\"primaryImageOfPage\":{\"@id\":\"https:\\\/\\\/buletin.de\\\/bucuresti\\\/elevii-se-intorc-maine-la-scoala-dupa-trei-luni-de-pauza-cand-sunt-programate-principalele-vacante-si-examene-in-bucuresti-si-ilfov\\\/#primaryimage\"},\"image\":{\"@id\":\"https:\\\/\\\/buletin.de\\\/bucuresti\\\/elevii-se-intorc-maine-la-scoala-dupa-trei-luni-de-pauza-cand-sunt-programate-principalele-vacante-si-examene-in-bucuresti-si-ilfov\\\/#primaryimage\"},\"thumbnailUrl\":\"https:\\\/\\\/buletin.de\\\/bucuresti\\\/wp-content\\\/uploads\\\/2026\\\/09\\\/ID318139_INQUAM_Photos_Casian_Mitu-1600x1067-1.jpg\",\"datePublished\":\"2026-09-06T11:05:19+00:00\",\"description\":\"Elevii se \u00eentorc m\u00e2ine la \u0219coal\u0103, dup\u0103 trei luni de pauz\u0103, potrivit calendarului stabilit de Ministerul Educa\u021biei.\",\"breadcrumb\":{\"@id\":\"https:\\\/\\\/buletin.de\\\/bucuresti\\\/elevii-se-intorc-maine-la-scoala-dupa-trei-luni-de-pauza-cand-sunt-programate-principalele-vacante-si-examene-in-bucuresti-si-ilfov\\\/#breadcrumb\"},\"inLanguage\":\"en-GB\",\"potentialAction\":[{\"@type\":\"ReadAction\",\"target\":[\"https:\\\/\\\/buletin.de\\\/bucuresti\\\/elevii-se-intorc-maine-la-scoala-dupa-trei-luni-de-pauza-cand-sunt-programate-principalele-vacante-si-examene-in-bucuresti-si-ilfov\\\/\"]}]},{\"@type\":\"ImageObject\",\"inLanguage\":\"en-GB\",\"@id\":\"https:\\\/\\\/buletin.de\\\/bucuresti\\\/elevii-se-intorc-maine-la-scoala-dupa-trei-luni-de-pauza-cand-sunt-programate-principalele-vacante-si-examene-in-bucuresti-si-ilfov\\\/#primaryimage\",\"url\":\"https:\\\/\\\/buletin.de\\\/bucuresti\\\/wp-content\\\/uploads\\\/2026\\\/09\\\/ID318139_INQUAM_Photos_Casian_Mitu-1600x1067-1.jpg\",\"contentUrl\":\"https:\\\/\\\/buletin.de\\\/bucuresti\\\/wp-content\\\/uploads\\\/2026\\\/09\\\/ID318139_INQUAM_Photos_Casian_Mitu-1600x1067-1.jpg\",\"width\":1600,\"height\":1067,\"caption\":\"FOTO: Inquam Photos \\\/ Casian Mitu\"},{\"@type\":\"BreadcrumbList\",\"@id\":\"https:\\\/\\\/buletin.de\\\/bucuresti\\\/elevii-se-intorc-maine-la-scoala-dupa-trei-luni-de-pauza-cand-sunt-programate-principalele-vacante-si-examene-in-bucuresti-si-ilfov\\\/#breadcrumb\",\"itemListElement\":[{\"@type\":\"ListItem\",\"position\":1,\"name\":\"Acas\u0103\",\"item\":\"https:\\\/\\\/buletin.de\\\/bucuresti\\\/\"},{\"@type\":\"ListItem\",\"position\":2,\"name\":\"Elevii se \u00eentorc m\u00e2ine la \u0219coal\u0103, dup\u0103 trei luni de pauz\u0103. C\u00e2nd sunt programate principalele vacan\u021be \u0219i examene \u00een Bucure\u0219ti \u0219i Ilfov\"}]},{\"@type\":\"WebSite\",\"@id\":\"https:\\\/\\\/buletin.de\\\/bucuresti\\\/#website\",\"url\":\"https:\\\/\\\/buletin.de\\\/bucuresti\\\/\",\"name\":\"Buletin de Bucure\u0219ti\",\"description\":\"\u0218tiri \u0219i investiga\u021bii esen\u021biale din capital\u0103\",\"publisher\":{\"@id\":\"https:\\\/\\\/buletin.de\\\/bucuresti\\\/#organization\"},\"potentialAction\":[{\"@type\":\"SearchAction\",\"target\":{\"@type\":\"EntryPoint\",\"urlTemplate\":\"https:\\\/\\\/buletin.de\\\/bucuresti\\\/?s={search_term_string}\"},\"query-input\":{\"@type\":\"PropertyValueSpecification\",\"valueRequired\":true,\"valueName\":\"search_term_string\"}}],\"inLanguage\":\"en-GB\"},{\"@type\":\"Organization\",\"@id\":\"https:\\\/\\\/buletin.de\\\/bucuresti\\\/#organization\",\"name\":\"Buletin de Bucure\u0219ti\",\"url\":\"https:\\\/\\\/buletin.de\\\/bucuresti\\\/\",\"logo\":{\"@type\":\"ImageObject\",\"inLanguage\":\"en-GB\",\"@id\":\"https:\\\/\\\/buletin.de\\\/bucuresti\\\/#\\\/schema\\\/logo\\\/image\\\/\",\"url\":\"https:\\\/\\\/buletin.de\\\/bucuresti\\\/wp-content\\\/uploads\\\/logo-bdb-full-wide-vernil-transparent.png\",\"contentUrl\":\"https:\\\/\\\/buletin.de\\\/bucuresti\\\/wp-content\\\/uploads\\\/logo-bdb-full-wide-vernil-transparent.png\",\"width\":1782,\"height\":626,\"caption\":\"Buletin de Bucure\u0219ti\"},\"image\":{\"@id\":\"https:\\\/\\\/buletin.de\\\/bucuresti\\\/#\\\/schema\\\/logo\\\/image\\\/\"},\"sameAs\":[\"https:\\\/\\\/www.facebook.com\\\/buletin.de.buc\",\"https:\\\/\\\/www.instagram.com\\\/buletinde.bucuresti\\\/\"]},{\"@type\":\"Person\",\"@id\":\"https:\\\/\\\/buletin.de\\\/bucuresti\\\/#\\\/schema\\\/person\\\/104a46bbe8be6e336fecf63974383951\",\"name\":\"Alexandru Stan\",\"image\":{\"@type\":\"ImageObject\",\"inLanguage\":\"en-GB\",\"@id\":\"https:\\\/\\\/buletin.de\\\/bucuresti\\\/wp-content\\\/uploads\\\/2026\\\/07\\\/BDB_Alexandru-4-96x96.jpga3c299c77690d3b1ab5def97e8de4c6c\",\"url\":\"https:\\\/\\\/buletin.de\\\/bucuresti\\\/wp-content\\\/uploads\\\/2026\\\/07\\\/BDB_Alexandru-4-96x96.jpg\",\"contentUrl\":\"https:\\\/\\\/buletin.de\\\/bucuresti\\\/wp-content\\\/uploads\\\/2026\\\/07\\\/BDB_Alexandru-4-96x96.jpg\",\"caption\":\"Alexandru Stan\"},\"description\":\"Absolvent al Colegiului Na\u021bional \u201eMihai Eminescu\u201d \u0219i student la Politehnica. Lucrez la Buletin de Bucure\u0219ti ca reporter de la v\u00e2rsta de 17 ani. M-am n\u0103scut \u0219i am crescut cu m\u00e2ndrie \u00een Bucure\u0219ti, ora\u0219ul pove\u0219tilor \u0219i al c\u0103su\u021belor cu porti\u021b\u0103 \u0219i ci\u0219mea. Cred \u00een jurnalismul f\u0103cut de cet\u0103\u021beni pentru cet\u0103\u021beni \u0219i \u00een faptul c\u0103 presa este a patra putere \u00een stat. M\u0103 str\u0103duiesc s\u0103 v\u0103 aduc, pe ecrane, tot ce \u201emi\u0219c\u0103\u201d prin Bucure\u0219ti, de la proiecte de consiliu local \u0219i interviuri p\u00e2n\u0103 la pove\u0219ti de weekend \u0219i reportaje.\",\"url\":\"https:\\\/\\\/buletin.de\\\/bucuresti\\\/author\\\/alexandru-stan\\\/\"}]}<\/script>\n<!-- \/ Yoast SEO Premium plugin. -->","yoast_head_json":{"title":"Elevii se \u00eentorc m\u00e2ine la \u0219coal\u0103, dup\u0103 trei luni de pauz\u0103. C\u00e2nd sunt programate principalele vacan\u021be \u0219i examene \u00een Bucure\u0219ti \u0219i Ilfov - Buletin de Bucure\u0219ti","description":"Elevii se \u00eentorc m\u00e2ine la \u0219coal\u0103, dup\u0103 trei luni de pauz\u0103, potrivit calendarului stabilit de Ministerul Educa\u021biei.","robots":{"index":"index","follow":"follow","max-snippet":"max-snippet:-1","max-image-preview":"max-image-preview:large","max-video-preview":"max-video-preview:-1"},"canonical":"https:\/\/buletin.de\/bucuresti\/elevii-se-intorc-maine-la-scoala-dupa-trei-luni-de-pauza-cand-sunt-programate-principalele-vacante-si-examene-in-bucuresti-si-ilfov\/","og_locale":"en_GB","og_type":"article","og_title":"Elevii se \u00eentorc m\u00e2ine la \u0219coal\u0103, dup\u0103 trei luni de pauz\u0103. C\u00e2nd sunt programate principalele vacan\u021be \u0219i examene \u00een Bucure\u0219ti \u0219i Ilfov","og_description":"Elevii se \u00eentorc m\u00e2ine la \u0219coal\u0103, dup\u0103 trei luni de pauz\u0103, potrivit calendarului stabilit de Ministerul Educa\u021biei.","og_url":"https:\/\/buletin.de\/bucuresti\/elevii-se-intorc-maine-la-scoala-dupa-trei-luni-de-pauza-cand-sunt-programate-principalele-vacante-si-examene-in-bucuresti-si-ilfov\/","og_site_name":"Buletin de Bucure\u0219ti","article_publisher":"https:\/\/www.facebook.com\/buletin.de.buc","article_published_time":"2026-09-06T11:05:19+00:00","og_image":[{"width":1600,"height":1067,"url":"https:\/\/buletin.de\/bucuresti\/wp-content\/uploads\/2026\/09\/ID318139_INQUAM_Photos_Casian_Mitu-1600x1067-1.jpg","type":"image\/jpeg"}],"author":"Alexandru Stan","twitter_card":"summary_large_image","twitter_misc":{"Written by":"Alexandru Stan","Estimated reading time":"3 minutes"},"schema":{"@context":"https:\/\/schema.org","@graph":[{"@type":"Article","@id":"https:\/\/buletin.de\/bucuresti\/elevii-se-intorc-maine-la-scoala-dupa-trei-luni-de-pauza-cand-sunt-programate-principalele-vacante-si-examene-in-bucuresti-si-ilfov\/#article","isPartOf":{"@id":"https:\/\/buletin.de\/bucuresti\/elevii-se-intorc-maine-la-scoala-dupa-trei-luni-de-pauza-cand-sunt-programate-principalele-vacante-si-examene-in-bucuresti-si-ilfov\/"},"author":{"name":"Alexandru Stan","@id":"https:\/\/buletin.de\/bucuresti\/#\/schema\/person\/104a46bbe8be6e336fecf63974383951"},"headline":"Elevii se \u00eentorc m\u00e2ine la \u0219coal\u0103, dup\u0103 trei luni de pauz\u0103. C\u00e2nd sunt programate principalele vacan\u021be \u0219i examene \u00een Bucure\u0219ti \u0219i Ilfov","datePublished":"2026-09-06T11:05:19+00:00","mainEntityOfPage":{"@id":"https:\/\/buletin.de\/bucuresti\/elevii-se-intorc-maine-la-scoala-dupa-trei-luni-de-pauza-cand-sunt-programate-principalele-vacante-si-examene-in-bucuresti-si-ilfov\/"},"wordCount":498,"publisher":{"@id":"https:\/\/buletin.de\/bucuresti\/#organization"},"image":{"@id":"https:\/\/buletin.de\/bucuresti\/elevii-se-intorc-maine-la-scoala-dupa-trei-luni-de-pauza-cand-sunt-programate-principalele-vacante-si-examene-in-bucuresti-si-ilfov\/#primaryimage"},"thumbnailUrl":"https:\/\/buletin.de\/bucuresti\/wp-content\/uploads\/2026\/09\/ID318139_INQUAM_Photos_Casian_Mitu-1600x1067-1.jpg","keywords":["an \u0219colar 2026-2027","bacalaureat 2027","evaluare na\u021bional\u0103 2027","\u00eencepe \u0219coala","Ministerul Educa\u021biei","vacan\u021ba de var\u0103"],"articleSection":["Articole","Educa\u021bie","\u0218tiri"],"inLanguage":"en-GB","copyrightYear":"2026","copyrightHolder":{"@id":"https:\/\/buletin.de\/bucuresti\/#organization"}},{"@type":"WebPage","@id":"https:\/\/buletin.de\/bucuresti\/elevii-se-intorc-maine-la-scoala-dupa-trei-luni-de-pauza-cand-sunt-programate-principalele-vacante-si-examene-in-bucuresti-si-ilfov\/","url":"https:\/\/buletin.de\/bucuresti\/elevii-se-intorc-maine-la-scoala-dupa-trei-luni-de-pauza-cand-sunt-programate-principalele-vacante-si-examene-in-bucuresti-si-ilfov\/","name":"Elevii se \u00eentorc m\u00e2ine la \u0219coal\u0103, dup\u0103 trei luni de pauz\u0103. C\u00e2nd sunt programate principalele vacan\u021be \u0219i examene \u00een Bucure\u0219ti \u0219i Ilfov - Buletin de Bucure\u0219ti","isPartOf":{"@id":"https:\/\/buletin.de\/bucuresti\/#website"},"primaryImageOfPage":{"@id":"https:\/\/buletin.de\/bucuresti\/elevii-se-intorc-maine-la-scoala-dupa-trei-luni-de-pauza-cand-sunt-programate-principalele-vacante-si-examene-in-bucuresti-si-ilfov\/#primaryimage"},"image":{"@id":"https:\/\/buletin.de\/bucuresti\/elevii-se-intorc-maine-la-scoala-dupa-trei-luni-de-pauza-cand-sunt-programate-principalele-vacante-si-examene-in-bucuresti-si-ilfov\/#primaryimage"},"thumbnailUrl":"https:\/\/buletin.de\/bucuresti\/wp-content\/uploads\/2026\/09\/ID318139_INQUAM_Photos_Casian_Mitu-1600x1067-1.jpg","datePublished":"2026-09-06T11:05:19+00:00","description":"Elevii se \u00eentorc m\u00e2ine la \u0219coal\u0103, dup\u0103 trei luni de pauz\u0103, potrivit calendarului stabilit de Ministerul Educa\u021biei.","breadcrumb":{"@id":"https:\/\/buletin.de\/bucuresti\/elevii-se-intorc-maine-la-scoala-dupa-trei-luni-de-pauza-cand-sunt-programate-principalele-vacante-si-examene-in-bucuresti-si-ilfov\/#breadcrumb"},"inLanguage":"en-GB","potentialAction":[{"@type":"ReadAction","target":["https:\/\/buletin.de\/bucuresti\/elevii-se-intorc-maine-la-scoala-dupa-trei-luni-de-pauza-cand-sunt-programate-principalele-vacante-si-examene-in-bucuresti-si-ilfov\/"]}]},{"@type":"ImageObject","inLanguage":"en-GB","@id":"https:\/\/buletin.de\/bucuresti\/elevii-se-intorc-maine-la-scoala-dupa-trei-luni-de-pauza-cand-sunt-programate-principalele-vacante-si-examene-in-bucuresti-si-ilfov\/#primaryimage","url":"https:\/\/buletin.de\/bucuresti\/wp-content\/uploads\/2026\/09\/ID318139_INQUAM_Photos_Casian_Mitu-1600x1067-1.jpg","contentUrl":"https:\/\/buletin.de\/bucuresti\/wp-content\/uploads\/2026\/09\/ID318139_INQUAM_Photos_Casian_Mitu-1600x1067-1.jpg","width":1600,"height":1067,"caption":"FOTO: Inquam Photos \/ Casian Mitu"},{"@type":"BreadcrumbList","@id":"https:\/\/buletin.de\/bucuresti\/elevii-se-intorc-maine-la-scoala-dupa-trei-luni-de-pauza-cand-sunt-programate-principalele-vacante-si-examene-in-bucuresti-si-ilfov\/#breadcrumb","itemListElement":[{"@type":"ListItem","position":1,"name":"Acas\u0103","item":"https:\/\/buletin.de\/bucuresti\/"},{"@type":"ListItem","position":2,"name":"Elevii se \u00eentorc m\u00e2ine la \u0219coal\u0103, dup\u0103 trei luni de pauz\u0103. C\u00e2nd sunt programate principalele vacan\u021be \u0219i examene \u00een Bucure\u0219ti \u0219i Ilfov"}]},{"@type":"WebSite","@id":"https:\/\/buletin.de\/bucuresti\/#website","url":"https:\/\/buletin.de\/bucuresti\/","name":"Buletin de Bucure\u0219ti","description":"\u0218tiri \u0219i investiga\u021bii esen\u021biale din capital\u0103","publisher":{"@id":"https:\/\/buletin.de\/bucuresti\/#organization"},"potentialAction":[{"@type":"SearchAction","target":{"@type":"EntryPoint","urlTemplate":"https:\/\/buletin.de\/bucuresti\/?s={search_term_string}"},"query-input":{"@type":"PropertyValueSpecification","valueRequired":true,"valueName":"search_term_string"}}],"inLanguage":"en-GB"},{"@type":"Organization","@id":"https:\/\/buletin.de\/bucuresti\/#organization","name":"Buletin de Bucure\u0219ti","url":"https:\/\/buletin.de\/bucuresti\/","logo":{"@type":"ImageObject","inLanguage":"en-GB","@id":"https:\/\/buletin.de\/bucuresti\/#\/schema\/logo\/image\/","url":"https:\/\/buletin.de\/bucuresti\/wp-content\/uploads\/logo-bdb-full-wide-vernil-transparent.png","contentUrl":"https:\/\/buletin.de\/bucuresti\/wp-content\/uploads\/logo-bdb-full-wide-vernil-transparent.png","width":1782,"height":626,"caption":"Buletin de Bucure\u0219ti"},"image":{"@id":"https:\/\/buletin.de\/bucuresti\/#\/schema\/logo\/image\/"},"sameAs":["https:\/\/www.facebook.com\/buletin.de.buc","https:\/\/www.instagram.com\/buletinde.bucuresti\/"]},{"@type":"Person","@id":"https:\/\/buletin.de\/bucuresti\/#\/schema\/person\/104a46bbe8be6e336fecf63974383951","name":"Alexandru Stan","image":{"@type":"ImageObject","inLanguage":"en-GB","@id":"https:\/\/buletin.de\/bucuresti\/wp-content\/uploads\/2026\/07\/BDB_Alexandru-4-96x96.jpga3c299c77690d3b1ab5def97e8de4c6c","url":"https:\/\/buletin.de\/bucuresti\/wp-content\/uploads\/2026\/07\/BDB_Alexandru-4-96x96.jpg","contentUrl":"https:\/\/buletin.de\/bucuresti\/wp-content\/uploads\/2026\/07\/BDB_Alexandru-4-96x96.jpg","caption":"Alexandru Stan"},"description":"Absolvent al Colegiului Na\u021bional \u201eMihai Eminescu\u201d \u0219i student la Politehnica. Lucrez la Buletin de Bucure\u0219ti ca reporter de la v\u00e2rsta de 17 ani. M-am n\u0103scut \u0219i am crescut cu m\u00e2ndrie \u00een Bucure\u0219ti, ora\u0219ul pove\u0219tilor \u0219i al c\u0103su\u021belor cu porti\u021b\u0103 \u0219i ci\u0219mea. Cred \u00een jurnalismul f\u0103cut de cet\u0103\u021beni pentru cet\u0103\u021beni \u0219i \u00een faptul c\u0103 presa este a patra putere \u00een stat. M\u0103 str\u0103duiesc s\u0103 v\u0103 aduc, pe ecrane, tot ce \u201emi\u0219c\u0103\u201d prin Bucure\u0219ti, de la proiecte de consiliu local \u0219i interviuri p\u00e2n\u0103 la pove\u0219ti de weekend \u0219i reportaje.","url":"https:\/\/buletin.de\/bucuresti\/author\/alexandru-stan\/"}]}},"authors":[{"term_id":22577,"user_id":61,"is_guest":0,"slug":"alexandru-stan","display_name":"Alexandru Stan","avatar_url":"https:\/\/buletin.de\/bucuresti\/wp-content\/uploads\/2026\/07\/BDB_Alexandru-4-96x96.jpg","author_category":"","first_name":"Alexandru","last_name":"Stan","user_url":"","job_title":"","description":"Absolvent al Colegiului Na\u021bional \u201eMihai Eminescu\u201d \u0219i student la Politehnica. Lucrez la Buletin de Bucure\u0219ti ca reporter de la v\u00e2rsta de 17 ani. M-am n\u0103scut \u0219i am crescut cu m\u00e2ndrie \u00een Bucure\u0219ti, ora\u0219ul pove\u0219tilor \u0219i al c\u0103su\u021belor cu porti\u021b\u0103 \u0219i ci\u0219mea.\r\n\r\nCred \u00een jurnalismul f\u0103cut de cet\u0103\u021beni pentru cet\u0103\u021beni \u0219i \u00een faptul c\u0103 presa este a patra putere \u00een stat. M\u0103 str\u0103duiesc s\u0103 v\u0103 aduc, pe ecrane, tot ce \u201emi\u0219c\u0103\u201d prin Bucure\u0219ti, de la proiecte de consiliu local \u0219i interviuri p\u00e2n\u0103 la pove\u0219ti de weekend \u0219i reportaje."}],"_links":{"self":[{"href":"https:\/\/buletin.de\/bucuresti\/wp-json\/wp\/v2\/posts\/216227","targetHints":{"allow":["GET"]}}],"collection":[{"href":"https:\/\/buletin.de\/bucuresti\/wp-json\/wp\/v2\/posts"}],"about":[{"href":"https:\/\/buletin.de\/bucuresti\/wp-json\/wp\/v2\/types\/post"}],"author":[{"embeddable":true,"href":"https:\/\/buletin.de\/bucuresti\/wp-json\/wp\/v2\/users\/61"}],"replies":[{"embeddable":true,"href":"https:\/\/buletin.de\/bucuresti\/wp-json\/wp\/v2\/comments?post=216227"}],"version-history":[{"count":6,"href":"https:\/\/buletin.de\/bucuresti\/wp-json\/wp\/v2\/posts\/216227\/revisions"}],"predecessor-version":[{"id":216256,"href":"https:\/\/buletin.de\/bucuresti\/wp-json\/wp\/v2\/posts\/216227\/revisions\/216256"}],"wp:featuredmedia":[{"embeddable":true,"href":"https:\/\/buletin.de\/bucuresti\/wp-json\/wp\/v2\/media\/216247"}],"wp:attachment":[{"href":"https:\/\/buletin.de\/bucuresti\/wp-json\/wp\/v2\/media?parent=216227"}],"wp:term":[{"taxonomy":"category","embeddable":true,"href":"https:\/\/buletin.de\/bucuresti\/wp-json\/wp\/v2\/categories?post=216227"},{"taxonomy":"post_tag","embeddable":true,"href":"https:\/\/buletin.de\/bucuresti\/wp-json\/wp\/v2\/tags?post=216227"},{"taxonomy":"author","embeddable":true,"href":"https:\/\/buletin.de\/bucuresti\/wp-json\/wp\/v2\/ppma_author?post=216227"}],"curies":[{"name":"wp","href":"https:\/\/api.w.org\/{rel}","templated":true}]}}