{"id":216226,"date":"2026-09-06T12:37:10","date_gmt":"2026-09-06T09:37:10","guid":{"rendered":"https:\/\/buletin.de\/bucuresti\/?p=216226"},"modified":"2026-09-06T12:37:11","modified_gmt":"2026-09-06T09:37:11","slug":"video-un-copil-de-cativa-ani-salvat-dintre-masini-de-pe-prima-banda-a-soselei-mihai-bravu-de-un-motociclist-protectia-copilului-face-verificari-in-cauza","status":"publish","type":"post","link":"https:\/\/buletin.de\/bucuresti\/video-un-copil-de-cativa-ani-salvat-dintre-masini-de-pe-prima-banda-a-soselei-mihai-bravu-de-un-motociclist-protectia-copilului-face-verificari-in-cauza\/","title":{"rendered":"VIDEO | Un copil de c\u00e2\u021biva ani, salvat dintre ma\u0219ini, de pe prima band\u0103 a \u0218oselei Mihai Bravu, de un motociclist. Protec\u021bia Copilului face verific\u0103ri \u00een cauz\u0103"},"content":{"rendered":"\n<p class=\"wp-block-paragraph\"><strong>O serie de imagini surprinz\u0103toare, \u00een care un copil de doar c\u00e2\u021biva ani poate fi v\u0103zut pe prima band\u0103 a \u0218oselei Mihai Bravu, \u00een pericol s\u0103 ajung\u0103 \u00een fa\u021ba ma\u0219inilor, au fost postate recent pe <a href=\"https:\/\/www.facebook.com\/groups\/2747831875501205\/permalink\/4549170502033991\/?rdid=EXIfJazOGTra3z3P#\" data-type=\"link\" data-id=\"https:\/\/www.facebook.com\/groups\/2747831875501205\/permalink\/4549170502033991\/?rdid=EXIfJazOGTra3z3P#\" target=\"_blank\" rel=\"noreferrer noopener\">re\u021belele de socializare.<\/a> Cea mic\u0103 este luat\u0103 de pe carosabil pe un motociclist care o duce mai apoi p\u0103rin\u021bilor neaten\u021bi. <\/strong><\/p>\n\n\n\n<p class=\"wp-block-paragraph\">Filmarea a st\u00e2rnit un val de nemul\u021bumire din partea celor care au v\u0103zut-o. <\/p>\n\n\n\n<h2 id=\"h-un-copil-de-ca\u021biva-ani-salvat-dintre-ma\u0219ini-de-un-motociclist\" class=\"wp-block-heading\">Un copil de c\u00e2\u021biva ani, salvat dintre ma\u0219ini de un motociclist <\/h2>\n\n\n\n<p class=\"wp-block-paragraph\">Incidentul a avut loc s\u00e2mb\u0103t\u0103, 5 septembrie 2026, pe \u0218oseaua Mihai Bravu, o arter\u0103 aglomerat\u0103 din Sectorul 2 al Capitalei \u0219i interns circulat\u0103 de ma\u0219ini. \u00cen imaginile care au ajuns \u00een mediul online se poate observa cum copilul, nesupravegheat, iese dintre ma\u0219inile parcate \u0219i ajunge pe prima band\u0103 de circula\u021bie. <\/p>\n\n\n\n<p class=\"wp-block-paragraph\">Din fericire, micu\u021ba a fost observat\u0103 la timp de un motociclist care circula pe banda I. Acesta nu a stat pe g\u00e2nduri, a oprit vehiculul, s-a dat jos \u0219i a luat copilul din drum. Ulterior, acesta a \u00eenceput s\u0103 \u00eei caute p\u0103rin\u021bii. Ace\u0219tia se aflau la o distan\u021b\u0103 considerabil\u0103 de locul unde cea mic\u0103 a fost g\u0103sit\u0103. <\/p>\n\n\n\n<p class=\"wp-block-paragraph\">Din informa\u021biile transmise online, mama se uita pe telefon \u0219i nu a observat c\u0103 feti\u021ba se \u00eendep\u0103rtase de ea. Imaginile postate mai apoi pe Facebook au st\u00e2rnit un val de critici din partea internau\u021bilor. <\/p>\n\n\n\n<p class=\"wp-block-paragraph\"><em>\u201eO mam\u0103 incon\u0219tient\u0103 din sectorul nostru \u00ee\u0219i pierde copilul tocmai pe prima banda de pe Mihai Bravu. Femeia st\u0103tea pe telefon \u0219i nu a interesat-o faptul c\u0103 cel mic a ajuns \u00eentre ma\u0219ini. Poate DGASPC se sesizeaz\u0103\u201d<\/em>, este masajul transmis persoana care a distribuit imaginile online. <\/p>\n\n\n\n<div class=\"facebook-video\">\n  <iframe\n    src=\"https:\/\/www.facebook.com\/plugins\/video.php?height=314&#038;href=https%3A%2F%2Fwww.facebook.com%2F61564405011293%2Fvideos%2F1071913158577184%2F%3Fidorvanity%3D2747831875501205&#038;show_text=false&#038;width=560&#038;t=0\"\n    width=\"560\"\n    height=\"314\"\n    style=\"border:none;overflow:hidden\"\n    scrolling=\"no\"\n    frameborder=\"0\"\n    allow=\"autoplay; clipboard-write; encrypted-media; picture-in-picture; web-share\"\n    allowfullscreen>\n  <\/iframe>\n<\/div>\n\n\n\n<p class=\"wp-block-paragraph\"><strong>CITE\u0218TE \u0218I <a href=\"https:\/\/buletin.de\/bucuresti\/diicot-a-destructurat-o-retea-de-traficanti-care-alimenta-din-albania-au-fost-ridicate-peste-17-tone-de-droguri-cu-o-valoare-estimata-de-25-de-milioane-de-euro\/\" data-type=\"post\" data-id=\"216101\">DIICOT a destructurat o re\u021bea de trafican\u021bi care \u201ealimenta\u201d din Albania. Au fost ridicate peste 1,7 tone de droguri, cu o valoare estimat\u0103 de 25 de milioane de euro<\/a><\/strong><\/p>\n\n\n\n<h2 id=\"h-se-vor-face-cercetari-in-cauza\" class=\"wp-block-heading\">Se vor face cercet\u0103ri \u00een cauz\u0103<\/h2>\n\n\n\n<p class=\"wp-block-paragraph\">Direc\u021bia pentru Protec\u021bia Copilului a anun\u021bat c\u0103 urmeaz\u0103 s\u0103 faca verific\u0103ri \u00een aceast\u0103 cauz\u0103, dup\u0103 cum a transmis Observator.ro. \u00cen urma acestora urmeaz\u0103 s\u0103 fie stabilite m\u0103surile necesare pentru siguran\u021ba copilului. \u0218i poli\u021bi\u0219tii din Capital\u0103 fac cercet\u0103ri, c\u0103ut\u00e2nd la acest moment p\u0103rin\u021bii. <\/p>\n\n\n\n<p class=\"wp-block-paragraph\">\u00cen situa\u021bia \u00een care se va determina c\u0103 neglijen\u021ba acestora lor a pus \u00een pericol via\u021ba copilului, ei risc\u0103 s\u0103 fie pedepsi\u021bi de lege. Legea prevede c\u0103 neglijen\u021ba p\u0103rin\u021bilor este sanc\u021bionat\u0103 contraven\u021bional, sau penal, dac\u0103 neglijen\u021ba ajunge s\u0103 \u00eendeplineasc\u0103 elementele unei infrac\u021biuni. <\/p>\n\n\n\n<p class=\"wp-block-paragraph\"><em>\u201ePunerea \u00een primejdie grav\u0103, prin m\u0103suri sau tratamente de orice fel, a dezvolt\u0103rii fizice sau psihice, intelectuale sau morale a minorului, de c\u0103tre p\u0103rin\u021bi sau de c\u0103tre orice persoan\u0103 \u00een grija c\u0103reia se afl\u0103 minorul, se pedepse\u0219te cu \u00eenchisoarea de la 5 la 10 ani \u015fi interzicerea exercit\u0103rii unor drepturi.<\/em><\/p>\n\n\n\n<p class=\"wp-block-paragraph\"><em>Fapta prev\u0103zut\u0103 anterior, s\u0103v\u00e2r\u0219it\u0103 de c\u0103tre p\u0103rin\u021bi sau de c\u0103tre orice persoan\u0103 \u00een grija c\u0103reia se afl\u0103 minorul, dac\u0103 ace\u015ftia se aflau sub influen\u021ba alcoolului sau a substan\u021belor psihoactive, se sanc\u021bioneaz\u0103 prin majorarea cu o treime a limitelor speciale ale pedepsei \u015fi interzicerea exercit\u0103rii unor drepturi\u201d<\/em>, se precizeaz\u0103 \u00een art. 197 din Legea nr. 286\/2009.<\/p>\n\n\n\n<p class=\"wp-block-paragraph\"><strong>CITE\u0218TE \u0218I <a href=\"https:\/\/buletin.de\/bucuresti\/politistul-local-care-a-abuzat-o-batrana-a-fost-mutat-la-alt-departament-anunta-primaria-sectorului-1-institutia-a-facut-plangere-penala-impotriva-femeii\/\" data-type=\"post\" data-id=\"216067\">Poli\u021bistul local care a abuzat o b\u0103tr\u00e2n\u0103 a fost mutat la alt departament. Poli\u021bia Local\u0103 Sector 1 a f\u0103cut pl\u00e2ngere penal\u0103 \u00eempotriva femeii, s\u0103 afle dac\u0103 este infractor sau victim\u0103<\/a><\/strong><\/p>\n","protected":false},"excerpt":{"rendered":"<p>O serie de imagini surprinz\u0103toare, \u00een care un copil de doar c\u00e2\u021biva ani poate fi v\u0103zut pe prima band\u0103 a \u0218oselei Mihai Bravu, \u00een pericol s\u0103 ajung\u0103 \u00een fa\u021ba ma\u0219inilor, au fost postate recent pe re\u021belele de socializare. Cea mic\u0103 este luat\u0103 de pe carosabil pe un motociclist care o duce mai apoi p\u0103rin\u021bilor neaten\u021bi. [&hellip;]<\/p>\n","protected":false},"author":66,"featured_media":216241,"comment_status":"closed","ping_status":"open","sticky":false,"template":"","format":"standard","meta":{"_acf_changed":false,"inline_featured_image":false,"ngg_post_thumbnail":0,"footnotes":""},"categories":[6994,5762],"tags":[30649,27664,12514],"ppma_author":[26103],"class_list":["post-216226","post","type-post","status-publish","format-standard","has-post-thumbnail","hentry","category-stiri-2","category-main","tag-copil-nesupravegheat","tag-protectia-copilului-2","tag-soseaua-mihai-bravu-2"],"acf":[],"a3_pvc":{"activated":false,"total_views":0,"today_views":0},"yoast_head":"<!-- This site is optimized with the Yoast SEO Premium plugin v28.0 (Yoast SEO v28.4) - https:\/\/yoast.com\/product\/yoast-seo-premium-wordpress\/ -->\n<title>VIDEO | Un copil de c\u00e2\u021biva ani, salvat dintre ma\u0219ini, de pe prima band\u0103 a \u0218oselei Mihai Bravu, de un motociclist. Protec\u021bia Copilului face verific\u0103ri \u00een cauz\u0103 - Buletin de Bucure\u0219ti<\/title>\n<meta name=\"description\" content=\"O serie de imagini \u00een care un copil de doar c\u00e2\u021biva ani poate a fost salvat dintre ma\u0219ini, de pe prima band\u0103 a \u0218oselei Mihai Bravu.\" \/>\n<meta name=\"robots\" content=\"index, follow, max-snippet:-1, max-image-preview:large, max-video-preview:-1\" \/>\n<link rel=\"canonical\" href=\"https:\/\/buletin.de\/bucuresti\/video-un-copil-de-cativa-ani-salvat-dintre-masini-de-pe-prima-banda-a-soselei-mihai-bravu-de-un-motociclist-protectia-copilului-face-verificari-in-cauza\/\" \/>\n<meta property=\"og:locale\" content=\"en_GB\" \/>\n<meta property=\"og:type\" content=\"article\" \/>\n<meta property=\"og:title\" content=\"VIDEO | Un copil de c\u00e2\u021biva ani, salvat dintre ma\u0219ini, de pe prima band\u0103 a \u0218oselei Mihai Bravu, de un motociclist. Protec\u021bia Copilului face verific\u0103ri \u00een cauz\u0103\" \/>\n<meta property=\"og:description\" content=\"O serie de imagini \u00een care un copil de doar c\u00e2\u021biva ani poate a fost salvat dintre ma\u0219ini, de pe prima band\u0103 a \u0218oselei Mihai Bravu.\" \/>\n<meta property=\"og:url\" content=\"https:\/\/buletin.de\/bucuresti\/video-un-copil-de-cativa-ani-salvat-dintre-masini-de-pe-prima-banda-a-soselei-mihai-bravu-de-un-motociclist-protectia-copilului-face-verificari-in-cauza\/\" \/>\n<meta property=\"og:site_name\" content=\"Buletin de Bucure\u0219ti\" \/>\n<meta property=\"article:publisher\" content=\"https:\/\/www.facebook.com\/buletin.de.buc\" \/>\n<meta property=\"article:published_time\" content=\"2026-09-06T09:37:10+00:00\" \/>\n<meta property=\"article:modified_time\" content=\"2026-09-06T09:37:11+00:00\" \/>\n<meta property=\"og:image\" content=\"https:\/\/buletin.de\/bucuresti\/wp-content\/uploads\/2026\/09\/copil-salvat-dintre-masini-Soseaua-Mihai-Bravu.jpeg\" \/>\n\t<meta property=\"og:image:width\" content=\"1600\" \/>\n\t<meta property=\"og:image:height\" content=\"786\" \/>\n\t<meta property=\"og:image:type\" content=\"image\/jpeg\" \/>\n<meta name=\"author\" content=\"Deniz Garguli\" \/>\n<meta name=\"twitter:card\" content=\"summary_large_image\" \/>\n<meta name=\"twitter:label1\" content=\"Written by\" \/>\n\t<meta name=\"twitter:data1\" content=\"Deniz Garguli\" \/>\n\t<meta name=\"twitter:label2\" content=\"Estimated reading time\" \/>\n\t<meta name=\"twitter:data2\" content=\"3 minutes\" \/>\n<script type=\"application\/ld+json\" class=\"yoast-schema-graph\">{\"@context\":\"https:\\\/\\\/schema.org\",\"@graph\":[{\"@type\":\"Article\",\"@id\":\"https:\\\/\\\/buletin.de\\\/bucuresti\\\/video-un-copil-de-cativa-ani-salvat-dintre-masini-de-pe-prima-banda-a-soselei-mihai-bravu-de-un-motociclist-protectia-copilului-face-verificari-in-cauza\\\/#article\",\"isPartOf\":{\"@id\":\"https:\\\/\\\/buletin.de\\\/bucuresti\\\/video-un-copil-de-cativa-ani-salvat-dintre-masini-de-pe-prima-banda-a-soselei-mihai-bravu-de-un-motociclist-protectia-copilului-face-verificari-in-cauza\\\/\"},\"author\":{\"name\":\"Deniz Garguli\",\"@id\":\"https:\\\/\\\/buletin.de\\\/bucuresti\\\/#\\\/schema\\\/person\\\/8badd0805392c02e16b744e0d5cd3625\"},\"headline\":\"VIDEO | Un copil de c\u00e2\u021biva ani, salvat dintre ma\u0219ini, de pe prima band\u0103 a \u0218oselei Mihai Bravu, de un motociclist. Protec\u021bia Copilului face verific\u0103ri \u00een cauz\u0103\",\"datePublished\":\"2026-09-06T09:37:10+00:00\",\"dateModified\":\"2026-09-06T09:37:11+00:00\",\"mainEntityOfPage\":{\"@id\":\"https:\\\/\\\/buletin.de\\\/bucuresti\\\/video-un-copil-de-cativa-ani-salvat-dintre-masini-de-pe-prima-banda-a-soselei-mihai-bravu-de-un-motociclist-protectia-copilului-face-verificari-in-cauza\\\/\"},\"wordCount\":636,\"publisher\":{\"@id\":\"https:\\\/\\\/buletin.de\\\/bucuresti\\\/#organization\"},\"image\":{\"@id\":\"https:\\\/\\\/buletin.de\\\/bucuresti\\\/video-un-copil-de-cativa-ani-salvat-dintre-masini-de-pe-prima-banda-a-soselei-mihai-bravu-de-un-motociclist-protectia-copilului-face-verificari-in-cauza\\\/#primaryimage\"},\"thumbnailUrl\":\"https:\\\/\\\/buletin.de\\\/bucuresti\\\/wp-content\\\/uploads\\\/2026\\\/09\\\/copil-salvat-dintre-masini-Soseaua-Mihai-Bravu.jpeg\",\"keywords\":[\"Copil nesupravegheat\",\"protec\u021bia copilului\",\"\u0218oseaua Mihai Bravu\"],\"articleSection\":[\"Articole\",\"Main\"],\"inLanguage\":\"en-GB\",\"copyrightYear\":\"2026\",\"copyrightHolder\":{\"@id\":\"https:\\\/\\\/buletin.de\\\/bucuresti\\\/#organization\"}},{\"@type\":\"WebPage\",\"@id\":\"https:\\\/\\\/buletin.de\\\/bucuresti\\\/video-un-copil-de-cativa-ani-salvat-dintre-masini-de-pe-prima-banda-a-soselei-mihai-bravu-de-un-motociclist-protectia-copilului-face-verificari-in-cauza\\\/\",\"url\":\"https:\\\/\\\/buletin.de\\\/bucuresti\\\/video-un-copil-de-cativa-ani-salvat-dintre-masini-de-pe-prima-banda-a-soselei-mihai-bravu-de-un-motociclist-protectia-copilului-face-verificari-in-cauza\\\/\",\"name\":\"VIDEO | Un copil de c\u00e2\u021biva ani, salvat dintre ma\u0219ini, de pe prima band\u0103 a \u0218oselei Mihai Bravu, de un motociclist. Protec\u021bia Copilului face verific\u0103ri \u00een cauz\u0103 - Buletin de Bucure\u0219ti\",\"isPartOf\":{\"@id\":\"https:\\\/\\\/buletin.de\\\/bucuresti\\\/#website\"},\"primaryImageOfPage\":{\"@id\":\"https:\\\/\\\/buletin.de\\\/bucuresti\\\/video-un-copil-de-cativa-ani-salvat-dintre-masini-de-pe-prima-banda-a-soselei-mihai-bravu-de-un-motociclist-protectia-copilului-face-verificari-in-cauza\\\/#primaryimage\"},\"image\":{\"@id\":\"https:\\\/\\\/buletin.de\\\/bucuresti\\\/video-un-copil-de-cativa-ani-salvat-dintre-masini-de-pe-prima-banda-a-soselei-mihai-bravu-de-un-motociclist-protectia-copilului-face-verificari-in-cauza\\\/#primaryimage\"},\"thumbnailUrl\":\"https:\\\/\\\/buletin.de\\\/bucuresti\\\/wp-content\\\/uploads\\\/2026\\\/09\\\/copil-salvat-dintre-masini-Soseaua-Mihai-Bravu.jpeg\",\"datePublished\":\"2026-09-06T09:37:10+00:00\",\"dateModified\":\"2026-09-06T09:37:11+00:00\",\"description\":\"O serie de imagini \u00een care un copil de doar c\u00e2\u021biva ani poate a fost salvat dintre ma\u0219ini, de pe prima band\u0103 a \u0218oselei Mihai Bravu.\",\"breadcrumb\":{\"@id\":\"https:\\\/\\\/buletin.de\\\/bucuresti\\\/video-un-copil-de-cativa-ani-salvat-dintre-masini-de-pe-prima-banda-a-soselei-mihai-bravu-de-un-motociclist-protectia-copilului-face-verificari-in-cauza\\\/#breadcrumb\"},\"inLanguage\":\"en-GB\",\"potentialAction\":[{\"@type\":\"ReadAction\",\"target\":[\"https:\\\/\\\/buletin.de\\\/bucuresti\\\/video-un-copil-de-cativa-ani-salvat-dintre-masini-de-pe-prima-banda-a-soselei-mihai-bravu-de-un-motociclist-protectia-copilului-face-verificari-in-cauza\\\/\"]}]},{\"@type\":\"ImageObject\",\"inLanguage\":\"en-GB\",\"@id\":\"https:\\\/\\\/buletin.de\\\/bucuresti\\\/video-un-copil-de-cativa-ani-salvat-dintre-masini-de-pe-prima-banda-a-soselei-mihai-bravu-de-un-motociclist-protectia-copilului-face-verificari-in-cauza\\\/#primaryimage\",\"url\":\"https:\\\/\\\/buletin.de\\\/bucuresti\\\/wp-content\\\/uploads\\\/2026\\\/09\\\/copil-salvat-dintre-masini-Soseaua-Mihai-Bravu.jpeg\",\"contentUrl\":\"https:\\\/\\\/buletin.de\\\/bucuresti\\\/wp-content\\\/uploads\\\/2026\\\/09\\\/copil-salvat-dintre-masini-Soseaua-Mihai-Bravu.jpeg\",\"width\":1600,\"height\":786,\"caption\":\"Foto: Captur\u0103 \u201eE\u0219ti din Sectorul 2\u201d\\\/FB\"},{\"@type\":\"BreadcrumbList\",\"@id\":\"https:\\\/\\\/buletin.de\\\/bucuresti\\\/video-un-copil-de-cativa-ani-salvat-dintre-masini-de-pe-prima-banda-a-soselei-mihai-bravu-de-un-motociclist-protectia-copilului-face-verificari-in-cauza\\\/#breadcrumb\",\"itemListElement\":[{\"@type\":\"ListItem\",\"position\":1,\"name\":\"Acas\u0103\",\"item\":\"https:\\\/\\\/buletin.de\\\/bucuresti\\\/\"},{\"@type\":\"ListItem\",\"position\":2,\"name\":\"VIDEO | Un copil de c\u00e2\u021biva ani, salvat dintre ma\u0219ini, de pe prima band\u0103 a \u0218oselei Mihai Bravu, de un motociclist. Protec\u021bia Copilului face verific\u0103ri \u00een cauz\u0103\"}]},{\"@type\":\"WebSite\",\"@id\":\"https:\\\/\\\/buletin.de\\\/bucuresti\\\/#website\",\"url\":\"https:\\\/\\\/buletin.de\\\/bucuresti\\\/\",\"name\":\"Buletin de Bucure\u0219ti\",\"description\":\"\u0218tiri \u0219i investiga\u021bii esen\u021biale din capital\u0103\",\"publisher\":{\"@id\":\"https:\\\/\\\/buletin.de\\\/bucuresti\\\/#organization\"},\"potentialAction\":[{\"@type\":\"SearchAction\",\"target\":{\"@type\":\"EntryPoint\",\"urlTemplate\":\"https:\\\/\\\/buletin.de\\\/bucuresti\\\/?s={search_term_string}\"},\"query-input\":{\"@type\":\"PropertyValueSpecification\",\"valueRequired\":true,\"valueName\":\"search_term_string\"}}],\"inLanguage\":\"en-GB\"},{\"@type\":\"Organization\",\"@id\":\"https:\\\/\\\/buletin.de\\\/bucuresti\\\/#organization\",\"name\":\"Buletin de Bucure\u0219ti\",\"url\":\"https:\\\/\\\/buletin.de\\\/bucuresti\\\/\",\"logo\":{\"@type\":\"ImageObject\",\"inLanguage\":\"en-GB\",\"@id\":\"https:\\\/\\\/buletin.de\\\/bucuresti\\\/#\\\/schema\\\/logo\\\/image\\\/\",\"url\":\"https:\\\/\\\/buletin.de\\\/bucuresti\\\/wp-content\\\/uploads\\\/logo-bdb-full-wide-vernil-transparent.png\",\"contentUrl\":\"https:\\\/\\\/buletin.de\\\/bucuresti\\\/wp-content\\\/uploads\\\/logo-bdb-full-wide-vernil-transparent.png\",\"width\":1782,\"height\":626,\"caption\":\"Buletin de Bucure\u0219ti\"},\"image\":{\"@id\":\"https:\\\/\\\/buletin.de\\\/bucuresti\\\/#\\\/schema\\\/logo\\\/image\\\/\"},\"sameAs\":[\"https:\\\/\\\/www.facebook.com\\\/buletin.de.buc\",\"https:\\\/\\\/www.instagram.com\\\/buletinde.bucuresti\\\/\"]},{\"@type\":\"Person\",\"@id\":\"https:\\\/\\\/buletin.de\\\/bucuresti\\\/#\\\/schema\\\/person\\\/8badd0805392c02e16b744e0d5cd3625\",\"name\":\"Deniz Garguli\",\"image\":{\"@type\":\"ImageObject\",\"inLanguage\":\"en-GB\",\"@id\":\"https:\\\/\\\/buletin.de\\\/bucuresti\\\/wp-content\\\/uploads\\\/2026\\\/06\\\/BDB_Deniz-1-96x96.jpgba95f600d547b787bc58e580a19f8dac\",\"url\":\"https:\\\/\\\/buletin.de\\\/bucuresti\\\/wp-content\\\/uploads\\\/2026\\\/06\\\/BDB_Deniz-1-96x96.jpg\",\"contentUrl\":\"https:\\\/\\\/buletin.de\\\/bucuresti\\\/wp-content\\\/uploads\\\/2026\\\/06\\\/BDB_Deniz-1-96x96.jpg\",\"caption\":\"Deniz Garguli\"},\"description\":\"N\u0103scut\u0103 \u0219i crescut\u0103 \u00een Capital\u0103, dorin\u021ba de a fi la curent cu tot ce se \u00eent\u00e2mpl\u0103 \u00een Bucure\u0219ti a \u00eempins-o c\u0103tre pres\u0103, mai cu seam\u0103 c\u0103tre cea local\u0103. A lucrat vreme de patru ani la B365, unde s-a ocupat de \u0219tiri despre ora\u0219 \u0219i oamenii care locuiesc \u00een el. Din 2026 s-a al\u0103turat echipei Buletin de Bucure\u0219ti.\",\"url\":\"https:\\\/\\\/buletin.de\\\/bucuresti\\\/author\\\/deniz-garguli\\\/\"}]}<\/script>\n<!-- \/ Yoast SEO Premium plugin. -->","yoast_head_json":{"title":"VIDEO | Un copil de c\u00e2\u021biva ani, salvat dintre ma\u0219ini, de pe prima band\u0103 a \u0218oselei Mihai Bravu, de un motociclist. Protec\u021bia Copilului face verific\u0103ri \u00een cauz\u0103 - Buletin de Bucure\u0219ti","description":"O serie de imagini \u00een care un copil de doar c\u00e2\u021biva ani poate a fost salvat dintre ma\u0219ini, de pe prima band\u0103 a \u0218oselei Mihai Bravu.","robots":{"index":"index","follow":"follow","max-snippet":"max-snippet:-1","max-image-preview":"max-image-preview:large","max-video-preview":"max-video-preview:-1"},"canonical":"https:\/\/buletin.de\/bucuresti\/video-un-copil-de-cativa-ani-salvat-dintre-masini-de-pe-prima-banda-a-soselei-mihai-bravu-de-un-motociclist-protectia-copilului-face-verificari-in-cauza\/","og_locale":"en_GB","og_type":"article","og_title":"VIDEO | Un copil de c\u00e2\u021biva ani, salvat dintre ma\u0219ini, de pe prima band\u0103 a \u0218oselei Mihai Bravu, de un motociclist. Protec\u021bia Copilului face verific\u0103ri \u00een cauz\u0103","og_description":"O serie de imagini \u00een care un copil de doar c\u00e2\u021biva ani poate a fost salvat dintre ma\u0219ini, de pe prima band\u0103 a \u0218oselei Mihai Bravu.","og_url":"https:\/\/buletin.de\/bucuresti\/video-un-copil-de-cativa-ani-salvat-dintre-masini-de-pe-prima-banda-a-soselei-mihai-bravu-de-un-motociclist-protectia-copilului-face-verificari-in-cauza\/","og_site_name":"Buletin de Bucure\u0219ti","article_publisher":"https:\/\/www.facebook.com\/buletin.de.buc","article_published_time":"2026-09-06T09:37:10+00:00","article_modified_time":"2026-09-06T09:37:11+00:00","og_image":[{"width":1600,"height":786,"url":"https:\/\/buletin.de\/bucuresti\/wp-content\/uploads\/2026\/09\/copil-salvat-dintre-masini-Soseaua-Mihai-Bravu.jpeg","type":"image\/jpeg"}],"author":"Deniz Garguli","twitter_card":"summary_large_image","twitter_misc":{"Written by":"Deniz Garguli","Estimated reading time":"3 minutes"},"schema":{"@context":"https:\/\/schema.org","@graph":[{"@type":"Article","@id":"https:\/\/buletin.de\/bucuresti\/video-un-copil-de-cativa-ani-salvat-dintre-masini-de-pe-prima-banda-a-soselei-mihai-bravu-de-un-motociclist-protectia-copilului-face-verificari-in-cauza\/#article","isPartOf":{"@id":"https:\/\/buletin.de\/bucuresti\/video-un-copil-de-cativa-ani-salvat-dintre-masini-de-pe-prima-banda-a-soselei-mihai-bravu-de-un-motociclist-protectia-copilului-face-verificari-in-cauza\/"},"author":{"name":"Deniz Garguli","@id":"https:\/\/buletin.de\/bucuresti\/#\/schema\/person\/8badd0805392c02e16b744e0d5cd3625"},"headline":"VIDEO | Un copil de c\u00e2\u021biva ani, salvat dintre ma\u0219ini, de pe prima band\u0103 a \u0218oselei Mihai Bravu, de un motociclist. Protec\u021bia Copilului face verific\u0103ri \u00een cauz\u0103","datePublished":"2026-09-06T09:37:10+00:00","dateModified":"2026-09-06T09:37:11+00:00","mainEntityOfPage":{"@id":"https:\/\/buletin.de\/bucuresti\/video-un-copil-de-cativa-ani-salvat-dintre-masini-de-pe-prima-banda-a-soselei-mihai-bravu-de-un-motociclist-protectia-copilului-face-verificari-in-cauza\/"},"wordCount":636,"publisher":{"@id":"https:\/\/buletin.de\/bucuresti\/#organization"},"image":{"@id":"https:\/\/buletin.de\/bucuresti\/video-un-copil-de-cativa-ani-salvat-dintre-masini-de-pe-prima-banda-a-soselei-mihai-bravu-de-un-motociclist-protectia-copilului-face-verificari-in-cauza\/#primaryimage"},"thumbnailUrl":"https:\/\/buletin.de\/bucuresti\/wp-content\/uploads\/2026\/09\/copil-salvat-dintre-masini-Soseaua-Mihai-Bravu.jpeg","keywords":["Copil nesupravegheat","protec\u021bia copilului","\u0218oseaua Mihai Bravu"],"articleSection":["Articole","Main"],"inLanguage":"en-GB","copyrightYear":"2026","copyrightHolder":{"@id":"https:\/\/buletin.de\/bucuresti\/#organization"}},{"@type":"WebPage","@id":"https:\/\/buletin.de\/bucuresti\/video-un-copil-de-cativa-ani-salvat-dintre-masini-de-pe-prima-banda-a-soselei-mihai-bravu-de-un-motociclist-protectia-copilului-face-verificari-in-cauza\/","url":"https:\/\/buletin.de\/bucuresti\/video-un-copil-de-cativa-ani-salvat-dintre-masini-de-pe-prima-banda-a-soselei-mihai-bravu-de-un-motociclist-protectia-copilului-face-verificari-in-cauza\/","name":"VIDEO | Un copil de c\u00e2\u021biva ani, salvat dintre ma\u0219ini, de pe prima band\u0103 a \u0218oselei Mihai Bravu, de un motociclist. Protec\u021bia Copilului face verific\u0103ri \u00een cauz\u0103 - Buletin de Bucure\u0219ti","isPartOf":{"@id":"https:\/\/buletin.de\/bucuresti\/#website"},"primaryImageOfPage":{"@id":"https:\/\/buletin.de\/bucuresti\/video-un-copil-de-cativa-ani-salvat-dintre-masini-de-pe-prima-banda-a-soselei-mihai-bravu-de-un-motociclist-protectia-copilului-face-verificari-in-cauza\/#primaryimage"},"image":{"@id":"https:\/\/buletin.de\/bucuresti\/video-un-copil-de-cativa-ani-salvat-dintre-masini-de-pe-prima-banda-a-soselei-mihai-bravu-de-un-motociclist-protectia-copilului-face-verificari-in-cauza\/#primaryimage"},"thumbnailUrl":"https:\/\/buletin.de\/bucuresti\/wp-content\/uploads\/2026\/09\/copil-salvat-dintre-masini-Soseaua-Mihai-Bravu.jpeg","datePublished":"2026-09-06T09:37:10+00:00","dateModified":"2026-09-06T09:37:11+00:00","description":"O serie de imagini \u00een care un copil de doar c\u00e2\u021biva ani poate a fost salvat dintre ma\u0219ini, de pe prima band\u0103 a \u0218oselei Mihai Bravu.","breadcrumb":{"@id":"https:\/\/buletin.de\/bucuresti\/video-un-copil-de-cativa-ani-salvat-dintre-masini-de-pe-prima-banda-a-soselei-mihai-bravu-de-un-motociclist-protectia-copilului-face-verificari-in-cauza\/#breadcrumb"},"inLanguage":"en-GB","potentialAction":[{"@type":"ReadAction","target":["https:\/\/buletin.de\/bucuresti\/video-un-copil-de-cativa-ani-salvat-dintre-masini-de-pe-prima-banda-a-soselei-mihai-bravu-de-un-motociclist-protectia-copilului-face-verificari-in-cauza\/"]}]},{"@type":"ImageObject","inLanguage":"en-GB","@id":"https:\/\/buletin.de\/bucuresti\/video-un-copil-de-cativa-ani-salvat-dintre-masini-de-pe-prima-banda-a-soselei-mihai-bravu-de-un-motociclist-protectia-copilului-face-verificari-in-cauza\/#primaryimage","url":"https:\/\/buletin.de\/bucuresti\/wp-content\/uploads\/2026\/09\/copil-salvat-dintre-masini-Soseaua-Mihai-Bravu.jpeg","contentUrl":"https:\/\/buletin.de\/bucuresti\/wp-content\/uploads\/2026\/09\/copil-salvat-dintre-masini-Soseaua-Mihai-Bravu.jpeg","width":1600,"height":786,"caption":"Foto: Captur\u0103 \u201eE\u0219ti din Sectorul 2\u201d\/FB"},{"@type":"BreadcrumbList","@id":"https:\/\/buletin.de\/bucuresti\/video-un-copil-de-cativa-ani-salvat-dintre-masini-de-pe-prima-banda-a-soselei-mihai-bravu-de-un-motociclist-protectia-copilului-face-verificari-in-cauza\/#breadcrumb","itemListElement":[{"@type":"ListItem","position":1,"name":"Acas\u0103","item":"https:\/\/buletin.de\/bucuresti\/"},{"@type":"ListItem","position":2,"name":"VIDEO | Un copil de c\u00e2\u021biva ani, salvat dintre ma\u0219ini, de pe prima band\u0103 a \u0218oselei Mihai Bravu, de un motociclist. Protec\u021bia Copilului face verific\u0103ri \u00een cauz\u0103"}]},{"@type":"WebSite","@id":"https:\/\/buletin.de\/bucuresti\/#website","url":"https:\/\/buletin.de\/bucuresti\/","name":"Buletin de Bucure\u0219ti","description":"\u0218tiri \u0219i investiga\u021bii esen\u021biale din capital\u0103","publisher":{"@id":"https:\/\/buletin.de\/bucuresti\/#organization"},"potentialAction":[{"@type":"SearchAction","target":{"@type":"EntryPoint","urlTemplate":"https:\/\/buletin.de\/bucuresti\/?s={search_term_string}"},"query-input":{"@type":"PropertyValueSpecification","valueRequired":true,"valueName":"search_term_string"}}],"inLanguage":"en-GB"},{"@type":"Organization","@id":"https:\/\/buletin.de\/bucuresti\/#organization","name":"Buletin de Bucure\u0219ti","url":"https:\/\/buletin.de\/bucuresti\/","logo":{"@type":"ImageObject","inLanguage":"en-GB","@id":"https:\/\/buletin.de\/bucuresti\/#\/schema\/logo\/image\/","url":"https:\/\/buletin.de\/bucuresti\/wp-content\/uploads\/logo-bdb-full-wide-vernil-transparent.png","contentUrl":"https:\/\/buletin.de\/bucuresti\/wp-content\/uploads\/logo-bdb-full-wide-vernil-transparent.png","width":1782,"height":626,"caption":"Buletin de Bucure\u0219ti"},"image":{"@id":"https:\/\/buletin.de\/bucuresti\/#\/schema\/logo\/image\/"},"sameAs":["https:\/\/www.facebook.com\/buletin.de.buc","https:\/\/www.instagram.com\/buletinde.bucuresti\/"]},{"@type":"Person","@id":"https:\/\/buletin.de\/bucuresti\/#\/schema\/person\/8badd0805392c02e16b744e0d5cd3625","name":"Deniz Garguli","image":{"@type":"ImageObject","inLanguage":"en-GB","@id":"https:\/\/buletin.de\/bucuresti\/wp-content\/uploads\/2026\/06\/BDB_Deniz-1-96x96.jpgba95f600d547b787bc58e580a19f8dac","url":"https:\/\/buletin.de\/bucuresti\/wp-content\/uploads\/2026\/06\/BDB_Deniz-1-96x96.jpg","contentUrl":"https:\/\/buletin.de\/bucuresti\/wp-content\/uploads\/2026\/06\/BDB_Deniz-1-96x96.jpg","caption":"Deniz Garguli"},"description":"N\u0103scut\u0103 \u0219i crescut\u0103 \u00een Capital\u0103, dorin\u021ba de a fi la curent cu tot ce se \u00eent\u00e2mpl\u0103 \u00een Bucure\u0219ti a \u00eempins-o c\u0103tre pres\u0103, mai cu seam\u0103 c\u0103tre cea local\u0103. A lucrat vreme de patru ani la B365, unde s-a ocupat de \u0219tiri despre ora\u0219 \u0219i oamenii care locuiesc \u00een el. Din 2026 s-a al\u0103turat echipei Buletin de Bucure\u0219ti.","url":"https:\/\/buletin.de\/bucuresti\/author\/deniz-garguli\/"}]}},"authors":[{"term_id":26103,"user_id":66,"is_guest":0,"slug":"deniz-garguli","display_name":"Deniz Garguli","avatar_url":"https:\/\/buletin.de\/bucuresti\/wp-content\/uploads\/2026\/06\/BDB_Deniz-1-96x96.jpg","author_category":"","first_name":"Deniz","last_name":"Garguli","user_url":"","job_title":"","description":"N\u0103scut\u0103 \u0219i crescut\u0103 \u00een Capital\u0103, dorin\u021ba de a fi la curent cu tot ce se \u00eent\u00e2mpl\u0103 \u00een Bucure\u0219ti a \u00eempins-o c\u0103tre pres\u0103, mai cu seam\u0103 c\u0103tre cea local\u0103. A lucrat vreme de patru ani la B365, unde s-a ocupat de \u0219tiri despre ora\u0219 \u0219i oamenii care locuiesc \u00een el. Din 2026 s-a al\u0103turat echipei Buletin de Bucure\u0219ti."}],"_links":{"self":[{"href":"https:\/\/buletin.de\/bucuresti\/wp-json\/wp\/v2\/posts\/216226","targetHints":{"allow":["GET"]}}],"collection":[{"href":"https:\/\/buletin.de\/bucuresti\/wp-json\/wp\/v2\/posts"}],"about":[{"href":"https:\/\/buletin.de\/bucuresti\/wp-json\/wp\/v2\/types\/post"}],"author":[{"embeddable":true,"href":"https:\/\/buletin.de\/bucuresti\/wp-json\/wp\/v2\/users\/66"}],"replies":[{"embeddable":true,"href":"https:\/\/buletin.de\/bucuresti\/wp-json\/wp\/v2\/comments?post=216226"}],"version-history":[{"count":5,"href":"https:\/\/buletin.de\/bucuresti\/wp-json\/wp\/v2\/posts\/216226\/revisions"}],"predecessor-version":[{"id":216242,"href":"https:\/\/buletin.de\/bucuresti\/wp-json\/wp\/v2\/posts\/216226\/revisions\/216242"}],"wp:featuredmedia":[{"embeddable":true,"href":"https:\/\/buletin.de\/bucuresti\/wp-json\/wp\/v2\/media\/216241"}],"wp:attachment":[{"href":"https:\/\/buletin.de\/bucuresti\/wp-json\/wp\/v2\/media?parent=216226"}],"wp:term":[{"taxonomy":"category","embeddable":true,"href":"https:\/\/buletin.de\/bucuresti\/wp-json\/wp\/v2\/categories?post=216226"},{"taxonomy":"post_tag","embeddable":true,"href":"https:\/\/buletin.de\/bucuresti\/wp-json\/wp\/v2\/tags?post=216226"},{"taxonomy":"author","embeddable":true,"href":"https:\/\/buletin.de\/bucuresti\/wp-json\/wp\/v2\/ppma_author?post=216226"}],"curies":[{"name":"wp","href":"https:\/\/api.w.org\/{rel}","templated":true}]}}