{"id":216217,"date":"2026-09-06T10:44:31","date_gmt":"2026-09-06T07:44:31","guid":{"rendered":"https:\/\/buletin.de\/bucuresti\/?p=216217"},"modified":"2026-09-06T10:44:31","modified_gmt":"2026-09-06T07:44:31","slug":"tarom-intrerupe-zborurile-din-bucuresti-catre-belgrad-la-finalul-lunii-octombrie-cursa-a-intrat-in-portofoliul-operatorului-in-urma-cu-17-ani","status":"publish","type":"post","link":"https:\/\/buletin.de\/bucuresti\/tarom-intrerupe-zborurile-din-bucuresti-catre-belgrad-la-finalul-lunii-octombrie-cursa-a-intrat-in-portofoliul-operatorului-in-urma-cu-17-ani\/","title":{"rendered":"TAROM \u00eentrerupe zborurile din Bucure\u0219ti c\u0103tre Belgrad la finalul lunii octombrie. Cursa a intrat \u00een portofoliul operatorului \u00een urm\u0103 cu 17 ani"},"content":{"rendered":"\n<p class=\"wp-block-paragraph\"><strong>TAROM \u00eentrerupe zborurile din Bucure\u0219ti c\u0103tre Belgrad la finalul lunii octombrie. Cursa a intrat \u00een portofoliul operatorului na\u021bional de zoruri \u00een urm\u0103 cu 17 ani, dup\u0103 cum nota <a href=\"https:\/\/www.facebook.com\/story.php?story_fbid=1751355470330073&amp;id=100063669092332&amp;mibextid=wwXIfr&amp;rdid=oiiRl9JD2uDjgesr#\">AirlinesTravel.ro<\/a>. <\/strong><\/p>\n\n\n\n<p class=\"wp-block-paragraph\">M\u0103sura vine \u00een contextul \u00een care, ini\u021bial, compania \u00ee\u0219i propusese suspendarea rutei pe durata sezonului de iarn\u0103 2026-2027, \u00eens\u0103 zborurile TAROM au \u00eenceput s\u0103 dispar\u0103 de pe tabela de informare din aeroport \u00eenc\u0103 din aceast\u0103 var\u0103.<\/p>\n\n\n\n<p class=\"wp-block-paragraph\">Dup\u0103 ultimul zbor, care este programat pe 22 octombrie 2026, leg\u0103tura direct\u0103 dintre Capital\u0103 \u0219i Belgrad va fi asigurat\u0103 de Air Serbia, care va continua s\u0103 opereze zboruri \u00eentre cele dou\u0103 ora\u0219e. TAROM are \u00een prezent un acord codeshare cu transportatorul s\u00e2rb, astfel c\u0103 este a\u0219teptat ca firma de stat s\u0103 scoat\u0103 locuri \u00een avion la v\u00e2nzare.<\/p>\n\n\n\n<p class=\"wp-block-paragraph\">Cursa a fost inaugurat\u0103 pe 7 decembrie 2009, iar \u00een prezent este operat\u0103 cu aeronave ATR, produse de asocierea Airbus-Leonardo. Frecven\u021bele s-au redus \u00eens\u0103 treptat, vara aceasta exist\u00e2nd chiar \u0219i perioade de suspendare ale curselor. <\/p>\n\n\n\n<p class=\"wp-block-paragraph\">\u00cen prezent, operatorul men\u021bine doar dou\u0103\u0103 frecven\u021be s\u0103pt\u0103m\u00e2nale \u00eentre cele dou\u0103 Capitale \u0219i a operat \u00eentre una \u0219i trei rota\u021bii s\u0103pt\u0103m\u00e2nale p\u00e2n\u0103 acum, noteaz\u0103 presa de avia\u021bie din fostele state <a href=\"https:\/\/www.exyuaviation.com\/2026\/09\/tarom-to-discontinue-belgrade-service.html?m=1&amp;fbclid=IwZnRzaAUHfqpwZG9mBWZkaWQWUNyax5LUW0Fg7SKV-M_QCLqguuqCNmV4dG4DYWVtAjExAHNydGMGYXBwX2lkCjY2Mjg1NjgzNzkAAR7TZfl_JajNPSGtuQxyL5otM136HXLFyWcSMpn9liuX_QFLxJrRcEO2rSOLxw_aem_6xH4VZ3UU2NsOj0LRGwRIg\">Iugoslave<\/a>.<\/p>\n\n\n\n<p class=\"wp-block-paragraph\"><strong>CITE\u0218TE \u0218I: <a href=\"https:\/\/buletin.de\/bucuresti\/m6-otopeni-structura-de-rezistenta-pe-sectiunea-sud-este-aproape-gata-sfanta-maria-mai-are-sub-500-de-metri-pana-la-statia-expozitiei\/\">M6 Otopeni | Structura de rezisten\u021b\u0103 pe sec\u021biunea sud este aproape gata. \u201eSf\u00e2nta Maria\u201d mai are sub 500 de metri p\u00e2n\u0103 la sta\u021bia Expozi\u021biei<\/a><\/strong><\/p>\n\n\n\n<h2 id=\"h-modul-avion-dispare-la-wizz-air-pasagerii-conecta\u021bi-la-starlink\" class=\"wp-block-heading\">Modul avion dispare la Wizz Air. Pasagerii, conecta\u021bi la Starlink<\/h2>\n\n\n\n<p class=\"wp-block-paragraph\"><strong>Comunicarea \u00een timpul zborului cu avioanele companiei Wizz Air va deveni mult mai facil\u0103, de anul viitor. Compania introduce interconectivitatea cu&nbsp;Starlink, la bordul \u00eentregii sale flote, dup\u0103 cum scria <a href=\"https:\/\/buletin.de\/bucuresti\/modul-avion-dispare-la-wizz-air-pasagerii-vor-avea-acces-la-starlink-de-anul-viitor\/\">Buletin de Bucure\u0219ti<\/a> \u00een luna iunie a acestui an.<\/strong><\/p>\n\n\n\n<p class=\"wp-block-paragraph\">Este&nbsp;prima companie aerian\u0103 ultra-low-cost din Europa&nbsp;care aduce tehnologia avansat\u0103 de internet \u00een zbor, de la Starlink, pentru milioane de c\u0103l\u0103tori.<\/p>\n\n\n\n<p class=\"wp-block-paragraph\">\u00cencep\u00e2nd din 2027, instalarea sistemelor va fi implementat\u0103 treptat. Pasagerii vor putea beneficia de internet de mare vitez\u0103, fiabil&nbsp;\u0219i cu laten\u021b\u0103 redus\u0103 la altitudini de peste 9.000 de metri.&nbsp;<\/p>\n\n\n\n<p class=\"wp-block-paragraph\">Toate aeronavele Wizz Air de nou\u0103 genera\u021bie sunt preconizate s\u0103 fie echipate cu Starlink, oferind o experien\u021b\u0103 consecvent\u0103 la bord, indiferent de rut\u0103 sau destina\u021bie.<\/p>\n\n\n\n<p class=\"wp-block-paragraph\"><strong>CITE\u0218TE \u0218I: <a href=\"https:\/\/buletin.de\/bucuresti\/foto-initiativa-prelungirea-ghencea-despre-stadiul-lucrarilor-dupa-o-vizita-pe-teren-progres-bun-pe-tronsonul-cnair-ritm-mai-lent-pe-celelalte-segmente\/\">FOTO | Ini\u021biativa Prelungirea Ghencea, despre stadiul lucr\u0103rilor dup\u0103 o vizit\u0103 pe teren: progres bun pe tronsonul CNAIR, ritm mai lent pe celelalte segmente<\/a><\/strong><\/p>\n","protected":false},"excerpt":{"rendered":"<p>TAROM \u00eentrerupe zborurile din Bucure\u0219ti c\u0103tre Belgrad la finalul lunii octombrie. Cursa a intrat \u00een portofoliul operatorului na\u021bional de zoruri \u00een urm\u0103 cu 17 ani, dup\u0103 cum nota AirlinesTravel.ro. M\u0103sura vine \u00een contextul \u00een care, ini\u021bial, compania \u00ee\u0219i propusese suspendarea rutei pe durata sezonului de iarn\u0103 2026-2027, \u00eens\u0103 zborurile TAROM au \u00eenceput s\u0103 dispar\u0103 de [&hellip;]<\/p>\n","protected":false},"author":61,"featured_media":216222,"comment_status":"closed","ping_status":"open","sticky":false,"template":"","format":"standard","meta":{"_acf_changed":false,"inline_featured_image":false,"ngg_post_thumbnail":0,"footnotes":""},"categories":[6994,62,650],"tags":[2881,30648,14312,30647,5455],"ppma_author":[22577],"class_list":["post-216217","post","type-post","status-publish","format-standard","has-post-thumbnail","hentry","category-stiri-2","category-stiri","category-transport","tag-aeroport-otopeni","tag-air-serbia","tag-belgrad","tag-bucuresti-belgrad","tag-tarom"],"acf":[],"a3_pvc":{"activated":false,"total_views":0,"today_views":0},"yoast_head":"<!-- This site is optimized with the Yoast SEO Premium plugin v28.0 (Yoast SEO v28.4) - https:\/\/yoast.com\/product\/yoast-seo-premium-wordpress\/ -->\n<title>TAROM \u00eentrerupe zborurile din Bucure\u0219ti c\u0103tre Belgrad la finalul lunii octombrie. Cursa a intrat \u00een portofoliul operatorului \u00een urm\u0103 cu 17 ani - Buletin de Bucure\u0219ti<\/title>\n<meta name=\"description\" content=\"TAROM \u00eentrerupe zborurile din Bucure\u0219ti c\u0103tre Belgrad la finalul lunii octombrie. Cursa a fost operat\u0103 timp de 17 ani.\" \/>\n<meta name=\"robots\" content=\"index, follow, max-snippet:-1, max-image-preview:large, max-video-preview:-1\" \/>\n<link rel=\"canonical\" href=\"https:\/\/buletin.de\/bucuresti\/tarom-intrerupe-zborurile-din-bucuresti-catre-belgrad-la-finalul-lunii-octombrie-cursa-a-intrat-in-portofoliul-operatorului-in-urma-cu-17-ani\/\" \/>\n<meta property=\"og:locale\" content=\"en_GB\" \/>\n<meta property=\"og:type\" content=\"article\" \/>\n<meta property=\"og:title\" content=\"TAROM \u00eentrerupe zborurile din Bucure\u0219ti c\u0103tre Belgrad la finalul lunii octombrie. Cursa a intrat \u00een portofoliul operatorului \u00een urm\u0103 cu 17 ani\" \/>\n<meta property=\"og:description\" content=\"TAROM \u00eentrerupe zborurile din Bucure\u0219ti c\u0103tre Belgrad la finalul lunii octombrie. Cursa a fost operat\u0103 timp de 17 ani.\" \/>\n<meta property=\"og:url\" content=\"https:\/\/buletin.de\/bucuresti\/tarom-intrerupe-zborurile-din-bucuresti-catre-belgrad-la-finalul-lunii-octombrie-cursa-a-intrat-in-portofoliul-operatorului-in-urma-cu-17-ani\/\" \/>\n<meta property=\"og:site_name\" content=\"Buletin de Bucure\u0219ti\" \/>\n<meta property=\"article:publisher\" content=\"https:\/\/www.facebook.com\/buletin.de.buc\" \/>\n<meta property=\"article:published_time\" content=\"2026-09-06T07:44:31+00:00\" \/>\n<meta property=\"og:image\" content=\"https:\/\/buletin.de\/bucuresti\/wp-content\/uploads\/2026\/09\/793024534_1593136455609765_5798720739360680110_n.jpg\" \/>\n\t<meta property=\"og:image:width\" content=\"1200\" \/>\n\t<meta property=\"og:image:height\" content=\"800\" \/>\n\t<meta property=\"og:image:type\" content=\"image\/jpeg\" \/>\n<meta name=\"author\" content=\"Alexandru Stan\" \/>\n<meta name=\"twitter:card\" content=\"summary_large_image\" \/>\n<meta name=\"twitter:label1\" content=\"Written by\" \/>\n\t<meta name=\"twitter:data1\" content=\"Alexandru Stan\" \/>\n\t<meta name=\"twitter:label2\" content=\"Estimated reading time\" \/>\n\t<meta name=\"twitter:data2\" content=\"2 minutes\" \/>\n<script type=\"application\/ld+json\" class=\"yoast-schema-graph\">{\"@context\":\"https:\\\/\\\/schema.org\",\"@graph\":[{\"@type\":\"Article\",\"@id\":\"https:\\\/\\\/buletin.de\\\/bucuresti\\\/tarom-intrerupe-zborurile-din-bucuresti-catre-belgrad-la-finalul-lunii-octombrie-cursa-a-intrat-in-portofoliul-operatorului-in-urma-cu-17-ani\\\/#article\",\"isPartOf\":{\"@id\":\"https:\\\/\\\/buletin.de\\\/bucuresti\\\/tarom-intrerupe-zborurile-din-bucuresti-catre-belgrad-la-finalul-lunii-octombrie-cursa-a-intrat-in-portofoliul-operatorului-in-urma-cu-17-ani\\\/\"},\"author\":{\"name\":\"Alexandru Stan\",\"@id\":\"https:\\\/\\\/buletin.de\\\/bucuresti\\\/#\\\/schema\\\/person\\\/104a46bbe8be6e336fecf63974383951\"},\"headline\":\"TAROM \u00eentrerupe zborurile din Bucure\u0219ti c\u0103tre Belgrad la finalul lunii octombrie. Cursa a intrat \u00een portofoliul operatorului \u00een urm\u0103 cu 17 ani\",\"datePublished\":\"2026-09-06T07:44:31+00:00\",\"mainEntityOfPage\":{\"@id\":\"https:\\\/\\\/buletin.de\\\/bucuresti\\\/tarom-intrerupe-zborurile-din-bucuresti-catre-belgrad-la-finalul-lunii-octombrie-cursa-a-intrat-in-portofoliul-operatorului-in-urma-cu-17-ani\\\/\"},\"wordCount\":424,\"publisher\":{\"@id\":\"https:\\\/\\\/buletin.de\\\/bucuresti\\\/#organization\"},\"image\":{\"@id\":\"https:\\\/\\\/buletin.de\\\/bucuresti\\\/tarom-intrerupe-zborurile-din-bucuresti-catre-belgrad-la-finalul-lunii-octombrie-cursa-a-intrat-in-portofoliul-operatorului-in-urma-cu-17-ani\\\/#primaryimage\"},\"thumbnailUrl\":\"https:\\\/\\\/buletin.de\\\/bucuresti\\\/wp-content\\\/uploads\\\/2026\\\/09\\\/793024534_1593136455609765_5798720739360680110_n.jpg\",\"keywords\":[\"aeroport otopeni\",\"air serbia\",\"Belgrad\",\"bucure\u0219ti - belgrad\",\"Tarom\"],\"articleSection\":[\"Articole\",\"\u0218tiri\",\"Transport\"],\"inLanguage\":\"en-GB\",\"copyrightYear\":\"2026\",\"copyrightHolder\":{\"@id\":\"https:\\\/\\\/buletin.de\\\/bucuresti\\\/#organization\"}},{\"@type\":\"WebPage\",\"@id\":\"https:\\\/\\\/buletin.de\\\/bucuresti\\\/tarom-intrerupe-zborurile-din-bucuresti-catre-belgrad-la-finalul-lunii-octombrie-cursa-a-intrat-in-portofoliul-operatorului-in-urma-cu-17-ani\\\/\",\"url\":\"https:\\\/\\\/buletin.de\\\/bucuresti\\\/tarom-intrerupe-zborurile-din-bucuresti-catre-belgrad-la-finalul-lunii-octombrie-cursa-a-intrat-in-portofoliul-operatorului-in-urma-cu-17-ani\\\/\",\"name\":\"TAROM \u00eentrerupe zborurile din Bucure\u0219ti c\u0103tre Belgrad la finalul lunii octombrie. Cursa a intrat \u00een portofoliul operatorului \u00een urm\u0103 cu 17 ani - Buletin de Bucure\u0219ti\",\"isPartOf\":{\"@id\":\"https:\\\/\\\/buletin.de\\\/bucuresti\\\/#website\"},\"primaryImageOfPage\":{\"@id\":\"https:\\\/\\\/buletin.de\\\/bucuresti\\\/tarom-intrerupe-zborurile-din-bucuresti-catre-belgrad-la-finalul-lunii-octombrie-cursa-a-intrat-in-portofoliul-operatorului-in-urma-cu-17-ani\\\/#primaryimage\"},\"image\":{\"@id\":\"https:\\\/\\\/buletin.de\\\/bucuresti\\\/tarom-intrerupe-zborurile-din-bucuresti-catre-belgrad-la-finalul-lunii-octombrie-cursa-a-intrat-in-portofoliul-operatorului-in-urma-cu-17-ani\\\/#primaryimage\"},\"thumbnailUrl\":\"https:\\\/\\\/buletin.de\\\/bucuresti\\\/wp-content\\\/uploads\\\/2026\\\/09\\\/793024534_1593136455609765_5798720739360680110_n.jpg\",\"datePublished\":\"2026-09-06T07:44:31+00:00\",\"description\":\"TAROM \u00eentrerupe zborurile din Bucure\u0219ti c\u0103tre Belgrad la finalul lunii octombrie. Cursa a fost operat\u0103 timp de 17 ani.\",\"breadcrumb\":{\"@id\":\"https:\\\/\\\/buletin.de\\\/bucuresti\\\/tarom-intrerupe-zborurile-din-bucuresti-catre-belgrad-la-finalul-lunii-octombrie-cursa-a-intrat-in-portofoliul-operatorului-in-urma-cu-17-ani\\\/#breadcrumb\"},\"inLanguage\":\"en-GB\",\"potentialAction\":[{\"@type\":\"ReadAction\",\"target\":[\"https:\\\/\\\/buletin.de\\\/bucuresti\\\/tarom-intrerupe-zborurile-din-bucuresti-catre-belgrad-la-finalul-lunii-octombrie-cursa-a-intrat-in-portofoliul-operatorului-in-urma-cu-17-ani\\\/\"]}]},{\"@type\":\"ImageObject\",\"inLanguage\":\"en-GB\",\"@id\":\"https:\\\/\\\/buletin.de\\\/bucuresti\\\/tarom-intrerupe-zborurile-din-bucuresti-catre-belgrad-la-finalul-lunii-octombrie-cursa-a-intrat-in-portofoliul-operatorului-in-urma-cu-17-ani\\\/#primaryimage\",\"url\":\"https:\\\/\\\/buletin.de\\\/bucuresti\\\/wp-content\\\/uploads\\\/2026\\\/09\\\/793024534_1593136455609765_5798720739360680110_n.jpg\",\"contentUrl\":\"https:\\\/\\\/buletin.de\\\/bucuresti\\\/wp-content\\\/uploads\\\/2026\\\/09\\\/793024534_1593136455609765_5798720739360680110_n.jpg\",\"width\":1200,\"height\":800,\"caption\":\"FOTO: AirlinesTravel.ro\"},{\"@type\":\"BreadcrumbList\",\"@id\":\"https:\\\/\\\/buletin.de\\\/bucuresti\\\/tarom-intrerupe-zborurile-din-bucuresti-catre-belgrad-la-finalul-lunii-octombrie-cursa-a-intrat-in-portofoliul-operatorului-in-urma-cu-17-ani\\\/#breadcrumb\",\"itemListElement\":[{\"@type\":\"ListItem\",\"position\":1,\"name\":\"Acas\u0103\",\"item\":\"https:\\\/\\\/buletin.de\\\/bucuresti\\\/\"},{\"@type\":\"ListItem\",\"position\":2,\"name\":\"TAROM \u00eentrerupe zborurile din Bucure\u0219ti c\u0103tre Belgrad la finalul lunii octombrie. Cursa a intrat \u00een portofoliul operatorului \u00een urm\u0103 cu 17 ani\"}]},{\"@type\":\"WebSite\",\"@id\":\"https:\\\/\\\/buletin.de\\\/bucuresti\\\/#website\",\"url\":\"https:\\\/\\\/buletin.de\\\/bucuresti\\\/\",\"name\":\"Buletin de Bucure\u0219ti\",\"description\":\"\u0218tiri \u0219i investiga\u021bii esen\u021biale din capital\u0103\",\"publisher\":{\"@id\":\"https:\\\/\\\/buletin.de\\\/bucuresti\\\/#organization\"},\"potentialAction\":[{\"@type\":\"SearchAction\",\"target\":{\"@type\":\"EntryPoint\",\"urlTemplate\":\"https:\\\/\\\/buletin.de\\\/bucuresti\\\/?s={search_term_string}\"},\"query-input\":{\"@type\":\"PropertyValueSpecification\",\"valueRequired\":true,\"valueName\":\"search_term_string\"}}],\"inLanguage\":\"en-GB\"},{\"@type\":\"Organization\",\"@id\":\"https:\\\/\\\/buletin.de\\\/bucuresti\\\/#organization\",\"name\":\"Buletin de Bucure\u0219ti\",\"url\":\"https:\\\/\\\/buletin.de\\\/bucuresti\\\/\",\"logo\":{\"@type\":\"ImageObject\",\"inLanguage\":\"en-GB\",\"@id\":\"https:\\\/\\\/buletin.de\\\/bucuresti\\\/#\\\/schema\\\/logo\\\/image\\\/\",\"url\":\"https:\\\/\\\/buletin.de\\\/bucuresti\\\/wp-content\\\/uploads\\\/logo-bdb-full-wide-vernil-transparent.png\",\"contentUrl\":\"https:\\\/\\\/buletin.de\\\/bucuresti\\\/wp-content\\\/uploads\\\/logo-bdb-full-wide-vernil-transparent.png\",\"width\":1782,\"height\":626,\"caption\":\"Buletin de Bucure\u0219ti\"},\"image\":{\"@id\":\"https:\\\/\\\/buletin.de\\\/bucuresti\\\/#\\\/schema\\\/logo\\\/image\\\/\"},\"sameAs\":[\"https:\\\/\\\/www.facebook.com\\\/buletin.de.buc\",\"https:\\\/\\\/www.instagram.com\\\/buletinde.bucuresti\\\/\"]},{\"@type\":\"Person\",\"@id\":\"https:\\\/\\\/buletin.de\\\/bucuresti\\\/#\\\/schema\\\/person\\\/104a46bbe8be6e336fecf63974383951\",\"name\":\"Alexandru Stan\",\"image\":{\"@type\":\"ImageObject\",\"inLanguage\":\"en-GB\",\"@id\":\"https:\\\/\\\/buletin.de\\\/bucuresti\\\/wp-content\\\/uploads\\\/2026\\\/07\\\/BDB_Alexandru-4-96x96.jpga3c299c77690d3b1ab5def97e8de4c6c\",\"url\":\"https:\\\/\\\/buletin.de\\\/bucuresti\\\/wp-content\\\/uploads\\\/2026\\\/07\\\/BDB_Alexandru-4-96x96.jpg\",\"contentUrl\":\"https:\\\/\\\/buletin.de\\\/bucuresti\\\/wp-content\\\/uploads\\\/2026\\\/07\\\/BDB_Alexandru-4-96x96.jpg\",\"caption\":\"Alexandru Stan\"},\"description\":\"Absolvent al Colegiului Na\u021bional \u201eMihai Eminescu\u201d \u0219i student la Politehnica. Lucrez la Buletin de Bucure\u0219ti ca reporter de la v\u00e2rsta de 17 ani. M-am n\u0103scut \u0219i am crescut cu m\u00e2ndrie \u00een Bucure\u0219ti, ora\u0219ul pove\u0219tilor \u0219i al c\u0103su\u021belor cu porti\u021b\u0103 \u0219i ci\u0219mea. Cred \u00een jurnalismul f\u0103cut de cet\u0103\u021beni pentru cet\u0103\u021beni \u0219i \u00een faptul c\u0103 presa este a patra putere \u00een stat. M\u0103 str\u0103duiesc s\u0103 v\u0103 aduc, pe ecrane, tot ce \u201emi\u0219c\u0103\u201d prin Bucure\u0219ti, de la proiecte de consiliu local \u0219i interviuri p\u00e2n\u0103 la pove\u0219ti de weekend \u0219i reportaje.\",\"url\":\"https:\\\/\\\/buletin.de\\\/bucuresti\\\/author\\\/alexandru-stan\\\/\"}]}<\/script>\n<!-- \/ Yoast SEO Premium plugin. -->","yoast_head_json":{"title":"TAROM \u00eentrerupe zborurile din Bucure\u0219ti c\u0103tre Belgrad la finalul lunii octombrie. Cursa a intrat \u00een portofoliul operatorului \u00een urm\u0103 cu 17 ani - Buletin de Bucure\u0219ti","description":"TAROM \u00eentrerupe zborurile din Bucure\u0219ti c\u0103tre Belgrad la finalul lunii octombrie. Cursa a fost operat\u0103 timp de 17 ani.","robots":{"index":"index","follow":"follow","max-snippet":"max-snippet:-1","max-image-preview":"max-image-preview:large","max-video-preview":"max-video-preview:-1"},"canonical":"https:\/\/buletin.de\/bucuresti\/tarom-intrerupe-zborurile-din-bucuresti-catre-belgrad-la-finalul-lunii-octombrie-cursa-a-intrat-in-portofoliul-operatorului-in-urma-cu-17-ani\/","og_locale":"en_GB","og_type":"article","og_title":"TAROM \u00eentrerupe zborurile din Bucure\u0219ti c\u0103tre Belgrad la finalul lunii octombrie. Cursa a intrat \u00een portofoliul operatorului \u00een urm\u0103 cu 17 ani","og_description":"TAROM \u00eentrerupe zborurile din Bucure\u0219ti c\u0103tre Belgrad la finalul lunii octombrie. Cursa a fost operat\u0103 timp de 17 ani.","og_url":"https:\/\/buletin.de\/bucuresti\/tarom-intrerupe-zborurile-din-bucuresti-catre-belgrad-la-finalul-lunii-octombrie-cursa-a-intrat-in-portofoliul-operatorului-in-urma-cu-17-ani\/","og_site_name":"Buletin de Bucure\u0219ti","article_publisher":"https:\/\/www.facebook.com\/buletin.de.buc","article_published_time":"2026-09-06T07:44:31+00:00","og_image":[{"width":1200,"height":800,"url":"https:\/\/buletin.de\/bucuresti\/wp-content\/uploads\/2026\/09\/793024534_1593136455609765_5798720739360680110_n.jpg","type":"image\/jpeg"}],"author":"Alexandru Stan","twitter_card":"summary_large_image","twitter_misc":{"Written by":"Alexandru Stan","Estimated reading time":"2 minutes"},"schema":{"@context":"https:\/\/schema.org","@graph":[{"@type":"Article","@id":"https:\/\/buletin.de\/bucuresti\/tarom-intrerupe-zborurile-din-bucuresti-catre-belgrad-la-finalul-lunii-octombrie-cursa-a-intrat-in-portofoliul-operatorului-in-urma-cu-17-ani\/#article","isPartOf":{"@id":"https:\/\/buletin.de\/bucuresti\/tarom-intrerupe-zborurile-din-bucuresti-catre-belgrad-la-finalul-lunii-octombrie-cursa-a-intrat-in-portofoliul-operatorului-in-urma-cu-17-ani\/"},"author":{"name":"Alexandru Stan","@id":"https:\/\/buletin.de\/bucuresti\/#\/schema\/person\/104a46bbe8be6e336fecf63974383951"},"headline":"TAROM \u00eentrerupe zborurile din Bucure\u0219ti c\u0103tre Belgrad la finalul lunii octombrie. Cursa a intrat \u00een portofoliul operatorului \u00een urm\u0103 cu 17 ani","datePublished":"2026-09-06T07:44:31+00:00","mainEntityOfPage":{"@id":"https:\/\/buletin.de\/bucuresti\/tarom-intrerupe-zborurile-din-bucuresti-catre-belgrad-la-finalul-lunii-octombrie-cursa-a-intrat-in-portofoliul-operatorului-in-urma-cu-17-ani\/"},"wordCount":424,"publisher":{"@id":"https:\/\/buletin.de\/bucuresti\/#organization"},"image":{"@id":"https:\/\/buletin.de\/bucuresti\/tarom-intrerupe-zborurile-din-bucuresti-catre-belgrad-la-finalul-lunii-octombrie-cursa-a-intrat-in-portofoliul-operatorului-in-urma-cu-17-ani\/#primaryimage"},"thumbnailUrl":"https:\/\/buletin.de\/bucuresti\/wp-content\/uploads\/2026\/09\/793024534_1593136455609765_5798720739360680110_n.jpg","keywords":["aeroport otopeni","air serbia","Belgrad","bucure\u0219ti - belgrad","Tarom"],"articleSection":["Articole","\u0218tiri","Transport"],"inLanguage":"en-GB","copyrightYear":"2026","copyrightHolder":{"@id":"https:\/\/buletin.de\/bucuresti\/#organization"}},{"@type":"WebPage","@id":"https:\/\/buletin.de\/bucuresti\/tarom-intrerupe-zborurile-din-bucuresti-catre-belgrad-la-finalul-lunii-octombrie-cursa-a-intrat-in-portofoliul-operatorului-in-urma-cu-17-ani\/","url":"https:\/\/buletin.de\/bucuresti\/tarom-intrerupe-zborurile-din-bucuresti-catre-belgrad-la-finalul-lunii-octombrie-cursa-a-intrat-in-portofoliul-operatorului-in-urma-cu-17-ani\/","name":"TAROM \u00eentrerupe zborurile din Bucure\u0219ti c\u0103tre Belgrad la finalul lunii octombrie. Cursa a intrat \u00een portofoliul operatorului \u00een urm\u0103 cu 17 ani - Buletin de Bucure\u0219ti","isPartOf":{"@id":"https:\/\/buletin.de\/bucuresti\/#website"},"primaryImageOfPage":{"@id":"https:\/\/buletin.de\/bucuresti\/tarom-intrerupe-zborurile-din-bucuresti-catre-belgrad-la-finalul-lunii-octombrie-cursa-a-intrat-in-portofoliul-operatorului-in-urma-cu-17-ani\/#primaryimage"},"image":{"@id":"https:\/\/buletin.de\/bucuresti\/tarom-intrerupe-zborurile-din-bucuresti-catre-belgrad-la-finalul-lunii-octombrie-cursa-a-intrat-in-portofoliul-operatorului-in-urma-cu-17-ani\/#primaryimage"},"thumbnailUrl":"https:\/\/buletin.de\/bucuresti\/wp-content\/uploads\/2026\/09\/793024534_1593136455609765_5798720739360680110_n.jpg","datePublished":"2026-09-06T07:44:31+00:00","description":"TAROM \u00eentrerupe zborurile din Bucure\u0219ti c\u0103tre Belgrad la finalul lunii octombrie. Cursa a fost operat\u0103 timp de 17 ani.","breadcrumb":{"@id":"https:\/\/buletin.de\/bucuresti\/tarom-intrerupe-zborurile-din-bucuresti-catre-belgrad-la-finalul-lunii-octombrie-cursa-a-intrat-in-portofoliul-operatorului-in-urma-cu-17-ani\/#breadcrumb"},"inLanguage":"en-GB","potentialAction":[{"@type":"ReadAction","target":["https:\/\/buletin.de\/bucuresti\/tarom-intrerupe-zborurile-din-bucuresti-catre-belgrad-la-finalul-lunii-octombrie-cursa-a-intrat-in-portofoliul-operatorului-in-urma-cu-17-ani\/"]}]},{"@type":"ImageObject","inLanguage":"en-GB","@id":"https:\/\/buletin.de\/bucuresti\/tarom-intrerupe-zborurile-din-bucuresti-catre-belgrad-la-finalul-lunii-octombrie-cursa-a-intrat-in-portofoliul-operatorului-in-urma-cu-17-ani\/#primaryimage","url":"https:\/\/buletin.de\/bucuresti\/wp-content\/uploads\/2026\/09\/793024534_1593136455609765_5798720739360680110_n.jpg","contentUrl":"https:\/\/buletin.de\/bucuresti\/wp-content\/uploads\/2026\/09\/793024534_1593136455609765_5798720739360680110_n.jpg","width":1200,"height":800,"caption":"FOTO: AirlinesTravel.ro"},{"@type":"BreadcrumbList","@id":"https:\/\/buletin.de\/bucuresti\/tarom-intrerupe-zborurile-din-bucuresti-catre-belgrad-la-finalul-lunii-octombrie-cursa-a-intrat-in-portofoliul-operatorului-in-urma-cu-17-ani\/#breadcrumb","itemListElement":[{"@type":"ListItem","position":1,"name":"Acas\u0103","item":"https:\/\/buletin.de\/bucuresti\/"},{"@type":"ListItem","position":2,"name":"TAROM \u00eentrerupe zborurile din Bucure\u0219ti c\u0103tre Belgrad la finalul lunii octombrie. Cursa a intrat \u00een portofoliul operatorului \u00een urm\u0103 cu 17 ani"}]},{"@type":"WebSite","@id":"https:\/\/buletin.de\/bucuresti\/#website","url":"https:\/\/buletin.de\/bucuresti\/","name":"Buletin de Bucure\u0219ti","description":"\u0218tiri \u0219i investiga\u021bii esen\u021biale din capital\u0103","publisher":{"@id":"https:\/\/buletin.de\/bucuresti\/#organization"},"potentialAction":[{"@type":"SearchAction","target":{"@type":"EntryPoint","urlTemplate":"https:\/\/buletin.de\/bucuresti\/?s={search_term_string}"},"query-input":{"@type":"PropertyValueSpecification","valueRequired":true,"valueName":"search_term_string"}}],"inLanguage":"en-GB"},{"@type":"Organization","@id":"https:\/\/buletin.de\/bucuresti\/#organization","name":"Buletin de Bucure\u0219ti","url":"https:\/\/buletin.de\/bucuresti\/","logo":{"@type":"ImageObject","inLanguage":"en-GB","@id":"https:\/\/buletin.de\/bucuresti\/#\/schema\/logo\/image\/","url":"https:\/\/buletin.de\/bucuresti\/wp-content\/uploads\/logo-bdb-full-wide-vernil-transparent.png","contentUrl":"https:\/\/buletin.de\/bucuresti\/wp-content\/uploads\/logo-bdb-full-wide-vernil-transparent.png","width":1782,"height":626,"caption":"Buletin de Bucure\u0219ti"},"image":{"@id":"https:\/\/buletin.de\/bucuresti\/#\/schema\/logo\/image\/"},"sameAs":["https:\/\/www.facebook.com\/buletin.de.buc","https:\/\/www.instagram.com\/buletinde.bucuresti\/"]},{"@type":"Person","@id":"https:\/\/buletin.de\/bucuresti\/#\/schema\/person\/104a46bbe8be6e336fecf63974383951","name":"Alexandru Stan","image":{"@type":"ImageObject","inLanguage":"en-GB","@id":"https:\/\/buletin.de\/bucuresti\/wp-content\/uploads\/2026\/07\/BDB_Alexandru-4-96x96.jpga3c299c77690d3b1ab5def97e8de4c6c","url":"https:\/\/buletin.de\/bucuresti\/wp-content\/uploads\/2026\/07\/BDB_Alexandru-4-96x96.jpg","contentUrl":"https:\/\/buletin.de\/bucuresti\/wp-content\/uploads\/2026\/07\/BDB_Alexandru-4-96x96.jpg","caption":"Alexandru Stan"},"description":"Absolvent al Colegiului Na\u021bional \u201eMihai Eminescu\u201d \u0219i student la Politehnica. Lucrez la Buletin de Bucure\u0219ti ca reporter de la v\u00e2rsta de 17 ani. M-am n\u0103scut \u0219i am crescut cu m\u00e2ndrie \u00een Bucure\u0219ti, ora\u0219ul pove\u0219tilor \u0219i al c\u0103su\u021belor cu porti\u021b\u0103 \u0219i ci\u0219mea. Cred \u00een jurnalismul f\u0103cut de cet\u0103\u021beni pentru cet\u0103\u021beni \u0219i \u00een faptul c\u0103 presa este a patra putere \u00een stat. M\u0103 str\u0103duiesc s\u0103 v\u0103 aduc, pe ecrane, tot ce \u201emi\u0219c\u0103\u201d prin Bucure\u0219ti, de la proiecte de consiliu local \u0219i interviuri p\u00e2n\u0103 la pove\u0219ti de weekend \u0219i reportaje.","url":"https:\/\/buletin.de\/bucuresti\/author\/alexandru-stan\/"}]}},"authors":[{"term_id":22577,"user_id":61,"is_guest":0,"slug":"alexandru-stan","display_name":"Alexandru Stan","avatar_url":"https:\/\/buletin.de\/bucuresti\/wp-content\/uploads\/2026\/07\/BDB_Alexandru-4-96x96.jpg","author_category":"","first_name":"Alexandru","last_name":"Stan","user_url":"","job_title":"","description":"Absolvent al Colegiului Na\u021bional \u201eMihai Eminescu\u201d \u0219i student la Politehnica. Lucrez la Buletin de Bucure\u0219ti ca reporter de la v\u00e2rsta de 17 ani. M-am n\u0103scut \u0219i am crescut cu m\u00e2ndrie \u00een Bucure\u0219ti, ora\u0219ul pove\u0219tilor \u0219i al c\u0103su\u021belor cu porti\u021b\u0103 \u0219i ci\u0219mea.\r\n\r\nCred \u00een jurnalismul f\u0103cut de cet\u0103\u021beni pentru cet\u0103\u021beni \u0219i \u00een faptul c\u0103 presa este a patra putere \u00een stat. M\u0103 str\u0103duiesc s\u0103 v\u0103 aduc, pe ecrane, tot ce \u201emi\u0219c\u0103\u201d prin Bucure\u0219ti, de la proiecte de consiliu local \u0219i interviuri p\u00e2n\u0103 la pove\u0219ti de weekend \u0219i reportaje."}],"_links":{"self":[{"href":"https:\/\/buletin.de\/bucuresti\/wp-json\/wp\/v2\/posts\/216217","targetHints":{"allow":["GET"]}}],"collection":[{"href":"https:\/\/buletin.de\/bucuresti\/wp-json\/wp\/v2\/posts"}],"about":[{"href":"https:\/\/buletin.de\/bucuresti\/wp-json\/wp\/v2\/types\/post"}],"author":[{"embeddable":true,"href":"https:\/\/buletin.de\/bucuresti\/wp-json\/wp\/v2\/users\/61"}],"replies":[{"embeddable":true,"href":"https:\/\/buletin.de\/bucuresti\/wp-json\/wp\/v2\/comments?post=216217"}],"version-history":[{"count":4,"href":"https:\/\/buletin.de\/bucuresti\/wp-json\/wp\/v2\/posts\/216217\/revisions"}],"predecessor-version":[{"id":216225,"href":"https:\/\/buletin.de\/bucuresti\/wp-json\/wp\/v2\/posts\/216217\/revisions\/216225"}],"wp:featuredmedia":[{"embeddable":true,"href":"https:\/\/buletin.de\/bucuresti\/wp-json\/wp\/v2\/media\/216222"}],"wp:attachment":[{"href":"https:\/\/buletin.de\/bucuresti\/wp-json\/wp\/v2\/media?parent=216217"}],"wp:term":[{"taxonomy":"category","embeddable":true,"href":"https:\/\/buletin.de\/bucuresti\/wp-json\/wp\/v2\/categories?post=216217"},{"taxonomy":"post_tag","embeddable":true,"href":"https:\/\/buletin.de\/bucuresti\/wp-json\/wp\/v2\/tags?post=216217"},{"taxonomy":"author","embeddable":true,"href":"https:\/\/buletin.de\/bucuresti\/wp-json\/wp\/v2\/ppma_author?post=216217"}],"curies":[{"name":"wp","href":"https:\/\/api.w.org\/{rel}","templated":true}]}}