{"id":216213,"date":"2026-09-06T08:04:05","date_gmt":"2026-09-06T05:04:05","guid":{"rendered":"https:\/\/buletin.de\/bucuresti\/?p=216213"},"modified":"2026-09-06T08:04:05","modified_gmt":"2026-09-06T05:04:05","slug":"padurea-baneasa-federatia-greenfield-dupa-victoria-in-instanta-am-fost-obligati-sa-ne-aparam-in-fata-mesajelor-instigatoare-ale-ministerului-mediului","status":"publish","type":"post","link":"https:\/\/buletin.de\/bucuresti\/padurea-baneasa-federatia-greenfield-dupa-victoria-in-instanta-am-fost-obligati-sa-ne-aparam-in-fata-mesajelor-instigatoare-ale-ministerului-mediului\/","title":{"rendered":"P\u0102DUREA B\u0102NEASA | Federa\u021bia Greenfield, dup\u0103 victoria \u00een instan\u021b\u0103: \u201eAm fost obliga\u021bi s\u0103 ne ap\u0103r\u0103m \u00een fa\u021ba mesajelor instigatoare ale Ministerului Mediului\u201d"},"content":{"rendered":"\n<p class=\"wp-block-paragraph\"><strong>La o zi dup\u0103 ce instan\u021ba a obligat definitiv Romsilva s\u0103 permit\u0103 accesul auto prin P\u0103durea B\u0103neasa, Federa\u021bia Greenfield acuz\u0103 Ministerul Mediului de transmiterea unor \u201emesaje instigatoare\u201d. <\/strong><strong>Reprezentan\u021bii locuitorilor din cartier anun\u021b\u0103 c\u0103 decizia de redeschidere a drumului forestier este valabil\u0103 cel t\u00e2rziu p\u00e2n\u0103 \u00een toamna anului 2028 \u0219i promit un proiect de protejare a ariei naturale.<\/strong><\/p>\n\n\n\n<p class=\"wp-block-paragraph\">Federa\u021bia Greenfield a reac\u021bionat public dup\u0103 decizia definitiv\u0103 \u0219i executorie pronun\u021bat\u0103 cu o zi \u00een urm\u0103 de Curtea de Apel Bucure\u0219ti. Instan\u021ba a admis apelul asocia\u021biei \u0219i a obligat Regia Na\u021bional\u0103 a P\u0103durilor(RNP) Romsilva \u0219i Direc\u021bia Silvic\u0103 Ilfov s\u0103 asigure din nou accesul auto pe drumul forestier Consolight\u2013Padina.<\/p>\n\n\n\n<p class=\"wp-block-paragraph\">Conform asocia\u021biei, hot\u0103r\u00e2rea judec\u0103toreasc\u0103 ar pune lucrurile \u00een ordinea lor fireasc\u0103 \u0219i opre\u0219te, cel pu\u021bin temporar, o situa\u021bie considerat\u0103 abuziv\u0103 \u00eenc\u0103 de la \u00eenceput. Redeschiderea se face respect\u00e2nd condi\u021biile contractului de peaj deja existent, care a fost subiectul litigiului.<\/p>\n\n\n\n<p class=\"wp-block-paragraph\"><strong>CITE\u0218TE \u0218I <a href=\"https:\/\/buletin.de\/bucuresti\/curtea-de-apel-obliga-romsilva-sa-redeschida-drumul-auto-prin-padurea-baneasa-pentru-locuitorii-din-greenfield-decizia-este-definitiva\/\">Curtea de Apel oblig\u0103 Romsilva s\u0103 redeschid\u0103 drumul auto prin P\u0103durea B\u0103neasa, pentru locuitorii din Greenfield. Decizia este definitiv\u0103<\/a><\/strong><\/p>\n\n\n\n<p class=\"wp-block-paragraph\">Acest acces rutier va fi asigurat p\u00e2n\u0103 la solu\u021bionarea definitiv\u0103 a dosarelor de fond privind legalitatea contractului, \u00eens\u0103 nu mai t\u00e2rziu de data de 1 septembrie 2028.<\/p>\n\n\n\n<h2 id=\"h-acuza\u021bii-la-adresa-ministerului-mediului\" class=\"wp-block-heading\"><strong>Acuza\u021bii la adresa Ministerului Mediului<\/strong><\/h2>\n\n\n\n<p class=\"wp-block-paragraph\">Reprezentan\u021bii Greenfield sus\u021bin c\u0103 au fost for\u021ba\u021bi s\u0103 ajung\u0103 \u00een instan\u021b\u0103 din cauza lipsei unor solu\u021bii institu\u021bionale pentru problema de mobilitate a comunit\u0103\u021bii. Ace\u0219tia vizeaz\u0103 direct Ministerul Mediului, condus \u00een prezent de Diana Buzoianu(USR) \u0219i anterior de Mircea Fechet(PNL).<\/p>\n\n\n\n<p class=\"wp-block-paragraph\">\u201e<em>Timp de luni de zile, am fost obliga\u021bi s\u0103 ne ap\u0103r\u0103m \u00een instan\u021b\u0103 \u00een fa\u021ba consecin\u021belor unor decizii, pozi\u021bii publice \u0219i mesaje pe care le-am considerat, nu de pu\u021bine ori, instigatoare, venite din zona Ministerului Mediului<\/em>\u201d, se precizeaz\u0103 \u00een comunicatul al federa\u021biei.<\/p>\n\n\n\n<p class=\"wp-block-paragraph\">Aceast\u0103 reac\u021bie public\u0103 vine \u00een contextul \u00een care actualul ministru, Diana Buzoianu, a criticat vineri hot\u0103r\u00e2rea judec\u0103torilor. Ministrul Mediului a reamintit publicului c\u0103 raportul Corpului de Control a identificat nereguli grave privind statutul drumului forestier \u0219i a asociat decizia magistra\u021bilor cu refuzul reform\u0103rii justi\u021biei.<\/p>\n\n\n\n<p class=\"wp-block-paragraph\"><strong>CITE\u0218TE \u0218I:\u00a0<a href=\"https:\/\/buletin.de\/bucuresti\/padurea-baneasa-drumul-super-locuitorilor-din-greenfield-ar-urma-sa-fie-reimpadurit-ministerul-mediului-a-constatat-nereguli-grave-si-cere-inclusiv-recuperarea-unui-prejudiciu\/\" target=\"_blank\" rel=\"noreferrer noopener\">P\u0103durea B\u0103neasa | Drumul \u201esuper-locuitorilor\u201c din Greenfield ar urma s\u0103 fie re\u00eemp\u0103durit. Ministerul Mediului a constatat nereguli grave \u0219i cere inclusiv recuperarea unui prejudiciu<\/a><\/strong><\/p>\n","protected":false},"excerpt":{"rendered":"<p>La o zi dup\u0103 ce instan\u021ba a obligat definitiv Romsilva s\u0103 permit\u0103 accesul auto prin P\u0103durea B\u0103neasa, Federa\u021bia Greenfield acuz\u0103 Ministerul Mediului de transmiterea unor \u201emesaje instigatoare\u201d. Reprezentan\u021bii locuitorilor din cartier anun\u021b\u0103 c\u0103 decizia de redeschidere a drumului forestier este valabil\u0103 cel t\u00e2rziu p\u00e2n\u0103 \u00een toamna anului 2028 \u0219i promit un proiect de protejare a [&hellip;]<\/p>\n","protected":false},"author":10,"featured_media":197768,"comment_status":"closed","ping_status":"open","sticky":false,"template":"","format":"standard","meta":{"_acf_changed":false,"inline_featured_image":false,"ngg_post_thumbnail":0,"footnotes":""},"categories":[6994,5762,109],"tags":[30645,30646,18748,30644,30625,639,509,512],"ppma_author":[22575],"class_list":["post-216213","post","type-post","status-publish","format-standard","has-post-thumbnail","hentry","category-stiri-2","category-main","category-mediu","tag-acces-auto-greenfield","tag-decizie-curtea-de-apel-bucuresti","tag-diana-buzoianu","tag-drum-forestier-consolight-padina","tag-federatia-greenfield-2","tag-ministerul-mediului","tag-padurea-baneasa","tag-romsilva"],"acf":[],"a3_pvc":{"activated":false,"total_views":0,"today_views":0},"yoast_head":"<!-- This site is optimized with the Yoast SEO Premium plugin v28.0 (Yoast SEO v28.4) - https:\/\/yoast.com\/product\/yoast-seo-premium-wordpress\/ -->\n<title>P\u0102DUREA B\u0102NEASA | Federa\u021bia Greenfield, dup\u0103 victoria \u00een instan\u021b\u0103: \u201eAm fost obliga\u021bi s\u0103 ne ap\u0103r\u0103m \u00een fa\u021ba mesajelor instigatoare ale Ministerului Mediului\u201d - Buletin de Bucure\u0219ti<\/title>\n<meta name=\"robots\" content=\"index, follow, max-snippet:-1, max-image-preview:large, max-video-preview:-1\" \/>\n<link rel=\"canonical\" href=\"https:\/\/buletin.de\/bucuresti\/padurea-baneasa-federatia-greenfield-dupa-victoria-in-instanta-am-fost-obligati-sa-ne-aparam-in-fata-mesajelor-instigatoare-ale-ministerului-mediului\/\" \/>\n<meta property=\"og:locale\" content=\"en_GB\" \/>\n<meta property=\"og:type\" content=\"article\" \/>\n<meta property=\"og:title\" content=\"P\u0102DUREA B\u0102NEASA | Federa\u021bia Greenfield, dup\u0103 victoria \u00een instan\u021b\u0103: \u201eAm fost obliga\u021bi s\u0103 ne ap\u0103r\u0103m \u00een fa\u021ba mesajelor instigatoare ale Ministerului Mediului\u201d\" \/>\n<meta property=\"og:description\" content=\"La o zi dup\u0103 ce instan\u021ba a obligat definitiv Romsilva s\u0103 permit\u0103 accesul auto prin P\u0103durea B\u0103neasa, Federa\u021bia Greenfield acuz\u0103 Ministerul Mediului de transmiterea unor \u201emesaje instigatoare\u201d. Reprezentan\u021bii locuitorilor din cartier anun\u021b\u0103 c\u0103 decizia de redeschidere a drumului forestier este valabil\u0103 cel t\u00e2rziu p\u00e2n\u0103 \u00een toamna anului 2028 \u0219i promit un proiect de protejare a [&hellip;]\" \/>\n<meta property=\"og:url\" content=\"https:\/\/buletin.de\/bucuresti\/padurea-baneasa-federatia-greenfield-dupa-victoria-in-instanta-am-fost-obligati-sa-ne-aparam-in-fata-mesajelor-instigatoare-ale-ministerului-mediului\/\" \/>\n<meta property=\"og:site_name\" content=\"Buletin de Bucure\u0219ti\" \/>\n<meta property=\"article:publisher\" content=\"https:\/\/www.facebook.com\/buletin.de.buc\" \/>\n<meta property=\"article:published_time\" content=\"2026-09-06T05:04:05+00:00\" \/>\n<meta property=\"og:image\" content=\"https:\/\/buletin.de\/bucuresti\/wp-content\/uploads\/2026\/06\/ID317768_INQUAM_Photos_Ovidiu_Micsik-1600x1067-1-1.jpg\" \/>\n\t<meta property=\"og:image:width\" content=\"1600\" \/>\n\t<meta property=\"og:image:height\" content=\"1067\" \/>\n\t<meta property=\"og:image:type\" content=\"image\/jpeg\" \/>\n<meta name=\"author\" content=\"C\u0103t\u0103lin Dosca\u0219\" \/>\n<meta name=\"twitter:card\" content=\"summary_large_image\" \/>\n<meta name=\"twitter:label1\" content=\"Written by\" \/>\n\t<meta name=\"twitter:data1\" content=\"C\u0103t\u0103lin Dosca\u0219\" \/>\n\t<meta name=\"twitter:label2\" content=\"Estimated reading time\" \/>\n\t<meta name=\"twitter:data2\" content=\"2 minutes\" \/>\n<script type=\"application\/ld+json\" class=\"yoast-schema-graph\">{\"@context\":\"https:\\\/\\\/schema.org\",\"@graph\":[{\"@type\":\"Article\",\"@id\":\"https:\\\/\\\/buletin.de\\\/bucuresti\\\/padurea-baneasa-federatia-greenfield-dupa-victoria-in-instanta-am-fost-obligati-sa-ne-aparam-in-fata-mesajelor-instigatoare-ale-ministerului-mediului\\\/#article\",\"isPartOf\":{\"@id\":\"https:\\\/\\\/buletin.de\\\/bucuresti\\\/padurea-baneasa-federatia-greenfield-dupa-victoria-in-instanta-am-fost-obligati-sa-ne-aparam-in-fata-mesajelor-instigatoare-ale-ministerului-mediului\\\/\"},\"author\":{\"name\":\"C\u0103t\u0103lin Dosca\u0219\",\"@id\":\"https:\\\/\\\/buletin.de\\\/bucuresti\\\/#\\\/schema\\\/person\\\/31117187ed4d0bdb0a4c7d6acc79d0f8\"},\"headline\":\"P\u0102DUREA B\u0102NEASA | Federa\u021bia Greenfield, dup\u0103 victoria \u00een instan\u021b\u0103: \u201eAm fost obliga\u021bi s\u0103 ne ap\u0103r\u0103m \u00een fa\u021ba mesajelor instigatoare ale Ministerului Mediului\u201d\",\"datePublished\":\"2026-09-06T05:04:05+00:00\",\"mainEntityOfPage\":{\"@id\":\"https:\\\/\\\/buletin.de\\\/bucuresti\\\/padurea-baneasa-federatia-greenfield-dupa-victoria-in-instanta-am-fost-obligati-sa-ne-aparam-in-fata-mesajelor-instigatoare-ale-ministerului-mediului\\\/\"},\"wordCount\":436,\"publisher\":{\"@id\":\"https:\\\/\\\/buletin.de\\\/bucuresti\\\/#organization\"},\"image\":{\"@id\":\"https:\\\/\\\/buletin.de\\\/bucuresti\\\/padurea-baneasa-federatia-greenfield-dupa-victoria-in-instanta-am-fost-obligati-sa-ne-aparam-in-fata-mesajelor-instigatoare-ale-ministerului-mediului\\\/#primaryimage\"},\"thumbnailUrl\":\"https:\\\/\\\/buletin.de\\\/bucuresti\\\/wp-content\\\/uploads\\\/2026\\\/06\\\/ID317768_INQUAM_Photos_Ovidiu_Micsik-1600x1067-1-1.jpg\",\"keywords\":[\"acces auto Greenfield\",\"decizie Curtea de Apel Bucuresti\",\"diana buzoianu\",\"drum forestier Consolight-Padina\",\"federatia greenfield\",\"ministerul mediului\",\"padurea baneasa\",\"romsilva\"],\"articleSection\":[\"Articole\",\"Main\",\"Mediu\"],\"inLanguage\":\"en-GB\",\"copyrightYear\":\"2026\",\"copyrightHolder\":{\"@id\":\"https:\\\/\\\/buletin.de\\\/bucuresti\\\/#organization\"}},{\"@type\":\"WebPage\",\"@id\":\"https:\\\/\\\/buletin.de\\\/bucuresti\\\/padurea-baneasa-federatia-greenfield-dupa-victoria-in-instanta-am-fost-obligati-sa-ne-aparam-in-fata-mesajelor-instigatoare-ale-ministerului-mediului\\\/\",\"url\":\"https:\\\/\\\/buletin.de\\\/bucuresti\\\/padurea-baneasa-federatia-greenfield-dupa-victoria-in-instanta-am-fost-obligati-sa-ne-aparam-in-fata-mesajelor-instigatoare-ale-ministerului-mediului\\\/\",\"name\":\"P\u0102DUREA B\u0102NEASA | Federa\u021bia Greenfield, dup\u0103 victoria \u00een instan\u021b\u0103: \u201eAm fost obliga\u021bi s\u0103 ne ap\u0103r\u0103m \u00een fa\u021ba mesajelor instigatoare ale Ministerului Mediului\u201d - Buletin de Bucure\u0219ti\",\"isPartOf\":{\"@id\":\"https:\\\/\\\/buletin.de\\\/bucuresti\\\/#website\"},\"primaryImageOfPage\":{\"@id\":\"https:\\\/\\\/buletin.de\\\/bucuresti\\\/padurea-baneasa-federatia-greenfield-dupa-victoria-in-instanta-am-fost-obligati-sa-ne-aparam-in-fata-mesajelor-instigatoare-ale-ministerului-mediului\\\/#primaryimage\"},\"image\":{\"@id\":\"https:\\\/\\\/buletin.de\\\/bucuresti\\\/padurea-baneasa-federatia-greenfield-dupa-victoria-in-instanta-am-fost-obligati-sa-ne-aparam-in-fata-mesajelor-instigatoare-ale-ministerului-mediului\\\/#primaryimage\"},\"thumbnailUrl\":\"https:\\\/\\\/buletin.de\\\/bucuresti\\\/wp-content\\\/uploads\\\/2026\\\/06\\\/ID317768_INQUAM_Photos_Ovidiu_Micsik-1600x1067-1-1.jpg\",\"datePublished\":\"2026-09-06T05:04:05+00:00\",\"breadcrumb\":{\"@id\":\"https:\\\/\\\/buletin.de\\\/bucuresti\\\/padurea-baneasa-federatia-greenfield-dupa-victoria-in-instanta-am-fost-obligati-sa-ne-aparam-in-fata-mesajelor-instigatoare-ale-ministerului-mediului\\\/#breadcrumb\"},\"inLanguage\":\"en-GB\",\"potentialAction\":[{\"@type\":\"ReadAction\",\"target\":[\"https:\\\/\\\/buletin.de\\\/bucuresti\\\/padurea-baneasa-federatia-greenfield-dupa-victoria-in-instanta-am-fost-obligati-sa-ne-aparam-in-fata-mesajelor-instigatoare-ale-ministerului-mediului\\\/\"]}]},{\"@type\":\"ImageObject\",\"inLanguage\":\"en-GB\",\"@id\":\"https:\\\/\\\/buletin.de\\\/bucuresti\\\/padurea-baneasa-federatia-greenfield-dupa-victoria-in-instanta-am-fost-obligati-sa-ne-aparam-in-fata-mesajelor-instigatoare-ale-ministerului-mediului\\\/#primaryimage\",\"url\":\"https:\\\/\\\/buletin.de\\\/bucuresti\\\/wp-content\\\/uploads\\\/2026\\\/06\\\/ID317768_INQUAM_Photos_Ovidiu_Micsik-1600x1067-1-1.jpg\",\"contentUrl\":\"https:\\\/\\\/buletin.de\\\/bucuresti\\\/wp-content\\\/uploads\\\/2026\\\/06\\\/ID317768_INQUAM_Photos_Ovidiu_Micsik-1600x1067-1-1.jpg\",\"width\":1600,\"height\":1067,\"caption\":\"FOTO: Inquam Photos \\\/ Ovidiu Micsik\"},{\"@type\":\"BreadcrumbList\",\"@id\":\"https:\\\/\\\/buletin.de\\\/bucuresti\\\/padurea-baneasa-federatia-greenfield-dupa-victoria-in-instanta-am-fost-obligati-sa-ne-aparam-in-fata-mesajelor-instigatoare-ale-ministerului-mediului\\\/#breadcrumb\",\"itemListElement\":[{\"@type\":\"ListItem\",\"position\":1,\"name\":\"Acas\u0103\",\"item\":\"https:\\\/\\\/buletin.de\\\/bucuresti\\\/\"},{\"@type\":\"ListItem\",\"position\":2,\"name\":\"P\u0102DUREA B\u0102NEASA | Federa\u021bia Greenfield, dup\u0103 victoria \u00een instan\u021b\u0103: \u201eAm fost obliga\u021bi s\u0103 ne ap\u0103r\u0103m \u00een fa\u021ba mesajelor instigatoare ale Ministerului Mediului\u201d\"}]},{\"@type\":\"WebSite\",\"@id\":\"https:\\\/\\\/buletin.de\\\/bucuresti\\\/#website\",\"url\":\"https:\\\/\\\/buletin.de\\\/bucuresti\\\/\",\"name\":\"Buletin de Bucure\u0219ti\",\"description\":\"\u0218tiri \u0219i investiga\u021bii esen\u021biale din capital\u0103\",\"publisher\":{\"@id\":\"https:\\\/\\\/buletin.de\\\/bucuresti\\\/#organization\"},\"potentialAction\":[{\"@type\":\"SearchAction\",\"target\":{\"@type\":\"EntryPoint\",\"urlTemplate\":\"https:\\\/\\\/buletin.de\\\/bucuresti\\\/?s={search_term_string}\"},\"query-input\":{\"@type\":\"PropertyValueSpecification\",\"valueRequired\":true,\"valueName\":\"search_term_string\"}}],\"inLanguage\":\"en-GB\"},{\"@type\":\"Organization\",\"@id\":\"https:\\\/\\\/buletin.de\\\/bucuresti\\\/#organization\",\"name\":\"Buletin de Bucure\u0219ti\",\"url\":\"https:\\\/\\\/buletin.de\\\/bucuresti\\\/\",\"logo\":{\"@type\":\"ImageObject\",\"inLanguage\":\"en-GB\",\"@id\":\"https:\\\/\\\/buletin.de\\\/bucuresti\\\/#\\\/schema\\\/logo\\\/image\\\/\",\"url\":\"https:\\\/\\\/buletin.de\\\/bucuresti\\\/wp-content\\\/uploads\\\/logo-bdb-full-wide-vernil-transparent.png\",\"contentUrl\":\"https:\\\/\\\/buletin.de\\\/bucuresti\\\/wp-content\\\/uploads\\\/logo-bdb-full-wide-vernil-transparent.png\",\"width\":1782,\"height\":626,\"caption\":\"Buletin de Bucure\u0219ti\"},\"image\":{\"@id\":\"https:\\\/\\\/buletin.de\\\/bucuresti\\\/#\\\/schema\\\/logo\\\/image\\\/\"},\"sameAs\":[\"https:\\\/\\\/www.facebook.com\\\/buletin.de.buc\",\"https:\\\/\\\/www.instagram.com\\\/buletinde.bucuresti\\\/\"]},{\"@type\":\"Person\",\"@id\":\"https:\\\/\\\/buletin.de\\\/bucuresti\\\/#\\\/schema\\\/person\\\/31117187ed4d0bdb0a4c7d6acc79d0f8\",\"name\":\"C\u0103t\u0103lin Dosca\u0219\",\"image\":{\"@type\":\"ImageObject\",\"inLanguage\":\"en-GB\",\"@id\":\"https:\\\/\\\/buletin.de\\\/bucuresti\\\/wp-content\\\/uploads\\\/Catalin-Doscas-e1732731064764-96x96.jpga93e2943bb3b1c1f9ead823df6e6317a\",\"url\":\"https:\\\/\\\/buletin.de\\\/bucuresti\\\/wp-content\\\/uploads\\\/Catalin-Doscas-e1732731064764-96x96.jpg\",\"contentUrl\":\"https:\\\/\\\/buletin.de\\\/bucuresti\\\/wp-content\\\/uploads\\\/Catalin-Doscas-e1732731064764-96x96.jpg\",\"caption\":\"C\u0103t\u0103lin Dosca\u0219\"},\"description\":\"Reporter \u0219i redactor-\u0219ef Buletin de Bucure\u0219ti. Lucreaz\u0103 \u00een mass-media de la v\u00e2rsta de 15 ani, c\u00e2nd a publicat primele articole \u00een presa local\u0103 din Tecuci. \u00cen Bucure\u0219ti a lucrat \u00een redac\u021bii radio ca reporter, redactor \u0219i prezentator (StudentFM, Na\u021bionalFM, Radio Total, Smart FM), unde a acoperit domeniile politic, economic, social \u0219i externe. Ulterior, a fost editor-coordonator al postului Realitatea FM. Experien\u021ba \u00een jurnalismul online a dob\u00e2ndit-o la portalul B365.ro, unde a fost editor. \u00cen 2012 s-a angajat \u00een televiziune. La Realitatea TV a fost, pe r\u00e2nd, reporter la sec\u021bia Social, reporter special la emisiunea de reportaje \u0219i anchete \u201eReporterii Realit\u0103\u021bii\u201d, dar \u0219i editor al jurnalelor de \u0219tiri. Ulterior, a f\u0103cut parte din sec\u021bia de Investiga\u021bii de la Digi24 \u0219i a lucrat la campania \u201eRom\u00e2nia furat\u0103\u201d. A revenit \u00een presa scris\u0103 \u00een 2017, ca reporter special, \u00een cadrul unui proiect de repozi\u021bionare a tabloidului Libertatea \u00een cotidian generalist. Este jurnalist Buletin de Bucure\u0219ti din 2019.\",\"url\":\"https:\\\/\\\/buletin.de\\\/bucuresti\\\/author\\\/catalin\\\/\"}]}<\/script>\n<!-- \/ Yoast SEO Premium plugin. -->","yoast_head_json":{"title":"P\u0102DUREA B\u0102NEASA | Federa\u021bia Greenfield, dup\u0103 victoria \u00een instan\u021b\u0103: \u201eAm fost obliga\u021bi s\u0103 ne ap\u0103r\u0103m \u00een fa\u021ba mesajelor instigatoare ale Ministerului Mediului\u201d - Buletin de Bucure\u0219ti","robots":{"index":"index","follow":"follow","max-snippet":"max-snippet:-1","max-image-preview":"max-image-preview:large","max-video-preview":"max-video-preview:-1"},"canonical":"https:\/\/buletin.de\/bucuresti\/padurea-baneasa-federatia-greenfield-dupa-victoria-in-instanta-am-fost-obligati-sa-ne-aparam-in-fata-mesajelor-instigatoare-ale-ministerului-mediului\/","og_locale":"en_GB","og_type":"article","og_title":"P\u0102DUREA B\u0102NEASA | Federa\u021bia Greenfield, dup\u0103 victoria \u00een instan\u021b\u0103: \u201eAm fost obliga\u021bi s\u0103 ne ap\u0103r\u0103m \u00een fa\u021ba mesajelor instigatoare ale Ministerului Mediului\u201d","og_description":"La o zi dup\u0103 ce instan\u021ba a obligat definitiv Romsilva s\u0103 permit\u0103 accesul auto prin P\u0103durea B\u0103neasa, Federa\u021bia Greenfield acuz\u0103 Ministerul Mediului de transmiterea unor \u201emesaje instigatoare\u201d. Reprezentan\u021bii locuitorilor din cartier anun\u021b\u0103 c\u0103 decizia de redeschidere a drumului forestier este valabil\u0103 cel t\u00e2rziu p\u00e2n\u0103 \u00een toamna anului 2028 \u0219i promit un proiect de protejare a [&hellip;]","og_url":"https:\/\/buletin.de\/bucuresti\/padurea-baneasa-federatia-greenfield-dupa-victoria-in-instanta-am-fost-obligati-sa-ne-aparam-in-fata-mesajelor-instigatoare-ale-ministerului-mediului\/","og_site_name":"Buletin de Bucure\u0219ti","article_publisher":"https:\/\/www.facebook.com\/buletin.de.buc","article_published_time":"2026-09-06T05:04:05+00:00","og_image":[{"width":1600,"height":1067,"url":"https:\/\/buletin.de\/bucuresti\/wp-content\/uploads\/2026\/06\/ID317768_INQUAM_Photos_Ovidiu_Micsik-1600x1067-1-1.jpg","type":"image\/jpeg"}],"author":"C\u0103t\u0103lin Dosca\u0219","twitter_card":"summary_large_image","twitter_misc":{"Written by":"C\u0103t\u0103lin Dosca\u0219","Estimated reading time":"2 minutes"},"schema":{"@context":"https:\/\/schema.org","@graph":[{"@type":"Article","@id":"https:\/\/buletin.de\/bucuresti\/padurea-baneasa-federatia-greenfield-dupa-victoria-in-instanta-am-fost-obligati-sa-ne-aparam-in-fata-mesajelor-instigatoare-ale-ministerului-mediului\/#article","isPartOf":{"@id":"https:\/\/buletin.de\/bucuresti\/padurea-baneasa-federatia-greenfield-dupa-victoria-in-instanta-am-fost-obligati-sa-ne-aparam-in-fata-mesajelor-instigatoare-ale-ministerului-mediului\/"},"author":{"name":"C\u0103t\u0103lin Dosca\u0219","@id":"https:\/\/buletin.de\/bucuresti\/#\/schema\/person\/31117187ed4d0bdb0a4c7d6acc79d0f8"},"headline":"P\u0102DUREA B\u0102NEASA | Federa\u021bia Greenfield, dup\u0103 victoria \u00een instan\u021b\u0103: \u201eAm fost obliga\u021bi s\u0103 ne ap\u0103r\u0103m \u00een fa\u021ba mesajelor instigatoare ale Ministerului Mediului\u201d","datePublished":"2026-09-06T05:04:05+00:00","mainEntityOfPage":{"@id":"https:\/\/buletin.de\/bucuresti\/padurea-baneasa-federatia-greenfield-dupa-victoria-in-instanta-am-fost-obligati-sa-ne-aparam-in-fata-mesajelor-instigatoare-ale-ministerului-mediului\/"},"wordCount":436,"publisher":{"@id":"https:\/\/buletin.de\/bucuresti\/#organization"},"image":{"@id":"https:\/\/buletin.de\/bucuresti\/padurea-baneasa-federatia-greenfield-dupa-victoria-in-instanta-am-fost-obligati-sa-ne-aparam-in-fata-mesajelor-instigatoare-ale-ministerului-mediului\/#primaryimage"},"thumbnailUrl":"https:\/\/buletin.de\/bucuresti\/wp-content\/uploads\/2026\/06\/ID317768_INQUAM_Photos_Ovidiu_Micsik-1600x1067-1-1.jpg","keywords":["acces auto Greenfield","decizie Curtea de Apel Bucuresti","diana buzoianu","drum forestier Consolight-Padina","federatia greenfield","ministerul mediului","padurea baneasa","romsilva"],"articleSection":["Articole","Main","Mediu"],"inLanguage":"en-GB","copyrightYear":"2026","copyrightHolder":{"@id":"https:\/\/buletin.de\/bucuresti\/#organization"}},{"@type":"WebPage","@id":"https:\/\/buletin.de\/bucuresti\/padurea-baneasa-federatia-greenfield-dupa-victoria-in-instanta-am-fost-obligati-sa-ne-aparam-in-fata-mesajelor-instigatoare-ale-ministerului-mediului\/","url":"https:\/\/buletin.de\/bucuresti\/padurea-baneasa-federatia-greenfield-dupa-victoria-in-instanta-am-fost-obligati-sa-ne-aparam-in-fata-mesajelor-instigatoare-ale-ministerului-mediului\/","name":"P\u0102DUREA B\u0102NEASA | Federa\u021bia Greenfield, dup\u0103 victoria \u00een instan\u021b\u0103: \u201eAm fost obliga\u021bi s\u0103 ne ap\u0103r\u0103m \u00een fa\u021ba mesajelor instigatoare ale Ministerului Mediului\u201d - Buletin de Bucure\u0219ti","isPartOf":{"@id":"https:\/\/buletin.de\/bucuresti\/#website"},"primaryImageOfPage":{"@id":"https:\/\/buletin.de\/bucuresti\/padurea-baneasa-federatia-greenfield-dupa-victoria-in-instanta-am-fost-obligati-sa-ne-aparam-in-fata-mesajelor-instigatoare-ale-ministerului-mediului\/#primaryimage"},"image":{"@id":"https:\/\/buletin.de\/bucuresti\/padurea-baneasa-federatia-greenfield-dupa-victoria-in-instanta-am-fost-obligati-sa-ne-aparam-in-fata-mesajelor-instigatoare-ale-ministerului-mediului\/#primaryimage"},"thumbnailUrl":"https:\/\/buletin.de\/bucuresti\/wp-content\/uploads\/2026\/06\/ID317768_INQUAM_Photos_Ovidiu_Micsik-1600x1067-1-1.jpg","datePublished":"2026-09-06T05:04:05+00:00","breadcrumb":{"@id":"https:\/\/buletin.de\/bucuresti\/padurea-baneasa-federatia-greenfield-dupa-victoria-in-instanta-am-fost-obligati-sa-ne-aparam-in-fata-mesajelor-instigatoare-ale-ministerului-mediului\/#breadcrumb"},"inLanguage":"en-GB","potentialAction":[{"@type":"ReadAction","target":["https:\/\/buletin.de\/bucuresti\/padurea-baneasa-federatia-greenfield-dupa-victoria-in-instanta-am-fost-obligati-sa-ne-aparam-in-fata-mesajelor-instigatoare-ale-ministerului-mediului\/"]}]},{"@type":"ImageObject","inLanguage":"en-GB","@id":"https:\/\/buletin.de\/bucuresti\/padurea-baneasa-federatia-greenfield-dupa-victoria-in-instanta-am-fost-obligati-sa-ne-aparam-in-fata-mesajelor-instigatoare-ale-ministerului-mediului\/#primaryimage","url":"https:\/\/buletin.de\/bucuresti\/wp-content\/uploads\/2026\/06\/ID317768_INQUAM_Photos_Ovidiu_Micsik-1600x1067-1-1.jpg","contentUrl":"https:\/\/buletin.de\/bucuresti\/wp-content\/uploads\/2026\/06\/ID317768_INQUAM_Photos_Ovidiu_Micsik-1600x1067-1-1.jpg","width":1600,"height":1067,"caption":"FOTO: Inquam Photos \/ Ovidiu Micsik"},{"@type":"BreadcrumbList","@id":"https:\/\/buletin.de\/bucuresti\/padurea-baneasa-federatia-greenfield-dupa-victoria-in-instanta-am-fost-obligati-sa-ne-aparam-in-fata-mesajelor-instigatoare-ale-ministerului-mediului\/#breadcrumb","itemListElement":[{"@type":"ListItem","position":1,"name":"Acas\u0103","item":"https:\/\/buletin.de\/bucuresti\/"},{"@type":"ListItem","position":2,"name":"P\u0102DUREA B\u0102NEASA | Federa\u021bia Greenfield, dup\u0103 victoria \u00een instan\u021b\u0103: \u201eAm fost obliga\u021bi s\u0103 ne ap\u0103r\u0103m \u00een fa\u021ba mesajelor instigatoare ale Ministerului Mediului\u201d"}]},{"@type":"WebSite","@id":"https:\/\/buletin.de\/bucuresti\/#website","url":"https:\/\/buletin.de\/bucuresti\/","name":"Buletin de Bucure\u0219ti","description":"\u0218tiri \u0219i investiga\u021bii esen\u021biale din capital\u0103","publisher":{"@id":"https:\/\/buletin.de\/bucuresti\/#organization"},"potentialAction":[{"@type":"SearchAction","target":{"@type":"EntryPoint","urlTemplate":"https:\/\/buletin.de\/bucuresti\/?s={search_term_string}"},"query-input":{"@type":"PropertyValueSpecification","valueRequired":true,"valueName":"search_term_string"}}],"inLanguage":"en-GB"},{"@type":"Organization","@id":"https:\/\/buletin.de\/bucuresti\/#organization","name":"Buletin de Bucure\u0219ti","url":"https:\/\/buletin.de\/bucuresti\/","logo":{"@type":"ImageObject","inLanguage":"en-GB","@id":"https:\/\/buletin.de\/bucuresti\/#\/schema\/logo\/image\/","url":"https:\/\/buletin.de\/bucuresti\/wp-content\/uploads\/logo-bdb-full-wide-vernil-transparent.png","contentUrl":"https:\/\/buletin.de\/bucuresti\/wp-content\/uploads\/logo-bdb-full-wide-vernil-transparent.png","width":1782,"height":626,"caption":"Buletin de Bucure\u0219ti"},"image":{"@id":"https:\/\/buletin.de\/bucuresti\/#\/schema\/logo\/image\/"},"sameAs":["https:\/\/www.facebook.com\/buletin.de.buc","https:\/\/www.instagram.com\/buletinde.bucuresti\/"]},{"@type":"Person","@id":"https:\/\/buletin.de\/bucuresti\/#\/schema\/person\/31117187ed4d0bdb0a4c7d6acc79d0f8","name":"C\u0103t\u0103lin Dosca\u0219","image":{"@type":"ImageObject","inLanguage":"en-GB","@id":"https:\/\/buletin.de\/bucuresti\/wp-content\/uploads\/Catalin-Doscas-e1732731064764-96x96.jpga93e2943bb3b1c1f9ead823df6e6317a","url":"https:\/\/buletin.de\/bucuresti\/wp-content\/uploads\/Catalin-Doscas-e1732731064764-96x96.jpg","contentUrl":"https:\/\/buletin.de\/bucuresti\/wp-content\/uploads\/Catalin-Doscas-e1732731064764-96x96.jpg","caption":"C\u0103t\u0103lin Dosca\u0219"},"description":"Reporter \u0219i redactor-\u0219ef Buletin de Bucure\u0219ti. Lucreaz\u0103 \u00een mass-media de la v\u00e2rsta de 15 ani, c\u00e2nd a publicat primele articole \u00een presa local\u0103 din Tecuci. \u00cen Bucure\u0219ti a lucrat \u00een redac\u021bii radio ca reporter, redactor \u0219i prezentator (StudentFM, Na\u021bionalFM, Radio Total, Smart FM), unde a acoperit domeniile politic, economic, social \u0219i externe. Ulterior, a fost editor-coordonator al postului Realitatea FM. Experien\u021ba \u00een jurnalismul online a dob\u00e2ndit-o la portalul B365.ro, unde a fost editor. \u00cen 2012 s-a angajat \u00een televiziune. La Realitatea TV a fost, pe r\u00e2nd, reporter la sec\u021bia Social, reporter special la emisiunea de reportaje \u0219i anchete \u201eReporterii Realit\u0103\u021bii\u201d, dar \u0219i editor al jurnalelor de \u0219tiri. Ulterior, a f\u0103cut parte din sec\u021bia de Investiga\u021bii de la Digi24 \u0219i a lucrat la campania \u201eRom\u00e2nia furat\u0103\u201d. A revenit \u00een presa scris\u0103 \u00een 2017, ca reporter special, \u00een cadrul unui proiect de repozi\u021bionare a tabloidului Libertatea \u00een cotidian generalist. Este jurnalist Buletin de Bucure\u0219ti din 2019.","url":"https:\/\/buletin.de\/bucuresti\/author\/catalin\/"}]}},"authors":[{"term_id":22575,"user_id":10,"is_guest":0,"slug":"catalin","display_name":"C\u0103t\u0103lin Dosca\u0219","avatar_url":"https:\/\/buletin.de\/bucuresti\/wp-content\/uploads\/Catalin-Doscas-e1732731064764-96x96.jpg","author_category":"","first_name":"C\u0103t\u0103lin","last_name":"Dosca\u0219","user_url":"","job_title":"","description":"Reporter \u0219i redactor-\u0219ef Buletin de Bucure\u0219ti. Lucreaz\u0103 \u00een mass-media de la v\u00e2rsta de 15 ani, c\u00e2nd a publicat primele articole \u00een presa local\u0103 din Tecuci. \u00cen Bucure\u0219ti a lucrat \u00een redac\u021bii radio ca reporter, redactor \u0219i prezentator (StudentFM, Na\u021bionalFM, Radio Total, Smart FM), unde a acoperit domeniile politic, economic, social \u0219i externe. Ulterior, a fost editor-coordonator al postului Realitatea FM. Experien\u021ba \u00een jurnalismul online a dob\u00e2ndit-o la portalul B365.ro, unde a fost editor. \u00cen 2012 s-a angajat \u00een televiziune. La Realitatea TV a fost, pe r\u00e2nd, reporter la sec\u021bia Social, reporter special la emisiunea de reportaje \u0219i anchete \u201eReporterii Realit\u0103\u021bii\u201d, dar \u0219i editor al jurnalelor de \u0219tiri. Ulterior, a f\u0103cut parte din sec\u021bia de Investiga\u021bii de la Digi24 \u0219i a lucrat la campania \u201eRom\u00e2nia furat\u0103\u201d. A revenit \u00een presa scris\u0103 \u00een 2017, ca reporter special, \u00een cadrul unui proiect de repozi\u021bionare a tabloidului Libertatea \u00een cotidian generalist. Este jurnalist Buletin de Bucure\u0219ti din 2019."}],"_links":{"self":[{"href":"https:\/\/buletin.de\/bucuresti\/wp-json\/wp\/v2\/posts\/216213","targetHints":{"allow":["GET"]}}],"collection":[{"href":"https:\/\/buletin.de\/bucuresti\/wp-json\/wp\/v2\/posts"}],"about":[{"href":"https:\/\/buletin.de\/bucuresti\/wp-json\/wp\/v2\/types\/post"}],"author":[{"embeddable":true,"href":"https:\/\/buletin.de\/bucuresti\/wp-json\/wp\/v2\/users\/10"}],"replies":[{"embeddable":true,"href":"https:\/\/buletin.de\/bucuresti\/wp-json\/wp\/v2\/comments?post=216213"}],"version-history":[{"count":1,"href":"https:\/\/buletin.de\/bucuresti\/wp-json\/wp\/v2\/posts\/216213\/revisions"}],"predecessor-version":[{"id":216214,"href":"https:\/\/buletin.de\/bucuresti\/wp-json\/wp\/v2\/posts\/216213\/revisions\/216214"}],"wp:featuredmedia":[{"embeddable":true,"href":"https:\/\/buletin.de\/bucuresti\/wp-json\/wp\/v2\/media\/197768"}],"wp:attachment":[{"href":"https:\/\/buletin.de\/bucuresti\/wp-json\/wp\/v2\/media?parent=216213"}],"wp:term":[{"taxonomy":"category","embeddable":true,"href":"https:\/\/buletin.de\/bucuresti\/wp-json\/wp\/v2\/categories?post=216213"},{"taxonomy":"post_tag","embeddable":true,"href":"https:\/\/buletin.de\/bucuresti\/wp-json\/wp\/v2\/tags?post=216213"},{"taxonomy":"author","embeddable":true,"href":"https:\/\/buletin.de\/bucuresti\/wp-json\/wp\/v2\/ppma_author?post=216213"}],"curies":[{"name":"wp","href":"https:\/\/api.w.org\/{rel}","templated":true}]}}