{"id":216169,"date":"2026-09-06T04:04:00","date_gmt":"2026-09-06T01:04:00","guid":{"rendered":"https:\/\/buletin.de\/bucuresti\/?p=216169"},"modified":"2026-09-05T18:29:31","modified_gmt":"2026-09-05T15:29:31","slug":"foto-initiativa-prelungirea-ghencea-despre-stadiul-lucrarilor-dupa-o-vizita-pe-teren-progres-bun-pe-tronsonul-cnair-ritm-mai-lent-pe-celelalte-segmente","status":"publish","type":"post","link":"https:\/\/buletin.de\/bucuresti\/foto-initiativa-prelungirea-ghencea-despre-stadiul-lucrarilor-dupa-o-vizita-pe-teren-progres-bun-pe-tronsonul-cnair-ritm-mai-lent-pe-celelalte-segmente\/","title":{"rendered":"FOTO | Ini\u021biativa Prelungirea Ghencea, despre stadiul lucr\u0103rilor dup\u0103 o vizit\u0103 pe teren: progres bun pe tronsonul CNAIR, ritm mai lent pe celelalte segmente"},"content":{"rendered":"\n<p class=\"wp-block-paragraph\"><strong>La finalul sezonului cald, cel mai facil \u00een general pentru realizarea lucr\u0103rilor de infrastructur\u0103, <a href=\"https:\/\/www.facebook.com\/InitiativaDinPrelungireaGhencea\/posts\/pfbid02UDokxE5RoFYwpNKjtNpAv9QnC9E46ukBAgbdmXRiRyiXBcQHmBpvnouSoJVDJ3x9l?locale=ro_RO\" data-type=\"link\" data-id=\"https:\/\/www.facebook.com\/InitiativaDinPrelungireaGhencea\/posts\/pfbid02UDokxE5RoFYwpNKjtNpAv9QnC9E46ukBAgbdmXRiRyiXBcQHmBpvnouSoJVDJ3x9l?locale=ro_RO\" target=\"_blank\" rel=\"noreferrer noopener\">Ini\u021biativa Civic\u0103 Prelungirea Ghencea<\/a> a transmis cum au avansat lucr\u0103rile pe Prelungire, \u00een urma unei vizite f\u0103cute pe \u0219antier. Conform informa\u021biilor oferite, cel mai mare avans a fost \u00eenregistrat pe tronsonul de care se ocup\u0103 CNAIR, cel cuprins \u00eentre M\u0103r\u0103cineni \u0219i Pasajul Domne\u0219ti. <\/strong><\/p>\n\n\n\n<p class=\"wp-block-paragraph\">\u00cen ceea ce prive\u0219te tronsoanele care se afl\u0103 \u00een sarcina Prim\u0103riei Capitalei, despre care reprezentan\u021bii asocia\u021biei transmit c\u0103. nu au avansat la fel de mult, deoarece lucr\u0103rile s-au mi\u0219cat mai \u00eencet. <\/p>\n\n\n\n<h2 id=\"h-care-este-stadiul-pe-tronsonul-dintre-maracineni-\u0219i-pasaj-domne\u0219ti\" class=\"wp-block-heading\">Care este stadiul pe tronsonul dintre M\u0103r\u0103cineni \u0219i Pasaj Domne\u0219ti<\/h2>\n\n\n\n<p class=\"wp-block-paragraph\">P\u00e2n\u0103 \u00een prezent, echipele de muncitori au lucrat la cele dou\u0103 benzi carosabile noi aflate pe partea cu cimitirul \u0219i cu cartierul reziden\u021bial Dimri. De asemenea, pe toat\u0103 lungimea tronsonului s-a asfaltat carosabilul \u0219i s-a turnat betonul pentru trotuar \u0219i pista de biciclete. <\/p>\n\n\n\n<p class=\"wp-block-paragraph\">Cu toate c\u0103 ritmul \u00eenregistrat a fost unul bun, reprezentan\u021bii Ini\u021biativa Prelungirea Ghencea au observat \u0219i c\u00e2teva nereguli \u00een ceea ce prive\u0219te lucr\u0103rile efectuate. <\/p>\n\n\n\n<p class=\"wp-block-paragraph\"><em>\u201eDin p\u0103cate se pare c\u0103 nici constructorul TRACON nu \u021bine cont de necesitatea cobor\u00e2rii bordurilor de la capetele pistei \u0219i trotuarului la nivelul carosabilului drumurilor laterale. La fel de regretabil este c\u0103 la cap\u0103tul dinspre Dimri at\u00e2t pista de biciclete c\u00e2t \u0219i noul trotuar se termin\u0103 \u00een c\u00e2mp f\u0103r\u0103 s\u0103 fac\u0103 leg\u0103tura cu trotuarul existent din proiectul Pasajului Domne\u0219ti\u201d<\/em>, transmite asocia\u021bia. <\/p>\n\n\n\n<p class=\"wp-block-paragraph\">Pentru a remedia deficien\u021bele constatate, dar \u0219i pentru a afla cu certitudine care este stadiul actual al lucr\u0103rilor (\u00een procente) o sesizare urmeaz\u0103 s\u0103 fie trimis\u0103 la \u00eenceputul s\u0103pt\u0103m\u00e2nii c\u0103tre CNAIR. <\/p>\n\n\n\n<p class=\"wp-block-paragraph\">Termenul pentru finalizarea acestor lucr\u0103ri, a\u0219a cum a fost anun\u021bat de Cristian Pistol, este finalul anului 2026. R\u0103m\u00e2ne de v\u0103zut dac\u0103 acesta va fi respectat sau dac\u0103 se vor \u00eenregistra \u00eent\u00e2rzieri. Acesta nu include \u0219i realizarea liniei de tramvai \u00een zon\u0103.  <\/p>\n\n\n\n<p class=\"wp-block-paragraph\"><strong>CITE\u0218TE \u0218I <a href=\"https:\/\/buletin.de\/bucuresti\/m6-otopeni-structura-de-rezistenta-pe-sectiunea-sud-este-aproape-gata-sfanta-maria-mai-are-sub-500-de-metri-pana-la-statia-expozitiei\/\" data-type=\"post\" data-id=\"216136\">M6 Otopeni | Structura de rezisten\u021b\u0103 pe sec\u021biunea sud este aproape gata. \u201eSf\u00e2nta Maria\u201d mai are sub 500 de metri p\u00e2n\u0103 la sta\u021bia Expozi\u021biei<\/a><\/strong><\/p>\n\n\n\n<h2 id=\"h-cum-arata-celelalte-tronsoane\" class=\"wp-block-heading\">Cum arat\u0103 celelalte tronsoane <\/h2>\n\n\n\n<p class=\"wp-block-paragraph\">Reprezentan\u021bii asocia\u021biei au transmis \u0219i care este stadiul lucr\u0103rilor pe restul tronsoanelor din acest amplu proiect de infrastructur\u0103 din Bucure\u0219ti. De realizarea lucr\u0103rilor de aici este responsabil\u0103 Prim\u0103ria Capitalei.  <\/p>\n\n\n\n<ul class=\"wp-block-list\">\n<li>Pe tronsonul Valea Oltului \u2013 M\u0103r\u0103cineni: s-a avansat la crearea noilor benzi carosabile doar par\u021bial pe partea cu Megaimage\/ Jysk. Pe cealalt\u0103 parte a str\u0103zii nu a fost \u00eenc\u0103 efectuat\u0103 relocarea \u021bevilor de gaze din zon\u0103. <\/li>\n\n\n\n<li>Pe tronsonul R\u00e2ul Doamnei \u2013 Valea Oltului: pe sensul spre centru s-au asfaltat noile benzi carosabile, dar nu au fost deschise circula\u021biei. Pe cel\u0103lalt sens nu au fost \u00eenc\u0103 finalizate lucr\u0103rile pentru relocarea utilit\u0103\u021bilor. <\/li>\n\n\n\n<li>Pe tronsonul Bra\u0219ov \u2013 R\u00e2ul Doamnei: calea de rulare a tramvaiului nu a fost \u00eenc\u0103 finalizat\u0103, aceasta fiind asfaltat\u0103 doar pe 100 m, \u00een dreptul str\u0103zii Cooperativei. <\/li>\n\n\n\n<li>Pe tronsonul Bra\u0219ov \u2013 cap\u0103tul liniei de tramvai 41: a fost deschis\u0103 trecerea de pietoni din col\u021bul cl\u0103dirii Tamilia \u0219i a fost reparat\u0103 pista de biciclete dar doar \u00een dreptul Stadionului Steaua. Cu toate astea, reprezentan\u021bii asocia\u021biei transmit c\u0103 exist\u0103 \u00eenc\u0103 nereguli pe acest segment de drum:<\/li>\n<\/ul>\n\n\n\n<p class=\"wp-block-paragraph\"><em><strong>\u201eA r\u0103mas cu aceea\u0219i pant\u0103 gre\u0219it\u0103 care face ca p\u0103m\u00e2ntul \u0219i apa s\u0103 se scurg\u0103 din spa\u021biul verde fix pe pista de biciclete care nu prea e cur\u0103\u021bat\u0103 de nimeni. Tot pe acest tronson vedem c\u0103 s-au uscat \u0219i au fost deja \u00eenlocui\u021bi o mare parte a cop\u0103ceilor planta\u021bi \u00een jardinierele \u2013 cavou gigantice, a\u0219a cum am prev\u0103zut, bine c\u0103 au renun\u021bat la ele pe tronsonul Bra\u0219ov \u2013 R\u0103ul Doamnei\u201d<\/strong><\/em><\/p>\n\n\n\n<p class=\"wp-block-paragraph\">Asemenea tronsonului CNAIR \u0219i pentru acestea urmeaz\u0103 s\u0103 fie transmis\u0103, \u00een cursul zilei de luni, o sesizare c\u0103tre Prim\u0103ria Municipiului Bucure\u0219ti (PMB), prin care se va solicitata comunicarea procentului de execu\u021bie. <\/p>\n\n\n\n<p class=\"wp-block-paragraph\">Potrivit termenelor comunicate public de primarul general al Capitalei, Ciprian Ciucu, lucr\u0103rile sunt prev\u0103zute s\u0103 fie finalizate \u00een 2027 \u00een ceea ce prive\u0219te carosabilul, respectiv \u00een 2028 pentru infrastructura de tramvai. <\/p>\n\n\n\n<p class=\"wp-block-paragraph\">La dispozi\u021bia cet\u0103\u021benilor au fost puse \u0219i o serie de fotografii de pe \u0219antier. Iat\u0103 imaginile: <\/p>\n\n\n\n<figure class=\"wp-block-gallery aligncenter has-nested-images columns-default is-cropped wp-block-gallery-1 is-layout-flex wp-block-gallery-is-layout-flex\">\n<figure class=\"wp-block-image size-large\"><img fetchpriority=\"high\" decoding=\"async\" width=\"1000\" height=\"591\" data-id=\"216175\" src=\"data:image\/gif;base64,R0lGODlhAQABAAAAACH5BAEKAAEALAAAAAABAAEAAAICTAEAOw==\" data-src=\"https:\/\/buletin.de\/bucuresti\/wp-content\/uploads\/2026\/09\/lucrarile-prelungirea-ghencea-1000x591.jpg\" alt=\"\" class=\"wp-image-216175 lazyload\" data-sizes=\"auto\" data-srcset=\"https:\/\/buletin.de\/bucuresti\/wp-content\/uploads\/2026\/09\/lucrarile-prelungirea-ghencea-1000x591.jpg 1000w, https:\/\/buletin.de\/bucuresti\/wp-content\/uploads\/2026\/09\/lucrarile-prelungirea-ghencea-300x177.jpg 300w, https:\/\/buletin.de\/bucuresti\/wp-content\/uploads\/2026\/09\/lucrarile-prelungirea-ghencea-768x454.jpg 768w, https:\/\/buletin.de\/bucuresti\/wp-content\/uploads\/2026\/09\/lucrarile-prelungirea-ghencea-1536x908.jpg 1536w, https:\/\/buletin.de\/bucuresti\/wp-content\/uploads\/2026\/09\/lucrarile-prelungirea-ghencea-1600x945.jpg 1600w, https:\/\/buletin.de\/bucuresti\/wp-content\/uploads\/2026\/09\/lucrarile-prelungirea-ghencea-1100x650.jpg 1100w, https:\/\/buletin.de\/bucuresti\/wp-content\/uploads\/2026\/09\/lucrarile-prelungirea-ghencea-600x354.jpg 600w, https:\/\/buletin.de\/bucuresti\/wp-content\/uploads\/2026\/09\/lucrarile-prelungirea-ghencea-20x12.jpg 20w, https:\/\/buletin.de\/bucuresti\/wp-content\/uploads\/2026\/09\/lucrarile-prelungirea-ghencea.jpg 2048w\" sizes=\"(max-width: 1000px) 100vw, 1000px\" \/><\/figure>\n\n\n\n<figure class=\"wp-block-image size-large\"><img decoding=\"async\" width=\"900\" height=\"704\" data-id=\"216174\" src=\"data:image\/gif;base64,R0lGODlhAQABAAAAACH5BAEKAAEALAAAAAABAAEAAAICTAEAOw==\" data-src=\"https:\/\/buletin.de\/bucuresti\/wp-content\/uploads\/2026\/09\/probleme-descoperite-pe-santier.jpg\" alt=\"\" class=\"wp-image-216174 lazyload\" data-sizes=\"auto\" data-srcset=\"https:\/\/buletin.de\/bucuresti\/wp-content\/uploads\/2026\/09\/probleme-descoperite-pe-santier.jpg 900w, https:\/\/buletin.de\/bucuresti\/wp-content\/uploads\/2026\/09\/probleme-descoperite-pe-santier-300x235.jpg 300w, https:\/\/buletin.de\/bucuresti\/wp-content\/uploads\/2026\/09\/probleme-descoperite-pe-santier-768x601.jpg 768w, https:\/\/buletin.de\/bucuresti\/wp-content\/uploads\/2026\/09\/probleme-descoperite-pe-santier-600x469.jpg 600w, https:\/\/buletin.de\/bucuresti\/wp-content\/uploads\/2026\/09\/probleme-descoperite-pe-santier-20x16.jpg 20w\" sizes=\"(max-width: 900px) 100vw, 900px\" \/><\/figure>\n\n\n\n<figure class=\"wp-block-image size-large\"><img decoding=\"async\" width=\"1000\" height=\"750\" data-id=\"216176\" src=\"data:image\/gif;base64,R0lGODlhAQABAAAAACH5BAEKAAEALAAAAAABAAEAAAICTAEAOw==\" data-src=\"https:\/\/buletin.de\/bucuresti\/wp-content\/uploads\/2026\/09\/stadiul-lucrarilor-1000x750.jpg\" alt=\"\" class=\"wp-image-216176 lazyload\" data-sizes=\"auto\" data-srcset=\"https:\/\/buletin.de\/bucuresti\/wp-content\/uploads\/2026\/09\/stadiul-lucrarilor-1000x750.jpg 1000w, https:\/\/buletin.de\/bucuresti\/wp-content\/uploads\/2026\/09\/stadiul-lucrarilor-300x225.jpg 300w, https:\/\/buletin.de\/bucuresti\/wp-content\/uploads\/2026\/09\/stadiul-lucrarilor-768x576.jpg 768w, https:\/\/buletin.de\/bucuresti\/wp-content\/uploads\/2026\/09\/stadiul-lucrarilor-1536x1152.jpg 1536w, https:\/\/buletin.de\/bucuresti\/wp-content\/uploads\/2026\/09\/stadiul-lucrarilor-1600x1200.jpg 1600w, https:\/\/buletin.de\/bucuresti\/wp-content\/uploads\/2026\/09\/stadiul-lucrarilor-1100x825.jpg 1100w, https:\/\/buletin.de\/bucuresti\/wp-content\/uploads\/2026\/09\/stadiul-lucrarilor-600x450.jpg 600w, https:\/\/buletin.de\/bucuresti\/wp-content\/uploads\/2026\/09\/stadiul-lucrarilor-20x15.jpg 20w, https:\/\/buletin.de\/bucuresti\/wp-content\/uploads\/2026\/09\/stadiul-lucrarilor.jpg 2048w\" sizes=\"(max-width: 1000px) 100vw, 1000px\" \/><\/figure>\n\n\n\n<figure class=\"wp-block-image size-large\"><img loading=\"lazy\" decoding=\"async\" width=\"1000\" height=\"450\" data-id=\"216177\" src=\"data:image\/gif;base64,R0lGODlhAQABAAAAACH5BAEKAAEALAAAAAABAAEAAAICTAEAOw==\" data-src=\"https:\/\/buletin.de\/bucuresti\/wp-content\/uploads\/2026\/09\/lucrarile-pe-prelugirea-ghencea-1000x450.jpg\" alt=\"\" class=\"wp-image-216177 lazyload\" data-sizes=\"auto\" data-srcset=\"https:\/\/buletin.de\/bucuresti\/wp-content\/uploads\/2026\/09\/lucrarile-pe-prelugirea-ghencea-1000x450.jpg 1000w, https:\/\/buletin.de\/bucuresti\/wp-content\/uploads\/2026\/09\/lucrarile-pe-prelugirea-ghencea-300x135.jpg 300w, https:\/\/buletin.de\/bucuresti\/wp-content\/uploads\/2026\/09\/lucrarile-pe-prelugirea-ghencea-768x345.jpg 768w, https:\/\/buletin.de\/bucuresti\/wp-content\/uploads\/2026\/09\/lucrarile-pe-prelugirea-ghencea-1536x691.jpg 1536w, https:\/\/buletin.de\/bucuresti\/wp-content\/uploads\/2026\/09\/lucrarile-pe-prelugirea-ghencea-2048x921.jpg 2048w, https:\/\/buletin.de\/bucuresti\/wp-content\/uploads\/2026\/09\/lucrarile-pe-prelugirea-ghencea-1600x719.jpg 1600w, https:\/\/buletin.de\/bucuresti\/wp-content\/uploads\/2026\/09\/lucrarile-pe-prelugirea-ghencea-1100x495.jpg 1100w, https:\/\/buletin.de\/bucuresti\/wp-content\/uploads\/2026\/09\/lucrarile-pe-prelugirea-ghencea-600x270.jpg 600w, https:\/\/buletin.de\/bucuresti\/wp-content\/uploads\/2026\/09\/lucrarile-pe-prelugirea-ghencea-20x9.jpg 20w\" sizes=\"(max-width: 1000px) 100vw, 1000px\" \/><\/figure>\n<figcaption class=\"blocks-gallery-caption wp-element-caption\">Foto: Ini\u021biativa Prelungirea Ghencea\/FB<\/figcaption><\/figure>\n\n\n\n<figure class=\"wp-block-gallery aligncenter has-nested-images columns-default is-cropped wp-block-gallery-2 is-layout-flex wp-block-gallery-is-layout-flex\">\n<figure class=\"wp-block-image size-large\"><img loading=\"lazy\" decoding=\"async\" width=\"1000\" height=\"750\" data-id=\"216178\" src=\"data:image\/gif;base64,R0lGODlhAQABAAAAACH5BAEKAAEALAAAAAABAAEAAAICTAEAOw==\" data-src=\"https:\/\/buletin.de\/bucuresti\/wp-content\/uploads\/2026\/09\/tronsonul-Brasov-Raul-Doamnei-1000x750.jpg\" alt=\"\" class=\"wp-image-216178 lazyload\" data-sizes=\"auto\" data-srcset=\"https:\/\/buletin.de\/bucuresti\/wp-content\/uploads\/2026\/09\/tronsonul-Brasov-Raul-Doamnei-1000x750.jpg 1000w, https:\/\/buletin.de\/bucuresti\/wp-content\/uploads\/2026\/09\/tronsonul-Brasov-Raul-Doamnei-300x225.jpg 300w, https:\/\/buletin.de\/bucuresti\/wp-content\/uploads\/2026\/09\/tronsonul-Brasov-Raul-Doamnei-768x576.jpg 768w, https:\/\/buletin.de\/bucuresti\/wp-content\/uploads\/2026\/09\/tronsonul-Brasov-Raul-Doamnei-1536x1152.jpg 1536w, https:\/\/buletin.de\/bucuresti\/wp-content\/uploads\/2026\/09\/tronsonul-Brasov-Raul-Doamnei-1600x1200.jpg 1600w, https:\/\/buletin.de\/bucuresti\/wp-content\/uploads\/2026\/09\/tronsonul-Brasov-Raul-Doamnei-1100x825.jpg 1100w, https:\/\/buletin.de\/bucuresti\/wp-content\/uploads\/2026\/09\/tronsonul-Brasov-Raul-Doamnei-600x450.jpg 600w, https:\/\/buletin.de\/bucuresti\/wp-content\/uploads\/2026\/09\/tronsonul-Brasov-Raul-Doamnei-20x15.jpg 20w, https:\/\/buletin.de\/bucuresti\/wp-content\/uploads\/2026\/09\/tronsonul-Brasov-Raul-Doamnei.jpg 2048w\" sizes=\"(max-width: 1000px) 100vw, 1000px\" \/><\/figure>\n\n\n\n<figure class=\"wp-block-image size-large\"><img loading=\"lazy\" decoding=\"async\" width=\"1000\" height=\"589\" data-id=\"216179\" src=\"data:image\/gif;base64,R0lGODlhAQABAAAAACH5BAEKAAEALAAAAAABAAEAAAICTAEAOw==\" data-src=\"https:\/\/buletin.de\/bucuresti\/wp-content\/uploads\/2026\/09\/lucrarile-calea-de-rulare-a-tramvaiului-1000x589.jpg\" alt=\"\" class=\"wp-image-216179 lazyload\" data-sizes=\"auto\" data-srcset=\"https:\/\/buletin.de\/bucuresti\/wp-content\/uploads\/2026\/09\/lucrarile-calea-de-rulare-a-tramvaiului-1000x589.jpg 1000w, https:\/\/buletin.de\/bucuresti\/wp-content\/uploads\/2026\/09\/lucrarile-calea-de-rulare-a-tramvaiului-300x177.jpg 300w, https:\/\/buletin.de\/bucuresti\/wp-content\/uploads\/2026\/09\/lucrarile-calea-de-rulare-a-tramvaiului-768x453.jpg 768w, https:\/\/buletin.de\/bucuresti\/wp-content\/uploads\/2026\/09\/lucrarile-calea-de-rulare-a-tramvaiului-1536x905.jpg 1536w, https:\/\/buletin.de\/bucuresti\/wp-content\/uploads\/2026\/09\/lucrarile-calea-de-rulare-a-tramvaiului-1600x943.jpg 1600w, https:\/\/buletin.de\/bucuresti\/wp-content\/uploads\/2026\/09\/lucrarile-calea-de-rulare-a-tramvaiului-1100x648.jpg 1100w, https:\/\/buletin.de\/bucuresti\/wp-content\/uploads\/2026\/09\/lucrarile-calea-de-rulare-a-tramvaiului-600x354.jpg 600w, https:\/\/buletin.de\/bucuresti\/wp-content\/uploads\/2026\/09\/lucrarile-calea-de-rulare-a-tramvaiului-20x12.jpg 20w, https:\/\/buletin.de\/bucuresti\/wp-content\/uploads\/2026\/09\/lucrarile-calea-de-rulare-a-tramvaiului.jpg 2048w\" sizes=\"(max-width: 1000px) 100vw, 1000px\" \/><\/figure>\n<figcaption class=\"blocks-gallery-caption wp-element-caption\">Foto: Ini\u021biativa Prelungirea Ghencea\/FB<\/figcaption><\/figure>\n\n\n\n<figure class=\"wp-block-gallery has-nested-images columns-default is-cropped wp-block-gallery-3 is-layout-flex wp-block-gallery-is-layout-flex\">\n<figure class=\"wp-block-image size-large\"><img loading=\"lazy\" decoding=\"async\" width=\"1000\" height=\"750\" data-id=\"216181\" src=\"data:image\/gif;base64,R0lGODlhAQABAAAAACH5BAEKAAEALAAAAAABAAEAAAICTAEAOw==\" data-src=\"https:\/\/buletin.de\/bucuresti\/wp-content\/uploads\/2026\/09\/zona-stadionului-Ghencea-1-1000x750.jpg\" alt=\"\" class=\"wp-image-216181 lazyload\" data-sizes=\"auto\" data-srcset=\"https:\/\/buletin.de\/bucuresti\/wp-content\/uploads\/2026\/09\/zona-stadionului-Ghencea-1-1000x750.jpg 1000w, https:\/\/buletin.de\/bucuresti\/wp-content\/uploads\/2026\/09\/zona-stadionului-Ghencea-1-300x225.jpg 300w, https:\/\/buletin.de\/bucuresti\/wp-content\/uploads\/2026\/09\/zona-stadionului-Ghencea-1-768x576.jpg 768w, https:\/\/buletin.de\/bucuresti\/wp-content\/uploads\/2026\/09\/zona-stadionului-Ghencea-1-1536x1152.jpg 1536w, https:\/\/buletin.de\/bucuresti\/wp-content\/uploads\/2026\/09\/zona-stadionului-Ghencea-1-1600x1200.jpg 1600w, https:\/\/buletin.de\/bucuresti\/wp-content\/uploads\/2026\/09\/zona-stadionului-Ghencea-1-1100x825.jpg 1100w, https:\/\/buletin.de\/bucuresti\/wp-content\/uploads\/2026\/09\/zona-stadionului-Ghencea-1-600x450.jpg 600w, https:\/\/buletin.de\/bucuresti\/wp-content\/uploads\/2026\/09\/zona-stadionului-Ghencea-1-20x15.jpg 20w, https:\/\/buletin.de\/bucuresti\/wp-content\/uploads\/2026\/09\/zona-stadionului-Ghencea-1.jpg 2048w\" sizes=\"(max-width: 1000px) 100vw, 1000px\" \/><\/figure>\n\n\n\n<figure class=\"wp-block-image size-large\"><img loading=\"lazy\" decoding=\"async\" width=\"855\" height=\"1000\" data-id=\"216183\" src=\"data:image\/gif;base64,R0lGODlhAQABAAAAACH5BAEKAAEALAAAAAABAAEAAAICTAEAOw==\" data-src=\"https:\/\/buletin.de\/bucuresti\/wp-content\/uploads\/2026\/09\/deficinete-in-zona-capatului-liniei-de-tramvai-41-855x1000.jpg\" alt=\"\" class=\"wp-image-216183 lazyload\" data-sizes=\"auto\" data-srcset=\"https:\/\/buletin.de\/bucuresti\/wp-content\/uploads\/2026\/09\/deficinete-in-zona-capatului-liniei-de-tramvai-41-855x1000.jpg 855w, https:\/\/buletin.de\/bucuresti\/wp-content\/uploads\/2026\/09\/deficinete-in-zona-capatului-liniei-de-tramvai-41-257x300.jpg 257w, https:\/\/buletin.de\/bucuresti\/wp-content\/uploads\/2026\/09\/deficinete-in-zona-capatului-liniei-de-tramvai-41-768x898.jpg 768w, https:\/\/buletin.de\/bucuresti\/wp-content\/uploads\/2026\/09\/deficinete-in-zona-capatului-liniei-de-tramvai-41-1314x1536.jpg 1314w, https:\/\/buletin.de\/bucuresti\/wp-content\/uploads\/2026\/09\/deficinete-in-zona-capatului-liniei-de-tramvai-41-1600x1870.jpg 1600w, https:\/\/buletin.de\/bucuresti\/wp-content\/uploads\/2026\/09\/deficinete-in-zona-capatului-liniei-de-tramvai-41-1100x1286.jpg 1100w, https:\/\/buletin.de\/bucuresti\/wp-content\/uploads\/2026\/09\/deficinete-in-zona-capatului-liniei-de-tramvai-41-600x701.jpg 600w, https:\/\/buletin.de\/bucuresti\/wp-content\/uploads\/2026\/09\/deficinete-in-zona-capatului-liniei-de-tramvai-41-20x23.jpg 20w, https:\/\/buletin.de\/bucuresti\/wp-content\/uploads\/2026\/09\/deficinete-in-zona-capatului-liniei-de-tramvai-41.jpg 1752w\" sizes=\"(max-width: 855px) 100vw, 855px\" \/><\/figure>\n<figcaption class=\"blocks-gallery-caption wp-element-caption\">Foto: Ini\u021biativa Prelungirea Ghencea\/FB<\/figcaption><\/figure>\n\n\n\n<figure class=\"wp-block-image size-large\"><img loading=\"lazy\" decoding=\"async\" width=\"1000\" height=\"750\" src=\"data:image\/gif;base64,R0lGODlhAQABAAAAACH5BAEKAAEALAAAAAABAAEAAAICTAEAOw==\" data-src=\"https:\/\/buletin.de\/bucuresti\/wp-content\/uploads\/2026\/09\/Copaci-uscati-si-inlocuiti-1000x750.jpg\" alt=\"\" class=\"wp-image-216182 lazyload\" data-sizes=\"auto\" data-srcset=\"https:\/\/buletin.de\/bucuresti\/wp-content\/uploads\/2026\/09\/Copaci-uscati-si-inlocuiti-1000x750.jpg 1000w, https:\/\/buletin.de\/bucuresti\/wp-content\/uploads\/2026\/09\/Copaci-uscati-si-inlocuiti-300x225.jpg 300w, https:\/\/buletin.de\/bucuresti\/wp-content\/uploads\/2026\/09\/Copaci-uscati-si-inlocuiti-768x576.jpg 768w, https:\/\/buletin.de\/bucuresti\/wp-content\/uploads\/2026\/09\/Copaci-uscati-si-inlocuiti-1536x1152.jpg 1536w, https:\/\/buletin.de\/bucuresti\/wp-content\/uploads\/2026\/09\/Copaci-uscati-si-inlocuiti-1600x1200.jpg 1600w, https:\/\/buletin.de\/bucuresti\/wp-content\/uploads\/2026\/09\/Copaci-uscati-si-inlocuiti-1100x825.jpg 1100w, https:\/\/buletin.de\/bucuresti\/wp-content\/uploads\/2026\/09\/Copaci-uscati-si-inlocuiti-600x450.jpg 600w, https:\/\/buletin.de\/bucuresti\/wp-content\/uploads\/2026\/09\/Copaci-uscati-si-inlocuiti-20x15.jpg 20w, https:\/\/buletin.de\/bucuresti\/wp-content\/uploads\/2026\/09\/Copaci-uscati-si-inlocuiti.jpg 2048w\" sizes=\"(max-width: 1000px) 100vw, 1000px\" \/><figcaption class=\"wp-element-caption\">Foto: Ini\u021biativa Prelungirea Ghencea\/FB<\/figcaption><\/figure>\n\n\n\n<p class=\"wp-block-paragraph\"><strong>CITE\u0218TE \u0218I <a href=\"https:\/\/buletin.de\/bucuresti\/controversa-festivalul-vinului-moldovenesc-locuitorii-din-zona-kiseleff-ii-cer-explicatii-primarului-ciprian-ciucu-dupa-ce-a-promis-evenimente-fara-muzica-tare\/\" data-type=\"post\" data-id=\"215968\">Controversa Festivalul Vinului Moldovenesc. Locuitorii din zona Kiseleff \u00eei cer explica\u021bii primarului Ciprian Ciucu, dup\u0103 ce a promis evenimente f\u0103r\u0103 muzic\u0103 tare<\/a><\/strong><\/p>\n\n\n\n<p class=\"wp-block-paragraph\"><a href=\"https:\/\/www.facebook.com\/Bianca.Bofan?comment_id=Y29tbWVudDoxNTY3MDI1NjY1NDQ5NDY3XzE0MzM0NzY0MDUyOTE4OTA%3D&amp;__cft__[0]=AZhbh4PktOcC8k1KJ9jDA6A3mqldYjZVGRZyWxgXaWPXaR4biUUD-la-h5HXvU776rVyMwMV8oWpPIc-f7Lp-qhHtDv7kYHrFs6mlGf-F1gJsYW2bB0rPlpiie-n1kUlwtYTnPJ9CiXaVxj2nKoGhqBdSJ2MMH22&amp;__tn__=R]-R\"><\/a><\/p>\n","protected":false},"excerpt":{"rendered":"<p>La finalul sezonului cald, cel mai facil \u00een general pentru realizarea lucr\u0103rilor de infrastructur\u0103, Ini\u021biativa Civic\u0103 Prelungirea Ghencea a transmis cum au avansat lucr\u0103rile pe Prelungire, \u00een urma unei vizite f\u0103cute pe \u0219antier. Conform informa\u021biilor oferite, cel mai mare avans a fost \u00eenregistrat pe tronsonul de care se ocup\u0103 CNAIR, cel cuprins \u00eentre M\u0103r\u0103cineni \u0219i [&hellip;]<\/p>\n","protected":false},"author":66,"featured_media":216184,"comment_status":"closed","ping_status":"open","sticky":false,"template":"","format":"standard","meta":{"_acf_changed":false,"inline_featured_image":false,"ngg_post_thumbnail":0,"footnotes":""},"categories":[6994,5762,24],"tags":[28433,2063,1238,30643,1345,2328,8551],"ppma_author":[26103],"class_list":["post-216169","post","type-post","status-publish","format-standard","has-post-thumbnail","hentry","category-stiri-2","category-main","category-primarie","tag-asociatia-initiativa-prelungirea-ghencea-2","tag-bucuresti-2","tag-cnair","tag-deficiente","tag-prelungirea-ghencea","tag-primaria-capitalei-2","tag-stadiul-lucrarilor"],"acf":[],"a3_pvc":{"activated":false,"total_views":0,"today_views":0},"yoast_head":"<!-- This site is optimized with the Yoast SEO Premium plugin v28.0 (Yoast SEO v28.4) - https:\/\/yoast.com\/product\/yoast-seo-premium-wordpress\/ -->\n<title>FOTO | Ini\u021biativa Prelungirea Ghencea, despre stadiul lucr\u0103rilor dup\u0103 o vizit\u0103 pe teren: progres bun pe tronsonul CNAIR, ritm mai lent pe celelalte segmente - Buletin de Bucure\u0219ti<\/title>\n<meta name=\"description\" content=\"La finalul sezonului cald Ini\u021biativa Civic\u0103 Prelungirea Ghencea a transmis cum au avansat lucr\u0103rile pentru aceast\u0103 important\u0103 investi\u021bie.\" \/>\n<meta name=\"robots\" content=\"index, follow, max-snippet:-1, max-image-preview:large, max-video-preview:-1\" \/>\n<link rel=\"canonical\" href=\"https:\/\/buletin.de\/bucuresti\/foto-initiativa-prelungirea-ghencea-despre-stadiul-lucrarilor-dupa-o-vizita-pe-teren-progres-bun-pe-tronsonul-cnair-ritm-mai-lent-pe-celelalte-segmente\/\" \/>\n<meta property=\"og:locale\" content=\"en_GB\" \/>\n<meta property=\"og:type\" content=\"article\" \/>\n<meta property=\"og:title\" content=\"FOTO | Ini\u021biativa Prelungirea Ghencea, despre stadiul lucr\u0103rilor dup\u0103 o vizit\u0103 pe teren: progres bun pe tronsonul CNAIR, ritm mai lent pe celelalte segmente\" \/>\n<meta property=\"og:description\" content=\"La finalul sezonului cald Ini\u021biativa Civic\u0103 Prelungirea Ghencea a transmis cum au avansat lucr\u0103rile pentru aceast\u0103 important\u0103 investi\u021bie.\" \/>\n<meta property=\"og:url\" content=\"https:\/\/buletin.de\/bucuresti\/foto-initiativa-prelungirea-ghencea-despre-stadiul-lucrarilor-dupa-o-vizita-pe-teren-progres-bun-pe-tronsonul-cnair-ritm-mai-lent-pe-celelalte-segmente\/\" \/>\n<meta property=\"og:site_name\" content=\"Buletin de Bucure\u0219ti\" \/>\n<meta property=\"article:publisher\" content=\"https:\/\/www.facebook.com\/buletin.de.buc\" \/>\n<meta property=\"article:published_time\" content=\"2026-09-06T01:04:00+00:00\" \/>\n<meta property=\"og:image\" content=\"https:\/\/buletin.de\/bucuresti\/wp-content\/uploads\/2026\/09\/Stadiul-lucrarilor-pe-Prelungirea-Ghencea.jpg\" \/>\n\t<meta property=\"og:image:width\" content=\"2048\" \/>\n\t<meta property=\"og:image:height\" content=\"1031\" \/>\n\t<meta property=\"og:image:type\" content=\"image\/jpeg\" \/>\n<meta name=\"author\" content=\"Deniz Garguli\" \/>\n<meta name=\"twitter:card\" content=\"summary_large_image\" \/>\n<meta name=\"twitter:label1\" content=\"Written by\" \/>\n\t<meta name=\"twitter:data1\" content=\"Deniz Garguli\" \/>\n\t<meta name=\"twitter:label2\" content=\"Estimated reading time\" \/>\n\t<meta name=\"twitter:data2\" content=\"5 minutes\" \/>\n<script type=\"application\/ld+json\" class=\"yoast-schema-graph\">{\"@context\":\"https:\\\/\\\/schema.org\",\"@graph\":[{\"@type\":\"Article\",\"@id\":\"https:\\\/\\\/buletin.de\\\/bucuresti\\\/foto-initiativa-prelungirea-ghencea-despre-stadiul-lucrarilor-dupa-o-vizita-pe-teren-progres-bun-pe-tronsonul-cnair-ritm-mai-lent-pe-celelalte-segmente\\\/#article\",\"isPartOf\":{\"@id\":\"https:\\\/\\\/buletin.de\\\/bucuresti\\\/foto-initiativa-prelungirea-ghencea-despre-stadiul-lucrarilor-dupa-o-vizita-pe-teren-progres-bun-pe-tronsonul-cnair-ritm-mai-lent-pe-celelalte-segmente\\\/\"},\"author\":{\"name\":\"Deniz Garguli\",\"@id\":\"https:\\\/\\\/buletin.de\\\/bucuresti\\\/#\\\/schema\\\/person\\\/8badd0805392c02e16b744e0d5cd3625\"},\"headline\":\"FOTO | Ini\u021biativa Prelungirea Ghencea, despre stadiul lucr\u0103rilor dup\u0103 o vizit\u0103 pe teren: progres bun pe tronsonul CNAIR, ritm mai lent pe celelalte segmente\",\"datePublished\":\"2026-09-06T01:04:00+00:00\",\"mainEntityOfPage\":{\"@id\":\"https:\\\/\\\/buletin.de\\\/bucuresti\\\/foto-initiativa-prelungirea-ghencea-despre-stadiul-lucrarilor-dupa-o-vizita-pe-teren-progres-bun-pe-tronsonul-cnair-ritm-mai-lent-pe-celelalte-segmente\\\/\"},\"wordCount\":813,\"publisher\":{\"@id\":\"https:\\\/\\\/buletin.de\\\/bucuresti\\\/#organization\"},\"image\":{\"@id\":\"https:\\\/\\\/buletin.de\\\/bucuresti\\\/foto-initiativa-prelungirea-ghencea-despre-stadiul-lucrarilor-dupa-o-vizita-pe-teren-progres-bun-pe-tronsonul-cnair-ritm-mai-lent-pe-celelalte-segmente\\\/#primaryimage\"},\"thumbnailUrl\":\"https:\\\/\\\/buletin.de\\\/bucuresti\\\/wp-content\\\/uploads\\\/2026\\\/09\\\/Stadiul-lucrarilor-pe-Prelungirea-Ghencea.jpg\",\"keywords\":[\"Asocia\u021bia \u201eIni\u021biativa Prelungirea Ghencea\u201d\",\"Bucure\u0219ti\",\"cnair\",\"deficien\u021be\",\"prelungirea ghencea\",\"Prim\u0103ria Capitalei\",\"stadiul lucrarilor\"],\"articleSection\":[\"Articole\",\"Main\",\"Prim\u0103rie\"],\"inLanguage\":\"en-GB\",\"copyrightYear\":\"2026\",\"copyrightHolder\":{\"@id\":\"https:\\\/\\\/buletin.de\\\/bucuresti\\\/#organization\"}},{\"@type\":\"WebPage\",\"@id\":\"https:\\\/\\\/buletin.de\\\/bucuresti\\\/foto-initiativa-prelungirea-ghencea-despre-stadiul-lucrarilor-dupa-o-vizita-pe-teren-progres-bun-pe-tronsonul-cnair-ritm-mai-lent-pe-celelalte-segmente\\\/\",\"url\":\"https:\\\/\\\/buletin.de\\\/bucuresti\\\/foto-initiativa-prelungirea-ghencea-despre-stadiul-lucrarilor-dupa-o-vizita-pe-teren-progres-bun-pe-tronsonul-cnair-ritm-mai-lent-pe-celelalte-segmente\\\/\",\"name\":\"FOTO | Ini\u021biativa Prelungirea Ghencea, despre stadiul lucr\u0103rilor dup\u0103 o vizit\u0103 pe teren: progres bun pe tronsonul CNAIR, ritm mai lent pe celelalte segmente - Buletin de Bucure\u0219ti\",\"isPartOf\":{\"@id\":\"https:\\\/\\\/buletin.de\\\/bucuresti\\\/#website\"},\"primaryImageOfPage\":{\"@id\":\"https:\\\/\\\/buletin.de\\\/bucuresti\\\/foto-initiativa-prelungirea-ghencea-despre-stadiul-lucrarilor-dupa-o-vizita-pe-teren-progres-bun-pe-tronsonul-cnair-ritm-mai-lent-pe-celelalte-segmente\\\/#primaryimage\"},\"image\":{\"@id\":\"https:\\\/\\\/buletin.de\\\/bucuresti\\\/foto-initiativa-prelungirea-ghencea-despre-stadiul-lucrarilor-dupa-o-vizita-pe-teren-progres-bun-pe-tronsonul-cnair-ritm-mai-lent-pe-celelalte-segmente\\\/#primaryimage\"},\"thumbnailUrl\":\"https:\\\/\\\/buletin.de\\\/bucuresti\\\/wp-content\\\/uploads\\\/2026\\\/09\\\/Stadiul-lucrarilor-pe-Prelungirea-Ghencea.jpg\",\"datePublished\":\"2026-09-06T01:04:00+00:00\",\"description\":\"La finalul sezonului cald Ini\u021biativa Civic\u0103 Prelungirea Ghencea a transmis cum au avansat lucr\u0103rile pentru aceast\u0103 important\u0103 investi\u021bie.\",\"breadcrumb\":{\"@id\":\"https:\\\/\\\/buletin.de\\\/bucuresti\\\/foto-initiativa-prelungirea-ghencea-despre-stadiul-lucrarilor-dupa-o-vizita-pe-teren-progres-bun-pe-tronsonul-cnair-ritm-mai-lent-pe-celelalte-segmente\\\/#breadcrumb\"},\"inLanguage\":\"en-GB\",\"potentialAction\":[{\"@type\":\"ReadAction\",\"target\":[\"https:\\\/\\\/buletin.de\\\/bucuresti\\\/foto-initiativa-prelungirea-ghencea-despre-stadiul-lucrarilor-dupa-o-vizita-pe-teren-progres-bun-pe-tronsonul-cnair-ritm-mai-lent-pe-celelalte-segmente\\\/\"]}]},{\"@type\":\"ImageObject\",\"inLanguage\":\"en-GB\",\"@id\":\"https:\\\/\\\/buletin.de\\\/bucuresti\\\/foto-initiativa-prelungirea-ghencea-despre-stadiul-lucrarilor-dupa-o-vizita-pe-teren-progres-bun-pe-tronsonul-cnair-ritm-mai-lent-pe-celelalte-segmente\\\/#primaryimage\",\"url\":\"https:\\\/\\\/buletin.de\\\/bucuresti\\\/wp-content\\\/uploads\\\/2026\\\/09\\\/Stadiul-lucrarilor-pe-Prelungirea-Ghencea.jpg\",\"contentUrl\":\"https:\\\/\\\/buletin.de\\\/bucuresti\\\/wp-content\\\/uploads\\\/2026\\\/09\\\/Stadiul-lucrarilor-pe-Prelungirea-Ghencea.jpg\",\"width\":2048,\"height\":1031,\"caption\":\"Surs\u0103 foto: Ini\u021biativa Prelungirea Ghencea\\\/FB\"},{\"@type\":\"BreadcrumbList\",\"@id\":\"https:\\\/\\\/buletin.de\\\/bucuresti\\\/foto-initiativa-prelungirea-ghencea-despre-stadiul-lucrarilor-dupa-o-vizita-pe-teren-progres-bun-pe-tronsonul-cnair-ritm-mai-lent-pe-celelalte-segmente\\\/#breadcrumb\",\"itemListElement\":[{\"@type\":\"ListItem\",\"position\":1,\"name\":\"Acas\u0103\",\"item\":\"https:\\\/\\\/buletin.de\\\/bucuresti\\\/\"},{\"@type\":\"ListItem\",\"position\":2,\"name\":\"FOTO | Ini\u021biativa Prelungirea Ghencea, despre stadiul lucr\u0103rilor dup\u0103 o vizit\u0103 pe teren: progres bun pe tronsonul CNAIR, ritm mai lent pe celelalte segmente\"}]},{\"@type\":\"WebSite\",\"@id\":\"https:\\\/\\\/buletin.de\\\/bucuresti\\\/#website\",\"url\":\"https:\\\/\\\/buletin.de\\\/bucuresti\\\/\",\"name\":\"Buletin de Bucure\u0219ti\",\"description\":\"\u0218tiri \u0219i investiga\u021bii esen\u021biale din capital\u0103\",\"publisher\":{\"@id\":\"https:\\\/\\\/buletin.de\\\/bucuresti\\\/#organization\"},\"potentialAction\":[{\"@type\":\"SearchAction\",\"target\":{\"@type\":\"EntryPoint\",\"urlTemplate\":\"https:\\\/\\\/buletin.de\\\/bucuresti\\\/?s={search_term_string}\"},\"query-input\":{\"@type\":\"PropertyValueSpecification\",\"valueRequired\":true,\"valueName\":\"search_term_string\"}}],\"inLanguage\":\"en-GB\"},{\"@type\":\"Organization\",\"@id\":\"https:\\\/\\\/buletin.de\\\/bucuresti\\\/#organization\",\"name\":\"Buletin de Bucure\u0219ti\",\"url\":\"https:\\\/\\\/buletin.de\\\/bucuresti\\\/\",\"logo\":{\"@type\":\"ImageObject\",\"inLanguage\":\"en-GB\",\"@id\":\"https:\\\/\\\/buletin.de\\\/bucuresti\\\/#\\\/schema\\\/logo\\\/image\\\/\",\"url\":\"https:\\\/\\\/buletin.de\\\/bucuresti\\\/wp-content\\\/uploads\\\/logo-bdb-full-wide-vernil-transparent.png\",\"contentUrl\":\"https:\\\/\\\/buletin.de\\\/bucuresti\\\/wp-content\\\/uploads\\\/logo-bdb-full-wide-vernil-transparent.png\",\"width\":1782,\"height\":626,\"caption\":\"Buletin de Bucure\u0219ti\"},\"image\":{\"@id\":\"https:\\\/\\\/buletin.de\\\/bucuresti\\\/#\\\/schema\\\/logo\\\/image\\\/\"},\"sameAs\":[\"https:\\\/\\\/www.facebook.com\\\/buletin.de.buc\",\"https:\\\/\\\/www.instagram.com\\\/buletinde.bucuresti\\\/\"]},{\"@type\":\"Person\",\"@id\":\"https:\\\/\\\/buletin.de\\\/bucuresti\\\/#\\\/schema\\\/person\\\/8badd0805392c02e16b744e0d5cd3625\",\"name\":\"Deniz Garguli\",\"image\":{\"@type\":\"ImageObject\",\"inLanguage\":\"en-GB\",\"@id\":\"https:\\\/\\\/buletin.de\\\/bucuresti\\\/wp-content\\\/uploads\\\/2026\\\/06\\\/BDB_Deniz-1-96x96.jpgba95f600d547b787bc58e580a19f8dac\",\"url\":\"https:\\\/\\\/buletin.de\\\/bucuresti\\\/wp-content\\\/uploads\\\/2026\\\/06\\\/BDB_Deniz-1-96x96.jpg\",\"contentUrl\":\"https:\\\/\\\/buletin.de\\\/bucuresti\\\/wp-content\\\/uploads\\\/2026\\\/06\\\/BDB_Deniz-1-96x96.jpg\",\"caption\":\"Deniz Garguli\"},\"description\":\"N\u0103scut\u0103 \u0219i crescut\u0103 \u00een Capital\u0103, dorin\u021ba de a fi la curent cu tot ce se \u00eent\u00e2mpl\u0103 \u00een Bucure\u0219ti a \u00eempins-o c\u0103tre pres\u0103, mai cu seam\u0103 c\u0103tre cea local\u0103. A lucrat vreme de patru ani la B365, unde s-a ocupat de \u0219tiri despre ora\u0219 \u0219i oamenii care locuiesc \u00een el. Din 2026 s-a al\u0103turat echipei Buletin de Bucure\u0219ti.\",\"url\":\"https:\\\/\\\/buletin.de\\\/bucuresti\\\/author\\\/deniz-garguli\\\/\"}]}<\/script>\n<!-- \/ Yoast SEO Premium plugin. -->","yoast_head_json":{"title":"FOTO | Ini\u021biativa Prelungirea Ghencea, despre stadiul lucr\u0103rilor dup\u0103 o vizit\u0103 pe teren: progres bun pe tronsonul CNAIR, ritm mai lent pe celelalte segmente - Buletin de Bucure\u0219ti","description":"La finalul sezonului cald Ini\u021biativa Civic\u0103 Prelungirea Ghencea a transmis cum au avansat lucr\u0103rile pentru aceast\u0103 important\u0103 investi\u021bie.","robots":{"index":"index","follow":"follow","max-snippet":"max-snippet:-1","max-image-preview":"max-image-preview:large","max-video-preview":"max-video-preview:-1"},"canonical":"https:\/\/buletin.de\/bucuresti\/foto-initiativa-prelungirea-ghencea-despre-stadiul-lucrarilor-dupa-o-vizita-pe-teren-progres-bun-pe-tronsonul-cnair-ritm-mai-lent-pe-celelalte-segmente\/","og_locale":"en_GB","og_type":"article","og_title":"FOTO | Ini\u021biativa Prelungirea Ghencea, despre stadiul lucr\u0103rilor dup\u0103 o vizit\u0103 pe teren: progres bun pe tronsonul CNAIR, ritm mai lent pe celelalte segmente","og_description":"La finalul sezonului cald Ini\u021biativa Civic\u0103 Prelungirea Ghencea a transmis cum au avansat lucr\u0103rile pentru aceast\u0103 important\u0103 investi\u021bie.","og_url":"https:\/\/buletin.de\/bucuresti\/foto-initiativa-prelungirea-ghencea-despre-stadiul-lucrarilor-dupa-o-vizita-pe-teren-progres-bun-pe-tronsonul-cnair-ritm-mai-lent-pe-celelalte-segmente\/","og_site_name":"Buletin de Bucure\u0219ti","article_publisher":"https:\/\/www.facebook.com\/buletin.de.buc","article_published_time":"2026-09-06T01:04:00+00:00","og_image":[{"width":2048,"height":1031,"url":"https:\/\/buletin.de\/bucuresti\/wp-content\/uploads\/2026\/09\/Stadiul-lucrarilor-pe-Prelungirea-Ghencea.jpg","type":"image\/jpeg"}],"author":"Deniz Garguli","twitter_card":"summary_large_image","twitter_misc":{"Written by":"Deniz Garguli","Estimated reading time":"5 minutes"},"schema":{"@context":"https:\/\/schema.org","@graph":[{"@type":"Article","@id":"https:\/\/buletin.de\/bucuresti\/foto-initiativa-prelungirea-ghencea-despre-stadiul-lucrarilor-dupa-o-vizita-pe-teren-progres-bun-pe-tronsonul-cnair-ritm-mai-lent-pe-celelalte-segmente\/#article","isPartOf":{"@id":"https:\/\/buletin.de\/bucuresti\/foto-initiativa-prelungirea-ghencea-despre-stadiul-lucrarilor-dupa-o-vizita-pe-teren-progres-bun-pe-tronsonul-cnair-ritm-mai-lent-pe-celelalte-segmente\/"},"author":{"name":"Deniz Garguli","@id":"https:\/\/buletin.de\/bucuresti\/#\/schema\/person\/8badd0805392c02e16b744e0d5cd3625"},"headline":"FOTO | Ini\u021biativa Prelungirea Ghencea, despre stadiul lucr\u0103rilor dup\u0103 o vizit\u0103 pe teren: progres bun pe tronsonul CNAIR, ritm mai lent pe celelalte segmente","datePublished":"2026-09-06T01:04:00+00:00","mainEntityOfPage":{"@id":"https:\/\/buletin.de\/bucuresti\/foto-initiativa-prelungirea-ghencea-despre-stadiul-lucrarilor-dupa-o-vizita-pe-teren-progres-bun-pe-tronsonul-cnair-ritm-mai-lent-pe-celelalte-segmente\/"},"wordCount":813,"publisher":{"@id":"https:\/\/buletin.de\/bucuresti\/#organization"},"image":{"@id":"https:\/\/buletin.de\/bucuresti\/foto-initiativa-prelungirea-ghencea-despre-stadiul-lucrarilor-dupa-o-vizita-pe-teren-progres-bun-pe-tronsonul-cnair-ritm-mai-lent-pe-celelalte-segmente\/#primaryimage"},"thumbnailUrl":"https:\/\/buletin.de\/bucuresti\/wp-content\/uploads\/2026\/09\/Stadiul-lucrarilor-pe-Prelungirea-Ghencea.jpg","keywords":["Asocia\u021bia \u201eIni\u021biativa Prelungirea Ghencea\u201d","Bucure\u0219ti","cnair","deficien\u021be","prelungirea ghencea","Prim\u0103ria Capitalei","stadiul lucrarilor"],"articleSection":["Articole","Main","Prim\u0103rie"],"inLanguage":"en-GB","copyrightYear":"2026","copyrightHolder":{"@id":"https:\/\/buletin.de\/bucuresti\/#organization"}},{"@type":"WebPage","@id":"https:\/\/buletin.de\/bucuresti\/foto-initiativa-prelungirea-ghencea-despre-stadiul-lucrarilor-dupa-o-vizita-pe-teren-progres-bun-pe-tronsonul-cnair-ritm-mai-lent-pe-celelalte-segmente\/","url":"https:\/\/buletin.de\/bucuresti\/foto-initiativa-prelungirea-ghencea-despre-stadiul-lucrarilor-dupa-o-vizita-pe-teren-progres-bun-pe-tronsonul-cnair-ritm-mai-lent-pe-celelalte-segmente\/","name":"FOTO | Ini\u021biativa Prelungirea Ghencea, despre stadiul lucr\u0103rilor dup\u0103 o vizit\u0103 pe teren: progres bun pe tronsonul CNAIR, ritm mai lent pe celelalte segmente - Buletin de Bucure\u0219ti","isPartOf":{"@id":"https:\/\/buletin.de\/bucuresti\/#website"},"primaryImageOfPage":{"@id":"https:\/\/buletin.de\/bucuresti\/foto-initiativa-prelungirea-ghencea-despre-stadiul-lucrarilor-dupa-o-vizita-pe-teren-progres-bun-pe-tronsonul-cnair-ritm-mai-lent-pe-celelalte-segmente\/#primaryimage"},"image":{"@id":"https:\/\/buletin.de\/bucuresti\/foto-initiativa-prelungirea-ghencea-despre-stadiul-lucrarilor-dupa-o-vizita-pe-teren-progres-bun-pe-tronsonul-cnair-ritm-mai-lent-pe-celelalte-segmente\/#primaryimage"},"thumbnailUrl":"https:\/\/buletin.de\/bucuresti\/wp-content\/uploads\/2026\/09\/Stadiul-lucrarilor-pe-Prelungirea-Ghencea.jpg","datePublished":"2026-09-06T01:04:00+00:00","description":"La finalul sezonului cald Ini\u021biativa Civic\u0103 Prelungirea Ghencea a transmis cum au avansat lucr\u0103rile pentru aceast\u0103 important\u0103 investi\u021bie.","breadcrumb":{"@id":"https:\/\/buletin.de\/bucuresti\/foto-initiativa-prelungirea-ghencea-despre-stadiul-lucrarilor-dupa-o-vizita-pe-teren-progres-bun-pe-tronsonul-cnair-ritm-mai-lent-pe-celelalte-segmente\/#breadcrumb"},"inLanguage":"en-GB","potentialAction":[{"@type":"ReadAction","target":["https:\/\/buletin.de\/bucuresti\/foto-initiativa-prelungirea-ghencea-despre-stadiul-lucrarilor-dupa-o-vizita-pe-teren-progres-bun-pe-tronsonul-cnair-ritm-mai-lent-pe-celelalte-segmente\/"]}]},{"@type":"ImageObject","inLanguage":"en-GB","@id":"https:\/\/buletin.de\/bucuresti\/foto-initiativa-prelungirea-ghencea-despre-stadiul-lucrarilor-dupa-o-vizita-pe-teren-progres-bun-pe-tronsonul-cnair-ritm-mai-lent-pe-celelalte-segmente\/#primaryimage","url":"https:\/\/buletin.de\/bucuresti\/wp-content\/uploads\/2026\/09\/Stadiul-lucrarilor-pe-Prelungirea-Ghencea.jpg","contentUrl":"https:\/\/buletin.de\/bucuresti\/wp-content\/uploads\/2026\/09\/Stadiul-lucrarilor-pe-Prelungirea-Ghencea.jpg","width":2048,"height":1031,"caption":"Surs\u0103 foto: Ini\u021biativa Prelungirea Ghencea\/FB"},{"@type":"BreadcrumbList","@id":"https:\/\/buletin.de\/bucuresti\/foto-initiativa-prelungirea-ghencea-despre-stadiul-lucrarilor-dupa-o-vizita-pe-teren-progres-bun-pe-tronsonul-cnair-ritm-mai-lent-pe-celelalte-segmente\/#breadcrumb","itemListElement":[{"@type":"ListItem","position":1,"name":"Acas\u0103","item":"https:\/\/buletin.de\/bucuresti\/"},{"@type":"ListItem","position":2,"name":"FOTO | Ini\u021biativa Prelungirea Ghencea, despre stadiul lucr\u0103rilor dup\u0103 o vizit\u0103 pe teren: progres bun pe tronsonul CNAIR, ritm mai lent pe celelalte segmente"}]},{"@type":"WebSite","@id":"https:\/\/buletin.de\/bucuresti\/#website","url":"https:\/\/buletin.de\/bucuresti\/","name":"Buletin de Bucure\u0219ti","description":"\u0218tiri \u0219i investiga\u021bii esen\u021biale din capital\u0103","publisher":{"@id":"https:\/\/buletin.de\/bucuresti\/#organization"},"potentialAction":[{"@type":"SearchAction","target":{"@type":"EntryPoint","urlTemplate":"https:\/\/buletin.de\/bucuresti\/?s={search_term_string}"},"query-input":{"@type":"PropertyValueSpecification","valueRequired":true,"valueName":"search_term_string"}}],"inLanguage":"en-GB"},{"@type":"Organization","@id":"https:\/\/buletin.de\/bucuresti\/#organization","name":"Buletin de Bucure\u0219ti","url":"https:\/\/buletin.de\/bucuresti\/","logo":{"@type":"ImageObject","inLanguage":"en-GB","@id":"https:\/\/buletin.de\/bucuresti\/#\/schema\/logo\/image\/","url":"https:\/\/buletin.de\/bucuresti\/wp-content\/uploads\/logo-bdb-full-wide-vernil-transparent.png","contentUrl":"https:\/\/buletin.de\/bucuresti\/wp-content\/uploads\/logo-bdb-full-wide-vernil-transparent.png","width":1782,"height":626,"caption":"Buletin de Bucure\u0219ti"},"image":{"@id":"https:\/\/buletin.de\/bucuresti\/#\/schema\/logo\/image\/"},"sameAs":["https:\/\/www.facebook.com\/buletin.de.buc","https:\/\/www.instagram.com\/buletinde.bucuresti\/"]},{"@type":"Person","@id":"https:\/\/buletin.de\/bucuresti\/#\/schema\/person\/8badd0805392c02e16b744e0d5cd3625","name":"Deniz Garguli","image":{"@type":"ImageObject","inLanguage":"en-GB","@id":"https:\/\/buletin.de\/bucuresti\/wp-content\/uploads\/2026\/06\/BDB_Deniz-1-96x96.jpgba95f600d547b787bc58e580a19f8dac","url":"https:\/\/buletin.de\/bucuresti\/wp-content\/uploads\/2026\/06\/BDB_Deniz-1-96x96.jpg","contentUrl":"https:\/\/buletin.de\/bucuresti\/wp-content\/uploads\/2026\/06\/BDB_Deniz-1-96x96.jpg","caption":"Deniz Garguli"},"description":"N\u0103scut\u0103 \u0219i crescut\u0103 \u00een Capital\u0103, dorin\u021ba de a fi la curent cu tot ce se \u00eent\u00e2mpl\u0103 \u00een Bucure\u0219ti a \u00eempins-o c\u0103tre pres\u0103, mai cu seam\u0103 c\u0103tre cea local\u0103. A lucrat vreme de patru ani la B365, unde s-a ocupat de \u0219tiri despre ora\u0219 \u0219i oamenii care locuiesc \u00een el. Din 2026 s-a al\u0103turat echipei Buletin de Bucure\u0219ti.","url":"https:\/\/buletin.de\/bucuresti\/author\/deniz-garguli\/"}]}},"authors":[{"term_id":26103,"user_id":66,"is_guest":0,"slug":"deniz-garguli","display_name":"Deniz Garguli","avatar_url":"https:\/\/buletin.de\/bucuresti\/wp-content\/uploads\/2026\/06\/BDB_Deniz-1-96x96.jpg","author_category":"","first_name":"Deniz","last_name":"Garguli","user_url":"","job_title":"","description":"N\u0103scut\u0103 \u0219i crescut\u0103 \u00een Capital\u0103, dorin\u021ba de a fi la curent cu tot ce se \u00eent\u00e2mpl\u0103 \u00een Bucure\u0219ti a \u00eempins-o c\u0103tre pres\u0103, mai cu seam\u0103 c\u0103tre cea local\u0103. A lucrat vreme de patru ani la B365, unde s-a ocupat de \u0219tiri despre ora\u0219 \u0219i oamenii care locuiesc \u00een el. Din 2026 s-a al\u0103turat echipei Buletin de Bucure\u0219ti."}],"_links":{"self":[{"href":"https:\/\/buletin.de\/bucuresti\/wp-json\/wp\/v2\/posts\/216169","targetHints":{"allow":["GET"]}}],"collection":[{"href":"https:\/\/buletin.de\/bucuresti\/wp-json\/wp\/v2\/posts"}],"about":[{"href":"https:\/\/buletin.de\/bucuresti\/wp-json\/wp\/v2\/types\/post"}],"author":[{"embeddable":true,"href":"https:\/\/buletin.de\/bucuresti\/wp-json\/wp\/v2\/users\/66"}],"replies":[{"embeddable":true,"href":"https:\/\/buletin.de\/bucuresti\/wp-json\/wp\/v2\/comments?post=216169"}],"version-history":[{"count":7,"href":"https:\/\/buletin.de\/bucuresti\/wp-json\/wp\/v2\/posts\/216169\/revisions"}],"predecessor-version":[{"id":216190,"href":"https:\/\/buletin.de\/bucuresti\/wp-json\/wp\/v2\/posts\/216169\/revisions\/216190"}],"wp:featuredmedia":[{"embeddable":true,"href":"https:\/\/buletin.de\/bucuresti\/wp-json\/wp\/v2\/media\/216184"}],"wp:attachment":[{"href":"https:\/\/buletin.de\/bucuresti\/wp-json\/wp\/v2\/media?parent=216169"}],"wp:term":[{"taxonomy":"category","embeddable":true,"href":"https:\/\/buletin.de\/bucuresti\/wp-json\/wp\/v2\/categories?post=216169"},{"taxonomy":"post_tag","embeddable":true,"href":"https:\/\/buletin.de\/bucuresti\/wp-json\/wp\/v2\/tags?post=216169"},{"taxonomy":"author","embeddable":true,"href":"https:\/\/buletin.de\/bucuresti\/wp-json\/wp\/v2\/ppma_author?post=216169"}],"curies":[{"name":"wp","href":"https:\/\/api.w.org\/{rel}","templated":true}]}}