{"id":216100,"date":"2026-09-06T05:14:00","date_gmt":"2026-09-06T02:14:00","guid":{"rendered":"https:\/\/buletin.de\/bucuresti\/?p=216100"},"modified":"2026-09-05T16:42:29","modified_gmt":"2026-09-05T13:42:29","slug":"in-lucru-masterplanuri-pentru-regenerarea-urbana-din-sectorul-1-primaria-vrea-sa-reamenajere-spatiile-verzi-din","status":"publish","type":"post","link":"https:\/\/buletin.de\/bucuresti\/in-lucru-masterplanuri-pentru-regenerarea-urbana-din-sectorul-1-primaria-vrea-sa-reamenajere-spatiile-verzi-din\/","title":{"rendered":"Masterplanuri pentru regenerarea urban\u0103 din Sectorul 1. Prim\u0103ria vrea s\u0103 reamenajere spa\u021biile verzi din jurul blocurilor socialiste, \u00een \u0219ase subzone"},"content":{"rendered":"\n<p class=\"wp-block-paragraph\"><strong>Spa\u021biile verzi aflate \u00een mai multe cartiere din Sectorul 1 al Capitalei ar putea fi regenerate, conform unui <a href=\"https:\/\/primariasector1.ro\/sectiunea\/convocator-sedinte-consiliul-local\/\" data-type=\"link\" data-id=\"https:\/\/primariasector1.ro\/sectiunea\/convocator-sedinte-consiliul-local\/\" target=\"_blank\" rel=\"noreferrer noopener\">proiect de hot\u0103r\u00e2re<\/a> ce se afl\u0103 pe ordinea de zi a urm\u0103toarei \u0219edin\u021be de Consiliul Local. Documentul prevede aprobarea unor masterplan-uri pentru \u0219ase zone, aceste urm\u00e2nd s\u0103 reprezinte cadrul strategic de referin\u021b\u0103 pentru fundamentarea, prioritizarea \u0219i preg\u0103tirea viitoarelor interven\u021bii. <\/strong><\/p>\n\n\n\n<p class=\"wp-block-paragraph\">Prim\u0103ria Sectorului 1 transmite c\u0103 efectuate unor interven\u021bii asupra spa\u021biilor verzi este necesar\u0103 deoarece, \u00een timp, acestea s-au degradat, fiind fragmentate. De asemenea, analizele realizate au ar\u0103tat c\u0103 exist\u0103 probleme \u0219i \u00een ceea ce prive\u0219te infrastructura pentru pietoni.<\/p>\n\n\n\n<p class=\"wp-block-paragraph\"><em>\u201eAnaliza situa\u021biei existente, realizat\u0103 pentru cele \u0219ase subzone, a eviden\u021biat existen\u021ba unor disfunc\u021bionalit\u0103\u021bi privind starea \u0219i continuitatea fondului vegetal, degradarea \u0219i fragmentarea unor suprafe\u021be verzi, compactarea \u015fi impermeabilizarea solului, starea infrastructurii pietonale, insuficien\u021ba sau uzura mobilierului urban, prezen\u021ba unor bariere fizice, precum \u0219i conflicte \u00eentre circula\u021bia pietonal\u0103, spa\u021biile verzi \u0219i sta\u021bionarea autovehiculelor. Aceste constat\u0103ri justific\u0103 necesitatea unei abord\u0103ri unitare, adaptate caracteristicilor urbanistice, peisagistice \u015fi func\u021bionale ale fiec\u0103rei subzone\u201d<\/em>, se precizeaz\u0103 \u00een raportul de aprobare al proiectului. <\/p>\n\n\n\n<p class=\"wp-block-paragraph\"><strong>CITE\u0218TE \u0218I <a href=\"https:\/\/buletin.de\/bucuresti\/politistul-local-care-a-abuzat-o-batrana-a-fost-mutat-la-alt-departament-anunta-primaria-sectorului-1-institutia-a-facut-plangere-penala-impotriva-femeii\/\" data-type=\"post\" data-id=\"216067\">Poli\u021bistul local care a abuzat o b\u0103tr\u00e2n\u0103 a fost mutat la alt departament. Poli\u021bia Local\u0103 Sector 1 a f\u0103cut pl\u00e2ngere penal\u0103 \u00eempotriva femeii, s\u0103 afle dac\u0103 este infractor sau victim\u0103<\/a><\/strong><\/p>\n\n\n\n<h2 id=\"h-ce-zone-sunt-vizate-de-acest-proiect-de-hotarare\" class=\"wp-block-heading\">Ce zone sunt vizate de acest proiect de hot\u0103r\u00e2re<\/h2>\n\n\n\n<p class=\"wp-block-paragraph\">Masterplan-urile au vizat spa\u021biile verzi ce se afl\u0103 \u00een jurul ansamblurilor de locuin\u021be colective ce au fost realizat \u00een perioada socialist\u0103. Mai precis, un total de \u0219ase subzone din aria administrat\u0103 au fost sunt avute \u00een vedere de documenta\u021bie. Este vorba despre: <\/p>\n\n\n\n<ul class=\"wp-block-list\">\n<li>spa\u021bii verzi de tip aliniament aferente ansamblului de blocuri izolate din zona Bulevardului Gheorghe Magheru;<\/li>\n\n\n\n<li>spa\u021bii verzi de tip condominiu din Cartierul Avia\u021biei;<\/li>\n\n\n\n<li>spa\u021biu verde de tip parc aferent aliniamentului de blocuri turn de pe Bulevardul Ion Mihalache;<\/li>\n\n\n\n<li>spa\u021bii verzi intersti\u021biale din Cartierul Bucure\u0219tii Noi;<\/li>\n\n\n\n<li>spa\u021biu verde de tip aliniament situat de-a lungul \u0218oselei Gheorghe Ionescu Sise\u0219ti;<\/li>\n\n\n\n<li>spa\u021bii verzi de tip condominiu aferente aliniamentului de blocuri de pe Bulevardul Dinicu Golescu.<\/li>\n<\/ul>\n\n\n\n<p class=\"wp-block-paragraph\">Chiar dac\u0103 masterplanurile propun regenerarea \u0219i reamenajarea spa\u021biilor din jurul blocului, \u00een documentele consultate de Buletin de Bucure\u0219ti se men\u021bioneaz\u0103 c\u0103 arborii \u0219i vegeta\u021bia valoroase, vor fi p\u0103strate. Suplimentar, sunt prev\u0103zute plant\u0103ri noi \u0219i crearea unor spa\u021bii verzi mai bine conectate. <\/p>\n\n\n\n<p class=\"wp-block-paragraph\">Sunt prev\u0103zute \u0219i solu\u021bii pentru reducerea suprafe\u021belor betonate \u0219i asfaltate. Printre acestea se num\u0103r\u0103 pavajele permeabile \u0219i gr\u0103dinile de ploaie, acestea av\u00e2nd \u0219i scopul de a gestiona eficient apele pluviale.<\/p>\n\n\n\n<p class=\"wp-block-paragraph\">\u00cen ceea ce prive\u0219te accesul pietonilor, documentul prevede realizarea unor trasee mai accesibile \u0219i reducerea conflictelor dintre circula\u021bia pietonal\u0103, spa\u021biile verzi \u0219i ma\u0219inile parcate. <\/p>\n\n\n\n<p class=\"wp-block-paragraph\">Cu toate c\u0103 masterplanurile au fost realizate deja, aprobarea lor nu \u00eenseamn\u0103 \u00eens\u0103 c\u0103 lucr\u0103rile vor fi demarate. Pentru fiecare interven\u021bie \u00een parte va fi necesar\u0103 realizare de proiecte tehnice, ob\u021binerea de avize\/ autoriza\u021bii \u0219i aprobarea fondurilor necesare de c\u0103tre Consiliul Local. <\/p>\n\n\n\n<p class=\"wp-block-paragraph\"><strong>CITE\u0218TE \u0218I <a href=\"https:\/\/buletin.de\/bucuresti\/primaria-sectorului-1-a-angajat-o-casa-de-avocatura-celebra-pentru-a-lupta-cu-romprest-plateste-720-000-de-lei-pentru-25-de-dosare\/\" data-type=\"post\" data-id=\"215233\">Prim\u0103ria Sectorului 1 a angajat o cas\u0103 de avocatur\u0103 celebr\u0103 pentru a lupta cu Romprest. Pl\u0103te\u0219te 720.000 de lei pentru 25 de dosare<\/a><\/strong><\/p>\n\n\n\n<h2 id=\"h-una-dintre-etapele-proiectului-consultarea-cu-ceta\u021benii\" class=\"wp-block-heading\">Una dintre etapele proiectului, consultarea cu cet\u0103\u021benii<\/h2>\n\n\n\n<p class=\"wp-block-paragraph\">Tot \u00een raportul de aprobare al proiectului de hot\u0103r\u00e2re au fost prezentate \u0219i etapele parcurse dup\u0103 contractarea serviciilor, pentru a elabora documenta\u021bia necesar\u0103. Masterpalnurile a fost realizate \u00een trei faze, dup\u0103 cum urmeaz\u0103:<\/p>\n\n\n\n<ul class=\"wp-block-list\">\n<li><strong>Faza I &#8211; Analiza situa\u021biei existente <\/strong>&#8211; realizarea analizelor privind contextul urban, circula\u021biile, peisagistica \u0219i spa\u021biile verzi, morfologia urban\u0103, regimul juridic, diagnosticul \u0219i situa\u021bia fotografic\u0103 a celor \u015fase subzone. Aceast\u0103 etap\u0103 a fost finalizat\u0103 \u00een martie 2026. <\/li>\n\n\n\n<li><strong>Faza a II-a \u2013 Consultarea popula\u021biei<\/strong> \u2013 realizarea studiului socio-antropologic \u0219i desf\u0103\u0219urarea activit\u0103\u021bilor de consultare \u00een vederea identific\u0103rii modului de utilizare \u0219i percepere a spa\u021biilor analizate, precum \u0219i a nevoilor, priorit\u0103\u021bilor \u0219i opiniilor exprimate de comunit\u0103\u021bile locale. Etapa a fost finalizat\u0103 \u00een luna iunie 2026. <\/li>\n\n\n\n<li><strong>Faza a III-a &#8211; Masterplan de regenerare urban\u0103<\/strong> &#8211; elaborarea documenta\u021biei finale prin corelarea rezultatelor analizei situa\u021biei existente cu concluziile studiului socio-antropologic \u0219i formularea conceptelor \u0219i direc\u021biilor de interven\u021bie pentru cele \u0219ase subzone. Etapa a fost finalizat\u0103 \u00een iulie 2026. <\/li>\n<\/ul>\n\n\n\n<p class=\"wp-block-paragraph\">Contractul pentru realizarea acestor masterplanuri a avut o valoare total\u0103 de 196.992,00 lei, f\u0103r\u0103 TVA, sum\u0103 \u00eemp\u0103r\u021bit\u0103 \u00eentre cele trei etape de elaborare: 54.000,00 de lei pentru Faza I, 52.992,00 de lei pentru Faza II \u0219i 90.000,00 de lei pentru Faza III.<\/p>\n\n\n\n<p class=\"wp-block-paragraph\"><strong>CITE\u0218TE \u0218I <a href=\"https:\/\/buletin.de\/bucuresti\/coruptie-otopeni-inca-o-amanare-consecutiva-la-patru-ani-de-la-descinderile-dna-in-dosarul-furtului-canalizarii-in-aceeasi-zi-cu-decizia-tribunalului-edilul-silviu-gheorghe-a-deschis-un-festival\/\" data-type=\"post\" data-id=\"216080\">CORUP\u021aIE OTOPENI | \u00cenc\u0103 o am\u00e2nare consecutiv\u0103, la patru ani de la descinderile DNA, \u00een dosarul furtului canaliz\u0103rii. \u00cen aceea\u0219i zi cu decizia Tribunalului, edilul Silviu Gheorghe a deschis un festival folcloric \u00een fa\u021ba prim\u0103riei<\/a><\/strong><\/p>\n\n\n\n<h2 id=\"h-reamenajarea-spa\u021biului-verde-din-cartierul-pajura-a-adus-reac\u021bii-puternice-din-parte-bucure\u0219tenilor\" class=\"wp-block-heading\">Reamenajarea spa\u021biului verde din cartierul Pajura a adus reac\u021bii puternice din parte bucure\u0219tenilor<\/h2>\n\n\n\n<p class=\"wp-block-paragraph\">Interven\u021biile asupra spa\u021biilor verzi din cartierul Pajura, pe care Prim\u0103ria le-a demarat \u00een luna iulie a acestui an, au st\u00e2rnit un val de critici. Locuitorii zonei reclamau la momentul respectiv distrugerea gardurilor vii, t\u0103ierea arborilor \u0219i lipsa de transparen\u021b\u0103 \u0219i comunicare din partea administra\u021biei locale.<\/p>\n\n\n\n<p class=\"wp-block-paragraph\">La momentul respectiv, oamenii acuzau c\u0103 nu au fost consulta\u021bi \u00een leg\u0103tur\u0103 cu modific\u0103rile. Cea mai mare sup\u0103rare a oamenilor a fost legat\u0103 de t\u0103ierea gardurilor vii, acestea fiind o emblem\u0103 a cartierului. <\/p>\n\n\n\n<p class=\"wp-block-paragraph\">Ulterior, o \u00eent\u00e2lnirea a avut loc \u00eentre reprezentan\u021bii Prim\u0103riei \u0219i locuitorii cartierului. Aici, oamenii \u0219i-au expus dorin\u021bele \u0219i nemul\u021bumirile, \u00eencerc\u00e2nd s\u0103 ajung\u0103 la un numitor comun. Dezbaterea a fost una de bun augur, \u00een care George Tu\u021b\u0103 a recunoscut c\u0103 administra\u021bia a f\u0103cut gre\u0219eli. <\/p>\n\n\n\n<p class=\"wp-block-paragraph\"><strong>Mai multe detalii despre \u00eent\u00e2lnirea dintre cet\u0103\u021benii din Pajura \u0219i Prim\u0103ria Sectorului 1 pot f g\u0103site \u00een articolul: <a href=\"https:\/\/buletin.de\/bucuresti\/dezbatere-la-primaria-sectorului-1-despre-reconfigurarea-spatiului-verde-din-cartierul-pajura-primarul-george-tuta-am-gresit-comunicarea-a-lasat-de-dorit\/\" data-type=\"post\" data-id=\"207610\">Dezbatere la Prim\u0103ria Sectorului 1 despre reamenajarea spa\u021biului verde din cartierul Pajura. Primarul George Tu\u021b\u0103: \u201eAm gre\u0219it, comunicarea a l\u0103sat de dorit\u201d<\/a><\/strong><\/p>\n\n\n\n<p class=\"wp-block-paragraph\"><strong>CITE\u0218TE \u0218I <a href=\"https:\/\/buletin.de\/bucuresti\/curtea-de-apel-obliga-romsilva-sa-redeschida-drumul-auto-prin-padurea-baneasa-pentru-locuitorii-din-greenfield-decizia-este-definitiva\/\" data-type=\"post\" data-id=\"216049\">Curtea de Apel oblig\u0103 Romsilva s\u0103 redeschid\u0103 drumul auto prin P\u0103durea B\u0103neasa, pentru locuitorii din Greenfield. Decizia este definitiv\u0103<\/a><\/strong><\/p>\n","protected":false},"excerpt":{"rendered":"<p>Spa\u021biile verzi aflate \u00een mai multe cartiere din Sectorul 1 al Capitalei ar putea fi regenerate, conform unui proiect de hot\u0103r\u00e2re ce se afl\u0103 pe ordinea de zi a urm\u0103toarei \u0219edin\u021be de Consiliul Local. Documentul prevede aprobarea unor masterplan-uri pentru \u0219ase zone, aceste urm\u00e2nd s\u0103 reprezinte cadrul strategic de referin\u021b\u0103 pentru fundamentarea, prioritizarea \u0219i preg\u0103tirea [&hellip;]<\/p>\n","protected":false},"author":66,"featured_media":216164,"comment_status":"closed","ping_status":"open","sticky":false,"template":"","format":"standard","meta":{"_acf_changed":false,"inline_featured_image":false,"ngg_post_thumbnail":0,"footnotes":""},"categories":[6994,5762,109,24],"tags":[2011,4739,4381,30302,6083,308,30642],"ppma_author":[26103],"class_list":["post-216100","post","type-post","status-publish","format-standard","has-post-thumbnail","hentry","category-stiri-2","category-main","category-mediu","category-primarie","tag-consiliul-local-sector-1","tag-primaria-sectorului-1-2","tag-proiect-de-hotarare","tag-reamenajare","tag-regenerare-urbana","tag-sector-1","tag-statii-verzi"],"acf":[],"a3_pvc":{"activated":false,"total_views":0,"today_views":0},"yoast_head":"<!-- This site is optimized with the Yoast SEO Premium plugin v28.0 (Yoast SEO v28.4) - https:\/\/yoast.com\/product\/yoast-seo-premium-wordpress\/ -->\n<title>Masterplanuri pentru regenerarea urban\u0103 din Sectorul 1. Prim\u0103ria vrea s\u0103 reamenajere spa\u021biile verzi din jurul blocurilor socialiste, \u00een \u0219ase subzone - Buletin de Bucure\u0219ti<\/title>\n<meta name=\"description\" content=\"Reamenajarea spa\u021biilor verzi din Sectorul 1 va fi adus\u0103 \u00een fa\u021ba Consiliului Local printr-un proiect de hot\u0103r\u00e2re privind regenerarea urban\u0103.\" \/>\n<meta name=\"robots\" content=\"index, follow, max-snippet:-1, max-image-preview:large, max-video-preview:-1\" \/>\n<link rel=\"canonical\" href=\"https:\/\/buletin.de\/bucuresti\/in-lucru-masterplanuri-pentru-regenerarea-urbana-din-sectorul-1-primaria-vrea-sa-reamenajere-spatiile-verzi-din\/\" \/>\n<meta property=\"og:locale\" content=\"en_GB\" \/>\n<meta property=\"og:type\" content=\"article\" \/>\n<meta property=\"og:title\" content=\"Masterplanuri pentru regenerarea urban\u0103 din Sectorul 1. Prim\u0103ria vrea s\u0103 reamenajere spa\u021biile verzi din jurul blocurilor socialiste, \u00een \u0219ase subzone\" \/>\n<meta property=\"og:description\" content=\"Reamenajarea spa\u021biilor verzi din Sectorul 1 va fi adus\u0103 \u00een fa\u021ba Consiliului Local printr-un proiect de hot\u0103r\u00e2re privind regenerarea urban\u0103.\" \/>\n<meta property=\"og:url\" content=\"https:\/\/buletin.de\/bucuresti\/in-lucru-masterplanuri-pentru-regenerarea-urbana-din-sectorul-1-primaria-vrea-sa-reamenajere-spatiile-verzi-din\/\" \/>\n<meta property=\"og:site_name\" content=\"Buletin de Bucure\u0219ti\" \/>\n<meta property=\"article:publisher\" content=\"https:\/\/www.facebook.com\/buletin.de.buc\" \/>\n<meta property=\"article:published_time\" content=\"2026-09-06T02:14:00+00:00\" \/>\n<meta property=\"og:image\" content=\"https:\/\/buletin.de\/bucuresti\/wp-content\/uploads\/2026\/09\/reamenajarea-spatiilor-verzi-din-jurul-blocurilor-Sectorul-1.jpeg\" \/>\n\t<meta property=\"og:image:width\" content=\"2048\" \/>\n\t<meta property=\"og:image:height\" content=\"1365\" \/>\n\t<meta property=\"og:image:type\" content=\"image\/jpeg\" \/>\n<meta name=\"author\" content=\"Deniz Garguli\" \/>\n<meta name=\"twitter:card\" content=\"summary_large_image\" \/>\n<meta name=\"twitter:label1\" content=\"Written by\" \/>\n\t<meta name=\"twitter:data1\" content=\"Deniz Garguli\" \/>\n\t<meta name=\"twitter:label2\" content=\"Estimated reading time\" \/>\n\t<meta name=\"twitter:data2\" content=\"5 minutes\" \/>\n<script type=\"application\/ld+json\" class=\"yoast-schema-graph\">{\"@context\":\"https:\\\/\\\/schema.org\",\"@graph\":[{\"@type\":\"Article\",\"@id\":\"https:\\\/\\\/buletin.de\\\/bucuresti\\\/in-lucru-masterplanuri-pentru-regenerarea-urbana-din-sectorul-1-primaria-vrea-sa-reamenajere-spatiile-verzi-din\\\/#article\",\"isPartOf\":{\"@id\":\"https:\\\/\\\/buletin.de\\\/bucuresti\\\/in-lucru-masterplanuri-pentru-regenerarea-urbana-din-sectorul-1-primaria-vrea-sa-reamenajere-spatiile-verzi-din\\\/\"},\"author\":{\"name\":\"Deniz Garguli\",\"@id\":\"https:\\\/\\\/buletin.de\\\/bucuresti\\\/#\\\/schema\\\/person\\\/8badd0805392c02e16b744e0d5cd3625\"},\"headline\":\"Masterplanuri pentru regenerarea urban\u0103 din Sectorul 1. Prim\u0103ria vrea s\u0103 reamenajere spa\u021biile verzi din jurul blocurilor socialiste, \u00een \u0219ase subzone\",\"datePublished\":\"2026-09-06T02:14:00+00:00\",\"mainEntityOfPage\":{\"@id\":\"https:\\\/\\\/buletin.de\\\/bucuresti\\\/in-lucru-masterplanuri-pentru-regenerarea-urbana-din-sectorul-1-primaria-vrea-sa-reamenajere-spatiile-verzi-din\\\/\"},\"wordCount\":1067,\"publisher\":{\"@id\":\"https:\\\/\\\/buletin.de\\\/bucuresti\\\/#organization\"},\"image\":{\"@id\":\"https:\\\/\\\/buletin.de\\\/bucuresti\\\/in-lucru-masterplanuri-pentru-regenerarea-urbana-din-sectorul-1-primaria-vrea-sa-reamenajere-spatiile-verzi-din\\\/#primaryimage\"},\"thumbnailUrl\":\"https:\\\/\\\/buletin.de\\\/bucuresti\\\/wp-content\\\/uploads\\\/2026\\\/09\\\/reamenajarea-spatiilor-verzi-din-jurul-blocurilor-Sectorul-1.jpeg\",\"keywords\":[\"consiliul local sector 1\",\"Prim\u0103ria Sectorului 1\",\"proiect de hot\u0103r\u00e2re\",\"reamenajare\",\"regenerare urban\u0103\",\"Sector 1\",\"Sta\u021bii verzi\"],\"articleSection\":[\"Articole\",\"Main\",\"Mediu\",\"Prim\u0103rie\"],\"inLanguage\":\"en-GB\",\"copyrightYear\":\"2026\",\"copyrightHolder\":{\"@id\":\"https:\\\/\\\/buletin.de\\\/bucuresti\\\/#organization\"}},{\"@type\":\"WebPage\",\"@id\":\"https:\\\/\\\/buletin.de\\\/bucuresti\\\/in-lucru-masterplanuri-pentru-regenerarea-urbana-din-sectorul-1-primaria-vrea-sa-reamenajere-spatiile-verzi-din\\\/\",\"url\":\"https:\\\/\\\/buletin.de\\\/bucuresti\\\/in-lucru-masterplanuri-pentru-regenerarea-urbana-din-sectorul-1-primaria-vrea-sa-reamenajere-spatiile-verzi-din\\\/\",\"name\":\"Masterplanuri pentru regenerarea urban\u0103 din Sectorul 1. Prim\u0103ria vrea s\u0103 reamenajere spa\u021biile verzi din jurul blocurilor socialiste, \u00een \u0219ase subzone - Buletin de Bucure\u0219ti\",\"isPartOf\":{\"@id\":\"https:\\\/\\\/buletin.de\\\/bucuresti\\\/#website\"},\"primaryImageOfPage\":{\"@id\":\"https:\\\/\\\/buletin.de\\\/bucuresti\\\/in-lucru-masterplanuri-pentru-regenerarea-urbana-din-sectorul-1-primaria-vrea-sa-reamenajere-spatiile-verzi-din\\\/#primaryimage\"},\"image\":{\"@id\":\"https:\\\/\\\/buletin.de\\\/bucuresti\\\/in-lucru-masterplanuri-pentru-regenerarea-urbana-din-sectorul-1-primaria-vrea-sa-reamenajere-spatiile-verzi-din\\\/#primaryimage\"},\"thumbnailUrl\":\"https:\\\/\\\/buletin.de\\\/bucuresti\\\/wp-content\\\/uploads\\\/2026\\\/09\\\/reamenajarea-spatiilor-verzi-din-jurul-blocurilor-Sectorul-1.jpeg\",\"datePublished\":\"2026-09-06T02:14:00+00:00\",\"description\":\"Reamenajarea spa\u021biilor verzi din Sectorul 1 va fi adus\u0103 \u00een fa\u021ba Consiliului Local printr-un proiect de hot\u0103r\u00e2re privind regenerarea urban\u0103.\",\"breadcrumb\":{\"@id\":\"https:\\\/\\\/buletin.de\\\/bucuresti\\\/in-lucru-masterplanuri-pentru-regenerarea-urbana-din-sectorul-1-primaria-vrea-sa-reamenajere-spatiile-verzi-din\\\/#breadcrumb\"},\"inLanguage\":\"en-GB\",\"potentialAction\":[{\"@type\":\"ReadAction\",\"target\":[\"https:\\\/\\\/buletin.de\\\/bucuresti\\\/in-lucru-masterplanuri-pentru-regenerarea-urbana-din-sectorul-1-primaria-vrea-sa-reamenajere-spatiile-verzi-din\\\/\"]}]},{\"@type\":\"ImageObject\",\"inLanguage\":\"en-GB\",\"@id\":\"https:\\\/\\\/buletin.de\\\/bucuresti\\\/in-lucru-masterplanuri-pentru-regenerarea-urbana-din-sectorul-1-primaria-vrea-sa-reamenajere-spatiile-verzi-din\\\/#primaryimage\",\"url\":\"https:\\\/\\\/buletin.de\\\/bucuresti\\\/wp-content\\\/uploads\\\/2026\\\/09\\\/reamenajarea-spatiilor-verzi-din-jurul-blocurilor-Sectorul-1.jpeg\",\"contentUrl\":\"https:\\\/\\\/buletin.de\\\/bucuresti\\\/wp-content\\\/uploads\\\/2026\\\/09\\\/reamenajarea-spatiilor-verzi-din-jurul-blocurilor-Sectorul-1.jpeg\",\"width\":2048,\"height\":1365,\"caption\":\"Surs\u0103 foto simbol: Prim\u0103ria Sectorului 1\\\/FB\"},{\"@type\":\"BreadcrumbList\",\"@id\":\"https:\\\/\\\/buletin.de\\\/bucuresti\\\/in-lucru-masterplanuri-pentru-regenerarea-urbana-din-sectorul-1-primaria-vrea-sa-reamenajere-spatiile-verzi-din\\\/#breadcrumb\",\"itemListElement\":[{\"@type\":\"ListItem\",\"position\":1,\"name\":\"Acas\u0103\",\"item\":\"https:\\\/\\\/buletin.de\\\/bucuresti\\\/\"},{\"@type\":\"ListItem\",\"position\":2,\"name\":\"Masterplanuri pentru regenerarea urban\u0103 din Sectorul 1. Prim\u0103ria vrea s\u0103 reamenajere spa\u021biile verzi din jurul blocurilor socialiste, \u00een \u0219ase subzone\"}]},{\"@type\":\"WebSite\",\"@id\":\"https:\\\/\\\/buletin.de\\\/bucuresti\\\/#website\",\"url\":\"https:\\\/\\\/buletin.de\\\/bucuresti\\\/\",\"name\":\"Buletin de Bucure\u0219ti\",\"description\":\"\u0218tiri \u0219i investiga\u021bii esen\u021biale din capital\u0103\",\"publisher\":{\"@id\":\"https:\\\/\\\/buletin.de\\\/bucuresti\\\/#organization\"},\"potentialAction\":[{\"@type\":\"SearchAction\",\"target\":{\"@type\":\"EntryPoint\",\"urlTemplate\":\"https:\\\/\\\/buletin.de\\\/bucuresti\\\/?s={search_term_string}\"},\"query-input\":{\"@type\":\"PropertyValueSpecification\",\"valueRequired\":true,\"valueName\":\"search_term_string\"}}],\"inLanguage\":\"en-GB\"},{\"@type\":\"Organization\",\"@id\":\"https:\\\/\\\/buletin.de\\\/bucuresti\\\/#organization\",\"name\":\"Buletin de Bucure\u0219ti\",\"url\":\"https:\\\/\\\/buletin.de\\\/bucuresti\\\/\",\"logo\":{\"@type\":\"ImageObject\",\"inLanguage\":\"en-GB\",\"@id\":\"https:\\\/\\\/buletin.de\\\/bucuresti\\\/#\\\/schema\\\/logo\\\/image\\\/\",\"url\":\"https:\\\/\\\/buletin.de\\\/bucuresti\\\/wp-content\\\/uploads\\\/logo-bdb-full-wide-vernil-transparent.png\",\"contentUrl\":\"https:\\\/\\\/buletin.de\\\/bucuresti\\\/wp-content\\\/uploads\\\/logo-bdb-full-wide-vernil-transparent.png\",\"width\":1782,\"height\":626,\"caption\":\"Buletin de Bucure\u0219ti\"},\"image\":{\"@id\":\"https:\\\/\\\/buletin.de\\\/bucuresti\\\/#\\\/schema\\\/logo\\\/image\\\/\"},\"sameAs\":[\"https:\\\/\\\/www.facebook.com\\\/buletin.de.buc\",\"https:\\\/\\\/www.instagram.com\\\/buletinde.bucuresti\\\/\"]},{\"@type\":\"Person\",\"@id\":\"https:\\\/\\\/buletin.de\\\/bucuresti\\\/#\\\/schema\\\/person\\\/8badd0805392c02e16b744e0d5cd3625\",\"name\":\"Deniz Garguli\",\"image\":{\"@type\":\"ImageObject\",\"inLanguage\":\"en-GB\",\"@id\":\"https:\\\/\\\/buletin.de\\\/bucuresti\\\/wp-content\\\/uploads\\\/2026\\\/06\\\/BDB_Deniz-1-96x96.jpgba95f600d547b787bc58e580a19f8dac\",\"url\":\"https:\\\/\\\/buletin.de\\\/bucuresti\\\/wp-content\\\/uploads\\\/2026\\\/06\\\/BDB_Deniz-1-96x96.jpg\",\"contentUrl\":\"https:\\\/\\\/buletin.de\\\/bucuresti\\\/wp-content\\\/uploads\\\/2026\\\/06\\\/BDB_Deniz-1-96x96.jpg\",\"caption\":\"Deniz Garguli\"},\"description\":\"N\u0103scut\u0103 \u0219i crescut\u0103 \u00een Capital\u0103, dorin\u021ba de a fi la curent cu tot ce se \u00eent\u00e2mpl\u0103 \u00een Bucure\u0219ti a \u00eempins-o c\u0103tre pres\u0103, mai cu seam\u0103 c\u0103tre cea local\u0103. A lucrat vreme de patru ani la B365, unde s-a ocupat de \u0219tiri despre ora\u0219 \u0219i oamenii care locuiesc \u00een el. Din 2026 s-a al\u0103turat echipei Buletin de Bucure\u0219ti.\",\"url\":\"https:\\\/\\\/buletin.de\\\/bucuresti\\\/author\\\/deniz-garguli\\\/\"}]}<\/script>\n<!-- \/ Yoast SEO Premium plugin. -->","yoast_head_json":{"title":"Masterplanuri pentru regenerarea urban\u0103 din Sectorul 1. Prim\u0103ria vrea s\u0103 reamenajere spa\u021biile verzi din jurul blocurilor socialiste, \u00een \u0219ase subzone - Buletin de Bucure\u0219ti","description":"Reamenajarea spa\u021biilor verzi din Sectorul 1 va fi adus\u0103 \u00een fa\u021ba Consiliului Local printr-un proiect de hot\u0103r\u00e2re privind regenerarea urban\u0103.","robots":{"index":"index","follow":"follow","max-snippet":"max-snippet:-1","max-image-preview":"max-image-preview:large","max-video-preview":"max-video-preview:-1"},"canonical":"https:\/\/buletin.de\/bucuresti\/in-lucru-masterplanuri-pentru-regenerarea-urbana-din-sectorul-1-primaria-vrea-sa-reamenajere-spatiile-verzi-din\/","og_locale":"en_GB","og_type":"article","og_title":"Masterplanuri pentru regenerarea urban\u0103 din Sectorul 1. Prim\u0103ria vrea s\u0103 reamenajere spa\u021biile verzi din jurul blocurilor socialiste, \u00een \u0219ase subzone","og_description":"Reamenajarea spa\u021biilor verzi din Sectorul 1 va fi adus\u0103 \u00een fa\u021ba Consiliului Local printr-un proiect de hot\u0103r\u00e2re privind regenerarea urban\u0103.","og_url":"https:\/\/buletin.de\/bucuresti\/in-lucru-masterplanuri-pentru-regenerarea-urbana-din-sectorul-1-primaria-vrea-sa-reamenajere-spatiile-verzi-din\/","og_site_name":"Buletin de Bucure\u0219ti","article_publisher":"https:\/\/www.facebook.com\/buletin.de.buc","article_published_time":"2026-09-06T02:14:00+00:00","og_image":[{"width":2048,"height":1365,"url":"https:\/\/buletin.de\/bucuresti\/wp-content\/uploads\/2026\/09\/reamenajarea-spatiilor-verzi-din-jurul-blocurilor-Sectorul-1.jpeg","type":"image\/jpeg"}],"author":"Deniz Garguli","twitter_card":"summary_large_image","twitter_misc":{"Written by":"Deniz Garguli","Estimated reading time":"5 minutes"},"schema":{"@context":"https:\/\/schema.org","@graph":[{"@type":"Article","@id":"https:\/\/buletin.de\/bucuresti\/in-lucru-masterplanuri-pentru-regenerarea-urbana-din-sectorul-1-primaria-vrea-sa-reamenajere-spatiile-verzi-din\/#article","isPartOf":{"@id":"https:\/\/buletin.de\/bucuresti\/in-lucru-masterplanuri-pentru-regenerarea-urbana-din-sectorul-1-primaria-vrea-sa-reamenajere-spatiile-verzi-din\/"},"author":{"name":"Deniz Garguli","@id":"https:\/\/buletin.de\/bucuresti\/#\/schema\/person\/8badd0805392c02e16b744e0d5cd3625"},"headline":"Masterplanuri pentru regenerarea urban\u0103 din Sectorul 1. Prim\u0103ria vrea s\u0103 reamenajere spa\u021biile verzi din jurul blocurilor socialiste, \u00een \u0219ase subzone","datePublished":"2026-09-06T02:14:00+00:00","mainEntityOfPage":{"@id":"https:\/\/buletin.de\/bucuresti\/in-lucru-masterplanuri-pentru-regenerarea-urbana-din-sectorul-1-primaria-vrea-sa-reamenajere-spatiile-verzi-din\/"},"wordCount":1067,"publisher":{"@id":"https:\/\/buletin.de\/bucuresti\/#organization"},"image":{"@id":"https:\/\/buletin.de\/bucuresti\/in-lucru-masterplanuri-pentru-regenerarea-urbana-din-sectorul-1-primaria-vrea-sa-reamenajere-spatiile-verzi-din\/#primaryimage"},"thumbnailUrl":"https:\/\/buletin.de\/bucuresti\/wp-content\/uploads\/2026\/09\/reamenajarea-spatiilor-verzi-din-jurul-blocurilor-Sectorul-1.jpeg","keywords":["consiliul local sector 1","Prim\u0103ria Sectorului 1","proiect de hot\u0103r\u00e2re","reamenajare","regenerare urban\u0103","Sector 1","Sta\u021bii verzi"],"articleSection":["Articole","Main","Mediu","Prim\u0103rie"],"inLanguage":"en-GB","copyrightYear":"2026","copyrightHolder":{"@id":"https:\/\/buletin.de\/bucuresti\/#organization"}},{"@type":"WebPage","@id":"https:\/\/buletin.de\/bucuresti\/in-lucru-masterplanuri-pentru-regenerarea-urbana-din-sectorul-1-primaria-vrea-sa-reamenajere-spatiile-verzi-din\/","url":"https:\/\/buletin.de\/bucuresti\/in-lucru-masterplanuri-pentru-regenerarea-urbana-din-sectorul-1-primaria-vrea-sa-reamenajere-spatiile-verzi-din\/","name":"Masterplanuri pentru regenerarea urban\u0103 din Sectorul 1. Prim\u0103ria vrea s\u0103 reamenajere spa\u021biile verzi din jurul blocurilor socialiste, \u00een \u0219ase subzone - Buletin de Bucure\u0219ti","isPartOf":{"@id":"https:\/\/buletin.de\/bucuresti\/#website"},"primaryImageOfPage":{"@id":"https:\/\/buletin.de\/bucuresti\/in-lucru-masterplanuri-pentru-regenerarea-urbana-din-sectorul-1-primaria-vrea-sa-reamenajere-spatiile-verzi-din\/#primaryimage"},"image":{"@id":"https:\/\/buletin.de\/bucuresti\/in-lucru-masterplanuri-pentru-regenerarea-urbana-din-sectorul-1-primaria-vrea-sa-reamenajere-spatiile-verzi-din\/#primaryimage"},"thumbnailUrl":"https:\/\/buletin.de\/bucuresti\/wp-content\/uploads\/2026\/09\/reamenajarea-spatiilor-verzi-din-jurul-blocurilor-Sectorul-1.jpeg","datePublished":"2026-09-06T02:14:00+00:00","description":"Reamenajarea spa\u021biilor verzi din Sectorul 1 va fi adus\u0103 \u00een fa\u021ba Consiliului Local printr-un proiect de hot\u0103r\u00e2re privind regenerarea urban\u0103.","breadcrumb":{"@id":"https:\/\/buletin.de\/bucuresti\/in-lucru-masterplanuri-pentru-regenerarea-urbana-din-sectorul-1-primaria-vrea-sa-reamenajere-spatiile-verzi-din\/#breadcrumb"},"inLanguage":"en-GB","potentialAction":[{"@type":"ReadAction","target":["https:\/\/buletin.de\/bucuresti\/in-lucru-masterplanuri-pentru-regenerarea-urbana-din-sectorul-1-primaria-vrea-sa-reamenajere-spatiile-verzi-din\/"]}]},{"@type":"ImageObject","inLanguage":"en-GB","@id":"https:\/\/buletin.de\/bucuresti\/in-lucru-masterplanuri-pentru-regenerarea-urbana-din-sectorul-1-primaria-vrea-sa-reamenajere-spatiile-verzi-din\/#primaryimage","url":"https:\/\/buletin.de\/bucuresti\/wp-content\/uploads\/2026\/09\/reamenajarea-spatiilor-verzi-din-jurul-blocurilor-Sectorul-1.jpeg","contentUrl":"https:\/\/buletin.de\/bucuresti\/wp-content\/uploads\/2026\/09\/reamenajarea-spatiilor-verzi-din-jurul-blocurilor-Sectorul-1.jpeg","width":2048,"height":1365,"caption":"Surs\u0103 foto simbol: Prim\u0103ria Sectorului 1\/FB"},{"@type":"BreadcrumbList","@id":"https:\/\/buletin.de\/bucuresti\/in-lucru-masterplanuri-pentru-regenerarea-urbana-din-sectorul-1-primaria-vrea-sa-reamenajere-spatiile-verzi-din\/#breadcrumb","itemListElement":[{"@type":"ListItem","position":1,"name":"Acas\u0103","item":"https:\/\/buletin.de\/bucuresti\/"},{"@type":"ListItem","position":2,"name":"Masterplanuri pentru regenerarea urban\u0103 din Sectorul 1. Prim\u0103ria vrea s\u0103 reamenajere spa\u021biile verzi din jurul blocurilor socialiste, \u00een \u0219ase subzone"}]},{"@type":"WebSite","@id":"https:\/\/buletin.de\/bucuresti\/#website","url":"https:\/\/buletin.de\/bucuresti\/","name":"Buletin de Bucure\u0219ti","description":"\u0218tiri \u0219i investiga\u021bii esen\u021biale din capital\u0103","publisher":{"@id":"https:\/\/buletin.de\/bucuresti\/#organization"},"potentialAction":[{"@type":"SearchAction","target":{"@type":"EntryPoint","urlTemplate":"https:\/\/buletin.de\/bucuresti\/?s={search_term_string}"},"query-input":{"@type":"PropertyValueSpecification","valueRequired":true,"valueName":"search_term_string"}}],"inLanguage":"en-GB"},{"@type":"Organization","@id":"https:\/\/buletin.de\/bucuresti\/#organization","name":"Buletin de Bucure\u0219ti","url":"https:\/\/buletin.de\/bucuresti\/","logo":{"@type":"ImageObject","inLanguage":"en-GB","@id":"https:\/\/buletin.de\/bucuresti\/#\/schema\/logo\/image\/","url":"https:\/\/buletin.de\/bucuresti\/wp-content\/uploads\/logo-bdb-full-wide-vernil-transparent.png","contentUrl":"https:\/\/buletin.de\/bucuresti\/wp-content\/uploads\/logo-bdb-full-wide-vernil-transparent.png","width":1782,"height":626,"caption":"Buletin de Bucure\u0219ti"},"image":{"@id":"https:\/\/buletin.de\/bucuresti\/#\/schema\/logo\/image\/"},"sameAs":["https:\/\/www.facebook.com\/buletin.de.buc","https:\/\/www.instagram.com\/buletinde.bucuresti\/"]},{"@type":"Person","@id":"https:\/\/buletin.de\/bucuresti\/#\/schema\/person\/8badd0805392c02e16b744e0d5cd3625","name":"Deniz Garguli","image":{"@type":"ImageObject","inLanguage":"en-GB","@id":"https:\/\/buletin.de\/bucuresti\/wp-content\/uploads\/2026\/06\/BDB_Deniz-1-96x96.jpgba95f600d547b787bc58e580a19f8dac","url":"https:\/\/buletin.de\/bucuresti\/wp-content\/uploads\/2026\/06\/BDB_Deniz-1-96x96.jpg","contentUrl":"https:\/\/buletin.de\/bucuresti\/wp-content\/uploads\/2026\/06\/BDB_Deniz-1-96x96.jpg","caption":"Deniz Garguli"},"description":"N\u0103scut\u0103 \u0219i crescut\u0103 \u00een Capital\u0103, dorin\u021ba de a fi la curent cu tot ce se \u00eent\u00e2mpl\u0103 \u00een Bucure\u0219ti a \u00eempins-o c\u0103tre pres\u0103, mai cu seam\u0103 c\u0103tre cea local\u0103. A lucrat vreme de patru ani la B365, unde s-a ocupat de \u0219tiri despre ora\u0219 \u0219i oamenii care locuiesc \u00een el. Din 2026 s-a al\u0103turat echipei Buletin de Bucure\u0219ti.","url":"https:\/\/buletin.de\/bucuresti\/author\/deniz-garguli\/"}]}},"authors":[{"term_id":26103,"user_id":66,"is_guest":0,"slug":"deniz-garguli","display_name":"Deniz Garguli","avatar_url":"https:\/\/buletin.de\/bucuresti\/wp-content\/uploads\/2026\/06\/BDB_Deniz-1-96x96.jpg","author_category":"","first_name":"Deniz","last_name":"Garguli","user_url":"","job_title":"","description":"N\u0103scut\u0103 \u0219i crescut\u0103 \u00een Capital\u0103, dorin\u021ba de a fi la curent cu tot ce se \u00eent\u00e2mpl\u0103 \u00een Bucure\u0219ti a \u00eempins-o c\u0103tre pres\u0103, mai cu seam\u0103 c\u0103tre cea local\u0103. A lucrat vreme de patru ani la B365, unde s-a ocupat de \u0219tiri despre ora\u0219 \u0219i oamenii care locuiesc \u00een el. Din 2026 s-a al\u0103turat echipei Buletin de Bucure\u0219ti."}],"_links":{"self":[{"href":"https:\/\/buletin.de\/bucuresti\/wp-json\/wp\/v2\/posts\/216100","targetHints":{"allow":["GET"]}}],"collection":[{"href":"https:\/\/buletin.de\/bucuresti\/wp-json\/wp\/v2\/posts"}],"about":[{"href":"https:\/\/buletin.de\/bucuresti\/wp-json\/wp\/v2\/types\/post"}],"author":[{"embeddable":true,"href":"https:\/\/buletin.de\/bucuresti\/wp-json\/wp\/v2\/users\/66"}],"replies":[{"embeddable":true,"href":"https:\/\/buletin.de\/bucuresti\/wp-json\/wp\/v2\/comments?post=216100"}],"version-history":[{"count":8,"href":"https:\/\/buletin.de\/bucuresti\/wp-json\/wp\/v2\/posts\/216100\/revisions"}],"predecessor-version":[{"id":216168,"href":"https:\/\/buletin.de\/bucuresti\/wp-json\/wp\/v2\/posts\/216100\/revisions\/216168"}],"wp:featuredmedia":[{"embeddable":true,"href":"https:\/\/buletin.de\/bucuresti\/wp-json\/wp\/v2\/media\/216164"}],"wp:attachment":[{"href":"https:\/\/buletin.de\/bucuresti\/wp-json\/wp\/v2\/media?parent=216100"}],"wp:term":[{"taxonomy":"category","embeddable":true,"href":"https:\/\/buletin.de\/bucuresti\/wp-json\/wp\/v2\/categories?post=216100"},{"taxonomy":"post_tag","embeddable":true,"href":"https:\/\/buletin.de\/bucuresti\/wp-json\/wp\/v2\/tags?post=216100"},{"taxonomy":"author","embeddable":true,"href":"https:\/\/buletin.de\/bucuresti\/wp-json\/wp\/v2\/ppma_author?post=216100"}],"curies":[{"name":"wp","href":"https:\/\/api.w.org\/{rel}","templated":true}]}}