{"id":216049,"date":"2026-09-05T00:00:13","date_gmt":"2026-09-04T21:00:13","guid":{"rendered":"https:\/\/buletin.de\/bucuresti\/?p=216049"},"modified":"2026-09-05T00:01:08","modified_gmt":"2026-09-04T21:01:08","slug":"curtea-de-apel-obliga-romsilva-sa-redeschida-drumul-auto-prin-padurea-baneasa-pentru-locuitorii-din-greenfield-decizia-este-definitiva","status":"publish","type":"post","link":"https:\/\/buletin.de\/bucuresti\/curtea-de-apel-obliga-romsilva-sa-redeschida-drumul-auto-prin-padurea-baneasa-pentru-locuitorii-din-greenfield-decizia-este-definitiva\/","title":{"rendered":"Curtea de Apel oblig\u0103 Romsilva s\u0103 redeschid\u0103 drumul auto prin P\u0103durea B\u0103neasa, pentru locuitorii din Greenfield. Decizia este definitiv\u0103"},"content":{"rendered":"\n<p class=\"wp-block-paragraph\"><strong>Curtea de Apel Bucure\u0219ti a decis, vineri, c\u0103 Romsilva este obligat\u0103 s\u0103 redeschid\u0103 drumul auto prin P\u0103durea B\u0103neasa, pe care l-a \u00eenchis \u00een iunie anul acesta. <\/strong><\/p>\n\n\n\n<p class=\"wp-block-paragraph\">Decizia este definitiv\u0103 \u0219i este valabil\u0103 p\u00e2n\u0103 c\u00e2nd va ap\u0103rea o sentin\u021b\u0103 \u00een procesul dintre stat \u0219i Federa\u021bia Greenfield, organiza\u021bia ce reprezint\u0103 locuitorii din cartierul din nordul Bucure\u0219tiului \u0219i care a primit, prin contract, drept de utilizare a drumului.<\/p>\n\n\n\n<p class=\"wp-block-paragraph\">\u201e<strong>Curtea de Apel Bucure\u0219ti tocmai a obligat azi Romsilva s\u0103 fie deschis drumul auto prin B\u0103neasa p\u00e2n\u0103 la judecata pe fond. Nu conteaz\u0103, a\u0219adar, c\u0103 acolo corpul de control al Ministrului Mediului a descoperit c\u0103 nu era nici m\u0103car drum forestier.<\/strong><\/p>\n\n\n\n<p class=\"wp-block-paragraph\">Aceasta e justi\u021bia pe care AUR \u0219i PSD tocmai au votat-o acum c\u00e2teva zile c\u0103 nu trebuie reformat\u0103. Oare c\u00e2\u021bi rom\u00e2ni cred c\u0103 asta e normalitatea?\u201d, <a href=\"https:\/\/www.facebook.com\/DianaBuzoianu\/posts\/pfbid02QUhPwKfUCRQUeNyrhXYfYFQghQWTeKW8Nh616YnmmnG4kTtpXnBBV33HYXG31GtUl\" target=\"_blank\" rel=\"noreferrer noopener\">a scris vineri Diana Buzoianu<\/a>, ministrul Mediului, unul dintre demnitarii care a militat pentru ca circula\u021bia auto s\u0103 fie scoas\u0103 din P\u0103durea B\u0103neasa.<\/p>\n\n\n\n<h2 id=\"h-drumul-auto-prin-padurea-baneasa-a-ramas-inchis-doar-trei-luni\" class=\"wp-block-heading\">Drumul auto prin P\u0103durea B\u0103neasa a r\u0103mas \u00eenchis doar trei luni<\/h2>\n\n\n\n<p class=\"wp-block-paragraph\">Romsilva a reziliat, \u00een aceast\u0103 var\u0103, contractul care permitea locuitorilor cartierului Greenfield s\u0103 circule cu ma\u0219ina pe drumul forestier din P\u0103durea B\u0103neasa, singura p\u0103dure urban\u0103 a Bucure\u0219tiului. Decizia, notificat\u0103 pe 2 aprilie \u0219i intrat\u0103 \u00een vigoare pe 2 iunie 2026, a venit dup\u0103 mai bine de un an de conflict \u00eentre Ministerul Mediului, presat de mai multe organiza\u021bii neguvernamentale care au cerut constant \u00eenchiderea acestuia, \u0219i Federa\u021bia Greenfield, care a sus\u021binut c\u0103 accesul auto este singura solu\u021bie pentru cei peste 7.000 de locuitori ai cartierului. <\/p>\n\n\n\n<p class=\"wp-block-paragraph\"><strong>CITE\u0218TE \u0218I:<a href=\"https:\/\/buletin.de\/bucuresti\/romsilva-va-monta-propria-bariera-pe-drumul-din-padurea-baneasa-daca-federatia-greenfield-nu-opreste-accesul-auto\/\" target=\"_blank\" rel=\"noreferrer noopener\"> Romsilva va monta propria barier\u0103 pe drumul din P\u0103durea B\u0103neasa dac\u0103 Federa\u021bia Greenfield nu opre\u0219te accesul auto<\/a><\/strong><\/p>\n\n\n\n<p class=\"wp-block-paragraph\"><strong>Cartierul reziden\u021bial Greenfield, aflat la marginea Bucure\u0219tiului, spre Otopeni, s-a dezvoltat ani la r\u00e2nd cu o singur\u0103 cale de acces rutier, de\u0219i dezvoltatorul promisese \u00eenc\u0103 din 2021 o a doua ie\u0219ire, spre \u0219oseaua de centur\u0103. <\/strong><\/p>\n\n\n\n<p class=\"wp-block-paragraph\">Potrivit actualului viceprimar al Sectorului 1, Iulian Hatmanu, acel drum, evaluat la circa 2,5 milioane de euro, ar fi trebuit finalizat \u00een 2021, dar nu a fost construit, iar dezvoltatorul ar fi economisit astfel aproximativ 4,3 milioane de euro. <\/p>\n\n\n\n<p class=\"wp-block-paragraph\"><strong>CITE\u0218TE \u0218I:<a href=\"https:\/\/buletin.de\/bucuresti\/viceprimarul-sectorului-1-reactie-categorica-in-scandalul-greenfield-padurea-baneasa-a-devenit-scurtatura-pentru-profit\/\" target=\"_blank\" rel=\"noreferrer noopener\"> Viceprimarul Sectorului 1, reac\u021bie categoric\u0103 \u00een scandalul Greenfield: \u201eP\u0103durea B\u0103neasa a devenit scurt\u0103tur\u0103 pentru profit\u201d<\/a><\/strong><\/p>\n\n\n\n<p class=\"wp-block-paragraph\">\u00cen aprilie 2024, Consiliul General al Municipiului Bucure\u0219ti a aprobat deschiderea drumurilor forestiere din P\u0103durea B\u0103neasa pentru circula\u021bia public\u0103, iar \u00een octombrie 2024 primarul general Nicu\u0219or Dan a propus o solu\u021bie de compromis: drumul prin p\u0103dure s\u0103 r\u0103m\u00e2n\u0103 deschis temporar, maximum patru ani, cu obliga\u021bia dezvoltatorului de a construi, p\u00e2n\u0103 la expirarea acestei perioade, ie\u0219iri permanente spre \u0219oseaua de centur\u0103. <\/p>\n\n\n\n<p class=\"wp-block-paragraph\"><strong>Autorit\u0103\u021bile au descris atunci cartierul drept \u201eun exemplu tipic de dezvoltare urban\u0103 speculativ\u0103, \u00een care s-au construit locuin\u021bele \u00eenaintea c\u0103ilor de acces\u201d, \u00eentr-o zon\u0103 unde popula\u021bia, de aproximativ 6.000 de locuitori la acel moment, era estimat\u0103 s\u0103 ajung\u0103 la 15.000.<\/strong><\/p>\n\n\n\n<p class=\"wp-block-paragraph\">\u00cen decembrie 2024, G4Media a dezv\u0103luit c\u0103 mai multe lucr\u0103ri de reabilitare a drumului auto de 1,5 kilometri prin P\u0103durea B\u0103neasa, cu pietruire \u0219i defri\u0219are de vegeta\u021bie, au fost pl\u0103tite de Romsilva, dar \u021binute, potrivit relat\u0103rilor, departe de aten\u021bia public\u0103, p\u00e2n\u0103 c\u00e2nd \u0219coala privat\u0103 Avenor, aflat\u0103 \u00een cartier, a anun\u021bat public \u00een\u021belegerea. <\/p>\n\n\n\n<p class=\"wp-block-paragraph\">Romsilva a sus\u021binut, la acel moment, c\u0103 drumul exista dinainte de 1990 \u0219i c\u0103 lucr\u0103rile reprezint\u0103 doar o reabilitare a unei obliga\u021bii legale preexistente, nu deschiderea unei c\u0103i noi. <\/p>\n\n\n\n<p class=\"wp-block-paragraph\"><strong>CITE\u0218TE \u0218I: <a href=\"https:\/\/buletin.de\/bucuresti\/g4-media-drum-amenajat-in-secret-pentru-locuitorii-din-greenfield-prin-padurea-baneasa-amenajarea-platita-de-romsilva\/\" target=\"_blank\" rel=\"noreferrer noopener\">G4 Media | Drum amenajat \u00een secret pentru locuitorii din Greenfield prin p\u0103durea B\u0103neasa. Amenajarea, pl\u0103tit\u0103 de Romsilva<\/a><\/strong><\/p>\n\n\n\n<p class=\"wp-block-paragraph\">\u00cen plus, la \u00eenceputul lunii martie 2025, Direc\u021bia Silvic\u0103 Ilfov, prin directorul Cezar R\u0103du\u021b\u0103, a semnat un contract de acces auto (contract de peaj) prin P\u0103durea B\u0103neasa cu Federa\u021bia Greenfield B\u0103neasa \u0219i asocia\u021bia \u201eImpact pentru Viitor\u201d, pe o durat\u0103 de cinci ani, \u00een valoare de 20.000 de euro pe an (100.000 de euro plus TVA, \u00een total). Banii ar fi provenit de la locuitorii din Greenfield, sub forma unei taxe pentru folosirea drumului.<\/p>\n\n\n\n<p class=\"wp-block-paragraph\">Deschiderea efectiv\u0103 a circula\u021biei, programat\u0103 ini\u021bial pentru 12 martie 2025, s-a am\u00e2nat pentru instalarea unui sistem de bariere \u0219i camere de recunoa\u0219tere a numerelor de \u00eenmatriculare, iar accesul cu plat\u0103, prev\u0103zut de contract, a intrat efectiv \u00een vigoare abia din septembrie 2025. <\/p>\n\n\n\n<p class=\"wp-block-paragraph\"><strong>Pe 29 mai 2025, printr-un act adi\u021bional, Romsilva a renun\u021bat chiar la dreptul de a rezilia unilateral contractul, stabilind c\u0103 acesta poate fi reziliat de oricare parte doar dup\u0103 ce o instan\u021b\u0103 confirm\u0103 acest lucru.<\/strong><\/p>\n\n\n\n<h2 id=\"h-opozi\u021bia-ong-urilor-\u0219i-batalia-din-instan\u021ba\" class=\"wp-block-heading\">Opozi\u021bia ONG-urilor \u0219i b\u0103t\u0103lia din instan\u021b\u0103<\/h2>\n\n\n\n<p class=\"wp-block-paragraph\">Reac\u021bia organiza\u021biilor de mediu a venit rapid. Pe 13 martie 2025, 30 de organiza\u021bii \u0219i grupuri civice au lansat un apel comun cu privire la drumul auto prin P\u0103durea B\u0103neasa, avertiz\u00e2nd c\u0103 \u201edeschiderea circula\u021biei auto pe un drum forestier \u00eenseamn\u0103 fragmentarea p\u0103durii, care duce, \u00een timp, la degradarea ireversibil\u0103 a ecosistemului natural\u201d, \u0219i cer\u00e2nd Ministerului Mediului s\u0103 investigheze legalitatea contractului dintre Romsilva \u0219i Federa\u021bia Greenfield. <\/p>\n\n\n\n<p class=\"wp-block-paragraph\">C\u00e2teva zile mai t\u00e2rziu, pe 17 martie 2025, ministrul de atunci al Mediului, Mircea Fechet, s-a pozi\u021bionat public \u00eempotriva proiectului: \u201eNu sunt de acord cu transformarea acelei buc\u0103\u021bi de p\u0103dure \u00eentr-o \u0219osea sau drum expres [&#8230;] putem tranzita o p\u0103dure pe jos, cu bicicleta, dar \u00een niciun caz nu sunt de acord cu transformarea p\u0103durii \u00eentr-o \u0219osea.\u201d<\/p>\n\n\n\n<p class=\"wp-block-paragraph\"><strong>CITE\u0218TE \u0218I: <a href=\"https:\/\/buletin.de\/bucuresti\/ministrul-mediului-ameninta-cu-demiteri-daca-va-fi-deschis-drumul-prin-padurea-baneasa-pentru-cartierul-greenfield\/\" target=\"_blank\" rel=\"noreferrer noopener\">Ministrul Mediului amenin\u021b\u0103 cu demiteri dac\u0103 va fi deschis drumul prin p\u0103durea B\u0103neasa, pentru cartierul Greenfield<\/a><\/strong><\/p>\n\n\n\n<p class=\"wp-block-paragraph\">Pe 8 septembrie 2025, o coali\u021bie de 45 de ONG-uri, printre care Funda\u021bia Centura Verde, Asocia\u021bia Parcul Natural Bucure\u0219ti, Funda\u021bia ECO-CIVICA, Re\u021beaua pentru Natur\u0103 Urban\u0103 \u0219i grupul civic \u201eSalva\u021bi Codrii Vl\u0103siei\u201d, a cerut, printr-o solicitare adresat\u0103 conducerii Romsilva, rezilierea contractului care permite circula\u021bia auto prin p\u0103dure, invoc\u00e2nd poluarea aerului \u0219i fonic\u0103, riscurile pentru siguran\u021ba public\u0103 \u0219i o \u201einterpretare abuziv\u0103 \u0219i ilegal\u0103\u201d a Codului Silvic de c\u0103tre Direc\u021bia Silvic\u0103 Ilfov, care ar permite accesul auto pe drumuri forestiere doar proprietarilor de terenuri, nu unor cartiere reziden\u021biale din afara p\u0103durii.<\/p>\n\n\n\n<p class=\"wp-block-paragraph\"><strong>B\u0103t\u0103lia s-a mutat \u0219i \u00een instan\u021b\u0103, cu rezultate contestate de ambele p\u0103r\u021bi. Pe 13 august 2025, o cerere de suspendare a contractului de peaj,  depus\u0103 de Eco-Civica \u0219i Agent Green, a fost respins\u0103 ca inadmisibil\u0103 de instan\u021b\u0103, cele dou\u0103 organiza\u021bii fiind obligate la plata cheltuielilor de judecat\u0103.<\/strong><\/p>\n\n\n\n<p class=\"wp-block-paragraph\">Federa\u021bia Greenfield a prezentat public decizia drept o validare a legalit\u0103\u021bii contractului, declar\u00e2nd, pe 3 septembrie 2025, c\u0103 acesta \u201ea fost validat de Tribunalul Bucure\u0219ti\u201d. <\/p>\n\n\n\n<p class=\"wp-block-paragraph\"><strong>CITE\u0218TE \u0218I: <a href=\"https:\/\/buletin.de\/bucuresti\/federatia-greenfield-circulatia-auto-pe-drumul-prin-padurea-baneasa-este-legala-contractul-cu-romsilva-validat-de-tribunalul-bucuresti\/\" target=\"_blank\" rel=\"noreferrer noopener\">Federa\u021bia Greenfield: Circula\u021bia auto pe drumul prin P\u0103durea B\u0103neasa este legal\u0103. Contractul cu Romsilva, validat de Tribunalul Bucure\u0219ti<\/a><\/strong><\/p>\n\n\n\n<p class=\"wp-block-paragraph\">Funda\u021bia Eco-Civica a respins \u00eens\u0103 aceast\u0103 interpretare, acuz\u00e2nd Federa\u021bia de dezinformare: \u201eTribunalul nu a \u00abvalidat\u00bb contractul de peaj. Doar chestiuni procedurale au fost solu\u021bionate\u201d \u2014 respingerea fiind, potrivit ONG-ului, una de form\u0103, nu o judecat\u0103 pe fondul legalit\u0103\u021bii contractului. Un proces separat privind anularea pe fond a contractului r\u0103m\u0103sese, la acel moment, f\u0103r\u0103 termen stabilit.<\/p>\n\n\n\n<h2 id=\"h-noul-ministru-al-mediului-diana-buzoianu-vrea-ca-drumul-auto-prin-padurea-baneasa-sa-fie-inchis\" class=\"wp-block-heading\">Noul ministru al Mediului, Diana Buzoianu, vrea ca drumul auto prin P\u0103durea B\u0103neasa s\u0103 fie \u00eenchis<\/h2>\n\n\n\n<p class=\"wp-block-paragraph\">Pe 31 august 2025, ministra Mediului, Diana Buzoianu, a confirmat inten\u021bia de a proteja legal \u00eentreaga p\u0103dure: \u201eDa, P\u0103durea B\u0103neasa trebuie s\u0103 fie toat\u0103 trecut\u0103 ca arie natural\u0103 protejat\u0103\u201d, a anun\u021bat ea, preciz\u00e2nd c\u0103 demareaz\u0103 procedurile administrative \u0219i organizeaz\u0103 o dezbatere public\u0103 la minister. <\/p>\n\n\n\n<p class=\"wp-block-paragraph\"><strong>CITE\u0218TE \u0218I: <a href=\"https:\/\/buletin.de\/bucuresti\/diana-buzoianu-padurea-baneasa-trebuie-sa-fie-arie-naturala-protejata-federatia-locuitorilor-din-cartierul-greenfield-ii-scrisese-ministrei-sa-faca-lobby-pentru-drumul-prin-padure\/\" target=\"_blank\" rel=\"noreferrer noopener\">Diana Buzoianu: \u201eP\u0103durea B\u0103neasa trebuie s\u0103 fie arie natural\u0103 protejat\u0103\u201d. Federa\u021bia Greenfield \u00eei scrisese ministrei, s\u0103 fac\u0103 lobby pentru drumul prin p\u0103dure<\/a><\/strong><\/p>\n\n\n\n<p class=\"wp-block-paragraph\">\u00cen replic\u0103, <a href=\"https:\/\/www.g4media.ro\/federatia-greenfield-in-conflictul-privind-accesul-auto-prin-padurea-baneasa-convenit-cu-romsilva-scrie-ministrului-mediului-diana-buzoianu-dupa-opozitia-ong-urilor-de-mediu-padurea-banea.html\" target=\"_blank\" rel=\"noreferrer noopener\">Federa\u021bia Greenfield i-a scris ministrei<\/a>, cer\u00e2nd men\u021binerea administr\u0103rii p\u0103durii de c\u0103tre Romsilva, o dezbatere public\u0103 mai ampl\u0103 \u0219i, f\u0103r\u0103 a o men\u021biona explicit, p\u0103strarea posibilit\u0103\u021bii de acces auto printr-un drum forestier, critic\u00e2nd abordarea proiectului de protec\u021bie drept una \u201erapid\u0103, f\u0103r\u0103 dezbatere \u0219i consultare public\u0103\u201d. <\/p>\n\n\n\n<p class=\"wp-block-paragraph\"><strong>Pe 19 decembrie 2025, Parcul Natural Bucure\u0219ti a lansat o peti\u021bie pentru instituirea regimului de arie natural\u0103 protejat\u0103 pentru \u00eentreaga p\u0103dure, str\u00e2ng\u00e2nd peste 3.600 de semn\u0103turi.<\/strong><\/p>\n\n\n\n<p class=\"wp-block-paragraph\">Cea mai dur\u0103 lovitur\u0103 administrativ\u0103 a venit pe 11 februarie anul acesta, c\u00e2nd Corpul de Control al Ministerului Mediului a publicat un raport care a constatat nereguli grave: un tronson de 0,72 kilometri din drumul forestier, \u00eentre amenajamentele silvice 22-23, ar fi fost ad\u0103ugat artificial \u00een documentele de planificare, f\u0103r\u0103 autorizare, f\u0103r\u0103 documenta\u021bie aprobat\u0103 de schimbare a categoriei de folosin\u021b\u0103, f\u0103r\u0103 proiect tehnic \u0219i f\u0103r\u0103 autoriza\u021bie de construire. <\/p>\n\n\n\n<p class=\"wp-block-paragraph\"><strong>Raportul a constatat c\u0103 Direc\u021bia Silvic\u0103 Ilfov a decontat lucr\u0103ri de \u00eentre\u021binere pe acest tronson, de\u0219i el nu exist\u0103, din punct de vedere juridic, ca drum forestier legal, un prejudiciu pentru bugetul public. <\/strong><\/p>\n\n\n\n<p class=\"wp-block-paragraph\">Ministerul Mediului a cerut desfiin\u021barea lucr\u0103rilor neconforme, recuperarea integral\u0103 a banilor publici cheltui\u021bi, anularea contractului cu Federa\u021bia Greenfield \u0219i re\u00eemp\u0103durirea zonei afectate. Romsilva a contestat concluziile, sus\u021bin\u00e2nd c\u0103 drumul ar fi fost dat \u00een folosin\u021b\u0103 oficial \u00eenc\u0103 din 1974, printr-un ordin ministerial din 1972 niciodat\u0103 abrogat, iar omiterea lui din eviden\u021be ar fi doar o eroare birocratic\u0103.<\/p>\n\n\n\n<p class=\"wp-block-paragraph\"><strong>CITE\u0218TE \u0218I: <a href=\"https:\/\/buletin.de\/bucuresti\/padurea-baneasa-drumul-super-locuitorilor-din-greenfield-ar-urma-sa-fie-reimpadurit-ministerul-mediului-a-constatat-nereguli-grave-si-cere-inclusiv-recuperarea-unui-prejudiciu\/\" target=\"_blank\" rel=\"noreferrer noopener\">P\u0103durea B\u0103neasa | Drumul \u201esuper-locuitorilor\u201c din Greenfield ar urma s\u0103 fie re\u00eemp\u0103durit. Ministerul Mediului a constatat nereguli grave \u0219i cere inclusiv recuperarea unui prejudiciu<\/a><\/strong><\/p>\n\n\n\n<p class=\"wp-block-paragraph\"><strong>La doar o zi dup\u0103 publicarea raportului, pe 12 februarie anul acesta, utilaje grele au ap\u0103rut pe drumul aflat \u00een disput\u0103, compact\u00e2nd \u0219i moderniz\u00e2nd suprafa\u021ba, lucr\u0103ri care p\u0103reau o preg\u0103tire pentru asfaltare, nu o desfiin\u021bare, a\u0219a cum ceruse ministerul. <\/strong><\/p>\n\n\n\n<p class=\"wp-block-paragraph\">Federa\u021bia Greenfield a sus\u021binut, pe 14 februarie, c\u0103 este vorba doar despre \u00eentre\u021binere de rutin\u0103, \u201enivelarea gropilor \u0219i remedierea denivel\u0103rilor cauzate de uzur\u0103 \u0219i condi\u021bii meteo\u201d, nu despre o extindere sau asfaltare, reamintind c\u0103 accesul r\u0103m\u00e2ne limitat la vehicule de maximum 3,5 tone, \u00een intervalele orare 7:00-10:00 \u0219i 15:00-18:00, \u00een zilele lucr\u0103toare.<\/p>\n\n\n\n<p class=\"wp-block-paragraph\"><strong>CITE\u0218TE \u0218I: <a href=\"https:\/\/buletin.de\/bucuresti\/federatia-greenfield-drumul-prin-padurea-baneasa-este-doar-reparat-ministerul-mediului-a-cerut-reimpadurirea-sa\/\" target=\"_blank\" rel=\"noreferrer noopener\">Federa\u021bia Greenfield: Drumul prin P\u0103durea B\u0103neasa \u201eeste doar reparat\u201d. Ministerul Mediului a cerut re\u00eemp\u0103durirea sa<\/a><\/strong><\/p>\n\n\n\n<p class=\"wp-block-paragraph\">\u00cen cele din urm\u0103, pe 2 aprilie, Romsilva a notificat Federa\u021bia Greenfield c\u0103 reziliaz\u0103 contractul de acces auto, invoc\u00e2nd teoria impreviziunii, prev\u0103zut\u0103 de articolul 1271 din Codul Civil, argument\u00e2nd c\u0103 executarea contractului a devenit \u201eexcesiv de oneroas\u0103\u201d din cauza unor \u201e\u00eemprejur\u0103ri excep\u021bionale\u201d, neprev\u0103zute la momentul semn\u0103rii: reac\u021biile civice masive, expunerea mediatic\u0103 negativ\u0103 \u0219i daunele aduse imaginii publice a institu\u021biei, prin \u201eatacuri, calomnii \u0219i manifest\u0103ri tenden\u021bioase\u201d. <\/p>\n\n\n\n<p class=\"wp-block-paragraph\"><strong>Rezilierea a intrat \u00een vigoare pe 2 iunie 2026, dup\u0103 un termen de preaviz de 60 de zile. Cu c\u00e2teva s\u0103pt\u0103m\u00e2ni \u00eenainte, sistemul de camere de supraveghere de pe drum fusese furat, bloc\u00e2nd, practic, principala rut\u0103 de ie\u0219ire pentru cei peste 6.000 de locuitori.<\/strong><\/p>\n\n\n\n<p class=\"wp-block-paragraph\">Federa\u021bia Greenfield a contestat rezilierea drept \u201eabuziv\u0103, nejustificat\u0103 \u0219i profund inechitabil\u0103\u201d, sus\u021bin\u00e2nd c\u0103 notificarea ar fi venit de la o entitate care, \u00een opinia sa, nu era parte semnatar\u0103 a contractului ini\u021bial, \u0219i subliniind c\u0103 dou\u0103 din cele trei segmente ale drumului sunt folosite, de fapt, de to\u021bi bucure\u0219tenii, nu doar de locuitorii cartierului. <\/p>\n\n\n\n<p class=\"wp-block-paragraph\">Pre\u0219edintele federa\u021biei, C\u0103t\u0103lin Diaconescu, a anun\u021bat c\u0103 organiza\u021bia a angajat reprezentan\u021bi legali pentru a contesta decizia \u0219i a declarat c\u0103 drumul \u201er\u0103m\u00e2ne deschis\u201d pentru locuitori, \u201e\u00een baza contractului aflat \u00een vigoare\u201d, pozi\u021bie men\u021binut\u0103 chiar \u0219i dup\u0103 intrarea \u00een vigoare a rezilierii, pe motiv c\u0103 un proces privind legalitatea acesteia este \u00eenc\u0103 \u00een curs.<\/p>\n\n\n\n<p class=\"wp-block-paragraph\"><strong>CITE\u0218TE \u0218I: <a href=\"https:\/\/buletin.de\/bucuresti\/federatia-greenfield-insista-ca-are-dreptul-sa-circule-prin-padurea-baneasa-romsilva-a-anuntat-ca-pune-o-bariera-proprie-daca-traficul-auto-nu-se-opreste\/\" target=\"_blank\" rel=\"noreferrer noopener\">Federa\u021bia Greenfield insist\u0103 c\u0103 are dreptul s\u0103 circule prin P\u0103durea B\u0103neasa. Romsilva a anun\u021bat c\u0103 pune o barier\u0103 proprie, dac\u0103 traficul auto nu se opre\u0219te<\/a><\/strong><\/p>\n\n\n\n<p class=\"wp-block-paragraph\">Pe 22 iunie, reprezentan\u021bii federa\u021biei s-au \u00eent\u00e2lnit cu viceprimarul Sectorului 1, Daniela Stanciu, cer\u00e2nd redeschiderea drumului forestier dinspre Vadul Moldovei, chiar \u00eenainte de finalizarea complet\u0103 a proiectului alternativ, motiv\u00e2nd criza de mobilitate a peste 7.000 de locuitori dependen\u021bi de o singur\u0103 strad\u0103 cu capacitate redus\u0103 de trafic. <\/p>\n\n\n\n<p class=\"wp-block-paragraph\">Federa\u021bia a legat cererea \u0219i de \u00eent\u00e2rzierile la construc\u021bia unui complex \u0219colar din cartier, demarat \u00een 2024, al c\u0103rui termen ini\u021bial, 31 august 2026, devenise, potrivit reprezentan\u021bilor ei, nerealist, avertiz\u00e2nd c\u0103, f\u0103r\u0103 un acces rezolvat p\u00e2n\u0103 \u00een 2027, \u201erisc\u0103m s\u0103 avem o cl\u0103dire nou\u0103, goal\u0103, din lips\u0103 de profesori\u201d, \u00een condi\u021biile \u00een care Colegiul Avenor ar cheltui deja anual sute de mii de euro pentru transportul cadrelor didactice \u0219i al elevilor, din cauza blocajelor de trafic. P<\/p>\n\n\n\n<p class=\"wp-block-paragraph\">otrivit acelora\u0219i reprezentan\u021bi, Romsilva \u0219i-ar fi ar\u0103tat, informal, disponibilitatea de a transfera administrarea drumurilor forestiere \u0219i a p\u0103durii c\u0103tre Sectorul 1.<\/p>\n\n\n\n<p class=\"wp-block-paragraph\"><strong>CITE\u0218TE \u0218I: <a href=\"https:\/\/buletin.de\/bucuresti\/federatia-greenfield-cere-redeschiderea-drumului-prin-padurea-baneasa-inainte-de-finalizarea-scolii-din-cartier-romania-curata\/\" target=\"_blank\" rel=\"noreferrer noopener\">Federa\u021bia Greenfield cere redeschiderea drumului prin P\u0103durea B\u0103neasa, \u00eenainte de finalizarea \u0219colii din cartier | Rom\u00e2nia curat\u0103<\/a><\/strong><\/p>\n\n\n\n<p class=\"wp-block-paragraph\"><\/p>\n","protected":false},"excerpt":{"rendered":"<p>Curtea de Apel Bucure\u0219ti a decis, vineri, c\u0103 Romsilva este obligat\u0103 s\u0103 redeschid\u0103 drumul auto prin P\u0103durea B\u0103neasa, pe care l-a \u00eenchis \u00een iunie anul acesta. Decizia este definitiv\u0103 \u0219i este valabil\u0103 p\u00e2n\u0103 c\u00e2nd va ap\u0103rea o sentin\u021b\u0103 \u00een procesul dintre stat \u0219i Federa\u021bia Greenfield, organiza\u021bia ce reprezint\u0103 locuitorii din cartierul din nordul Bucure\u0219tiului \u0219i [&hellip;]<\/p>\n","protected":false},"author":60,"featured_media":216057,"comment_status":"closed","ping_status":"open","sticky":false,"template":"","format":"standard","meta":{"_acf_changed":false,"inline_featured_image":false,"ngg_post_thumbnail":0,"footnotes":""},"categories":[6994,3419,109],"tags":[18748,30624,30625,4361,509],"ppma_author":[22582],"class_list":["post-216049","post","type-post","status-publish","format-standard","has-post-thumbnail","hentry","category-stiri-2","category-featured","category-mediu","tag-diana-buzoianu","tag-drumul-auto","tag-federatia-greenfield-2","tag-greenfield","tag-padurea-baneasa"],"acf":[],"a3_pvc":{"activated":false,"total_views":0,"today_views":0},"yoast_head":"<!-- This site is optimized with the Yoast SEO Premium plugin v28.0 (Yoast SEO v28.4) - https:\/\/yoast.com\/product\/yoast-seo-premium-wordpress\/ -->\n<title>Curtea de Apel oblig\u0103 Romsilva s\u0103 redeschid\u0103 drumul auto prin P\u0103durea B\u0103neasa, pentru locuitorii din Greenfield. Decizia este definitiv\u0103 - Buletin de Bucure\u0219ti<\/title>\n<meta name=\"description\" content=\"Curtea de Apel Bucure\u0219ti a decis, vineri, c\u0103 Romsilva este obligat\u0103 s\u0103 redeschid\u0103 drumul auto prin P\u0103durea B\u0103neasa.\" \/>\n<meta name=\"robots\" content=\"index, follow, max-snippet:-1, max-image-preview:large, max-video-preview:-1\" \/>\n<link rel=\"canonical\" href=\"https:\/\/buletin.de\/bucuresti\/curtea-de-apel-obliga-romsilva-sa-redeschida-drumul-auto-prin-padurea-baneasa-pentru-locuitorii-din-greenfield-decizia-este-definitiva\/\" \/>\n<meta property=\"og:locale\" content=\"en_GB\" \/>\n<meta property=\"og:type\" content=\"article\" \/>\n<meta property=\"og:title\" content=\"Curtea de Apel oblig\u0103 Romsilva s\u0103 redeschid\u0103 drumul auto prin P\u0103durea B\u0103neasa, pentru locuitorii din Greenfield. Decizia este definitiv\u0103\" \/>\n<meta property=\"og:description\" content=\"Curtea de Apel Bucure\u0219ti a decis, vineri, c\u0103 Romsilva este obligat\u0103 s\u0103 redeschid\u0103 drumul auto prin P\u0103durea B\u0103neasa.\" \/>\n<meta property=\"og:url\" content=\"https:\/\/buletin.de\/bucuresti\/curtea-de-apel-obliga-romsilva-sa-redeschida-drumul-auto-prin-padurea-baneasa-pentru-locuitorii-din-greenfield-decizia-este-definitiva\/\" \/>\n<meta property=\"og:site_name\" content=\"Buletin de Bucure\u0219ti\" \/>\n<meta property=\"article:publisher\" content=\"https:\/\/www.facebook.com\/buletin.de.buc\" \/>\n<meta property=\"article:published_time\" content=\"2026-09-04T21:00:13+00:00\" \/>\n<meta property=\"article:modified_time\" content=\"2026-09-04T21:01:08+00:00\" \/>\n<meta property=\"og:image\" content=\"https:\/\/buletin.de\/bucuresti\/wp-content\/uploads\/2026\/09\/drumul-auto-prin-Padurea-Baneasa.png\" \/>\n\t<meta property=\"og:image:width\" content=\"1200\" \/>\n\t<meta property=\"og:image:height\" content=\"617\" \/>\n\t<meta property=\"og:image:type\" content=\"image\/png\" \/>\n<meta name=\"author\" content=\"R\u0103zvan Chiru\u021b\u0103\" \/>\n<meta name=\"twitter:card\" content=\"summary_large_image\" \/>\n<meta name=\"twitter:label1\" content=\"Written by\" \/>\n\t<meta name=\"twitter:data1\" content=\"R\u0103zvan Chiru\u021b\u0103\" \/>\n\t<meta name=\"twitter:label2\" content=\"Estimated reading time\" \/>\n\t<meta name=\"twitter:data2\" content=\"9 minutes\" \/>\n<script type=\"application\/ld+json\" class=\"yoast-schema-graph\">{\"@context\":\"https:\\\/\\\/schema.org\",\"@graph\":[{\"@type\":\"Article\",\"@id\":\"https:\\\/\\\/buletin.de\\\/bucuresti\\\/curtea-de-apel-obliga-romsilva-sa-redeschida-drumul-auto-prin-padurea-baneasa-pentru-locuitorii-din-greenfield-decizia-este-definitiva\\\/#article\",\"isPartOf\":{\"@id\":\"https:\\\/\\\/buletin.de\\\/bucuresti\\\/curtea-de-apel-obliga-romsilva-sa-redeschida-drumul-auto-prin-padurea-baneasa-pentru-locuitorii-din-greenfield-decizia-este-definitiva\\\/\"},\"author\":{\"name\":\"R\u0103zvan Chiru\u021b\u0103\",\"@id\":\"https:\\\/\\\/buletin.de\\\/bucuresti\\\/#\\\/schema\\\/person\\\/a76df728dfc913795a9d90e346b253bb\"},\"headline\":\"Curtea de Apel oblig\u0103 Romsilva s\u0103 redeschid\u0103 drumul auto prin P\u0103durea B\u0103neasa, pentru locuitorii din Greenfield. Decizia este definitiv\u0103\",\"datePublished\":\"2026-09-04T21:00:13+00:00\",\"dateModified\":\"2026-09-04T21:01:08+00:00\",\"mainEntityOfPage\":{\"@id\":\"https:\\\/\\\/buletin.de\\\/bucuresti\\\/curtea-de-apel-obliga-romsilva-sa-redeschida-drumul-auto-prin-padurea-baneasa-pentru-locuitorii-din-greenfield-decizia-este-definitiva\\\/\"},\"wordCount\":2213,\"publisher\":{\"@id\":\"https:\\\/\\\/buletin.de\\\/bucuresti\\\/#organization\"},\"image\":{\"@id\":\"https:\\\/\\\/buletin.de\\\/bucuresti\\\/curtea-de-apel-obliga-romsilva-sa-redeschida-drumul-auto-prin-padurea-baneasa-pentru-locuitorii-din-greenfield-decizia-este-definitiva\\\/#primaryimage\"},\"thumbnailUrl\":\"https:\\\/\\\/buletin.de\\\/bucuresti\\\/wp-content\\\/uploads\\\/2026\\\/09\\\/drumul-auto-prin-Padurea-Baneasa.png\",\"keywords\":[\"diana buzoianu\",\"drumul auto\",\"federatia greenfield\",\"Greenfield\",\"padurea baneasa\"],\"articleSection\":[\"Articole\",\"Featured\",\"Mediu\"],\"inLanguage\":\"en-GB\",\"copyrightYear\":\"2026\",\"copyrightHolder\":{\"@id\":\"https:\\\/\\\/buletin.de\\\/bucuresti\\\/#organization\"}},{\"@type\":\"WebPage\",\"@id\":\"https:\\\/\\\/buletin.de\\\/bucuresti\\\/curtea-de-apel-obliga-romsilva-sa-redeschida-drumul-auto-prin-padurea-baneasa-pentru-locuitorii-din-greenfield-decizia-este-definitiva\\\/\",\"url\":\"https:\\\/\\\/buletin.de\\\/bucuresti\\\/curtea-de-apel-obliga-romsilva-sa-redeschida-drumul-auto-prin-padurea-baneasa-pentru-locuitorii-din-greenfield-decizia-este-definitiva\\\/\",\"name\":\"Curtea de Apel oblig\u0103 Romsilva s\u0103 redeschid\u0103 drumul auto prin P\u0103durea B\u0103neasa, pentru locuitorii din Greenfield. Decizia este definitiv\u0103 - Buletin de Bucure\u0219ti\",\"isPartOf\":{\"@id\":\"https:\\\/\\\/buletin.de\\\/bucuresti\\\/#website\"},\"primaryImageOfPage\":{\"@id\":\"https:\\\/\\\/buletin.de\\\/bucuresti\\\/curtea-de-apel-obliga-romsilva-sa-redeschida-drumul-auto-prin-padurea-baneasa-pentru-locuitorii-din-greenfield-decizia-este-definitiva\\\/#primaryimage\"},\"image\":{\"@id\":\"https:\\\/\\\/buletin.de\\\/bucuresti\\\/curtea-de-apel-obliga-romsilva-sa-redeschida-drumul-auto-prin-padurea-baneasa-pentru-locuitorii-din-greenfield-decizia-este-definitiva\\\/#primaryimage\"},\"thumbnailUrl\":\"https:\\\/\\\/buletin.de\\\/bucuresti\\\/wp-content\\\/uploads\\\/2026\\\/09\\\/drumul-auto-prin-Padurea-Baneasa.png\",\"datePublished\":\"2026-09-04T21:00:13+00:00\",\"dateModified\":\"2026-09-04T21:01:08+00:00\",\"description\":\"Curtea de Apel Bucure\u0219ti a decis, vineri, c\u0103 Romsilva este obligat\u0103 s\u0103 redeschid\u0103 drumul auto prin P\u0103durea B\u0103neasa.\",\"breadcrumb\":{\"@id\":\"https:\\\/\\\/buletin.de\\\/bucuresti\\\/curtea-de-apel-obliga-romsilva-sa-redeschida-drumul-auto-prin-padurea-baneasa-pentru-locuitorii-din-greenfield-decizia-este-definitiva\\\/#breadcrumb\"},\"inLanguage\":\"en-GB\",\"potentialAction\":[{\"@type\":\"ReadAction\",\"target\":[\"https:\\\/\\\/buletin.de\\\/bucuresti\\\/curtea-de-apel-obliga-romsilva-sa-redeschida-drumul-auto-prin-padurea-baneasa-pentru-locuitorii-din-greenfield-decizia-este-definitiva\\\/\"]}]},{\"@type\":\"ImageObject\",\"inLanguage\":\"en-GB\",\"@id\":\"https:\\\/\\\/buletin.de\\\/bucuresti\\\/curtea-de-apel-obliga-romsilva-sa-redeschida-drumul-auto-prin-padurea-baneasa-pentru-locuitorii-din-greenfield-decizia-este-definitiva\\\/#primaryimage\",\"url\":\"https:\\\/\\\/buletin.de\\\/bucuresti\\\/wp-content\\\/uploads\\\/2026\\\/09\\\/drumul-auto-prin-Padurea-Baneasa.png\",\"contentUrl\":\"https:\\\/\\\/buletin.de\\\/bucuresti\\\/wp-content\\\/uploads\\\/2026\\\/09\\\/drumul-auto-prin-Padurea-Baneasa.png\",\"width\":1200,\"height\":617,\"caption\":\"Foto: Federa\u021bia Greenfield\"},{\"@type\":\"BreadcrumbList\",\"@id\":\"https:\\\/\\\/buletin.de\\\/bucuresti\\\/curtea-de-apel-obliga-romsilva-sa-redeschida-drumul-auto-prin-padurea-baneasa-pentru-locuitorii-din-greenfield-decizia-este-definitiva\\\/#breadcrumb\",\"itemListElement\":[{\"@type\":\"ListItem\",\"position\":1,\"name\":\"Acas\u0103\",\"item\":\"https:\\\/\\\/buletin.de\\\/bucuresti\\\/\"},{\"@type\":\"ListItem\",\"position\":2,\"name\":\"Curtea de Apel oblig\u0103 Romsilva s\u0103 redeschid\u0103 drumul auto prin P\u0103durea B\u0103neasa, pentru locuitorii din Greenfield. Decizia este definitiv\u0103\"}]},{\"@type\":\"WebSite\",\"@id\":\"https:\\\/\\\/buletin.de\\\/bucuresti\\\/#website\",\"url\":\"https:\\\/\\\/buletin.de\\\/bucuresti\\\/\",\"name\":\"Buletin de Bucure\u0219ti\",\"description\":\"\u0218tiri \u0219i investiga\u021bii esen\u021biale din capital\u0103\",\"publisher\":{\"@id\":\"https:\\\/\\\/buletin.de\\\/bucuresti\\\/#organization\"},\"potentialAction\":[{\"@type\":\"SearchAction\",\"target\":{\"@type\":\"EntryPoint\",\"urlTemplate\":\"https:\\\/\\\/buletin.de\\\/bucuresti\\\/?s={search_term_string}\"},\"query-input\":{\"@type\":\"PropertyValueSpecification\",\"valueRequired\":true,\"valueName\":\"search_term_string\"}}],\"inLanguage\":\"en-GB\"},{\"@type\":\"Organization\",\"@id\":\"https:\\\/\\\/buletin.de\\\/bucuresti\\\/#organization\",\"name\":\"Buletin de Bucure\u0219ti\",\"url\":\"https:\\\/\\\/buletin.de\\\/bucuresti\\\/\",\"logo\":{\"@type\":\"ImageObject\",\"inLanguage\":\"en-GB\",\"@id\":\"https:\\\/\\\/buletin.de\\\/bucuresti\\\/#\\\/schema\\\/logo\\\/image\\\/\",\"url\":\"https:\\\/\\\/buletin.de\\\/bucuresti\\\/wp-content\\\/uploads\\\/logo-bdb-full-wide-vernil-transparent.png\",\"contentUrl\":\"https:\\\/\\\/buletin.de\\\/bucuresti\\\/wp-content\\\/uploads\\\/logo-bdb-full-wide-vernil-transparent.png\",\"width\":1782,\"height\":626,\"caption\":\"Buletin de Bucure\u0219ti\"},\"image\":{\"@id\":\"https:\\\/\\\/buletin.de\\\/bucuresti\\\/#\\\/schema\\\/logo\\\/image\\\/\"},\"sameAs\":[\"https:\\\/\\\/www.facebook.com\\\/buletin.de.buc\",\"https:\\\/\\\/www.instagram.com\\\/buletinde.bucuresti\\\/\"]},{\"@type\":\"Person\",\"@id\":\"https:\\\/\\\/buletin.de\\\/bucuresti\\\/#\\\/schema\\\/person\\\/a76df728dfc913795a9d90e346b253bb\",\"name\":\"R\u0103zvan Chiru\u021b\u0103\",\"image\":{\"@type\":\"ImageObject\",\"inLanguage\":\"en-GB\",\"@id\":\"https:\\\/\\\/buletin.de\\\/bucuresti\\\/wp-content\\\/uploads\\\/Razvan-Chiruta-96x96.jpge7143b996fd4241fbd6ee1f6b6b7b267\",\"url\":\"https:\\\/\\\/buletin.de\\\/bucuresti\\\/wp-content\\\/uploads\\\/Razvan-Chiruta-96x96.jpg\",\"contentUrl\":\"https:\\\/\\\/buletin.de\\\/bucuresti\\\/wp-content\\\/uploads\\\/Razvan-Chiruta-96x96.jpg\",\"caption\":\"R\u0103zvan Chiru\u021b\u0103\"},\"description\":\"R\u0103zvan Chiru\u021b\u0103 este redactor-\u0219ef adjunct din iulie 2024. A fost redactor-\u0219ef al PRESShub \u00eentre 2022 \u0219i iunie 2024. Anterior, a fost redactor-\u0219ef al Newsweek Rom\u00e2nia, din 2018 p\u00e2n\u0103 \u00een 2021, \u0219i al cotidianului Rom\u00e2nia liber\u0103, \u00eentre 2015 \u0219i 2017. Este absolvent de Jurnalism, \u00een cadrul Universit\u0103\u021bii \u201eAl.I.Cuza\u201d din Ia\u0219i, \u0219i a urmat un master \u00een Managementul institu\u021biilor mass-media (f\u0103r\u0103 diserta\u021bie) la Facultatea de Jurnalism \u0219i \u0218tiin\u021bele Comunic\u0103rii din cadrul Universit\u0103\u021bii din Bucure\u0219ti. \u0218i-a \u00eenceput cariera la Opinia studen\u021beasc\u0103, cunoscuta \u0219coal\u0103 de pres\u0103 din Ia\u0219i. A lucrat \u00een presa local\u0103, apoi a devenit corespondent pentru Ia\u0219i al cotidianului Evenimentul Zilei. Din 2004, a coordonat pentru \u0219ase luni sec\u021bia de coresponden\u021bi a Evenimentului Zilei. A mai lucrat la s\u0103pt\u0103m\u00e2nalul Prezent \u0219i a colaborat cu revistele Dilema Veche \u0219i Suplimentul de Cultur\u0103. Este co-autor \u00een volumele \u201eMass-media \u0219i democra\u021bia \u00een Rom\u00e2nia post-comunist\u0103\u201d (ed. a II-a), Ed. Institutul European, Ia\u0219i, 2013, \u0219i \u201eCOVID - 19. Dimensiuni ale gestionarii pandemiei\u201d, Editura Junimea, Ia\u0219i, 2020.\",\"url\":\"https:\\\/\\\/buletin.de\\\/bucuresti\\\/author\\\/razvan-chiruta\\\/\"}]}<\/script>\n<!-- \/ Yoast SEO Premium plugin. -->","yoast_head_json":{"title":"Curtea de Apel oblig\u0103 Romsilva s\u0103 redeschid\u0103 drumul auto prin P\u0103durea B\u0103neasa, pentru locuitorii din Greenfield. Decizia este definitiv\u0103 - Buletin de Bucure\u0219ti","description":"Curtea de Apel Bucure\u0219ti a decis, vineri, c\u0103 Romsilva este obligat\u0103 s\u0103 redeschid\u0103 drumul auto prin P\u0103durea B\u0103neasa.","robots":{"index":"index","follow":"follow","max-snippet":"max-snippet:-1","max-image-preview":"max-image-preview:large","max-video-preview":"max-video-preview:-1"},"canonical":"https:\/\/buletin.de\/bucuresti\/curtea-de-apel-obliga-romsilva-sa-redeschida-drumul-auto-prin-padurea-baneasa-pentru-locuitorii-din-greenfield-decizia-este-definitiva\/","og_locale":"en_GB","og_type":"article","og_title":"Curtea de Apel oblig\u0103 Romsilva s\u0103 redeschid\u0103 drumul auto prin P\u0103durea B\u0103neasa, pentru locuitorii din Greenfield. Decizia este definitiv\u0103","og_description":"Curtea de Apel Bucure\u0219ti a decis, vineri, c\u0103 Romsilva este obligat\u0103 s\u0103 redeschid\u0103 drumul auto prin P\u0103durea B\u0103neasa.","og_url":"https:\/\/buletin.de\/bucuresti\/curtea-de-apel-obliga-romsilva-sa-redeschida-drumul-auto-prin-padurea-baneasa-pentru-locuitorii-din-greenfield-decizia-este-definitiva\/","og_site_name":"Buletin de Bucure\u0219ti","article_publisher":"https:\/\/www.facebook.com\/buletin.de.buc","article_published_time":"2026-09-04T21:00:13+00:00","article_modified_time":"2026-09-04T21:01:08+00:00","og_image":[{"width":1200,"height":617,"url":"https:\/\/buletin.de\/bucuresti\/wp-content\/uploads\/2026\/09\/drumul-auto-prin-Padurea-Baneasa.png","type":"image\/png"}],"author":"R\u0103zvan Chiru\u021b\u0103","twitter_card":"summary_large_image","twitter_misc":{"Written by":"R\u0103zvan Chiru\u021b\u0103","Estimated reading time":"9 minutes"},"schema":{"@context":"https:\/\/schema.org","@graph":[{"@type":"Article","@id":"https:\/\/buletin.de\/bucuresti\/curtea-de-apel-obliga-romsilva-sa-redeschida-drumul-auto-prin-padurea-baneasa-pentru-locuitorii-din-greenfield-decizia-este-definitiva\/#article","isPartOf":{"@id":"https:\/\/buletin.de\/bucuresti\/curtea-de-apel-obliga-romsilva-sa-redeschida-drumul-auto-prin-padurea-baneasa-pentru-locuitorii-din-greenfield-decizia-este-definitiva\/"},"author":{"name":"R\u0103zvan Chiru\u021b\u0103","@id":"https:\/\/buletin.de\/bucuresti\/#\/schema\/person\/a76df728dfc913795a9d90e346b253bb"},"headline":"Curtea de Apel oblig\u0103 Romsilva s\u0103 redeschid\u0103 drumul auto prin P\u0103durea B\u0103neasa, pentru locuitorii din Greenfield. Decizia este definitiv\u0103","datePublished":"2026-09-04T21:00:13+00:00","dateModified":"2026-09-04T21:01:08+00:00","mainEntityOfPage":{"@id":"https:\/\/buletin.de\/bucuresti\/curtea-de-apel-obliga-romsilva-sa-redeschida-drumul-auto-prin-padurea-baneasa-pentru-locuitorii-din-greenfield-decizia-este-definitiva\/"},"wordCount":2213,"publisher":{"@id":"https:\/\/buletin.de\/bucuresti\/#organization"},"image":{"@id":"https:\/\/buletin.de\/bucuresti\/curtea-de-apel-obliga-romsilva-sa-redeschida-drumul-auto-prin-padurea-baneasa-pentru-locuitorii-din-greenfield-decizia-este-definitiva\/#primaryimage"},"thumbnailUrl":"https:\/\/buletin.de\/bucuresti\/wp-content\/uploads\/2026\/09\/drumul-auto-prin-Padurea-Baneasa.png","keywords":["diana buzoianu","drumul auto","federatia greenfield","Greenfield","padurea baneasa"],"articleSection":["Articole","Featured","Mediu"],"inLanguage":"en-GB","copyrightYear":"2026","copyrightHolder":{"@id":"https:\/\/buletin.de\/bucuresti\/#organization"}},{"@type":"WebPage","@id":"https:\/\/buletin.de\/bucuresti\/curtea-de-apel-obliga-romsilva-sa-redeschida-drumul-auto-prin-padurea-baneasa-pentru-locuitorii-din-greenfield-decizia-este-definitiva\/","url":"https:\/\/buletin.de\/bucuresti\/curtea-de-apel-obliga-romsilva-sa-redeschida-drumul-auto-prin-padurea-baneasa-pentru-locuitorii-din-greenfield-decizia-este-definitiva\/","name":"Curtea de Apel oblig\u0103 Romsilva s\u0103 redeschid\u0103 drumul auto prin P\u0103durea B\u0103neasa, pentru locuitorii din Greenfield. Decizia este definitiv\u0103 - Buletin de Bucure\u0219ti","isPartOf":{"@id":"https:\/\/buletin.de\/bucuresti\/#website"},"primaryImageOfPage":{"@id":"https:\/\/buletin.de\/bucuresti\/curtea-de-apel-obliga-romsilva-sa-redeschida-drumul-auto-prin-padurea-baneasa-pentru-locuitorii-din-greenfield-decizia-este-definitiva\/#primaryimage"},"image":{"@id":"https:\/\/buletin.de\/bucuresti\/curtea-de-apel-obliga-romsilva-sa-redeschida-drumul-auto-prin-padurea-baneasa-pentru-locuitorii-din-greenfield-decizia-este-definitiva\/#primaryimage"},"thumbnailUrl":"https:\/\/buletin.de\/bucuresti\/wp-content\/uploads\/2026\/09\/drumul-auto-prin-Padurea-Baneasa.png","datePublished":"2026-09-04T21:00:13+00:00","dateModified":"2026-09-04T21:01:08+00:00","description":"Curtea de Apel Bucure\u0219ti a decis, vineri, c\u0103 Romsilva este obligat\u0103 s\u0103 redeschid\u0103 drumul auto prin P\u0103durea B\u0103neasa.","breadcrumb":{"@id":"https:\/\/buletin.de\/bucuresti\/curtea-de-apel-obliga-romsilva-sa-redeschida-drumul-auto-prin-padurea-baneasa-pentru-locuitorii-din-greenfield-decizia-este-definitiva\/#breadcrumb"},"inLanguage":"en-GB","potentialAction":[{"@type":"ReadAction","target":["https:\/\/buletin.de\/bucuresti\/curtea-de-apel-obliga-romsilva-sa-redeschida-drumul-auto-prin-padurea-baneasa-pentru-locuitorii-din-greenfield-decizia-este-definitiva\/"]}]},{"@type":"ImageObject","inLanguage":"en-GB","@id":"https:\/\/buletin.de\/bucuresti\/curtea-de-apel-obliga-romsilva-sa-redeschida-drumul-auto-prin-padurea-baneasa-pentru-locuitorii-din-greenfield-decizia-este-definitiva\/#primaryimage","url":"https:\/\/buletin.de\/bucuresti\/wp-content\/uploads\/2026\/09\/drumul-auto-prin-Padurea-Baneasa.png","contentUrl":"https:\/\/buletin.de\/bucuresti\/wp-content\/uploads\/2026\/09\/drumul-auto-prin-Padurea-Baneasa.png","width":1200,"height":617,"caption":"Foto: Federa\u021bia Greenfield"},{"@type":"BreadcrumbList","@id":"https:\/\/buletin.de\/bucuresti\/curtea-de-apel-obliga-romsilva-sa-redeschida-drumul-auto-prin-padurea-baneasa-pentru-locuitorii-din-greenfield-decizia-este-definitiva\/#breadcrumb","itemListElement":[{"@type":"ListItem","position":1,"name":"Acas\u0103","item":"https:\/\/buletin.de\/bucuresti\/"},{"@type":"ListItem","position":2,"name":"Curtea de Apel oblig\u0103 Romsilva s\u0103 redeschid\u0103 drumul auto prin P\u0103durea B\u0103neasa, pentru locuitorii din Greenfield. Decizia este definitiv\u0103"}]},{"@type":"WebSite","@id":"https:\/\/buletin.de\/bucuresti\/#website","url":"https:\/\/buletin.de\/bucuresti\/","name":"Buletin de Bucure\u0219ti","description":"\u0218tiri \u0219i investiga\u021bii esen\u021biale din capital\u0103","publisher":{"@id":"https:\/\/buletin.de\/bucuresti\/#organization"},"potentialAction":[{"@type":"SearchAction","target":{"@type":"EntryPoint","urlTemplate":"https:\/\/buletin.de\/bucuresti\/?s={search_term_string}"},"query-input":{"@type":"PropertyValueSpecification","valueRequired":true,"valueName":"search_term_string"}}],"inLanguage":"en-GB"},{"@type":"Organization","@id":"https:\/\/buletin.de\/bucuresti\/#organization","name":"Buletin de Bucure\u0219ti","url":"https:\/\/buletin.de\/bucuresti\/","logo":{"@type":"ImageObject","inLanguage":"en-GB","@id":"https:\/\/buletin.de\/bucuresti\/#\/schema\/logo\/image\/","url":"https:\/\/buletin.de\/bucuresti\/wp-content\/uploads\/logo-bdb-full-wide-vernil-transparent.png","contentUrl":"https:\/\/buletin.de\/bucuresti\/wp-content\/uploads\/logo-bdb-full-wide-vernil-transparent.png","width":1782,"height":626,"caption":"Buletin de Bucure\u0219ti"},"image":{"@id":"https:\/\/buletin.de\/bucuresti\/#\/schema\/logo\/image\/"},"sameAs":["https:\/\/www.facebook.com\/buletin.de.buc","https:\/\/www.instagram.com\/buletinde.bucuresti\/"]},{"@type":"Person","@id":"https:\/\/buletin.de\/bucuresti\/#\/schema\/person\/a76df728dfc913795a9d90e346b253bb","name":"R\u0103zvan Chiru\u021b\u0103","image":{"@type":"ImageObject","inLanguage":"en-GB","@id":"https:\/\/buletin.de\/bucuresti\/wp-content\/uploads\/Razvan-Chiruta-96x96.jpge7143b996fd4241fbd6ee1f6b6b7b267","url":"https:\/\/buletin.de\/bucuresti\/wp-content\/uploads\/Razvan-Chiruta-96x96.jpg","contentUrl":"https:\/\/buletin.de\/bucuresti\/wp-content\/uploads\/Razvan-Chiruta-96x96.jpg","caption":"R\u0103zvan Chiru\u021b\u0103"},"description":"R\u0103zvan Chiru\u021b\u0103 este redactor-\u0219ef adjunct din iulie 2024. A fost redactor-\u0219ef al PRESShub \u00eentre 2022 \u0219i iunie 2024. Anterior, a fost redactor-\u0219ef al Newsweek Rom\u00e2nia, din 2018 p\u00e2n\u0103 \u00een 2021, \u0219i al cotidianului Rom\u00e2nia liber\u0103, \u00eentre 2015 \u0219i 2017. Este absolvent de Jurnalism, \u00een cadrul Universit\u0103\u021bii \u201eAl.I.Cuza\u201d din Ia\u0219i, \u0219i a urmat un master \u00een Managementul institu\u021biilor mass-media (f\u0103r\u0103 diserta\u021bie) la Facultatea de Jurnalism \u0219i \u0218tiin\u021bele Comunic\u0103rii din cadrul Universit\u0103\u021bii din Bucure\u0219ti. \u0218i-a \u00eenceput cariera la Opinia studen\u021beasc\u0103, cunoscuta \u0219coal\u0103 de pres\u0103 din Ia\u0219i. A lucrat \u00een presa local\u0103, apoi a devenit corespondent pentru Ia\u0219i al cotidianului Evenimentul Zilei. Din 2004, a coordonat pentru \u0219ase luni sec\u021bia de coresponden\u021bi a Evenimentului Zilei. A mai lucrat la s\u0103pt\u0103m\u00e2nalul Prezent \u0219i a colaborat cu revistele Dilema Veche \u0219i Suplimentul de Cultur\u0103. Este co-autor \u00een volumele \u201eMass-media \u0219i democra\u021bia \u00een Rom\u00e2nia post-comunist\u0103\u201d (ed. a II-a), Ed. Institutul European, Ia\u0219i, 2013, \u0219i \u201eCOVID - 19. Dimensiuni ale gestionarii pandemiei\u201d, Editura Junimea, Ia\u0219i, 2020.","url":"https:\/\/buletin.de\/bucuresti\/author\/razvan-chiruta\/"}]}},"authors":[{"term_id":22582,"user_id":60,"is_guest":0,"slug":"razvan-chiruta","display_name":"R\u0103zvan Chiru\u021b\u0103","avatar_url":"https:\/\/buletin.de\/bucuresti\/wp-content\/uploads\/Razvan-Chiruta-96x96.jpg","author_category":"","first_name":"R\u0103zvan","last_name":"Chiru\u021b\u0103","user_url":"","job_title":"","description":"R\u0103zvan Chiru\u021b\u0103 este redactor-\u0219ef adjunct din iulie 2024.\r\n\r\nA fost redactor-\u0219ef al PRESShub \u00eentre 2022 \u0219i iunie 2024. Anterior, a fost redactor-\u0219ef al Newsweek Rom\u00e2nia, din 2018 p\u00e2n\u0103 \u00een 2021, \u0219i al cotidianului Rom\u00e2nia liber\u0103, \u00eentre 2015 \u0219i 2017. \r\n\r\nEste absolvent de Jurnalism, \u00een cadrul Universit\u0103\u021bii \u201eAl.I.Cuza\u201d din Ia\u0219i, \u0219i a urmat un master \u00een Managementul institu\u021biilor mass-media (f\u0103r\u0103 diserta\u021bie) la Facultatea de Jurnalism \u0219i \u0218tiin\u021bele Comunic\u0103rii din cadrul Universit\u0103\u021bii din Bucure\u0219ti. \r\n\r\n\u0218i-a \u00eenceput cariera la Opinia studen\u021beasc\u0103, cunoscuta \u0219coal\u0103 de pres\u0103 din Ia\u0219i. \r\n\r\nA lucrat \u00een presa local\u0103, apoi a devenit corespondent pentru Ia\u0219i al cotidianului Evenimentul Zilei. Din 2004, a coordonat pentru \u0219ase luni sec\u021bia de coresponden\u021bi a Evenimentului Zilei. \r\n\r\nA mai lucrat la s\u0103pt\u0103m\u00e2nalul Prezent \u0219i a colaborat cu revistele Dilema Veche \u0219i Suplimentul de Cultur\u0103. \r\n\r\nEste co-autor \u00een volumele \u201eMass-media \u0219i democra\u021bia \u00een Rom\u00e2nia post-comunist\u0103\u201d (ed. a II-a), Ed. Institutul European, Ia\u0219i, 2013, \u0219i \u201eCOVID - 19. Dimensiuni ale gestionarii pandemiei\u201d, Editura Junimea, Ia\u0219i, 2020."}],"_links":{"self":[{"href":"https:\/\/buletin.de\/bucuresti\/wp-json\/wp\/v2\/posts\/216049","targetHints":{"allow":["GET"]}}],"collection":[{"href":"https:\/\/buletin.de\/bucuresti\/wp-json\/wp\/v2\/posts"}],"about":[{"href":"https:\/\/buletin.de\/bucuresti\/wp-json\/wp\/v2\/types\/post"}],"author":[{"embeddable":true,"href":"https:\/\/buletin.de\/bucuresti\/wp-json\/wp\/v2\/users\/60"}],"replies":[{"embeddable":true,"href":"https:\/\/buletin.de\/bucuresti\/wp-json\/wp\/v2\/comments?post=216049"}],"version-history":[{"count":5,"href":"https:\/\/buletin.de\/bucuresti\/wp-json\/wp\/v2\/posts\/216049\/revisions"}],"predecessor-version":[{"id":216059,"href":"https:\/\/buletin.de\/bucuresti\/wp-json\/wp\/v2\/posts\/216049\/revisions\/216059"}],"wp:featuredmedia":[{"embeddable":true,"href":"https:\/\/buletin.de\/bucuresti\/wp-json\/wp\/v2\/media\/216057"}],"wp:attachment":[{"href":"https:\/\/buletin.de\/bucuresti\/wp-json\/wp\/v2\/media?parent=216049"}],"wp:term":[{"taxonomy":"category","embeddable":true,"href":"https:\/\/buletin.de\/bucuresti\/wp-json\/wp\/v2\/categories?post=216049"},{"taxonomy":"post_tag","embeddable":true,"href":"https:\/\/buletin.de\/bucuresti\/wp-json\/wp\/v2\/tags?post=216049"},{"taxonomy":"author","embeddable":true,"href":"https:\/\/buletin.de\/bucuresti\/wp-json\/wp\/v2\/ppma_author?post=216049"}],"curies":[{"name":"wp","href":"https:\/\/api.w.org\/{rel}","templated":true}]}}