{"id":215970,"date":"2026-09-06T07:03:10","date_gmt":"2026-09-06T04:03:10","guid":{"rendered":"https:\/\/buletin.de\/bucuresti\/?p=215970"},"modified":"2026-09-06T07:03:10","modified_gmt":"2026-09-06T04:03:10","slug":"lucrarile-la-pasajul-rutier-peste-soseaua-berceni-modifica-traseele-a-doua-linii-stb-incepand-de-luni-noaptea","status":"publish","type":"post","link":"https:\/\/buletin.de\/bucuresti\/lucrarile-la-pasajul-rutier-peste-soseaua-berceni-modifica-traseele-a-doua-linii-stb-incepand-de-luni-noaptea\/","title":{"rendered":"Lucr\u0103rile la pasajul rutier peste \u0218oseaua Berceni modific\u0103 traseele a dou\u0103 linii STB \u00eencep\u00e2nd de luni noaptea"},"content":{"rendered":"\n<p class=\"wp-block-paragraph\"><strong>Lucr\u0103rile la pasajul rutier peste \u0218oseaua Berceni modific\u0103 traseele a dou\u0103 linii <a href=\"https:\/\/www.stb.ro\/info\">STB <\/a>la \u00eenceputul s\u0103pt\u0103m\u00e2nii viitoare, anun\u021b\u0103 operatorul de transport din Capital\u0103. M\u0103sura a fost dispus\u0103 pentru asigurarea bunei desf\u0103\u0219ur\u0103ri a lucr\u0103rilor de construire \u0219i vizeaz\u0103 liniile 125 \u0219i 232.<\/strong><\/p>\n\n\n\n<p class=\"wp-block-paragraph\">Astfel, \u00een nop\u021bile de 7\/8 \u0219i 8\/9 septembrie, \u00een intervalul orar 23:00 &#8211; 05:00, c\u00e2nd traficul rutier va fi restric\u021bionat pe \u0218oseaua Berceni \u00eentre Str. Panselelor \u0219i Str. Ristea Ion, cele dou\u0103 linii vor circula pe trasee modificate dup\u0103 cum urmeaz\u0103:<\/p>\n\n\n\n<p class=\"wp-block-paragraph\"><strong>Linia 125<\/strong> va circula pe traseul de baz\u0103, de la \u201ePeco Silflor Move\u201d, p\u00e2n\u0103 la intersec\u021bia \u015eos. Berceni\/Bd. Metalurgiei, apoi pe un traseu modificat pe sensul c\u0103tre \u201eVulcan Berceni\u201d, pe Bd. Metalurgiei, Str. Dumitru Brum\u0103rescu, \u201eVulcan Berceni\u201d. Traseul pe cel\u0103lalt sens nu se modific\u0103.<\/p>\n\n\n\n<p class=\"wp-block-paragraph\"><strong>Linia 232<\/strong> va func\u021biona pe traseul obi\u0219nuit \u00eentre terminalul \u201eArcade Berceni\u201d \u0219i intersec\u021bia \u015eos. Berceni\/Str. Turnu M\u0103gurele\/Str. Sergent Ion Iriceanu. Ulterior, autobuzele vor urma un traseu modificat pe sensul c\u0103tre \u201eValea Ialomi\u021bei\u201d, pe Str. Sergent Ion Iriceanu \u0219i \u0218oseaua Olteni\u021bei. De la rondul Pia\u021ba Sudului vehiculele \u00ee\u0219i vor continua drumul pe traseul obi\u0219nuit.<\/p>\n\n\n\n<p class=\"wp-block-paragraph\">La \u00eentoarcere, pe sensul c\u0103tre \u201eArcade Berceni\u201d autobuzele vor circula pe traseul de baz\u0103 p\u00e2n\u0103 la intersec\u021bia Calea V\u0103c\u0103re\u015fti\/\u015eos. Olteni\u0163ei\/Str. Ni\u0163u Vasile (Pia\u021ba Sudului), apoi pe Str. Ni\u0163u Vasile, Str. Emil Racovi\u0163\u0103, Str. Turnu M\u0103gurele, \u015eos. Berceni, apoi din nou pe traseul actual.<\/p>\n\n\n\n<p class=\"wp-block-paragraph\">Pentru mai multe informa\u021bii c\u0103l\u0103torii au la dispozi\u021bie mai multe mijloace prin care pot primi date actualizate privind traseele \u0219i programele de circula\u021bie, printre care platforma maps.mo-bi.ro, aplica\u021bia InfoTB dar \u0219i site-ul stb.ro.<\/p>\n\n\n\n<p class=\"wp-block-paragraph\"><strong>CITE\u0218TE \u0218I: <a href=\"https:\/\/buletin.de\/bucuresti\/circulatia-tramvaielor-pe-pasajul-basarab-reluata-in-prima-zi-de-scoala-liniile-54-si-610-vor-fi-suspendate\/\">Circula\u0163ia tramvaielor pe Pasajul Basarab, reluat\u0103 \u00een prima zi de \u015fcoal\u0103. Liniile 54 \u015fi 610 vor fi suspendate<\/a><\/strong><\/p>\n\n\n\n<h2 id=\"h-cinci-linii-stb-vor-fi-deviate-in-acest-weekend\" class=\"wp-block-heading\">Cinci linii STB vor fi deviate \u00een acest weekend<\/h2>\n\n\n\n<p class=\"wp-block-paragraph\"><strong>Alte cinci linii STB circul\u0103 deviat \u00een weekend-ul 5-6 septembrie, din cauza mai multor evenimente care se desf\u0103\u0219oar\u0103 \u00een Capital\u0103, dup\u0103 cum a scris Buletin de Bucure\u0219ti. \u00cen acest weekend au loc Festivalul Vinul Moldovei \u0219i a Bucharest Street Food Festival, \u00een zona Kisselef, respectiv Bd. Unirii.<\/strong><\/p>\n\n\n\n<p class=\"wp-block-paragraph\">Astfel, de vineri, 4 septembrie, \u00eencep\u00e2nd cu ora 22:00, \u0219i p\u00e2n\u0103 luni, 7 septembrie, la ora 6:00, liniile STB 100, 203, 205, 385 \u0219i N101 vor circula deviat, astfel:<\/p>\n\n\n\n<ul class=\"wp-block-list\">\n<li><strong>Linia 100<\/strong>&nbsp;va func\u021biona (inclusiv pe timpul nop\u021bii) pe traseul de baz\u0103 \u00eentre terminalul \u201eAeroportul Henri Coand\u0103\u201d \u015fi Pia\u021ba Arcul de Triumf, apoi pe un traseu modificat pe sensul spre Pia\u021ba Unirii, pe Bd. Mare\u0219al Constantin Prezan, Bd. Aviatorilor, Pia\u021ba Victoriei, Bd. Lasc\u0103r Catargiu, Bd. Gheorghe Magheru, Bd. Nicolae B\u0103lcescu, Bd. I. C. Br\u0103tianu, Pia\u021ba Unirii. Pe sensul opus, traseul nu va fi modificat.<\/li>\n\n\n\n<li><strong>Linia 203<\/strong>&nbsp;va func\u021biona pe traseul de baz\u0103 \u00eentre terminalul \u201eCartier Greenfield\u201d \u015fi Pia\u021ba Arcul de Triumf, apoi pe un traseu modificat pe sensul spre Pia\u021ba Victoriei, pe Bd. Mare\u0219al Constantin Prezan, Bd. Aviatorilor, Pia\u021ba Victoriei. Pe sensul opus, traseul nu va fi modificat.<\/li>\n\n\n\n<li><strong>Linia 205<\/strong>&nbsp;va func\u021biona pe traseul de baz\u0103 \u00eentre terminalul \u201eM Str\u0103ule\u0219ti\u201d \u015fi Pia\u021ba Arcul de Triumf, apoi pe un traseu modificat pe sensul spre Pia\u021ba Unirii, pe Bd. Mare\u0219al Constantin Prezan, Bd. Aviatorilor, Pia\u021ba Victoriei, Calea Victoriei, Bd. Dacia, Str. Mircea Vulc\u0103nescu, Str. Berzei, Str. Vasile P\u00e2rvan, Pod B.P. Ha\u0219deu, \u0218oseaua Independen\u021bei, \u201ePia\u021ba Unirii 2\u201d. Pe sensul opus, traseul nu va fi modificat.<\/li>\n\n\n\n<li><strong>Linia 385<\/strong>&nbsp;va func\u021biona pe traseul de baz\u0103 \u00eentre terminalul \u201eValea Oltului\u201d \u0219i intersec\u021bia Bd. Libert\u0103\u021bii\/ Bd. Regina Maria (Pia\u021ba Regina Maria), apoi pe un traseu modificat pe sensul spre \u201ePia\u021ba Sf. Vineri\u201d, pe Bd. Regina Maria, Pia\u021ba Unirii, Bd. Dimitrie Cantemir, Bd. I.C. Br\u0103tianu, Bd. Corneliu Coposu, Str. Sf. Vineri, sta\u021bia \u201ePia\u021ba Sf. Vineri\u201d. Pe sensul opus, traseul nu va fi modificat.<\/li>\n\n\n\n<li><strong>Linia N101<\/strong>&nbsp;va func\u021biona,&nbsp;<strong>\u00een nop\u021bile de 04\/05.09.2026, 05\/06.09.2026 \u0219i 06\/07.09.2026<\/strong>, pe traseul de baz\u0103 \u00eentre terminalul \u201eValea Oltului\u201d \u0219i intersec\u021bia Calea 13 Septembrie\/Bd. Libert\u0103\u021bii, apoi pe un traseu modificat \u00een ambele sensuri pe Bd. Libert\u0103\u021bii, Bd. Regina Maria, rond Pia\u021ba Unirii.<\/li>\n<\/ul>\n\n\n\n<p class=\"wp-block-paragraph\"><strong>CITE\u0218TE \u0218I: <a href=\"https:\/\/buletin.de\/bucuresti\/restrictii-de-circulatie-in-bucuresti-in-weekend-pentru-bucharest-street-food-festival-festivalul-vinului-moldovei-si-strazi-deschise\/\">Restric\u021bii de circula\u021bie \u00een Bucure\u0219ti, \u00een weekend, pentru \u201eBucharest Street Food Festival\u201d, \u201eFestivalul Vinului Moldovei\u201d \u0219i \u201eStr\u0103zi Deschise\u201d<\/a><\/strong><\/p>\n","protected":false},"excerpt":{"rendered":"<p>Lucr\u0103rile la pasajul rutier peste \u0218oseaua Berceni modific\u0103 traseele a dou\u0103 linii STB la \u00eenceputul s\u0103pt\u0103m\u00e2nii viitoare, anun\u021b\u0103 operatorul de transport din Capital\u0103. M\u0103sura a fost dispus\u0103 pentru asigurarea bunei desf\u0103\u0219ur\u0103ri a lucr\u0103rilor de construire \u0219i vizeaz\u0103 liniile 125 \u0219i 232. Astfel, \u00een nop\u021bile de 7\/8 \u0219i 8\/9 septembrie, \u00een intervalul orar 23:00 &#8211; 05:00, [&hellip;]<\/p>\n","protected":false},"author":61,"featured_media":215979,"comment_status":"closed","ping_status":"open","sticky":false,"template":"","format":"standard","meta":{"_acf_changed":false,"inline_featured_image":false,"ngg_post_thumbnail":0,"footnotes":""},"categories":[6994,5762,650],"tags":[30612,30614,29263,11515,30289,30613,402],"ppma_author":[22577],"class_list":["post-215970","post","type-post","status-publish","format-standard","has-post-thumbnail","hentry","category-stiri-2","category-main","category-transport","tag-deviere-linii-stb","tag-deviere-lucrari-stb","tag-linia-125","tag-linia-232","tag-lucrari-pasaj-berceni","tag-pasaj-soseaua-berceni","tag-stb"],"acf":[],"a3_pvc":{"activated":false,"total_views":0,"today_views":0},"yoast_head":"<!-- This site is optimized with the Yoast SEO Premium plugin v28.0 (Yoast SEO v28.4) - https:\/\/yoast.com\/product\/yoast-seo-premium-wordpress\/ -->\n<title>Lucr\u0103rile la pasajul rutier peste \u0218oseaua Berceni modific\u0103 traseele a dou\u0103 linii STB \u00eencep\u00e2nd de luni noaptea - Buletin de Bucure\u0219ti<\/title>\n<meta name=\"description\" content=\"Lucr\u0103rile la pasajul rutier peste \u0218oseaua Berceni modific\u0103 traseele a dou\u0103 linii STB la \u00eenceputul s\u0103pt\u0103m\u00e2nii viitoare.\" \/>\n<meta name=\"robots\" content=\"index, follow, max-snippet:-1, max-image-preview:large, max-video-preview:-1\" \/>\n<link rel=\"canonical\" href=\"https:\/\/buletin.de\/bucuresti\/lucrarile-la-pasajul-rutier-peste-soseaua-berceni-modifica-traseele-a-doua-linii-stb-incepand-de-luni-noaptea\/\" \/>\n<meta property=\"og:locale\" content=\"en_GB\" \/>\n<meta property=\"og:type\" content=\"article\" \/>\n<meta property=\"og:title\" content=\"Lucr\u0103rile la pasajul rutier peste \u0218oseaua Berceni modific\u0103 traseele a dou\u0103 linii STB \u00eencep\u00e2nd de luni noaptea\" \/>\n<meta property=\"og:description\" content=\"Lucr\u0103rile la pasajul rutier peste \u0218oseaua Berceni modific\u0103 traseele a dou\u0103 linii STB la \u00eenceputul s\u0103pt\u0103m\u00e2nii viitoare.\" \/>\n<meta property=\"og:url\" content=\"https:\/\/buletin.de\/bucuresti\/lucrarile-la-pasajul-rutier-peste-soseaua-berceni-modifica-traseele-a-doua-linii-stb-incepand-de-luni-noaptea\/\" \/>\n<meta property=\"og:site_name\" content=\"Buletin de Bucure\u0219ti\" \/>\n<meta property=\"article:publisher\" content=\"https:\/\/www.facebook.com\/buletin.de.buc\" \/>\n<meta property=\"article:published_time\" content=\"2026-09-06T04:03:10+00:00\" \/>\n<meta property=\"og:image\" content=\"https:\/\/buletin.de\/bucuresti\/wp-content\/uploads\/2026\/09\/232-linie-tw_Oltenitei-1600x1012-1-1000x633.png\" \/>\n\t<meta property=\"og:image:width\" content=\"1000\" \/>\n\t<meta property=\"og:image:height\" content=\"633\" \/>\n\t<meta property=\"og:image:type\" content=\"image\/png\" \/>\n<meta name=\"author\" content=\"Alexandru Stan\" \/>\n<meta name=\"twitter:card\" content=\"summary_large_image\" \/>\n<meta name=\"twitter:label1\" content=\"Written by\" \/>\n\t<meta name=\"twitter:data1\" content=\"Alexandru Stan\" \/>\n\t<meta name=\"twitter:label2\" content=\"Estimated reading time\" \/>\n\t<meta name=\"twitter:data2\" content=\"4 minutes\" \/>\n<script type=\"application\/ld+json\" class=\"yoast-schema-graph\">{\"@context\":\"https:\\\/\\\/schema.org\",\"@graph\":[{\"@type\":\"Article\",\"@id\":\"https:\\\/\\\/buletin.de\\\/bucuresti\\\/lucrarile-la-pasajul-rutier-peste-soseaua-berceni-modifica-traseele-a-doua-linii-stb-incepand-de-luni-noaptea\\\/#article\",\"isPartOf\":{\"@id\":\"https:\\\/\\\/buletin.de\\\/bucuresti\\\/lucrarile-la-pasajul-rutier-peste-soseaua-berceni-modifica-traseele-a-doua-linii-stb-incepand-de-luni-noaptea\\\/\"},\"author\":{\"name\":\"Alexandru Stan\",\"@id\":\"https:\\\/\\\/buletin.de\\\/bucuresti\\\/#\\\/schema\\\/person\\\/104a46bbe8be6e336fecf63974383951\"},\"headline\":\"Lucr\u0103rile la pasajul rutier peste \u0218oseaua Berceni modific\u0103 traseele a dou\u0103 linii STB \u00eencep\u00e2nd de luni noaptea\",\"datePublished\":\"2026-09-06T04:03:10+00:00\",\"mainEntityOfPage\":{\"@id\":\"https:\\\/\\\/buletin.de\\\/bucuresti\\\/lucrarile-la-pasajul-rutier-peste-soseaua-berceni-modifica-traseele-a-doua-linii-stb-incepand-de-luni-noaptea\\\/\"},\"wordCount\":761,\"publisher\":{\"@id\":\"https:\\\/\\\/buletin.de\\\/bucuresti\\\/#organization\"},\"image\":{\"@id\":\"https:\\\/\\\/buletin.de\\\/bucuresti\\\/lucrarile-la-pasajul-rutier-peste-soseaua-berceni-modifica-traseele-a-doua-linii-stb-incepand-de-luni-noaptea\\\/#primaryimage\"},\"thumbnailUrl\":\"https:\\\/\\\/buletin.de\\\/bucuresti\\\/wp-content\\\/uploads\\\/2026\\\/09\\\/232-linie-tw_Oltenitei-1600x1012-1.png\",\"keywords\":[\"deviere linii stb\",\"deviere lucr\u0103ri stb\",\"linia 125\",\"linia 232\",\"lucr\u0103ri pasaj berceni\",\"pasaj \u0219oseaua berceni\",\"stb\"],\"articleSection\":[\"Articole\",\"Main\",\"Transport\"],\"inLanguage\":\"en-GB\",\"copyrightYear\":\"2026\",\"copyrightHolder\":{\"@id\":\"https:\\\/\\\/buletin.de\\\/bucuresti\\\/#organization\"}},{\"@type\":\"WebPage\",\"@id\":\"https:\\\/\\\/buletin.de\\\/bucuresti\\\/lucrarile-la-pasajul-rutier-peste-soseaua-berceni-modifica-traseele-a-doua-linii-stb-incepand-de-luni-noaptea\\\/\",\"url\":\"https:\\\/\\\/buletin.de\\\/bucuresti\\\/lucrarile-la-pasajul-rutier-peste-soseaua-berceni-modifica-traseele-a-doua-linii-stb-incepand-de-luni-noaptea\\\/\",\"name\":\"Lucr\u0103rile la pasajul rutier peste \u0218oseaua Berceni modific\u0103 traseele a dou\u0103 linii STB \u00eencep\u00e2nd de luni noaptea - Buletin de Bucure\u0219ti\",\"isPartOf\":{\"@id\":\"https:\\\/\\\/buletin.de\\\/bucuresti\\\/#website\"},\"primaryImageOfPage\":{\"@id\":\"https:\\\/\\\/buletin.de\\\/bucuresti\\\/lucrarile-la-pasajul-rutier-peste-soseaua-berceni-modifica-traseele-a-doua-linii-stb-incepand-de-luni-noaptea\\\/#primaryimage\"},\"image\":{\"@id\":\"https:\\\/\\\/buletin.de\\\/bucuresti\\\/lucrarile-la-pasajul-rutier-peste-soseaua-berceni-modifica-traseele-a-doua-linii-stb-incepand-de-luni-noaptea\\\/#primaryimage\"},\"thumbnailUrl\":\"https:\\\/\\\/buletin.de\\\/bucuresti\\\/wp-content\\\/uploads\\\/2026\\\/09\\\/232-linie-tw_Oltenitei-1600x1012-1.png\",\"datePublished\":\"2026-09-06T04:03:10+00:00\",\"description\":\"Lucr\u0103rile la pasajul rutier peste \u0218oseaua Berceni modific\u0103 traseele a dou\u0103 linii STB la \u00eenceputul s\u0103pt\u0103m\u00e2nii viitoare.\",\"breadcrumb\":{\"@id\":\"https:\\\/\\\/buletin.de\\\/bucuresti\\\/lucrarile-la-pasajul-rutier-peste-soseaua-berceni-modifica-traseele-a-doua-linii-stb-incepand-de-luni-noaptea\\\/#breadcrumb\"},\"inLanguage\":\"en-GB\",\"potentialAction\":[{\"@type\":\"ReadAction\",\"target\":[\"https:\\\/\\\/buletin.de\\\/bucuresti\\\/lucrarile-la-pasajul-rutier-peste-soseaua-berceni-modifica-traseele-a-doua-linii-stb-incepand-de-luni-noaptea\\\/\"]}]},{\"@type\":\"ImageObject\",\"inLanguage\":\"en-GB\",\"@id\":\"https:\\\/\\\/buletin.de\\\/bucuresti\\\/lucrarile-la-pasajul-rutier-peste-soseaua-berceni-modifica-traseele-a-doua-linii-stb-incepand-de-luni-noaptea\\\/#primaryimage\",\"url\":\"https:\\\/\\\/buletin.de\\\/bucuresti\\\/wp-content\\\/uploads\\\/2026\\\/09\\\/232-linie-tw_Oltenitei-1600x1012-1.png\",\"contentUrl\":\"https:\\\/\\\/buletin.de\\\/bucuresti\\\/wp-content\\\/uploads\\\/2026\\\/09\\\/232-linie-tw_Oltenitei-1600x1012-1.png\",\"width\":1600,\"height\":1012,\"caption\":\"FOTO: TPBI\"},{\"@type\":\"BreadcrumbList\",\"@id\":\"https:\\\/\\\/buletin.de\\\/bucuresti\\\/lucrarile-la-pasajul-rutier-peste-soseaua-berceni-modifica-traseele-a-doua-linii-stb-incepand-de-luni-noaptea\\\/#breadcrumb\",\"itemListElement\":[{\"@type\":\"ListItem\",\"position\":1,\"name\":\"Acas\u0103\",\"item\":\"https:\\\/\\\/buletin.de\\\/bucuresti\\\/\"},{\"@type\":\"ListItem\",\"position\":2,\"name\":\"Lucr\u0103rile la pasajul rutier peste \u0218oseaua Berceni modific\u0103 traseele a dou\u0103 linii STB \u00eencep\u00e2nd de luni noaptea\"}]},{\"@type\":\"WebSite\",\"@id\":\"https:\\\/\\\/buletin.de\\\/bucuresti\\\/#website\",\"url\":\"https:\\\/\\\/buletin.de\\\/bucuresti\\\/\",\"name\":\"Buletin de Bucure\u0219ti\",\"description\":\"\u0218tiri \u0219i investiga\u021bii esen\u021biale din capital\u0103\",\"publisher\":{\"@id\":\"https:\\\/\\\/buletin.de\\\/bucuresti\\\/#organization\"},\"potentialAction\":[{\"@type\":\"SearchAction\",\"target\":{\"@type\":\"EntryPoint\",\"urlTemplate\":\"https:\\\/\\\/buletin.de\\\/bucuresti\\\/?s={search_term_string}\"},\"query-input\":{\"@type\":\"PropertyValueSpecification\",\"valueRequired\":true,\"valueName\":\"search_term_string\"}}],\"inLanguage\":\"en-GB\"},{\"@type\":\"Organization\",\"@id\":\"https:\\\/\\\/buletin.de\\\/bucuresti\\\/#organization\",\"name\":\"Buletin de Bucure\u0219ti\",\"url\":\"https:\\\/\\\/buletin.de\\\/bucuresti\\\/\",\"logo\":{\"@type\":\"ImageObject\",\"inLanguage\":\"en-GB\",\"@id\":\"https:\\\/\\\/buletin.de\\\/bucuresti\\\/#\\\/schema\\\/logo\\\/image\\\/\",\"url\":\"https:\\\/\\\/buletin.de\\\/bucuresti\\\/wp-content\\\/uploads\\\/logo-bdb-full-wide-vernil-transparent.png\",\"contentUrl\":\"https:\\\/\\\/buletin.de\\\/bucuresti\\\/wp-content\\\/uploads\\\/logo-bdb-full-wide-vernil-transparent.png\",\"width\":1782,\"height\":626,\"caption\":\"Buletin de Bucure\u0219ti\"},\"image\":{\"@id\":\"https:\\\/\\\/buletin.de\\\/bucuresti\\\/#\\\/schema\\\/logo\\\/image\\\/\"},\"sameAs\":[\"https:\\\/\\\/www.facebook.com\\\/buletin.de.buc\",\"https:\\\/\\\/www.instagram.com\\\/buletinde.bucuresti\\\/\"]},{\"@type\":\"Person\",\"@id\":\"https:\\\/\\\/buletin.de\\\/bucuresti\\\/#\\\/schema\\\/person\\\/104a46bbe8be6e336fecf63974383951\",\"name\":\"Alexandru Stan\",\"image\":{\"@type\":\"ImageObject\",\"inLanguage\":\"en-GB\",\"@id\":\"https:\\\/\\\/buletin.de\\\/bucuresti\\\/wp-content\\\/uploads\\\/2026\\\/07\\\/BDB_Alexandru-4-96x96.jpga3c299c77690d3b1ab5def97e8de4c6c\",\"url\":\"https:\\\/\\\/buletin.de\\\/bucuresti\\\/wp-content\\\/uploads\\\/2026\\\/07\\\/BDB_Alexandru-4-96x96.jpg\",\"contentUrl\":\"https:\\\/\\\/buletin.de\\\/bucuresti\\\/wp-content\\\/uploads\\\/2026\\\/07\\\/BDB_Alexandru-4-96x96.jpg\",\"caption\":\"Alexandru Stan\"},\"description\":\"Absolvent al Colegiului Na\u021bional \u201eMihai Eminescu\u201d \u0219i student la Politehnica. Lucrez la Buletin de Bucure\u0219ti ca reporter de la v\u00e2rsta de 17 ani. M-am n\u0103scut \u0219i am crescut cu m\u00e2ndrie \u00een Bucure\u0219ti, ora\u0219ul pove\u0219tilor \u0219i al c\u0103su\u021belor cu porti\u021b\u0103 \u0219i ci\u0219mea. Cred \u00een jurnalismul f\u0103cut de cet\u0103\u021beni pentru cet\u0103\u021beni \u0219i \u00een faptul c\u0103 presa este a patra putere \u00een stat. M\u0103 str\u0103duiesc s\u0103 v\u0103 aduc, pe ecrane, tot ce \u201emi\u0219c\u0103\u201d prin Bucure\u0219ti, de la proiecte de consiliu local \u0219i interviuri p\u00e2n\u0103 la pove\u0219ti de weekend \u0219i reportaje.\",\"url\":\"https:\\\/\\\/buletin.de\\\/bucuresti\\\/author\\\/alexandru-stan\\\/\"}]}<\/script>\n<!-- \/ Yoast SEO Premium plugin. -->","yoast_head_json":{"title":"Lucr\u0103rile la pasajul rutier peste \u0218oseaua Berceni modific\u0103 traseele a dou\u0103 linii STB \u00eencep\u00e2nd de luni noaptea - Buletin de Bucure\u0219ti","description":"Lucr\u0103rile la pasajul rutier peste \u0218oseaua Berceni modific\u0103 traseele a dou\u0103 linii STB la \u00eenceputul s\u0103pt\u0103m\u00e2nii viitoare.","robots":{"index":"index","follow":"follow","max-snippet":"max-snippet:-1","max-image-preview":"max-image-preview:large","max-video-preview":"max-video-preview:-1"},"canonical":"https:\/\/buletin.de\/bucuresti\/lucrarile-la-pasajul-rutier-peste-soseaua-berceni-modifica-traseele-a-doua-linii-stb-incepand-de-luni-noaptea\/","og_locale":"en_GB","og_type":"article","og_title":"Lucr\u0103rile la pasajul rutier peste \u0218oseaua Berceni modific\u0103 traseele a dou\u0103 linii STB \u00eencep\u00e2nd de luni noaptea","og_description":"Lucr\u0103rile la pasajul rutier peste \u0218oseaua Berceni modific\u0103 traseele a dou\u0103 linii STB la \u00eenceputul s\u0103pt\u0103m\u00e2nii viitoare.","og_url":"https:\/\/buletin.de\/bucuresti\/lucrarile-la-pasajul-rutier-peste-soseaua-berceni-modifica-traseele-a-doua-linii-stb-incepand-de-luni-noaptea\/","og_site_name":"Buletin de Bucure\u0219ti","article_publisher":"https:\/\/www.facebook.com\/buletin.de.buc","article_published_time":"2026-09-06T04:03:10+00:00","og_image":[{"width":1000,"height":633,"url":"https:\/\/buletin.de\/bucuresti\/wp-content\/uploads\/2026\/09\/232-linie-tw_Oltenitei-1600x1012-1-1000x633.png","type":"image\/png"}],"author":"Alexandru Stan","twitter_card":"summary_large_image","twitter_misc":{"Written by":"Alexandru Stan","Estimated reading time":"4 minutes"},"schema":{"@context":"https:\/\/schema.org","@graph":[{"@type":"Article","@id":"https:\/\/buletin.de\/bucuresti\/lucrarile-la-pasajul-rutier-peste-soseaua-berceni-modifica-traseele-a-doua-linii-stb-incepand-de-luni-noaptea\/#article","isPartOf":{"@id":"https:\/\/buletin.de\/bucuresti\/lucrarile-la-pasajul-rutier-peste-soseaua-berceni-modifica-traseele-a-doua-linii-stb-incepand-de-luni-noaptea\/"},"author":{"name":"Alexandru Stan","@id":"https:\/\/buletin.de\/bucuresti\/#\/schema\/person\/104a46bbe8be6e336fecf63974383951"},"headline":"Lucr\u0103rile la pasajul rutier peste \u0218oseaua Berceni modific\u0103 traseele a dou\u0103 linii STB \u00eencep\u00e2nd de luni noaptea","datePublished":"2026-09-06T04:03:10+00:00","mainEntityOfPage":{"@id":"https:\/\/buletin.de\/bucuresti\/lucrarile-la-pasajul-rutier-peste-soseaua-berceni-modifica-traseele-a-doua-linii-stb-incepand-de-luni-noaptea\/"},"wordCount":761,"publisher":{"@id":"https:\/\/buletin.de\/bucuresti\/#organization"},"image":{"@id":"https:\/\/buletin.de\/bucuresti\/lucrarile-la-pasajul-rutier-peste-soseaua-berceni-modifica-traseele-a-doua-linii-stb-incepand-de-luni-noaptea\/#primaryimage"},"thumbnailUrl":"https:\/\/buletin.de\/bucuresti\/wp-content\/uploads\/2026\/09\/232-linie-tw_Oltenitei-1600x1012-1.png","keywords":["deviere linii stb","deviere lucr\u0103ri stb","linia 125","linia 232","lucr\u0103ri pasaj berceni","pasaj \u0219oseaua berceni","stb"],"articleSection":["Articole","Main","Transport"],"inLanguage":"en-GB","copyrightYear":"2026","copyrightHolder":{"@id":"https:\/\/buletin.de\/bucuresti\/#organization"}},{"@type":"WebPage","@id":"https:\/\/buletin.de\/bucuresti\/lucrarile-la-pasajul-rutier-peste-soseaua-berceni-modifica-traseele-a-doua-linii-stb-incepand-de-luni-noaptea\/","url":"https:\/\/buletin.de\/bucuresti\/lucrarile-la-pasajul-rutier-peste-soseaua-berceni-modifica-traseele-a-doua-linii-stb-incepand-de-luni-noaptea\/","name":"Lucr\u0103rile la pasajul rutier peste \u0218oseaua Berceni modific\u0103 traseele a dou\u0103 linii STB \u00eencep\u00e2nd de luni noaptea - Buletin de Bucure\u0219ti","isPartOf":{"@id":"https:\/\/buletin.de\/bucuresti\/#website"},"primaryImageOfPage":{"@id":"https:\/\/buletin.de\/bucuresti\/lucrarile-la-pasajul-rutier-peste-soseaua-berceni-modifica-traseele-a-doua-linii-stb-incepand-de-luni-noaptea\/#primaryimage"},"image":{"@id":"https:\/\/buletin.de\/bucuresti\/lucrarile-la-pasajul-rutier-peste-soseaua-berceni-modifica-traseele-a-doua-linii-stb-incepand-de-luni-noaptea\/#primaryimage"},"thumbnailUrl":"https:\/\/buletin.de\/bucuresti\/wp-content\/uploads\/2026\/09\/232-linie-tw_Oltenitei-1600x1012-1.png","datePublished":"2026-09-06T04:03:10+00:00","description":"Lucr\u0103rile la pasajul rutier peste \u0218oseaua Berceni modific\u0103 traseele a dou\u0103 linii STB la \u00eenceputul s\u0103pt\u0103m\u00e2nii viitoare.","breadcrumb":{"@id":"https:\/\/buletin.de\/bucuresti\/lucrarile-la-pasajul-rutier-peste-soseaua-berceni-modifica-traseele-a-doua-linii-stb-incepand-de-luni-noaptea\/#breadcrumb"},"inLanguage":"en-GB","potentialAction":[{"@type":"ReadAction","target":["https:\/\/buletin.de\/bucuresti\/lucrarile-la-pasajul-rutier-peste-soseaua-berceni-modifica-traseele-a-doua-linii-stb-incepand-de-luni-noaptea\/"]}]},{"@type":"ImageObject","inLanguage":"en-GB","@id":"https:\/\/buletin.de\/bucuresti\/lucrarile-la-pasajul-rutier-peste-soseaua-berceni-modifica-traseele-a-doua-linii-stb-incepand-de-luni-noaptea\/#primaryimage","url":"https:\/\/buletin.de\/bucuresti\/wp-content\/uploads\/2026\/09\/232-linie-tw_Oltenitei-1600x1012-1.png","contentUrl":"https:\/\/buletin.de\/bucuresti\/wp-content\/uploads\/2026\/09\/232-linie-tw_Oltenitei-1600x1012-1.png","width":1600,"height":1012,"caption":"FOTO: TPBI"},{"@type":"BreadcrumbList","@id":"https:\/\/buletin.de\/bucuresti\/lucrarile-la-pasajul-rutier-peste-soseaua-berceni-modifica-traseele-a-doua-linii-stb-incepand-de-luni-noaptea\/#breadcrumb","itemListElement":[{"@type":"ListItem","position":1,"name":"Acas\u0103","item":"https:\/\/buletin.de\/bucuresti\/"},{"@type":"ListItem","position":2,"name":"Lucr\u0103rile la pasajul rutier peste \u0218oseaua Berceni modific\u0103 traseele a dou\u0103 linii STB \u00eencep\u00e2nd de luni noaptea"}]},{"@type":"WebSite","@id":"https:\/\/buletin.de\/bucuresti\/#website","url":"https:\/\/buletin.de\/bucuresti\/","name":"Buletin de Bucure\u0219ti","description":"\u0218tiri \u0219i investiga\u021bii esen\u021biale din capital\u0103","publisher":{"@id":"https:\/\/buletin.de\/bucuresti\/#organization"},"potentialAction":[{"@type":"SearchAction","target":{"@type":"EntryPoint","urlTemplate":"https:\/\/buletin.de\/bucuresti\/?s={search_term_string}"},"query-input":{"@type":"PropertyValueSpecification","valueRequired":true,"valueName":"search_term_string"}}],"inLanguage":"en-GB"},{"@type":"Organization","@id":"https:\/\/buletin.de\/bucuresti\/#organization","name":"Buletin de Bucure\u0219ti","url":"https:\/\/buletin.de\/bucuresti\/","logo":{"@type":"ImageObject","inLanguage":"en-GB","@id":"https:\/\/buletin.de\/bucuresti\/#\/schema\/logo\/image\/","url":"https:\/\/buletin.de\/bucuresti\/wp-content\/uploads\/logo-bdb-full-wide-vernil-transparent.png","contentUrl":"https:\/\/buletin.de\/bucuresti\/wp-content\/uploads\/logo-bdb-full-wide-vernil-transparent.png","width":1782,"height":626,"caption":"Buletin de Bucure\u0219ti"},"image":{"@id":"https:\/\/buletin.de\/bucuresti\/#\/schema\/logo\/image\/"},"sameAs":["https:\/\/www.facebook.com\/buletin.de.buc","https:\/\/www.instagram.com\/buletinde.bucuresti\/"]},{"@type":"Person","@id":"https:\/\/buletin.de\/bucuresti\/#\/schema\/person\/104a46bbe8be6e336fecf63974383951","name":"Alexandru Stan","image":{"@type":"ImageObject","inLanguage":"en-GB","@id":"https:\/\/buletin.de\/bucuresti\/wp-content\/uploads\/2026\/07\/BDB_Alexandru-4-96x96.jpga3c299c77690d3b1ab5def97e8de4c6c","url":"https:\/\/buletin.de\/bucuresti\/wp-content\/uploads\/2026\/07\/BDB_Alexandru-4-96x96.jpg","contentUrl":"https:\/\/buletin.de\/bucuresti\/wp-content\/uploads\/2026\/07\/BDB_Alexandru-4-96x96.jpg","caption":"Alexandru Stan"},"description":"Absolvent al Colegiului Na\u021bional \u201eMihai Eminescu\u201d \u0219i student la Politehnica. Lucrez la Buletin de Bucure\u0219ti ca reporter de la v\u00e2rsta de 17 ani. M-am n\u0103scut \u0219i am crescut cu m\u00e2ndrie \u00een Bucure\u0219ti, ora\u0219ul pove\u0219tilor \u0219i al c\u0103su\u021belor cu porti\u021b\u0103 \u0219i ci\u0219mea. Cred \u00een jurnalismul f\u0103cut de cet\u0103\u021beni pentru cet\u0103\u021beni \u0219i \u00een faptul c\u0103 presa este a patra putere \u00een stat. M\u0103 str\u0103duiesc s\u0103 v\u0103 aduc, pe ecrane, tot ce \u201emi\u0219c\u0103\u201d prin Bucure\u0219ti, de la proiecte de consiliu local \u0219i interviuri p\u00e2n\u0103 la pove\u0219ti de weekend \u0219i reportaje.","url":"https:\/\/buletin.de\/bucuresti\/author\/alexandru-stan\/"}]}},"authors":[{"term_id":22577,"user_id":61,"is_guest":0,"slug":"alexandru-stan","display_name":"Alexandru Stan","avatar_url":"https:\/\/buletin.de\/bucuresti\/wp-content\/uploads\/2026\/07\/BDB_Alexandru-4-96x96.jpg","author_category":"","first_name":"Alexandru","last_name":"Stan","user_url":"","job_title":"","description":"Absolvent al Colegiului Na\u021bional \u201eMihai Eminescu\u201d \u0219i student la Politehnica. Lucrez la Buletin de Bucure\u0219ti ca reporter de la v\u00e2rsta de 17 ani. M-am n\u0103scut \u0219i am crescut cu m\u00e2ndrie \u00een Bucure\u0219ti, ora\u0219ul pove\u0219tilor \u0219i al c\u0103su\u021belor cu porti\u021b\u0103 \u0219i ci\u0219mea.\r\n\r\nCred \u00een jurnalismul f\u0103cut de cet\u0103\u021beni pentru cet\u0103\u021beni \u0219i \u00een faptul c\u0103 presa este a patra putere \u00een stat. M\u0103 str\u0103duiesc s\u0103 v\u0103 aduc, pe ecrane, tot ce \u201emi\u0219c\u0103\u201d prin Bucure\u0219ti, de la proiecte de consiliu local \u0219i interviuri p\u00e2n\u0103 la pove\u0219ti de weekend \u0219i reportaje."}],"_links":{"self":[{"href":"https:\/\/buletin.de\/bucuresti\/wp-json\/wp\/v2\/posts\/215970","targetHints":{"allow":["GET"]}}],"collection":[{"href":"https:\/\/buletin.de\/bucuresti\/wp-json\/wp\/v2\/posts"}],"about":[{"href":"https:\/\/buletin.de\/bucuresti\/wp-json\/wp\/v2\/types\/post"}],"author":[{"embeddable":true,"href":"https:\/\/buletin.de\/bucuresti\/wp-json\/wp\/v2\/users\/61"}],"replies":[{"embeddable":true,"href":"https:\/\/buletin.de\/bucuresti\/wp-json\/wp\/v2\/comments?post=215970"}],"version-history":[{"count":5,"href":"https:\/\/buletin.de\/bucuresti\/wp-json\/wp\/v2\/posts\/215970\/revisions"}],"predecessor-version":[{"id":216211,"href":"https:\/\/buletin.de\/bucuresti\/wp-json\/wp\/v2\/posts\/215970\/revisions\/216211"}],"wp:featuredmedia":[{"embeddable":true,"href":"https:\/\/buletin.de\/bucuresti\/wp-json\/wp\/v2\/media\/215979"}],"wp:attachment":[{"href":"https:\/\/buletin.de\/bucuresti\/wp-json\/wp\/v2\/media?parent=215970"}],"wp:term":[{"taxonomy":"category","embeddable":true,"href":"https:\/\/buletin.de\/bucuresti\/wp-json\/wp\/v2\/categories?post=215970"},{"taxonomy":"post_tag","embeddable":true,"href":"https:\/\/buletin.de\/bucuresti\/wp-json\/wp\/v2\/tags?post=215970"},{"taxonomy":"author","embeddable":true,"href":"https:\/\/buletin.de\/bucuresti\/wp-json\/wp\/v2\/ppma_author?post=215970"}],"curies":[{"name":"wp","href":"https:\/\/api.w.org\/{rel}","templated":true}]}}