{"id":215900,"date":"2026-09-04T12:24:23","date_gmt":"2026-09-04T09:24:23","guid":{"rendered":"https:\/\/buletin.de\/bucuresti\/?p=215900"},"modified":"2026-09-04T12:26:22","modified_gmt":"2026-09-04T09:26:22","slug":"licitatia-pentru-modernizarea-depourilor-colentina-si-titan-intarziata-de-contestatii-a-fost-anuntat-un-nou-termen-pentru-depunerea-ofertelor","status":"publish","type":"post","link":"https:\/\/buletin.de\/bucuresti\/licitatia-pentru-modernizarea-depourilor-colentina-si-titan-intarziata-de-contestatii-a-fost-anuntat-un-nou-termen-pentru-depunerea-ofertelor\/","title":{"rendered":"Licita\u021bia pentru modernizarea depourilor Colentina \u0219i Titan, \u00eent\u00e2rziat\u0103 de contesta\u021bii. A fost anun\u021bat un nou termen pentru depunerea ofertelor"},"content":{"rendered":"\n<p class=\"wp-block-paragraph\"><strong>Procedura de achizi\u021bie privind proiectarea, asisten\u021ba tehnic\u0103 \u0219i efectuarea efectiv\u0103 a lucr\u0103rilor pentru modernizarea depourilor Colentina \u0219i Titan \u00eenregistreaz\u0103 \u00een continuare \u00eent\u00e2rzieri. \u00cen acest moment, licita\u021bia lansat\u0103 \u00een SEAP \u00een luna februarie a intrat \u00een etap\u0103 prelungit\u0103, dup\u0103 cum transmite <a href=\"https:\/\/mobilitate.eu\/licitatia-modernizarea-depourilor-90326\/?doing_wp_cron=1788507930.4397230148315429687500\" data-type=\"link\" data-id=\"https:\/\/mobilitate.eu\/licitatia-modernizarea-depourilor-90326\/?doing_wp_cron=1788507930.4397230148315429687500\" target=\"_blank\" rel=\"noreferrer noopener\">Mobilitate.eu.<\/a> <\/strong><\/p>\n\n\n\n<p class=\"wp-block-paragraph\">Acest lucru se datoreaz\u0103 num\u0103rului mare de contesta\u021bii ce a fost \u00eenregistrat, dar \u0219i modific\u0103rilor ce au fost f\u0103cute asupra termenului limit\u0103 pentru depunerea ofertelor. <\/p>\n\n\n\n<h2 id=\"h-trei-contesta\u021bii-au-fost-depuse-iar-termenul-limita-a-fost-modificat-de-cinci-ori\" class=\"wp-block-heading\">Trei contesta\u021bii au fost depuse, iar termenul limit\u0103 a fost modificat de cinci ori<\/h2>\n\n\n\n<p class=\"wp-block-paragraph\">Toate cele trei contesta\u021bii au fost \u00eenregistrate \u00een data de 20 februarie. \u00cen cadrul acestora, operatorii economici au semnalate probleme \u00een ceea ce prive\u0219te cerin\u021bele pe care Prim\u0103ria Capitalei le-a inclus \u00een documenta\u021bia de atribuire a contractului. <\/p>\n\n\n\n<p class=\"wp-block-paragraph\">Cu toate c\u0103 acest contesta\u021bii au fost deja solu\u021bionate de c\u0103tre Consiliul Na\u021bional de Solu\u021bionare a Contesta\u021biilor prin decizia 1711 din data de 26 mai 2026, acestea au afectat calendarul licita\u021biei. <\/p>\n\n\n\n<p class=\"wp-block-paragraph\">Mai precis, depunerea contesta\u021biilor \u0219i decizia dat\u0103 de CNSC au dus la  revizuirii unor elemente din documenta\u021bia de atribuire, motiv pentru care etapele procedurale au necesitat prelungiri. <\/p>\n\n\n\n<p class=\"wp-block-paragraph\">\u00cen ceea ce prive\u0219te termenul-limit\u0103 pentru depunerea ofertelor, acesta a fost modifica \u00een total de cinci ori, dup\u0103 cum transmite Mobilitate.eu. Conform anun\u021bului din SEAP datele au fost modificate dup\u0103 cum urmeaz\u0103: <strong>16 februarie<\/strong>, <strong>6 iulie<\/strong>, <strong>24 iulie<\/strong>, <strong>5 august<\/strong> \u0219i <strong>25 august 2026<\/strong>. <\/p>\n\n\n\n<p class=\"wp-block-paragraph\">\u00cen prezent, companiile care doresc s\u0103 ob\u021bin\u0103 contractul pot depune ofertele lor p\u00e2n\u0103 la data de<strong> 15 septembrie 2026, ora 15:00<\/strong>.<\/p>\n\n\n\n<p class=\"wp-block-paragraph\">Prelungirile succesive reflect\u0103 un volum ridicat de clarific\u0103ri, ajust\u0103ri ale cerin\u021belor tehnice \u0219i administrative, precum \u0219i necesitatea alinierii documenta\u021biei la observa\u021biile formulate de operatorii economici.<\/p>\n\n\n\n<p class=\"wp-block-paragraph\"><strong>\u00centregul material poate fi citit pe <a href=\"https:\/\/mobilitate.eu\/licitatia-modernizarea-depourilor-90326\/?doing_wp_cron=1788507930.4397230148315429687500\" data-type=\"link\" data-id=\"https:\/\/mobilitate.eu\/licitatia-modernizarea-depourilor-90326\/?doing_wp_cron=1788507930.4397230148315429687500\" target=\"_blank\" rel=\"noreferrer noopener\">Mobilitate.eu<\/a>.<\/strong><\/p>\n\n\n\n<p class=\"wp-block-paragraph\"><strong>CITE\u0218TE \u0218I <a href=\"https:\/\/buletin.de\/bucuresti\/trotinetele-electrice-de-inchiriat-nu-vor-mai-putea-intra-in-parcurile-din-capitala-vor-fi-restrictionate-electronic-si-la-evenimentele-cu-public-mare\/\" data-type=\"post\" data-id=\"215874\">Trotinetele electrice de \u00eenchiriat nu vor mai putea intra \u00een parcurile din Capital\u0103. Vor fi restric\u021bionate electronic \u0219i la evenimentele cu public mare<\/a><\/strong><\/p>\n\n\n\n<h2 id=\"h-modernizarea-depourilor-colentina-\u0219i-titan-impar\u021bita-in-doua-loturi\" class=\"wp-block-heading\">Modernizarea depourilor Colentina \u0219i Titan, \u00eemp\u0103r\u021bit\u0103 \u00een dou\u0103 loturi<\/h2>\n\n\n\n<p class=\"wp-block-paragraph\">Modernizarea celor dou\u0103 depouri de tramvai din Capital\u0103 a fost adus\u0103 \u00een discu\u021bie \u00eenc\u0103 din anul 2025. \u00cen luna iunie a anului trecut, Consiliul General al Municipiului Bucure\u0219ti a aprobat proiectele de hot\u0103r\u00e2re pentru efectuarea lucr\u0103rilor. Ambele au fost aprobate cu 52 de voturi pentru, 0 voturi \u00eempotriv\u0103 \u0219i 0 ab\u021bineri.<\/p>\n\n\n\n<p class=\"wp-block-paragraph\">Cu toate c\u0103 ini\u021bial PMB transmise-se c\u0103 inven\u021bia cumulat\u0103 pentru modernizarea depourilor Colentina \u0219i Titan ar fi urmat s\u0103 fie de 1 miliard de lei (aproximativ 200 de milioane de euro), conform anun\u021bului publicat \u00een data de 9 februarie 2026 pe platforma SEAP, contractul cu dou\u0103 loturi are o valoare mai mic\u0103, dup\u0103 cum a scris Buletin de Bucure\u0219ti <strong><a href=\"https:\/\/buletin.de\/bucuresti\/pmb-a-lansat-licitatia-pentru-modernizarea-depourilor-colentina-si-titan-contractul-este-estimat-la-peste-120-de-milioane-de-euro\/\" data-type=\"link\" data-id=\"https:\/\/buletin.de\/bucuresti\/pmb-a-lansat-licitatia-pentru-modernizarea-depourilor-colentina-si-titan-contractul-este-estimat-la-peste-120-de-milioane-de-euro\/\">aici<\/a><\/strong>. <\/p>\n\n\n\n<p class=\"wp-block-paragraph\">\u00cen total\u0103, investi\u021bia pe care PMB urmeaz\u0103 s\u0103 o fac este de<strong> 648.558.881,5 de lei <\/strong>(circa <strong>127 de milioane de euro<\/strong>), suma fiind \u00eemp\u0103r\u021bit\u0103 dup\u0103 cum urmeaz\u0103: <\/p>\n\n\n\n<ul class=\"wp-block-list\">\n<li>Lotul I \u2013 Modernizarea depoului de tramvai Colentina are o valoare de 277.200.401,97 de lei (f\u0103r\u0103 TVA),<\/li>\n\n\n\n<li>Lotul II \u2013 Modernizarea depoului de tramvai Titan are o valoare de 371.358.479,53 de lei (f\u0103r\u0103 TVA).<\/li>\n<\/ul>\n\n\n\n<p class=\"wp-block-paragraph\">Scopul lucr\u0103rilor este de a adapta cele dou\u0103 depouri la cerin\u021bele tehnologice actuale \u0219i la tramvaie de mari dimensiuni din Bucure\u0219ti, precum cele Asta Imperio.<\/p>\n\n\n\n<p class=\"wp-block-paragraph\">Suprafa\u021ba amplasamentelor ce urmeaz\u0103 s\u0103 fie modernizate \u00een cadrul acestui proiect de investi\u021bii este de: peste 33.000 de metri p\u0103tra\u021bi pentru depoul Colentina, respectiv 165.000 de metri p\u0103tra\u021bi pentru depoul Titan.<\/p>\n\n\n\n<p class=\"wp-block-paragraph\">Perioada contractului de proiectare \u0219i execu\u021bie specificat\u0103 \u00een anun\u021bul licita\u021biei publice, pentru ambele loturi, este de 28 de luni. Din acest termen, 5 luni sunt pentru realizarea proiectului tehnic, iar restul de 23 pentru lucr\u0103rile propiu-zise, conform proiectului de hot\u0103r\u00e2rea aprobat de CGMB \u00een 2025 \u0219i consultat de Buletin de Bucure\u0219ti.<\/p>\n\n\n\n<p class=\"wp-block-paragraph\">Durata de execu\u021bie estimat\u0103 este de 28 de luni, din care 5 luni pentru realizarea proiectului tehnic \u0219i 23 de luni pentru lucr\u0103rile propriu-zise.<\/p>\n\n\n\n<p class=\"wp-block-paragraph\">De\u0219i ini\u021bial PMB anun\u021base c\u0103 banii pentru realizarea proiectelor vor proveni at\u00e2t din fonduri europene, c\u00e2t \u0219i din bugetul local, \u00een anun\u021bul pentru licita\u021bie este specificat c\u0103 tipul de finan\u021bare este din \u201e<strong><em>Fonduri<\/em><\/strong>&nbsp;<strong><em>bugetare<\/em><\/strong>\u201d.<\/p>\n\n\n\n<p class=\"wp-block-paragraph\"><strong>CITE\u0218TE \u0218I <a href=\"https:\/\/buletin.de\/bucuresti\/autostrada-bucurestiului-contractul-pentru-nodul-rutier-pantelimon-a-fost-scos-la-licitatie-la-mai-bine-de-un-an-si-jumatate-de-la-aprobarea-investitiei-de-catre-guvern\/\" data-type=\"post\" data-id=\"215695\">Autostrada Bucure\u0219tiului | Contractul pentru nodul rutier Pantelimon a fost scos la licita\u0163ie, la mai bine de un an \u0219i jum\u0103tate de la aprobarea investi\u021biei de c\u0103tre Guvern<\/a><\/strong><\/p>\n","protected":false},"excerpt":{"rendered":"<p>Procedura de achizi\u021bie privind proiectarea, asisten\u021ba tehnic\u0103 \u0219i efectuarea efectiv\u0103 a lucr\u0103rilor pentru modernizarea depourilor Colentina \u0219i Titan \u00eenregistreaz\u0103 \u00een continuare \u00eent\u00e2rzieri. \u00cen acest moment, licita\u021bia lansat\u0103 \u00een SEAP \u00een luna februarie a intrat \u00een etap\u0103 prelungit\u0103, dup\u0103 cum transmite Mobilitate.eu. Acest lucru se datoreaz\u0103 num\u0103rului mare de contesta\u021bii ce a fost \u00eenregistrat, dar \u0219i [&hellip;]<\/p>\n","protected":false},"author":1,"featured_media":215910,"comment_status":"closed","ping_status":"open","sticky":false,"template":"","format":"standard","meta":{"_acf_changed":false,"inline_featured_image":false,"ngg_post_thumbnail":0,"footnotes":""},"categories":[6994,5762,650],"tags":[2063,9123,22791,23006,23007,30605,30604,1088,104],"ppma_author":[22583],"class_list":["post-215900","post","type-post","status-publish","format-standard","has-post-thumbnail","hentry","category-stiri-2","category-main","category-transport","tag-bucuresti-2","tag-cnsc","tag-contestatii-2","tag-depoul-colentina","tag-depoul-titan","tag-licitatie-intarziata","tag-licitatie-seap-2","tag-modernizare","tag-pmb"],"acf":[],"a3_pvc":{"activated":false,"total_views":0,"today_views":0},"yoast_head":"<!-- This site is optimized with the Yoast SEO Premium plugin v28.0 (Yoast SEO v28.4) - https:\/\/yoast.com\/product\/yoast-seo-premium-wordpress\/ -->\n<title>Licita\u021bia pentru modernizarea depourilor Colentina \u0219i Titan, \u00eent\u00e2rziat\u0103 de contesta\u021bii. A fost anun\u021bat un nou termen pentru depunerea ofertelor - Buletin de Bucure\u0219ti<\/title>\n<meta name=\"description\" content=\"Procedura de achizi\u021bie \u00een ceea ce prive\u0219te modernizarea depourilor Colentina \u0219i Titan \u00eenregistreaz\u0103 \u00een continuare \u00eent\u00e2rzieri.\" \/>\n<meta name=\"robots\" content=\"index, follow, max-snippet:-1, max-image-preview:large, max-video-preview:-1\" \/>\n<link rel=\"canonical\" href=\"https:\/\/buletin.de\/bucuresti\/licitatia-pentru-modernizarea-depourilor-colentina-si-titan-intarziata-de-contestatii-a-fost-anuntat-un-nou-termen-pentru-depunerea-ofertelor\/\" \/>\n<meta property=\"og:locale\" content=\"en_GB\" \/>\n<meta property=\"og:type\" content=\"article\" \/>\n<meta property=\"og:title\" content=\"Licita\u021bia pentru modernizarea depourilor Colentina \u0219i Titan, \u00eent\u00e2rziat\u0103 de contesta\u021bii. A fost anun\u021bat un nou termen pentru depunerea ofertelor\" \/>\n<meta property=\"og:description\" content=\"Procedura de achizi\u021bie \u00een ceea ce prive\u0219te modernizarea depourilor Colentina \u0219i Titan \u00eenregistreaz\u0103 \u00een continuare \u00eent\u00e2rzieri.\" \/>\n<meta property=\"og:url\" content=\"https:\/\/buletin.de\/bucuresti\/licitatia-pentru-modernizarea-depourilor-colentina-si-titan-intarziata-de-contestatii-a-fost-anuntat-un-nou-termen-pentru-depunerea-ofertelor\/\" \/>\n<meta property=\"og:site_name\" content=\"Buletin de Bucure\u0219ti\" \/>\n<meta property=\"article:publisher\" content=\"https:\/\/www.facebook.com\/buletin.de.buc\" \/>\n<meta property=\"article:published_time\" content=\"2026-09-04T09:24:23+00:00\" \/>\n<meta property=\"article:modified_time\" content=\"2026-09-04T09:26:22+00:00\" \/>\n<meta property=\"og:image\" content=\"https:\/\/buletin.de\/bucuresti\/wp-content\/uploads\/2026\/09\/modernizarea-depourilor-Colentina-Titan.jpg\" \/>\n\t<meta property=\"og:image:width\" content=\"1920\" \/>\n\t<meta property=\"og:image:height\" content=\"1080\" \/>\n\t<meta property=\"og:image:type\" content=\"image\/jpeg\" \/>\n<meta name=\"author\" content=\"Redac\u021bia Buletin de Bucure\u0219ti\" \/>\n<meta name=\"twitter:card\" content=\"summary_large_image\" \/>\n<meta name=\"twitter:label1\" content=\"Written by\" \/>\n\t<meta name=\"twitter:data1\" content=\"Redac\u021bia Buletin de Bucure\u0219ti\" \/>\n\t<meta name=\"twitter:label2\" content=\"Estimated reading time\" \/>\n\t<meta name=\"twitter:data2\" content=\"4 minutes\" \/>\n<script type=\"application\/ld+json\" class=\"yoast-schema-graph\">{\"@context\":\"https:\\\/\\\/schema.org\",\"@graph\":[{\"@type\":\"Article\",\"@id\":\"https:\\\/\\\/buletin.de\\\/bucuresti\\\/licitatia-pentru-modernizarea-depourilor-colentina-si-titan-intarziata-de-contestatii-a-fost-anuntat-un-nou-termen-pentru-depunerea-ofertelor\\\/#article\",\"isPartOf\":{\"@id\":\"https:\\\/\\\/buletin.de\\\/bucuresti\\\/licitatia-pentru-modernizarea-depourilor-colentina-si-titan-intarziata-de-contestatii-a-fost-anuntat-un-nou-termen-pentru-depunerea-ofertelor\\\/\"},\"author\":{\"name\":\"Redac\u021bia Buletin de Bucure\u0219ti\",\"@id\":\"https:\\\/\\\/buletin.de\\\/bucuresti\\\/#\\\/schema\\\/person\\\/2bbcf854e5f2419a13804af574d06ab1\"},\"headline\":\"Licita\u021bia pentru modernizarea depourilor Colentina \u0219i Titan, \u00eent\u00e2rziat\u0103 de contesta\u021bii. A fost anun\u021bat un nou termen pentru depunerea ofertelor\",\"datePublished\":\"2026-09-04T09:24:23+00:00\",\"dateModified\":\"2026-09-04T09:26:22+00:00\",\"mainEntityOfPage\":{\"@id\":\"https:\\\/\\\/buletin.de\\\/bucuresti\\\/licitatia-pentru-modernizarea-depourilor-colentina-si-titan-intarziata-de-contestatii-a-fost-anuntat-un-nou-termen-pentru-depunerea-ofertelor\\\/\"},\"wordCount\":747,\"publisher\":{\"@id\":\"https:\\\/\\\/buletin.de\\\/bucuresti\\\/#organization\"},\"image\":{\"@id\":\"https:\\\/\\\/buletin.de\\\/bucuresti\\\/licitatia-pentru-modernizarea-depourilor-colentina-si-titan-intarziata-de-contestatii-a-fost-anuntat-un-nou-termen-pentru-depunerea-ofertelor\\\/#primaryimage\"},\"thumbnailUrl\":\"https:\\\/\\\/buletin.de\\\/bucuresti\\\/wp-content\\\/uploads\\\/2026\\\/09\\\/modernizarea-depourilor-Colentina-Titan.jpg\",\"keywords\":[\"Bucure\u0219ti\",\"cnsc\",\"contesta\u021bii\",\"Depoul Colentina\",\"Depoul Titan\",\"Licita\u021bie \u00eent\u00e2rziat\u0103\",\"Licita\u021bie SEAP\",\"modernizare\",\"pmb\"],\"articleSection\":[\"Articole\",\"Main\",\"Transport\"],\"inLanguage\":\"en-GB\",\"copyrightYear\":\"2026\",\"copyrightHolder\":{\"@id\":\"https:\\\/\\\/buletin.de\\\/bucuresti\\\/#organization\"}},{\"@type\":\"WebPage\",\"@id\":\"https:\\\/\\\/buletin.de\\\/bucuresti\\\/licitatia-pentru-modernizarea-depourilor-colentina-si-titan-intarziata-de-contestatii-a-fost-anuntat-un-nou-termen-pentru-depunerea-ofertelor\\\/\",\"url\":\"https:\\\/\\\/buletin.de\\\/bucuresti\\\/licitatia-pentru-modernizarea-depourilor-colentina-si-titan-intarziata-de-contestatii-a-fost-anuntat-un-nou-termen-pentru-depunerea-ofertelor\\\/\",\"name\":\"Licita\u021bia pentru modernizarea depourilor Colentina \u0219i Titan, \u00eent\u00e2rziat\u0103 de contesta\u021bii. A fost anun\u021bat un nou termen pentru depunerea ofertelor - Buletin de Bucure\u0219ti\",\"isPartOf\":{\"@id\":\"https:\\\/\\\/buletin.de\\\/bucuresti\\\/#website\"},\"primaryImageOfPage\":{\"@id\":\"https:\\\/\\\/buletin.de\\\/bucuresti\\\/licitatia-pentru-modernizarea-depourilor-colentina-si-titan-intarziata-de-contestatii-a-fost-anuntat-un-nou-termen-pentru-depunerea-ofertelor\\\/#primaryimage\"},\"image\":{\"@id\":\"https:\\\/\\\/buletin.de\\\/bucuresti\\\/licitatia-pentru-modernizarea-depourilor-colentina-si-titan-intarziata-de-contestatii-a-fost-anuntat-un-nou-termen-pentru-depunerea-ofertelor\\\/#primaryimage\"},\"thumbnailUrl\":\"https:\\\/\\\/buletin.de\\\/bucuresti\\\/wp-content\\\/uploads\\\/2026\\\/09\\\/modernizarea-depourilor-Colentina-Titan.jpg\",\"datePublished\":\"2026-09-04T09:24:23+00:00\",\"dateModified\":\"2026-09-04T09:26:22+00:00\",\"description\":\"Procedura de achizi\u021bie \u00een ceea ce prive\u0219te modernizarea depourilor Colentina \u0219i Titan \u00eenregistreaz\u0103 \u00een continuare \u00eent\u00e2rzieri.\",\"breadcrumb\":{\"@id\":\"https:\\\/\\\/buletin.de\\\/bucuresti\\\/licitatia-pentru-modernizarea-depourilor-colentina-si-titan-intarziata-de-contestatii-a-fost-anuntat-un-nou-termen-pentru-depunerea-ofertelor\\\/#breadcrumb\"},\"inLanguage\":\"en-GB\",\"potentialAction\":[{\"@type\":\"ReadAction\",\"target\":[\"https:\\\/\\\/buletin.de\\\/bucuresti\\\/licitatia-pentru-modernizarea-depourilor-colentina-si-titan-intarziata-de-contestatii-a-fost-anuntat-un-nou-termen-pentru-depunerea-ofertelor\\\/\"]}]},{\"@type\":\"ImageObject\",\"inLanguage\":\"en-GB\",\"@id\":\"https:\\\/\\\/buletin.de\\\/bucuresti\\\/licitatia-pentru-modernizarea-depourilor-colentina-si-titan-intarziata-de-contestatii-a-fost-anuntat-un-nou-termen-pentru-depunerea-ofertelor\\\/#primaryimage\",\"url\":\"https:\\\/\\\/buletin.de\\\/bucuresti\\\/wp-content\\\/uploads\\\/2026\\\/09\\\/modernizarea-depourilor-Colentina-Titan.jpg\",\"contentUrl\":\"https:\\\/\\\/buletin.de\\\/bucuresti\\\/wp-content\\\/uploads\\\/2026\\\/09\\\/modernizarea-depourilor-Colentina-Titan.jpg\",\"width\":1920,\"height\":1080,\"caption\":\"Surs\u0103 foto: Inquam Photos \\\/ Octav Ganea\"},{\"@type\":\"BreadcrumbList\",\"@id\":\"https:\\\/\\\/buletin.de\\\/bucuresti\\\/licitatia-pentru-modernizarea-depourilor-colentina-si-titan-intarziata-de-contestatii-a-fost-anuntat-un-nou-termen-pentru-depunerea-ofertelor\\\/#breadcrumb\",\"itemListElement\":[{\"@type\":\"ListItem\",\"position\":1,\"name\":\"Acas\u0103\",\"item\":\"https:\\\/\\\/buletin.de\\\/bucuresti\\\/\"},{\"@type\":\"ListItem\",\"position\":2,\"name\":\"Licita\u021bia pentru modernizarea depourilor Colentina \u0219i Titan, \u00eent\u00e2rziat\u0103 de contesta\u021bii. A fost anun\u021bat un nou termen pentru depunerea ofertelor\"}]},{\"@type\":\"WebSite\",\"@id\":\"https:\\\/\\\/buletin.de\\\/bucuresti\\\/#website\",\"url\":\"https:\\\/\\\/buletin.de\\\/bucuresti\\\/\",\"name\":\"Buletin de Bucure\u0219ti\",\"description\":\"\u0218tiri \u0219i investiga\u021bii esen\u021biale din capital\u0103\",\"publisher\":{\"@id\":\"https:\\\/\\\/buletin.de\\\/bucuresti\\\/#organization\"},\"potentialAction\":[{\"@type\":\"SearchAction\",\"target\":{\"@type\":\"EntryPoint\",\"urlTemplate\":\"https:\\\/\\\/buletin.de\\\/bucuresti\\\/?s={search_term_string}\"},\"query-input\":{\"@type\":\"PropertyValueSpecification\",\"valueRequired\":true,\"valueName\":\"search_term_string\"}}],\"inLanguage\":\"en-GB\"},{\"@type\":\"Organization\",\"@id\":\"https:\\\/\\\/buletin.de\\\/bucuresti\\\/#organization\",\"name\":\"Buletin de Bucure\u0219ti\",\"url\":\"https:\\\/\\\/buletin.de\\\/bucuresti\\\/\",\"logo\":{\"@type\":\"ImageObject\",\"inLanguage\":\"en-GB\",\"@id\":\"https:\\\/\\\/buletin.de\\\/bucuresti\\\/#\\\/schema\\\/logo\\\/image\\\/\",\"url\":\"https:\\\/\\\/buletin.de\\\/bucuresti\\\/wp-content\\\/uploads\\\/logo-bdb-full-wide-vernil-transparent.png\",\"contentUrl\":\"https:\\\/\\\/buletin.de\\\/bucuresti\\\/wp-content\\\/uploads\\\/logo-bdb-full-wide-vernil-transparent.png\",\"width\":1782,\"height\":626,\"caption\":\"Buletin de Bucure\u0219ti\"},\"image\":{\"@id\":\"https:\\\/\\\/buletin.de\\\/bucuresti\\\/#\\\/schema\\\/logo\\\/image\\\/\"},\"sameAs\":[\"https:\\\/\\\/www.facebook.com\\\/buletin.de.buc\",\"https:\\\/\\\/www.instagram.com\\\/buletinde.bucuresti\\\/\"]},{\"@type\":\"Person\",\"@id\":\"https:\\\/\\\/buletin.de\\\/bucuresti\\\/#\\\/schema\\\/person\\\/2bbcf854e5f2419a13804af574d06ab1\",\"name\":\"Redac\u021bia Buletin de Bucure\u0219ti\",\"image\":{\"@type\":\"ImageObject\",\"inLanguage\":\"en-GB\",\"@id\":\"https:\\\/\\\/secure.gravatar.com\\\/avatar\\\/18c5342381ed1a08620e6280424e3e5efc958618f5d67c522c9e44c1bc6f9226?s=96&d=monsterid&r=g60c7cd0ad92c68c049fcd4bb3504d609\",\"url\":\"https:\\\/\\\/secure.gravatar.com\\\/avatar\\\/18c5342381ed1a08620e6280424e3e5efc958618f5d67c522c9e44c1bc6f9226?s=96&d=monsterid&r=g\",\"contentUrl\":\"https:\\\/\\\/secure.gravatar.com\\\/avatar\\\/18c5342381ed1a08620e6280424e3e5efc958618f5d67c522c9e44c1bc6f9226?s=96&d=monsterid&r=g\",\"caption\":\"Redac\u021bia Buletin de Bucure\u0219ti\"},\"description\":\"Buletin de Bucure\u0219ti exist\u0103 din vara anului 2019.\",\"url\":\"https:\\\/\\\/buletin.de\\\/bucuresti\\\/author\\\/adminbuletin\\\/\"}]}<\/script>\n<!-- \/ Yoast SEO Premium plugin. -->","yoast_head_json":{"title":"Licita\u021bia pentru modernizarea depourilor Colentina \u0219i Titan, \u00eent\u00e2rziat\u0103 de contesta\u021bii. A fost anun\u021bat un nou termen pentru depunerea ofertelor - Buletin de Bucure\u0219ti","description":"Procedura de achizi\u021bie \u00een ceea ce prive\u0219te modernizarea depourilor Colentina \u0219i Titan \u00eenregistreaz\u0103 \u00een continuare \u00eent\u00e2rzieri.","robots":{"index":"index","follow":"follow","max-snippet":"max-snippet:-1","max-image-preview":"max-image-preview:large","max-video-preview":"max-video-preview:-1"},"canonical":"https:\/\/buletin.de\/bucuresti\/licitatia-pentru-modernizarea-depourilor-colentina-si-titan-intarziata-de-contestatii-a-fost-anuntat-un-nou-termen-pentru-depunerea-ofertelor\/","og_locale":"en_GB","og_type":"article","og_title":"Licita\u021bia pentru modernizarea depourilor Colentina \u0219i Titan, \u00eent\u00e2rziat\u0103 de contesta\u021bii. A fost anun\u021bat un nou termen pentru depunerea ofertelor","og_description":"Procedura de achizi\u021bie \u00een ceea ce prive\u0219te modernizarea depourilor Colentina \u0219i Titan \u00eenregistreaz\u0103 \u00een continuare \u00eent\u00e2rzieri.","og_url":"https:\/\/buletin.de\/bucuresti\/licitatia-pentru-modernizarea-depourilor-colentina-si-titan-intarziata-de-contestatii-a-fost-anuntat-un-nou-termen-pentru-depunerea-ofertelor\/","og_site_name":"Buletin de Bucure\u0219ti","article_publisher":"https:\/\/www.facebook.com\/buletin.de.buc","article_published_time":"2026-09-04T09:24:23+00:00","article_modified_time":"2026-09-04T09:26:22+00:00","og_image":[{"width":1920,"height":1080,"url":"https:\/\/buletin.de\/bucuresti\/wp-content\/uploads\/2026\/09\/modernizarea-depourilor-Colentina-Titan.jpg","type":"image\/jpeg"}],"author":"Redac\u021bia Buletin de Bucure\u0219ti","twitter_card":"summary_large_image","twitter_misc":{"Written by":"Redac\u021bia Buletin de Bucure\u0219ti","Estimated reading time":"4 minutes"},"schema":{"@context":"https:\/\/schema.org","@graph":[{"@type":"Article","@id":"https:\/\/buletin.de\/bucuresti\/licitatia-pentru-modernizarea-depourilor-colentina-si-titan-intarziata-de-contestatii-a-fost-anuntat-un-nou-termen-pentru-depunerea-ofertelor\/#article","isPartOf":{"@id":"https:\/\/buletin.de\/bucuresti\/licitatia-pentru-modernizarea-depourilor-colentina-si-titan-intarziata-de-contestatii-a-fost-anuntat-un-nou-termen-pentru-depunerea-ofertelor\/"},"author":{"name":"Redac\u021bia Buletin de Bucure\u0219ti","@id":"https:\/\/buletin.de\/bucuresti\/#\/schema\/person\/2bbcf854e5f2419a13804af574d06ab1"},"headline":"Licita\u021bia pentru modernizarea depourilor Colentina \u0219i Titan, \u00eent\u00e2rziat\u0103 de contesta\u021bii. A fost anun\u021bat un nou termen pentru depunerea ofertelor","datePublished":"2026-09-04T09:24:23+00:00","dateModified":"2026-09-04T09:26:22+00:00","mainEntityOfPage":{"@id":"https:\/\/buletin.de\/bucuresti\/licitatia-pentru-modernizarea-depourilor-colentina-si-titan-intarziata-de-contestatii-a-fost-anuntat-un-nou-termen-pentru-depunerea-ofertelor\/"},"wordCount":747,"publisher":{"@id":"https:\/\/buletin.de\/bucuresti\/#organization"},"image":{"@id":"https:\/\/buletin.de\/bucuresti\/licitatia-pentru-modernizarea-depourilor-colentina-si-titan-intarziata-de-contestatii-a-fost-anuntat-un-nou-termen-pentru-depunerea-ofertelor\/#primaryimage"},"thumbnailUrl":"https:\/\/buletin.de\/bucuresti\/wp-content\/uploads\/2026\/09\/modernizarea-depourilor-Colentina-Titan.jpg","keywords":["Bucure\u0219ti","cnsc","contesta\u021bii","Depoul Colentina","Depoul Titan","Licita\u021bie \u00eent\u00e2rziat\u0103","Licita\u021bie SEAP","modernizare","pmb"],"articleSection":["Articole","Main","Transport"],"inLanguage":"en-GB","copyrightYear":"2026","copyrightHolder":{"@id":"https:\/\/buletin.de\/bucuresti\/#organization"}},{"@type":"WebPage","@id":"https:\/\/buletin.de\/bucuresti\/licitatia-pentru-modernizarea-depourilor-colentina-si-titan-intarziata-de-contestatii-a-fost-anuntat-un-nou-termen-pentru-depunerea-ofertelor\/","url":"https:\/\/buletin.de\/bucuresti\/licitatia-pentru-modernizarea-depourilor-colentina-si-titan-intarziata-de-contestatii-a-fost-anuntat-un-nou-termen-pentru-depunerea-ofertelor\/","name":"Licita\u021bia pentru modernizarea depourilor Colentina \u0219i Titan, \u00eent\u00e2rziat\u0103 de contesta\u021bii. A fost anun\u021bat un nou termen pentru depunerea ofertelor - Buletin de Bucure\u0219ti","isPartOf":{"@id":"https:\/\/buletin.de\/bucuresti\/#website"},"primaryImageOfPage":{"@id":"https:\/\/buletin.de\/bucuresti\/licitatia-pentru-modernizarea-depourilor-colentina-si-titan-intarziata-de-contestatii-a-fost-anuntat-un-nou-termen-pentru-depunerea-ofertelor\/#primaryimage"},"image":{"@id":"https:\/\/buletin.de\/bucuresti\/licitatia-pentru-modernizarea-depourilor-colentina-si-titan-intarziata-de-contestatii-a-fost-anuntat-un-nou-termen-pentru-depunerea-ofertelor\/#primaryimage"},"thumbnailUrl":"https:\/\/buletin.de\/bucuresti\/wp-content\/uploads\/2026\/09\/modernizarea-depourilor-Colentina-Titan.jpg","datePublished":"2026-09-04T09:24:23+00:00","dateModified":"2026-09-04T09:26:22+00:00","description":"Procedura de achizi\u021bie \u00een ceea ce prive\u0219te modernizarea depourilor Colentina \u0219i Titan \u00eenregistreaz\u0103 \u00een continuare \u00eent\u00e2rzieri.","breadcrumb":{"@id":"https:\/\/buletin.de\/bucuresti\/licitatia-pentru-modernizarea-depourilor-colentina-si-titan-intarziata-de-contestatii-a-fost-anuntat-un-nou-termen-pentru-depunerea-ofertelor\/#breadcrumb"},"inLanguage":"en-GB","potentialAction":[{"@type":"ReadAction","target":["https:\/\/buletin.de\/bucuresti\/licitatia-pentru-modernizarea-depourilor-colentina-si-titan-intarziata-de-contestatii-a-fost-anuntat-un-nou-termen-pentru-depunerea-ofertelor\/"]}]},{"@type":"ImageObject","inLanguage":"en-GB","@id":"https:\/\/buletin.de\/bucuresti\/licitatia-pentru-modernizarea-depourilor-colentina-si-titan-intarziata-de-contestatii-a-fost-anuntat-un-nou-termen-pentru-depunerea-ofertelor\/#primaryimage","url":"https:\/\/buletin.de\/bucuresti\/wp-content\/uploads\/2026\/09\/modernizarea-depourilor-Colentina-Titan.jpg","contentUrl":"https:\/\/buletin.de\/bucuresti\/wp-content\/uploads\/2026\/09\/modernizarea-depourilor-Colentina-Titan.jpg","width":1920,"height":1080,"caption":"Surs\u0103 foto: Inquam Photos \/ Octav Ganea"},{"@type":"BreadcrumbList","@id":"https:\/\/buletin.de\/bucuresti\/licitatia-pentru-modernizarea-depourilor-colentina-si-titan-intarziata-de-contestatii-a-fost-anuntat-un-nou-termen-pentru-depunerea-ofertelor\/#breadcrumb","itemListElement":[{"@type":"ListItem","position":1,"name":"Acas\u0103","item":"https:\/\/buletin.de\/bucuresti\/"},{"@type":"ListItem","position":2,"name":"Licita\u021bia pentru modernizarea depourilor Colentina \u0219i Titan, \u00eent\u00e2rziat\u0103 de contesta\u021bii. A fost anun\u021bat un nou termen pentru depunerea ofertelor"}]},{"@type":"WebSite","@id":"https:\/\/buletin.de\/bucuresti\/#website","url":"https:\/\/buletin.de\/bucuresti\/","name":"Buletin de Bucure\u0219ti","description":"\u0218tiri \u0219i investiga\u021bii esen\u021biale din capital\u0103","publisher":{"@id":"https:\/\/buletin.de\/bucuresti\/#organization"},"potentialAction":[{"@type":"SearchAction","target":{"@type":"EntryPoint","urlTemplate":"https:\/\/buletin.de\/bucuresti\/?s={search_term_string}"},"query-input":{"@type":"PropertyValueSpecification","valueRequired":true,"valueName":"search_term_string"}}],"inLanguage":"en-GB"},{"@type":"Organization","@id":"https:\/\/buletin.de\/bucuresti\/#organization","name":"Buletin de Bucure\u0219ti","url":"https:\/\/buletin.de\/bucuresti\/","logo":{"@type":"ImageObject","inLanguage":"en-GB","@id":"https:\/\/buletin.de\/bucuresti\/#\/schema\/logo\/image\/","url":"https:\/\/buletin.de\/bucuresti\/wp-content\/uploads\/logo-bdb-full-wide-vernil-transparent.png","contentUrl":"https:\/\/buletin.de\/bucuresti\/wp-content\/uploads\/logo-bdb-full-wide-vernil-transparent.png","width":1782,"height":626,"caption":"Buletin de Bucure\u0219ti"},"image":{"@id":"https:\/\/buletin.de\/bucuresti\/#\/schema\/logo\/image\/"},"sameAs":["https:\/\/www.facebook.com\/buletin.de.buc","https:\/\/www.instagram.com\/buletinde.bucuresti\/"]},{"@type":"Person","@id":"https:\/\/buletin.de\/bucuresti\/#\/schema\/person\/2bbcf854e5f2419a13804af574d06ab1","name":"Redac\u021bia Buletin de Bucure\u0219ti","image":{"@type":"ImageObject","inLanguage":"en-GB","@id":"https:\/\/secure.gravatar.com\/avatar\/18c5342381ed1a08620e6280424e3e5efc958618f5d67c522c9e44c1bc6f9226?s=96&d=monsterid&r=g60c7cd0ad92c68c049fcd4bb3504d609","url":"https:\/\/secure.gravatar.com\/avatar\/18c5342381ed1a08620e6280424e3e5efc958618f5d67c522c9e44c1bc6f9226?s=96&d=monsterid&r=g","contentUrl":"https:\/\/secure.gravatar.com\/avatar\/18c5342381ed1a08620e6280424e3e5efc958618f5d67c522c9e44c1bc6f9226?s=96&d=monsterid&r=g","caption":"Redac\u021bia Buletin de Bucure\u0219ti"},"description":"Buletin de Bucure\u0219ti exist\u0103 din vara anului 2019.","url":"https:\/\/buletin.de\/bucuresti\/author\/adminbuletin\/"}]}},"authors":[{"term_id":22583,"user_id":1,"is_guest":0,"slug":"adminbuletin","display_name":"Redac\u021bia Buletin de Bucure\u0219ti","avatar_url":"https:\/\/secure.gravatar.com\/avatar\/18c5342381ed1a08620e6280424e3e5efc958618f5d67c522c9e44c1bc6f9226?s=96&d=monsterid&r=g","author_category":"","first_name":"Redac\u021bia Buletin de Bucure\u0219ti","last_name":"","user_url":"","job_title":"","description":"Buletin de Bucure\u0219ti exist\u0103 din vara anului 2019."}],"_links":{"self":[{"href":"https:\/\/buletin.de\/bucuresti\/wp-json\/wp\/v2\/posts\/215900","targetHints":{"allow":["GET"]}}],"collection":[{"href":"https:\/\/buletin.de\/bucuresti\/wp-json\/wp\/v2\/posts"}],"about":[{"href":"https:\/\/buletin.de\/bucuresti\/wp-json\/wp\/v2\/types\/post"}],"author":[{"embeddable":true,"href":"https:\/\/buletin.de\/bucuresti\/wp-json\/wp\/v2\/users\/1"}],"replies":[{"embeddable":true,"href":"https:\/\/buletin.de\/bucuresti\/wp-json\/wp\/v2\/comments?post=215900"}],"version-history":[{"count":4,"href":"https:\/\/buletin.de\/bucuresti\/wp-json\/wp\/v2\/posts\/215900\/revisions"}],"predecessor-version":[{"id":215912,"href":"https:\/\/buletin.de\/bucuresti\/wp-json\/wp\/v2\/posts\/215900\/revisions\/215912"}],"wp:featuredmedia":[{"embeddable":true,"href":"https:\/\/buletin.de\/bucuresti\/wp-json\/wp\/v2\/media\/215910"}],"wp:attachment":[{"href":"https:\/\/buletin.de\/bucuresti\/wp-json\/wp\/v2\/media?parent=215900"}],"wp:term":[{"taxonomy":"category","embeddable":true,"href":"https:\/\/buletin.de\/bucuresti\/wp-json\/wp\/v2\/categories?post=215900"},{"taxonomy":"post_tag","embeddable":true,"href":"https:\/\/buletin.de\/bucuresti\/wp-json\/wp\/v2\/tags?post=215900"},{"taxonomy":"author","embeddable":true,"href":"https:\/\/buletin.de\/bucuresti\/wp-json\/wp\/v2\/ppma_author?post=215900"}],"curies":[{"name":"wp","href":"https:\/\/api.w.org\/{rel}","templated":true}]}}