{"id":215779,"date":"2026-09-04T01:52:00","date_gmt":"2026-09-03T22:52:00","guid":{"rendered":"https:\/\/buletin.de\/bucuresti\/?p=215779"},"modified":"2026-09-03T22:57:06","modified_gmt":"2026-09-03T19:57:06","slug":"inca-5-800-de-locuri-la-admiterea-de-toamna-de-la-universitatea-din-bucuresti","status":"publish","type":"post","link":"https:\/\/buletin.de\/bucuresti\/inca-5-800-de-locuri-la-admiterea-de-toamna-de-la-universitatea-din-bucuresti\/","title":{"rendered":"\u00cenc\u0103 5.800 de locuri la admiterea de toamn\u0103 de la Universitatea din Bucure\u0219ti"},"content":{"rendered":"\n<p class=\"wp-block-paragraph\"><strong>Universitatea din Bucure\u0219ti scoate peste 5.800 de locuri la concurs la admiterea de toamn\u0103, potrivit unui <a href=\"https:\/\/unibuc.ro\/universitatea-din-bucuresti-scoate-la-concurs-peste-5-800-de-locuri-la-sesiunea-de-toamna-a-admiterii-2026\/\">comunicat <\/a>de pres\u0103. Dintre acestea, 524 sunt subven\u021bionate de la bugetul de stat, viitorii studen\u021bi fiind scuti\u021bi de plata taxei anuale pentru studiu.<\/strong><\/p>\n\n\n\n<p class=\"wp-block-paragraph\">Candida\u021bii au la dispozi\u021bie 2.339 de locuri libere, dintre care 317 la buget, pentru programele de licen\u021b\u0103 de la cele 20 de facult\u0103\u021bi ale universit\u0103\u021bii. Pentru cei interesa\u021bi de masterat, Universitatea din Bucure\u0219ti pune la b\u0103taie un num\u0103r total de 3.538 de locuri. Dintre acestea, doar 205 viitori masteranzi vor beneficia de scutirea taxei de studii.<\/p>\n\n\n\n<p class=\"wp-block-paragraph\">De asemenea, anul acesta, 52 de locuri au r\u0103mas libere \u0219i la programele de masterat didactic, dintre care dou\u0103 sunt \u00een regim de buget, iar celelalte sunt cu tax\u0103. <\/p>\n\n\n\n<p class=\"wp-block-paragraph\">Fiecare facultate urmeaz\u0103 un calendar propriu pentru admiterea \u00een fiecare ciclu de studii. Cel mai devreme vor \u00eencheia admiterea pentru licen\u021b\u0103 Facultatea de Biologie, Istorie, Litere \u0219i Psihologie, \u00eenchiderea platformei fiind programat\u0103 pe 6 septembrie. Urmeaz\u0103 Facultatea de Drept, Jurnalism, \u0218tiin\u021be Politice, \u0219i Teologie. <\/p>\n\n\n\n<p class=\"wp-block-paragraph\">Ultimele vor \u00eenchide procesul de \u00eenscriere Facult\u0103\u021bile de Administra\u021bie \u0219i Afaceri, \u0219i cea de Studii Interdisciplinare, pe 12 septembrie.<\/p>\n\n\n\n<p class=\"wp-block-paragraph\">C\u00e2t despre masterat, cele mai multe facult\u0103\u021bi vor \u00eencheia admiterea \u00eentre 9 \u0219i 13 septembrie, \u00eens\u0103 programul de \u00eenrolare pe platforma dedicat\u0103 admiterii variaz\u0103. Acesta poate fi consultat <a href=\"https:\/\/admitere.unibuc.ro\/admitere-online\/\">aici<\/a>.<\/p>\n\n\n\n<p class=\"wp-block-paragraph\">Plata taxei de \u00eenscriere poate fi f\u0103cut\u0103 concomitent cu \u00eenscrierea, online, la adresa www.po.unibuc.ro, prin completarea formularului disponibil. <\/p>\n\n\n\n<p class=\"wp-block-paragraph\">Pentru facult\u0103\u021bile din cadrul Universit\u0103\u021bii din Bucure\u0219ti \u00eenscrierea se va face tot online, \u00eens\u0103 excep\u021bie va face Facultatea de Limbi \u0219i Literaturi Str\u0103ine, unde \u00eenscrierea se va face la sediu.<\/p>\n\n\n\n<p class=\"wp-block-paragraph\"><strong>CITE\u0218TE \u0218I: <a href=\"https:\/\/buletin.de\/bucuresti\/elevii-cu-media-10-la-evaluarea-nationala-sau-la-bacalaureat-vor-primi-bani-de-la-guvern-peste-20-de-absolventi-in-capitala-niciunul-in-ilfov\/\"><\/a><a href=\"https:\/\/buletin.de\/bucuresti\/elevii-cu-media-10-la-evaluarea-nationala-sau-la-bacalaureat-vor-primi-bani-de-la-guvern-peste-20-de-absolventi-in-capitala-niciunul-in-ilfov\/\">Elevii cu media 10 la Evaluarea Na\u021bional\u0103 sau la Bacalaureat vor primi bani de la Guvern. Peste 20 de absolven\u021bi \u00een Capital\u0103, niciunul \u00een Ilfov<\/a><\/strong><\/p>\n\n\n\n<h2 id=\"h-peste-6-candida\u021bi-pe-loc-pentru-finan\u021bare-de-la-buget-la-admiterea-de-toamna\" class=\"wp-block-heading\">Peste 6 candida\u021bi pe loc pentru finan\u021bare de la buget, la admiterea de toamn\u0103<\/h2>\n\n\n\n<p class=\"wp-block-paragraph\"><strong>Locurile libere la tax\u0103, lansate de Universitatea din Bucure\u0219ti, vin \u00een contextul \u00een care \u00een sesiunea de var\u0103 a acestui an institu\u021bia a \u00eenregistrat un num\u0103r-record de candidaturi. La nivelul \u00eentregii universit\u0103\u021bi circa 6,1 candida\u021bi au concurat pe un singur loc pentru programele de studii pentru licen\u021b\u0103.<\/strong><\/p>\n\n\n\n<p class=\"wp-block-paragraph\">Pentru programele de masterat competi\u021bia pentru un loc a fost purtat\u0103 de doar c\u00e2te trei candida\u021bi anul acesta, arat\u0103 comunicatul de pres\u0103 remis redac\u021biei.<\/p>\n\n\n\n<p class=\"wp-block-paragraph\"><em>\u201eLa nivelul \u00eentregii Universit\u0103\u021bi din Bucure\u0219ti, concuren\u021ba pentru locurile finan\u021bate de la bugetul de stat a fost de 6,1 candidaturi pe loc pentru programele de studii universitare de licen\u021b\u0103 \u0219i de 3 candidaturi pe loc pentru programele de studii universitare de masterat\u201d<\/em>, au transmis reprezentan\u021bii institu\u021biei din inima Capitalei.<\/p>\n\n\n\n<p class=\"wp-block-paragraph\">Anul acesta Universitatea din Bucure\u0219ti a scos la concurs 4.868 de locuri la buget pentru studiile de licen\u021b\u0103 \u0219i 3.252 de locuri la buget pentru studiile de masterat \u00een sesiunea de var\u0103.<\/p>\n\n\n\n<p class=\"wp-block-paragraph\"><strong>CITE\u0218TE \u0218I: <a href=\"https:\/\/buletin.de\/bucuresti\/capitala-si-a-dat-corigenta-rata-de-promovare-in-a-doua-sesiune-a-bacalaureatului-2026-este-sub-50-dupa-contestatii\/\">Capitala \u0219i-a dat \u201ecorigen\u021ba\u201d. Rata de promovare \u00een a doua sesiune a Bacalaureatului 2026 este sub 50%, dup\u0103 contesta\u021bii<\/a><\/strong><\/p>\n","protected":false},"excerpt":{"rendered":"<p>Universitatea din Bucure\u0219ti scoate peste 5.800 de locuri la concurs la admiterea de toamn\u0103, potrivit unui comunicat de pres\u0103. Dintre acestea, 524 sunt subven\u021bionate de la bugetul de stat, viitorii studen\u021bi fiind scuti\u021bi de plata taxei anuale pentru studiu. Candida\u021bii au la dispozi\u021bie 2.339 de locuri libere, dintre care 317 la buget, pentru programele de [&hellip;]<\/p>\n","protected":false},"author":61,"featured_media":215785,"comment_status":"closed","ping_status":"open","sticky":false,"template":"","format":"standard","meta":{"_acf_changed":false,"inline_featured_image":false,"ngg_post_thumbnail":0,"footnotes":""},"categories":[6994,3421,62],"tags":[30590,30591,23597,30589,7201,10798,5310],"ppma_author":[22577],"class_list":["post-215779","post","type-post","status-publish","format-standard","has-post-thumbnail","hentry","category-stiri-2","category-educatie","category-stiri","tag-admitere-licenta","tag-admitere-masterat","tag-admitere-unibuc","tag-admiterea-de-toamna","tag-facultate","tag-unibuc","tag-universitatea-din-bucuresti"],"acf":[],"a3_pvc":{"activated":false,"total_views":0,"today_views":0},"yoast_head":"<!-- This site is optimized with the Yoast SEO Premium plugin v28.0 (Yoast SEO v28.3) - https:\/\/yoast.com\/product\/yoast-seo-premium-wordpress\/ -->\n<title>\u00cenc\u0103 5.800 de locuri la admiterea de toamn\u0103 de la Universitatea din Bucure\u0219ti - Buletin de Bucure\u0219ti<\/title>\n<meta name=\"description\" content=\"Universitatea din Bucure\u0219ti scoate peste 5.800 de locuri la concurs la admiterea de toamn\u0103. 524 sunt subven\u021bionate de la bugetul de stat.\" \/>\n<meta name=\"robots\" content=\"index, follow, max-snippet:-1, max-image-preview:large, max-video-preview:-1\" \/>\n<link rel=\"canonical\" href=\"https:\/\/buletin.de\/bucuresti\/inca-5-800-de-locuri-la-admiterea-de-toamna-de-la-universitatea-din-bucuresti\/\" \/>\n<meta property=\"og:locale\" content=\"en_GB\" \/>\n<meta property=\"og:type\" content=\"article\" \/>\n<meta property=\"og:title\" content=\"\u00cenc\u0103 5.800 de locuri la admiterea de toamn\u0103 de la Universitatea din Bucure\u0219ti\" \/>\n<meta property=\"og:description\" content=\"Universitatea din Bucure\u0219ti scoate peste 5.800 de locuri la concurs la admiterea de toamn\u0103. 524 sunt subven\u021bionate de la bugetul de stat.\" \/>\n<meta property=\"og:url\" content=\"https:\/\/buletin.de\/bucuresti\/inca-5-800-de-locuri-la-admiterea-de-toamna-de-la-universitatea-din-bucuresti\/\" \/>\n<meta property=\"og:site_name\" content=\"Buletin de Bucure\u0219ti\" \/>\n<meta property=\"article:publisher\" content=\"https:\/\/www.facebook.com\/buletin.de.buc\" \/>\n<meta property=\"article:published_time\" content=\"2026-09-03T22:52:00+00:00\" \/>\n<meta property=\"og:image\" content=\"https:\/\/buletin.de\/bucuresti\/wp-content\/uploads\/2026\/09\/Admitere-Universitatea-din-Bucuresti-peste-8.000-de-locuri-la-buget.jpg\" \/>\n\t<meta property=\"og:image:width\" content=\"1200\" \/>\n\t<meta property=\"og:image:height\" content=\"650\" \/>\n\t<meta property=\"og:image:type\" content=\"image\/jpeg\" \/>\n<meta name=\"author\" content=\"Alexandru Stan\" \/>\n<meta name=\"twitter:card\" content=\"summary_large_image\" \/>\n<meta name=\"twitter:label1\" content=\"Written by\" \/>\n\t<meta name=\"twitter:data1\" content=\"Alexandru Stan\" \/>\n\t<meta name=\"twitter:label2\" content=\"Estimated reading time\" \/>\n\t<meta name=\"twitter:data2\" content=\"3 minutes\" \/>\n<script type=\"application\/ld+json\" class=\"yoast-schema-graph\">{\"@context\":\"https:\\\/\\\/schema.org\",\"@graph\":[{\"@type\":\"Article\",\"@id\":\"https:\\\/\\\/buletin.de\\\/bucuresti\\\/inca-5-800-de-locuri-la-admiterea-de-toamna-de-la-universitatea-din-bucuresti\\\/#article\",\"isPartOf\":{\"@id\":\"https:\\\/\\\/buletin.de\\\/bucuresti\\\/inca-5-800-de-locuri-la-admiterea-de-toamna-de-la-universitatea-din-bucuresti\\\/\"},\"author\":{\"name\":\"Alexandru Stan\",\"@id\":\"https:\\\/\\\/buletin.de\\\/bucuresti\\\/#\\\/schema\\\/person\\\/104a46bbe8be6e336fecf63974383951\"},\"headline\":\"\u00cenc\u0103 5.800 de locuri la admiterea de toamn\u0103 de la Universitatea din Bucure\u0219ti\",\"datePublished\":\"2026-09-03T22:52:00+00:00\",\"mainEntityOfPage\":{\"@id\":\"https:\\\/\\\/buletin.de\\\/bucuresti\\\/inca-5-800-de-locuri-la-admiterea-de-toamna-de-la-universitatea-din-bucuresti\\\/\"},\"wordCount\":520,\"publisher\":{\"@id\":\"https:\\\/\\\/buletin.de\\\/bucuresti\\\/#organization\"},\"image\":{\"@id\":\"https:\\\/\\\/buletin.de\\\/bucuresti\\\/inca-5-800-de-locuri-la-admiterea-de-toamna-de-la-universitatea-din-bucuresti\\\/#primaryimage\"},\"thumbnailUrl\":\"https:\\\/\\\/buletin.de\\\/bucuresti\\\/wp-content\\\/uploads\\\/2026\\\/09\\\/Admitere-Universitatea-din-Bucuresti-peste-8.000-de-locuri-la-buget.jpg\",\"keywords\":[\"admitere licen\u021b\u0103\",\"admitere masterat\",\"admitere unibuc\",\"admiterea de toamn\u0103\",\"facultate\",\"Unibuc\",\"Universitatea din Bucure\u0219ti\"],\"articleSection\":[\"Articole\",\"Educa\u021bie\",\"\u0218tiri\"],\"inLanguage\":\"en-GB\",\"copyrightYear\":\"2026\",\"copyrightHolder\":{\"@id\":\"https:\\\/\\\/buletin.de\\\/bucuresti\\\/#organization\"}},{\"@type\":\"WebPage\",\"@id\":\"https:\\\/\\\/buletin.de\\\/bucuresti\\\/inca-5-800-de-locuri-la-admiterea-de-toamna-de-la-universitatea-din-bucuresti\\\/\",\"url\":\"https:\\\/\\\/buletin.de\\\/bucuresti\\\/inca-5-800-de-locuri-la-admiterea-de-toamna-de-la-universitatea-din-bucuresti\\\/\",\"name\":\"\u00cenc\u0103 5.800 de locuri la admiterea de toamn\u0103 de la Universitatea din Bucure\u0219ti - Buletin de Bucure\u0219ti\",\"isPartOf\":{\"@id\":\"https:\\\/\\\/buletin.de\\\/bucuresti\\\/#website\"},\"primaryImageOfPage\":{\"@id\":\"https:\\\/\\\/buletin.de\\\/bucuresti\\\/inca-5-800-de-locuri-la-admiterea-de-toamna-de-la-universitatea-din-bucuresti\\\/#primaryimage\"},\"image\":{\"@id\":\"https:\\\/\\\/buletin.de\\\/bucuresti\\\/inca-5-800-de-locuri-la-admiterea-de-toamna-de-la-universitatea-din-bucuresti\\\/#primaryimage\"},\"thumbnailUrl\":\"https:\\\/\\\/buletin.de\\\/bucuresti\\\/wp-content\\\/uploads\\\/2026\\\/09\\\/Admitere-Universitatea-din-Bucuresti-peste-8.000-de-locuri-la-buget.jpg\",\"datePublished\":\"2026-09-03T22:52:00+00:00\",\"description\":\"Universitatea din Bucure\u0219ti scoate peste 5.800 de locuri la concurs la admiterea de toamn\u0103. 524 sunt subven\u021bionate de la bugetul de stat.\",\"breadcrumb\":{\"@id\":\"https:\\\/\\\/buletin.de\\\/bucuresti\\\/inca-5-800-de-locuri-la-admiterea-de-toamna-de-la-universitatea-din-bucuresti\\\/#breadcrumb\"},\"inLanguage\":\"en-GB\",\"potentialAction\":[{\"@type\":\"ReadAction\",\"target\":[\"https:\\\/\\\/buletin.de\\\/bucuresti\\\/inca-5-800-de-locuri-la-admiterea-de-toamna-de-la-universitatea-din-bucuresti\\\/\"]}]},{\"@type\":\"ImageObject\",\"inLanguage\":\"en-GB\",\"@id\":\"https:\\\/\\\/buletin.de\\\/bucuresti\\\/inca-5-800-de-locuri-la-admiterea-de-toamna-de-la-universitatea-din-bucuresti\\\/#primaryimage\",\"url\":\"https:\\\/\\\/buletin.de\\\/bucuresti\\\/wp-content\\\/uploads\\\/2026\\\/09\\\/Admitere-Universitatea-din-Bucuresti-peste-8.000-de-locuri-la-buget.jpg\",\"contentUrl\":\"https:\\\/\\\/buletin.de\\\/bucuresti\\\/wp-content\\\/uploads\\\/2026\\\/09\\\/Admitere-Universitatea-din-Bucuresti-peste-8.000-de-locuri-la-buget.jpg\",\"width\":1200,\"height\":650,\"caption\":\"FOTO: unibuc.ro\"},{\"@type\":\"BreadcrumbList\",\"@id\":\"https:\\\/\\\/buletin.de\\\/bucuresti\\\/inca-5-800-de-locuri-la-admiterea-de-toamna-de-la-universitatea-din-bucuresti\\\/#breadcrumb\",\"itemListElement\":[{\"@type\":\"ListItem\",\"position\":1,\"name\":\"Acas\u0103\",\"item\":\"https:\\\/\\\/buletin.de\\\/bucuresti\\\/\"},{\"@type\":\"ListItem\",\"position\":2,\"name\":\"\u00cenc\u0103 5.800 de locuri la admiterea de toamn\u0103 de la Universitatea din Bucure\u0219ti\"}]},{\"@type\":\"WebSite\",\"@id\":\"https:\\\/\\\/buletin.de\\\/bucuresti\\\/#website\",\"url\":\"https:\\\/\\\/buletin.de\\\/bucuresti\\\/\",\"name\":\"Buletin de Bucure\u0219ti\",\"description\":\"\u0218tiri \u0219i investiga\u021bii esen\u021biale din capital\u0103\",\"publisher\":{\"@id\":\"https:\\\/\\\/buletin.de\\\/bucuresti\\\/#organization\"},\"potentialAction\":[{\"@type\":\"SearchAction\",\"target\":{\"@type\":\"EntryPoint\",\"urlTemplate\":\"https:\\\/\\\/buletin.de\\\/bucuresti\\\/?s={search_term_string}\"},\"query-input\":{\"@type\":\"PropertyValueSpecification\",\"valueRequired\":true,\"valueName\":\"search_term_string\"}}],\"inLanguage\":\"en-GB\"},{\"@type\":\"Organization\",\"@id\":\"https:\\\/\\\/buletin.de\\\/bucuresti\\\/#organization\",\"name\":\"Buletin de Bucure\u0219ti\",\"url\":\"https:\\\/\\\/buletin.de\\\/bucuresti\\\/\",\"logo\":{\"@type\":\"ImageObject\",\"inLanguage\":\"en-GB\",\"@id\":\"https:\\\/\\\/buletin.de\\\/bucuresti\\\/#\\\/schema\\\/logo\\\/image\\\/\",\"url\":\"https:\\\/\\\/buletin.de\\\/bucuresti\\\/wp-content\\\/uploads\\\/logo-bdb-full-wide-vernil-transparent.png\",\"contentUrl\":\"https:\\\/\\\/buletin.de\\\/bucuresti\\\/wp-content\\\/uploads\\\/logo-bdb-full-wide-vernil-transparent.png\",\"width\":1782,\"height\":626,\"caption\":\"Buletin de Bucure\u0219ti\"},\"image\":{\"@id\":\"https:\\\/\\\/buletin.de\\\/bucuresti\\\/#\\\/schema\\\/logo\\\/image\\\/\"},\"sameAs\":[\"https:\\\/\\\/www.facebook.com\\\/buletin.de.buc\",\"https:\\\/\\\/www.instagram.com\\\/buletinde.bucuresti\\\/\"]},{\"@type\":\"Person\",\"@id\":\"https:\\\/\\\/buletin.de\\\/bucuresti\\\/#\\\/schema\\\/person\\\/104a46bbe8be6e336fecf63974383951\",\"name\":\"Alexandru Stan\",\"image\":{\"@type\":\"ImageObject\",\"inLanguage\":\"en-GB\",\"@id\":\"https:\\\/\\\/buletin.de\\\/bucuresti\\\/wp-content\\\/uploads\\\/2026\\\/07\\\/BDB_Alexandru-4-96x96.jpga3c299c77690d3b1ab5def97e8de4c6c\",\"url\":\"https:\\\/\\\/buletin.de\\\/bucuresti\\\/wp-content\\\/uploads\\\/2026\\\/07\\\/BDB_Alexandru-4-96x96.jpg\",\"contentUrl\":\"https:\\\/\\\/buletin.de\\\/bucuresti\\\/wp-content\\\/uploads\\\/2026\\\/07\\\/BDB_Alexandru-4-96x96.jpg\",\"caption\":\"Alexandru Stan\"},\"description\":\"Absolvent al Colegiului Na\u021bional \u201eMihai Eminescu\u201d \u0219i student la Politehnica. Lucrez la Buletin de Bucure\u0219ti ca reporter de la v\u00e2rsta de 17 ani. M-am n\u0103scut \u0219i am crescut cu m\u00e2ndrie \u00een Bucure\u0219ti, ora\u0219ul pove\u0219tilor \u0219i al c\u0103su\u021belor cu porti\u021b\u0103 \u0219i ci\u0219mea. Cred \u00een jurnalismul f\u0103cut de cet\u0103\u021beni pentru cet\u0103\u021beni \u0219i \u00een faptul c\u0103 presa este a patra putere \u00een stat. M\u0103 str\u0103duiesc s\u0103 v\u0103 aduc, pe ecrane, tot ce \u201emi\u0219c\u0103\u201d prin Bucure\u0219ti, de la proiecte de consiliu local \u0219i interviuri p\u00e2n\u0103 la pove\u0219ti de weekend \u0219i reportaje.\",\"url\":\"https:\\\/\\\/buletin.de\\\/bucuresti\\\/author\\\/alexandru-stan\\\/\"}]}<\/script>\n<!-- \/ Yoast SEO Premium plugin. -->","yoast_head_json":{"title":"\u00cenc\u0103 5.800 de locuri la admiterea de toamn\u0103 de la Universitatea din Bucure\u0219ti - Buletin de Bucure\u0219ti","description":"Universitatea din Bucure\u0219ti scoate peste 5.800 de locuri la concurs la admiterea de toamn\u0103. 524 sunt subven\u021bionate de la bugetul de stat.","robots":{"index":"index","follow":"follow","max-snippet":"max-snippet:-1","max-image-preview":"max-image-preview:large","max-video-preview":"max-video-preview:-1"},"canonical":"https:\/\/buletin.de\/bucuresti\/inca-5-800-de-locuri-la-admiterea-de-toamna-de-la-universitatea-din-bucuresti\/","og_locale":"en_GB","og_type":"article","og_title":"\u00cenc\u0103 5.800 de locuri la admiterea de toamn\u0103 de la Universitatea din Bucure\u0219ti","og_description":"Universitatea din Bucure\u0219ti scoate peste 5.800 de locuri la concurs la admiterea de toamn\u0103. 524 sunt subven\u021bionate de la bugetul de stat.","og_url":"https:\/\/buletin.de\/bucuresti\/inca-5-800-de-locuri-la-admiterea-de-toamna-de-la-universitatea-din-bucuresti\/","og_site_name":"Buletin de Bucure\u0219ti","article_publisher":"https:\/\/www.facebook.com\/buletin.de.buc","article_published_time":"2026-09-03T22:52:00+00:00","og_image":[{"width":1200,"height":650,"url":"https:\/\/buletin.de\/bucuresti\/wp-content\/uploads\/2026\/09\/Admitere-Universitatea-din-Bucuresti-peste-8.000-de-locuri-la-buget.jpg","type":"image\/jpeg"}],"author":"Alexandru Stan","twitter_card":"summary_large_image","twitter_misc":{"Written by":"Alexandru Stan","Estimated reading time":"3 minutes"},"schema":{"@context":"https:\/\/schema.org","@graph":[{"@type":"Article","@id":"https:\/\/buletin.de\/bucuresti\/inca-5-800-de-locuri-la-admiterea-de-toamna-de-la-universitatea-din-bucuresti\/#article","isPartOf":{"@id":"https:\/\/buletin.de\/bucuresti\/inca-5-800-de-locuri-la-admiterea-de-toamna-de-la-universitatea-din-bucuresti\/"},"author":{"name":"Alexandru Stan","@id":"https:\/\/buletin.de\/bucuresti\/#\/schema\/person\/104a46bbe8be6e336fecf63974383951"},"headline":"\u00cenc\u0103 5.800 de locuri la admiterea de toamn\u0103 de la Universitatea din Bucure\u0219ti","datePublished":"2026-09-03T22:52:00+00:00","mainEntityOfPage":{"@id":"https:\/\/buletin.de\/bucuresti\/inca-5-800-de-locuri-la-admiterea-de-toamna-de-la-universitatea-din-bucuresti\/"},"wordCount":520,"publisher":{"@id":"https:\/\/buletin.de\/bucuresti\/#organization"},"image":{"@id":"https:\/\/buletin.de\/bucuresti\/inca-5-800-de-locuri-la-admiterea-de-toamna-de-la-universitatea-din-bucuresti\/#primaryimage"},"thumbnailUrl":"https:\/\/buletin.de\/bucuresti\/wp-content\/uploads\/2026\/09\/Admitere-Universitatea-din-Bucuresti-peste-8.000-de-locuri-la-buget.jpg","keywords":["admitere licen\u021b\u0103","admitere masterat","admitere unibuc","admiterea de toamn\u0103","facultate","Unibuc","Universitatea din Bucure\u0219ti"],"articleSection":["Articole","Educa\u021bie","\u0218tiri"],"inLanguage":"en-GB","copyrightYear":"2026","copyrightHolder":{"@id":"https:\/\/buletin.de\/bucuresti\/#organization"}},{"@type":"WebPage","@id":"https:\/\/buletin.de\/bucuresti\/inca-5-800-de-locuri-la-admiterea-de-toamna-de-la-universitatea-din-bucuresti\/","url":"https:\/\/buletin.de\/bucuresti\/inca-5-800-de-locuri-la-admiterea-de-toamna-de-la-universitatea-din-bucuresti\/","name":"\u00cenc\u0103 5.800 de locuri la admiterea de toamn\u0103 de la Universitatea din Bucure\u0219ti - Buletin de Bucure\u0219ti","isPartOf":{"@id":"https:\/\/buletin.de\/bucuresti\/#website"},"primaryImageOfPage":{"@id":"https:\/\/buletin.de\/bucuresti\/inca-5-800-de-locuri-la-admiterea-de-toamna-de-la-universitatea-din-bucuresti\/#primaryimage"},"image":{"@id":"https:\/\/buletin.de\/bucuresti\/inca-5-800-de-locuri-la-admiterea-de-toamna-de-la-universitatea-din-bucuresti\/#primaryimage"},"thumbnailUrl":"https:\/\/buletin.de\/bucuresti\/wp-content\/uploads\/2026\/09\/Admitere-Universitatea-din-Bucuresti-peste-8.000-de-locuri-la-buget.jpg","datePublished":"2026-09-03T22:52:00+00:00","description":"Universitatea din Bucure\u0219ti scoate peste 5.800 de locuri la concurs la admiterea de toamn\u0103. 524 sunt subven\u021bionate de la bugetul de stat.","breadcrumb":{"@id":"https:\/\/buletin.de\/bucuresti\/inca-5-800-de-locuri-la-admiterea-de-toamna-de-la-universitatea-din-bucuresti\/#breadcrumb"},"inLanguage":"en-GB","potentialAction":[{"@type":"ReadAction","target":["https:\/\/buletin.de\/bucuresti\/inca-5-800-de-locuri-la-admiterea-de-toamna-de-la-universitatea-din-bucuresti\/"]}]},{"@type":"ImageObject","inLanguage":"en-GB","@id":"https:\/\/buletin.de\/bucuresti\/inca-5-800-de-locuri-la-admiterea-de-toamna-de-la-universitatea-din-bucuresti\/#primaryimage","url":"https:\/\/buletin.de\/bucuresti\/wp-content\/uploads\/2026\/09\/Admitere-Universitatea-din-Bucuresti-peste-8.000-de-locuri-la-buget.jpg","contentUrl":"https:\/\/buletin.de\/bucuresti\/wp-content\/uploads\/2026\/09\/Admitere-Universitatea-din-Bucuresti-peste-8.000-de-locuri-la-buget.jpg","width":1200,"height":650,"caption":"FOTO: unibuc.ro"},{"@type":"BreadcrumbList","@id":"https:\/\/buletin.de\/bucuresti\/inca-5-800-de-locuri-la-admiterea-de-toamna-de-la-universitatea-din-bucuresti\/#breadcrumb","itemListElement":[{"@type":"ListItem","position":1,"name":"Acas\u0103","item":"https:\/\/buletin.de\/bucuresti\/"},{"@type":"ListItem","position":2,"name":"\u00cenc\u0103 5.800 de locuri la admiterea de toamn\u0103 de la Universitatea din Bucure\u0219ti"}]},{"@type":"WebSite","@id":"https:\/\/buletin.de\/bucuresti\/#website","url":"https:\/\/buletin.de\/bucuresti\/","name":"Buletin de Bucure\u0219ti","description":"\u0218tiri \u0219i investiga\u021bii esen\u021biale din capital\u0103","publisher":{"@id":"https:\/\/buletin.de\/bucuresti\/#organization"},"potentialAction":[{"@type":"SearchAction","target":{"@type":"EntryPoint","urlTemplate":"https:\/\/buletin.de\/bucuresti\/?s={search_term_string}"},"query-input":{"@type":"PropertyValueSpecification","valueRequired":true,"valueName":"search_term_string"}}],"inLanguage":"en-GB"},{"@type":"Organization","@id":"https:\/\/buletin.de\/bucuresti\/#organization","name":"Buletin de Bucure\u0219ti","url":"https:\/\/buletin.de\/bucuresti\/","logo":{"@type":"ImageObject","inLanguage":"en-GB","@id":"https:\/\/buletin.de\/bucuresti\/#\/schema\/logo\/image\/","url":"https:\/\/buletin.de\/bucuresti\/wp-content\/uploads\/logo-bdb-full-wide-vernil-transparent.png","contentUrl":"https:\/\/buletin.de\/bucuresti\/wp-content\/uploads\/logo-bdb-full-wide-vernil-transparent.png","width":1782,"height":626,"caption":"Buletin de Bucure\u0219ti"},"image":{"@id":"https:\/\/buletin.de\/bucuresti\/#\/schema\/logo\/image\/"},"sameAs":["https:\/\/www.facebook.com\/buletin.de.buc","https:\/\/www.instagram.com\/buletinde.bucuresti\/"]},{"@type":"Person","@id":"https:\/\/buletin.de\/bucuresti\/#\/schema\/person\/104a46bbe8be6e336fecf63974383951","name":"Alexandru Stan","image":{"@type":"ImageObject","inLanguage":"en-GB","@id":"https:\/\/buletin.de\/bucuresti\/wp-content\/uploads\/2026\/07\/BDB_Alexandru-4-96x96.jpga3c299c77690d3b1ab5def97e8de4c6c","url":"https:\/\/buletin.de\/bucuresti\/wp-content\/uploads\/2026\/07\/BDB_Alexandru-4-96x96.jpg","contentUrl":"https:\/\/buletin.de\/bucuresti\/wp-content\/uploads\/2026\/07\/BDB_Alexandru-4-96x96.jpg","caption":"Alexandru Stan"},"description":"Absolvent al Colegiului Na\u021bional \u201eMihai Eminescu\u201d \u0219i student la Politehnica. Lucrez la Buletin de Bucure\u0219ti ca reporter de la v\u00e2rsta de 17 ani. M-am n\u0103scut \u0219i am crescut cu m\u00e2ndrie \u00een Bucure\u0219ti, ora\u0219ul pove\u0219tilor \u0219i al c\u0103su\u021belor cu porti\u021b\u0103 \u0219i ci\u0219mea. Cred \u00een jurnalismul f\u0103cut de cet\u0103\u021beni pentru cet\u0103\u021beni \u0219i \u00een faptul c\u0103 presa este a patra putere \u00een stat. M\u0103 str\u0103duiesc s\u0103 v\u0103 aduc, pe ecrane, tot ce \u201emi\u0219c\u0103\u201d prin Bucure\u0219ti, de la proiecte de consiliu local \u0219i interviuri p\u00e2n\u0103 la pove\u0219ti de weekend \u0219i reportaje.","url":"https:\/\/buletin.de\/bucuresti\/author\/alexandru-stan\/"}]}},"authors":[{"term_id":22577,"user_id":61,"is_guest":0,"slug":"alexandru-stan","display_name":"Alexandru Stan","avatar_url":"https:\/\/buletin.de\/bucuresti\/wp-content\/uploads\/2026\/07\/BDB_Alexandru-4-96x96.jpg","author_category":"","first_name":"Alexandru","last_name":"Stan","user_url":"","job_title":"","description":"Absolvent al Colegiului Na\u021bional \u201eMihai Eminescu\u201d \u0219i student la Politehnica. Lucrez la Buletin de Bucure\u0219ti ca reporter de la v\u00e2rsta de 17 ani. M-am n\u0103scut \u0219i am crescut cu m\u00e2ndrie \u00een Bucure\u0219ti, ora\u0219ul pove\u0219tilor \u0219i al c\u0103su\u021belor cu porti\u021b\u0103 \u0219i ci\u0219mea.\r\n\r\nCred \u00een jurnalismul f\u0103cut de cet\u0103\u021beni pentru cet\u0103\u021beni \u0219i \u00een faptul c\u0103 presa este a patra putere \u00een stat. M\u0103 str\u0103duiesc s\u0103 v\u0103 aduc, pe ecrane, tot ce \u201emi\u0219c\u0103\u201d prin Bucure\u0219ti, de la proiecte de consiliu local \u0219i interviuri p\u00e2n\u0103 la pove\u0219ti de weekend \u0219i reportaje."}],"_links":{"self":[{"href":"https:\/\/buletin.de\/bucuresti\/wp-json\/wp\/v2\/posts\/215779","targetHints":{"allow":["GET"]}}],"collection":[{"href":"https:\/\/buletin.de\/bucuresti\/wp-json\/wp\/v2\/posts"}],"about":[{"href":"https:\/\/buletin.de\/bucuresti\/wp-json\/wp\/v2\/types\/post"}],"author":[{"embeddable":true,"href":"https:\/\/buletin.de\/bucuresti\/wp-json\/wp\/v2\/users\/61"}],"replies":[{"embeddable":true,"href":"https:\/\/buletin.de\/bucuresti\/wp-json\/wp\/v2\/comments?post=215779"}],"version-history":[{"count":6,"href":"https:\/\/buletin.de\/bucuresti\/wp-json\/wp\/v2\/posts\/215779\/revisions"}],"predecessor-version":[{"id":215795,"href":"https:\/\/buletin.de\/bucuresti\/wp-json\/wp\/v2\/posts\/215779\/revisions\/215795"}],"wp:featuredmedia":[{"embeddable":true,"href":"https:\/\/buletin.de\/bucuresti\/wp-json\/wp\/v2\/media\/215785"}],"wp:attachment":[{"href":"https:\/\/buletin.de\/bucuresti\/wp-json\/wp\/v2\/media?parent=215779"}],"wp:term":[{"taxonomy":"category","embeddable":true,"href":"https:\/\/buletin.de\/bucuresti\/wp-json\/wp\/v2\/categories?post=215779"},{"taxonomy":"post_tag","embeddable":true,"href":"https:\/\/buletin.de\/bucuresti\/wp-json\/wp\/v2\/tags?post=215779"},{"taxonomy":"author","embeddable":true,"href":"https:\/\/buletin.de\/bucuresti\/wp-json\/wp\/v2\/ppma_author?post=215779"}],"curies":[{"name":"wp","href":"https:\/\/api.w.org\/{rel}","templated":true}]}}