{"id":215757,"date":"2026-09-03T19:46:58","date_gmt":"2026-09-03T16:46:58","guid":{"rendered":"https:\/\/buletin.de\/bucuresti\/?p=215757"},"modified":"2026-09-03T19:46:59","modified_gmt":"2026-09-03T16:46:59","slug":"peste-200-de-unitati-de-invatamant-se-afla-la-mai-putin-de-500-de-metri-de-santierele-deschise-in-bucuresti-masurile-propuse-de-pmb-pentru-gestionarea-traficului","status":"publish","type":"post","link":"https:\/\/buletin.de\/bucuresti\/peste-200-de-unitati-de-invatamant-se-afla-la-mai-putin-de-500-de-metri-de-santierele-deschise-in-bucuresti-masurile-propuse-de-pmb-pentru-gestionarea-traficului\/","title":{"rendered":"Peste 200 de unit\u0103\u021bi de \u00eenv\u0103\u021b\u0103m\u00e2nt se afl\u0103 la mai pu\u021bin de 500 de metri de \u0219antierele deschise \u00een Bucure\u0219ti. M\u0103surile propuse de PMB pentru gestionarea traficului"},"content":{"rendered":"\n<p class=\"wp-block-paragraph\">Prim\u0103ria Capitalei anun\u021b\u0103 ca va lua m\u0103suri astfel \u00eenc\u0103t cele 63 de \u0219antiere deschise \u00een Bucure\u0219ti s\u0103 afecteze c\u00e2t mai pu\u021bin traficul, odat\u0103 cu \u00eenceperea noului an \u0219colar. <\/p>\n\n\n\n<p class=\"wp-block-paragraph\">Autoritatea local\u0103 transmite c\u0103 va am\u00e2na deschiderea altor \u0219antiere, cu excep\u021bia situa\u021biilor urgente.<\/p>\n\n\n\n<h2 id=\"h-63-de-\u0219antiere-deschise-in-bucure\u0219ti-peste-jumatate-impun-restric\u021bii-de-trafic\" class=\"wp-block-heading\">63 de \u0219antiere deschise \u00een Bucure\u0219ti. Peste jum\u0103tate impun restric\u021bii de trafic<\/h2>\n\n\n\n<p class=\"wp-block-paragraph\">Din cele 63 de \u0219antiere deschise \u00een Bucure\u0219ti, 35 afecteaz\u0103 direct traficul pe 30 de artere de circula\u021bie. Lucr\u0103rile impacteaz\u0103 \u0219i 45 de intersec\u021bii \u0219i noduri sensibile, anun\u021b\u0103 PMB.<\/p>\n\n\n\n<p class=\"wp-block-paragraph\">Mai mult, peste 200 de unit\u0103\u021bi de \u00eenv\u0103\u021b\u0103m\u00e2nt se afl\u0103 la mai pu\u021bin de 500 de metri distan\u021b\u0103 de aceste \u0219antiere, iar 60 la mai pu\u021bin de 100 metri.<\/p>\n\n\n\n<p class=\"wp-block-paragraph\">\u201eAsta e situa\u021bia, nu aveam cum s\u0103 nu deschidem aceste \u0219antiere, se pierdeau avize, bani. Putem s\u0103 pl\u0103tim lucr\u0103rile la timp, rug\u0103mintea mea e ca to\u021bi constructorii s\u0103 lucreze c\u00e2t pot de mult, \u00eei putem pl\u0103ti\u201d, a declarat primarul Ciprian Ciucu.<\/p>\n\n\n\n<p class=\"wp-block-paragraph\">\u00cen acest context, municipalitatea a convocat constructorii \u0219i principalii operatori de utilit\u0103\u021bi la sediul prim\u0103riei, al\u0103turi de Poli\u021bia Capitalei \u0219i Brigada Rutier\u0103. <\/p>\n\n\n\n<h2 id=\"h-fiecare-\u0219antier-trebuie-sa-aiba-punct-de-trecere-pentru-pietoni\" class=\"wp-block-heading\">Fiecare \u0219antier trebuie s\u0103 aib\u0103 punct de trecere pentru pietoni<\/h2>\n\n\n\n<p class=\"wp-block-paragraph\"><strong>Primarul general a cerut constructorilor s\u0103 se asigure c\u0103 fiecare \u0219antier este \u00eemprejmuit corespunz\u0103tor, dar \u0219i c\u0103 are un punct de trecere\/ culoar care s\u0103 permit\u0103 pietonilor s\u0103 se deplaseze \u00een siguran\u021b\u0103.<\/strong><\/p>\n\n\n\n<p class=\"wp-block-paragraph\">Totodat\u0103, se va asigura prezen\u021ba poli\u021bi\u0219tilor rutieri \u00een intersec\u021biile cu \u0219antiere pentru a dirija traficul.<\/p>\n\n\n\n<p class=\"wp-block-paragraph\">\u00cen ceea ce prive\u0219te \u0219antierele pentru reabilitarea liniilor de tramvai, lucr\u0103rile se desf\u0103\u0219oar\u0103 etapizat, astfel \u00eenc\u00e2t circula\u021bia s\u0103 poat\u0103 fi redeschis\u0103 c\u00e2t mai rapid.<\/p>\n\n\n\n<h2 id=\"h-circula\u021bia-pe-pasajul-basarab-redeschisa-in-prima-zi-de-\u0219coala\" class=\"wp-block-heading\">Circula\u021bia pe Pasajul Basarab, redeschis\u0103 \u00een prima zi de \u0219coal\u0103<\/h2>\n\n\n\n<p class=\"wp-block-paragraph\"><strong>Circula\u021bia pe Pasajul Basarab ar trebui redeschis\u0103 complet pe 7 septembrie, prima zi a noului an \u0219colar. Odat\u0103 cu ridicarea restric\u021biilor, va fi reluat\u0103 \u0219i circula\u021bia tramvaielor.<\/strong><\/p>\n\n\n\n<p class=\"wp-block-paragraph\"><a href=\"https:\/\/buletin.de\/bucuresti\/liniile-de-tramvai-4-si-11-suspendate-pe-perioada-lucrarilor-la-pasajul-basarab-alte-linii-stb-vor-fi-modificate\/\" target=\"_blank\" rel=\"noreferrer noopener\">Liniile de tramvai 4 \u0219i 11 sunt suspendate din luna iunie<\/a>, \u00een contextul lucr\u0103rilor la Pasajul Basarab, \u00een timp ce liniile 1 \u0219i 10 circul\u0103 pe un traseu modificat.<\/p>\n\n\n\n<p class=\"wp-block-paragraph\">Lucr\u0103rile vor continua p\u00e2n\u0103 la finalul anului, cu opriri temporare de trafic pe timp de zi, pe timp de zi, precum \u0219i cu opriri pe o band\u0103 de mers pe timp de noapte.<\/p>\n\n\n\n<p class=\"wp-block-paragraph\"><strong>CITE\u0218TE \u0218I:<\/strong> <a href=\"https:\/\/buletin.de\/bucuresti\/pasajul-basarab-se-redeschide-complet-de-saptamana-viitoare-tramvaiele-revin-pe-traseu\/\"><strong>Pasajul Basarab se redeschide complet de s\u0103pt\u0103m\u00e2na viitoare. Tramvaiele revin pe traseu<\/strong><\/a><\/p>\n\n\n\n<p class=\"wp-block-paragraph\"><\/p>\n","protected":false},"excerpt":{"rendered":"<p>Prim\u0103ria Capitalei anun\u021b\u0103 ca va lua m\u0103suri astfel \u00eenc\u0103t cele 63 de \u0219antiere deschise \u00een Bucure\u0219ti s\u0103 afecteze c\u00e2t mai pu\u021bin traficul, odat\u0103 cu \u00eenceperea noului an \u0219colar. Autoritatea local\u0103 transmite c\u0103 va am\u00e2na deschiderea altor \u0219antiere, cu excep\u021bia situa\u021biilor urgente. 63 de \u0219antiere deschise \u00een Bucure\u0219ti. Peste jum\u0103tate impun restric\u021bii de trafic Din cele [&hellip;]<\/p>\n","protected":false},"author":55,"featured_media":215768,"comment_status":"closed","ping_status":"open","sticky":false,"template":"","format":"standard","meta":{"_acf_changed":false,"inline_featured_image":false,"ngg_post_thumbnail":0,"footnotes":""},"categories":[6994,24,62],"tags":[],"ppma_author":[22573],"class_list":["post-215757","post","type-post","status-publish","format-standard","has-post-thumbnail","hentry","category-stiri-2","category-primarie","category-stiri"],"acf":[],"a3_pvc":{"activated":false,"total_views":0,"today_views":0},"yoast_head":"<!-- This site is optimized with the Yoast SEO Premium plugin v28.0 (Yoast SEO v28.3) - https:\/\/yoast.com\/product\/yoast-seo-premium-wordpress\/ -->\n<title>Peste 200 de unit\u0103\u021bi de \u00eenv\u0103\u021b\u0103m\u00e2nt se afl\u0103 la mai pu\u021bin de 500 de metri de \u0219antierele deschise \u00een Bucure\u0219ti. M\u0103surile propuse de PMB pentru gestionarea traficului - Buletin de Bucure\u0219ti<\/title>\n<meta name=\"description\" content=\"Peste 200 de unit\u0103\u021bi de \u00eenv\u0103\u021b\u0103m\u00e2nt se afl\u0103 la mai pu\u021bin de 500 de metri de \u0219antierele deschise \u00een Bucure\u0219ti. M\u0103surile propuse de PMB\" \/>\n<meta name=\"robots\" content=\"index, follow, max-snippet:-1, max-image-preview:large, max-video-preview:-1\" \/>\n<link rel=\"canonical\" href=\"https:\/\/buletin.de\/bucuresti\/peste-200-de-unitati-de-invatamant-se-afla-la-mai-putin-de-500-de-metri-de-santierele-deschise-in-bucuresti-masurile-propuse-de-pmb-pentru-gestionarea-traficului\/\" \/>\n<meta property=\"og:locale\" content=\"en_GB\" \/>\n<meta property=\"og:type\" content=\"article\" \/>\n<meta property=\"og:title\" content=\"Peste 200 de unit\u0103\u021bi de \u00eenv\u0103\u021b\u0103m\u00e2nt se afl\u0103 la mai pu\u021bin de 500 de metri de \u0219antierele deschise \u00een Bucure\u0219ti. M\u0103surile propuse de PMB pentru gestionarea traficului\" \/>\n<meta property=\"og:description\" content=\"Peste 200 de unit\u0103\u021bi de \u00eenv\u0103\u021b\u0103m\u00e2nt se afl\u0103 la mai pu\u021bin de 500 de metri de \u0219antierele deschise \u00een Bucure\u0219ti. M\u0103surile propuse de PMB\" \/>\n<meta property=\"og:url\" content=\"https:\/\/buletin.de\/bucuresti\/peste-200-de-unitati-de-invatamant-se-afla-la-mai-putin-de-500-de-metri-de-santierele-deschise-in-bucuresti-masurile-propuse-de-pmb-pentru-gestionarea-traficului\/\" \/>\n<meta property=\"og:site_name\" content=\"Buletin de Bucure\u0219ti\" \/>\n<meta property=\"article:publisher\" content=\"https:\/\/www.facebook.com\/buletin.de.buc\" \/>\n<meta property=\"article:published_time\" content=\"2026-09-03T16:46:58+00:00\" \/>\n<meta property=\"article:modified_time\" content=\"2026-09-03T16:46:59+00:00\" \/>\n<meta property=\"og:image\" content=\"https:\/\/buletin.de\/bucuresti\/wp-content\/uploads\/2026\/09\/Noi-santiere-de-termoficare-PMB.jpg\" \/>\n\t<meta property=\"og:image:width\" content=\"1200\" \/>\n\t<meta property=\"og:image:height\" content=\"650\" \/>\n\t<meta property=\"og:image:type\" content=\"image\/jpeg\" \/>\n<meta name=\"author\" content=\"Andreea Tudor\" \/>\n<meta name=\"twitter:card\" content=\"summary_large_image\" \/>\n<meta name=\"twitter:label1\" content=\"Written by\" \/>\n\t<meta name=\"twitter:data1\" content=\"Andreea Tudor\" \/>\n\t<meta name=\"twitter:label2\" content=\"Estimated reading time\" \/>\n\t<meta name=\"twitter:data2\" content=\"2 minutes\" \/>\n<script type=\"application\/ld+json\" class=\"yoast-schema-graph\">{\"@context\":\"https:\\\/\\\/schema.org\",\"@graph\":[{\"@type\":\"Article\",\"@id\":\"https:\\\/\\\/buletin.de\\\/bucuresti\\\/peste-200-de-unitati-de-invatamant-se-afla-la-mai-putin-de-500-de-metri-de-santierele-deschise-in-bucuresti-masurile-propuse-de-pmb-pentru-gestionarea-traficului\\\/#article\",\"isPartOf\":{\"@id\":\"https:\\\/\\\/buletin.de\\\/bucuresti\\\/peste-200-de-unitati-de-invatamant-se-afla-la-mai-putin-de-500-de-metri-de-santierele-deschise-in-bucuresti-masurile-propuse-de-pmb-pentru-gestionarea-traficului\\\/\"},\"author\":{\"name\":\"Andreea Tudor\",\"@id\":\"https:\\\/\\\/buletin.de\\\/bucuresti\\\/#\\\/schema\\\/person\\\/150590659efde715459d159da012f501\"},\"headline\":\"Peste 200 de unit\u0103\u021bi de \u00eenv\u0103\u021b\u0103m\u00e2nt se afl\u0103 la mai pu\u021bin de 500 de metri de \u0219antierele deschise \u00een Bucure\u0219ti. M\u0103surile propuse de PMB pentru gestionarea traficului\",\"datePublished\":\"2026-09-03T16:46:58+00:00\",\"dateModified\":\"2026-09-03T16:46:59+00:00\",\"mainEntityOfPage\":{\"@id\":\"https:\\\/\\\/buletin.de\\\/bucuresti\\\/peste-200-de-unitati-de-invatamant-se-afla-la-mai-putin-de-500-de-metri-de-santierele-deschise-in-bucuresti-masurile-propuse-de-pmb-pentru-gestionarea-traficului\\\/\"},\"wordCount\":438,\"publisher\":{\"@id\":\"https:\\\/\\\/buletin.de\\\/bucuresti\\\/#organization\"},\"image\":{\"@id\":\"https:\\\/\\\/buletin.de\\\/bucuresti\\\/peste-200-de-unitati-de-invatamant-se-afla-la-mai-putin-de-500-de-metri-de-santierele-deschise-in-bucuresti-masurile-propuse-de-pmb-pentru-gestionarea-traficului\\\/#primaryimage\"},\"thumbnailUrl\":\"https:\\\/\\\/buletin.de\\\/bucuresti\\\/wp-content\\\/uploads\\\/2026\\\/09\\\/Noi-santiere-de-termoficare-PMB.jpg\",\"articleSection\":[\"Articole\",\"Prim\u0103rie\",\"\u0218tiri\"],\"inLanguage\":\"en-GB\",\"copyrightYear\":\"2026\",\"copyrightHolder\":{\"@id\":\"https:\\\/\\\/buletin.de\\\/bucuresti\\\/#organization\"}},{\"@type\":\"WebPage\",\"@id\":\"https:\\\/\\\/buletin.de\\\/bucuresti\\\/peste-200-de-unitati-de-invatamant-se-afla-la-mai-putin-de-500-de-metri-de-santierele-deschise-in-bucuresti-masurile-propuse-de-pmb-pentru-gestionarea-traficului\\\/\",\"url\":\"https:\\\/\\\/buletin.de\\\/bucuresti\\\/peste-200-de-unitati-de-invatamant-se-afla-la-mai-putin-de-500-de-metri-de-santierele-deschise-in-bucuresti-masurile-propuse-de-pmb-pentru-gestionarea-traficului\\\/\",\"name\":\"Peste 200 de unit\u0103\u021bi de \u00eenv\u0103\u021b\u0103m\u00e2nt se afl\u0103 la mai pu\u021bin de 500 de metri de \u0219antierele deschise \u00een Bucure\u0219ti. M\u0103surile propuse de PMB pentru gestionarea traficului - Buletin de Bucure\u0219ti\",\"isPartOf\":{\"@id\":\"https:\\\/\\\/buletin.de\\\/bucuresti\\\/#website\"},\"primaryImageOfPage\":{\"@id\":\"https:\\\/\\\/buletin.de\\\/bucuresti\\\/peste-200-de-unitati-de-invatamant-se-afla-la-mai-putin-de-500-de-metri-de-santierele-deschise-in-bucuresti-masurile-propuse-de-pmb-pentru-gestionarea-traficului\\\/#primaryimage\"},\"image\":{\"@id\":\"https:\\\/\\\/buletin.de\\\/bucuresti\\\/peste-200-de-unitati-de-invatamant-se-afla-la-mai-putin-de-500-de-metri-de-santierele-deschise-in-bucuresti-masurile-propuse-de-pmb-pentru-gestionarea-traficului\\\/#primaryimage\"},\"thumbnailUrl\":\"https:\\\/\\\/buletin.de\\\/bucuresti\\\/wp-content\\\/uploads\\\/2026\\\/09\\\/Noi-santiere-de-termoficare-PMB.jpg\",\"datePublished\":\"2026-09-03T16:46:58+00:00\",\"dateModified\":\"2026-09-03T16:46:59+00:00\",\"description\":\"Peste 200 de unit\u0103\u021bi de \u00eenv\u0103\u021b\u0103m\u00e2nt se afl\u0103 la mai pu\u021bin de 500 de metri de \u0219antierele deschise \u00een Bucure\u0219ti. M\u0103surile propuse de PMB\",\"breadcrumb\":{\"@id\":\"https:\\\/\\\/buletin.de\\\/bucuresti\\\/peste-200-de-unitati-de-invatamant-se-afla-la-mai-putin-de-500-de-metri-de-santierele-deschise-in-bucuresti-masurile-propuse-de-pmb-pentru-gestionarea-traficului\\\/#breadcrumb\"},\"inLanguage\":\"en-GB\",\"potentialAction\":[{\"@type\":\"ReadAction\",\"target\":[\"https:\\\/\\\/buletin.de\\\/bucuresti\\\/peste-200-de-unitati-de-invatamant-se-afla-la-mai-putin-de-500-de-metri-de-santierele-deschise-in-bucuresti-masurile-propuse-de-pmb-pentru-gestionarea-traficului\\\/\"]}]},{\"@type\":\"ImageObject\",\"inLanguage\":\"en-GB\",\"@id\":\"https:\\\/\\\/buletin.de\\\/bucuresti\\\/peste-200-de-unitati-de-invatamant-se-afla-la-mai-putin-de-500-de-metri-de-santierele-deschise-in-bucuresti-masurile-propuse-de-pmb-pentru-gestionarea-traficului\\\/#primaryimage\",\"url\":\"https:\\\/\\\/buletin.de\\\/bucuresti\\\/wp-content\\\/uploads\\\/2026\\\/09\\\/Noi-santiere-de-termoficare-PMB.jpg\",\"contentUrl\":\"https:\\\/\\\/buletin.de\\\/bucuresti\\\/wp-content\\\/uploads\\\/2026\\\/09\\\/Noi-santiere-de-termoficare-PMB.jpg\",\"width\":1200,\"height\":650,\"caption\":\"FB\\\/ PMB\"},{\"@type\":\"BreadcrumbList\",\"@id\":\"https:\\\/\\\/buletin.de\\\/bucuresti\\\/peste-200-de-unitati-de-invatamant-se-afla-la-mai-putin-de-500-de-metri-de-santierele-deschise-in-bucuresti-masurile-propuse-de-pmb-pentru-gestionarea-traficului\\\/#breadcrumb\",\"itemListElement\":[{\"@type\":\"ListItem\",\"position\":1,\"name\":\"Acas\u0103\",\"item\":\"https:\\\/\\\/buletin.de\\\/bucuresti\\\/\"},{\"@type\":\"ListItem\",\"position\":2,\"name\":\"Peste 200 de unit\u0103\u021bi de \u00eenv\u0103\u021b\u0103m\u00e2nt se afl\u0103 la mai pu\u021bin de 500 de metri de \u0219antierele deschise \u00een Bucure\u0219ti. M\u0103surile propuse de PMB pentru gestionarea traficului\"}]},{\"@type\":\"WebSite\",\"@id\":\"https:\\\/\\\/buletin.de\\\/bucuresti\\\/#website\",\"url\":\"https:\\\/\\\/buletin.de\\\/bucuresti\\\/\",\"name\":\"Buletin de Bucure\u0219ti\",\"description\":\"\u0218tiri \u0219i investiga\u021bii esen\u021biale din capital\u0103\",\"publisher\":{\"@id\":\"https:\\\/\\\/buletin.de\\\/bucuresti\\\/#organization\"},\"potentialAction\":[{\"@type\":\"SearchAction\",\"target\":{\"@type\":\"EntryPoint\",\"urlTemplate\":\"https:\\\/\\\/buletin.de\\\/bucuresti\\\/?s={search_term_string}\"},\"query-input\":{\"@type\":\"PropertyValueSpecification\",\"valueRequired\":true,\"valueName\":\"search_term_string\"}}],\"inLanguage\":\"en-GB\"},{\"@type\":\"Organization\",\"@id\":\"https:\\\/\\\/buletin.de\\\/bucuresti\\\/#organization\",\"name\":\"Buletin de Bucure\u0219ti\",\"url\":\"https:\\\/\\\/buletin.de\\\/bucuresti\\\/\",\"logo\":{\"@type\":\"ImageObject\",\"inLanguage\":\"en-GB\",\"@id\":\"https:\\\/\\\/buletin.de\\\/bucuresti\\\/#\\\/schema\\\/logo\\\/image\\\/\",\"url\":\"https:\\\/\\\/buletin.de\\\/bucuresti\\\/wp-content\\\/uploads\\\/logo-bdb-full-wide-vernil-transparent.png\",\"contentUrl\":\"https:\\\/\\\/buletin.de\\\/bucuresti\\\/wp-content\\\/uploads\\\/logo-bdb-full-wide-vernil-transparent.png\",\"width\":1782,\"height\":626,\"caption\":\"Buletin de Bucure\u0219ti\"},\"image\":{\"@id\":\"https:\\\/\\\/buletin.de\\\/bucuresti\\\/#\\\/schema\\\/logo\\\/image\\\/\"},\"sameAs\":[\"https:\\\/\\\/www.facebook.com\\\/buletin.de.buc\",\"https:\\\/\\\/www.instagram.com\\\/buletinde.bucuresti\\\/\"]},{\"@type\":\"Person\",\"@id\":\"https:\\\/\\\/buletin.de\\\/bucuresti\\\/#\\\/schema\\\/person\\\/150590659efde715459d159da012f501\",\"name\":\"Andreea Tudor\",\"image\":{\"@type\":\"ImageObject\",\"inLanguage\":\"en-GB\",\"@id\":\"https:\\\/\\\/buletin.de\\\/bucuresti\\\/wp-content\\\/uploads\\\/2026\\\/06\\\/BDB_Andreea_T-5-96x96.jpg2291f994b0ece9443cb8e95c805b8b20\",\"url\":\"https:\\\/\\\/buletin.de\\\/bucuresti\\\/wp-content\\\/uploads\\\/2026\\\/06\\\/BDB_Andreea_T-5-96x96.jpg\",\"contentUrl\":\"https:\\\/\\\/buletin.de\\\/bucuresti\\\/wp-content\\\/uploads\\\/2026\\\/06\\\/BDB_Andreea_T-5-96x96.jpg\",\"caption\":\"Andreea Tudor\"},\"description\":\"Reporter la Buletin de Bucure\u0219ti de doi ani \u0219i jum\u0103tate. Sus\u021bin\u0103toare a presei independente, pasionat\u0103 de subiectele de mediu.\",\"url\":\"https:\\\/\\\/buletin.de\\\/bucuresti\\\/author\\\/andreeatudor\\\/\"}]}<\/script>\n<!-- \/ Yoast SEO Premium plugin. -->","yoast_head_json":{"title":"Peste 200 de unit\u0103\u021bi de \u00eenv\u0103\u021b\u0103m\u00e2nt se afl\u0103 la mai pu\u021bin de 500 de metri de \u0219antierele deschise \u00een Bucure\u0219ti. M\u0103surile propuse de PMB pentru gestionarea traficului - Buletin de Bucure\u0219ti","description":"Peste 200 de unit\u0103\u021bi de \u00eenv\u0103\u021b\u0103m\u00e2nt se afl\u0103 la mai pu\u021bin de 500 de metri de \u0219antierele deschise \u00een Bucure\u0219ti. M\u0103surile propuse de PMB","robots":{"index":"index","follow":"follow","max-snippet":"max-snippet:-1","max-image-preview":"max-image-preview:large","max-video-preview":"max-video-preview:-1"},"canonical":"https:\/\/buletin.de\/bucuresti\/peste-200-de-unitati-de-invatamant-se-afla-la-mai-putin-de-500-de-metri-de-santierele-deschise-in-bucuresti-masurile-propuse-de-pmb-pentru-gestionarea-traficului\/","og_locale":"en_GB","og_type":"article","og_title":"Peste 200 de unit\u0103\u021bi de \u00eenv\u0103\u021b\u0103m\u00e2nt se afl\u0103 la mai pu\u021bin de 500 de metri de \u0219antierele deschise \u00een Bucure\u0219ti. M\u0103surile propuse de PMB pentru gestionarea traficului","og_description":"Peste 200 de unit\u0103\u021bi de \u00eenv\u0103\u021b\u0103m\u00e2nt se afl\u0103 la mai pu\u021bin de 500 de metri de \u0219antierele deschise \u00een Bucure\u0219ti. M\u0103surile propuse de PMB","og_url":"https:\/\/buletin.de\/bucuresti\/peste-200-de-unitati-de-invatamant-se-afla-la-mai-putin-de-500-de-metri-de-santierele-deschise-in-bucuresti-masurile-propuse-de-pmb-pentru-gestionarea-traficului\/","og_site_name":"Buletin de Bucure\u0219ti","article_publisher":"https:\/\/www.facebook.com\/buletin.de.buc","article_published_time":"2026-09-03T16:46:58+00:00","article_modified_time":"2026-09-03T16:46:59+00:00","og_image":[{"width":1200,"height":650,"url":"https:\/\/buletin.de\/bucuresti\/wp-content\/uploads\/2026\/09\/Noi-santiere-de-termoficare-PMB.jpg","type":"image\/jpeg"}],"author":"Andreea Tudor","twitter_card":"summary_large_image","twitter_misc":{"Written by":"Andreea Tudor","Estimated reading time":"2 minutes"},"schema":{"@context":"https:\/\/schema.org","@graph":[{"@type":"Article","@id":"https:\/\/buletin.de\/bucuresti\/peste-200-de-unitati-de-invatamant-se-afla-la-mai-putin-de-500-de-metri-de-santierele-deschise-in-bucuresti-masurile-propuse-de-pmb-pentru-gestionarea-traficului\/#article","isPartOf":{"@id":"https:\/\/buletin.de\/bucuresti\/peste-200-de-unitati-de-invatamant-se-afla-la-mai-putin-de-500-de-metri-de-santierele-deschise-in-bucuresti-masurile-propuse-de-pmb-pentru-gestionarea-traficului\/"},"author":{"name":"Andreea Tudor","@id":"https:\/\/buletin.de\/bucuresti\/#\/schema\/person\/150590659efde715459d159da012f501"},"headline":"Peste 200 de unit\u0103\u021bi de \u00eenv\u0103\u021b\u0103m\u00e2nt se afl\u0103 la mai pu\u021bin de 500 de metri de \u0219antierele deschise \u00een Bucure\u0219ti. M\u0103surile propuse de PMB pentru gestionarea traficului","datePublished":"2026-09-03T16:46:58+00:00","dateModified":"2026-09-03T16:46:59+00:00","mainEntityOfPage":{"@id":"https:\/\/buletin.de\/bucuresti\/peste-200-de-unitati-de-invatamant-se-afla-la-mai-putin-de-500-de-metri-de-santierele-deschise-in-bucuresti-masurile-propuse-de-pmb-pentru-gestionarea-traficului\/"},"wordCount":438,"publisher":{"@id":"https:\/\/buletin.de\/bucuresti\/#organization"},"image":{"@id":"https:\/\/buletin.de\/bucuresti\/peste-200-de-unitati-de-invatamant-se-afla-la-mai-putin-de-500-de-metri-de-santierele-deschise-in-bucuresti-masurile-propuse-de-pmb-pentru-gestionarea-traficului\/#primaryimage"},"thumbnailUrl":"https:\/\/buletin.de\/bucuresti\/wp-content\/uploads\/2026\/09\/Noi-santiere-de-termoficare-PMB.jpg","articleSection":["Articole","Prim\u0103rie","\u0218tiri"],"inLanguage":"en-GB","copyrightYear":"2026","copyrightHolder":{"@id":"https:\/\/buletin.de\/bucuresti\/#organization"}},{"@type":"WebPage","@id":"https:\/\/buletin.de\/bucuresti\/peste-200-de-unitati-de-invatamant-se-afla-la-mai-putin-de-500-de-metri-de-santierele-deschise-in-bucuresti-masurile-propuse-de-pmb-pentru-gestionarea-traficului\/","url":"https:\/\/buletin.de\/bucuresti\/peste-200-de-unitati-de-invatamant-se-afla-la-mai-putin-de-500-de-metri-de-santierele-deschise-in-bucuresti-masurile-propuse-de-pmb-pentru-gestionarea-traficului\/","name":"Peste 200 de unit\u0103\u021bi de \u00eenv\u0103\u021b\u0103m\u00e2nt se afl\u0103 la mai pu\u021bin de 500 de metri de \u0219antierele deschise \u00een Bucure\u0219ti. M\u0103surile propuse de PMB pentru gestionarea traficului - Buletin de Bucure\u0219ti","isPartOf":{"@id":"https:\/\/buletin.de\/bucuresti\/#website"},"primaryImageOfPage":{"@id":"https:\/\/buletin.de\/bucuresti\/peste-200-de-unitati-de-invatamant-se-afla-la-mai-putin-de-500-de-metri-de-santierele-deschise-in-bucuresti-masurile-propuse-de-pmb-pentru-gestionarea-traficului\/#primaryimage"},"image":{"@id":"https:\/\/buletin.de\/bucuresti\/peste-200-de-unitati-de-invatamant-se-afla-la-mai-putin-de-500-de-metri-de-santierele-deschise-in-bucuresti-masurile-propuse-de-pmb-pentru-gestionarea-traficului\/#primaryimage"},"thumbnailUrl":"https:\/\/buletin.de\/bucuresti\/wp-content\/uploads\/2026\/09\/Noi-santiere-de-termoficare-PMB.jpg","datePublished":"2026-09-03T16:46:58+00:00","dateModified":"2026-09-03T16:46:59+00:00","description":"Peste 200 de unit\u0103\u021bi de \u00eenv\u0103\u021b\u0103m\u00e2nt se afl\u0103 la mai pu\u021bin de 500 de metri de \u0219antierele deschise \u00een Bucure\u0219ti. M\u0103surile propuse de PMB","breadcrumb":{"@id":"https:\/\/buletin.de\/bucuresti\/peste-200-de-unitati-de-invatamant-se-afla-la-mai-putin-de-500-de-metri-de-santierele-deschise-in-bucuresti-masurile-propuse-de-pmb-pentru-gestionarea-traficului\/#breadcrumb"},"inLanguage":"en-GB","potentialAction":[{"@type":"ReadAction","target":["https:\/\/buletin.de\/bucuresti\/peste-200-de-unitati-de-invatamant-se-afla-la-mai-putin-de-500-de-metri-de-santierele-deschise-in-bucuresti-masurile-propuse-de-pmb-pentru-gestionarea-traficului\/"]}]},{"@type":"ImageObject","inLanguage":"en-GB","@id":"https:\/\/buletin.de\/bucuresti\/peste-200-de-unitati-de-invatamant-se-afla-la-mai-putin-de-500-de-metri-de-santierele-deschise-in-bucuresti-masurile-propuse-de-pmb-pentru-gestionarea-traficului\/#primaryimage","url":"https:\/\/buletin.de\/bucuresti\/wp-content\/uploads\/2026\/09\/Noi-santiere-de-termoficare-PMB.jpg","contentUrl":"https:\/\/buletin.de\/bucuresti\/wp-content\/uploads\/2026\/09\/Noi-santiere-de-termoficare-PMB.jpg","width":1200,"height":650,"caption":"FB\/ PMB"},{"@type":"BreadcrumbList","@id":"https:\/\/buletin.de\/bucuresti\/peste-200-de-unitati-de-invatamant-se-afla-la-mai-putin-de-500-de-metri-de-santierele-deschise-in-bucuresti-masurile-propuse-de-pmb-pentru-gestionarea-traficului\/#breadcrumb","itemListElement":[{"@type":"ListItem","position":1,"name":"Acas\u0103","item":"https:\/\/buletin.de\/bucuresti\/"},{"@type":"ListItem","position":2,"name":"Peste 200 de unit\u0103\u021bi de \u00eenv\u0103\u021b\u0103m\u00e2nt se afl\u0103 la mai pu\u021bin de 500 de metri de \u0219antierele deschise \u00een Bucure\u0219ti. M\u0103surile propuse de PMB pentru gestionarea traficului"}]},{"@type":"WebSite","@id":"https:\/\/buletin.de\/bucuresti\/#website","url":"https:\/\/buletin.de\/bucuresti\/","name":"Buletin de Bucure\u0219ti","description":"\u0218tiri \u0219i investiga\u021bii esen\u021biale din capital\u0103","publisher":{"@id":"https:\/\/buletin.de\/bucuresti\/#organization"},"potentialAction":[{"@type":"SearchAction","target":{"@type":"EntryPoint","urlTemplate":"https:\/\/buletin.de\/bucuresti\/?s={search_term_string}"},"query-input":{"@type":"PropertyValueSpecification","valueRequired":true,"valueName":"search_term_string"}}],"inLanguage":"en-GB"},{"@type":"Organization","@id":"https:\/\/buletin.de\/bucuresti\/#organization","name":"Buletin de Bucure\u0219ti","url":"https:\/\/buletin.de\/bucuresti\/","logo":{"@type":"ImageObject","inLanguage":"en-GB","@id":"https:\/\/buletin.de\/bucuresti\/#\/schema\/logo\/image\/","url":"https:\/\/buletin.de\/bucuresti\/wp-content\/uploads\/logo-bdb-full-wide-vernil-transparent.png","contentUrl":"https:\/\/buletin.de\/bucuresti\/wp-content\/uploads\/logo-bdb-full-wide-vernil-transparent.png","width":1782,"height":626,"caption":"Buletin de Bucure\u0219ti"},"image":{"@id":"https:\/\/buletin.de\/bucuresti\/#\/schema\/logo\/image\/"},"sameAs":["https:\/\/www.facebook.com\/buletin.de.buc","https:\/\/www.instagram.com\/buletinde.bucuresti\/"]},{"@type":"Person","@id":"https:\/\/buletin.de\/bucuresti\/#\/schema\/person\/150590659efde715459d159da012f501","name":"Andreea Tudor","image":{"@type":"ImageObject","inLanguage":"en-GB","@id":"https:\/\/buletin.de\/bucuresti\/wp-content\/uploads\/2026\/06\/BDB_Andreea_T-5-96x96.jpg2291f994b0ece9443cb8e95c805b8b20","url":"https:\/\/buletin.de\/bucuresti\/wp-content\/uploads\/2026\/06\/BDB_Andreea_T-5-96x96.jpg","contentUrl":"https:\/\/buletin.de\/bucuresti\/wp-content\/uploads\/2026\/06\/BDB_Andreea_T-5-96x96.jpg","caption":"Andreea Tudor"},"description":"Reporter la Buletin de Bucure\u0219ti de doi ani \u0219i jum\u0103tate. Sus\u021bin\u0103toare a presei independente, pasionat\u0103 de subiectele de mediu.","url":"https:\/\/buletin.de\/bucuresti\/author\/andreeatudor\/"}]}},"authors":[{"term_id":22573,"user_id":55,"is_guest":0,"slug":"andreeatudor","display_name":"Andreea Tudor","avatar_url":"https:\/\/buletin.de\/bucuresti\/wp-content\/uploads\/2026\/06\/BDB_Andreea_T-5-96x96.jpg","author_category":"","first_name":"Andreea","last_name":"Tudor","user_url":"","job_title":"","description":"Reporter la Buletin de Bucure\u0219ti de doi ani \u0219i jum\u0103tate. Sus\u021bin\u0103toare a presei independente, pasionat\u0103 de subiectele de mediu."}],"_links":{"self":[{"href":"https:\/\/buletin.de\/bucuresti\/wp-json\/wp\/v2\/posts\/215757","targetHints":{"allow":["GET"]}}],"collection":[{"href":"https:\/\/buletin.de\/bucuresti\/wp-json\/wp\/v2\/posts"}],"about":[{"href":"https:\/\/buletin.de\/bucuresti\/wp-json\/wp\/v2\/types\/post"}],"author":[{"embeddable":true,"href":"https:\/\/buletin.de\/bucuresti\/wp-json\/wp\/v2\/users\/55"}],"replies":[{"embeddable":true,"href":"https:\/\/buletin.de\/bucuresti\/wp-json\/wp\/v2\/comments?post=215757"}],"version-history":[{"count":2,"href":"https:\/\/buletin.de\/bucuresti\/wp-json\/wp\/v2\/posts\/215757\/revisions"}],"predecessor-version":[{"id":215769,"href":"https:\/\/buletin.de\/bucuresti\/wp-json\/wp\/v2\/posts\/215757\/revisions\/215769"}],"wp:featuredmedia":[{"embeddable":true,"href":"https:\/\/buletin.de\/bucuresti\/wp-json\/wp\/v2\/media\/215768"}],"wp:attachment":[{"href":"https:\/\/buletin.de\/bucuresti\/wp-json\/wp\/v2\/media?parent=215757"}],"wp:term":[{"taxonomy":"category","embeddable":true,"href":"https:\/\/buletin.de\/bucuresti\/wp-json\/wp\/v2\/categories?post=215757"},{"taxonomy":"post_tag","embeddable":true,"href":"https:\/\/buletin.de\/bucuresti\/wp-json\/wp\/v2\/tags?post=215757"},{"taxonomy":"author","embeddable":true,"href":"https:\/\/buletin.de\/bucuresti\/wp-json\/wp\/v2\/ppma_author?post=215757"}],"curies":[{"name":"wp","href":"https:\/\/api.w.org\/{rel}","templated":true}]}}