{"id":215719,"date":"2026-09-04T04:46:00","date_gmt":"2026-09-04T01:46:00","guid":{"rendered":"https:\/\/buletin.de\/bucuresti\/?p=215719"},"modified":"2026-09-03T23:02:49","modified_gmt":"2026-09-03T20:02:49","slug":"tpbi-deviaza-cinci-linii-stb-in-acest-weekend-restrictiile-intra-in-aplicare-in-aceasta-seara","status":"publish","type":"post","link":"https:\/\/buletin.de\/bucuresti\/tpbi-deviaza-cinci-linii-stb-in-acest-weekend-restrictiile-intra-in-aplicare-in-aceasta-seara\/","title":{"rendered":"TPBI deviaz\u0103 cinci linii STB \u00een acest weekend. Restric\u021biile intr\u0103 \u00een aplicare \u00een aceast\u0103 sear\u0103"},"content":{"rendered":"\n<p class=\"wp-block-paragraph\"><strong>TPBI deviaz\u0103 cinci linii STB \u00een acest weekend, restric\u021biile urm\u00e2nd s\u0103 intre \u00een aplicare \u00een aceast\u0103 sear\u0103, potrivit unui <a href=\"https:\/\/tpbi.ro\/liniile-100-203-205-385-si-n101-deviate-de-vineri-seara-pana-luni-dimineata\/\">comunicat <\/a>de pres\u0103. M\u0103sura a fost dispus\u0103 pentru a asigura buna desf\u0103\u0219urare a Festivalului Vinul Moldovei \u0219i a Bucharest Street Food Festival.<\/strong><\/p>\n\n\n\n<p class=\"wp-block-paragraph\">Astfel, de vineri, 4 septembrie, \u00eencep\u00e2nd cu ora 22:00, \u0219i p\u00e2n\u0103 luni, 7 septembrie, la ora 6:00, liniile STB 100, 203, 205, 385 \u0219i N101 vor circula deviat, \u00eentruc\u00e2t accesul pe \u0218os. Kiseleff, \u00eentre Str. Arhitect Ion Mincu \u0219i Pia\u021ba Victoriei, dar \u0219i pe Bd. Unirii \u00eentre Pia\u021ba Constitu\u021biei \u0219i Pia\u021ba Unirii va fi restric\u021bionat.<\/p>\n\n\n\n<p class=\"wp-block-paragraph\">Potrivit informa\u021biilor transmise de Asocia\u021bia de Dezvoltare Intercomunitar\u0103 pentru Transport Public Bucure\u0219ti \u2013 Ilfov (TPBI), pe perioada restric\u021biilor, cele cinci linii vor circula dup\u0103 cum urmeaz\u0103:<\/p>\n\n\n\n<ul class=\"wp-block-list\">\n<li><strong>Linia 100<\/strong> va func\u021biona (inclusiv pe timpul nop\u021bii) pe traseul de baz\u0103 \u00eentre terminalul \u201eAeroportul Henri Coand\u0103\u201d \u015fi Pia\u021ba Arcul de Triumf, apoi pe un traseu modificat pe sensul spre Pia\u021ba Unirii, pe Bd. Mare\u0219al Constantin Prezan, Bd. Aviatorilor, Pia\u021ba Victoriei, Bd. Lasc\u0103r Catargiu, Bd. Gheorghe Magheru, Bd. Nicolae B\u0103lcescu, Bd. I. C. Br\u0103tianu, Pia\u021ba Unirii. Pe sensul opus, traseul nu va fi modificat.<\/li>\n\n\n\n<li><strong>Linia 203<\/strong> va func\u021biona pe traseul de baz\u0103 \u00eentre terminalul \u201eCartier Greenfield\u201d \u015fi Pia\u021ba Arcul de Triumf, apoi pe un traseu modificat pe sensul spre Pia\u021ba Victoriei, pe Bd. Mare\u0219al Constantin Prezan, Bd. Aviatorilor, Pia\u021ba Victoriei. Pe sensul opus, traseul nu va fi modificat.<\/li>\n\n\n\n<li><strong>Linia 205<\/strong> va func\u021biona pe traseul de baz\u0103 \u00eentre terminalul \u201eM Str\u0103ule\u0219ti\u201d \u015fi Pia\u021ba Arcul de Triumf, apoi pe un traseu modificat pe sensul spre Pia\u021ba Unirii, pe Bd. Mare\u0219al Constantin Prezan, Bd. Aviatorilor, Pia\u021ba Victoriei, Calea Victoriei, Bd. Dacia, Str. Mircea Vulc\u0103nescu, Str. Berzei, Str. Vasile P\u00e2rvan, Pod B.P. Ha\u0219deu, \u0218oseaua Independen\u021bei, \u201ePia\u021ba Unirii 2\u201d. Pe sensul opus, traseul nu va fi modificat.<\/li>\n\n\n\n<li><strong>Linia 385<\/strong> va func\u021biona pe traseul de baz\u0103 \u00eentre terminalul \u201eValea Oltului\u201d \u0219i intersec\u021bia Bd. Libert\u0103\u021bii\/ Bd. Regina Maria (Pia\u021ba Regina Maria), apoi pe un traseu modificat pe sensul spre \u201ePia\u021ba Sf. Vineri\u201d, pe Bd. Regina Maria, Pia\u021ba Unirii, Bd. Dimitrie Cantemir, Bd. I.C. Br\u0103tianu, Bd. Corneliu Coposu, Str. Sf. Vineri, sta\u021bia \u201ePia\u021ba Sf. Vineri\u201d. Pe sensul opus, traseul nu va fi modificat.<\/li>\n\n\n\n<li><strong>Linia N101<\/strong> va func\u021biona,&nbsp;<strong>\u00een nop\u021bile de 04\/05.09.2026, 05\/06.09.2026 \u0219i 06\/07.09.2026<\/strong>, pe traseul de baz\u0103 \u00eentre terminalul \u201eValea Oltului\u201d \u0219i intersec\u021bia Calea 13 Septembrie\/Bd. Libert\u0103\u021bii, apoi pe un traseu modificat \u00een ambele sensuri pe Bd. Libert\u0103\u021bii, Bd. Regina Maria, rond Pia\u021ba Unirii.<\/li>\n<\/ul>\n\n\n\n<p class=\"wp-block-paragraph\">TPBI le reaminte\u0219te c\u0103l\u0103torilor c\u0103 au la dispozi\u021bie mai multe mijloace prin care pot primi informa\u021bii actualizate privind traseele \u0219i programele de circula\u021bie, printre care platforma maps.mo-bi.ro, aplica\u021bia InfoTB dar \u0219i site-ul stb.ro.<\/p>\n\n\n\n<p class=\"wp-block-paragraph\"><strong>CITE\u0218TE \u0218I: <a href=\"https:\/\/buletin.de\/bucuresti\/primaria-sectorului-2-doreste-sa-infiinteze-un-centru-de-pregatire-gastronomica-destinat-elevilor\/\">Prim\u0103ria Sectorului 2 dore\u0219te s\u0103 \u00eenfiin\u021beze un centru de preg\u0103tire gastronomic\u0103 destinat elevilor<\/a><\/strong><\/p>\n\n\n\n<h2 id=\"h-pasajul-basarab-se-redeschide-tramvaiele-revin-pe-traseu\" class=\"wp-block-heading\">Pasajul Basarab se redeschide. Tramvaiele revin pe traseu<\/h2>\n\n\n\n<p class=\"wp-block-paragraph\"><strong>Pasajul Basarab se redeschide de luni, 7 septembrie, iar Prim\u0103ria Capitalei&nbsp;a anun\u021bat&nbsp;c\u0103 lucr\u0103rile de pe cel de-al doilea sens sunt aproape gata. Traficul rutier va fi reluat \u00een condi\u021bii normale de s\u0103pt\u0103m\u00e2na viitoare, dup\u0103 cum a scris Buletin de Bucure\u0219ti.<\/strong><\/p>\n\n\n\n<p class=\"wp-block-paragraph\">Municipalitatea a transmis c\u0103 au avut loc lucr\u0103rile de frezare, asfaltare \u0219i trasare a marcajelor rutiere pe sensul \u0218oseaua Groz\u0103ve\u0219ti \u2013 Bulevardul Titulescu. Odat\u0103 cu ridicarea restric\u021biilor de pe Pasajul Basarab, va fi reluat\u0103 \u0219i circula\u021bia tramvaielor.<\/p>\n\n\n\n<p class=\"wp-block-paragraph\"><a href=\"https:\/\/buletin.de\/bucuresti\/liniile-de-tramvai-4-si-11-suspendate-pe-perioada-lucrarilor-la-pasajul-basarab-alte-linii-stb-vor-fi-modificate\/\" target=\"_blank\" rel=\"noreferrer noopener\">Liniile de tramvai 4 \u0219i 11 sunt suspendate din luna iunie<\/a>, \u00een contextul lucr\u0103rilor la Pasajul Basarab, \u00een timp ce liniile 1 \u0219i 10 circul\u0103 pe un traseu modificat.<\/p>\n\n\n\n<p class=\"wp-block-paragraph\">Lucr\u0103rile de reabilitare au \u00eenceput \u00een luna iunie, iar p\u00e2n\u0103 acum au fost cur\u0103\u021bate elementele structurale, reparate fisurile, frezat asfaltul de pe sensurile \u00eenchise \u0219i rampele de acces, reparate bordurile \u0219i fisurile de profunzime \u0219i montate rosturile de dilata\u021bie.<\/p>\n\n\n\n<p class=\"wp-block-paragraph\"><strong>CITE\u0218TE \u0218I: <a href=\"https:\/\/buletin.de\/bucuresti\/sectorul-1-targ-de-rechizite-si-ateliere-pentru-copii-inainte-de-inceperea-anului-scolar\/\">Sectorul 1 | T\u00e2rg de rechizite \u0219i ateliere pentru copii, \u00eenainte de \u00eenceperea anului \u0219colar<\/a><\/strong><\/p>\n","protected":false},"excerpt":{"rendered":"<p>TPBI deviaz\u0103 cinci linii STB \u00een acest weekend, restric\u021biile urm\u00e2nd s\u0103 intre \u00een aplicare \u00een aceast\u0103 sear\u0103, potrivit unui comunicat de pres\u0103. M\u0103sura a fost dispus\u0103 pentru a asigura buna desf\u0103\u0219urare a Festivalului Vinul Moldovei \u0219i a Bucharest Street Food Festival. Astfel, de vineri, 4 septembrie, \u00eencep\u00e2nd cu ora 22:00, \u0219i p\u00e2n\u0103 luni, 7 septembrie, [&hellip;]<\/p>\n","protected":false},"author":61,"featured_media":215728,"comment_status":"closed","ping_status":"open","sticky":false,"template":"","format":"standard","meta":{"_acf_changed":false,"inline_featured_image":false,"ngg_post_thumbnail":0,"footnotes":""},"categories":[6994,62,650],"tags":[11516,30579,8140,9996,6626,11343,8113,402,2842],"ppma_author":[22577],"class_list":["post-215719","post","type-post","status-publish","format-standard","has-post-thumbnail","hentry","category-stiri-2","category-stiri","category-transport","tag-bucharest-street-food-festival","tag-festivalul-vinul-moldovei","tag-linia-100","tag-linia-203","tag-linia-205","tag-linia-385","tag-linia-n101","tag-stb","tag-tpbi"],"acf":[],"a3_pvc":{"activated":false,"total_views":0,"today_views":0},"yoast_head":"<!-- This site is optimized with the Yoast SEO Premium plugin v28.0 (Yoast SEO v28.4) - https:\/\/yoast.com\/product\/yoast-seo-premium-wordpress\/ -->\n<title>TPBI deviaz\u0103 cinci linii STB \u00een acest weekend. Restric\u021biile intr\u0103 \u00een aplicare \u00een aceast\u0103 sear\u0103 - Buletin de Bucure\u0219ti<\/title>\n<meta name=\"description\" content=\"TPBI deviaz\u0103 cinci linii STB \u00een acest weekend, restric\u021biile urm\u00e2nd s\u0103 intre \u00een aplicare \u00een aceast\u0103 sear\u0103, potrivit unui comunicat de pres\u0103.\" \/>\n<meta name=\"robots\" content=\"index, follow, max-snippet:-1, max-image-preview:large, max-video-preview:-1\" \/>\n<link rel=\"canonical\" href=\"https:\/\/buletin.de\/bucuresti\/tpbi-deviaza-cinci-linii-stb-in-acest-weekend-restrictiile-intra-in-aplicare-in-aceasta-seara\/\" \/>\n<meta property=\"og:locale\" content=\"en_GB\" \/>\n<meta property=\"og:type\" content=\"article\" \/>\n<meta property=\"og:title\" content=\"TPBI deviaz\u0103 cinci linii STB \u00een acest weekend. Restric\u021biile intr\u0103 \u00een aplicare \u00een aceast\u0103 sear\u0103\" \/>\n<meta property=\"og:description\" content=\"TPBI deviaz\u0103 cinci linii STB \u00een acest weekend, restric\u021biile urm\u00e2nd s\u0103 intre \u00een aplicare \u00een aceast\u0103 sear\u0103, potrivit unui comunicat de pres\u0103.\" \/>\n<meta property=\"og:url\" content=\"https:\/\/buletin.de\/bucuresti\/tpbi-deviaza-cinci-linii-stb-in-acest-weekend-restrictiile-intra-in-aplicare-in-aceasta-seara\/\" \/>\n<meta property=\"og:site_name\" content=\"Buletin de Bucure\u0219ti\" \/>\n<meta property=\"article:publisher\" content=\"https:\/\/www.facebook.com\/buletin.de.buc\" \/>\n<meta property=\"article:published_time\" content=\"2026-09-04T01:46:00+00:00\" \/>\n<meta property=\"og:image\" content=\"https:\/\/buletin.de\/bucuresti\/wp-content\/uploads\/2026\/09\/linia-205-traseu-modificat-1600x900-1.jpg\" \/>\n\t<meta property=\"og:image:width\" content=\"1600\" \/>\n\t<meta property=\"og:image:height\" content=\"900\" \/>\n\t<meta property=\"og:image:type\" content=\"image\/jpeg\" \/>\n<meta name=\"author\" content=\"Alexandru Stan\" \/>\n<meta name=\"twitter:card\" content=\"summary_large_image\" \/>\n<meta name=\"twitter:label1\" content=\"Written by\" \/>\n\t<meta name=\"twitter:data1\" content=\"Alexandru Stan\" \/>\n\t<meta name=\"twitter:label2\" content=\"Estimated reading time\" \/>\n\t<meta name=\"twitter:data2\" content=\"3 minutes\" \/>\n<script type=\"application\/ld+json\" class=\"yoast-schema-graph\">{\"@context\":\"https:\\\/\\\/schema.org\",\"@graph\":[{\"@type\":\"Article\",\"@id\":\"https:\\\/\\\/buletin.de\\\/bucuresti\\\/tpbi-deviaza-cinci-linii-stb-in-acest-weekend-restrictiile-intra-in-aplicare-in-aceasta-seara\\\/#article\",\"isPartOf\":{\"@id\":\"https:\\\/\\\/buletin.de\\\/bucuresti\\\/tpbi-deviaza-cinci-linii-stb-in-acest-weekend-restrictiile-intra-in-aplicare-in-aceasta-seara\\\/\"},\"author\":{\"name\":\"Alexandru Stan\",\"@id\":\"https:\\\/\\\/buletin.de\\\/bucuresti\\\/#\\\/schema\\\/person\\\/104a46bbe8be6e336fecf63974383951\"},\"headline\":\"TPBI deviaz\u0103 cinci linii STB \u00een acest weekend. Restric\u021biile intr\u0103 \u00een aplicare \u00een aceast\u0103 sear\u0103\",\"datePublished\":\"2026-09-04T01:46:00+00:00\",\"mainEntityOfPage\":{\"@id\":\"https:\\\/\\\/buletin.de\\\/bucuresti\\\/tpbi-deviaza-cinci-linii-stb-in-acest-weekend-restrictiile-intra-in-aplicare-in-aceasta-seara\\\/\"},\"wordCount\":707,\"publisher\":{\"@id\":\"https:\\\/\\\/buletin.de\\\/bucuresti\\\/#organization\"},\"image\":{\"@id\":\"https:\\\/\\\/buletin.de\\\/bucuresti\\\/tpbi-deviaza-cinci-linii-stb-in-acest-weekend-restrictiile-intra-in-aplicare-in-aceasta-seara\\\/#primaryimage\"},\"thumbnailUrl\":\"https:\\\/\\\/buletin.de\\\/bucuresti\\\/wp-content\\\/uploads\\\/2026\\\/09\\\/linia-205-traseu-modificat-1600x900-1.jpg\",\"keywords\":[\"Bucharest Street Food Festival\",\"festivalul vinul moldovei\",\"Linia 100\",\"linia 203\",\"linia 205\",\"linia 385\",\"linia N101\",\"stb\",\"tpbi\"],\"articleSection\":[\"Articole\",\"\u0218tiri\",\"Transport\"],\"inLanguage\":\"en-GB\",\"copyrightYear\":\"2026\",\"copyrightHolder\":{\"@id\":\"https:\\\/\\\/buletin.de\\\/bucuresti\\\/#organization\"}},{\"@type\":\"WebPage\",\"@id\":\"https:\\\/\\\/buletin.de\\\/bucuresti\\\/tpbi-deviaza-cinci-linii-stb-in-acest-weekend-restrictiile-intra-in-aplicare-in-aceasta-seara\\\/\",\"url\":\"https:\\\/\\\/buletin.de\\\/bucuresti\\\/tpbi-deviaza-cinci-linii-stb-in-acest-weekend-restrictiile-intra-in-aplicare-in-aceasta-seara\\\/\",\"name\":\"TPBI deviaz\u0103 cinci linii STB \u00een acest weekend. Restric\u021biile intr\u0103 \u00een aplicare \u00een aceast\u0103 sear\u0103 - Buletin de Bucure\u0219ti\",\"isPartOf\":{\"@id\":\"https:\\\/\\\/buletin.de\\\/bucuresti\\\/#website\"},\"primaryImageOfPage\":{\"@id\":\"https:\\\/\\\/buletin.de\\\/bucuresti\\\/tpbi-deviaza-cinci-linii-stb-in-acest-weekend-restrictiile-intra-in-aplicare-in-aceasta-seara\\\/#primaryimage\"},\"image\":{\"@id\":\"https:\\\/\\\/buletin.de\\\/bucuresti\\\/tpbi-deviaza-cinci-linii-stb-in-acest-weekend-restrictiile-intra-in-aplicare-in-aceasta-seara\\\/#primaryimage\"},\"thumbnailUrl\":\"https:\\\/\\\/buletin.de\\\/bucuresti\\\/wp-content\\\/uploads\\\/2026\\\/09\\\/linia-205-traseu-modificat-1600x900-1.jpg\",\"datePublished\":\"2026-09-04T01:46:00+00:00\",\"description\":\"TPBI deviaz\u0103 cinci linii STB \u00een acest weekend, restric\u021biile urm\u00e2nd s\u0103 intre \u00een aplicare \u00een aceast\u0103 sear\u0103, potrivit unui comunicat de pres\u0103.\",\"breadcrumb\":{\"@id\":\"https:\\\/\\\/buletin.de\\\/bucuresti\\\/tpbi-deviaza-cinci-linii-stb-in-acest-weekend-restrictiile-intra-in-aplicare-in-aceasta-seara\\\/#breadcrumb\"},\"inLanguage\":\"en-GB\",\"potentialAction\":[{\"@type\":\"ReadAction\",\"target\":[\"https:\\\/\\\/buletin.de\\\/bucuresti\\\/tpbi-deviaza-cinci-linii-stb-in-acest-weekend-restrictiile-intra-in-aplicare-in-aceasta-seara\\\/\"]}]},{\"@type\":\"ImageObject\",\"inLanguage\":\"en-GB\",\"@id\":\"https:\\\/\\\/buletin.de\\\/bucuresti\\\/tpbi-deviaza-cinci-linii-stb-in-acest-weekend-restrictiile-intra-in-aplicare-in-aceasta-seara\\\/#primaryimage\",\"url\":\"https:\\\/\\\/buletin.de\\\/bucuresti\\\/wp-content\\\/uploads\\\/2026\\\/09\\\/linia-205-traseu-modificat-1600x900-1.jpg\",\"contentUrl\":\"https:\\\/\\\/buletin.de\\\/bucuresti\\\/wp-content\\\/uploads\\\/2026\\\/09\\\/linia-205-traseu-modificat-1600x900-1.jpg\",\"width\":1600,\"height\":900,\"caption\":\"FOTO: TPBI\"},{\"@type\":\"BreadcrumbList\",\"@id\":\"https:\\\/\\\/buletin.de\\\/bucuresti\\\/tpbi-deviaza-cinci-linii-stb-in-acest-weekend-restrictiile-intra-in-aplicare-in-aceasta-seara\\\/#breadcrumb\",\"itemListElement\":[{\"@type\":\"ListItem\",\"position\":1,\"name\":\"Acas\u0103\",\"item\":\"https:\\\/\\\/buletin.de\\\/bucuresti\\\/\"},{\"@type\":\"ListItem\",\"position\":2,\"name\":\"TPBI deviaz\u0103 cinci linii STB \u00een acest weekend. Restric\u021biile intr\u0103 \u00een aplicare \u00een aceast\u0103 sear\u0103\"}]},{\"@type\":\"WebSite\",\"@id\":\"https:\\\/\\\/buletin.de\\\/bucuresti\\\/#website\",\"url\":\"https:\\\/\\\/buletin.de\\\/bucuresti\\\/\",\"name\":\"Buletin de Bucure\u0219ti\",\"description\":\"\u0218tiri \u0219i investiga\u021bii esen\u021biale din capital\u0103\",\"publisher\":{\"@id\":\"https:\\\/\\\/buletin.de\\\/bucuresti\\\/#organization\"},\"potentialAction\":[{\"@type\":\"SearchAction\",\"target\":{\"@type\":\"EntryPoint\",\"urlTemplate\":\"https:\\\/\\\/buletin.de\\\/bucuresti\\\/?s={search_term_string}\"},\"query-input\":{\"@type\":\"PropertyValueSpecification\",\"valueRequired\":true,\"valueName\":\"search_term_string\"}}],\"inLanguage\":\"en-GB\"},{\"@type\":\"Organization\",\"@id\":\"https:\\\/\\\/buletin.de\\\/bucuresti\\\/#organization\",\"name\":\"Buletin de Bucure\u0219ti\",\"url\":\"https:\\\/\\\/buletin.de\\\/bucuresti\\\/\",\"logo\":{\"@type\":\"ImageObject\",\"inLanguage\":\"en-GB\",\"@id\":\"https:\\\/\\\/buletin.de\\\/bucuresti\\\/#\\\/schema\\\/logo\\\/image\\\/\",\"url\":\"https:\\\/\\\/buletin.de\\\/bucuresti\\\/wp-content\\\/uploads\\\/logo-bdb-full-wide-vernil-transparent.png\",\"contentUrl\":\"https:\\\/\\\/buletin.de\\\/bucuresti\\\/wp-content\\\/uploads\\\/logo-bdb-full-wide-vernil-transparent.png\",\"width\":1782,\"height\":626,\"caption\":\"Buletin de Bucure\u0219ti\"},\"image\":{\"@id\":\"https:\\\/\\\/buletin.de\\\/bucuresti\\\/#\\\/schema\\\/logo\\\/image\\\/\"},\"sameAs\":[\"https:\\\/\\\/www.facebook.com\\\/buletin.de.buc\",\"https:\\\/\\\/www.instagram.com\\\/buletinde.bucuresti\\\/\"]},{\"@type\":\"Person\",\"@id\":\"https:\\\/\\\/buletin.de\\\/bucuresti\\\/#\\\/schema\\\/person\\\/104a46bbe8be6e336fecf63974383951\",\"name\":\"Alexandru Stan\",\"image\":{\"@type\":\"ImageObject\",\"inLanguage\":\"en-GB\",\"@id\":\"https:\\\/\\\/buletin.de\\\/bucuresti\\\/wp-content\\\/uploads\\\/2026\\\/07\\\/BDB_Alexandru-4-96x96.jpga3c299c77690d3b1ab5def97e8de4c6c\",\"url\":\"https:\\\/\\\/buletin.de\\\/bucuresti\\\/wp-content\\\/uploads\\\/2026\\\/07\\\/BDB_Alexandru-4-96x96.jpg\",\"contentUrl\":\"https:\\\/\\\/buletin.de\\\/bucuresti\\\/wp-content\\\/uploads\\\/2026\\\/07\\\/BDB_Alexandru-4-96x96.jpg\",\"caption\":\"Alexandru Stan\"},\"description\":\"Absolvent al Colegiului Na\u021bional \u201eMihai Eminescu\u201d \u0219i student la Politehnica. Lucrez la Buletin de Bucure\u0219ti ca reporter de la v\u00e2rsta de 17 ani. M-am n\u0103scut \u0219i am crescut cu m\u00e2ndrie \u00een Bucure\u0219ti, ora\u0219ul pove\u0219tilor \u0219i al c\u0103su\u021belor cu porti\u021b\u0103 \u0219i ci\u0219mea. Cred \u00een jurnalismul f\u0103cut de cet\u0103\u021beni pentru cet\u0103\u021beni \u0219i \u00een faptul c\u0103 presa este a patra putere \u00een stat. M\u0103 str\u0103duiesc s\u0103 v\u0103 aduc, pe ecrane, tot ce \u201emi\u0219c\u0103\u201d prin Bucure\u0219ti, de la proiecte de consiliu local \u0219i interviuri p\u00e2n\u0103 la pove\u0219ti de weekend \u0219i reportaje.\",\"url\":\"https:\\\/\\\/buletin.de\\\/bucuresti\\\/author\\\/alexandru-stan\\\/\"}]}<\/script>\n<!-- \/ Yoast SEO Premium plugin. -->","yoast_head_json":{"title":"TPBI deviaz\u0103 cinci linii STB \u00een acest weekend. Restric\u021biile intr\u0103 \u00een aplicare \u00een aceast\u0103 sear\u0103 - Buletin de Bucure\u0219ti","description":"TPBI deviaz\u0103 cinci linii STB \u00een acest weekend, restric\u021biile urm\u00e2nd s\u0103 intre \u00een aplicare \u00een aceast\u0103 sear\u0103, potrivit unui comunicat de pres\u0103.","robots":{"index":"index","follow":"follow","max-snippet":"max-snippet:-1","max-image-preview":"max-image-preview:large","max-video-preview":"max-video-preview:-1"},"canonical":"https:\/\/buletin.de\/bucuresti\/tpbi-deviaza-cinci-linii-stb-in-acest-weekend-restrictiile-intra-in-aplicare-in-aceasta-seara\/","og_locale":"en_GB","og_type":"article","og_title":"TPBI deviaz\u0103 cinci linii STB \u00een acest weekend. Restric\u021biile intr\u0103 \u00een aplicare \u00een aceast\u0103 sear\u0103","og_description":"TPBI deviaz\u0103 cinci linii STB \u00een acest weekend, restric\u021biile urm\u00e2nd s\u0103 intre \u00een aplicare \u00een aceast\u0103 sear\u0103, potrivit unui comunicat de pres\u0103.","og_url":"https:\/\/buletin.de\/bucuresti\/tpbi-deviaza-cinci-linii-stb-in-acest-weekend-restrictiile-intra-in-aplicare-in-aceasta-seara\/","og_site_name":"Buletin de Bucure\u0219ti","article_publisher":"https:\/\/www.facebook.com\/buletin.de.buc","article_published_time":"2026-09-04T01:46:00+00:00","og_image":[{"width":1600,"height":900,"url":"https:\/\/buletin.de\/bucuresti\/wp-content\/uploads\/2026\/09\/linia-205-traseu-modificat-1600x900-1.jpg","type":"image\/jpeg"}],"author":"Alexandru Stan","twitter_card":"summary_large_image","twitter_misc":{"Written by":"Alexandru Stan","Estimated reading time":"3 minutes"},"schema":{"@context":"https:\/\/schema.org","@graph":[{"@type":"Article","@id":"https:\/\/buletin.de\/bucuresti\/tpbi-deviaza-cinci-linii-stb-in-acest-weekend-restrictiile-intra-in-aplicare-in-aceasta-seara\/#article","isPartOf":{"@id":"https:\/\/buletin.de\/bucuresti\/tpbi-deviaza-cinci-linii-stb-in-acest-weekend-restrictiile-intra-in-aplicare-in-aceasta-seara\/"},"author":{"name":"Alexandru Stan","@id":"https:\/\/buletin.de\/bucuresti\/#\/schema\/person\/104a46bbe8be6e336fecf63974383951"},"headline":"TPBI deviaz\u0103 cinci linii STB \u00een acest weekend. Restric\u021biile intr\u0103 \u00een aplicare \u00een aceast\u0103 sear\u0103","datePublished":"2026-09-04T01:46:00+00:00","mainEntityOfPage":{"@id":"https:\/\/buletin.de\/bucuresti\/tpbi-deviaza-cinci-linii-stb-in-acest-weekend-restrictiile-intra-in-aplicare-in-aceasta-seara\/"},"wordCount":707,"publisher":{"@id":"https:\/\/buletin.de\/bucuresti\/#organization"},"image":{"@id":"https:\/\/buletin.de\/bucuresti\/tpbi-deviaza-cinci-linii-stb-in-acest-weekend-restrictiile-intra-in-aplicare-in-aceasta-seara\/#primaryimage"},"thumbnailUrl":"https:\/\/buletin.de\/bucuresti\/wp-content\/uploads\/2026\/09\/linia-205-traseu-modificat-1600x900-1.jpg","keywords":["Bucharest Street Food Festival","festivalul vinul moldovei","Linia 100","linia 203","linia 205","linia 385","linia N101","stb","tpbi"],"articleSection":["Articole","\u0218tiri","Transport"],"inLanguage":"en-GB","copyrightYear":"2026","copyrightHolder":{"@id":"https:\/\/buletin.de\/bucuresti\/#organization"}},{"@type":"WebPage","@id":"https:\/\/buletin.de\/bucuresti\/tpbi-deviaza-cinci-linii-stb-in-acest-weekend-restrictiile-intra-in-aplicare-in-aceasta-seara\/","url":"https:\/\/buletin.de\/bucuresti\/tpbi-deviaza-cinci-linii-stb-in-acest-weekend-restrictiile-intra-in-aplicare-in-aceasta-seara\/","name":"TPBI deviaz\u0103 cinci linii STB \u00een acest weekend. Restric\u021biile intr\u0103 \u00een aplicare \u00een aceast\u0103 sear\u0103 - Buletin de Bucure\u0219ti","isPartOf":{"@id":"https:\/\/buletin.de\/bucuresti\/#website"},"primaryImageOfPage":{"@id":"https:\/\/buletin.de\/bucuresti\/tpbi-deviaza-cinci-linii-stb-in-acest-weekend-restrictiile-intra-in-aplicare-in-aceasta-seara\/#primaryimage"},"image":{"@id":"https:\/\/buletin.de\/bucuresti\/tpbi-deviaza-cinci-linii-stb-in-acest-weekend-restrictiile-intra-in-aplicare-in-aceasta-seara\/#primaryimage"},"thumbnailUrl":"https:\/\/buletin.de\/bucuresti\/wp-content\/uploads\/2026\/09\/linia-205-traseu-modificat-1600x900-1.jpg","datePublished":"2026-09-04T01:46:00+00:00","description":"TPBI deviaz\u0103 cinci linii STB \u00een acest weekend, restric\u021biile urm\u00e2nd s\u0103 intre \u00een aplicare \u00een aceast\u0103 sear\u0103, potrivit unui comunicat de pres\u0103.","breadcrumb":{"@id":"https:\/\/buletin.de\/bucuresti\/tpbi-deviaza-cinci-linii-stb-in-acest-weekend-restrictiile-intra-in-aplicare-in-aceasta-seara\/#breadcrumb"},"inLanguage":"en-GB","potentialAction":[{"@type":"ReadAction","target":["https:\/\/buletin.de\/bucuresti\/tpbi-deviaza-cinci-linii-stb-in-acest-weekend-restrictiile-intra-in-aplicare-in-aceasta-seara\/"]}]},{"@type":"ImageObject","inLanguage":"en-GB","@id":"https:\/\/buletin.de\/bucuresti\/tpbi-deviaza-cinci-linii-stb-in-acest-weekend-restrictiile-intra-in-aplicare-in-aceasta-seara\/#primaryimage","url":"https:\/\/buletin.de\/bucuresti\/wp-content\/uploads\/2026\/09\/linia-205-traseu-modificat-1600x900-1.jpg","contentUrl":"https:\/\/buletin.de\/bucuresti\/wp-content\/uploads\/2026\/09\/linia-205-traseu-modificat-1600x900-1.jpg","width":1600,"height":900,"caption":"FOTO: TPBI"},{"@type":"BreadcrumbList","@id":"https:\/\/buletin.de\/bucuresti\/tpbi-deviaza-cinci-linii-stb-in-acest-weekend-restrictiile-intra-in-aplicare-in-aceasta-seara\/#breadcrumb","itemListElement":[{"@type":"ListItem","position":1,"name":"Acas\u0103","item":"https:\/\/buletin.de\/bucuresti\/"},{"@type":"ListItem","position":2,"name":"TPBI deviaz\u0103 cinci linii STB \u00een acest weekend. Restric\u021biile intr\u0103 \u00een aplicare \u00een aceast\u0103 sear\u0103"}]},{"@type":"WebSite","@id":"https:\/\/buletin.de\/bucuresti\/#website","url":"https:\/\/buletin.de\/bucuresti\/","name":"Buletin de Bucure\u0219ti","description":"\u0218tiri \u0219i investiga\u021bii esen\u021biale din capital\u0103","publisher":{"@id":"https:\/\/buletin.de\/bucuresti\/#organization"},"potentialAction":[{"@type":"SearchAction","target":{"@type":"EntryPoint","urlTemplate":"https:\/\/buletin.de\/bucuresti\/?s={search_term_string}"},"query-input":{"@type":"PropertyValueSpecification","valueRequired":true,"valueName":"search_term_string"}}],"inLanguage":"en-GB"},{"@type":"Organization","@id":"https:\/\/buletin.de\/bucuresti\/#organization","name":"Buletin de Bucure\u0219ti","url":"https:\/\/buletin.de\/bucuresti\/","logo":{"@type":"ImageObject","inLanguage":"en-GB","@id":"https:\/\/buletin.de\/bucuresti\/#\/schema\/logo\/image\/","url":"https:\/\/buletin.de\/bucuresti\/wp-content\/uploads\/logo-bdb-full-wide-vernil-transparent.png","contentUrl":"https:\/\/buletin.de\/bucuresti\/wp-content\/uploads\/logo-bdb-full-wide-vernil-transparent.png","width":1782,"height":626,"caption":"Buletin de Bucure\u0219ti"},"image":{"@id":"https:\/\/buletin.de\/bucuresti\/#\/schema\/logo\/image\/"},"sameAs":["https:\/\/www.facebook.com\/buletin.de.buc","https:\/\/www.instagram.com\/buletinde.bucuresti\/"]},{"@type":"Person","@id":"https:\/\/buletin.de\/bucuresti\/#\/schema\/person\/104a46bbe8be6e336fecf63974383951","name":"Alexandru Stan","image":{"@type":"ImageObject","inLanguage":"en-GB","@id":"https:\/\/buletin.de\/bucuresti\/wp-content\/uploads\/2026\/07\/BDB_Alexandru-4-96x96.jpga3c299c77690d3b1ab5def97e8de4c6c","url":"https:\/\/buletin.de\/bucuresti\/wp-content\/uploads\/2026\/07\/BDB_Alexandru-4-96x96.jpg","contentUrl":"https:\/\/buletin.de\/bucuresti\/wp-content\/uploads\/2026\/07\/BDB_Alexandru-4-96x96.jpg","caption":"Alexandru Stan"},"description":"Absolvent al Colegiului Na\u021bional \u201eMihai Eminescu\u201d \u0219i student la Politehnica. Lucrez la Buletin de Bucure\u0219ti ca reporter de la v\u00e2rsta de 17 ani. M-am n\u0103scut \u0219i am crescut cu m\u00e2ndrie \u00een Bucure\u0219ti, ora\u0219ul pove\u0219tilor \u0219i al c\u0103su\u021belor cu porti\u021b\u0103 \u0219i ci\u0219mea. Cred \u00een jurnalismul f\u0103cut de cet\u0103\u021beni pentru cet\u0103\u021beni \u0219i \u00een faptul c\u0103 presa este a patra putere \u00een stat. M\u0103 str\u0103duiesc s\u0103 v\u0103 aduc, pe ecrane, tot ce \u201emi\u0219c\u0103\u201d prin Bucure\u0219ti, de la proiecte de consiliu local \u0219i interviuri p\u00e2n\u0103 la pove\u0219ti de weekend \u0219i reportaje.","url":"https:\/\/buletin.de\/bucuresti\/author\/alexandru-stan\/"}]}},"authors":[{"term_id":22577,"user_id":61,"is_guest":0,"slug":"alexandru-stan","display_name":"Alexandru Stan","avatar_url":"https:\/\/buletin.de\/bucuresti\/wp-content\/uploads\/2026\/07\/BDB_Alexandru-4-96x96.jpg","author_category":"","first_name":"Alexandru","last_name":"Stan","user_url":"","job_title":"","description":"Absolvent al Colegiului Na\u021bional \u201eMihai Eminescu\u201d \u0219i student la Politehnica. Lucrez la Buletin de Bucure\u0219ti ca reporter de la v\u00e2rsta de 17 ani. M-am n\u0103scut \u0219i am crescut cu m\u00e2ndrie \u00een Bucure\u0219ti, ora\u0219ul pove\u0219tilor \u0219i al c\u0103su\u021belor cu porti\u021b\u0103 \u0219i ci\u0219mea.\r\n\r\nCred \u00een jurnalismul f\u0103cut de cet\u0103\u021beni pentru cet\u0103\u021beni \u0219i \u00een faptul c\u0103 presa este a patra putere \u00een stat. M\u0103 str\u0103duiesc s\u0103 v\u0103 aduc, pe ecrane, tot ce \u201emi\u0219c\u0103\u201d prin Bucure\u0219ti, de la proiecte de consiliu local \u0219i interviuri p\u00e2n\u0103 la pove\u0219ti de weekend \u0219i reportaje."}],"_links":{"self":[{"href":"https:\/\/buletin.de\/bucuresti\/wp-json\/wp\/v2\/posts\/215719","targetHints":{"allow":["GET"]}}],"collection":[{"href":"https:\/\/buletin.de\/bucuresti\/wp-json\/wp\/v2\/posts"}],"about":[{"href":"https:\/\/buletin.de\/bucuresti\/wp-json\/wp\/v2\/types\/post"}],"author":[{"embeddable":true,"href":"https:\/\/buletin.de\/bucuresti\/wp-json\/wp\/v2\/users\/61"}],"replies":[{"embeddable":true,"href":"https:\/\/buletin.de\/bucuresti\/wp-json\/wp\/v2\/comments?post=215719"}],"version-history":[{"count":2,"href":"https:\/\/buletin.de\/bucuresti\/wp-json\/wp\/v2\/posts\/215719\/revisions"}],"predecessor-version":[{"id":215789,"href":"https:\/\/buletin.de\/bucuresti\/wp-json\/wp\/v2\/posts\/215719\/revisions\/215789"}],"wp:featuredmedia":[{"embeddable":true,"href":"https:\/\/buletin.de\/bucuresti\/wp-json\/wp\/v2\/media\/215728"}],"wp:attachment":[{"href":"https:\/\/buletin.de\/bucuresti\/wp-json\/wp\/v2\/media?parent=215719"}],"wp:term":[{"taxonomy":"category","embeddable":true,"href":"https:\/\/buletin.de\/bucuresti\/wp-json\/wp\/v2\/categories?post=215719"},{"taxonomy":"post_tag","embeddable":true,"href":"https:\/\/buletin.de\/bucuresti\/wp-json\/wp\/v2\/tags?post=215719"},{"taxonomy":"author","embeddable":true,"href":"https:\/\/buletin.de\/bucuresti\/wp-json\/wp\/v2\/ppma_author?post=215719"}],"curies":[{"name":"wp","href":"https:\/\/api.w.org\/{rel}","templated":true}]}}