{"id":215552,"date":"2026-09-06T07:32:27","date_gmt":"2026-09-06T04:32:27","guid":{"rendered":"https:\/\/buletin.de\/bucuresti\/?p=215552"},"modified":"2026-09-06T08:08:03","modified_gmt":"2026-09-06T05:08:03","slug":"bucurestiul-ramane-spart-cu-santiere-majore-cel-putin-inca-doi-ani-ciucu-nu-ma-injura-lumea-pe-strada-vor-mai-fi-santiere-noi-urmeaza-lucrari-de-pietonizare","status":"publish","type":"post","link":"https:\/\/buletin.de\/bucuresti\/bucurestiul-ramane-spart-cu-santiere-majore-cel-putin-inca-doi-ani-ciucu-nu-ma-injura-lumea-pe-strada-vor-mai-fi-santiere-noi-urmeaza-lucrari-de-pietonizare\/","title":{"rendered":"Bucure\u0219tiul r\u0103m\u00e2ne \u201espart\u201d cu \u0219antiere majore \u00eenc\u0103 doi ani. Ciucu: \u201eNu m\u0103 \u00eenjur\u0103 lumea pe strad\u0103. Vor mai fi \u0219antiere noi, urmeaz\u0103 lucr\u0103ri de pietonizare\u201d"},"content":{"rendered":"\n<p class=\"wp-block-paragraph\"><strong>\u00cen anul 2026, \u00een Bucure\u0219ti a \u00eenceput un proces amplu de repara\u021bii, ora\u0219ul ajung\u00e2nd s\u0103 fie acaparat de \u0219antiere de termoficare, pentru reabilitarea \u0219inelor de tramvai din ora\u0219, dar \u0219i cele pentru remedierea unor probleme serioase sau pentru realizarea unor lucr\u0103ri de infrastructur\u0103. Cu toate c\u0103 acestea reprezint\u0103 un real disconfort pentru cet\u0103\u021beni, aduc\u00e2nd cu ele un trafic \u00eengreunat considerabil \u00eentr-un ora\u0219 deja prea aglomerat, primarul general, Ciprian Ciucu, a declarat \u00een cadrul unui <a href=\"https:\/\/www.youtube.com\/watch?v=eUghGuJjlgI\" data-type=\"link\" data-id=\"https:\/\/www.youtube.com\/watch?v=eUghGuJjlgI\" target=\"_blank\" rel=\"noreferrer noopener\">interviu acordat pentru Buletin de Bucure\u0219ti<\/a> c\u0103 situa\u021bia nu se va \u00eembun\u0103t\u0103\u021bi \u00een urm\u0103toarea perioada. <\/strong><\/p>\n\n\n\n<p class=\"wp-block-paragraph\">Mai precis, conform declara\u021biilor oferite, Bucure\u0219tiul va r\u0103m\u00e2ne \u201eCapitala \u0219antierelor\u201d pentru \u00eenc\u0103 doi ani. <\/p>\n\n\n\n<p class=\"wp-block-paragraph\"><strong>CITE\u0218TE \u0218I <a href=\"https:\/\/buletin.de\/bucuresti\/exclusiv-stb-ofera-17-000-de-abonamente-gratuite-angajatilor-din-administratia-locala-a-capitalei\/\" data-type=\"post\" data-id=\"215519\">EXCLUSIV | Ciucu despre STB: Sunt 17.000 de abonamente gratuite pentru angaja\u021bii din administra\u021bia local\u0103 a Capitalei. \u201eExist\u0103 \u0219i corup\u021bie, furturile de motorin\u0103 sunt g\u0103in\u0103rii\u201d<\/a><\/strong><\/p>\n\n\n\n<h2 id=\"h-ora\u0219ul-arata-ca-o-capitala-de-asia-centrala\" class=\"wp-block-heading\">\u201eOra\u0219ul arat\u0103 ca o capital\u0103 de Asia Central\u0103\u201d<\/h2>\n\n\n\n<p class=\"wp-block-paragraph\">Primarul estimeaz\u0103 s\u0103 \u0219antierele ce sunt deschise \u00een ora\u0219 la acest moment ar urma s\u0103 fie finalizate \u00een urm\u0103torii doi ani, chiar dac\u0103 unele vor fi \u00eenchise mai rapid. Cu toate c\u0103 aceste lucr\u0103ri se afl\u0103, \u00een prezent, printre cele mai arz\u0103toare nemul\u021bumiri ale locuitorilor Capitalei, edilul a transmis c\u0103 procesul este unul normal.<\/p>\n\n\n\n<p class=\"wp-block-paragraph\">Ciucu a dat exemplul unor alte capitale europene care au avut nevoie de la fel de mult timp pentru a ar\u0103ta \u0219i a func\u021biona a\u0219a cum o fac ast\u0103zi, compar\u00e2nd ora\u0219ul pe care \u00eel administreaz\u0103 cu o Capital\u0103 din Asia Central\u0103.<\/p>\n\n\n\n<p class=\"wp-block-paragraph\"><strong><em>\u201e\u00cen acest moment \u00een Bucure\u0219ti se lucreaz\u0103 la un nivel, zic eu istoric. F\u0103r\u0103 s\u0103 zic cuvinte mari. Am asumat acest lucru. Bucure\u0219tiul este un ora\u0219 care se transform\u0103 \u0219i se va transforma \u00een urm\u0103torii 10 ani de zile. Un ora\u0219 mare, de aceste dimensiuni, are nevoie de un ciclu de 10 ani ca s\u0103 se transforme. Madridul a avut nevoie de 10 ani ca s\u0103 ajung\u0103 unde este ast\u0103zi. Viena la fel, Parisul mai repede, pentru c\u0103 au avut Jocurile Olimpice \u0219i au mers pe repede \u00eenainte \u0219i au avut foarte mul\u021bi bani. <\/em><\/strong><\/p>\n\n\n\n<p class=\"wp-block-paragraph\"><em><strong>Dar marile capitale trebuie s\u0103 se transforme. Bucure\u0219tiul nu arat\u0103 ca o capital\u0103 european\u0103. Bucure\u0219tiul arat\u0103 ca o capital\u0103 mai apropiat\u0103 de Asia Central\u0103, dac\u0103 m\u0103 \u00eentreba\u021bi pe mine. \u0218i atunci eu mi-am asumat s\u0103 transform acest ora\u0219. Asta \u00eenseamn\u0103 \u0219antiere. \u00censeamn\u0103 proiecte de investi\u021bii. \u0218i nu \u00eencepem cu panselu\u021be \u0219i borduri. Ci \u00eencepem cu proiectele de infrastructur\u0103. Termoficarea, pe care am dinamizat-o. \u0218i noi \u00eencepem \u0219i altele.<\/strong><\/em><\/p>\n\n\n\n<p class=\"wp-block-paragraph\"><em><strong>Ap\u0103, canal. Linii de tramvai. Investi\u021bii \u00een transportul public. Deci nu panselu\u021be \u0219i borduri. Ci lucr\u0103ri de infrastructur\u0103 a ora\u0219ulu<\/strong><\/em><strong><em>i\u201d<\/em><\/strong>, a declarat Ciprian Ciucu. <\/p>\n\n\n\n<p class=\"wp-block-paragraph\">Un alt aspect pe care edilul l-a men\u021bionat \u00een contextul discu\u021biilor referitoare la num\u0103rul mare de lucr\u0103ri de pe str\u0103zi face referire la pierderile pe care sistemul de termoficare le are. Mai precis, acesta a men\u021bionat c\u0103, pentru prima dat\u0103 dup\u0103 mult timp, pierderile au \u00eenceput s\u0103 scad\u0103.<\/p>\n\n\n\n<p class=\"wp-block-paragraph\">\u00cen prezent, re\u021beaua Termoenergetica \u00eenregistreaz\u0103 pierderi cu 4% mai mici fa\u021b\u0103 de cele pe care le \u00eenregistra \u00eenainte de demararea procesului de modernizare al conductelor care transport\u0103 agentul termic c\u0103tre cet\u0103\u021beni.   <\/p>\n\n\n\n<p class=\"wp-block-paragraph\"><strong><em>\u201eAu \u00eenceput s\u0103 scad\u0103 pierderile. Deci avem pentru prima oar\u0103 cu 4%, \u00een urma investi\u021biilor, ceea ce este foarte \u00eembucur\u0103tor, mai pu\u021bine pierderi din re\u021bea.\u201d<\/em><\/strong><\/p>\n\n\n\n<p class=\"wp-block-paragraph\"><strong>CITE\u0218TE \u0218I <a href=\"https:\/\/buletin.de\/bucuresti\/dezastru-sanitar-baraganul-ultima-solutie-pentru-deseurile-capitalei-ciucu-gunoiul-e-mai-scump-de-cinci-ori-in-bucuresti-daca-dam-drumul-la-incineratorul-de-namol-de-la-glina-in-24-de\/\" data-type=\"post\" data-id=\"215557\">Dezastru sanitar | B\u0103r\u0103ganul, ultima solu\u021bie pentru de\u0219eurile Capitalei. Ciucu: \u201eGunoiul e mai scump de cinci ori \u00een Bucure\u0219ti. Dac\u0103 d\u0103m drumul la incineratorul de n\u0103mol de la Glina, \u00een 24 de ore se defecteaz\u0103\u201d<\/a><\/strong><\/p>\n\n\n\n<h2 id=\"h-\u0219antierele-din-bucure\u0219ti-vor-continua-\u0219i-in-anii-viitori\" class=\"wp-block-heading\">\u0218antierele din Bucure\u0219ti vor continua \u0219i \u00een anii viitori<\/h2>\n\n\n\n<p class=\"wp-block-paragraph\">Vestea mai pu\u021bin bun\u0103 pe care primarul le-a transmis-o bucure\u0219tenilor este c\u0103, de\u0219i \u00een doi ani am putea sc\u0103pa de actualele gropi din carosabil \u0219i de mormanele de conducte care ocup\u0103 trotuarele, alte \u0219antiere ar putea fi deschise de administra\u021bia public\u0103.<\/p>\n\n\n\n<p class=\"wp-block-paragraph\">Transformarea ora\u0219ului nu se va \u00eencheia dup\u0103 ce re\u021beaua de termoficare \u0219i cea de transport public vor fi puse la punct. Dup\u0103 ce lucr\u0103rile critice vor fi gata, Capitala va avea nevoie de alte interven\u021bii \u0219i investi\u021bii. <\/p>\n\n\n\n<p class=\"wp-block-paragraph\">Edilul a transmis c\u0103, \u00een situa\u021bia \u00een care va fi reales de bucure\u0219teni pentru \u00eenc\u0103 un mandat, are \u00een plan s\u0103 efectueze lucr\u0103ri pentru amenajare, pentru \u00eenverzire \u0219i pentru pietonalizare \u00een Bucure\u0219ti. Acest \u00eentreg proces ar putea dura, conform estim\u0103rilor oferite \u00een cadrul interviului, chiar \u0219i 10 ani. <\/p>\n\n\n\n<p class=\"wp-block-paragraph\"><strong><em>\u201eDup\u0103 ce aceste lucr\u0103ri vor fi finalizate \u00een urm\u0103torii doi ani, unele mai repede, bine\u00een\u021beles, vor veni lucr\u0103rile de demineralizare, lucr\u0103rile de amenajare peisagistic\u0103 a ora\u0219ului, mai mult verde, pietonalizare, \u0219i de civilizare.<\/em><\/strong><\/p>\n\n\n\n<p class=\"wp-block-paragraph\"><strong><em>Dac\u0103 or s\u0103 m\u0103 aleag\u0103 oamenii \u0219i vor s\u0103 transforme ora\u0219ul. Dac\u0103 nu, nu. Eu o s\u0103 stau mai lini\u0219tit, ei o s\u0103 stea mai lini\u0219tit. Dar dac\u0103 vor s\u0103 mearg\u0103 mai departe cu mine, eu nu le pot promite dec\u00e2t c\u0103 pun ora\u0219ul la punct, dar am nevoie de \u0219antiere. Pentru c\u0103 pe mine \u00een Sectorul 6 m-au ales cu 73%, dar am avut \u0219antiere. A fost inconfortabil. Cre\u0219ele au avut \u0219antiere, parcurile pe care le-am construit au avut \u0219antiere, \u0219i str\u0103zile pe care le-am construit, erau cu \u0219antiere, nu se poate f\u0103r\u0103. <\/em><\/strong><\/p>\n\n\n\n<p class=\"wp-block-paragraph\"><strong><em>Deci putem s\u0103 b\u0103ltim \u0219i s\u0103 ne facem c\u0103 totul e ok, sau putem s\u0103 str\u00e2ngem din din\u021bi un num\u0103r de ani, s\u0103 accept\u0103m acest disconfort, iar eu s\u0103 m\u0103 ocup s\u0103 transform ora\u0219ul. Este ceea ce am propus, este ceea ce se \u00eent\u00e2mpla \u00een Roma, acuma dac\u0103 vre\u021bi, da? Iau acest model<\/em><\/strong>\u201d, este declara\u021bia dat\u0103 de Ciprian Ciucu \u00een cadrul interviului pentru Buletin de Bucure\u0219ti. <\/p>\n\n\n\n<p class=\"wp-block-paragraph\"><strong>CITE\u0218TE \u0218I <a href=\"https:\/\/buletin.de\/bucuresti\/coruptie-otopeni-inca-o-amanare-consecutiva-la-patru-ani-de-la-descinderile-dna-in-dosarul-furtului-canalizarii-in-aceeasi-zi-cu-decizia-tribunalului-edilul-silviu-gheorghe-a-deschis-un-festival\/\" data-type=\"post\" data-id=\"216080\">CORUP\u021aIE OTOPENI | \u00cenc\u0103 o am\u00e2nare consecutiv\u0103, la patru ani de la descinderile DNA, \u00een dosarul furtului canaliz\u0103rii. \u00cen aceea\u0219i zi cu decizia Tribunalului, edilul Silviu Gheorghe a deschis un festival folcloric \u00een fa\u021ba prim\u0103riei<\/a><\/strong><\/p>\n\n\n\n<h2 id=\"h-nu-ma-injura-lumea-pe-strada\" class=\"wp-block-heading\">\u201eNu m\u0103 \u00eenjur\u0103 lumea pe strad\u0103\u201d<\/h2>\n\n\n\n<p class=\"wp-block-paragraph\">\u00centrebat de jurnalistul C\u0103t\u0103lin Dosca\u0219 dac\u0103, \u00een prezent, exist\u0103 studii sau indicii care s\u0103 arate c\u0103 bucure\u0219tenii l-ar sus\u021bine pe actualul primar \u00een implementarea unei astfel de strategii pentru Capital\u0103, plan care ar implica o perioad\u0103 lung\u0103 cu str\u0103zi sparte \u0219i trafic \u00eengreunat, edilul a transmis c\u0103 nici el \u0219i nici partidul nu a realizat o astfel de analiz\u0103.<\/p>\n\n\n\n<p class=\"wp-block-paragraph\">Cu toate astea, chiar \u0219i \u00een contextul \u00een care cet\u0103\u021benii \u00ee\u0219i exprim\u0103 vocal nemul\u021bumirea fa\u021b\u0103 de felul \u00een care arat\u0103 Bucure\u0219tiul \u00een prezent, Ciprian Ciucu este optimist \u00een ceea ce prive\u0219te sus\u021binerea primit\u0103. Edilul a declara c\u0103 nu a fost abordat personal de cei nemul\u021bimi\u021bi, iar criticile au r\u0103mas doar \u00een mediul online. <\/p>\n\n\n\n<p class=\"wp-block-paragraph\"><strong><em>\u201eNu am. Dar pentru mine cel mai bun barometru este strada. Nu m\u0103 \u00eenjur\u0103 lumea pe strad\u0103. M\u0103 \u00eenjur\u0103 pe Facebook unii. Dar ies pe strad\u0103 absolut lini\u0219tit. Bine, e adev\u0103rat c\u0103 \u00een Sectorul 6 unde locuiesc eu sunt destul de popular, dar \u0219i \u00een centru, n-am niciun fel de problem\u0103, s\u0103 m\u0103 duc nic\u0103ieri. Ceea ce pentru mine, ca primar al capitalei, fiind o pozi\u021bie foarte vizibil\u0103 \u0219i foarte important\u0103, este un barometru foarte bun.\u201d<\/em><\/strong><\/p>\n\n\n\n<p class=\"wp-block-paragraph\"><strong><mark style=\"background-color:rgba(0, 0, 0, 0)\" class=\"has-inline-color has-vivid-red-color\">Iat\u0103 \u00eentreg interviul acordat de c\u0103tre Ciprian Ciucu pentru Buletin de Bucure\u0219ti, material \u00een cadrul c\u0103ruia, al\u0103turi de jurnalistul C\u0103t\u0103lin Dosca\u0219, sunt abordate mai multe subiecte importante \u0219i relevante pentru Capital\u0103:<\/mark><\/strong><\/p>\n\n\n\n<figure class=\"wp-block-embed is-type-video is-provider-youtube wp-block-embed-youtube wp-embed-aspect-16-9 wp-has-aspect-ratio\"><div class=\"wp-block-embed__wrapper\">\n<div class=\"jlvid_container\"><iframe title=\"INTERVIU | Ciprian Ciucu: \u201eBucure\u0219tiul arat\u0103 ca o capital\u0103 din Asia Central\u0103\u201d\" width=\"1200\" height=\"675\" src=\"https:\/\/www.youtube.com\/embed\/eUghGuJjlgI?feature=oembed\" frameborder=\"0\" allow=\"accelerometer; autoplay; clipboard-write; encrypted-media; gyroscope; picture-in-picture; web-share\" referrerpolicy=\"strict-origin-when-cross-origin\" allowfullscreen><\/iframe><\/div>\n<\/div><\/figure>\n\n\n\n<p class=\"wp-block-paragraph\"><strong>CITE\u0218TE \u0218I <a href=\"https:\/\/buletin.de\/bucuresti\/exilarea-mega-festivalurilor-si-noua-strategie-culturala-si-turistica-a-capitalei-ciucu-putem-fi-cea-mai-creativa-capitala-nu-stiu-ce-este-bias-nu-l-am-urmarit\/\" data-type=\"post\" data-id=\"215571\">Exilarea mega-festivalurilor \u0219i noua strategie cultural-turistic\u0103 a Bucure\u0219tiului. Ciucu: \u201ePutem fi cea mai creativ\u0103 capital\u0103. Nu \u0219tiu ce este BIAS, nu l-am urm\u0103rit\u201d<\/a><\/strong><\/p>\n\n\n\n<h2 id=\"h-peste-200-de-unita\u021bi-de-inva\u021bamant-sunt-la-pu\u021bin-de-500-de-metri-de-\u0219antiere\" class=\"wp-block-heading\">Peste 200 de unit\u0103\u021bi de \u00eenv\u0103\u021b\u0103m\u00e2nt sunt la pu\u021bin de 500 de metri de \u0219antiere<\/h2>\n\n\n\n<p class=\"wp-block-paragraph\">\u00cen prezent, \u00een Bucure\u0219ti exist\u0103 un total de  63 de \u0219antiere deschise, conform informa\u021biilor oferite la \u00eenceputul lunii septembrie de Prim\u0103ria Capitalei. Dintre acestea 35 afecteaz\u0103 direct traficul pe 30 de artere de circula\u021bie. Lucr\u0103rile impacteaz\u0103 \u0219i 45 de intersec\u021bii \u0219i noduri sensibile. <\/p>\n\n\n\n<p class=\"wp-block-paragraph\">Mai mult dec\u00e2t at\u00e2t, peste 200 de unit\u0103\u021bi de \u00eenv\u0103\u021b\u0103m\u00e2nt din ora\u0219 se afl\u0103 la o distan\u021b\u0103 mai mic\u0103 de 500 de metri de aceste lucr\u0103ri, iar dintre ele 60 sunt chiar la mai pu\u021bin de 100 metri, dup\u0103 cum a scris Buletin de Bucure\u0219ti <strong><a href=\"https:\/\/buletin.de\/bucuresti\/peste-200-de-unitati-de-invatamant-se-afla-la-mai-putin-de-500-de-metri-de-santierele-deschise-in-bucuresti-masurile-propuse-de-pmb-pentru-gestionarea-traficului\/\" data-type=\"link\" data-id=\"https:\/\/buletin.de\/bucuresti\/peste-200-de-unitati-de-invatamant-se-afla-la-mai-putin-de-500-de-metri-de-santierele-deschise-in-bucuresti-masurile-propuse-de-pmb-pentru-gestionarea-traficului\/\">aici<\/a><\/strong>. <\/p>\n\n\n\n<p class=\"wp-block-paragraph\">\u00cen acest context, municipalitatea a convocat constructorii \u0219i principalii operatori de utilit\u0103\u021bi la sediul prim\u0103riei, al\u0103turi de Poli\u021bia Capitalei \u0219i Brigada Rutier\u0103. <strong>Primarul general a cerut constructorilor s\u0103 se asigure c\u0103 fiecare \u0219antier este \u00eemprejmuit corespunz\u0103tor, dar \u0219i c\u0103 exist\u0103 c\u00e2te un punct de trecere\/ culoar care s\u0103 permit\u0103 pietonilor s\u0103 se deplaseze \u00een siguran\u021b\u0103.<\/strong><\/p>\n\n\n\n<p class=\"wp-block-paragraph\">Pe l\u00e2ng\u0103 aceste m\u0103suri, administra\u021bia local\u0103 a informat c\u0103 poli\u021bi\u0219tii rutieri vor fi prezen\u021bi \u00een intersec\u021biile cu \u0219antiere pentru a dirija traficul. C\u00e2nd vine vorba despre \u0219antierele pentru reabilitarea liniilor de tramvai, bucure\u0219tenii sunt informa\u021bi c\u0103 aceste lucr\u0103ri se desf\u0103\u0219oar\u0103 etapizat, astfel \u00eenc\u00e2t circula\u021bia s\u0103 poat\u0103 fi redeschis\u0103 c\u00e2t mai rapid.<\/p>\n\n\n\n<p class=\"wp-block-paragraph\"><strong>CITE\u0218TE \u0218I <a href=\"https:\/\/buletin.de\/bucuresti\/m6-otopeni-structura-de-rezistenta-pe-sectiunea-sud-este-aproape-gata-sfanta-maria-mai-are-sub-500-de-metri-pana-la-statia-expozitiei\/\" data-type=\"post\" data-id=\"216136\">M6 Otopeni | Structura de rezisten\u021b\u0103 pe sec\u021biunea sud este aproape gata. \u201eSf\u00e2nta Maria\u201d mai are sub 500 de metri p\u00e2n\u0103 la sta\u021bia Expozi\u021biei<\/a><\/strong><\/p>\n","protected":false},"excerpt":{"rendered":"<p>\u00cen anul 2026, \u00een Bucure\u0219ti a \u00eenceput un proces amplu de repara\u021bii, ora\u0219ul ajung\u00e2nd s\u0103 fie acaparat de \u0219antiere de termoficare, pentru reabilitarea \u0219inelor de tramvai din ora\u0219, dar \u0219i cele pentru remedierea unor probleme serioase sau pentru realizarea unor lucr\u0103ri de infrastructur\u0103. Cu toate c\u0103 acestea reprezint\u0103 un real disconfort pentru cet\u0103\u021beni, aduc\u00e2nd cu [&hellip;]<\/p>\n","protected":false},"author":66,"featured_media":216203,"comment_status":"closed","ping_status":"open","sticky":false,"template":"","format":"standard","meta":{"_acf_changed":false,"inline_featured_image":false,"ngg_post_thumbnail":0,"footnotes":""},"categories":[6994,3419,24],"tags":[2063,2089,25298,2634,4543,2328,27411,288],"ppma_author":[26103],"class_list":["post-215552","post","type-post","status-publish","format-standard","has-post-thumbnail","hentry","category-stiri-2","category-featured","category-primarie","tag-bucuresti-2","tag-ciprian-ciucu","tag-infrastructura-bucuresti","tag-investitii-2","tag-linii-de-tramvai","tag-primaria-capitalei-2","tag-santiere-bucuresti-2","tag-termoficare"],"acf":[],"a3_pvc":{"activated":false,"total_views":0,"today_views":0},"yoast_head":"<!-- This site is optimized with the Yoast SEO Premium plugin v28.0 (Yoast SEO v28.4) - https:\/\/yoast.com\/product\/yoast-seo-premium-wordpress\/ -->\n<title>Bucure\u0219tiul r\u0103m\u00e2ne \u201espart\u201d cu \u0219antiere majore \u00eenc\u0103 doi ani. Ciucu: \u201eNu m\u0103 \u00eenjur\u0103 lumea pe strad\u0103. Vor mai fi \u0219antiere noi, urmeaz\u0103 lucr\u0103ri de pietonizare\u201d - Buletin de Bucure\u0219ti<\/title>\n<meta name=\"description\" content=\"\u00cen anul 2026, \u00een Bucure\u0219ti a \u00eenceput un proces amplu de repara\u021bii, ora\u0219ul ajung\u00e2nd s\u0103 fie acaparat de zeci de \u0219antiere.\" \/>\n<meta name=\"robots\" content=\"index, follow, max-snippet:-1, max-image-preview:large, max-video-preview:-1\" \/>\n<link rel=\"canonical\" href=\"https:\/\/buletin.de\/bucuresti\/bucurestiul-ramane-spart-cu-santiere-majore-cel-putin-inca-doi-ani-ciucu-nu-ma-injura-lumea-pe-strada-vor-mai-fi-santiere-noi-urmeaza-lucrari-de-pietonizare\/\" \/>\n<meta property=\"og:locale\" content=\"en_GB\" \/>\n<meta property=\"og:type\" content=\"article\" \/>\n<meta property=\"og:title\" content=\"Bucure\u0219tiul r\u0103m\u00e2ne \u201espart\u201d cu \u0219antiere majore \u00eenc\u0103 doi ani. Ciucu: \u201eNu m\u0103 \u00eenjur\u0103 lumea pe strad\u0103. Vor mai fi \u0219antiere noi, urmeaz\u0103 lucr\u0103ri de pietonizare\u201d\" \/>\n<meta property=\"og:description\" content=\"\u00cen anul 2026, \u00een Bucure\u0219ti a \u00eenceput un proces amplu de repara\u021bii, ora\u0219ul ajung\u00e2nd s\u0103 fie acaparat de zeci de \u0219antiere.\" \/>\n<meta property=\"og:url\" content=\"https:\/\/buletin.de\/bucuresti\/bucurestiul-ramane-spart-cu-santiere-majore-cel-putin-inca-doi-ani-ciucu-nu-ma-injura-lumea-pe-strada-vor-mai-fi-santiere-noi-urmeaza-lucrari-de-pietonizare\/\" \/>\n<meta property=\"og:site_name\" content=\"Buletin de Bucure\u0219ti\" \/>\n<meta property=\"article:publisher\" content=\"https:\/\/www.facebook.com\/buletin.de.buc\" \/>\n<meta property=\"article:published_time\" content=\"2026-09-06T04:32:27+00:00\" \/>\n<meta property=\"article:modified_time\" content=\"2026-09-06T05:08:03+00:00\" \/>\n<meta property=\"og:image\" content=\"https:\/\/buletin.de\/bucuresti\/wp-content\/uploads\/2026\/09\/Bucurestiul-ramane-plin-de-santiere-scaled.jpg\" \/>\n\t<meta property=\"og:image:width\" content=\"2560\" \/>\n\t<meta property=\"og:image:height\" content=\"1707\" \/>\n\t<meta property=\"og:image:type\" content=\"image\/jpeg\" \/>\n<meta name=\"author\" content=\"Deniz Garguli\" \/>\n<meta name=\"twitter:card\" content=\"summary_large_image\" \/>\n<meta name=\"twitter:label1\" content=\"Written by\" \/>\n\t<meta name=\"twitter:data1\" content=\"Deniz Garguli\" \/>\n\t<meta name=\"twitter:label2\" content=\"Estimated reading time\" \/>\n\t<meta name=\"twitter:data2\" content=\"7 minutes\" \/>\n<script type=\"application\/ld+json\" class=\"yoast-schema-graph\">{\"@context\":\"https:\\\/\\\/schema.org\",\"@graph\":[{\"@type\":\"Article\",\"@id\":\"https:\\\/\\\/buletin.de\\\/bucuresti\\\/bucurestiul-ramane-spart-cu-santiere-majore-cel-putin-inca-doi-ani-ciucu-nu-ma-injura-lumea-pe-strada-vor-mai-fi-santiere-noi-urmeaza-lucrari-de-pietonizare\\\/#article\",\"isPartOf\":{\"@id\":\"https:\\\/\\\/buletin.de\\\/bucuresti\\\/bucurestiul-ramane-spart-cu-santiere-majore-cel-putin-inca-doi-ani-ciucu-nu-ma-injura-lumea-pe-strada-vor-mai-fi-santiere-noi-urmeaza-lucrari-de-pietonizare\\\/\"},\"author\":{\"name\":\"Deniz Garguli\",\"@id\":\"https:\\\/\\\/buletin.de\\\/bucuresti\\\/#\\\/schema\\\/person\\\/8badd0805392c02e16b744e0d5cd3625\"},\"headline\":\"Bucure\u0219tiul r\u0103m\u00e2ne \u201espart\u201d cu \u0219antiere majore \u00eenc\u0103 doi ani. Ciucu: \u201eNu m\u0103 \u00eenjur\u0103 lumea pe strad\u0103. Vor mai fi \u0219antiere noi, urmeaz\u0103 lucr\u0103ri de pietonizare\u201d\",\"datePublished\":\"2026-09-06T04:32:27+00:00\",\"dateModified\":\"2026-09-06T05:08:03+00:00\",\"mainEntityOfPage\":{\"@id\":\"https:\\\/\\\/buletin.de\\\/bucuresti\\\/bucurestiul-ramane-spart-cu-santiere-majore-cel-putin-inca-doi-ani-ciucu-nu-ma-injura-lumea-pe-strada-vor-mai-fi-santiere-noi-urmeaza-lucrari-de-pietonizare\\\/\"},\"wordCount\":1609,\"publisher\":{\"@id\":\"https:\\\/\\\/buletin.de\\\/bucuresti\\\/#organization\"},\"image\":{\"@id\":\"https:\\\/\\\/buletin.de\\\/bucuresti\\\/bucurestiul-ramane-spart-cu-santiere-majore-cel-putin-inca-doi-ani-ciucu-nu-ma-injura-lumea-pe-strada-vor-mai-fi-santiere-noi-urmeaza-lucrari-de-pietonizare\\\/#primaryimage\"},\"thumbnailUrl\":\"https:\\\/\\\/buletin.de\\\/bucuresti\\\/wp-content\\\/uploads\\\/2026\\\/09\\\/Bucurestiul-ramane-plin-de-santiere-scaled.jpg\",\"keywords\":[\"Bucure\u0219ti\",\"ciprian ciucu\",\"infrastructur\u0103 Bucure\u0219ti\",\"Investi\u021bii\",\"linii de tramvai\",\"Prim\u0103ria Capitalei\",\"\u0219antiere bucure\u0219ti\",\"termoficare\"],\"articleSection\":[\"Articole\",\"Featured\",\"Prim\u0103rie\"],\"inLanguage\":\"en-GB\",\"copyrightYear\":\"2026\",\"copyrightHolder\":{\"@id\":\"https:\\\/\\\/buletin.de\\\/bucuresti\\\/#organization\"}},{\"@type\":\"WebPage\",\"@id\":\"https:\\\/\\\/buletin.de\\\/bucuresti\\\/bucurestiul-ramane-spart-cu-santiere-majore-cel-putin-inca-doi-ani-ciucu-nu-ma-injura-lumea-pe-strada-vor-mai-fi-santiere-noi-urmeaza-lucrari-de-pietonizare\\\/\",\"url\":\"https:\\\/\\\/buletin.de\\\/bucuresti\\\/bucurestiul-ramane-spart-cu-santiere-majore-cel-putin-inca-doi-ani-ciucu-nu-ma-injura-lumea-pe-strada-vor-mai-fi-santiere-noi-urmeaza-lucrari-de-pietonizare\\\/\",\"name\":\"Bucure\u0219tiul r\u0103m\u00e2ne \u201espart\u201d cu \u0219antiere majore \u00eenc\u0103 doi ani. Ciucu: \u201eNu m\u0103 \u00eenjur\u0103 lumea pe strad\u0103. Vor mai fi \u0219antiere noi, urmeaz\u0103 lucr\u0103ri de pietonizare\u201d - Buletin de Bucure\u0219ti\",\"isPartOf\":{\"@id\":\"https:\\\/\\\/buletin.de\\\/bucuresti\\\/#website\"},\"primaryImageOfPage\":{\"@id\":\"https:\\\/\\\/buletin.de\\\/bucuresti\\\/bucurestiul-ramane-spart-cu-santiere-majore-cel-putin-inca-doi-ani-ciucu-nu-ma-injura-lumea-pe-strada-vor-mai-fi-santiere-noi-urmeaza-lucrari-de-pietonizare\\\/#primaryimage\"},\"image\":{\"@id\":\"https:\\\/\\\/buletin.de\\\/bucuresti\\\/bucurestiul-ramane-spart-cu-santiere-majore-cel-putin-inca-doi-ani-ciucu-nu-ma-injura-lumea-pe-strada-vor-mai-fi-santiere-noi-urmeaza-lucrari-de-pietonizare\\\/#primaryimage\"},\"thumbnailUrl\":\"https:\\\/\\\/buletin.de\\\/bucuresti\\\/wp-content\\\/uploads\\\/2026\\\/09\\\/Bucurestiul-ramane-plin-de-santiere-scaled.jpg\",\"datePublished\":\"2026-09-06T04:32:27+00:00\",\"dateModified\":\"2026-09-06T05:08:03+00:00\",\"description\":\"\u00cen anul 2026, \u00een Bucure\u0219ti a \u00eenceput un proces amplu de repara\u021bii, ora\u0219ul ajung\u00e2nd s\u0103 fie acaparat de zeci de \u0219antiere.\",\"breadcrumb\":{\"@id\":\"https:\\\/\\\/buletin.de\\\/bucuresti\\\/bucurestiul-ramane-spart-cu-santiere-majore-cel-putin-inca-doi-ani-ciucu-nu-ma-injura-lumea-pe-strada-vor-mai-fi-santiere-noi-urmeaza-lucrari-de-pietonizare\\\/#breadcrumb\"},\"inLanguage\":\"en-GB\",\"potentialAction\":[{\"@type\":\"ReadAction\",\"target\":[\"https:\\\/\\\/buletin.de\\\/bucuresti\\\/bucurestiul-ramane-spart-cu-santiere-majore-cel-putin-inca-doi-ani-ciucu-nu-ma-injura-lumea-pe-strada-vor-mai-fi-santiere-noi-urmeaza-lucrari-de-pietonizare\\\/\"]}]},{\"@type\":\"ImageObject\",\"inLanguage\":\"en-GB\",\"@id\":\"https:\\\/\\\/buletin.de\\\/bucuresti\\\/bucurestiul-ramane-spart-cu-santiere-majore-cel-putin-inca-doi-ani-ciucu-nu-ma-injura-lumea-pe-strada-vor-mai-fi-santiere-noi-urmeaza-lucrari-de-pietonizare\\\/#primaryimage\",\"url\":\"https:\\\/\\\/buletin.de\\\/bucuresti\\\/wp-content\\\/uploads\\\/2026\\\/09\\\/Bucurestiul-ramane-plin-de-santiere-scaled.jpg\",\"contentUrl\":\"https:\\\/\\\/buletin.de\\\/bucuresti\\\/wp-content\\\/uploads\\\/2026\\\/09\\\/Bucurestiul-ramane-plin-de-santiere-scaled.jpg\",\"width\":2560,\"height\":1707,\"caption\":\"Surs\u0103 foto: Inquam Photos \\\/George C\u0103lin\"},{\"@type\":\"BreadcrumbList\",\"@id\":\"https:\\\/\\\/buletin.de\\\/bucuresti\\\/bucurestiul-ramane-spart-cu-santiere-majore-cel-putin-inca-doi-ani-ciucu-nu-ma-injura-lumea-pe-strada-vor-mai-fi-santiere-noi-urmeaza-lucrari-de-pietonizare\\\/#breadcrumb\",\"itemListElement\":[{\"@type\":\"ListItem\",\"position\":1,\"name\":\"Acas\u0103\",\"item\":\"https:\\\/\\\/buletin.de\\\/bucuresti\\\/\"},{\"@type\":\"ListItem\",\"position\":2,\"name\":\"Bucure\u0219tiul r\u0103m\u00e2ne \u201espart\u201d cu \u0219antiere majore \u00eenc\u0103 doi ani. Ciucu: \u201eNu m\u0103 \u00eenjur\u0103 lumea pe strad\u0103. Vor mai fi \u0219antiere noi, urmeaz\u0103 lucr\u0103ri de pietonizare\u201d\"}]},{\"@type\":\"WebSite\",\"@id\":\"https:\\\/\\\/buletin.de\\\/bucuresti\\\/#website\",\"url\":\"https:\\\/\\\/buletin.de\\\/bucuresti\\\/\",\"name\":\"Buletin de Bucure\u0219ti\",\"description\":\"\u0218tiri \u0219i investiga\u021bii esen\u021biale din capital\u0103\",\"publisher\":{\"@id\":\"https:\\\/\\\/buletin.de\\\/bucuresti\\\/#organization\"},\"potentialAction\":[{\"@type\":\"SearchAction\",\"target\":{\"@type\":\"EntryPoint\",\"urlTemplate\":\"https:\\\/\\\/buletin.de\\\/bucuresti\\\/?s={search_term_string}\"},\"query-input\":{\"@type\":\"PropertyValueSpecification\",\"valueRequired\":true,\"valueName\":\"search_term_string\"}}],\"inLanguage\":\"en-GB\"},{\"@type\":\"Organization\",\"@id\":\"https:\\\/\\\/buletin.de\\\/bucuresti\\\/#organization\",\"name\":\"Buletin de Bucure\u0219ti\",\"url\":\"https:\\\/\\\/buletin.de\\\/bucuresti\\\/\",\"logo\":{\"@type\":\"ImageObject\",\"inLanguage\":\"en-GB\",\"@id\":\"https:\\\/\\\/buletin.de\\\/bucuresti\\\/#\\\/schema\\\/logo\\\/image\\\/\",\"url\":\"https:\\\/\\\/buletin.de\\\/bucuresti\\\/wp-content\\\/uploads\\\/logo-bdb-full-wide-vernil-transparent.png\",\"contentUrl\":\"https:\\\/\\\/buletin.de\\\/bucuresti\\\/wp-content\\\/uploads\\\/logo-bdb-full-wide-vernil-transparent.png\",\"width\":1782,\"height\":626,\"caption\":\"Buletin de Bucure\u0219ti\"},\"image\":{\"@id\":\"https:\\\/\\\/buletin.de\\\/bucuresti\\\/#\\\/schema\\\/logo\\\/image\\\/\"},\"sameAs\":[\"https:\\\/\\\/www.facebook.com\\\/buletin.de.buc\",\"https:\\\/\\\/www.instagram.com\\\/buletinde.bucuresti\\\/\"]},{\"@type\":\"Person\",\"@id\":\"https:\\\/\\\/buletin.de\\\/bucuresti\\\/#\\\/schema\\\/person\\\/8badd0805392c02e16b744e0d5cd3625\",\"name\":\"Deniz Garguli\",\"image\":{\"@type\":\"ImageObject\",\"inLanguage\":\"en-GB\",\"@id\":\"https:\\\/\\\/buletin.de\\\/bucuresti\\\/wp-content\\\/uploads\\\/2026\\\/06\\\/BDB_Deniz-1-96x96.jpgba95f600d547b787bc58e580a19f8dac\",\"url\":\"https:\\\/\\\/buletin.de\\\/bucuresti\\\/wp-content\\\/uploads\\\/2026\\\/06\\\/BDB_Deniz-1-96x96.jpg\",\"contentUrl\":\"https:\\\/\\\/buletin.de\\\/bucuresti\\\/wp-content\\\/uploads\\\/2026\\\/06\\\/BDB_Deniz-1-96x96.jpg\",\"caption\":\"Deniz Garguli\"},\"description\":\"N\u0103scut\u0103 \u0219i crescut\u0103 \u00een Capital\u0103, dorin\u021ba de a fi la curent cu tot ce se \u00eent\u00e2mpl\u0103 \u00een Bucure\u0219ti a \u00eempins-o c\u0103tre pres\u0103, mai cu seam\u0103 c\u0103tre cea local\u0103. A lucrat vreme de patru ani la B365, unde s-a ocupat de \u0219tiri despre ora\u0219 \u0219i oamenii care locuiesc \u00een el. Din 2026 s-a al\u0103turat echipei Buletin de Bucure\u0219ti.\",\"url\":\"https:\\\/\\\/buletin.de\\\/bucuresti\\\/author\\\/deniz-garguli\\\/\"}]}<\/script>\n<!-- \/ Yoast SEO Premium plugin. -->","yoast_head_json":{"title":"Bucure\u0219tiul r\u0103m\u00e2ne \u201espart\u201d cu \u0219antiere majore \u00eenc\u0103 doi ani. Ciucu: \u201eNu m\u0103 \u00eenjur\u0103 lumea pe strad\u0103. Vor mai fi \u0219antiere noi, urmeaz\u0103 lucr\u0103ri de pietonizare\u201d - Buletin de Bucure\u0219ti","description":"\u00cen anul 2026, \u00een Bucure\u0219ti a \u00eenceput un proces amplu de repara\u021bii, ora\u0219ul ajung\u00e2nd s\u0103 fie acaparat de zeci de \u0219antiere.","robots":{"index":"index","follow":"follow","max-snippet":"max-snippet:-1","max-image-preview":"max-image-preview:large","max-video-preview":"max-video-preview:-1"},"canonical":"https:\/\/buletin.de\/bucuresti\/bucurestiul-ramane-spart-cu-santiere-majore-cel-putin-inca-doi-ani-ciucu-nu-ma-injura-lumea-pe-strada-vor-mai-fi-santiere-noi-urmeaza-lucrari-de-pietonizare\/","og_locale":"en_GB","og_type":"article","og_title":"Bucure\u0219tiul r\u0103m\u00e2ne \u201espart\u201d cu \u0219antiere majore \u00eenc\u0103 doi ani. Ciucu: \u201eNu m\u0103 \u00eenjur\u0103 lumea pe strad\u0103. Vor mai fi \u0219antiere noi, urmeaz\u0103 lucr\u0103ri de pietonizare\u201d","og_description":"\u00cen anul 2026, \u00een Bucure\u0219ti a \u00eenceput un proces amplu de repara\u021bii, ora\u0219ul ajung\u00e2nd s\u0103 fie acaparat de zeci de \u0219antiere.","og_url":"https:\/\/buletin.de\/bucuresti\/bucurestiul-ramane-spart-cu-santiere-majore-cel-putin-inca-doi-ani-ciucu-nu-ma-injura-lumea-pe-strada-vor-mai-fi-santiere-noi-urmeaza-lucrari-de-pietonizare\/","og_site_name":"Buletin de Bucure\u0219ti","article_publisher":"https:\/\/www.facebook.com\/buletin.de.buc","article_published_time":"2026-09-06T04:32:27+00:00","article_modified_time":"2026-09-06T05:08:03+00:00","og_image":[{"width":2560,"height":1707,"url":"https:\/\/buletin.de\/bucuresti\/wp-content\/uploads\/2026\/09\/Bucurestiul-ramane-plin-de-santiere-scaled.jpg","type":"image\/jpeg"}],"author":"Deniz Garguli","twitter_card":"summary_large_image","twitter_misc":{"Written by":"Deniz Garguli","Estimated reading time":"7 minutes"},"schema":{"@context":"https:\/\/schema.org","@graph":[{"@type":"Article","@id":"https:\/\/buletin.de\/bucuresti\/bucurestiul-ramane-spart-cu-santiere-majore-cel-putin-inca-doi-ani-ciucu-nu-ma-injura-lumea-pe-strada-vor-mai-fi-santiere-noi-urmeaza-lucrari-de-pietonizare\/#article","isPartOf":{"@id":"https:\/\/buletin.de\/bucuresti\/bucurestiul-ramane-spart-cu-santiere-majore-cel-putin-inca-doi-ani-ciucu-nu-ma-injura-lumea-pe-strada-vor-mai-fi-santiere-noi-urmeaza-lucrari-de-pietonizare\/"},"author":{"name":"Deniz Garguli","@id":"https:\/\/buletin.de\/bucuresti\/#\/schema\/person\/8badd0805392c02e16b744e0d5cd3625"},"headline":"Bucure\u0219tiul r\u0103m\u00e2ne \u201espart\u201d cu \u0219antiere majore \u00eenc\u0103 doi ani. Ciucu: \u201eNu m\u0103 \u00eenjur\u0103 lumea pe strad\u0103. Vor mai fi \u0219antiere noi, urmeaz\u0103 lucr\u0103ri de pietonizare\u201d","datePublished":"2026-09-06T04:32:27+00:00","dateModified":"2026-09-06T05:08:03+00:00","mainEntityOfPage":{"@id":"https:\/\/buletin.de\/bucuresti\/bucurestiul-ramane-spart-cu-santiere-majore-cel-putin-inca-doi-ani-ciucu-nu-ma-injura-lumea-pe-strada-vor-mai-fi-santiere-noi-urmeaza-lucrari-de-pietonizare\/"},"wordCount":1609,"publisher":{"@id":"https:\/\/buletin.de\/bucuresti\/#organization"},"image":{"@id":"https:\/\/buletin.de\/bucuresti\/bucurestiul-ramane-spart-cu-santiere-majore-cel-putin-inca-doi-ani-ciucu-nu-ma-injura-lumea-pe-strada-vor-mai-fi-santiere-noi-urmeaza-lucrari-de-pietonizare\/#primaryimage"},"thumbnailUrl":"https:\/\/buletin.de\/bucuresti\/wp-content\/uploads\/2026\/09\/Bucurestiul-ramane-plin-de-santiere-scaled.jpg","keywords":["Bucure\u0219ti","ciprian ciucu","infrastructur\u0103 Bucure\u0219ti","Investi\u021bii","linii de tramvai","Prim\u0103ria Capitalei","\u0219antiere bucure\u0219ti","termoficare"],"articleSection":["Articole","Featured","Prim\u0103rie"],"inLanguage":"en-GB","copyrightYear":"2026","copyrightHolder":{"@id":"https:\/\/buletin.de\/bucuresti\/#organization"}},{"@type":"WebPage","@id":"https:\/\/buletin.de\/bucuresti\/bucurestiul-ramane-spart-cu-santiere-majore-cel-putin-inca-doi-ani-ciucu-nu-ma-injura-lumea-pe-strada-vor-mai-fi-santiere-noi-urmeaza-lucrari-de-pietonizare\/","url":"https:\/\/buletin.de\/bucuresti\/bucurestiul-ramane-spart-cu-santiere-majore-cel-putin-inca-doi-ani-ciucu-nu-ma-injura-lumea-pe-strada-vor-mai-fi-santiere-noi-urmeaza-lucrari-de-pietonizare\/","name":"Bucure\u0219tiul r\u0103m\u00e2ne \u201espart\u201d cu \u0219antiere majore \u00eenc\u0103 doi ani. Ciucu: \u201eNu m\u0103 \u00eenjur\u0103 lumea pe strad\u0103. Vor mai fi \u0219antiere noi, urmeaz\u0103 lucr\u0103ri de pietonizare\u201d - Buletin de Bucure\u0219ti","isPartOf":{"@id":"https:\/\/buletin.de\/bucuresti\/#website"},"primaryImageOfPage":{"@id":"https:\/\/buletin.de\/bucuresti\/bucurestiul-ramane-spart-cu-santiere-majore-cel-putin-inca-doi-ani-ciucu-nu-ma-injura-lumea-pe-strada-vor-mai-fi-santiere-noi-urmeaza-lucrari-de-pietonizare\/#primaryimage"},"image":{"@id":"https:\/\/buletin.de\/bucuresti\/bucurestiul-ramane-spart-cu-santiere-majore-cel-putin-inca-doi-ani-ciucu-nu-ma-injura-lumea-pe-strada-vor-mai-fi-santiere-noi-urmeaza-lucrari-de-pietonizare\/#primaryimage"},"thumbnailUrl":"https:\/\/buletin.de\/bucuresti\/wp-content\/uploads\/2026\/09\/Bucurestiul-ramane-plin-de-santiere-scaled.jpg","datePublished":"2026-09-06T04:32:27+00:00","dateModified":"2026-09-06T05:08:03+00:00","description":"\u00cen anul 2026, \u00een Bucure\u0219ti a \u00eenceput un proces amplu de repara\u021bii, ora\u0219ul ajung\u00e2nd s\u0103 fie acaparat de zeci de \u0219antiere.","breadcrumb":{"@id":"https:\/\/buletin.de\/bucuresti\/bucurestiul-ramane-spart-cu-santiere-majore-cel-putin-inca-doi-ani-ciucu-nu-ma-injura-lumea-pe-strada-vor-mai-fi-santiere-noi-urmeaza-lucrari-de-pietonizare\/#breadcrumb"},"inLanguage":"en-GB","potentialAction":[{"@type":"ReadAction","target":["https:\/\/buletin.de\/bucuresti\/bucurestiul-ramane-spart-cu-santiere-majore-cel-putin-inca-doi-ani-ciucu-nu-ma-injura-lumea-pe-strada-vor-mai-fi-santiere-noi-urmeaza-lucrari-de-pietonizare\/"]}]},{"@type":"ImageObject","inLanguage":"en-GB","@id":"https:\/\/buletin.de\/bucuresti\/bucurestiul-ramane-spart-cu-santiere-majore-cel-putin-inca-doi-ani-ciucu-nu-ma-injura-lumea-pe-strada-vor-mai-fi-santiere-noi-urmeaza-lucrari-de-pietonizare\/#primaryimage","url":"https:\/\/buletin.de\/bucuresti\/wp-content\/uploads\/2026\/09\/Bucurestiul-ramane-plin-de-santiere-scaled.jpg","contentUrl":"https:\/\/buletin.de\/bucuresti\/wp-content\/uploads\/2026\/09\/Bucurestiul-ramane-plin-de-santiere-scaled.jpg","width":2560,"height":1707,"caption":"Surs\u0103 foto: Inquam Photos \/George C\u0103lin"},{"@type":"BreadcrumbList","@id":"https:\/\/buletin.de\/bucuresti\/bucurestiul-ramane-spart-cu-santiere-majore-cel-putin-inca-doi-ani-ciucu-nu-ma-injura-lumea-pe-strada-vor-mai-fi-santiere-noi-urmeaza-lucrari-de-pietonizare\/#breadcrumb","itemListElement":[{"@type":"ListItem","position":1,"name":"Acas\u0103","item":"https:\/\/buletin.de\/bucuresti\/"},{"@type":"ListItem","position":2,"name":"Bucure\u0219tiul r\u0103m\u00e2ne \u201espart\u201d cu \u0219antiere majore \u00eenc\u0103 doi ani. Ciucu: \u201eNu m\u0103 \u00eenjur\u0103 lumea pe strad\u0103. Vor mai fi \u0219antiere noi, urmeaz\u0103 lucr\u0103ri de pietonizare\u201d"}]},{"@type":"WebSite","@id":"https:\/\/buletin.de\/bucuresti\/#website","url":"https:\/\/buletin.de\/bucuresti\/","name":"Buletin de Bucure\u0219ti","description":"\u0218tiri \u0219i investiga\u021bii esen\u021biale din capital\u0103","publisher":{"@id":"https:\/\/buletin.de\/bucuresti\/#organization"},"potentialAction":[{"@type":"SearchAction","target":{"@type":"EntryPoint","urlTemplate":"https:\/\/buletin.de\/bucuresti\/?s={search_term_string}"},"query-input":{"@type":"PropertyValueSpecification","valueRequired":true,"valueName":"search_term_string"}}],"inLanguage":"en-GB"},{"@type":"Organization","@id":"https:\/\/buletin.de\/bucuresti\/#organization","name":"Buletin de Bucure\u0219ti","url":"https:\/\/buletin.de\/bucuresti\/","logo":{"@type":"ImageObject","inLanguage":"en-GB","@id":"https:\/\/buletin.de\/bucuresti\/#\/schema\/logo\/image\/","url":"https:\/\/buletin.de\/bucuresti\/wp-content\/uploads\/logo-bdb-full-wide-vernil-transparent.png","contentUrl":"https:\/\/buletin.de\/bucuresti\/wp-content\/uploads\/logo-bdb-full-wide-vernil-transparent.png","width":1782,"height":626,"caption":"Buletin de Bucure\u0219ti"},"image":{"@id":"https:\/\/buletin.de\/bucuresti\/#\/schema\/logo\/image\/"},"sameAs":["https:\/\/www.facebook.com\/buletin.de.buc","https:\/\/www.instagram.com\/buletinde.bucuresti\/"]},{"@type":"Person","@id":"https:\/\/buletin.de\/bucuresti\/#\/schema\/person\/8badd0805392c02e16b744e0d5cd3625","name":"Deniz Garguli","image":{"@type":"ImageObject","inLanguage":"en-GB","@id":"https:\/\/buletin.de\/bucuresti\/wp-content\/uploads\/2026\/06\/BDB_Deniz-1-96x96.jpgba95f600d547b787bc58e580a19f8dac","url":"https:\/\/buletin.de\/bucuresti\/wp-content\/uploads\/2026\/06\/BDB_Deniz-1-96x96.jpg","contentUrl":"https:\/\/buletin.de\/bucuresti\/wp-content\/uploads\/2026\/06\/BDB_Deniz-1-96x96.jpg","caption":"Deniz Garguli"},"description":"N\u0103scut\u0103 \u0219i crescut\u0103 \u00een Capital\u0103, dorin\u021ba de a fi la curent cu tot ce se \u00eent\u00e2mpl\u0103 \u00een Bucure\u0219ti a \u00eempins-o c\u0103tre pres\u0103, mai cu seam\u0103 c\u0103tre cea local\u0103. A lucrat vreme de patru ani la B365, unde s-a ocupat de \u0219tiri despre ora\u0219 \u0219i oamenii care locuiesc \u00een el. Din 2026 s-a al\u0103turat echipei Buletin de Bucure\u0219ti.","url":"https:\/\/buletin.de\/bucuresti\/author\/deniz-garguli\/"}]}},"authors":[{"term_id":26103,"user_id":66,"is_guest":0,"slug":"deniz-garguli","display_name":"Deniz Garguli","avatar_url":"https:\/\/buletin.de\/bucuresti\/wp-content\/uploads\/2026\/06\/BDB_Deniz-1-96x96.jpg","author_category":"","first_name":"Deniz","last_name":"Garguli","user_url":"","job_title":"","description":"N\u0103scut\u0103 \u0219i crescut\u0103 \u00een Capital\u0103, dorin\u021ba de a fi la curent cu tot ce se \u00eent\u00e2mpl\u0103 \u00een Bucure\u0219ti a \u00eempins-o c\u0103tre pres\u0103, mai cu seam\u0103 c\u0103tre cea local\u0103. A lucrat vreme de patru ani la B365, unde s-a ocupat de \u0219tiri despre ora\u0219 \u0219i oamenii care locuiesc \u00een el. Din 2026 s-a al\u0103turat echipei Buletin de Bucure\u0219ti."}],"_links":{"self":[{"href":"https:\/\/buletin.de\/bucuresti\/wp-json\/wp\/v2\/posts\/215552","targetHints":{"allow":["GET"]}}],"collection":[{"href":"https:\/\/buletin.de\/bucuresti\/wp-json\/wp\/v2\/posts"}],"about":[{"href":"https:\/\/buletin.de\/bucuresti\/wp-json\/wp\/v2\/types\/post"}],"author":[{"embeddable":true,"href":"https:\/\/buletin.de\/bucuresti\/wp-json\/wp\/v2\/users\/66"}],"replies":[{"embeddable":true,"href":"https:\/\/buletin.de\/bucuresti\/wp-json\/wp\/v2\/comments?post=215552"}],"version-history":[{"count":11,"href":"https:\/\/buletin.de\/bucuresti\/wp-json\/wp\/v2\/posts\/215552\/revisions"}],"predecessor-version":[{"id":216215,"href":"https:\/\/buletin.de\/bucuresti\/wp-json\/wp\/v2\/posts\/215552\/revisions\/216215"}],"wp:featuredmedia":[{"embeddable":true,"href":"https:\/\/buletin.de\/bucuresti\/wp-json\/wp\/v2\/media\/216203"}],"wp:attachment":[{"href":"https:\/\/buletin.de\/bucuresti\/wp-json\/wp\/v2\/media?parent=215552"}],"wp:term":[{"taxonomy":"category","embeddable":true,"href":"https:\/\/buletin.de\/bucuresti\/wp-json\/wp\/v2\/categories?post=215552"},{"taxonomy":"post_tag","embeddable":true,"href":"https:\/\/buletin.de\/bucuresti\/wp-json\/wp\/v2\/tags?post=215552"},{"taxonomy":"author","embeddable":true,"href":"https:\/\/buletin.de\/bucuresti\/wp-json\/wp\/v2\/ppma_author?post=215552"}],"curies":[{"name":"wp","href":"https:\/\/api.w.org\/{rel}","templated":true}]}}