{"id":215500,"date":"2026-09-02T22:08:51","date_gmt":"2026-09-02T19:08:51","guid":{"rendered":"https:\/\/buletin.de\/bucuresti\/?p=215500"},"modified":"2026-09-02T22:19:13","modified_gmt":"2026-09-02T19:19:13","slug":"schimbari-in-transportul-metropolitan-bucuresti-ilfov-reduceri-de-posturi-si-trasee-scurtate","status":"publish","type":"post","link":"https:\/\/buletin.de\/bucuresti\/schimbari-in-transportul-metropolitan-bucuresti-ilfov-reduceri-de-posturi-si-trasee-scurtate\/","title":{"rendered":"Schimb\u0103ri \u00een transportul metropolitan Bucure\u0219ti-Ilfov: trasee scurtate \u0219i reduceri de posturi la TPBI"},"content":{"rendered":"\n<p class=\"wp-block-paragraph\"><strong>Primarul general Ciprian Ciucu anun\u021b\u0103 o serie de posibile schimb\u0103ri privind transportul public din zona metropolitan\u0103 Bucure\u0219ti-Ilfov. <\/strong><\/p>\n\n\n\n<p class=\"wp-block-paragraph\"><strong>Printre m\u0103surile propuse se num\u0103r\u0103 reducerea num\u0103rului de posturi din cadrul Asocia\u021biei de Dezvoltare Intercomunitar\u0103 pentru Transport Public Bucure\u0219ti \u2013 Ilfov (TPBI) \u0219i scurtarea traseelor, astfel \u00eenc\u00e2t autobuzele care vin din Ilfov s\u0103 se opreasc\u0103 la primele sta\u021bii de metrou sau tramvai din Capital\u0103.<\/strong><\/p>\n\n\n\n<h2 id=\"h-intalnire-cu-primarii-din-ilfov-despre-reorganizarea-tpbi\" class=\"wp-block-heading\">\u00cent\u00e2lnire cu primarii din Ilfov, despre reorganizarea TPBI<\/h2>\n\n\n\n<p class=\"wp-block-paragraph\">Edilul Capitalei a participat miercuri, 2 septembrie, la o \u00eent\u00e2lnire cu primarii din Ilfov, membrii \u00een Adunarea General\u0103 a Ac\u021bionarilor (AGA) a TPBI, pentru a discuta despre reorganizarea asocia\u021biei responsabile de transportul public metropolitan.<\/p>\n\n\n\n<p class=\"wp-block-paragraph\">\u00cent\u00e2lnirea a avut loc \u00een contextul dificult\u0103\u021bilor financiare cu care se confrunt\u0103 Prim\u0103ria Capitalei \u0219i Societatea de Transport Bucure\u0219ti (STB), companie care \u0219i-a depus recent <a href=\"https:\/\/buletin.de\/bucuresti\/insolventa-stb-revine-pe-masa-tribunalului-bucuresti-primul-termen-stabilit-saptamana-viitoare\/\">cea de-a doua cerere de intrare \u00een insolven\u021b\u0103<\/a> la Tribunalul Bucure\u0219ti.<\/p>\n\n\n\n<p class=\"wp-block-paragraph\">\u201ePrimarul general nu mai are \u00een control direct transportul public din Bucure\u0219ti, pentru c\u0103 \u00een 2017 s-a \u00eenfiin\u021bat o asocia\u021bie de dezvoltare intercomunitar\u0103 \u00eentre Bucure\u0219ti \u0219i Ilfov. <\/p>\n\n\n\n<p class=\"wp-block-paragraph\">\u0218i aceast\u0103 asocia\u021bie este responsabil\u0103 de transportul din Bucure\u0219ti \u0219i Ilfov, ea este autoritatea public\u0103 tutelar\u0103, deci nu mai este Consiliul General sau Prim\u0103ria Capitalei.<\/p>\n\n\n\n<p class=\"wp-block-paragraph\">TPBI decide liniile, pe unde circul\u0103 autobuzele prin Bucure\u0219ti, c\u00e2t se dezvolt\u0103 transportul \u00een Ilfov, \u0219i multe alte lucruri. Din acest motiv, am sim\u021bit nevoia s\u0103 ne \u00eent\u00e2lnim\u201d, a explicat Ciprian Ciucu pentru Buletin de Bucure\u0219ti.<\/p>\n\n\n\n<h2 id=\"h-schimbari-in-transportul-metropolitan-bucure\u0219ti-ilfov-reduceri-de-posturi-\u0219i-trasee-scurtate\" class=\"wp-block-heading\">Schimb\u0103ri \u00een transportul metropolitan Bucure\u0219ti-Ilfov: reduceri de posturi \u0219i trasee scurtate<\/h2>\n\n\n\n<p class=\"wp-block-paragraph\"><strong>Edilul sus\u021bine c\u0103 o parte din problemele financiare cu care se confrunt\u0103 Prim\u0103ria Capitalei \u0219i STB au fost cauzate de TPBI, \u00een contextul \u00een care Bucure\u0219tiul suport\u0103 90% din costurile transportului din Ilfov, printr-o subven\u021bie de circa 230 de milioane de lei pe an.<\/strong><\/p>\n\n\n\n<p class=\"wp-block-paragraph\">Ciprian Ciucu critic\u0103 extinderea liniilor metropolitane p\u00e2n\u0103 \u00een zone centrale ale Capitalei \u0219i sus\u021bine optimizarea traseelor, astfel \u00eenc\u00e2t autobuzele care vin din Ilfov s\u0103 opreasc\u0103 la intrarea \u00een Bucure\u0219ti, la prima sta\u021bie de metrou sau tramvai.<\/p>\n\n\n\n<p class=\"wp-block-paragraph\">\u201eS-au extins foarte mult traseele \u00een Bucure\u0219ti \u0219i Ilfov. Cu alte cuvinte, STB-ul \u0219i companiile din Ilfov ajung p\u00e2n\u0103 \u00een centrul ora\u0219ului, ceea ce \u00eenseamn\u0103 mii de kilometri pe care \u00eei pl\u0103tim \u00een plus. <\/p>\n\n\n\n<p class=\"wp-block-paragraph\">De\u0219i practicile cele mai bune, din mobilitate, spun c\u0103 periurbanul trebuie s\u0103 vin\u0103 p\u00e2n\u0103 la primul punct intermodal de mare capacitate, care \u00een legisla\u021bie, este definit drept metrou sau tramvai. S\u0103 nu mai vin\u0103 p\u00e2n\u0103 la Perla sau p\u00e2n\u0103 la Bucur Obor, care \u00eenseamn\u0103 bani \u00een plus, deja ai transport acolo.<\/p>\n\n\n\n<p class=\"wp-block-paragraph\">Am discutat \u0219i am g\u0103sit deschidere, s\u0103 vedem c\u00e2nd va fi luat\u0103 o decizie pentru o ra\u021bionalizare a acestor trasee. Ne cost\u0103 foarte mult\u201d, a declarat primarul general pentru Buletin de Bucure\u0219ti.<\/p>\n\n\n\n<p class=\"wp-block-paragraph\">Amintim, m\u0103sur\u0103 propus\u0103 a fost aplicat\u0103 \u00een cazul liniilor STV 438 \u0219i 475, care au avut cap\u0103tul, pentru o scurt\u0103 perioad\u0103, la sta\u021bia de metrou Tudor Arghezi. <\/p>\n\n\n\n<p class=\"wp-block-paragraph\">Totu\u0219i, autobuzele au revenit \u00een Pia\u021ba Sudului, dup\u0103 ce decizia de scurtare a traseelor a fost suspendat\u0103 de Tribunalul Ilfov, \u00een procesul deschis de Vasile Diaconu, consilier local al comunei Berceni.<\/p>\n\n\n\n<p class=\"wp-block-paragraph\"><strong>CITE\u0218TE \u0218I: <a href=\"https:\/\/buletin.de\/bucuresti\/liniile-438-si-475-revin-in-piata-sudului-sambata\/\">Liniile 438 \u0219i 475 revin \u00een Pia\u021ba Sudului, de s\u00e2mb\u0103t\u0103, dup\u0103 ce instan\u021ba a suspendat decizia TPBI<\/a><\/strong><\/p>\n\n\n\n<h2 id=\"h-tpbi-are-peste-200-de-posturi-ciprian-ciucu-voi-veni-cu-o-organigrama-mai-supla\" class=\"wp-block-heading\">TPBI are peste 200 de posturi. Ciprian Ciucu: Voi veni cu o organigram\u0103 mai supl\u0103<\/h2>\n\n\n\n<p class=\"wp-block-paragraph\"><strong>O alt\u0103 m\u0103sur\u0103 propus\u0103 de Ciprian Ciucu vizeaz\u0103 reducerea num\u0103rului de posturi din cadrul TPBI, care a ajuns la peste 200. De\u0219i propunerea de reorganizarea a fost respins\u0103 \u00een trecut, edilul sus\u021bine c\u0103 primarii din Ilfov au ar\u0103tat mai mult\u0103 deschidere \u00een cadrul \u00eent\u00e2lnirii de miercuri<\/strong>.<\/p>\n\n\n\n<p class=\"wp-block-paragraph\">\u201eProblema cu aceast\u0103 asocia\u021bie este c\u0103 a cam sc\u0103pat de sub control \u0219i, ca orice lucru bun, este pervertit \u0219i abuzat. Am propus o revenire la un num\u0103r mai mic de posturi, ea a plecat cu 60 de posturi \u0219i a ajuns la peste 200. Mi se pare mult prea mult.<\/p>\n\n\n\n<p class=\"wp-block-paragraph\">Am propus reorganizarea \u00een trecut, s\u0103 fie luat\u0103 decizia \u00een Consiliul Director, unde primarul general are un cuv\u00e2nt de spus, \u0219i nu \u00een AGA. \u0218i nu au fost de acord, dar ast\u0103zi ne-am v\u0103zut \u0219i cumva am \u00eenceput s\u0103 colabor\u0103m. Atmosfera a fost destul de bun\u0103, spre surprinderea mea\u201d, a mai precizat Ciprian Ciucu pentru Buletin de Bucure\u0219ti.<\/p>\n\n\n\n<p class=\"wp-block-paragraph\"><strong>CITE\u0218TE \u0218I: <a href=\"https:\/\/buletin.de\/bucuresti\/ciucu-il-acuza-pe-fostul-director-al-tpbi-asociatia-care-reglementeaza-transportul-in-bucuresti-si-ifov-ca-si-a-angajat-toate-rudele-ghitulescu-doar-fiul-meu-este-angajat\/\">Ciucu \u00eel acuz\u0103 pe fostul director al TPBI, asocia\u021bia care reglementeaz\u0103 transportul \u00een Bucure\u0219ti \u0219i Ifov, c\u0103 \u0219i-a angajat toate rudele. Ghi\u021bulescu: \u201eDoar fiul meu este angajat\u201d<\/a><\/strong><\/p>\n\n\n\n<h2 id=\"h-subven\u021bie-redusa-pentru-transportul-metropolitan-daca-economiile-nu-sunt-suficiente\" class=\"wp-block-heading\">Subven\u021bie redus\u0103 pentru transportul metropolitan, dac\u0103 economiile nu sunt suficiente<\/h2>\n\n\n\n<p class=\"wp-block-paragraph\"><strong>O alt\u0103 problem\u0103 semnalat\u0103 de Ciprian Ciucu este cea a subven\u021biei pentru transportul metropolitan, suportat\u0103 aproape integral de Municipiul Bucure\u0219ti. Edilul spune c\u0103 a discutat cu primarii ilfoveni despre o posibil\u0103 sc\u0103dere a subven\u021biei, \u00eens\u0103 doar dac\u0103 m\u0103surile propuse, \u0219i anume reducerea posturilor \u0219i optimizarea traseelor, nu vor fi suficiente.<\/strong><\/p>\n\n\n\n<p class=\"wp-block-paragraph\">\u201e\u00cenainte era pl\u0103tit 100% de c\u0103tre Ilfov, acum 90% pl\u0103te\u0219te Bucure\u0219tiul, 10% Ilfovul. Eu \u00een\u021beleg, avem nevoie de transport de calitate periurban, dar trebuie s\u0103 fac\u0103 \u0219i d\u00e2n\u0219ii un efort. <\/p>\n\n\n\n<p class=\"wp-block-paragraph\">\u0218i am agreat a\u0219a: s\u0103 vin cu o organigram\u0103 mai supl\u0103, ca s\u0103 reducem costurile la nivelul ADI TPBI. S\u0103 venim cu ni\u0219te propuneri, discutate transparent cu d\u00e2n\u0219ii, pentru ra\u021bionalizarea traseelor, s\u0103 elimin\u0103m dublajele. <\/p>\n\n\n\n<p class=\"wp-block-paragraph\">Dac\u0103 vom vedea c\u0103 economiile sunt satisf\u0103c\u0103toare, r\u0103m\u00e2nem pe acest procent. Dac\u0103 \u00een continuare nu va fi suportabil bugetar pentru Bucure\u0219ti, va trebui s\u0103 umbl\u0103m pu\u021bin \u0219i la procent.<\/p>\n\n\n\n<p class=\"wp-block-paragraph\">Deja am venit cu val de optimiz\u0103ri la nivel de ADI TPBI, la ini\u021biativa mea, \u0219i am avut deja economii de circa 2,5 milioane de lei pe lun\u0103, deci undeva la 30 de milioane pe an. O s\u0103 mergem \u0219i mai mult cu aceste optimiz\u0103ri\u201d, a ad\u0103ugat Ciprian Ciucu.<\/p>\n\n\n\n<p class=\"wp-block-paragraph\">Nu este prima dat\u0103 c\u00e2nd Ciprian Ciucu aduce \u00een discu\u021bie posibila diminuare a subven\u021biei pentru transportul metropolitan. La \u00eenceputul acestui an, propunerea a fost aspru criticat\u0103 de pre\u0219edintele Consiliului Jude\u021bean Ilfov Hubert Thuma (PNL), care a amenin\u021bat Bucure\u0219tiul cu o criz\u0103 a gunoaielor \u0219i a construc\u021biei de locuin\u021be.<\/p>\n\n\n\n<p class=\"wp-block-paragraph\">Liberalul nu a participat la \u00eent\u0103lnirea de miercuri, 2 septembrie, de\u0219i face parte din Adunarea General\u0103 a Ac\u021bionarilor a TPBI.<\/p>\n\n\n\n<p class=\"wp-block-paragraph\"><strong>CITE\u0218TE \u0218I: <a href=\"https:\/\/buletin.de\/bucuresti\/presedintele-consiliului-judetean-ilfov-ameninta-bucurestiul-cu-o-criza-a-gunoaielor-si-a-constructiei-de-locuinte-daca-ciucu-taie-subventia-pentru-transportul-metropolitan\/\">Pre\u0219edintele Consiliului Jude\u021bean Ilfov amenin\u021b\u0103 Bucure\u0219tiul cu o criz\u0103 a gunoaielor \u0219i a construc\u021biei de locuin\u021be, dac\u0103 Ciucu taie subven\u021bia pentru transportul metropolitan<\/a><\/strong><\/p>\n\n\n\n<p class=\"wp-block-paragraph\"><\/p>\n","protected":false},"excerpt":{"rendered":"<p>Primarul general Ciprian Ciucu anun\u021b\u0103 o serie de posibile schimb\u0103ri privind transportul public din zona metropolitan\u0103 Bucure\u0219ti-Ilfov. Printre m\u0103surile propuse se num\u0103r\u0103 reducerea num\u0103rului de posturi din cadrul Asocia\u021biei de Dezvoltare Intercomunitar\u0103 pentru Transport Public Bucure\u0219ti \u2013 Ilfov (TPBI) \u0219i scurtarea traseelor, astfel \u00eenc\u00e2t autobuzele care vin din Ilfov s\u0103 se opreasc\u0103 la primele sta\u021bii [&hellip;]<\/p>\n","protected":false},"author":55,"featured_media":215514,"comment_status":"closed","ping_status":"open","sticky":false,"template":"","format":"standard","meta":{"_acf_changed":false,"inline_featured_image":false,"ngg_post_thumbnail":0,"footnotes":""},"categories":[6994,3419,24,650],"tags":[2089,30546,30544,30545,402,2192,30548,2842,30547],"ppma_author":[22573],"class_list":["post-215500","post","type-post","status-publish","format-standard","has-post-thumbnail","hentry","category-stiri-2","category-featured","category-primarie","category-transport","tag-ciprian-ciucu","tag-linii-metropolitane-scurtate","tag-reduceri-de-posturi","tag-reorganizare-tpbi","tag-stb","tag-stv","tag-subventie-transport-metropolitan","tag-tpbi","tag-transport-public-bucuresti-ilfov"],"acf":[],"a3_pvc":{"activated":false,"total_views":0,"today_views":0},"yoast_head":"<!-- This site is optimized with the Yoast SEO Premium plugin v28.0 (Yoast SEO v28.3) - https:\/\/yoast.com\/product\/yoast-seo-premium-wordpress\/ -->\n<title>Schimb\u0103ri \u00een transportul metropolitan Bucure\u0219ti-Ilfov: trasee scurtate \u0219i reduceri de posturi la TPBI - Buletin de Bucure\u0219ti<\/title>\n<meta name=\"description\" content=\"Primarul general Ciprian Ciucu anun\u021b\u0103 o serie de posibile schimb\u0103ri privind transportul public din zona metropolitan\u0103 Bucure\u0219ti-Ilfov.\" \/>\n<meta name=\"robots\" content=\"index, follow, max-snippet:-1, max-image-preview:large, max-video-preview:-1\" \/>\n<link rel=\"canonical\" href=\"https:\/\/buletin.de\/bucuresti\/schimbari-in-transportul-metropolitan-bucuresti-ilfov-reduceri-de-posturi-si-trasee-scurtate\/\" \/>\n<meta property=\"og:locale\" content=\"en_GB\" \/>\n<meta property=\"og:type\" content=\"article\" \/>\n<meta property=\"og:title\" content=\"Schimb\u0103ri \u00een transportul metropolitan Bucure\u0219ti-Ilfov: trasee scurtate \u0219i reduceri de posturi la TPBI\" \/>\n<meta property=\"og:description\" content=\"Primarul general Ciprian Ciucu anun\u021b\u0103 o serie de posibile schimb\u0103ri privind transportul public din zona metropolitan\u0103 Bucure\u0219ti-Ilfov.\" \/>\n<meta property=\"og:url\" content=\"https:\/\/buletin.de\/bucuresti\/schimbari-in-transportul-metropolitan-bucuresti-ilfov-reduceri-de-posturi-si-trasee-scurtate\/\" \/>\n<meta property=\"og:site_name\" content=\"Buletin de Bucure\u0219ti\" \/>\n<meta property=\"article:publisher\" content=\"https:\/\/www.facebook.com\/buletin.de.buc\" \/>\n<meta property=\"article:published_time\" content=\"2026-09-02T19:08:51+00:00\" \/>\n<meta property=\"article:modified_time\" content=\"2026-09-02T19:19:13+00:00\" \/>\n<meta property=\"og:image\" content=\"https:\/\/buletin.de\/bucuresti\/wp-content\/uploads\/2026\/09\/STV-1600x1200-1.jpg\" \/>\n\t<meta property=\"og:image:width\" content=\"1600\" \/>\n\t<meta property=\"og:image:height\" content=\"1200\" \/>\n\t<meta property=\"og:image:type\" content=\"image\/jpeg\" \/>\n<meta name=\"author\" content=\"Andreea Tudor\" \/>\n<meta name=\"twitter:card\" content=\"summary_large_image\" \/>\n<meta name=\"twitter:label1\" content=\"Written by\" \/>\n\t<meta name=\"twitter:data1\" content=\"Andreea Tudor\" \/>\n\t<meta name=\"twitter:label2\" content=\"Estimated reading time\" \/>\n\t<meta name=\"twitter:data2\" content=\"5 minutes\" \/>\n<script type=\"application\/ld+json\" class=\"yoast-schema-graph\">{\"@context\":\"https:\\\/\\\/schema.org\",\"@graph\":[{\"@type\":\"Article\",\"@id\":\"https:\\\/\\\/buletin.de\\\/bucuresti\\\/schimbari-in-transportul-metropolitan-bucuresti-ilfov-reduceri-de-posturi-si-trasee-scurtate\\\/#article\",\"isPartOf\":{\"@id\":\"https:\\\/\\\/buletin.de\\\/bucuresti\\\/schimbari-in-transportul-metropolitan-bucuresti-ilfov-reduceri-de-posturi-si-trasee-scurtate\\\/\"},\"author\":{\"name\":\"Andreea Tudor\",\"@id\":\"https:\\\/\\\/buletin.de\\\/bucuresti\\\/#\\\/schema\\\/person\\\/150590659efde715459d159da012f501\"},\"headline\":\"Schimb\u0103ri \u00een transportul metropolitan Bucure\u0219ti-Ilfov: trasee scurtate \u0219i reduceri de posturi la TPBI\",\"datePublished\":\"2026-09-02T19:08:51+00:00\",\"dateModified\":\"2026-09-02T19:19:13+00:00\",\"mainEntityOfPage\":{\"@id\":\"https:\\\/\\\/buletin.de\\\/bucuresti\\\/schimbari-in-transportul-metropolitan-bucuresti-ilfov-reduceri-de-posturi-si-trasee-scurtate\\\/\"},\"wordCount\":1134,\"publisher\":{\"@id\":\"https:\\\/\\\/buletin.de\\\/bucuresti\\\/#organization\"},\"image\":{\"@id\":\"https:\\\/\\\/buletin.de\\\/bucuresti\\\/schimbari-in-transportul-metropolitan-bucuresti-ilfov-reduceri-de-posturi-si-trasee-scurtate\\\/#primaryimage\"},\"thumbnailUrl\":\"https:\\\/\\\/buletin.de\\\/bucuresti\\\/wp-content\\\/uploads\\\/2026\\\/09\\\/STV-1600x1200-1.jpg\",\"keywords\":[\"ciprian ciucu\",\"linii metropolitane scurtate\",\"reduceri de posturi\",\"reorganizare tpbi\",\"stb\",\"stv\",\"subventie transport metropolitan\",\"tpbi\",\"transport public bucuresti-ilfov\"],\"articleSection\":[\"Articole\",\"Featured\",\"Prim\u0103rie\",\"Transport\"],\"inLanguage\":\"en-GB\",\"copyrightYear\":\"2026\",\"copyrightHolder\":{\"@id\":\"https:\\\/\\\/buletin.de\\\/bucuresti\\\/#organization\"}},{\"@type\":\"WebPage\",\"@id\":\"https:\\\/\\\/buletin.de\\\/bucuresti\\\/schimbari-in-transportul-metropolitan-bucuresti-ilfov-reduceri-de-posturi-si-trasee-scurtate\\\/\",\"url\":\"https:\\\/\\\/buletin.de\\\/bucuresti\\\/schimbari-in-transportul-metropolitan-bucuresti-ilfov-reduceri-de-posturi-si-trasee-scurtate\\\/\",\"name\":\"Schimb\u0103ri \u00een transportul metropolitan Bucure\u0219ti-Ilfov: trasee scurtate \u0219i reduceri de posturi la TPBI - Buletin de Bucure\u0219ti\",\"isPartOf\":{\"@id\":\"https:\\\/\\\/buletin.de\\\/bucuresti\\\/#website\"},\"primaryImageOfPage\":{\"@id\":\"https:\\\/\\\/buletin.de\\\/bucuresti\\\/schimbari-in-transportul-metropolitan-bucuresti-ilfov-reduceri-de-posturi-si-trasee-scurtate\\\/#primaryimage\"},\"image\":{\"@id\":\"https:\\\/\\\/buletin.de\\\/bucuresti\\\/schimbari-in-transportul-metropolitan-bucuresti-ilfov-reduceri-de-posturi-si-trasee-scurtate\\\/#primaryimage\"},\"thumbnailUrl\":\"https:\\\/\\\/buletin.de\\\/bucuresti\\\/wp-content\\\/uploads\\\/2026\\\/09\\\/STV-1600x1200-1.jpg\",\"datePublished\":\"2026-09-02T19:08:51+00:00\",\"dateModified\":\"2026-09-02T19:19:13+00:00\",\"description\":\"Primarul general Ciprian Ciucu anun\u021b\u0103 o serie de posibile schimb\u0103ri privind transportul public din zona metropolitan\u0103 Bucure\u0219ti-Ilfov.\",\"breadcrumb\":{\"@id\":\"https:\\\/\\\/buletin.de\\\/bucuresti\\\/schimbari-in-transportul-metropolitan-bucuresti-ilfov-reduceri-de-posturi-si-trasee-scurtate\\\/#breadcrumb\"},\"inLanguage\":\"en-GB\",\"potentialAction\":[{\"@type\":\"ReadAction\",\"target\":[\"https:\\\/\\\/buletin.de\\\/bucuresti\\\/schimbari-in-transportul-metropolitan-bucuresti-ilfov-reduceri-de-posturi-si-trasee-scurtate\\\/\"]}]},{\"@type\":\"ImageObject\",\"inLanguage\":\"en-GB\",\"@id\":\"https:\\\/\\\/buletin.de\\\/bucuresti\\\/schimbari-in-transportul-metropolitan-bucuresti-ilfov-reduceri-de-posturi-si-trasee-scurtate\\\/#primaryimage\",\"url\":\"https:\\\/\\\/buletin.de\\\/bucuresti\\\/wp-content\\\/uploads\\\/2026\\\/09\\\/STV-1600x1200-1.jpg\",\"contentUrl\":\"https:\\\/\\\/buletin.de\\\/bucuresti\\\/wp-content\\\/uploads\\\/2026\\\/09\\\/STV-1600x1200-1.jpg\",\"width\":1600,\"height\":1200,\"caption\":\"Foto: STV\\\/ FB\"},{\"@type\":\"BreadcrumbList\",\"@id\":\"https:\\\/\\\/buletin.de\\\/bucuresti\\\/schimbari-in-transportul-metropolitan-bucuresti-ilfov-reduceri-de-posturi-si-trasee-scurtate\\\/#breadcrumb\",\"itemListElement\":[{\"@type\":\"ListItem\",\"position\":1,\"name\":\"Acas\u0103\",\"item\":\"https:\\\/\\\/buletin.de\\\/bucuresti\\\/\"},{\"@type\":\"ListItem\",\"position\":2,\"name\":\"Schimb\u0103ri \u00een transportul metropolitan Bucure\u0219ti-Ilfov: trasee scurtate \u0219i reduceri de posturi la TPBI\"}]},{\"@type\":\"WebSite\",\"@id\":\"https:\\\/\\\/buletin.de\\\/bucuresti\\\/#website\",\"url\":\"https:\\\/\\\/buletin.de\\\/bucuresti\\\/\",\"name\":\"Buletin de Bucure\u0219ti\",\"description\":\"\u0218tiri \u0219i investiga\u021bii esen\u021biale din capital\u0103\",\"publisher\":{\"@id\":\"https:\\\/\\\/buletin.de\\\/bucuresti\\\/#organization\"},\"potentialAction\":[{\"@type\":\"SearchAction\",\"target\":{\"@type\":\"EntryPoint\",\"urlTemplate\":\"https:\\\/\\\/buletin.de\\\/bucuresti\\\/?s={search_term_string}\"},\"query-input\":{\"@type\":\"PropertyValueSpecification\",\"valueRequired\":true,\"valueName\":\"search_term_string\"}}],\"inLanguage\":\"en-GB\"},{\"@type\":\"Organization\",\"@id\":\"https:\\\/\\\/buletin.de\\\/bucuresti\\\/#organization\",\"name\":\"Buletin de Bucure\u0219ti\",\"url\":\"https:\\\/\\\/buletin.de\\\/bucuresti\\\/\",\"logo\":{\"@type\":\"ImageObject\",\"inLanguage\":\"en-GB\",\"@id\":\"https:\\\/\\\/buletin.de\\\/bucuresti\\\/#\\\/schema\\\/logo\\\/image\\\/\",\"url\":\"https:\\\/\\\/buletin.de\\\/bucuresti\\\/wp-content\\\/uploads\\\/logo-bdb-full-wide-vernil-transparent.png\",\"contentUrl\":\"https:\\\/\\\/buletin.de\\\/bucuresti\\\/wp-content\\\/uploads\\\/logo-bdb-full-wide-vernil-transparent.png\",\"width\":1782,\"height\":626,\"caption\":\"Buletin de Bucure\u0219ti\"},\"image\":{\"@id\":\"https:\\\/\\\/buletin.de\\\/bucuresti\\\/#\\\/schema\\\/logo\\\/image\\\/\"},\"sameAs\":[\"https:\\\/\\\/www.facebook.com\\\/buletin.de.buc\",\"https:\\\/\\\/www.instagram.com\\\/buletinde.bucuresti\\\/\"]},{\"@type\":\"Person\",\"@id\":\"https:\\\/\\\/buletin.de\\\/bucuresti\\\/#\\\/schema\\\/person\\\/150590659efde715459d159da012f501\",\"name\":\"Andreea Tudor\",\"image\":{\"@type\":\"ImageObject\",\"inLanguage\":\"en-GB\",\"@id\":\"https:\\\/\\\/buletin.de\\\/bucuresti\\\/wp-content\\\/uploads\\\/2026\\\/06\\\/BDB_Andreea_T-5-96x96.jpg2291f994b0ece9443cb8e95c805b8b20\",\"url\":\"https:\\\/\\\/buletin.de\\\/bucuresti\\\/wp-content\\\/uploads\\\/2026\\\/06\\\/BDB_Andreea_T-5-96x96.jpg\",\"contentUrl\":\"https:\\\/\\\/buletin.de\\\/bucuresti\\\/wp-content\\\/uploads\\\/2026\\\/06\\\/BDB_Andreea_T-5-96x96.jpg\",\"caption\":\"Andreea Tudor\"},\"description\":\"Reporter la Buletin de Bucure\u0219ti de doi ani \u0219i jum\u0103tate. Sus\u021bin\u0103toare a presei independente, pasionat\u0103 de subiectele de mediu.\",\"url\":\"https:\\\/\\\/buletin.de\\\/bucuresti\\\/author\\\/andreeatudor\\\/\"}]}<\/script>\n<!-- \/ Yoast SEO Premium plugin. -->","yoast_head_json":{"title":"Schimb\u0103ri \u00een transportul metropolitan Bucure\u0219ti-Ilfov: trasee scurtate \u0219i reduceri de posturi la TPBI - Buletin de Bucure\u0219ti","description":"Primarul general Ciprian Ciucu anun\u021b\u0103 o serie de posibile schimb\u0103ri privind transportul public din zona metropolitan\u0103 Bucure\u0219ti-Ilfov.","robots":{"index":"index","follow":"follow","max-snippet":"max-snippet:-1","max-image-preview":"max-image-preview:large","max-video-preview":"max-video-preview:-1"},"canonical":"https:\/\/buletin.de\/bucuresti\/schimbari-in-transportul-metropolitan-bucuresti-ilfov-reduceri-de-posturi-si-trasee-scurtate\/","og_locale":"en_GB","og_type":"article","og_title":"Schimb\u0103ri \u00een transportul metropolitan Bucure\u0219ti-Ilfov: trasee scurtate \u0219i reduceri de posturi la TPBI","og_description":"Primarul general Ciprian Ciucu anun\u021b\u0103 o serie de posibile schimb\u0103ri privind transportul public din zona metropolitan\u0103 Bucure\u0219ti-Ilfov.","og_url":"https:\/\/buletin.de\/bucuresti\/schimbari-in-transportul-metropolitan-bucuresti-ilfov-reduceri-de-posturi-si-trasee-scurtate\/","og_site_name":"Buletin de Bucure\u0219ti","article_publisher":"https:\/\/www.facebook.com\/buletin.de.buc","article_published_time":"2026-09-02T19:08:51+00:00","article_modified_time":"2026-09-02T19:19:13+00:00","og_image":[{"width":1600,"height":1200,"url":"https:\/\/buletin.de\/bucuresti\/wp-content\/uploads\/2026\/09\/STV-1600x1200-1.jpg","type":"image\/jpeg"}],"author":"Andreea Tudor","twitter_card":"summary_large_image","twitter_misc":{"Written by":"Andreea Tudor","Estimated reading time":"5 minutes"},"schema":{"@context":"https:\/\/schema.org","@graph":[{"@type":"Article","@id":"https:\/\/buletin.de\/bucuresti\/schimbari-in-transportul-metropolitan-bucuresti-ilfov-reduceri-de-posturi-si-trasee-scurtate\/#article","isPartOf":{"@id":"https:\/\/buletin.de\/bucuresti\/schimbari-in-transportul-metropolitan-bucuresti-ilfov-reduceri-de-posturi-si-trasee-scurtate\/"},"author":{"name":"Andreea Tudor","@id":"https:\/\/buletin.de\/bucuresti\/#\/schema\/person\/150590659efde715459d159da012f501"},"headline":"Schimb\u0103ri \u00een transportul metropolitan Bucure\u0219ti-Ilfov: trasee scurtate \u0219i reduceri de posturi la TPBI","datePublished":"2026-09-02T19:08:51+00:00","dateModified":"2026-09-02T19:19:13+00:00","mainEntityOfPage":{"@id":"https:\/\/buletin.de\/bucuresti\/schimbari-in-transportul-metropolitan-bucuresti-ilfov-reduceri-de-posturi-si-trasee-scurtate\/"},"wordCount":1134,"publisher":{"@id":"https:\/\/buletin.de\/bucuresti\/#organization"},"image":{"@id":"https:\/\/buletin.de\/bucuresti\/schimbari-in-transportul-metropolitan-bucuresti-ilfov-reduceri-de-posturi-si-trasee-scurtate\/#primaryimage"},"thumbnailUrl":"https:\/\/buletin.de\/bucuresti\/wp-content\/uploads\/2026\/09\/STV-1600x1200-1.jpg","keywords":["ciprian ciucu","linii metropolitane scurtate","reduceri de posturi","reorganizare tpbi","stb","stv","subventie transport metropolitan","tpbi","transport public bucuresti-ilfov"],"articleSection":["Articole","Featured","Prim\u0103rie","Transport"],"inLanguage":"en-GB","copyrightYear":"2026","copyrightHolder":{"@id":"https:\/\/buletin.de\/bucuresti\/#organization"}},{"@type":"WebPage","@id":"https:\/\/buletin.de\/bucuresti\/schimbari-in-transportul-metropolitan-bucuresti-ilfov-reduceri-de-posturi-si-trasee-scurtate\/","url":"https:\/\/buletin.de\/bucuresti\/schimbari-in-transportul-metropolitan-bucuresti-ilfov-reduceri-de-posturi-si-trasee-scurtate\/","name":"Schimb\u0103ri \u00een transportul metropolitan Bucure\u0219ti-Ilfov: trasee scurtate \u0219i reduceri de posturi la TPBI - Buletin de Bucure\u0219ti","isPartOf":{"@id":"https:\/\/buletin.de\/bucuresti\/#website"},"primaryImageOfPage":{"@id":"https:\/\/buletin.de\/bucuresti\/schimbari-in-transportul-metropolitan-bucuresti-ilfov-reduceri-de-posturi-si-trasee-scurtate\/#primaryimage"},"image":{"@id":"https:\/\/buletin.de\/bucuresti\/schimbari-in-transportul-metropolitan-bucuresti-ilfov-reduceri-de-posturi-si-trasee-scurtate\/#primaryimage"},"thumbnailUrl":"https:\/\/buletin.de\/bucuresti\/wp-content\/uploads\/2026\/09\/STV-1600x1200-1.jpg","datePublished":"2026-09-02T19:08:51+00:00","dateModified":"2026-09-02T19:19:13+00:00","description":"Primarul general Ciprian Ciucu anun\u021b\u0103 o serie de posibile schimb\u0103ri privind transportul public din zona metropolitan\u0103 Bucure\u0219ti-Ilfov.","breadcrumb":{"@id":"https:\/\/buletin.de\/bucuresti\/schimbari-in-transportul-metropolitan-bucuresti-ilfov-reduceri-de-posturi-si-trasee-scurtate\/#breadcrumb"},"inLanguage":"en-GB","potentialAction":[{"@type":"ReadAction","target":["https:\/\/buletin.de\/bucuresti\/schimbari-in-transportul-metropolitan-bucuresti-ilfov-reduceri-de-posturi-si-trasee-scurtate\/"]}]},{"@type":"ImageObject","inLanguage":"en-GB","@id":"https:\/\/buletin.de\/bucuresti\/schimbari-in-transportul-metropolitan-bucuresti-ilfov-reduceri-de-posturi-si-trasee-scurtate\/#primaryimage","url":"https:\/\/buletin.de\/bucuresti\/wp-content\/uploads\/2026\/09\/STV-1600x1200-1.jpg","contentUrl":"https:\/\/buletin.de\/bucuresti\/wp-content\/uploads\/2026\/09\/STV-1600x1200-1.jpg","width":1600,"height":1200,"caption":"Foto: STV\/ FB"},{"@type":"BreadcrumbList","@id":"https:\/\/buletin.de\/bucuresti\/schimbari-in-transportul-metropolitan-bucuresti-ilfov-reduceri-de-posturi-si-trasee-scurtate\/#breadcrumb","itemListElement":[{"@type":"ListItem","position":1,"name":"Acas\u0103","item":"https:\/\/buletin.de\/bucuresti\/"},{"@type":"ListItem","position":2,"name":"Schimb\u0103ri \u00een transportul metropolitan Bucure\u0219ti-Ilfov: trasee scurtate \u0219i reduceri de posturi la TPBI"}]},{"@type":"WebSite","@id":"https:\/\/buletin.de\/bucuresti\/#website","url":"https:\/\/buletin.de\/bucuresti\/","name":"Buletin de Bucure\u0219ti","description":"\u0218tiri \u0219i investiga\u021bii esen\u021biale din capital\u0103","publisher":{"@id":"https:\/\/buletin.de\/bucuresti\/#organization"},"potentialAction":[{"@type":"SearchAction","target":{"@type":"EntryPoint","urlTemplate":"https:\/\/buletin.de\/bucuresti\/?s={search_term_string}"},"query-input":{"@type":"PropertyValueSpecification","valueRequired":true,"valueName":"search_term_string"}}],"inLanguage":"en-GB"},{"@type":"Organization","@id":"https:\/\/buletin.de\/bucuresti\/#organization","name":"Buletin de Bucure\u0219ti","url":"https:\/\/buletin.de\/bucuresti\/","logo":{"@type":"ImageObject","inLanguage":"en-GB","@id":"https:\/\/buletin.de\/bucuresti\/#\/schema\/logo\/image\/","url":"https:\/\/buletin.de\/bucuresti\/wp-content\/uploads\/logo-bdb-full-wide-vernil-transparent.png","contentUrl":"https:\/\/buletin.de\/bucuresti\/wp-content\/uploads\/logo-bdb-full-wide-vernil-transparent.png","width":1782,"height":626,"caption":"Buletin de Bucure\u0219ti"},"image":{"@id":"https:\/\/buletin.de\/bucuresti\/#\/schema\/logo\/image\/"},"sameAs":["https:\/\/www.facebook.com\/buletin.de.buc","https:\/\/www.instagram.com\/buletinde.bucuresti\/"]},{"@type":"Person","@id":"https:\/\/buletin.de\/bucuresti\/#\/schema\/person\/150590659efde715459d159da012f501","name":"Andreea Tudor","image":{"@type":"ImageObject","inLanguage":"en-GB","@id":"https:\/\/buletin.de\/bucuresti\/wp-content\/uploads\/2026\/06\/BDB_Andreea_T-5-96x96.jpg2291f994b0ece9443cb8e95c805b8b20","url":"https:\/\/buletin.de\/bucuresti\/wp-content\/uploads\/2026\/06\/BDB_Andreea_T-5-96x96.jpg","contentUrl":"https:\/\/buletin.de\/bucuresti\/wp-content\/uploads\/2026\/06\/BDB_Andreea_T-5-96x96.jpg","caption":"Andreea Tudor"},"description":"Reporter la Buletin de Bucure\u0219ti de doi ani \u0219i jum\u0103tate. Sus\u021bin\u0103toare a presei independente, pasionat\u0103 de subiectele de mediu.","url":"https:\/\/buletin.de\/bucuresti\/author\/andreeatudor\/"}]}},"authors":[{"term_id":22573,"user_id":55,"is_guest":0,"slug":"andreeatudor","display_name":"Andreea Tudor","avatar_url":"https:\/\/buletin.de\/bucuresti\/wp-content\/uploads\/2026\/06\/BDB_Andreea_T-5-96x96.jpg","author_category":"","first_name":"Andreea","last_name":"Tudor","user_url":"","job_title":"","description":"Reporter la Buletin de Bucure\u0219ti de doi ani \u0219i jum\u0103tate. Sus\u021bin\u0103toare a presei independente, pasionat\u0103 de subiectele de mediu."}],"_links":{"self":[{"href":"https:\/\/buletin.de\/bucuresti\/wp-json\/wp\/v2\/posts\/215500","targetHints":{"allow":["GET"]}}],"collection":[{"href":"https:\/\/buletin.de\/bucuresti\/wp-json\/wp\/v2\/posts"}],"about":[{"href":"https:\/\/buletin.de\/bucuresti\/wp-json\/wp\/v2\/types\/post"}],"author":[{"embeddable":true,"href":"https:\/\/buletin.de\/bucuresti\/wp-json\/wp\/v2\/users\/55"}],"replies":[{"embeddable":true,"href":"https:\/\/buletin.de\/bucuresti\/wp-json\/wp\/v2\/comments?post=215500"}],"version-history":[{"count":8,"href":"https:\/\/buletin.de\/bucuresti\/wp-json\/wp\/v2\/posts\/215500\/revisions"}],"predecessor-version":[{"id":215518,"href":"https:\/\/buletin.de\/bucuresti\/wp-json\/wp\/v2\/posts\/215500\/revisions\/215518"}],"wp:featuredmedia":[{"embeddable":true,"href":"https:\/\/buletin.de\/bucuresti\/wp-json\/wp\/v2\/media\/215514"}],"wp:attachment":[{"href":"https:\/\/buletin.de\/bucuresti\/wp-json\/wp\/v2\/media?parent=215500"}],"wp:term":[{"taxonomy":"category","embeddable":true,"href":"https:\/\/buletin.de\/bucuresti\/wp-json\/wp\/v2\/categories?post=215500"},{"taxonomy":"post_tag","embeddable":true,"href":"https:\/\/buletin.de\/bucuresti\/wp-json\/wp\/v2\/tags?post=215500"},{"taxonomy":"author","embeddable":true,"href":"https:\/\/buletin.de\/bucuresti\/wp-json\/wp\/v2\/ppma_author?post=215500"}],"curies":[{"name":"wp","href":"https:\/\/api.w.org\/{rel}","templated":true}]}}