{"id":215492,"date":"2026-09-02T18:51:13","date_gmt":"2026-09-02T15:51:13","guid":{"rendered":"https:\/\/buletin.de\/bucuresti\/?p=215492"},"modified":"2026-09-02T18:51:14","modified_gmt":"2026-09-02T15:51:14","slug":"video-stadiul-lucrarilor-pe-lotul-3-al-autostrazii-a0-nord-deschiderea-conditionata-de-pasajul-de-pe-dn3","status":"publish","type":"post","link":"https:\/\/buletin.de\/bucuresti\/video-stadiul-lucrarilor-pe-lotul-3-al-autostrazii-a0-nord-deschiderea-conditionata-de-pasajul-de-pe-dn3\/","title":{"rendered":"VIDEO | Stadiul lucr\u0103rilor pe Lotul 3 al autostr\u0103zii A0 Nord: deschiderea, condi\u021bionat\u0103 de pasajul de pe DN3"},"content":{"rendered":"\n<p class=\"wp-block-paragraph\"><strong>Lotul 3 al Autostr\u0103zii Bucure\u0219tiului A0 Nord ar putea fi dat \u00een trafic \u00een octombrie 2026, potrivit estim\u0103rii secretarului de stat \u00een Ministerul Transporturilor, Irinel Ionel Scrio\u0219teanu, care a efectuat o vizit\u0103 pe \u0219antier. <\/strong><\/p>\n\n\n\n<p class=\"wp-block-paragraph\">Acesta a prezentat stadiul lucr\u0103rilor de pe \u0219antier, \u00een zona DN3, unde se construie\u0219te pasajul care va supratraversa A0 \u0219i va asigura leg\u0103tura rutier\u0103 dintre Br\u0103ne\u0219ti \u0219i Pantelimon.<\/p>\n\n\n\n<h2 id=\"h-stadiul-lucrarilor-de-pe-lotul-3-al-a0-nord\" class=\"wp-block-heading\">Stadiul lucr\u0103rilor de pe Lotul 3 al A0 Nord <\/h2>\n\n\n\n<p class=\"wp-block-paragraph\"><strong><a href=\"https:\/\/www.facebook.com\/reel\/2159033191679580\" data-type=\"link\" data-id=\"https:\/\/www.facebook.com\/reel\/2159033191679580\" target=\"_blank\" rel=\"noreferrer noopener\">Oficialul a transmis<\/a> c\u0103, dup\u0103 finalizarea pasajului, va putea fi stabilit\u0103 \u0219i o dat\u0103 la care Lotul 3 al A0 Nord va putea fi dat \u00een trafic. <\/strong><\/p>\n\n\n\n<p class=\"wp-block-paragraph\"><em>\u201eAcest pasaj reprezint\u0103 cel mai \u201cfierbinte\u201d punct de pe acest \u0219antier, deoarece \u00een func\u021bie de finalizarea lui, va putea fi stabilit\u0103 \u0219i darea \u00een trafic a Lotului 3, pentru care estimez luna octombrie 2026.\u201d<\/em>, a transmis acesta.<\/p>\n\n\n\n<p class=\"wp-block-paragraph\">La pasaj au fost finalizate montarea tablierului metalic, armarea, cofrarea \u0219i turnarea pl\u0103cii de suprabetonare. \u00cen prezent, constructorul lucreaz\u0103 la armarea \u0219i cofrarea rampei spre Br\u0103ne\u0219ti, precum \u0219i la lucr\u0103rile de terasament pentru rampa dinspre Bucure\u0219ti. <\/p>\n\n\n\n<p class=\"wp-block-paragraph\">La finalul acestei s\u0103pt\u0103m\u00e2ni vor \u00eencepe lucr\u0103rile de realizare a grinzilor exterioare la nivelul celor dou\u0103 rampe ale pasajului urm\u00e2nd apoi aplicarea hidroizola\u021biei pe placa de suprabetonare a pasajului dar \u0219i a\u0219ternerea straturilor de asfalt pe pasaj \u0219i rampe. <\/p>\n\n\n\n<p class=\"wp-block-paragraph\">Pe corpul principal al autostr\u0103zii, \u00een zona pasajului, se va a\u0219terne ultimul strat de asfalt, dup\u0103 ce se va da \u00een circula\u021bie pasajul pe DN3.<\/p>\n\n\n\n<h4 id=\"h-alte-lucrari-de-pe-\u0219antier\" class=\"wp-block-heading\">Alte lucr\u0103ri de pe \u0219antier <\/h4>\n\n\n\n<p class=\"wp-block-paragraph\">Pe restul \u0219antierului au \u00eenceput lucr\u0103rile de preg\u0103tire \u0219i presemnalizare pentru realizarea marcajelor rutiere. La pasajul peste calea ferat\u0103 a fost finalizat\u0103 hidroizola\u021bia pe un fir de circula\u021bie \u0219i se a\u0219terne primul strat de asfalt. <\/p>\n\n\n\n<p class=\"wp-block-paragraph\">Totodat\u0103, se execut\u0103 lucr\u0103ri de montare a parapetului median \u0219i lateral la pasajul peste calea ferat\u0103 dar \u0219i \u00een alte puncte ale \u0219antierului. Scrio\u0219teanu a mai precizat c\u0103 se monteaz\u0103 panouri fonoabsorbante, continu\u0103 lucr\u0103rile la sistemul de iluminat public \u0219i ITS, dar \u0219i la sistemul de evacuare a apelor pluviale. <\/p>\n\n\n\n<div style=\"max-width:267px;width:100%;margin:20px auto;\">\n  <div style=\"position:relative;width:100%;padding-bottom:178.28%;overflow:hidden;border-radius:8px;\">\n    <iframe\n      src=\"https:\/\/www.facebook.com\/plugins\/video.php?height=476&#038;href=https%3A%2F%2Fwww.facebook.com%2Freel%2F2159033191679580%2F&#038;show_text=false&#038;width=267&#038;t=0\"\n      style=\"position:absolute;top:0;left:0;width:100%;height:100%;border:none;\"\n      scrolling=\"no\"\n      frameborder=\"0\"\n      allowfullscreen\n      allow=\"autoplay; clipboard-write; encrypted-media; picture-in-picture; web-share\">\n    <\/iframe>\n  <\/div>\n<\/div>\n\n\n\n<p class=\"wp-block-paragraph\"><strong>CITE\u0218TE \u0218I:\u00a0<a href=\"https:\/\/buletin.de\/bucuresti\/lucrarile-de-pe-lotul-3-al-a0-nord-se-apropie-de-final-dar-pasajul-peste-dn3-ramane-punctul-critic\/\" target=\"_blank\" rel=\"noreferrer noopener\">Lucr\u0103rile de pe lotul 3 al A0 Nord se apropie de final, dar pasajul peste DN3 r\u0103m\u00e2ne \u201epunctul critic\u201d<\/a><\/strong><\/p>\n\n\n\n<h2 id=\"h-lotul-3-ar-fi-trebuit-sa-fie-gata-in-iunie\" class=\"wp-block-heading\">Lotul 3 ar fi trebuit s\u0103 fie gata \u00een iunie <\/h2>\n\n\n\n<p class=\"wp-block-paragraph\"><a href=\"https:\/\/buletin.de\/bucuresti\/lotul-3-al-autostrazii-a0-nord-nu-va-fi-gata-nici-in-septembrie-trebuia-sa-fie-finalizat-in-iunie-asociatia-pro-infrastructura\/\" data-type=\"link\" data-id=\"https:\/\/buletin.de\/bucuresti\/lotul-3-al-autostrazii-a0-nord-nu-va-fi-gata-nici-in-septembrie-trebuia-sa-fie-finalizat-in-iunie-asociatia-pro-infrastructura\/\" target=\"_blank\" rel=\"noreferrer noopener\">Asocia\u021bia Pro Infrastructur\u0103 a precizat c\u0103 lotul 3 al A0 Nord<\/a> putea fi deschis \u00eenc\u0103 din luna iunie, cu o mobilizare corespunz\u0103toare, \u00eens\u0103 viteza de execu\u021bie a celor de la CCECC (China Civil Engineering Construction Corporation) las\u0103 \u00een continuare foarte mult de dorit, iar lotul nu va putea fi deschis nici \u00een septembrie. <\/p>\n\n\n\n<p class=\"wp-block-paragraph\"><em>\u201eSeptembrie iese din discu\u021bie pentru inaugurare. Cu \u2018mobilizarea\u2019 obi\u0219nuit\u0103, darea \u00een folosin\u021b\u0103 nu poate fi mai devreme de 15-30 octombrie.<\/em><\/p>\n\n\n\n<p class=\"wp-block-paragraph\"><em>Mai grav, indolen\u021ba constructorului chinez \u021bine \u0219i lotul 4 muzeu care este gata de trafic de la \u00eenceput de iunie, \u0219i acela \u00eent\u00e2rziat de UMB cu 7 luni fa\u021b\u0103 de termenul contractual\u201d<\/em>, <a href=\"https:\/\/www.facebook.com\/proinfrastructura\/posts\/pfbid022x6YbHDknwPzX64AhfbgSzyrwv5TJRYS2PUbBEmvTu9PXJfWiVoBDA92xRNATfm4l\" data-type=\"link\" data-id=\"https:\/\/www.facebook.com\/proinfrastructura\/posts\/pfbid022x6YbHDknwPzX64AhfbgSzyrwv5TJRYS2PUbBEmvTu9PXJfWiVoBDA92xRNATfm4l\" target=\"_blank\" rel=\"noreferrer noopener\">a precizat organiza\u021bia<\/a>.<\/p>\n\n\n\n<p class=\"wp-block-paragraph\"><strong>Asocia\u021bia Pro Infrastructur\u0103 vina pentru aceast\u0103 situa\u021bie apar\u021bine Companiei Na\u021bionale de Administrare Rutier\u0103.<\/strong><\/p>\n\n\n\n<p class=\"wp-block-paragraph\">Contractul cu chinezii de la CCECC a fost semnat \u00een martie 2023, cu ordin de \u00eencepere emis \u00een mai 2023 \u0219i prevedea 12 luni de proiectare \u0219i 18 de execu\u021bie. Abia \u00een august 2024 s-a emis \u0219i a doua autoriza\u021bie de construire aferent\u0103 restului tronsonului, mai bine de 6 kilometri din totalul de 8,6.<\/p>\n\n\n\n<p class=\"wp-block-paragraph\"><strong>CITE\u0218TE \u0218I <a href=\"https:\/\/buletin.de\/bucuresti\/insolventa-stb-revine-pe-masa-tribunalului-bucuresti-primul-termen-stabilit-saptamana-viitoare\/\" target=\"_blank\" rel=\"noreferrer noopener\">Insolven\u021ba STB revine pe masa Tribunalului Bucure\u0219ti. Primul termen, stabilit s\u0103pt\u0103m\u00e2na viitoare<\/a><\/strong><\/p>\n","protected":false},"excerpt":{"rendered":"<p>Lotul 3 al Autostr\u0103zii Bucure\u0219tiului A0 Nord ar putea fi dat \u00een trafic \u00een octombrie 2026, potrivit estim\u0103rii secretarului de stat \u00een Ministerul Transporturilor, Irinel Ionel Scrio\u0219teanu, care a efectuat o vizit\u0103 pe \u0219antier. Acesta a prezentat stadiul lucr\u0103rilor de pe \u0219antier, \u00een zona DN3, unde se construie\u0219te pasajul care va supratraversa A0 \u0219i va [&hellip;]<\/p>\n","protected":false},"author":65,"featured_media":215502,"comment_status":"closed","ping_status":"open","sticky":false,"template":"","format":"standard","meta":{"_acf_changed":false,"inline_featured_image":false,"ngg_post_thumbnail":0,"footnotes":""},"categories":[6994,62,650],"tags":[1465,5502,5158,14441,22029,30543],"ppma_author":[23912],"class_list":["post-215492","post","type-post","status-publish","format-standard","has-post-thumbnail","hentry","category-stiri-2","category-stiri","category-transport","tag-a0","tag-a0-nord","tag-autostrada-bucuresti","tag-irinel-ionel-scriosteanu","tag-lotul-3","tag-lotul-3-a0-nord"],"acf":[],"a3_pvc":{"activated":false,"total_views":0,"today_views":0},"yoast_head":"<!-- This site is optimized with the Yoast SEO Premium plugin v28.0 (Yoast SEO v28.3) - https:\/\/yoast.com\/product\/yoast-seo-premium-wordpress\/ -->\n<title>VIDEO | Stadiul lucr\u0103rilor pe Lotul 3 al autostr\u0103zii A0 Nord: deschiderea, condi\u021bionat\u0103 de pasajul de pe DN3 - Buletin de Bucure\u0219ti<\/title>\n<meta name=\"description\" content=\"Lotul 3 al Autostr\u0103zii Bucure\u0219tiului A0 Nord ar putea fi dat \u00een trafic \u00een octombrie 2026, potrivit estim\u0103rilor\" \/>\n<meta name=\"robots\" content=\"index, follow, max-snippet:-1, max-image-preview:large, max-video-preview:-1\" \/>\n<link rel=\"canonical\" href=\"https:\/\/buletin.de\/bucuresti\/video-stadiul-lucrarilor-pe-lotul-3-al-autostrazii-a0-nord-deschiderea-conditionata-de-pasajul-de-pe-dn3\/\" \/>\n<meta property=\"og:locale\" content=\"en_GB\" \/>\n<meta property=\"og:type\" content=\"article\" \/>\n<meta property=\"og:title\" content=\"VIDEO | Stadiul lucr\u0103rilor pe Lotul 3 al autostr\u0103zii A0 Nord: deschiderea, condi\u021bionat\u0103 de pasajul de pe DN3\" \/>\n<meta property=\"og:description\" content=\"Lotul 3 al Autostr\u0103zii Bucure\u0219tiului A0 Nord ar putea fi dat \u00een trafic \u00een octombrie 2026, potrivit estim\u0103rilor\" \/>\n<meta property=\"og:url\" content=\"https:\/\/buletin.de\/bucuresti\/video-stadiul-lucrarilor-pe-lotul-3-al-autostrazii-a0-nord-deschiderea-conditionata-de-pasajul-de-pe-dn3\/\" \/>\n<meta property=\"og:site_name\" content=\"Buletin de Bucure\u0219ti\" \/>\n<meta property=\"article:publisher\" content=\"https:\/\/www.facebook.com\/buletin.de.buc\" \/>\n<meta property=\"article:published_time\" content=\"2026-09-02T15:51:13+00:00\" \/>\n<meta property=\"article:modified_time\" content=\"2026-09-02T15:51:14+00:00\" \/>\n<meta property=\"og:image\" content=\"https:\/\/buletin.de\/bucuresti\/wp-content\/uploads\/2026\/09\/Lotul-3-A0-Nord-cand-se-deschide-stadiul-santierului.jpg\" \/>\n\t<meta property=\"og:image:width\" content=\"1200\" \/>\n\t<meta property=\"og:image:height\" content=\"650\" \/>\n\t<meta property=\"og:image:type\" content=\"image\/jpeg\" \/>\n<meta name=\"author\" content=\"Andreea St\u0103n\u0103r\u00eeng\u0103\" \/>\n<meta name=\"twitter:card\" content=\"summary_large_image\" \/>\n<meta name=\"twitter:label1\" content=\"Written by\" \/>\n\t<meta name=\"twitter:data1\" content=\"Andreea St\u0103n\u0103r\u00eeng\u0103\" \/>\n\t<meta name=\"twitter:label2\" content=\"Estimated reading time\" \/>\n\t<meta name=\"twitter:data2\" content=\"3 minutes\" \/>\n<script type=\"application\/ld+json\" class=\"yoast-schema-graph\">{\"@context\":\"https:\\\/\\\/schema.org\",\"@graph\":[{\"@type\":\"Article\",\"@id\":\"https:\\\/\\\/buletin.de\\\/bucuresti\\\/video-stadiul-lucrarilor-pe-lotul-3-al-autostrazii-a0-nord-deschiderea-conditionata-de-pasajul-de-pe-dn3\\\/#article\",\"isPartOf\":{\"@id\":\"https:\\\/\\\/buletin.de\\\/bucuresti\\\/video-stadiul-lucrarilor-pe-lotul-3-al-autostrazii-a0-nord-deschiderea-conditionata-de-pasajul-de-pe-dn3\\\/\"},\"author\":{\"name\":\"Andreea St\u0103n\u0103r\u00eeng\u0103\",\"@id\":\"https:\\\/\\\/buletin.de\\\/bucuresti\\\/#\\\/schema\\\/person\\\/81421a46fb84a0887cfd2238f5202586\"},\"headline\":\"VIDEO | Stadiul lucr\u0103rilor pe Lotul 3 al autostr\u0103zii A0 Nord: deschiderea, condi\u021bionat\u0103 de pasajul de pe DN3\",\"datePublished\":\"2026-09-02T15:51:13+00:00\",\"dateModified\":\"2026-09-02T15:51:14+00:00\",\"mainEntityOfPage\":{\"@id\":\"https:\\\/\\\/buletin.de\\\/bucuresti\\\/video-stadiul-lucrarilor-pe-lotul-3-al-autostrazii-a0-nord-deschiderea-conditionata-de-pasajul-de-pe-dn3\\\/\"},\"wordCount\":605,\"publisher\":{\"@id\":\"https:\\\/\\\/buletin.de\\\/bucuresti\\\/#organization\"},\"image\":{\"@id\":\"https:\\\/\\\/buletin.de\\\/bucuresti\\\/video-stadiul-lucrarilor-pe-lotul-3-al-autostrazii-a0-nord-deschiderea-conditionata-de-pasajul-de-pe-dn3\\\/#primaryimage\"},\"thumbnailUrl\":\"https:\\\/\\\/buletin.de\\\/bucuresti\\\/wp-content\\\/uploads\\\/2026\\\/09\\\/Lotul-3-A0-Nord-cand-se-deschide-stadiul-santierului.jpg\",\"keywords\":[\"A0\",\"a0 nord\",\"autostrada bucuresti\",\"irinel ionel scriosteanu\",\"lotul 3\",\"lotul 3 a0 nord\"],\"articleSection\":[\"Articole\",\"\u0218tiri\",\"Transport\"],\"inLanguage\":\"en-GB\",\"copyrightYear\":\"2026\",\"copyrightHolder\":{\"@id\":\"https:\\\/\\\/buletin.de\\\/bucuresti\\\/#organization\"}},{\"@type\":\"WebPage\",\"@id\":\"https:\\\/\\\/buletin.de\\\/bucuresti\\\/video-stadiul-lucrarilor-pe-lotul-3-al-autostrazii-a0-nord-deschiderea-conditionata-de-pasajul-de-pe-dn3\\\/\",\"url\":\"https:\\\/\\\/buletin.de\\\/bucuresti\\\/video-stadiul-lucrarilor-pe-lotul-3-al-autostrazii-a0-nord-deschiderea-conditionata-de-pasajul-de-pe-dn3\\\/\",\"name\":\"VIDEO | Stadiul lucr\u0103rilor pe Lotul 3 al autostr\u0103zii A0 Nord: deschiderea, condi\u021bionat\u0103 de pasajul de pe DN3 - Buletin de Bucure\u0219ti\",\"isPartOf\":{\"@id\":\"https:\\\/\\\/buletin.de\\\/bucuresti\\\/#website\"},\"primaryImageOfPage\":{\"@id\":\"https:\\\/\\\/buletin.de\\\/bucuresti\\\/video-stadiul-lucrarilor-pe-lotul-3-al-autostrazii-a0-nord-deschiderea-conditionata-de-pasajul-de-pe-dn3\\\/#primaryimage\"},\"image\":{\"@id\":\"https:\\\/\\\/buletin.de\\\/bucuresti\\\/video-stadiul-lucrarilor-pe-lotul-3-al-autostrazii-a0-nord-deschiderea-conditionata-de-pasajul-de-pe-dn3\\\/#primaryimage\"},\"thumbnailUrl\":\"https:\\\/\\\/buletin.de\\\/bucuresti\\\/wp-content\\\/uploads\\\/2026\\\/09\\\/Lotul-3-A0-Nord-cand-se-deschide-stadiul-santierului.jpg\",\"datePublished\":\"2026-09-02T15:51:13+00:00\",\"dateModified\":\"2026-09-02T15:51:14+00:00\",\"description\":\"Lotul 3 al Autostr\u0103zii Bucure\u0219tiului A0 Nord ar putea fi dat \u00een trafic \u00een octombrie 2026, potrivit estim\u0103rilor\",\"breadcrumb\":{\"@id\":\"https:\\\/\\\/buletin.de\\\/bucuresti\\\/video-stadiul-lucrarilor-pe-lotul-3-al-autostrazii-a0-nord-deschiderea-conditionata-de-pasajul-de-pe-dn3\\\/#breadcrumb\"},\"inLanguage\":\"en-GB\",\"potentialAction\":[{\"@type\":\"ReadAction\",\"target\":[\"https:\\\/\\\/buletin.de\\\/bucuresti\\\/video-stadiul-lucrarilor-pe-lotul-3-al-autostrazii-a0-nord-deschiderea-conditionata-de-pasajul-de-pe-dn3\\\/\"]}]},{\"@type\":\"ImageObject\",\"inLanguage\":\"en-GB\",\"@id\":\"https:\\\/\\\/buletin.de\\\/bucuresti\\\/video-stadiul-lucrarilor-pe-lotul-3-al-autostrazii-a0-nord-deschiderea-conditionata-de-pasajul-de-pe-dn3\\\/#primaryimage\",\"url\":\"https:\\\/\\\/buletin.de\\\/bucuresti\\\/wp-content\\\/uploads\\\/2026\\\/09\\\/Lotul-3-A0-Nord-cand-se-deschide-stadiul-santierului.jpg\",\"contentUrl\":\"https:\\\/\\\/buletin.de\\\/bucuresti\\\/wp-content\\\/uploads\\\/2026\\\/09\\\/Lotul-3-A0-Nord-cand-se-deschide-stadiul-santierului.jpg\",\"width\":1200,\"height\":650,\"caption\":\"Foto: FB\\\/Irinel Ionel Scrio\u0219teanu\"},{\"@type\":\"BreadcrumbList\",\"@id\":\"https:\\\/\\\/buletin.de\\\/bucuresti\\\/video-stadiul-lucrarilor-pe-lotul-3-al-autostrazii-a0-nord-deschiderea-conditionata-de-pasajul-de-pe-dn3\\\/#breadcrumb\",\"itemListElement\":[{\"@type\":\"ListItem\",\"position\":1,\"name\":\"Acas\u0103\",\"item\":\"https:\\\/\\\/buletin.de\\\/bucuresti\\\/\"},{\"@type\":\"ListItem\",\"position\":2,\"name\":\"VIDEO | Stadiul lucr\u0103rilor pe Lotul 3 al autostr\u0103zii A0 Nord: deschiderea, condi\u021bionat\u0103 de pasajul de pe DN3\"}]},{\"@type\":\"WebSite\",\"@id\":\"https:\\\/\\\/buletin.de\\\/bucuresti\\\/#website\",\"url\":\"https:\\\/\\\/buletin.de\\\/bucuresti\\\/\",\"name\":\"Buletin de Bucure\u0219ti\",\"description\":\"\u0218tiri \u0219i investiga\u021bii esen\u021biale din capital\u0103\",\"publisher\":{\"@id\":\"https:\\\/\\\/buletin.de\\\/bucuresti\\\/#organization\"},\"potentialAction\":[{\"@type\":\"SearchAction\",\"target\":{\"@type\":\"EntryPoint\",\"urlTemplate\":\"https:\\\/\\\/buletin.de\\\/bucuresti\\\/?s={search_term_string}\"},\"query-input\":{\"@type\":\"PropertyValueSpecification\",\"valueRequired\":true,\"valueName\":\"search_term_string\"}}],\"inLanguage\":\"en-GB\"},{\"@type\":\"Organization\",\"@id\":\"https:\\\/\\\/buletin.de\\\/bucuresti\\\/#organization\",\"name\":\"Buletin de Bucure\u0219ti\",\"url\":\"https:\\\/\\\/buletin.de\\\/bucuresti\\\/\",\"logo\":{\"@type\":\"ImageObject\",\"inLanguage\":\"en-GB\",\"@id\":\"https:\\\/\\\/buletin.de\\\/bucuresti\\\/#\\\/schema\\\/logo\\\/image\\\/\",\"url\":\"https:\\\/\\\/buletin.de\\\/bucuresti\\\/wp-content\\\/uploads\\\/logo-bdb-full-wide-vernil-transparent.png\",\"contentUrl\":\"https:\\\/\\\/buletin.de\\\/bucuresti\\\/wp-content\\\/uploads\\\/logo-bdb-full-wide-vernil-transparent.png\",\"width\":1782,\"height\":626,\"caption\":\"Buletin de Bucure\u0219ti\"},\"image\":{\"@id\":\"https:\\\/\\\/buletin.de\\\/bucuresti\\\/#\\\/schema\\\/logo\\\/image\\\/\"},\"sameAs\":[\"https:\\\/\\\/www.facebook.com\\\/buletin.de.buc\",\"https:\\\/\\\/www.instagram.com\\\/buletinde.bucuresti\\\/\"]},{\"@type\":\"Person\",\"@id\":\"https:\\\/\\\/buletin.de\\\/bucuresti\\\/#\\\/schema\\\/person\\\/81421a46fb84a0887cfd2238f5202586\",\"name\":\"Andreea St\u0103n\u0103r\u00eeng\u0103\",\"image\":{\"@type\":\"ImageObject\",\"inLanguage\":\"en-GB\",\"@id\":\"https:\\\/\\\/buletin.de\\\/bucuresti\\\/wp-content\\\/uploads\\\/2026\\\/06\\\/BDB_Andreea_S-1-96x96.jpgb79b6b91f9c59ea2bdedd1d8c093f6b4\",\"url\":\"https:\\\/\\\/buletin.de\\\/bucuresti\\\/wp-content\\\/uploads\\\/2026\\\/06\\\/BDB_Andreea_S-1-96x96.jpg\",\"contentUrl\":\"https:\\\/\\\/buletin.de\\\/bucuresti\\\/wp-content\\\/uploads\\\/2026\\\/06\\\/BDB_Andreea_S-1-96x96.jpg\",\"caption\":\"Andreea St\u0103n\u0103r\u00eeng\u0103\"},\"description\":\"Face parte din echipa Buletin de Bucure\u0219ti din 2025. A colaborat cu c\u00e2teva publica\u021bii, printre care \u0219i Fanatik.ro, unde s-a ocupat de \u0219tiri de lifestyle \u0219i de actualitate. A f\u0103cut un pas c\u0103tre presa local\u0103 pentru a explora Bucure\u0219tiul \u0219i pove\u0219tile care merit\u0103 spuse.\",\"url\":\"https:\\\/\\\/buletin.de\\\/bucuresti\\\/author\\\/andreea-stanaranga\\\/\"}]}<\/script>\n<!-- \/ Yoast SEO Premium plugin. -->","yoast_head_json":{"title":"VIDEO | Stadiul lucr\u0103rilor pe Lotul 3 al autostr\u0103zii A0 Nord: deschiderea, condi\u021bionat\u0103 de pasajul de pe DN3 - Buletin de Bucure\u0219ti","description":"Lotul 3 al Autostr\u0103zii Bucure\u0219tiului A0 Nord ar putea fi dat \u00een trafic \u00een octombrie 2026, potrivit estim\u0103rilor","robots":{"index":"index","follow":"follow","max-snippet":"max-snippet:-1","max-image-preview":"max-image-preview:large","max-video-preview":"max-video-preview:-1"},"canonical":"https:\/\/buletin.de\/bucuresti\/video-stadiul-lucrarilor-pe-lotul-3-al-autostrazii-a0-nord-deschiderea-conditionata-de-pasajul-de-pe-dn3\/","og_locale":"en_GB","og_type":"article","og_title":"VIDEO | Stadiul lucr\u0103rilor pe Lotul 3 al autostr\u0103zii A0 Nord: deschiderea, condi\u021bionat\u0103 de pasajul de pe DN3","og_description":"Lotul 3 al Autostr\u0103zii Bucure\u0219tiului A0 Nord ar putea fi dat \u00een trafic \u00een octombrie 2026, potrivit estim\u0103rilor","og_url":"https:\/\/buletin.de\/bucuresti\/video-stadiul-lucrarilor-pe-lotul-3-al-autostrazii-a0-nord-deschiderea-conditionata-de-pasajul-de-pe-dn3\/","og_site_name":"Buletin de Bucure\u0219ti","article_publisher":"https:\/\/www.facebook.com\/buletin.de.buc","article_published_time":"2026-09-02T15:51:13+00:00","article_modified_time":"2026-09-02T15:51:14+00:00","og_image":[{"width":1200,"height":650,"url":"https:\/\/buletin.de\/bucuresti\/wp-content\/uploads\/2026\/09\/Lotul-3-A0-Nord-cand-se-deschide-stadiul-santierului.jpg","type":"image\/jpeg"}],"author":"Andreea St\u0103n\u0103r\u00eeng\u0103","twitter_card":"summary_large_image","twitter_misc":{"Written by":"Andreea St\u0103n\u0103r\u00eeng\u0103","Estimated reading time":"3 minutes"},"schema":{"@context":"https:\/\/schema.org","@graph":[{"@type":"Article","@id":"https:\/\/buletin.de\/bucuresti\/video-stadiul-lucrarilor-pe-lotul-3-al-autostrazii-a0-nord-deschiderea-conditionata-de-pasajul-de-pe-dn3\/#article","isPartOf":{"@id":"https:\/\/buletin.de\/bucuresti\/video-stadiul-lucrarilor-pe-lotul-3-al-autostrazii-a0-nord-deschiderea-conditionata-de-pasajul-de-pe-dn3\/"},"author":{"name":"Andreea St\u0103n\u0103r\u00eeng\u0103","@id":"https:\/\/buletin.de\/bucuresti\/#\/schema\/person\/81421a46fb84a0887cfd2238f5202586"},"headline":"VIDEO | Stadiul lucr\u0103rilor pe Lotul 3 al autostr\u0103zii A0 Nord: deschiderea, condi\u021bionat\u0103 de pasajul de pe DN3","datePublished":"2026-09-02T15:51:13+00:00","dateModified":"2026-09-02T15:51:14+00:00","mainEntityOfPage":{"@id":"https:\/\/buletin.de\/bucuresti\/video-stadiul-lucrarilor-pe-lotul-3-al-autostrazii-a0-nord-deschiderea-conditionata-de-pasajul-de-pe-dn3\/"},"wordCount":605,"publisher":{"@id":"https:\/\/buletin.de\/bucuresti\/#organization"},"image":{"@id":"https:\/\/buletin.de\/bucuresti\/video-stadiul-lucrarilor-pe-lotul-3-al-autostrazii-a0-nord-deschiderea-conditionata-de-pasajul-de-pe-dn3\/#primaryimage"},"thumbnailUrl":"https:\/\/buletin.de\/bucuresti\/wp-content\/uploads\/2026\/09\/Lotul-3-A0-Nord-cand-se-deschide-stadiul-santierului.jpg","keywords":["A0","a0 nord","autostrada bucuresti","irinel ionel scriosteanu","lotul 3","lotul 3 a0 nord"],"articleSection":["Articole","\u0218tiri","Transport"],"inLanguage":"en-GB","copyrightYear":"2026","copyrightHolder":{"@id":"https:\/\/buletin.de\/bucuresti\/#organization"}},{"@type":"WebPage","@id":"https:\/\/buletin.de\/bucuresti\/video-stadiul-lucrarilor-pe-lotul-3-al-autostrazii-a0-nord-deschiderea-conditionata-de-pasajul-de-pe-dn3\/","url":"https:\/\/buletin.de\/bucuresti\/video-stadiul-lucrarilor-pe-lotul-3-al-autostrazii-a0-nord-deschiderea-conditionata-de-pasajul-de-pe-dn3\/","name":"VIDEO | Stadiul lucr\u0103rilor pe Lotul 3 al autostr\u0103zii A0 Nord: deschiderea, condi\u021bionat\u0103 de pasajul de pe DN3 - Buletin de Bucure\u0219ti","isPartOf":{"@id":"https:\/\/buletin.de\/bucuresti\/#website"},"primaryImageOfPage":{"@id":"https:\/\/buletin.de\/bucuresti\/video-stadiul-lucrarilor-pe-lotul-3-al-autostrazii-a0-nord-deschiderea-conditionata-de-pasajul-de-pe-dn3\/#primaryimage"},"image":{"@id":"https:\/\/buletin.de\/bucuresti\/video-stadiul-lucrarilor-pe-lotul-3-al-autostrazii-a0-nord-deschiderea-conditionata-de-pasajul-de-pe-dn3\/#primaryimage"},"thumbnailUrl":"https:\/\/buletin.de\/bucuresti\/wp-content\/uploads\/2026\/09\/Lotul-3-A0-Nord-cand-se-deschide-stadiul-santierului.jpg","datePublished":"2026-09-02T15:51:13+00:00","dateModified":"2026-09-02T15:51:14+00:00","description":"Lotul 3 al Autostr\u0103zii Bucure\u0219tiului A0 Nord ar putea fi dat \u00een trafic \u00een octombrie 2026, potrivit estim\u0103rilor","breadcrumb":{"@id":"https:\/\/buletin.de\/bucuresti\/video-stadiul-lucrarilor-pe-lotul-3-al-autostrazii-a0-nord-deschiderea-conditionata-de-pasajul-de-pe-dn3\/#breadcrumb"},"inLanguage":"en-GB","potentialAction":[{"@type":"ReadAction","target":["https:\/\/buletin.de\/bucuresti\/video-stadiul-lucrarilor-pe-lotul-3-al-autostrazii-a0-nord-deschiderea-conditionata-de-pasajul-de-pe-dn3\/"]}]},{"@type":"ImageObject","inLanguage":"en-GB","@id":"https:\/\/buletin.de\/bucuresti\/video-stadiul-lucrarilor-pe-lotul-3-al-autostrazii-a0-nord-deschiderea-conditionata-de-pasajul-de-pe-dn3\/#primaryimage","url":"https:\/\/buletin.de\/bucuresti\/wp-content\/uploads\/2026\/09\/Lotul-3-A0-Nord-cand-se-deschide-stadiul-santierului.jpg","contentUrl":"https:\/\/buletin.de\/bucuresti\/wp-content\/uploads\/2026\/09\/Lotul-3-A0-Nord-cand-se-deschide-stadiul-santierului.jpg","width":1200,"height":650,"caption":"Foto: FB\/Irinel Ionel Scrio\u0219teanu"},{"@type":"BreadcrumbList","@id":"https:\/\/buletin.de\/bucuresti\/video-stadiul-lucrarilor-pe-lotul-3-al-autostrazii-a0-nord-deschiderea-conditionata-de-pasajul-de-pe-dn3\/#breadcrumb","itemListElement":[{"@type":"ListItem","position":1,"name":"Acas\u0103","item":"https:\/\/buletin.de\/bucuresti\/"},{"@type":"ListItem","position":2,"name":"VIDEO | Stadiul lucr\u0103rilor pe Lotul 3 al autostr\u0103zii A0 Nord: deschiderea, condi\u021bionat\u0103 de pasajul de pe DN3"}]},{"@type":"WebSite","@id":"https:\/\/buletin.de\/bucuresti\/#website","url":"https:\/\/buletin.de\/bucuresti\/","name":"Buletin de Bucure\u0219ti","description":"\u0218tiri \u0219i investiga\u021bii esen\u021biale din capital\u0103","publisher":{"@id":"https:\/\/buletin.de\/bucuresti\/#organization"},"potentialAction":[{"@type":"SearchAction","target":{"@type":"EntryPoint","urlTemplate":"https:\/\/buletin.de\/bucuresti\/?s={search_term_string}"},"query-input":{"@type":"PropertyValueSpecification","valueRequired":true,"valueName":"search_term_string"}}],"inLanguage":"en-GB"},{"@type":"Organization","@id":"https:\/\/buletin.de\/bucuresti\/#organization","name":"Buletin de Bucure\u0219ti","url":"https:\/\/buletin.de\/bucuresti\/","logo":{"@type":"ImageObject","inLanguage":"en-GB","@id":"https:\/\/buletin.de\/bucuresti\/#\/schema\/logo\/image\/","url":"https:\/\/buletin.de\/bucuresti\/wp-content\/uploads\/logo-bdb-full-wide-vernil-transparent.png","contentUrl":"https:\/\/buletin.de\/bucuresti\/wp-content\/uploads\/logo-bdb-full-wide-vernil-transparent.png","width":1782,"height":626,"caption":"Buletin de Bucure\u0219ti"},"image":{"@id":"https:\/\/buletin.de\/bucuresti\/#\/schema\/logo\/image\/"},"sameAs":["https:\/\/www.facebook.com\/buletin.de.buc","https:\/\/www.instagram.com\/buletinde.bucuresti\/"]},{"@type":"Person","@id":"https:\/\/buletin.de\/bucuresti\/#\/schema\/person\/81421a46fb84a0887cfd2238f5202586","name":"Andreea St\u0103n\u0103r\u00eeng\u0103","image":{"@type":"ImageObject","inLanguage":"en-GB","@id":"https:\/\/buletin.de\/bucuresti\/wp-content\/uploads\/2026\/06\/BDB_Andreea_S-1-96x96.jpgb79b6b91f9c59ea2bdedd1d8c093f6b4","url":"https:\/\/buletin.de\/bucuresti\/wp-content\/uploads\/2026\/06\/BDB_Andreea_S-1-96x96.jpg","contentUrl":"https:\/\/buletin.de\/bucuresti\/wp-content\/uploads\/2026\/06\/BDB_Andreea_S-1-96x96.jpg","caption":"Andreea St\u0103n\u0103r\u00eeng\u0103"},"description":"Face parte din echipa Buletin de Bucure\u0219ti din 2025. A colaborat cu c\u00e2teva publica\u021bii, printre care \u0219i Fanatik.ro, unde s-a ocupat de \u0219tiri de lifestyle \u0219i de actualitate. A f\u0103cut un pas c\u0103tre presa local\u0103 pentru a explora Bucure\u0219tiul \u0219i pove\u0219tile care merit\u0103 spuse.","url":"https:\/\/buletin.de\/bucuresti\/author\/andreea-stanaranga\/"}]}},"authors":[{"term_id":23912,"user_id":65,"is_guest":0,"slug":"andreea-stanaranga","display_name":"Andreea St\u0103n\u0103r\u00eeng\u0103","avatar_url":"https:\/\/buletin.de\/bucuresti\/wp-content\/uploads\/2026\/06\/BDB_Andreea_S-1-96x96.jpg","author_category":"1","first_name":"Andreea","last_name":"St\u0103n\u0103r\u00eeng\u0103","user_url":"","job_title":"","description":"Face parte din echipa Buletin de Bucure\u0219ti din 2025. A colaborat cu c\u00e2teva publica\u021bii, printre care \u0219i Fanatik.ro, unde s-a ocupat de \u0219tiri de lifestyle \u0219i de actualitate. A f\u0103cut un pas c\u0103tre presa local\u0103 pentru a explora Bucure\u0219tiul \u0219i pove\u0219tile care merit\u0103 spuse."}],"_links":{"self":[{"href":"https:\/\/buletin.de\/bucuresti\/wp-json\/wp\/v2\/posts\/215492","targetHints":{"allow":["GET"]}}],"collection":[{"href":"https:\/\/buletin.de\/bucuresti\/wp-json\/wp\/v2\/posts"}],"about":[{"href":"https:\/\/buletin.de\/bucuresti\/wp-json\/wp\/v2\/types\/post"}],"author":[{"embeddable":true,"href":"https:\/\/buletin.de\/bucuresti\/wp-json\/wp\/v2\/users\/65"}],"replies":[{"embeddable":true,"href":"https:\/\/buletin.de\/bucuresti\/wp-json\/wp\/v2\/comments?post=215492"}],"version-history":[{"count":6,"href":"https:\/\/buletin.de\/bucuresti\/wp-json\/wp\/v2\/posts\/215492\/revisions"}],"predecessor-version":[{"id":215503,"href":"https:\/\/buletin.de\/bucuresti\/wp-json\/wp\/v2\/posts\/215492\/revisions\/215503"}],"wp:featuredmedia":[{"embeddable":true,"href":"https:\/\/buletin.de\/bucuresti\/wp-json\/wp\/v2\/media\/215502"}],"wp:attachment":[{"href":"https:\/\/buletin.de\/bucuresti\/wp-json\/wp\/v2\/media?parent=215492"}],"wp:term":[{"taxonomy":"category","embeddable":true,"href":"https:\/\/buletin.de\/bucuresti\/wp-json\/wp\/v2\/categories?post=215492"},{"taxonomy":"post_tag","embeddable":true,"href":"https:\/\/buletin.de\/bucuresti\/wp-json\/wp\/v2\/tags?post=215492"},{"taxonomy":"author","embeddable":true,"href":"https:\/\/buletin.de\/bucuresti\/wp-json\/wp\/v2\/ppma_author?post=215492"}],"curies":[{"name":"wp","href":"https:\/\/api.w.org\/{rel}","templated":true}]}}