{"id":215365,"date":"2026-09-02T07:18:59","date_gmt":"2026-09-02T04:18:59","guid":{"rendered":"https:\/\/buletin.de\/bucuresti\/?p=215365"},"modified":"2026-09-02T07:19:22","modified_gmt":"2026-09-02T04:19:22","slug":"mediu-o-noua-bariera-ecologica-pe-dambovita-serpisorul-din-bidoane-care-opreste-gunoaiele-in-regie","status":"publish","type":"post","link":"https:\/\/buletin.de\/bucuresti\/mediu-o-noua-bariera-ecologica-pe-dambovita-serpisorul-din-bidoane-care-opreste-gunoaiele-in-regie\/","title":{"rendered":"MEDIU | O nou\u0103 barier\u0103 ecologic\u0103 pe D\u00e2mbovi\u021ba. \u201e\u0218erpi\u0219orul\u201d din bidoane care opre\u0219te gunoaiele \u00een Regie"},"content":{"rendered":"\n<p class=\"wp-block-paragraph\"><strong>Asocia\u021bia \u201e<a href=\"https:\/\/www.facebook.com\/DambovitaApaDulce?__cft__%5b0%5d=AZhU6u6U7K88lsZ20FlCRkmwi31UzqjoQ4aYd5trSc47knwNW4imUgpm1EYhCS7ETicnwf9RUaQgHTuYw03BzjWeBCoxaKaRXNEg72NUyN3hAnXDUknO8ytjWbMMidEH8H1EEh1k7-s8VrNhb4wAhGdwUwgI0j4ZSXPgO_WEMMJjl0NsoUkbcTRZWKBjFjU&amp;__tn__=-%5dC%2CP-R\">D\u00e2mbovi\u021ba Ap\u0103 Dulce<\/a>\u201d a instalat un prototip de barier\u0103 plutitoare din materiale recuperate pe principalul r\u00e2u al Capitalei, \u00een zona Regie, pentru a bloca de\u0219eurile \u00eenainte de a ajunge \u00een aval. Ini\u021biativa precede evenimentul D\u00e2mbovi\u021ba Delivery din 3-4 octombrie 2026, care vizeaz\u0103 reconectarea bucure\u0219tenilor cu spa\u021biul urban al r\u00e2ului.<\/strong><\/p>\n\n\n\n<p class=\"wp-block-paragraph\">Bariera, denumit\u0103 \u201e\u0219erpi\u0219orul\u201d, este asamblat\u0103 din bidoane de cinci litri reutilizate \u0219i \u00eenvelit\u0103 \u00een bannere publicitare recuperate. Potrivit Asocia\u021biei \u201e<a href=\"https:\/\/www.facebook.com\/DambovitaApaDulce?__cft__%5b0%5d=AZhU6u6U7K88lsZ20FlCRkmwi31UzqjoQ4aYd5trSc47knwNW4imUgpm1EYhCS7ETicnwf9RUaQgHTuYw03BzjWeBCoxaKaRXNEg72NUyN3hAnXDUknO8ytjWbMMidEH8H1EEh1k7-s8VrNhb4wAhGdwUwgI0j4ZSXPgO_WEMMJjl0NsoUkbcTRZWKBjFjU&amp;__tn__=-%5dC%2CP-R\">D\u00e2mbovi\u021ba Ap\u0103 Dulce<\/a>\u201d, aceasta este un mod de a re\u021bine eficient de\u0219eurile plutitoare \u201e\u0219i arat\u0103 c\u0103 o solu\u021bie simpl\u0103, economic\u0103 \u0219i construit\u0103 din materiale refolosite poate face o treab\u0103 foarte concret\u0103\u201d.<\/p>\n\n\n\n<p class=\"wp-block-paragraph\">Urm\u0103toarea ac\u021biune de igienizare a malurilor din zona Regie este programat\u0103 pe 18 septembrie. \u00cen plus, \u00een primul weekend din octombrie, proiectul D\u00e2mbovi\u021ba Delivery va transforma malul apei \u00eentr-un spa\u021biu dedicat ecologiei, tehnologiei \u0219i atelierelor urbane, parte din programul \u201eCu Apele Curate\u201d.<\/p>\n\n\n\n<figure class=\"wp-block-gallery has-nested-images columns-default is-cropped wp-block-gallery-1 is-layout-flex wp-block-gallery-is-layout-flex\">\n<figure class=\"wp-block-image size-large\"><img fetchpriority=\"high\" decoding=\"async\" width=\"891\" height=\"1000\" data-id=\"215368\" src=\"data:image\/gif;base64,R0lGODlhAQABAAAAACH5BAEKAAEALAAAAAABAAEAAAICTAEAOw==\" data-src=\"https:\/\/buletin.de\/bucuresti\/wp-content\/uploads\/2026\/09\/785146778_122138042691245954_8819025248165258872_n-891x1000.jpg\" alt=\"\" class=\"wp-image-215368 lazyload\" data-sizes=\"auto\" data-srcset=\"https:\/\/buletin.de\/bucuresti\/wp-content\/uploads\/2026\/09\/785146778_122138042691245954_8819025248165258872_n-891x1000.jpg 891w, https:\/\/buletin.de\/bucuresti\/wp-content\/uploads\/2026\/09\/785146778_122138042691245954_8819025248165258872_n-267x300.jpg 267w, https:\/\/buletin.de\/bucuresti\/wp-content\/uploads\/2026\/09\/785146778_122138042691245954_8819025248165258872_n-768x862.jpg 768w, https:\/\/buletin.de\/bucuresti\/wp-content\/uploads\/2026\/09\/785146778_122138042691245954_8819025248165258872_n-600x673.jpg 600w, https:\/\/buletin.de\/bucuresti\/wp-content\/uploads\/2026\/09\/785146778_122138042691245954_8819025248165258872_n-20x22.jpg 20w, https:\/\/buletin.de\/bucuresti\/wp-content\/uploads\/2026\/09\/785146778_122138042691245954_8819025248165258872_n.jpg 1080w\" sizes=\"(max-width: 891px) 100vw, 891px\" \/><\/figure>\n\n\n\n<figure class=\"wp-block-image size-large\"><img decoding=\"async\" width=\"891\" height=\"1000\" data-id=\"215369\" src=\"data:image\/gif;base64,R0lGODlhAQABAAAAACH5BAEKAAEALAAAAAABAAEAAAICTAEAOw==\" data-src=\"https:\/\/buletin.de\/bucuresti\/wp-content\/uploads\/2026\/09\/789506025_122138042685245954_6548206136700295298_n-1-891x1000.jpg\" alt=\"\" class=\"wp-image-215369 lazyload\" data-sizes=\"auto\" data-srcset=\"https:\/\/buletin.de\/bucuresti\/wp-content\/uploads\/2026\/09\/789506025_122138042685245954_6548206136700295298_n-1-891x1000.jpg 891w, https:\/\/buletin.de\/bucuresti\/wp-content\/uploads\/2026\/09\/789506025_122138042685245954_6548206136700295298_n-1-267x300.jpg 267w, https:\/\/buletin.de\/bucuresti\/wp-content\/uploads\/2026\/09\/789506025_122138042685245954_6548206136700295298_n-1-768x862.jpg 768w, https:\/\/buletin.de\/bucuresti\/wp-content\/uploads\/2026\/09\/789506025_122138042685245954_6548206136700295298_n-1-600x673.jpg 600w, https:\/\/buletin.de\/bucuresti\/wp-content\/uploads\/2026\/09\/789506025_122138042685245954_6548206136700295298_n-1-20x22.jpg 20w, https:\/\/buletin.de\/bucuresti\/wp-content\/uploads\/2026\/09\/789506025_122138042685245954_6548206136700295298_n-1.jpg 1080w\" sizes=\"(max-width: 891px) 100vw, 891px\" \/><\/figure>\n<\/figure>\n\n\n\n<h2 id=\"h-un-culoar-verde-albastru-pentru-capitala\" class=\"wp-block-heading\"><strong>Un culoar verde-albastru pentru Capital\u0103<\/strong><\/h2>\n\n\n\n<p class=\"wp-block-paragraph\">Aceste interven\u021bii continu\u0103 demersurile societ\u0103\u021bii civile de a schimba func\u021bia r\u00e2ului, considerat\u0103 \u00een prezent una strict hidrotehnic\u0103. <a href=\"https:\/\/buletin.de\/bucuresti\/se-va-putea-inota-vreodata-in-dambovita-pariul-de-miliarde-de-euro-pe-care-parisul-l-a-castigat-raurile-capitalei-au-rol-strict-hidrotehnic\/\">O analiz\u0103 recent\u0103 Buletin de Bucure\u0219ti arat\u0103 c\u0103 D\u00e2mbovi\u021ba<\/a> se confrunt\u0103 cu un grad ridicat de poluare cauzat de apele reziduale netratate corespunz\u0103tor \u0219i de scurgerile pluviale care antreneaz\u0103 reziduurile de pe carosabil.<\/p>\n\n\n\n<p class=\"wp-block-paragraph\"><strong>CITE\u0218TE \u0218I <a href=\"https:\/\/buletin.de\/bucuresti\/politistii-au-confiscat-hainele-celor-care-se-scaldau-in-dambovita-cum-s-a-luptat-bucurestiul-cu-imbaierea-ilegala\/\">Poli\u021bi\u0219tii au \u201econfiscat\u201d hainele celor care se sc\u0103ldau \u00een D\u00e2mbovi\u021ba. Cum s-a luptat Bucure\u0219tiul, de-a lungul timpului, cu \u201e\u00eemb\u0103ierea ilegal\u0103\u201d<\/a><\/strong><\/p>\n\n\n\n<p class=\"wp-block-paragraph\">Arhitectul Teodor Frolu, vicepre\u0219edintele Asocia\u021biei Ivan Patzaichin \u2013 Mila 23, sus\u021bine transformarea r\u00e2ului \u00een primul culoar ecologic verde-albastru din Rom\u00e2nia. Implementarea unui astfel de management al apei, completat de o perdea de arbori, ar putea reduce temperaturile din centrul Capitalei cu 3 p\u00e2n\u0103 la 5 grade Celsius \u00een timpul verii.<\/p>\n\n\n\n<h2 id=\"h-modelul-parizian-investi\u021bii-pentru-un-rau-curat\" class=\"wp-block-heading\"><strong>Modelul parizian: Investi\u021bii pentru un r\u00e2u curat<\/strong><\/h2>\n\n\n\n<p class=\"wp-block-paragraph\">Reabilitarea apelor urbane necesit\u0103 planificare riguroas\u0103 \u0219i fonduri majore, un modelul recent implementat \u00een capitala Fran\u021bei. Pentru Jocurile Olimpice din 2024, autorit\u0103\u021bile pariziene au finalizat \u201ePlanul Baignade\u201d, o investi\u021bie de 1,4 miliarde de euro dedicat\u0103 infrastructurii de captare \u0219i tratare a apelor.<\/p>\n\n\n\n<p class=\"wp-block-paragraph\"><strong>CITE\u0218TE \u0218I <a href=\"https:\/\/buletin.de\/bucuresti\/foto-cum-arata-lacul-herastrau-golit-a-inceput-sa-creasca-vegetatie\/\">FOTO | \u201eNoua p\u0103dure\u201d din Her\u0103str\u0103u. Cum arat\u0103 zona la trei luni de la golirea lacului<\/a><\/strong><\/p>\n","protected":false},"excerpt":{"rendered":"<p>Asocia\u021bia \u201eD\u00e2mbovi\u021ba Ap\u0103 Dulce\u201d a instalat un prototip de barier\u0103 plutitoare din materiale recuperate pe principalul r\u00e2u al Capitalei, \u00een zona Regie, pentru a bloca de\u0219eurile \u00eenainte de a ajunge \u00een aval. Ini\u021biativa precede evenimentul D\u00e2mbovi\u021ba Delivery din 3-4 octombrie 2026, care vizeaz\u0103 reconectarea bucure\u0219tenilor cu spa\u021biul urban al r\u00e2ului. Bariera, denumit\u0103 \u201e\u0219erpi\u0219orul\u201d, este asamblat\u0103 [&hellip;]<\/p>\n","protected":false},"author":10,"featured_media":215366,"comment_status":"closed","ping_status":"open","sticky":false,"template":"","format":"standard","meta":{"_acf_changed":false,"inline_featured_image":false,"ngg_post_thumbnail":0,"footnotes":""},"categories":[6994,109,62],"tags":[30528,29919,21740,30529,3343],"ppma_author":[22583],"class_list":["post-215365","post","type-post","status-publish","format-standard","has-post-thumbnail","hentry","category-stiri-2","category-mediu","category-stiri","tag-bariera-plutitoare","tag-dambovita-apa-dulce","tag-dambovita-delivery-3","tag-ecologizare-regie","tag-teodor-frolu"],"acf":[],"a3_pvc":{"activated":false,"total_views":0,"today_views":0},"yoast_head":"<!-- This site is optimized with the Yoast SEO Premium plugin v28.0 (Yoast SEO v28.3) - https:\/\/yoast.com\/product\/yoast-seo-premium-wordpress\/ -->\n<title>MEDIU | O nou\u0103 barier\u0103 ecologic\u0103 pe D\u00e2mbovi\u021ba. \u201e\u0218erpi\u0219orul\u201d din bidoane care opre\u0219te gunoaiele \u00een Regie - Buletin de Bucure\u0219ti<\/title>\n<meta name=\"description\" content=\"Bariera, denumit\u0103 \u201e\u0219erpi\u0219orul\u201d, este asamblat\u0103 din bidoane de cinci litri reutilizate \u0219i \u00eenvelit\u0103 \u00een bannere publicitare recuperate.\" \/>\n<meta name=\"robots\" content=\"index, follow, max-snippet:-1, max-image-preview:large, max-video-preview:-1\" \/>\n<link rel=\"canonical\" href=\"https:\/\/buletin.de\/bucuresti\/mediu-o-noua-bariera-ecologica-pe-dambovita-serpisorul-din-bidoane-care-opreste-gunoaiele-in-regie\/\" \/>\n<meta property=\"og:locale\" content=\"en_GB\" \/>\n<meta property=\"og:type\" content=\"article\" \/>\n<meta property=\"og:title\" content=\"MEDIU | O nou\u0103 barier\u0103 ecologic\u0103 pe D\u00e2mbovi\u021ba. \u201e\u0218erpi\u0219orul\u201d din bidoane care opre\u0219te gunoaiele \u00een Regie\" \/>\n<meta property=\"og:description\" content=\"Bariera, denumit\u0103 \u201e\u0219erpi\u0219orul\u201d, este asamblat\u0103 din bidoane de cinci litri reutilizate \u0219i \u00eenvelit\u0103 \u00een bannere publicitare recuperate.\" \/>\n<meta property=\"og:url\" content=\"https:\/\/buletin.de\/bucuresti\/mediu-o-noua-bariera-ecologica-pe-dambovita-serpisorul-din-bidoane-care-opreste-gunoaiele-in-regie\/\" \/>\n<meta property=\"og:site_name\" content=\"Buletin de Bucure\u0219ti\" \/>\n<meta property=\"article:publisher\" content=\"https:\/\/www.facebook.com\/buletin.de.buc\" \/>\n<meta property=\"article:published_time\" content=\"2026-09-02T04:18:59+00:00\" \/>\n<meta property=\"article:modified_time\" content=\"2026-09-02T04:19:22+00:00\" \/>\n<meta property=\"og:image\" content=\"https:\/\/buletin.de\/bucuresti\/wp-content\/uploads\/2026\/09\/789580438_122138042667245954_4954347459809317833_n.jpg\" \/>\n\t<meta property=\"og:image:width\" content=\"1080\" \/>\n\t<meta property=\"og:image:height\" content=\"1207\" \/>\n\t<meta property=\"og:image:type\" content=\"image\/jpeg\" \/>\n<meta name=\"author\" content=\"C\u0103t\u0103lin Dosca\u0219\" \/>\n<meta name=\"twitter:card\" content=\"summary_large_image\" \/>\n<meta name=\"twitter:label1\" content=\"Written by\" \/>\n\t<meta name=\"twitter:data1\" content=\"C\u0103t\u0103lin Dosca\u0219\" \/>\n\t<meta name=\"twitter:label2\" content=\"Estimated reading time\" \/>\n\t<meta name=\"twitter:data2\" content=\"3 minutes\" \/>\n<script type=\"application\/ld+json\" class=\"yoast-schema-graph\">{\"@context\":\"https:\\\/\\\/schema.org\",\"@graph\":[{\"@type\":\"Article\",\"@id\":\"https:\\\/\\\/buletin.de\\\/bucuresti\\\/mediu-o-noua-bariera-ecologica-pe-dambovita-serpisorul-din-bidoane-care-opreste-gunoaiele-in-regie\\\/#article\",\"isPartOf\":{\"@id\":\"https:\\\/\\\/buletin.de\\\/bucuresti\\\/mediu-o-noua-bariera-ecologica-pe-dambovita-serpisorul-din-bidoane-care-opreste-gunoaiele-in-regie\\\/\"},\"author\":{\"name\":\"C\u0103t\u0103lin Dosca\u0219\",\"@id\":\"https:\\\/\\\/buletin.de\\\/bucuresti\\\/#\\\/schema\\\/person\\\/31117187ed4d0bdb0a4c7d6acc79d0f8\"},\"headline\":\"MEDIU | O nou\u0103 barier\u0103 ecologic\u0103 pe D\u00e2mbovi\u021ba. \u201e\u0218erpi\u0219orul\u201d din bidoane care opre\u0219te gunoaiele \u00een Regie\",\"datePublished\":\"2026-09-02T04:18:59+00:00\",\"dateModified\":\"2026-09-02T04:19:22+00:00\",\"mainEntityOfPage\":{\"@id\":\"https:\\\/\\\/buletin.de\\\/bucuresti\\\/mediu-o-noua-bariera-ecologica-pe-dambovita-serpisorul-din-bidoane-care-opreste-gunoaiele-in-regie\\\/\"},\"wordCount\":400,\"publisher\":{\"@id\":\"https:\\\/\\\/buletin.de\\\/bucuresti\\\/#organization\"},\"image\":{\"@id\":\"https:\\\/\\\/buletin.de\\\/bucuresti\\\/mediu-o-noua-bariera-ecologica-pe-dambovita-serpisorul-din-bidoane-care-opreste-gunoaiele-in-regie\\\/#primaryimage\"},\"thumbnailUrl\":\"https:\\\/\\\/buletin.de\\\/bucuresti\\\/wp-content\\\/uploads\\\/2026\\\/09\\\/789580438_122138042667245954_4954347459809317833_n.jpg\",\"keywords\":[\"barier\u0103 plutitoare\",\"D\u00e2mbovi\u021ba Ap\u0103 Dulce\",\"D\u00e2mbovi\u021ba Delivery\",\"ecologizare Regie\",\"teodor frolu\"],\"articleSection\":[\"Articole\",\"Mediu\",\"\u0218tiri\"],\"inLanguage\":\"en-GB\",\"copyrightYear\":\"2026\",\"copyrightHolder\":{\"@id\":\"https:\\\/\\\/buletin.de\\\/bucuresti\\\/#organization\"}},{\"@type\":\"WebPage\",\"@id\":\"https:\\\/\\\/buletin.de\\\/bucuresti\\\/mediu-o-noua-bariera-ecologica-pe-dambovita-serpisorul-din-bidoane-care-opreste-gunoaiele-in-regie\\\/\",\"url\":\"https:\\\/\\\/buletin.de\\\/bucuresti\\\/mediu-o-noua-bariera-ecologica-pe-dambovita-serpisorul-din-bidoane-care-opreste-gunoaiele-in-regie\\\/\",\"name\":\"MEDIU | O nou\u0103 barier\u0103 ecologic\u0103 pe D\u00e2mbovi\u021ba. \u201e\u0218erpi\u0219orul\u201d din bidoane care opre\u0219te gunoaiele \u00een Regie - Buletin de Bucure\u0219ti\",\"isPartOf\":{\"@id\":\"https:\\\/\\\/buletin.de\\\/bucuresti\\\/#website\"},\"primaryImageOfPage\":{\"@id\":\"https:\\\/\\\/buletin.de\\\/bucuresti\\\/mediu-o-noua-bariera-ecologica-pe-dambovita-serpisorul-din-bidoane-care-opreste-gunoaiele-in-regie\\\/#primaryimage\"},\"image\":{\"@id\":\"https:\\\/\\\/buletin.de\\\/bucuresti\\\/mediu-o-noua-bariera-ecologica-pe-dambovita-serpisorul-din-bidoane-care-opreste-gunoaiele-in-regie\\\/#primaryimage\"},\"thumbnailUrl\":\"https:\\\/\\\/buletin.de\\\/bucuresti\\\/wp-content\\\/uploads\\\/2026\\\/09\\\/789580438_122138042667245954_4954347459809317833_n.jpg\",\"datePublished\":\"2026-09-02T04:18:59+00:00\",\"dateModified\":\"2026-09-02T04:19:22+00:00\",\"description\":\"Bariera, denumit\u0103 \u201e\u0219erpi\u0219orul\u201d, este asamblat\u0103 din bidoane de cinci litri reutilizate \u0219i \u00eenvelit\u0103 \u00een bannere publicitare recuperate.\",\"breadcrumb\":{\"@id\":\"https:\\\/\\\/buletin.de\\\/bucuresti\\\/mediu-o-noua-bariera-ecologica-pe-dambovita-serpisorul-din-bidoane-care-opreste-gunoaiele-in-regie\\\/#breadcrumb\"},\"inLanguage\":\"en-GB\",\"potentialAction\":[{\"@type\":\"ReadAction\",\"target\":[\"https:\\\/\\\/buletin.de\\\/bucuresti\\\/mediu-o-noua-bariera-ecologica-pe-dambovita-serpisorul-din-bidoane-care-opreste-gunoaiele-in-regie\\\/\"]}]},{\"@type\":\"ImageObject\",\"inLanguage\":\"en-GB\",\"@id\":\"https:\\\/\\\/buletin.de\\\/bucuresti\\\/mediu-o-noua-bariera-ecologica-pe-dambovita-serpisorul-din-bidoane-care-opreste-gunoaiele-in-regie\\\/#primaryimage\",\"url\":\"https:\\\/\\\/buletin.de\\\/bucuresti\\\/wp-content\\\/uploads\\\/2026\\\/09\\\/789580438_122138042667245954_4954347459809317833_n.jpg\",\"contentUrl\":\"https:\\\/\\\/buletin.de\\\/bucuresti\\\/wp-content\\\/uploads\\\/2026\\\/09\\\/789580438_122138042667245954_4954347459809317833_n.jpg\",\"width\":1080,\"height\":1207,\"caption\":\"FOTO: D\u00e2mbovi\u021ba Ap\u0103 Dulce \\\/ NOD Makerspace\"},{\"@type\":\"BreadcrumbList\",\"@id\":\"https:\\\/\\\/buletin.de\\\/bucuresti\\\/mediu-o-noua-bariera-ecologica-pe-dambovita-serpisorul-din-bidoane-care-opreste-gunoaiele-in-regie\\\/#breadcrumb\",\"itemListElement\":[{\"@type\":\"ListItem\",\"position\":1,\"name\":\"Acas\u0103\",\"item\":\"https:\\\/\\\/buletin.de\\\/bucuresti\\\/\"},{\"@type\":\"ListItem\",\"position\":2,\"name\":\"MEDIU | O nou\u0103 barier\u0103 ecologic\u0103 pe D\u00e2mbovi\u021ba. \u201e\u0218erpi\u0219orul\u201d din bidoane care opre\u0219te gunoaiele \u00een Regie\"}]},{\"@type\":\"WebSite\",\"@id\":\"https:\\\/\\\/buletin.de\\\/bucuresti\\\/#website\",\"url\":\"https:\\\/\\\/buletin.de\\\/bucuresti\\\/\",\"name\":\"Buletin de Bucure\u0219ti\",\"description\":\"\u0218tiri \u0219i investiga\u021bii esen\u021biale din capital\u0103\",\"publisher\":{\"@id\":\"https:\\\/\\\/buletin.de\\\/bucuresti\\\/#organization\"},\"potentialAction\":[{\"@type\":\"SearchAction\",\"target\":{\"@type\":\"EntryPoint\",\"urlTemplate\":\"https:\\\/\\\/buletin.de\\\/bucuresti\\\/?s={search_term_string}\"},\"query-input\":{\"@type\":\"PropertyValueSpecification\",\"valueRequired\":true,\"valueName\":\"search_term_string\"}}],\"inLanguage\":\"en-GB\"},{\"@type\":\"Organization\",\"@id\":\"https:\\\/\\\/buletin.de\\\/bucuresti\\\/#organization\",\"name\":\"Buletin de Bucure\u0219ti\",\"url\":\"https:\\\/\\\/buletin.de\\\/bucuresti\\\/\",\"logo\":{\"@type\":\"ImageObject\",\"inLanguage\":\"en-GB\",\"@id\":\"https:\\\/\\\/buletin.de\\\/bucuresti\\\/#\\\/schema\\\/logo\\\/image\\\/\",\"url\":\"https:\\\/\\\/buletin.de\\\/bucuresti\\\/wp-content\\\/uploads\\\/logo-bdb-full-wide-vernil-transparent.png\",\"contentUrl\":\"https:\\\/\\\/buletin.de\\\/bucuresti\\\/wp-content\\\/uploads\\\/logo-bdb-full-wide-vernil-transparent.png\",\"width\":1782,\"height\":626,\"caption\":\"Buletin de Bucure\u0219ti\"},\"image\":{\"@id\":\"https:\\\/\\\/buletin.de\\\/bucuresti\\\/#\\\/schema\\\/logo\\\/image\\\/\"},\"sameAs\":[\"https:\\\/\\\/www.facebook.com\\\/buletin.de.buc\",\"https:\\\/\\\/www.instagram.com\\\/buletinde.bucuresti\\\/\"]},{\"@type\":\"Person\",\"@id\":\"https:\\\/\\\/buletin.de\\\/bucuresti\\\/#\\\/schema\\\/person\\\/31117187ed4d0bdb0a4c7d6acc79d0f8\",\"name\":\"C\u0103t\u0103lin Dosca\u0219\",\"image\":{\"@type\":\"ImageObject\",\"inLanguage\":\"en-GB\",\"@id\":\"https:\\\/\\\/buletin.de\\\/bucuresti\\\/wp-content\\\/uploads\\\/Catalin-Doscas-e1732731064764-96x96.jpga93e2943bb3b1c1f9ead823df6e6317a\",\"url\":\"https:\\\/\\\/buletin.de\\\/bucuresti\\\/wp-content\\\/uploads\\\/Catalin-Doscas-e1732731064764-96x96.jpg\",\"contentUrl\":\"https:\\\/\\\/buletin.de\\\/bucuresti\\\/wp-content\\\/uploads\\\/Catalin-Doscas-e1732731064764-96x96.jpg\",\"caption\":\"C\u0103t\u0103lin Dosca\u0219\"},\"description\":\"Reporter \u0219i redactor-\u0219ef Buletin de Bucure\u0219ti. Lucreaz\u0103 \u00een mass-media de la v\u00e2rsta de 15 ani, c\u00e2nd a publicat primele articole \u00een presa local\u0103 din Tecuci. \u00cen Bucure\u0219ti a lucrat \u00een redac\u021bii radio ca reporter, redactor \u0219i prezentator (StudentFM, Na\u021bionalFM, Radio Total, Smart FM), unde a acoperit domeniile politic, economic, social \u0219i externe. Ulterior, a fost editor-coordonator al postului Realitatea FM. Experien\u021ba \u00een jurnalismul online a dob\u00e2ndit-o la portalul B365.ro, unde a fost editor. \u00cen 2012 s-a angajat \u00een televiziune. La Realitatea TV a fost, pe r\u00e2nd, reporter la sec\u021bia Social, reporter special la emisiunea de reportaje \u0219i anchete \u201eReporterii Realit\u0103\u021bii\u201d, dar \u0219i editor al jurnalelor de \u0219tiri. Ulterior, a f\u0103cut parte din sec\u021bia de Investiga\u021bii de la Digi24 \u0219i a lucrat la campania \u201eRom\u00e2nia furat\u0103\u201d. A revenit \u00een presa scris\u0103 \u00een 2017, ca reporter special, \u00een cadrul unui proiect de repozi\u021bionare a tabloidului Libertatea \u00een cotidian generalist. Este jurnalist Buletin de Bucure\u0219ti din 2019.\",\"url\":\"https:\\\/\\\/buletin.de\\\/bucuresti\\\/author\\\/catalin\\\/\"}]}<\/script>\n<!-- \/ Yoast SEO Premium plugin. -->","yoast_head_json":{"title":"MEDIU | O nou\u0103 barier\u0103 ecologic\u0103 pe D\u00e2mbovi\u021ba. \u201e\u0218erpi\u0219orul\u201d din bidoane care opre\u0219te gunoaiele \u00een Regie - Buletin de Bucure\u0219ti","description":"Bariera, denumit\u0103 \u201e\u0219erpi\u0219orul\u201d, este asamblat\u0103 din bidoane de cinci litri reutilizate \u0219i \u00eenvelit\u0103 \u00een bannere publicitare recuperate.","robots":{"index":"index","follow":"follow","max-snippet":"max-snippet:-1","max-image-preview":"max-image-preview:large","max-video-preview":"max-video-preview:-1"},"canonical":"https:\/\/buletin.de\/bucuresti\/mediu-o-noua-bariera-ecologica-pe-dambovita-serpisorul-din-bidoane-care-opreste-gunoaiele-in-regie\/","og_locale":"en_GB","og_type":"article","og_title":"MEDIU | O nou\u0103 barier\u0103 ecologic\u0103 pe D\u00e2mbovi\u021ba. \u201e\u0218erpi\u0219orul\u201d din bidoane care opre\u0219te gunoaiele \u00een Regie","og_description":"Bariera, denumit\u0103 \u201e\u0219erpi\u0219orul\u201d, este asamblat\u0103 din bidoane de cinci litri reutilizate \u0219i \u00eenvelit\u0103 \u00een bannere publicitare recuperate.","og_url":"https:\/\/buletin.de\/bucuresti\/mediu-o-noua-bariera-ecologica-pe-dambovita-serpisorul-din-bidoane-care-opreste-gunoaiele-in-regie\/","og_site_name":"Buletin de Bucure\u0219ti","article_publisher":"https:\/\/www.facebook.com\/buletin.de.buc","article_published_time":"2026-09-02T04:18:59+00:00","article_modified_time":"2026-09-02T04:19:22+00:00","og_image":[{"width":1080,"height":1207,"url":"https:\/\/buletin.de\/bucuresti\/wp-content\/uploads\/2026\/09\/789580438_122138042667245954_4954347459809317833_n.jpg","type":"image\/jpeg"}],"author":"C\u0103t\u0103lin Dosca\u0219","twitter_card":"summary_large_image","twitter_misc":{"Written by":"C\u0103t\u0103lin Dosca\u0219","Estimated reading time":"3 minutes"},"schema":{"@context":"https:\/\/schema.org","@graph":[{"@type":"Article","@id":"https:\/\/buletin.de\/bucuresti\/mediu-o-noua-bariera-ecologica-pe-dambovita-serpisorul-din-bidoane-care-opreste-gunoaiele-in-regie\/#article","isPartOf":{"@id":"https:\/\/buletin.de\/bucuresti\/mediu-o-noua-bariera-ecologica-pe-dambovita-serpisorul-din-bidoane-care-opreste-gunoaiele-in-regie\/"},"author":{"name":"C\u0103t\u0103lin Dosca\u0219","@id":"https:\/\/buletin.de\/bucuresti\/#\/schema\/person\/31117187ed4d0bdb0a4c7d6acc79d0f8"},"headline":"MEDIU | O nou\u0103 barier\u0103 ecologic\u0103 pe D\u00e2mbovi\u021ba. \u201e\u0218erpi\u0219orul\u201d din bidoane care opre\u0219te gunoaiele \u00een Regie","datePublished":"2026-09-02T04:18:59+00:00","dateModified":"2026-09-02T04:19:22+00:00","mainEntityOfPage":{"@id":"https:\/\/buletin.de\/bucuresti\/mediu-o-noua-bariera-ecologica-pe-dambovita-serpisorul-din-bidoane-care-opreste-gunoaiele-in-regie\/"},"wordCount":400,"publisher":{"@id":"https:\/\/buletin.de\/bucuresti\/#organization"},"image":{"@id":"https:\/\/buletin.de\/bucuresti\/mediu-o-noua-bariera-ecologica-pe-dambovita-serpisorul-din-bidoane-care-opreste-gunoaiele-in-regie\/#primaryimage"},"thumbnailUrl":"https:\/\/buletin.de\/bucuresti\/wp-content\/uploads\/2026\/09\/789580438_122138042667245954_4954347459809317833_n.jpg","keywords":["barier\u0103 plutitoare","D\u00e2mbovi\u021ba Ap\u0103 Dulce","D\u00e2mbovi\u021ba Delivery","ecologizare Regie","teodor frolu"],"articleSection":["Articole","Mediu","\u0218tiri"],"inLanguage":"en-GB","copyrightYear":"2026","copyrightHolder":{"@id":"https:\/\/buletin.de\/bucuresti\/#organization"}},{"@type":"WebPage","@id":"https:\/\/buletin.de\/bucuresti\/mediu-o-noua-bariera-ecologica-pe-dambovita-serpisorul-din-bidoane-care-opreste-gunoaiele-in-regie\/","url":"https:\/\/buletin.de\/bucuresti\/mediu-o-noua-bariera-ecologica-pe-dambovita-serpisorul-din-bidoane-care-opreste-gunoaiele-in-regie\/","name":"MEDIU | O nou\u0103 barier\u0103 ecologic\u0103 pe D\u00e2mbovi\u021ba. \u201e\u0218erpi\u0219orul\u201d din bidoane care opre\u0219te gunoaiele \u00een Regie - Buletin de Bucure\u0219ti","isPartOf":{"@id":"https:\/\/buletin.de\/bucuresti\/#website"},"primaryImageOfPage":{"@id":"https:\/\/buletin.de\/bucuresti\/mediu-o-noua-bariera-ecologica-pe-dambovita-serpisorul-din-bidoane-care-opreste-gunoaiele-in-regie\/#primaryimage"},"image":{"@id":"https:\/\/buletin.de\/bucuresti\/mediu-o-noua-bariera-ecologica-pe-dambovita-serpisorul-din-bidoane-care-opreste-gunoaiele-in-regie\/#primaryimage"},"thumbnailUrl":"https:\/\/buletin.de\/bucuresti\/wp-content\/uploads\/2026\/09\/789580438_122138042667245954_4954347459809317833_n.jpg","datePublished":"2026-09-02T04:18:59+00:00","dateModified":"2026-09-02T04:19:22+00:00","description":"Bariera, denumit\u0103 \u201e\u0219erpi\u0219orul\u201d, este asamblat\u0103 din bidoane de cinci litri reutilizate \u0219i \u00eenvelit\u0103 \u00een bannere publicitare recuperate.","breadcrumb":{"@id":"https:\/\/buletin.de\/bucuresti\/mediu-o-noua-bariera-ecologica-pe-dambovita-serpisorul-din-bidoane-care-opreste-gunoaiele-in-regie\/#breadcrumb"},"inLanguage":"en-GB","potentialAction":[{"@type":"ReadAction","target":["https:\/\/buletin.de\/bucuresti\/mediu-o-noua-bariera-ecologica-pe-dambovita-serpisorul-din-bidoane-care-opreste-gunoaiele-in-regie\/"]}]},{"@type":"ImageObject","inLanguage":"en-GB","@id":"https:\/\/buletin.de\/bucuresti\/mediu-o-noua-bariera-ecologica-pe-dambovita-serpisorul-din-bidoane-care-opreste-gunoaiele-in-regie\/#primaryimage","url":"https:\/\/buletin.de\/bucuresti\/wp-content\/uploads\/2026\/09\/789580438_122138042667245954_4954347459809317833_n.jpg","contentUrl":"https:\/\/buletin.de\/bucuresti\/wp-content\/uploads\/2026\/09\/789580438_122138042667245954_4954347459809317833_n.jpg","width":1080,"height":1207,"caption":"FOTO: D\u00e2mbovi\u021ba Ap\u0103 Dulce \/ NOD Makerspace"},{"@type":"BreadcrumbList","@id":"https:\/\/buletin.de\/bucuresti\/mediu-o-noua-bariera-ecologica-pe-dambovita-serpisorul-din-bidoane-care-opreste-gunoaiele-in-regie\/#breadcrumb","itemListElement":[{"@type":"ListItem","position":1,"name":"Acas\u0103","item":"https:\/\/buletin.de\/bucuresti\/"},{"@type":"ListItem","position":2,"name":"MEDIU | O nou\u0103 barier\u0103 ecologic\u0103 pe D\u00e2mbovi\u021ba. \u201e\u0218erpi\u0219orul\u201d din bidoane care opre\u0219te gunoaiele \u00een Regie"}]},{"@type":"WebSite","@id":"https:\/\/buletin.de\/bucuresti\/#website","url":"https:\/\/buletin.de\/bucuresti\/","name":"Buletin de Bucure\u0219ti","description":"\u0218tiri \u0219i investiga\u021bii esen\u021biale din capital\u0103","publisher":{"@id":"https:\/\/buletin.de\/bucuresti\/#organization"},"potentialAction":[{"@type":"SearchAction","target":{"@type":"EntryPoint","urlTemplate":"https:\/\/buletin.de\/bucuresti\/?s={search_term_string}"},"query-input":{"@type":"PropertyValueSpecification","valueRequired":true,"valueName":"search_term_string"}}],"inLanguage":"en-GB"},{"@type":"Organization","@id":"https:\/\/buletin.de\/bucuresti\/#organization","name":"Buletin de Bucure\u0219ti","url":"https:\/\/buletin.de\/bucuresti\/","logo":{"@type":"ImageObject","inLanguage":"en-GB","@id":"https:\/\/buletin.de\/bucuresti\/#\/schema\/logo\/image\/","url":"https:\/\/buletin.de\/bucuresti\/wp-content\/uploads\/logo-bdb-full-wide-vernil-transparent.png","contentUrl":"https:\/\/buletin.de\/bucuresti\/wp-content\/uploads\/logo-bdb-full-wide-vernil-transparent.png","width":1782,"height":626,"caption":"Buletin de Bucure\u0219ti"},"image":{"@id":"https:\/\/buletin.de\/bucuresti\/#\/schema\/logo\/image\/"},"sameAs":["https:\/\/www.facebook.com\/buletin.de.buc","https:\/\/www.instagram.com\/buletinde.bucuresti\/"]},{"@type":"Person","@id":"https:\/\/buletin.de\/bucuresti\/#\/schema\/person\/31117187ed4d0bdb0a4c7d6acc79d0f8","name":"C\u0103t\u0103lin Dosca\u0219","image":{"@type":"ImageObject","inLanguage":"en-GB","@id":"https:\/\/buletin.de\/bucuresti\/wp-content\/uploads\/Catalin-Doscas-e1732731064764-96x96.jpga93e2943bb3b1c1f9ead823df6e6317a","url":"https:\/\/buletin.de\/bucuresti\/wp-content\/uploads\/Catalin-Doscas-e1732731064764-96x96.jpg","contentUrl":"https:\/\/buletin.de\/bucuresti\/wp-content\/uploads\/Catalin-Doscas-e1732731064764-96x96.jpg","caption":"C\u0103t\u0103lin Dosca\u0219"},"description":"Reporter \u0219i redactor-\u0219ef Buletin de Bucure\u0219ti. Lucreaz\u0103 \u00een mass-media de la v\u00e2rsta de 15 ani, c\u00e2nd a publicat primele articole \u00een presa local\u0103 din Tecuci. \u00cen Bucure\u0219ti a lucrat \u00een redac\u021bii radio ca reporter, redactor \u0219i prezentator (StudentFM, Na\u021bionalFM, Radio Total, Smart FM), unde a acoperit domeniile politic, economic, social \u0219i externe. Ulterior, a fost editor-coordonator al postului Realitatea FM. Experien\u021ba \u00een jurnalismul online a dob\u00e2ndit-o la portalul B365.ro, unde a fost editor. \u00cen 2012 s-a angajat \u00een televiziune. La Realitatea TV a fost, pe r\u00e2nd, reporter la sec\u021bia Social, reporter special la emisiunea de reportaje \u0219i anchete \u201eReporterii Realit\u0103\u021bii\u201d, dar \u0219i editor al jurnalelor de \u0219tiri. Ulterior, a f\u0103cut parte din sec\u021bia de Investiga\u021bii de la Digi24 \u0219i a lucrat la campania \u201eRom\u00e2nia furat\u0103\u201d. A revenit \u00een presa scris\u0103 \u00een 2017, ca reporter special, \u00een cadrul unui proiect de repozi\u021bionare a tabloidului Libertatea \u00een cotidian generalist. Este jurnalist Buletin de Bucure\u0219ti din 2019.","url":"https:\/\/buletin.de\/bucuresti\/author\/catalin\/"}]}},"authors":[{"term_id":22575,"user_id":10,"is_guest":0,"slug":"catalin","display_name":"C\u0103t\u0103lin Dosca\u0219","avatar_url":"https:\/\/buletin.de\/bucuresti\/wp-content\/uploads\/Catalin-Doscas-e1732731064764-96x96.jpg","author_category":"","first_name":"C\u0103t\u0103lin","last_name":"Dosca\u0219","user_url":"","job_title":"","description":"Reporter \u0219i redactor-\u0219ef Buletin de Bucure\u0219ti. Lucreaz\u0103 \u00een mass-media de la v\u00e2rsta de 15 ani, c\u00e2nd a publicat primele articole \u00een presa local\u0103 din Tecuci. \u00cen Bucure\u0219ti a lucrat \u00een redac\u021bii radio ca reporter, redactor \u0219i prezentator (StudentFM, Na\u021bionalFM, Radio Total, Smart FM), unde a acoperit domeniile politic, economic, social \u0219i externe. Ulterior, a fost editor-coordonator al postului Realitatea FM. Experien\u021ba \u00een jurnalismul online a dob\u00e2ndit-o la portalul B365.ro, unde a fost editor. \u00cen 2012 s-a angajat \u00een televiziune. La Realitatea TV a fost, pe r\u00e2nd, reporter la sec\u021bia Social, reporter special la emisiunea de reportaje \u0219i anchete \u201eReporterii Realit\u0103\u021bii\u201d, dar \u0219i editor al jurnalelor de \u0219tiri. Ulterior, a f\u0103cut parte din sec\u021bia de Investiga\u021bii de la Digi24 \u0219i a lucrat la campania \u201eRom\u00e2nia furat\u0103\u201d. A revenit \u00een presa scris\u0103 \u00een 2017, ca reporter special, \u00een cadrul unui proiect de repozi\u021bionare a tabloidului Libertatea \u00een cotidian generalist. Este jurnalist Buletin de Bucure\u0219ti din 2019."}],"_links":{"self":[{"href":"https:\/\/buletin.de\/bucuresti\/wp-json\/wp\/v2\/posts\/215365","targetHints":{"allow":["GET"]}}],"collection":[{"href":"https:\/\/buletin.de\/bucuresti\/wp-json\/wp\/v2\/posts"}],"about":[{"href":"https:\/\/buletin.de\/bucuresti\/wp-json\/wp\/v2\/types\/post"}],"author":[{"embeddable":true,"href":"https:\/\/buletin.de\/bucuresti\/wp-json\/wp\/v2\/users\/10"}],"replies":[{"embeddable":true,"href":"https:\/\/buletin.de\/bucuresti\/wp-json\/wp\/v2\/comments?post=215365"}],"version-history":[{"count":2,"href":"https:\/\/buletin.de\/bucuresti\/wp-json\/wp\/v2\/posts\/215365\/revisions"}],"predecessor-version":[{"id":215372,"href":"https:\/\/buletin.de\/bucuresti\/wp-json\/wp\/v2\/posts\/215365\/revisions\/215372"}],"wp:featuredmedia":[{"embeddable":true,"href":"https:\/\/buletin.de\/bucuresti\/wp-json\/wp\/v2\/media\/215366"}],"wp:attachment":[{"href":"https:\/\/buletin.de\/bucuresti\/wp-json\/wp\/v2\/media?parent=215365"}],"wp:term":[{"taxonomy":"category","embeddable":true,"href":"https:\/\/buletin.de\/bucuresti\/wp-json\/wp\/v2\/categories?post=215365"},{"taxonomy":"post_tag","embeddable":true,"href":"https:\/\/buletin.de\/bucuresti\/wp-json\/wp\/v2\/tags?post=215365"},{"taxonomy":"author","embeddable":true,"href":"https:\/\/buletin.de\/bucuresti\/wp-json\/wp\/v2\/ppma_author?post=215365"}],"curies":[{"name":"wp","href":"https:\/\/api.w.org\/{rel}","templated":true}]}}