{"id":215296,"date":"2026-09-01T18:43:31","date_gmt":"2026-09-01T15:43:31","guid":{"rendered":"https:\/\/buletin.de\/bucuresti\/?p=215296"},"modified":"2026-09-01T18:43:32","modified_gmt":"2026-09-01T15:43:32","slug":"incep-lucrarile-la-parcul-sinei-din-sectorul-5-cum-va-fi-amenajata-zona-dintre-statiile-cotroceni-si-cfr-progresu-costuri-de-10-milioane-de-euro","status":"publish","type":"post","link":"https:\/\/buletin.de\/bucuresti\/incep-lucrarile-la-parcul-sinei-din-sectorul-5-cum-va-fi-amenajata-zona-dintre-statiile-cotroceni-si-cfr-progresu-costuri-de-10-milioane-de-euro\/","title":{"rendered":"\u00cencep lucr\u0103rile la Parcul \u0218inei din Sectorul 5. Cum va fi amenajat\u0103 zona dintre sta\u021biile Cotroceni \u0219i CFR Progresu. Costuri de 10 milioane de euro"},"content":{"rendered":"\n<p class=\"wp-block-paragraph\"><strong>Lucr\u0103rile la Parcul \u0218inei au \u00eenceput mar\u021bi, 1 septembrie. Proiectul vizeaz\u0103 amenajarea unui parc liniar de 2,4 hectare \u00eentre sta\u021biile Cotroceni \u0219i CFR Progresu, similar cu Parcul Liniei din Sectorul 6.<\/strong><\/p>\n\n\n\n<p class=\"wp-block-paragraph\">Investi\u021bia presupune amenajarea de zone verzi \u0219i locuri de joac\u0103, dar \u0219i interven\u021bii asupra infrastructurii din zon\u0103, inclusiv modernizarea sistemului de iluminat, execu\u021bia de alei pietonale sau suplimentarea locurilor de parcare. <\/p>\n\n\n\n<p class=\"wp-block-paragraph\">Lucr\u0103rile se vor desf\u0103\u0219ura etapizat \u0219i ar trebui finalizate \u00een 12 luni, anun\u021b\u0103<a href=\"https:\/\/sector5.ro\" data-type=\"link\" data-id=\"https:\/\/sector5.ro\"> Prim\u0103ria Sectorului 5<\/a>. <\/p>\n\n\n\n<p class=\"wp-block-paragraph\">Valoarea total\u0103 a proiectului se ridic\u0103 la circa 50 de milioane de lei, TVA inclus, potrivit devizului aprobat de consilierii locali ai Sectorului 5, la \u00eenceputul acestui an.<\/p>\n\n\n\n<h2 id=\"h-unde-va-fi-situat-viitorul-parc-din-sectorul-5\" class=\"wp-block-heading\">Unde va fi situat viitorul parc din Sectorul 5<\/h2>\n\n\n\n<p class=\"wp-block-paragraph\">Parcul \u015einei a primit und\u0103 verde printr-un protocol semnat \u00eentre Prim\u0103ria Sectorului 5 \u0219i CFR, dup\u0103 cum a scris Buletin de Bucure\u0219ti\u00a0<a href=\"https:\/\/buletin.de\/bucuresti\/sector-5-primele-semnaturi-pentru-parcul-sinei-pe-un-teren-al-cfr-din-zona-zetarilor\/\" target=\"_blank\" rel=\"noreferrer noopener\"><strong>AICI<\/strong><\/a>.\u00a0Prin acest parteneriat, terenurile neutilizate feroviar de peste 35 de ani, aflate \u00eentre sta\u021biile Cotroceni \u0219i Progresul (zona str. \u0218inei), ar urma s\u0103 fie transformate \u00eentr-o zon\u0103 de promenad\u0103, cu spa\u021bii verzi \u0219i locuri de joac\u0103.<\/p>\n\n\n\n<p class=\"wp-block-paragraph\"><a href=\"https:\/\/buletin.de\/bucuresti\/sector-5-parcul-sinei-intra-in-faza-de-studiu-de-fezabilitate-proiectul-asteapta-votul-in-consiliul-local\/\">Studiul de fezabilitate a fost aprobat de Consiliul Local al Sectorului 5 \u00een februarie 2026.<\/a> Potrivit documenta\u021biei, interven\u021biile vizeaz\u0103 mai multe terenuri aflate pe raza unit\u0103\u021bii administrativ-teritorial\u0103 a Sectorului 5, inclusiv \u00een proximitatea coridorului feroviar dintre Gara CFR Progresul \u0219i Gara Cotroceni.<\/p>\n\n\n\n<p class=\"wp-block-paragraph\"><strong>Loca\u021biile vizate de investi\u021bie sunt urm\u0103toarele:<\/strong><\/p>\n\n\n\n<ul class=\"wp-block-list\">\n<li>Str. Cristea Ionescu nr. 18 NC 248169;<\/li>\n\n\n\n<li>Str. \u015einei NC 246568;<\/li>\n\n\n\n<li>Str. Ionescu Cristea Tronson 2 NC 245522;<\/li>\n\n\n\n<li>Str. Ionescu Cristea Tronson 1 NC 245520;<\/li>\n\n\n\n<li>Interval CF Gara C.F.R Progresul, Trupul 20 NC 234178;<\/li>\n\n\n\n<li>Interval CF Gara C.F.R Cotroceni \u2013 C.F.R. Progresul, Trup 21 NC 232503.<\/li>\n<\/ul>\n\n\n\n<p class=\"wp-block-paragraph\"><strong>CITE\u0218TE \u0218I: <a href=\"https:\/\/buletin.de\/bucuresti\/sector-5-parcul-sinei-intra-in-faza-de-studiu-de-fezabilitate-proiectul-asteapta-votul-in-consiliul-local\/\">Sector 5 | \u201eParcul \u0218inei\u201d intr\u0103 \u00een faza de studiu de fezabilitate. Proiectul a\u0219teapt\u0103 votul \u00een Consiliul Local<\/a><\/strong><\/p>\n\n\n\n<h2 id=\"h-costuri-de-10-milioane-de-euro-cum-va-fi-amenajata-zona\" class=\"wp-block-heading\">Costuri de 10 milioane de euro. Cum va fi amenajat\u0103 zona<\/h2>\n\n\n\n<p class=\"wp-block-paragraph\"><strong>Investi\u021bia include amenajarea de spa\u021bii verzi, zone de recreere \u0219i locuri de joac\u0103, realizarea de alei pietonale \u0219i noi locuri de parcare, modernizarea sistemului de iluminat public \u0219i dot\u0103ri pentru persoanele cu deficien\u021be de auz \u0219i de vedere. Valoarea total\u0103 a proiectului se ridic\u0103 la circa 50 de milioane de lei, echivalentul a 10 milioane de euro, TVA inclus.<\/strong><\/p>\n\n\n\n<p class=\"wp-block-paragraph\">Lucr\u0103ri propuse, potrivit studiului de fezabilitate:<\/p>\n\n\n\n<ul class=\"wp-block-list\">\n<li>Amenajarea de scuaruri \u0219i spa\u021bii de recreere \u00een aer liber sau \u00een construc\u021bii u\u0219oare;<\/li>\n\n\n\n<li>Executarea de lucr\u0103ri de amenaj\u0103ri peisagistice de recreare, spa\u021bii verzi, culoare vegetale de protec\u021bie fa\u021b\u0103 de infrastructura actual\u0103;<\/li>\n\n\n\n<li>Amenajare de parcuri \u0219i locuri de joac\u0103 pentru copii, inclusiv dotarea acestora cu mobilier adecvat, cu echipamente de joac\u0103 \u0219i alte dot\u0103ri independente;<\/li>\n\n\n\n<li>Realizarea unor structuri de acces pietonal, inclusiv pentru persoane cu dizabilit\u0103\u021bi sau cu mobilitate redus\u0103;<\/li>\n\n\n\n<li>Executarea, modernizarea, extinderea de lucr\u0103ri de pavaje, c\u0103i de rulare, amenaj\u0103ri urbane diverse;<\/li>\n\n\n\n<li>Realizarea de lucr\u0103ri de separare pe vertical\u0103 \u015fi orizontal\u0103 a fluxurilor de circula\u021bie, punerea \u00een siguran\u0163\u0103 a zonelor de recreere pietonal\u0103;<\/li>\n\n\n\n<li>Amenajarea, unor locuri de parcare, inclusiv prin realizarea de locuri de parcare publice \u015fi de re\u015fedin\u0163\u0103;<\/li>\n\n\n\n<li>Realizare de sisteme ecologice de colectare a de\u015feurilor menajere \u015fi de colectare selectiv\u0103 a materialelor reciclabile.<\/li>\n\n\n\n<li>Reabilitarea, amenajarea, relocarea\/extinderea infrastructurilor edilitare, inclusiv instala\u021bii de suprafa\u021b\u0103 \u0219i subterane precum: \u00eenlocuiri, extinderi, moderniz\u0103ri, modific\u0103ri ale traseelor aferente infrastructurii publice edilitare \u0219i re\u021belelor de comunica\u021bii.<\/li>\n\n\n\n<li>Modernizarea \u0219i extinderea sistemului de iluminat public \u0219i ambiental eficient energetic \u0219i inteligent<\/li>\n\n\n\n<li>Montarea de indicatoare \u0219i alte elemente de semnalizare \u0219i orientare urban\u0103, sisteme de monitorizare \u0219i sisteme adecvate pentru persoanele cu deficien\u021b\u0103 de auz \u0219i vedere.<\/li>\n<\/ul>\n\n\n\n<p class=\"wp-block-paragraph\">Durata de execu\u021bie  este estimat\u0103 la un an. A\u0219adar, Parcul \u0218inei, viitorul spa\u021biu verde din Sectorul 5, ar trebui inaugurat pe 1 septembrie 2027.<\/p>\n\n\n\n<p class=\"wp-block-paragraph\"><strong>CITE\u0218TE \u0218I:<\/strong> <a href=\"https:\/\/buletin.de\/bucuresti\/ciucu-inspiratie-pentru-piedone-junior-vrea-sa-faca-parcul-sinei-peste-calea-ferata-catre-gara-progresu\/\"><strong>Ciucu, inspira\u021bie pentru Piedone Junior. Vrea s\u0103 fac\u0103 \u201eParcul \u0218inei\u201d peste calea ferat\u0103 c\u0103tre Gara Progresu<\/strong><\/a><\/p>\n\n\n\n<p class=\"wp-block-paragraph\"><\/p>\n","protected":false},"excerpt":{"rendered":"<p>Lucr\u0103rile la Parcul \u0218inei au \u00eenceput mar\u021bi, 1 septembrie. Proiectul vizeaz\u0103 amenajarea unui parc liniar de 2,4 hectare \u00eentre sta\u021biile Cotroceni \u0219i CFR Progresu, similar cu Parcul Liniei din Sectorul 6. Investi\u021bia presupune amenajarea de zone verzi \u0219i locuri de joac\u0103, dar \u0219i interven\u021bii asupra infrastructurii din zon\u0103, inclusiv modernizarea sistemului de iluminat, execu\u021bia de [&hellip;]<\/p>\n","protected":false},"author":55,"featured_media":215300,"comment_status":"closed","ping_status":"open","sticky":false,"template":"","format":"standard","meta":{"_acf_changed":false,"inline_featured_image":false,"ngg_post_thumbnail":0,"footnotes":""},"categories":[5762,109,24],"tags":[1083,282,30520,70,26674,21315,76],"ppma_author":[22573],"class_list":["post-215296","post","type-post","status-publish","format-standard","has-post-thumbnail","hentry","category-main","category-mediu","category-primarie","tag-achizitii-sector-5","tag-bani-publici","tag-cfr-progresu","tag-cotroceni","tag-parc-liniar","tag-parcul-sinei","tag-spatii-verzi"],"acf":[],"a3_pvc":{"activated":false,"total_views":0,"today_views":0},"yoast_head":"<!-- This site is optimized with the Yoast SEO Premium plugin v28.0 (Yoast SEO v28.3) - https:\/\/yoast.com\/product\/yoast-seo-premium-wordpress\/ -->\n<title>\u00cencep lucr\u0103rile la Parcul \u0218inei din Sectorul 5. Cum va fi amenajat\u0103 zona dintre sta\u021biile Cotroceni \u0219i CFR Progresu. Costuri de 10 milioane de euro - Buletin de Bucure\u0219ti<\/title>\n<meta name=\"description\" content=\"\u00cencep lucr\u0103rile la Parcul \u0218inei din Sectorul 5. Cum va fi amenajat\u0103 zona dintre sta\u021biile Cotroceni \u0219i CFR Progresu.\" \/>\n<meta name=\"robots\" content=\"index, follow, max-snippet:-1, max-image-preview:large, max-video-preview:-1\" \/>\n<link rel=\"canonical\" href=\"https:\/\/buletin.de\/bucuresti\/incep-lucrarile-la-parcul-sinei-din-sectorul-5-cum-va-fi-amenajata-zona-dintre-statiile-cotroceni-si-cfr-progresu-costuri-de-10-milioane-de-euro\/\" \/>\n<meta property=\"og:locale\" content=\"en_GB\" \/>\n<meta property=\"og:type\" content=\"article\" \/>\n<meta property=\"og:title\" content=\"\u00cencep lucr\u0103rile la Parcul \u0218inei din Sectorul 5. Cum va fi amenajat\u0103 zona dintre sta\u021biile Cotroceni \u0219i CFR Progresu. Costuri de 10 milioane de euro\" \/>\n<meta property=\"og:description\" content=\"\u00cencep lucr\u0103rile la Parcul \u0218inei din Sectorul 5. Cum va fi amenajat\u0103 zona dintre sta\u021biile Cotroceni \u0219i CFR Progresu.\" \/>\n<meta property=\"og:url\" content=\"https:\/\/buletin.de\/bucuresti\/incep-lucrarile-la-parcul-sinei-din-sectorul-5-cum-va-fi-amenajata-zona-dintre-statiile-cotroceni-si-cfr-progresu-costuri-de-10-milioane-de-euro\/\" \/>\n<meta property=\"og:site_name\" content=\"Buletin de Bucure\u0219ti\" \/>\n<meta property=\"article:publisher\" content=\"https:\/\/www.facebook.com\/buletin.de.buc\" \/>\n<meta property=\"article:published_time\" content=\"2026-09-01T15:43:31+00:00\" \/>\n<meta property=\"article:modified_time\" content=\"2026-09-01T15:43:32+00:00\" \/>\n<meta property=\"og:image\" content=\"https:\/\/buletin.de\/bucuresti\/wp-content\/uploads\/2026\/09\/parcul-sinei-4.png\" \/>\n\t<meta property=\"og:image:width\" content=\"1625\" \/>\n\t<meta property=\"og:image:height\" content=\"1012\" \/>\n\t<meta property=\"og:image:type\" content=\"image\/png\" \/>\n<meta name=\"author\" content=\"Andreea Tudor\" \/>\n<meta name=\"twitter:card\" content=\"summary_large_image\" \/>\n<meta name=\"twitter:label1\" content=\"Written by\" \/>\n\t<meta name=\"twitter:data1\" content=\"Andreea Tudor\" \/>\n\t<meta name=\"twitter:label2\" content=\"Estimated reading time\" \/>\n\t<meta name=\"twitter:data2\" content=\"3 minutes\" \/>\n<script type=\"application\/ld+json\" class=\"yoast-schema-graph\">{\"@context\":\"https:\\\/\\\/schema.org\",\"@graph\":[{\"@type\":\"Article\",\"@id\":\"https:\\\/\\\/buletin.de\\\/bucuresti\\\/incep-lucrarile-la-parcul-sinei-din-sectorul-5-cum-va-fi-amenajata-zona-dintre-statiile-cotroceni-si-cfr-progresu-costuri-de-10-milioane-de-euro\\\/#article\",\"isPartOf\":{\"@id\":\"https:\\\/\\\/buletin.de\\\/bucuresti\\\/incep-lucrarile-la-parcul-sinei-din-sectorul-5-cum-va-fi-amenajata-zona-dintre-statiile-cotroceni-si-cfr-progresu-costuri-de-10-milioane-de-euro\\\/\"},\"author\":{\"name\":\"Andreea Tudor\",\"@id\":\"https:\\\/\\\/buletin.de\\\/bucuresti\\\/#\\\/schema\\\/person\\\/150590659efde715459d159da012f501\"},\"headline\":\"\u00cencep lucr\u0103rile la Parcul \u0218inei din Sectorul 5. Cum va fi amenajat\u0103 zona dintre sta\u021biile Cotroceni \u0219i CFR Progresu. Costuri de 10 milioane de euro\",\"datePublished\":\"2026-09-01T15:43:31+00:00\",\"dateModified\":\"2026-09-01T15:43:32+00:00\",\"mainEntityOfPage\":{\"@id\":\"https:\\\/\\\/buletin.de\\\/bucuresti\\\/incep-lucrarile-la-parcul-sinei-din-sectorul-5-cum-va-fi-amenajata-zona-dintre-statiile-cotroceni-si-cfr-progresu-costuri-de-10-milioane-de-euro\\\/\"},\"wordCount\":658,\"publisher\":{\"@id\":\"https:\\\/\\\/buletin.de\\\/bucuresti\\\/#organization\"},\"image\":{\"@id\":\"https:\\\/\\\/buletin.de\\\/bucuresti\\\/incep-lucrarile-la-parcul-sinei-din-sectorul-5-cum-va-fi-amenajata-zona-dintre-statiile-cotroceni-si-cfr-progresu-costuri-de-10-milioane-de-euro\\\/#primaryimage\"},\"thumbnailUrl\":\"https:\\\/\\\/buletin.de\\\/bucuresti\\\/wp-content\\\/uploads\\\/2026\\\/09\\\/parcul-sinei-4.png\",\"keywords\":[\"achizitii sector 5\",\"bani publici\",\"cfr progresu\",\"cotroceni\",\"parc liniar\",\"parcul sinei\",\"spatii verzi\"],\"articleSection\":[\"Main\",\"Mediu\",\"Prim\u0103rie\"],\"inLanguage\":\"en-GB\",\"copyrightYear\":\"2026\",\"copyrightHolder\":{\"@id\":\"https:\\\/\\\/buletin.de\\\/bucuresti\\\/#organization\"}},{\"@type\":\"WebPage\",\"@id\":\"https:\\\/\\\/buletin.de\\\/bucuresti\\\/incep-lucrarile-la-parcul-sinei-din-sectorul-5-cum-va-fi-amenajata-zona-dintre-statiile-cotroceni-si-cfr-progresu-costuri-de-10-milioane-de-euro\\\/\",\"url\":\"https:\\\/\\\/buletin.de\\\/bucuresti\\\/incep-lucrarile-la-parcul-sinei-din-sectorul-5-cum-va-fi-amenajata-zona-dintre-statiile-cotroceni-si-cfr-progresu-costuri-de-10-milioane-de-euro\\\/\",\"name\":\"\u00cencep lucr\u0103rile la Parcul \u0218inei din Sectorul 5. Cum va fi amenajat\u0103 zona dintre sta\u021biile Cotroceni \u0219i CFR Progresu. Costuri de 10 milioane de euro - Buletin de Bucure\u0219ti\",\"isPartOf\":{\"@id\":\"https:\\\/\\\/buletin.de\\\/bucuresti\\\/#website\"},\"primaryImageOfPage\":{\"@id\":\"https:\\\/\\\/buletin.de\\\/bucuresti\\\/incep-lucrarile-la-parcul-sinei-din-sectorul-5-cum-va-fi-amenajata-zona-dintre-statiile-cotroceni-si-cfr-progresu-costuri-de-10-milioane-de-euro\\\/#primaryimage\"},\"image\":{\"@id\":\"https:\\\/\\\/buletin.de\\\/bucuresti\\\/incep-lucrarile-la-parcul-sinei-din-sectorul-5-cum-va-fi-amenajata-zona-dintre-statiile-cotroceni-si-cfr-progresu-costuri-de-10-milioane-de-euro\\\/#primaryimage\"},\"thumbnailUrl\":\"https:\\\/\\\/buletin.de\\\/bucuresti\\\/wp-content\\\/uploads\\\/2026\\\/09\\\/parcul-sinei-4.png\",\"datePublished\":\"2026-09-01T15:43:31+00:00\",\"dateModified\":\"2026-09-01T15:43:32+00:00\",\"description\":\"\u00cencep lucr\u0103rile la Parcul \u0218inei din Sectorul 5. Cum va fi amenajat\u0103 zona dintre sta\u021biile Cotroceni \u0219i CFR Progresu.\",\"breadcrumb\":{\"@id\":\"https:\\\/\\\/buletin.de\\\/bucuresti\\\/incep-lucrarile-la-parcul-sinei-din-sectorul-5-cum-va-fi-amenajata-zona-dintre-statiile-cotroceni-si-cfr-progresu-costuri-de-10-milioane-de-euro\\\/#breadcrumb\"},\"inLanguage\":\"en-GB\",\"potentialAction\":[{\"@type\":\"ReadAction\",\"target\":[\"https:\\\/\\\/buletin.de\\\/bucuresti\\\/incep-lucrarile-la-parcul-sinei-din-sectorul-5-cum-va-fi-amenajata-zona-dintre-statiile-cotroceni-si-cfr-progresu-costuri-de-10-milioane-de-euro\\\/\"]}]},{\"@type\":\"ImageObject\",\"inLanguage\":\"en-GB\",\"@id\":\"https:\\\/\\\/buletin.de\\\/bucuresti\\\/incep-lucrarile-la-parcul-sinei-din-sectorul-5-cum-va-fi-amenajata-zona-dintre-statiile-cotroceni-si-cfr-progresu-costuri-de-10-milioane-de-euro\\\/#primaryimage\",\"url\":\"https:\\\/\\\/buletin.de\\\/bucuresti\\\/wp-content\\\/uploads\\\/2026\\\/09\\\/parcul-sinei-4.png\",\"contentUrl\":\"https:\\\/\\\/buletin.de\\\/bucuresti\\\/wp-content\\\/uploads\\\/2026\\\/09\\\/parcul-sinei-4.png\",\"width\":1625,\"height\":1012,\"caption\":\"Foto: FB\\\/ PS5\"},{\"@type\":\"BreadcrumbList\",\"@id\":\"https:\\\/\\\/buletin.de\\\/bucuresti\\\/incep-lucrarile-la-parcul-sinei-din-sectorul-5-cum-va-fi-amenajata-zona-dintre-statiile-cotroceni-si-cfr-progresu-costuri-de-10-milioane-de-euro\\\/#breadcrumb\",\"itemListElement\":[{\"@type\":\"ListItem\",\"position\":1,\"name\":\"Acas\u0103\",\"item\":\"https:\\\/\\\/buletin.de\\\/bucuresti\\\/\"},{\"@type\":\"ListItem\",\"position\":2,\"name\":\"\u00cencep lucr\u0103rile la Parcul \u0218inei din Sectorul 5. Cum va fi amenajat\u0103 zona dintre sta\u021biile Cotroceni \u0219i CFR Progresu. Costuri de 10 milioane de euro\"}]},{\"@type\":\"WebSite\",\"@id\":\"https:\\\/\\\/buletin.de\\\/bucuresti\\\/#website\",\"url\":\"https:\\\/\\\/buletin.de\\\/bucuresti\\\/\",\"name\":\"Buletin de Bucure\u0219ti\",\"description\":\"\u0218tiri \u0219i investiga\u021bii esen\u021biale din capital\u0103\",\"publisher\":{\"@id\":\"https:\\\/\\\/buletin.de\\\/bucuresti\\\/#organization\"},\"potentialAction\":[{\"@type\":\"SearchAction\",\"target\":{\"@type\":\"EntryPoint\",\"urlTemplate\":\"https:\\\/\\\/buletin.de\\\/bucuresti\\\/?s={search_term_string}\"},\"query-input\":{\"@type\":\"PropertyValueSpecification\",\"valueRequired\":true,\"valueName\":\"search_term_string\"}}],\"inLanguage\":\"en-GB\"},{\"@type\":\"Organization\",\"@id\":\"https:\\\/\\\/buletin.de\\\/bucuresti\\\/#organization\",\"name\":\"Buletin de Bucure\u0219ti\",\"url\":\"https:\\\/\\\/buletin.de\\\/bucuresti\\\/\",\"logo\":{\"@type\":\"ImageObject\",\"inLanguage\":\"en-GB\",\"@id\":\"https:\\\/\\\/buletin.de\\\/bucuresti\\\/#\\\/schema\\\/logo\\\/image\\\/\",\"url\":\"https:\\\/\\\/buletin.de\\\/bucuresti\\\/wp-content\\\/uploads\\\/logo-bdb-full-wide-vernil-transparent.png\",\"contentUrl\":\"https:\\\/\\\/buletin.de\\\/bucuresti\\\/wp-content\\\/uploads\\\/logo-bdb-full-wide-vernil-transparent.png\",\"width\":1782,\"height\":626,\"caption\":\"Buletin de Bucure\u0219ti\"},\"image\":{\"@id\":\"https:\\\/\\\/buletin.de\\\/bucuresti\\\/#\\\/schema\\\/logo\\\/image\\\/\"},\"sameAs\":[\"https:\\\/\\\/www.facebook.com\\\/buletin.de.buc\",\"https:\\\/\\\/www.instagram.com\\\/buletinde.bucuresti\\\/\"]},{\"@type\":\"Person\",\"@id\":\"https:\\\/\\\/buletin.de\\\/bucuresti\\\/#\\\/schema\\\/person\\\/150590659efde715459d159da012f501\",\"name\":\"Andreea Tudor\",\"image\":{\"@type\":\"ImageObject\",\"inLanguage\":\"en-GB\",\"@id\":\"https:\\\/\\\/buletin.de\\\/bucuresti\\\/wp-content\\\/uploads\\\/2026\\\/06\\\/BDB_Andreea_T-5-96x96.jpg2291f994b0ece9443cb8e95c805b8b20\",\"url\":\"https:\\\/\\\/buletin.de\\\/bucuresti\\\/wp-content\\\/uploads\\\/2026\\\/06\\\/BDB_Andreea_T-5-96x96.jpg\",\"contentUrl\":\"https:\\\/\\\/buletin.de\\\/bucuresti\\\/wp-content\\\/uploads\\\/2026\\\/06\\\/BDB_Andreea_T-5-96x96.jpg\",\"caption\":\"Andreea Tudor\"},\"description\":\"Reporter la Buletin de Bucure\u0219ti de doi ani \u0219i jum\u0103tate. Sus\u021bin\u0103toare a presei independente, pasionat\u0103 de subiectele de mediu.\",\"url\":\"https:\\\/\\\/buletin.de\\\/bucuresti\\\/author\\\/andreeatudor\\\/\"}]}<\/script>\n<!-- \/ Yoast SEO Premium plugin. -->","yoast_head_json":{"title":"\u00cencep lucr\u0103rile la Parcul \u0218inei din Sectorul 5. Cum va fi amenajat\u0103 zona dintre sta\u021biile Cotroceni \u0219i CFR Progresu. Costuri de 10 milioane de euro - Buletin de Bucure\u0219ti","description":"\u00cencep lucr\u0103rile la Parcul \u0218inei din Sectorul 5. Cum va fi amenajat\u0103 zona dintre sta\u021biile Cotroceni \u0219i CFR Progresu.","robots":{"index":"index","follow":"follow","max-snippet":"max-snippet:-1","max-image-preview":"max-image-preview:large","max-video-preview":"max-video-preview:-1"},"canonical":"https:\/\/buletin.de\/bucuresti\/incep-lucrarile-la-parcul-sinei-din-sectorul-5-cum-va-fi-amenajata-zona-dintre-statiile-cotroceni-si-cfr-progresu-costuri-de-10-milioane-de-euro\/","og_locale":"en_GB","og_type":"article","og_title":"\u00cencep lucr\u0103rile la Parcul \u0218inei din Sectorul 5. Cum va fi amenajat\u0103 zona dintre sta\u021biile Cotroceni \u0219i CFR Progresu. Costuri de 10 milioane de euro","og_description":"\u00cencep lucr\u0103rile la Parcul \u0218inei din Sectorul 5. Cum va fi amenajat\u0103 zona dintre sta\u021biile Cotroceni \u0219i CFR Progresu.","og_url":"https:\/\/buletin.de\/bucuresti\/incep-lucrarile-la-parcul-sinei-din-sectorul-5-cum-va-fi-amenajata-zona-dintre-statiile-cotroceni-si-cfr-progresu-costuri-de-10-milioane-de-euro\/","og_site_name":"Buletin de Bucure\u0219ti","article_publisher":"https:\/\/www.facebook.com\/buletin.de.buc","article_published_time":"2026-09-01T15:43:31+00:00","article_modified_time":"2026-09-01T15:43:32+00:00","og_image":[{"width":1625,"height":1012,"url":"https:\/\/buletin.de\/bucuresti\/wp-content\/uploads\/2026\/09\/parcul-sinei-4.png","type":"image\/png"}],"author":"Andreea Tudor","twitter_card":"summary_large_image","twitter_misc":{"Written by":"Andreea Tudor","Estimated reading time":"3 minutes"},"schema":{"@context":"https:\/\/schema.org","@graph":[{"@type":"Article","@id":"https:\/\/buletin.de\/bucuresti\/incep-lucrarile-la-parcul-sinei-din-sectorul-5-cum-va-fi-amenajata-zona-dintre-statiile-cotroceni-si-cfr-progresu-costuri-de-10-milioane-de-euro\/#article","isPartOf":{"@id":"https:\/\/buletin.de\/bucuresti\/incep-lucrarile-la-parcul-sinei-din-sectorul-5-cum-va-fi-amenajata-zona-dintre-statiile-cotroceni-si-cfr-progresu-costuri-de-10-milioane-de-euro\/"},"author":{"name":"Andreea Tudor","@id":"https:\/\/buletin.de\/bucuresti\/#\/schema\/person\/150590659efde715459d159da012f501"},"headline":"\u00cencep lucr\u0103rile la Parcul \u0218inei din Sectorul 5. Cum va fi amenajat\u0103 zona dintre sta\u021biile Cotroceni \u0219i CFR Progresu. Costuri de 10 milioane de euro","datePublished":"2026-09-01T15:43:31+00:00","dateModified":"2026-09-01T15:43:32+00:00","mainEntityOfPage":{"@id":"https:\/\/buletin.de\/bucuresti\/incep-lucrarile-la-parcul-sinei-din-sectorul-5-cum-va-fi-amenajata-zona-dintre-statiile-cotroceni-si-cfr-progresu-costuri-de-10-milioane-de-euro\/"},"wordCount":658,"publisher":{"@id":"https:\/\/buletin.de\/bucuresti\/#organization"},"image":{"@id":"https:\/\/buletin.de\/bucuresti\/incep-lucrarile-la-parcul-sinei-din-sectorul-5-cum-va-fi-amenajata-zona-dintre-statiile-cotroceni-si-cfr-progresu-costuri-de-10-milioane-de-euro\/#primaryimage"},"thumbnailUrl":"https:\/\/buletin.de\/bucuresti\/wp-content\/uploads\/2026\/09\/parcul-sinei-4.png","keywords":["achizitii sector 5","bani publici","cfr progresu","cotroceni","parc liniar","parcul sinei","spatii verzi"],"articleSection":["Main","Mediu","Prim\u0103rie"],"inLanguage":"en-GB","copyrightYear":"2026","copyrightHolder":{"@id":"https:\/\/buletin.de\/bucuresti\/#organization"}},{"@type":"WebPage","@id":"https:\/\/buletin.de\/bucuresti\/incep-lucrarile-la-parcul-sinei-din-sectorul-5-cum-va-fi-amenajata-zona-dintre-statiile-cotroceni-si-cfr-progresu-costuri-de-10-milioane-de-euro\/","url":"https:\/\/buletin.de\/bucuresti\/incep-lucrarile-la-parcul-sinei-din-sectorul-5-cum-va-fi-amenajata-zona-dintre-statiile-cotroceni-si-cfr-progresu-costuri-de-10-milioane-de-euro\/","name":"\u00cencep lucr\u0103rile la Parcul \u0218inei din Sectorul 5. Cum va fi amenajat\u0103 zona dintre sta\u021biile Cotroceni \u0219i CFR Progresu. Costuri de 10 milioane de euro - Buletin de Bucure\u0219ti","isPartOf":{"@id":"https:\/\/buletin.de\/bucuresti\/#website"},"primaryImageOfPage":{"@id":"https:\/\/buletin.de\/bucuresti\/incep-lucrarile-la-parcul-sinei-din-sectorul-5-cum-va-fi-amenajata-zona-dintre-statiile-cotroceni-si-cfr-progresu-costuri-de-10-milioane-de-euro\/#primaryimage"},"image":{"@id":"https:\/\/buletin.de\/bucuresti\/incep-lucrarile-la-parcul-sinei-din-sectorul-5-cum-va-fi-amenajata-zona-dintre-statiile-cotroceni-si-cfr-progresu-costuri-de-10-milioane-de-euro\/#primaryimage"},"thumbnailUrl":"https:\/\/buletin.de\/bucuresti\/wp-content\/uploads\/2026\/09\/parcul-sinei-4.png","datePublished":"2026-09-01T15:43:31+00:00","dateModified":"2026-09-01T15:43:32+00:00","description":"\u00cencep lucr\u0103rile la Parcul \u0218inei din Sectorul 5. Cum va fi amenajat\u0103 zona dintre sta\u021biile Cotroceni \u0219i CFR Progresu.","breadcrumb":{"@id":"https:\/\/buletin.de\/bucuresti\/incep-lucrarile-la-parcul-sinei-din-sectorul-5-cum-va-fi-amenajata-zona-dintre-statiile-cotroceni-si-cfr-progresu-costuri-de-10-milioane-de-euro\/#breadcrumb"},"inLanguage":"en-GB","potentialAction":[{"@type":"ReadAction","target":["https:\/\/buletin.de\/bucuresti\/incep-lucrarile-la-parcul-sinei-din-sectorul-5-cum-va-fi-amenajata-zona-dintre-statiile-cotroceni-si-cfr-progresu-costuri-de-10-milioane-de-euro\/"]}]},{"@type":"ImageObject","inLanguage":"en-GB","@id":"https:\/\/buletin.de\/bucuresti\/incep-lucrarile-la-parcul-sinei-din-sectorul-5-cum-va-fi-amenajata-zona-dintre-statiile-cotroceni-si-cfr-progresu-costuri-de-10-milioane-de-euro\/#primaryimage","url":"https:\/\/buletin.de\/bucuresti\/wp-content\/uploads\/2026\/09\/parcul-sinei-4.png","contentUrl":"https:\/\/buletin.de\/bucuresti\/wp-content\/uploads\/2026\/09\/parcul-sinei-4.png","width":1625,"height":1012,"caption":"Foto: FB\/ PS5"},{"@type":"BreadcrumbList","@id":"https:\/\/buletin.de\/bucuresti\/incep-lucrarile-la-parcul-sinei-din-sectorul-5-cum-va-fi-amenajata-zona-dintre-statiile-cotroceni-si-cfr-progresu-costuri-de-10-milioane-de-euro\/#breadcrumb","itemListElement":[{"@type":"ListItem","position":1,"name":"Acas\u0103","item":"https:\/\/buletin.de\/bucuresti\/"},{"@type":"ListItem","position":2,"name":"\u00cencep lucr\u0103rile la Parcul \u0218inei din Sectorul 5. Cum va fi amenajat\u0103 zona dintre sta\u021biile Cotroceni \u0219i CFR Progresu. Costuri de 10 milioane de euro"}]},{"@type":"WebSite","@id":"https:\/\/buletin.de\/bucuresti\/#website","url":"https:\/\/buletin.de\/bucuresti\/","name":"Buletin de Bucure\u0219ti","description":"\u0218tiri \u0219i investiga\u021bii esen\u021biale din capital\u0103","publisher":{"@id":"https:\/\/buletin.de\/bucuresti\/#organization"},"potentialAction":[{"@type":"SearchAction","target":{"@type":"EntryPoint","urlTemplate":"https:\/\/buletin.de\/bucuresti\/?s={search_term_string}"},"query-input":{"@type":"PropertyValueSpecification","valueRequired":true,"valueName":"search_term_string"}}],"inLanguage":"en-GB"},{"@type":"Organization","@id":"https:\/\/buletin.de\/bucuresti\/#organization","name":"Buletin de Bucure\u0219ti","url":"https:\/\/buletin.de\/bucuresti\/","logo":{"@type":"ImageObject","inLanguage":"en-GB","@id":"https:\/\/buletin.de\/bucuresti\/#\/schema\/logo\/image\/","url":"https:\/\/buletin.de\/bucuresti\/wp-content\/uploads\/logo-bdb-full-wide-vernil-transparent.png","contentUrl":"https:\/\/buletin.de\/bucuresti\/wp-content\/uploads\/logo-bdb-full-wide-vernil-transparent.png","width":1782,"height":626,"caption":"Buletin de Bucure\u0219ti"},"image":{"@id":"https:\/\/buletin.de\/bucuresti\/#\/schema\/logo\/image\/"},"sameAs":["https:\/\/www.facebook.com\/buletin.de.buc","https:\/\/www.instagram.com\/buletinde.bucuresti\/"]},{"@type":"Person","@id":"https:\/\/buletin.de\/bucuresti\/#\/schema\/person\/150590659efde715459d159da012f501","name":"Andreea Tudor","image":{"@type":"ImageObject","inLanguage":"en-GB","@id":"https:\/\/buletin.de\/bucuresti\/wp-content\/uploads\/2026\/06\/BDB_Andreea_T-5-96x96.jpg2291f994b0ece9443cb8e95c805b8b20","url":"https:\/\/buletin.de\/bucuresti\/wp-content\/uploads\/2026\/06\/BDB_Andreea_T-5-96x96.jpg","contentUrl":"https:\/\/buletin.de\/bucuresti\/wp-content\/uploads\/2026\/06\/BDB_Andreea_T-5-96x96.jpg","caption":"Andreea Tudor"},"description":"Reporter la Buletin de Bucure\u0219ti de doi ani \u0219i jum\u0103tate. Sus\u021bin\u0103toare a presei independente, pasionat\u0103 de subiectele de mediu.","url":"https:\/\/buletin.de\/bucuresti\/author\/andreeatudor\/"}]}},"authors":[{"term_id":22573,"user_id":55,"is_guest":0,"slug":"andreeatudor","display_name":"Andreea Tudor","avatar_url":"https:\/\/buletin.de\/bucuresti\/wp-content\/uploads\/2026\/06\/BDB_Andreea_T-5-96x96.jpg","author_category":"","first_name":"Andreea","last_name":"Tudor","user_url":"","job_title":"","description":"Reporter la Buletin de Bucure\u0219ti de doi ani \u0219i jum\u0103tate. Sus\u021bin\u0103toare a presei independente, pasionat\u0103 de subiectele de mediu."}],"_links":{"self":[{"href":"https:\/\/buletin.de\/bucuresti\/wp-json\/wp\/v2\/posts\/215296","targetHints":{"allow":["GET"]}}],"collection":[{"href":"https:\/\/buletin.de\/bucuresti\/wp-json\/wp\/v2\/posts"}],"about":[{"href":"https:\/\/buletin.de\/bucuresti\/wp-json\/wp\/v2\/types\/post"}],"author":[{"embeddable":true,"href":"https:\/\/buletin.de\/bucuresti\/wp-json\/wp\/v2\/users\/55"}],"replies":[{"embeddable":true,"href":"https:\/\/buletin.de\/bucuresti\/wp-json\/wp\/v2\/comments?post=215296"}],"version-history":[{"count":2,"href":"https:\/\/buletin.de\/bucuresti\/wp-json\/wp\/v2\/posts\/215296\/revisions"}],"predecessor-version":[{"id":215301,"href":"https:\/\/buletin.de\/bucuresti\/wp-json\/wp\/v2\/posts\/215296\/revisions\/215301"}],"wp:featuredmedia":[{"embeddable":true,"href":"https:\/\/buletin.de\/bucuresti\/wp-json\/wp\/v2\/media\/215300"}],"wp:attachment":[{"href":"https:\/\/buletin.de\/bucuresti\/wp-json\/wp\/v2\/media?parent=215296"}],"wp:term":[{"taxonomy":"category","embeddable":true,"href":"https:\/\/buletin.de\/bucuresti\/wp-json\/wp\/v2\/categories?post=215296"},{"taxonomy":"post_tag","embeddable":true,"href":"https:\/\/buletin.de\/bucuresti\/wp-json\/wp\/v2\/tags?post=215296"},{"taxonomy":"author","embeddable":true,"href":"https:\/\/buletin.de\/bucuresti\/wp-json\/wp\/v2\/ppma_author?post=215296"}],"curies":[{"name":"wp","href":"https:\/\/api.w.org\/{rel}","templated":true}]}}