{"id":215280,"date":"2026-09-01T16:36:54","date_gmt":"2026-09-01T13:36:54","guid":{"rendered":"https:\/\/buletin.de\/bucuresti\/?p=215280"},"modified":"2026-09-01T16:36:54","modified_gmt":"2026-09-01T13:36:54","slug":"linia-97-va-circula-pe-un-traseu-deviat-pe-sensul-spre-pasaj-mihai-bravu","status":"publish","type":"post","link":"https:\/\/buletin.de\/bucuresti\/linia-97-va-circula-pe-un-traseu-deviat-pe-sensul-spre-pasaj-mihai-bravu\/","title":{"rendered":"Linia 97 va circula pe un traseu deviat, pe sensul spre \u201ePasaj Mihai Bravu\u201d"},"content":{"rendered":"\n<p class=\"wp-block-paragraph\"><strong>Linia 97 va circula pe un traseu deviat pe sensul spre \u201ePasaj Mihai Bravu\u201d, ca urmare a unor lucr\u0103ri de remediere a sistemului de distribu\u021bie a gazelor naturale, a transmis Asocia\u021bia de Dezvoltare Intercomunitar\u0103 pentru Transport Public Bucure\u0219ti \u2013 Ilfov (TPBI). Lucr\u0103rile au loc \u00een zona intersec\u021biei Calea C\u0103l\u0103ra\u0219ilor\/ Str. Popa Nan. <\/strong><\/p>\n\n\n\n<p class=\"wp-block-paragraph\"><strong>CITE\u0218TE \u0218I <a href=\"https:\/\/buletin.de\/bucuresti\/primaria-capitalei-lanseaza-licitatia-pentru-100-de-troleibuze-articulate-contractul-estimat-la-aproape-95-de-milioane-de-euro\/\" target=\"_blank\" rel=\"noreferrer noopener\">Prim\u0103ria Capitalei lanseaz\u0103 licita\u021bia pentru 100 de troleibuze articulate. Contractul, estimat la aproape 95 de milioane de euro<\/a><\/strong><\/p>\n\n\n\n<h2 id=\"h-traseu-modificat-pentru-linia-97\" class=\"wp-block-heading\">Traseu modificat pentru linia 97 <\/h2>\n\n\n\n<p class=\"wp-block-paragraph\"><em>\u201eTraseul&nbsp;liniei 97&nbsp;a fost deviat operativ pe sensul spre&nbsp;\u201ePasaj Mihai Bravu\u201d,&nbsp;ca urmare a lucr\u0103rilor de remediere a sistemului de distribu\u021bie a gazelor naturale din zona intersec\u021biei\u201d<\/em>, se men\u021bioneaz\u0103 \u00een <a href=\"https:\/\/tpbi.ro\/linia-97-deviata-pe-sensul-spre-pasaj-mihai-bravu\/\" data-type=\"link\" data-id=\"https:\/\/tpbi.ro\/linia-97-deviata-pe-sensul-spre-pasaj-mihai-bravu\/\">comunicatul<\/a> emis de TPBI.<\/p>\n\n\n\n<p class=\"wp-block-paragraph\">P\u00e2n\u0103 la finalizarea lucr\u0103rilor, estimat\u0103 pentru data de 0<strong>6.09.2026<\/strong>, troleibuzele liniei 97 vor circula pe traseul de baz\u0103 de la terminalul \u201eCl\u0103bucet\u201d p\u00e2n\u0103 la intersec\u021bia Str. Popa Nan\/ Str. Delea Veche, apoi pe un traseu modificat pe Str. Delea Veche, Calea C\u0103l\u0103ra\u0219ilor \u0219i Str. Traian, de unde vor reveni pe traseul de baz\u0103 p\u00e2n\u0103 la terminalul \u201ePasaj Mihai Bravu\u201d.<\/p>\n\n\n\n<p class=\"wp-block-paragraph\"><strong>Pe sensul opus, traseul liniei 97 nu va fi modificat, a mai precizat TPBI.<\/strong><\/p>\n\n\n\n<p class=\"wp-block-paragraph\">C\u0103l\u0103torii pot utiliza platforma <strong><a href=\"https:\/\/maps.mo-bi.ro\/\" target=\"_blank\" rel=\"noreferrer noopener\">maps.mo-bi.ro<\/a><\/strong>, aplica\u021bia gratuit\u0103 <strong>Info TB<\/strong> sau <a href=\"https:\/\/www.stb.ro\/\" data-type=\"link\" data-id=\"https:\/\/www.stb.ro\/\" target=\"_blank\" rel=\"noreferrer noopener\">site-ul oficial STB<\/a>, pentru a g\u0103si informa\u021bii actualizate privind traseul \u0219i programul de circula\u021bie al vehiculelor. <\/p>\n\n\n\n<h2 id=\"h-alimentarea-cu-gaze-naturale-intrerupta-in-sectorul-2-au-fost-impuse-restric\u021bii-de-circula\u021bie\" class=\"wp-block-heading\">Alimentarea cu gaze naturale, \u00eentrerupt\u0103 \u00een Sectorul 2: au fost impuse restric\u021bii de circula\u021bie <\/h2>\n\n\n\n<p class=\"wp-block-paragraph\"><strong>De ast\u0103zi, 1 septembrie, <a href=\"https:\/\/buletin.de\/bucuresti\/alimentarea-cu-gaze-naturale-intrerupta-pentru-peste-2-000-de-consumatori-din-sectorul-2-restrictii-de-circulatie-pe-strada-popa-nan-din-cauza-unei-avarii\/\" data-type=\"link\" data-id=\"https:\/\/buletin.de\/bucuresti\/alimentarea-cu-gaze-naturale-intrerupta-pentru-peste-2-000-de-consumatori-din-sectorul-2-restrictii-de-circulatie-pe-strada-popa-nan-din-cauza-unei-avarii\/\" target=\"_blank\" rel=\"noreferrer noopener\">au fost instituite restric\u021bii de circula\u021bie pe strada Popa Nan, \u00een Sectorul 2<\/a>, pentru remedierea unei avarii survenite la re\u021beaua de distribu\u021bie a gazelor naturale, anun\u021b\u0103 Brigada Rutier\u0103<\/strong><\/p>\n\n\n\n<p class=\"wp-block-paragraph\">Circula\u021bia este restric\u021bionat\u0103 pe Strada Popa Nan, pe sensul dinspre Strada Delea Veche c\u0103tre Calea C\u0103l\u0103ra\u0219i. M\u0103sura este valabil\u0103 \u00een perioada <strong>1 septembrie, ora 09:30 \u2013 6 septembrie, ora 00:00.<\/strong> Pe sensul opus, dinspre Calea C\u0103l\u0103ra\u0219i c\u0103tre str. Matei Voievod, traficul se va desf\u0103\u0219ura \u00een condi\u021bii normale.<\/p>\n\n\n\n<p class=\"wp-block-paragraph\">Brigada Rutier\u0103 solicit\u0103 conduc\u0103torilor de autovehicule s\u0103 circule cu pruden\u0163\u0103, s\u0103 p\u0103streze o distan\u021b\u0103 suficient\u0103 pentru a putea fr\u00e2na \u00een condi\u021bii de siguran\u021b\u0103, s\u0103 respecte semnifica\u0163ia semnaliz\u0103rii rutiere temporare, precum \u015fi semnalele \u0219i indica\u021biile poli\u0163i\u015ftilor rutieri.<\/p>\n\n\n\n<p class=\"wp-block-paragraph\">Pietonilor&nbsp;li se recomand\u0103 s\u0103 respecte semnalele \u0219i indica\u021biile poli\u021bi\u015ftilor rutieri, traversarea str\u0103zii s\u0103 o realizeze doar prin locurile special amenajate \u0219i la culoarea verde a semaforului electric, dup\u0103 ce s-au asigurat temeinic, iar conduc\u0103torii de vehicule le-au \u00een\u021beles inten\u0163ia de a traversa.<\/p>\n\n\n\n<p class=\"wp-block-paragraph\"><strong>\u00cen plus, alimentarea cu gaze naturale va fi \u00eentrerupt\u0103 \u00een data de 4 septembrie 2026, \u00een intervalul orar 08:00-20:00, pentru un num\u0103r de 2.148 de consumatori casnici \u0219i 263 de consumatori non casnici.<\/strong><\/p>\n\n\n\n<p class=\"wp-block-paragraph\"><strong>CITE\u0218TE \u0218I <a href=\"https:\/\/buletin.de\/bucuresti\/primaria-sectorului-1-a-angajat-o-casa-de-avocatura-celebra-pentru-a-lupta-cu-romprest-plateste-720-000-de-lei-pentru-25-de-dosare\/\" target=\"_blank\" rel=\"noreferrer noopener\">Prim\u0103ria Sectorului 1 a angajat o cas\u0103 de avocatur\u0103 celebr\u0103 pentru a lupta cu Romprest. Pl\u0103te\u0219te 720.000 de lei pentru 25 de dosare<\/a><\/strong><\/p>\n","protected":false},"excerpt":{"rendered":"<p>Linia 97 va circula pe un traseu deviat pe sensul spre \u201ePasaj Mihai Bravu\u201d, ca urmare a unor lucr\u0103ri de remediere a sistemului de distribu\u021bie a gazelor naturale, a transmis Asocia\u021bia de Dezvoltare Intercomunitar\u0103 pentru Transport Public Bucure\u0219ti \u2013 Ilfov (TPBI). Lucr\u0103rile au loc \u00een zona intersec\u021biei Calea C\u0103l\u0103ra\u0219ilor\/ Str. Popa Nan. CITE\u0218TE \u0218I Prim\u0103ria [&hellip;]<\/p>\n","protected":false},"author":65,"featured_media":215287,"comment_status":"closed","ping_status":"open","sticky":false,"template":"","format":"standard","meta":{"_acf_changed":false,"inline_featured_image":false,"ngg_post_thumbnail":0,"footnotes":""},"categories":[6994,62,650],"tags":[3315,11300,27302,439,30515,30514,1344,402,2842,5831,565],"ppma_author":[23912],"class_list":["post-215280","post","type-post","status-publish","format-standard","has-post-thumbnail","hentry","category-stiri-2","category-stiri","category-transport","tag-gaze-naturale","tag-linia-97","tag-linie-deviata","tag-lucrari","tag-pasaj-mihai-bravu","tag-popa-nan","tag-restrictii-2","tag-stb","tag-tpbi","tag-traseu-deviat","tag-troleibuz"],"acf":[],"a3_pvc":{"activated":false,"total_views":0,"today_views":0},"yoast_head":"<!-- This site is optimized with the Yoast SEO Premium plugin v28.0 (Yoast SEO v28.3) - https:\/\/yoast.com\/product\/yoast-seo-premium-wordpress\/ -->\n<title>Linia 97 va circula pe un traseu deviat, pe sensul spre \u201ePasaj Mihai Bravu\u201d - Buletin de Bucure\u0219ti<\/title>\n<meta name=\"description\" content=\"Linia 97 va circula pe un traseu deviat pe sensul spre \u201ePasaj Mihai Bravu\u201d, ca urmare a unor lucr\u0103ri, a anun\u021bat TPBI.\" \/>\n<meta name=\"robots\" content=\"index, follow, max-snippet:-1, max-image-preview:large, max-video-preview:-1\" \/>\n<link rel=\"canonical\" href=\"https:\/\/buletin.de\/bucuresti\/linia-97-va-circula-pe-un-traseu-deviat-pe-sensul-spre-pasaj-mihai-bravu\/\" \/>\n<meta property=\"og:locale\" content=\"en_GB\" \/>\n<meta property=\"og:type\" content=\"article\" \/>\n<meta property=\"og:title\" content=\"Linia 97 va circula pe un traseu deviat, pe sensul spre \u201ePasaj Mihai Bravu\u201d\" \/>\n<meta property=\"og:description\" content=\"Linia 97 va circula pe un traseu deviat pe sensul spre \u201ePasaj Mihai Bravu\u201d, ca urmare a unor lucr\u0103ri, a anun\u021bat TPBI.\" \/>\n<meta property=\"og:url\" content=\"https:\/\/buletin.de\/bucuresti\/linia-97-va-circula-pe-un-traseu-deviat-pe-sensul-spre-pasaj-mihai-bravu\/\" \/>\n<meta property=\"og:site_name\" content=\"Buletin de Bucure\u0219ti\" \/>\n<meta property=\"article:publisher\" content=\"https:\/\/www.facebook.com\/buletin.de.buc\" \/>\n<meta property=\"article:published_time\" content=\"2026-09-01T13:36:54+00:00\" \/>\n<meta property=\"og:image\" content=\"https:\/\/buletin.de\/bucuresti\/wp-content\/uploads\/2026\/09\/Linia-97-traseu-modificat.jpg\" \/>\n\t<meta property=\"og:image:width\" content=\"1200\" \/>\n\t<meta property=\"og:image:height\" content=\"650\" \/>\n\t<meta property=\"og:image:type\" content=\"image\/jpeg\" \/>\n<meta name=\"author\" content=\"Andreea St\u0103n\u0103r\u00eeng\u0103\" \/>\n<meta name=\"twitter:card\" content=\"summary_large_image\" \/>\n<meta name=\"twitter:label1\" content=\"Written by\" \/>\n\t<meta name=\"twitter:data1\" content=\"Andreea St\u0103n\u0103r\u00eeng\u0103\" \/>\n\t<meta name=\"twitter:label2\" content=\"Estimated reading time\" \/>\n\t<meta name=\"twitter:data2\" content=\"3 minutes\" \/>\n<script type=\"application\/ld+json\" class=\"yoast-schema-graph\">{\"@context\":\"https:\\\/\\\/schema.org\",\"@graph\":[{\"@type\":\"Article\",\"@id\":\"https:\\\/\\\/buletin.de\\\/bucuresti\\\/linia-97-va-circula-pe-un-traseu-deviat-pe-sensul-spre-pasaj-mihai-bravu\\\/#article\",\"isPartOf\":{\"@id\":\"https:\\\/\\\/buletin.de\\\/bucuresti\\\/linia-97-va-circula-pe-un-traseu-deviat-pe-sensul-spre-pasaj-mihai-bravu\\\/\"},\"author\":{\"name\":\"Andreea St\u0103n\u0103r\u00eeng\u0103\",\"@id\":\"https:\\\/\\\/buletin.de\\\/bucuresti\\\/#\\\/schema\\\/person\\\/81421a46fb84a0887cfd2238f5202586\"},\"headline\":\"Linia 97 va circula pe un traseu deviat, pe sensul spre \u201ePasaj Mihai Bravu\u201d\",\"datePublished\":\"2026-09-01T13:36:54+00:00\",\"mainEntityOfPage\":{\"@id\":\"https:\\\/\\\/buletin.de\\\/bucuresti\\\/linia-97-va-circula-pe-un-traseu-deviat-pe-sensul-spre-pasaj-mihai-bravu\\\/\"},\"wordCount\":510,\"publisher\":{\"@id\":\"https:\\\/\\\/buletin.de\\\/bucuresti\\\/#organization\"},\"image\":{\"@id\":\"https:\\\/\\\/buletin.de\\\/bucuresti\\\/linia-97-va-circula-pe-un-traseu-deviat-pe-sensul-spre-pasaj-mihai-bravu\\\/#primaryimage\"},\"thumbnailUrl\":\"https:\\\/\\\/buletin.de\\\/bucuresti\\\/wp-content\\\/uploads\\\/2026\\\/09\\\/Linia-97-traseu-modificat.jpg\",\"keywords\":[\"gaze naturale\",\"linia 97\",\"linie deviata\",\"lucrari\",\"pasaj mihai bravu\",\"popa nan\",\"restrictii\",\"stb\",\"tpbi\",\"traseu deviat\",\"troleibuz\"],\"articleSection\":[\"Articole\",\"\u0218tiri\",\"Transport\"],\"inLanguage\":\"en-GB\",\"copyrightYear\":\"2026\",\"copyrightHolder\":{\"@id\":\"https:\\\/\\\/buletin.de\\\/bucuresti\\\/#organization\"}},{\"@type\":\"WebPage\",\"@id\":\"https:\\\/\\\/buletin.de\\\/bucuresti\\\/linia-97-va-circula-pe-un-traseu-deviat-pe-sensul-spre-pasaj-mihai-bravu\\\/\",\"url\":\"https:\\\/\\\/buletin.de\\\/bucuresti\\\/linia-97-va-circula-pe-un-traseu-deviat-pe-sensul-spre-pasaj-mihai-bravu\\\/\",\"name\":\"Linia 97 va circula pe un traseu deviat, pe sensul spre \u201ePasaj Mihai Bravu\u201d - Buletin de Bucure\u0219ti\",\"isPartOf\":{\"@id\":\"https:\\\/\\\/buletin.de\\\/bucuresti\\\/#website\"},\"primaryImageOfPage\":{\"@id\":\"https:\\\/\\\/buletin.de\\\/bucuresti\\\/linia-97-va-circula-pe-un-traseu-deviat-pe-sensul-spre-pasaj-mihai-bravu\\\/#primaryimage\"},\"image\":{\"@id\":\"https:\\\/\\\/buletin.de\\\/bucuresti\\\/linia-97-va-circula-pe-un-traseu-deviat-pe-sensul-spre-pasaj-mihai-bravu\\\/#primaryimage\"},\"thumbnailUrl\":\"https:\\\/\\\/buletin.de\\\/bucuresti\\\/wp-content\\\/uploads\\\/2026\\\/09\\\/Linia-97-traseu-modificat.jpg\",\"datePublished\":\"2026-09-01T13:36:54+00:00\",\"description\":\"Linia 97 va circula pe un traseu deviat pe sensul spre \u201ePasaj Mihai Bravu\u201d, ca urmare a unor lucr\u0103ri, a anun\u021bat TPBI.\",\"breadcrumb\":{\"@id\":\"https:\\\/\\\/buletin.de\\\/bucuresti\\\/linia-97-va-circula-pe-un-traseu-deviat-pe-sensul-spre-pasaj-mihai-bravu\\\/#breadcrumb\"},\"inLanguage\":\"en-GB\",\"potentialAction\":[{\"@type\":\"ReadAction\",\"target\":[\"https:\\\/\\\/buletin.de\\\/bucuresti\\\/linia-97-va-circula-pe-un-traseu-deviat-pe-sensul-spre-pasaj-mihai-bravu\\\/\"]}]},{\"@type\":\"ImageObject\",\"inLanguage\":\"en-GB\",\"@id\":\"https:\\\/\\\/buletin.de\\\/bucuresti\\\/linia-97-va-circula-pe-un-traseu-deviat-pe-sensul-spre-pasaj-mihai-bravu\\\/#primaryimage\",\"url\":\"https:\\\/\\\/buletin.de\\\/bucuresti\\\/wp-content\\\/uploads\\\/2026\\\/09\\\/Linia-97-traseu-modificat.jpg\",\"contentUrl\":\"https:\\\/\\\/buletin.de\\\/bucuresti\\\/wp-content\\\/uploads\\\/2026\\\/09\\\/Linia-97-traseu-modificat.jpg\",\"width\":1200,\"height\":650,\"caption\":\"Foto: TPBI\"},{\"@type\":\"BreadcrumbList\",\"@id\":\"https:\\\/\\\/buletin.de\\\/bucuresti\\\/linia-97-va-circula-pe-un-traseu-deviat-pe-sensul-spre-pasaj-mihai-bravu\\\/#breadcrumb\",\"itemListElement\":[{\"@type\":\"ListItem\",\"position\":1,\"name\":\"Acas\u0103\",\"item\":\"https:\\\/\\\/buletin.de\\\/bucuresti\\\/\"},{\"@type\":\"ListItem\",\"position\":2,\"name\":\"Linia 97 va circula pe un traseu deviat, pe sensul spre \u201ePasaj Mihai Bravu\u201d\"}]},{\"@type\":\"WebSite\",\"@id\":\"https:\\\/\\\/buletin.de\\\/bucuresti\\\/#website\",\"url\":\"https:\\\/\\\/buletin.de\\\/bucuresti\\\/\",\"name\":\"Buletin de Bucure\u0219ti\",\"description\":\"\u0218tiri \u0219i investiga\u021bii esen\u021biale din capital\u0103\",\"publisher\":{\"@id\":\"https:\\\/\\\/buletin.de\\\/bucuresti\\\/#organization\"},\"potentialAction\":[{\"@type\":\"SearchAction\",\"target\":{\"@type\":\"EntryPoint\",\"urlTemplate\":\"https:\\\/\\\/buletin.de\\\/bucuresti\\\/?s={search_term_string}\"},\"query-input\":{\"@type\":\"PropertyValueSpecification\",\"valueRequired\":true,\"valueName\":\"search_term_string\"}}],\"inLanguage\":\"en-GB\"},{\"@type\":\"Organization\",\"@id\":\"https:\\\/\\\/buletin.de\\\/bucuresti\\\/#organization\",\"name\":\"Buletin de Bucure\u0219ti\",\"url\":\"https:\\\/\\\/buletin.de\\\/bucuresti\\\/\",\"logo\":{\"@type\":\"ImageObject\",\"inLanguage\":\"en-GB\",\"@id\":\"https:\\\/\\\/buletin.de\\\/bucuresti\\\/#\\\/schema\\\/logo\\\/image\\\/\",\"url\":\"https:\\\/\\\/buletin.de\\\/bucuresti\\\/wp-content\\\/uploads\\\/logo-bdb-full-wide-vernil-transparent.png\",\"contentUrl\":\"https:\\\/\\\/buletin.de\\\/bucuresti\\\/wp-content\\\/uploads\\\/logo-bdb-full-wide-vernil-transparent.png\",\"width\":1782,\"height\":626,\"caption\":\"Buletin de Bucure\u0219ti\"},\"image\":{\"@id\":\"https:\\\/\\\/buletin.de\\\/bucuresti\\\/#\\\/schema\\\/logo\\\/image\\\/\"},\"sameAs\":[\"https:\\\/\\\/www.facebook.com\\\/buletin.de.buc\",\"https:\\\/\\\/www.instagram.com\\\/buletinde.bucuresti\\\/\"]},{\"@type\":\"Person\",\"@id\":\"https:\\\/\\\/buletin.de\\\/bucuresti\\\/#\\\/schema\\\/person\\\/81421a46fb84a0887cfd2238f5202586\",\"name\":\"Andreea St\u0103n\u0103r\u00eeng\u0103\",\"image\":{\"@type\":\"ImageObject\",\"inLanguage\":\"en-GB\",\"@id\":\"https:\\\/\\\/buletin.de\\\/bucuresti\\\/wp-content\\\/uploads\\\/2026\\\/06\\\/BDB_Andreea_S-1-96x96.jpgb79b6b91f9c59ea2bdedd1d8c093f6b4\",\"url\":\"https:\\\/\\\/buletin.de\\\/bucuresti\\\/wp-content\\\/uploads\\\/2026\\\/06\\\/BDB_Andreea_S-1-96x96.jpg\",\"contentUrl\":\"https:\\\/\\\/buletin.de\\\/bucuresti\\\/wp-content\\\/uploads\\\/2026\\\/06\\\/BDB_Andreea_S-1-96x96.jpg\",\"caption\":\"Andreea St\u0103n\u0103r\u00eeng\u0103\"},\"description\":\"Face parte din echipa Buletin de Bucure\u0219ti din 2025. A colaborat cu c\u00e2teva publica\u021bii, printre care \u0219i Fanatik.ro, unde s-a ocupat de \u0219tiri de lifestyle \u0219i de actualitate. A f\u0103cut un pas c\u0103tre presa local\u0103 pentru a explora Bucure\u0219tiul \u0219i pove\u0219tile care merit\u0103 spuse.\",\"url\":\"https:\\\/\\\/buletin.de\\\/bucuresti\\\/author\\\/andreea-stanaranga\\\/\"}]}<\/script>\n<!-- \/ Yoast SEO Premium plugin. -->","yoast_head_json":{"title":"Linia 97 va circula pe un traseu deviat, pe sensul spre \u201ePasaj Mihai Bravu\u201d - Buletin de Bucure\u0219ti","description":"Linia 97 va circula pe un traseu deviat pe sensul spre \u201ePasaj Mihai Bravu\u201d, ca urmare a unor lucr\u0103ri, a anun\u021bat TPBI.","robots":{"index":"index","follow":"follow","max-snippet":"max-snippet:-1","max-image-preview":"max-image-preview:large","max-video-preview":"max-video-preview:-1"},"canonical":"https:\/\/buletin.de\/bucuresti\/linia-97-va-circula-pe-un-traseu-deviat-pe-sensul-spre-pasaj-mihai-bravu\/","og_locale":"en_GB","og_type":"article","og_title":"Linia 97 va circula pe un traseu deviat, pe sensul spre \u201ePasaj Mihai Bravu\u201d","og_description":"Linia 97 va circula pe un traseu deviat pe sensul spre \u201ePasaj Mihai Bravu\u201d, ca urmare a unor lucr\u0103ri, a anun\u021bat TPBI.","og_url":"https:\/\/buletin.de\/bucuresti\/linia-97-va-circula-pe-un-traseu-deviat-pe-sensul-spre-pasaj-mihai-bravu\/","og_site_name":"Buletin de Bucure\u0219ti","article_publisher":"https:\/\/www.facebook.com\/buletin.de.buc","article_published_time":"2026-09-01T13:36:54+00:00","og_image":[{"width":1200,"height":650,"url":"https:\/\/buletin.de\/bucuresti\/wp-content\/uploads\/2026\/09\/Linia-97-traseu-modificat.jpg","type":"image\/jpeg"}],"author":"Andreea St\u0103n\u0103r\u00eeng\u0103","twitter_card":"summary_large_image","twitter_misc":{"Written by":"Andreea St\u0103n\u0103r\u00eeng\u0103","Estimated reading time":"3 minutes"},"schema":{"@context":"https:\/\/schema.org","@graph":[{"@type":"Article","@id":"https:\/\/buletin.de\/bucuresti\/linia-97-va-circula-pe-un-traseu-deviat-pe-sensul-spre-pasaj-mihai-bravu\/#article","isPartOf":{"@id":"https:\/\/buletin.de\/bucuresti\/linia-97-va-circula-pe-un-traseu-deviat-pe-sensul-spre-pasaj-mihai-bravu\/"},"author":{"name":"Andreea St\u0103n\u0103r\u00eeng\u0103","@id":"https:\/\/buletin.de\/bucuresti\/#\/schema\/person\/81421a46fb84a0887cfd2238f5202586"},"headline":"Linia 97 va circula pe un traseu deviat, pe sensul spre \u201ePasaj Mihai Bravu\u201d","datePublished":"2026-09-01T13:36:54+00:00","mainEntityOfPage":{"@id":"https:\/\/buletin.de\/bucuresti\/linia-97-va-circula-pe-un-traseu-deviat-pe-sensul-spre-pasaj-mihai-bravu\/"},"wordCount":510,"publisher":{"@id":"https:\/\/buletin.de\/bucuresti\/#organization"},"image":{"@id":"https:\/\/buletin.de\/bucuresti\/linia-97-va-circula-pe-un-traseu-deviat-pe-sensul-spre-pasaj-mihai-bravu\/#primaryimage"},"thumbnailUrl":"https:\/\/buletin.de\/bucuresti\/wp-content\/uploads\/2026\/09\/Linia-97-traseu-modificat.jpg","keywords":["gaze naturale","linia 97","linie deviata","lucrari","pasaj mihai bravu","popa nan","restrictii","stb","tpbi","traseu deviat","troleibuz"],"articleSection":["Articole","\u0218tiri","Transport"],"inLanguage":"en-GB","copyrightYear":"2026","copyrightHolder":{"@id":"https:\/\/buletin.de\/bucuresti\/#organization"}},{"@type":"WebPage","@id":"https:\/\/buletin.de\/bucuresti\/linia-97-va-circula-pe-un-traseu-deviat-pe-sensul-spre-pasaj-mihai-bravu\/","url":"https:\/\/buletin.de\/bucuresti\/linia-97-va-circula-pe-un-traseu-deviat-pe-sensul-spre-pasaj-mihai-bravu\/","name":"Linia 97 va circula pe un traseu deviat, pe sensul spre \u201ePasaj Mihai Bravu\u201d - Buletin de Bucure\u0219ti","isPartOf":{"@id":"https:\/\/buletin.de\/bucuresti\/#website"},"primaryImageOfPage":{"@id":"https:\/\/buletin.de\/bucuresti\/linia-97-va-circula-pe-un-traseu-deviat-pe-sensul-spre-pasaj-mihai-bravu\/#primaryimage"},"image":{"@id":"https:\/\/buletin.de\/bucuresti\/linia-97-va-circula-pe-un-traseu-deviat-pe-sensul-spre-pasaj-mihai-bravu\/#primaryimage"},"thumbnailUrl":"https:\/\/buletin.de\/bucuresti\/wp-content\/uploads\/2026\/09\/Linia-97-traseu-modificat.jpg","datePublished":"2026-09-01T13:36:54+00:00","description":"Linia 97 va circula pe un traseu deviat pe sensul spre \u201ePasaj Mihai Bravu\u201d, ca urmare a unor lucr\u0103ri, a anun\u021bat TPBI.","breadcrumb":{"@id":"https:\/\/buletin.de\/bucuresti\/linia-97-va-circula-pe-un-traseu-deviat-pe-sensul-spre-pasaj-mihai-bravu\/#breadcrumb"},"inLanguage":"en-GB","potentialAction":[{"@type":"ReadAction","target":["https:\/\/buletin.de\/bucuresti\/linia-97-va-circula-pe-un-traseu-deviat-pe-sensul-spre-pasaj-mihai-bravu\/"]}]},{"@type":"ImageObject","inLanguage":"en-GB","@id":"https:\/\/buletin.de\/bucuresti\/linia-97-va-circula-pe-un-traseu-deviat-pe-sensul-spre-pasaj-mihai-bravu\/#primaryimage","url":"https:\/\/buletin.de\/bucuresti\/wp-content\/uploads\/2026\/09\/Linia-97-traseu-modificat.jpg","contentUrl":"https:\/\/buletin.de\/bucuresti\/wp-content\/uploads\/2026\/09\/Linia-97-traseu-modificat.jpg","width":1200,"height":650,"caption":"Foto: TPBI"},{"@type":"BreadcrumbList","@id":"https:\/\/buletin.de\/bucuresti\/linia-97-va-circula-pe-un-traseu-deviat-pe-sensul-spre-pasaj-mihai-bravu\/#breadcrumb","itemListElement":[{"@type":"ListItem","position":1,"name":"Acas\u0103","item":"https:\/\/buletin.de\/bucuresti\/"},{"@type":"ListItem","position":2,"name":"Linia 97 va circula pe un traseu deviat, pe sensul spre \u201ePasaj Mihai Bravu\u201d"}]},{"@type":"WebSite","@id":"https:\/\/buletin.de\/bucuresti\/#website","url":"https:\/\/buletin.de\/bucuresti\/","name":"Buletin de Bucure\u0219ti","description":"\u0218tiri \u0219i investiga\u021bii esen\u021biale din capital\u0103","publisher":{"@id":"https:\/\/buletin.de\/bucuresti\/#organization"},"potentialAction":[{"@type":"SearchAction","target":{"@type":"EntryPoint","urlTemplate":"https:\/\/buletin.de\/bucuresti\/?s={search_term_string}"},"query-input":{"@type":"PropertyValueSpecification","valueRequired":true,"valueName":"search_term_string"}}],"inLanguage":"en-GB"},{"@type":"Organization","@id":"https:\/\/buletin.de\/bucuresti\/#organization","name":"Buletin de Bucure\u0219ti","url":"https:\/\/buletin.de\/bucuresti\/","logo":{"@type":"ImageObject","inLanguage":"en-GB","@id":"https:\/\/buletin.de\/bucuresti\/#\/schema\/logo\/image\/","url":"https:\/\/buletin.de\/bucuresti\/wp-content\/uploads\/logo-bdb-full-wide-vernil-transparent.png","contentUrl":"https:\/\/buletin.de\/bucuresti\/wp-content\/uploads\/logo-bdb-full-wide-vernil-transparent.png","width":1782,"height":626,"caption":"Buletin de Bucure\u0219ti"},"image":{"@id":"https:\/\/buletin.de\/bucuresti\/#\/schema\/logo\/image\/"},"sameAs":["https:\/\/www.facebook.com\/buletin.de.buc","https:\/\/www.instagram.com\/buletinde.bucuresti\/"]},{"@type":"Person","@id":"https:\/\/buletin.de\/bucuresti\/#\/schema\/person\/81421a46fb84a0887cfd2238f5202586","name":"Andreea St\u0103n\u0103r\u00eeng\u0103","image":{"@type":"ImageObject","inLanguage":"en-GB","@id":"https:\/\/buletin.de\/bucuresti\/wp-content\/uploads\/2026\/06\/BDB_Andreea_S-1-96x96.jpgb79b6b91f9c59ea2bdedd1d8c093f6b4","url":"https:\/\/buletin.de\/bucuresti\/wp-content\/uploads\/2026\/06\/BDB_Andreea_S-1-96x96.jpg","contentUrl":"https:\/\/buletin.de\/bucuresti\/wp-content\/uploads\/2026\/06\/BDB_Andreea_S-1-96x96.jpg","caption":"Andreea St\u0103n\u0103r\u00eeng\u0103"},"description":"Face parte din echipa Buletin de Bucure\u0219ti din 2025. A colaborat cu c\u00e2teva publica\u021bii, printre care \u0219i Fanatik.ro, unde s-a ocupat de \u0219tiri de lifestyle \u0219i de actualitate. A f\u0103cut un pas c\u0103tre presa local\u0103 pentru a explora Bucure\u0219tiul \u0219i pove\u0219tile care merit\u0103 spuse.","url":"https:\/\/buletin.de\/bucuresti\/author\/andreea-stanaranga\/"}]}},"authors":[{"term_id":23912,"user_id":65,"is_guest":0,"slug":"andreea-stanaranga","display_name":"Andreea St\u0103n\u0103r\u00eeng\u0103","avatar_url":"https:\/\/buletin.de\/bucuresti\/wp-content\/uploads\/2026\/06\/BDB_Andreea_S-1-96x96.jpg","author_category":"1","first_name":"Andreea","last_name":"St\u0103n\u0103r\u00eeng\u0103","user_url":"","job_title":"","description":"Face parte din echipa Buletin de Bucure\u0219ti din 2025. A colaborat cu c\u00e2teva publica\u021bii, printre care \u0219i Fanatik.ro, unde s-a ocupat de \u0219tiri de lifestyle \u0219i de actualitate. A f\u0103cut un pas c\u0103tre presa local\u0103 pentru a explora Bucure\u0219tiul \u0219i pove\u0219tile care merit\u0103 spuse."}],"_links":{"self":[{"href":"https:\/\/buletin.de\/bucuresti\/wp-json\/wp\/v2\/posts\/215280","targetHints":{"allow":["GET"]}}],"collection":[{"href":"https:\/\/buletin.de\/bucuresti\/wp-json\/wp\/v2\/posts"}],"about":[{"href":"https:\/\/buletin.de\/bucuresti\/wp-json\/wp\/v2\/types\/post"}],"author":[{"embeddable":true,"href":"https:\/\/buletin.de\/bucuresti\/wp-json\/wp\/v2\/users\/65"}],"replies":[{"embeddable":true,"href":"https:\/\/buletin.de\/bucuresti\/wp-json\/wp\/v2\/comments?post=215280"}],"version-history":[{"count":2,"href":"https:\/\/buletin.de\/bucuresti\/wp-json\/wp\/v2\/posts\/215280\/revisions"}],"predecessor-version":[{"id":215290,"href":"https:\/\/buletin.de\/bucuresti\/wp-json\/wp\/v2\/posts\/215280\/revisions\/215290"}],"wp:featuredmedia":[{"embeddable":true,"href":"https:\/\/buletin.de\/bucuresti\/wp-json\/wp\/v2\/media\/215287"}],"wp:attachment":[{"href":"https:\/\/buletin.de\/bucuresti\/wp-json\/wp\/v2\/media?parent=215280"}],"wp:term":[{"taxonomy":"category","embeddable":true,"href":"https:\/\/buletin.de\/bucuresti\/wp-json\/wp\/v2\/categories?post=215280"},{"taxonomy":"post_tag","embeddable":true,"href":"https:\/\/buletin.de\/bucuresti\/wp-json\/wp\/v2\/tags?post=215280"},{"taxonomy":"author","embeddable":true,"href":"https:\/\/buletin.de\/bucuresti\/wp-json\/wp\/v2\/ppma_author?post=215280"}],"curies":[{"name":"wp","href":"https:\/\/api.w.org\/{rel}","templated":true}]}}