{"id":215276,"date":"2026-09-01T17:06:00","date_gmt":"2026-09-01T14:06:00","guid":{"rendered":"https:\/\/buletin.de\/bucuresti\/?p=215276"},"modified":"2026-09-01T17:18:22","modified_gmt":"2026-09-01T14:18:22","slug":"incep-concursurile-pentru-conducerea-teatrelor-bucurestene-care-sunt-primele-patru-institutii-care-scapa-de-interimat","status":"publish","type":"post","link":"https:\/\/buletin.de\/bucuresti\/incep-concursurile-pentru-conducerea-teatrelor-bucurestene-care-sunt-primele-patru-institutii-care-scapa-de-interimat\/","title":{"rendered":"\u00cencep concursurile pentru conducerea teatrelor bucure\u015ftene. Care sunt primele patru institu\u021bii care scap\u0103 de interimat"},"content":{"rendered":"\n<p class=\"wp-block-paragraph\"><strong>Prim\u0103ria Capitalei deblocheaz\u0103 concursurile pentru conducerea teatrelor bucure\u0219tene, <strong>dup\u0103 mai bine de cinci ani de \u00een care directorii institu\u021biilor de cultur\u0103 au fost numi\u021bi din pixul primarului<\/strong>. <\/strong><\/p>\n\n\n\n<p class=\"wp-block-paragraph\"><strong>Primele patru institu\u021bii vizate sunt: Teatrul de Anima\u021bie \u021a\u0103nd\u0103ric\u0103, Teatrul Ion Creang\u0103, Opera Comic\u0103 pentru Copii \u015fi Teatrul Excelsior.<\/strong><\/p>\n\n\n\n<p class=\"wp-block-paragraph\">Dosarele \u0219i proiectele de management, al\u0103turi de cererea de \u00eenscriere, se vor depune fizic la sediul PMB, \u00eentre orele 8 \u0219i 16.30. Termenul limit\u0103 este 25 septembrie.<\/p>\n\n\n\n<h2 id=\"h-incep-concursurile-pentru-conducerea-teatrelor-bucurestene-calendarul-selec\u021biei\" class=\"wp-block-heading\">\u00cencep concursurile pentru conducerea teatrelor bucure\u015ftene. Calendarul selec\u021biei<\/h2>\n\n\n\n<p class=\"wp-block-paragraph\">Pentru Teatrul \u021a\u0103nd\u0103ric\u0103 \u0219i Teatrul Ion Creang\u0103, procedura se adreseaz\u0103 exclusiv managerilor afla\u021bi \u00een func\u021bie \u0219i care au ob\u021binut la evaluarea anual\u0103 o nota mai mare sau egal\u0103 cu 9, potrivit prevederilor legale. Ace\u0219tia vor depune doar noul proiect de management, iar rezultatele vor fi afi\u0219ate pe 13 octombrie, <a href=\"https:\/\/www.facebook.com\/ciprian.ciucu\/posts\/pfbid0JAQUJcz2gat5RLYkWGDqaTsFYr2xkAfv5B6VVDfH9REPXFV2q7fwWZzniML5Nanjl?__cft__[0]=AZiXg3XcKwVmx-_jTFleuuvQxxmcq9huXQ1WXwvzO5nIAGapHdbtk_T15oWbp51in7PLdQeaHYnvf4PaKVn5_XBYEVzfhZm7v8mLijWnDcXbQEW2HKv9gbfPfhONzbT0NRiHx5eCZyGX08qU3qyGj-k2FnFKgflWozWlcXhiVZnXfYcDyGXwyiE&amp;__cft__[1]=AZhmYY2byyTMB5oPcuepOexX4hEIGzOUMQSqakDx_2i7D8KBqFy328B0MweLuHBZ5Lla5u0fkPd5rrFAMCQnT3AqP7iXMsdu2XnKgGBOS30wVf92_5uDqVpMu3bd_sQC5JOLJtcwcNwtMf6tAAG5hkSiJ6Lu&amp;__tn__=%2CO%2CP-R\">anun\u021b\u0103 primarul general Ciprian Ciucu<\/a>.<\/p>\n\n\n\n<p class=\"wp-block-paragraph\">\u00cen situa\u021bia \u00een care actualii directori nu vor ob\u021bine minim nota 7, procedura de ocupare a posturilor va fi reluat\u0103, fiind deschis\u0103 tuturor persoanelor interesate \u0219i care \u00eendeplinesc condi\u021biile legale.<\/p>\n\n\n\n<p class=\"wp-block-paragraph\">Concursurile pentru Opera Comic\u0103 pentru Copii \u0219i Teatrul Excelsior se adreseaz\u0103 tuturor persoanelor interesate. Candida\u021bii trebuie s\u0103 depun\u0103 at\u00e2t proiectul, c\u00e2t \u0219i dosarul de \u00eenscriere. Rezultatele vor fi anun\u021bate pe 23 octombrie.<\/p>\n\n\n\n<p class=\"wp-block-paragraph\"><strong>CITE\u0218TE \u0218I:&nbsp;<a href=\"https:\/\/buletin.de\/bucuresti\/sfarsitul-interimatelor-definitive-concursuri-pe-bune-pentru-administrarea-celor-250-de-milioane-de-lei-subventie-catre-teatrele-bucurestene\/\">Sf\u00e2r\u0219itul \u201einterimatelor definitive\u201d. Concursuri \u201epe bune\u201d pentru administrarea celor 250 de milioane de lei subven\u021bie c\u0103tre teatrele bucure\u0219tene<\/a><\/strong><\/p>\n\n\n\n<h2 id=\"h-primarul-ciprian-ciucu-anun\u021ba-concursuri-lunare-pentru-teatrele-din-subordinea-pmb\" class=\"wp-block-heading\">Primarul Ciprian Ciucu anun\u021b\u0103 concursuri lunare pentru teatrele din subordinea PMB<\/h2>\n\n\n\n<p class=\"wp-block-paragraph\">Primarul Capitalei a promis concursuri \u201epe bune\u201d pentru teatrele din subordinea PMB \u00eenc\u0103 din martie 2026. Dup\u0103 elaborarea caietelor de obiective \u0219i constituirea comisiilor de jurizare, selec\u021bia \u00eencepe acum pentru primele patru institu\u021bii. Urmeaz\u0103 \u0219i restul teatrelor, sus\u021bine Ciprian Ciucu.<\/p>\n\n\n\n<blockquote class=\"wp-block-quote is-layout-flow wp-block-quote-is-layout-flow\">\n<p class=\"wp-block-paragraph\">Dup\u0103 acestea patru vom da drumul \u0219i la restul, \u00een calupuri, cu o caden\u021b\u0103 lunar\u0103. Sper ca p\u00e2n\u0103 la sf\u00e2r\u0219itul anului s\u0103 avem directori plini numi\u021bi la toate teatrele noastre!<\/p>\n<cite>Primarul general Ciprian Ciucu<\/cite><\/blockquote>\n\n\n\n<p class=\"wp-block-paragraph\">Anun\u021bul primarului general a venit la scurt timp dup\u0103 deciziile controversate ale colegului s\u0103u de partid, Stelian Bujduveanu. Amintim, spre finalul anului trecut, acesta a decis, din pozi\u021bia de primar interimar, s\u0103 nu mai prelungeasc\u0103 mandatele provizorii ale regizorilor Vlad Cristache (Teatrul Excelsior) \u0219i Radu Nica (Teatrul Metropolis).<\/p>\n\n\n\n<p class=\"wp-block-paragraph\">Dar f\u0103r\u0103 s\u0103 organizeze concurs, astfel c\u0103 actuala conducere este asigurat\u0103 tot prin interimate.<\/p>\n\n\n\n<p class=\"wp-block-paragraph\">Ac\u021biunile liberalului au st\u00e2rnit o dezbatere ampl\u0103 despre politizarea culturii \u0219i consecin\u021bele ce se r\u0103sfr\u00e2ng direct asupra actorilor \u0219i a spectatorilor: de la directori schimba\u0163i \u00een func\u0163ie de culoarea politic\u0103 la mandate interimare f\u0103r\u0103 sf\u00e2r\u0219it.<\/p>\n\n\n\n<p class=\"wp-block-paragraph\"><strong>CITE\u0218TE \u0218I:&nbsp;<a href=\"https:\/\/buletin.de\/bucuresti\/exclusiv-revenirea-lui-george-ivascu-la-teatrul-metropolis-un-raport-dramatic-al-corpului-de-control-ignorat-de-conducerea-interimara-a-capitalei\/\">EXCLUSIV | Revenirea lui George Iva\u0219cu la Teatrul Metropolis: Un raport \u201edramatic\u201d al Corpului de Control, ignorat de conducerea interimar\u0103&nbsp;a&nbsp;Capitalei<\/a><\/strong><\/p>\n\n\n\n<h2 id=\"h-peste-45-de-milioane-de-euro-subven\u021bie-din-bugetul-local\" class=\"wp-block-heading\">Peste 45 de milioane de euro, subven\u021bie din bugetul local<\/h2>\n\n\n\n<p class=\"wp-block-paragraph\"><strong>Cele 14 teatre din subordinea PMB, al\u0103turi de Opera Comic\u0103 pentru Copii, primesc anual bani de la bugetul local pentru a-\u0219i desf\u0103\u0219ura activitatea, pe l\u00e2ng\u0103 veniturile proprii realizate din v\u00e2nzarea biletelor.<\/strong><\/p>\n\n\n\n<p class=\"wp-block-paragraph\">\u00cen 2025, subven\u021biile s-au ridicat la circa 230 de milioane de lei, echivalentul a circa 46 de milioane de euro. Cele mai mari sume, de peste 20 de milioane de lei, au fost \u00eencasate de Opera Comic\u0103 pentru Copiii \u0219i teatrele Ion Creang\u0103, respectiv Bulandra. La polul opus, cele mai mici subven\u021bii, de circa 7 milioane de lei, au fost alocate c\u0103tre Teatrul Dramaturgilor \u0219i Masca.<\/p>\n\n\n\n<p class=\"wp-block-paragraph\">\u00cen cazul \u00een care nu vor performa \u00een cadrul concursurilor organizate \u00een viitor, cei 15 directori risc\u0103 s\u0103 piard\u0103 posturile.<\/p>\n\n\n\n<p class=\"wp-block-paragraph\">Ac\u021biunile liberalului au st\u00e2rnit o dezbatere ampl\u0103 despre politizarea culturii \u0219i consecin\u021bele ce se r\u0103sfr\u00e2ng direct asupra actorilor \u0219i a spectatorilor: de la directori schimba\u0163i \u00een func\u0163ie de culoarea politic\u0103 la mandate interimare f\u0103r\u0103 sf\u00e2r\u0219it.<\/p>\n\n\n\n<p class=\"wp-block-paragraph\"><strong>CITE\u0218TE \u0218I:&nbsp;<a href=\"https:\/\/buletin.de\/bucuresti\/federatia-teatrelor-metropolitane-cere-primariei-capitalei-sa-renunte-la-directorii-interimari-si-la-numirile-politice\/\" target=\"_blank\" rel=\"noreferrer noopener\">Federa\u021bia Teatrelor Metropolitane cere Prim\u0103riei Capitalei s\u0103 renun\u021be la directorii interimari \u0219i la numirile politice<\/a><\/strong><\/p>\n\n\n\n<p class=\"wp-block-paragraph\"><\/p>\n","protected":false},"excerpt":{"rendered":"<p>Prim\u0103ria Capitalei deblocheaz\u0103 concursurile pentru conducerea teatrelor bucure\u0219tene, dup\u0103 mai bine de cinci ani de \u00een care directorii institu\u021biilor de cultur\u0103 au fost numi\u021bi din pixul primarului. Primele patru institu\u021bii vizate sunt: Teatrul de Anima\u021bie \u021a\u0103nd\u0103ric\u0103, Teatrul Ion Creang\u0103, Opera Comic\u0103 pentru Copii \u015fi Teatrul Excelsior. Dosarele \u0219i proiectele de management, al\u0103turi de cererea de [&hellip;]<\/p>\n","protected":false},"author":55,"featured_media":215291,"comment_status":"closed","ping_status":"open","sticky":false,"template":"","format":"standard","meta":{"_acf_changed":false,"inline_featured_image":false,"ngg_post_thumbnail":0,"footnotes":""},"categories":[6994,81,5762,24],"tags":[30519,1689,30516,6645,104,30517,30518,6820,9061,89],"ppma_author":[22573],"class_list":["post-215276","post","type-post","status-publish","format-standard","has-post-thumbnail","hentry","category-stiri-2","category-cultura","category-main","category-primarie","tag-concursuri-teatre-pmb","tag-cultura","tag-directori-interimari","tag-opera-comica-pentru-copii","tag-pmb","tag-politizarea-culturii","tag-subventii-teatre-pmb","tag-teatrul-excelsior","tag-teatrul-ion-creanga-2","tag-teatrul-tandarica"],"acf":[],"a3_pvc":{"activated":false,"total_views":0,"today_views":0},"yoast_head":"<!-- This site is optimized with the Yoast SEO Premium plugin v28.0 (Yoast SEO v28.3) - https:\/\/yoast.com\/product\/yoast-seo-premium-wordpress\/ -->\n<title>\u00cencep concursurile pentru conducerea teatrelor bucure\u015ftene. Care sunt primele patru institu\u021bii care scap\u0103 de interimat - Buletin de Bucure\u0219ti<\/title>\n<meta name=\"description\" content=\"\u00cencep concursurile pentru conducerea teatrelor bucure\u015ftene. Care sunt primele patru institu\u021bii care scap\u0103 de interimat.\" \/>\n<meta name=\"robots\" content=\"index, follow, max-snippet:-1, max-image-preview:large, max-video-preview:-1\" \/>\n<link rel=\"canonical\" href=\"https:\/\/buletin.de\/bucuresti\/incep-concursurile-pentru-conducerea-teatrelor-bucurestene-care-sunt-primele-patru-institutii-care-scapa-de-interimat\/\" \/>\n<meta property=\"og:locale\" content=\"en_GB\" \/>\n<meta property=\"og:type\" content=\"article\" \/>\n<meta property=\"og:title\" content=\"\u00cencep concursurile pentru conducerea teatrelor bucure\u015ftene. Care sunt primele patru institu\u021bii care scap\u0103 de interimat\" \/>\n<meta property=\"og:description\" content=\"\u00cencep concursurile pentru conducerea teatrelor bucure\u015ftene. Care sunt primele patru institu\u021bii care scap\u0103 de interimat.\" \/>\n<meta property=\"og:url\" content=\"https:\/\/buletin.de\/bucuresti\/incep-concursurile-pentru-conducerea-teatrelor-bucurestene-care-sunt-primele-patru-institutii-care-scapa-de-interimat\/\" \/>\n<meta property=\"og:site_name\" content=\"Buletin de Bucure\u0219ti\" \/>\n<meta property=\"article:publisher\" content=\"https:\/\/www.facebook.com\/buletin.de.buc\" \/>\n<meta property=\"article:published_time\" content=\"2026-09-01T14:06:00+00:00\" \/>\n<meta property=\"article:modified_time\" content=\"2026-09-01T14:18:22+00:00\" \/>\n<meta property=\"og:image\" content=\"https:\/\/buletin.de\/bucuresti\/wp-content\/uploads\/2026\/09\/765898253_919904720505423_4383922750056913755_n.jpeg\" \/>\n\t<meta property=\"og:image:width\" content=\"1536\" \/>\n\t<meta property=\"og:image:height\" content=\"1024\" \/>\n\t<meta property=\"og:image:type\" content=\"image\/jpeg\" \/>\n<meta name=\"author\" content=\"Andreea Tudor\" \/>\n<meta name=\"twitter:card\" content=\"summary_large_image\" \/>\n<meta name=\"twitter:label1\" content=\"Written by\" \/>\n\t<meta name=\"twitter:data1\" content=\"Andreea Tudor\" \/>\n\t<meta name=\"twitter:label2\" content=\"Estimated reading time\" \/>\n\t<meta name=\"twitter:data2\" content=\"3 minutes\" \/>\n<script type=\"application\/ld+json\" class=\"yoast-schema-graph\">{\"@context\":\"https:\\\/\\\/schema.org\",\"@graph\":[{\"@type\":\"Article\",\"@id\":\"https:\\\/\\\/buletin.de\\\/bucuresti\\\/incep-concursurile-pentru-conducerea-teatrelor-bucurestene-care-sunt-primele-patru-institutii-care-scapa-de-interimat\\\/#article\",\"isPartOf\":{\"@id\":\"https:\\\/\\\/buletin.de\\\/bucuresti\\\/incep-concursurile-pentru-conducerea-teatrelor-bucurestene-care-sunt-primele-patru-institutii-care-scapa-de-interimat\\\/\"},\"author\":{\"name\":\"Andreea Tudor\",\"@id\":\"https:\\\/\\\/buletin.de\\\/bucuresti\\\/#\\\/schema\\\/person\\\/150590659efde715459d159da012f501\"},\"headline\":\"\u00cencep concursurile pentru conducerea teatrelor bucure\u015ftene. Care sunt primele patru institu\u021bii care scap\u0103 de interimat\",\"datePublished\":\"2026-09-01T14:06:00+00:00\",\"dateModified\":\"2026-09-01T14:18:22+00:00\",\"mainEntityOfPage\":{\"@id\":\"https:\\\/\\\/buletin.de\\\/bucuresti\\\/incep-concursurile-pentru-conducerea-teatrelor-bucurestene-care-sunt-primele-patru-institutii-care-scapa-de-interimat\\\/\"},\"wordCount\":681,\"publisher\":{\"@id\":\"https:\\\/\\\/buletin.de\\\/bucuresti\\\/#organization\"},\"image\":{\"@id\":\"https:\\\/\\\/buletin.de\\\/bucuresti\\\/incep-concursurile-pentru-conducerea-teatrelor-bucurestene-care-sunt-primele-patru-institutii-care-scapa-de-interimat\\\/#primaryimage\"},\"thumbnailUrl\":\"https:\\\/\\\/buletin.de\\\/bucuresti\\\/wp-content\\\/uploads\\\/2026\\\/09\\\/765898253_919904720505423_4383922750056913755_n.jpeg\",\"keywords\":[\"concursuri teatre PMB\",\"cultura\",\"directori interimari\",\"opera comica pentru copii\",\"pmb\",\"politizarea culturii\",\"subventii teatre PMB\",\"teatrul excelsior\",\"Teatrul Ion Creanga\",\"teatrul tandarica\"],\"articleSection\":[\"Articole\",\"Cultur\u0103\",\"Main\",\"Prim\u0103rie\"],\"inLanguage\":\"en-GB\",\"copyrightYear\":\"2026\",\"copyrightHolder\":{\"@id\":\"https:\\\/\\\/buletin.de\\\/bucuresti\\\/#organization\"}},{\"@type\":\"WebPage\",\"@id\":\"https:\\\/\\\/buletin.de\\\/bucuresti\\\/incep-concursurile-pentru-conducerea-teatrelor-bucurestene-care-sunt-primele-patru-institutii-care-scapa-de-interimat\\\/\",\"url\":\"https:\\\/\\\/buletin.de\\\/bucuresti\\\/incep-concursurile-pentru-conducerea-teatrelor-bucurestene-care-sunt-primele-patru-institutii-care-scapa-de-interimat\\\/\",\"name\":\"\u00cencep concursurile pentru conducerea teatrelor bucure\u015ftene. Care sunt primele patru institu\u021bii care scap\u0103 de interimat - Buletin de Bucure\u0219ti\",\"isPartOf\":{\"@id\":\"https:\\\/\\\/buletin.de\\\/bucuresti\\\/#website\"},\"primaryImageOfPage\":{\"@id\":\"https:\\\/\\\/buletin.de\\\/bucuresti\\\/incep-concursurile-pentru-conducerea-teatrelor-bucurestene-care-sunt-primele-patru-institutii-care-scapa-de-interimat\\\/#primaryimage\"},\"image\":{\"@id\":\"https:\\\/\\\/buletin.de\\\/bucuresti\\\/incep-concursurile-pentru-conducerea-teatrelor-bucurestene-care-sunt-primele-patru-institutii-care-scapa-de-interimat\\\/#primaryimage\"},\"thumbnailUrl\":\"https:\\\/\\\/buletin.de\\\/bucuresti\\\/wp-content\\\/uploads\\\/2026\\\/09\\\/765898253_919904720505423_4383922750056913755_n.jpeg\",\"datePublished\":\"2026-09-01T14:06:00+00:00\",\"dateModified\":\"2026-09-01T14:18:22+00:00\",\"description\":\"\u00cencep concursurile pentru conducerea teatrelor bucure\u015ftene. Care sunt primele patru institu\u021bii care scap\u0103 de interimat.\",\"breadcrumb\":{\"@id\":\"https:\\\/\\\/buletin.de\\\/bucuresti\\\/incep-concursurile-pentru-conducerea-teatrelor-bucurestene-care-sunt-primele-patru-institutii-care-scapa-de-interimat\\\/#breadcrumb\"},\"inLanguage\":\"en-GB\",\"potentialAction\":[{\"@type\":\"ReadAction\",\"target\":[\"https:\\\/\\\/buletin.de\\\/bucuresti\\\/incep-concursurile-pentru-conducerea-teatrelor-bucurestene-care-sunt-primele-patru-institutii-care-scapa-de-interimat\\\/\"]}]},{\"@type\":\"ImageObject\",\"inLanguage\":\"en-GB\",\"@id\":\"https:\\\/\\\/buletin.de\\\/bucuresti\\\/incep-concursurile-pentru-conducerea-teatrelor-bucurestene-care-sunt-primele-patru-institutii-care-scapa-de-interimat\\\/#primaryimage\",\"url\":\"https:\\\/\\\/buletin.de\\\/bucuresti\\\/wp-content\\\/uploads\\\/2026\\\/09\\\/765898253_919904720505423_4383922750056913755_n.jpeg\",\"contentUrl\":\"https:\\\/\\\/buletin.de\\\/bucuresti\\\/wp-content\\\/uploads\\\/2026\\\/09\\\/765898253_919904720505423_4383922750056913755_n.jpeg\",\"width\":1536,\"height\":1024,\"caption\":\"Foto: FB\\\/ PMB\"},{\"@type\":\"BreadcrumbList\",\"@id\":\"https:\\\/\\\/buletin.de\\\/bucuresti\\\/incep-concursurile-pentru-conducerea-teatrelor-bucurestene-care-sunt-primele-patru-institutii-care-scapa-de-interimat\\\/#breadcrumb\",\"itemListElement\":[{\"@type\":\"ListItem\",\"position\":1,\"name\":\"Acas\u0103\",\"item\":\"https:\\\/\\\/buletin.de\\\/bucuresti\\\/\"},{\"@type\":\"ListItem\",\"position\":2,\"name\":\"\u00cencep concursurile pentru conducerea teatrelor bucure\u015ftene. Care sunt primele patru institu\u021bii care scap\u0103 de interimat\"}]},{\"@type\":\"WebSite\",\"@id\":\"https:\\\/\\\/buletin.de\\\/bucuresti\\\/#website\",\"url\":\"https:\\\/\\\/buletin.de\\\/bucuresti\\\/\",\"name\":\"Buletin de Bucure\u0219ti\",\"description\":\"\u0218tiri \u0219i investiga\u021bii esen\u021biale din capital\u0103\",\"publisher\":{\"@id\":\"https:\\\/\\\/buletin.de\\\/bucuresti\\\/#organization\"},\"potentialAction\":[{\"@type\":\"SearchAction\",\"target\":{\"@type\":\"EntryPoint\",\"urlTemplate\":\"https:\\\/\\\/buletin.de\\\/bucuresti\\\/?s={search_term_string}\"},\"query-input\":{\"@type\":\"PropertyValueSpecification\",\"valueRequired\":true,\"valueName\":\"search_term_string\"}}],\"inLanguage\":\"en-GB\"},{\"@type\":\"Organization\",\"@id\":\"https:\\\/\\\/buletin.de\\\/bucuresti\\\/#organization\",\"name\":\"Buletin de Bucure\u0219ti\",\"url\":\"https:\\\/\\\/buletin.de\\\/bucuresti\\\/\",\"logo\":{\"@type\":\"ImageObject\",\"inLanguage\":\"en-GB\",\"@id\":\"https:\\\/\\\/buletin.de\\\/bucuresti\\\/#\\\/schema\\\/logo\\\/image\\\/\",\"url\":\"https:\\\/\\\/buletin.de\\\/bucuresti\\\/wp-content\\\/uploads\\\/logo-bdb-full-wide-vernil-transparent.png\",\"contentUrl\":\"https:\\\/\\\/buletin.de\\\/bucuresti\\\/wp-content\\\/uploads\\\/logo-bdb-full-wide-vernil-transparent.png\",\"width\":1782,\"height\":626,\"caption\":\"Buletin de Bucure\u0219ti\"},\"image\":{\"@id\":\"https:\\\/\\\/buletin.de\\\/bucuresti\\\/#\\\/schema\\\/logo\\\/image\\\/\"},\"sameAs\":[\"https:\\\/\\\/www.facebook.com\\\/buletin.de.buc\",\"https:\\\/\\\/www.instagram.com\\\/buletinde.bucuresti\\\/\"]},{\"@type\":\"Person\",\"@id\":\"https:\\\/\\\/buletin.de\\\/bucuresti\\\/#\\\/schema\\\/person\\\/150590659efde715459d159da012f501\",\"name\":\"Andreea Tudor\",\"image\":{\"@type\":\"ImageObject\",\"inLanguage\":\"en-GB\",\"@id\":\"https:\\\/\\\/buletin.de\\\/bucuresti\\\/wp-content\\\/uploads\\\/2026\\\/06\\\/BDB_Andreea_T-5-96x96.jpg2291f994b0ece9443cb8e95c805b8b20\",\"url\":\"https:\\\/\\\/buletin.de\\\/bucuresti\\\/wp-content\\\/uploads\\\/2026\\\/06\\\/BDB_Andreea_T-5-96x96.jpg\",\"contentUrl\":\"https:\\\/\\\/buletin.de\\\/bucuresti\\\/wp-content\\\/uploads\\\/2026\\\/06\\\/BDB_Andreea_T-5-96x96.jpg\",\"caption\":\"Andreea Tudor\"},\"description\":\"Reporter la Buletin de Bucure\u0219ti de doi ani \u0219i jum\u0103tate. Sus\u021bin\u0103toare a presei independente, pasionat\u0103 de subiectele de mediu.\",\"url\":\"https:\\\/\\\/buletin.de\\\/bucuresti\\\/author\\\/andreeatudor\\\/\"}]}<\/script>\n<!-- \/ Yoast SEO Premium plugin. -->","yoast_head_json":{"title":"\u00cencep concursurile pentru conducerea teatrelor bucure\u015ftene. Care sunt primele patru institu\u021bii care scap\u0103 de interimat - Buletin de Bucure\u0219ti","description":"\u00cencep concursurile pentru conducerea teatrelor bucure\u015ftene. Care sunt primele patru institu\u021bii care scap\u0103 de interimat.","robots":{"index":"index","follow":"follow","max-snippet":"max-snippet:-1","max-image-preview":"max-image-preview:large","max-video-preview":"max-video-preview:-1"},"canonical":"https:\/\/buletin.de\/bucuresti\/incep-concursurile-pentru-conducerea-teatrelor-bucurestene-care-sunt-primele-patru-institutii-care-scapa-de-interimat\/","og_locale":"en_GB","og_type":"article","og_title":"\u00cencep concursurile pentru conducerea teatrelor bucure\u015ftene. Care sunt primele patru institu\u021bii care scap\u0103 de interimat","og_description":"\u00cencep concursurile pentru conducerea teatrelor bucure\u015ftene. Care sunt primele patru institu\u021bii care scap\u0103 de interimat.","og_url":"https:\/\/buletin.de\/bucuresti\/incep-concursurile-pentru-conducerea-teatrelor-bucurestene-care-sunt-primele-patru-institutii-care-scapa-de-interimat\/","og_site_name":"Buletin de Bucure\u0219ti","article_publisher":"https:\/\/www.facebook.com\/buletin.de.buc","article_published_time":"2026-09-01T14:06:00+00:00","article_modified_time":"2026-09-01T14:18:22+00:00","og_image":[{"width":1536,"height":1024,"url":"https:\/\/buletin.de\/bucuresti\/wp-content\/uploads\/2026\/09\/765898253_919904720505423_4383922750056913755_n.jpeg","type":"image\/jpeg"}],"author":"Andreea Tudor","twitter_card":"summary_large_image","twitter_misc":{"Written by":"Andreea Tudor","Estimated reading time":"3 minutes"},"schema":{"@context":"https:\/\/schema.org","@graph":[{"@type":"Article","@id":"https:\/\/buletin.de\/bucuresti\/incep-concursurile-pentru-conducerea-teatrelor-bucurestene-care-sunt-primele-patru-institutii-care-scapa-de-interimat\/#article","isPartOf":{"@id":"https:\/\/buletin.de\/bucuresti\/incep-concursurile-pentru-conducerea-teatrelor-bucurestene-care-sunt-primele-patru-institutii-care-scapa-de-interimat\/"},"author":{"name":"Andreea Tudor","@id":"https:\/\/buletin.de\/bucuresti\/#\/schema\/person\/150590659efde715459d159da012f501"},"headline":"\u00cencep concursurile pentru conducerea teatrelor bucure\u015ftene. Care sunt primele patru institu\u021bii care scap\u0103 de interimat","datePublished":"2026-09-01T14:06:00+00:00","dateModified":"2026-09-01T14:18:22+00:00","mainEntityOfPage":{"@id":"https:\/\/buletin.de\/bucuresti\/incep-concursurile-pentru-conducerea-teatrelor-bucurestene-care-sunt-primele-patru-institutii-care-scapa-de-interimat\/"},"wordCount":681,"publisher":{"@id":"https:\/\/buletin.de\/bucuresti\/#organization"},"image":{"@id":"https:\/\/buletin.de\/bucuresti\/incep-concursurile-pentru-conducerea-teatrelor-bucurestene-care-sunt-primele-patru-institutii-care-scapa-de-interimat\/#primaryimage"},"thumbnailUrl":"https:\/\/buletin.de\/bucuresti\/wp-content\/uploads\/2026\/09\/765898253_919904720505423_4383922750056913755_n.jpeg","keywords":["concursuri teatre PMB","cultura","directori interimari","opera comica pentru copii","pmb","politizarea culturii","subventii teatre PMB","teatrul excelsior","Teatrul Ion Creanga","teatrul tandarica"],"articleSection":["Articole","Cultur\u0103","Main","Prim\u0103rie"],"inLanguage":"en-GB","copyrightYear":"2026","copyrightHolder":{"@id":"https:\/\/buletin.de\/bucuresti\/#organization"}},{"@type":"WebPage","@id":"https:\/\/buletin.de\/bucuresti\/incep-concursurile-pentru-conducerea-teatrelor-bucurestene-care-sunt-primele-patru-institutii-care-scapa-de-interimat\/","url":"https:\/\/buletin.de\/bucuresti\/incep-concursurile-pentru-conducerea-teatrelor-bucurestene-care-sunt-primele-patru-institutii-care-scapa-de-interimat\/","name":"\u00cencep concursurile pentru conducerea teatrelor bucure\u015ftene. Care sunt primele patru institu\u021bii care scap\u0103 de interimat - Buletin de Bucure\u0219ti","isPartOf":{"@id":"https:\/\/buletin.de\/bucuresti\/#website"},"primaryImageOfPage":{"@id":"https:\/\/buletin.de\/bucuresti\/incep-concursurile-pentru-conducerea-teatrelor-bucurestene-care-sunt-primele-patru-institutii-care-scapa-de-interimat\/#primaryimage"},"image":{"@id":"https:\/\/buletin.de\/bucuresti\/incep-concursurile-pentru-conducerea-teatrelor-bucurestene-care-sunt-primele-patru-institutii-care-scapa-de-interimat\/#primaryimage"},"thumbnailUrl":"https:\/\/buletin.de\/bucuresti\/wp-content\/uploads\/2026\/09\/765898253_919904720505423_4383922750056913755_n.jpeg","datePublished":"2026-09-01T14:06:00+00:00","dateModified":"2026-09-01T14:18:22+00:00","description":"\u00cencep concursurile pentru conducerea teatrelor bucure\u015ftene. Care sunt primele patru institu\u021bii care scap\u0103 de interimat.","breadcrumb":{"@id":"https:\/\/buletin.de\/bucuresti\/incep-concursurile-pentru-conducerea-teatrelor-bucurestene-care-sunt-primele-patru-institutii-care-scapa-de-interimat\/#breadcrumb"},"inLanguage":"en-GB","potentialAction":[{"@type":"ReadAction","target":["https:\/\/buletin.de\/bucuresti\/incep-concursurile-pentru-conducerea-teatrelor-bucurestene-care-sunt-primele-patru-institutii-care-scapa-de-interimat\/"]}]},{"@type":"ImageObject","inLanguage":"en-GB","@id":"https:\/\/buletin.de\/bucuresti\/incep-concursurile-pentru-conducerea-teatrelor-bucurestene-care-sunt-primele-patru-institutii-care-scapa-de-interimat\/#primaryimage","url":"https:\/\/buletin.de\/bucuresti\/wp-content\/uploads\/2026\/09\/765898253_919904720505423_4383922750056913755_n.jpeg","contentUrl":"https:\/\/buletin.de\/bucuresti\/wp-content\/uploads\/2026\/09\/765898253_919904720505423_4383922750056913755_n.jpeg","width":1536,"height":1024,"caption":"Foto: FB\/ PMB"},{"@type":"BreadcrumbList","@id":"https:\/\/buletin.de\/bucuresti\/incep-concursurile-pentru-conducerea-teatrelor-bucurestene-care-sunt-primele-patru-institutii-care-scapa-de-interimat\/#breadcrumb","itemListElement":[{"@type":"ListItem","position":1,"name":"Acas\u0103","item":"https:\/\/buletin.de\/bucuresti\/"},{"@type":"ListItem","position":2,"name":"\u00cencep concursurile pentru conducerea teatrelor bucure\u015ftene. Care sunt primele patru institu\u021bii care scap\u0103 de interimat"}]},{"@type":"WebSite","@id":"https:\/\/buletin.de\/bucuresti\/#website","url":"https:\/\/buletin.de\/bucuresti\/","name":"Buletin de Bucure\u0219ti","description":"\u0218tiri \u0219i investiga\u021bii esen\u021biale din capital\u0103","publisher":{"@id":"https:\/\/buletin.de\/bucuresti\/#organization"},"potentialAction":[{"@type":"SearchAction","target":{"@type":"EntryPoint","urlTemplate":"https:\/\/buletin.de\/bucuresti\/?s={search_term_string}"},"query-input":{"@type":"PropertyValueSpecification","valueRequired":true,"valueName":"search_term_string"}}],"inLanguage":"en-GB"},{"@type":"Organization","@id":"https:\/\/buletin.de\/bucuresti\/#organization","name":"Buletin de Bucure\u0219ti","url":"https:\/\/buletin.de\/bucuresti\/","logo":{"@type":"ImageObject","inLanguage":"en-GB","@id":"https:\/\/buletin.de\/bucuresti\/#\/schema\/logo\/image\/","url":"https:\/\/buletin.de\/bucuresti\/wp-content\/uploads\/logo-bdb-full-wide-vernil-transparent.png","contentUrl":"https:\/\/buletin.de\/bucuresti\/wp-content\/uploads\/logo-bdb-full-wide-vernil-transparent.png","width":1782,"height":626,"caption":"Buletin de Bucure\u0219ti"},"image":{"@id":"https:\/\/buletin.de\/bucuresti\/#\/schema\/logo\/image\/"},"sameAs":["https:\/\/www.facebook.com\/buletin.de.buc","https:\/\/www.instagram.com\/buletinde.bucuresti\/"]},{"@type":"Person","@id":"https:\/\/buletin.de\/bucuresti\/#\/schema\/person\/150590659efde715459d159da012f501","name":"Andreea Tudor","image":{"@type":"ImageObject","inLanguage":"en-GB","@id":"https:\/\/buletin.de\/bucuresti\/wp-content\/uploads\/2026\/06\/BDB_Andreea_T-5-96x96.jpg2291f994b0ece9443cb8e95c805b8b20","url":"https:\/\/buletin.de\/bucuresti\/wp-content\/uploads\/2026\/06\/BDB_Andreea_T-5-96x96.jpg","contentUrl":"https:\/\/buletin.de\/bucuresti\/wp-content\/uploads\/2026\/06\/BDB_Andreea_T-5-96x96.jpg","caption":"Andreea Tudor"},"description":"Reporter la Buletin de Bucure\u0219ti de doi ani \u0219i jum\u0103tate. Sus\u021bin\u0103toare a presei independente, pasionat\u0103 de subiectele de mediu.","url":"https:\/\/buletin.de\/bucuresti\/author\/andreeatudor\/"}]}},"authors":[{"term_id":22573,"user_id":55,"is_guest":0,"slug":"andreeatudor","display_name":"Andreea Tudor","avatar_url":"https:\/\/buletin.de\/bucuresti\/wp-content\/uploads\/2026\/06\/BDB_Andreea_T-5-96x96.jpg","author_category":"","first_name":"Andreea","last_name":"Tudor","user_url":"","job_title":"","description":"Reporter la Buletin de Bucure\u0219ti de doi ani \u0219i jum\u0103tate. Sus\u021bin\u0103toare a presei independente, pasionat\u0103 de subiectele de mediu."}],"_links":{"self":[{"href":"https:\/\/buletin.de\/bucuresti\/wp-json\/wp\/v2\/posts\/215276","targetHints":{"allow":["GET"]}}],"collection":[{"href":"https:\/\/buletin.de\/bucuresti\/wp-json\/wp\/v2\/posts"}],"about":[{"href":"https:\/\/buletin.de\/bucuresti\/wp-json\/wp\/v2\/types\/post"}],"author":[{"embeddable":true,"href":"https:\/\/buletin.de\/bucuresti\/wp-json\/wp\/v2\/users\/55"}],"replies":[{"embeddable":true,"href":"https:\/\/buletin.de\/bucuresti\/wp-json\/wp\/v2\/comments?post=215276"}],"version-history":[{"count":3,"href":"https:\/\/buletin.de\/bucuresti\/wp-json\/wp\/v2\/posts\/215276\/revisions"}],"predecessor-version":[{"id":215294,"href":"https:\/\/buletin.de\/bucuresti\/wp-json\/wp\/v2\/posts\/215276\/revisions\/215294"}],"wp:featuredmedia":[{"embeddable":true,"href":"https:\/\/buletin.de\/bucuresti\/wp-json\/wp\/v2\/media\/215291"}],"wp:attachment":[{"href":"https:\/\/buletin.de\/bucuresti\/wp-json\/wp\/v2\/media?parent=215276"}],"wp:term":[{"taxonomy":"category","embeddable":true,"href":"https:\/\/buletin.de\/bucuresti\/wp-json\/wp\/v2\/categories?post=215276"},{"taxonomy":"post_tag","embeddable":true,"href":"https:\/\/buletin.de\/bucuresti\/wp-json\/wp\/v2\/tags?post=215276"},{"taxonomy":"author","embeddable":true,"href":"https:\/\/buletin.de\/bucuresti\/wp-json\/wp\/v2\/ppma_author?post=215276"}],"curies":[{"name":"wp","href":"https:\/\/api.w.org\/{rel}","templated":true}]}}