{"id":215241,"date":"2026-09-01T13:52:28","date_gmt":"2026-09-01T10:52:28","guid":{"rendered":"https:\/\/buletin.de\/bucuresti\/?p=215241"},"modified":"2026-09-01T13:52:29","modified_gmt":"2026-09-01T10:52:29","slug":"primaria-capitalei-lanseaza-licitatia-pentru-100-de-troleibuze-articulate-contractul-estimat-la-aproape-95-de-milioane-de-euro","status":"publish","type":"post","link":"https:\/\/buletin.de\/bucuresti\/primaria-capitalei-lanseaza-licitatia-pentru-100-de-troleibuze-articulate-contractul-estimat-la-aproape-95-de-milioane-de-euro\/","title":{"rendered":"Prim\u0103ria Capitalei lanseaz\u0103 licita\u021bia pentru 100 de troleibuze articulate. Contractul, estimat la aproape 95 de milioane de euro"},"content":{"rendered":"\n<p class=\"wp-block-paragraph\"><strong>Prim\u0103ria Capitalei a lansat licita\u021bia pentru achizi\u021bionarea a 100 de troleibuze articulate, cu o valoare estimat\u0103 a contractului de aproximativ 493 de milioane de lei, f\u0103r\u0103 TVA, adic\u0103 aproape 95 de milioane de euro. Anun\u021bul a fost publicat \u00een <a href=\"https:\/\/e-licitatie.ro\/pub\/notices\/c-notice\/v2\/view\/100211557\" data-type=\"link\" data-id=\"https:\/\/e-licitatie.ro\/pub\/notices\/c-notice\/v2\/view\/100211557\" target=\"_blank\" rel=\"noreferrer noopener\">Sistemul Electronic de Achizi\u021bii Publice (SEAP)<\/a>.<\/strong><\/p>\n\n\n\n<p class=\"wp-block-paragraph\">Ofertele pot fi depuse p\u00e2n\u0103 pe 5 octombrie 2026, ora 15:00. Noile troleibuze ar urma s\u0103 aib\u0103 o lungime de 18 metri, s\u0103 fie articulate \u0219i s\u0103 dispun\u0103 de podea integral cobor\u00e2t\u0103, pentru a fi accesibile persoanelor cu mobilitate redus\u0103. <\/p>\n\n\n\n<p class=\"wp-block-paragraph\"><strong>Vehiculele trebuie s\u0103 aib\u0103 o capacitate de cel pu\u021bin 130 de pasageri \u0219i s\u0103 fie omologate pentru transport public de c\u0103l\u0103tori. <\/strong><\/p>\n\n\n\n<p class=\"wp-block-paragraph\">CITE\u0218TE \u0218I <a href=\"https:\/\/buletin.de\/bucuresti\/stb-vrea-sa-repare-instalatiile-de-aer-conditionat-de-pe-95-de-troleibuze-investitia-se-ridica-la-peste-110-000-de-euro\/\" target=\"_blank\" rel=\"noreferrer noopener\">STB vrea s\u0103 repare instala\u021biile de aer condi\u021bionat de pe 95 de troleibuze. Investi\u021bia se ridic\u0103 la peste 110.000 de euro<\/a><\/p>\n\n\n\n<h2 id=\"h-a-fost-lansata-licita\u021bia-pentru-achizi\u021bia-a-100-de-troleibuze-articulate\" class=\"wp-block-heading\">A fost lansat\u0103 licita\u021bia pentru achizi\u021bia a 100 de troleibuze articulate <\/h2>\n\n\n\n<p class=\"wp-block-paragraph\">Una dintre principalele cerin\u021be din documenta\u021bia de achizi\u021bie este ca <a href=\"https:\/\/buletin.de\/bucuresti\/primaria-capitalei-pregateste-achizitia-a-100-de-troleibuze-articulate-si-a-lansat-o-consultare-a-pietei\/\" data-type=\"link\" data-id=\"https:\/\/buletin.de\/bucuresti\/primaria-capitalei-pregateste-achizitia-a-100-de-troleibuze-articulate-si-a-lansat-o-consultare-a-pietei\/\" target=\"_blank\" rel=\"noreferrer noopener\">troleibuzele <\/a>s\u0103 poat\u0103 circula cel pu\u021bin 20 de kilometri f\u0103r\u0103 alimentare de la re\u021beaua de contact, folosind bateriile de trac\u021biune. Performan\u021ba trebuie demonstrat\u0103 \u00een condi\u021bii reale de exploatare, cu sisteme auxiliare pornite, inclusiv climatizarea. <\/p>\n\n\n\n<p class=\"wp-block-paragraph\">Vehiculele trebuie s\u0103 fie echipate cu sisteme de climatizare, camere de supraveghere video \u0219i sisteme audio-video pentru informarea c\u0103l\u0103torilor. <\/p>\n\n\n\n<p class=\"wp-block-paragraph\">Lista dot\u0103rilor include \u0219i validatoare pentru plata contactless, prize USB, sisteme de num\u0103rare automat\u0103 a pasagerilor \u0219i sisteme moderne de siguran\u021b\u0103 \u0219i asisten\u021b\u0103 la conducere. De asemenea, pentru \u0219oferi sunt prev\u0103zute  sisteme ADAS, monitorizarea aten\u021biei conduc\u0103torului auto \u0219i un dispozitiv antidemaraj cu etilotest.<\/p>\n\n\n\n<figure class=\"wp-block-image size-large\"><img fetchpriority=\"high\" decoding=\"async\" width=\"1000\" height=\"157\" src=\"data:image\/gif;base64,R0lGODlhAQABAAAAACH5BAEKAAEALAAAAAABAAEAAAICTAEAOw==\" data-src=\"https:\/\/buletin.de\/bucuresti\/wp-content\/uploads\/2026\/09\/image-1000x157.png\" alt=\"\" class=\"wp-image-215258 lazyload\" data-sizes=\"auto\" data-srcset=\"https:\/\/buletin.de\/bucuresti\/wp-content\/uploads\/2026\/09\/image-1000x157.png 1000w, https:\/\/buletin.de\/bucuresti\/wp-content\/uploads\/2026\/09\/image-300x47.png 300w, https:\/\/buletin.de\/bucuresti\/wp-content\/uploads\/2026\/09\/image-768x121.png 768w, https:\/\/buletin.de\/bucuresti\/wp-content\/uploads\/2026\/09\/image-1536x242.png 1536w, https:\/\/buletin.de\/bucuresti\/wp-content\/uploads\/2026\/09\/image-1600x252.png 1600w, https:\/\/buletin.de\/bucuresti\/wp-content\/uploads\/2026\/09\/image-1100x173.png 1100w, https:\/\/buletin.de\/bucuresti\/wp-content\/uploads\/2026\/09\/image-600x94.png 600w, https:\/\/buletin.de\/bucuresti\/wp-content\/uploads\/2026\/09\/image-20x3.png 20w, https:\/\/buletin.de\/bucuresti\/wp-content\/uploads\/2026\/09\/image.png 1836w\" sizes=\"(max-width: 1000px) 100vw, 1000px\" \/><\/figure>\n\n\n\n<p class=\"wp-block-paragraph\">Troleibuzele trebuie s\u0103 aib\u0103 o durat\u0103 de serviciu de minim 15 ani, respectiv o durat\u0103 de utilizare f\u0103r\u0103 repara\u0163ie general\u0103 de minim 8 ani, potrivit caietului de sarcini. <\/p>\n\n\n\n<p class=\"wp-block-paragraph\">Garan\u021bia complet\u0103 de func\u021bionare f\u0103r\u0103 defec\u021biuni a troleibuzului va fi de minim 5 ani pentru troleibuz \u00een ansamblu \u0219i toate componentele acestuia. Bateriile din componenta SRSEE au o garan\u021bie de minim 8 ani. <\/p>\n\n\n\n<p class=\"wp-block-paragraph\">\u00cen perioada de garan\u021bie, furnizorul va asigura toate materialele, piesele, subansamblele, ansamblele, sistemele, agregatele \u0219i consumabilele troleibuzului necesar a fi \u00eenlocuite prin repara\u021bii de uzura normal\u0103, defecte tehnice, cu repere definite (kituri de repara\u021bie, subansambluri, materiale, piese, etc) conform manualului de repara\u021bii \u0219i \u00eentre\u021binere a troleibuzului si catalogului de piese de schimb.<\/p>\n\n\n\n<p class=\"wp-block-paragraph\">Troleibuzele vor fi achizi\u021bionate par\u021bial cu bani europeni prin Programul Regional Bucure\u0219ti-Ilfov 2021-2027. Valoarea total\u0103 a proiectului este de 596.462.622 milioane lei (114,70 milioane de euro), din care 119.262.562 milioane de lei, finan\u021bare nerambursabil\u0103.<\/p>\n\n\n\n<p class=\"wp-block-paragraph\"><strong>CITE\u0218TE \u0218I <a href=\"https:\/\/buletin.de\/bucuresti\/pasajul-basarab-se-redeschide-complet-de-saptamana-viitoare-tramvaiele-revin-pe-traseu\/\" target=\"_blank\" rel=\"noreferrer noopener\">Pasajul Basarab se redeschide complet de s\u0103pt\u0103m\u00e2na viitoare. Tramvaiele revin pe traseu<\/a><\/strong><a href=\"https:\/\/www.facebook.com\/ciprian.ciucu?comment_id=Y29tbWVudDoxMDE2NTk3MDIxNDE3OTIwM18xMjEzMjE5MzYxMDA2MTU5&amp;__cft__[0]=AZgITJBQm-WZFhcXrwXbs0ssjHQzSCeWbHfqGklgM6gggoVPLCp7rDOb71jEuFtF7hFLwZKYBzUEajftA80eYi4JOmwhsdd0Va84q9fh-j7qIcegM7wOihmGi6rHOcFuNd9CEuVaCehBMpSPXcwK-vi5fIBi&amp;__tn__=R]-R\"><\/a><\/p>\n\n\n\n<p class=\"wp-block-paragraph\"> <\/p>\n","protected":false},"excerpt":{"rendered":"<p>Prim\u0103ria Capitalei a lansat licita\u021bia pentru achizi\u021bionarea a 100 de troleibuze articulate, cu o valoare estimat\u0103 a contractului de aproximativ 493 de milioane de lei, f\u0103r\u0103 TVA, adic\u0103 aproape 95 de milioane de euro. Anun\u021bul a fost publicat \u00een Sistemul Electronic de Achizi\u021bii Publice (SEAP). Ofertele pot fi depuse p\u00e2n\u0103 pe 5 octombrie 2026, ora [&hellip;]<\/p>\n","protected":false},"author":65,"featured_media":215256,"comment_status":"closed","ping_status":"open","sticky":false,"template":"","format":"standard","meta":{"_acf_changed":false,"inline_featured_image":false,"ngg_post_thumbnail":0,"footnotes":""},"categories":[6994,62,650],"tags":[1935,990,104,233,746,28334],"ppma_author":[23912],"class_list":["post-215241","post","type-post","status-publish","format-standard","has-post-thumbnail","hentry","category-stiri-2","category-stiri","category-transport","tag-contract","tag-licitatie","tag-pmb","tag-seap","tag-troleibuze","tag-troleibuze-articulate"],"acf":[],"a3_pvc":{"activated":false,"total_views":0,"today_views":0},"yoast_head":"<!-- This site is optimized with the Yoast SEO Premium plugin v28.0 (Yoast SEO v28.3) - https:\/\/yoast.com\/product\/yoast-seo-premium-wordpress\/ -->\n<title>Prim\u0103ria Capitalei lanseaz\u0103 licita\u021bia pentru 100 de troleibuze articulate. Contractul, estimat la aproape 95 de milioane de euro - Buletin de Bucure\u0219ti<\/title>\n<meta name=\"description\" content=\"PMB a lansat licita\u021bia pentru achizi\u021bionarea a 100 de troleibuze articulate, cu o valoare estimat\u0103 a contractului de 493 de milioane de lei\" \/>\n<meta name=\"robots\" content=\"index, follow, max-snippet:-1, max-image-preview:large, max-video-preview:-1\" \/>\n<link rel=\"canonical\" href=\"https:\/\/buletin.de\/bucuresti\/primaria-capitalei-lanseaza-licitatia-pentru-100-de-troleibuze-articulate-contractul-estimat-la-aproape-95-de-milioane-de-euro\/\" \/>\n<meta property=\"og:locale\" content=\"en_GB\" \/>\n<meta property=\"og:type\" content=\"article\" \/>\n<meta property=\"og:title\" content=\"Prim\u0103ria Capitalei lanseaz\u0103 licita\u021bia pentru 100 de troleibuze articulate. Contractul, estimat la aproape 95 de milioane de euro\" \/>\n<meta property=\"og:description\" content=\"PMB a lansat licita\u021bia pentru achizi\u021bionarea a 100 de troleibuze articulate, cu o valoare estimat\u0103 a contractului de 493 de milioane de lei\" \/>\n<meta property=\"og:url\" content=\"https:\/\/buletin.de\/bucuresti\/primaria-capitalei-lanseaza-licitatia-pentru-100-de-troleibuze-articulate-contractul-estimat-la-aproape-95-de-milioane-de-euro\/\" \/>\n<meta property=\"og:site_name\" content=\"Buletin de Bucure\u0219ti\" \/>\n<meta property=\"article:publisher\" content=\"https:\/\/www.facebook.com\/buletin.de.buc\" \/>\n<meta property=\"article:published_time\" content=\"2026-09-01T10:52:28+00:00\" \/>\n<meta property=\"article:modified_time\" content=\"2026-09-01T10:52:29+00:00\" \/>\n<meta property=\"og:image\" content=\"https:\/\/buletin.de\/bucuresti\/wp-content\/uploads\/2026\/09\/Licitatie-100-de-troleibuze-articulate.jpg\" \/>\n\t<meta property=\"og:image:width\" content=\"1200\" \/>\n\t<meta property=\"og:image:height\" content=\"650\" \/>\n\t<meta property=\"og:image:type\" content=\"image\/jpeg\" \/>\n<meta name=\"author\" content=\"Andreea St\u0103n\u0103r\u00eeng\u0103\" \/>\n<meta name=\"twitter:card\" content=\"summary_large_image\" \/>\n<meta name=\"twitter:label1\" content=\"Written by\" \/>\n\t<meta name=\"twitter:data1\" content=\"Andreea St\u0103n\u0103r\u00eeng\u0103\" \/>\n\t<meta name=\"twitter:label2\" content=\"Estimated reading time\" \/>\n\t<meta name=\"twitter:data2\" content=\"3 minutes\" \/>\n<script type=\"application\/ld+json\" class=\"yoast-schema-graph\">{\"@context\":\"https:\\\/\\\/schema.org\",\"@graph\":[{\"@type\":\"Article\",\"@id\":\"https:\\\/\\\/buletin.de\\\/bucuresti\\\/primaria-capitalei-lanseaza-licitatia-pentru-100-de-troleibuze-articulate-contractul-estimat-la-aproape-95-de-milioane-de-euro\\\/#article\",\"isPartOf\":{\"@id\":\"https:\\\/\\\/buletin.de\\\/bucuresti\\\/primaria-capitalei-lanseaza-licitatia-pentru-100-de-troleibuze-articulate-contractul-estimat-la-aproape-95-de-milioane-de-euro\\\/\"},\"author\":{\"name\":\"Andreea St\u0103n\u0103r\u00eeng\u0103\",\"@id\":\"https:\\\/\\\/buletin.de\\\/bucuresti\\\/#\\\/schema\\\/person\\\/81421a46fb84a0887cfd2238f5202586\"},\"headline\":\"Prim\u0103ria Capitalei lanseaz\u0103 licita\u021bia pentru 100 de troleibuze articulate. Contractul, estimat la aproape 95 de milioane de euro\",\"datePublished\":\"2026-09-01T10:52:28+00:00\",\"dateModified\":\"2026-09-01T10:52:29+00:00\",\"mainEntityOfPage\":{\"@id\":\"https:\\\/\\\/buletin.de\\\/bucuresti\\\/primaria-capitalei-lanseaza-licitatia-pentru-100-de-troleibuze-articulate-contractul-estimat-la-aproape-95-de-milioane-de-euro\\\/\"},\"wordCount\":459,\"publisher\":{\"@id\":\"https:\\\/\\\/buletin.de\\\/bucuresti\\\/#organization\"},\"image\":{\"@id\":\"https:\\\/\\\/buletin.de\\\/bucuresti\\\/primaria-capitalei-lanseaza-licitatia-pentru-100-de-troleibuze-articulate-contractul-estimat-la-aproape-95-de-milioane-de-euro\\\/#primaryimage\"},\"thumbnailUrl\":\"https:\\\/\\\/buletin.de\\\/bucuresti\\\/wp-content\\\/uploads\\\/2026\\\/09\\\/Licitatie-100-de-troleibuze-articulate.jpg\",\"keywords\":[\"contract\",\"licitatie\",\"pmb\",\"seap\",\"troleibuze\",\"troleibuze articulate\"],\"articleSection\":[\"Articole\",\"\u0218tiri\",\"Transport\"],\"inLanguage\":\"en-GB\",\"copyrightYear\":\"2026\",\"copyrightHolder\":{\"@id\":\"https:\\\/\\\/buletin.de\\\/bucuresti\\\/#organization\"}},{\"@type\":\"WebPage\",\"@id\":\"https:\\\/\\\/buletin.de\\\/bucuresti\\\/primaria-capitalei-lanseaza-licitatia-pentru-100-de-troleibuze-articulate-contractul-estimat-la-aproape-95-de-milioane-de-euro\\\/\",\"url\":\"https:\\\/\\\/buletin.de\\\/bucuresti\\\/primaria-capitalei-lanseaza-licitatia-pentru-100-de-troleibuze-articulate-contractul-estimat-la-aproape-95-de-milioane-de-euro\\\/\",\"name\":\"Prim\u0103ria Capitalei lanseaz\u0103 licita\u021bia pentru 100 de troleibuze articulate. Contractul, estimat la aproape 95 de milioane de euro - Buletin de Bucure\u0219ti\",\"isPartOf\":{\"@id\":\"https:\\\/\\\/buletin.de\\\/bucuresti\\\/#website\"},\"primaryImageOfPage\":{\"@id\":\"https:\\\/\\\/buletin.de\\\/bucuresti\\\/primaria-capitalei-lanseaza-licitatia-pentru-100-de-troleibuze-articulate-contractul-estimat-la-aproape-95-de-milioane-de-euro\\\/#primaryimage\"},\"image\":{\"@id\":\"https:\\\/\\\/buletin.de\\\/bucuresti\\\/primaria-capitalei-lanseaza-licitatia-pentru-100-de-troleibuze-articulate-contractul-estimat-la-aproape-95-de-milioane-de-euro\\\/#primaryimage\"},\"thumbnailUrl\":\"https:\\\/\\\/buletin.de\\\/bucuresti\\\/wp-content\\\/uploads\\\/2026\\\/09\\\/Licitatie-100-de-troleibuze-articulate.jpg\",\"datePublished\":\"2026-09-01T10:52:28+00:00\",\"dateModified\":\"2026-09-01T10:52:29+00:00\",\"description\":\"PMB a lansat licita\u021bia pentru achizi\u021bionarea a 100 de troleibuze articulate, cu o valoare estimat\u0103 a contractului de 493 de milioane de lei\",\"breadcrumb\":{\"@id\":\"https:\\\/\\\/buletin.de\\\/bucuresti\\\/primaria-capitalei-lanseaza-licitatia-pentru-100-de-troleibuze-articulate-contractul-estimat-la-aproape-95-de-milioane-de-euro\\\/#breadcrumb\"},\"inLanguage\":\"en-GB\",\"potentialAction\":[{\"@type\":\"ReadAction\",\"target\":[\"https:\\\/\\\/buletin.de\\\/bucuresti\\\/primaria-capitalei-lanseaza-licitatia-pentru-100-de-troleibuze-articulate-contractul-estimat-la-aproape-95-de-milioane-de-euro\\\/\"]}]},{\"@type\":\"ImageObject\",\"inLanguage\":\"en-GB\",\"@id\":\"https:\\\/\\\/buletin.de\\\/bucuresti\\\/primaria-capitalei-lanseaza-licitatia-pentru-100-de-troleibuze-articulate-contractul-estimat-la-aproape-95-de-milioane-de-euro\\\/#primaryimage\",\"url\":\"https:\\\/\\\/buletin.de\\\/bucuresti\\\/wp-content\\\/uploads\\\/2026\\\/09\\\/Licitatie-100-de-troleibuze-articulate.jpg\",\"contentUrl\":\"https:\\\/\\\/buletin.de\\\/bucuresti\\\/wp-content\\\/uploads\\\/2026\\\/09\\\/Licitatie-100-de-troleibuze-articulate.jpg\",\"width\":1200,\"height\":650,\"caption\":\"Foto: FB\\\/Ciprian Ciucu\"},{\"@type\":\"BreadcrumbList\",\"@id\":\"https:\\\/\\\/buletin.de\\\/bucuresti\\\/primaria-capitalei-lanseaza-licitatia-pentru-100-de-troleibuze-articulate-contractul-estimat-la-aproape-95-de-milioane-de-euro\\\/#breadcrumb\",\"itemListElement\":[{\"@type\":\"ListItem\",\"position\":1,\"name\":\"Acas\u0103\",\"item\":\"https:\\\/\\\/buletin.de\\\/bucuresti\\\/\"},{\"@type\":\"ListItem\",\"position\":2,\"name\":\"Prim\u0103ria Capitalei lanseaz\u0103 licita\u021bia pentru 100 de troleibuze articulate. Contractul, estimat la aproape 95 de milioane de euro\"}]},{\"@type\":\"WebSite\",\"@id\":\"https:\\\/\\\/buletin.de\\\/bucuresti\\\/#website\",\"url\":\"https:\\\/\\\/buletin.de\\\/bucuresti\\\/\",\"name\":\"Buletin de Bucure\u0219ti\",\"description\":\"\u0218tiri \u0219i investiga\u021bii esen\u021biale din capital\u0103\",\"publisher\":{\"@id\":\"https:\\\/\\\/buletin.de\\\/bucuresti\\\/#organization\"},\"potentialAction\":[{\"@type\":\"SearchAction\",\"target\":{\"@type\":\"EntryPoint\",\"urlTemplate\":\"https:\\\/\\\/buletin.de\\\/bucuresti\\\/?s={search_term_string}\"},\"query-input\":{\"@type\":\"PropertyValueSpecification\",\"valueRequired\":true,\"valueName\":\"search_term_string\"}}],\"inLanguage\":\"en-GB\"},{\"@type\":\"Organization\",\"@id\":\"https:\\\/\\\/buletin.de\\\/bucuresti\\\/#organization\",\"name\":\"Buletin de Bucure\u0219ti\",\"url\":\"https:\\\/\\\/buletin.de\\\/bucuresti\\\/\",\"logo\":{\"@type\":\"ImageObject\",\"inLanguage\":\"en-GB\",\"@id\":\"https:\\\/\\\/buletin.de\\\/bucuresti\\\/#\\\/schema\\\/logo\\\/image\\\/\",\"url\":\"https:\\\/\\\/buletin.de\\\/bucuresti\\\/wp-content\\\/uploads\\\/logo-bdb-full-wide-vernil-transparent.png\",\"contentUrl\":\"https:\\\/\\\/buletin.de\\\/bucuresti\\\/wp-content\\\/uploads\\\/logo-bdb-full-wide-vernil-transparent.png\",\"width\":1782,\"height\":626,\"caption\":\"Buletin de Bucure\u0219ti\"},\"image\":{\"@id\":\"https:\\\/\\\/buletin.de\\\/bucuresti\\\/#\\\/schema\\\/logo\\\/image\\\/\"},\"sameAs\":[\"https:\\\/\\\/www.facebook.com\\\/buletin.de.buc\",\"https:\\\/\\\/www.instagram.com\\\/buletinde.bucuresti\\\/\"]},{\"@type\":\"Person\",\"@id\":\"https:\\\/\\\/buletin.de\\\/bucuresti\\\/#\\\/schema\\\/person\\\/81421a46fb84a0887cfd2238f5202586\",\"name\":\"Andreea St\u0103n\u0103r\u00eeng\u0103\",\"image\":{\"@type\":\"ImageObject\",\"inLanguage\":\"en-GB\",\"@id\":\"https:\\\/\\\/buletin.de\\\/bucuresti\\\/wp-content\\\/uploads\\\/2026\\\/06\\\/BDB_Andreea_S-1-96x96.jpgb79b6b91f9c59ea2bdedd1d8c093f6b4\",\"url\":\"https:\\\/\\\/buletin.de\\\/bucuresti\\\/wp-content\\\/uploads\\\/2026\\\/06\\\/BDB_Andreea_S-1-96x96.jpg\",\"contentUrl\":\"https:\\\/\\\/buletin.de\\\/bucuresti\\\/wp-content\\\/uploads\\\/2026\\\/06\\\/BDB_Andreea_S-1-96x96.jpg\",\"caption\":\"Andreea St\u0103n\u0103r\u00eeng\u0103\"},\"description\":\"Face parte din echipa Buletin de Bucure\u0219ti din 2025. A colaborat cu c\u00e2teva publica\u021bii, printre care \u0219i Fanatik.ro, unde s-a ocupat de \u0219tiri de lifestyle \u0219i de actualitate. A f\u0103cut un pas c\u0103tre presa local\u0103 pentru a explora Bucure\u0219tiul \u0219i pove\u0219tile care merit\u0103 spuse.\",\"url\":\"https:\\\/\\\/buletin.de\\\/bucuresti\\\/author\\\/andreea-stanaranga\\\/\"}]}<\/script>\n<!-- \/ Yoast SEO Premium plugin. -->","yoast_head_json":{"title":"Prim\u0103ria Capitalei lanseaz\u0103 licita\u021bia pentru 100 de troleibuze articulate. Contractul, estimat la aproape 95 de milioane de euro - Buletin de Bucure\u0219ti","description":"PMB a lansat licita\u021bia pentru achizi\u021bionarea a 100 de troleibuze articulate, cu o valoare estimat\u0103 a contractului de 493 de milioane de lei","robots":{"index":"index","follow":"follow","max-snippet":"max-snippet:-1","max-image-preview":"max-image-preview:large","max-video-preview":"max-video-preview:-1"},"canonical":"https:\/\/buletin.de\/bucuresti\/primaria-capitalei-lanseaza-licitatia-pentru-100-de-troleibuze-articulate-contractul-estimat-la-aproape-95-de-milioane-de-euro\/","og_locale":"en_GB","og_type":"article","og_title":"Prim\u0103ria Capitalei lanseaz\u0103 licita\u021bia pentru 100 de troleibuze articulate. Contractul, estimat la aproape 95 de milioane de euro","og_description":"PMB a lansat licita\u021bia pentru achizi\u021bionarea a 100 de troleibuze articulate, cu o valoare estimat\u0103 a contractului de 493 de milioane de lei","og_url":"https:\/\/buletin.de\/bucuresti\/primaria-capitalei-lanseaza-licitatia-pentru-100-de-troleibuze-articulate-contractul-estimat-la-aproape-95-de-milioane-de-euro\/","og_site_name":"Buletin de Bucure\u0219ti","article_publisher":"https:\/\/www.facebook.com\/buletin.de.buc","article_published_time":"2026-09-01T10:52:28+00:00","article_modified_time":"2026-09-01T10:52:29+00:00","og_image":[{"width":1200,"height":650,"url":"https:\/\/buletin.de\/bucuresti\/wp-content\/uploads\/2026\/09\/Licitatie-100-de-troleibuze-articulate.jpg","type":"image\/jpeg"}],"author":"Andreea St\u0103n\u0103r\u00eeng\u0103","twitter_card":"summary_large_image","twitter_misc":{"Written by":"Andreea St\u0103n\u0103r\u00eeng\u0103","Estimated reading time":"3 minutes"},"schema":{"@context":"https:\/\/schema.org","@graph":[{"@type":"Article","@id":"https:\/\/buletin.de\/bucuresti\/primaria-capitalei-lanseaza-licitatia-pentru-100-de-troleibuze-articulate-contractul-estimat-la-aproape-95-de-milioane-de-euro\/#article","isPartOf":{"@id":"https:\/\/buletin.de\/bucuresti\/primaria-capitalei-lanseaza-licitatia-pentru-100-de-troleibuze-articulate-contractul-estimat-la-aproape-95-de-milioane-de-euro\/"},"author":{"name":"Andreea St\u0103n\u0103r\u00eeng\u0103","@id":"https:\/\/buletin.de\/bucuresti\/#\/schema\/person\/81421a46fb84a0887cfd2238f5202586"},"headline":"Prim\u0103ria Capitalei lanseaz\u0103 licita\u021bia pentru 100 de troleibuze articulate. Contractul, estimat la aproape 95 de milioane de euro","datePublished":"2026-09-01T10:52:28+00:00","dateModified":"2026-09-01T10:52:29+00:00","mainEntityOfPage":{"@id":"https:\/\/buletin.de\/bucuresti\/primaria-capitalei-lanseaza-licitatia-pentru-100-de-troleibuze-articulate-contractul-estimat-la-aproape-95-de-milioane-de-euro\/"},"wordCount":459,"publisher":{"@id":"https:\/\/buletin.de\/bucuresti\/#organization"},"image":{"@id":"https:\/\/buletin.de\/bucuresti\/primaria-capitalei-lanseaza-licitatia-pentru-100-de-troleibuze-articulate-contractul-estimat-la-aproape-95-de-milioane-de-euro\/#primaryimage"},"thumbnailUrl":"https:\/\/buletin.de\/bucuresti\/wp-content\/uploads\/2026\/09\/Licitatie-100-de-troleibuze-articulate.jpg","keywords":["contract","licitatie","pmb","seap","troleibuze","troleibuze articulate"],"articleSection":["Articole","\u0218tiri","Transport"],"inLanguage":"en-GB","copyrightYear":"2026","copyrightHolder":{"@id":"https:\/\/buletin.de\/bucuresti\/#organization"}},{"@type":"WebPage","@id":"https:\/\/buletin.de\/bucuresti\/primaria-capitalei-lanseaza-licitatia-pentru-100-de-troleibuze-articulate-contractul-estimat-la-aproape-95-de-milioane-de-euro\/","url":"https:\/\/buletin.de\/bucuresti\/primaria-capitalei-lanseaza-licitatia-pentru-100-de-troleibuze-articulate-contractul-estimat-la-aproape-95-de-milioane-de-euro\/","name":"Prim\u0103ria Capitalei lanseaz\u0103 licita\u021bia pentru 100 de troleibuze articulate. Contractul, estimat la aproape 95 de milioane de euro - Buletin de Bucure\u0219ti","isPartOf":{"@id":"https:\/\/buletin.de\/bucuresti\/#website"},"primaryImageOfPage":{"@id":"https:\/\/buletin.de\/bucuresti\/primaria-capitalei-lanseaza-licitatia-pentru-100-de-troleibuze-articulate-contractul-estimat-la-aproape-95-de-milioane-de-euro\/#primaryimage"},"image":{"@id":"https:\/\/buletin.de\/bucuresti\/primaria-capitalei-lanseaza-licitatia-pentru-100-de-troleibuze-articulate-contractul-estimat-la-aproape-95-de-milioane-de-euro\/#primaryimage"},"thumbnailUrl":"https:\/\/buletin.de\/bucuresti\/wp-content\/uploads\/2026\/09\/Licitatie-100-de-troleibuze-articulate.jpg","datePublished":"2026-09-01T10:52:28+00:00","dateModified":"2026-09-01T10:52:29+00:00","description":"PMB a lansat licita\u021bia pentru achizi\u021bionarea a 100 de troleibuze articulate, cu o valoare estimat\u0103 a contractului de 493 de milioane de lei","breadcrumb":{"@id":"https:\/\/buletin.de\/bucuresti\/primaria-capitalei-lanseaza-licitatia-pentru-100-de-troleibuze-articulate-contractul-estimat-la-aproape-95-de-milioane-de-euro\/#breadcrumb"},"inLanguage":"en-GB","potentialAction":[{"@type":"ReadAction","target":["https:\/\/buletin.de\/bucuresti\/primaria-capitalei-lanseaza-licitatia-pentru-100-de-troleibuze-articulate-contractul-estimat-la-aproape-95-de-milioane-de-euro\/"]}]},{"@type":"ImageObject","inLanguage":"en-GB","@id":"https:\/\/buletin.de\/bucuresti\/primaria-capitalei-lanseaza-licitatia-pentru-100-de-troleibuze-articulate-contractul-estimat-la-aproape-95-de-milioane-de-euro\/#primaryimage","url":"https:\/\/buletin.de\/bucuresti\/wp-content\/uploads\/2026\/09\/Licitatie-100-de-troleibuze-articulate.jpg","contentUrl":"https:\/\/buletin.de\/bucuresti\/wp-content\/uploads\/2026\/09\/Licitatie-100-de-troleibuze-articulate.jpg","width":1200,"height":650,"caption":"Foto: FB\/Ciprian Ciucu"},{"@type":"BreadcrumbList","@id":"https:\/\/buletin.de\/bucuresti\/primaria-capitalei-lanseaza-licitatia-pentru-100-de-troleibuze-articulate-contractul-estimat-la-aproape-95-de-milioane-de-euro\/#breadcrumb","itemListElement":[{"@type":"ListItem","position":1,"name":"Acas\u0103","item":"https:\/\/buletin.de\/bucuresti\/"},{"@type":"ListItem","position":2,"name":"Prim\u0103ria Capitalei lanseaz\u0103 licita\u021bia pentru 100 de troleibuze articulate. Contractul, estimat la aproape 95 de milioane de euro"}]},{"@type":"WebSite","@id":"https:\/\/buletin.de\/bucuresti\/#website","url":"https:\/\/buletin.de\/bucuresti\/","name":"Buletin de Bucure\u0219ti","description":"\u0218tiri \u0219i investiga\u021bii esen\u021biale din capital\u0103","publisher":{"@id":"https:\/\/buletin.de\/bucuresti\/#organization"},"potentialAction":[{"@type":"SearchAction","target":{"@type":"EntryPoint","urlTemplate":"https:\/\/buletin.de\/bucuresti\/?s={search_term_string}"},"query-input":{"@type":"PropertyValueSpecification","valueRequired":true,"valueName":"search_term_string"}}],"inLanguage":"en-GB"},{"@type":"Organization","@id":"https:\/\/buletin.de\/bucuresti\/#organization","name":"Buletin de Bucure\u0219ti","url":"https:\/\/buletin.de\/bucuresti\/","logo":{"@type":"ImageObject","inLanguage":"en-GB","@id":"https:\/\/buletin.de\/bucuresti\/#\/schema\/logo\/image\/","url":"https:\/\/buletin.de\/bucuresti\/wp-content\/uploads\/logo-bdb-full-wide-vernil-transparent.png","contentUrl":"https:\/\/buletin.de\/bucuresti\/wp-content\/uploads\/logo-bdb-full-wide-vernil-transparent.png","width":1782,"height":626,"caption":"Buletin de Bucure\u0219ti"},"image":{"@id":"https:\/\/buletin.de\/bucuresti\/#\/schema\/logo\/image\/"},"sameAs":["https:\/\/www.facebook.com\/buletin.de.buc","https:\/\/www.instagram.com\/buletinde.bucuresti\/"]},{"@type":"Person","@id":"https:\/\/buletin.de\/bucuresti\/#\/schema\/person\/81421a46fb84a0887cfd2238f5202586","name":"Andreea St\u0103n\u0103r\u00eeng\u0103","image":{"@type":"ImageObject","inLanguage":"en-GB","@id":"https:\/\/buletin.de\/bucuresti\/wp-content\/uploads\/2026\/06\/BDB_Andreea_S-1-96x96.jpgb79b6b91f9c59ea2bdedd1d8c093f6b4","url":"https:\/\/buletin.de\/bucuresti\/wp-content\/uploads\/2026\/06\/BDB_Andreea_S-1-96x96.jpg","contentUrl":"https:\/\/buletin.de\/bucuresti\/wp-content\/uploads\/2026\/06\/BDB_Andreea_S-1-96x96.jpg","caption":"Andreea St\u0103n\u0103r\u00eeng\u0103"},"description":"Face parte din echipa Buletin de Bucure\u0219ti din 2025. A colaborat cu c\u00e2teva publica\u021bii, printre care \u0219i Fanatik.ro, unde s-a ocupat de \u0219tiri de lifestyle \u0219i de actualitate. A f\u0103cut un pas c\u0103tre presa local\u0103 pentru a explora Bucure\u0219tiul \u0219i pove\u0219tile care merit\u0103 spuse.","url":"https:\/\/buletin.de\/bucuresti\/author\/andreea-stanaranga\/"}]}},"authors":[{"term_id":23912,"user_id":65,"is_guest":0,"slug":"andreea-stanaranga","display_name":"Andreea St\u0103n\u0103r\u00eeng\u0103","avatar_url":"https:\/\/buletin.de\/bucuresti\/wp-content\/uploads\/2026\/06\/BDB_Andreea_S-1-96x96.jpg","author_category":"1","first_name":"Andreea","last_name":"St\u0103n\u0103r\u00eeng\u0103","user_url":"","job_title":"","description":"Face parte din echipa Buletin de Bucure\u0219ti din 2025. A colaborat cu c\u00e2teva publica\u021bii, printre care \u0219i Fanatik.ro, unde s-a ocupat de \u0219tiri de lifestyle \u0219i de actualitate. A f\u0103cut un pas c\u0103tre presa local\u0103 pentru a explora Bucure\u0219tiul \u0219i pove\u0219tile care merit\u0103 spuse."}],"_links":{"self":[{"href":"https:\/\/buletin.de\/bucuresti\/wp-json\/wp\/v2\/posts\/215241","targetHints":{"allow":["GET"]}}],"collection":[{"href":"https:\/\/buletin.de\/bucuresti\/wp-json\/wp\/v2\/posts"}],"about":[{"href":"https:\/\/buletin.de\/bucuresti\/wp-json\/wp\/v2\/types\/post"}],"author":[{"embeddable":true,"href":"https:\/\/buletin.de\/bucuresti\/wp-json\/wp\/v2\/users\/65"}],"replies":[{"embeddable":true,"href":"https:\/\/buletin.de\/bucuresti\/wp-json\/wp\/v2\/comments?post=215241"}],"version-history":[{"count":8,"href":"https:\/\/buletin.de\/bucuresti\/wp-json\/wp\/v2\/posts\/215241\/revisions"}],"predecessor-version":[{"id":215266,"href":"https:\/\/buletin.de\/bucuresti\/wp-json\/wp\/v2\/posts\/215241\/revisions\/215266"}],"wp:featuredmedia":[{"embeddable":true,"href":"https:\/\/buletin.de\/bucuresti\/wp-json\/wp\/v2\/media\/215256"}],"wp:attachment":[{"href":"https:\/\/buletin.de\/bucuresti\/wp-json\/wp\/v2\/media?parent=215241"}],"wp:term":[{"taxonomy":"category","embeddable":true,"href":"https:\/\/buletin.de\/bucuresti\/wp-json\/wp\/v2\/categories?post=215241"},{"taxonomy":"post_tag","embeddable":true,"href":"https:\/\/buletin.de\/bucuresti\/wp-json\/wp\/v2\/tags?post=215241"},{"taxonomy":"author","embeddable":true,"href":"https:\/\/buletin.de\/bucuresti\/wp-json\/wp\/v2\/ppma_author?post=215241"}],"curies":[{"name":"wp","href":"https:\/\/api.w.org\/{rel}","templated":true}]}}