{"id":215233,"date":"2026-09-01T13:41:38","date_gmt":"2026-09-01T10:41:38","guid":{"rendered":"https:\/\/buletin.de\/bucuresti\/?p=215233"},"modified":"2026-09-01T14:15:25","modified_gmt":"2026-09-01T11:15:25","slug":"primaria-sectorului-1-a-angajat-o-casa-de-avocatura-celebra-pentru-a-lupta-cu-romprest-plateste-720-000-de-lei-pentru-25-de-dosare","status":"publish","type":"post","link":"https:\/\/buletin.de\/bucuresti\/primaria-sectorului-1-a-angajat-o-casa-de-avocatura-celebra-pentru-a-lupta-cu-romprest-plateste-720-000-de-lei-pentru-25-de-dosare\/","title":{"rendered":"Prim\u0103ria Sectorului 1 a angajat o cas\u0103 de avocatur\u0103 celebr\u0103 pentru a lupta cu Romprest. Pl\u0103te\u0219te 720.000 de lei pentru 25 de dosare"},"content":{"rendered":"\n<p class=\"wp-block-paragraph\"><strong>Prim\u0103ria Sectorului 1 a atribuit \u00een august un contract pentru servicii juridice societ\u0103\u021bii de avocatur\u0103 Nestor Nestor, Diculescu Kingston Petersen, care urmeaz\u0103 s\u0103 reprezinte administra\u021bia local\u0103 \u00een lupta \u00een instan\u021b\u0103 pe care o duce cu operatorul de salubritate Romprest. <\/strong><\/p>\n\n\n\n<p class=\"wp-block-paragraph\">Contractul, atribuit printr-o procedur\u0103 echivalent\u0103 achizi\u021biei directe, este \u00een valoare de 720.000 de lei. Pentru aceast\u0103 sum\u0103, casa de avocatur\u0103 ofer\u0103 \u201easisten\u021b\u0103 \u0219i reprezentare juridic\u0103 acordate autorit\u0103\u021bii publice, \u00een calitate de parte (reclamant\/p\u00e2r\u00e2t, dup\u0103 caz), \u00een cadrul procedurilor judiciare aflate \u00een curs \u00een fa\u021ba instan\u021belor de judecat\u0103, respectiv \u00een 25 de dosare, \u00een leg\u0103tur\u0103 cu raportul juridic derivat din Contractul nr. J077\/S\/30.06.2008 de delegare a gestiunii serviciului public de salubrizare\u201d, potrivit<a href=\"https:\/\/e-licitatie.ro\/pub\/notices\/ca-notices\/view-c\/100651426\" target=\"_blank\" rel=\"noreferrer noopener\"> anun\u021bului publicat pe SEAP<\/a>.<\/p>\n\n\n\n<p class=\"wp-block-paragraph\"><strong>CITE\u0218TE \u0218I: <a href=\"https:\/\/buletin.de\/bucuresti\/a-patra-incercare-a-primariei-sectorului-1-de-a-esalona-datoriile-catre-romprest-acum-este-dispusa-sa-plateasca-in-2-ani-anterior-propusese-3\/\" target=\"_blank\" rel=\"noreferrer noopener\">A patra \u00eencercare a Prim\u0103riei Sectorului 1 de a e\u0219alona datoriile c\u0103tre Romprest. Acum este dispus\u0103 s\u0103 pl\u0103teasc\u0103 \u00een 2 ani, anterior propusese 3<\/a><\/strong><\/p>\n\n\n\n<h2 id=\"h-lupta-cu-romprest-dureaza-de-\u0219ase-ani-datorii-acumulate-de-200-de-milioane-de-lei\" class=\"wp-block-heading\">Lupta cu Romprest dureaz\u0103 de \u0219ase ani. Datorii acumulate de 200 de milioane de lei<\/h2>\n\n\n\n<p class=\"wp-block-paragraph\"><strong>Conflictul dintre Prim\u0103ria Sectorului 1 \u0219i Romprest, operatorul de salubrizare al sectorului, a intrat \u00een al \u0219aptelea an, f\u0103r\u0103 a se fi \u00eencheiat. Prim\u0103ria a \u00eencercat, \u00een ultimul an, s\u0103 pun\u0103 cap\u0103t contractului semnat \u00een 2008, a decis s\u0103 \u00eenfiin\u021beze o firm\u0103 proprie de salubritate \u0219i a contractat temporar un alt operator privat, dar o hot\u0103r\u00e2re judec\u0103toreasc\u0103 a men\u021binut Romprest \u00een func\u021bie, cel pu\u021bin p\u00e2n\u0103 la solu\u021bionarea definitiv\u0103 a litigiului. <\/strong><\/p>\n\n\n\n<p class=\"wp-block-paragraph\">\u00centre timp, datoria istoric\u0103 pe care Prim\u0103ria o are fa\u021b\u0103 de companie a ajuns la peste 200 de milioane de lei.<\/p>\n\n\n\n<p class=\"wp-block-paragraph\"><strong>CITE\u0218TE \u0218I: <a href=\"https:\/\/buletin.de\/bucuresti\/a-patra-incercare-a-primariei-sectorului-1-de-a-esalona-datoriile-catre-romprest-acum-este-dispusa-sa-plateasca-in-2-ani-anterior-propusese-3\/\" target=\"_blank\" rel=\"noreferrer noopener\">A patra \u00eencercare a Prim\u0103riei Sectorului 1 de a e\u0219alona datoriile c\u0103tre Romprest. Acum este dispus\u0103 s\u0103 pl\u0103teasc\u0103 \u00een 2 ani, anterior propusese 3<\/a><\/strong><\/p>\n\n\n\n<p class=\"wp-block-paragraph\">Conflictul a pornit \u00een 2020, c\u00e2nd fosta prim\u0103ri\u021b\u0103 Clotilde Armand a suspendat pl\u0103\u021bile c\u0103tre Romprest, sus\u021bin\u00e2nd c\u0103 tarifele contractuale erau nejustificat de mari \u0219i c\u0103 acordul con\u021binea clauze prejudiciabile mo\u0219tenite de la administra\u021biile anterioare. <\/p>\n\n\n\n<p class=\"wp-block-paragraph\">Romprest a r\u0103spuns reduc\u00e2nd serviciile \u0219i d\u00e2nd \u00een judecat\u0103 Prim\u0103ria. ompania a depus, \u00een total, 140 de procese \u0219i le-a c\u00e2\u0219tigat pe toate, acumul\u00e2nd \u00een timp titluri executorii \u00een valoare de zeci de milioane de lei.<\/p>\n\n\n\n<p class=\"wp-block-paragraph\"><strong>Pe 13 noiembrie 2023, Romprest a pus poprire pe veniturile pie\u021belor din Sectorul 1, pentru a recupera datorii restante<\/strong>,<strong> sume descrise de Prim\u0103rie drept \u201emarginale\u201d, de maximum 12.000 de lei, majoritatea \u00een jur de 2.000 de lei per comerciant.<\/strong> Potrivit avocatului companiei, poprirea pe chiriile din pie\u021be \u0219i spa\u021biile comerciale a fost declan\u0219at\u0103 dup\u0103 ce primarul nu a depus fondurile cerute \u00eentr-un cont de executare, compania sus\u021bin\u00e2nd c\u0103 \u201ea c\u00e2\u0219tigat toate procesele\u201d.<\/p>\n\n\n\n<p class=\"wp-block-paragraph\">Pe 23 octombrie 2024, Prim\u0103ria Sectorului 1 a fost, la r\u00e2ndul ei, executat\u0103 silit, de aceast\u0103 dat\u0103 nu de Romprest, ci de casa de avocatur\u0103 pe care o angajase \u00een 2021 pentru a lupta cu operatorul de salubritate. Mu\u0219at &amp; Asocia\u021bii a invocat onorarii nepl\u0103tite de aproximativ 800.000 de euro. <\/p>\n\n\n\n<p class=\"wp-block-paragraph\">Executorii au sechestrat ma\u0219ini ale Prim\u0103riei, inclusiv autovehicule ale primarului \u0219i viceprimarului, dar \u0219i o ambulan\u021b\u0103 \u0219i ma\u0219ini ale pompierilor.<\/p>\n\n\n\n<p class=\"wp-block-paragraph\"><strong>CITE\u0218TE \u0218I: <a href=\"https:\/\/buletin.de\/bucuresti\/primaria-sectorului-1-executata-silit-pentru-ca-nu-a-platit-avocatii-in-cazul-romprest-sechestru-pe-masina-primarului\/\" target=\"_blank\" rel=\"noreferrer noopener\">Prim\u0103ria Sectorului 1 executat\u0103 silit, pentru c\u0103 nu a pl\u0103tit avoca\u021bii \u00een cazul Romprest. Sechestru pe ma\u0219ina primarului<\/a><\/strong><\/p>\n\n\n\n<p class=\"wp-block-paragraph\" id=\"h-conflictul-cu-romprest\">Conflictul cu Romprest a fost redeschis \u00een 2025, dup\u0103 ce George Tu\u021b\u0103 a devenit primar al Sectorului 1. \u00cen februarie acel an, edilul a criticat public Romprest pentru desz\u0103pezirea deficitar\u0103 a str\u0103zilor secundare, \u00een ciuda unei taxe de stand-by de 20.000 de euro pe zi pl\u0103tite companiei. <\/p>\n\n\n\n<p class=\"wp-block-paragraph\"><strong>CITE\u0218TE \u0218I:<\/strong>\u00a0<strong><a href=\"https:\/\/buletin.de\/bucuresti\/sector-1-primaria-plateste-zilnic-20-000-de-euro-taxa-de-asteptare-pentru-deszapezire-costurile-totale-ar-putea-ajunge-la-peste-2-milioane-de-euro\/\">Sector 1 | Prim\u0103ria pl\u0103te\u0219te zilnic 20.000 de euro, tax\u0103 de a\u0219teptare pentru desz\u0103pezire. Costurile totale ar putea ajunge la peste 2 milioane de euro<\/a><\/strong><\/p>\n\n\n\n<p class=\"wp-block-paragraph\"><strong>\u00cen februarie 2025, Consiliul Local al Sectorului 1 a votat, cu 19 voturi pentru \u0219i 5 \u00eempotriv\u0103, stingerea unor obliga\u021bii de plat\u0103 c\u0103tre Romprest, provenite din titluri executorii.<\/strong> \u00cen decembrie acela\u0219i an, Prim\u0103ria a propus un prim plan de e\u0219alonare pe trei ani pentru datoria istoric\u0103 atunci estimat\u0103 la aproximativ 116 milioane de lei, cu o plat\u0103 ini\u021bial\u0103 de 18 milioane de lei p\u00e2n\u0103 la finalul anului, urmat\u0103 de rate e\u0219alonate \u00een 2026-2027. Romprest a refuzat propunerea.<\/p>\n\n\n\n<p class=\"wp-block-paragraph\">\u00cen aprilie 2026, Prim\u0103ria a revenit cu o nou\u0103 propunere: o plat\u0103 ini\u021bial\u0103 de 36 de milioane de lei, urmat\u0103 de rate lunare e\u0219alonate pe trei ani, p\u00e2n\u0103 \u00een 2028, datoria istoric\u0103 ajung\u00e2nd \u00eentre timp la aproximativ 184 de milioane de lei. Pe 1 mai, compania a respins \u0219i aceast\u0103 variant\u0103, declar\u00e2nd c\u0103 \u201eSectorul 1 refuz\u0103 \u00een continuare s\u0103 \u00ee\u0219i execute obliga\u021biile legale de plat\u0103 a titlurilor executorii confirmate prin hot\u0103r\u00e2ri judec\u0103tore\u0219ti definitive\u201d, \u0219i a redus din nou frecven\u021ba cur\u0103\u021beniei stradale \u0219i a colect\u0103rii gunoiului. \u00cen aceea\u0219i zi, Prim\u0103ria a respins argumentul Romprest, printr-o pozi\u021bie oficial\u0103: \u201eDatoriile istorice nu pot fi folosite ca pretext pentru reducerea cur\u0103\u021beniei stradale\u201d.<\/p>\n\n\n\n<p class=\"wp-block-paragraph\"><strong>CITE\u0218TE \u0218I:\u00a0<a href=\"https:\/\/buletin.de\/bucuresti\/sector-1-primaria-vrea-sa-plateasca-esalonat-datoriile-istorice-catre-romprest-pentru-2025-propune-o-plata-de-inca-18-de-milioane-de-ei-daca-operatorul-nu-accepta-va-achita-30-de-milioane-de-lei\/\" target=\"_blank\" rel=\"noreferrer noopener\">Sector 1 | Prim\u0103ria vrea s\u0103 pl\u0103teasc\u0103 e\u0219alonat datoriile istorice c\u0103tre Romprest. Pentru 2025, propune o plat\u0103 de 18 de milioane de lei. Dac\u0103 operatorul nu accept\u0103, Prim\u0103ria va achita 30 de milioane de lei<\/a><\/strong><\/p>\n\n\n\n<h2 id=\"h-primaria-sectorului-1-nu-reu\u0219e\u0219te-sa-scape-de-operatorul-de-salubritate\" class=\"wp-block-heading\">Prim\u0103ria Sectorului 1 nu reu\u0219e\u0219te s\u0103 scape de operatorul de salubritate<\/h2>\n\n\n\n<p class=\"wp-block-paragraph\">Lupta cu Romprest. a continuat <strong>\u00een februarie anul acesta, c\u00e2nd primarul Tu\u021b\u0103 a amenin\u021bat din nou Romprest, nemul\u021bumit de desz\u0103pezirea insuficient\u0103 \u00een noaptea de 1 spre 2 februarie, cer\u00e2nd companiei s\u0103 scoat\u0103 pe teren cele 27 de utilaje suplimentare prev\u0103zute contractual \u0219i declar\u00e2nd c\u0103 \u201eeste momentul ca lucrurile s\u0103 se schimbe\u201d. <\/strong><\/p>\n\n\n\n<p class=\"wp-block-paragraph\">Pe 20 februarie, Prim\u0103ria a anun\u021bat penalit\u0103\u021bi de 1,6 milioane de lei pe zi pentru fiecare zi \u00een care str\u0103zile r\u0103m\u00e2n necur\u0103\u021bate, sus\u021bin\u00e2nd c\u0103 Romprest folosise doar 14 utilaje pe drumurile secundare, fa\u021b\u0103 de cele 39 prev\u0103zute \u00een contract, l\u0103s\u00e2nd nedesz\u0103pezite circa 20% din str\u0103zile secundare; Poli\u021bia Local\u0103 a aplicat, separat, o amend\u0103 de 60.000 de lei. <\/p>\n\n\n\n<p class=\"wp-block-paragraph\">\u00cen aceea\u0219i lun\u0103, a fost prima dat\u0103 c\u00e2nd Prim\u0103ria a anun\u021bat c\u0103, din punctul s\u0103u de vedere, contractul cu Romprest expir\u0103 pe 30 iunie 2026, nu \u00een 2033, \u0219i c\u0103 primarul Tu\u021b\u0103 inten\u021bioneaz\u0103 s\u0103 caute un alt operator. <\/p>\n\n\n\n<p class=\"wp-block-paragraph\"><strong>Romprest a insistat c\u0103 are contract p\u00e2n\u0103 \u00een 2033 \u0219i a avertizat c\u0103 o reziliere unilateral\u0103 ar putea expune bugetul local la prejudicii de peste un miliard de lei.  Compania a dat \u00een judecat\u0103 Prim\u0103ria, la Tribunalul Bucure\u0219ti, pe 16 februarie, cer\u00e2nd clarificarea statutului legal al Actului Adi\u021bional nr. 6. <\/strong><\/p>\n\n\n\n<p class=\"wp-block-paragraph\">Pe 19 februarie, Consiliul Local a \u00eemputernicit, \u00een unanimitate, primarul Tu\u021b\u0103 s\u0103 notifice institu\u021biile \u0219i p\u0103r\u021bile interesate cu privire la expirarea contractului la 30 iunie 2026.<\/p>\n\n\n\n<p class=\"wp-block-paragraph\">\u00cen aprilie 2026, Consiliul Local a stabilit \u00eenfiin\u021barea unei firme proprii de salubritate, Urbanzor SRL, de\u021binut\u0103 integral de sectorul public: 90% Consiliul Local, 10% Direc\u021bia de Utilit\u0103\u021bi Publice. Firma urma s\u0103 preia cur\u0103\u021benia stradal\u0103 \u0219i desz\u0103pezirea, \u00een timp ce colectarea gunoiului menajer avea s\u0103 fie scoas\u0103 separat la licita\u021bie. <\/p>\n\n\n\n<p class=\"wp-block-paragraph\">Urbanzor SRL are un capital social de doar 500 de lei, dar necesit\u0103 o investi\u021bie planificat\u0103 de aproximativ 98 de milioane de lei \u00een utilaje.<\/p>\n\n\n\n<p class=\"wp-block-paragraph\"><strong>CITE\u0218TE \u0218I: <a href=\"https:\/\/buletin.de\/bucuresti\/urbanzor-srl-primaria-sectorului-1-isi-face-firma-de-salubritate-cu-un-capital-de-500-de-lei\/\" target=\"_blank\" rel=\"noreferrer noopener\">Firma de salubritate a Prim\u0103riei Sectorului 1 va avea capital social de 500 de lei \u0219i va face investi\u021bii de 98 de milioane de lei<\/a><\/strong><\/p>\n\n\n\n<p class=\"wp-block-paragraph\">Pe 12 mai 2026, Judec\u0103toria Sectorului 1 a respins ca inadmisibil\u0103 f\u0103r\u0103 a analiza fondul cauzei cererea Romprest prin care compania contesta valabilitatea Actului Adi\u021bional nr. 6, cel care reduce durata contractului cu 7 ani. Prim\u0103ria a interpretat decizia drept o confirmare a faptului c\u0103, potrivit ei, contractul expir\u0103 pe 30 iunie 2026. <\/p>\n\n\n\n<p class=\"wp-block-paragraph\">Chiar \u00een aceea\u0219i zi, compania a acuzat Prim\u0103ria c\u0103 a min\u021bit \u00eentr-un comunicat, sus\u021bin\u00e2nd c\u0103 instan\u021ba \u201enu a analizat fondul cauzei\u201d \u0219i c\u0103 respingerea ca inadmisibil\u0103 nu confirm\u0103 data de 30 iunie 2026 drept final al contractului, Romprest men\u021bion\u00e2nd, separat, o datorie de peste 56 de milioane de lei \u00een facturi nepl\u0103tite.<\/p>\n\n\n\n<p class=\"wp-block-paragraph\"><strong>CITE\u0218TE \u0218I: <a href=\"https:\/\/buletin.de\/bucuresti\/romprest-acuza-primaria-sectorului-1-ca-a-mintit-intr-un-comunicat-instanta-nu-a-stabilit-finalul-contractului-la-30-iunie-2026\/\" target=\"_blank\" rel=\"noreferrer noopener\">Romprest acuz\u0103 Prim\u0103ria Sectorului 1 c\u0103 a min\u021bit \u00eentr-un comunicat: Instan\u021ba nu a stabilit \u201efinalul\u201d contractului la 30 iunie 2026\u00a0<\/a><\/strong><\/p>\n\n\n\n<p class=\"wp-block-paragraph\">Tot \u00een mai, Consiliul Local a aprobat o procedur\u0103 de negociere direct\u0103 pentru un operator privat care s\u0103 preia temporar salubrizarea, \u00een timp ce firma proprie, Urbanzor, se preg\u0103tea s\u0103 devin\u0103 opera\u021bional\u0103. Situa\u021bia anun\u021bat\u0103 era una f\u0103r\u0103 precedent: de la 1 iulie, dou\u0103 companii, Romprest, care refuza s\u0103 plece, \u0219i un nou operator privat, contractat de Prim\u0103rie, urmau teoretic s\u0103 colecteze gunoiul \u0219i s\u0103 cure\u021be acelea\u0219i str\u0103zi, f\u0103r\u0103 s\u0103 fie clar cum avea s\u0103 func\u021bioneze practic coexisten\u021ba.<\/p>\n\n\n\n<p class=\"wp-block-paragraph\"><strong>Pe 10 iunie, Prim\u0103ria a anun\u021bat c\u0103 Blue Planet va prelua temporar salubrizarea, pentru maximum 12 luni, printr-un contract de aproximativ 18,9 milioane de euro (95,5 milioane de lei), c\u00e2\u0219tigat prin negociere accelerat\u0103, \u00een fa\u021ba ofertelor REBU \u0219i Brantner. <\/strong><\/p>\n\n\n\n<p class=\"wp-block-paragraph\">Pe 12 iunie, Romprest a ob\u021binut, \u00een instan\u021b\u0103, anularea notific\u0103rii trimise de Consiliul Local pe 26 februarie 2026, prin care sectorul anun\u021ba \u00eencheierea contractului \u2014 dar instan\u021ba a respins, separat, cererea Romprest de a declara nelegal\u0103 chiar Hot\u0103r\u00e2rea de Consiliu Local nr. 24\/2026, pe care se baza acea notificare. <\/p>\n\n\n\n<p class=\"wp-block-paragraph\"><strong>CITE\u0218TE \u0218I: <a href=\"https:\/\/buletin.de\/bucuresti\/romprest-anuleaza-in-instanta-notificarea-consiliului-local-a-sectorului-1-privind-incheierea-contractului-de-salubritate-de-la-30-iunie\/\" target=\"_blank\" rel=\"noreferrer noopener\">Romprest anuleaz\u0103 \u00een instan\u021b\u0103 notificarea Consiliului Local a Sectorului 1 privind \u00eencheierea contractului de salubritate de la 30 iunie. Primarul George Tu\u021b\u0103: Instan\u021ba a confirmat legalitatea hot\u0103r\u00e2rii CL de \u00eencetare a rela\u021biei contractuale<\/a><\/strong><\/p>\n\n\n\n<p class=\"wp-block-paragraph\">Pe 30 iunie 2026, chiar \u00een ziua \u00een care contractul cu Romprest trebuia s\u0103 expire, Tribunalul Bucure\u0219ti a suspendat actele administrative ale Consiliului Local prin care se anun\u021ba \u0219i se aproba \u00eencetarea rela\u021biei contractuale. <\/p>\n\n\n\n<p class=\"wp-block-paragraph\">Ca urmare, Romprest a r\u0103mas operatorul de salubrizare al Sectorului 1 \u00eencep\u00e2nd cu 1 iulie 2026, iar contractul cu Blue Planet, deja semnat, \u00een valoare de aproape 19 milioane de euro, a r\u0103mas suspendat, f\u0103r\u0103 a intra \u00een vigoare, p\u00e2n\u0103 la solu\u021bionarea definitiv\u0103 a litigiului. Potrivit relat\u0103rii, instan\u021ba nu s-a pronun\u021bat pe durata contractului Romprest, ci doar a suspendat efectele actelor administrative ale Prim\u0103riei.<\/p>\n\n\n\n<p class=\"wp-block-paragraph\">Prin urmare, lupta cu Romprest continu\u0103.<\/p>\n\n\n\n<p class=\"wp-block-paragraph\"><strong>CITE\u0218TE \u0218I: <a href=\"https:\/\/buletin.de\/bucuresti\/romprest-ramane-operatorul-de-salubrizare-al-sectorului-1-de-la-1-iulie-contractul-cu-blue-planet-se-suspenda-pana-la-solutionarea-litigiului\/\" target=\"_blank\" rel=\"noreferrer noopener\">Romprest r\u0103m\u00e2ne operatorul de salubrizare al Sectorului 1 de la 1 iulie. Contractul cu Blue Planet se suspend\u0103, p\u00e2n\u0103 la solu\u021bionarea litigiului<\/a><\/strong><\/p>\n","protected":false},"excerpt":{"rendered":"<p>Prim\u0103ria Sectorului 1 a atribuit \u00een august un contract pentru servicii juridice societ\u0103\u021bii de avocatur\u0103 Nestor Nestor, Diculescu Kingston Petersen, care urmeaz\u0103 s\u0103 reprezinte administra\u021bia local\u0103 \u00een lupta \u00een instan\u021b\u0103 pe care o duce cu operatorul de salubritate Romprest. Contractul, atribuit printr-o procedur\u0103 echivalent\u0103 achizi\u021biei directe, este \u00een valoare de 720.000 de lei. Pentru aceast\u0103 [&hellip;]<\/p>\n","protected":false},"author":60,"featured_media":215252,"comment_status":"closed","ping_status":"open","sticky":false,"template":"","format":"standard","meta":{"_acf_changed":false,"inline_featured_image":false,"ngg_post_thumbnail":0,"footnotes":""},"categories":[6994,5762,24],"tags":[2010,9325,19461,17809,1570,1933,308],"ppma_author":[22582],"class_list":["post-215233","post","type-post","status-publish","format-standard","has-post-thumbnail","hentry","category-stiri-2","category-main","category-primarie","tag-executare-silita","tag-george-tuta","tag-gunoi-sector-1","tag-litigii-romprest","tag-prejudiciu","tag-romprest","tag-sector-1"],"acf":[],"a3_pvc":{"activated":false,"total_views":0,"today_views":0},"yoast_head":"<!-- This site is optimized with the Yoast SEO Premium plugin v28.0 (Yoast SEO v28.3) - https:\/\/yoast.com\/product\/yoast-seo-premium-wordpress\/ -->\n<title>Prim\u0103ria Sectorului 1 a angajat o cas\u0103 de avocatur\u0103 celebr\u0103 pentru a lupta cu Romprest. Pl\u0103te\u0219te 720.000 de lei pentru 25 de dosare - Buletin de Bucure\u0219ti<\/title>\n<meta name=\"description\" content=\"Prim\u0103ria Sectorului 1 a atribuit un contract pentru servicii juridice pentru lupta \u00een instan\u021b\u0103 pe care o duce cu Romprest.\" \/>\n<meta name=\"robots\" content=\"index, follow, max-snippet:-1, max-image-preview:large, max-video-preview:-1\" \/>\n<link rel=\"canonical\" href=\"https:\/\/buletin.de\/bucuresti\/primaria-sectorului-1-a-angajat-o-casa-de-avocatura-celebra-pentru-a-lupta-cu-romprest-plateste-720-000-de-lei-pentru-25-de-dosare\/\" \/>\n<meta property=\"og:locale\" content=\"en_GB\" \/>\n<meta property=\"og:type\" content=\"article\" \/>\n<meta property=\"og:title\" content=\"Prim\u0103ria Sectorului 1 a angajat o cas\u0103 de avocatur\u0103 celebr\u0103 pentru a lupta cu Romprest. Pl\u0103te\u0219te 720.000 de lei pentru 25 de dosare\" \/>\n<meta property=\"og:description\" content=\"Prim\u0103ria Sectorului 1 a atribuit un contract pentru servicii juridice pentru lupta \u00een instan\u021b\u0103 pe care o duce cu Romprest.\" \/>\n<meta property=\"og:url\" content=\"https:\/\/buletin.de\/bucuresti\/primaria-sectorului-1-a-angajat-o-casa-de-avocatura-celebra-pentru-a-lupta-cu-romprest-plateste-720-000-de-lei-pentru-25-de-dosare\/\" \/>\n<meta property=\"og:site_name\" content=\"Buletin de Bucure\u0219ti\" \/>\n<meta property=\"article:publisher\" content=\"https:\/\/www.facebook.com\/buletin.de.buc\" \/>\n<meta property=\"article:published_time\" content=\"2026-09-01T10:41:38+00:00\" \/>\n<meta property=\"article:modified_time\" content=\"2026-09-01T11:15:25+00:00\" \/>\n<meta property=\"og:image\" content=\"https:\/\/buletin.de\/bucuresti\/wp-content\/uploads\/2026\/09\/casadeavocaturaromprest.png\" \/>\n\t<meta property=\"og:image:width\" content=\"1200\" \/>\n\t<meta property=\"og:image:height\" content=\"755\" \/>\n\t<meta property=\"og:image:type\" content=\"image\/png\" \/>\n<meta name=\"author\" content=\"R\u0103zvan Chiru\u021b\u0103\" \/>\n<meta name=\"twitter:card\" content=\"summary_large_image\" \/>\n<meta name=\"twitter:label1\" content=\"Written by\" \/>\n\t<meta name=\"twitter:data1\" content=\"R\u0103zvan Chiru\u021b\u0103\" \/>\n\t<meta name=\"twitter:label2\" content=\"Estimated reading time\" \/>\n\t<meta name=\"twitter:data2\" content=\"8 minutes\" \/>\n<script type=\"application\/ld+json\" class=\"yoast-schema-graph\">{\"@context\":\"https:\\\/\\\/schema.org\",\"@graph\":[{\"@type\":\"Article\",\"@id\":\"https:\\\/\\\/buletin.de\\\/bucuresti\\\/primaria-sectorului-1-a-angajat-o-casa-de-avocatura-celebra-pentru-a-lupta-cu-romprest-plateste-720-000-de-lei-pentru-25-de-dosare\\\/#article\",\"isPartOf\":{\"@id\":\"https:\\\/\\\/buletin.de\\\/bucuresti\\\/primaria-sectorului-1-a-angajat-o-casa-de-avocatura-celebra-pentru-a-lupta-cu-romprest-plateste-720-000-de-lei-pentru-25-de-dosare\\\/\"},\"author\":{\"name\":\"R\u0103zvan Chiru\u021b\u0103\",\"@id\":\"https:\\\/\\\/buletin.de\\\/bucuresti\\\/#\\\/schema\\\/person\\\/a76df728dfc913795a9d90e346b253bb\"},\"headline\":\"Prim\u0103ria Sectorului 1 a angajat o cas\u0103 de avocatur\u0103 celebr\u0103 pentru a lupta cu Romprest. Pl\u0103te\u0219te 720.000 de lei pentru 25 de dosare\",\"datePublished\":\"2026-09-01T10:41:38+00:00\",\"dateModified\":\"2026-09-01T11:15:25+00:00\",\"mainEntityOfPage\":{\"@id\":\"https:\\\/\\\/buletin.de\\\/bucuresti\\\/primaria-sectorului-1-a-angajat-o-casa-de-avocatura-celebra-pentru-a-lupta-cu-romprest-plateste-720-000-de-lei-pentru-25-de-dosare\\\/\"},\"wordCount\":1728,\"publisher\":{\"@id\":\"https:\\\/\\\/buletin.de\\\/bucuresti\\\/#organization\"},\"image\":{\"@id\":\"https:\\\/\\\/buletin.de\\\/bucuresti\\\/primaria-sectorului-1-a-angajat-o-casa-de-avocatura-celebra-pentru-a-lupta-cu-romprest-plateste-720-000-de-lei-pentru-25-de-dosare\\\/#primaryimage\"},\"thumbnailUrl\":\"https:\\\/\\\/buletin.de\\\/bucuresti\\\/wp-content\\\/uploads\\\/2026\\\/09\\\/casadeavocaturaromprest.png\",\"keywords\":[\"executare silita\",\"george tuta\",\"gunoi sector 1\",\"litigii romprest\",\"prejudiciu\",\"romprest\",\"Sector 1\"],\"articleSection\":[\"Articole\",\"Main\",\"Prim\u0103rie\"],\"inLanguage\":\"en-GB\",\"copyrightYear\":\"2026\",\"copyrightHolder\":{\"@id\":\"https:\\\/\\\/buletin.de\\\/bucuresti\\\/#organization\"}},{\"@type\":\"WebPage\",\"@id\":\"https:\\\/\\\/buletin.de\\\/bucuresti\\\/primaria-sectorului-1-a-angajat-o-casa-de-avocatura-celebra-pentru-a-lupta-cu-romprest-plateste-720-000-de-lei-pentru-25-de-dosare\\\/\",\"url\":\"https:\\\/\\\/buletin.de\\\/bucuresti\\\/primaria-sectorului-1-a-angajat-o-casa-de-avocatura-celebra-pentru-a-lupta-cu-romprest-plateste-720-000-de-lei-pentru-25-de-dosare\\\/\",\"name\":\"Prim\u0103ria Sectorului 1 a angajat o cas\u0103 de avocatur\u0103 celebr\u0103 pentru a lupta cu Romprest. Pl\u0103te\u0219te 720.000 de lei pentru 25 de dosare - Buletin de Bucure\u0219ti\",\"isPartOf\":{\"@id\":\"https:\\\/\\\/buletin.de\\\/bucuresti\\\/#website\"},\"primaryImageOfPage\":{\"@id\":\"https:\\\/\\\/buletin.de\\\/bucuresti\\\/primaria-sectorului-1-a-angajat-o-casa-de-avocatura-celebra-pentru-a-lupta-cu-romprest-plateste-720-000-de-lei-pentru-25-de-dosare\\\/#primaryimage\"},\"image\":{\"@id\":\"https:\\\/\\\/buletin.de\\\/bucuresti\\\/primaria-sectorului-1-a-angajat-o-casa-de-avocatura-celebra-pentru-a-lupta-cu-romprest-plateste-720-000-de-lei-pentru-25-de-dosare\\\/#primaryimage\"},\"thumbnailUrl\":\"https:\\\/\\\/buletin.de\\\/bucuresti\\\/wp-content\\\/uploads\\\/2026\\\/09\\\/casadeavocaturaromprest.png\",\"datePublished\":\"2026-09-01T10:41:38+00:00\",\"dateModified\":\"2026-09-01T11:15:25+00:00\",\"description\":\"Prim\u0103ria Sectorului 1 a atribuit un contract pentru servicii juridice pentru lupta \u00een instan\u021b\u0103 pe care o duce cu Romprest.\",\"breadcrumb\":{\"@id\":\"https:\\\/\\\/buletin.de\\\/bucuresti\\\/primaria-sectorului-1-a-angajat-o-casa-de-avocatura-celebra-pentru-a-lupta-cu-romprest-plateste-720-000-de-lei-pentru-25-de-dosare\\\/#breadcrumb\"},\"inLanguage\":\"en-GB\",\"potentialAction\":[{\"@type\":\"ReadAction\",\"target\":[\"https:\\\/\\\/buletin.de\\\/bucuresti\\\/primaria-sectorului-1-a-angajat-o-casa-de-avocatura-celebra-pentru-a-lupta-cu-romprest-plateste-720-000-de-lei-pentru-25-de-dosare\\\/\"]}]},{\"@type\":\"ImageObject\",\"inLanguage\":\"en-GB\",\"@id\":\"https:\\\/\\\/buletin.de\\\/bucuresti\\\/primaria-sectorului-1-a-angajat-o-casa-de-avocatura-celebra-pentru-a-lupta-cu-romprest-plateste-720-000-de-lei-pentru-25-de-dosare\\\/#primaryimage\",\"url\":\"https:\\\/\\\/buletin.de\\\/bucuresti\\\/wp-content\\\/uploads\\\/2026\\\/09\\\/casadeavocaturaromprest.png\",\"contentUrl\":\"https:\\\/\\\/buletin.de\\\/bucuresti\\\/wp-content\\\/uploads\\\/2026\\\/09\\\/casadeavocaturaromprest.png\",\"width\":1200,\"height\":755,\"caption\":\"Foto PS 1\"},{\"@type\":\"BreadcrumbList\",\"@id\":\"https:\\\/\\\/buletin.de\\\/bucuresti\\\/primaria-sectorului-1-a-angajat-o-casa-de-avocatura-celebra-pentru-a-lupta-cu-romprest-plateste-720-000-de-lei-pentru-25-de-dosare\\\/#breadcrumb\",\"itemListElement\":[{\"@type\":\"ListItem\",\"position\":1,\"name\":\"Acas\u0103\",\"item\":\"https:\\\/\\\/buletin.de\\\/bucuresti\\\/\"},{\"@type\":\"ListItem\",\"position\":2,\"name\":\"Prim\u0103ria Sectorului 1 a angajat o cas\u0103 de avocatur\u0103 celebr\u0103 pentru a lupta cu Romprest. Pl\u0103te\u0219te 720.000 de lei pentru 25 de dosare\"}]},{\"@type\":\"WebSite\",\"@id\":\"https:\\\/\\\/buletin.de\\\/bucuresti\\\/#website\",\"url\":\"https:\\\/\\\/buletin.de\\\/bucuresti\\\/\",\"name\":\"Buletin de Bucure\u0219ti\",\"description\":\"\u0218tiri \u0219i investiga\u021bii esen\u021biale din capital\u0103\",\"publisher\":{\"@id\":\"https:\\\/\\\/buletin.de\\\/bucuresti\\\/#organization\"},\"potentialAction\":[{\"@type\":\"SearchAction\",\"target\":{\"@type\":\"EntryPoint\",\"urlTemplate\":\"https:\\\/\\\/buletin.de\\\/bucuresti\\\/?s={search_term_string}\"},\"query-input\":{\"@type\":\"PropertyValueSpecification\",\"valueRequired\":true,\"valueName\":\"search_term_string\"}}],\"inLanguage\":\"en-GB\"},{\"@type\":\"Organization\",\"@id\":\"https:\\\/\\\/buletin.de\\\/bucuresti\\\/#organization\",\"name\":\"Buletin de Bucure\u0219ti\",\"url\":\"https:\\\/\\\/buletin.de\\\/bucuresti\\\/\",\"logo\":{\"@type\":\"ImageObject\",\"inLanguage\":\"en-GB\",\"@id\":\"https:\\\/\\\/buletin.de\\\/bucuresti\\\/#\\\/schema\\\/logo\\\/image\\\/\",\"url\":\"https:\\\/\\\/buletin.de\\\/bucuresti\\\/wp-content\\\/uploads\\\/logo-bdb-full-wide-vernil-transparent.png\",\"contentUrl\":\"https:\\\/\\\/buletin.de\\\/bucuresti\\\/wp-content\\\/uploads\\\/logo-bdb-full-wide-vernil-transparent.png\",\"width\":1782,\"height\":626,\"caption\":\"Buletin de Bucure\u0219ti\"},\"image\":{\"@id\":\"https:\\\/\\\/buletin.de\\\/bucuresti\\\/#\\\/schema\\\/logo\\\/image\\\/\"},\"sameAs\":[\"https:\\\/\\\/www.facebook.com\\\/buletin.de.buc\",\"https:\\\/\\\/www.instagram.com\\\/buletinde.bucuresti\\\/\"]},{\"@type\":\"Person\",\"@id\":\"https:\\\/\\\/buletin.de\\\/bucuresti\\\/#\\\/schema\\\/person\\\/a76df728dfc913795a9d90e346b253bb\",\"name\":\"R\u0103zvan Chiru\u021b\u0103\",\"image\":{\"@type\":\"ImageObject\",\"inLanguage\":\"en-GB\",\"@id\":\"https:\\\/\\\/buletin.de\\\/bucuresti\\\/wp-content\\\/uploads\\\/Razvan-Chiruta-96x96.jpge7143b996fd4241fbd6ee1f6b6b7b267\",\"url\":\"https:\\\/\\\/buletin.de\\\/bucuresti\\\/wp-content\\\/uploads\\\/Razvan-Chiruta-96x96.jpg\",\"contentUrl\":\"https:\\\/\\\/buletin.de\\\/bucuresti\\\/wp-content\\\/uploads\\\/Razvan-Chiruta-96x96.jpg\",\"caption\":\"R\u0103zvan Chiru\u021b\u0103\"},\"description\":\"R\u0103zvan Chiru\u021b\u0103 este redactor-\u0219ef adjunct din iulie 2024. A fost redactor-\u0219ef al PRESShub \u00eentre 2022 \u0219i iunie 2024. Anterior, a fost redactor-\u0219ef al Newsweek Rom\u00e2nia, din 2018 p\u00e2n\u0103 \u00een 2021, \u0219i al cotidianului Rom\u00e2nia liber\u0103, \u00eentre 2015 \u0219i 2017. Este absolvent de Jurnalism, \u00een cadrul Universit\u0103\u021bii \u201eAl.I.Cuza\u201d din Ia\u0219i, \u0219i a urmat un master \u00een Managementul institu\u021biilor mass-media (f\u0103r\u0103 diserta\u021bie) la Facultatea de Jurnalism \u0219i \u0218tiin\u021bele Comunic\u0103rii din cadrul Universit\u0103\u021bii din Bucure\u0219ti. \u0218i-a \u00eenceput cariera la Opinia studen\u021beasc\u0103, cunoscuta \u0219coal\u0103 de pres\u0103 din Ia\u0219i. A lucrat \u00een presa local\u0103, apoi a devenit corespondent pentru Ia\u0219i al cotidianului Evenimentul Zilei. Din 2004, a coordonat pentru \u0219ase luni sec\u021bia de coresponden\u021bi a Evenimentului Zilei. A mai lucrat la s\u0103pt\u0103m\u00e2nalul Prezent \u0219i a colaborat cu revistele Dilema Veche \u0219i Suplimentul de Cultur\u0103. Este co-autor \u00een volumele \u201eMass-media \u0219i democra\u021bia \u00een Rom\u00e2nia post-comunist\u0103\u201d (ed. a II-a), Ed. Institutul European, Ia\u0219i, 2013, \u0219i \u201eCOVID - 19. Dimensiuni ale gestionarii pandemiei\u201d, Editura Junimea, Ia\u0219i, 2020.\",\"url\":\"https:\\\/\\\/buletin.de\\\/bucuresti\\\/author\\\/razvan-chiruta\\\/\"}]}<\/script>\n<!-- \/ Yoast SEO Premium plugin. -->","yoast_head_json":{"title":"Prim\u0103ria Sectorului 1 a angajat o cas\u0103 de avocatur\u0103 celebr\u0103 pentru a lupta cu Romprest. Pl\u0103te\u0219te 720.000 de lei pentru 25 de dosare - Buletin de Bucure\u0219ti","description":"Prim\u0103ria Sectorului 1 a atribuit un contract pentru servicii juridice pentru lupta \u00een instan\u021b\u0103 pe care o duce cu Romprest.","robots":{"index":"index","follow":"follow","max-snippet":"max-snippet:-1","max-image-preview":"max-image-preview:large","max-video-preview":"max-video-preview:-1"},"canonical":"https:\/\/buletin.de\/bucuresti\/primaria-sectorului-1-a-angajat-o-casa-de-avocatura-celebra-pentru-a-lupta-cu-romprest-plateste-720-000-de-lei-pentru-25-de-dosare\/","og_locale":"en_GB","og_type":"article","og_title":"Prim\u0103ria Sectorului 1 a angajat o cas\u0103 de avocatur\u0103 celebr\u0103 pentru a lupta cu Romprest. Pl\u0103te\u0219te 720.000 de lei pentru 25 de dosare","og_description":"Prim\u0103ria Sectorului 1 a atribuit un contract pentru servicii juridice pentru lupta \u00een instan\u021b\u0103 pe care o duce cu Romprest.","og_url":"https:\/\/buletin.de\/bucuresti\/primaria-sectorului-1-a-angajat-o-casa-de-avocatura-celebra-pentru-a-lupta-cu-romprest-plateste-720-000-de-lei-pentru-25-de-dosare\/","og_site_name":"Buletin de Bucure\u0219ti","article_publisher":"https:\/\/www.facebook.com\/buletin.de.buc","article_published_time":"2026-09-01T10:41:38+00:00","article_modified_time":"2026-09-01T11:15:25+00:00","og_image":[{"width":1200,"height":755,"url":"https:\/\/buletin.de\/bucuresti\/wp-content\/uploads\/2026\/09\/casadeavocaturaromprest.png","type":"image\/png"}],"author":"R\u0103zvan Chiru\u021b\u0103","twitter_card":"summary_large_image","twitter_misc":{"Written by":"R\u0103zvan Chiru\u021b\u0103","Estimated reading time":"8 minutes"},"schema":{"@context":"https:\/\/schema.org","@graph":[{"@type":"Article","@id":"https:\/\/buletin.de\/bucuresti\/primaria-sectorului-1-a-angajat-o-casa-de-avocatura-celebra-pentru-a-lupta-cu-romprest-plateste-720-000-de-lei-pentru-25-de-dosare\/#article","isPartOf":{"@id":"https:\/\/buletin.de\/bucuresti\/primaria-sectorului-1-a-angajat-o-casa-de-avocatura-celebra-pentru-a-lupta-cu-romprest-plateste-720-000-de-lei-pentru-25-de-dosare\/"},"author":{"name":"R\u0103zvan Chiru\u021b\u0103","@id":"https:\/\/buletin.de\/bucuresti\/#\/schema\/person\/a76df728dfc913795a9d90e346b253bb"},"headline":"Prim\u0103ria Sectorului 1 a angajat o cas\u0103 de avocatur\u0103 celebr\u0103 pentru a lupta cu Romprest. Pl\u0103te\u0219te 720.000 de lei pentru 25 de dosare","datePublished":"2026-09-01T10:41:38+00:00","dateModified":"2026-09-01T11:15:25+00:00","mainEntityOfPage":{"@id":"https:\/\/buletin.de\/bucuresti\/primaria-sectorului-1-a-angajat-o-casa-de-avocatura-celebra-pentru-a-lupta-cu-romprest-plateste-720-000-de-lei-pentru-25-de-dosare\/"},"wordCount":1728,"publisher":{"@id":"https:\/\/buletin.de\/bucuresti\/#organization"},"image":{"@id":"https:\/\/buletin.de\/bucuresti\/primaria-sectorului-1-a-angajat-o-casa-de-avocatura-celebra-pentru-a-lupta-cu-romprest-plateste-720-000-de-lei-pentru-25-de-dosare\/#primaryimage"},"thumbnailUrl":"https:\/\/buletin.de\/bucuresti\/wp-content\/uploads\/2026\/09\/casadeavocaturaromprest.png","keywords":["executare silita","george tuta","gunoi sector 1","litigii romprest","prejudiciu","romprest","Sector 1"],"articleSection":["Articole","Main","Prim\u0103rie"],"inLanguage":"en-GB","copyrightYear":"2026","copyrightHolder":{"@id":"https:\/\/buletin.de\/bucuresti\/#organization"}},{"@type":"WebPage","@id":"https:\/\/buletin.de\/bucuresti\/primaria-sectorului-1-a-angajat-o-casa-de-avocatura-celebra-pentru-a-lupta-cu-romprest-plateste-720-000-de-lei-pentru-25-de-dosare\/","url":"https:\/\/buletin.de\/bucuresti\/primaria-sectorului-1-a-angajat-o-casa-de-avocatura-celebra-pentru-a-lupta-cu-romprest-plateste-720-000-de-lei-pentru-25-de-dosare\/","name":"Prim\u0103ria Sectorului 1 a angajat o cas\u0103 de avocatur\u0103 celebr\u0103 pentru a lupta cu Romprest. Pl\u0103te\u0219te 720.000 de lei pentru 25 de dosare - Buletin de Bucure\u0219ti","isPartOf":{"@id":"https:\/\/buletin.de\/bucuresti\/#website"},"primaryImageOfPage":{"@id":"https:\/\/buletin.de\/bucuresti\/primaria-sectorului-1-a-angajat-o-casa-de-avocatura-celebra-pentru-a-lupta-cu-romprest-plateste-720-000-de-lei-pentru-25-de-dosare\/#primaryimage"},"image":{"@id":"https:\/\/buletin.de\/bucuresti\/primaria-sectorului-1-a-angajat-o-casa-de-avocatura-celebra-pentru-a-lupta-cu-romprest-plateste-720-000-de-lei-pentru-25-de-dosare\/#primaryimage"},"thumbnailUrl":"https:\/\/buletin.de\/bucuresti\/wp-content\/uploads\/2026\/09\/casadeavocaturaromprest.png","datePublished":"2026-09-01T10:41:38+00:00","dateModified":"2026-09-01T11:15:25+00:00","description":"Prim\u0103ria Sectorului 1 a atribuit un contract pentru servicii juridice pentru lupta \u00een instan\u021b\u0103 pe care o duce cu Romprest.","breadcrumb":{"@id":"https:\/\/buletin.de\/bucuresti\/primaria-sectorului-1-a-angajat-o-casa-de-avocatura-celebra-pentru-a-lupta-cu-romprest-plateste-720-000-de-lei-pentru-25-de-dosare\/#breadcrumb"},"inLanguage":"en-GB","potentialAction":[{"@type":"ReadAction","target":["https:\/\/buletin.de\/bucuresti\/primaria-sectorului-1-a-angajat-o-casa-de-avocatura-celebra-pentru-a-lupta-cu-romprest-plateste-720-000-de-lei-pentru-25-de-dosare\/"]}]},{"@type":"ImageObject","inLanguage":"en-GB","@id":"https:\/\/buletin.de\/bucuresti\/primaria-sectorului-1-a-angajat-o-casa-de-avocatura-celebra-pentru-a-lupta-cu-romprest-plateste-720-000-de-lei-pentru-25-de-dosare\/#primaryimage","url":"https:\/\/buletin.de\/bucuresti\/wp-content\/uploads\/2026\/09\/casadeavocaturaromprest.png","contentUrl":"https:\/\/buletin.de\/bucuresti\/wp-content\/uploads\/2026\/09\/casadeavocaturaromprest.png","width":1200,"height":755,"caption":"Foto PS 1"},{"@type":"BreadcrumbList","@id":"https:\/\/buletin.de\/bucuresti\/primaria-sectorului-1-a-angajat-o-casa-de-avocatura-celebra-pentru-a-lupta-cu-romprest-plateste-720-000-de-lei-pentru-25-de-dosare\/#breadcrumb","itemListElement":[{"@type":"ListItem","position":1,"name":"Acas\u0103","item":"https:\/\/buletin.de\/bucuresti\/"},{"@type":"ListItem","position":2,"name":"Prim\u0103ria Sectorului 1 a angajat o cas\u0103 de avocatur\u0103 celebr\u0103 pentru a lupta cu Romprest. Pl\u0103te\u0219te 720.000 de lei pentru 25 de dosare"}]},{"@type":"WebSite","@id":"https:\/\/buletin.de\/bucuresti\/#website","url":"https:\/\/buletin.de\/bucuresti\/","name":"Buletin de Bucure\u0219ti","description":"\u0218tiri \u0219i investiga\u021bii esen\u021biale din capital\u0103","publisher":{"@id":"https:\/\/buletin.de\/bucuresti\/#organization"},"potentialAction":[{"@type":"SearchAction","target":{"@type":"EntryPoint","urlTemplate":"https:\/\/buletin.de\/bucuresti\/?s={search_term_string}"},"query-input":{"@type":"PropertyValueSpecification","valueRequired":true,"valueName":"search_term_string"}}],"inLanguage":"en-GB"},{"@type":"Organization","@id":"https:\/\/buletin.de\/bucuresti\/#organization","name":"Buletin de Bucure\u0219ti","url":"https:\/\/buletin.de\/bucuresti\/","logo":{"@type":"ImageObject","inLanguage":"en-GB","@id":"https:\/\/buletin.de\/bucuresti\/#\/schema\/logo\/image\/","url":"https:\/\/buletin.de\/bucuresti\/wp-content\/uploads\/logo-bdb-full-wide-vernil-transparent.png","contentUrl":"https:\/\/buletin.de\/bucuresti\/wp-content\/uploads\/logo-bdb-full-wide-vernil-transparent.png","width":1782,"height":626,"caption":"Buletin de Bucure\u0219ti"},"image":{"@id":"https:\/\/buletin.de\/bucuresti\/#\/schema\/logo\/image\/"},"sameAs":["https:\/\/www.facebook.com\/buletin.de.buc","https:\/\/www.instagram.com\/buletinde.bucuresti\/"]},{"@type":"Person","@id":"https:\/\/buletin.de\/bucuresti\/#\/schema\/person\/a76df728dfc913795a9d90e346b253bb","name":"R\u0103zvan Chiru\u021b\u0103","image":{"@type":"ImageObject","inLanguage":"en-GB","@id":"https:\/\/buletin.de\/bucuresti\/wp-content\/uploads\/Razvan-Chiruta-96x96.jpge7143b996fd4241fbd6ee1f6b6b7b267","url":"https:\/\/buletin.de\/bucuresti\/wp-content\/uploads\/Razvan-Chiruta-96x96.jpg","contentUrl":"https:\/\/buletin.de\/bucuresti\/wp-content\/uploads\/Razvan-Chiruta-96x96.jpg","caption":"R\u0103zvan Chiru\u021b\u0103"},"description":"R\u0103zvan Chiru\u021b\u0103 este redactor-\u0219ef adjunct din iulie 2024. A fost redactor-\u0219ef al PRESShub \u00eentre 2022 \u0219i iunie 2024. Anterior, a fost redactor-\u0219ef al Newsweek Rom\u00e2nia, din 2018 p\u00e2n\u0103 \u00een 2021, \u0219i al cotidianului Rom\u00e2nia liber\u0103, \u00eentre 2015 \u0219i 2017. Este absolvent de Jurnalism, \u00een cadrul Universit\u0103\u021bii \u201eAl.I.Cuza\u201d din Ia\u0219i, \u0219i a urmat un master \u00een Managementul institu\u021biilor mass-media (f\u0103r\u0103 diserta\u021bie) la Facultatea de Jurnalism \u0219i \u0218tiin\u021bele Comunic\u0103rii din cadrul Universit\u0103\u021bii din Bucure\u0219ti. \u0218i-a \u00eenceput cariera la Opinia studen\u021beasc\u0103, cunoscuta \u0219coal\u0103 de pres\u0103 din Ia\u0219i. A lucrat \u00een presa local\u0103, apoi a devenit corespondent pentru Ia\u0219i al cotidianului Evenimentul Zilei. Din 2004, a coordonat pentru \u0219ase luni sec\u021bia de coresponden\u021bi a Evenimentului Zilei. A mai lucrat la s\u0103pt\u0103m\u00e2nalul Prezent \u0219i a colaborat cu revistele Dilema Veche \u0219i Suplimentul de Cultur\u0103. Este co-autor \u00een volumele \u201eMass-media \u0219i democra\u021bia \u00een Rom\u00e2nia post-comunist\u0103\u201d (ed. a II-a), Ed. Institutul European, Ia\u0219i, 2013, \u0219i \u201eCOVID - 19. Dimensiuni ale gestionarii pandemiei\u201d, Editura Junimea, Ia\u0219i, 2020.","url":"https:\/\/buletin.de\/bucuresti\/author\/razvan-chiruta\/"}]}},"authors":[{"term_id":22582,"user_id":60,"is_guest":0,"slug":"razvan-chiruta","display_name":"R\u0103zvan Chiru\u021b\u0103","avatar_url":"https:\/\/buletin.de\/bucuresti\/wp-content\/uploads\/Razvan-Chiruta-96x96.jpg","author_category":"","first_name":"R\u0103zvan","last_name":"Chiru\u021b\u0103","user_url":"","job_title":"","description":"R\u0103zvan Chiru\u021b\u0103 este redactor-\u0219ef adjunct din iulie 2024.\r\n\r\nA fost redactor-\u0219ef al PRESShub \u00eentre 2022 \u0219i iunie 2024. Anterior, a fost redactor-\u0219ef al Newsweek Rom\u00e2nia, din 2018 p\u00e2n\u0103 \u00een 2021, \u0219i al cotidianului Rom\u00e2nia liber\u0103, \u00eentre 2015 \u0219i 2017. \r\n\r\nEste absolvent de Jurnalism, \u00een cadrul Universit\u0103\u021bii \u201eAl.I.Cuza\u201d din Ia\u0219i, \u0219i a urmat un master \u00een Managementul institu\u021biilor mass-media (f\u0103r\u0103 diserta\u021bie) la Facultatea de Jurnalism \u0219i \u0218tiin\u021bele Comunic\u0103rii din cadrul Universit\u0103\u021bii din Bucure\u0219ti. \r\n\r\n\u0218i-a \u00eenceput cariera la Opinia studen\u021beasc\u0103, cunoscuta \u0219coal\u0103 de pres\u0103 din Ia\u0219i. \r\n\r\nA lucrat \u00een presa local\u0103, apoi a devenit corespondent pentru Ia\u0219i al cotidianului Evenimentul Zilei. Din 2004, a coordonat pentru \u0219ase luni sec\u021bia de coresponden\u021bi a Evenimentului Zilei. \r\n\r\nA mai lucrat la s\u0103pt\u0103m\u00e2nalul Prezent \u0219i a colaborat cu revistele Dilema Veche \u0219i Suplimentul de Cultur\u0103. \r\n\r\nEste co-autor \u00een volumele \u201eMass-media \u0219i democra\u021bia \u00een Rom\u00e2nia post-comunist\u0103\u201d (ed. a II-a), Ed. Institutul European, Ia\u0219i, 2013, \u0219i \u201eCOVID - 19. Dimensiuni ale gestionarii pandemiei\u201d, Editura Junimea, Ia\u0219i, 2020."}],"_links":{"self":[{"href":"https:\/\/buletin.de\/bucuresti\/wp-json\/wp\/v2\/posts\/215233","targetHints":{"allow":["GET"]}}],"collection":[{"href":"https:\/\/buletin.de\/bucuresti\/wp-json\/wp\/v2\/posts"}],"about":[{"href":"https:\/\/buletin.de\/bucuresti\/wp-json\/wp\/v2\/types\/post"}],"author":[{"embeddable":true,"href":"https:\/\/buletin.de\/bucuresti\/wp-json\/wp\/v2\/users\/60"}],"replies":[{"embeddable":true,"href":"https:\/\/buletin.de\/bucuresti\/wp-json\/wp\/v2\/comments?post=215233"}],"version-history":[{"count":7,"href":"https:\/\/buletin.de\/bucuresti\/wp-json\/wp\/v2\/posts\/215233\/revisions"}],"predecessor-version":[{"id":215269,"href":"https:\/\/buletin.de\/bucuresti\/wp-json\/wp\/v2\/posts\/215233\/revisions\/215269"}],"wp:featuredmedia":[{"embeddable":true,"href":"https:\/\/buletin.de\/bucuresti\/wp-json\/wp\/v2\/media\/215252"}],"wp:attachment":[{"href":"https:\/\/buletin.de\/bucuresti\/wp-json\/wp\/v2\/media?parent=215233"}],"wp:term":[{"taxonomy":"category","embeddable":true,"href":"https:\/\/buletin.de\/bucuresti\/wp-json\/wp\/v2\/categories?post=215233"},{"taxonomy":"post_tag","embeddable":true,"href":"https:\/\/buletin.de\/bucuresti\/wp-json\/wp\/v2\/tags?post=215233"},{"taxonomy":"author","embeddable":true,"href":"https:\/\/buletin.de\/bucuresti\/wp-json\/wp\/v2\/ppma_author?post=215233"}],"curies":[{"name":"wp","href":"https:\/\/api.w.org\/{rel}","templated":true}]}}