{"id":215215,"date":"2026-09-01T15:53:30","date_gmt":"2026-09-01T12:53:30","guid":{"rendered":"https:\/\/buletin.de\/bucuresti\/?p=215215"},"modified":"2026-09-01T15:58:27","modified_gmt":"2026-09-01T12:58:27","slug":"mai-multi-politisti-din-capitala-au-fost-atacati-cu-sticle-si-pietre-la-o-petrecere-din-sectorul-3-autoritatile-au-intervenit-cu-gaze-lacrimogene-si-trupele-speciale","status":"publish","type":"post","link":"https:\/\/buletin.de\/bucuresti\/mai-multi-politisti-din-capitala-au-fost-atacati-cu-sticle-si-pietre-la-o-petrecere-din-sectorul-3-autoritatile-au-intervenit-cu-gaze-lacrimogene-si-trupele-speciale\/","title":{"rendered":"Mai mul\u021bi poli\u021bi\u0219ti din Capital\u0103 au fost ataca\u021bi cu sticle \u0219i pietre la o petrecere din Sectorul 3. Autorit\u0103\u021bile au intervenit cu gaze lacrimogene \u0219i trupele speciale"},"content":{"rendered":"\n<p class=\"wp-block-paragraph\"><strong>Mai mul\u021bi poli\u021bi\u0219ti din Capital\u0103 au fost ataca\u021bi cu sticle \u0219i pietre la o petrecere din Sectorul 3, dup\u0103 ce autorit\u0103\u021bile au folosit spray iritant-lacrimogen. Autorit\u0103\u021bile interveniser\u0103 \u00een urma unei sesiz\u0103ri referitoare la tulburarea lini\u0219tii publice, \u00eens\u0103 persoanele vizate au reac\u021bionat agresiv, sus\u021bine Direc\u021bia General\u0103 de Poli\u021bie a Municipiului Bucure\u0219ti.<\/strong><\/p>\n\n\n\n<p class=\"wp-block-paragraph\"><em>\u201eLa data de 31 august 2026, \u00een jurul orei 21:50, poli\u021bi\u0219ti din cadrul Sec\u021biei 23 Poli\u021bie au fost sesiza\u021bi, prin SNUAU 112, cu privire la faptul c\u0103, pe strada Iosife\u0219ti, Sector 3, mai multe persoane tulbur\u0103 lini\u0219tea public\u0103 prin muzic\u0103 la un volum ridicat\u201d,<\/em> transmit reprezentan\u021bii <a href=\"https:\/\/agerpres.ro\/comunicate\/2026\/09\/01\/comunicat-de-presa---dgpmb--1589505\">DGPMB<\/a> \u00eentr-un comunicat de pres\u0103.<\/p>\n\n\n\n<p class=\"wp-block-paragraph\">Poli\u021bi\u0219tii au aplicat o amend\u0103 pentru tulburarea lini\u0219tii publice, \u00een baza Legii 61\/1991. Mai t\u00e2rziu, un echipaj aflat \u00een patrulare a sesizat c\u0103 muzica se aude din nou, la un volum ridicat. Atunci, oamenii legii au descoperit 30 de persoane, care participau la o petrecere organizat\u0103 de persoana sanc\u021bionat\u0103 \u00eenainte.<\/p>\n\n\n\n<p class=\"wp-block-paragraph\"><em>\u201e\u00cen momentul interven\u021biei for\u021belor de ordine, mai multe persoane au adoptat un comportament recalcitrant, manifest\u00e2ndu-se agresiv verbal, adres\u00e2nd injurii \u0219i \u00eendrept\u00e2ndu-se \u00een mod amenin\u021b\u0103tor c\u0103tre poli\u021bi\u0219ti \u0219i jandarmi\u201d<\/em>, adaug\u0103 autorit\u0103\u021bile.<\/p>\n\n\n\n<p class=\"wp-block-paragraph\"><strong>\u00cen urma injuriilor adresate poli\u021bi\u0219tilor,  un b\u0103rbat de 27 de ani, cel care fusese sanc\u021bionat anterior pentru tulburarea lini\u0219tii publice, a fost \u00eenc\u0103tu\u0219at \u0219i imobilizat, iar asupra celorlalte persoane a fost folosit spray iritant-lacrimogen. <\/strong><\/p>\n\n\n\n<p class=\"wp-block-paragraph\"><strong>CITE\u0218TE \u0218I: <a href=\"https:\/\/buletin.de\/bucuresti\/ministrul-interimar-al-transporturilor-dupa-suspendarea-celor-sase-trenuri-de-pe-ruta-bucuresti-nord-constanta-nu-exista-un-contract-de-servicii-publice\/\">Ministrul interimar al Transporturilor, dup\u0103 suspendarea celor \u0219ase trenuri de pe ruta Bucure\u0219ti Nord \u2013 Constan\u021ba: \u201eNu exist\u0103 un contract de servicii publice\u201d<\/a><\/strong><\/p>\n\n\n\n<h2 id=\"h-autorita\u021bile-au-folosit-spray-lacrimogen-ceta\u021benii-au-aruncat-cu-pietre-\u0219i-sticle\" class=\"wp-block-heading\">Autorit\u0103\u021bile au folosit spray lacrimogen, cet\u0103\u021benii au aruncat cu pietre \u0219i sticle <\/h2>\n\n\n\n<p class=\"wp-block-paragraph\"><strong>Dup\u0103 ce for\u021bele de ordine au folosit spray lacrimogen, mai multe persoane au aruncat cu pietre, sticle \u0219i pahare \u00een direc\u021bia agen\u021bilor. Niciunul dintre poli\u021bi\u0219tii sau jandarmii afla\u021bi la interven\u021bie nu a fost r\u0103nit, \u00eens\u0103 o ma\u0219in\u0103 parcat\u0103 l\u00e2ng\u0103 autospeciala de poli\u021bie a fost avariat\u0103.<\/strong><\/p>\n\n\n\n<p class=\"wp-block-paragraph\">Pentru gestionarea situa\u021biei \u0219i \u00eenl\u0103turarea st\u0103rii de pericol, la fa\u021ba locului au fost suplimentate efectivele de interven\u021bie, fiind mobilizate mai multe echipaje de poli\u021bie din cadrul structurilor din Sectorul 3, jandarmi, dar \u0219i lupt\u0103tori din cadrul Serviciului pentru Ac\u021biuni Speciale (SAS).<\/p>\n\n\n\n<p class=\"wp-block-paragraph\">La finalul interven\u021biei, 11 b\u0103rba\u021bi \u0219i dou\u0103 femei au fost condu\u0219i la Sec\u021bia 23 Poli\u021bie, pentru continuarea cercet\u0103rilor. Investiga\u021biile continu\u0103 \u00een prezent sub coordonarea Parchetului de pe l\u00e2ng\u0103 Judec\u0103toria Sectorului 3, cei 13 fiind cerceta\u021bi \u00een spe\u021be de ultraj &#8211; sub forma de amenin\u021b\u0103ri, dar \u0219i pentru tulburarea ordinii \u0219i lini\u0219tii publice.<\/p>\n\n\n\n<p class=\"wp-block-paragraph\"><strong>CITE\u0218TE \u0218I: <a href=\"https:\/\/buletin.de\/bucuresti\/alimentarea-cu-gaze-naturale-intrerupta-pentru-peste-2-000-de-consumatori-din-sectorul-2-restrictii-de-circulatie-pe-strada-popa-nan-din-cauza-unei-avarii\/\">Alimentarea cu gaze naturale, \u00eentrerupt\u0103 pentru peste 2.000 de consumatori din Sectorul 2. Restric\u021bii de circula\u021bie pe Strada Popa Nan<\/a><\/strong><\/p>\n\n\n\n<p class=\"wp-block-paragraph\"><\/p>\n","protected":false},"excerpt":{"rendered":"<p>Mai mul\u021bi poli\u021bi\u0219ti din Capital\u0103 au fost ataca\u021bi cu sticle \u0219i pietre la o petrecere din Sectorul 3, dup\u0103 ce autorit\u0103\u021bile au folosit spray iritant-lacrimogen. Autorit\u0103\u021bile interveniser\u0103 \u00een urma unei sesiz\u0103ri referitoare la tulburarea lini\u0219tii publice, \u00eens\u0103 persoanele vizate au reac\u021bionat agresiv, sus\u021bine Direc\u021bia General\u0103 de Poli\u021bie a Municipiului Bucure\u0219ti. \u201eLa data de 31 august [&hellip;]<\/p>\n","protected":false},"author":61,"featured_media":215232,"comment_status":"closed","ping_status":"open","sticky":false,"template":"","format":"standard","meta":{"_acf_changed":false,"inline_featured_image":false,"ngg_post_thumbnail":0,"footnotes":""},"categories":[6994,9026,62],"tags":[6634,2754,30512,30510,4924,30508,30509,30511],"ppma_author":[22577],"class_list":["post-215215","post","type-post","status-publish","format-standard","has-post-thumbnail","hentry","category-stiri-2","category-eveniment","category-stiri","tag-dgpmb","tag-dosar-penal","tag-petrecere-sector-3","tag-politia-2","tag-politia-capitalei-2","tag-politisti-atacati","tag-sectia-23","tag-tulburarea-linistii-publice-2"],"acf":[],"a3_pvc":{"activated":false,"total_views":0,"today_views":0},"yoast_head":"<!-- This site is optimized with the Yoast SEO Premium plugin v28.0 (Yoast SEO v28.3) - https:\/\/yoast.com\/product\/yoast-seo-premium-wordpress\/ -->\n<title>Mai mul\u021bi poli\u021bi\u0219ti din Capital\u0103 au fost ataca\u021bi cu sticle \u0219i pietre la o petrecere din Sectorul 3. Autorit\u0103\u021bile au intervenit cu gaze lacrimogene \u0219i trupele speciale - Buletin de Bucure\u0219ti<\/title>\n<meta name=\"description\" content=\"Mai mul\u021bi poli\u021bi\u0219ti din Capital\u0103 au fost ataca\u021bi cu sticle \u0219i pietre la o petrecere din Sectorul 3, anun\u021b\u0103 DGPMB.\" \/>\n<meta name=\"robots\" content=\"index, follow, max-snippet:-1, max-image-preview:large, max-video-preview:-1\" \/>\n<link rel=\"canonical\" href=\"https:\/\/buletin.de\/bucuresti\/mai-multi-politisti-din-capitala-au-fost-atacati-cu-sticle-si-pietre-la-o-petrecere-din-sectorul-3-autoritatile-au-intervenit-cu-gaze-lacrimogene-si-trupele-speciale\/\" \/>\n<meta property=\"og:locale\" content=\"en_GB\" \/>\n<meta property=\"og:type\" content=\"article\" \/>\n<meta property=\"og:title\" content=\"Mai mul\u021bi poli\u021bi\u0219ti din Capital\u0103 au fost ataca\u021bi cu sticle \u0219i pietre la o petrecere din Sectorul 3. Autorit\u0103\u021bile au intervenit cu gaze lacrimogene \u0219i trupele speciale\" \/>\n<meta property=\"og:description\" content=\"Mai mul\u021bi poli\u021bi\u0219ti din Capital\u0103 au fost ataca\u021bi cu sticle \u0219i pietre la o petrecere din Sectorul 3, anun\u021b\u0103 DGPMB.\" \/>\n<meta property=\"og:url\" content=\"https:\/\/buletin.de\/bucuresti\/mai-multi-politisti-din-capitala-au-fost-atacati-cu-sticle-si-pietre-la-o-petrecere-din-sectorul-3-autoritatile-au-intervenit-cu-gaze-lacrimogene-si-trupele-speciale\/\" \/>\n<meta property=\"og:site_name\" content=\"Buletin de Bucure\u0219ti\" \/>\n<meta property=\"article:publisher\" content=\"https:\/\/www.facebook.com\/buletin.de.buc\" \/>\n<meta property=\"article:published_time\" content=\"2026-09-01T12:53:30+00:00\" \/>\n<meta property=\"article:modified_time\" content=\"2026-09-01T12:58:27+00:00\" \/>\n<meta property=\"og:image\" content=\"https:\/\/buletin.de\/bucuresti\/wp-content\/uploads\/2026\/09\/ID6512-INQUAM-PHOTOS-OCTAV-GANEA-scaled.jpg\" \/>\n\t<meta property=\"og:image:width\" content=\"2560\" \/>\n\t<meta property=\"og:image:height\" content=\"1707\" \/>\n\t<meta property=\"og:image:type\" content=\"image\/jpeg\" \/>\n<meta name=\"author\" content=\"Alexandru Stan\" \/>\n<meta name=\"twitter:card\" content=\"summary_large_image\" \/>\n<meta name=\"twitter:label1\" content=\"Written by\" \/>\n\t<meta name=\"twitter:data1\" content=\"Alexandru Stan\" \/>\n\t<meta name=\"twitter:label2\" content=\"Estimated reading time\" \/>\n\t<meta name=\"twitter:data2\" content=\"2 minutes\" \/>\n<script type=\"application\/ld+json\" class=\"yoast-schema-graph\">{\"@context\":\"https:\\\/\\\/schema.org\",\"@graph\":[{\"@type\":\"Article\",\"@id\":\"https:\\\/\\\/buletin.de\\\/bucuresti\\\/mai-multi-politisti-din-capitala-au-fost-atacati-cu-sticle-si-pietre-la-o-petrecere-din-sectorul-3-autoritatile-au-intervenit-cu-gaze-lacrimogene-si-trupele-speciale\\\/#article\",\"isPartOf\":{\"@id\":\"https:\\\/\\\/buletin.de\\\/bucuresti\\\/mai-multi-politisti-din-capitala-au-fost-atacati-cu-sticle-si-pietre-la-o-petrecere-din-sectorul-3-autoritatile-au-intervenit-cu-gaze-lacrimogene-si-trupele-speciale\\\/\"},\"author\":{\"name\":\"Alexandru Stan\",\"@id\":\"https:\\\/\\\/buletin.de\\\/bucuresti\\\/#\\\/schema\\\/person\\\/104a46bbe8be6e336fecf63974383951\"},\"headline\":\"Mai mul\u021bi poli\u021bi\u0219ti din Capital\u0103 au fost ataca\u021bi cu sticle \u0219i pietre la o petrecere din Sectorul 3. Autorit\u0103\u021bile au intervenit cu gaze lacrimogene \u0219i trupele speciale\",\"datePublished\":\"2026-09-01T12:53:30+00:00\",\"dateModified\":\"2026-09-01T12:58:27+00:00\",\"mainEntityOfPage\":{\"@id\":\"https:\\\/\\\/buletin.de\\\/bucuresti\\\/mai-multi-politisti-din-capitala-au-fost-atacati-cu-sticle-si-pietre-la-o-petrecere-din-sectorul-3-autoritatile-au-intervenit-cu-gaze-lacrimogene-si-trupele-speciale\\\/\"},\"wordCount\":509,\"publisher\":{\"@id\":\"https:\\\/\\\/buletin.de\\\/bucuresti\\\/#organization\"},\"image\":{\"@id\":\"https:\\\/\\\/buletin.de\\\/bucuresti\\\/mai-multi-politisti-din-capitala-au-fost-atacati-cu-sticle-si-pietre-la-o-petrecere-din-sectorul-3-autoritatile-au-intervenit-cu-gaze-lacrimogene-si-trupele-speciale\\\/#primaryimage\"},\"thumbnailUrl\":\"https:\\\/\\\/buletin.de\\\/bucuresti\\\/wp-content\\\/uploads\\\/2026\\\/09\\\/ID6512-INQUAM-PHOTOS-OCTAV-GANEA-scaled.jpg\",\"keywords\":[\"DGPMB\",\"dosar penal\",\"petrecere sector 3\",\"poli\u021bia\",\"Poli\u021bia Capitalei\",\"poli\u021bi\u0219ti ataca\u021bi\",\"Sec\u021bia 23\",\"tulburarea lini\u0219tii publice\"],\"articleSection\":[\"Articole\",\"Eveniment\",\"\u0218tiri\"],\"inLanguage\":\"en-GB\",\"copyrightYear\":\"2026\",\"copyrightHolder\":{\"@id\":\"https:\\\/\\\/buletin.de\\\/bucuresti\\\/#organization\"}},{\"@type\":\"WebPage\",\"@id\":\"https:\\\/\\\/buletin.de\\\/bucuresti\\\/mai-multi-politisti-din-capitala-au-fost-atacati-cu-sticle-si-pietre-la-o-petrecere-din-sectorul-3-autoritatile-au-intervenit-cu-gaze-lacrimogene-si-trupele-speciale\\\/\",\"url\":\"https:\\\/\\\/buletin.de\\\/bucuresti\\\/mai-multi-politisti-din-capitala-au-fost-atacati-cu-sticle-si-pietre-la-o-petrecere-din-sectorul-3-autoritatile-au-intervenit-cu-gaze-lacrimogene-si-trupele-speciale\\\/\",\"name\":\"Mai mul\u021bi poli\u021bi\u0219ti din Capital\u0103 au fost ataca\u021bi cu sticle \u0219i pietre la o petrecere din Sectorul 3. Autorit\u0103\u021bile au intervenit cu gaze lacrimogene \u0219i trupele speciale - Buletin de Bucure\u0219ti\",\"isPartOf\":{\"@id\":\"https:\\\/\\\/buletin.de\\\/bucuresti\\\/#website\"},\"primaryImageOfPage\":{\"@id\":\"https:\\\/\\\/buletin.de\\\/bucuresti\\\/mai-multi-politisti-din-capitala-au-fost-atacati-cu-sticle-si-pietre-la-o-petrecere-din-sectorul-3-autoritatile-au-intervenit-cu-gaze-lacrimogene-si-trupele-speciale\\\/#primaryimage\"},\"image\":{\"@id\":\"https:\\\/\\\/buletin.de\\\/bucuresti\\\/mai-multi-politisti-din-capitala-au-fost-atacati-cu-sticle-si-pietre-la-o-petrecere-din-sectorul-3-autoritatile-au-intervenit-cu-gaze-lacrimogene-si-trupele-speciale\\\/#primaryimage\"},\"thumbnailUrl\":\"https:\\\/\\\/buletin.de\\\/bucuresti\\\/wp-content\\\/uploads\\\/2026\\\/09\\\/ID6512-INQUAM-PHOTOS-OCTAV-GANEA-scaled.jpg\",\"datePublished\":\"2026-09-01T12:53:30+00:00\",\"dateModified\":\"2026-09-01T12:58:27+00:00\",\"description\":\"Mai mul\u021bi poli\u021bi\u0219ti din Capital\u0103 au fost ataca\u021bi cu sticle \u0219i pietre la o petrecere din Sectorul 3, anun\u021b\u0103 DGPMB.\",\"breadcrumb\":{\"@id\":\"https:\\\/\\\/buletin.de\\\/bucuresti\\\/mai-multi-politisti-din-capitala-au-fost-atacati-cu-sticle-si-pietre-la-o-petrecere-din-sectorul-3-autoritatile-au-intervenit-cu-gaze-lacrimogene-si-trupele-speciale\\\/#breadcrumb\"},\"inLanguage\":\"en-GB\",\"potentialAction\":[{\"@type\":\"ReadAction\",\"target\":[\"https:\\\/\\\/buletin.de\\\/bucuresti\\\/mai-multi-politisti-din-capitala-au-fost-atacati-cu-sticle-si-pietre-la-o-petrecere-din-sectorul-3-autoritatile-au-intervenit-cu-gaze-lacrimogene-si-trupele-speciale\\\/\"]}]},{\"@type\":\"ImageObject\",\"inLanguage\":\"en-GB\",\"@id\":\"https:\\\/\\\/buletin.de\\\/bucuresti\\\/mai-multi-politisti-din-capitala-au-fost-atacati-cu-sticle-si-pietre-la-o-petrecere-din-sectorul-3-autoritatile-au-intervenit-cu-gaze-lacrimogene-si-trupele-speciale\\\/#primaryimage\",\"url\":\"https:\\\/\\\/buletin.de\\\/bucuresti\\\/wp-content\\\/uploads\\\/2026\\\/09\\\/ID6512-INQUAM-PHOTOS-OCTAV-GANEA-scaled.jpg\",\"contentUrl\":\"https:\\\/\\\/buletin.de\\\/bucuresti\\\/wp-content\\\/uploads\\\/2026\\\/09\\\/ID6512-INQUAM-PHOTOS-OCTAV-GANEA-scaled.jpg\",\"width\":2560,\"height\":1707,\"caption\":\"FOTO: Inquam Photos \\\/Octav Ganea\"},{\"@type\":\"BreadcrumbList\",\"@id\":\"https:\\\/\\\/buletin.de\\\/bucuresti\\\/mai-multi-politisti-din-capitala-au-fost-atacati-cu-sticle-si-pietre-la-o-petrecere-din-sectorul-3-autoritatile-au-intervenit-cu-gaze-lacrimogene-si-trupele-speciale\\\/#breadcrumb\",\"itemListElement\":[{\"@type\":\"ListItem\",\"position\":1,\"name\":\"Acas\u0103\",\"item\":\"https:\\\/\\\/buletin.de\\\/bucuresti\\\/\"},{\"@type\":\"ListItem\",\"position\":2,\"name\":\"Mai mul\u021bi poli\u021bi\u0219ti din Capital\u0103 au fost ataca\u021bi cu sticle \u0219i pietre la o petrecere din Sectorul 3. Autorit\u0103\u021bile au intervenit cu gaze lacrimogene \u0219i trupele speciale\"}]},{\"@type\":\"WebSite\",\"@id\":\"https:\\\/\\\/buletin.de\\\/bucuresti\\\/#website\",\"url\":\"https:\\\/\\\/buletin.de\\\/bucuresti\\\/\",\"name\":\"Buletin de Bucure\u0219ti\",\"description\":\"\u0218tiri \u0219i investiga\u021bii esen\u021biale din capital\u0103\",\"publisher\":{\"@id\":\"https:\\\/\\\/buletin.de\\\/bucuresti\\\/#organization\"},\"potentialAction\":[{\"@type\":\"SearchAction\",\"target\":{\"@type\":\"EntryPoint\",\"urlTemplate\":\"https:\\\/\\\/buletin.de\\\/bucuresti\\\/?s={search_term_string}\"},\"query-input\":{\"@type\":\"PropertyValueSpecification\",\"valueRequired\":true,\"valueName\":\"search_term_string\"}}],\"inLanguage\":\"en-GB\"},{\"@type\":\"Organization\",\"@id\":\"https:\\\/\\\/buletin.de\\\/bucuresti\\\/#organization\",\"name\":\"Buletin de Bucure\u0219ti\",\"url\":\"https:\\\/\\\/buletin.de\\\/bucuresti\\\/\",\"logo\":{\"@type\":\"ImageObject\",\"inLanguage\":\"en-GB\",\"@id\":\"https:\\\/\\\/buletin.de\\\/bucuresti\\\/#\\\/schema\\\/logo\\\/image\\\/\",\"url\":\"https:\\\/\\\/buletin.de\\\/bucuresti\\\/wp-content\\\/uploads\\\/logo-bdb-full-wide-vernil-transparent.png\",\"contentUrl\":\"https:\\\/\\\/buletin.de\\\/bucuresti\\\/wp-content\\\/uploads\\\/logo-bdb-full-wide-vernil-transparent.png\",\"width\":1782,\"height\":626,\"caption\":\"Buletin de Bucure\u0219ti\"},\"image\":{\"@id\":\"https:\\\/\\\/buletin.de\\\/bucuresti\\\/#\\\/schema\\\/logo\\\/image\\\/\"},\"sameAs\":[\"https:\\\/\\\/www.facebook.com\\\/buletin.de.buc\",\"https:\\\/\\\/www.instagram.com\\\/buletinde.bucuresti\\\/\"]},{\"@type\":\"Person\",\"@id\":\"https:\\\/\\\/buletin.de\\\/bucuresti\\\/#\\\/schema\\\/person\\\/104a46bbe8be6e336fecf63974383951\",\"name\":\"Alexandru Stan\",\"image\":{\"@type\":\"ImageObject\",\"inLanguage\":\"en-GB\",\"@id\":\"https:\\\/\\\/buletin.de\\\/bucuresti\\\/wp-content\\\/uploads\\\/2026\\\/07\\\/BDB_Alexandru-4-96x96.jpga3c299c77690d3b1ab5def97e8de4c6c\",\"url\":\"https:\\\/\\\/buletin.de\\\/bucuresti\\\/wp-content\\\/uploads\\\/2026\\\/07\\\/BDB_Alexandru-4-96x96.jpg\",\"contentUrl\":\"https:\\\/\\\/buletin.de\\\/bucuresti\\\/wp-content\\\/uploads\\\/2026\\\/07\\\/BDB_Alexandru-4-96x96.jpg\",\"caption\":\"Alexandru Stan\"},\"description\":\"Absolvent al Colegiului Na\u021bional \u201eMihai Eminescu\u201d \u0219i student la Politehnica. Lucrez la Buletin de Bucure\u0219ti ca reporter de la v\u00e2rsta de 17 ani. M-am n\u0103scut \u0219i am crescut cu m\u00e2ndrie \u00een Bucure\u0219ti, ora\u0219ul pove\u0219tilor \u0219i al c\u0103su\u021belor cu porti\u021b\u0103 \u0219i ci\u0219mea. Cred \u00een jurnalismul f\u0103cut de cet\u0103\u021beni pentru cet\u0103\u021beni \u0219i \u00een faptul c\u0103 presa este a patra putere \u00een stat. M\u0103 str\u0103duiesc s\u0103 v\u0103 aduc, pe ecrane, tot ce \u201emi\u0219c\u0103\u201d prin Bucure\u0219ti, de la proiecte de consiliu local \u0219i interviuri p\u00e2n\u0103 la pove\u0219ti de weekend \u0219i reportaje.\",\"url\":\"https:\\\/\\\/buletin.de\\\/bucuresti\\\/author\\\/alexandru-stan\\\/\"}]}<\/script>\n<!-- \/ Yoast SEO Premium plugin. -->","yoast_head_json":{"title":"Mai mul\u021bi poli\u021bi\u0219ti din Capital\u0103 au fost ataca\u021bi cu sticle \u0219i pietre la o petrecere din Sectorul 3. Autorit\u0103\u021bile au intervenit cu gaze lacrimogene \u0219i trupele speciale - Buletin de Bucure\u0219ti","description":"Mai mul\u021bi poli\u021bi\u0219ti din Capital\u0103 au fost ataca\u021bi cu sticle \u0219i pietre la o petrecere din Sectorul 3, anun\u021b\u0103 DGPMB.","robots":{"index":"index","follow":"follow","max-snippet":"max-snippet:-1","max-image-preview":"max-image-preview:large","max-video-preview":"max-video-preview:-1"},"canonical":"https:\/\/buletin.de\/bucuresti\/mai-multi-politisti-din-capitala-au-fost-atacati-cu-sticle-si-pietre-la-o-petrecere-din-sectorul-3-autoritatile-au-intervenit-cu-gaze-lacrimogene-si-trupele-speciale\/","og_locale":"en_GB","og_type":"article","og_title":"Mai mul\u021bi poli\u021bi\u0219ti din Capital\u0103 au fost ataca\u021bi cu sticle \u0219i pietre la o petrecere din Sectorul 3. Autorit\u0103\u021bile au intervenit cu gaze lacrimogene \u0219i trupele speciale","og_description":"Mai mul\u021bi poli\u021bi\u0219ti din Capital\u0103 au fost ataca\u021bi cu sticle \u0219i pietre la o petrecere din Sectorul 3, anun\u021b\u0103 DGPMB.","og_url":"https:\/\/buletin.de\/bucuresti\/mai-multi-politisti-din-capitala-au-fost-atacati-cu-sticle-si-pietre-la-o-petrecere-din-sectorul-3-autoritatile-au-intervenit-cu-gaze-lacrimogene-si-trupele-speciale\/","og_site_name":"Buletin de Bucure\u0219ti","article_publisher":"https:\/\/www.facebook.com\/buletin.de.buc","article_published_time":"2026-09-01T12:53:30+00:00","article_modified_time":"2026-09-01T12:58:27+00:00","og_image":[{"width":2560,"height":1707,"url":"https:\/\/buletin.de\/bucuresti\/wp-content\/uploads\/2026\/09\/ID6512-INQUAM-PHOTOS-OCTAV-GANEA-scaled.jpg","type":"image\/jpeg"}],"author":"Alexandru Stan","twitter_card":"summary_large_image","twitter_misc":{"Written by":"Alexandru Stan","Estimated reading time":"2 minutes"},"schema":{"@context":"https:\/\/schema.org","@graph":[{"@type":"Article","@id":"https:\/\/buletin.de\/bucuresti\/mai-multi-politisti-din-capitala-au-fost-atacati-cu-sticle-si-pietre-la-o-petrecere-din-sectorul-3-autoritatile-au-intervenit-cu-gaze-lacrimogene-si-trupele-speciale\/#article","isPartOf":{"@id":"https:\/\/buletin.de\/bucuresti\/mai-multi-politisti-din-capitala-au-fost-atacati-cu-sticle-si-pietre-la-o-petrecere-din-sectorul-3-autoritatile-au-intervenit-cu-gaze-lacrimogene-si-trupele-speciale\/"},"author":{"name":"Alexandru Stan","@id":"https:\/\/buletin.de\/bucuresti\/#\/schema\/person\/104a46bbe8be6e336fecf63974383951"},"headline":"Mai mul\u021bi poli\u021bi\u0219ti din Capital\u0103 au fost ataca\u021bi cu sticle \u0219i pietre la o petrecere din Sectorul 3. Autorit\u0103\u021bile au intervenit cu gaze lacrimogene \u0219i trupele speciale","datePublished":"2026-09-01T12:53:30+00:00","dateModified":"2026-09-01T12:58:27+00:00","mainEntityOfPage":{"@id":"https:\/\/buletin.de\/bucuresti\/mai-multi-politisti-din-capitala-au-fost-atacati-cu-sticle-si-pietre-la-o-petrecere-din-sectorul-3-autoritatile-au-intervenit-cu-gaze-lacrimogene-si-trupele-speciale\/"},"wordCount":509,"publisher":{"@id":"https:\/\/buletin.de\/bucuresti\/#organization"},"image":{"@id":"https:\/\/buletin.de\/bucuresti\/mai-multi-politisti-din-capitala-au-fost-atacati-cu-sticle-si-pietre-la-o-petrecere-din-sectorul-3-autoritatile-au-intervenit-cu-gaze-lacrimogene-si-trupele-speciale\/#primaryimage"},"thumbnailUrl":"https:\/\/buletin.de\/bucuresti\/wp-content\/uploads\/2026\/09\/ID6512-INQUAM-PHOTOS-OCTAV-GANEA-scaled.jpg","keywords":["DGPMB","dosar penal","petrecere sector 3","poli\u021bia","Poli\u021bia Capitalei","poli\u021bi\u0219ti ataca\u021bi","Sec\u021bia 23","tulburarea lini\u0219tii publice"],"articleSection":["Articole","Eveniment","\u0218tiri"],"inLanguage":"en-GB","copyrightYear":"2026","copyrightHolder":{"@id":"https:\/\/buletin.de\/bucuresti\/#organization"}},{"@type":"WebPage","@id":"https:\/\/buletin.de\/bucuresti\/mai-multi-politisti-din-capitala-au-fost-atacati-cu-sticle-si-pietre-la-o-petrecere-din-sectorul-3-autoritatile-au-intervenit-cu-gaze-lacrimogene-si-trupele-speciale\/","url":"https:\/\/buletin.de\/bucuresti\/mai-multi-politisti-din-capitala-au-fost-atacati-cu-sticle-si-pietre-la-o-petrecere-din-sectorul-3-autoritatile-au-intervenit-cu-gaze-lacrimogene-si-trupele-speciale\/","name":"Mai mul\u021bi poli\u021bi\u0219ti din Capital\u0103 au fost ataca\u021bi cu sticle \u0219i pietre la o petrecere din Sectorul 3. Autorit\u0103\u021bile au intervenit cu gaze lacrimogene \u0219i trupele speciale - Buletin de Bucure\u0219ti","isPartOf":{"@id":"https:\/\/buletin.de\/bucuresti\/#website"},"primaryImageOfPage":{"@id":"https:\/\/buletin.de\/bucuresti\/mai-multi-politisti-din-capitala-au-fost-atacati-cu-sticle-si-pietre-la-o-petrecere-din-sectorul-3-autoritatile-au-intervenit-cu-gaze-lacrimogene-si-trupele-speciale\/#primaryimage"},"image":{"@id":"https:\/\/buletin.de\/bucuresti\/mai-multi-politisti-din-capitala-au-fost-atacati-cu-sticle-si-pietre-la-o-petrecere-din-sectorul-3-autoritatile-au-intervenit-cu-gaze-lacrimogene-si-trupele-speciale\/#primaryimage"},"thumbnailUrl":"https:\/\/buletin.de\/bucuresti\/wp-content\/uploads\/2026\/09\/ID6512-INQUAM-PHOTOS-OCTAV-GANEA-scaled.jpg","datePublished":"2026-09-01T12:53:30+00:00","dateModified":"2026-09-01T12:58:27+00:00","description":"Mai mul\u021bi poli\u021bi\u0219ti din Capital\u0103 au fost ataca\u021bi cu sticle \u0219i pietre la o petrecere din Sectorul 3, anun\u021b\u0103 DGPMB.","breadcrumb":{"@id":"https:\/\/buletin.de\/bucuresti\/mai-multi-politisti-din-capitala-au-fost-atacati-cu-sticle-si-pietre-la-o-petrecere-din-sectorul-3-autoritatile-au-intervenit-cu-gaze-lacrimogene-si-trupele-speciale\/#breadcrumb"},"inLanguage":"en-GB","potentialAction":[{"@type":"ReadAction","target":["https:\/\/buletin.de\/bucuresti\/mai-multi-politisti-din-capitala-au-fost-atacati-cu-sticle-si-pietre-la-o-petrecere-din-sectorul-3-autoritatile-au-intervenit-cu-gaze-lacrimogene-si-trupele-speciale\/"]}]},{"@type":"ImageObject","inLanguage":"en-GB","@id":"https:\/\/buletin.de\/bucuresti\/mai-multi-politisti-din-capitala-au-fost-atacati-cu-sticle-si-pietre-la-o-petrecere-din-sectorul-3-autoritatile-au-intervenit-cu-gaze-lacrimogene-si-trupele-speciale\/#primaryimage","url":"https:\/\/buletin.de\/bucuresti\/wp-content\/uploads\/2026\/09\/ID6512-INQUAM-PHOTOS-OCTAV-GANEA-scaled.jpg","contentUrl":"https:\/\/buletin.de\/bucuresti\/wp-content\/uploads\/2026\/09\/ID6512-INQUAM-PHOTOS-OCTAV-GANEA-scaled.jpg","width":2560,"height":1707,"caption":"FOTO: Inquam Photos \/Octav Ganea"},{"@type":"BreadcrumbList","@id":"https:\/\/buletin.de\/bucuresti\/mai-multi-politisti-din-capitala-au-fost-atacati-cu-sticle-si-pietre-la-o-petrecere-din-sectorul-3-autoritatile-au-intervenit-cu-gaze-lacrimogene-si-trupele-speciale\/#breadcrumb","itemListElement":[{"@type":"ListItem","position":1,"name":"Acas\u0103","item":"https:\/\/buletin.de\/bucuresti\/"},{"@type":"ListItem","position":2,"name":"Mai mul\u021bi poli\u021bi\u0219ti din Capital\u0103 au fost ataca\u021bi cu sticle \u0219i pietre la o petrecere din Sectorul 3. Autorit\u0103\u021bile au intervenit cu gaze lacrimogene \u0219i trupele speciale"}]},{"@type":"WebSite","@id":"https:\/\/buletin.de\/bucuresti\/#website","url":"https:\/\/buletin.de\/bucuresti\/","name":"Buletin de Bucure\u0219ti","description":"\u0218tiri \u0219i investiga\u021bii esen\u021biale din capital\u0103","publisher":{"@id":"https:\/\/buletin.de\/bucuresti\/#organization"},"potentialAction":[{"@type":"SearchAction","target":{"@type":"EntryPoint","urlTemplate":"https:\/\/buletin.de\/bucuresti\/?s={search_term_string}"},"query-input":{"@type":"PropertyValueSpecification","valueRequired":true,"valueName":"search_term_string"}}],"inLanguage":"en-GB"},{"@type":"Organization","@id":"https:\/\/buletin.de\/bucuresti\/#organization","name":"Buletin de Bucure\u0219ti","url":"https:\/\/buletin.de\/bucuresti\/","logo":{"@type":"ImageObject","inLanguage":"en-GB","@id":"https:\/\/buletin.de\/bucuresti\/#\/schema\/logo\/image\/","url":"https:\/\/buletin.de\/bucuresti\/wp-content\/uploads\/logo-bdb-full-wide-vernil-transparent.png","contentUrl":"https:\/\/buletin.de\/bucuresti\/wp-content\/uploads\/logo-bdb-full-wide-vernil-transparent.png","width":1782,"height":626,"caption":"Buletin de Bucure\u0219ti"},"image":{"@id":"https:\/\/buletin.de\/bucuresti\/#\/schema\/logo\/image\/"},"sameAs":["https:\/\/www.facebook.com\/buletin.de.buc","https:\/\/www.instagram.com\/buletinde.bucuresti\/"]},{"@type":"Person","@id":"https:\/\/buletin.de\/bucuresti\/#\/schema\/person\/104a46bbe8be6e336fecf63974383951","name":"Alexandru Stan","image":{"@type":"ImageObject","inLanguage":"en-GB","@id":"https:\/\/buletin.de\/bucuresti\/wp-content\/uploads\/2026\/07\/BDB_Alexandru-4-96x96.jpga3c299c77690d3b1ab5def97e8de4c6c","url":"https:\/\/buletin.de\/bucuresti\/wp-content\/uploads\/2026\/07\/BDB_Alexandru-4-96x96.jpg","contentUrl":"https:\/\/buletin.de\/bucuresti\/wp-content\/uploads\/2026\/07\/BDB_Alexandru-4-96x96.jpg","caption":"Alexandru Stan"},"description":"Absolvent al Colegiului Na\u021bional \u201eMihai Eminescu\u201d \u0219i student la Politehnica. Lucrez la Buletin de Bucure\u0219ti ca reporter de la v\u00e2rsta de 17 ani. M-am n\u0103scut \u0219i am crescut cu m\u00e2ndrie \u00een Bucure\u0219ti, ora\u0219ul pove\u0219tilor \u0219i al c\u0103su\u021belor cu porti\u021b\u0103 \u0219i ci\u0219mea. Cred \u00een jurnalismul f\u0103cut de cet\u0103\u021beni pentru cet\u0103\u021beni \u0219i \u00een faptul c\u0103 presa este a patra putere \u00een stat. M\u0103 str\u0103duiesc s\u0103 v\u0103 aduc, pe ecrane, tot ce \u201emi\u0219c\u0103\u201d prin Bucure\u0219ti, de la proiecte de consiliu local \u0219i interviuri p\u00e2n\u0103 la pove\u0219ti de weekend \u0219i reportaje.","url":"https:\/\/buletin.de\/bucuresti\/author\/alexandru-stan\/"}]}},"authors":[{"term_id":22577,"user_id":61,"is_guest":0,"slug":"alexandru-stan","display_name":"Alexandru Stan","avatar_url":"https:\/\/buletin.de\/bucuresti\/wp-content\/uploads\/2026\/07\/BDB_Alexandru-4-96x96.jpg","author_category":"","first_name":"Alexandru","last_name":"Stan","user_url":"","job_title":"","description":"Absolvent al Colegiului Na\u021bional \u201eMihai Eminescu\u201d \u0219i student la Politehnica. Lucrez la Buletin de Bucure\u0219ti ca reporter de la v\u00e2rsta de 17 ani. M-am n\u0103scut \u0219i am crescut cu m\u00e2ndrie \u00een Bucure\u0219ti, ora\u0219ul pove\u0219tilor \u0219i al c\u0103su\u021belor cu porti\u021b\u0103 \u0219i ci\u0219mea.\r\n\r\nCred \u00een jurnalismul f\u0103cut de cet\u0103\u021beni pentru cet\u0103\u021beni \u0219i \u00een faptul c\u0103 presa este a patra putere \u00een stat. M\u0103 str\u0103duiesc s\u0103 v\u0103 aduc, pe ecrane, tot ce \u201emi\u0219c\u0103\u201d prin Bucure\u0219ti, de la proiecte de consiliu local \u0219i interviuri p\u00e2n\u0103 la pove\u0219ti de weekend \u0219i reportaje."}],"_links":{"self":[{"href":"https:\/\/buletin.de\/bucuresti\/wp-json\/wp\/v2\/posts\/215215","targetHints":{"allow":["GET"]}}],"collection":[{"href":"https:\/\/buletin.de\/bucuresti\/wp-json\/wp\/v2\/posts"}],"about":[{"href":"https:\/\/buletin.de\/bucuresti\/wp-json\/wp\/v2\/types\/post"}],"author":[{"embeddable":true,"href":"https:\/\/buletin.de\/bucuresti\/wp-json\/wp\/v2\/users\/61"}],"replies":[{"embeddable":true,"href":"https:\/\/buletin.de\/bucuresti\/wp-json\/wp\/v2\/comments?post=215215"}],"version-history":[{"count":6,"href":"https:\/\/buletin.de\/bucuresti\/wp-json\/wp\/v2\/posts\/215215\/revisions"}],"predecessor-version":[{"id":215273,"href":"https:\/\/buletin.de\/bucuresti\/wp-json\/wp\/v2\/posts\/215215\/revisions\/215273"}],"wp:featuredmedia":[{"embeddable":true,"href":"https:\/\/buletin.de\/bucuresti\/wp-json\/wp\/v2\/media\/215232"}],"wp:attachment":[{"href":"https:\/\/buletin.de\/bucuresti\/wp-json\/wp\/v2\/media?parent=215215"}],"wp:term":[{"taxonomy":"category","embeddable":true,"href":"https:\/\/buletin.de\/bucuresti\/wp-json\/wp\/v2\/categories?post=215215"},{"taxonomy":"post_tag","embeddable":true,"href":"https:\/\/buletin.de\/bucuresti\/wp-json\/wp\/v2\/tags?post=215215"},{"taxonomy":"author","embeddable":true,"href":"https:\/\/buletin.de\/bucuresti\/wp-json\/wp\/v2\/ppma_author?post=215215"}],"curies":[{"name":"wp","href":"https:\/\/api.w.org\/{rel}","templated":true}]}}