{"id":215210,"date":"2026-09-01T13:02:29","date_gmt":"2026-09-01T10:02:29","guid":{"rendered":"https:\/\/buletin.de\/bucuresti\/?p=215210"},"modified":"2026-09-01T13:10:17","modified_gmt":"2026-09-01T10:10:17","slug":"numar-record-de-spectatori-la-bias-2026-450-000-de-persoane-prezente-la-show-ul-de-la-aeroportul-baneasa","status":"publish","type":"post","link":"https:\/\/buletin.de\/bucuresti\/numar-record-de-spectatori-la-bias-2026-450-000-de-persoane-prezente-la-show-ul-de-la-aeroportul-baneasa\/","title":{"rendered":"Num\u0103r record de spectatori la BIAS 2026: 450.000 de persoane prezente la show-ul de la Aeroportul B\u0103neasa"},"content":{"rendered":"\n<p class=\"wp-block-paragraph\"><strong>Edi\u021bia aniversar\u0103 a Bucharest Interna\u021bional Air Show &amp; General Aviation Exhibition (BIAS 2026), de pe Aeroportul B\u0103neasa, a atras 450.000 de spectatori, potrivit<a href=\"https:\/\/bucharestairports.ro\/2026\/09\/01\/bias-2026-record-absolut-de-audienta-450-000-de-spectatori\/\" data-type=\"link\" data-id=\"https:\/\/bucharestairports.ro\/2026\/09\/01\/bias-2026-record-absolut-de-audienta-450-000-de-spectatori\/\" target=\"_blank\" rel=\"noreferrer noopener\"> Companiei Na\u021bionale Aeroporturi Bucure\u0219ti (CNAB).<\/a><\/strong><\/p>\n\n\n\n<p class=\"wp-block-paragraph\">Evenimentul s-a desf\u0103\u0219urat pe 28 \u0219i 29 august \u0219i a reunit peste 250 de aeronave civile \u0219i militare \u0219i mai mult de 250 de pilo\u021bi \u0219i para\u0219uti\u0219ti din Rom\u00e2nia \u0219i din str\u0103in\u0103tate.<\/p>\n\n\n\n<p class=\"wp-block-paragraph\">Num\u0103rul spectatorilor din acest an reprezint\u0103 un record pentru BIAS, iar organizatorii afirm\u0103 c\u0103 este cea mai mare audien\u021b\u0103 \u00eenregistrat\u0103 de un show aerian \u00een Europa. <\/p>\n\n\n\n<p class=\"wp-block-paragraph\"><strong>CITE\u0218TE \u0218I <a href=\"https:\/\/buletin.de\/bucuresti\/reportaj-adevarata-proba-de-coordonare-tactica-de-la-bias-2026-cum-a-aratat-cel-mai-mare-show-aerian-din-tara\/\" target=\"_blank\" rel=\"noreferrer noopener\">REPORTAJ | Adev\u0103rata prob\u0103 de coordonare tactic\u0103 de la BIAS 2026. Cum a ar\u0103tat cel mai mare show aerian din \u021bar\u0103<\/a><\/strong><\/p>\n\n\n\n<h2 id=\"h-450-000-de-persoane-au-privit-bias-2026-de-pe-aeroportul-baneasa\" class=\"wp-block-heading\">450.000 de persoane au privit BIAS 2026, de pe Aeroportul B\u0103neasa <\/h2>\n\n\n\n<p class=\"wp-block-paragraph\"><strong>Printre principalele atrac\u021bii <a href=\"https:\/\/buletin.de\/bucuresti\/hartaprogram-cum-arata-ziua-principala-de-la-bias-2026\/\" data-type=\"link\" data-id=\"https:\/\/buletin.de\/bucuresti\/hartaprogram-cum-arata-ziua-principala-de-la-bias-2026\/\" target=\"_blank\" rel=\"noreferrer noopener\">ale edi\u021biei din 2026<\/a> s-au num\u0103rat forma\u021biile acrobatice Frecce Tricolori din Italia \u0219i Turkish Stars din Turcia.<\/strong><\/p>\n\n\n\n<p class=\"wp-block-paragraph\">De asemenea, programul a inclus \u0219i evolu\u021bii ale For\u021belor Aeriene Rom\u00e2ne, dar \u0219i demonstra\u021bii ale unor aeronave \u0219i echipe militare din Germania, Fran\u021ba,  Spania \u0219i Slovenia. Publicul a putut vedea, printre altele, avioane Eurofighter Typhoon, Tornado, Rafale \u0219i F-18 Hornet.<\/p>\n\n\n\n<p class=\"wp-block-paragraph\">Unul dintre momentele preg\u0103tite de Inspectoratul General de Avia\u021bie al Ministerului Afacerilor Interne a fost un exerci\u021biu tactic cu un elicopter Black Hawk, desf\u0103\u0219urat \u00eempreun\u0103 cu lupt\u0103tori ai Serviciului pentru Interven\u021bii \u0219i Ac\u021biuni Speciale (SIAS) din cadrul Poli\u021biei Rom\u00e2ne.<\/p>\n\n\n\n<p class=\"wp-block-paragraph\">\u00cen program au fost incluse \u0219i demonstra\u021bii ale Aeroclubului Rom\u00e2niei, prin forma\u021biile Hawks of Romania, White Wings \u0219i Blue Wings, precum \u0219i evolu\u021bii ale Iac\u0103rilor Acroba\u021bi, ale pilotului Jurgis Kairys \u0219i ale echipei Flying Dragons Team din Polonia.<\/p>\n\n\n\n<p class=\"wp-block-paragraph\">Spectacolul aerian a fost completat de un show de drone, efecte pirotehnice \u0219i un foc de artificii la final. <\/p>\n\n\n\n<p class=\"wp-block-paragraph\"><strong>Edi\u021bia din 2026 a reunit peste 1.000 de profesioni\u0219ti civili \u0219i militari implica\u021bi \u00een desf\u0103\u0219urarea evenimentului, de la pilo\u021bi, para\u0219uti\u0219ti \u0219i controlori de trafic aerian p\u00e2n\u0103 la echipe tehnice, logistice \u0219i de siguran\u021b\u0103.<\/strong><\/p>\n\n\n\n<h2 id=\"h-cand-va-avea-loc-bias-in-2027\" class=\"wp-block-heading\">C\u00e2nd va avea loc BIAS \u00een 2027<\/h2>\n\n\n\n<p class=\"wp-block-paragraph\">Organizatorii mai estimeaz\u0103 o audien\u021b\u0103 media interna\u021bional\u0103 de aproximativ 3 milioane de persoane \u0219i peste 10 milioane de vizualiz\u0103ri \u00een social media, anul acesta. La eveniment au fost acredita\u021bi aproximativ 700 de spotteri, inclusiv din str\u0103in\u0103tate, iar peste 400 de jurnali\u0219ti au reflectat edi\u021bia de anul acesta. <\/p>\n\n\n\n<p class=\"wp-block-paragraph\">Buletin de Bucure\u0219ti a fost \u0219i anul acesta partener media al evenimentului. <\/p>\n\n\n\n<p class=\"wp-block-paragraph\">BIAS este organizat de Compania Na\u021bional\u0103 Aeroporturi Bucure\u0219ti, Aeroclubul Rom\u00e2niei \u0219i ROMATSA, \u00eempreun\u0103 cu ROMAERO, \u00een parteneriat cu For\u021bele Aeriene Rom\u00e2ne \u0219i Clubul Sportiv AIBO. Publicul a avut acces gratuit la eveniment. <\/p>\n\n\n\n<p class=\"wp-block-paragraph\"><strong>Organizatorii au anun\u021bat deja \u0219i urm\u0103toarea edi\u021bie. Bucharest International Air Show este programat pentru 27 \u0219i 28 august 2027, la Aeroportul B\u0103neasa, iar preg\u0103tirile au \u00eenceput deja. <\/strong><\/p>\n\n\n\n<p class=\"wp-block-paragraph\"><strong>CITE\u0218TE \u0218I <a href=\"https:\/\/buletin.de\/bucuresti\/asia-fest-2026-la-arena-nationala-in-acest-weekend-program-bilete-si-principalele-atractii\/\" target=\"_blank\" rel=\"noreferrer noopener\">Asia Fest 2026, la Arena Na\u021bional\u0103, \u00een acest weekend. Program, bilete \u0219i principalele atrac\u021bii<\/a><\/strong><\/p>\n","protected":false},"excerpt":{"rendered":"<p>Edi\u021bia aniversar\u0103 a Bucharest Interna\u021bional Air Show &amp; General Aviation Exhibition (BIAS 2026), de pe Aeroportul B\u0103neasa, a atras 450.000 de spectatori, potrivit Companiei Na\u021bionale Aeroporturi Bucure\u0219ti (CNAB). Evenimentul s-a desf\u0103\u0219urat pe 28 \u0219i 29 august \u0219i a reunit peste 250 de aeronave civile \u0219i militare \u0219i mai mult de 250 de pilo\u021bi \u0219i para\u0219uti\u0219ti [&hellip;]<\/p>\n","protected":false},"author":65,"featured_media":215234,"comment_status":"closed","ping_status":"open","sticky":false,"template":"","format":"standard","meta":{"_acf_changed":false,"inline_featured_image":false,"ngg_post_thumbnail":0,"footnotes":""},"categories":[6994,9026,5762],"tags":[],"ppma_author":[23912],"class_list":["post-215210","post","type-post","status-publish","format-standard","has-post-thumbnail","hentry","category-stiri-2","category-eveniment","category-main"],"acf":[],"a3_pvc":{"activated":false,"total_views":0,"today_views":0},"yoast_head":"<!-- This site is optimized with the Yoast SEO Premium plugin v28.0 (Yoast SEO v28.3) - https:\/\/yoast.com\/product\/yoast-seo-premium-wordpress\/ -->\n<title>Num\u0103r record de spectatori la BIAS 2026: 450.000 de persoane prezente la show-ul de la Aeroportul B\u0103neasa - Buletin de Bucure\u0219ti<\/title>\n<meta name=\"description\" content=\"BIAS 2026 de pe Aeroportul B\u0103neasa, a atras 450.000 de persoane, potrivit Companiei Na\u021bionale Aeroporturi Bucure\u0219ti (CNAB).\" \/>\n<meta name=\"robots\" content=\"index, follow, max-snippet:-1, max-image-preview:large, max-video-preview:-1\" \/>\n<link rel=\"canonical\" href=\"https:\/\/buletin.de\/bucuresti\/numar-record-de-spectatori-la-bias-2026-450-000-de-persoane-prezente-la-show-ul-de-la-aeroportul-baneasa\/\" \/>\n<meta property=\"og:locale\" content=\"en_GB\" \/>\n<meta property=\"og:type\" content=\"article\" \/>\n<meta property=\"og:title\" content=\"Num\u0103r record de spectatori la BIAS 2026: 450.000 de persoane prezente la show-ul de la Aeroportul B\u0103neasa\" \/>\n<meta property=\"og:description\" content=\"BIAS 2026 de pe Aeroportul B\u0103neasa, a atras 450.000 de persoane, potrivit Companiei Na\u021bionale Aeroporturi Bucure\u0219ti (CNAB).\" \/>\n<meta property=\"og:url\" content=\"https:\/\/buletin.de\/bucuresti\/numar-record-de-spectatori-la-bias-2026-450-000-de-persoane-prezente-la-show-ul-de-la-aeroportul-baneasa\/\" \/>\n<meta property=\"og:site_name\" content=\"Buletin de Bucure\u0219ti\" \/>\n<meta property=\"article:publisher\" content=\"https:\/\/www.facebook.com\/buletin.de.buc\" \/>\n<meta property=\"article:published_time\" content=\"2026-09-01T10:02:29+00:00\" \/>\n<meta property=\"article:modified_time\" content=\"2026-09-01T10:10:17+00:00\" \/>\n<meta property=\"og:image\" content=\"https:\/\/buletin.de\/bucuresti\/wp-content\/uploads\/2026\/09\/Record-spectatori-la-BIAS-2026-450.000-de-persoane.jpg\" \/>\n\t<meta property=\"og:image:width\" content=\"1200\" \/>\n\t<meta property=\"og:image:height\" content=\"650\" \/>\n\t<meta property=\"og:image:type\" content=\"image\/jpeg\" \/>\n<meta name=\"author\" content=\"Andreea St\u0103n\u0103r\u00eeng\u0103\" \/>\n<meta name=\"twitter:card\" content=\"summary_large_image\" \/>\n<meta name=\"twitter:label1\" content=\"Written by\" \/>\n\t<meta name=\"twitter:data1\" content=\"Andreea St\u0103n\u0103r\u00eeng\u0103\" \/>\n\t<meta name=\"twitter:label2\" content=\"Estimated reading time\" \/>\n\t<meta name=\"twitter:data2\" content=\"3 minutes\" \/>\n<script type=\"application\/ld+json\" class=\"yoast-schema-graph\">{\"@context\":\"https:\\\/\\\/schema.org\",\"@graph\":[{\"@type\":\"Article\",\"@id\":\"https:\\\/\\\/buletin.de\\\/bucuresti\\\/numar-record-de-spectatori-la-bias-2026-450-000-de-persoane-prezente-la-show-ul-de-la-aeroportul-baneasa\\\/#article\",\"isPartOf\":{\"@id\":\"https:\\\/\\\/buletin.de\\\/bucuresti\\\/numar-record-de-spectatori-la-bias-2026-450-000-de-persoane-prezente-la-show-ul-de-la-aeroportul-baneasa\\\/\"},\"author\":{\"name\":\"Andreea St\u0103n\u0103r\u00eeng\u0103\",\"@id\":\"https:\\\/\\\/buletin.de\\\/bucuresti\\\/#\\\/schema\\\/person\\\/81421a46fb84a0887cfd2238f5202586\"},\"headline\":\"Num\u0103r record de spectatori la BIAS 2026: 450.000 de persoane prezente la show-ul de la Aeroportul B\u0103neasa\",\"datePublished\":\"2026-09-01T10:02:29+00:00\",\"dateModified\":\"2026-09-01T10:10:17+00:00\",\"mainEntityOfPage\":{\"@id\":\"https:\\\/\\\/buletin.de\\\/bucuresti\\\/numar-record-de-spectatori-la-bias-2026-450-000-de-persoane-prezente-la-show-ul-de-la-aeroportul-baneasa\\\/\"},\"wordCount\":516,\"publisher\":{\"@id\":\"https:\\\/\\\/buletin.de\\\/bucuresti\\\/#organization\"},\"image\":{\"@id\":\"https:\\\/\\\/buletin.de\\\/bucuresti\\\/numar-record-de-spectatori-la-bias-2026-450-000-de-persoane-prezente-la-show-ul-de-la-aeroportul-baneasa\\\/#primaryimage\"},\"thumbnailUrl\":\"https:\\\/\\\/buletin.de\\\/bucuresti\\\/wp-content\\\/uploads\\\/2026\\\/09\\\/Record-spectatori-la-BIAS-2026-450.000-de-persoane.jpg\",\"articleSection\":[\"Articole\",\"Eveniment\",\"Main\"],\"inLanguage\":\"en-GB\",\"copyrightYear\":\"2026\",\"copyrightHolder\":{\"@id\":\"https:\\\/\\\/buletin.de\\\/bucuresti\\\/#organization\"}},{\"@type\":\"WebPage\",\"@id\":\"https:\\\/\\\/buletin.de\\\/bucuresti\\\/numar-record-de-spectatori-la-bias-2026-450-000-de-persoane-prezente-la-show-ul-de-la-aeroportul-baneasa\\\/\",\"url\":\"https:\\\/\\\/buletin.de\\\/bucuresti\\\/numar-record-de-spectatori-la-bias-2026-450-000-de-persoane-prezente-la-show-ul-de-la-aeroportul-baneasa\\\/\",\"name\":\"Num\u0103r record de spectatori la BIAS 2026: 450.000 de persoane prezente la show-ul de la Aeroportul B\u0103neasa - Buletin de Bucure\u0219ti\",\"isPartOf\":{\"@id\":\"https:\\\/\\\/buletin.de\\\/bucuresti\\\/#website\"},\"primaryImageOfPage\":{\"@id\":\"https:\\\/\\\/buletin.de\\\/bucuresti\\\/numar-record-de-spectatori-la-bias-2026-450-000-de-persoane-prezente-la-show-ul-de-la-aeroportul-baneasa\\\/#primaryimage\"},\"image\":{\"@id\":\"https:\\\/\\\/buletin.de\\\/bucuresti\\\/numar-record-de-spectatori-la-bias-2026-450-000-de-persoane-prezente-la-show-ul-de-la-aeroportul-baneasa\\\/#primaryimage\"},\"thumbnailUrl\":\"https:\\\/\\\/buletin.de\\\/bucuresti\\\/wp-content\\\/uploads\\\/2026\\\/09\\\/Record-spectatori-la-BIAS-2026-450.000-de-persoane.jpg\",\"datePublished\":\"2026-09-01T10:02:29+00:00\",\"dateModified\":\"2026-09-01T10:10:17+00:00\",\"description\":\"BIAS 2026 de pe Aeroportul B\u0103neasa, a atras 450.000 de persoane, potrivit Companiei Na\u021bionale Aeroporturi Bucure\u0219ti (CNAB).\",\"breadcrumb\":{\"@id\":\"https:\\\/\\\/buletin.de\\\/bucuresti\\\/numar-record-de-spectatori-la-bias-2026-450-000-de-persoane-prezente-la-show-ul-de-la-aeroportul-baneasa\\\/#breadcrumb\"},\"inLanguage\":\"en-GB\",\"potentialAction\":[{\"@type\":\"ReadAction\",\"target\":[\"https:\\\/\\\/buletin.de\\\/bucuresti\\\/numar-record-de-spectatori-la-bias-2026-450-000-de-persoane-prezente-la-show-ul-de-la-aeroportul-baneasa\\\/\"]}]},{\"@type\":\"ImageObject\",\"inLanguage\":\"en-GB\",\"@id\":\"https:\\\/\\\/buletin.de\\\/bucuresti\\\/numar-record-de-spectatori-la-bias-2026-450-000-de-persoane-prezente-la-show-ul-de-la-aeroportul-baneasa\\\/#primaryimage\",\"url\":\"https:\\\/\\\/buletin.de\\\/bucuresti\\\/wp-content\\\/uploads\\\/2026\\\/09\\\/Record-spectatori-la-BIAS-2026-450.000-de-persoane.jpg\",\"contentUrl\":\"https:\\\/\\\/buletin.de\\\/bucuresti\\\/wp-content\\\/uploads\\\/2026\\\/09\\\/Record-spectatori-la-BIAS-2026-450.000-de-persoane.jpg\",\"width\":1200,\"height\":650,\"caption\":\"Foto: FB\\\/BIAS\"},{\"@type\":\"BreadcrumbList\",\"@id\":\"https:\\\/\\\/buletin.de\\\/bucuresti\\\/numar-record-de-spectatori-la-bias-2026-450-000-de-persoane-prezente-la-show-ul-de-la-aeroportul-baneasa\\\/#breadcrumb\",\"itemListElement\":[{\"@type\":\"ListItem\",\"position\":1,\"name\":\"Acas\u0103\",\"item\":\"https:\\\/\\\/buletin.de\\\/bucuresti\\\/\"},{\"@type\":\"ListItem\",\"position\":2,\"name\":\"Num\u0103r record de spectatori la BIAS 2026: 450.000 de persoane prezente la show-ul de la Aeroportul B\u0103neasa\"}]},{\"@type\":\"WebSite\",\"@id\":\"https:\\\/\\\/buletin.de\\\/bucuresti\\\/#website\",\"url\":\"https:\\\/\\\/buletin.de\\\/bucuresti\\\/\",\"name\":\"Buletin de Bucure\u0219ti\",\"description\":\"\u0218tiri \u0219i investiga\u021bii esen\u021biale din capital\u0103\",\"publisher\":{\"@id\":\"https:\\\/\\\/buletin.de\\\/bucuresti\\\/#organization\"},\"potentialAction\":[{\"@type\":\"SearchAction\",\"target\":{\"@type\":\"EntryPoint\",\"urlTemplate\":\"https:\\\/\\\/buletin.de\\\/bucuresti\\\/?s={search_term_string}\"},\"query-input\":{\"@type\":\"PropertyValueSpecification\",\"valueRequired\":true,\"valueName\":\"search_term_string\"}}],\"inLanguage\":\"en-GB\"},{\"@type\":\"Organization\",\"@id\":\"https:\\\/\\\/buletin.de\\\/bucuresti\\\/#organization\",\"name\":\"Buletin de Bucure\u0219ti\",\"url\":\"https:\\\/\\\/buletin.de\\\/bucuresti\\\/\",\"logo\":{\"@type\":\"ImageObject\",\"inLanguage\":\"en-GB\",\"@id\":\"https:\\\/\\\/buletin.de\\\/bucuresti\\\/#\\\/schema\\\/logo\\\/image\\\/\",\"url\":\"https:\\\/\\\/buletin.de\\\/bucuresti\\\/wp-content\\\/uploads\\\/logo-bdb-full-wide-vernil-transparent.png\",\"contentUrl\":\"https:\\\/\\\/buletin.de\\\/bucuresti\\\/wp-content\\\/uploads\\\/logo-bdb-full-wide-vernil-transparent.png\",\"width\":1782,\"height\":626,\"caption\":\"Buletin de Bucure\u0219ti\"},\"image\":{\"@id\":\"https:\\\/\\\/buletin.de\\\/bucuresti\\\/#\\\/schema\\\/logo\\\/image\\\/\"},\"sameAs\":[\"https:\\\/\\\/www.facebook.com\\\/buletin.de.buc\",\"https:\\\/\\\/www.instagram.com\\\/buletinde.bucuresti\\\/\"]},{\"@type\":\"Person\",\"@id\":\"https:\\\/\\\/buletin.de\\\/bucuresti\\\/#\\\/schema\\\/person\\\/81421a46fb84a0887cfd2238f5202586\",\"name\":\"Andreea St\u0103n\u0103r\u00eeng\u0103\",\"image\":{\"@type\":\"ImageObject\",\"inLanguage\":\"en-GB\",\"@id\":\"https:\\\/\\\/buletin.de\\\/bucuresti\\\/wp-content\\\/uploads\\\/2026\\\/06\\\/BDB_Andreea_S-1-96x96.jpgb79b6b91f9c59ea2bdedd1d8c093f6b4\",\"url\":\"https:\\\/\\\/buletin.de\\\/bucuresti\\\/wp-content\\\/uploads\\\/2026\\\/06\\\/BDB_Andreea_S-1-96x96.jpg\",\"contentUrl\":\"https:\\\/\\\/buletin.de\\\/bucuresti\\\/wp-content\\\/uploads\\\/2026\\\/06\\\/BDB_Andreea_S-1-96x96.jpg\",\"caption\":\"Andreea St\u0103n\u0103r\u00eeng\u0103\"},\"description\":\"Face parte din echipa Buletin de Bucure\u0219ti din 2025. A colaborat cu c\u00e2teva publica\u021bii, printre care \u0219i Fanatik.ro, unde s-a ocupat de \u0219tiri de lifestyle \u0219i de actualitate. A f\u0103cut un pas c\u0103tre presa local\u0103 pentru a explora Bucure\u0219tiul \u0219i pove\u0219tile care merit\u0103 spuse.\",\"url\":\"https:\\\/\\\/buletin.de\\\/bucuresti\\\/author\\\/andreea-stanaranga\\\/\"}]}<\/script>\n<!-- \/ Yoast SEO Premium plugin. -->","yoast_head_json":{"title":"Num\u0103r record de spectatori la BIAS 2026: 450.000 de persoane prezente la show-ul de la Aeroportul B\u0103neasa - Buletin de Bucure\u0219ti","description":"BIAS 2026 de pe Aeroportul B\u0103neasa, a atras 450.000 de persoane, potrivit Companiei Na\u021bionale Aeroporturi Bucure\u0219ti (CNAB).","robots":{"index":"index","follow":"follow","max-snippet":"max-snippet:-1","max-image-preview":"max-image-preview:large","max-video-preview":"max-video-preview:-1"},"canonical":"https:\/\/buletin.de\/bucuresti\/numar-record-de-spectatori-la-bias-2026-450-000-de-persoane-prezente-la-show-ul-de-la-aeroportul-baneasa\/","og_locale":"en_GB","og_type":"article","og_title":"Num\u0103r record de spectatori la BIAS 2026: 450.000 de persoane prezente la show-ul de la Aeroportul B\u0103neasa","og_description":"BIAS 2026 de pe Aeroportul B\u0103neasa, a atras 450.000 de persoane, potrivit Companiei Na\u021bionale Aeroporturi Bucure\u0219ti (CNAB).","og_url":"https:\/\/buletin.de\/bucuresti\/numar-record-de-spectatori-la-bias-2026-450-000-de-persoane-prezente-la-show-ul-de-la-aeroportul-baneasa\/","og_site_name":"Buletin de Bucure\u0219ti","article_publisher":"https:\/\/www.facebook.com\/buletin.de.buc","article_published_time":"2026-09-01T10:02:29+00:00","article_modified_time":"2026-09-01T10:10:17+00:00","og_image":[{"width":1200,"height":650,"url":"https:\/\/buletin.de\/bucuresti\/wp-content\/uploads\/2026\/09\/Record-spectatori-la-BIAS-2026-450.000-de-persoane.jpg","type":"image\/jpeg"}],"author":"Andreea St\u0103n\u0103r\u00eeng\u0103","twitter_card":"summary_large_image","twitter_misc":{"Written by":"Andreea St\u0103n\u0103r\u00eeng\u0103","Estimated reading time":"3 minutes"},"schema":{"@context":"https:\/\/schema.org","@graph":[{"@type":"Article","@id":"https:\/\/buletin.de\/bucuresti\/numar-record-de-spectatori-la-bias-2026-450-000-de-persoane-prezente-la-show-ul-de-la-aeroportul-baneasa\/#article","isPartOf":{"@id":"https:\/\/buletin.de\/bucuresti\/numar-record-de-spectatori-la-bias-2026-450-000-de-persoane-prezente-la-show-ul-de-la-aeroportul-baneasa\/"},"author":{"name":"Andreea St\u0103n\u0103r\u00eeng\u0103","@id":"https:\/\/buletin.de\/bucuresti\/#\/schema\/person\/81421a46fb84a0887cfd2238f5202586"},"headline":"Num\u0103r record de spectatori la BIAS 2026: 450.000 de persoane prezente la show-ul de la Aeroportul B\u0103neasa","datePublished":"2026-09-01T10:02:29+00:00","dateModified":"2026-09-01T10:10:17+00:00","mainEntityOfPage":{"@id":"https:\/\/buletin.de\/bucuresti\/numar-record-de-spectatori-la-bias-2026-450-000-de-persoane-prezente-la-show-ul-de-la-aeroportul-baneasa\/"},"wordCount":516,"publisher":{"@id":"https:\/\/buletin.de\/bucuresti\/#organization"},"image":{"@id":"https:\/\/buletin.de\/bucuresti\/numar-record-de-spectatori-la-bias-2026-450-000-de-persoane-prezente-la-show-ul-de-la-aeroportul-baneasa\/#primaryimage"},"thumbnailUrl":"https:\/\/buletin.de\/bucuresti\/wp-content\/uploads\/2026\/09\/Record-spectatori-la-BIAS-2026-450.000-de-persoane.jpg","articleSection":["Articole","Eveniment","Main"],"inLanguage":"en-GB","copyrightYear":"2026","copyrightHolder":{"@id":"https:\/\/buletin.de\/bucuresti\/#organization"}},{"@type":"WebPage","@id":"https:\/\/buletin.de\/bucuresti\/numar-record-de-spectatori-la-bias-2026-450-000-de-persoane-prezente-la-show-ul-de-la-aeroportul-baneasa\/","url":"https:\/\/buletin.de\/bucuresti\/numar-record-de-spectatori-la-bias-2026-450-000-de-persoane-prezente-la-show-ul-de-la-aeroportul-baneasa\/","name":"Num\u0103r record de spectatori la BIAS 2026: 450.000 de persoane prezente la show-ul de la Aeroportul B\u0103neasa - Buletin de Bucure\u0219ti","isPartOf":{"@id":"https:\/\/buletin.de\/bucuresti\/#website"},"primaryImageOfPage":{"@id":"https:\/\/buletin.de\/bucuresti\/numar-record-de-spectatori-la-bias-2026-450-000-de-persoane-prezente-la-show-ul-de-la-aeroportul-baneasa\/#primaryimage"},"image":{"@id":"https:\/\/buletin.de\/bucuresti\/numar-record-de-spectatori-la-bias-2026-450-000-de-persoane-prezente-la-show-ul-de-la-aeroportul-baneasa\/#primaryimage"},"thumbnailUrl":"https:\/\/buletin.de\/bucuresti\/wp-content\/uploads\/2026\/09\/Record-spectatori-la-BIAS-2026-450.000-de-persoane.jpg","datePublished":"2026-09-01T10:02:29+00:00","dateModified":"2026-09-01T10:10:17+00:00","description":"BIAS 2026 de pe Aeroportul B\u0103neasa, a atras 450.000 de persoane, potrivit Companiei Na\u021bionale Aeroporturi Bucure\u0219ti (CNAB).","breadcrumb":{"@id":"https:\/\/buletin.de\/bucuresti\/numar-record-de-spectatori-la-bias-2026-450-000-de-persoane-prezente-la-show-ul-de-la-aeroportul-baneasa\/#breadcrumb"},"inLanguage":"en-GB","potentialAction":[{"@type":"ReadAction","target":["https:\/\/buletin.de\/bucuresti\/numar-record-de-spectatori-la-bias-2026-450-000-de-persoane-prezente-la-show-ul-de-la-aeroportul-baneasa\/"]}]},{"@type":"ImageObject","inLanguage":"en-GB","@id":"https:\/\/buletin.de\/bucuresti\/numar-record-de-spectatori-la-bias-2026-450-000-de-persoane-prezente-la-show-ul-de-la-aeroportul-baneasa\/#primaryimage","url":"https:\/\/buletin.de\/bucuresti\/wp-content\/uploads\/2026\/09\/Record-spectatori-la-BIAS-2026-450.000-de-persoane.jpg","contentUrl":"https:\/\/buletin.de\/bucuresti\/wp-content\/uploads\/2026\/09\/Record-spectatori-la-BIAS-2026-450.000-de-persoane.jpg","width":1200,"height":650,"caption":"Foto: FB\/BIAS"},{"@type":"BreadcrumbList","@id":"https:\/\/buletin.de\/bucuresti\/numar-record-de-spectatori-la-bias-2026-450-000-de-persoane-prezente-la-show-ul-de-la-aeroportul-baneasa\/#breadcrumb","itemListElement":[{"@type":"ListItem","position":1,"name":"Acas\u0103","item":"https:\/\/buletin.de\/bucuresti\/"},{"@type":"ListItem","position":2,"name":"Num\u0103r record de spectatori la BIAS 2026: 450.000 de persoane prezente la show-ul de la Aeroportul B\u0103neasa"}]},{"@type":"WebSite","@id":"https:\/\/buletin.de\/bucuresti\/#website","url":"https:\/\/buletin.de\/bucuresti\/","name":"Buletin de Bucure\u0219ti","description":"\u0218tiri \u0219i investiga\u021bii esen\u021biale din capital\u0103","publisher":{"@id":"https:\/\/buletin.de\/bucuresti\/#organization"},"potentialAction":[{"@type":"SearchAction","target":{"@type":"EntryPoint","urlTemplate":"https:\/\/buletin.de\/bucuresti\/?s={search_term_string}"},"query-input":{"@type":"PropertyValueSpecification","valueRequired":true,"valueName":"search_term_string"}}],"inLanguage":"en-GB"},{"@type":"Organization","@id":"https:\/\/buletin.de\/bucuresti\/#organization","name":"Buletin de Bucure\u0219ti","url":"https:\/\/buletin.de\/bucuresti\/","logo":{"@type":"ImageObject","inLanguage":"en-GB","@id":"https:\/\/buletin.de\/bucuresti\/#\/schema\/logo\/image\/","url":"https:\/\/buletin.de\/bucuresti\/wp-content\/uploads\/logo-bdb-full-wide-vernil-transparent.png","contentUrl":"https:\/\/buletin.de\/bucuresti\/wp-content\/uploads\/logo-bdb-full-wide-vernil-transparent.png","width":1782,"height":626,"caption":"Buletin de Bucure\u0219ti"},"image":{"@id":"https:\/\/buletin.de\/bucuresti\/#\/schema\/logo\/image\/"},"sameAs":["https:\/\/www.facebook.com\/buletin.de.buc","https:\/\/www.instagram.com\/buletinde.bucuresti\/"]},{"@type":"Person","@id":"https:\/\/buletin.de\/bucuresti\/#\/schema\/person\/81421a46fb84a0887cfd2238f5202586","name":"Andreea St\u0103n\u0103r\u00eeng\u0103","image":{"@type":"ImageObject","inLanguage":"en-GB","@id":"https:\/\/buletin.de\/bucuresti\/wp-content\/uploads\/2026\/06\/BDB_Andreea_S-1-96x96.jpgb79b6b91f9c59ea2bdedd1d8c093f6b4","url":"https:\/\/buletin.de\/bucuresti\/wp-content\/uploads\/2026\/06\/BDB_Andreea_S-1-96x96.jpg","contentUrl":"https:\/\/buletin.de\/bucuresti\/wp-content\/uploads\/2026\/06\/BDB_Andreea_S-1-96x96.jpg","caption":"Andreea St\u0103n\u0103r\u00eeng\u0103"},"description":"Face parte din echipa Buletin de Bucure\u0219ti din 2025. A colaborat cu c\u00e2teva publica\u021bii, printre care \u0219i Fanatik.ro, unde s-a ocupat de \u0219tiri de lifestyle \u0219i de actualitate. A f\u0103cut un pas c\u0103tre presa local\u0103 pentru a explora Bucure\u0219tiul \u0219i pove\u0219tile care merit\u0103 spuse.","url":"https:\/\/buletin.de\/bucuresti\/author\/andreea-stanaranga\/"}]}},"authors":[{"term_id":23912,"user_id":65,"is_guest":0,"slug":"andreea-stanaranga","display_name":"Andreea St\u0103n\u0103r\u00eeng\u0103","avatar_url":"https:\/\/buletin.de\/bucuresti\/wp-content\/uploads\/2026\/06\/BDB_Andreea_S-1-96x96.jpg","author_category":"1","first_name":"Andreea","last_name":"St\u0103n\u0103r\u00eeng\u0103","user_url":"","job_title":"","description":"Face parte din echipa Buletin de Bucure\u0219ti din 2025. A colaborat cu c\u00e2teva publica\u021bii, printre care \u0219i Fanatik.ro, unde s-a ocupat de \u0219tiri de lifestyle \u0219i de actualitate. A f\u0103cut un pas c\u0103tre presa local\u0103 pentru a explora Bucure\u0219tiul \u0219i pove\u0219tile care merit\u0103 spuse."}],"_links":{"self":[{"href":"https:\/\/buletin.de\/bucuresti\/wp-json\/wp\/v2\/posts\/215210","targetHints":{"allow":["GET"]}}],"collection":[{"href":"https:\/\/buletin.de\/bucuresti\/wp-json\/wp\/v2\/posts"}],"about":[{"href":"https:\/\/buletin.de\/bucuresti\/wp-json\/wp\/v2\/types\/post"}],"author":[{"embeddable":true,"href":"https:\/\/buletin.de\/bucuresti\/wp-json\/wp\/v2\/users\/65"}],"replies":[{"embeddable":true,"href":"https:\/\/buletin.de\/bucuresti\/wp-json\/wp\/v2\/comments?post=215210"}],"version-history":[{"count":11,"href":"https:\/\/buletin.de\/bucuresti\/wp-json\/wp\/v2\/posts\/215210\/revisions"}],"predecessor-version":[{"id":215246,"href":"https:\/\/buletin.de\/bucuresti\/wp-json\/wp\/v2\/posts\/215210\/revisions\/215246"}],"wp:featuredmedia":[{"embeddable":true,"href":"https:\/\/buletin.de\/bucuresti\/wp-json\/wp\/v2\/media\/215234"}],"wp:attachment":[{"href":"https:\/\/buletin.de\/bucuresti\/wp-json\/wp\/v2\/media?parent=215210"}],"wp:term":[{"taxonomy":"category","embeddable":true,"href":"https:\/\/buletin.de\/bucuresti\/wp-json\/wp\/v2\/categories?post=215210"},{"taxonomy":"post_tag","embeddable":true,"href":"https:\/\/buletin.de\/bucuresti\/wp-json\/wp\/v2\/tags?post=215210"},{"taxonomy":"author","embeddable":true,"href":"https:\/\/buletin.de\/bucuresti\/wp-json\/wp\/v2\/ppma_author?post=215210"}],"curies":[{"name":"wp","href":"https:\/\/api.w.org\/{rel}","templated":true}]}}