{"id":215191,"date":"2026-09-01T11:39:40","date_gmt":"2026-09-01T08:39:40","guid":{"rendered":"https:\/\/buletin.de\/bucuresti\/?p=215191"},"modified":"2026-09-01T11:44:14","modified_gmt":"2026-09-01T08:44:14","slug":"asia-fest-2026-la-arena-nationala-in-acest-weekend-program-bilete-si-principalele-atractii","status":"publish","type":"post","link":"https:\/\/buletin.de\/bucuresti\/asia-fest-2026-la-arena-nationala-in-acest-weekend-program-bilete-si-principalele-atractii\/","title":{"rendered":"Asia Fest 2026, la Arena Na\u021bional\u0103, \u00een acest weekend. Program, bilete \u0219i principalele atrac\u021bii"},"content":{"rendered":"\n<p class=\"wp-block-paragraph\"><strong>Festivalul Asia Fest 2026, ajuns la cea de-a 13-a edi\u021bie, are loc \u00een weekendul 4-6 septembrie, \u00een curtea Arenei Na\u021bionale din Bucure\u0219ti, cu accesul publicului dinspre strada Maior Coravu. <\/strong><\/p>\n\n\n\n<p class=\"wp-block-paragraph\">Organizatorii anun\u021b\u0103 trei zile de concerte, spectacole de dans, gastronomie, ateliere \u0219i activit\u0103\u021bi dedicate culturilor asiatice. Edi\u021bia din acest an reune\u0219te reprezentan\u021bi \u0219i arti\u0219ti din 14 \u021b\u0103ri: Japonia, Coreea de Sud, China, India, Thailanda, Vietnam, Nepal, Sri Lanka, Filipine, Bangladesh, Pakistan, Turcia, Siria \u0219i Liban.<\/p>\n\n\n\n<p class=\"wp-block-paragraph\">Programul evenimentului include concerte, spectacole tradi\u021bionale \u0219i contemporane, concursuri de cosplay, demonstra\u021bii de arte mar\u021biale, precum \u0219i activit\u0103\u021bi pentru copii \u0219i mai multe ateliere. Peste 200 de arti\u0219ti \u0219i invita\u021bi vor fi prezen\u021bi la festival, dar \u0219i peste 100 de restaurante, food truck-uri, centre culturale, importatori \u0219i expozan\u021bi. <\/p>\n\n\n\n<h2 id=\"h-patru-zone-dedicate-turciei-indiei-coreei-de-sud-\u0219i-japoniei-la-asia-fest\" class=\"wp-block-heading\">Patru zone dedicate Turciei, Indiei, Coreei de Sud \u0219i Japoniei, la Asia Fest <\/h2>\n\n\n\n<p class=\"wp-block-paragraph\"><strong>Una dintre nout\u0103\u021bile edi\u021biei din acest an este organizarea a patru zone cultural-gastronomice dedicate Turciei, Indiei, Coreei de Sud \u0219i Japoniei.<\/strong><\/p>\n\n\n\n<p class=\"wp-block-paragraph\">\u00cen zona dedicat\u0103 Turciei, vizitatorii vor g\u0103si preparate precum \u00f6zleme, d\u00f6ner, kebap, lahmacun \u0219i simit, dar \u0219i cafea turceasc\u0103, baclavale \u0219i alte dulciuri. Programul va include \u0219i ateliere de Ebru, expozi\u021bii \u0219i momente de dans \u0219i muzic\u0103.<\/p>\n\n\n\n<p class=\"wp-block-paragraph\">Zona Indiei va combina gastronomia cu ateliere de dans, yoga, henna, rangoli \u0219i mandale. Vizitatorii vor descoperi preparate precum tikka masala, butter chicken, butter paneer, curry-uri de legume, biryani \u0219i naan, precum \u0219i deserturi \u0219i b\u0103uturi tradi\u021bionale.<\/p>\n\n\n\n<p class=\"wp-block-paragraph\">De asemenea, la Korean Corner, <a href=\"https:\/\/buletin.de\/bucuresti\/asia-fest-la-arena-nationala-timp-de-trei-zile\/\" data-type=\"link\" data-id=\"https:\/\/buletin.de\/bucuresti\/asia-fest-la-arena-nationala-timp-de-trei-zile\/\" target=\"_blank\" rel=\"noreferrer noopener\">publicul <\/a>va avea la dispozi\u021bie preparate cum ar fi bibimbap, bulgogi, kimchi, sundubu jjigae, mandu, tteokbokki \u0219i kimbap. Vor fi incluse \u00een program ateliere de caligrafie \u0219i activit\u0103\u021bi inspirate de cultura sud-coreean\u0103, dar \u0219i demonstra\u021bii \u0219i workshopuri de K-Pop.<\/p>\n\n\n\n<p class=\"wp-block-paragraph\">\u00cen zona dedicat\u0103 Japoniei vor fi disponibile preparate precum sushi, ramen, bento, gyoza, curry rice, yakisoba \u0219i sashimi. Vizitatorii vor putea participa la ateliere de origami \u0219i caligrafie japonez\u0103, la ceremonia ceaiului \u0219i vor putea proba kimono sau yukata.<\/p>\n\n\n\n<p class=\"wp-block-paragraph\"><strong>La festival va fi amenajat\u0103 \u0219i o zon\u0103 dedicat\u0103 culturii contemporane japoneze \u0219i sud-coreene. KJ Area va reuni activit\u0103\u021bi legale de K-Pop, manga, anime \u0219i cosplay. <\/strong><\/p>\n\n\n\n<p class=\"wp-block-paragraph\">Vizitatorii vor putea participa la jocuri de societate \u0219i Dungeons &amp; Dragons, ateliere de desen manga, activit\u0103\u021bi inspirate de K-Pop \u0219i o Alee a Arti\u0219tilor. Zona va include \u0219i o scen\u0103 dedicat\u0103 dansului \u0219i muzicii coreene \u0219i japoneze.<\/p>\n\n\n\n<p class=\"wp-block-paragraph\">Printre invita\u021bii interna\u021bionali anun\u021ba\u021bi se num\u0103r\u0103 DJ Fat Lips \u0219i dansatorul JCO din Coreea de Sud, Fetiblue Band \u0219i U\u011fur Bozda\u011f din Turcia, proiectul ORIENTARHYTHM din Japonia, precum \u0219i arti\u0219tii Eri Lu \u0219i Yozo din Bulgaria. \u00cen program este inclus \u0219i un spectacol ORIENTARHYTHM, programat duminic\u0103, 6 septembrie, de la ora 20.00.<\/p>\n\n\n\n<h4 id=\"h-preparate-inspirate-\u0219i-din-alte-\u021bari-asiatice\" class=\"wp-block-heading\">Preparate inspirate \u0219i din alte \u021b\u0103ri asiatice <\/h4>\n\n\n\n<p class=\"wp-block-paragraph\">\u00cen afar\u0103 de cele patru zone principale, festivalul va include preparate \u0219i produse inspirate din gastronomia Chinei, Vietnamului, Thailandei, Sri Lank\u0103i, Filipinelor, Siriei \u0219i Libanului, unde vizitatorii vor g\u0103si preparate la wok, rulouri vietnameze, curry-uri, t\u0103i\u021bei, orez, frig\u0103rui satay, produse de patiserie, bubble tea \u0219i diverse deserturi.<\/p>\n\n\n\n<p class=\"wp-block-paragraph\">\u00cen plus, va fi amenajat\u0103 \u0219i o zon\u0103 Asia Market, unde vor fi comercializate produse precum sosuri, condimente, ceaiuri, dulciuri, c\u0103r\u021bi, manga, jocuri, obiecte de decor, cosmetice, haine \u0219i accesorii.<\/p>\n\n\n\n<p class=\"wp-block-paragraph\"><strong>CITE\u0218TE \u0218I <a href=\"https:\/\/buletin.de\/bucuresti\/asia-fest-revine-in-septembrie-bucatarie-traditionala-asiatica-ateliere-si-expozitii-la-arena-nationala\/\" target=\"_blank\" rel=\"noreferrer noopener\">ASIA FEST revine \u00een septembrie. Buc\u0103t\u0103rie tradi\u021bional\u0103 asiatic\u0103, ateliere \u0219i expozi\u021bii, la Arena Na\u021bional\u0103<\/a><\/strong><\/p>\n\n\n\n<h2 id=\"h-ce-alte-activita\u021bi-sunt-incluse-la-asia-fest-2026\" class=\"wp-block-heading\">Ce alte activit\u0103\u021bi sunt incluse la Asia Fest 2026<\/h2>\n\n\n\n<p class=\"wp-block-paragraph\">Pentru copii vor fi organizate ateliere de confec\u021bionare a zmeielor coreene, pictur\u0103 \u0219i saco\u0219e din p\u00e2nz\u0103, slime, face painting \u0219i activit\u0103\u021bi bazate pe metoda japonez\u0103 Soroban. \u00cen program vor fi incluse \u0219i tatuaje cu henna, experien\u021be VR, trambuline \u0219i alte jocuri.<\/p>\n\n\n\n<p class=\"wp-block-paragraph\">Va exista \u0219i o zon\u0103 dedicat\u0103 ma\u0219inilor asiatice tunate, unde vor fi prezentate modele personalizate. Totodat\u0103, organizatorii anun\u021b\u0103 \u0219i demonstra\u021bii \u0219i simulatoare auto. <\/p>\n\n\n\n<p class=\"wp-block-paragraph\">Programul mai include \u0219i ateliere de WuShu \u0219i Taichi, jocul strategic GO, board games, pictur\u0103, ceramic\u0103, realizarea de m\u0103\u0219ti \u0219i lampioane, precum \u0219i alte activit\u0103\u021bi interactive.<\/p>\n\n\n\n<p class=\"wp-block-paragraph\">Vizitatorii vor mai putea participa la ateliere de pictur\u0103 pe evantaie, m\u0103\u0219ti japoneze, lampioane \u0219i ceramic\u0103, pictur\u0103 pe nisip sau realizare de lum\u00e2n\u0103ri parfumate.<\/p>\n\n\n\n<p class=\"wp-block-paragraph\">Aleea Arti\u0219tilor va aduce \u00eempreun\u0103 ilustratori, artizani \u0219i creatori independen\u021bi, iar vizitatorii vor avea posibilitatea de a cump\u0103ra lucr\u0103ri originale, produse handmade \u0219i cadouri inspirate de culturile asiatice.<\/p>\n\n\n\n<h2 id=\"h-cum-ajungi-la-asia-fest-2026\" class=\"wp-block-heading\">Cum ajungi la Asia Fest 2026 <\/h2>\n\n\n\n<p class=\"wp-block-paragraph\"><strong>Orarul Asia Fest 2026 este urm\u0103torul: <\/strong><\/p>\n\n\n\n<ul class=\"wp-block-list\">\n<li>Vineri, 4 septembrie: <strong>14.00 \u2013 22.00;<\/strong><\/li>\n\n\n\n<li>S\u00e2mb\u0103t\u0103 \u0219i duminic\u0103, 5-6 septembrie: <strong>10.00 \u2013 22.00.<\/strong><\/li>\n<\/ul>\n\n\n\n<p class=\"wp-block-paragraph\">Pentru a ajunge la Asia Fest 2026, \u00een curtea Arenei Na\u021bionale, publicul poate intra de pe strada Maior Coravu. Sunt disponibile urm\u0103toarele op\u021biuni de transport public: <\/p>\n\n\n\n<ul class=\"wp-block-list\">\n<li>Metrou: <strong>Sta\u021bia Pia\u021ba Muncii <\/strong>(Linia M1) este la aproximativ 1,5 km distan\u021b\u0103. De aici, se poate continua pe jos sau lua <strong>autobuzul 104 <\/strong>p\u00e2n\u0103 la sta\u021bia Arena Na\u021bional\u0103.<\/li>\n\n\n\n<li>Autobuz: <strong>liniile 104, 335, 637<\/strong> opresc \u00een apropiere. Sta\u021biile cele mai apropiate sunt Arena Na\u021bional\u0103 \u0219i Bd. Nicolae Grigorescu, la 1\u20133 minute de mers pe jos.<\/li>\n\n\n\n<li>Troleibuz: <strong>liniile 86 \u0219i 90<\/strong> au sta\u021bii \u00een apropiere, facilit\u00e2nd accesul rapid la festival.<\/li>\n<\/ul>\n\n\n\n<h2 id=\"h-de-unde-pot-fi-achizi\u021bionate-biletele-pentru-asia-fest-2026\" class=\"wp-block-heading\">De unde pot fi achizi\u021bionate biletele pentru Asia Fest 2026 <\/h2>\n\n\n\n<p class=\"wp-block-paragraph\">Accesul la festival se face pe baz\u0103 de<strong> bilete \u0219i abonamente<\/strong>, care pot fi achizi\u021bionate de la intrare sau online, de pe site-ul More.ro: <a href=\"https:\/\/www.more.com\/ro-ro\/tickets\/happenings\/asia-fest-abonament\/\" target=\"_blank\" rel=\"noreferrer noopener\">https:\/\/www.more.com\/ro-ro\/tickets\/happenings\/asia-fest-abonament\/<\/a>. Copiii sun 7 ani \u0219i persoanele cu dizabilit\u0103\u021bi beneficiaz\u0103 de intrare liber\u0103. <\/p>\n\n\n\n<p class=\"wp-block-paragraph\"><strong>Pre\u021burile biletelor sunt urm\u0103toarele: <\/strong><\/p>\n\n\n\n<ul class=\"wp-block-list\">\n<li>Vineri, 4 septembrie:<strong> 25 de lei <\/strong>\/adult sau copil peste 7 ani.<\/li>\n\n\n\n<li>S\u00e2mb\u0103t\u0103 \u0219i duminic\u0103, 5 \u0219i 6 septembrie: <strong>30 de lei<\/strong>\/ adult sau copil peste 7 ani<\/li>\n<\/ul>\n\n\n\n<p class=\"wp-block-paragraph\"><strong>Pre\u021bul abonamentului pentru toate cele trei zile Asia Fest:<\/strong><\/p>\n\n\n\n<ul class=\"wp-block-list\">\n<li><strong>70 de lei<\/strong>\/ adult sau copil peste 7 ani.<\/li>\n<\/ul>\n\n\n\n<p class=\"wp-block-paragraph\">Asia Fest este organizat de Creative Arts, Media Events &amp; Entertainment, \u00een parteneriat cu Prim\u0103ria Sectorului 2. <\/p>\n\n\n\n<p class=\"wp-block-paragraph\"><strong>CITE\u0218TE \u0218I <a href=\"https:\/\/buletin.de\/bucuresti\/sectorul-2-va-contribui-cu-50-000-de-euro-pentru-festivalul-unfinished-2026\/\" target=\"_blank\" rel=\"noreferrer noopener\">Sectorul 2 va contribui cu 50.000 de euro la bugetul Festivalului Unfinished 2026<\/a><\/strong><\/p>\n","protected":false},"excerpt":{"rendered":"<p>Festivalul Asia Fest 2026, ajuns la cea de-a 13-a edi\u021bie, are loc \u00een weekendul 4-6 septembrie, \u00een curtea Arenei Na\u021bionale din Bucure\u0219ti, cu accesul publicului dinspre strada Maior Coravu. Organizatorii anun\u021b\u0103 trei zile de concerte, spectacole de dans, gastronomie, ateliere \u0219i activit\u0103\u021bi dedicate culturilor asiatice. Edi\u021bia din acest an reune\u0219te reprezentan\u021bi \u0219i arti\u0219ti din 14 [&hellip;]<\/p>\n","protected":false},"author":65,"featured_media":215209,"comment_status":"closed","ping_status":"open","sticky":false,"template":"","format":"standard","meta":{"_acf_changed":false,"inline_featured_image":false,"ngg_post_thumbnail":0,"footnotes":""},"categories":[6994,62],"tags":[30507,261,7016,30506,2285,502],"ppma_author":[23912],"class_list":["post-215191","post","type-post","status-publish","format-standard","has-post-thumbnail","hentry","category-stiri-2","category-stiri","tag-activitati-2","tag-arena-nationala","tag-asia-fest","tag-asia-fest-2026","tag-festival","tag-program"],"acf":[],"a3_pvc":{"activated":false,"total_views":0,"today_views":0},"yoast_head":"<!-- This site is optimized with the Yoast SEO Premium plugin v28.0 (Yoast SEO v28.3) - https:\/\/yoast.com\/product\/yoast-seo-premium-wordpress\/ -->\n<title>Asia Fest 2026, la Arena Na\u021bional\u0103, \u00een acest weekend. Program, bilete \u0219i principalele atrac\u021bii - Buletin de Bucure\u0219ti<\/title>\n<meta name=\"description\" content=\"Festivalul Asia Fest 2026, ajuns la cea de-a 13-a edi\u021bie, are loc \u00een weekendul 4-6 septembrie, \u00een curtea Arenei Na\u021bionale din Bucure\u0219ti.\" \/>\n<meta name=\"robots\" content=\"index, follow, max-snippet:-1, max-image-preview:large, max-video-preview:-1\" \/>\n<link rel=\"canonical\" href=\"https:\/\/buletin.de\/bucuresti\/asia-fest-2026-la-arena-nationala-in-acest-weekend-program-bilete-si-principalele-atractii\/\" \/>\n<meta property=\"og:locale\" content=\"en_GB\" \/>\n<meta property=\"og:type\" content=\"article\" \/>\n<meta property=\"og:title\" content=\"Asia Fest 2026, la Arena Na\u021bional\u0103, \u00een acest weekend. Program, bilete \u0219i principalele atrac\u021bii\" \/>\n<meta property=\"og:description\" content=\"Festivalul Asia Fest 2026, ajuns la cea de-a 13-a edi\u021bie, are loc \u00een weekendul 4-6 septembrie, \u00een curtea Arenei Na\u021bionale din Bucure\u0219ti.\" \/>\n<meta property=\"og:url\" content=\"https:\/\/buletin.de\/bucuresti\/asia-fest-2026-la-arena-nationala-in-acest-weekend-program-bilete-si-principalele-atractii\/\" \/>\n<meta property=\"og:site_name\" content=\"Buletin de Bucure\u0219ti\" \/>\n<meta property=\"article:publisher\" content=\"https:\/\/www.facebook.com\/buletin.de.buc\" \/>\n<meta property=\"article:published_time\" content=\"2026-09-01T08:39:40+00:00\" \/>\n<meta property=\"article:modified_time\" content=\"2026-09-01T08:44:14+00:00\" \/>\n<meta property=\"og:image\" content=\"https:\/\/buletin.de\/bucuresti\/wp-content\/uploads\/2026\/09\/Asia-Fest-2026-festival-Arena-Nationala-4-6-septembrie-1.jpg\" \/>\n\t<meta property=\"og:image:width\" content=\"1200\" \/>\n\t<meta property=\"og:image:height\" content=\"650\" \/>\n\t<meta property=\"og:image:type\" content=\"image\/jpeg\" \/>\n<meta name=\"author\" content=\"Andreea St\u0103n\u0103r\u00eeng\u0103\" \/>\n<meta name=\"twitter:card\" content=\"summary_large_image\" \/>\n<meta name=\"twitter:label1\" content=\"Written by\" \/>\n\t<meta name=\"twitter:data1\" content=\"Andreea St\u0103n\u0103r\u00eeng\u0103\" \/>\n\t<meta name=\"twitter:label2\" content=\"Estimated reading time\" \/>\n\t<meta name=\"twitter:data2\" content=\"5 minutes\" \/>\n<script type=\"application\/ld+json\" class=\"yoast-schema-graph\">{\"@context\":\"https:\\\/\\\/schema.org\",\"@graph\":[{\"@type\":\"Article\",\"@id\":\"https:\\\/\\\/buletin.de\\\/bucuresti\\\/asia-fest-2026-la-arena-nationala-in-acest-weekend-program-bilete-si-principalele-atractii\\\/#article\",\"isPartOf\":{\"@id\":\"https:\\\/\\\/buletin.de\\\/bucuresti\\\/asia-fest-2026-la-arena-nationala-in-acest-weekend-program-bilete-si-principalele-atractii\\\/\"},\"author\":{\"name\":\"Andreea St\u0103n\u0103r\u00eeng\u0103\",\"@id\":\"https:\\\/\\\/buletin.de\\\/bucuresti\\\/#\\\/schema\\\/person\\\/81421a46fb84a0887cfd2238f5202586\"},\"headline\":\"Asia Fest 2026, la Arena Na\u021bional\u0103, \u00een acest weekend. Program, bilete \u0219i principalele atrac\u021bii\",\"datePublished\":\"2026-09-01T08:39:40+00:00\",\"dateModified\":\"2026-09-01T08:44:14+00:00\",\"mainEntityOfPage\":{\"@id\":\"https:\\\/\\\/buletin.de\\\/bucuresti\\\/asia-fest-2026-la-arena-nationala-in-acest-weekend-program-bilete-si-principalele-atractii\\\/\"},\"wordCount\":1003,\"publisher\":{\"@id\":\"https:\\\/\\\/buletin.de\\\/bucuresti\\\/#organization\"},\"image\":{\"@id\":\"https:\\\/\\\/buletin.de\\\/bucuresti\\\/asia-fest-2026-la-arena-nationala-in-acest-weekend-program-bilete-si-principalele-atractii\\\/#primaryimage\"},\"thumbnailUrl\":\"https:\\\/\\\/buletin.de\\\/bucuresti\\\/wp-content\\\/uploads\\\/2026\\\/09\\\/Asia-Fest-2026-festival-Arena-Nationala-4-6-septembrie-1.jpg\",\"keywords\":[\"activitati\",\"arena nationala\",\"asia fest\",\"asia fest 2026\",\"festival\",\"program\"],\"articleSection\":[\"Articole\",\"\u0218tiri\"],\"inLanguage\":\"en-GB\",\"copyrightYear\":\"2026\",\"copyrightHolder\":{\"@id\":\"https:\\\/\\\/buletin.de\\\/bucuresti\\\/#organization\"}},{\"@type\":\"WebPage\",\"@id\":\"https:\\\/\\\/buletin.de\\\/bucuresti\\\/asia-fest-2026-la-arena-nationala-in-acest-weekend-program-bilete-si-principalele-atractii\\\/\",\"url\":\"https:\\\/\\\/buletin.de\\\/bucuresti\\\/asia-fest-2026-la-arena-nationala-in-acest-weekend-program-bilete-si-principalele-atractii\\\/\",\"name\":\"Asia Fest 2026, la Arena Na\u021bional\u0103, \u00een acest weekend. Program, bilete \u0219i principalele atrac\u021bii - Buletin de Bucure\u0219ti\",\"isPartOf\":{\"@id\":\"https:\\\/\\\/buletin.de\\\/bucuresti\\\/#website\"},\"primaryImageOfPage\":{\"@id\":\"https:\\\/\\\/buletin.de\\\/bucuresti\\\/asia-fest-2026-la-arena-nationala-in-acest-weekend-program-bilete-si-principalele-atractii\\\/#primaryimage\"},\"image\":{\"@id\":\"https:\\\/\\\/buletin.de\\\/bucuresti\\\/asia-fest-2026-la-arena-nationala-in-acest-weekend-program-bilete-si-principalele-atractii\\\/#primaryimage\"},\"thumbnailUrl\":\"https:\\\/\\\/buletin.de\\\/bucuresti\\\/wp-content\\\/uploads\\\/2026\\\/09\\\/Asia-Fest-2026-festival-Arena-Nationala-4-6-septembrie-1.jpg\",\"datePublished\":\"2026-09-01T08:39:40+00:00\",\"dateModified\":\"2026-09-01T08:44:14+00:00\",\"description\":\"Festivalul Asia Fest 2026, ajuns la cea de-a 13-a edi\u021bie, are loc \u00een weekendul 4-6 septembrie, \u00een curtea Arenei Na\u021bionale din Bucure\u0219ti.\",\"breadcrumb\":{\"@id\":\"https:\\\/\\\/buletin.de\\\/bucuresti\\\/asia-fest-2026-la-arena-nationala-in-acest-weekend-program-bilete-si-principalele-atractii\\\/#breadcrumb\"},\"inLanguage\":\"en-GB\",\"potentialAction\":[{\"@type\":\"ReadAction\",\"target\":[\"https:\\\/\\\/buletin.de\\\/bucuresti\\\/asia-fest-2026-la-arena-nationala-in-acest-weekend-program-bilete-si-principalele-atractii\\\/\"]}]},{\"@type\":\"ImageObject\",\"inLanguage\":\"en-GB\",\"@id\":\"https:\\\/\\\/buletin.de\\\/bucuresti\\\/asia-fest-2026-la-arena-nationala-in-acest-weekend-program-bilete-si-principalele-atractii\\\/#primaryimage\",\"url\":\"https:\\\/\\\/buletin.de\\\/bucuresti\\\/wp-content\\\/uploads\\\/2026\\\/09\\\/Asia-Fest-2026-festival-Arena-Nationala-4-6-septembrie-1.jpg\",\"contentUrl\":\"https:\\\/\\\/buletin.de\\\/bucuresti\\\/wp-content\\\/uploads\\\/2026\\\/09\\\/Asia-Fest-2026-festival-Arena-Nationala-4-6-septembrie-1.jpg\",\"width\":1200,\"height\":650,\"caption\":\"Foto: Asia Fest\"},{\"@type\":\"BreadcrumbList\",\"@id\":\"https:\\\/\\\/buletin.de\\\/bucuresti\\\/asia-fest-2026-la-arena-nationala-in-acest-weekend-program-bilete-si-principalele-atractii\\\/#breadcrumb\",\"itemListElement\":[{\"@type\":\"ListItem\",\"position\":1,\"name\":\"Acas\u0103\",\"item\":\"https:\\\/\\\/buletin.de\\\/bucuresti\\\/\"},{\"@type\":\"ListItem\",\"position\":2,\"name\":\"Asia Fest 2026, la Arena Na\u021bional\u0103, \u00een acest weekend. Program, bilete \u0219i principalele atrac\u021bii\"}]},{\"@type\":\"WebSite\",\"@id\":\"https:\\\/\\\/buletin.de\\\/bucuresti\\\/#website\",\"url\":\"https:\\\/\\\/buletin.de\\\/bucuresti\\\/\",\"name\":\"Buletin de Bucure\u0219ti\",\"description\":\"\u0218tiri \u0219i investiga\u021bii esen\u021biale din capital\u0103\",\"publisher\":{\"@id\":\"https:\\\/\\\/buletin.de\\\/bucuresti\\\/#organization\"},\"potentialAction\":[{\"@type\":\"SearchAction\",\"target\":{\"@type\":\"EntryPoint\",\"urlTemplate\":\"https:\\\/\\\/buletin.de\\\/bucuresti\\\/?s={search_term_string}\"},\"query-input\":{\"@type\":\"PropertyValueSpecification\",\"valueRequired\":true,\"valueName\":\"search_term_string\"}}],\"inLanguage\":\"en-GB\"},{\"@type\":\"Organization\",\"@id\":\"https:\\\/\\\/buletin.de\\\/bucuresti\\\/#organization\",\"name\":\"Buletin de Bucure\u0219ti\",\"url\":\"https:\\\/\\\/buletin.de\\\/bucuresti\\\/\",\"logo\":{\"@type\":\"ImageObject\",\"inLanguage\":\"en-GB\",\"@id\":\"https:\\\/\\\/buletin.de\\\/bucuresti\\\/#\\\/schema\\\/logo\\\/image\\\/\",\"url\":\"https:\\\/\\\/buletin.de\\\/bucuresti\\\/wp-content\\\/uploads\\\/logo-bdb-full-wide-vernil-transparent.png\",\"contentUrl\":\"https:\\\/\\\/buletin.de\\\/bucuresti\\\/wp-content\\\/uploads\\\/logo-bdb-full-wide-vernil-transparent.png\",\"width\":1782,\"height\":626,\"caption\":\"Buletin de Bucure\u0219ti\"},\"image\":{\"@id\":\"https:\\\/\\\/buletin.de\\\/bucuresti\\\/#\\\/schema\\\/logo\\\/image\\\/\"},\"sameAs\":[\"https:\\\/\\\/www.facebook.com\\\/buletin.de.buc\",\"https:\\\/\\\/www.instagram.com\\\/buletinde.bucuresti\\\/\"]},{\"@type\":\"Person\",\"@id\":\"https:\\\/\\\/buletin.de\\\/bucuresti\\\/#\\\/schema\\\/person\\\/81421a46fb84a0887cfd2238f5202586\",\"name\":\"Andreea St\u0103n\u0103r\u00eeng\u0103\",\"image\":{\"@type\":\"ImageObject\",\"inLanguage\":\"en-GB\",\"@id\":\"https:\\\/\\\/buletin.de\\\/bucuresti\\\/wp-content\\\/uploads\\\/2026\\\/06\\\/BDB_Andreea_S-1-96x96.jpgb79b6b91f9c59ea2bdedd1d8c093f6b4\",\"url\":\"https:\\\/\\\/buletin.de\\\/bucuresti\\\/wp-content\\\/uploads\\\/2026\\\/06\\\/BDB_Andreea_S-1-96x96.jpg\",\"contentUrl\":\"https:\\\/\\\/buletin.de\\\/bucuresti\\\/wp-content\\\/uploads\\\/2026\\\/06\\\/BDB_Andreea_S-1-96x96.jpg\",\"caption\":\"Andreea St\u0103n\u0103r\u00eeng\u0103\"},\"description\":\"Face parte din echipa Buletin de Bucure\u0219ti din 2025. A colaborat cu c\u00e2teva publica\u021bii, printre care \u0219i Fanatik.ro, unde s-a ocupat de \u0219tiri de lifestyle \u0219i de actualitate. A f\u0103cut un pas c\u0103tre presa local\u0103 pentru a explora Bucure\u0219tiul \u0219i pove\u0219tile care merit\u0103 spuse.\",\"url\":\"https:\\\/\\\/buletin.de\\\/bucuresti\\\/author\\\/andreea-stanaranga\\\/\"}]}<\/script>\n<!-- \/ Yoast SEO Premium plugin. -->","yoast_head_json":{"title":"Asia Fest 2026, la Arena Na\u021bional\u0103, \u00een acest weekend. Program, bilete \u0219i principalele atrac\u021bii - Buletin de Bucure\u0219ti","description":"Festivalul Asia Fest 2026, ajuns la cea de-a 13-a edi\u021bie, are loc \u00een weekendul 4-6 septembrie, \u00een curtea Arenei Na\u021bionale din Bucure\u0219ti.","robots":{"index":"index","follow":"follow","max-snippet":"max-snippet:-1","max-image-preview":"max-image-preview:large","max-video-preview":"max-video-preview:-1"},"canonical":"https:\/\/buletin.de\/bucuresti\/asia-fest-2026-la-arena-nationala-in-acest-weekend-program-bilete-si-principalele-atractii\/","og_locale":"en_GB","og_type":"article","og_title":"Asia Fest 2026, la Arena Na\u021bional\u0103, \u00een acest weekend. Program, bilete \u0219i principalele atrac\u021bii","og_description":"Festivalul Asia Fest 2026, ajuns la cea de-a 13-a edi\u021bie, are loc \u00een weekendul 4-6 septembrie, \u00een curtea Arenei Na\u021bionale din Bucure\u0219ti.","og_url":"https:\/\/buletin.de\/bucuresti\/asia-fest-2026-la-arena-nationala-in-acest-weekend-program-bilete-si-principalele-atractii\/","og_site_name":"Buletin de Bucure\u0219ti","article_publisher":"https:\/\/www.facebook.com\/buletin.de.buc","article_published_time":"2026-09-01T08:39:40+00:00","article_modified_time":"2026-09-01T08:44:14+00:00","og_image":[{"width":1200,"height":650,"url":"https:\/\/buletin.de\/bucuresti\/wp-content\/uploads\/2026\/09\/Asia-Fest-2026-festival-Arena-Nationala-4-6-septembrie-1.jpg","type":"image\/jpeg"}],"author":"Andreea St\u0103n\u0103r\u00eeng\u0103","twitter_card":"summary_large_image","twitter_misc":{"Written by":"Andreea St\u0103n\u0103r\u00eeng\u0103","Estimated reading time":"5 minutes"},"schema":{"@context":"https:\/\/schema.org","@graph":[{"@type":"Article","@id":"https:\/\/buletin.de\/bucuresti\/asia-fest-2026-la-arena-nationala-in-acest-weekend-program-bilete-si-principalele-atractii\/#article","isPartOf":{"@id":"https:\/\/buletin.de\/bucuresti\/asia-fest-2026-la-arena-nationala-in-acest-weekend-program-bilete-si-principalele-atractii\/"},"author":{"name":"Andreea St\u0103n\u0103r\u00eeng\u0103","@id":"https:\/\/buletin.de\/bucuresti\/#\/schema\/person\/81421a46fb84a0887cfd2238f5202586"},"headline":"Asia Fest 2026, la Arena Na\u021bional\u0103, \u00een acest weekend. Program, bilete \u0219i principalele atrac\u021bii","datePublished":"2026-09-01T08:39:40+00:00","dateModified":"2026-09-01T08:44:14+00:00","mainEntityOfPage":{"@id":"https:\/\/buletin.de\/bucuresti\/asia-fest-2026-la-arena-nationala-in-acest-weekend-program-bilete-si-principalele-atractii\/"},"wordCount":1003,"publisher":{"@id":"https:\/\/buletin.de\/bucuresti\/#organization"},"image":{"@id":"https:\/\/buletin.de\/bucuresti\/asia-fest-2026-la-arena-nationala-in-acest-weekend-program-bilete-si-principalele-atractii\/#primaryimage"},"thumbnailUrl":"https:\/\/buletin.de\/bucuresti\/wp-content\/uploads\/2026\/09\/Asia-Fest-2026-festival-Arena-Nationala-4-6-septembrie-1.jpg","keywords":["activitati","arena nationala","asia fest","asia fest 2026","festival","program"],"articleSection":["Articole","\u0218tiri"],"inLanguage":"en-GB","copyrightYear":"2026","copyrightHolder":{"@id":"https:\/\/buletin.de\/bucuresti\/#organization"}},{"@type":"WebPage","@id":"https:\/\/buletin.de\/bucuresti\/asia-fest-2026-la-arena-nationala-in-acest-weekend-program-bilete-si-principalele-atractii\/","url":"https:\/\/buletin.de\/bucuresti\/asia-fest-2026-la-arena-nationala-in-acest-weekend-program-bilete-si-principalele-atractii\/","name":"Asia Fest 2026, la Arena Na\u021bional\u0103, \u00een acest weekend. Program, bilete \u0219i principalele atrac\u021bii - Buletin de Bucure\u0219ti","isPartOf":{"@id":"https:\/\/buletin.de\/bucuresti\/#website"},"primaryImageOfPage":{"@id":"https:\/\/buletin.de\/bucuresti\/asia-fest-2026-la-arena-nationala-in-acest-weekend-program-bilete-si-principalele-atractii\/#primaryimage"},"image":{"@id":"https:\/\/buletin.de\/bucuresti\/asia-fest-2026-la-arena-nationala-in-acest-weekend-program-bilete-si-principalele-atractii\/#primaryimage"},"thumbnailUrl":"https:\/\/buletin.de\/bucuresti\/wp-content\/uploads\/2026\/09\/Asia-Fest-2026-festival-Arena-Nationala-4-6-septembrie-1.jpg","datePublished":"2026-09-01T08:39:40+00:00","dateModified":"2026-09-01T08:44:14+00:00","description":"Festivalul Asia Fest 2026, ajuns la cea de-a 13-a edi\u021bie, are loc \u00een weekendul 4-6 septembrie, \u00een curtea Arenei Na\u021bionale din Bucure\u0219ti.","breadcrumb":{"@id":"https:\/\/buletin.de\/bucuresti\/asia-fest-2026-la-arena-nationala-in-acest-weekend-program-bilete-si-principalele-atractii\/#breadcrumb"},"inLanguage":"en-GB","potentialAction":[{"@type":"ReadAction","target":["https:\/\/buletin.de\/bucuresti\/asia-fest-2026-la-arena-nationala-in-acest-weekend-program-bilete-si-principalele-atractii\/"]}]},{"@type":"ImageObject","inLanguage":"en-GB","@id":"https:\/\/buletin.de\/bucuresti\/asia-fest-2026-la-arena-nationala-in-acest-weekend-program-bilete-si-principalele-atractii\/#primaryimage","url":"https:\/\/buletin.de\/bucuresti\/wp-content\/uploads\/2026\/09\/Asia-Fest-2026-festival-Arena-Nationala-4-6-septembrie-1.jpg","contentUrl":"https:\/\/buletin.de\/bucuresti\/wp-content\/uploads\/2026\/09\/Asia-Fest-2026-festival-Arena-Nationala-4-6-septembrie-1.jpg","width":1200,"height":650,"caption":"Foto: Asia Fest"},{"@type":"BreadcrumbList","@id":"https:\/\/buletin.de\/bucuresti\/asia-fest-2026-la-arena-nationala-in-acest-weekend-program-bilete-si-principalele-atractii\/#breadcrumb","itemListElement":[{"@type":"ListItem","position":1,"name":"Acas\u0103","item":"https:\/\/buletin.de\/bucuresti\/"},{"@type":"ListItem","position":2,"name":"Asia Fest 2026, la Arena Na\u021bional\u0103, \u00een acest weekend. Program, bilete \u0219i principalele atrac\u021bii"}]},{"@type":"WebSite","@id":"https:\/\/buletin.de\/bucuresti\/#website","url":"https:\/\/buletin.de\/bucuresti\/","name":"Buletin de Bucure\u0219ti","description":"\u0218tiri \u0219i investiga\u021bii esen\u021biale din capital\u0103","publisher":{"@id":"https:\/\/buletin.de\/bucuresti\/#organization"},"potentialAction":[{"@type":"SearchAction","target":{"@type":"EntryPoint","urlTemplate":"https:\/\/buletin.de\/bucuresti\/?s={search_term_string}"},"query-input":{"@type":"PropertyValueSpecification","valueRequired":true,"valueName":"search_term_string"}}],"inLanguage":"en-GB"},{"@type":"Organization","@id":"https:\/\/buletin.de\/bucuresti\/#organization","name":"Buletin de Bucure\u0219ti","url":"https:\/\/buletin.de\/bucuresti\/","logo":{"@type":"ImageObject","inLanguage":"en-GB","@id":"https:\/\/buletin.de\/bucuresti\/#\/schema\/logo\/image\/","url":"https:\/\/buletin.de\/bucuresti\/wp-content\/uploads\/logo-bdb-full-wide-vernil-transparent.png","contentUrl":"https:\/\/buletin.de\/bucuresti\/wp-content\/uploads\/logo-bdb-full-wide-vernil-transparent.png","width":1782,"height":626,"caption":"Buletin de Bucure\u0219ti"},"image":{"@id":"https:\/\/buletin.de\/bucuresti\/#\/schema\/logo\/image\/"},"sameAs":["https:\/\/www.facebook.com\/buletin.de.buc","https:\/\/www.instagram.com\/buletinde.bucuresti\/"]},{"@type":"Person","@id":"https:\/\/buletin.de\/bucuresti\/#\/schema\/person\/81421a46fb84a0887cfd2238f5202586","name":"Andreea St\u0103n\u0103r\u00eeng\u0103","image":{"@type":"ImageObject","inLanguage":"en-GB","@id":"https:\/\/buletin.de\/bucuresti\/wp-content\/uploads\/2026\/06\/BDB_Andreea_S-1-96x96.jpgb79b6b91f9c59ea2bdedd1d8c093f6b4","url":"https:\/\/buletin.de\/bucuresti\/wp-content\/uploads\/2026\/06\/BDB_Andreea_S-1-96x96.jpg","contentUrl":"https:\/\/buletin.de\/bucuresti\/wp-content\/uploads\/2026\/06\/BDB_Andreea_S-1-96x96.jpg","caption":"Andreea St\u0103n\u0103r\u00eeng\u0103"},"description":"Face parte din echipa Buletin de Bucure\u0219ti din 2025. A colaborat cu c\u00e2teva publica\u021bii, printre care \u0219i Fanatik.ro, unde s-a ocupat de \u0219tiri de lifestyle \u0219i de actualitate. A f\u0103cut un pas c\u0103tre presa local\u0103 pentru a explora Bucure\u0219tiul \u0219i pove\u0219tile care merit\u0103 spuse.","url":"https:\/\/buletin.de\/bucuresti\/author\/andreea-stanaranga\/"}]}},"authors":[{"term_id":23912,"user_id":65,"is_guest":0,"slug":"andreea-stanaranga","display_name":"Andreea St\u0103n\u0103r\u00eeng\u0103","avatar_url":"https:\/\/buletin.de\/bucuresti\/wp-content\/uploads\/2026\/06\/BDB_Andreea_S-1-96x96.jpg","author_category":"1","first_name":"Andreea","last_name":"St\u0103n\u0103r\u00eeng\u0103","user_url":"","job_title":"","description":"Face parte din echipa Buletin de Bucure\u0219ti din 2025. A colaborat cu c\u00e2teva publica\u021bii, printre care \u0219i Fanatik.ro, unde s-a ocupat de \u0219tiri de lifestyle \u0219i de actualitate. A f\u0103cut un pas c\u0103tre presa local\u0103 pentru a explora Bucure\u0219tiul \u0219i pove\u0219tile care merit\u0103 spuse."}],"_links":{"self":[{"href":"https:\/\/buletin.de\/bucuresti\/wp-json\/wp\/v2\/posts\/215191","targetHints":{"allow":["GET"]}}],"collection":[{"href":"https:\/\/buletin.de\/bucuresti\/wp-json\/wp\/v2\/posts"}],"about":[{"href":"https:\/\/buletin.de\/bucuresti\/wp-json\/wp\/v2\/types\/post"}],"author":[{"embeddable":true,"href":"https:\/\/buletin.de\/bucuresti\/wp-json\/wp\/v2\/users\/65"}],"replies":[{"embeddable":true,"href":"https:\/\/buletin.de\/bucuresti\/wp-json\/wp\/v2\/comments?post=215191"}],"version-history":[{"count":10,"href":"https:\/\/buletin.de\/bucuresti\/wp-json\/wp\/v2\/posts\/215191\/revisions"}],"predecessor-version":[{"id":215208,"href":"https:\/\/buletin.de\/bucuresti\/wp-json\/wp\/v2\/posts\/215191\/revisions\/215208"}],"wp:featuredmedia":[{"embeddable":true,"href":"https:\/\/buletin.de\/bucuresti\/wp-json\/wp\/v2\/media\/215209"}],"wp:attachment":[{"href":"https:\/\/buletin.de\/bucuresti\/wp-json\/wp\/v2\/media?parent=215191"}],"wp:term":[{"taxonomy":"category","embeddable":true,"href":"https:\/\/buletin.de\/bucuresti\/wp-json\/wp\/v2\/categories?post=215191"},{"taxonomy":"post_tag","embeddable":true,"href":"https:\/\/buletin.de\/bucuresti\/wp-json\/wp\/v2\/tags?post=215191"},{"taxonomy":"author","embeddable":true,"href":"https:\/\/buletin.de\/bucuresti\/wp-json\/wp\/v2\/ppma_author?post=215191"}],"curies":[{"name":"wp","href":"https:\/\/api.w.org\/{rel}","templated":true}]}}