{"id":215179,"date":"2026-08-31T20:44:49","date_gmt":"2026-08-31T17:44:49","guid":{"rendered":"https:\/\/buletin.de\/bucuresti\/?p=215179"},"modified":"2026-08-31T20:51:33","modified_gmt":"2026-08-31T17:51:33","slug":"alimentarea-cu-gaze-naturale-intrerupta-pentru-peste-2-000-de-consumatori-din-sectorul-2-restrictii-de-circulatie-pe-strada-popa-nan-din-cauza-unei-avarii","status":"publish","type":"post","link":"https:\/\/buletin.de\/bucuresti\/alimentarea-cu-gaze-naturale-intrerupta-pentru-peste-2-000-de-consumatori-din-sectorul-2-restrictii-de-circulatie-pe-strada-popa-nan-din-cauza-unei-avarii\/","title":{"rendered":"Alimentarea cu gaze naturale, \u00eentrerupt\u0103 pentru peste 2.000 de consumatori din Sectorul 2. Restric\u021bii de circula\u021bie pe Strada Popa Nan"},"content":{"rendered":"\n<p class=\"wp-block-paragraph\"><strong>Restric\u021bii de circula\u021bie vor fi instituite pe Strada Popa Nan din Capital\u0103, \u00eencep\u00e2nd de mar\u021bi, 1 septembrie, pentru remedierea unei avarii survenite la re\u021beaua de distribu\u021bie a gazelor naturale, anun\u021b\u0103 Brigada Rutier\u0103.<\/strong><\/p>\n\n\n\n<p class=\"wp-block-paragraph\">Circula\u021bia va fi restric\u021bionat\u0103 pe Strada Popa Nan, pe sensul dinspre Strada Delea Veche c\u0103tre Calea C\u0103l\u0103ra\u0219i. M\u0103sura este valabil\u0103 \u00een perioada 1 septembrie ora 09:30 &#8211; 6 septembrie, ora 00:00.<\/p>\n\n\n\n<p class=\"wp-block-paragraph\">Pe sensul opus, dinspre Calea C\u0103l\u0103ra\u0219i c\u0103tre str. Matei Voievod, traficul se va desf\u0103\u0219ura \u00een condi\u021bii normale.<\/p>\n\n\n\n<p class=\"wp-block-paragraph\">Brigada Rutier\u0103 solicit\u0103 conduc\u0103torilor de autovehicule s\u0103 circule cu pruden\u0163\u0103, s\u0103 p\u0103streze o distan\u021b\u0103 suficient\u0103 pentru a putea fr\u00e2na \u00een condi\u021bii de siguran\u021b\u0103, s\u0103 respecte semnifica\u0163ia semnaliz\u0103rii rutiere temporare, precum \u015fi semnalele \u0219i indica\u021biile poli\u0163i\u015ftilor rutieri.<\/p>\n\n\n\n<p class=\"wp-block-paragraph\">Pietonilor&nbsp;li se recomand\u0103 s\u0103 respecte semnalele \u0219i indica\u021biile poli\u021bi\u015ftilor rutieri, traversarea str\u0103zii s\u0103 o realizeze doar prin locurile special amenajate \u0219i la culoarea verde a semaforului electric, dup\u0103 ce s-au asigurat temeinic, iar conduc\u0103torii de vehicule le-au \u00een\u021beles inten\u0163ia de a traversa.<\/p>\n\n\n\n<h2 id=\"h-peste-2-000-de-consumatori-casnici-raman-fara-gaze-pe-4-septembrie\" class=\"wp-block-heading\">Peste 2.000 de consumatori casnici r\u0103m\u00e2n f\u0103r\u0103 gaze pe 4 septembrie<\/h2>\n\n\n\n<p class=\"wp-block-paragraph\" id=\"h-peste-2-000-de-consumatori-casnici-raman-fara-gaze-naturale-in-data-de-4-septembrie\"><strong>De asemenea, alimentarea cu gaze naturale va fi \u00eentrerupt\u0103 \u00een data de 4 septembrie 2026, \u00een intervalul orar 08:00-20:00, pentru un num\u0103r de 2.148 de consumatori casnici \u0219i 263 de consumatori non casnici.<\/strong><\/p>\n\n\n\n<p class=\"wp-block-paragraph\">Zona \u00een care se vor realiza lucr\u0103rile va fi monitorizat\u0103 zilnic de c\u0103tre echipele <a href=\"https:\/\/www.distrigazsud-retele.ro\/companie\/noutati\/comunicate-de-presa\/\">Distrigaz Sud Re\u021bele<\/a>.<\/p>\n\n\n\n<p class=\"wp-block-paragraph\">\u00cen cazul \u00een care clien\u021bii simt miros de gaze, sunt ruga\u021bi s\u0103 apeleze Centrul de Apeluri \u0219i Depanaj Urgen\u021be Gaze la numerele de telefon: 021 9281, 031 9031 sau 0800 877 778, s\u0103 aeriseasc\u0103 imediat \u00eenc\u0103perea, s\u0103 nu provoace sc\u00e2ntei, s\u0103 nu ac\u021bioneze \u00eentrerup\u0103toarele electrice, s\u0103 nu foloseasc\u0103 aparatele electrocasnice \u0219i, dac\u0103 este posibil, s\u0103 \u00eenchid\u0103 robinetul de alimentare cu gaze naturale, transmite furnizorul.<\/p>\n\n\n\n<h2 id=\"h-restric\u021bii-de-circulatie-si-pe-strada-calusei-din-sectorul-2\" class=\"wp-block-heading\">Restric\u021bii de circula\u0163ie \u015fi pe Strada C\u0103lu\u015fei din Sectorul 2<\/h2>\n\n\n\n<p class=\"wp-block-paragraph\">\u00cencep\u00e2nd de s\u0103pt\u0103m\u00e2na trecut\u0103, lucr\u0103rile la re\u021beaua de gaze au impus restric\u021bii \u0219i \u00een intersec\u021bia str\u0103zilor Aprodul Purice cu C\u0103lu\u0219ei, respectiv C\u0103lu\u0219ei cu \u0218oseaua Mihai Bravu. <\/p>\n\n\n\n<p class=\"wp-block-paragraph\">Circula\u021bia se desf\u0103\u0219oar\u0103 pe benzile 3 \u0219i 4, neafectate de interven\u021bie. M\u0103sura este valabil\u0103 p\u00e2n\u0103 joi, 3 septembrie, ora 20.00.<\/p>\n\n\n\n<p class=\"wp-block-paragraph\">Alimentarea cu gaze nu este \u00eentrerupt\u0103, adaug\u0103 Distrigaz Sud Re\u021bele.<\/p>\n\n\n\n<p class=\"wp-block-paragraph\"><strong>CITE\u0218TE \u0218I:<\/strong> <a href=\"https:\/\/buletin.de\/bucuresti\/se-intrerupe-curentul-electric-in-bucuresti-ilfov-si-giurgiu-retele-electrice-muntenia-anunta-care-sunt-zonele-afectate-10\/\"><strong>Se \u00eentrerupe curentul electric \u00een Bucure\u0219ti, Ilfov \u0219i Giurgiu. Re\u021bele Electrice Muntenia anun\u021b\u0103 care sunt zonele afectate<\/strong><\/a><\/p>\n\n\n\n<p class=\"wp-block-paragraph\"><\/p>\n","protected":false},"excerpt":{"rendered":"<p>Restric\u021bii de circula\u021bie vor fi instituite pe Strada Popa Nan din Capital\u0103, \u00eencep\u00e2nd de mar\u021bi, 1 septembrie, pentru remedierea unei avarii survenite la re\u021beaua de distribu\u021bie a gazelor naturale, anun\u021b\u0103 Brigada Rutier\u0103. Circula\u021bia va fi restric\u021bionat\u0103 pe Strada Popa Nan, pe sensul dinspre Strada Delea Veche c\u0103tre Calea C\u0103l\u0103ra\u0219i. M\u0103sura este valabil\u0103 \u00een perioada 1 [&hellip;]<\/p>\n","protected":false},"author":55,"featured_media":215180,"comment_status":"closed","ping_status":"open","sticky":false,"template":"","format":"standard","meta":{"_acf_changed":false,"inline_featured_image":false,"ngg_post_thumbnail":0,"footnotes":""},"categories":[6994,62],"tags":[30504,30503,24428,4494,229,30505],"ppma_author":[22573],"class_list":["post-215179","post","type-post","status-publish","format-standard","has-post-thumbnail","hentry","category-stiri-2","category-stiri","tag-alimentarea-cu-gaze-naturale-intrerupta","tag-avarii-reteaua-de-gaze","tag-distrigaz-sud-retele","tag-restrictii-de-circulatie","tag-sector-2","tag-strada-popa-nan"],"acf":[],"a3_pvc":{"activated":false,"total_views":0,"today_views":0},"yoast_head":"<!-- This site is optimized with the Yoast SEO Premium plugin v28.0 (Yoast SEO v28.3) - https:\/\/yoast.com\/product\/yoast-seo-premium-wordpress\/ -->\n<title>Alimentarea cu gaze naturale, \u00eentrerupt\u0103 pentru peste 2.000 de consumatori din Sectorul 2. Restric\u021bii de circula\u021bie pe Strada Popa Nan - Buletin de Bucure\u0219ti<\/title>\n<meta name=\"description\" content=\"Alimentarea cu gaze naturale, \u00eentrerupt\u0103 pentru peste 2.000 de consumatori din Sectorul 2. Restric\u021bii de circula\u021bie pe Strada Popa Nan.\" \/>\n<meta name=\"robots\" content=\"index, follow, max-snippet:-1, max-image-preview:large, max-video-preview:-1\" \/>\n<link rel=\"canonical\" href=\"https:\/\/buletin.de\/bucuresti\/alimentarea-cu-gaze-naturale-intrerupta-pentru-peste-2-000-de-consumatori-din-sectorul-2-restrictii-de-circulatie-pe-strada-popa-nan-din-cauza-unei-avarii\/\" \/>\n<meta property=\"og:locale\" content=\"en_GB\" \/>\n<meta property=\"og:type\" content=\"article\" \/>\n<meta property=\"og:title\" content=\"Alimentarea cu gaze naturale, \u00eentrerupt\u0103 pentru peste 2.000 de consumatori din Sectorul 2. Restric\u021bii de circula\u021bie pe Strada Popa Nan\" \/>\n<meta property=\"og:description\" content=\"Alimentarea cu gaze naturale, \u00eentrerupt\u0103 pentru peste 2.000 de consumatori din Sectorul 2. Restric\u021bii de circula\u021bie pe Strada Popa Nan.\" \/>\n<meta property=\"og:url\" content=\"https:\/\/buletin.de\/bucuresti\/alimentarea-cu-gaze-naturale-intrerupta-pentru-peste-2-000-de-consumatori-din-sectorul-2-restrictii-de-circulatie-pe-strada-popa-nan-din-cauza-unei-avarii\/\" \/>\n<meta property=\"og:site_name\" content=\"Buletin de Bucure\u0219ti\" \/>\n<meta property=\"article:publisher\" content=\"https:\/\/www.facebook.com\/buletin.de.buc\" \/>\n<meta property=\"article:published_time\" content=\"2026-08-31T17:44:49+00:00\" \/>\n<meta property=\"article:modified_time\" content=\"2026-08-31T17:51:33+00:00\" \/>\n<meta property=\"og:image\" content=\"https:\/\/buletin.de\/bucuresti\/wp-content\/uploads\/2026\/08\/ID322394_INQUAM_Photos_Alex-Nicodim_-1600x1067-1.jpg\" \/>\n\t<meta property=\"og:image:width\" content=\"1600\" \/>\n\t<meta property=\"og:image:height\" content=\"1067\" \/>\n\t<meta property=\"og:image:type\" content=\"image\/jpeg\" \/>\n<meta name=\"author\" content=\"Andreea Tudor\" \/>\n<meta name=\"twitter:card\" content=\"summary_large_image\" \/>\n<meta name=\"twitter:label1\" content=\"Written by\" \/>\n\t<meta name=\"twitter:data1\" content=\"Andreea Tudor\" \/>\n\t<meta name=\"twitter:label2\" content=\"Estimated reading time\" \/>\n\t<meta name=\"twitter:data2\" content=\"2 minutes\" \/>\n<script type=\"application\/ld+json\" class=\"yoast-schema-graph\">{\"@context\":\"https:\\\/\\\/schema.org\",\"@graph\":[{\"@type\":\"Article\",\"@id\":\"https:\\\/\\\/buletin.de\\\/bucuresti\\\/alimentarea-cu-gaze-naturale-intrerupta-pentru-peste-2-000-de-consumatori-din-sectorul-2-restrictii-de-circulatie-pe-strada-popa-nan-din-cauza-unei-avarii\\\/#article\",\"isPartOf\":{\"@id\":\"https:\\\/\\\/buletin.de\\\/bucuresti\\\/alimentarea-cu-gaze-naturale-intrerupta-pentru-peste-2-000-de-consumatori-din-sectorul-2-restrictii-de-circulatie-pe-strada-popa-nan-din-cauza-unei-avarii\\\/\"},\"author\":{\"name\":\"Andreea Tudor\",\"@id\":\"https:\\\/\\\/buletin.de\\\/bucuresti\\\/#\\\/schema\\\/person\\\/150590659efde715459d159da012f501\"},\"headline\":\"Alimentarea cu gaze naturale, \u00eentrerupt\u0103 pentru peste 2.000 de consumatori din Sectorul 2. Restric\u021bii de circula\u021bie pe Strada Popa Nan\",\"datePublished\":\"2026-08-31T17:44:49+00:00\",\"dateModified\":\"2026-08-31T17:51:33+00:00\",\"mainEntityOfPage\":{\"@id\":\"https:\\\/\\\/buletin.de\\\/bucuresti\\\/alimentarea-cu-gaze-naturale-intrerupta-pentru-peste-2-000-de-consumatori-din-sectorul-2-restrictii-de-circulatie-pe-strada-popa-nan-din-cauza-unei-avarii\\\/\"},\"wordCount\":442,\"publisher\":{\"@id\":\"https:\\\/\\\/buletin.de\\\/bucuresti\\\/#organization\"},\"image\":{\"@id\":\"https:\\\/\\\/buletin.de\\\/bucuresti\\\/alimentarea-cu-gaze-naturale-intrerupta-pentru-peste-2-000-de-consumatori-din-sectorul-2-restrictii-de-circulatie-pe-strada-popa-nan-din-cauza-unei-avarii\\\/#primaryimage\"},\"thumbnailUrl\":\"https:\\\/\\\/buletin.de\\\/bucuresti\\\/wp-content\\\/uploads\\\/2026\\\/08\\\/ID322394_INQUAM_Photos_Alex-Nicodim_-1600x1067-1.jpg\",\"keywords\":[\"alimentarea cu gaze naturale intrerupta\",\"avarii reteaua de gaze\",\"distrigaz sud retele\",\"restrictii de circulatie\",\"Sector 2\",\"strada popa nan\"],\"articleSection\":[\"Articole\",\"\u0218tiri\"],\"inLanguage\":\"en-GB\",\"copyrightYear\":\"2026\",\"copyrightHolder\":{\"@id\":\"https:\\\/\\\/buletin.de\\\/bucuresti\\\/#organization\"}},{\"@type\":\"WebPage\",\"@id\":\"https:\\\/\\\/buletin.de\\\/bucuresti\\\/alimentarea-cu-gaze-naturale-intrerupta-pentru-peste-2-000-de-consumatori-din-sectorul-2-restrictii-de-circulatie-pe-strada-popa-nan-din-cauza-unei-avarii\\\/\",\"url\":\"https:\\\/\\\/buletin.de\\\/bucuresti\\\/alimentarea-cu-gaze-naturale-intrerupta-pentru-peste-2-000-de-consumatori-din-sectorul-2-restrictii-de-circulatie-pe-strada-popa-nan-din-cauza-unei-avarii\\\/\",\"name\":\"Alimentarea cu gaze naturale, \u00eentrerupt\u0103 pentru peste 2.000 de consumatori din Sectorul 2. Restric\u021bii de circula\u021bie pe Strada Popa Nan - Buletin de Bucure\u0219ti\",\"isPartOf\":{\"@id\":\"https:\\\/\\\/buletin.de\\\/bucuresti\\\/#website\"},\"primaryImageOfPage\":{\"@id\":\"https:\\\/\\\/buletin.de\\\/bucuresti\\\/alimentarea-cu-gaze-naturale-intrerupta-pentru-peste-2-000-de-consumatori-din-sectorul-2-restrictii-de-circulatie-pe-strada-popa-nan-din-cauza-unei-avarii\\\/#primaryimage\"},\"image\":{\"@id\":\"https:\\\/\\\/buletin.de\\\/bucuresti\\\/alimentarea-cu-gaze-naturale-intrerupta-pentru-peste-2-000-de-consumatori-din-sectorul-2-restrictii-de-circulatie-pe-strada-popa-nan-din-cauza-unei-avarii\\\/#primaryimage\"},\"thumbnailUrl\":\"https:\\\/\\\/buletin.de\\\/bucuresti\\\/wp-content\\\/uploads\\\/2026\\\/08\\\/ID322394_INQUAM_Photos_Alex-Nicodim_-1600x1067-1.jpg\",\"datePublished\":\"2026-08-31T17:44:49+00:00\",\"dateModified\":\"2026-08-31T17:51:33+00:00\",\"description\":\"Alimentarea cu gaze naturale, \u00eentrerupt\u0103 pentru peste 2.000 de consumatori din Sectorul 2. Restric\u021bii de circula\u021bie pe Strada Popa Nan.\",\"breadcrumb\":{\"@id\":\"https:\\\/\\\/buletin.de\\\/bucuresti\\\/alimentarea-cu-gaze-naturale-intrerupta-pentru-peste-2-000-de-consumatori-din-sectorul-2-restrictii-de-circulatie-pe-strada-popa-nan-din-cauza-unei-avarii\\\/#breadcrumb\"},\"inLanguage\":\"en-GB\",\"potentialAction\":[{\"@type\":\"ReadAction\",\"target\":[\"https:\\\/\\\/buletin.de\\\/bucuresti\\\/alimentarea-cu-gaze-naturale-intrerupta-pentru-peste-2-000-de-consumatori-din-sectorul-2-restrictii-de-circulatie-pe-strada-popa-nan-din-cauza-unei-avarii\\\/\"]}]},{\"@type\":\"ImageObject\",\"inLanguage\":\"en-GB\",\"@id\":\"https:\\\/\\\/buletin.de\\\/bucuresti\\\/alimentarea-cu-gaze-naturale-intrerupta-pentru-peste-2-000-de-consumatori-din-sectorul-2-restrictii-de-circulatie-pe-strada-popa-nan-din-cauza-unei-avarii\\\/#primaryimage\",\"url\":\"https:\\\/\\\/buletin.de\\\/bucuresti\\\/wp-content\\\/uploads\\\/2026\\\/08\\\/ID322394_INQUAM_Photos_Alex-Nicodim_-1600x1067-1.jpg\",\"contentUrl\":\"https:\\\/\\\/buletin.de\\\/bucuresti\\\/wp-content\\\/uploads\\\/2026\\\/08\\\/ID322394_INQUAM_Photos_Alex-Nicodim_-1600x1067-1.jpg\",\"width\":1600,\"height\":1067,\"caption\":\"Foto: Inquam Photos \\\/ Alex Nicodim\"},{\"@type\":\"BreadcrumbList\",\"@id\":\"https:\\\/\\\/buletin.de\\\/bucuresti\\\/alimentarea-cu-gaze-naturale-intrerupta-pentru-peste-2-000-de-consumatori-din-sectorul-2-restrictii-de-circulatie-pe-strada-popa-nan-din-cauza-unei-avarii\\\/#breadcrumb\",\"itemListElement\":[{\"@type\":\"ListItem\",\"position\":1,\"name\":\"Acas\u0103\",\"item\":\"https:\\\/\\\/buletin.de\\\/bucuresti\\\/\"},{\"@type\":\"ListItem\",\"position\":2,\"name\":\"Alimentarea cu gaze naturale, \u00eentrerupt\u0103 pentru peste 2.000 de consumatori din Sectorul 2. Restric\u021bii de circula\u021bie pe Strada Popa Nan\"}]},{\"@type\":\"WebSite\",\"@id\":\"https:\\\/\\\/buletin.de\\\/bucuresti\\\/#website\",\"url\":\"https:\\\/\\\/buletin.de\\\/bucuresti\\\/\",\"name\":\"Buletin de Bucure\u0219ti\",\"description\":\"\u0218tiri \u0219i investiga\u021bii esen\u021biale din capital\u0103\",\"publisher\":{\"@id\":\"https:\\\/\\\/buletin.de\\\/bucuresti\\\/#organization\"},\"potentialAction\":[{\"@type\":\"SearchAction\",\"target\":{\"@type\":\"EntryPoint\",\"urlTemplate\":\"https:\\\/\\\/buletin.de\\\/bucuresti\\\/?s={search_term_string}\"},\"query-input\":{\"@type\":\"PropertyValueSpecification\",\"valueRequired\":true,\"valueName\":\"search_term_string\"}}],\"inLanguage\":\"en-GB\"},{\"@type\":\"Organization\",\"@id\":\"https:\\\/\\\/buletin.de\\\/bucuresti\\\/#organization\",\"name\":\"Buletin de Bucure\u0219ti\",\"url\":\"https:\\\/\\\/buletin.de\\\/bucuresti\\\/\",\"logo\":{\"@type\":\"ImageObject\",\"inLanguage\":\"en-GB\",\"@id\":\"https:\\\/\\\/buletin.de\\\/bucuresti\\\/#\\\/schema\\\/logo\\\/image\\\/\",\"url\":\"https:\\\/\\\/buletin.de\\\/bucuresti\\\/wp-content\\\/uploads\\\/logo-bdb-full-wide-vernil-transparent.png\",\"contentUrl\":\"https:\\\/\\\/buletin.de\\\/bucuresti\\\/wp-content\\\/uploads\\\/logo-bdb-full-wide-vernil-transparent.png\",\"width\":1782,\"height\":626,\"caption\":\"Buletin de Bucure\u0219ti\"},\"image\":{\"@id\":\"https:\\\/\\\/buletin.de\\\/bucuresti\\\/#\\\/schema\\\/logo\\\/image\\\/\"},\"sameAs\":[\"https:\\\/\\\/www.facebook.com\\\/buletin.de.buc\",\"https:\\\/\\\/www.instagram.com\\\/buletinde.bucuresti\\\/\"]},{\"@type\":\"Person\",\"@id\":\"https:\\\/\\\/buletin.de\\\/bucuresti\\\/#\\\/schema\\\/person\\\/150590659efde715459d159da012f501\",\"name\":\"Andreea Tudor\",\"image\":{\"@type\":\"ImageObject\",\"inLanguage\":\"en-GB\",\"@id\":\"https:\\\/\\\/buletin.de\\\/bucuresti\\\/wp-content\\\/uploads\\\/2026\\\/06\\\/BDB_Andreea_T-5-96x96.jpg2291f994b0ece9443cb8e95c805b8b20\",\"url\":\"https:\\\/\\\/buletin.de\\\/bucuresti\\\/wp-content\\\/uploads\\\/2026\\\/06\\\/BDB_Andreea_T-5-96x96.jpg\",\"contentUrl\":\"https:\\\/\\\/buletin.de\\\/bucuresti\\\/wp-content\\\/uploads\\\/2026\\\/06\\\/BDB_Andreea_T-5-96x96.jpg\",\"caption\":\"Andreea Tudor\"},\"description\":\"Reporter la Buletin de Bucure\u0219ti de doi ani \u0219i jum\u0103tate. Sus\u021bin\u0103toare a presei independente, pasionat\u0103 de subiectele de mediu.\",\"url\":\"https:\\\/\\\/buletin.de\\\/bucuresti\\\/author\\\/andreeatudor\\\/\"}]}<\/script>\n<!-- \/ Yoast SEO Premium plugin. -->","yoast_head_json":{"title":"Alimentarea cu gaze naturale, \u00eentrerupt\u0103 pentru peste 2.000 de consumatori din Sectorul 2. Restric\u021bii de circula\u021bie pe Strada Popa Nan - Buletin de Bucure\u0219ti","description":"Alimentarea cu gaze naturale, \u00eentrerupt\u0103 pentru peste 2.000 de consumatori din Sectorul 2. Restric\u021bii de circula\u021bie pe Strada Popa Nan.","robots":{"index":"index","follow":"follow","max-snippet":"max-snippet:-1","max-image-preview":"max-image-preview:large","max-video-preview":"max-video-preview:-1"},"canonical":"https:\/\/buletin.de\/bucuresti\/alimentarea-cu-gaze-naturale-intrerupta-pentru-peste-2-000-de-consumatori-din-sectorul-2-restrictii-de-circulatie-pe-strada-popa-nan-din-cauza-unei-avarii\/","og_locale":"en_GB","og_type":"article","og_title":"Alimentarea cu gaze naturale, \u00eentrerupt\u0103 pentru peste 2.000 de consumatori din Sectorul 2. Restric\u021bii de circula\u021bie pe Strada Popa Nan","og_description":"Alimentarea cu gaze naturale, \u00eentrerupt\u0103 pentru peste 2.000 de consumatori din Sectorul 2. Restric\u021bii de circula\u021bie pe Strada Popa Nan.","og_url":"https:\/\/buletin.de\/bucuresti\/alimentarea-cu-gaze-naturale-intrerupta-pentru-peste-2-000-de-consumatori-din-sectorul-2-restrictii-de-circulatie-pe-strada-popa-nan-din-cauza-unei-avarii\/","og_site_name":"Buletin de Bucure\u0219ti","article_publisher":"https:\/\/www.facebook.com\/buletin.de.buc","article_published_time":"2026-08-31T17:44:49+00:00","article_modified_time":"2026-08-31T17:51:33+00:00","og_image":[{"width":1600,"height":1067,"url":"https:\/\/buletin.de\/bucuresti\/wp-content\/uploads\/2026\/08\/ID322394_INQUAM_Photos_Alex-Nicodim_-1600x1067-1.jpg","type":"image\/jpeg"}],"author":"Andreea Tudor","twitter_card":"summary_large_image","twitter_misc":{"Written by":"Andreea Tudor","Estimated reading time":"2 minutes"},"schema":{"@context":"https:\/\/schema.org","@graph":[{"@type":"Article","@id":"https:\/\/buletin.de\/bucuresti\/alimentarea-cu-gaze-naturale-intrerupta-pentru-peste-2-000-de-consumatori-din-sectorul-2-restrictii-de-circulatie-pe-strada-popa-nan-din-cauza-unei-avarii\/#article","isPartOf":{"@id":"https:\/\/buletin.de\/bucuresti\/alimentarea-cu-gaze-naturale-intrerupta-pentru-peste-2-000-de-consumatori-din-sectorul-2-restrictii-de-circulatie-pe-strada-popa-nan-din-cauza-unei-avarii\/"},"author":{"name":"Andreea Tudor","@id":"https:\/\/buletin.de\/bucuresti\/#\/schema\/person\/150590659efde715459d159da012f501"},"headline":"Alimentarea cu gaze naturale, \u00eentrerupt\u0103 pentru peste 2.000 de consumatori din Sectorul 2. Restric\u021bii de circula\u021bie pe Strada Popa Nan","datePublished":"2026-08-31T17:44:49+00:00","dateModified":"2026-08-31T17:51:33+00:00","mainEntityOfPage":{"@id":"https:\/\/buletin.de\/bucuresti\/alimentarea-cu-gaze-naturale-intrerupta-pentru-peste-2-000-de-consumatori-din-sectorul-2-restrictii-de-circulatie-pe-strada-popa-nan-din-cauza-unei-avarii\/"},"wordCount":442,"publisher":{"@id":"https:\/\/buletin.de\/bucuresti\/#organization"},"image":{"@id":"https:\/\/buletin.de\/bucuresti\/alimentarea-cu-gaze-naturale-intrerupta-pentru-peste-2-000-de-consumatori-din-sectorul-2-restrictii-de-circulatie-pe-strada-popa-nan-din-cauza-unei-avarii\/#primaryimage"},"thumbnailUrl":"https:\/\/buletin.de\/bucuresti\/wp-content\/uploads\/2026\/08\/ID322394_INQUAM_Photos_Alex-Nicodim_-1600x1067-1.jpg","keywords":["alimentarea cu gaze naturale intrerupta","avarii reteaua de gaze","distrigaz sud retele","restrictii de circulatie","Sector 2","strada popa nan"],"articleSection":["Articole","\u0218tiri"],"inLanguage":"en-GB","copyrightYear":"2026","copyrightHolder":{"@id":"https:\/\/buletin.de\/bucuresti\/#organization"}},{"@type":"WebPage","@id":"https:\/\/buletin.de\/bucuresti\/alimentarea-cu-gaze-naturale-intrerupta-pentru-peste-2-000-de-consumatori-din-sectorul-2-restrictii-de-circulatie-pe-strada-popa-nan-din-cauza-unei-avarii\/","url":"https:\/\/buletin.de\/bucuresti\/alimentarea-cu-gaze-naturale-intrerupta-pentru-peste-2-000-de-consumatori-din-sectorul-2-restrictii-de-circulatie-pe-strada-popa-nan-din-cauza-unei-avarii\/","name":"Alimentarea cu gaze naturale, \u00eentrerupt\u0103 pentru peste 2.000 de consumatori din Sectorul 2. Restric\u021bii de circula\u021bie pe Strada Popa Nan - Buletin de Bucure\u0219ti","isPartOf":{"@id":"https:\/\/buletin.de\/bucuresti\/#website"},"primaryImageOfPage":{"@id":"https:\/\/buletin.de\/bucuresti\/alimentarea-cu-gaze-naturale-intrerupta-pentru-peste-2-000-de-consumatori-din-sectorul-2-restrictii-de-circulatie-pe-strada-popa-nan-din-cauza-unei-avarii\/#primaryimage"},"image":{"@id":"https:\/\/buletin.de\/bucuresti\/alimentarea-cu-gaze-naturale-intrerupta-pentru-peste-2-000-de-consumatori-din-sectorul-2-restrictii-de-circulatie-pe-strada-popa-nan-din-cauza-unei-avarii\/#primaryimage"},"thumbnailUrl":"https:\/\/buletin.de\/bucuresti\/wp-content\/uploads\/2026\/08\/ID322394_INQUAM_Photos_Alex-Nicodim_-1600x1067-1.jpg","datePublished":"2026-08-31T17:44:49+00:00","dateModified":"2026-08-31T17:51:33+00:00","description":"Alimentarea cu gaze naturale, \u00eentrerupt\u0103 pentru peste 2.000 de consumatori din Sectorul 2. Restric\u021bii de circula\u021bie pe Strada Popa Nan.","breadcrumb":{"@id":"https:\/\/buletin.de\/bucuresti\/alimentarea-cu-gaze-naturale-intrerupta-pentru-peste-2-000-de-consumatori-din-sectorul-2-restrictii-de-circulatie-pe-strada-popa-nan-din-cauza-unei-avarii\/#breadcrumb"},"inLanguage":"en-GB","potentialAction":[{"@type":"ReadAction","target":["https:\/\/buletin.de\/bucuresti\/alimentarea-cu-gaze-naturale-intrerupta-pentru-peste-2-000-de-consumatori-din-sectorul-2-restrictii-de-circulatie-pe-strada-popa-nan-din-cauza-unei-avarii\/"]}]},{"@type":"ImageObject","inLanguage":"en-GB","@id":"https:\/\/buletin.de\/bucuresti\/alimentarea-cu-gaze-naturale-intrerupta-pentru-peste-2-000-de-consumatori-din-sectorul-2-restrictii-de-circulatie-pe-strada-popa-nan-din-cauza-unei-avarii\/#primaryimage","url":"https:\/\/buletin.de\/bucuresti\/wp-content\/uploads\/2026\/08\/ID322394_INQUAM_Photos_Alex-Nicodim_-1600x1067-1.jpg","contentUrl":"https:\/\/buletin.de\/bucuresti\/wp-content\/uploads\/2026\/08\/ID322394_INQUAM_Photos_Alex-Nicodim_-1600x1067-1.jpg","width":1600,"height":1067,"caption":"Foto: Inquam Photos \/ Alex Nicodim"},{"@type":"BreadcrumbList","@id":"https:\/\/buletin.de\/bucuresti\/alimentarea-cu-gaze-naturale-intrerupta-pentru-peste-2-000-de-consumatori-din-sectorul-2-restrictii-de-circulatie-pe-strada-popa-nan-din-cauza-unei-avarii\/#breadcrumb","itemListElement":[{"@type":"ListItem","position":1,"name":"Acas\u0103","item":"https:\/\/buletin.de\/bucuresti\/"},{"@type":"ListItem","position":2,"name":"Alimentarea cu gaze naturale, \u00eentrerupt\u0103 pentru peste 2.000 de consumatori din Sectorul 2. Restric\u021bii de circula\u021bie pe Strada Popa Nan"}]},{"@type":"WebSite","@id":"https:\/\/buletin.de\/bucuresti\/#website","url":"https:\/\/buletin.de\/bucuresti\/","name":"Buletin de Bucure\u0219ti","description":"\u0218tiri \u0219i investiga\u021bii esen\u021biale din capital\u0103","publisher":{"@id":"https:\/\/buletin.de\/bucuresti\/#organization"},"potentialAction":[{"@type":"SearchAction","target":{"@type":"EntryPoint","urlTemplate":"https:\/\/buletin.de\/bucuresti\/?s={search_term_string}"},"query-input":{"@type":"PropertyValueSpecification","valueRequired":true,"valueName":"search_term_string"}}],"inLanguage":"en-GB"},{"@type":"Organization","@id":"https:\/\/buletin.de\/bucuresti\/#organization","name":"Buletin de Bucure\u0219ti","url":"https:\/\/buletin.de\/bucuresti\/","logo":{"@type":"ImageObject","inLanguage":"en-GB","@id":"https:\/\/buletin.de\/bucuresti\/#\/schema\/logo\/image\/","url":"https:\/\/buletin.de\/bucuresti\/wp-content\/uploads\/logo-bdb-full-wide-vernil-transparent.png","contentUrl":"https:\/\/buletin.de\/bucuresti\/wp-content\/uploads\/logo-bdb-full-wide-vernil-transparent.png","width":1782,"height":626,"caption":"Buletin de Bucure\u0219ti"},"image":{"@id":"https:\/\/buletin.de\/bucuresti\/#\/schema\/logo\/image\/"},"sameAs":["https:\/\/www.facebook.com\/buletin.de.buc","https:\/\/www.instagram.com\/buletinde.bucuresti\/"]},{"@type":"Person","@id":"https:\/\/buletin.de\/bucuresti\/#\/schema\/person\/150590659efde715459d159da012f501","name":"Andreea Tudor","image":{"@type":"ImageObject","inLanguage":"en-GB","@id":"https:\/\/buletin.de\/bucuresti\/wp-content\/uploads\/2026\/06\/BDB_Andreea_T-5-96x96.jpg2291f994b0ece9443cb8e95c805b8b20","url":"https:\/\/buletin.de\/bucuresti\/wp-content\/uploads\/2026\/06\/BDB_Andreea_T-5-96x96.jpg","contentUrl":"https:\/\/buletin.de\/bucuresti\/wp-content\/uploads\/2026\/06\/BDB_Andreea_T-5-96x96.jpg","caption":"Andreea Tudor"},"description":"Reporter la Buletin de Bucure\u0219ti de doi ani \u0219i jum\u0103tate. Sus\u021bin\u0103toare a presei independente, pasionat\u0103 de subiectele de mediu.","url":"https:\/\/buletin.de\/bucuresti\/author\/andreeatudor\/"}]}},"authors":[{"term_id":22573,"user_id":55,"is_guest":0,"slug":"andreeatudor","display_name":"Andreea Tudor","avatar_url":"https:\/\/buletin.de\/bucuresti\/wp-content\/uploads\/2026\/06\/BDB_Andreea_T-5-96x96.jpg","author_category":"","first_name":"Andreea","last_name":"Tudor","user_url":"","job_title":"","description":"Reporter la Buletin de Bucure\u0219ti de doi ani \u0219i jum\u0103tate. Sus\u021bin\u0103toare a presei independente, pasionat\u0103 de subiectele de mediu."}],"_links":{"self":[{"href":"https:\/\/buletin.de\/bucuresti\/wp-json\/wp\/v2\/posts\/215179","targetHints":{"allow":["GET"]}}],"collection":[{"href":"https:\/\/buletin.de\/bucuresti\/wp-json\/wp\/v2\/posts"}],"about":[{"href":"https:\/\/buletin.de\/bucuresti\/wp-json\/wp\/v2\/types\/post"}],"author":[{"embeddable":true,"href":"https:\/\/buletin.de\/bucuresti\/wp-json\/wp\/v2\/users\/55"}],"replies":[{"embeddable":true,"href":"https:\/\/buletin.de\/bucuresti\/wp-json\/wp\/v2\/comments?post=215179"}],"version-history":[{"count":4,"href":"https:\/\/buletin.de\/bucuresti\/wp-json\/wp\/v2\/posts\/215179\/revisions"}],"predecessor-version":[{"id":215184,"href":"https:\/\/buletin.de\/bucuresti\/wp-json\/wp\/v2\/posts\/215179\/revisions\/215184"}],"wp:featuredmedia":[{"embeddable":true,"href":"https:\/\/buletin.de\/bucuresti\/wp-json\/wp\/v2\/media\/215180"}],"wp:attachment":[{"href":"https:\/\/buletin.de\/bucuresti\/wp-json\/wp\/v2\/media?parent=215179"}],"wp:term":[{"taxonomy":"category","embeddable":true,"href":"https:\/\/buletin.de\/bucuresti\/wp-json\/wp\/v2\/categories?post=215179"},{"taxonomy":"post_tag","embeddable":true,"href":"https:\/\/buletin.de\/bucuresti\/wp-json\/wp\/v2\/tags?post=215179"},{"taxonomy":"author","embeddable":true,"href":"https:\/\/buletin.de\/bucuresti\/wp-json\/wp\/v2\/ppma_author?post=215179"}],"curies":[{"name":"wp","href":"https:\/\/api.w.org\/{rel}","templated":true}]}}