{"id":215148,"date":"2026-08-31T18:07:16","date_gmt":"2026-08-31T15:07:16","guid":{"rendered":"https:\/\/buletin.de\/bucuresti\/?p=215148"},"modified":"2026-08-31T18:07:16","modified_gmt":"2026-08-31T15:07:16","slug":"ministrul-interimar-al-transporturilor-dupa-suspendarea-celor-sase-trenuri-de-pe-ruta-bucuresti-nord-constanta-nu-exista-un-contract-de-servicii-publice","status":"publish","type":"post","link":"https:\/\/buletin.de\/bucuresti\/ministrul-interimar-al-transporturilor-dupa-suspendarea-celor-sase-trenuri-de-pe-ruta-bucuresti-nord-constanta-nu-exista-un-contract-de-servicii-publice\/","title":{"rendered":"Ministrul interimar al Transporturilor, dup\u0103 suspendarea celor \u0219ase trenuri de pe ruta Bucure\u0219ti Nord &#8211; Constan\u021ba: \u201eNu exist\u0103 un contract de servicii publice\u201d"},"content":{"rendered":"\n<p class=\"wp-block-paragraph\"><strong>Ministrul interimar al Transporturilor, Radu Miru\u021b\u0103, contest\u0103 explica\u021bia oferit\u0103 de operatorul privat Ferotrafic-TFI pentru suspendarea a \u0219ase trenuri de pe ruta Bucure\u0219ti &#8211; Constan\u021ba, \u00eencep\u00e2nd cu 31 august. <\/strong><\/p>\n\n\n\n<p class=\"wp-block-paragraph\">\u00centr-un comunicat, reprezentan\u021bii operatorului feroviar au sus\u021binut c\u0103 Autoritatea pentru Reform\u0103 Feroviar\u0103 (ARF) nu a solu\u021bionat situa\u021bia decont\u0103rii facilit\u0103\u021bilor de c\u0103l\u0103torie acordate pasagerilor, inclusiv elevilor \u0219i studen\u021bilor. \u00cen acest context, s-a dispus suspendarea trenurilor de pe ruta men\u021bionat\u0103. <\/p>\n\n\n\n<p class=\"wp-block-paragraph\"><strong>Luni, <a href=\"https:\/\/www.facebook.com\/photo?fbid=1759280235743332&amp;set=a.384649899873046\" data-type=\"link\" data-id=\"https:\/\/www.facebook.com\/photo?fbid=1759280235743332&amp;set=a.384649899873046\" target=\"_blank\" rel=\"noreferrer noopener\">ministrul interimar Radu Miru\u021b\u0103 a transmis<\/a> c\u0103 afirma\u021bia conform c\u0103reia \u201estatul nu a pl\u0103tit\u201d este fals\u0103, \u00eentruc\u00e2t compania nu are \u00eencheiat cu ARF un contract de servicii publice pentru aceste trenuri, \u00een baza c\u0103ruia s\u0103 primeasc\u0103 respectivele compensa\u021bii. <\/strong><\/p>\n\n\n\n<p class=\"wp-block-paragraph\"><strong>CITE\u0218TE \u0218I <a href=\"https:\/\/buletin.de\/bucuresti\/sase-trenuri-operate-pe-ruta-bucuresti-constanta-suspendate-de-luni-operatorul-spune-ca-nu-si-a-primit-banii-pentru-facilitatile-acordate-elevilor-si-studentilor\/\" target=\"_blank\" rel=\"noreferrer noopener\">\u0218ase trenuri operate pe ruta Bucure\u0219ti \u2013 Constan\u021ba, suspendate de luni. Operatorul privat spune c\u0103 nu \u0219i-a primit banii pentru facilit\u0103\u021bile acordate elevilor \u0219i studen\u021bilor<\/a><\/strong><\/p>\n\n\n\n<h2 id=\"h-radu-miru\u021ba-anun\u021b-dupa-ce-ferotrafic-tfi-a-suspendat-\u0219ase-trenuri-de-pe-ruta-bucure\u0219ti-constan\u021ba\" class=\"wp-block-heading\">Radu Miru\u021b\u0103, anun\u021b dup\u0103 ce Ferotrafic-TFI a suspendat \u0219ase trenuri de pe ruta Bucure\u0219ti &#8211; Constan\u021ba<\/h2>\n\n\n\n<p class=\"wp-block-paragraph\"><strong>Ferotrafic-TFI a anun\u021bat c\u0103 <a href=\"https:\/\/buletin.de\/bucuresti\/trei-trenuri-intercity-in-regim-privat-pleaca-de-luni-spre-litoral-preturile-biletelor-mai-mici-decat-la-operatorul-de-stat-club-feroviar\/\" data-type=\"link\" data-id=\"https:\/\/buletin.de\/bucuresti\/trei-trenuri-intercity-in-regim-privat-pleaca-de-luni-spre-litoral-preturile-biletelor-mai-mici-decat-la-operatorul-de-stat-club-feroviar\/\" target=\"_blank\" rel=\"noreferrer noopener\">trenurile <\/a>suspendate sunt urm\u0103toarele: 11780, 11781, 11782, 11783, 11784 \u0219i 11785. <\/strong>Operatorul sus\u021bine c\u0103 suport\u0103 costurile aferente facilit\u0103\u021bilor de c\u0103l\u0103torie pentru elevi \u0219i studen\u021bi, preciz\u00e2nd c\u0103 lipsa decont\u0103rii \u00eei afecteaz\u0103 sustenabilitatea financiar\u0103. <\/p>\n\n\n\n<p class=\"wp-block-paragraph\">\u201e\u0218ase trenuri Bucure\u0219ti\u2013Constan\u021ba se retrag pentru c\u0103 \u201estatul nu a pl\u0103tit\u201d. \ud835\udc05\ud835\udc00\ud835\udc0b\ud835\udc12! Am verificat informa\u021bia ap\u0103rut\u0103 ast\u0103zi: operatorul Ferotrafic-TFI nu are \u00eencheiat cu statul, prin ARF, un contract de servicii publice pentru aceste trenuri \u00een baza c\u0103ruia s\u0103 pretind\u0103 acele sume. <\/p>\n\n\n\n<p class=\"wp-block-paragraph\"><strong>Prin urmare, nu poate fi vorba despre neplata unei compensa\u021bii aferente unui astfel de contract, pentru simplul fapt ca acel contract NU EXIST\u0102. <\/strong><\/p>\n\n\n\n<p class=\"wp-block-paragraph\"><strong>Pe scurt: se cer bani de la stat pentru un serviciu pentru care nu exist\u0103 contract de servicii publice\u201d<\/strong>, a precizat ministrul interimar al Transporturilor.<\/p>\n\n\n\n<p class=\"wp-block-paragraph\">Potrivit ministrului, faptul c\u0103 legisla\u021bia acord\u0103 facilit\u0103\u021bi anumitor categorii de c\u0103l\u0103tori, precum elevii \u0219i studen\u021bii, \u201enu transform\u0103 automat un serviciu comercial \u00eentr-un serviciu public \u0219i nu confer\u0103 operatorului dreptul la compensa\u021bii \u00een lipsa unui contract de servicii publice.\u201d<\/p>\n\n\n\n<p class=\"wp-block-paragraph\"><strong>\u00cen continuare, Miru\u021b\u0103 sus\u021bine c\u0103 situa\u021bia comercial\u0103 a operatorului privat nu poate fi pus\u0103 \u00een sarcina Ministerului Transporturilor \u0219i a ARF. <\/strong><\/p>\n\n\n\n<p class=\"wp-block-paragraph\">Acesta mai transmite c\u0103 operatorul \u201e\u00ee\u0219i asum\u0103 propriile decizii comerciale \u0219i opera\u021bionale, \u00een limitele cadrului legal \u00een baza c\u0103ruia opereaz\u0103, iar \u00een acest caz societatea respectiv\u0103 nu este parte \u00een contractele de servicii publice \u00eencheiate de ARF \u00een baza HG nr. 1453\/2022.\u201d<\/p>\n\n\n\n<h2 id=\"h-ce-a-transmis-operatorul-ferotrafic-tfi\" class=\"wp-block-heading\">Ce a transmis operatorul Ferotrafic-TFI<\/h2>\n\n\n\n<p class=\"wp-block-paragraph\"><strong>Ferotrafic-TFI a anun\u021bat suspendarea celor \u0219ase trenuri de pe ruta Bucure\u0219ti Nord &#8211; Constan\u021ba duminic\u0103. <\/strong><\/p>\n\n\n\n<p class=\"wp-block-paragraph\">\u201e<em>FEROTRAFIC-TFI informeaz\u0103 c\u0103, \u00eencep\u00e2nd cu data de 31 august 2026, va suspenda temporar circula\u021bia trenurilor nr. 11780, 11781, 11782, 11783, 11784 \u0219i 11785, care deservesc ruta Bucure\u0219ti\u2013Constan\u021ba.<\/em><\/p>\n\n\n\n<p class=\"wp-block-paragraph\"><em>M\u0103sura este determinat\u0103 de situa\u021bia nesolu\u021bionat\u0103 de catre ARF, privind decontarea facilit\u0103\u021bilor de c\u0103l\u0103torie acordate de FEROTRAFIC-TFI pasagerilor, \u00een conformitate cu prevederile legale \u00een vigoare.\u201d<\/em>, se men\u021bioneaz\u0103 \u00een comunicatul emis de operator.<\/p>\n\n\n\n<p class=\"wp-block-paragraph\"><strong>Ferotrafic-TFI sus\u021bine c\u0103 \u00ee\u0219i \u00eendepline\u0219te obliga\u021biile legale fa\u021b\u0103 de c\u0103l\u0103tori \u0219i acord\u0103 reducerile \u0219i gratuit\u0103\u021bile prev\u0103zute de legisla\u021bie, \u00eens\u0103 este nevoie de decontarea cheltuielilor aferente.<\/strong><\/p>\n\n\n\n<p class=\"wp-block-paragraph\">Operatorul a solicitat Autorit\u0103\u021bii pentru Reform\u0103 Feroviar\u0103 solu\u021bionarea de urgen\u021b\u0103 a situa\u021biei \u0219i sus\u021bine c\u0103 suspendarea temporar\u0103 a circula\u021biei trenurilor reprezint\u0103\u00a0<em>\u201eo m\u0103sur\u0103 necesar\u0103 pentru protejarea capacit\u0103\u021bii societ\u0103\u021bii de a-\u0219i desf\u0103\u0219ura activitatea \u00een condi\u021bii sustenabile\u201d<\/em>.<\/p>\n\n\n\n<p class=\"wp-block-paragraph\"><strong>Trenurile de pe ruta Suceava &#8211; Bucure\u0219ti nu sunt afectate de aceast\u0103 m\u0103sur\u0103, dup\u0103 cum<a href=\"https:\/\/www.facebook.com\/permalink.php?story_fbid=122119052265220488&amp;id=61586614664881&amp;ref=embed_post\" data-type=\"link\" data-id=\"https:\/\/www.facebook.com\/permalink.php?story_fbid=122119052265220488&amp;id=61586614664881&amp;ref=embed_post\" target=\"_blank\" rel=\"noreferrer noopener\"> a precizat Ferotrafic-TFI \u00eentr-o postare<\/a>. Acestea vor intra \u00een circula\u021bia \u00eencep\u00e2nd cu 6 septembrie. <\/strong><\/p>\n\n\n\n<p class=\"wp-block-paragraph\">Ferotrafic-TFI a \u00eenceput s\u0103 opereze trenuri de c\u0103l\u0103tori \u00een mai 2026, dup\u0103 ce au fost \u00eencheiate contractele de servicii publice pentru perioada 2022-2032.<\/p>\n\n\n\n<p class=\"wp-block-paragraph\">Conflictul a ap\u0103rut pe fondul unei dispute privind mecanismul prin care operatorii care nu au contract de servicii publice \u00ee\u0219i recupereaz\u0103 costurile aferente facilit\u0103\u021bilor acordate unor categorii de pasageri. <\/p>\n\n\n\n<p class=\"wp-block-paragraph\"><strong>CITE\u0218TE \u0218I <a href=\"https:\/\/buletin.de\/bucuresti\/a7-bucurestiul-se-conecteaza-azi-cu-bacaul-pe-autostrada-drumul-dureaza-mai-putin-cu-doua-ore-fata-de-ruta-de-pe-drumul-mortii\/\" target=\"_blank\" rel=\"noreferrer noopener\">A7 | Bucure\u0219tiul se conecteaz\u0103 azi cu Bac\u0103ul pe autostrad\u0103. C\u0103l\u0103toria dureaz\u0103 mai pu\u021bin cu dou\u0103 ore fa\u021b\u0103 de ruta de pe \u201eDrumul Mor\u021bii\u201d<\/a><\/strong><\/p>\n","protected":false},"excerpt":{"rendered":"<p>Ministrul interimar al Transporturilor, Radu Miru\u021b\u0103, contest\u0103 explica\u021bia oferit\u0103 de operatorul privat Ferotrafic-TFI pentru suspendarea a \u0219ase trenuri de pe ruta Bucure\u0219ti &#8211; Constan\u021ba, \u00eencep\u00e2nd cu 31 august. \u00centr-un comunicat, reprezentan\u021bii operatorului feroviar au sus\u021binut c\u0103 Autoritatea pentru Reform\u0103 Feroviar\u0103 (ARF) nu a solu\u021bionat situa\u021bia decont\u0103rii facilit\u0103\u021bilor de c\u0103l\u0103torie acordate pasagerilor, inclusiv elevilor \u0219i studen\u021bilor. [&hellip;]<\/p>\n","protected":false},"author":65,"featured_media":215163,"comment_status":"closed","ping_status":"open","sticky":false,"template":"","format":"standard","meta":{"_acf_changed":false,"inline_featured_image":false,"ngg_post_thumbnail":0,"footnotes":""},"categories":[6994,5762,650],"tags":[13492,30024,2446,28250,2440,2132],"ppma_author":[23912],"class_list":["post-215148","post","type-post","status-publish","format-standard","has-post-thumbnail","hentry","category-stiri-2","category-main","category-transport","tag-bucuresti-constanta-4","tag-ferotrafic-tfi","tag-ministrul-transporturilor","tag-radu-miruta-2","tag-trenuri","tag-trenuri-suspendate"],"acf":[],"a3_pvc":{"activated":false,"total_views":0,"today_views":0},"yoast_head":"<!-- This site is optimized with the Yoast SEO Premium plugin v28.0 (Yoast SEO v28.3) - https:\/\/yoast.com\/product\/yoast-seo-premium-wordpress\/ -->\n<title>Ministrul interimar al Transporturilor, dup\u0103 suspendarea celor \u0219ase trenuri de pe ruta Bucure\u0219ti Nord - Constan\u021ba: \u201eNu exist\u0103 un contract de servicii publice\u201d - Buletin de Bucure\u0219ti<\/title>\n<meta name=\"description\" content=\"Radu Miru\u021b\u0103 contest\u0103 explica\u021bia oferit\u0103 de operatorul privat Ferotrafic-TFI pentru suspendarea a \u0219ase trenuri.\" \/>\n<meta name=\"robots\" content=\"index, follow, max-snippet:-1, max-image-preview:large, max-video-preview:-1\" \/>\n<link rel=\"canonical\" href=\"https:\/\/buletin.de\/bucuresti\/ministrul-interimar-al-transporturilor-dupa-suspendarea-celor-sase-trenuri-de-pe-ruta-bucuresti-nord-constanta-nu-exista-un-contract-de-servicii-publice\/\" \/>\n<meta property=\"og:locale\" content=\"en_GB\" \/>\n<meta property=\"og:type\" content=\"article\" \/>\n<meta property=\"og:title\" content=\"Ministrul interimar al Transporturilor, dup\u0103 suspendarea celor \u0219ase trenuri de pe ruta Bucure\u0219ti Nord - Constan\u021ba: \u201eNu exist\u0103 un contract de servicii publice\u201d\" \/>\n<meta property=\"og:description\" content=\"Radu Miru\u021b\u0103 contest\u0103 explica\u021bia oferit\u0103 de operatorul privat Ferotrafic-TFI pentru suspendarea a \u0219ase trenuri.\" \/>\n<meta property=\"og:url\" content=\"https:\/\/buletin.de\/bucuresti\/ministrul-interimar-al-transporturilor-dupa-suspendarea-celor-sase-trenuri-de-pe-ruta-bucuresti-nord-constanta-nu-exista-un-contract-de-servicii-publice\/\" \/>\n<meta property=\"og:site_name\" content=\"Buletin de Bucure\u0219ti\" \/>\n<meta property=\"article:publisher\" content=\"https:\/\/www.facebook.com\/buletin.de.buc\" \/>\n<meta property=\"article:published_time\" content=\"2026-08-31T15:07:16+00:00\" \/>\n<meta property=\"og:image\" content=\"https:\/\/buletin.de\/bucuresti\/wp-content\/uploads\/2026\/08\/Radu-Miruta-sase-trenuri-anulate-Bucuresti-Constanta-Ferotrafic-TFI.jpg\" \/>\n\t<meta property=\"og:image:width\" content=\"1200\" \/>\n\t<meta property=\"og:image:height\" content=\"650\" \/>\n\t<meta property=\"og:image:type\" content=\"image\/jpeg\" \/>\n<meta name=\"author\" content=\"Andreea St\u0103n\u0103r\u00eeng\u0103\" \/>\n<meta name=\"twitter:card\" content=\"summary_large_image\" \/>\n<meta name=\"twitter:label1\" content=\"Written by\" \/>\n\t<meta name=\"twitter:data1\" content=\"Andreea St\u0103n\u0103r\u00eeng\u0103\" \/>\n\t<meta name=\"twitter:label2\" content=\"Estimated reading time\" \/>\n\t<meta name=\"twitter:data2\" content=\"3 minutes\" \/>\n<script type=\"application\/ld+json\" class=\"yoast-schema-graph\">{\"@context\":\"https:\\\/\\\/schema.org\",\"@graph\":[{\"@type\":\"Article\",\"@id\":\"https:\\\/\\\/buletin.de\\\/bucuresti\\\/ministrul-interimar-al-transporturilor-dupa-suspendarea-celor-sase-trenuri-de-pe-ruta-bucuresti-nord-constanta-nu-exista-un-contract-de-servicii-publice\\\/#article\",\"isPartOf\":{\"@id\":\"https:\\\/\\\/buletin.de\\\/bucuresti\\\/ministrul-interimar-al-transporturilor-dupa-suspendarea-celor-sase-trenuri-de-pe-ruta-bucuresti-nord-constanta-nu-exista-un-contract-de-servicii-publice\\\/\"},\"author\":{\"name\":\"Andreea St\u0103n\u0103r\u00eeng\u0103\",\"@id\":\"https:\\\/\\\/buletin.de\\\/bucuresti\\\/#\\\/schema\\\/person\\\/81421a46fb84a0887cfd2238f5202586\"},\"headline\":\"Ministrul interimar al Transporturilor, dup\u0103 suspendarea celor \u0219ase trenuri de pe ruta Bucure\u0219ti Nord &#8211; Constan\u021ba: \u201eNu exist\u0103 un contract de servicii publice\u201d\",\"datePublished\":\"2026-08-31T15:07:16+00:00\",\"mainEntityOfPage\":{\"@id\":\"https:\\\/\\\/buletin.de\\\/bucuresti\\\/ministrul-interimar-al-transporturilor-dupa-suspendarea-celor-sase-trenuri-de-pe-ruta-bucuresti-nord-constanta-nu-exista-un-contract-de-servicii-publice\\\/\"},\"wordCount\":728,\"publisher\":{\"@id\":\"https:\\\/\\\/buletin.de\\\/bucuresti\\\/#organization\"},\"image\":{\"@id\":\"https:\\\/\\\/buletin.de\\\/bucuresti\\\/ministrul-interimar-al-transporturilor-dupa-suspendarea-celor-sase-trenuri-de-pe-ruta-bucuresti-nord-constanta-nu-exista-un-contract-de-servicii-publice\\\/#primaryimage\"},\"thumbnailUrl\":\"https:\\\/\\\/buletin.de\\\/bucuresti\\\/wp-content\\\/uploads\\\/2026\\\/08\\\/Radu-Miruta-sase-trenuri-anulate-Bucuresti-Constanta-Ferotrafic-TFI.jpg\",\"keywords\":[\"Bucuresti - Constanta\",\"Ferotrafic TFI\",\"Ministrul Transporturilor\",\"Radu Miru\u021b\u0103\",\"trenuri\",\"trenuri suspendate\"],\"articleSection\":[\"Articole\",\"Main\",\"Transport\"],\"inLanguage\":\"en-GB\",\"copyrightYear\":\"2026\",\"copyrightHolder\":{\"@id\":\"https:\\\/\\\/buletin.de\\\/bucuresti\\\/#organization\"}},{\"@type\":\"WebPage\",\"@id\":\"https:\\\/\\\/buletin.de\\\/bucuresti\\\/ministrul-interimar-al-transporturilor-dupa-suspendarea-celor-sase-trenuri-de-pe-ruta-bucuresti-nord-constanta-nu-exista-un-contract-de-servicii-publice\\\/\",\"url\":\"https:\\\/\\\/buletin.de\\\/bucuresti\\\/ministrul-interimar-al-transporturilor-dupa-suspendarea-celor-sase-trenuri-de-pe-ruta-bucuresti-nord-constanta-nu-exista-un-contract-de-servicii-publice\\\/\",\"name\":\"Ministrul interimar al Transporturilor, dup\u0103 suspendarea celor \u0219ase trenuri de pe ruta Bucure\u0219ti Nord - Constan\u021ba: \u201eNu exist\u0103 un contract de servicii publice\u201d - Buletin de Bucure\u0219ti\",\"isPartOf\":{\"@id\":\"https:\\\/\\\/buletin.de\\\/bucuresti\\\/#website\"},\"primaryImageOfPage\":{\"@id\":\"https:\\\/\\\/buletin.de\\\/bucuresti\\\/ministrul-interimar-al-transporturilor-dupa-suspendarea-celor-sase-trenuri-de-pe-ruta-bucuresti-nord-constanta-nu-exista-un-contract-de-servicii-publice\\\/#primaryimage\"},\"image\":{\"@id\":\"https:\\\/\\\/buletin.de\\\/bucuresti\\\/ministrul-interimar-al-transporturilor-dupa-suspendarea-celor-sase-trenuri-de-pe-ruta-bucuresti-nord-constanta-nu-exista-un-contract-de-servicii-publice\\\/#primaryimage\"},\"thumbnailUrl\":\"https:\\\/\\\/buletin.de\\\/bucuresti\\\/wp-content\\\/uploads\\\/2026\\\/08\\\/Radu-Miruta-sase-trenuri-anulate-Bucuresti-Constanta-Ferotrafic-TFI.jpg\",\"datePublished\":\"2026-08-31T15:07:16+00:00\",\"description\":\"Radu Miru\u021b\u0103 contest\u0103 explica\u021bia oferit\u0103 de operatorul privat Ferotrafic-TFI pentru suspendarea a \u0219ase trenuri.\",\"breadcrumb\":{\"@id\":\"https:\\\/\\\/buletin.de\\\/bucuresti\\\/ministrul-interimar-al-transporturilor-dupa-suspendarea-celor-sase-trenuri-de-pe-ruta-bucuresti-nord-constanta-nu-exista-un-contract-de-servicii-publice\\\/#breadcrumb\"},\"inLanguage\":\"en-GB\",\"potentialAction\":[{\"@type\":\"ReadAction\",\"target\":[\"https:\\\/\\\/buletin.de\\\/bucuresti\\\/ministrul-interimar-al-transporturilor-dupa-suspendarea-celor-sase-trenuri-de-pe-ruta-bucuresti-nord-constanta-nu-exista-un-contract-de-servicii-publice\\\/\"]}]},{\"@type\":\"ImageObject\",\"inLanguage\":\"en-GB\",\"@id\":\"https:\\\/\\\/buletin.de\\\/bucuresti\\\/ministrul-interimar-al-transporturilor-dupa-suspendarea-celor-sase-trenuri-de-pe-ruta-bucuresti-nord-constanta-nu-exista-un-contract-de-servicii-publice\\\/#primaryimage\",\"url\":\"https:\\\/\\\/buletin.de\\\/bucuresti\\\/wp-content\\\/uploads\\\/2026\\\/08\\\/Radu-Miruta-sase-trenuri-anulate-Bucuresti-Constanta-Ferotrafic-TFI.jpg\",\"contentUrl\":\"https:\\\/\\\/buletin.de\\\/bucuresti\\\/wp-content\\\/uploads\\\/2026\\\/08\\\/Radu-Miruta-sase-trenuri-anulate-Bucuresti-Constanta-Ferotrafic-TFI.jpg\",\"width\":1200,\"height\":650,\"caption\":\"Foto: FB\\\/Ferotrafic-Tfi\"},{\"@type\":\"BreadcrumbList\",\"@id\":\"https:\\\/\\\/buletin.de\\\/bucuresti\\\/ministrul-interimar-al-transporturilor-dupa-suspendarea-celor-sase-trenuri-de-pe-ruta-bucuresti-nord-constanta-nu-exista-un-contract-de-servicii-publice\\\/#breadcrumb\",\"itemListElement\":[{\"@type\":\"ListItem\",\"position\":1,\"name\":\"Acas\u0103\",\"item\":\"https:\\\/\\\/buletin.de\\\/bucuresti\\\/\"},{\"@type\":\"ListItem\",\"position\":2,\"name\":\"Ministrul interimar al Transporturilor, dup\u0103 suspendarea celor \u0219ase trenuri de pe ruta Bucure\u0219ti Nord &#8211; Constan\u021ba: \u201eNu exist\u0103 un contract de servicii publice\u201d\"}]},{\"@type\":\"WebSite\",\"@id\":\"https:\\\/\\\/buletin.de\\\/bucuresti\\\/#website\",\"url\":\"https:\\\/\\\/buletin.de\\\/bucuresti\\\/\",\"name\":\"Buletin de Bucure\u0219ti\",\"description\":\"\u0218tiri \u0219i investiga\u021bii esen\u021biale din capital\u0103\",\"publisher\":{\"@id\":\"https:\\\/\\\/buletin.de\\\/bucuresti\\\/#organization\"},\"potentialAction\":[{\"@type\":\"SearchAction\",\"target\":{\"@type\":\"EntryPoint\",\"urlTemplate\":\"https:\\\/\\\/buletin.de\\\/bucuresti\\\/?s={search_term_string}\"},\"query-input\":{\"@type\":\"PropertyValueSpecification\",\"valueRequired\":true,\"valueName\":\"search_term_string\"}}],\"inLanguage\":\"en-GB\"},{\"@type\":\"Organization\",\"@id\":\"https:\\\/\\\/buletin.de\\\/bucuresti\\\/#organization\",\"name\":\"Buletin de Bucure\u0219ti\",\"url\":\"https:\\\/\\\/buletin.de\\\/bucuresti\\\/\",\"logo\":{\"@type\":\"ImageObject\",\"inLanguage\":\"en-GB\",\"@id\":\"https:\\\/\\\/buletin.de\\\/bucuresti\\\/#\\\/schema\\\/logo\\\/image\\\/\",\"url\":\"https:\\\/\\\/buletin.de\\\/bucuresti\\\/wp-content\\\/uploads\\\/logo-bdb-full-wide-vernil-transparent.png\",\"contentUrl\":\"https:\\\/\\\/buletin.de\\\/bucuresti\\\/wp-content\\\/uploads\\\/logo-bdb-full-wide-vernil-transparent.png\",\"width\":1782,\"height\":626,\"caption\":\"Buletin de Bucure\u0219ti\"},\"image\":{\"@id\":\"https:\\\/\\\/buletin.de\\\/bucuresti\\\/#\\\/schema\\\/logo\\\/image\\\/\"},\"sameAs\":[\"https:\\\/\\\/www.facebook.com\\\/buletin.de.buc\",\"https:\\\/\\\/www.instagram.com\\\/buletinde.bucuresti\\\/\"]},{\"@type\":\"Person\",\"@id\":\"https:\\\/\\\/buletin.de\\\/bucuresti\\\/#\\\/schema\\\/person\\\/81421a46fb84a0887cfd2238f5202586\",\"name\":\"Andreea St\u0103n\u0103r\u00eeng\u0103\",\"image\":{\"@type\":\"ImageObject\",\"inLanguage\":\"en-GB\",\"@id\":\"https:\\\/\\\/buletin.de\\\/bucuresti\\\/wp-content\\\/uploads\\\/2026\\\/06\\\/BDB_Andreea_S-1-96x96.jpgb79b6b91f9c59ea2bdedd1d8c093f6b4\",\"url\":\"https:\\\/\\\/buletin.de\\\/bucuresti\\\/wp-content\\\/uploads\\\/2026\\\/06\\\/BDB_Andreea_S-1-96x96.jpg\",\"contentUrl\":\"https:\\\/\\\/buletin.de\\\/bucuresti\\\/wp-content\\\/uploads\\\/2026\\\/06\\\/BDB_Andreea_S-1-96x96.jpg\",\"caption\":\"Andreea St\u0103n\u0103r\u00eeng\u0103\"},\"description\":\"Face parte din echipa Buletin de Bucure\u0219ti din 2025. A colaborat cu c\u00e2teva publica\u021bii, printre care \u0219i Fanatik.ro, unde s-a ocupat de \u0219tiri de lifestyle \u0219i de actualitate. A f\u0103cut un pas c\u0103tre presa local\u0103 pentru a explora Bucure\u0219tiul \u0219i pove\u0219tile care merit\u0103 spuse.\",\"url\":\"https:\\\/\\\/buletin.de\\\/bucuresti\\\/author\\\/andreea-stanaranga\\\/\"}]}<\/script>\n<!-- \/ Yoast SEO Premium plugin. -->","yoast_head_json":{"title":"Ministrul interimar al Transporturilor, dup\u0103 suspendarea celor \u0219ase trenuri de pe ruta Bucure\u0219ti Nord - Constan\u021ba: \u201eNu exist\u0103 un contract de servicii publice\u201d - Buletin de Bucure\u0219ti","description":"Radu Miru\u021b\u0103 contest\u0103 explica\u021bia oferit\u0103 de operatorul privat Ferotrafic-TFI pentru suspendarea a \u0219ase trenuri.","robots":{"index":"index","follow":"follow","max-snippet":"max-snippet:-1","max-image-preview":"max-image-preview:large","max-video-preview":"max-video-preview:-1"},"canonical":"https:\/\/buletin.de\/bucuresti\/ministrul-interimar-al-transporturilor-dupa-suspendarea-celor-sase-trenuri-de-pe-ruta-bucuresti-nord-constanta-nu-exista-un-contract-de-servicii-publice\/","og_locale":"en_GB","og_type":"article","og_title":"Ministrul interimar al Transporturilor, dup\u0103 suspendarea celor \u0219ase trenuri de pe ruta Bucure\u0219ti Nord - Constan\u021ba: \u201eNu exist\u0103 un contract de servicii publice\u201d","og_description":"Radu Miru\u021b\u0103 contest\u0103 explica\u021bia oferit\u0103 de operatorul privat Ferotrafic-TFI pentru suspendarea a \u0219ase trenuri.","og_url":"https:\/\/buletin.de\/bucuresti\/ministrul-interimar-al-transporturilor-dupa-suspendarea-celor-sase-trenuri-de-pe-ruta-bucuresti-nord-constanta-nu-exista-un-contract-de-servicii-publice\/","og_site_name":"Buletin de Bucure\u0219ti","article_publisher":"https:\/\/www.facebook.com\/buletin.de.buc","article_published_time":"2026-08-31T15:07:16+00:00","og_image":[{"width":1200,"height":650,"url":"https:\/\/buletin.de\/bucuresti\/wp-content\/uploads\/2026\/08\/Radu-Miruta-sase-trenuri-anulate-Bucuresti-Constanta-Ferotrafic-TFI.jpg","type":"image\/jpeg"}],"author":"Andreea St\u0103n\u0103r\u00eeng\u0103","twitter_card":"summary_large_image","twitter_misc":{"Written by":"Andreea St\u0103n\u0103r\u00eeng\u0103","Estimated reading time":"3 minutes"},"schema":{"@context":"https:\/\/schema.org","@graph":[{"@type":"Article","@id":"https:\/\/buletin.de\/bucuresti\/ministrul-interimar-al-transporturilor-dupa-suspendarea-celor-sase-trenuri-de-pe-ruta-bucuresti-nord-constanta-nu-exista-un-contract-de-servicii-publice\/#article","isPartOf":{"@id":"https:\/\/buletin.de\/bucuresti\/ministrul-interimar-al-transporturilor-dupa-suspendarea-celor-sase-trenuri-de-pe-ruta-bucuresti-nord-constanta-nu-exista-un-contract-de-servicii-publice\/"},"author":{"name":"Andreea St\u0103n\u0103r\u00eeng\u0103","@id":"https:\/\/buletin.de\/bucuresti\/#\/schema\/person\/81421a46fb84a0887cfd2238f5202586"},"headline":"Ministrul interimar al Transporturilor, dup\u0103 suspendarea celor \u0219ase trenuri de pe ruta Bucure\u0219ti Nord &#8211; Constan\u021ba: \u201eNu exist\u0103 un contract de servicii publice\u201d","datePublished":"2026-08-31T15:07:16+00:00","mainEntityOfPage":{"@id":"https:\/\/buletin.de\/bucuresti\/ministrul-interimar-al-transporturilor-dupa-suspendarea-celor-sase-trenuri-de-pe-ruta-bucuresti-nord-constanta-nu-exista-un-contract-de-servicii-publice\/"},"wordCount":728,"publisher":{"@id":"https:\/\/buletin.de\/bucuresti\/#organization"},"image":{"@id":"https:\/\/buletin.de\/bucuresti\/ministrul-interimar-al-transporturilor-dupa-suspendarea-celor-sase-trenuri-de-pe-ruta-bucuresti-nord-constanta-nu-exista-un-contract-de-servicii-publice\/#primaryimage"},"thumbnailUrl":"https:\/\/buletin.de\/bucuresti\/wp-content\/uploads\/2026\/08\/Radu-Miruta-sase-trenuri-anulate-Bucuresti-Constanta-Ferotrafic-TFI.jpg","keywords":["Bucuresti - Constanta","Ferotrafic TFI","Ministrul Transporturilor","Radu Miru\u021b\u0103","trenuri","trenuri suspendate"],"articleSection":["Articole","Main","Transport"],"inLanguage":"en-GB","copyrightYear":"2026","copyrightHolder":{"@id":"https:\/\/buletin.de\/bucuresti\/#organization"}},{"@type":"WebPage","@id":"https:\/\/buletin.de\/bucuresti\/ministrul-interimar-al-transporturilor-dupa-suspendarea-celor-sase-trenuri-de-pe-ruta-bucuresti-nord-constanta-nu-exista-un-contract-de-servicii-publice\/","url":"https:\/\/buletin.de\/bucuresti\/ministrul-interimar-al-transporturilor-dupa-suspendarea-celor-sase-trenuri-de-pe-ruta-bucuresti-nord-constanta-nu-exista-un-contract-de-servicii-publice\/","name":"Ministrul interimar al Transporturilor, dup\u0103 suspendarea celor \u0219ase trenuri de pe ruta Bucure\u0219ti Nord - Constan\u021ba: \u201eNu exist\u0103 un contract de servicii publice\u201d - Buletin de Bucure\u0219ti","isPartOf":{"@id":"https:\/\/buletin.de\/bucuresti\/#website"},"primaryImageOfPage":{"@id":"https:\/\/buletin.de\/bucuresti\/ministrul-interimar-al-transporturilor-dupa-suspendarea-celor-sase-trenuri-de-pe-ruta-bucuresti-nord-constanta-nu-exista-un-contract-de-servicii-publice\/#primaryimage"},"image":{"@id":"https:\/\/buletin.de\/bucuresti\/ministrul-interimar-al-transporturilor-dupa-suspendarea-celor-sase-trenuri-de-pe-ruta-bucuresti-nord-constanta-nu-exista-un-contract-de-servicii-publice\/#primaryimage"},"thumbnailUrl":"https:\/\/buletin.de\/bucuresti\/wp-content\/uploads\/2026\/08\/Radu-Miruta-sase-trenuri-anulate-Bucuresti-Constanta-Ferotrafic-TFI.jpg","datePublished":"2026-08-31T15:07:16+00:00","description":"Radu Miru\u021b\u0103 contest\u0103 explica\u021bia oferit\u0103 de operatorul privat Ferotrafic-TFI pentru suspendarea a \u0219ase trenuri.","breadcrumb":{"@id":"https:\/\/buletin.de\/bucuresti\/ministrul-interimar-al-transporturilor-dupa-suspendarea-celor-sase-trenuri-de-pe-ruta-bucuresti-nord-constanta-nu-exista-un-contract-de-servicii-publice\/#breadcrumb"},"inLanguage":"en-GB","potentialAction":[{"@type":"ReadAction","target":["https:\/\/buletin.de\/bucuresti\/ministrul-interimar-al-transporturilor-dupa-suspendarea-celor-sase-trenuri-de-pe-ruta-bucuresti-nord-constanta-nu-exista-un-contract-de-servicii-publice\/"]}]},{"@type":"ImageObject","inLanguage":"en-GB","@id":"https:\/\/buletin.de\/bucuresti\/ministrul-interimar-al-transporturilor-dupa-suspendarea-celor-sase-trenuri-de-pe-ruta-bucuresti-nord-constanta-nu-exista-un-contract-de-servicii-publice\/#primaryimage","url":"https:\/\/buletin.de\/bucuresti\/wp-content\/uploads\/2026\/08\/Radu-Miruta-sase-trenuri-anulate-Bucuresti-Constanta-Ferotrafic-TFI.jpg","contentUrl":"https:\/\/buletin.de\/bucuresti\/wp-content\/uploads\/2026\/08\/Radu-Miruta-sase-trenuri-anulate-Bucuresti-Constanta-Ferotrafic-TFI.jpg","width":1200,"height":650,"caption":"Foto: FB\/Ferotrafic-Tfi"},{"@type":"BreadcrumbList","@id":"https:\/\/buletin.de\/bucuresti\/ministrul-interimar-al-transporturilor-dupa-suspendarea-celor-sase-trenuri-de-pe-ruta-bucuresti-nord-constanta-nu-exista-un-contract-de-servicii-publice\/#breadcrumb","itemListElement":[{"@type":"ListItem","position":1,"name":"Acas\u0103","item":"https:\/\/buletin.de\/bucuresti\/"},{"@type":"ListItem","position":2,"name":"Ministrul interimar al Transporturilor, dup\u0103 suspendarea celor \u0219ase trenuri de pe ruta Bucure\u0219ti Nord &#8211; Constan\u021ba: \u201eNu exist\u0103 un contract de servicii publice\u201d"}]},{"@type":"WebSite","@id":"https:\/\/buletin.de\/bucuresti\/#website","url":"https:\/\/buletin.de\/bucuresti\/","name":"Buletin de Bucure\u0219ti","description":"\u0218tiri \u0219i investiga\u021bii esen\u021biale din capital\u0103","publisher":{"@id":"https:\/\/buletin.de\/bucuresti\/#organization"},"potentialAction":[{"@type":"SearchAction","target":{"@type":"EntryPoint","urlTemplate":"https:\/\/buletin.de\/bucuresti\/?s={search_term_string}"},"query-input":{"@type":"PropertyValueSpecification","valueRequired":true,"valueName":"search_term_string"}}],"inLanguage":"en-GB"},{"@type":"Organization","@id":"https:\/\/buletin.de\/bucuresti\/#organization","name":"Buletin de Bucure\u0219ti","url":"https:\/\/buletin.de\/bucuresti\/","logo":{"@type":"ImageObject","inLanguage":"en-GB","@id":"https:\/\/buletin.de\/bucuresti\/#\/schema\/logo\/image\/","url":"https:\/\/buletin.de\/bucuresti\/wp-content\/uploads\/logo-bdb-full-wide-vernil-transparent.png","contentUrl":"https:\/\/buletin.de\/bucuresti\/wp-content\/uploads\/logo-bdb-full-wide-vernil-transparent.png","width":1782,"height":626,"caption":"Buletin de Bucure\u0219ti"},"image":{"@id":"https:\/\/buletin.de\/bucuresti\/#\/schema\/logo\/image\/"},"sameAs":["https:\/\/www.facebook.com\/buletin.de.buc","https:\/\/www.instagram.com\/buletinde.bucuresti\/"]},{"@type":"Person","@id":"https:\/\/buletin.de\/bucuresti\/#\/schema\/person\/81421a46fb84a0887cfd2238f5202586","name":"Andreea St\u0103n\u0103r\u00eeng\u0103","image":{"@type":"ImageObject","inLanguage":"en-GB","@id":"https:\/\/buletin.de\/bucuresti\/wp-content\/uploads\/2026\/06\/BDB_Andreea_S-1-96x96.jpgb79b6b91f9c59ea2bdedd1d8c093f6b4","url":"https:\/\/buletin.de\/bucuresti\/wp-content\/uploads\/2026\/06\/BDB_Andreea_S-1-96x96.jpg","contentUrl":"https:\/\/buletin.de\/bucuresti\/wp-content\/uploads\/2026\/06\/BDB_Andreea_S-1-96x96.jpg","caption":"Andreea St\u0103n\u0103r\u00eeng\u0103"},"description":"Face parte din echipa Buletin de Bucure\u0219ti din 2025. A colaborat cu c\u00e2teva publica\u021bii, printre care \u0219i Fanatik.ro, unde s-a ocupat de \u0219tiri de lifestyle \u0219i de actualitate. A f\u0103cut un pas c\u0103tre presa local\u0103 pentru a explora Bucure\u0219tiul \u0219i pove\u0219tile care merit\u0103 spuse.","url":"https:\/\/buletin.de\/bucuresti\/author\/andreea-stanaranga\/"}]}},"authors":[{"term_id":23912,"user_id":65,"is_guest":0,"slug":"andreea-stanaranga","display_name":"Andreea St\u0103n\u0103r\u00eeng\u0103","avatar_url":"https:\/\/buletin.de\/bucuresti\/wp-content\/uploads\/2026\/06\/BDB_Andreea_S-1-96x96.jpg","author_category":"1","first_name":"Andreea","last_name":"St\u0103n\u0103r\u00eeng\u0103","user_url":"","job_title":"","description":"Face parte din echipa Buletin de Bucure\u0219ti din 2025. A colaborat cu c\u00e2teva publica\u021bii, printre care \u0219i Fanatik.ro, unde s-a ocupat de \u0219tiri de lifestyle \u0219i de actualitate. A f\u0103cut un pas c\u0103tre presa local\u0103 pentru a explora Bucure\u0219tiul \u0219i pove\u0219tile care merit\u0103 spuse."}],"_links":{"self":[{"href":"https:\/\/buletin.de\/bucuresti\/wp-json\/wp\/v2\/posts\/215148","targetHints":{"allow":["GET"]}}],"collection":[{"href":"https:\/\/buletin.de\/bucuresti\/wp-json\/wp\/v2\/posts"}],"about":[{"href":"https:\/\/buletin.de\/bucuresti\/wp-json\/wp\/v2\/types\/post"}],"author":[{"embeddable":true,"href":"https:\/\/buletin.de\/bucuresti\/wp-json\/wp\/v2\/users\/65"}],"replies":[{"embeddable":true,"href":"https:\/\/buletin.de\/bucuresti\/wp-json\/wp\/v2\/comments?post=215148"}],"version-history":[{"count":6,"href":"https:\/\/buletin.de\/bucuresti\/wp-json\/wp\/v2\/posts\/215148\/revisions"}],"predecessor-version":[{"id":215165,"href":"https:\/\/buletin.de\/bucuresti\/wp-json\/wp\/v2\/posts\/215148\/revisions\/215165"}],"wp:featuredmedia":[{"embeddable":true,"href":"https:\/\/buletin.de\/bucuresti\/wp-json\/wp\/v2\/media\/215163"}],"wp:attachment":[{"href":"https:\/\/buletin.de\/bucuresti\/wp-json\/wp\/v2\/media?parent=215148"}],"wp:term":[{"taxonomy":"category","embeddable":true,"href":"https:\/\/buletin.de\/bucuresti\/wp-json\/wp\/v2\/categories?post=215148"},{"taxonomy":"post_tag","embeddable":true,"href":"https:\/\/buletin.de\/bucuresti\/wp-json\/wp\/v2\/tags?post=215148"},{"taxonomy":"author","embeddable":true,"href":"https:\/\/buletin.de\/bucuresti\/wp-json\/wp\/v2\/ppma_author?post=215148"}],"curies":[{"name":"wp","href":"https:\/\/api.w.org\/{rel}","templated":true}]}}