{"id":215138,"date":"2026-08-31T17:30:11","date_gmt":"2026-08-31T14:30:11","guid":{"rendered":"https:\/\/buletin.de\/bucuresti\/?p=215138"},"modified":"2026-08-31T17:30:44","modified_gmt":"2026-08-31T14:30:44","slug":"clotilde-armand-condamnata-la-un-an-de-inchisoare-cu-amanarea-aplicarii-pedepsei","status":"publish","type":"post","link":"https:\/\/buletin.de\/bucuresti\/clotilde-armand-condamnata-la-un-an-de-inchisoare-cu-amanarea-aplicarii-pedepsei\/","title":{"rendered":"Clotilde Armand, condamnat\u0103 la un an de \u00eenchisoare cu am\u00e2narea aplic\u0103rii pedepsei. Decizia nu este definitiv\u0103"},"content":{"rendered":"\n<p class=\"wp-block-paragraph\"><strong>Clotilde Armand, fostul primar al Sectorului 1, a fost condamnat\u0103 de Judec\u0103toria Sectorului 1 din Bucure\u0219ti la un an de \u00eenchisoare pentru folosirea func\u021biei pentru favorizarea unor persoane, \u00een form\u0103 continuat\u0103. Instan\u021ba a decis \u00eens\u0103 am\u00e2narea aplic\u0103rii pedepsei pentru o perioad\u0103 de doi ani. Hot\u0103r\u00e2rea nu este definitiv\u0103 \u0219i poate fi contestat\u0103.<\/strong><\/p>\n\n\n\n<p class=\"wp-block-paragraph\">Dosarul vizeaz\u0103 un proiect european anticorup\u021bie \u00een care Armand s-ar fi desemnat manager, \u00een perioada \u00een care era primar al Sectorului 1. Potrivit procurorilor, prin aceast\u0103 decizie \u0219i prin alte acte emise ulterior, ea \u0219i-ar fi majorat indemniza\u021bia lunar\u0103 cu un total de 18.720 de lei, sum\u0103 pe care instan\u021ba a dispus s\u0103 fie confiscat\u0103.<\/p>\n\n\n\n<p class=\"wp-block-paragraph\">Potrivit solu\u021biei publicate de Judec\u0103toria Sectorului 1, Clotilde Armand a primit pedeapsa de un an de \u00eenchisoare pentru patru acte materiale.<\/p>\n\n\n\n<p class=\"wp-block-paragraph\">Instan\u021ba a stabilit \u0219i o pedeaps\u0103 complementar\u0103 prin care \u00eei este interzis dreptul de a fi aleas\u0103 \u00een autorit\u0103\u021bi publice sau de a ocupa func\u021bii care implic\u0103 exercitarea autorit\u0103\u021bii de stat, pentru o perioad\u0103 de trei ani. Aceast\u0103 pedeaps\u0103 se aplic\u0103 \u00een cazul \u00een care am\u00e2narea pedepsei principale va fi revocat\u0103 sau anulat\u0103.<\/p>\n\n\n\n<p class=\"wp-block-paragraph\"><strong>CITE\u0218TE \u0218I: <a href=\"https:\/\/buletin.de\/bucuresti\/asociere-urgenta-intre-sectorul-4-si-apanova-la-scurt-timp-dupa-validarea-taxei-pe-inundatie-in-cgmb-protocolul-vizeaza-finantarea-unor-lucrari-de-intere\/\">Asociere \u201eurgent\u0103\u201d \u00eentre Sectorul 4 \u0219i ApaNova, la scurt timp dup\u0103 validarea \u201etaxei pe inunda\u021bie\u201d \u00een CGMB. Protocolul vizeaz\u0103 finan\u021barea unor \u201elucr\u0103ri de interes public\u201d<\/a><\/strong><\/p>\n\n\n\n<h2 id=\"h-ce-presupune-amanarea-aplicarii-pedepsei\" class=\"wp-block-heading\">Ce presupune am\u00e2narea aplic\u0103rii pedepsei<\/h2>\n\n\n\n<p class=\"wp-block-paragraph\">Pe durata celor doi ani de supraveghere, Clotilde Armand trebuie s\u0103 respecte mai multe obliga\u021bii stabilite de instan\u021b\u0103. Printre acestea se num\u0103r\u0103 prezentarea la Serviciul de Proba\u021biune Bucure\u0219ti, primirea vizitelor consilierului de proba\u021biune \u0219i anun\u021barea schimb\u0103rii locuin\u021bei sau a locului de munc\u0103.<\/p>\n\n\n\n<p class=\"wp-block-paragraph\">De asemenea, ea trebuie s\u0103 anun\u021be \u00een prealabil deplas\u0103rile care dureaz\u0103 mai mult de cinci zile \u0219i s\u0103 ofere informa\u021biile \u0219i documentele necesare pentru verificarea mijloacelor sale de existen\u021b\u0103.<\/p>\n\n\n\n<p class=\"wp-block-paragraph\">Dac\u0103 aceste obliga\u021bii nu sunt respectate, instan\u021ba poate revoca am\u00e2narea aplic\u0103rii pedepsei, ceea ce poate duce la executarea condamn\u0103rii.<\/p>\n\n\n\n<p class=\"wp-block-paragraph\">Am\u00e2narea aplic\u0103rii pedepsei este o m\u0103sur\u0103 mai bl\u00e2nd\u0103 dec\u00e2t executarea efectiv\u0103 a unei pedepse cu \u00eenchisoarea. Dac\u0103 termenul de supraveghere este respectat \u0219i nu intervine revocarea sau anularea m\u0103surii, condamnarea nu este \u00eenscris\u0103 \u00een cazierul judiciar.<\/p>\n\n\n\n<h2 id=\"h-s-a-numit-singura-manager-intr-un-proiect-anticorup\u021bie\" class=\"wp-block-heading\"><strong>S-a numit singur\u0103 manager \u00eentr-un proiect anticorup\u021bie<\/strong><\/h2>\n\n\n\n<p class=\"wp-block-paragraph\">Clotilde Armand a fost trimis\u0103 \u00een judecat\u0103 \u00een aprilie 2024, dup\u0103 ce Agen\u021bia Na\u021bional\u0103 de Integritate a sesizat situa\u021bia privind veniturile ob\u021binute de aceasta \u00een cadrul unui proiect european.<\/p>\n\n\n\n<p class=\"wp-block-paragraph\">Procurorii au sus\u021binut c\u0103, \u00een februarie 2022, Armand s-a desemnat manager al proiectului \u201e\u00cembun\u0103t\u0103\u021birea capacit\u0103\u021bii administrative locale privind dezvoltarea, implementarea \u0219i promovarea m\u0103surilor anticorup\u021bie\u201d.<\/p>\n\n\n\n<p class=\"wp-block-paragraph\">Ulterior, \u00eentre mai \u0219i august 2022, ea ar fi emis patru dispozi\u021bii prin care \u0219i-a acordat major\u0103ri ale indemniza\u021biei lunare. Potrivit procurorilor, valoarea total\u0103 a acestor venituri a fost de 18.720 de lei brut.<\/p>\n\n\n\n<h2 id=\"h-reac\u021bia-lui-clotilde-armand\" class=\"wp-block-heading\">Reac\u021bia lui Clotilde Armand<\/h2>\n\n\n\n<p class=\"wp-block-paragraph\">Dup\u0103 pronun\u021barea sentin\u021bei, <a href=\"https:\/\/www.facebook.com\/clotildearmand.ro\/posts\/pfbid0R3EtsXdsFFVER2H8nGvcUQrFVEDBUfMDsgReRz2FYFiWi5MZMR5kJSz7WCBaB3Qal\">Clotilde Armand a criticat dosarul<\/a> \u0219i a spus c\u0103 va contesta decizia \u00een apel.<\/p>\n\n\n\n<p class=\"wp-block-paragraph\">Armand a afirmat c\u0103 a ac\u021bionat legal \u0219i cu bun\u0103-credin\u021b\u0103 \u0219i c\u0103 nu a urm\u0103rit s\u0103 ob\u021bin\u0103 un folos necuvenit.<\/p>\n\n\n\n<p class=\"wp-block-paragraph\">Ea a pus sub semnul \u00eentreb\u0103rii \u0219i modul \u00een care a fost instrumentat dosarul \u0219i a acuzat c\u0103 ar fi existat interven\u021bii pentru schimbarea judec\u0103torilor.<\/p>\n\n\n\n<p class=\"wp-block-paragraph\"><em>\u201ePu\u021bin\u0103 lume \u0219tie c\u0103 prima dat\u0103 c\u00e2nd a sunat Lia a fost la Sectorul 1. \u00cenainte s\u0103 se \u0219tie de materialul jurnali\u0219tilor Recorder. Patru procurori s-au succedat \u00een instrumentarea dosarului. Completul de judecat\u0103 a fost schimbat peste noapte. \u0218i mai sunt multe alte \u00abnecunoscute\u00bb despre care voi vorbi la momentul potrivit\u201d<\/em>, a transmis Clotilde Armand.<\/p>\n\n\n\n<p class=\"wp-block-paragraph\">Fosta prim\u0103ri\u021b\u0103 a mai acuzat c\u0103 dosarul a fost folosit ca \u201earm\u0103 politic\u0103\u201d \u0219i c\u0103 adversarii s\u0103i au prezentat-o drept \u201epenal\u0103\u201d \u00eenainte de existen\u021ba unei hot\u0103r\u00e2ri definitive.<\/p>\n\n\n\n<p class=\"wp-block-paragraph\">\u00cen acela\u0219i mesaj, ea a precizat c\u0103, \u00een opinia sa, hot\u0103r\u00e2rea pronun\u021bat\u0103 luni nu produce \u00een acest moment o interdic\u021bie privind dreptul de a fi aleas\u0103 sau de a candida. Totodat\u0103, Armand a f\u0103cut acuza\u021bii privind leg\u0103turile politice ale unor persoane care au condus sau conduc Agen\u021bia Na\u021bional\u0103 de Integritate (ANI), f\u0103r\u0103 ca aceste afirma\u021bii s\u0103 fie constatate prin sentin\u021ba pronun\u021bat\u0103 \u00een acest dosar.<\/p>\n\n\n\n<p class=\"wp-block-paragraph\"><strong>CITE\u0218TE \u0218I:<\/strong> <strong><a href=\"https:\/\/buletin.de\/bucuresti\/pasajul-victoriei-cu-un-pas-mai-aproape-de-reabilitare-contractul-de-peste-27-de-milioane-de-euro-a-fost-scos-la-licitatie\/\">Pasajul Victoriei, cu un pas mai aproape de reabilitare. Contractul de peste 27 de milioane de euro a fost scos la licita\u021bie<\/a><\/strong><\/p>\n","protected":false},"excerpt":{"rendered":"<p>Clotilde Armand, fostul primar al Sectorului 1, a fost condamnat\u0103 de Judec\u0103toria Sectorului 1 din Bucure\u0219ti la un an de \u00eenchisoare pentru folosirea func\u021biei pentru favorizarea unor persoane, \u00een form\u0103 continuat\u0103. Instan\u021ba a decis \u00eens\u0103 am\u00e2narea aplic\u0103rii pedepsei pentru o perioad\u0103 de doi ani. Hot\u0103r\u00e2rea nu este definitiv\u0103 \u0219i poate fi contestat\u0103. Dosarul vizeaz\u0103 un [&hellip;]<\/p>\n","protected":false},"author":59,"featured_media":215144,"comment_status":"closed","ping_status":"open","sticky":false,"template":"","format":"standard","meta":{"_acf_changed":false,"inline_featured_image":false,"ngg_post_thumbnail":0,"footnotes":""},"categories":[6994,3419,25061,24],"tags":[9,2054,417],"ppma_author":[22572],"class_list":["post-215138","post","type-post","status-publish","format-standard","has-post-thumbnail","hentry","category-stiri-2","category-featured","category-justitie","category-primarie","tag-bucuresti","tag-capitala","tag-sectorul-1"],"acf":[],"a3_pvc":{"activated":false,"total_views":0,"today_views":0},"yoast_head":"<!-- This site is optimized with the Yoast SEO Premium plugin v28.0 (Yoast SEO v28.3) - https:\/\/yoast.com\/product\/yoast-seo-premium-wordpress\/ -->\n<title>Clotilde Armand, condamnat\u0103 la un an de \u00eenchisoare cu am\u00e2narea aplic\u0103rii pedepsei. Decizia nu este definitiv\u0103 - Buletin de Bucure\u0219ti<\/title>\n<meta name=\"description\" content=\"Clotilde Armand, condamnat\u0103 la un an de \u00eenchisoare cu am\u00e2narea aplic\u0103rii pedepsei. Decizia nu este definitiv\u0103\" \/>\n<meta name=\"robots\" content=\"index, follow, max-snippet:-1, max-image-preview:large, max-video-preview:-1\" \/>\n<link rel=\"canonical\" href=\"https:\/\/buletin.de\/bucuresti\/clotilde-armand-condamnata-la-un-an-de-inchisoare-cu-amanarea-aplicarii-pedepsei\/\" \/>\n<meta property=\"og:locale\" content=\"en_GB\" \/>\n<meta property=\"og:type\" content=\"article\" \/>\n<meta property=\"og:title\" content=\"Clotilde Armand, condamnat\u0103 la un an de \u00eenchisoare cu am\u00e2narea aplic\u0103rii pedepsei. Decizia nu este definitiv\u0103\" \/>\n<meta property=\"og:description\" content=\"Clotilde Armand, condamnat\u0103 la un an de \u00eenchisoare cu am\u00e2narea aplic\u0103rii pedepsei. Decizia nu este definitiv\u0103\" \/>\n<meta property=\"og:url\" content=\"https:\/\/buletin.de\/bucuresti\/clotilde-armand-condamnata-la-un-an-de-inchisoare-cu-amanarea-aplicarii-pedepsei\/\" \/>\n<meta property=\"og:site_name\" content=\"Buletin de Bucure\u0219ti\" \/>\n<meta property=\"article:publisher\" content=\"https:\/\/www.facebook.com\/buletin.de.buc\" \/>\n<meta property=\"article:published_time\" content=\"2026-08-31T14:30:11+00:00\" \/>\n<meta property=\"article:modified_time\" content=\"2026-08-31T14:30:44+00:00\" \/>\n<meta property=\"og:image\" content=\"https:\/\/buletin.de\/bucuresti\/wp-content\/uploads\/2026\/08\/clotildearmand-1600x1251-1.jpg\" \/>\n\t<meta property=\"og:image:width\" content=\"1600\" \/>\n\t<meta property=\"og:image:height\" content=\"1251\" \/>\n\t<meta property=\"og:image:type\" content=\"image\/jpeg\" \/>\n<meta name=\"author\" content=\"C\u0103t\u0103lin Anghel-Dimache\" \/>\n<meta name=\"twitter:card\" content=\"summary_large_image\" \/>\n<meta name=\"twitter:label1\" content=\"Written by\" \/>\n\t<meta name=\"twitter:data1\" content=\"C\u0103t\u0103lin Anghel-Dimache\" \/>\n\t<meta name=\"twitter:label2\" content=\"Estimated reading time\" \/>\n\t<meta name=\"twitter:data2\" content=\"4 minutes\" \/>\n<script type=\"application\/ld+json\" class=\"yoast-schema-graph\">{\"@context\":\"https:\\\/\\\/schema.org\",\"@graph\":[{\"@type\":\"Article\",\"@id\":\"https:\\\/\\\/buletin.de\\\/bucuresti\\\/clotilde-armand-condamnata-la-un-an-de-inchisoare-cu-amanarea-aplicarii-pedepsei\\\/#article\",\"isPartOf\":{\"@id\":\"https:\\\/\\\/buletin.de\\\/bucuresti\\\/clotilde-armand-condamnata-la-un-an-de-inchisoare-cu-amanarea-aplicarii-pedepsei\\\/\"},\"author\":{\"name\":\"C\u0103t\u0103lin Anghel-Dimache\",\"@id\":\"https:\\\/\\\/buletin.de\\\/bucuresti\\\/#\\\/schema\\\/person\\\/0ac9db30080482be87c7386a30f98796\"},\"headline\":\"Clotilde Armand, condamnat\u0103 la un an de \u00eenchisoare cu am\u00e2narea aplic\u0103rii pedepsei. Decizia nu este definitiv\u0103\",\"datePublished\":\"2026-08-31T14:30:11+00:00\",\"dateModified\":\"2026-08-31T14:30:44+00:00\",\"mainEntityOfPage\":{\"@id\":\"https:\\\/\\\/buletin.de\\\/bucuresti\\\/clotilde-armand-condamnata-la-un-an-de-inchisoare-cu-amanarea-aplicarii-pedepsei\\\/\"},\"wordCount\":769,\"publisher\":{\"@id\":\"https:\\\/\\\/buletin.de\\\/bucuresti\\\/#organization\"},\"image\":{\"@id\":\"https:\\\/\\\/buletin.de\\\/bucuresti\\\/clotilde-armand-condamnata-la-un-an-de-inchisoare-cu-amanarea-aplicarii-pedepsei\\\/#primaryimage\"},\"thumbnailUrl\":\"https:\\\/\\\/buletin.de\\\/bucuresti\\\/wp-content\\\/uploads\\\/2026\\\/08\\\/clotildearmand-1600x1251-1.jpg\",\"keywords\":[\"bucuresti\",\"Capitala\",\"sectorul 1\"],\"articleSection\":[\"Articole\",\"Featured\",\"Justi\u021bie\",\"Prim\u0103rie\"],\"inLanguage\":\"en-GB\",\"copyrightYear\":\"2026\",\"copyrightHolder\":{\"@id\":\"https:\\\/\\\/buletin.de\\\/bucuresti\\\/#organization\"}},{\"@type\":\"WebPage\",\"@id\":\"https:\\\/\\\/buletin.de\\\/bucuresti\\\/clotilde-armand-condamnata-la-un-an-de-inchisoare-cu-amanarea-aplicarii-pedepsei\\\/\",\"url\":\"https:\\\/\\\/buletin.de\\\/bucuresti\\\/clotilde-armand-condamnata-la-un-an-de-inchisoare-cu-amanarea-aplicarii-pedepsei\\\/\",\"name\":\"Clotilde Armand, condamnat\u0103 la un an de \u00eenchisoare cu am\u00e2narea aplic\u0103rii pedepsei. Decizia nu este definitiv\u0103 - Buletin de Bucure\u0219ti\",\"isPartOf\":{\"@id\":\"https:\\\/\\\/buletin.de\\\/bucuresti\\\/#website\"},\"primaryImageOfPage\":{\"@id\":\"https:\\\/\\\/buletin.de\\\/bucuresti\\\/clotilde-armand-condamnata-la-un-an-de-inchisoare-cu-amanarea-aplicarii-pedepsei\\\/#primaryimage\"},\"image\":{\"@id\":\"https:\\\/\\\/buletin.de\\\/bucuresti\\\/clotilde-armand-condamnata-la-un-an-de-inchisoare-cu-amanarea-aplicarii-pedepsei\\\/#primaryimage\"},\"thumbnailUrl\":\"https:\\\/\\\/buletin.de\\\/bucuresti\\\/wp-content\\\/uploads\\\/2026\\\/08\\\/clotildearmand-1600x1251-1.jpg\",\"datePublished\":\"2026-08-31T14:30:11+00:00\",\"dateModified\":\"2026-08-31T14:30:44+00:00\",\"description\":\"Clotilde Armand, condamnat\u0103 la un an de \u00eenchisoare cu am\u00e2narea aplic\u0103rii pedepsei. Decizia nu este definitiv\u0103\",\"breadcrumb\":{\"@id\":\"https:\\\/\\\/buletin.de\\\/bucuresti\\\/clotilde-armand-condamnata-la-un-an-de-inchisoare-cu-amanarea-aplicarii-pedepsei\\\/#breadcrumb\"},\"inLanguage\":\"en-GB\",\"potentialAction\":[{\"@type\":\"ReadAction\",\"target\":[\"https:\\\/\\\/buletin.de\\\/bucuresti\\\/clotilde-armand-condamnata-la-un-an-de-inchisoare-cu-amanarea-aplicarii-pedepsei\\\/\"]}]},{\"@type\":\"ImageObject\",\"inLanguage\":\"en-GB\",\"@id\":\"https:\\\/\\\/buletin.de\\\/bucuresti\\\/clotilde-armand-condamnata-la-un-an-de-inchisoare-cu-amanarea-aplicarii-pedepsei\\\/#primaryimage\",\"url\":\"https:\\\/\\\/buletin.de\\\/bucuresti\\\/wp-content\\\/uploads\\\/2026\\\/08\\\/clotildearmand-1600x1251-1.jpg\",\"contentUrl\":\"https:\\\/\\\/buletin.de\\\/bucuresti\\\/wp-content\\\/uploads\\\/2026\\\/08\\\/clotildearmand-1600x1251-1.jpg\",\"width\":1600,\"height\":1251,\"caption\":\"Foto: Clotilde Armand \\\/ FB\"},{\"@type\":\"BreadcrumbList\",\"@id\":\"https:\\\/\\\/buletin.de\\\/bucuresti\\\/clotilde-armand-condamnata-la-un-an-de-inchisoare-cu-amanarea-aplicarii-pedepsei\\\/#breadcrumb\",\"itemListElement\":[{\"@type\":\"ListItem\",\"position\":1,\"name\":\"Acas\u0103\",\"item\":\"https:\\\/\\\/buletin.de\\\/bucuresti\\\/\"},{\"@type\":\"ListItem\",\"position\":2,\"name\":\"Clotilde Armand, condamnat\u0103 la un an de \u00eenchisoare cu am\u00e2narea aplic\u0103rii pedepsei. Decizia nu este definitiv\u0103\"}]},{\"@type\":\"WebSite\",\"@id\":\"https:\\\/\\\/buletin.de\\\/bucuresti\\\/#website\",\"url\":\"https:\\\/\\\/buletin.de\\\/bucuresti\\\/\",\"name\":\"Buletin de Bucure\u0219ti\",\"description\":\"\u0218tiri \u0219i investiga\u021bii esen\u021biale din capital\u0103\",\"publisher\":{\"@id\":\"https:\\\/\\\/buletin.de\\\/bucuresti\\\/#organization\"},\"potentialAction\":[{\"@type\":\"SearchAction\",\"target\":{\"@type\":\"EntryPoint\",\"urlTemplate\":\"https:\\\/\\\/buletin.de\\\/bucuresti\\\/?s={search_term_string}\"},\"query-input\":{\"@type\":\"PropertyValueSpecification\",\"valueRequired\":true,\"valueName\":\"search_term_string\"}}],\"inLanguage\":\"en-GB\"},{\"@type\":\"Organization\",\"@id\":\"https:\\\/\\\/buletin.de\\\/bucuresti\\\/#organization\",\"name\":\"Buletin de Bucure\u0219ti\",\"url\":\"https:\\\/\\\/buletin.de\\\/bucuresti\\\/\",\"logo\":{\"@type\":\"ImageObject\",\"inLanguage\":\"en-GB\",\"@id\":\"https:\\\/\\\/buletin.de\\\/bucuresti\\\/#\\\/schema\\\/logo\\\/image\\\/\",\"url\":\"https:\\\/\\\/buletin.de\\\/bucuresti\\\/wp-content\\\/uploads\\\/logo-bdb-full-wide-vernil-transparent.png\",\"contentUrl\":\"https:\\\/\\\/buletin.de\\\/bucuresti\\\/wp-content\\\/uploads\\\/logo-bdb-full-wide-vernil-transparent.png\",\"width\":1782,\"height\":626,\"caption\":\"Buletin de Bucure\u0219ti\"},\"image\":{\"@id\":\"https:\\\/\\\/buletin.de\\\/bucuresti\\\/#\\\/schema\\\/logo\\\/image\\\/\"},\"sameAs\":[\"https:\\\/\\\/www.facebook.com\\\/buletin.de.buc\",\"https:\\\/\\\/www.instagram.com\\\/buletinde.bucuresti\\\/\"]},{\"@type\":\"Person\",\"@id\":\"https:\\\/\\\/buletin.de\\\/bucuresti\\\/#\\\/schema\\\/person\\\/0ac9db30080482be87c7386a30f98796\",\"name\":\"C\u0103t\u0103lin Anghel-Dimache\",\"image\":{\"@type\":\"ImageObject\",\"inLanguage\":\"en-GB\",\"@id\":\"https:\\\/\\\/buletin.de\\\/bucuresti\\\/wp-content\\\/uploads\\\/Catalin-Anghel-Dimache-96x96.jpgbd9e43c5b25186d5b8e917ac61ad86c4\",\"url\":\"https:\\\/\\\/buletin.de\\\/bucuresti\\\/wp-content\\\/uploads\\\/Catalin-Anghel-Dimache-96x96.jpg\",\"contentUrl\":\"https:\\\/\\\/buletin.de\\\/bucuresti\\\/wp-content\\\/uploads\\\/Catalin-Anghel-Dimache-96x96.jpg\",\"caption\":\"C\u0103t\u0103lin Anghel-Dimache\"},\"description\":\"A absolvit Facultatea de Jurnalism \u0219i \u0218tiin\u021bele Comunic\u0103rii a Universit\u0103\u021bii din Bucure\u0219ti \u00een 2024. Scrie despre mediu \u0219i teme sociale, dar \u0219i despre cum se reflect\u0103 ele \u00een via\u021ba cotidian\u0103 a bucure\u0219tenilor, cu un ochi atent la pove\u0219tile personale din spatele titlurilor. N\u0103scut \u0219i crescut \u00een Bucure\u0219ti, a f\u0103cut un pas c\u0103tre presa local\u0103, din pasiune pentru ora\u0219ul s\u0103u \u0219i oamenii din el.\",\"url\":\"https:\\\/\\\/buletin.de\\\/bucuresti\\\/author\\\/catalin-anghel-dimache\\\/\"}]}<\/script>\n<!-- \/ Yoast SEO Premium plugin. -->","yoast_head_json":{"title":"Clotilde Armand, condamnat\u0103 la un an de \u00eenchisoare cu am\u00e2narea aplic\u0103rii pedepsei. Decizia nu este definitiv\u0103 - Buletin de Bucure\u0219ti","description":"Clotilde Armand, condamnat\u0103 la un an de \u00eenchisoare cu am\u00e2narea aplic\u0103rii pedepsei. Decizia nu este definitiv\u0103","robots":{"index":"index","follow":"follow","max-snippet":"max-snippet:-1","max-image-preview":"max-image-preview:large","max-video-preview":"max-video-preview:-1"},"canonical":"https:\/\/buletin.de\/bucuresti\/clotilde-armand-condamnata-la-un-an-de-inchisoare-cu-amanarea-aplicarii-pedepsei\/","og_locale":"en_GB","og_type":"article","og_title":"Clotilde Armand, condamnat\u0103 la un an de \u00eenchisoare cu am\u00e2narea aplic\u0103rii pedepsei. Decizia nu este definitiv\u0103","og_description":"Clotilde Armand, condamnat\u0103 la un an de \u00eenchisoare cu am\u00e2narea aplic\u0103rii pedepsei. Decizia nu este definitiv\u0103","og_url":"https:\/\/buletin.de\/bucuresti\/clotilde-armand-condamnata-la-un-an-de-inchisoare-cu-amanarea-aplicarii-pedepsei\/","og_site_name":"Buletin de Bucure\u0219ti","article_publisher":"https:\/\/www.facebook.com\/buletin.de.buc","article_published_time":"2026-08-31T14:30:11+00:00","article_modified_time":"2026-08-31T14:30:44+00:00","og_image":[{"width":1600,"height":1251,"url":"https:\/\/buletin.de\/bucuresti\/wp-content\/uploads\/2026\/08\/clotildearmand-1600x1251-1.jpg","type":"image\/jpeg"}],"author":"C\u0103t\u0103lin Anghel-Dimache","twitter_card":"summary_large_image","twitter_misc":{"Written by":"C\u0103t\u0103lin Anghel-Dimache","Estimated reading time":"4 minutes"},"schema":{"@context":"https:\/\/schema.org","@graph":[{"@type":"Article","@id":"https:\/\/buletin.de\/bucuresti\/clotilde-armand-condamnata-la-un-an-de-inchisoare-cu-amanarea-aplicarii-pedepsei\/#article","isPartOf":{"@id":"https:\/\/buletin.de\/bucuresti\/clotilde-armand-condamnata-la-un-an-de-inchisoare-cu-amanarea-aplicarii-pedepsei\/"},"author":{"name":"C\u0103t\u0103lin Anghel-Dimache","@id":"https:\/\/buletin.de\/bucuresti\/#\/schema\/person\/0ac9db30080482be87c7386a30f98796"},"headline":"Clotilde Armand, condamnat\u0103 la un an de \u00eenchisoare cu am\u00e2narea aplic\u0103rii pedepsei. Decizia nu este definitiv\u0103","datePublished":"2026-08-31T14:30:11+00:00","dateModified":"2026-08-31T14:30:44+00:00","mainEntityOfPage":{"@id":"https:\/\/buletin.de\/bucuresti\/clotilde-armand-condamnata-la-un-an-de-inchisoare-cu-amanarea-aplicarii-pedepsei\/"},"wordCount":769,"publisher":{"@id":"https:\/\/buletin.de\/bucuresti\/#organization"},"image":{"@id":"https:\/\/buletin.de\/bucuresti\/clotilde-armand-condamnata-la-un-an-de-inchisoare-cu-amanarea-aplicarii-pedepsei\/#primaryimage"},"thumbnailUrl":"https:\/\/buletin.de\/bucuresti\/wp-content\/uploads\/2026\/08\/clotildearmand-1600x1251-1.jpg","keywords":["bucuresti","Capitala","sectorul 1"],"articleSection":["Articole","Featured","Justi\u021bie","Prim\u0103rie"],"inLanguage":"en-GB","copyrightYear":"2026","copyrightHolder":{"@id":"https:\/\/buletin.de\/bucuresti\/#organization"}},{"@type":"WebPage","@id":"https:\/\/buletin.de\/bucuresti\/clotilde-armand-condamnata-la-un-an-de-inchisoare-cu-amanarea-aplicarii-pedepsei\/","url":"https:\/\/buletin.de\/bucuresti\/clotilde-armand-condamnata-la-un-an-de-inchisoare-cu-amanarea-aplicarii-pedepsei\/","name":"Clotilde Armand, condamnat\u0103 la un an de \u00eenchisoare cu am\u00e2narea aplic\u0103rii pedepsei. Decizia nu este definitiv\u0103 - Buletin de Bucure\u0219ti","isPartOf":{"@id":"https:\/\/buletin.de\/bucuresti\/#website"},"primaryImageOfPage":{"@id":"https:\/\/buletin.de\/bucuresti\/clotilde-armand-condamnata-la-un-an-de-inchisoare-cu-amanarea-aplicarii-pedepsei\/#primaryimage"},"image":{"@id":"https:\/\/buletin.de\/bucuresti\/clotilde-armand-condamnata-la-un-an-de-inchisoare-cu-amanarea-aplicarii-pedepsei\/#primaryimage"},"thumbnailUrl":"https:\/\/buletin.de\/bucuresti\/wp-content\/uploads\/2026\/08\/clotildearmand-1600x1251-1.jpg","datePublished":"2026-08-31T14:30:11+00:00","dateModified":"2026-08-31T14:30:44+00:00","description":"Clotilde Armand, condamnat\u0103 la un an de \u00eenchisoare cu am\u00e2narea aplic\u0103rii pedepsei. Decizia nu este definitiv\u0103","breadcrumb":{"@id":"https:\/\/buletin.de\/bucuresti\/clotilde-armand-condamnata-la-un-an-de-inchisoare-cu-amanarea-aplicarii-pedepsei\/#breadcrumb"},"inLanguage":"en-GB","potentialAction":[{"@type":"ReadAction","target":["https:\/\/buletin.de\/bucuresti\/clotilde-armand-condamnata-la-un-an-de-inchisoare-cu-amanarea-aplicarii-pedepsei\/"]}]},{"@type":"ImageObject","inLanguage":"en-GB","@id":"https:\/\/buletin.de\/bucuresti\/clotilde-armand-condamnata-la-un-an-de-inchisoare-cu-amanarea-aplicarii-pedepsei\/#primaryimage","url":"https:\/\/buletin.de\/bucuresti\/wp-content\/uploads\/2026\/08\/clotildearmand-1600x1251-1.jpg","contentUrl":"https:\/\/buletin.de\/bucuresti\/wp-content\/uploads\/2026\/08\/clotildearmand-1600x1251-1.jpg","width":1600,"height":1251,"caption":"Foto: Clotilde Armand \/ FB"},{"@type":"BreadcrumbList","@id":"https:\/\/buletin.de\/bucuresti\/clotilde-armand-condamnata-la-un-an-de-inchisoare-cu-amanarea-aplicarii-pedepsei\/#breadcrumb","itemListElement":[{"@type":"ListItem","position":1,"name":"Acas\u0103","item":"https:\/\/buletin.de\/bucuresti\/"},{"@type":"ListItem","position":2,"name":"Clotilde Armand, condamnat\u0103 la un an de \u00eenchisoare cu am\u00e2narea aplic\u0103rii pedepsei. Decizia nu este definitiv\u0103"}]},{"@type":"WebSite","@id":"https:\/\/buletin.de\/bucuresti\/#website","url":"https:\/\/buletin.de\/bucuresti\/","name":"Buletin de Bucure\u0219ti","description":"\u0218tiri \u0219i investiga\u021bii esen\u021biale din capital\u0103","publisher":{"@id":"https:\/\/buletin.de\/bucuresti\/#organization"},"potentialAction":[{"@type":"SearchAction","target":{"@type":"EntryPoint","urlTemplate":"https:\/\/buletin.de\/bucuresti\/?s={search_term_string}"},"query-input":{"@type":"PropertyValueSpecification","valueRequired":true,"valueName":"search_term_string"}}],"inLanguage":"en-GB"},{"@type":"Organization","@id":"https:\/\/buletin.de\/bucuresti\/#organization","name":"Buletin de Bucure\u0219ti","url":"https:\/\/buletin.de\/bucuresti\/","logo":{"@type":"ImageObject","inLanguage":"en-GB","@id":"https:\/\/buletin.de\/bucuresti\/#\/schema\/logo\/image\/","url":"https:\/\/buletin.de\/bucuresti\/wp-content\/uploads\/logo-bdb-full-wide-vernil-transparent.png","contentUrl":"https:\/\/buletin.de\/bucuresti\/wp-content\/uploads\/logo-bdb-full-wide-vernil-transparent.png","width":1782,"height":626,"caption":"Buletin de Bucure\u0219ti"},"image":{"@id":"https:\/\/buletin.de\/bucuresti\/#\/schema\/logo\/image\/"},"sameAs":["https:\/\/www.facebook.com\/buletin.de.buc","https:\/\/www.instagram.com\/buletinde.bucuresti\/"]},{"@type":"Person","@id":"https:\/\/buletin.de\/bucuresti\/#\/schema\/person\/0ac9db30080482be87c7386a30f98796","name":"C\u0103t\u0103lin Anghel-Dimache","image":{"@type":"ImageObject","inLanguage":"en-GB","@id":"https:\/\/buletin.de\/bucuresti\/wp-content\/uploads\/Catalin-Anghel-Dimache-96x96.jpgbd9e43c5b25186d5b8e917ac61ad86c4","url":"https:\/\/buletin.de\/bucuresti\/wp-content\/uploads\/Catalin-Anghel-Dimache-96x96.jpg","contentUrl":"https:\/\/buletin.de\/bucuresti\/wp-content\/uploads\/Catalin-Anghel-Dimache-96x96.jpg","caption":"C\u0103t\u0103lin Anghel-Dimache"},"description":"A absolvit Facultatea de Jurnalism \u0219i \u0218tiin\u021bele Comunic\u0103rii a Universit\u0103\u021bii din Bucure\u0219ti \u00een 2024. Scrie despre mediu \u0219i teme sociale, dar \u0219i despre cum se reflect\u0103 ele \u00een via\u021ba cotidian\u0103 a bucure\u0219tenilor, cu un ochi atent la pove\u0219tile personale din spatele titlurilor. N\u0103scut \u0219i crescut \u00een Bucure\u0219ti, a f\u0103cut un pas c\u0103tre presa local\u0103, din pasiune pentru ora\u0219ul s\u0103u \u0219i oamenii din el.","url":"https:\/\/buletin.de\/bucuresti\/author\/catalin-anghel-dimache\/"}]}},"authors":[{"term_id":22572,"user_id":59,"is_guest":0,"slug":"catalin-anghel-dimache","display_name":"C\u0103t\u0103lin Anghel-Dimache","avatar_url":"https:\/\/buletin.de\/bucuresti\/wp-content\/uploads\/Catalin-Anghel-Dimache-96x96.jpg","author_category":"1","first_name":"Anghel-Dimache","last_name":"C\u0103t\u0103lin","user_url":"","job_title":"","description":"A absolvit Facultatea de Jurnalism \u0219i \u0218tiin\u021bele Comunic\u0103rii a Universit\u0103\u021bii din Bucure\u0219ti \u00een 2024. Scrie despre mediu \u0219i teme sociale, dar \u0219i despre cum se reflect\u0103 ele \u00een via\u021ba cotidian\u0103 a bucure\u0219tenilor, cu un ochi atent la pove\u0219tile personale din spatele titlurilor. N\u0103scut \u0219i crescut \u00een Bucure\u0219ti, a f\u0103cut un pas c\u0103tre presa local\u0103, din pasiune pentru ora\u0219ul s\u0103u \u0219i oamenii din el."}],"_links":{"self":[{"href":"https:\/\/buletin.de\/bucuresti\/wp-json\/wp\/v2\/posts\/215138","targetHints":{"allow":["GET"]}}],"collection":[{"href":"https:\/\/buletin.de\/bucuresti\/wp-json\/wp\/v2\/posts"}],"about":[{"href":"https:\/\/buletin.de\/bucuresti\/wp-json\/wp\/v2\/types\/post"}],"author":[{"embeddable":true,"href":"https:\/\/buletin.de\/bucuresti\/wp-json\/wp\/v2\/users\/59"}],"replies":[{"embeddable":true,"href":"https:\/\/buletin.de\/bucuresti\/wp-json\/wp\/v2\/comments?post=215138"}],"version-history":[{"count":2,"href":"https:\/\/buletin.de\/bucuresti\/wp-json\/wp\/v2\/posts\/215138\/revisions"}],"predecessor-version":[{"id":215154,"href":"https:\/\/buletin.de\/bucuresti\/wp-json\/wp\/v2\/posts\/215138\/revisions\/215154"}],"wp:featuredmedia":[{"embeddable":true,"href":"https:\/\/buletin.de\/bucuresti\/wp-json\/wp\/v2\/media\/215144"}],"wp:attachment":[{"href":"https:\/\/buletin.de\/bucuresti\/wp-json\/wp\/v2\/media?parent=215138"}],"wp:term":[{"taxonomy":"category","embeddable":true,"href":"https:\/\/buletin.de\/bucuresti\/wp-json\/wp\/v2\/categories?post=215138"},{"taxonomy":"post_tag","embeddable":true,"href":"https:\/\/buletin.de\/bucuresti\/wp-json\/wp\/v2\/tags?post=215138"},{"taxonomy":"author","embeddable":true,"href":"https:\/\/buletin.de\/bucuresti\/wp-json\/wp\/v2\/ppma_author?post=215138"}],"curies":[{"name":"wp","href":"https:\/\/api.w.org\/{rel}","templated":true}]}}