{"id":215136,"date":"2026-08-31T17:23:31","date_gmt":"2026-08-31T14:23:31","guid":{"rendered":"https:\/\/buletin.de\/bucuresti\/?p=215136"},"modified":"2026-08-31T17:28:55","modified_gmt":"2026-08-31T14:28:55","slug":"video-primii-soferi-pe-cel-mai-nou-tronson-al-autostrazii-moldovei-timp-record-de-la-bucuresti-la-bacau","status":"publish","type":"post","link":"https:\/\/buletin.de\/bucuresti\/video-primii-soferi-pe-cel-mai-nou-tronson-al-autostrazii-moldovei-timp-record-de-la-bucuresti-la-bacau\/","title":{"rendered":"VIDEO |\u00a0Primii \u0219oferi pe cel mai nou tronson al Autostr\u0103zii Moldovei. Timp record de la Bucure\u0219ti la B\u0103cau"},"content":{"rendered":"\n<p class=\"wp-block-paragraph\" id=\"h-\"><strong>Primele ma\u0219ini au intrat \u00een aceast\u0103 dup\u0103-amiaz\u0103, 31 august, pe cel mai nou tronson al Autostr\u0103zii Moldovei. Odat\u0103 cu inaugurarea celor 47 de kilometri, distan\u021ba de aproximativ 286 de kilometri dintre Bucure\u0219ti \u0219i Bac\u0103u, doar pe drum de mare vitez\u0103, poate fi parcurs\u0103 \u00een aproximativ dou\u0103 ore \u0219i jum\u0103tate.<\/strong><\/p>\n\n\n\n<p class=\"wp-block-paragraph\"><strong>Noile sectoare, deschise circula\u021biei la ora 16:00, sunt Lotul 2 Adjud \u2013 R\u0103c\u0103ciuni (24,5 km) \u0219i Lotul 3 R\u0103c\u0103ciuni \u2013 Bac\u0103u (21,5 km).<\/strong><\/p>\n\n\n\n<iframe src=\"https:\/\/www.facebook.com\/plugins\/video.php?height=314&#038;href=https%3A%2F%2Fwww.facebook.com%2FCristianOvCPistol%2Fvideos%2F1080472874395723%2F&#038;show_text=false&#038;width=560&#038;t=0\" width=\"560\" height=\"314\" style=\"border:none;overflow:hidden\" scrolling=\"no\" frameborder=\"0\" allowfullscreen=\"true\" allow=\"autoplay; clipboard-write; encrypted-media; picture-in-picture; web-share\" allowFullScreen=\"true\"><\/iframe>\n\n\n\n<p class=\"wp-block-paragraph\"><a href=\"https:\/\/buletin.de\/bucuresti\/a7-bucurestiul-se-conecteaza-azi-cu-bacaul-pe-autostrada-drumul-dureaza-mai-putin-cu-doua-ore-fata-de-ruta-de-pe-drumul-mortii\/\">Diferen\u021ba de timp, fa\u021b\u0103 de varinta clasic\u0103 E85, supranumit \u0219i \u201eDrumul Mor\u021bii\u201d, este una major\u0103<\/a>. O simulare pe Google Maps presupune un timp de condus de aproximativ 4 ore \u0219i 31 de minute pentru cei 296 de kilometri. Astfel, prin darea \u00een folosin\u021b\u0103 a noului segment de autostrad\u0103, \u0219oferii c\u00e2\u0219tig\u0103 cel pu\u021bin dou\u0103 ore pe sensul de mers, la un regim normal de vitez\u0103.<\/p>\n\n\n\n<p class=\"wp-block-paragraph\">\u00cen perioada imediat urm\u0103toare, dup\u0103 finalizarea lucr\u0103rilor de racordare, circula\u021bia autostr\u0103zii va fi extins\u0103 cu \u00eenc\u0103 4 kilometri p\u00e2n\u0103 la Nodul Rutier Bac\u0103u Nord. Odat\u0103 cu aceast\u0103 inaugurare, sunt func\u021bionali 241,62 km din totalul de 319 km ai Autostr\u0103zii Moldovei (Ploie\u0219ti \u2013 Pa\u0219cani).<\/p>\n\n\n\n<h2 id=\"h-cel-mai-nou-tronson-al-autostrazii-moldovei-a-patra-cea-mai-lunga-inaugurare-intr-o-singura-zi\" class=\"wp-block-heading\">Cel mai nou tronson al Autostr\u0103zii Moldovei, a patra cea mai lung\u0103 inaugurare \u00eentr-o singur\u0103 zi<\/h2>\n\n\n\n<p class=\"wp-block-paragraph\">Deschiderea simultan\u0103 a celor dou\u0103 loturi plaseaz\u0103&nbsp;<a href=\"https:\/\/buletin.de\/bucuresti\/tronsonul-adjud-bacau-din-a7-a-patra-cea-mai-lunga-inaugurare-de-autostrada-intr-o-singura-zi-libertatea\/\" target=\"_blank\" rel=\"noreferrer noopener\">tronsonul Adjud \u2013 Bac\u0103u pe locul 4 \u00een clasamentul istoric al celor mai lungi sectoare de autostrad\u0103 inaugurate \u00eentr-o singur\u0103 zi.<\/a><\/p>\n\n\n\n<p class=\"wp-block-paragraph\">Recordul na\u021bional r\u0103m\u00e2ne la A1 Bucure\u0219ti \u2013 Pite\u0219ti (95,49 km, deschis\u0103 \u00een decembrie 1972). Pozi\u021bia a doua este de\u021binut\u0103 de A2 Bucure\u0219ti \u2013 Lehliu Gar\u0103 (55,7 km, iunie 2004), \u00een timp ce locul trei este ocupat de un alt segment de pe A7, Foc\u0219ani \u2013 Adjud (49 km), predat de acela\u0219i constructor, UMB, \u00een decembrie 2025.<\/p>\n\n\n\n<h2 id=\"h-deficien\u021be-tehnice-\u0219i-penalita\u021bi-pe-vechile-tronsoane\" class=\"wp-block-heading\"><strong>Deficien\u021be tehnice \u0219i penalit\u0103\u021bi pe vechile tronsoane<\/strong><\/h2>\n\n\n\n<p class=\"wp-block-paragraph\"><strong>\u00cen timp ce re\u021beaua se extinde spre nord, unele loturi recep\u021bionate anterior \u00eenregistreaz\u0103 probleme de structur\u0103. CNAIR a solicitat penalit\u0103\u021bi \u00een valoare de aproximativ 8,6 milioane de euro pentru deficien\u021be constatate pe lotul dintre Mizil \u2013 Pietroasele.<\/strong><\/p>\n\n\n\n<p class=\"wp-block-paragraph\">A\u0219a cum a relatat<strong>&nbsp;Buletin de Bucure\u0219ti<\/strong>&nbsp;anterior, problemele reclamate de autorit\u0103\u021bi vizeaz\u0103 suduri defectuoase la structurile metalice, asfalt neconform \u0219i lipsa aderen\u021bei \u00eentre straturi.<\/p>\n\n\n\n<p class=\"wp-block-paragraph\">Lotul 2 Mizil \u2013 Pietroasele (28,35 km) a fost recep\u021bionat \u00een octombrie 2025, dep\u0103\u0219ind termenul cu 43 de zile. Valoarea ini\u021bial\u0103 a contractului a fost de 1,25 miliarde de lei (aproximativ 250 de milioane de euro), \u00eens\u0103 valoarea actualizat\u0103 a ajuns la momentul recep\u021biei la aproximativ 325 milioane de euro.<\/p>\n\n\n\n<p class=\"wp-block-paragraph\">Situa\u021bia tehnic\u0103 reclamat\u0103 pe acest tronson nu este singular\u0103. \u00cen ianuarie, circula\u021bia a fost restric\u021bionat\u0103 temporar pe primul lot al tronsonului Ploie\u0219ti \u2013 Buz\u0103u (Dumbrava \u2013 Mizil), pentru efectuarea unor m\u0103sur\u0103tori topografice de urgen\u021b\u0103 \u00een zona kilometrului 15.<\/p>\n\n\n\n<p class=\"wp-block-paragraph\" id=\"h-\"><strong>CITE\u0218TE \u0218I:&nbsp;<a href=\"https:\/\/buletin.de\/bucuresti\/asociere-urgenta-intre-sectorul-4-si-apanova-la-scurt-timp-dupa-validarea-taxei-pe-inundatie-in-cgmb-protocolul-vizeaza-finantarea-unor-lucrari-de-intere\/\">Asociere \u201eurgent\u0103\u201d \u00eentre Sectorul 4 \u0219i ApaNova, la scurt timp dup\u0103 validarea \u201etaxei pe inunda\u021bie\u201d \u00een CGMB. Protocolul vizeaz\u0103 finan\u021barea unor \u201elucr\u0103ri de interes public\u201d<\/a><\/strong><\/p>\n\n\n\n<p class=\"wp-block-paragraph\"><\/p>\n","protected":false},"excerpt":{"rendered":"<p>Primele ma\u0219ini au intrat \u00een aceast\u0103 dup\u0103-amiaz\u0103, 31 august, pe cel mai nou tronson al Autostr\u0103zii Moldovei. Odat\u0103 cu inaugurarea celor 47 de kilometri, distan\u021ba de aproximativ 286 de kilometri dintre Bucure\u0219ti \u0219i Bac\u0103u, doar pe drum de mare vitez\u0103, poate fi parcurs\u0103 \u00een aproximativ dou\u0103 ore \u0219i jum\u0103tate. Noile sectoare, deschise circula\u021biei la ora [&hellip;]<\/p>\n","protected":false},"author":55,"featured_media":215145,"comment_status":"closed","ping_status":"open","sticky":false,"template":"","format":"standard","meta":{"_acf_changed":false,"inline_featured_image":false,"ngg_post_thumbnail":0,"footnotes":""},"categories":[6994,62,650],"tags":[7934,30322,16640,30500,23093,23301],"ppma_author":[22573],"class_list":["post-215136","post","type-post","status-publish","format-standard","has-post-thumbnail","hentry","category-stiri-2","category-stiri","category-transport","tag-a7","tag-adjud-bacau-2","tag-autostrada-moldovei","tag-bucuresti-bacau-3","tag-drum-de-mare-viteza-2","tag-inaugurare-a7"],"acf":[],"a3_pvc":{"activated":false,"total_views":0,"today_views":0},"yoast_head":"<!-- This site is optimized with the Yoast SEO Premium plugin v28.0 (Yoast SEO v28.3) - https:\/\/yoast.com\/product\/yoast-seo-premium-wordpress\/ -->\n<title>VIDEO |\u00a0Primii \u0219oferi pe cel mai nou tronson al Autostr\u0103zii Moldovei. Timp record de la Bucure\u0219ti la B\u0103cau - Buletin de Bucure\u0219ti<\/title>\n<meta name=\"description\" content=\"Primii \u0219oferi pe cel mai nou tronson al Autostr\u0103zii Moldovei. Timp record de la Bucure\u0219ti la B\u0103cau, doar pe drum de mare vitez\u0103.\" \/>\n<meta name=\"robots\" content=\"index, follow, max-snippet:-1, max-image-preview:large, max-video-preview:-1\" \/>\n<link rel=\"canonical\" href=\"https:\/\/buletin.de\/bucuresti\/video-primii-soferi-pe-cel-mai-nou-tronson-al-autostrazii-moldovei-timp-record-de-la-bucuresti-la-bacau\/\" \/>\n<meta property=\"og:locale\" content=\"en_GB\" \/>\n<meta property=\"og:type\" content=\"article\" \/>\n<meta property=\"og:title\" content=\"VIDEO |\u00a0Primii \u0219oferi pe cel mai nou tronson al Autostr\u0103zii Moldovei. Timp record de la Bucure\u0219ti la B\u0103cau\" \/>\n<meta property=\"og:description\" content=\"Primii \u0219oferi pe cel mai nou tronson al Autostr\u0103zii Moldovei. Timp record de la Bucure\u0219ti la B\u0103cau, doar pe drum de mare vitez\u0103.\" \/>\n<meta property=\"og:url\" content=\"https:\/\/buletin.de\/bucuresti\/video-primii-soferi-pe-cel-mai-nou-tronson-al-autostrazii-moldovei-timp-record-de-la-bucuresti-la-bacau\/\" \/>\n<meta property=\"og:site_name\" content=\"Buletin de Bucure\u0219ti\" \/>\n<meta property=\"article:publisher\" content=\"https:\/\/www.facebook.com\/buletin.de.buc\" \/>\n<meta property=\"article:published_time\" content=\"2026-08-31T14:23:31+00:00\" \/>\n<meta property=\"article:modified_time\" content=\"2026-08-31T14:28:55+00:00\" \/>\n<meta property=\"og:image\" content=\"https:\/\/buletin.de\/bucuresti\/wp-content\/uploads\/2026\/08\/image_2026-08-31_172050680.png\" \/>\n\t<meta property=\"og:image:width\" content=\"1430\" \/>\n\t<meta property=\"og:image:height\" content=\"806\" \/>\n\t<meta property=\"og:image:type\" content=\"image\/png\" \/>\n<meta name=\"author\" content=\"Andreea Tudor\" \/>\n<meta name=\"twitter:card\" content=\"summary_large_image\" \/>\n<meta name=\"twitter:label1\" content=\"Written by\" \/>\n\t<meta name=\"twitter:data1\" content=\"Andreea Tudor\" \/>\n\t<meta name=\"twitter:label2\" content=\"Estimated reading time\" \/>\n\t<meta name=\"twitter:data2\" content=\"3 minutes\" \/>\n<script type=\"application\/ld+json\" class=\"yoast-schema-graph\">{\"@context\":\"https:\\\/\\\/schema.org\",\"@graph\":[{\"@type\":\"Article\",\"@id\":\"https:\\\/\\\/buletin.de\\\/bucuresti\\\/video-primii-soferi-pe-cel-mai-nou-tronson-al-autostrazii-moldovei-timp-record-de-la-bucuresti-la-bacau\\\/#article\",\"isPartOf\":{\"@id\":\"https:\\\/\\\/buletin.de\\\/bucuresti\\\/video-primii-soferi-pe-cel-mai-nou-tronson-al-autostrazii-moldovei-timp-record-de-la-bucuresti-la-bacau\\\/\"},\"author\":{\"name\":\"Andreea Tudor\",\"@id\":\"https:\\\/\\\/buletin.de\\\/bucuresti\\\/#\\\/schema\\\/person\\\/150590659efde715459d159da012f501\"},\"headline\":\"VIDEO |\u00a0Primii \u0219oferi pe cel mai nou tronson al Autostr\u0103zii Moldovei. Timp record de la Bucure\u0219ti la B\u0103cau\",\"datePublished\":\"2026-08-31T14:23:31+00:00\",\"dateModified\":\"2026-08-31T14:28:55+00:00\",\"mainEntityOfPage\":{\"@id\":\"https:\\\/\\\/buletin.de\\\/bucuresti\\\/video-primii-soferi-pe-cel-mai-nou-tronson-al-autostrazii-moldovei-timp-record-de-la-bucuresti-la-bacau\\\/\"},\"wordCount\":510,\"publisher\":{\"@id\":\"https:\\\/\\\/buletin.de\\\/bucuresti\\\/#organization\"},\"image\":{\"@id\":\"https:\\\/\\\/buletin.de\\\/bucuresti\\\/video-primii-soferi-pe-cel-mai-nou-tronson-al-autostrazii-moldovei-timp-record-de-la-bucuresti-la-bacau\\\/#primaryimage\"},\"thumbnailUrl\":\"https:\\\/\\\/buletin.de\\\/bucuresti\\\/wp-content\\\/uploads\\\/2026\\\/08\\\/image_2026-08-31_172050680.png\",\"keywords\":[\"a7\",\"adjud-bacau\",\"Autostrada Moldovei\",\"bucuresti-bacau\",\"drum de mare viteza\",\"inaugurare a7\"],\"articleSection\":[\"Articole\",\"\u0218tiri\",\"Transport\"],\"inLanguage\":\"en-GB\",\"copyrightYear\":\"2026\",\"copyrightHolder\":{\"@id\":\"https:\\\/\\\/buletin.de\\\/bucuresti\\\/#organization\"}},{\"@type\":\"WebPage\",\"@id\":\"https:\\\/\\\/buletin.de\\\/bucuresti\\\/video-primii-soferi-pe-cel-mai-nou-tronson-al-autostrazii-moldovei-timp-record-de-la-bucuresti-la-bacau\\\/\",\"url\":\"https:\\\/\\\/buletin.de\\\/bucuresti\\\/video-primii-soferi-pe-cel-mai-nou-tronson-al-autostrazii-moldovei-timp-record-de-la-bucuresti-la-bacau\\\/\",\"name\":\"VIDEO |\u00a0Primii \u0219oferi pe cel mai nou tronson al Autostr\u0103zii Moldovei. Timp record de la Bucure\u0219ti la B\u0103cau - Buletin de Bucure\u0219ti\",\"isPartOf\":{\"@id\":\"https:\\\/\\\/buletin.de\\\/bucuresti\\\/#website\"},\"primaryImageOfPage\":{\"@id\":\"https:\\\/\\\/buletin.de\\\/bucuresti\\\/video-primii-soferi-pe-cel-mai-nou-tronson-al-autostrazii-moldovei-timp-record-de-la-bucuresti-la-bacau\\\/#primaryimage\"},\"image\":{\"@id\":\"https:\\\/\\\/buletin.de\\\/bucuresti\\\/video-primii-soferi-pe-cel-mai-nou-tronson-al-autostrazii-moldovei-timp-record-de-la-bucuresti-la-bacau\\\/#primaryimage\"},\"thumbnailUrl\":\"https:\\\/\\\/buletin.de\\\/bucuresti\\\/wp-content\\\/uploads\\\/2026\\\/08\\\/image_2026-08-31_172050680.png\",\"datePublished\":\"2026-08-31T14:23:31+00:00\",\"dateModified\":\"2026-08-31T14:28:55+00:00\",\"description\":\"Primii \u0219oferi pe cel mai nou tronson al Autostr\u0103zii Moldovei. Timp record de la Bucure\u0219ti la B\u0103cau, doar pe drum de mare vitez\u0103.\",\"breadcrumb\":{\"@id\":\"https:\\\/\\\/buletin.de\\\/bucuresti\\\/video-primii-soferi-pe-cel-mai-nou-tronson-al-autostrazii-moldovei-timp-record-de-la-bucuresti-la-bacau\\\/#breadcrumb\"},\"inLanguage\":\"en-GB\",\"potentialAction\":[{\"@type\":\"ReadAction\",\"target\":[\"https:\\\/\\\/buletin.de\\\/bucuresti\\\/video-primii-soferi-pe-cel-mai-nou-tronson-al-autostrazii-moldovei-timp-record-de-la-bucuresti-la-bacau\\\/\"]}]},{\"@type\":\"ImageObject\",\"inLanguage\":\"en-GB\",\"@id\":\"https:\\\/\\\/buletin.de\\\/bucuresti\\\/video-primii-soferi-pe-cel-mai-nou-tronson-al-autostrazii-moldovei-timp-record-de-la-bucuresti-la-bacau\\\/#primaryimage\",\"url\":\"https:\\\/\\\/buletin.de\\\/bucuresti\\\/wp-content\\\/uploads\\\/2026\\\/08\\\/image_2026-08-31_172050680.png\",\"contentUrl\":\"https:\\\/\\\/buletin.de\\\/bucuresti\\\/wp-content\\\/uploads\\\/2026\\\/08\\\/image_2026-08-31_172050680.png\",\"width\":1430,\"height\":806,\"caption\":\"Foto: FB\\\/ Cristian Pistol\"},{\"@type\":\"BreadcrumbList\",\"@id\":\"https:\\\/\\\/buletin.de\\\/bucuresti\\\/video-primii-soferi-pe-cel-mai-nou-tronson-al-autostrazii-moldovei-timp-record-de-la-bucuresti-la-bacau\\\/#breadcrumb\",\"itemListElement\":[{\"@type\":\"ListItem\",\"position\":1,\"name\":\"Acas\u0103\",\"item\":\"https:\\\/\\\/buletin.de\\\/bucuresti\\\/\"},{\"@type\":\"ListItem\",\"position\":2,\"name\":\"VIDEO |\u00a0Primii \u0219oferi pe cel mai nou tronson al Autostr\u0103zii Moldovei. Timp record de la Bucure\u0219ti la B\u0103cau\"}]},{\"@type\":\"WebSite\",\"@id\":\"https:\\\/\\\/buletin.de\\\/bucuresti\\\/#website\",\"url\":\"https:\\\/\\\/buletin.de\\\/bucuresti\\\/\",\"name\":\"Buletin de Bucure\u0219ti\",\"description\":\"\u0218tiri \u0219i investiga\u021bii esen\u021biale din capital\u0103\",\"publisher\":{\"@id\":\"https:\\\/\\\/buletin.de\\\/bucuresti\\\/#organization\"},\"potentialAction\":[{\"@type\":\"SearchAction\",\"target\":{\"@type\":\"EntryPoint\",\"urlTemplate\":\"https:\\\/\\\/buletin.de\\\/bucuresti\\\/?s={search_term_string}\"},\"query-input\":{\"@type\":\"PropertyValueSpecification\",\"valueRequired\":true,\"valueName\":\"search_term_string\"}}],\"inLanguage\":\"en-GB\"},{\"@type\":\"Organization\",\"@id\":\"https:\\\/\\\/buletin.de\\\/bucuresti\\\/#organization\",\"name\":\"Buletin de Bucure\u0219ti\",\"url\":\"https:\\\/\\\/buletin.de\\\/bucuresti\\\/\",\"logo\":{\"@type\":\"ImageObject\",\"inLanguage\":\"en-GB\",\"@id\":\"https:\\\/\\\/buletin.de\\\/bucuresti\\\/#\\\/schema\\\/logo\\\/image\\\/\",\"url\":\"https:\\\/\\\/buletin.de\\\/bucuresti\\\/wp-content\\\/uploads\\\/logo-bdb-full-wide-vernil-transparent.png\",\"contentUrl\":\"https:\\\/\\\/buletin.de\\\/bucuresti\\\/wp-content\\\/uploads\\\/logo-bdb-full-wide-vernil-transparent.png\",\"width\":1782,\"height\":626,\"caption\":\"Buletin de Bucure\u0219ti\"},\"image\":{\"@id\":\"https:\\\/\\\/buletin.de\\\/bucuresti\\\/#\\\/schema\\\/logo\\\/image\\\/\"},\"sameAs\":[\"https:\\\/\\\/www.facebook.com\\\/buletin.de.buc\",\"https:\\\/\\\/www.instagram.com\\\/buletinde.bucuresti\\\/\"]},{\"@type\":\"Person\",\"@id\":\"https:\\\/\\\/buletin.de\\\/bucuresti\\\/#\\\/schema\\\/person\\\/150590659efde715459d159da012f501\",\"name\":\"Andreea Tudor\",\"image\":{\"@type\":\"ImageObject\",\"inLanguage\":\"en-GB\",\"@id\":\"https:\\\/\\\/buletin.de\\\/bucuresti\\\/wp-content\\\/uploads\\\/2026\\\/06\\\/BDB_Andreea_T-5-96x96.jpg2291f994b0ece9443cb8e95c805b8b20\",\"url\":\"https:\\\/\\\/buletin.de\\\/bucuresti\\\/wp-content\\\/uploads\\\/2026\\\/06\\\/BDB_Andreea_T-5-96x96.jpg\",\"contentUrl\":\"https:\\\/\\\/buletin.de\\\/bucuresti\\\/wp-content\\\/uploads\\\/2026\\\/06\\\/BDB_Andreea_T-5-96x96.jpg\",\"caption\":\"Andreea Tudor\"},\"description\":\"Reporter la Buletin de Bucure\u0219ti de doi ani \u0219i jum\u0103tate. Sus\u021bin\u0103toare a presei independente, pasionat\u0103 de subiectele de mediu.\",\"url\":\"https:\\\/\\\/buletin.de\\\/bucuresti\\\/author\\\/andreeatudor\\\/\"}]}<\/script>\n<!-- \/ Yoast SEO Premium plugin. -->","yoast_head_json":{"title":"VIDEO |\u00a0Primii \u0219oferi pe cel mai nou tronson al Autostr\u0103zii Moldovei. Timp record de la Bucure\u0219ti la B\u0103cau - Buletin de Bucure\u0219ti","description":"Primii \u0219oferi pe cel mai nou tronson al Autostr\u0103zii Moldovei. Timp record de la Bucure\u0219ti la B\u0103cau, doar pe drum de mare vitez\u0103.","robots":{"index":"index","follow":"follow","max-snippet":"max-snippet:-1","max-image-preview":"max-image-preview:large","max-video-preview":"max-video-preview:-1"},"canonical":"https:\/\/buletin.de\/bucuresti\/video-primii-soferi-pe-cel-mai-nou-tronson-al-autostrazii-moldovei-timp-record-de-la-bucuresti-la-bacau\/","og_locale":"en_GB","og_type":"article","og_title":"VIDEO |\u00a0Primii \u0219oferi pe cel mai nou tronson al Autostr\u0103zii Moldovei. Timp record de la Bucure\u0219ti la B\u0103cau","og_description":"Primii \u0219oferi pe cel mai nou tronson al Autostr\u0103zii Moldovei. Timp record de la Bucure\u0219ti la B\u0103cau, doar pe drum de mare vitez\u0103.","og_url":"https:\/\/buletin.de\/bucuresti\/video-primii-soferi-pe-cel-mai-nou-tronson-al-autostrazii-moldovei-timp-record-de-la-bucuresti-la-bacau\/","og_site_name":"Buletin de Bucure\u0219ti","article_publisher":"https:\/\/www.facebook.com\/buletin.de.buc","article_published_time":"2026-08-31T14:23:31+00:00","article_modified_time":"2026-08-31T14:28:55+00:00","og_image":[{"width":1430,"height":806,"url":"https:\/\/buletin.de\/bucuresti\/wp-content\/uploads\/2026\/08\/image_2026-08-31_172050680.png","type":"image\/png"}],"author":"Andreea Tudor","twitter_card":"summary_large_image","twitter_misc":{"Written by":"Andreea Tudor","Estimated reading time":"3 minutes"},"schema":{"@context":"https:\/\/schema.org","@graph":[{"@type":"Article","@id":"https:\/\/buletin.de\/bucuresti\/video-primii-soferi-pe-cel-mai-nou-tronson-al-autostrazii-moldovei-timp-record-de-la-bucuresti-la-bacau\/#article","isPartOf":{"@id":"https:\/\/buletin.de\/bucuresti\/video-primii-soferi-pe-cel-mai-nou-tronson-al-autostrazii-moldovei-timp-record-de-la-bucuresti-la-bacau\/"},"author":{"name":"Andreea Tudor","@id":"https:\/\/buletin.de\/bucuresti\/#\/schema\/person\/150590659efde715459d159da012f501"},"headline":"VIDEO |\u00a0Primii \u0219oferi pe cel mai nou tronson al Autostr\u0103zii Moldovei. Timp record de la Bucure\u0219ti la B\u0103cau","datePublished":"2026-08-31T14:23:31+00:00","dateModified":"2026-08-31T14:28:55+00:00","mainEntityOfPage":{"@id":"https:\/\/buletin.de\/bucuresti\/video-primii-soferi-pe-cel-mai-nou-tronson-al-autostrazii-moldovei-timp-record-de-la-bucuresti-la-bacau\/"},"wordCount":510,"publisher":{"@id":"https:\/\/buletin.de\/bucuresti\/#organization"},"image":{"@id":"https:\/\/buletin.de\/bucuresti\/video-primii-soferi-pe-cel-mai-nou-tronson-al-autostrazii-moldovei-timp-record-de-la-bucuresti-la-bacau\/#primaryimage"},"thumbnailUrl":"https:\/\/buletin.de\/bucuresti\/wp-content\/uploads\/2026\/08\/image_2026-08-31_172050680.png","keywords":["a7","adjud-bacau","Autostrada Moldovei","bucuresti-bacau","drum de mare viteza","inaugurare a7"],"articleSection":["Articole","\u0218tiri","Transport"],"inLanguage":"en-GB","copyrightYear":"2026","copyrightHolder":{"@id":"https:\/\/buletin.de\/bucuresti\/#organization"}},{"@type":"WebPage","@id":"https:\/\/buletin.de\/bucuresti\/video-primii-soferi-pe-cel-mai-nou-tronson-al-autostrazii-moldovei-timp-record-de-la-bucuresti-la-bacau\/","url":"https:\/\/buletin.de\/bucuresti\/video-primii-soferi-pe-cel-mai-nou-tronson-al-autostrazii-moldovei-timp-record-de-la-bucuresti-la-bacau\/","name":"VIDEO |\u00a0Primii \u0219oferi pe cel mai nou tronson al Autostr\u0103zii Moldovei. Timp record de la Bucure\u0219ti la B\u0103cau - Buletin de Bucure\u0219ti","isPartOf":{"@id":"https:\/\/buletin.de\/bucuresti\/#website"},"primaryImageOfPage":{"@id":"https:\/\/buletin.de\/bucuresti\/video-primii-soferi-pe-cel-mai-nou-tronson-al-autostrazii-moldovei-timp-record-de-la-bucuresti-la-bacau\/#primaryimage"},"image":{"@id":"https:\/\/buletin.de\/bucuresti\/video-primii-soferi-pe-cel-mai-nou-tronson-al-autostrazii-moldovei-timp-record-de-la-bucuresti-la-bacau\/#primaryimage"},"thumbnailUrl":"https:\/\/buletin.de\/bucuresti\/wp-content\/uploads\/2026\/08\/image_2026-08-31_172050680.png","datePublished":"2026-08-31T14:23:31+00:00","dateModified":"2026-08-31T14:28:55+00:00","description":"Primii \u0219oferi pe cel mai nou tronson al Autostr\u0103zii Moldovei. Timp record de la Bucure\u0219ti la B\u0103cau, doar pe drum de mare vitez\u0103.","breadcrumb":{"@id":"https:\/\/buletin.de\/bucuresti\/video-primii-soferi-pe-cel-mai-nou-tronson-al-autostrazii-moldovei-timp-record-de-la-bucuresti-la-bacau\/#breadcrumb"},"inLanguage":"en-GB","potentialAction":[{"@type":"ReadAction","target":["https:\/\/buletin.de\/bucuresti\/video-primii-soferi-pe-cel-mai-nou-tronson-al-autostrazii-moldovei-timp-record-de-la-bucuresti-la-bacau\/"]}]},{"@type":"ImageObject","inLanguage":"en-GB","@id":"https:\/\/buletin.de\/bucuresti\/video-primii-soferi-pe-cel-mai-nou-tronson-al-autostrazii-moldovei-timp-record-de-la-bucuresti-la-bacau\/#primaryimage","url":"https:\/\/buletin.de\/bucuresti\/wp-content\/uploads\/2026\/08\/image_2026-08-31_172050680.png","contentUrl":"https:\/\/buletin.de\/bucuresti\/wp-content\/uploads\/2026\/08\/image_2026-08-31_172050680.png","width":1430,"height":806,"caption":"Foto: FB\/ Cristian Pistol"},{"@type":"BreadcrumbList","@id":"https:\/\/buletin.de\/bucuresti\/video-primii-soferi-pe-cel-mai-nou-tronson-al-autostrazii-moldovei-timp-record-de-la-bucuresti-la-bacau\/#breadcrumb","itemListElement":[{"@type":"ListItem","position":1,"name":"Acas\u0103","item":"https:\/\/buletin.de\/bucuresti\/"},{"@type":"ListItem","position":2,"name":"VIDEO |\u00a0Primii \u0219oferi pe cel mai nou tronson al Autostr\u0103zii Moldovei. Timp record de la Bucure\u0219ti la B\u0103cau"}]},{"@type":"WebSite","@id":"https:\/\/buletin.de\/bucuresti\/#website","url":"https:\/\/buletin.de\/bucuresti\/","name":"Buletin de Bucure\u0219ti","description":"\u0218tiri \u0219i investiga\u021bii esen\u021biale din capital\u0103","publisher":{"@id":"https:\/\/buletin.de\/bucuresti\/#organization"},"potentialAction":[{"@type":"SearchAction","target":{"@type":"EntryPoint","urlTemplate":"https:\/\/buletin.de\/bucuresti\/?s={search_term_string}"},"query-input":{"@type":"PropertyValueSpecification","valueRequired":true,"valueName":"search_term_string"}}],"inLanguage":"en-GB"},{"@type":"Organization","@id":"https:\/\/buletin.de\/bucuresti\/#organization","name":"Buletin de Bucure\u0219ti","url":"https:\/\/buletin.de\/bucuresti\/","logo":{"@type":"ImageObject","inLanguage":"en-GB","@id":"https:\/\/buletin.de\/bucuresti\/#\/schema\/logo\/image\/","url":"https:\/\/buletin.de\/bucuresti\/wp-content\/uploads\/logo-bdb-full-wide-vernil-transparent.png","contentUrl":"https:\/\/buletin.de\/bucuresti\/wp-content\/uploads\/logo-bdb-full-wide-vernil-transparent.png","width":1782,"height":626,"caption":"Buletin de Bucure\u0219ti"},"image":{"@id":"https:\/\/buletin.de\/bucuresti\/#\/schema\/logo\/image\/"},"sameAs":["https:\/\/www.facebook.com\/buletin.de.buc","https:\/\/www.instagram.com\/buletinde.bucuresti\/"]},{"@type":"Person","@id":"https:\/\/buletin.de\/bucuresti\/#\/schema\/person\/150590659efde715459d159da012f501","name":"Andreea Tudor","image":{"@type":"ImageObject","inLanguage":"en-GB","@id":"https:\/\/buletin.de\/bucuresti\/wp-content\/uploads\/2026\/06\/BDB_Andreea_T-5-96x96.jpg2291f994b0ece9443cb8e95c805b8b20","url":"https:\/\/buletin.de\/bucuresti\/wp-content\/uploads\/2026\/06\/BDB_Andreea_T-5-96x96.jpg","contentUrl":"https:\/\/buletin.de\/bucuresti\/wp-content\/uploads\/2026\/06\/BDB_Andreea_T-5-96x96.jpg","caption":"Andreea Tudor"},"description":"Reporter la Buletin de Bucure\u0219ti de doi ani \u0219i jum\u0103tate. Sus\u021bin\u0103toare a presei independente, pasionat\u0103 de subiectele de mediu.","url":"https:\/\/buletin.de\/bucuresti\/author\/andreeatudor\/"}]}},"authors":[{"term_id":22573,"user_id":55,"is_guest":0,"slug":"andreeatudor","display_name":"Andreea Tudor","avatar_url":"https:\/\/buletin.de\/bucuresti\/wp-content\/uploads\/2026\/06\/BDB_Andreea_T-5-96x96.jpg","author_category":"","first_name":"Andreea","last_name":"Tudor","user_url":"","job_title":"","description":"Reporter la Buletin de Bucure\u0219ti de doi ani \u0219i jum\u0103tate. Sus\u021bin\u0103toare a presei independente, pasionat\u0103 de subiectele de mediu."}],"_links":{"self":[{"href":"https:\/\/buletin.de\/bucuresti\/wp-json\/wp\/v2\/posts\/215136","targetHints":{"allow":["GET"]}}],"collection":[{"href":"https:\/\/buletin.de\/bucuresti\/wp-json\/wp\/v2\/posts"}],"about":[{"href":"https:\/\/buletin.de\/bucuresti\/wp-json\/wp\/v2\/types\/post"}],"author":[{"embeddable":true,"href":"https:\/\/buletin.de\/bucuresti\/wp-json\/wp\/v2\/users\/55"}],"replies":[{"embeddable":true,"href":"https:\/\/buletin.de\/bucuresti\/wp-json\/wp\/v2\/comments?post=215136"}],"version-history":[{"count":3,"href":"https:\/\/buletin.de\/bucuresti\/wp-json\/wp\/v2\/posts\/215136\/revisions"}],"predecessor-version":[{"id":215151,"href":"https:\/\/buletin.de\/bucuresti\/wp-json\/wp\/v2\/posts\/215136\/revisions\/215151"}],"wp:featuredmedia":[{"embeddable":true,"href":"https:\/\/buletin.de\/bucuresti\/wp-json\/wp\/v2\/media\/215145"}],"wp:attachment":[{"href":"https:\/\/buletin.de\/bucuresti\/wp-json\/wp\/v2\/media?parent=215136"}],"wp:term":[{"taxonomy":"category","embeddable":true,"href":"https:\/\/buletin.de\/bucuresti\/wp-json\/wp\/v2\/categories?post=215136"},{"taxonomy":"post_tag","embeddable":true,"href":"https:\/\/buletin.de\/bucuresti\/wp-json\/wp\/v2\/tags?post=215136"},{"taxonomy":"author","embeddable":true,"href":"https:\/\/buletin.de\/bucuresti\/wp-json\/wp\/v2\/ppma_author?post=215136"}],"curies":[{"name":"wp","href":"https:\/\/api.w.org\/{rel}","templated":true}]}}