{"id":215113,"date":"2026-08-31T16:25:22","date_gmt":"2026-08-31T13:25:22","guid":{"rendered":"https:\/\/buletin.de\/bucuresti\/?p=215113"},"modified":"2026-08-31T16:25:23","modified_gmt":"2026-08-31T13:25:23","slug":"pasajul-basarab-se-redeschide-complet-de-saptamana-viitoare-tramvaiele-revin-pe-traseu","status":"publish","type":"post","link":"https:\/\/buletin.de\/bucuresti\/pasajul-basarab-se-redeschide-complet-de-saptamana-viitoare-tramvaiele-revin-pe-traseu\/","title":{"rendered":"Pasajul Basarab se redeschide complet de s\u0103pt\u0103m\u00e2na viitoare. Tramvaiele revin pe traseu"},"content":{"rendered":"\n<p class=\"wp-block-paragraph\"><strong>Pasajul Basarab se redeschide de luni, 7 septembrie, iar Prim\u0103ria Capitalei <a href=\"https:\/\/www.facebook.com\/PMBucuresti\/posts\/pfbid0yW2GRXGSLXXHrGmBofPmuXQd7yAUHQx3RHCyZGFxffFU3hTuomJjgCNa41dFsMYfl\" data-type=\"link\" data-id=\"https:\/\/www.facebook.com\/PMBucuresti\/posts\/pfbid0yW2GRXGSLXXHrGmBofPmuXQd7yAUHQx3RHCyZGFxffFU3hTuomJjgCNa41dFsMYfl\" target=\"_blank\" rel=\"noreferrer noopener\">a anun\u021bat <\/a>c\u0103 lucr\u0103rile de pe cel de-al doilea sens sunt aproape gata. Traficul rutier va fi reluat \u00een condi\u021bii normale de s\u0103pt\u0103m\u00e2na viitoare. <\/strong><\/p>\n\n\n\n<p class=\"wp-block-paragraph\">Municipalitatea a transmis c\u0103 au avut loc lucr\u0103rile de frezare, asfaltare \u0219i de trasare a marcajelor rutiere pe sensul \u0218oseaua Groz\u0103ve\u0219ti &#8211; Bulevardul Titulescu. Odat\u0103 cu ridicarea restric\u021biilor de pe Pasajul Basarab, va fi reluat\u0103 \u0219i circula\u021bia tramvaielor. <\/p>\n\n\n\n<p class=\"wp-block-paragraph\"><a href=\"https:\/\/buletin.de\/bucuresti\/liniile-de-tramvai-4-si-11-suspendate-pe-perioada-lucrarilor-la-pasajul-basarab-alte-linii-stb-vor-fi-modificate\/\" data-type=\"link\" data-id=\"https:\/\/buletin.de\/bucuresti\/liniile-de-tramvai-4-si-11-suspendate-pe-perioada-lucrarilor-la-pasajul-basarab-alte-linii-stb-vor-fi-modificate\/\" target=\"_blank\" rel=\"noreferrer noopener\">Liniile de tramvai 4 \u0219i 11 sunt suspendate din luna iunie<\/a>, \u00een contextul lucr\u0103rilor la Pasajul Basarab, \u00een timp ce liniile 1 \u0219i 10 circul\u0103 pe un traseu modificat. <\/p>\n\n\n\n<h2 id=\"h-pasajul-basarab-se-redeschide-de-saptamana-viitoare\" class=\"wp-block-heading\">Pasajul Basarab se redeschide, de s\u0103pt\u0103m\u00e2na viitoare <\/h2>\n\n\n\n<p class=\"wp-block-paragraph\">Asfaltarea pe cel de-al doilea sens a<a href=\"https:\/\/buletin.de\/bucuresti\/se-deschide-circulatia-pe-pasajul-basarab-pe-sensul-bulevardul-titulescu-soseaua-grozavesti-lucrarile-se-muta-pe-cealalta-bretea\/\" data-type=\"link\" data-id=\"https:\/\/buletin.de\/bucuresti\/se-deschide-circulatia-pe-pasajul-basarab-pe-sensul-bulevardul-titulescu-soseaua-grozavesti-lucrarile-se-muta-pe-cealalta-bretea\/\" target=\"_blank\" rel=\"noreferrer noopener\">l Pasajului Basarab<\/a> s-a f\u0103cut \u00een noaptea de vineri spre s\u00e2mb\u0103t\u0103, iar marcajele au fost trasate duminic\u0103. Ast\u0103zi, 31 august, se lucreaz\u0103 la rosturile de dilata\u021bie, la tablierul metalic \u0219i la frezarea asfaltului vechi de pe bretelele de urcare \u0219i cobor\u00e2re. Ast\u0103zi se continu\u0103 \u0219i cu asfaltarea. <\/p>\n\n\n\n<p class=\"wp-block-paragraph\">Urm\u0103toarele lucr\u0103ri presupun trasarea marcajelor rutiere pe bretele, apoi cur\u0103\u021barea, repararea fisurilor \u0219i vopsirea st\u00e2lpilor de sus\u021binere ai podului. \u00cen final, lucr\u0103rile vizeaz\u0103 sablarea, repararea fisurilor, cur\u0103\u021barea \u0219i vopsirea intradosului podului. Toate interven\u021biile vor fi gata p\u00e2n\u0103 duminic\u0103, dup\u0103 cum mai precizeaz\u0103 Prim\u0103ria General\u0103. <\/p>\n\n\n\n<p class=\"wp-block-paragraph\"><strong>Din 7 septembrie, odat\u0103 cu \u00eenceperea noului an \u0219colar, se redeschide circula\u021bia rutier\u0103 pe ambele artere, iar tramvaiele \u00ee\u0219i vor relua circula\u021bia, dup\u0103 care vor fi finalizate marcajele pe bretelele celuilalt sens, care \u00een prezent sunt provizorii. <\/strong><\/p>\n\n\n\n<p class=\"wp-block-paragraph\"><strong>De\u0219i se va redeschide circula\u021bia pe Pasajul Basarab, mai r\u0103m\u00e2n \u0219i alte lucr\u0103ri de executat. P\u00e2n\u0103 la finalul anului, vor continua lucr\u0103rile cu opriri temporare de trafic pe timp de zi, precum \u0219i opriri pe o band\u0103 de mers pe timp de noapte. <\/strong><\/p>\n\n\n\n<p class=\"wp-block-paragraph\">Lucr\u0103rile de reabilitare au \u00eenceput \u00een luna iunie, iar p\u00e2n\u0103 acum au fost cur\u0103\u021bate elementele structurale, reparate fisurile, frezat asfaltul de pe sensurile \u00eenchise \u0219i rampele de acces, reparate bordurile \u0219i fisurile de profunzime \u0219i montate rosturile de dilata\u021bie. <\/p>\n\n\n\n<p class=\"wp-block-paragraph\">\u00cen plus, au fost aplicate straturi suport \u0219i au \u00eenceput lucr\u0103rile de protec\u021bie \u0219i vopsire a tablierului metalic, <a href=\"https:\/\/www.facebook.com\/PMBucuresti\/posts\/pfbid02NCSaBiUtkJVDCqLFxLxDF71HEeVets2wZKQin3vHqzQNhxJsCGcdj381HqrpCimvl\" data-type=\"link\" data-id=\"https:\/\/www.facebook.com\/PMBucuresti\/posts\/pfbid02NCSaBiUtkJVDCqLFxLxDF71HEeVets2wZKQin3vHqzQNhxJsCGcdj381HqrpCimvl\" target=\"_blank\" rel=\"noreferrer noopener\">a transmis Prim\u0103ria Capitalei <\/a>pe 16 august. <\/p>\n\n\n\n<figure class=\"wp-block-gallery has-nested-images columns-default is-cropped wp-block-gallery-1 is-layout-flex wp-block-gallery-is-layout-flex\">\n<figure class=\"wp-block-image size-large\"><img fetchpriority=\"high\" decoding=\"async\" width=\"1000\" height=\"667\" data-id=\"215123\" src=\"data:image\/gif;base64,R0lGODlhAQABAAAAACH5BAEKAAEALAAAAAABAAEAAAICTAEAOw==\" data-src=\"https:\/\/buletin.de\/bucuresti\/wp-content\/uploads\/2026\/08\/Lucrari-Pasajul-Basarab-1-1000x667.jpg\" alt=\"\" class=\"wp-image-215123 lazyload\" data-sizes=\"auto\" data-srcset=\"https:\/\/buletin.de\/bucuresti\/wp-content\/uploads\/2026\/08\/Lucrari-Pasajul-Basarab-1-1000x667.jpg 1000w, https:\/\/buletin.de\/bucuresti\/wp-content\/uploads\/2026\/08\/Lucrari-Pasajul-Basarab-1-300x200.jpg 300w, https:\/\/buletin.de\/bucuresti\/wp-content\/uploads\/2026\/08\/Lucrari-Pasajul-Basarab-1-768x512.jpg 768w, https:\/\/buletin.de\/bucuresti\/wp-content\/uploads\/2026\/08\/Lucrari-Pasajul-Basarab-1-1536x1024.jpg 1536w, https:\/\/buletin.de\/bucuresti\/wp-content\/uploads\/2026\/08\/Lucrari-Pasajul-Basarab-1-1600x1066.jpg 1600w, https:\/\/buletin.de\/bucuresti\/wp-content\/uploads\/2026\/08\/Lucrari-Pasajul-Basarab-1-1100x733.jpg 1100w, https:\/\/buletin.de\/bucuresti\/wp-content\/uploads\/2026\/08\/Lucrari-Pasajul-Basarab-1-600x400.jpg 600w, https:\/\/buletin.de\/bucuresti\/wp-content\/uploads\/2026\/08\/Lucrari-Pasajul-Basarab-1-20x13.jpg 20w, https:\/\/buletin.de\/bucuresti\/wp-content\/uploads\/2026\/08\/Lucrari-Pasajul-Basarab-1.jpg 2048w\" sizes=\"(max-width: 1000px) 100vw, 1000px\" \/><\/figure>\n\n\n\n<figure class=\"wp-block-image size-large\"><img decoding=\"async\" width=\"1000\" height=\"667\" data-id=\"215122\" src=\"data:image\/gif;base64,R0lGODlhAQABAAAAACH5BAEKAAEALAAAAAABAAEAAAICTAEAOw==\" data-src=\"https:\/\/buletin.de\/bucuresti\/wp-content\/uploads\/2026\/08\/Lucrari-Pasajul-Basarab-2-1000x667.jpg\" alt=\"\" class=\"wp-image-215122 lazyload\" data-sizes=\"auto\" data-srcset=\"https:\/\/buletin.de\/bucuresti\/wp-content\/uploads\/2026\/08\/Lucrari-Pasajul-Basarab-2-1000x667.jpg 1000w, https:\/\/buletin.de\/bucuresti\/wp-content\/uploads\/2026\/08\/Lucrari-Pasajul-Basarab-2-300x200.jpg 300w, https:\/\/buletin.de\/bucuresti\/wp-content\/uploads\/2026\/08\/Lucrari-Pasajul-Basarab-2-768x512.jpg 768w, https:\/\/buletin.de\/bucuresti\/wp-content\/uploads\/2026\/08\/Lucrari-Pasajul-Basarab-2-1536x1024.jpg 1536w, https:\/\/buletin.de\/bucuresti\/wp-content\/uploads\/2026\/08\/Lucrari-Pasajul-Basarab-2-1600x1066.jpg 1600w, https:\/\/buletin.de\/bucuresti\/wp-content\/uploads\/2026\/08\/Lucrari-Pasajul-Basarab-2-1100x733.jpg 1100w, https:\/\/buletin.de\/bucuresti\/wp-content\/uploads\/2026\/08\/Lucrari-Pasajul-Basarab-2-600x400.jpg 600w, https:\/\/buletin.de\/bucuresti\/wp-content\/uploads\/2026\/08\/Lucrari-Pasajul-Basarab-2-20x13.jpg 20w, https:\/\/buletin.de\/bucuresti\/wp-content\/uploads\/2026\/08\/Lucrari-Pasajul-Basarab-2.jpg 2048w\" sizes=\"(max-width: 1000px) 100vw, 1000px\" \/><\/figure>\n\n\n\n<figure class=\"wp-block-image size-large\"><img decoding=\"async\" width=\"1000\" height=\"667\" data-id=\"215124\" src=\"data:image\/gif;base64,R0lGODlhAQABAAAAACH5BAEKAAEALAAAAAABAAEAAAICTAEAOw==\" data-src=\"https:\/\/buletin.de\/bucuresti\/wp-content\/uploads\/2026\/08\/Lucrari-Pasajul-Basarab-3-1000x667.jpg\" alt=\"\" class=\"wp-image-215124 lazyload\" data-sizes=\"auto\" data-srcset=\"https:\/\/buletin.de\/bucuresti\/wp-content\/uploads\/2026\/08\/Lucrari-Pasajul-Basarab-3-1000x667.jpg 1000w, https:\/\/buletin.de\/bucuresti\/wp-content\/uploads\/2026\/08\/Lucrari-Pasajul-Basarab-3-300x200.jpg 300w, https:\/\/buletin.de\/bucuresti\/wp-content\/uploads\/2026\/08\/Lucrari-Pasajul-Basarab-3-768x512.jpg 768w, https:\/\/buletin.de\/bucuresti\/wp-content\/uploads\/2026\/08\/Lucrari-Pasajul-Basarab-3-1536x1024.jpg 1536w, https:\/\/buletin.de\/bucuresti\/wp-content\/uploads\/2026\/08\/Lucrari-Pasajul-Basarab-3-1600x1066.jpg 1600w, https:\/\/buletin.de\/bucuresti\/wp-content\/uploads\/2026\/08\/Lucrari-Pasajul-Basarab-3-1100x733.jpg 1100w, https:\/\/buletin.de\/bucuresti\/wp-content\/uploads\/2026\/08\/Lucrari-Pasajul-Basarab-3-600x400.jpg 600w, https:\/\/buletin.de\/bucuresti\/wp-content\/uploads\/2026\/08\/Lucrari-Pasajul-Basarab-3-20x13.jpg 20w, https:\/\/buletin.de\/bucuresti\/wp-content\/uploads\/2026\/08\/Lucrari-Pasajul-Basarab-3.jpg 2048w\" sizes=\"(max-width: 1000px) 100vw, 1000px\" \/><\/figure>\n\n\n\n<figure class=\"wp-block-image size-large\"><img loading=\"lazy\" decoding=\"async\" width=\"1000\" height=\"667\" data-id=\"215121\" src=\"data:image\/gif;base64,R0lGODlhAQABAAAAACH5BAEKAAEALAAAAAABAAEAAAICTAEAOw==\" data-src=\"https:\/\/buletin.de\/bucuresti\/wp-content\/uploads\/2026\/08\/Lucrari-Pasajul-Basarab-4-1000x667.jpg\" alt=\"\" class=\"wp-image-215121 lazyload\" data-sizes=\"auto\" data-srcset=\"https:\/\/buletin.de\/bucuresti\/wp-content\/uploads\/2026\/08\/Lucrari-Pasajul-Basarab-4-1000x667.jpg 1000w, https:\/\/buletin.de\/bucuresti\/wp-content\/uploads\/2026\/08\/Lucrari-Pasajul-Basarab-4-300x200.jpg 300w, https:\/\/buletin.de\/bucuresti\/wp-content\/uploads\/2026\/08\/Lucrari-Pasajul-Basarab-4-768x512.jpg 768w, https:\/\/buletin.de\/bucuresti\/wp-content\/uploads\/2026\/08\/Lucrari-Pasajul-Basarab-4-1536x1024.jpg 1536w, https:\/\/buletin.de\/bucuresti\/wp-content\/uploads\/2026\/08\/Lucrari-Pasajul-Basarab-4-1600x1066.jpg 1600w, https:\/\/buletin.de\/bucuresti\/wp-content\/uploads\/2026\/08\/Lucrari-Pasajul-Basarab-4-1100x733.jpg 1100w, https:\/\/buletin.de\/bucuresti\/wp-content\/uploads\/2026\/08\/Lucrari-Pasajul-Basarab-4-600x400.jpg 600w, https:\/\/buletin.de\/bucuresti\/wp-content\/uploads\/2026\/08\/Lucrari-Pasajul-Basarab-4-20x13.jpg 20w, https:\/\/buletin.de\/bucuresti\/wp-content\/uploads\/2026\/08\/Lucrari-Pasajul-Basarab-4.jpg 2048w\" sizes=\"(max-width: 1000px) 100vw, 1000px\" \/><\/figure>\n\n\n\n<figure class=\"wp-block-image size-large\"><img loading=\"lazy\" decoding=\"async\" width=\"1000\" height=\"667\" data-id=\"215125\" src=\"data:image\/gif;base64,R0lGODlhAQABAAAAACH5BAEKAAEALAAAAAABAAEAAAICTAEAOw==\" data-src=\"https:\/\/buletin.de\/bucuresti\/wp-content\/uploads\/2026\/08\/Lucrari-Pasajul-Basarab-5-1000x667.jpg\" alt=\"\" class=\"wp-image-215125 lazyload\" data-sizes=\"auto\" data-srcset=\"https:\/\/buletin.de\/bucuresti\/wp-content\/uploads\/2026\/08\/Lucrari-Pasajul-Basarab-5-1000x667.jpg 1000w, https:\/\/buletin.de\/bucuresti\/wp-content\/uploads\/2026\/08\/Lucrari-Pasajul-Basarab-5-300x200.jpg 300w, https:\/\/buletin.de\/bucuresti\/wp-content\/uploads\/2026\/08\/Lucrari-Pasajul-Basarab-5-768x512.jpg 768w, https:\/\/buletin.de\/bucuresti\/wp-content\/uploads\/2026\/08\/Lucrari-Pasajul-Basarab-5-1536x1024.jpg 1536w, https:\/\/buletin.de\/bucuresti\/wp-content\/uploads\/2026\/08\/Lucrari-Pasajul-Basarab-5-1600x1066.jpg 1600w, https:\/\/buletin.de\/bucuresti\/wp-content\/uploads\/2026\/08\/Lucrari-Pasajul-Basarab-5-1100x733.jpg 1100w, https:\/\/buletin.de\/bucuresti\/wp-content\/uploads\/2026\/08\/Lucrari-Pasajul-Basarab-5-600x400.jpg 600w, https:\/\/buletin.de\/bucuresti\/wp-content\/uploads\/2026\/08\/Lucrari-Pasajul-Basarab-5-20x13.jpg 20w, https:\/\/buletin.de\/bucuresti\/wp-content\/uploads\/2026\/08\/Lucrari-Pasajul-Basarab-5.jpg 2048w\" sizes=\"(max-width: 1000px) 100vw, 1000px\" \/><\/figure>\n\n\n\n<figure class=\"wp-block-image size-large\"><img loading=\"lazy\" decoding=\"async\" width=\"1000\" height=\"667\" data-id=\"215126\" src=\"data:image\/gif;base64,R0lGODlhAQABAAAAACH5BAEKAAEALAAAAAABAAEAAAICTAEAOw==\" data-src=\"https:\/\/buletin.de\/bucuresti\/wp-content\/uploads\/2026\/08\/Lucrari-Pasajul-Basarab-6-1000x667.jpg\" alt=\"\" class=\"wp-image-215126 lazyload\" data-sizes=\"auto\" data-srcset=\"https:\/\/buletin.de\/bucuresti\/wp-content\/uploads\/2026\/08\/Lucrari-Pasajul-Basarab-6-1000x667.jpg 1000w, https:\/\/buletin.de\/bucuresti\/wp-content\/uploads\/2026\/08\/Lucrari-Pasajul-Basarab-6-300x200.jpg 300w, https:\/\/buletin.de\/bucuresti\/wp-content\/uploads\/2026\/08\/Lucrari-Pasajul-Basarab-6-768x512.jpg 768w, https:\/\/buletin.de\/bucuresti\/wp-content\/uploads\/2026\/08\/Lucrari-Pasajul-Basarab-6-1536x1024.jpg 1536w, https:\/\/buletin.de\/bucuresti\/wp-content\/uploads\/2026\/08\/Lucrari-Pasajul-Basarab-6-1600x1066.jpg 1600w, https:\/\/buletin.de\/bucuresti\/wp-content\/uploads\/2026\/08\/Lucrari-Pasajul-Basarab-6-1100x733.jpg 1100w, https:\/\/buletin.de\/bucuresti\/wp-content\/uploads\/2026\/08\/Lucrari-Pasajul-Basarab-6-600x400.jpg 600w, https:\/\/buletin.de\/bucuresti\/wp-content\/uploads\/2026\/08\/Lucrari-Pasajul-Basarab-6-20x13.jpg 20w, https:\/\/buletin.de\/bucuresti\/wp-content\/uploads\/2026\/08\/Lucrari-Pasajul-Basarab-6.jpg 2048w\" sizes=\"(max-width: 1000px) 100vw, 1000px\" \/><\/figure>\n\n\n\n<figure class=\"wp-block-image size-large\"><img loading=\"lazy\" decoding=\"async\" width=\"1000\" height=\"667\" data-id=\"215127\" src=\"data:image\/gif;base64,R0lGODlhAQABAAAAACH5BAEKAAEALAAAAAABAAEAAAICTAEAOw==\" data-src=\"https:\/\/buletin.de\/bucuresti\/wp-content\/uploads\/2026\/08\/Lucrari-Pasajul-Basarab-7-1000x667.jpg\" alt=\"\" class=\"wp-image-215127 lazyload\" data-sizes=\"auto\" data-srcset=\"https:\/\/buletin.de\/bucuresti\/wp-content\/uploads\/2026\/08\/Lucrari-Pasajul-Basarab-7-1000x667.jpg 1000w, https:\/\/buletin.de\/bucuresti\/wp-content\/uploads\/2026\/08\/Lucrari-Pasajul-Basarab-7-300x200.jpg 300w, https:\/\/buletin.de\/bucuresti\/wp-content\/uploads\/2026\/08\/Lucrari-Pasajul-Basarab-7-768x512.jpg 768w, https:\/\/buletin.de\/bucuresti\/wp-content\/uploads\/2026\/08\/Lucrari-Pasajul-Basarab-7-1536x1024.jpg 1536w, https:\/\/buletin.de\/bucuresti\/wp-content\/uploads\/2026\/08\/Lucrari-Pasajul-Basarab-7-1600x1066.jpg 1600w, https:\/\/buletin.de\/bucuresti\/wp-content\/uploads\/2026\/08\/Lucrari-Pasajul-Basarab-7-1100x733.jpg 1100w, https:\/\/buletin.de\/bucuresti\/wp-content\/uploads\/2026\/08\/Lucrari-Pasajul-Basarab-7-600x400.jpg 600w, https:\/\/buletin.de\/bucuresti\/wp-content\/uploads\/2026\/08\/Lucrari-Pasajul-Basarab-7-20x13.jpg 20w, https:\/\/buletin.de\/bucuresti\/wp-content\/uploads\/2026\/08\/Lucrari-Pasajul-Basarab-7.jpg 2048w\" sizes=\"(max-width: 1000px) 100vw, 1000px\" \/><\/figure>\n\n\n\n<figure class=\"wp-block-image size-large\"><img loading=\"lazy\" decoding=\"async\" width=\"1000\" height=\"667\" data-id=\"215128\" src=\"data:image\/gif;base64,R0lGODlhAQABAAAAACH5BAEKAAEALAAAAAABAAEAAAICTAEAOw==\" data-src=\"https:\/\/buletin.de\/bucuresti\/wp-content\/uploads\/2026\/08\/Lucrari-Pasajul-Basarab-8-1000x667.jpg\" alt=\"\" class=\"wp-image-215128 lazyload\" data-sizes=\"auto\" data-srcset=\"https:\/\/buletin.de\/bucuresti\/wp-content\/uploads\/2026\/08\/Lucrari-Pasajul-Basarab-8-1000x667.jpg 1000w, https:\/\/buletin.de\/bucuresti\/wp-content\/uploads\/2026\/08\/Lucrari-Pasajul-Basarab-8-300x200.jpg 300w, https:\/\/buletin.de\/bucuresti\/wp-content\/uploads\/2026\/08\/Lucrari-Pasajul-Basarab-8-768x512.jpg 768w, https:\/\/buletin.de\/bucuresti\/wp-content\/uploads\/2026\/08\/Lucrari-Pasajul-Basarab-8-1536x1024.jpg 1536w, https:\/\/buletin.de\/bucuresti\/wp-content\/uploads\/2026\/08\/Lucrari-Pasajul-Basarab-8-1600x1066.jpg 1600w, https:\/\/buletin.de\/bucuresti\/wp-content\/uploads\/2026\/08\/Lucrari-Pasajul-Basarab-8-1100x733.jpg 1100w, https:\/\/buletin.de\/bucuresti\/wp-content\/uploads\/2026\/08\/Lucrari-Pasajul-Basarab-8-600x400.jpg 600w, https:\/\/buletin.de\/bucuresti\/wp-content\/uploads\/2026\/08\/Lucrari-Pasajul-Basarab-8-20x13.jpg 20w, https:\/\/buletin.de\/bucuresti\/wp-content\/uploads\/2026\/08\/Lucrari-Pasajul-Basarab-8.jpg 2048w\" sizes=\"(max-width: 1000px) 100vw, 1000px\" \/><\/figure>\n\n\n\n<figure class=\"wp-block-image size-large\"><img loading=\"lazy\" decoding=\"async\" width=\"1000\" height=\"667\" data-id=\"215129\" src=\"data:image\/gif;base64,R0lGODlhAQABAAAAACH5BAEKAAEALAAAAAABAAEAAAICTAEAOw==\" data-src=\"https:\/\/buletin.de\/bucuresti\/wp-content\/uploads\/2026\/08\/Lucrari-Pasajul-Basarab-9-1000x667.jpg\" alt=\"\" class=\"wp-image-215129 lazyload\" data-sizes=\"auto\" data-srcset=\"https:\/\/buletin.de\/bucuresti\/wp-content\/uploads\/2026\/08\/Lucrari-Pasajul-Basarab-9-1000x667.jpg 1000w, https:\/\/buletin.de\/bucuresti\/wp-content\/uploads\/2026\/08\/Lucrari-Pasajul-Basarab-9-300x200.jpg 300w, https:\/\/buletin.de\/bucuresti\/wp-content\/uploads\/2026\/08\/Lucrari-Pasajul-Basarab-9-768x512.jpg 768w, https:\/\/buletin.de\/bucuresti\/wp-content\/uploads\/2026\/08\/Lucrari-Pasajul-Basarab-9-1536x1024.jpg 1536w, https:\/\/buletin.de\/bucuresti\/wp-content\/uploads\/2026\/08\/Lucrari-Pasajul-Basarab-9-1600x1066.jpg 1600w, https:\/\/buletin.de\/bucuresti\/wp-content\/uploads\/2026\/08\/Lucrari-Pasajul-Basarab-9-1100x733.jpg 1100w, https:\/\/buletin.de\/bucuresti\/wp-content\/uploads\/2026\/08\/Lucrari-Pasajul-Basarab-9-600x400.jpg 600w, https:\/\/buletin.de\/bucuresti\/wp-content\/uploads\/2026\/08\/Lucrari-Pasajul-Basarab-9-20x13.jpg 20w, https:\/\/buletin.de\/bucuresti\/wp-content\/uploads\/2026\/08\/Lucrari-Pasajul-Basarab-9.jpg 2048w\" sizes=\"(max-width: 1000px) 100vw, 1000px\" \/><\/figure>\n<figcaption class=\"blocks-gallery-caption wp-element-caption\">Foto: FB\/PMB<\/figcaption><\/figure>\n\n\n\n<h2 id=\"h-pasajul-este-dat-in-folosin\u021ba-de-15-ani-dar-nerecep\u021bionat\" class=\"wp-block-heading\">Pasajul este dat \u00een folosin\u021b\u0103 de 15 ani, dar nerecep\u021bionat <\/h2>\n\n\n\n<p class=\"wp-block-paragraph\"><strong>Pasajul Basarab a fost terminat \u0219i dat \u00een folosin\u021b\u0103 \u00een anul 2011, \u00eens\u0103 nu a fost recep\u021bionat de Prim\u0103ria Capitalei p\u00e2n\u0103 acum. Din acest motiv, administra\u021bia local\u0103 nu a putut efectua <a href=\"https:\/\/buletin.de\/bucuresti\/incep-lucrarile-la-pasajul-basarab-dat-in-folosinta-acum-15-ani-dar-nereceptionat-santierul-se-deschide-in-cateva-zile\/\" data-type=\"link\" data-id=\"https:\/\/buletin.de\/bucuresti\/incep-lucrarile-la-pasajul-basarab-dat-in-folosinta-acum-15-ani-dar-nereceptionat-santierul-se-deschide-in-cateva-zile\/\" target=\"_blank\" rel=\"noreferrer noopener\">lucr\u0103ri de mentenan\u021b\u0103 asupra podului<\/a>, astfel c\u0103 acesta s-a degradat semnificativ \u00een timp.<\/strong><\/p>\n\n\n\n<p class=\"wp-block-paragraph\">Prim\u0103ria Capitalei nu a finan\u021bat nici cur\u0103\u021barea sau paza podului, deoarece structura nu se afl\u0103 \u00een patrimoniul municipalit\u0103\u021bii. <\/p>\n\n\n\n<p class=\"wp-block-paragraph\">Pentru a putea realiza recep\u021bia pasajului, acesta trebuie reabilitat \u0219i adus la standardele de siguran\u021b\u0103. Dup\u0103 15 ani de abandon, costul total al investi\u021biei ajunge la aproximativ 250 de milioane de euro. <\/p>\n\n\n\n<p class=\"wp-block-paragraph\">Consiliul General al Municipiul Bucure\u0219ti a decis, \u00een mai 2026, majorarea costului ini\u021bial, din 2005, cu peste 21 de milioane de euro.<\/p>\n\n\n\n<p class=\"wp-block-paragraph\">\u00cen mai 2026, Consiliul General a decis majorarea costului ini\u021bial, din 2005, cu peste 21 de milioane de euro. Suma finan\u021beaz\u0103 exclusiv repara\u021bii urgente, necesare pentru semnarea recep\u021biei finale cu antreprenorul.<\/p>\n\n\n\n<p class=\"wp-block-paragraph\"><strong>CITE\u0218TE \u0218I <a href=\"https:\/\/buletin.de\/bucuresti\/pasajul-victoriei-cu-un-pas-mai-aproape-de-reabilitare-contractul-de-peste-27-de-milioane-de-euro-a-fost-scos-la-licitatie\/\" target=\"_blank\" rel=\"noreferrer noopener\">Pasajul Victoriei, cu un pas mai aproape de reabilitare. Contractul de peste 27 de milioane de euro a fost scos la licita\u021bie<\/a><\/strong><\/p>\n","protected":false},"excerpt":{"rendered":"<p>Pasajul Basarab se redeschide de luni, 7 septembrie, iar Prim\u0103ria Capitalei a anun\u021bat c\u0103 lucr\u0103rile de pe cel de-al doilea sens sunt aproape gata. Traficul rutier va fi reluat \u00een condi\u021bii normale de s\u0103pt\u0103m\u00e2na viitoare. Municipalitatea a transmis c\u0103 au avut loc lucr\u0103rile de frezare, asfaltare \u0219i de trasare a marcajelor rutiere pe sensul \u0218oseaua [&hellip;]<\/p>\n","protected":false},"author":65,"featured_media":215131,"comment_status":"closed","ping_status":"open","sticky":false,"template":"","format":"standard","meta":{"_acf_changed":false,"inline_featured_image":false,"ngg_post_thumbnail":0,"footnotes":""},"categories":[6994,62,650],"tags":[439,1493,22892,104,258,24004,2340],"ppma_author":[23912],"class_list":["post-215113","post","type-post","status-publish","format-standard","has-post-thumbnail","hentry","category-stiri-2","category-stiri","category-transport","tag-lucrari","tag-pasaj","tag-pasajul-basarab","tag-pmb","tag-primaria-capitalei","tag-receptie-pasaj-basarab","tag-redeschidere"],"acf":[],"a3_pvc":{"activated":false,"total_views":0,"today_views":0},"yoast_head":"<!-- This site is optimized with the Yoast SEO Premium plugin v28.0 (Yoast SEO v28.3) - https:\/\/yoast.com\/product\/yoast-seo-premium-wordpress\/ -->\n<title>Pasajul Basarab se redeschide complet de s\u0103pt\u0103m\u00e2na viitoare. Tramvaiele revin pe traseu - Buletin de Bucure\u0219ti<\/title>\n<meta name=\"description\" content=\"Pasajul Basarab se redeschide de luni, 7 septembrie, iar Prim\u0103ria Capitalei a anun\u021bat c\u0103 lucr\u0103rile de pe cel de-al doilea sunt aproape gata\" \/>\n<meta name=\"robots\" content=\"index, follow, max-snippet:-1, max-image-preview:large, max-video-preview:-1\" \/>\n<link rel=\"canonical\" href=\"https:\/\/buletin.de\/bucuresti\/pasajul-basarab-se-redeschide-complet-de-saptamana-viitoare-tramvaiele-revin-pe-traseu\/\" \/>\n<meta property=\"og:locale\" content=\"en_GB\" \/>\n<meta property=\"og:type\" content=\"article\" \/>\n<meta property=\"og:title\" content=\"Pasajul Basarab se redeschide complet de s\u0103pt\u0103m\u00e2na viitoare. Tramvaiele revin pe traseu\" \/>\n<meta property=\"og:description\" content=\"Pasajul Basarab se redeschide de luni, 7 septembrie, iar Prim\u0103ria Capitalei a anun\u021bat c\u0103 lucr\u0103rile de pe cel de-al doilea sunt aproape gata\" \/>\n<meta property=\"og:url\" content=\"https:\/\/buletin.de\/bucuresti\/pasajul-basarab-se-redeschide-complet-de-saptamana-viitoare-tramvaiele-revin-pe-traseu\/\" \/>\n<meta property=\"og:site_name\" content=\"Buletin de Bucure\u0219ti\" \/>\n<meta property=\"article:publisher\" content=\"https:\/\/www.facebook.com\/buletin.de.buc\" \/>\n<meta property=\"article:published_time\" content=\"2026-08-31T13:25:22+00:00\" \/>\n<meta property=\"article:modified_time\" content=\"2026-08-31T13:25:23+00:00\" \/>\n<meta property=\"og:image\" content=\"https:\/\/buletin.de\/bucuresti\/wp-content\/uploads\/2026\/08\/Lucrari-Pasajul-Basarab-se-redeschide.jpg\" \/>\n\t<meta property=\"og:image:width\" content=\"1200\" \/>\n\t<meta property=\"og:image:height\" content=\"650\" \/>\n\t<meta property=\"og:image:type\" content=\"image\/jpeg\" \/>\n<meta name=\"author\" content=\"Andreea St\u0103n\u0103r\u00eeng\u0103\" \/>\n<meta name=\"twitter:card\" content=\"summary_large_image\" \/>\n<meta name=\"twitter:label1\" content=\"Written by\" \/>\n\t<meta name=\"twitter:data1\" content=\"Andreea St\u0103n\u0103r\u00eeng\u0103\" \/>\n\t<meta name=\"twitter:label2\" content=\"Estimated reading time\" \/>\n\t<meta name=\"twitter:data2\" content=\"5 minutes\" \/>\n<script type=\"application\/ld+json\" class=\"yoast-schema-graph\">{\"@context\":\"https:\\\/\\\/schema.org\",\"@graph\":[{\"@type\":\"Article\",\"@id\":\"https:\\\/\\\/buletin.de\\\/bucuresti\\\/pasajul-basarab-se-redeschide-complet-de-saptamana-viitoare-tramvaiele-revin-pe-traseu\\\/#article\",\"isPartOf\":{\"@id\":\"https:\\\/\\\/buletin.de\\\/bucuresti\\\/pasajul-basarab-se-redeschide-complet-de-saptamana-viitoare-tramvaiele-revin-pe-traseu\\\/\"},\"author\":{\"name\":\"Andreea St\u0103n\u0103r\u00eeng\u0103\",\"@id\":\"https:\\\/\\\/buletin.de\\\/bucuresti\\\/#\\\/schema\\\/person\\\/81421a46fb84a0887cfd2238f5202586\"},\"headline\":\"Pasajul Basarab se redeschide complet de s\u0103pt\u0103m\u00e2na viitoare. Tramvaiele revin pe traseu\",\"datePublished\":\"2026-08-31T13:25:22+00:00\",\"dateModified\":\"2026-08-31T13:25:23+00:00\",\"mainEntityOfPage\":{\"@id\":\"https:\\\/\\\/buletin.de\\\/bucuresti\\\/pasajul-basarab-se-redeschide-complet-de-saptamana-viitoare-tramvaiele-revin-pe-traseu\\\/\"},\"wordCount\":599,\"publisher\":{\"@id\":\"https:\\\/\\\/buletin.de\\\/bucuresti\\\/#organization\"},\"image\":{\"@id\":\"https:\\\/\\\/buletin.de\\\/bucuresti\\\/pasajul-basarab-se-redeschide-complet-de-saptamana-viitoare-tramvaiele-revin-pe-traseu\\\/#primaryimage\"},\"thumbnailUrl\":\"https:\\\/\\\/buletin.de\\\/bucuresti\\\/wp-content\\\/uploads\\\/2026\\\/08\\\/Lucrari-Pasajul-Basarab-se-redeschide.jpg\",\"keywords\":[\"lucrari\",\"pasaj\",\"pasajul basarab\",\"pmb\",\"primaria capitalei\",\"receptie pasaj basarab\",\"redeschidere\"],\"articleSection\":[\"Articole\",\"\u0218tiri\",\"Transport\"],\"inLanguage\":\"en-GB\",\"copyrightYear\":\"2026\",\"copyrightHolder\":{\"@id\":\"https:\\\/\\\/buletin.de\\\/bucuresti\\\/#organization\"}},{\"@type\":\"WebPage\",\"@id\":\"https:\\\/\\\/buletin.de\\\/bucuresti\\\/pasajul-basarab-se-redeschide-complet-de-saptamana-viitoare-tramvaiele-revin-pe-traseu\\\/\",\"url\":\"https:\\\/\\\/buletin.de\\\/bucuresti\\\/pasajul-basarab-se-redeschide-complet-de-saptamana-viitoare-tramvaiele-revin-pe-traseu\\\/\",\"name\":\"Pasajul Basarab se redeschide complet de s\u0103pt\u0103m\u00e2na viitoare. Tramvaiele revin pe traseu - Buletin de Bucure\u0219ti\",\"isPartOf\":{\"@id\":\"https:\\\/\\\/buletin.de\\\/bucuresti\\\/#website\"},\"primaryImageOfPage\":{\"@id\":\"https:\\\/\\\/buletin.de\\\/bucuresti\\\/pasajul-basarab-se-redeschide-complet-de-saptamana-viitoare-tramvaiele-revin-pe-traseu\\\/#primaryimage\"},\"image\":{\"@id\":\"https:\\\/\\\/buletin.de\\\/bucuresti\\\/pasajul-basarab-se-redeschide-complet-de-saptamana-viitoare-tramvaiele-revin-pe-traseu\\\/#primaryimage\"},\"thumbnailUrl\":\"https:\\\/\\\/buletin.de\\\/bucuresti\\\/wp-content\\\/uploads\\\/2026\\\/08\\\/Lucrari-Pasajul-Basarab-se-redeschide.jpg\",\"datePublished\":\"2026-08-31T13:25:22+00:00\",\"dateModified\":\"2026-08-31T13:25:23+00:00\",\"description\":\"Pasajul Basarab se redeschide de luni, 7 septembrie, iar Prim\u0103ria Capitalei a anun\u021bat c\u0103 lucr\u0103rile de pe cel de-al doilea sunt aproape gata\",\"breadcrumb\":{\"@id\":\"https:\\\/\\\/buletin.de\\\/bucuresti\\\/pasajul-basarab-se-redeschide-complet-de-saptamana-viitoare-tramvaiele-revin-pe-traseu\\\/#breadcrumb\"},\"inLanguage\":\"en-GB\",\"potentialAction\":[{\"@type\":\"ReadAction\",\"target\":[\"https:\\\/\\\/buletin.de\\\/bucuresti\\\/pasajul-basarab-se-redeschide-complet-de-saptamana-viitoare-tramvaiele-revin-pe-traseu\\\/\"]}]},{\"@type\":\"ImageObject\",\"inLanguage\":\"en-GB\",\"@id\":\"https:\\\/\\\/buletin.de\\\/bucuresti\\\/pasajul-basarab-se-redeschide-complet-de-saptamana-viitoare-tramvaiele-revin-pe-traseu\\\/#primaryimage\",\"url\":\"https:\\\/\\\/buletin.de\\\/bucuresti\\\/wp-content\\\/uploads\\\/2026\\\/08\\\/Lucrari-Pasajul-Basarab-se-redeschide.jpg\",\"contentUrl\":\"https:\\\/\\\/buletin.de\\\/bucuresti\\\/wp-content\\\/uploads\\\/2026\\\/08\\\/Lucrari-Pasajul-Basarab-se-redeschide.jpg\",\"width\":1200,\"height\":650,\"caption\":\"Foto: FB\\\/PMB\"},{\"@type\":\"BreadcrumbList\",\"@id\":\"https:\\\/\\\/buletin.de\\\/bucuresti\\\/pasajul-basarab-se-redeschide-complet-de-saptamana-viitoare-tramvaiele-revin-pe-traseu\\\/#breadcrumb\",\"itemListElement\":[{\"@type\":\"ListItem\",\"position\":1,\"name\":\"Acas\u0103\",\"item\":\"https:\\\/\\\/buletin.de\\\/bucuresti\\\/\"},{\"@type\":\"ListItem\",\"position\":2,\"name\":\"Pasajul Basarab se redeschide complet de s\u0103pt\u0103m\u00e2na viitoare. Tramvaiele revin pe traseu\"}]},{\"@type\":\"WebSite\",\"@id\":\"https:\\\/\\\/buletin.de\\\/bucuresti\\\/#website\",\"url\":\"https:\\\/\\\/buletin.de\\\/bucuresti\\\/\",\"name\":\"Buletin de Bucure\u0219ti\",\"description\":\"\u0218tiri \u0219i investiga\u021bii esen\u021biale din capital\u0103\",\"publisher\":{\"@id\":\"https:\\\/\\\/buletin.de\\\/bucuresti\\\/#organization\"},\"potentialAction\":[{\"@type\":\"SearchAction\",\"target\":{\"@type\":\"EntryPoint\",\"urlTemplate\":\"https:\\\/\\\/buletin.de\\\/bucuresti\\\/?s={search_term_string}\"},\"query-input\":{\"@type\":\"PropertyValueSpecification\",\"valueRequired\":true,\"valueName\":\"search_term_string\"}}],\"inLanguage\":\"en-GB\"},{\"@type\":\"Organization\",\"@id\":\"https:\\\/\\\/buletin.de\\\/bucuresti\\\/#organization\",\"name\":\"Buletin de Bucure\u0219ti\",\"url\":\"https:\\\/\\\/buletin.de\\\/bucuresti\\\/\",\"logo\":{\"@type\":\"ImageObject\",\"inLanguage\":\"en-GB\",\"@id\":\"https:\\\/\\\/buletin.de\\\/bucuresti\\\/#\\\/schema\\\/logo\\\/image\\\/\",\"url\":\"https:\\\/\\\/buletin.de\\\/bucuresti\\\/wp-content\\\/uploads\\\/logo-bdb-full-wide-vernil-transparent.png\",\"contentUrl\":\"https:\\\/\\\/buletin.de\\\/bucuresti\\\/wp-content\\\/uploads\\\/logo-bdb-full-wide-vernil-transparent.png\",\"width\":1782,\"height\":626,\"caption\":\"Buletin de Bucure\u0219ti\"},\"image\":{\"@id\":\"https:\\\/\\\/buletin.de\\\/bucuresti\\\/#\\\/schema\\\/logo\\\/image\\\/\"},\"sameAs\":[\"https:\\\/\\\/www.facebook.com\\\/buletin.de.buc\",\"https:\\\/\\\/www.instagram.com\\\/buletinde.bucuresti\\\/\"]},{\"@type\":\"Person\",\"@id\":\"https:\\\/\\\/buletin.de\\\/bucuresti\\\/#\\\/schema\\\/person\\\/81421a46fb84a0887cfd2238f5202586\",\"name\":\"Andreea St\u0103n\u0103r\u00eeng\u0103\",\"image\":{\"@type\":\"ImageObject\",\"inLanguage\":\"en-GB\",\"@id\":\"https:\\\/\\\/buletin.de\\\/bucuresti\\\/wp-content\\\/uploads\\\/2026\\\/06\\\/BDB_Andreea_S-1-96x96.jpgb79b6b91f9c59ea2bdedd1d8c093f6b4\",\"url\":\"https:\\\/\\\/buletin.de\\\/bucuresti\\\/wp-content\\\/uploads\\\/2026\\\/06\\\/BDB_Andreea_S-1-96x96.jpg\",\"contentUrl\":\"https:\\\/\\\/buletin.de\\\/bucuresti\\\/wp-content\\\/uploads\\\/2026\\\/06\\\/BDB_Andreea_S-1-96x96.jpg\",\"caption\":\"Andreea St\u0103n\u0103r\u00eeng\u0103\"},\"description\":\"Face parte din echipa Buletin de Bucure\u0219ti din 2025. A colaborat cu c\u00e2teva publica\u021bii, printre care \u0219i Fanatik.ro, unde s-a ocupat de \u0219tiri de lifestyle \u0219i de actualitate. A f\u0103cut un pas c\u0103tre presa local\u0103 pentru a explora Bucure\u0219tiul \u0219i pove\u0219tile care merit\u0103 spuse.\",\"url\":\"https:\\\/\\\/buletin.de\\\/bucuresti\\\/author\\\/andreea-stanaranga\\\/\"}]}<\/script>\n<!-- \/ Yoast SEO Premium plugin. -->","yoast_head_json":{"title":"Pasajul Basarab se redeschide complet de s\u0103pt\u0103m\u00e2na viitoare. Tramvaiele revin pe traseu - Buletin de Bucure\u0219ti","description":"Pasajul Basarab se redeschide de luni, 7 septembrie, iar Prim\u0103ria Capitalei a anun\u021bat c\u0103 lucr\u0103rile de pe cel de-al doilea sunt aproape gata","robots":{"index":"index","follow":"follow","max-snippet":"max-snippet:-1","max-image-preview":"max-image-preview:large","max-video-preview":"max-video-preview:-1"},"canonical":"https:\/\/buletin.de\/bucuresti\/pasajul-basarab-se-redeschide-complet-de-saptamana-viitoare-tramvaiele-revin-pe-traseu\/","og_locale":"en_GB","og_type":"article","og_title":"Pasajul Basarab se redeschide complet de s\u0103pt\u0103m\u00e2na viitoare. Tramvaiele revin pe traseu","og_description":"Pasajul Basarab se redeschide de luni, 7 septembrie, iar Prim\u0103ria Capitalei a anun\u021bat c\u0103 lucr\u0103rile de pe cel de-al doilea sunt aproape gata","og_url":"https:\/\/buletin.de\/bucuresti\/pasajul-basarab-se-redeschide-complet-de-saptamana-viitoare-tramvaiele-revin-pe-traseu\/","og_site_name":"Buletin de Bucure\u0219ti","article_publisher":"https:\/\/www.facebook.com\/buletin.de.buc","article_published_time":"2026-08-31T13:25:22+00:00","article_modified_time":"2026-08-31T13:25:23+00:00","og_image":[{"width":1200,"height":650,"url":"https:\/\/buletin.de\/bucuresti\/wp-content\/uploads\/2026\/08\/Lucrari-Pasajul-Basarab-se-redeschide.jpg","type":"image\/jpeg"}],"author":"Andreea St\u0103n\u0103r\u00eeng\u0103","twitter_card":"summary_large_image","twitter_misc":{"Written by":"Andreea St\u0103n\u0103r\u00eeng\u0103","Estimated reading time":"5 minutes"},"schema":{"@context":"https:\/\/schema.org","@graph":[{"@type":"Article","@id":"https:\/\/buletin.de\/bucuresti\/pasajul-basarab-se-redeschide-complet-de-saptamana-viitoare-tramvaiele-revin-pe-traseu\/#article","isPartOf":{"@id":"https:\/\/buletin.de\/bucuresti\/pasajul-basarab-se-redeschide-complet-de-saptamana-viitoare-tramvaiele-revin-pe-traseu\/"},"author":{"name":"Andreea St\u0103n\u0103r\u00eeng\u0103","@id":"https:\/\/buletin.de\/bucuresti\/#\/schema\/person\/81421a46fb84a0887cfd2238f5202586"},"headline":"Pasajul Basarab se redeschide complet de s\u0103pt\u0103m\u00e2na viitoare. Tramvaiele revin pe traseu","datePublished":"2026-08-31T13:25:22+00:00","dateModified":"2026-08-31T13:25:23+00:00","mainEntityOfPage":{"@id":"https:\/\/buletin.de\/bucuresti\/pasajul-basarab-se-redeschide-complet-de-saptamana-viitoare-tramvaiele-revin-pe-traseu\/"},"wordCount":599,"publisher":{"@id":"https:\/\/buletin.de\/bucuresti\/#organization"},"image":{"@id":"https:\/\/buletin.de\/bucuresti\/pasajul-basarab-se-redeschide-complet-de-saptamana-viitoare-tramvaiele-revin-pe-traseu\/#primaryimage"},"thumbnailUrl":"https:\/\/buletin.de\/bucuresti\/wp-content\/uploads\/2026\/08\/Lucrari-Pasajul-Basarab-se-redeschide.jpg","keywords":["lucrari","pasaj","pasajul basarab","pmb","primaria capitalei","receptie pasaj basarab","redeschidere"],"articleSection":["Articole","\u0218tiri","Transport"],"inLanguage":"en-GB","copyrightYear":"2026","copyrightHolder":{"@id":"https:\/\/buletin.de\/bucuresti\/#organization"}},{"@type":"WebPage","@id":"https:\/\/buletin.de\/bucuresti\/pasajul-basarab-se-redeschide-complet-de-saptamana-viitoare-tramvaiele-revin-pe-traseu\/","url":"https:\/\/buletin.de\/bucuresti\/pasajul-basarab-se-redeschide-complet-de-saptamana-viitoare-tramvaiele-revin-pe-traseu\/","name":"Pasajul Basarab se redeschide complet de s\u0103pt\u0103m\u00e2na viitoare. Tramvaiele revin pe traseu - Buletin de Bucure\u0219ti","isPartOf":{"@id":"https:\/\/buletin.de\/bucuresti\/#website"},"primaryImageOfPage":{"@id":"https:\/\/buletin.de\/bucuresti\/pasajul-basarab-se-redeschide-complet-de-saptamana-viitoare-tramvaiele-revin-pe-traseu\/#primaryimage"},"image":{"@id":"https:\/\/buletin.de\/bucuresti\/pasajul-basarab-se-redeschide-complet-de-saptamana-viitoare-tramvaiele-revin-pe-traseu\/#primaryimage"},"thumbnailUrl":"https:\/\/buletin.de\/bucuresti\/wp-content\/uploads\/2026\/08\/Lucrari-Pasajul-Basarab-se-redeschide.jpg","datePublished":"2026-08-31T13:25:22+00:00","dateModified":"2026-08-31T13:25:23+00:00","description":"Pasajul Basarab se redeschide de luni, 7 septembrie, iar Prim\u0103ria Capitalei a anun\u021bat c\u0103 lucr\u0103rile de pe cel de-al doilea sunt aproape gata","breadcrumb":{"@id":"https:\/\/buletin.de\/bucuresti\/pasajul-basarab-se-redeschide-complet-de-saptamana-viitoare-tramvaiele-revin-pe-traseu\/#breadcrumb"},"inLanguage":"en-GB","potentialAction":[{"@type":"ReadAction","target":["https:\/\/buletin.de\/bucuresti\/pasajul-basarab-se-redeschide-complet-de-saptamana-viitoare-tramvaiele-revin-pe-traseu\/"]}]},{"@type":"ImageObject","inLanguage":"en-GB","@id":"https:\/\/buletin.de\/bucuresti\/pasajul-basarab-se-redeschide-complet-de-saptamana-viitoare-tramvaiele-revin-pe-traseu\/#primaryimage","url":"https:\/\/buletin.de\/bucuresti\/wp-content\/uploads\/2026\/08\/Lucrari-Pasajul-Basarab-se-redeschide.jpg","contentUrl":"https:\/\/buletin.de\/bucuresti\/wp-content\/uploads\/2026\/08\/Lucrari-Pasajul-Basarab-se-redeschide.jpg","width":1200,"height":650,"caption":"Foto: FB\/PMB"},{"@type":"BreadcrumbList","@id":"https:\/\/buletin.de\/bucuresti\/pasajul-basarab-se-redeschide-complet-de-saptamana-viitoare-tramvaiele-revin-pe-traseu\/#breadcrumb","itemListElement":[{"@type":"ListItem","position":1,"name":"Acas\u0103","item":"https:\/\/buletin.de\/bucuresti\/"},{"@type":"ListItem","position":2,"name":"Pasajul Basarab se redeschide complet de s\u0103pt\u0103m\u00e2na viitoare. Tramvaiele revin pe traseu"}]},{"@type":"WebSite","@id":"https:\/\/buletin.de\/bucuresti\/#website","url":"https:\/\/buletin.de\/bucuresti\/","name":"Buletin de Bucure\u0219ti","description":"\u0218tiri \u0219i investiga\u021bii esen\u021biale din capital\u0103","publisher":{"@id":"https:\/\/buletin.de\/bucuresti\/#organization"},"potentialAction":[{"@type":"SearchAction","target":{"@type":"EntryPoint","urlTemplate":"https:\/\/buletin.de\/bucuresti\/?s={search_term_string}"},"query-input":{"@type":"PropertyValueSpecification","valueRequired":true,"valueName":"search_term_string"}}],"inLanguage":"en-GB"},{"@type":"Organization","@id":"https:\/\/buletin.de\/bucuresti\/#organization","name":"Buletin de Bucure\u0219ti","url":"https:\/\/buletin.de\/bucuresti\/","logo":{"@type":"ImageObject","inLanguage":"en-GB","@id":"https:\/\/buletin.de\/bucuresti\/#\/schema\/logo\/image\/","url":"https:\/\/buletin.de\/bucuresti\/wp-content\/uploads\/logo-bdb-full-wide-vernil-transparent.png","contentUrl":"https:\/\/buletin.de\/bucuresti\/wp-content\/uploads\/logo-bdb-full-wide-vernil-transparent.png","width":1782,"height":626,"caption":"Buletin de Bucure\u0219ti"},"image":{"@id":"https:\/\/buletin.de\/bucuresti\/#\/schema\/logo\/image\/"},"sameAs":["https:\/\/www.facebook.com\/buletin.de.buc","https:\/\/www.instagram.com\/buletinde.bucuresti\/"]},{"@type":"Person","@id":"https:\/\/buletin.de\/bucuresti\/#\/schema\/person\/81421a46fb84a0887cfd2238f5202586","name":"Andreea St\u0103n\u0103r\u00eeng\u0103","image":{"@type":"ImageObject","inLanguage":"en-GB","@id":"https:\/\/buletin.de\/bucuresti\/wp-content\/uploads\/2026\/06\/BDB_Andreea_S-1-96x96.jpgb79b6b91f9c59ea2bdedd1d8c093f6b4","url":"https:\/\/buletin.de\/bucuresti\/wp-content\/uploads\/2026\/06\/BDB_Andreea_S-1-96x96.jpg","contentUrl":"https:\/\/buletin.de\/bucuresti\/wp-content\/uploads\/2026\/06\/BDB_Andreea_S-1-96x96.jpg","caption":"Andreea St\u0103n\u0103r\u00eeng\u0103"},"description":"Face parte din echipa Buletin de Bucure\u0219ti din 2025. A colaborat cu c\u00e2teva publica\u021bii, printre care \u0219i Fanatik.ro, unde s-a ocupat de \u0219tiri de lifestyle \u0219i de actualitate. A f\u0103cut un pas c\u0103tre presa local\u0103 pentru a explora Bucure\u0219tiul \u0219i pove\u0219tile care merit\u0103 spuse.","url":"https:\/\/buletin.de\/bucuresti\/author\/andreea-stanaranga\/"}]}},"authors":[{"term_id":23912,"user_id":65,"is_guest":0,"slug":"andreea-stanaranga","display_name":"Andreea St\u0103n\u0103r\u00eeng\u0103","avatar_url":"https:\/\/buletin.de\/bucuresti\/wp-content\/uploads\/2026\/06\/BDB_Andreea_S-1-96x96.jpg","author_category":"1","first_name":"Andreea","last_name":"St\u0103n\u0103r\u00eeng\u0103","user_url":"","job_title":"","description":"Face parte din echipa Buletin de Bucure\u0219ti din 2025. A colaborat cu c\u00e2teva publica\u021bii, printre care \u0219i Fanatik.ro, unde s-a ocupat de \u0219tiri de lifestyle \u0219i de actualitate. A f\u0103cut un pas c\u0103tre presa local\u0103 pentru a explora Bucure\u0219tiul \u0219i pove\u0219tile care merit\u0103 spuse."}],"_links":{"self":[{"href":"https:\/\/buletin.de\/bucuresti\/wp-json\/wp\/v2\/posts\/215113","targetHints":{"allow":["GET"]}}],"collection":[{"href":"https:\/\/buletin.de\/bucuresti\/wp-json\/wp\/v2\/posts"}],"about":[{"href":"https:\/\/buletin.de\/bucuresti\/wp-json\/wp\/v2\/types\/post"}],"author":[{"embeddable":true,"href":"https:\/\/buletin.de\/bucuresti\/wp-json\/wp\/v2\/users\/65"}],"replies":[{"embeddable":true,"href":"https:\/\/buletin.de\/bucuresti\/wp-json\/wp\/v2\/comments?post=215113"}],"version-history":[{"count":6,"href":"https:\/\/buletin.de\/bucuresti\/wp-json\/wp\/v2\/posts\/215113\/revisions"}],"predecessor-version":[{"id":215135,"href":"https:\/\/buletin.de\/bucuresti\/wp-json\/wp\/v2\/posts\/215113\/revisions\/215135"}],"wp:featuredmedia":[{"embeddable":true,"href":"https:\/\/buletin.de\/bucuresti\/wp-json\/wp\/v2\/media\/215131"}],"wp:attachment":[{"href":"https:\/\/buletin.de\/bucuresti\/wp-json\/wp\/v2\/media?parent=215113"}],"wp:term":[{"taxonomy":"category","embeddable":true,"href":"https:\/\/buletin.de\/bucuresti\/wp-json\/wp\/v2\/categories?post=215113"},{"taxonomy":"post_tag","embeddable":true,"href":"https:\/\/buletin.de\/bucuresti\/wp-json\/wp\/v2\/tags?post=215113"},{"taxonomy":"author","embeddable":true,"href":"https:\/\/buletin.de\/bucuresti\/wp-json\/wp\/v2\/ppma_author?post=215113"}],"curies":[{"name":"wp","href":"https:\/\/api.w.org\/{rel}","templated":true}]}}