{"id":215103,"date":"2026-09-01T08:26:51","date_gmt":"2026-09-01T05:26:51","guid":{"rendered":"https:\/\/buletin.de\/bucuresti\/?p=215103"},"modified":"2026-09-01T08:27:42","modified_gmt":"2026-09-01T05:27:42","slug":"sectorul-2-va-contribui-cu-50-000-de-euro-pentru-festivalul-unfinished-2026","status":"publish","type":"post","link":"https:\/\/buletin.de\/bucuresti\/sectorul-2-va-contribui-cu-50-000-de-euro-pentru-festivalul-unfinished-2026\/","title":{"rendered":"Sectorul 2 va contribui cu 50.000 de euro la bugetul Festivalului Unfinished 2026"},"content":{"rendered":"\n<p class=\"wp-block-paragraph\"><strong>Sectorul 2 ar urma s\u0103 contribuie cu aproximativ 50.000 de euro pe an la organizarea Festivalului Unfinished, eveniment ce ar urma s\u0103 se desf\u0103\u0219oare la Casa Universitarilor, potrivit unui <a href=\"https:\/\/public.ps2.ro\/Administratie%20Publica%20Locala\/Proiecte%20CLS2\/2026\/2026-08-31%20SEDINTA%20ORDINARA%20ORA%2015.00\/30%20ph%20acord%20CGMB%20Fundatia%20Eidos.pdf\" data-type=\"link\" data-id=\"https:\/\/public.ps2.ro\/Administratie%20Publica%20Locala\/Proiecte%20CLS2\/2026\/2026-08-31%20SEDINTA%20ORDINARA%20ORA%2015.00\/30%20ph%20acord%20CGMB%20Fundatia%20Eidos.pdf\" target=\"_blank\" rel=\"noreferrer noopener\">proiect de hot\u0103r\u00e2re<\/a> votat \u00een \u0219edin\u021ba ordinar\u0103 din 31 august.<\/strong><\/p>\n\n\n\n<p class=\"wp-block-paragraph\">Proiectul votat de consilierii locali prevede colaborarea cu Funda\u021bia EIDOS, \u00eens\u0103 este nevoie de ob\u021binerea acordului Consiliului General al Municipiului Bucure\u0219ti pentru ca hot\u0103r\u00e2rea s\u0103 produc\u0103 efecte. <\/p>\n\n\n\n<p class=\"wp-block-paragraph\"><strong>CITE\u0218TE \u0218I <a href=\"https:\/\/buletin.de\/bucuresti\/pasajul-victoriei-cu-un-pas-mai-aproape-de-reabilitare-contractul-de-peste-27-de-milioane-de-euro-a-fost-scos-la-licitatie\/\" target=\"_blank\" rel=\"noreferrer noopener\">Pasajul Victoriei, cu un pas mai aproape de reabilitare. Contractul de peste 27 de milioane de euro a fost scos la licita\u021bie<\/a><\/strong><\/p>\n\n\n\n<h2 id=\"h-sectorul-2-contribuie-cu-50-000-de-euro-pentru-festivalul-unfinished-2026\" class=\"wp-block-heading\">Sectorul 2 contribuie cu 50.000 de euro pentru Festivalul Unfinished 2026<\/h2>\n\n\n\n<p class=\"wp-block-paragraph\">Festivalul, ajuns la edi\u021bia a XI-a, este prezentat drept un eveniment care combin\u0103 cultura, educa\u021bia, arta, tehnologia \u0219i antreprenoriatul. Evenimentul va avea loc <a href=\"https:\/\/buletin.de\/bucuresti\/galerie-foto-gradina-casei-universitarilor-va-fi-reamenajata-prin-concurs-international-de-solutii-planuri-pentru-teatru-de-vara-si-hub-pentru-studenti\/\" data-type=\"link\" data-id=\"https:\/\/buletin.de\/bucuresti\/galerie-foto-gradina-casei-universitarilor-va-fi-reamenajata-prin-concurs-international-de-solutii-planuri-pentru-teatru-de-vara-si-hub-pentru-studenti\/\" target=\"_blank\" rel=\"noreferrer noopener\">la Casa Universitarilor<\/a>, de pe strada Dionisie Lupu nr. 46, \u00een perioada 25-27 septembrie 2026.<\/p>\n\n\n\n<p class=\"wp-block-paragraph\">\u00cen program sunt incluse conversa\u021bii interdisciplinare cu invita\u021bi interna\u021bionali, concerte, instala\u021bii de art\u0103 contemporan\u0103, ateliere participative, activit\u0103\u021bi pentru copii \u0219i activit\u0103\u021bi de educa\u021bie gastronomic\u0103, printre altele. <\/p>\n\n\n\n<p class=\"wp-block-paragraph\">\u00cen proiect se men\u021bioneaz\u0103 c\u0103 Unfinished este un proiect non-profit, iar accesul participan\u021bilor este gratuit, pe baza unei aplica\u021bii individuale, f\u0103r\u0103 bilete sau taxe de participare. \u00cen cadrul festivalului nu se desf\u0103\u015foar\u0103 activit\u0103\u0163i de v\u00e2nzare sau comercializare.<\/p>\n\n\n\n<p class=\"wp-block-paragraph\">Documenta\u021bia precizeaz\u0103 c\u0103 UNFINISHED este un proiect non-profit, iar accesul participan\u021bilor se face gratuit, pe baza unei aplica\u021bii individuale. \u00cen cadrul festivalului nu sunt prev\u0103zute bilete sau taxe de participare \u0219i nici activit\u0103\u021bi comerciale.<\/p>\n\n\n\n<p class=\"wp-block-paragraph\"><strong>Potrivit documenta\u021biei proiectului, edi\u021bia din 2026 a festivalului Unfinished are un buget total estimat la 1.871.400 de lei, adic\u0103 aproximativ 360.000 de euro. <\/strong><\/p>\n\n\n\n<p class=\"wp-block-paragraph\"><strong>Funda\u021bia EIDOS a propus ca Sectorul 2 s\u0103 participe cu aproximativ 14% din aceast\u0103 sum\u0103, respectiv cu <mark style=\"background-color:rgba(0, 0, 0, 0)\" class=\"has-inline-color has-vivid-red-color\">262.670 de lei<\/mark>, adic\u0103 \u00een jur de<mark style=\"background-color:rgba(0, 0, 0, 0)\" class=\"has-inline-color has-vivid-red-color\"> 50.000 de euro<\/mark>. <\/strong><\/p>\n\n\n\n<figure class=\"wp-block-image size-full is-resized\"><img fetchpriority=\"high\" decoding=\"async\" width=\"875\" height=\"82\" src=\"data:image\/gif;base64,R0lGODlhAQABAAAAACH5BAEKAAEALAAAAAABAAEAAAICTAEAOw==\" data-src=\"https:\/\/buletin.de\/bucuresti\/wp-content\/uploads\/2026\/08\/image-44.png\" alt=\"\" class=\"wp-image-215167 lazyload\" style=\"aspect-ratio:10.673019654556283;width:213px;height:auto\" data-sizes=\"auto\" data-srcset=\"https:\/\/buletin.de\/bucuresti\/wp-content\/uploads\/2026\/08\/image-44.png 875w, https:\/\/buletin.de\/bucuresti\/wp-content\/uploads\/2026\/08\/image-44-300x28.png 300w, https:\/\/buletin.de\/bucuresti\/wp-content\/uploads\/2026\/08\/image-44-768x72.png 768w, https:\/\/buletin.de\/bucuresti\/wp-content\/uploads\/2026\/08\/image-44-600x56.png 600w, https:\/\/buletin.de\/bucuresti\/wp-content\/uploads\/2026\/08\/image-44-20x2.png 20w\" sizes=\"(max-width: 875px) 100vw, 875px\" \/><\/figure>\n\n\n\n<p class=\"wp-block-paragraph\">\u00cen protocolul de cooperare este prev\u0103zut\u0103, \u00eens\u0103, o contribu\u021bie de cel mult 250.000 de lei pe an (circa 48.000 de euro), din fondurile alocate cu aceast\u0103 destina\u021bie. <\/p>\n\n\n\n<figure class=\"wp-block-image size-full\"><img decoding=\"async\" width=\"939\" height=\"130\" src=\"data:image\/gif;base64,R0lGODlhAQABAAAAACH5BAEKAAEALAAAAAABAAEAAAICTAEAOw==\" data-src=\"https:\/\/buletin.de\/bucuresti\/wp-content\/uploads\/2026\/08\/image-45.png\" alt=\"\" class=\"wp-image-215168 lazyload\" data-sizes=\"auto\" data-srcset=\"https:\/\/buletin.de\/bucuresti\/wp-content\/uploads\/2026\/08\/image-45.png 939w, https:\/\/buletin.de\/bucuresti\/wp-content\/uploads\/2026\/08\/image-45-300x42.png 300w, https:\/\/buletin.de\/bucuresti\/wp-content\/uploads\/2026\/08\/image-45-768x106.png 768w, https:\/\/buletin.de\/bucuresti\/wp-content\/uploads\/2026\/08\/image-45-600x83.png 600w, https:\/\/buletin.de\/bucuresti\/wp-content\/uploads\/2026\/08\/image-45-20x3.png 20w\" sizes=\"(max-width: 939px) 100vw, 939px\" \/><\/figure>\n\n\n\n<h2 id=\"h-ce-obliga\u021bii-are-fiecare-parte\" class=\"wp-block-heading\">Ce obliga\u021bii are fiecare parte <\/h2>\n\n\n\n<p class=\"wp-block-paragraph\">Sectorul 2 va participa la organizarea evenimentului \u0219i la promovarea acestuia. Prim\u0103ria va putea verifica modul de desf\u0103\u0219urare a festivalului \u0219i va avea dreptul de a solicita documentele justificative privind cheltuielile \u0219i pl\u0103\u021bile efectuate de funda\u021bia EIDOS. <\/p>\n\n\n\n<p class=\"wp-block-paragraph\">Funda\u021bia va organiza festivalul \u0219i va promova parteneriatul cu Sectorul 2 \u0219i, de asemenea, va derula activit\u0103\u021bi pentru copiii afla\u021bi \u00een eviden\u021bele DGASPC Sector 2 \u0219i pentru elevii din unit\u0103\u021bile de \u00eenv\u0103\u021b\u0103m\u00e2nt din sector.<\/p>\n\n\n\n<p class=\"wp-block-paragraph\">Potrivit raportului de specialitate, festivalul ar putea cre\u0219te accesul locuitorilor la cultur\u0103 \u0219i educa\u021bie non-formal\u0103 \u0219i poate activa un spa\u021biu important din Sectorul 2. Totodat\u0103, evenimentul ar putea aduce beneficii indirecte zonei. <\/p>\n\n\n\n<p class=\"wp-block-paragraph\"><strong>CITE\u0218TE \u0218I <a href=\"https:\/\/buletin.de\/bucuresti\/asociere-urgenta-intre-sectorul-4-si-apanova-la-scurt-timp-dupa-validarea-taxei-pe-inundatie-in-cgmb-protocolul-vizeaza-finantarea-unor-lucrari-de-intere\/\" target=\"_blank\" rel=\"noreferrer noopener\">Asociere \u201eurgent\u0103\u201d \u00eentre Sectorul 4 \u0219i ApaNova, la scurt timp dup\u0103 validarea \u201etaxei pe inunda\u021bie\u201d \u00een CGMB. Protocolul vizeaz\u0103 finan\u021barea unor \u201elucr\u0103ri de interes public\u201d<\/a><\/strong><\/p>\n","protected":false},"excerpt":{"rendered":"<p>Sectorul 2 ar urma s\u0103 contribuie cu aproximativ 50.000 de euro pe an la organizarea Festivalului Unfinished, eveniment ce ar urma s\u0103 se desf\u0103\u0219oare la Casa Universitarilor, potrivit unui proiect de hot\u0103r\u00e2re votat \u00een \u0219edin\u021ba ordinar\u0103 din 31 august. Proiectul votat de consilierii locali prevede colaborarea cu Funda\u021bia EIDOS, \u00eens\u0103 este nevoie de ob\u021binerea acordului [&hellip;]<\/p>\n","protected":false},"author":65,"featured_media":215174,"comment_status":"closed","ping_status":"open","sticky":false,"template":"","format":"standard","meta":{"_acf_changed":false,"inline_featured_image":false,"ngg_post_thumbnail":0,"footnotes":""},"categories":[6994,5762],"tags":[28050,2285,30501,229],"ppma_author":[23912],"class_list":["post-215103","post","type-post","status-publish","format-standard","has-post-thumbnail","hentry","category-stiri-2","category-main","tag-casa-universitarilor","tag-festival","tag-festivalul-unfinished","tag-sector-2"],"acf":[],"a3_pvc":{"activated":false,"total_views":0,"today_views":0},"yoast_head":"<!-- This site is optimized with the Yoast SEO Premium plugin v28.0 (Yoast SEO v28.3) - https:\/\/yoast.com\/product\/yoast-seo-premium-wordpress\/ -->\n<title>Sectorul 2 va contribui cu 50.000 de euro la bugetul Festivalului Unfinished 2026 - Buletin de Bucure\u0219ti<\/title>\n<meta name=\"description\" content=\"Sectorul 2 ar urma s\u0103 contribuie cu aproximativ 50.000 de euro pe an la organizarea Festivalului Unfinished.\" \/>\n<meta name=\"robots\" content=\"index, follow, max-snippet:-1, max-image-preview:large, max-video-preview:-1\" \/>\n<link rel=\"canonical\" href=\"https:\/\/buletin.de\/bucuresti\/sectorul-2-va-contribui-cu-50-000-de-euro-pentru-festivalul-unfinished-2026\/\" \/>\n<meta property=\"og:locale\" content=\"en_GB\" \/>\n<meta property=\"og:type\" content=\"article\" \/>\n<meta property=\"og:title\" content=\"Sectorul 2 va contribui cu 50.000 de euro la bugetul Festivalului Unfinished 2026\" \/>\n<meta property=\"og:description\" content=\"Sectorul 2 ar urma s\u0103 contribuie cu aproximativ 50.000 de euro pe an la organizarea Festivalului Unfinished.\" \/>\n<meta property=\"og:url\" content=\"https:\/\/buletin.de\/bucuresti\/sectorul-2-va-contribui-cu-50-000-de-euro-pentru-festivalul-unfinished-2026\/\" \/>\n<meta property=\"og:site_name\" content=\"Buletin de Bucure\u0219ti\" \/>\n<meta property=\"article:publisher\" content=\"https:\/\/www.facebook.com\/buletin.de.buc\" \/>\n<meta property=\"article:published_time\" content=\"2026-09-01T05:26:51+00:00\" \/>\n<meta property=\"article:modified_time\" content=\"2026-09-01T05:27:42+00:00\" \/>\n<meta property=\"og:image\" content=\"https:\/\/buletin.de\/bucuresti\/wp-content\/uploads\/2026\/08\/Sectorul-2-50.000-de-euro-Festivalul-Unfinished-2026.jpg\" \/>\n\t<meta property=\"og:image:width\" content=\"1200\" \/>\n\t<meta property=\"og:image:height\" content=\"650\" \/>\n\t<meta property=\"og:image:type\" content=\"image\/jpeg\" \/>\n<meta name=\"author\" content=\"Andreea St\u0103n\u0103r\u00eeng\u0103\" \/>\n<meta name=\"twitter:card\" content=\"summary_large_image\" \/>\n<meta name=\"twitter:label1\" content=\"Written by\" \/>\n\t<meta name=\"twitter:data1\" content=\"Andreea St\u0103n\u0103r\u00eeng\u0103\" \/>\n\t<meta name=\"twitter:label2\" content=\"Estimated reading time\" \/>\n\t<meta name=\"twitter:data2\" content=\"3 minutes\" \/>\n<script type=\"application\/ld+json\" class=\"yoast-schema-graph\">{\"@context\":\"https:\\\/\\\/schema.org\",\"@graph\":[{\"@type\":\"Article\",\"@id\":\"https:\\\/\\\/buletin.de\\\/bucuresti\\\/sectorul-2-va-contribui-cu-50-000-de-euro-pentru-festivalul-unfinished-2026\\\/#article\",\"isPartOf\":{\"@id\":\"https:\\\/\\\/buletin.de\\\/bucuresti\\\/sectorul-2-va-contribui-cu-50-000-de-euro-pentru-festivalul-unfinished-2026\\\/\"},\"author\":{\"name\":\"Andreea St\u0103n\u0103r\u00eeng\u0103\",\"@id\":\"https:\\\/\\\/buletin.de\\\/bucuresti\\\/#\\\/schema\\\/person\\\/81421a46fb84a0887cfd2238f5202586\"},\"headline\":\"Sectorul 2 va contribui cu 50.000 de euro la bugetul Festivalului Unfinished 2026\",\"datePublished\":\"2026-09-01T05:26:51+00:00\",\"dateModified\":\"2026-09-01T05:27:42+00:00\",\"mainEntityOfPage\":{\"@id\":\"https:\\\/\\\/buletin.de\\\/bucuresti\\\/sectorul-2-va-contribui-cu-50-000-de-euro-pentru-festivalul-unfinished-2026\\\/\"},\"wordCount\":492,\"publisher\":{\"@id\":\"https:\\\/\\\/buletin.de\\\/bucuresti\\\/#organization\"},\"image\":{\"@id\":\"https:\\\/\\\/buletin.de\\\/bucuresti\\\/sectorul-2-va-contribui-cu-50-000-de-euro-pentru-festivalul-unfinished-2026\\\/#primaryimage\"},\"thumbnailUrl\":\"https:\\\/\\\/buletin.de\\\/bucuresti\\\/wp-content\\\/uploads\\\/2026\\\/08\\\/Sectorul-2-50.000-de-euro-Festivalul-Unfinished-2026.jpg\",\"keywords\":[\"casa universitarilor\",\"festival\",\"Festivalul Unfinished\",\"Sector 2\"],\"articleSection\":[\"Articole\",\"Main\"],\"inLanguage\":\"en-GB\",\"copyrightYear\":\"2026\",\"copyrightHolder\":{\"@id\":\"https:\\\/\\\/buletin.de\\\/bucuresti\\\/#organization\"}},{\"@type\":\"WebPage\",\"@id\":\"https:\\\/\\\/buletin.de\\\/bucuresti\\\/sectorul-2-va-contribui-cu-50-000-de-euro-pentru-festivalul-unfinished-2026\\\/\",\"url\":\"https:\\\/\\\/buletin.de\\\/bucuresti\\\/sectorul-2-va-contribui-cu-50-000-de-euro-pentru-festivalul-unfinished-2026\\\/\",\"name\":\"Sectorul 2 va contribui cu 50.000 de euro la bugetul Festivalului Unfinished 2026 - Buletin de Bucure\u0219ti\",\"isPartOf\":{\"@id\":\"https:\\\/\\\/buletin.de\\\/bucuresti\\\/#website\"},\"primaryImageOfPage\":{\"@id\":\"https:\\\/\\\/buletin.de\\\/bucuresti\\\/sectorul-2-va-contribui-cu-50-000-de-euro-pentru-festivalul-unfinished-2026\\\/#primaryimage\"},\"image\":{\"@id\":\"https:\\\/\\\/buletin.de\\\/bucuresti\\\/sectorul-2-va-contribui-cu-50-000-de-euro-pentru-festivalul-unfinished-2026\\\/#primaryimage\"},\"thumbnailUrl\":\"https:\\\/\\\/buletin.de\\\/bucuresti\\\/wp-content\\\/uploads\\\/2026\\\/08\\\/Sectorul-2-50.000-de-euro-Festivalul-Unfinished-2026.jpg\",\"datePublished\":\"2026-09-01T05:26:51+00:00\",\"dateModified\":\"2026-09-01T05:27:42+00:00\",\"description\":\"Sectorul 2 ar urma s\u0103 contribuie cu aproximativ 50.000 de euro pe an la organizarea Festivalului Unfinished.\",\"breadcrumb\":{\"@id\":\"https:\\\/\\\/buletin.de\\\/bucuresti\\\/sectorul-2-va-contribui-cu-50-000-de-euro-pentru-festivalul-unfinished-2026\\\/#breadcrumb\"},\"inLanguage\":\"en-GB\",\"potentialAction\":[{\"@type\":\"ReadAction\",\"target\":[\"https:\\\/\\\/buletin.de\\\/bucuresti\\\/sectorul-2-va-contribui-cu-50-000-de-euro-pentru-festivalul-unfinished-2026\\\/\"]}]},{\"@type\":\"ImageObject\",\"inLanguage\":\"en-GB\",\"@id\":\"https:\\\/\\\/buletin.de\\\/bucuresti\\\/sectorul-2-va-contribui-cu-50-000-de-euro-pentru-festivalul-unfinished-2026\\\/#primaryimage\",\"url\":\"https:\\\/\\\/buletin.de\\\/bucuresti\\\/wp-content\\\/uploads\\\/2026\\\/08\\\/Sectorul-2-50.000-de-euro-Festivalul-Unfinished-2026.jpg\",\"contentUrl\":\"https:\\\/\\\/buletin.de\\\/bucuresti\\\/wp-content\\\/uploads\\\/2026\\\/08\\\/Sectorul-2-50.000-de-euro-Festivalul-Unfinished-2026.jpg\",\"width\":1200,\"height\":650,\"caption\":\"Foto: unibuc.ro\"},{\"@type\":\"BreadcrumbList\",\"@id\":\"https:\\\/\\\/buletin.de\\\/bucuresti\\\/sectorul-2-va-contribui-cu-50-000-de-euro-pentru-festivalul-unfinished-2026\\\/#breadcrumb\",\"itemListElement\":[{\"@type\":\"ListItem\",\"position\":1,\"name\":\"Acas\u0103\",\"item\":\"https:\\\/\\\/buletin.de\\\/bucuresti\\\/\"},{\"@type\":\"ListItem\",\"position\":2,\"name\":\"Sectorul 2 va contribui cu 50.000 de euro la bugetul Festivalului Unfinished 2026\"}]},{\"@type\":\"WebSite\",\"@id\":\"https:\\\/\\\/buletin.de\\\/bucuresti\\\/#website\",\"url\":\"https:\\\/\\\/buletin.de\\\/bucuresti\\\/\",\"name\":\"Buletin de Bucure\u0219ti\",\"description\":\"\u0218tiri \u0219i investiga\u021bii esen\u021biale din capital\u0103\",\"publisher\":{\"@id\":\"https:\\\/\\\/buletin.de\\\/bucuresti\\\/#organization\"},\"potentialAction\":[{\"@type\":\"SearchAction\",\"target\":{\"@type\":\"EntryPoint\",\"urlTemplate\":\"https:\\\/\\\/buletin.de\\\/bucuresti\\\/?s={search_term_string}\"},\"query-input\":{\"@type\":\"PropertyValueSpecification\",\"valueRequired\":true,\"valueName\":\"search_term_string\"}}],\"inLanguage\":\"en-GB\"},{\"@type\":\"Organization\",\"@id\":\"https:\\\/\\\/buletin.de\\\/bucuresti\\\/#organization\",\"name\":\"Buletin de Bucure\u0219ti\",\"url\":\"https:\\\/\\\/buletin.de\\\/bucuresti\\\/\",\"logo\":{\"@type\":\"ImageObject\",\"inLanguage\":\"en-GB\",\"@id\":\"https:\\\/\\\/buletin.de\\\/bucuresti\\\/#\\\/schema\\\/logo\\\/image\\\/\",\"url\":\"https:\\\/\\\/buletin.de\\\/bucuresti\\\/wp-content\\\/uploads\\\/logo-bdb-full-wide-vernil-transparent.png\",\"contentUrl\":\"https:\\\/\\\/buletin.de\\\/bucuresti\\\/wp-content\\\/uploads\\\/logo-bdb-full-wide-vernil-transparent.png\",\"width\":1782,\"height\":626,\"caption\":\"Buletin de Bucure\u0219ti\"},\"image\":{\"@id\":\"https:\\\/\\\/buletin.de\\\/bucuresti\\\/#\\\/schema\\\/logo\\\/image\\\/\"},\"sameAs\":[\"https:\\\/\\\/www.facebook.com\\\/buletin.de.buc\",\"https:\\\/\\\/www.instagram.com\\\/buletinde.bucuresti\\\/\"]},{\"@type\":\"Person\",\"@id\":\"https:\\\/\\\/buletin.de\\\/bucuresti\\\/#\\\/schema\\\/person\\\/81421a46fb84a0887cfd2238f5202586\",\"name\":\"Andreea St\u0103n\u0103r\u00eeng\u0103\",\"image\":{\"@type\":\"ImageObject\",\"inLanguage\":\"en-GB\",\"@id\":\"https:\\\/\\\/buletin.de\\\/bucuresti\\\/wp-content\\\/uploads\\\/2026\\\/06\\\/BDB_Andreea_S-1-96x96.jpgb79b6b91f9c59ea2bdedd1d8c093f6b4\",\"url\":\"https:\\\/\\\/buletin.de\\\/bucuresti\\\/wp-content\\\/uploads\\\/2026\\\/06\\\/BDB_Andreea_S-1-96x96.jpg\",\"contentUrl\":\"https:\\\/\\\/buletin.de\\\/bucuresti\\\/wp-content\\\/uploads\\\/2026\\\/06\\\/BDB_Andreea_S-1-96x96.jpg\",\"caption\":\"Andreea St\u0103n\u0103r\u00eeng\u0103\"},\"description\":\"Face parte din echipa Buletin de Bucure\u0219ti din 2025. A colaborat cu c\u00e2teva publica\u021bii, printre care \u0219i Fanatik.ro, unde s-a ocupat de \u0219tiri de lifestyle \u0219i de actualitate. A f\u0103cut un pas c\u0103tre presa local\u0103 pentru a explora Bucure\u0219tiul \u0219i pove\u0219tile care merit\u0103 spuse.\",\"url\":\"https:\\\/\\\/buletin.de\\\/bucuresti\\\/author\\\/andreea-stanaranga\\\/\"}]}<\/script>\n<!-- \/ Yoast SEO Premium plugin. -->","yoast_head_json":{"title":"Sectorul 2 va contribui cu 50.000 de euro la bugetul Festivalului Unfinished 2026 - Buletin de Bucure\u0219ti","description":"Sectorul 2 ar urma s\u0103 contribuie cu aproximativ 50.000 de euro pe an la organizarea Festivalului Unfinished.","robots":{"index":"index","follow":"follow","max-snippet":"max-snippet:-1","max-image-preview":"max-image-preview:large","max-video-preview":"max-video-preview:-1"},"canonical":"https:\/\/buletin.de\/bucuresti\/sectorul-2-va-contribui-cu-50-000-de-euro-pentru-festivalul-unfinished-2026\/","og_locale":"en_GB","og_type":"article","og_title":"Sectorul 2 va contribui cu 50.000 de euro la bugetul Festivalului Unfinished 2026","og_description":"Sectorul 2 ar urma s\u0103 contribuie cu aproximativ 50.000 de euro pe an la organizarea Festivalului Unfinished.","og_url":"https:\/\/buletin.de\/bucuresti\/sectorul-2-va-contribui-cu-50-000-de-euro-pentru-festivalul-unfinished-2026\/","og_site_name":"Buletin de Bucure\u0219ti","article_publisher":"https:\/\/www.facebook.com\/buletin.de.buc","article_published_time":"2026-09-01T05:26:51+00:00","article_modified_time":"2026-09-01T05:27:42+00:00","og_image":[{"width":1200,"height":650,"url":"https:\/\/buletin.de\/bucuresti\/wp-content\/uploads\/2026\/08\/Sectorul-2-50.000-de-euro-Festivalul-Unfinished-2026.jpg","type":"image\/jpeg"}],"author":"Andreea St\u0103n\u0103r\u00eeng\u0103","twitter_card":"summary_large_image","twitter_misc":{"Written by":"Andreea St\u0103n\u0103r\u00eeng\u0103","Estimated reading time":"3 minutes"},"schema":{"@context":"https:\/\/schema.org","@graph":[{"@type":"Article","@id":"https:\/\/buletin.de\/bucuresti\/sectorul-2-va-contribui-cu-50-000-de-euro-pentru-festivalul-unfinished-2026\/#article","isPartOf":{"@id":"https:\/\/buletin.de\/bucuresti\/sectorul-2-va-contribui-cu-50-000-de-euro-pentru-festivalul-unfinished-2026\/"},"author":{"name":"Andreea St\u0103n\u0103r\u00eeng\u0103","@id":"https:\/\/buletin.de\/bucuresti\/#\/schema\/person\/81421a46fb84a0887cfd2238f5202586"},"headline":"Sectorul 2 va contribui cu 50.000 de euro la bugetul Festivalului Unfinished 2026","datePublished":"2026-09-01T05:26:51+00:00","dateModified":"2026-09-01T05:27:42+00:00","mainEntityOfPage":{"@id":"https:\/\/buletin.de\/bucuresti\/sectorul-2-va-contribui-cu-50-000-de-euro-pentru-festivalul-unfinished-2026\/"},"wordCount":492,"publisher":{"@id":"https:\/\/buletin.de\/bucuresti\/#organization"},"image":{"@id":"https:\/\/buletin.de\/bucuresti\/sectorul-2-va-contribui-cu-50-000-de-euro-pentru-festivalul-unfinished-2026\/#primaryimage"},"thumbnailUrl":"https:\/\/buletin.de\/bucuresti\/wp-content\/uploads\/2026\/08\/Sectorul-2-50.000-de-euro-Festivalul-Unfinished-2026.jpg","keywords":["casa universitarilor","festival","Festivalul Unfinished","Sector 2"],"articleSection":["Articole","Main"],"inLanguage":"en-GB","copyrightYear":"2026","copyrightHolder":{"@id":"https:\/\/buletin.de\/bucuresti\/#organization"}},{"@type":"WebPage","@id":"https:\/\/buletin.de\/bucuresti\/sectorul-2-va-contribui-cu-50-000-de-euro-pentru-festivalul-unfinished-2026\/","url":"https:\/\/buletin.de\/bucuresti\/sectorul-2-va-contribui-cu-50-000-de-euro-pentru-festivalul-unfinished-2026\/","name":"Sectorul 2 va contribui cu 50.000 de euro la bugetul Festivalului Unfinished 2026 - Buletin de Bucure\u0219ti","isPartOf":{"@id":"https:\/\/buletin.de\/bucuresti\/#website"},"primaryImageOfPage":{"@id":"https:\/\/buletin.de\/bucuresti\/sectorul-2-va-contribui-cu-50-000-de-euro-pentru-festivalul-unfinished-2026\/#primaryimage"},"image":{"@id":"https:\/\/buletin.de\/bucuresti\/sectorul-2-va-contribui-cu-50-000-de-euro-pentru-festivalul-unfinished-2026\/#primaryimage"},"thumbnailUrl":"https:\/\/buletin.de\/bucuresti\/wp-content\/uploads\/2026\/08\/Sectorul-2-50.000-de-euro-Festivalul-Unfinished-2026.jpg","datePublished":"2026-09-01T05:26:51+00:00","dateModified":"2026-09-01T05:27:42+00:00","description":"Sectorul 2 ar urma s\u0103 contribuie cu aproximativ 50.000 de euro pe an la organizarea Festivalului Unfinished.","breadcrumb":{"@id":"https:\/\/buletin.de\/bucuresti\/sectorul-2-va-contribui-cu-50-000-de-euro-pentru-festivalul-unfinished-2026\/#breadcrumb"},"inLanguage":"en-GB","potentialAction":[{"@type":"ReadAction","target":["https:\/\/buletin.de\/bucuresti\/sectorul-2-va-contribui-cu-50-000-de-euro-pentru-festivalul-unfinished-2026\/"]}]},{"@type":"ImageObject","inLanguage":"en-GB","@id":"https:\/\/buletin.de\/bucuresti\/sectorul-2-va-contribui-cu-50-000-de-euro-pentru-festivalul-unfinished-2026\/#primaryimage","url":"https:\/\/buletin.de\/bucuresti\/wp-content\/uploads\/2026\/08\/Sectorul-2-50.000-de-euro-Festivalul-Unfinished-2026.jpg","contentUrl":"https:\/\/buletin.de\/bucuresti\/wp-content\/uploads\/2026\/08\/Sectorul-2-50.000-de-euro-Festivalul-Unfinished-2026.jpg","width":1200,"height":650,"caption":"Foto: unibuc.ro"},{"@type":"BreadcrumbList","@id":"https:\/\/buletin.de\/bucuresti\/sectorul-2-va-contribui-cu-50-000-de-euro-pentru-festivalul-unfinished-2026\/#breadcrumb","itemListElement":[{"@type":"ListItem","position":1,"name":"Acas\u0103","item":"https:\/\/buletin.de\/bucuresti\/"},{"@type":"ListItem","position":2,"name":"Sectorul 2 va contribui cu 50.000 de euro la bugetul Festivalului Unfinished 2026"}]},{"@type":"WebSite","@id":"https:\/\/buletin.de\/bucuresti\/#website","url":"https:\/\/buletin.de\/bucuresti\/","name":"Buletin de Bucure\u0219ti","description":"\u0218tiri \u0219i investiga\u021bii esen\u021biale din capital\u0103","publisher":{"@id":"https:\/\/buletin.de\/bucuresti\/#organization"},"potentialAction":[{"@type":"SearchAction","target":{"@type":"EntryPoint","urlTemplate":"https:\/\/buletin.de\/bucuresti\/?s={search_term_string}"},"query-input":{"@type":"PropertyValueSpecification","valueRequired":true,"valueName":"search_term_string"}}],"inLanguage":"en-GB"},{"@type":"Organization","@id":"https:\/\/buletin.de\/bucuresti\/#organization","name":"Buletin de Bucure\u0219ti","url":"https:\/\/buletin.de\/bucuresti\/","logo":{"@type":"ImageObject","inLanguage":"en-GB","@id":"https:\/\/buletin.de\/bucuresti\/#\/schema\/logo\/image\/","url":"https:\/\/buletin.de\/bucuresti\/wp-content\/uploads\/logo-bdb-full-wide-vernil-transparent.png","contentUrl":"https:\/\/buletin.de\/bucuresti\/wp-content\/uploads\/logo-bdb-full-wide-vernil-transparent.png","width":1782,"height":626,"caption":"Buletin de Bucure\u0219ti"},"image":{"@id":"https:\/\/buletin.de\/bucuresti\/#\/schema\/logo\/image\/"},"sameAs":["https:\/\/www.facebook.com\/buletin.de.buc","https:\/\/www.instagram.com\/buletinde.bucuresti\/"]},{"@type":"Person","@id":"https:\/\/buletin.de\/bucuresti\/#\/schema\/person\/81421a46fb84a0887cfd2238f5202586","name":"Andreea St\u0103n\u0103r\u00eeng\u0103","image":{"@type":"ImageObject","inLanguage":"en-GB","@id":"https:\/\/buletin.de\/bucuresti\/wp-content\/uploads\/2026\/06\/BDB_Andreea_S-1-96x96.jpgb79b6b91f9c59ea2bdedd1d8c093f6b4","url":"https:\/\/buletin.de\/bucuresti\/wp-content\/uploads\/2026\/06\/BDB_Andreea_S-1-96x96.jpg","contentUrl":"https:\/\/buletin.de\/bucuresti\/wp-content\/uploads\/2026\/06\/BDB_Andreea_S-1-96x96.jpg","caption":"Andreea St\u0103n\u0103r\u00eeng\u0103"},"description":"Face parte din echipa Buletin de Bucure\u0219ti din 2025. A colaborat cu c\u00e2teva publica\u021bii, printre care \u0219i Fanatik.ro, unde s-a ocupat de \u0219tiri de lifestyle \u0219i de actualitate. A f\u0103cut un pas c\u0103tre presa local\u0103 pentru a explora Bucure\u0219tiul \u0219i pove\u0219tile care merit\u0103 spuse.","url":"https:\/\/buletin.de\/bucuresti\/author\/andreea-stanaranga\/"}]}},"authors":[{"term_id":23912,"user_id":65,"is_guest":0,"slug":"andreea-stanaranga","display_name":"Andreea St\u0103n\u0103r\u00eeng\u0103","avatar_url":"https:\/\/buletin.de\/bucuresti\/wp-content\/uploads\/2026\/06\/BDB_Andreea_S-1-96x96.jpg","author_category":"1","first_name":"Andreea","last_name":"St\u0103n\u0103r\u00eeng\u0103","user_url":"","job_title":"","description":"Face parte din echipa Buletin de Bucure\u0219ti din 2025. A colaborat cu c\u00e2teva publica\u021bii, printre care \u0219i Fanatik.ro, unde s-a ocupat de \u0219tiri de lifestyle \u0219i de actualitate. A f\u0103cut un pas c\u0103tre presa local\u0103 pentru a explora Bucure\u0219tiul \u0219i pove\u0219tile care merit\u0103 spuse."}],"_links":{"self":[{"href":"https:\/\/buletin.de\/bucuresti\/wp-json\/wp\/v2\/posts\/215103","targetHints":{"allow":["GET"]}}],"collection":[{"href":"https:\/\/buletin.de\/bucuresti\/wp-json\/wp\/v2\/posts"}],"about":[{"href":"https:\/\/buletin.de\/bucuresti\/wp-json\/wp\/v2\/types\/post"}],"author":[{"embeddable":true,"href":"https:\/\/buletin.de\/bucuresti\/wp-json\/wp\/v2\/users\/65"}],"replies":[{"embeddable":true,"href":"https:\/\/buletin.de\/bucuresti\/wp-json\/wp\/v2\/comments?post=215103"}],"version-history":[{"count":11,"href":"https:\/\/buletin.de\/bucuresti\/wp-json\/wp\/v2\/posts\/215103\/revisions"}],"predecessor-version":[{"id":215190,"href":"https:\/\/buletin.de\/bucuresti\/wp-json\/wp\/v2\/posts\/215103\/revisions\/215190"}],"wp:featuredmedia":[{"embeddable":true,"href":"https:\/\/buletin.de\/bucuresti\/wp-json\/wp\/v2\/media\/215174"}],"wp:attachment":[{"href":"https:\/\/buletin.de\/bucuresti\/wp-json\/wp\/v2\/media?parent=215103"}],"wp:term":[{"taxonomy":"category","embeddable":true,"href":"https:\/\/buletin.de\/bucuresti\/wp-json\/wp\/v2\/categories?post=215103"},{"taxonomy":"post_tag","embeddable":true,"href":"https:\/\/buletin.de\/bucuresti\/wp-json\/wp\/v2\/tags?post=215103"},{"taxonomy":"author","embeddable":true,"href":"https:\/\/buletin.de\/bucuresti\/wp-json\/wp\/v2\/ppma_author?post=215103"}],"curies":[{"name":"wp","href":"https:\/\/api.w.org\/{rel}","templated":true}]}}