{"id":215090,"date":"2026-08-31T20:05:54","date_gmt":"2026-08-31T17:05:54","guid":{"rendered":"https:\/\/buletin.de\/bucuresti\/?p=215090"},"modified":"2026-08-31T20:05:55","modified_gmt":"2026-08-31T17:05:55","slug":"sector-2-buget-de-peste-doua-milioane-de-lei-pentru-proiecte-initiate-de-societatea-civila-in-domeniul-social-cine-poate-aplica-pentru-finantare-nerambursabila","status":"publish","type":"post","link":"https:\/\/buletin.de\/bucuresti\/sector-2-buget-de-peste-doua-milioane-de-lei-pentru-proiecte-initiate-de-societatea-civila-in-domeniul-social-cine-poate-aplica-pentru-finantare-nerambursabila\/","title":{"rendered":"Sector 2 | Buget de peste dou\u0103 milioane de lei pentru proiecte ini\u021biate de societatea civil\u0103, \u00een domeniul social. Cine poate aplica pentru finan\u021bare nerambursabil\u0103"},"content":{"rendered":"\n<p class=\"wp-block-paragraph\" id=\"h-sectorul-2-propune-alocarea-a-peste-doua-milioane-de-lei-pentru-finan\u021barea-unor-proiecte-ini\u021biate-de-societatea-civila-in-domeniul-social-potrivit-unui-proiect-de-hotarare-votat-in-\u0219edin\u021ba-ordinara-de-luni-31-august\"><strong>Sectorul 2 propune alocarea a peste dou\u0103 milioane de lei pentru finan\u021barea unor proiecte ini\u021biate de societatea civil\u0103, \u00een domeniul social, potrivit unui <a href=\"https:\/\/public.ps2.ro\/Administratie%20Publica%20Locala\/Proiecte%20CLS2\/2026\/2026-08-31%20SEDINTA%20ORDINARA%20ORA%2015.00\/04%20ph%20Regulament%20LG%20350-2005%20-%20social.pdf\" data-type=\"link\" data-id=\"https:\/\/public.ps2.ro\/Administratie%20Publica%20Locala\/Proiecte%20CLS2\/2026\/2026-08-31%20SEDINTA%20ORDINARA%20ORA%2015.00\/04%20ph%20Regulament%20LG%20350-2005%20-%20social.pdf\" target=\"_blank\" rel=\"noreferrer noopener\">proiect de hot\u0103r\u00e2re<\/a> votat \u00een \u0219edin\u021ba ordinar\u0103 de luni, 31 august.<\/strong><\/p>\n\n\n\n<p class=\"wp-block-paragraph\">Pentru apelul aferent anului 2026, finan\u021barea nerambursabil\u0103 poate ajunge la maximum 135.000 de lei pentru un proiect. Fondurile publice pot acoperi cel mult 90% din valoarea cheltuielilor eligibile, iar beneficiarul trebuie s\u0103 asigure o cofinan\u021bare de minimum 10%. <\/p>\n\n\n\n<h2 id=\"h-peste-doua-milioane-de-lei-pentru-proiecte-ini\u021biate-de-societatea-civila-in-domeniul-social-in-sectorul-2\" class=\"wp-block-heading\">Peste dou\u0103 milioane de lei pentru proiecte ini\u021biate de societatea civil\u0103, \u00een domeniul social, \u00een Sectorul 2<\/h2>\n\n\n\n<p class=\"wp-block-paragraph\">Potrivit documenta\u021biei proiectului, programul este adresat persoanelor fizice, persoanelor juridice f\u0103r\u0103 scop patrimonial \u0219i cultelor religioase recunoscute de lege, \u00een condi\u021biile stabilite prin regulament. <\/p>\n\n\n\n<figure class=\"wp-block-image size-full\"><img fetchpriority=\"high\" decoding=\"async\" width=\"785\" height=\"90\" src=\"data:image\/gif;base64,R0lGODlhAQABAAAAACH5BAEKAAEALAAAAAABAAEAAAICTAEAOw==\" data-src=\"https:\/\/buletin.de\/bucuresti\/wp-content\/uploads\/2026\/08\/image-43.png\" alt=\"\" class=\"wp-image-215097 lazyload\" data-sizes=\"auto\" data-srcset=\"https:\/\/buletin.de\/bucuresti\/wp-content\/uploads\/2026\/08\/image-43.png 785w, https:\/\/buletin.de\/bucuresti\/wp-content\/uploads\/2026\/08\/image-43-300x34.png 300w, https:\/\/buletin.de\/bucuresti\/wp-content\/uploads\/2026\/08\/image-43-768x88.png 768w, https:\/\/buletin.de\/bucuresti\/wp-content\/uploads\/2026\/08\/image-43-600x69.png 600w, https:\/\/buletin.de\/bucuresti\/wp-content\/uploads\/2026\/08\/image-43-20x2.png 20w\" sizes=\"(max-width: 785px) 100vw, 785px\" \/><\/figure>\n\n\n\n<p class=\"wp-block-paragraph\"><strong>Printre domeniile pentru care pot fi propuse proiecte se num\u0103r\u0103 sprijinirea copiilor \u0219i familiilor aflate \u00een dificultate, persoanelor cu dizabilit\u0103\u021bi, persoanelor v\u00e2rstnice sau f\u0103r\u0103 ad\u0103post, victimelor violen\u021bei domestice \u0219i traficului de persoane. \u00cen plus, pot fi propuse proiecte \u0219i pentru interven\u021biile privind adic\u021biile, s\u0103n\u0103tatea comunitar\u0103, preven\u021bia \u0219i incluziunea social\u0103.<\/strong><\/p>\n\n\n\n<p class=\"wp-block-paragraph\"><a href=\"https:\/\/buletin.de\/bucuresti\/sector-2-finantare-nerambursabila-pentru-proiecte-de-educatie-cultura-si-mediu-initiate-de-societatea-civila\/\" data-type=\"link\" data-id=\"https:\/\/buletin.de\/bucuresti\/sector-2-finantare-nerambursabila-pentru-proiecte-de-educatie-cultura-si-mediu-initiate-de-societatea-civila\/\" target=\"_blank\" rel=\"noreferrer noopener\">Proiectele <\/a>vor fi evaluate pe baza unei grile de maximum 100 de puncte. Pentru a fi admise, este nevoie s\u0103 ob\u021bin\u0103 cel pu\u021bin 65 de puncte. Regulamentul presupune etape de verificare a eligibilit\u0103\u021bii, evaluare, contesta\u021bii, contractare, monitorizare \u0219i decontare. <\/p>\n\n\n\n<p class=\"wp-block-paragraph\">Finan\u021barea Programului se asigur\u0103 din bugetul local al Sectorului 2, prin bugetul DGASPC Sector 2, \u00een limita creditelor bugetare aprobate anual cu aceast\u0103 destina\u021bie. <\/p>\n\n\n\n<h2 id=\"h-termenul-de-implementare-schimbat\" class=\"wp-block-heading\">Termenul de implementare, schimbat <\/h2>\n\n\n\n<p class=\"wp-block-paragraph\"><strong><a href=\"https:\/\/public.ps2.ro\/Administratie%20Publica%20Locala\/Proiecte%20CLS2\/2026\/2026-08-31%20SEDINTA%20ORDINARA%20ORA%2015.00\/04%20amendament.pdf\" data-type=\"link\" data-id=\"https:\/\/public.ps2.ro\/Administratie%20Publica%20Locala\/Proiecte%20CLS2\/2026\/2026-08-31%20SEDINTA%20ORDINARA%20ORA%2015.00\/04%20amendament.pdf\" target=\"_blank\" rel=\"noreferrer noopener\">Un amendament<\/a> propus la acest proiect de hot\u0103r\u00e2re schimb\u0103 termenul de implementare pentru apelul din 2026. Astfel, termenul-limit\u0103 pentru desf\u0103\u0219urarea activit\u0103\u021bilor va fi prelungit cu dou\u0103 s\u0103pt\u0103m\u00e2ni, p\u00e2n\u0103 15 noiembrie 2026. Amendamentul a fost adoptat cu 27 de voturi pentru.<\/strong><\/p>\n\n\n\n<p class=\"wp-block-paragraph\">Ini\u021biatorii amendamentului motiveaz\u0103 c\u0103 proiectul a fost transmis pentru transparen\u021b\u0103 \u00een luna iulie, \u00eens\u0103 a ajuns pe ordinea de zi a \u0219edin\u021bei Consiliului Local abia la 31 august, iar ulterior mai sunt necesare etapele de publicare a apelului, depunere, evaluare \u0219i contractare. <\/p>\n\n\n\n<p class=\"wp-block-paragraph\"><em>\u201eDocumenta\u0163ia a fost transmis\u0103 pentru transparen\u0163\u0103 la 8 iulie 2026, iar procedura de transparen\u0163\u0103 s-a \u00eencheiat f\u0103r\u0103 observa\u0163ii la 24 iulie. Proiectul a ajuns \u00eens\u0103 pe ordinea de zi abia la 31 august. Dup\u0103 vot urmeaz\u0103 publicarea apelului, depunerea proiectelor, verificarea, contesta\u0163iile, evaluarea \u015fi contractarea. Cu termenul actual, activit\u0103\u0163ile sociale ar putea r\u0103m\u00e2ne cu c\u00e2teva zile de implementare real\u0103 sau chiar f\u0103r\u0103 timp util. Prelungirea p\u00e2n\u0103 la 15 noiembrie nu modific\u0103 bugetul, plafonul finan\u0163\u0103rii, eligibilitatea ori obliga\u0163ia de raportare; face apelul executabil \u015fi permite rezultate reale pentru beneficiari.\u201d<\/em>, se arat\u0103 \u00een motivarea amendamentului. <\/p>\n\n\n\n<figure class=\"wp-block-image size-full\"><img decoding=\"async\" width=\"889\" height=\"340\" src=\"data:image\/gif;base64,R0lGODlhAQABAAAAACH5BAEKAAEALAAAAAABAAEAAAICTAEAOw==\" data-src=\"https:\/\/buletin.de\/bucuresti\/wp-content\/uploads\/2026\/08\/image-42.png\" alt=\"\" class=\"wp-image-215096 lazyload\" data-sizes=\"auto\" data-srcset=\"https:\/\/buletin.de\/bucuresti\/wp-content\/uploads\/2026\/08\/image-42.png 889w, https:\/\/buletin.de\/bucuresti\/wp-content\/uploads\/2026\/08\/image-42-300x115.png 300w, https:\/\/buletin.de\/bucuresti\/wp-content\/uploads\/2026\/08\/image-42-768x294.png 768w, https:\/\/buletin.de\/bucuresti\/wp-content\/uploads\/2026\/08\/image-42-600x229.png 600w, https:\/\/buletin.de\/bucuresti\/wp-content\/uploads\/2026\/08\/image-42-20x8.png 20w\" sizes=\"(max-width: 889px) 100vw, 889px\" \/><\/figure>\n\n\n\n<p class=\"wp-block-paragraph\"><strong>CITE\u0218TE \u0218I <a href=\"https:\/\/buletin.de\/bucuresti\/ce-vrea-la-schimb-ministerul-de-externe-pentru-a-preda-parcela-din-parcul-herastrau-pe-care-nu-o-mai-ingrijeste\/\" target=\"_blank\" rel=\"noreferrer noopener\">Ce vrea la schimb Ministerul de Externe pentru a preda c\u0103tre PMB parcela din Parcul Her\u0103str\u0103u pe care nu o mai \u00eengrije\u0219te<\/a><\/strong><\/p>\n","protected":false},"excerpt":{"rendered":"<p>Sectorul 2 propune alocarea a peste dou\u0103 milioane de lei pentru finan\u021barea unor proiecte ini\u021biate de societatea civil\u0103, \u00een domeniul social, potrivit unui proiect de hot\u0103r\u00e2re votat \u00een \u0219edin\u021ba ordinar\u0103 de luni, 31 august. Pentru apelul aferent anului 2026, finan\u021barea nerambursabil\u0103 poate ajunge la maximum 135.000 de lei pentru un proiect. Fondurile publice pot acoperi [&hellip;]<\/p>\n","protected":false},"author":65,"featured_media":215101,"comment_status":"closed","ping_status":"open","sticky":false,"template":"","format":"standard","meta":{"_acf_changed":false,"inline_featured_image":false,"ngg_post_thumbnail":0,"footnotes":""},"categories":[6994,5762,24],"tags":[3979,229,10841],"ppma_author":[23912],"class_list":["post-215090","post","type-post","status-publish","format-standard","has-post-thumbnail","hentry","category-stiri-2","category-main","category-primarie","tag-proiecte","tag-sector-2","tag-societatea-civila"],"acf":[],"a3_pvc":{"activated":false,"total_views":0,"today_views":0},"yoast_head":"<!-- This site is optimized with the Yoast SEO Premium plugin v28.0 (Yoast SEO v28.3) - https:\/\/yoast.com\/product\/yoast-seo-premium-wordpress\/ -->\n<title>Sector 2 | Buget de peste dou\u0103 milioane de lei pentru proiecte ini\u021biate de societatea civil\u0103, \u00een domeniul social. Cine poate aplica pentru finan\u021bare nerambursabil\u0103 - Buletin de Bucure\u0219ti<\/title>\n<meta name=\"description\" content=\"Sectorul 2 propune alocarea a peste dou\u0103 milioane de lei pentru finan\u021barea unor proiecte ini\u021biate de societatea civil\u0103, \u00een domeniul social.\" \/>\n<meta name=\"robots\" content=\"index, follow, max-snippet:-1, max-image-preview:large, max-video-preview:-1\" \/>\n<link rel=\"canonical\" href=\"https:\/\/buletin.de\/bucuresti\/sector-2-buget-de-peste-doua-milioane-de-lei-pentru-proiecte-initiate-de-societatea-civila-in-domeniul-social-cine-poate-aplica-pentru-finantare-nerambursabila\/\" \/>\n<meta property=\"og:locale\" content=\"en_GB\" \/>\n<meta property=\"og:type\" content=\"article\" \/>\n<meta property=\"og:title\" content=\"Sector 2 | Buget de peste dou\u0103 milioane de lei pentru proiecte ini\u021biate de societatea civil\u0103, \u00een domeniul social. Cine poate aplica pentru finan\u021bare nerambursabil\u0103\" \/>\n<meta property=\"og:description\" content=\"Sectorul 2 propune alocarea a peste dou\u0103 milioane de lei pentru finan\u021barea unor proiecte ini\u021biate de societatea civil\u0103, \u00een domeniul social.\" \/>\n<meta property=\"og:url\" content=\"https:\/\/buletin.de\/bucuresti\/sector-2-buget-de-peste-doua-milioane-de-lei-pentru-proiecte-initiate-de-societatea-civila-in-domeniul-social-cine-poate-aplica-pentru-finantare-nerambursabila\/\" \/>\n<meta property=\"og:site_name\" content=\"Buletin de Bucure\u0219ti\" \/>\n<meta property=\"article:publisher\" content=\"https:\/\/www.facebook.com\/buletin.de.buc\" \/>\n<meta property=\"article:published_time\" content=\"2026-08-31T17:05:54+00:00\" \/>\n<meta property=\"article:modified_time\" content=\"2026-08-31T17:05:55+00:00\" \/>\n<meta property=\"og:image\" content=\"https:\/\/buletin.de\/bucuresti\/wp-content\/uploads\/2026\/08\/Sector-2-peste-doua-milioane-de-lei-proiecte-initiate-de-societatea-civila-in-domeniul-social.jpg\" \/>\n\t<meta property=\"og:image:width\" content=\"1200\" \/>\n\t<meta property=\"og:image:height\" content=\"650\" \/>\n\t<meta property=\"og:image:type\" content=\"image\/jpeg\" \/>\n<meta name=\"author\" content=\"Andreea St\u0103n\u0103r\u00eeng\u0103\" \/>\n<meta name=\"twitter:card\" content=\"summary_large_image\" \/>\n<meta name=\"twitter:label1\" content=\"Written by\" \/>\n\t<meta name=\"twitter:data1\" content=\"Andreea St\u0103n\u0103r\u00eeng\u0103\" \/>\n\t<meta name=\"twitter:label2\" content=\"Estimated reading time\" \/>\n\t<meta name=\"twitter:data2\" content=\"3 minutes\" \/>\n<script type=\"application\/ld+json\" class=\"yoast-schema-graph\">{\"@context\":\"https:\\\/\\\/schema.org\",\"@graph\":[{\"@type\":\"Article\",\"@id\":\"https:\\\/\\\/buletin.de\\\/bucuresti\\\/sector-2-buget-de-peste-doua-milioane-de-lei-pentru-proiecte-initiate-de-societatea-civila-in-domeniul-social-cine-poate-aplica-pentru-finantare-nerambursabila\\\/#article\",\"isPartOf\":{\"@id\":\"https:\\\/\\\/buletin.de\\\/bucuresti\\\/sector-2-buget-de-peste-doua-milioane-de-lei-pentru-proiecte-initiate-de-societatea-civila-in-domeniul-social-cine-poate-aplica-pentru-finantare-nerambursabila\\\/\"},\"author\":{\"name\":\"Andreea St\u0103n\u0103r\u00eeng\u0103\",\"@id\":\"https:\\\/\\\/buletin.de\\\/bucuresti\\\/#\\\/schema\\\/person\\\/81421a46fb84a0887cfd2238f5202586\"},\"headline\":\"Sector 2 | Buget de peste dou\u0103 milioane de lei pentru proiecte ini\u021biate de societatea civil\u0103, \u00een domeniul social. Cine poate aplica pentru finan\u021bare nerambursabil\u0103\",\"datePublished\":\"2026-08-31T17:05:54+00:00\",\"dateModified\":\"2026-08-31T17:05:55+00:00\",\"mainEntityOfPage\":{\"@id\":\"https:\\\/\\\/buletin.de\\\/bucuresti\\\/sector-2-buget-de-peste-doua-milioane-de-lei-pentru-proiecte-initiate-de-societatea-civila-in-domeniul-social-cine-poate-aplica-pentru-finantare-nerambursabila\\\/\"},\"wordCount\":487,\"publisher\":{\"@id\":\"https:\\\/\\\/buletin.de\\\/bucuresti\\\/#organization\"},\"image\":{\"@id\":\"https:\\\/\\\/buletin.de\\\/bucuresti\\\/sector-2-buget-de-peste-doua-milioane-de-lei-pentru-proiecte-initiate-de-societatea-civila-in-domeniul-social-cine-poate-aplica-pentru-finantare-nerambursabila\\\/#primaryimage\"},\"thumbnailUrl\":\"https:\\\/\\\/buletin.de\\\/bucuresti\\\/wp-content\\\/uploads\\\/2026\\\/08\\\/Sector-2-peste-doua-milioane-de-lei-proiecte-initiate-de-societatea-civila-in-domeniul-social.jpg\",\"keywords\":[\"proiecte\",\"Sector 2\",\"societatea civila\"],\"articleSection\":[\"Articole\",\"Main\",\"Prim\u0103rie\"],\"inLanguage\":\"en-GB\",\"copyrightYear\":\"2026\",\"copyrightHolder\":{\"@id\":\"https:\\\/\\\/buletin.de\\\/bucuresti\\\/#organization\"}},{\"@type\":\"WebPage\",\"@id\":\"https:\\\/\\\/buletin.de\\\/bucuresti\\\/sector-2-buget-de-peste-doua-milioane-de-lei-pentru-proiecte-initiate-de-societatea-civila-in-domeniul-social-cine-poate-aplica-pentru-finantare-nerambursabila\\\/\",\"url\":\"https:\\\/\\\/buletin.de\\\/bucuresti\\\/sector-2-buget-de-peste-doua-milioane-de-lei-pentru-proiecte-initiate-de-societatea-civila-in-domeniul-social-cine-poate-aplica-pentru-finantare-nerambursabila\\\/\",\"name\":\"Sector 2 | Buget de peste dou\u0103 milioane de lei pentru proiecte ini\u021biate de societatea civil\u0103, \u00een domeniul social. Cine poate aplica pentru finan\u021bare nerambursabil\u0103 - Buletin de Bucure\u0219ti\",\"isPartOf\":{\"@id\":\"https:\\\/\\\/buletin.de\\\/bucuresti\\\/#website\"},\"primaryImageOfPage\":{\"@id\":\"https:\\\/\\\/buletin.de\\\/bucuresti\\\/sector-2-buget-de-peste-doua-milioane-de-lei-pentru-proiecte-initiate-de-societatea-civila-in-domeniul-social-cine-poate-aplica-pentru-finantare-nerambursabila\\\/#primaryimage\"},\"image\":{\"@id\":\"https:\\\/\\\/buletin.de\\\/bucuresti\\\/sector-2-buget-de-peste-doua-milioane-de-lei-pentru-proiecte-initiate-de-societatea-civila-in-domeniul-social-cine-poate-aplica-pentru-finantare-nerambursabila\\\/#primaryimage\"},\"thumbnailUrl\":\"https:\\\/\\\/buletin.de\\\/bucuresti\\\/wp-content\\\/uploads\\\/2026\\\/08\\\/Sector-2-peste-doua-milioane-de-lei-proiecte-initiate-de-societatea-civila-in-domeniul-social.jpg\",\"datePublished\":\"2026-08-31T17:05:54+00:00\",\"dateModified\":\"2026-08-31T17:05:55+00:00\",\"description\":\"Sectorul 2 propune alocarea a peste dou\u0103 milioane de lei pentru finan\u021barea unor proiecte ini\u021biate de societatea civil\u0103, \u00een domeniul social.\",\"breadcrumb\":{\"@id\":\"https:\\\/\\\/buletin.de\\\/bucuresti\\\/sector-2-buget-de-peste-doua-milioane-de-lei-pentru-proiecte-initiate-de-societatea-civila-in-domeniul-social-cine-poate-aplica-pentru-finantare-nerambursabila\\\/#breadcrumb\"},\"inLanguage\":\"en-GB\",\"potentialAction\":[{\"@type\":\"ReadAction\",\"target\":[\"https:\\\/\\\/buletin.de\\\/bucuresti\\\/sector-2-buget-de-peste-doua-milioane-de-lei-pentru-proiecte-initiate-de-societatea-civila-in-domeniul-social-cine-poate-aplica-pentru-finantare-nerambursabila\\\/\"]}]},{\"@type\":\"ImageObject\",\"inLanguage\":\"en-GB\",\"@id\":\"https:\\\/\\\/buletin.de\\\/bucuresti\\\/sector-2-buget-de-peste-doua-milioane-de-lei-pentru-proiecte-initiate-de-societatea-civila-in-domeniul-social-cine-poate-aplica-pentru-finantare-nerambursabila\\\/#primaryimage\",\"url\":\"https:\\\/\\\/buletin.de\\\/bucuresti\\\/wp-content\\\/uploads\\\/2026\\\/08\\\/Sector-2-peste-doua-milioane-de-lei-proiecte-initiate-de-societatea-civila-in-domeniul-social.jpg\",\"contentUrl\":\"https:\\\/\\\/buletin.de\\\/bucuresti\\\/wp-content\\\/uploads\\\/2026\\\/08\\\/Sector-2-peste-doua-milioane-de-lei-proiecte-initiate-de-societatea-civila-in-domeniul-social.jpg\",\"width\":1200,\"height\":650,\"caption\":\"Foto: Magnific.com\"},{\"@type\":\"BreadcrumbList\",\"@id\":\"https:\\\/\\\/buletin.de\\\/bucuresti\\\/sector-2-buget-de-peste-doua-milioane-de-lei-pentru-proiecte-initiate-de-societatea-civila-in-domeniul-social-cine-poate-aplica-pentru-finantare-nerambursabila\\\/#breadcrumb\",\"itemListElement\":[{\"@type\":\"ListItem\",\"position\":1,\"name\":\"Acas\u0103\",\"item\":\"https:\\\/\\\/buletin.de\\\/bucuresti\\\/\"},{\"@type\":\"ListItem\",\"position\":2,\"name\":\"Sector 2 | Buget de peste dou\u0103 milioane de lei pentru proiecte ini\u021biate de societatea civil\u0103, \u00een domeniul social. Cine poate aplica pentru finan\u021bare nerambursabil\u0103\"}]},{\"@type\":\"WebSite\",\"@id\":\"https:\\\/\\\/buletin.de\\\/bucuresti\\\/#website\",\"url\":\"https:\\\/\\\/buletin.de\\\/bucuresti\\\/\",\"name\":\"Buletin de Bucure\u0219ti\",\"description\":\"\u0218tiri \u0219i investiga\u021bii esen\u021biale din capital\u0103\",\"publisher\":{\"@id\":\"https:\\\/\\\/buletin.de\\\/bucuresti\\\/#organization\"},\"potentialAction\":[{\"@type\":\"SearchAction\",\"target\":{\"@type\":\"EntryPoint\",\"urlTemplate\":\"https:\\\/\\\/buletin.de\\\/bucuresti\\\/?s={search_term_string}\"},\"query-input\":{\"@type\":\"PropertyValueSpecification\",\"valueRequired\":true,\"valueName\":\"search_term_string\"}}],\"inLanguage\":\"en-GB\"},{\"@type\":\"Organization\",\"@id\":\"https:\\\/\\\/buletin.de\\\/bucuresti\\\/#organization\",\"name\":\"Buletin de Bucure\u0219ti\",\"url\":\"https:\\\/\\\/buletin.de\\\/bucuresti\\\/\",\"logo\":{\"@type\":\"ImageObject\",\"inLanguage\":\"en-GB\",\"@id\":\"https:\\\/\\\/buletin.de\\\/bucuresti\\\/#\\\/schema\\\/logo\\\/image\\\/\",\"url\":\"https:\\\/\\\/buletin.de\\\/bucuresti\\\/wp-content\\\/uploads\\\/logo-bdb-full-wide-vernil-transparent.png\",\"contentUrl\":\"https:\\\/\\\/buletin.de\\\/bucuresti\\\/wp-content\\\/uploads\\\/logo-bdb-full-wide-vernil-transparent.png\",\"width\":1782,\"height\":626,\"caption\":\"Buletin de Bucure\u0219ti\"},\"image\":{\"@id\":\"https:\\\/\\\/buletin.de\\\/bucuresti\\\/#\\\/schema\\\/logo\\\/image\\\/\"},\"sameAs\":[\"https:\\\/\\\/www.facebook.com\\\/buletin.de.buc\",\"https:\\\/\\\/www.instagram.com\\\/buletinde.bucuresti\\\/\"]},{\"@type\":\"Person\",\"@id\":\"https:\\\/\\\/buletin.de\\\/bucuresti\\\/#\\\/schema\\\/person\\\/81421a46fb84a0887cfd2238f5202586\",\"name\":\"Andreea St\u0103n\u0103r\u00eeng\u0103\",\"image\":{\"@type\":\"ImageObject\",\"inLanguage\":\"en-GB\",\"@id\":\"https:\\\/\\\/buletin.de\\\/bucuresti\\\/wp-content\\\/uploads\\\/2026\\\/06\\\/BDB_Andreea_S-1-96x96.jpgb79b6b91f9c59ea2bdedd1d8c093f6b4\",\"url\":\"https:\\\/\\\/buletin.de\\\/bucuresti\\\/wp-content\\\/uploads\\\/2026\\\/06\\\/BDB_Andreea_S-1-96x96.jpg\",\"contentUrl\":\"https:\\\/\\\/buletin.de\\\/bucuresti\\\/wp-content\\\/uploads\\\/2026\\\/06\\\/BDB_Andreea_S-1-96x96.jpg\",\"caption\":\"Andreea St\u0103n\u0103r\u00eeng\u0103\"},\"description\":\"Face parte din echipa Buletin de Bucure\u0219ti din 2025. A colaborat cu c\u00e2teva publica\u021bii, printre care \u0219i Fanatik.ro, unde s-a ocupat de \u0219tiri de lifestyle \u0219i de actualitate. A f\u0103cut un pas c\u0103tre presa local\u0103 pentru a explora Bucure\u0219tiul \u0219i pove\u0219tile care merit\u0103 spuse.\",\"url\":\"https:\\\/\\\/buletin.de\\\/bucuresti\\\/author\\\/andreea-stanaranga\\\/\"}]}<\/script>\n<!-- \/ Yoast SEO Premium plugin. -->","yoast_head_json":{"title":"Sector 2 | Buget de peste dou\u0103 milioane de lei pentru proiecte ini\u021biate de societatea civil\u0103, \u00een domeniul social. Cine poate aplica pentru finan\u021bare nerambursabil\u0103 - Buletin de Bucure\u0219ti","description":"Sectorul 2 propune alocarea a peste dou\u0103 milioane de lei pentru finan\u021barea unor proiecte ini\u021biate de societatea civil\u0103, \u00een domeniul social.","robots":{"index":"index","follow":"follow","max-snippet":"max-snippet:-1","max-image-preview":"max-image-preview:large","max-video-preview":"max-video-preview:-1"},"canonical":"https:\/\/buletin.de\/bucuresti\/sector-2-buget-de-peste-doua-milioane-de-lei-pentru-proiecte-initiate-de-societatea-civila-in-domeniul-social-cine-poate-aplica-pentru-finantare-nerambursabila\/","og_locale":"en_GB","og_type":"article","og_title":"Sector 2 | Buget de peste dou\u0103 milioane de lei pentru proiecte ini\u021biate de societatea civil\u0103, \u00een domeniul social. Cine poate aplica pentru finan\u021bare nerambursabil\u0103","og_description":"Sectorul 2 propune alocarea a peste dou\u0103 milioane de lei pentru finan\u021barea unor proiecte ini\u021biate de societatea civil\u0103, \u00een domeniul social.","og_url":"https:\/\/buletin.de\/bucuresti\/sector-2-buget-de-peste-doua-milioane-de-lei-pentru-proiecte-initiate-de-societatea-civila-in-domeniul-social-cine-poate-aplica-pentru-finantare-nerambursabila\/","og_site_name":"Buletin de Bucure\u0219ti","article_publisher":"https:\/\/www.facebook.com\/buletin.de.buc","article_published_time":"2026-08-31T17:05:54+00:00","article_modified_time":"2026-08-31T17:05:55+00:00","og_image":[{"width":1200,"height":650,"url":"https:\/\/buletin.de\/bucuresti\/wp-content\/uploads\/2026\/08\/Sector-2-peste-doua-milioane-de-lei-proiecte-initiate-de-societatea-civila-in-domeniul-social.jpg","type":"image\/jpeg"}],"author":"Andreea St\u0103n\u0103r\u00eeng\u0103","twitter_card":"summary_large_image","twitter_misc":{"Written by":"Andreea St\u0103n\u0103r\u00eeng\u0103","Estimated reading time":"3 minutes"},"schema":{"@context":"https:\/\/schema.org","@graph":[{"@type":"Article","@id":"https:\/\/buletin.de\/bucuresti\/sector-2-buget-de-peste-doua-milioane-de-lei-pentru-proiecte-initiate-de-societatea-civila-in-domeniul-social-cine-poate-aplica-pentru-finantare-nerambursabila\/#article","isPartOf":{"@id":"https:\/\/buletin.de\/bucuresti\/sector-2-buget-de-peste-doua-milioane-de-lei-pentru-proiecte-initiate-de-societatea-civila-in-domeniul-social-cine-poate-aplica-pentru-finantare-nerambursabila\/"},"author":{"name":"Andreea St\u0103n\u0103r\u00eeng\u0103","@id":"https:\/\/buletin.de\/bucuresti\/#\/schema\/person\/81421a46fb84a0887cfd2238f5202586"},"headline":"Sector 2 | Buget de peste dou\u0103 milioane de lei pentru proiecte ini\u021biate de societatea civil\u0103, \u00een domeniul social. Cine poate aplica pentru finan\u021bare nerambursabil\u0103","datePublished":"2026-08-31T17:05:54+00:00","dateModified":"2026-08-31T17:05:55+00:00","mainEntityOfPage":{"@id":"https:\/\/buletin.de\/bucuresti\/sector-2-buget-de-peste-doua-milioane-de-lei-pentru-proiecte-initiate-de-societatea-civila-in-domeniul-social-cine-poate-aplica-pentru-finantare-nerambursabila\/"},"wordCount":487,"publisher":{"@id":"https:\/\/buletin.de\/bucuresti\/#organization"},"image":{"@id":"https:\/\/buletin.de\/bucuresti\/sector-2-buget-de-peste-doua-milioane-de-lei-pentru-proiecte-initiate-de-societatea-civila-in-domeniul-social-cine-poate-aplica-pentru-finantare-nerambursabila\/#primaryimage"},"thumbnailUrl":"https:\/\/buletin.de\/bucuresti\/wp-content\/uploads\/2026\/08\/Sector-2-peste-doua-milioane-de-lei-proiecte-initiate-de-societatea-civila-in-domeniul-social.jpg","keywords":["proiecte","Sector 2","societatea civila"],"articleSection":["Articole","Main","Prim\u0103rie"],"inLanguage":"en-GB","copyrightYear":"2026","copyrightHolder":{"@id":"https:\/\/buletin.de\/bucuresti\/#organization"}},{"@type":"WebPage","@id":"https:\/\/buletin.de\/bucuresti\/sector-2-buget-de-peste-doua-milioane-de-lei-pentru-proiecte-initiate-de-societatea-civila-in-domeniul-social-cine-poate-aplica-pentru-finantare-nerambursabila\/","url":"https:\/\/buletin.de\/bucuresti\/sector-2-buget-de-peste-doua-milioane-de-lei-pentru-proiecte-initiate-de-societatea-civila-in-domeniul-social-cine-poate-aplica-pentru-finantare-nerambursabila\/","name":"Sector 2 | Buget de peste dou\u0103 milioane de lei pentru proiecte ini\u021biate de societatea civil\u0103, \u00een domeniul social. Cine poate aplica pentru finan\u021bare nerambursabil\u0103 - Buletin de Bucure\u0219ti","isPartOf":{"@id":"https:\/\/buletin.de\/bucuresti\/#website"},"primaryImageOfPage":{"@id":"https:\/\/buletin.de\/bucuresti\/sector-2-buget-de-peste-doua-milioane-de-lei-pentru-proiecte-initiate-de-societatea-civila-in-domeniul-social-cine-poate-aplica-pentru-finantare-nerambursabila\/#primaryimage"},"image":{"@id":"https:\/\/buletin.de\/bucuresti\/sector-2-buget-de-peste-doua-milioane-de-lei-pentru-proiecte-initiate-de-societatea-civila-in-domeniul-social-cine-poate-aplica-pentru-finantare-nerambursabila\/#primaryimage"},"thumbnailUrl":"https:\/\/buletin.de\/bucuresti\/wp-content\/uploads\/2026\/08\/Sector-2-peste-doua-milioane-de-lei-proiecte-initiate-de-societatea-civila-in-domeniul-social.jpg","datePublished":"2026-08-31T17:05:54+00:00","dateModified":"2026-08-31T17:05:55+00:00","description":"Sectorul 2 propune alocarea a peste dou\u0103 milioane de lei pentru finan\u021barea unor proiecte ini\u021biate de societatea civil\u0103, \u00een domeniul social.","breadcrumb":{"@id":"https:\/\/buletin.de\/bucuresti\/sector-2-buget-de-peste-doua-milioane-de-lei-pentru-proiecte-initiate-de-societatea-civila-in-domeniul-social-cine-poate-aplica-pentru-finantare-nerambursabila\/#breadcrumb"},"inLanguage":"en-GB","potentialAction":[{"@type":"ReadAction","target":["https:\/\/buletin.de\/bucuresti\/sector-2-buget-de-peste-doua-milioane-de-lei-pentru-proiecte-initiate-de-societatea-civila-in-domeniul-social-cine-poate-aplica-pentru-finantare-nerambursabila\/"]}]},{"@type":"ImageObject","inLanguage":"en-GB","@id":"https:\/\/buletin.de\/bucuresti\/sector-2-buget-de-peste-doua-milioane-de-lei-pentru-proiecte-initiate-de-societatea-civila-in-domeniul-social-cine-poate-aplica-pentru-finantare-nerambursabila\/#primaryimage","url":"https:\/\/buletin.de\/bucuresti\/wp-content\/uploads\/2026\/08\/Sector-2-peste-doua-milioane-de-lei-proiecte-initiate-de-societatea-civila-in-domeniul-social.jpg","contentUrl":"https:\/\/buletin.de\/bucuresti\/wp-content\/uploads\/2026\/08\/Sector-2-peste-doua-milioane-de-lei-proiecte-initiate-de-societatea-civila-in-domeniul-social.jpg","width":1200,"height":650,"caption":"Foto: Magnific.com"},{"@type":"BreadcrumbList","@id":"https:\/\/buletin.de\/bucuresti\/sector-2-buget-de-peste-doua-milioane-de-lei-pentru-proiecte-initiate-de-societatea-civila-in-domeniul-social-cine-poate-aplica-pentru-finantare-nerambursabila\/#breadcrumb","itemListElement":[{"@type":"ListItem","position":1,"name":"Acas\u0103","item":"https:\/\/buletin.de\/bucuresti\/"},{"@type":"ListItem","position":2,"name":"Sector 2 | Buget de peste dou\u0103 milioane de lei pentru proiecte ini\u021biate de societatea civil\u0103, \u00een domeniul social. Cine poate aplica pentru finan\u021bare nerambursabil\u0103"}]},{"@type":"WebSite","@id":"https:\/\/buletin.de\/bucuresti\/#website","url":"https:\/\/buletin.de\/bucuresti\/","name":"Buletin de Bucure\u0219ti","description":"\u0218tiri \u0219i investiga\u021bii esen\u021biale din capital\u0103","publisher":{"@id":"https:\/\/buletin.de\/bucuresti\/#organization"},"potentialAction":[{"@type":"SearchAction","target":{"@type":"EntryPoint","urlTemplate":"https:\/\/buletin.de\/bucuresti\/?s={search_term_string}"},"query-input":{"@type":"PropertyValueSpecification","valueRequired":true,"valueName":"search_term_string"}}],"inLanguage":"en-GB"},{"@type":"Organization","@id":"https:\/\/buletin.de\/bucuresti\/#organization","name":"Buletin de Bucure\u0219ti","url":"https:\/\/buletin.de\/bucuresti\/","logo":{"@type":"ImageObject","inLanguage":"en-GB","@id":"https:\/\/buletin.de\/bucuresti\/#\/schema\/logo\/image\/","url":"https:\/\/buletin.de\/bucuresti\/wp-content\/uploads\/logo-bdb-full-wide-vernil-transparent.png","contentUrl":"https:\/\/buletin.de\/bucuresti\/wp-content\/uploads\/logo-bdb-full-wide-vernil-transparent.png","width":1782,"height":626,"caption":"Buletin de Bucure\u0219ti"},"image":{"@id":"https:\/\/buletin.de\/bucuresti\/#\/schema\/logo\/image\/"},"sameAs":["https:\/\/www.facebook.com\/buletin.de.buc","https:\/\/www.instagram.com\/buletinde.bucuresti\/"]},{"@type":"Person","@id":"https:\/\/buletin.de\/bucuresti\/#\/schema\/person\/81421a46fb84a0887cfd2238f5202586","name":"Andreea St\u0103n\u0103r\u00eeng\u0103","image":{"@type":"ImageObject","inLanguage":"en-GB","@id":"https:\/\/buletin.de\/bucuresti\/wp-content\/uploads\/2026\/06\/BDB_Andreea_S-1-96x96.jpgb79b6b91f9c59ea2bdedd1d8c093f6b4","url":"https:\/\/buletin.de\/bucuresti\/wp-content\/uploads\/2026\/06\/BDB_Andreea_S-1-96x96.jpg","contentUrl":"https:\/\/buletin.de\/bucuresti\/wp-content\/uploads\/2026\/06\/BDB_Andreea_S-1-96x96.jpg","caption":"Andreea St\u0103n\u0103r\u00eeng\u0103"},"description":"Face parte din echipa Buletin de Bucure\u0219ti din 2025. A colaborat cu c\u00e2teva publica\u021bii, printre care \u0219i Fanatik.ro, unde s-a ocupat de \u0219tiri de lifestyle \u0219i de actualitate. A f\u0103cut un pas c\u0103tre presa local\u0103 pentru a explora Bucure\u0219tiul \u0219i pove\u0219tile care merit\u0103 spuse.","url":"https:\/\/buletin.de\/bucuresti\/author\/andreea-stanaranga\/"}]}},"authors":[{"term_id":23912,"user_id":65,"is_guest":0,"slug":"andreea-stanaranga","display_name":"Andreea St\u0103n\u0103r\u00eeng\u0103","avatar_url":"https:\/\/buletin.de\/bucuresti\/wp-content\/uploads\/2026\/06\/BDB_Andreea_S-1-96x96.jpg","author_category":"1","first_name":"Andreea","last_name":"St\u0103n\u0103r\u00eeng\u0103","user_url":"","job_title":"","description":"Face parte din echipa Buletin de Bucure\u0219ti din 2025. A colaborat cu c\u00e2teva publica\u021bii, printre care \u0219i Fanatik.ro, unde s-a ocupat de \u0219tiri de lifestyle \u0219i de actualitate. A f\u0103cut un pas c\u0103tre presa local\u0103 pentru a explora Bucure\u0219tiul \u0219i pove\u0219tile care merit\u0103 spuse."}],"_links":{"self":[{"href":"https:\/\/buletin.de\/bucuresti\/wp-json\/wp\/v2\/posts\/215090","targetHints":{"allow":["GET"]}}],"collection":[{"href":"https:\/\/buletin.de\/bucuresti\/wp-json\/wp\/v2\/posts"}],"about":[{"href":"https:\/\/buletin.de\/bucuresti\/wp-json\/wp\/v2\/types\/post"}],"author":[{"embeddable":true,"href":"https:\/\/buletin.de\/bucuresti\/wp-json\/wp\/v2\/users\/65"}],"replies":[{"embeddable":true,"href":"https:\/\/buletin.de\/bucuresti\/wp-json\/wp\/v2\/comments?post=215090"}],"version-history":[{"count":8,"href":"https:\/\/buletin.de\/bucuresti\/wp-json\/wp\/v2\/posts\/215090\/revisions"}],"predecessor-version":[{"id":215178,"href":"https:\/\/buletin.de\/bucuresti\/wp-json\/wp\/v2\/posts\/215090\/revisions\/215178"}],"wp:featuredmedia":[{"embeddable":true,"href":"https:\/\/buletin.de\/bucuresti\/wp-json\/wp\/v2\/media\/215101"}],"wp:attachment":[{"href":"https:\/\/buletin.de\/bucuresti\/wp-json\/wp\/v2\/media?parent=215090"}],"wp:term":[{"taxonomy":"category","embeddable":true,"href":"https:\/\/buletin.de\/bucuresti\/wp-json\/wp\/v2\/categories?post=215090"},{"taxonomy":"post_tag","embeddable":true,"href":"https:\/\/buletin.de\/bucuresti\/wp-json\/wp\/v2\/tags?post=215090"},{"taxonomy":"author","embeddable":true,"href":"https:\/\/buletin.de\/bucuresti\/wp-json\/wp\/v2\/ppma_author?post=215090"}],"curies":[{"name":"wp","href":"https:\/\/api.w.org\/{rel}","templated":true}]}}