{"id":215075,"date":"2026-08-31T15:07:30","date_gmt":"2026-08-31T12:07:30","guid":{"rendered":"https:\/\/buletin.de\/bucuresti\/?p=215075"},"modified":"2026-08-31T15:08:12","modified_gmt":"2026-08-31T12:08:12","slug":"sector-4-factura-pentru-lucrarile-de-la-scoala-martisor-de-majoreaza-cu-aproape-2-milioane-de-euro","status":"publish","type":"post","link":"https:\/\/buletin.de\/bucuresti\/sector-4-factura-pentru-lucrarile-de-la-scoala-martisor-de-majoreaza-cu-aproape-2-milioane-de-euro\/","title":{"rendered":"Sector 4 | Factura pentru lucr\u0103rile de la \u0218coala M\u0103r\u021bi\u0219or se majoreaz\u0103 cu aproape 2 milioane de euro"},"content":{"rendered":"\n<p class=\"wp-block-paragraph\"><strong>Valoarea investi\u021biei pentru modernizarea \u0218colii Gimnaziale M\u0103r\u021bi\u0219or, din Sectorul 4, cre\u0219te cu aproape 2 milioane de euro, adic\u0103 <strong>peste 11,5 milioane de lei,<\/strong> potrivit unui <a href=\"https:\/\/ps4.ro\/wp-content\/uploads\/2026\/08\/proiect-nr.141-25.08.2026.pdf\" data-type=\"link\" data-id=\"https:\/\/ps4.ro\/wp-content\/uploads\/2026\/08\/proiect-nr.141-25.08.2026.pdf\" target=\"_blank\" rel=\"noreferrer noopener\">proiect de hot\u0103r\u00e2re<\/a> aflat pe ordinea de zi a Consiliului Local, \u00een \u0219edin\u021ba din 31 august.<\/strong><\/p>\n\n\n\n<p class=\"wp-block-paragraph\"><a href=\"https:\/\/buletin.de\/bucuresti\/elevii-scolii-gimnaziale-martisor-din-sectorul-4-ar-putea-beneficia-de-mese-in-timpul-cursurilor\/\" data-type=\"link\" data-id=\"https:\/\/buletin.de\/bucuresti\/elevii-scolii-gimnaziale-martisor-din-sectorul-4-ar-putea-beneficia-de-mese-in-timpul-cursurilor\/\" target=\"_blank\" rel=\"noreferrer noopener\">\u0218coala Gimnazial\u0103 M\u0103r\u021bi\u0219or<\/a> este situat\u0103 pe strada M\u0103r\u021bi\u0219or nr. 39, iar lucr\u0103rile de modernizare au fost finalizate, potrivit documenta\u021biei proiectului .<\/p>\n\n\n\n<p class=\"wp-block-paragraph\"><strong>CITE\u0218TE \u0218I <a href=\"https:\/\/buletin.de\/bucuresti\/asociere-urgenta-intre-sectorul-4-si-apanova-la-scurt-timp-dupa-validarea-taxei-pe-inundatie-in-cgmb-protocolul-vizeaza-finantarea-unor-lucrari-de-intere\/\" target=\"_blank\" rel=\"noreferrer noopener\">Asociere \u201eurgent\u0103\u201d \u00eentre Sectorul 4 \u0219i ApaNova, la scurt timp dup\u0103 validarea \u201etaxei pe inunda\u021bie\u201d \u00een CGMB. Protocolul vizeaz\u0103 finan\u021barea unor \u201elucr\u0103ri de interes public\u201d<\/a><\/strong><\/p>\n\n\n\n<h2 id=\"h-deviz-actualizat-pentru-lucrarile-de-la-\u0219coala-mar\u021bi\u0219or\" class=\"wp-block-heading\">Deviz actualizat pentru lucr\u0103rile de la \u0218coala M\u0103r\u021bi\u0219or <\/h2>\n\n\n\n<p class=\"wp-block-paragraph\">Proiectul prevede modificarea Hot\u0103r\u00e2rii Consiliului local Sector 4 nr. 156\/27.08.2024, prin care au fost aproba\u021bi indicatorii tehnico-economici pentru obiectivul finan\u021bat prin PNRR, Componenta 15 \u2013 Educa\u021bie.<\/p>\n\n\n\n<p class=\"wp-block-paragraph\">Conform valorilor din actualul proiect de hot\u0103r\u00e2re, valoarea investi\u021biei este de <strong>42.489.719,67 lei cu TVA<\/strong> (8,109,344.16 euro), fa\u021b\u0103 de <strong>30.910.361,11 lei cu TVA<\/strong> (6,266,799.35 euro), c\u00e2t era valoarea \u00een <a href=\"https:\/\/ps4.ro\/wp-content\/uploads\/2024\/09\/H_156.pdf\" data-type=\"link\" data-id=\"https:\/\/ps4.ro\/wp-content\/uploads\/2024\/09\/H_156.pdf\" target=\"_blank\" rel=\"noreferrer noopener\">proiectul aprobat \u00een 2024<\/a>, diferen\u021ba fiind de <strong>11.579.358,56 lei.<\/strong> <\/p>\n\n\n\n<figure class=\"wp-block-image size-large\"><img fetchpriority=\"high\" decoding=\"async\" width=\"1000\" height=\"50\" src=\"data:image\/gif;base64,R0lGODlhAQABAAAAACH5BAEKAAEALAAAAAABAAEAAAICTAEAOw==\" data-src=\"https:\/\/buletin.de\/bucuresti\/wp-content\/uploads\/2026\/08\/image-40-1000x50.png\" alt=\"\" class=\"wp-image-215076 lazyload\" data-sizes=\"auto\" data-srcset=\"https:\/\/buletin.de\/bucuresti\/wp-content\/uploads\/2026\/08\/image-40-1000x50.png 1000w, https:\/\/buletin.de\/bucuresti\/wp-content\/uploads\/2026\/08\/image-40-300x15.png 300w, https:\/\/buletin.de\/bucuresti\/wp-content\/uploads\/2026\/08\/image-40-768x38.png 768w, https:\/\/buletin.de\/bucuresti\/wp-content\/uploads\/2026\/08\/image-40-1100x55.png 1100w, https:\/\/buletin.de\/bucuresti\/wp-content\/uploads\/2026\/08\/image-40-600x30.png 600w, https:\/\/buletin.de\/bucuresti\/wp-content\/uploads\/2026\/08\/image-40-20x1.png 20w, https:\/\/buletin.de\/bucuresti\/wp-content\/uploads\/2026\/08\/image-40.png 1482w\" sizes=\"(max-width: 1000px) 100vw, 1000px\" \/><figcaption class=\"wp-element-caption\">Devizul din 2026<\/figcaption><\/figure>\n\n\n\n<figure class=\"wp-block-image size-large\"><img decoding=\"async\" width=\"1000\" height=\"42\" src=\"data:image\/gif;base64,R0lGODlhAQABAAAAACH5BAEKAAEALAAAAAABAAEAAAICTAEAOw==\" data-src=\"https:\/\/buletin.de\/bucuresti\/wp-content\/uploads\/2026\/08\/image-41-1000x42.png\" alt=\"\" class=\"wp-image-215077 lazyload\" data-sizes=\"auto\" data-srcset=\"https:\/\/buletin.de\/bucuresti\/wp-content\/uploads\/2026\/08\/image-41-1000x42.png 1000w, https:\/\/buletin.de\/bucuresti\/wp-content\/uploads\/2026\/08\/image-41-300x12.png 300w, https:\/\/buletin.de\/bucuresti\/wp-content\/uploads\/2026\/08\/image-41-768x32.png 768w, https:\/\/buletin.de\/bucuresti\/wp-content\/uploads\/2026\/08\/image-41-1100x46.png 1100w, https:\/\/buletin.de\/bucuresti\/wp-content\/uploads\/2026\/08\/image-41-600x25.png 600w, https:\/\/buletin.de\/bucuresti\/wp-content\/uploads\/2026\/08\/image-41-20x1.png 20w, https:\/\/buletin.de\/bucuresti\/wp-content\/uploads\/2026\/08\/image-41.png 1419w\" sizes=\"(max-width: 1000px) 100vw, 1000px\" \/><figcaption class=\"wp-element-caption\">Devizul din 2024<\/figcaption><\/figure>\n\n\n\n<p class=\"wp-block-paragraph\"><strong>Potrivit referatului de aprobare din actualul proiect, lucr\u0103rile de interven\u021bie au fost deja finalizate. Actualizarea devizului este necesar\u0103 pentru a reflecta valorile reale executate \u0219i decontate. <\/strong><\/p>\n\n\n\n<p class=\"wp-block-paragraph\">Totodat\u0103, modificarea este necesar\u0103 \u0219i pentru \u00eenchiderea financiar\u0103 a proiectului \u0219i depunerea cererilor finale de rambursare \u00een cadrul PNRR. Proiectul a presupus m\u0103suri pentru cre\u0219terea eficien\u021bei energetice, modernizarea interioar\u0103 a \u0219colii \u0219i ob\u021binerea autoriza\u021biei de securitate la incendiu.<\/p>\n\n\n\n<p class=\"wp-block-paragraph\"><em>\u201eCa urmare a finaliz\u0103rii execu\u021biei lucr\u0103rilor de interven\u021bie \u0219i \u00een vederea \u00eenchiderii financiare\/depunerii cererilor de rambursare finale, este necesar\u0103 actualizarea Devizului General pentru a transpune valorile reale executate \u015fi decontate, \u00een conformitate cu structura din HG nr. 907\/2016, asigur\u00e2nd corelarea cu sursele de finan\u021bare (PNRR &#8211; buget de stat \/ buget local).<\/em><\/p>\n\n\n\n<p class=\"wp-block-paragraph\"><em>Lu\u00e2nd \u00een considerare cele expuse mai sus, precum \u015fi necesitatea respect\u0103rii cerin\u021belor de raportare \u015fi rambursare din cadrul Ghidului PNRR C15 &#8211; Educa\u021bie este necesar\u0103 modificarea Hot\u0103r\u00e2rii Consiliului Local Sector 4 nr. 156\/27.08.2024.\u201d<\/em>, se men\u021bioneaz\u0103 \u00een referatul de aprobare. <\/p>\n\n\n\n<p class=\"wp-block-paragraph\"><strong>CITE\u0218TE \u0218I <a href=\"https:\/\/buletin.de\/bucuresti\/sectorul-4-vrea-sa-majoreze-de-pana-la-patru-ori-sumele-pentru-copiii-aflati-in-sistemul-de-protectie-speciala-proiectul-la-vot-in-consiliul-local\/\" target=\"_blank\" rel=\"noreferrer noopener\">Sectorul 4 vrea s\u0103 majoreze de p\u00e2n\u0103 la patru ori sumele pentru copiii afla\u021bi \u00een sistemul de protec\u021bie special\u0103. Proiectul, la vot \u00een Consiliul Local<\/a><\/strong><\/p>\n\n\n\n<p class=\"wp-block-paragraph\"><\/p>\n","protected":false},"excerpt":{"rendered":"<p>Valoarea investi\u021biei pentru modernizarea \u0218colii Gimnaziale M\u0103r\u021bi\u0219or, din Sectorul 4, cre\u0219te cu aproape 2 milioane de euro, adic\u0103 peste 11,5 milioane de lei, potrivit unui proiect de hot\u0103r\u00e2re aflat pe ordinea de zi a Consiliului Local, \u00een \u0219edin\u021ba din 31 august. \u0218coala Gimnazial\u0103 M\u0103r\u021bi\u0219or este situat\u0103 pe strada M\u0103r\u021bi\u0219or nr. 39, iar lucr\u0103rile de modernizare [&hellip;]<\/p>\n","protected":false},"author":65,"featured_media":215087,"comment_status":"closed","ping_status":"open","sticky":false,"template":"","format":"standard","meta":{"_acf_changed":false,"inline_featured_image":false,"ngg_post_thumbnail":0,"footnotes":""},"categories":[6994,62],"tags":[8952,12208,4440,482,30499,765],"ppma_author":[23912],"class_list":["post-215075","post","type-post","status-publish","format-standard","has-post-thumbnail","hentry","category-stiri-2","category-stiri","tag-crestere","tag-lucrari-de-modernizare-2","tag-proiect-de-hotarare-2","tag-scoala","tag-scoala-martisor","tag-sector-4"],"acf":[],"a3_pvc":{"activated":false,"total_views":0,"today_views":0},"yoast_head":"<!-- This site is optimized with the Yoast SEO Premium plugin v28.0 (Yoast SEO v28.3) - https:\/\/yoast.com\/product\/yoast-seo-premium-wordpress\/ -->\n<title>Sector 4 | Factura pentru lucr\u0103rile de la \u0218coala M\u0103r\u021bi\u0219or se majoreaz\u0103 cu aproape 2 milioane de euro - Buletin de Bucure\u0219ti<\/title>\n<meta name=\"description\" content=\"Valoarea investi\u021biei pentru modernizarea \u0218colii Gimnaziale M\u0103r\u021bi\u0219or, din Sectorul 4, cre\u0219te aproape 2 milioane de euro.\" \/>\n<meta name=\"robots\" content=\"index, follow, max-snippet:-1, max-image-preview:large, max-video-preview:-1\" \/>\n<link rel=\"canonical\" href=\"https:\/\/buletin.de\/bucuresti\/sector-4-factura-pentru-lucrarile-de-la-scoala-martisor-de-majoreaza-cu-aproape-2-milioane-de-euro\/\" \/>\n<meta property=\"og:locale\" content=\"en_GB\" \/>\n<meta property=\"og:type\" content=\"article\" \/>\n<meta property=\"og:title\" content=\"Sector 4 | Factura pentru lucr\u0103rile de la \u0218coala M\u0103r\u021bi\u0219or se majoreaz\u0103 cu aproape 2 milioane de euro\" \/>\n<meta property=\"og:description\" content=\"Valoarea investi\u021biei pentru modernizarea \u0218colii Gimnaziale M\u0103r\u021bi\u0219or, din Sectorul 4, cre\u0219te aproape 2 milioane de euro.\" \/>\n<meta property=\"og:url\" content=\"https:\/\/buletin.de\/bucuresti\/sector-4-factura-pentru-lucrarile-de-la-scoala-martisor-de-majoreaza-cu-aproape-2-milioane-de-euro\/\" \/>\n<meta property=\"og:site_name\" content=\"Buletin de Bucure\u0219ti\" \/>\n<meta property=\"article:publisher\" content=\"https:\/\/www.facebook.com\/buletin.de.buc\" \/>\n<meta property=\"article:published_time\" content=\"2026-08-31T12:07:30+00:00\" \/>\n<meta property=\"article:modified_time\" content=\"2026-08-31T12:08:12+00:00\" \/>\n<meta property=\"og:image\" content=\"https:\/\/buletin.de\/bucuresti\/wp-content\/uploads\/2026\/08\/Lucrari-Scoala-Martisor-Sector-4.jpg\" \/>\n\t<meta property=\"og:image:width\" content=\"1200\" \/>\n\t<meta property=\"og:image:height\" content=\"650\" \/>\n\t<meta property=\"og:image:type\" content=\"image\/jpeg\" \/>\n<meta name=\"author\" content=\"Andreea St\u0103n\u0103r\u00eeng\u0103\" \/>\n<meta name=\"twitter:card\" content=\"summary_large_image\" \/>\n<meta name=\"twitter:label1\" content=\"Written by\" \/>\n\t<meta name=\"twitter:data1\" content=\"Andreea St\u0103n\u0103r\u00eeng\u0103\" \/>\n\t<meta name=\"twitter:label2\" content=\"Estimated reading time\" \/>\n\t<meta name=\"twitter:data2\" content=\"3 minutes\" \/>\n<script type=\"application\/ld+json\" class=\"yoast-schema-graph\">{\"@context\":\"https:\\\/\\\/schema.org\",\"@graph\":[{\"@type\":\"Article\",\"@id\":\"https:\\\/\\\/buletin.de\\\/bucuresti\\\/sector-4-factura-pentru-lucrarile-de-la-scoala-martisor-de-majoreaza-cu-aproape-2-milioane-de-euro\\\/#article\",\"isPartOf\":{\"@id\":\"https:\\\/\\\/buletin.de\\\/bucuresti\\\/sector-4-factura-pentru-lucrarile-de-la-scoala-martisor-de-majoreaza-cu-aproape-2-milioane-de-euro\\\/\"},\"author\":{\"name\":\"Andreea St\u0103n\u0103r\u00eeng\u0103\",\"@id\":\"https:\\\/\\\/buletin.de\\\/bucuresti\\\/#\\\/schema\\\/person\\\/81421a46fb84a0887cfd2238f5202586\"},\"headline\":\"Sector 4 | Factura pentru lucr\u0103rile de la \u0218coala M\u0103r\u021bi\u0219or se majoreaz\u0103 cu aproape 2 milioane de euro\",\"datePublished\":\"2026-08-31T12:07:30+00:00\",\"dateModified\":\"2026-08-31T12:08:12+00:00\",\"mainEntityOfPage\":{\"@id\":\"https:\\\/\\\/buletin.de\\\/bucuresti\\\/sector-4-factura-pentru-lucrarile-de-la-scoala-martisor-de-majoreaza-cu-aproape-2-milioane-de-euro\\\/\"},\"wordCount\":403,\"publisher\":{\"@id\":\"https:\\\/\\\/buletin.de\\\/bucuresti\\\/#organization\"},\"image\":{\"@id\":\"https:\\\/\\\/buletin.de\\\/bucuresti\\\/sector-4-factura-pentru-lucrarile-de-la-scoala-martisor-de-majoreaza-cu-aproape-2-milioane-de-euro\\\/#primaryimage\"},\"thumbnailUrl\":\"https:\\\/\\\/buletin.de\\\/bucuresti\\\/wp-content\\\/uploads\\\/2026\\\/08\\\/Lucrari-Scoala-Martisor-Sector-4.jpg\",\"keywords\":[\"crestere\",\"lucrari de modernizare\",\"proiect de hotarare\",\"scoala\",\"\u0218coala M\u0103r\u021bi\u0219or\",\"Sector 4\"],\"articleSection\":[\"Articole\",\"\u0218tiri\"],\"inLanguage\":\"en-GB\",\"copyrightYear\":\"2026\",\"copyrightHolder\":{\"@id\":\"https:\\\/\\\/buletin.de\\\/bucuresti\\\/#organization\"}},{\"@type\":\"WebPage\",\"@id\":\"https:\\\/\\\/buletin.de\\\/bucuresti\\\/sector-4-factura-pentru-lucrarile-de-la-scoala-martisor-de-majoreaza-cu-aproape-2-milioane-de-euro\\\/\",\"url\":\"https:\\\/\\\/buletin.de\\\/bucuresti\\\/sector-4-factura-pentru-lucrarile-de-la-scoala-martisor-de-majoreaza-cu-aproape-2-milioane-de-euro\\\/\",\"name\":\"Sector 4 | Factura pentru lucr\u0103rile de la \u0218coala M\u0103r\u021bi\u0219or se majoreaz\u0103 cu aproape 2 milioane de euro - Buletin de Bucure\u0219ti\",\"isPartOf\":{\"@id\":\"https:\\\/\\\/buletin.de\\\/bucuresti\\\/#website\"},\"primaryImageOfPage\":{\"@id\":\"https:\\\/\\\/buletin.de\\\/bucuresti\\\/sector-4-factura-pentru-lucrarile-de-la-scoala-martisor-de-majoreaza-cu-aproape-2-milioane-de-euro\\\/#primaryimage\"},\"image\":{\"@id\":\"https:\\\/\\\/buletin.de\\\/bucuresti\\\/sector-4-factura-pentru-lucrarile-de-la-scoala-martisor-de-majoreaza-cu-aproape-2-milioane-de-euro\\\/#primaryimage\"},\"thumbnailUrl\":\"https:\\\/\\\/buletin.de\\\/bucuresti\\\/wp-content\\\/uploads\\\/2026\\\/08\\\/Lucrari-Scoala-Martisor-Sector-4.jpg\",\"datePublished\":\"2026-08-31T12:07:30+00:00\",\"dateModified\":\"2026-08-31T12:08:12+00:00\",\"description\":\"Valoarea investi\u021biei pentru modernizarea \u0218colii Gimnaziale M\u0103r\u021bi\u0219or, din Sectorul 4, cre\u0219te aproape 2 milioane de euro.\",\"breadcrumb\":{\"@id\":\"https:\\\/\\\/buletin.de\\\/bucuresti\\\/sector-4-factura-pentru-lucrarile-de-la-scoala-martisor-de-majoreaza-cu-aproape-2-milioane-de-euro\\\/#breadcrumb\"},\"inLanguage\":\"en-GB\",\"potentialAction\":[{\"@type\":\"ReadAction\",\"target\":[\"https:\\\/\\\/buletin.de\\\/bucuresti\\\/sector-4-factura-pentru-lucrarile-de-la-scoala-martisor-de-majoreaza-cu-aproape-2-milioane-de-euro\\\/\"]}]},{\"@type\":\"ImageObject\",\"inLanguage\":\"en-GB\",\"@id\":\"https:\\\/\\\/buletin.de\\\/bucuresti\\\/sector-4-factura-pentru-lucrarile-de-la-scoala-martisor-de-majoreaza-cu-aproape-2-milioane-de-euro\\\/#primaryimage\",\"url\":\"https:\\\/\\\/buletin.de\\\/bucuresti\\\/wp-content\\\/uploads\\\/2026\\\/08\\\/Lucrari-Scoala-Martisor-Sector-4.jpg\",\"contentUrl\":\"https:\\\/\\\/buletin.de\\\/bucuresti\\\/wp-content\\\/uploads\\\/2026\\\/08\\\/Lucrari-Scoala-Martisor-Sector-4.jpg\",\"width\":1200,\"height\":650,\"caption\":\"Foto: Google Maps\"},{\"@type\":\"BreadcrumbList\",\"@id\":\"https:\\\/\\\/buletin.de\\\/bucuresti\\\/sector-4-factura-pentru-lucrarile-de-la-scoala-martisor-de-majoreaza-cu-aproape-2-milioane-de-euro\\\/#breadcrumb\",\"itemListElement\":[{\"@type\":\"ListItem\",\"position\":1,\"name\":\"Acas\u0103\",\"item\":\"https:\\\/\\\/buletin.de\\\/bucuresti\\\/\"},{\"@type\":\"ListItem\",\"position\":2,\"name\":\"Sector 4 | Factura pentru lucr\u0103rile de la \u0218coala M\u0103r\u021bi\u0219or se majoreaz\u0103 cu aproape 2 milioane de euro\"}]},{\"@type\":\"WebSite\",\"@id\":\"https:\\\/\\\/buletin.de\\\/bucuresti\\\/#website\",\"url\":\"https:\\\/\\\/buletin.de\\\/bucuresti\\\/\",\"name\":\"Buletin de Bucure\u0219ti\",\"description\":\"\u0218tiri \u0219i investiga\u021bii esen\u021biale din capital\u0103\",\"publisher\":{\"@id\":\"https:\\\/\\\/buletin.de\\\/bucuresti\\\/#organization\"},\"potentialAction\":[{\"@type\":\"SearchAction\",\"target\":{\"@type\":\"EntryPoint\",\"urlTemplate\":\"https:\\\/\\\/buletin.de\\\/bucuresti\\\/?s={search_term_string}\"},\"query-input\":{\"@type\":\"PropertyValueSpecification\",\"valueRequired\":true,\"valueName\":\"search_term_string\"}}],\"inLanguage\":\"en-GB\"},{\"@type\":\"Organization\",\"@id\":\"https:\\\/\\\/buletin.de\\\/bucuresti\\\/#organization\",\"name\":\"Buletin de Bucure\u0219ti\",\"url\":\"https:\\\/\\\/buletin.de\\\/bucuresti\\\/\",\"logo\":{\"@type\":\"ImageObject\",\"inLanguage\":\"en-GB\",\"@id\":\"https:\\\/\\\/buletin.de\\\/bucuresti\\\/#\\\/schema\\\/logo\\\/image\\\/\",\"url\":\"https:\\\/\\\/buletin.de\\\/bucuresti\\\/wp-content\\\/uploads\\\/logo-bdb-full-wide-vernil-transparent.png\",\"contentUrl\":\"https:\\\/\\\/buletin.de\\\/bucuresti\\\/wp-content\\\/uploads\\\/logo-bdb-full-wide-vernil-transparent.png\",\"width\":1782,\"height\":626,\"caption\":\"Buletin de Bucure\u0219ti\"},\"image\":{\"@id\":\"https:\\\/\\\/buletin.de\\\/bucuresti\\\/#\\\/schema\\\/logo\\\/image\\\/\"},\"sameAs\":[\"https:\\\/\\\/www.facebook.com\\\/buletin.de.buc\",\"https:\\\/\\\/www.instagram.com\\\/buletinde.bucuresti\\\/\"]},{\"@type\":\"Person\",\"@id\":\"https:\\\/\\\/buletin.de\\\/bucuresti\\\/#\\\/schema\\\/person\\\/81421a46fb84a0887cfd2238f5202586\",\"name\":\"Andreea St\u0103n\u0103r\u00eeng\u0103\",\"image\":{\"@type\":\"ImageObject\",\"inLanguage\":\"en-GB\",\"@id\":\"https:\\\/\\\/buletin.de\\\/bucuresti\\\/wp-content\\\/uploads\\\/2026\\\/06\\\/BDB_Andreea_S-1-96x96.jpgb79b6b91f9c59ea2bdedd1d8c093f6b4\",\"url\":\"https:\\\/\\\/buletin.de\\\/bucuresti\\\/wp-content\\\/uploads\\\/2026\\\/06\\\/BDB_Andreea_S-1-96x96.jpg\",\"contentUrl\":\"https:\\\/\\\/buletin.de\\\/bucuresti\\\/wp-content\\\/uploads\\\/2026\\\/06\\\/BDB_Andreea_S-1-96x96.jpg\",\"caption\":\"Andreea St\u0103n\u0103r\u00eeng\u0103\"},\"description\":\"Face parte din echipa Buletin de Bucure\u0219ti din 2025. A colaborat cu c\u00e2teva publica\u021bii, printre care \u0219i Fanatik.ro, unde s-a ocupat de \u0219tiri de lifestyle \u0219i de actualitate. A f\u0103cut un pas c\u0103tre presa local\u0103 pentru a explora Bucure\u0219tiul \u0219i pove\u0219tile care merit\u0103 spuse.\",\"url\":\"https:\\\/\\\/buletin.de\\\/bucuresti\\\/author\\\/andreea-stanaranga\\\/\"}]}<\/script>\n<!-- \/ Yoast SEO Premium plugin. -->","yoast_head_json":{"title":"Sector 4 | Factura pentru lucr\u0103rile de la \u0218coala M\u0103r\u021bi\u0219or se majoreaz\u0103 cu aproape 2 milioane de euro - Buletin de Bucure\u0219ti","description":"Valoarea investi\u021biei pentru modernizarea \u0218colii Gimnaziale M\u0103r\u021bi\u0219or, din Sectorul 4, cre\u0219te aproape 2 milioane de euro.","robots":{"index":"index","follow":"follow","max-snippet":"max-snippet:-1","max-image-preview":"max-image-preview:large","max-video-preview":"max-video-preview:-1"},"canonical":"https:\/\/buletin.de\/bucuresti\/sector-4-factura-pentru-lucrarile-de-la-scoala-martisor-de-majoreaza-cu-aproape-2-milioane-de-euro\/","og_locale":"en_GB","og_type":"article","og_title":"Sector 4 | Factura pentru lucr\u0103rile de la \u0218coala M\u0103r\u021bi\u0219or se majoreaz\u0103 cu aproape 2 milioane de euro","og_description":"Valoarea investi\u021biei pentru modernizarea \u0218colii Gimnaziale M\u0103r\u021bi\u0219or, din Sectorul 4, cre\u0219te aproape 2 milioane de euro.","og_url":"https:\/\/buletin.de\/bucuresti\/sector-4-factura-pentru-lucrarile-de-la-scoala-martisor-de-majoreaza-cu-aproape-2-milioane-de-euro\/","og_site_name":"Buletin de Bucure\u0219ti","article_publisher":"https:\/\/www.facebook.com\/buletin.de.buc","article_published_time":"2026-08-31T12:07:30+00:00","article_modified_time":"2026-08-31T12:08:12+00:00","og_image":[{"width":1200,"height":650,"url":"https:\/\/buletin.de\/bucuresti\/wp-content\/uploads\/2026\/08\/Lucrari-Scoala-Martisor-Sector-4.jpg","type":"image\/jpeg"}],"author":"Andreea St\u0103n\u0103r\u00eeng\u0103","twitter_card":"summary_large_image","twitter_misc":{"Written by":"Andreea St\u0103n\u0103r\u00eeng\u0103","Estimated reading time":"3 minutes"},"schema":{"@context":"https:\/\/schema.org","@graph":[{"@type":"Article","@id":"https:\/\/buletin.de\/bucuresti\/sector-4-factura-pentru-lucrarile-de-la-scoala-martisor-de-majoreaza-cu-aproape-2-milioane-de-euro\/#article","isPartOf":{"@id":"https:\/\/buletin.de\/bucuresti\/sector-4-factura-pentru-lucrarile-de-la-scoala-martisor-de-majoreaza-cu-aproape-2-milioane-de-euro\/"},"author":{"name":"Andreea St\u0103n\u0103r\u00eeng\u0103","@id":"https:\/\/buletin.de\/bucuresti\/#\/schema\/person\/81421a46fb84a0887cfd2238f5202586"},"headline":"Sector 4 | Factura pentru lucr\u0103rile de la \u0218coala M\u0103r\u021bi\u0219or se majoreaz\u0103 cu aproape 2 milioane de euro","datePublished":"2026-08-31T12:07:30+00:00","dateModified":"2026-08-31T12:08:12+00:00","mainEntityOfPage":{"@id":"https:\/\/buletin.de\/bucuresti\/sector-4-factura-pentru-lucrarile-de-la-scoala-martisor-de-majoreaza-cu-aproape-2-milioane-de-euro\/"},"wordCount":403,"publisher":{"@id":"https:\/\/buletin.de\/bucuresti\/#organization"},"image":{"@id":"https:\/\/buletin.de\/bucuresti\/sector-4-factura-pentru-lucrarile-de-la-scoala-martisor-de-majoreaza-cu-aproape-2-milioane-de-euro\/#primaryimage"},"thumbnailUrl":"https:\/\/buletin.de\/bucuresti\/wp-content\/uploads\/2026\/08\/Lucrari-Scoala-Martisor-Sector-4.jpg","keywords":["crestere","lucrari de modernizare","proiect de hotarare","scoala","\u0218coala M\u0103r\u021bi\u0219or","Sector 4"],"articleSection":["Articole","\u0218tiri"],"inLanguage":"en-GB","copyrightYear":"2026","copyrightHolder":{"@id":"https:\/\/buletin.de\/bucuresti\/#organization"}},{"@type":"WebPage","@id":"https:\/\/buletin.de\/bucuresti\/sector-4-factura-pentru-lucrarile-de-la-scoala-martisor-de-majoreaza-cu-aproape-2-milioane-de-euro\/","url":"https:\/\/buletin.de\/bucuresti\/sector-4-factura-pentru-lucrarile-de-la-scoala-martisor-de-majoreaza-cu-aproape-2-milioane-de-euro\/","name":"Sector 4 | Factura pentru lucr\u0103rile de la \u0218coala M\u0103r\u021bi\u0219or se majoreaz\u0103 cu aproape 2 milioane de euro - Buletin de Bucure\u0219ti","isPartOf":{"@id":"https:\/\/buletin.de\/bucuresti\/#website"},"primaryImageOfPage":{"@id":"https:\/\/buletin.de\/bucuresti\/sector-4-factura-pentru-lucrarile-de-la-scoala-martisor-de-majoreaza-cu-aproape-2-milioane-de-euro\/#primaryimage"},"image":{"@id":"https:\/\/buletin.de\/bucuresti\/sector-4-factura-pentru-lucrarile-de-la-scoala-martisor-de-majoreaza-cu-aproape-2-milioane-de-euro\/#primaryimage"},"thumbnailUrl":"https:\/\/buletin.de\/bucuresti\/wp-content\/uploads\/2026\/08\/Lucrari-Scoala-Martisor-Sector-4.jpg","datePublished":"2026-08-31T12:07:30+00:00","dateModified":"2026-08-31T12:08:12+00:00","description":"Valoarea investi\u021biei pentru modernizarea \u0218colii Gimnaziale M\u0103r\u021bi\u0219or, din Sectorul 4, cre\u0219te aproape 2 milioane de euro.","breadcrumb":{"@id":"https:\/\/buletin.de\/bucuresti\/sector-4-factura-pentru-lucrarile-de-la-scoala-martisor-de-majoreaza-cu-aproape-2-milioane-de-euro\/#breadcrumb"},"inLanguage":"en-GB","potentialAction":[{"@type":"ReadAction","target":["https:\/\/buletin.de\/bucuresti\/sector-4-factura-pentru-lucrarile-de-la-scoala-martisor-de-majoreaza-cu-aproape-2-milioane-de-euro\/"]}]},{"@type":"ImageObject","inLanguage":"en-GB","@id":"https:\/\/buletin.de\/bucuresti\/sector-4-factura-pentru-lucrarile-de-la-scoala-martisor-de-majoreaza-cu-aproape-2-milioane-de-euro\/#primaryimage","url":"https:\/\/buletin.de\/bucuresti\/wp-content\/uploads\/2026\/08\/Lucrari-Scoala-Martisor-Sector-4.jpg","contentUrl":"https:\/\/buletin.de\/bucuresti\/wp-content\/uploads\/2026\/08\/Lucrari-Scoala-Martisor-Sector-4.jpg","width":1200,"height":650,"caption":"Foto: Google Maps"},{"@type":"BreadcrumbList","@id":"https:\/\/buletin.de\/bucuresti\/sector-4-factura-pentru-lucrarile-de-la-scoala-martisor-de-majoreaza-cu-aproape-2-milioane-de-euro\/#breadcrumb","itemListElement":[{"@type":"ListItem","position":1,"name":"Acas\u0103","item":"https:\/\/buletin.de\/bucuresti\/"},{"@type":"ListItem","position":2,"name":"Sector 4 | Factura pentru lucr\u0103rile de la \u0218coala M\u0103r\u021bi\u0219or se majoreaz\u0103 cu aproape 2 milioane de euro"}]},{"@type":"WebSite","@id":"https:\/\/buletin.de\/bucuresti\/#website","url":"https:\/\/buletin.de\/bucuresti\/","name":"Buletin de Bucure\u0219ti","description":"\u0218tiri \u0219i investiga\u021bii esen\u021biale din capital\u0103","publisher":{"@id":"https:\/\/buletin.de\/bucuresti\/#organization"},"potentialAction":[{"@type":"SearchAction","target":{"@type":"EntryPoint","urlTemplate":"https:\/\/buletin.de\/bucuresti\/?s={search_term_string}"},"query-input":{"@type":"PropertyValueSpecification","valueRequired":true,"valueName":"search_term_string"}}],"inLanguage":"en-GB"},{"@type":"Organization","@id":"https:\/\/buletin.de\/bucuresti\/#organization","name":"Buletin de Bucure\u0219ti","url":"https:\/\/buletin.de\/bucuresti\/","logo":{"@type":"ImageObject","inLanguage":"en-GB","@id":"https:\/\/buletin.de\/bucuresti\/#\/schema\/logo\/image\/","url":"https:\/\/buletin.de\/bucuresti\/wp-content\/uploads\/logo-bdb-full-wide-vernil-transparent.png","contentUrl":"https:\/\/buletin.de\/bucuresti\/wp-content\/uploads\/logo-bdb-full-wide-vernil-transparent.png","width":1782,"height":626,"caption":"Buletin de Bucure\u0219ti"},"image":{"@id":"https:\/\/buletin.de\/bucuresti\/#\/schema\/logo\/image\/"},"sameAs":["https:\/\/www.facebook.com\/buletin.de.buc","https:\/\/www.instagram.com\/buletinde.bucuresti\/"]},{"@type":"Person","@id":"https:\/\/buletin.de\/bucuresti\/#\/schema\/person\/81421a46fb84a0887cfd2238f5202586","name":"Andreea St\u0103n\u0103r\u00eeng\u0103","image":{"@type":"ImageObject","inLanguage":"en-GB","@id":"https:\/\/buletin.de\/bucuresti\/wp-content\/uploads\/2026\/06\/BDB_Andreea_S-1-96x96.jpgb79b6b91f9c59ea2bdedd1d8c093f6b4","url":"https:\/\/buletin.de\/bucuresti\/wp-content\/uploads\/2026\/06\/BDB_Andreea_S-1-96x96.jpg","contentUrl":"https:\/\/buletin.de\/bucuresti\/wp-content\/uploads\/2026\/06\/BDB_Andreea_S-1-96x96.jpg","caption":"Andreea St\u0103n\u0103r\u00eeng\u0103"},"description":"Face parte din echipa Buletin de Bucure\u0219ti din 2025. A colaborat cu c\u00e2teva publica\u021bii, printre care \u0219i Fanatik.ro, unde s-a ocupat de \u0219tiri de lifestyle \u0219i de actualitate. A f\u0103cut un pas c\u0103tre presa local\u0103 pentru a explora Bucure\u0219tiul \u0219i pove\u0219tile care merit\u0103 spuse.","url":"https:\/\/buletin.de\/bucuresti\/author\/andreea-stanaranga\/"}]}},"authors":[{"term_id":23912,"user_id":65,"is_guest":0,"slug":"andreea-stanaranga","display_name":"Andreea St\u0103n\u0103r\u00eeng\u0103","avatar_url":"https:\/\/buletin.de\/bucuresti\/wp-content\/uploads\/2026\/06\/BDB_Andreea_S-1-96x96.jpg","author_category":"1","first_name":"Andreea","last_name":"St\u0103n\u0103r\u00eeng\u0103","user_url":"","job_title":"","description":"Face parte din echipa Buletin de Bucure\u0219ti din 2025. A colaborat cu c\u00e2teva publica\u021bii, printre care \u0219i Fanatik.ro, unde s-a ocupat de \u0219tiri de lifestyle \u0219i de actualitate. A f\u0103cut un pas c\u0103tre presa local\u0103 pentru a explora Bucure\u0219tiul \u0219i pove\u0219tile care merit\u0103 spuse."}],"_links":{"self":[{"href":"https:\/\/buletin.de\/bucuresti\/wp-json\/wp\/v2\/posts\/215075","targetHints":{"allow":["GET"]}}],"collection":[{"href":"https:\/\/buletin.de\/bucuresti\/wp-json\/wp\/v2\/posts"}],"about":[{"href":"https:\/\/buletin.de\/bucuresti\/wp-json\/wp\/v2\/types\/post"}],"author":[{"embeddable":true,"href":"https:\/\/buletin.de\/bucuresti\/wp-json\/wp\/v2\/users\/65"}],"replies":[{"embeddable":true,"href":"https:\/\/buletin.de\/bucuresti\/wp-json\/wp\/v2\/comments?post=215075"}],"version-history":[{"count":10,"href":"https:\/\/buletin.de\/bucuresti\/wp-json\/wp\/v2\/posts\/215075\/revisions"}],"predecessor-version":[{"id":215095,"href":"https:\/\/buletin.de\/bucuresti\/wp-json\/wp\/v2\/posts\/215075\/revisions\/215095"}],"wp:featuredmedia":[{"embeddable":true,"href":"https:\/\/buletin.de\/bucuresti\/wp-json\/wp\/v2\/media\/215087"}],"wp:attachment":[{"href":"https:\/\/buletin.de\/bucuresti\/wp-json\/wp\/v2\/media?parent=215075"}],"wp:term":[{"taxonomy":"category","embeddable":true,"href":"https:\/\/buletin.de\/bucuresti\/wp-json\/wp\/v2\/categories?post=215075"},{"taxonomy":"post_tag","embeddable":true,"href":"https:\/\/buletin.de\/bucuresti\/wp-json\/wp\/v2\/tags?post=215075"},{"taxonomy":"author","embeddable":true,"href":"https:\/\/buletin.de\/bucuresti\/wp-json\/wp\/v2\/ppma_author?post=215075"}],"curies":[{"name":"wp","href":"https:\/\/api.w.org\/{rel}","templated":true}]}}