{"id":215015,"date":"2026-08-31T07:10:27","date_gmt":"2026-08-31T04:10:27","guid":{"rendered":"https:\/\/buletin.de\/bucuresti\/?p=215015"},"modified":"2026-08-31T07:10:30","modified_gmt":"2026-08-31T04:10:30","slug":"sectorul-4-vrea-sa-majoreze-de-pana-la-patru-ori-sumele-pentru-copiii-aflati-in-sistemul-de-protectie-speciala-proiectul-la-vot-in-consiliul-local","status":"publish","type":"post","link":"https:\/\/buletin.de\/bucuresti\/sectorul-4-vrea-sa-majoreze-de-pana-la-patru-ori-sumele-pentru-copiii-aflati-in-sistemul-de-protectie-speciala-proiectul-la-vot-in-consiliul-local\/","title":{"rendered":"Sectorul 4 vrea s\u0103 majoreze de p\u00e2n\u0103 la patru ori sumele pentru copiii afla\u021bi \u00een sistemul de protec\u021bie special\u0103. Proiectul, la vot \u00een Consiliul Local"},"content":{"rendered":"\n<p class=\"wp-block-paragraph\"><strong>Copiii afla\u021bi \u00een sistemul de protec\u021bie social\u0103 din Sectorul 4 ar putea beneficia de sume de p\u00e2n\u0103 la patru ori mai mari fa\u021b\u0103 de minimul impus de lege pentru acoperirea necesarului de bunuri de uz personal \u0219i educa\u021bional, potrivit unui <a href=\"https:\/\/ps4.ro\/wp-content\/uploads\/2026\/08\/Pr-hot-145-af.pdf\" data-type=\"link\" data-id=\"https:\/\/ps4.ro\/wp-content\/uploads\/2026\/08\/Pr-hot-145-af.pdf\" target=\"_blank\" rel=\"noreferrer noopener\">proiect de hot\u0103r\u00e2re <\/a>aflat pe ordinea de zi a \u0219edin\u021bei Consiliului Local. Sunt vizate \u0219i mamele protejate din centrele maternale.<\/strong><\/p>\n\n\n\n<p class=\"wp-block-paragraph\"><strong>Proiectul propune stabilirea unui cuantum de 2.400 de lei pe an per copil \u0219i mama protejat\u0103 \u00een centru maternal<\/strong>.<\/p>\n\n\n\n<p class=\"wp-block-paragraph\"><strong>CITE\u0218TE \u0218I <a href=\"https:\/\/buletin.de\/bucuresti\/prescolarii-de-la-gradinita-269-ar-putea-invata-inca-un-an-in-deplasare-lucrarile-de-renovare-i-au-fortat-sa-se-mute-inca-din-2019\/\" target=\"_blank\" rel=\"noreferrer noopener\">Pre\u0219colarii de la Gr\u0103dini\u021ba 269 ar putea \u00eenv\u0103\u021ba \u00eenc\u0103 un an \u201e\u00een deplasare\u201d. Lucr\u0103rile de renovare i-au for\u021bat s\u0103 se mute \u00eenc\u0103 din 2019<\/a><\/strong><\/p>\n\n\n\n<h2 id=\"h-sume-de-pana-la-patru-ori-mai-mari-pentru-copiii-din-sistemul-de-protec\u021bie-speciala\" class=\"wp-block-heading\">Sume de p\u00e2n\u0103 la patru ori mai mari pentru copiii din sistemul de protec\u021bie special\u0103<\/h2>\n\n\n\n<p class=\"wp-block-paragraph\">\u00cen prezent, limitele minime prev\u0103zute de HG nr. 838\/2022 sunt cuprinse \u00eentre 580 \u0219i 1.338 de lei pe an, \u00een func\u021bie de v\u00e2rsta beneficiarului.<\/p>\n\n\n\n<p class=\"wp-block-paragraph\">Pentru copiii cu v\u00e2rste \u00eentre 0 \u0219i 2 ani, limita este de 580 de lei, \u00een timp ce pentru cei cu v\u00e2rsta \u00een intervalul 3-6 ani este de 789 de lei. \u00cen cazul copiilor cu v\u00e2rsta cuprins\u0103 \u00eentre 7 \u0219i 13 ani, suma minim\u0103 este de 968 de lei, iar pentru adolescen\u021bii cu v\u00e2rsta in intervalul 14 &#8211; 17 ani ajunge la 1.195 de lei. <\/p>\n\n\n\n<p class=\"wp-block-paragraph\">De asemenea, pentru tinerii cu v\u00e2rste cuprinse \u00eentre 18 \u0219i 26 de ani \u0219i pentru mamele protejate \u00een centre maternale, limita este de 1.338 de lei pe an.<\/p>\n\n\n\n<p class=\"wp-block-paragraph\"><strong>Prin proiectul propus, beneficiarii din toate categoriile ar urma s\u0103 beneficieze de suma de 2.400 de lei pe an. Cea mai mare diferen\u021b\u0103 este \u00een cazul copiilor de p\u00e2n\u0103 la 2 ani, pentru care majorarea fa\u021b\u0103 de limita actual\u0103 este de 1.820 lei anual, potrivit tabelului anexat documentului. <\/strong><\/p>\n\n\n\n<figure class=\"wp-block-image size-full\"><img fetchpriority=\"high\" decoding=\"async\" width=\"997\" height=\"410\" src=\"data:image\/gif;base64,R0lGODlhAQABAAAAACH5BAEKAAEALAAAAAABAAEAAAICTAEAOw==\" data-src=\"https:\/\/buletin.de\/bucuresti\/wp-content\/uploads\/2026\/08\/image-39.png\" alt=\"\" class=\"wp-image-215027 lazyload\" data-sizes=\"auto\" data-srcset=\"https:\/\/buletin.de\/bucuresti\/wp-content\/uploads\/2026\/08\/image-39.png 997w, https:\/\/buletin.de\/bucuresti\/wp-content\/uploads\/2026\/08\/image-39-300x123.png 300w, https:\/\/buletin.de\/bucuresti\/wp-content\/uploads\/2026\/08\/image-39-768x316.png 768w, https:\/\/buletin.de\/bucuresti\/wp-content\/uploads\/2026\/08\/image-39-600x247.png 600w, https:\/\/buletin.de\/bucuresti\/wp-content\/uploads\/2026\/08\/image-39-20x8.png 20w\" sizes=\"(max-width: 997px) 100vw, 997px\" \/><\/figure>\n\n\n\n<p class=\"wp-block-paragraph\"><strong>Reprezentan\u021bii Direc\u021biei Generale de Asisten\u021b\u0103 Social\u0103 \u0219i Protec\u021bia Copilului (DGASPC) Sector 4 justific\u0103 propunerea major\u0103rii prin cre\u0219terea pre\u021burilor \u0219i infla\u021bie. <\/strong><\/p>\n\n\n\n<p class=\"wp-block-paragraph\">De asemenea, ace\u0219tia motiveaz\u0103 c\u0103 necesarul copiilor difer\u0103 \u00een func\u021bie de v\u00e2rsta \u0219i sexul copilului, starea de s\u0103n\u0103tate \u015fi eventualele afec\u021biuni asociate, nivelul de dezvoltare \u015fi nevoile educa\u021bionale, activit\u0103\u021bile \u015fcolare, recreative \u015fi de socializare \u0219i condi\u021biile sezoniere \u015fi necesit\u0103\u021bile de \u00eenlocuire periodic\u0103 a bunurilor de uz personal.<\/p>\n\n\n\n<p class=\"wp-block-paragraph\"><em>\u201eNecesitatea aprob\u0103rii prezentului proiect rezult\u0103 \u015fi din obliga\u021bia institu\u021biei de a asigura continuitatea furniz\u0103rii bunurilor de uz personal \u015fi educa\u021bional pentru copiii beneficiari, \u00een condi\u021bii de legalitate, eficien\u021b\u0103 \u015fi transparen\u021b\u0103 administrativ\u0103.\u201d<\/em>, se men\u021bioneaz\u0103 \u00een referatul de aprobare. <\/p>\n\n\n\n<p class=\"wp-block-paragraph\"><strong>CITE\u0218TE \u0218I <a href=\"https:\/\/buletin.de\/bucuresti\/sistem-extins-de-supraveghere-video-in-sectorul-5-pe-masa-consilierilor-locali-investitia-ajunge-la-aproape-16-milioane-de-euro\/\" target=\"_blank\" rel=\"noreferrer noopener\">Sistem extins de supraveghere video \u00een Sectorul 5, pe masa consilierilor locali. Investi\u021bia ajunge la aproape 16 milioane de euro<\/a><\/strong><\/p>\n","protected":false},"excerpt":{"rendered":"<p>Copiii afla\u021bi \u00een sistemul de protec\u021bie social\u0103 din Sectorul 4 ar putea beneficia de sume de p\u00e2n\u0103 la patru ori mai mari fa\u021b\u0103 de minimul impus de lege pentru acoperirea necesarului de bunuri de uz personal \u0219i educa\u021bional, potrivit unui proiect de hot\u0103r\u00e2re aflat pe ordinea de zi a \u0219edin\u021bei Consiliului Local. Sunt vizate \u0219i [&hellip;]<\/p>\n","protected":false},"author":65,"featured_media":215037,"comment_status":"closed","ping_status":"open","sticky":false,"template":"","format":"standard","meta":{"_acf_changed":false,"inline_featured_image":false,"ngg_post_thumbnail":0,"footnotes":""},"categories":[6994,24,62],"tags":[226,27912,3776,521,765,30493],"ppma_author":[23912],"class_list":["post-215015","post","type-post","status-publish","format-standard","has-post-thumbnail","hentry","category-stiri-2","category-primarie","category-stiri","tag-copii","tag-copii-protejati","tag-dgaspc-sector-4","tag-proiect","tag-sector-4","tag-sume-mai-mari"],"acf":[],"a3_pvc":{"activated":false,"total_views":0,"today_views":0},"yoast_head":"<!-- This site is optimized with the Yoast SEO Premium plugin v28.0 (Yoast SEO v28.3) - https:\/\/yoast.com\/product\/yoast-seo-premium-wordpress\/ -->\n<title>Sectorul 4 vrea s\u0103 majoreze de p\u00e2n\u0103 la patru ori sumele pentru copiii afla\u021bi \u00een sistemul de protec\u021bie special\u0103. Proiectul, la vot \u00een Consiliul Local - Buletin de Bucure\u0219ti<\/title>\n<meta name=\"description\" content=\"Copiii afla\u021bi \u00een sistemul de protec\u021bie social\u0103 din Sectorul 4 ar putea beneficia de sume de p\u00e2n\u0103 la patru ori mai mari.\" \/>\n<meta name=\"robots\" content=\"index, follow, max-snippet:-1, max-image-preview:large, max-video-preview:-1\" \/>\n<link rel=\"canonical\" href=\"https:\/\/buletin.de\/bucuresti\/sectorul-4-vrea-sa-majoreze-de-pana-la-patru-ori-sumele-pentru-copiii-aflati-in-sistemul-de-protectie-speciala-proiectul-la-vot-in-consiliul-local\/\" \/>\n<meta property=\"og:locale\" content=\"en_GB\" \/>\n<meta property=\"og:type\" content=\"article\" \/>\n<meta property=\"og:title\" content=\"Sectorul 4 vrea s\u0103 majoreze de p\u00e2n\u0103 la patru ori sumele pentru copiii afla\u021bi \u00een sistemul de protec\u021bie special\u0103. Proiectul, la vot \u00een Consiliul Local\" \/>\n<meta property=\"og:description\" content=\"Copiii afla\u021bi \u00een sistemul de protec\u021bie social\u0103 din Sectorul 4 ar putea beneficia de sume de p\u00e2n\u0103 la patru ori mai mari.\" \/>\n<meta property=\"og:url\" content=\"https:\/\/buletin.de\/bucuresti\/sectorul-4-vrea-sa-majoreze-de-pana-la-patru-ori-sumele-pentru-copiii-aflati-in-sistemul-de-protectie-speciala-proiectul-la-vot-in-consiliul-local\/\" \/>\n<meta property=\"og:site_name\" content=\"Buletin de Bucure\u0219ti\" \/>\n<meta property=\"article:publisher\" content=\"https:\/\/www.facebook.com\/buletin.de.buc\" \/>\n<meta property=\"article:published_time\" content=\"2026-08-31T04:10:27+00:00\" \/>\n<meta property=\"article:modified_time\" content=\"2026-08-31T04:10:30+00:00\" \/>\n<meta property=\"og:image\" content=\"https:\/\/buletin.de\/bucuresti\/wp-content\/uploads\/2026\/08\/De-pama-la-patru-ori-mai-multi-bani-pentru-copiii-din-sistemul-de-protectie-speciala-Sector-4.jpg\" \/>\n\t<meta property=\"og:image:width\" content=\"1200\" \/>\n\t<meta property=\"og:image:height\" content=\"650\" \/>\n\t<meta property=\"og:image:type\" content=\"image\/jpeg\" \/>\n<meta name=\"author\" content=\"Andreea St\u0103n\u0103r\u00eeng\u0103\" \/>\n<meta name=\"twitter:card\" content=\"summary_large_image\" \/>\n<meta name=\"twitter:label1\" content=\"Written by\" \/>\n\t<meta name=\"twitter:data1\" content=\"Andreea St\u0103n\u0103r\u00eeng\u0103\" \/>\n\t<meta name=\"twitter:label2\" content=\"Estimated reading time\" \/>\n\t<meta name=\"twitter:data2\" content=\"3 minutes\" \/>\n<script type=\"application\/ld+json\" class=\"yoast-schema-graph\">{\"@context\":\"https:\\\/\\\/schema.org\",\"@graph\":[{\"@type\":\"Article\",\"@id\":\"https:\\\/\\\/buletin.de\\\/bucuresti\\\/sectorul-4-vrea-sa-majoreze-de-pana-la-patru-ori-sumele-pentru-copiii-aflati-in-sistemul-de-protectie-speciala-proiectul-la-vot-in-consiliul-local\\\/#article\",\"isPartOf\":{\"@id\":\"https:\\\/\\\/buletin.de\\\/bucuresti\\\/sectorul-4-vrea-sa-majoreze-de-pana-la-patru-ori-sumele-pentru-copiii-aflati-in-sistemul-de-protectie-speciala-proiectul-la-vot-in-consiliul-local\\\/\"},\"author\":{\"name\":\"Andreea St\u0103n\u0103r\u00eeng\u0103\",\"@id\":\"https:\\\/\\\/buletin.de\\\/bucuresti\\\/#\\\/schema\\\/person\\\/81421a46fb84a0887cfd2238f5202586\"},\"headline\":\"Sectorul 4 vrea s\u0103 majoreze de p\u00e2n\u0103 la patru ori sumele pentru copiii afla\u021bi \u00een sistemul de protec\u021bie special\u0103. Proiectul, la vot \u00een Consiliul Local\",\"datePublished\":\"2026-08-31T04:10:27+00:00\",\"dateModified\":\"2026-08-31T04:10:30+00:00\",\"mainEntityOfPage\":{\"@id\":\"https:\\\/\\\/buletin.de\\\/bucuresti\\\/sectorul-4-vrea-sa-majoreze-de-pana-la-patru-ori-sumele-pentru-copiii-aflati-in-sistemul-de-protectie-speciala-proiectul-la-vot-in-consiliul-local\\\/\"},\"wordCount\":464,\"publisher\":{\"@id\":\"https:\\\/\\\/buletin.de\\\/bucuresti\\\/#organization\"},\"image\":{\"@id\":\"https:\\\/\\\/buletin.de\\\/bucuresti\\\/sectorul-4-vrea-sa-majoreze-de-pana-la-patru-ori-sumele-pentru-copiii-aflati-in-sistemul-de-protectie-speciala-proiectul-la-vot-in-consiliul-local\\\/#primaryimage\"},\"thumbnailUrl\":\"https:\\\/\\\/buletin.de\\\/bucuresti\\\/wp-content\\\/uploads\\\/2026\\\/08\\\/De-pama-la-patru-ori-mai-multi-bani-pentru-copiii-din-sistemul-de-protectie-speciala-Sector-4.jpg\",\"keywords\":[\"copii\",\"Copii proteja\u021bi\",\"dgaspc sector 4\",\"proiect\",\"Sector 4\",\"sume mai mari\"],\"articleSection\":[\"Articole\",\"Prim\u0103rie\",\"\u0218tiri\"],\"inLanguage\":\"en-GB\",\"copyrightYear\":\"2026\",\"copyrightHolder\":{\"@id\":\"https:\\\/\\\/buletin.de\\\/bucuresti\\\/#organization\"}},{\"@type\":\"WebPage\",\"@id\":\"https:\\\/\\\/buletin.de\\\/bucuresti\\\/sectorul-4-vrea-sa-majoreze-de-pana-la-patru-ori-sumele-pentru-copiii-aflati-in-sistemul-de-protectie-speciala-proiectul-la-vot-in-consiliul-local\\\/\",\"url\":\"https:\\\/\\\/buletin.de\\\/bucuresti\\\/sectorul-4-vrea-sa-majoreze-de-pana-la-patru-ori-sumele-pentru-copiii-aflati-in-sistemul-de-protectie-speciala-proiectul-la-vot-in-consiliul-local\\\/\",\"name\":\"Sectorul 4 vrea s\u0103 majoreze de p\u00e2n\u0103 la patru ori sumele pentru copiii afla\u021bi \u00een sistemul de protec\u021bie special\u0103. Proiectul, la vot \u00een Consiliul Local - Buletin de Bucure\u0219ti\",\"isPartOf\":{\"@id\":\"https:\\\/\\\/buletin.de\\\/bucuresti\\\/#website\"},\"primaryImageOfPage\":{\"@id\":\"https:\\\/\\\/buletin.de\\\/bucuresti\\\/sectorul-4-vrea-sa-majoreze-de-pana-la-patru-ori-sumele-pentru-copiii-aflati-in-sistemul-de-protectie-speciala-proiectul-la-vot-in-consiliul-local\\\/#primaryimage\"},\"image\":{\"@id\":\"https:\\\/\\\/buletin.de\\\/bucuresti\\\/sectorul-4-vrea-sa-majoreze-de-pana-la-patru-ori-sumele-pentru-copiii-aflati-in-sistemul-de-protectie-speciala-proiectul-la-vot-in-consiliul-local\\\/#primaryimage\"},\"thumbnailUrl\":\"https:\\\/\\\/buletin.de\\\/bucuresti\\\/wp-content\\\/uploads\\\/2026\\\/08\\\/De-pama-la-patru-ori-mai-multi-bani-pentru-copiii-din-sistemul-de-protectie-speciala-Sector-4.jpg\",\"datePublished\":\"2026-08-31T04:10:27+00:00\",\"dateModified\":\"2026-08-31T04:10:30+00:00\",\"description\":\"Copiii afla\u021bi \u00een sistemul de protec\u021bie social\u0103 din Sectorul 4 ar putea beneficia de sume de p\u00e2n\u0103 la patru ori mai mari.\",\"breadcrumb\":{\"@id\":\"https:\\\/\\\/buletin.de\\\/bucuresti\\\/sectorul-4-vrea-sa-majoreze-de-pana-la-patru-ori-sumele-pentru-copiii-aflati-in-sistemul-de-protectie-speciala-proiectul-la-vot-in-consiliul-local\\\/#breadcrumb\"},\"inLanguage\":\"en-GB\",\"potentialAction\":[{\"@type\":\"ReadAction\",\"target\":[\"https:\\\/\\\/buletin.de\\\/bucuresti\\\/sectorul-4-vrea-sa-majoreze-de-pana-la-patru-ori-sumele-pentru-copiii-aflati-in-sistemul-de-protectie-speciala-proiectul-la-vot-in-consiliul-local\\\/\"]}]},{\"@type\":\"ImageObject\",\"inLanguage\":\"en-GB\",\"@id\":\"https:\\\/\\\/buletin.de\\\/bucuresti\\\/sectorul-4-vrea-sa-majoreze-de-pana-la-patru-ori-sumele-pentru-copiii-aflati-in-sistemul-de-protectie-speciala-proiectul-la-vot-in-consiliul-local\\\/#primaryimage\",\"url\":\"https:\\\/\\\/buletin.de\\\/bucuresti\\\/wp-content\\\/uploads\\\/2026\\\/08\\\/De-pama-la-patru-ori-mai-multi-bani-pentru-copiii-din-sistemul-de-protectie-speciala-Sector-4.jpg\",\"contentUrl\":\"https:\\\/\\\/buletin.de\\\/bucuresti\\\/wp-content\\\/uploads\\\/2026\\\/08\\\/De-pama-la-patru-ori-mai-multi-bani-pentru-copiii-din-sistemul-de-protectie-speciala-Sector-4.jpg\",\"width\":1200,\"height\":650,\"caption\":\"Foto: Magnific.com\"},{\"@type\":\"BreadcrumbList\",\"@id\":\"https:\\\/\\\/buletin.de\\\/bucuresti\\\/sectorul-4-vrea-sa-majoreze-de-pana-la-patru-ori-sumele-pentru-copiii-aflati-in-sistemul-de-protectie-speciala-proiectul-la-vot-in-consiliul-local\\\/#breadcrumb\",\"itemListElement\":[{\"@type\":\"ListItem\",\"position\":1,\"name\":\"Acas\u0103\",\"item\":\"https:\\\/\\\/buletin.de\\\/bucuresti\\\/\"},{\"@type\":\"ListItem\",\"position\":2,\"name\":\"Sectorul 4 vrea s\u0103 majoreze de p\u00e2n\u0103 la patru ori sumele pentru copiii afla\u021bi \u00een sistemul de protec\u021bie special\u0103. Proiectul, la vot \u00een Consiliul Local\"}]},{\"@type\":\"WebSite\",\"@id\":\"https:\\\/\\\/buletin.de\\\/bucuresti\\\/#website\",\"url\":\"https:\\\/\\\/buletin.de\\\/bucuresti\\\/\",\"name\":\"Buletin de Bucure\u0219ti\",\"description\":\"\u0218tiri \u0219i investiga\u021bii esen\u021biale din capital\u0103\",\"publisher\":{\"@id\":\"https:\\\/\\\/buletin.de\\\/bucuresti\\\/#organization\"},\"potentialAction\":[{\"@type\":\"SearchAction\",\"target\":{\"@type\":\"EntryPoint\",\"urlTemplate\":\"https:\\\/\\\/buletin.de\\\/bucuresti\\\/?s={search_term_string}\"},\"query-input\":{\"@type\":\"PropertyValueSpecification\",\"valueRequired\":true,\"valueName\":\"search_term_string\"}}],\"inLanguage\":\"en-GB\"},{\"@type\":\"Organization\",\"@id\":\"https:\\\/\\\/buletin.de\\\/bucuresti\\\/#organization\",\"name\":\"Buletin de Bucure\u0219ti\",\"url\":\"https:\\\/\\\/buletin.de\\\/bucuresti\\\/\",\"logo\":{\"@type\":\"ImageObject\",\"inLanguage\":\"en-GB\",\"@id\":\"https:\\\/\\\/buletin.de\\\/bucuresti\\\/#\\\/schema\\\/logo\\\/image\\\/\",\"url\":\"https:\\\/\\\/buletin.de\\\/bucuresti\\\/wp-content\\\/uploads\\\/logo-bdb-full-wide-vernil-transparent.png\",\"contentUrl\":\"https:\\\/\\\/buletin.de\\\/bucuresti\\\/wp-content\\\/uploads\\\/logo-bdb-full-wide-vernil-transparent.png\",\"width\":1782,\"height\":626,\"caption\":\"Buletin de Bucure\u0219ti\"},\"image\":{\"@id\":\"https:\\\/\\\/buletin.de\\\/bucuresti\\\/#\\\/schema\\\/logo\\\/image\\\/\"},\"sameAs\":[\"https:\\\/\\\/www.facebook.com\\\/buletin.de.buc\",\"https:\\\/\\\/www.instagram.com\\\/buletinde.bucuresti\\\/\"]},{\"@type\":\"Person\",\"@id\":\"https:\\\/\\\/buletin.de\\\/bucuresti\\\/#\\\/schema\\\/person\\\/81421a46fb84a0887cfd2238f5202586\",\"name\":\"Andreea St\u0103n\u0103r\u00eeng\u0103\",\"image\":{\"@type\":\"ImageObject\",\"inLanguage\":\"en-GB\",\"@id\":\"https:\\\/\\\/buletin.de\\\/bucuresti\\\/wp-content\\\/uploads\\\/2026\\\/06\\\/BDB_Andreea_S-1-96x96.jpgb79b6b91f9c59ea2bdedd1d8c093f6b4\",\"url\":\"https:\\\/\\\/buletin.de\\\/bucuresti\\\/wp-content\\\/uploads\\\/2026\\\/06\\\/BDB_Andreea_S-1-96x96.jpg\",\"contentUrl\":\"https:\\\/\\\/buletin.de\\\/bucuresti\\\/wp-content\\\/uploads\\\/2026\\\/06\\\/BDB_Andreea_S-1-96x96.jpg\",\"caption\":\"Andreea St\u0103n\u0103r\u00eeng\u0103\"},\"description\":\"Face parte din echipa Buletin de Bucure\u0219ti din 2025. A colaborat cu c\u00e2teva publica\u021bii, printre care \u0219i Fanatik.ro, unde s-a ocupat de \u0219tiri de lifestyle \u0219i de actualitate. A f\u0103cut un pas c\u0103tre presa local\u0103 pentru a explora Bucure\u0219tiul \u0219i pove\u0219tile care merit\u0103 spuse.\",\"url\":\"https:\\\/\\\/buletin.de\\\/bucuresti\\\/author\\\/andreea-stanaranga\\\/\"}]}<\/script>\n<!-- \/ Yoast SEO Premium plugin. -->","yoast_head_json":{"title":"Sectorul 4 vrea s\u0103 majoreze de p\u00e2n\u0103 la patru ori sumele pentru copiii afla\u021bi \u00een sistemul de protec\u021bie special\u0103. Proiectul, la vot \u00een Consiliul Local - Buletin de Bucure\u0219ti","description":"Copiii afla\u021bi \u00een sistemul de protec\u021bie social\u0103 din Sectorul 4 ar putea beneficia de sume de p\u00e2n\u0103 la patru ori mai mari.","robots":{"index":"index","follow":"follow","max-snippet":"max-snippet:-1","max-image-preview":"max-image-preview:large","max-video-preview":"max-video-preview:-1"},"canonical":"https:\/\/buletin.de\/bucuresti\/sectorul-4-vrea-sa-majoreze-de-pana-la-patru-ori-sumele-pentru-copiii-aflati-in-sistemul-de-protectie-speciala-proiectul-la-vot-in-consiliul-local\/","og_locale":"en_GB","og_type":"article","og_title":"Sectorul 4 vrea s\u0103 majoreze de p\u00e2n\u0103 la patru ori sumele pentru copiii afla\u021bi \u00een sistemul de protec\u021bie special\u0103. Proiectul, la vot \u00een Consiliul Local","og_description":"Copiii afla\u021bi \u00een sistemul de protec\u021bie social\u0103 din Sectorul 4 ar putea beneficia de sume de p\u00e2n\u0103 la patru ori mai mari.","og_url":"https:\/\/buletin.de\/bucuresti\/sectorul-4-vrea-sa-majoreze-de-pana-la-patru-ori-sumele-pentru-copiii-aflati-in-sistemul-de-protectie-speciala-proiectul-la-vot-in-consiliul-local\/","og_site_name":"Buletin de Bucure\u0219ti","article_publisher":"https:\/\/www.facebook.com\/buletin.de.buc","article_published_time":"2026-08-31T04:10:27+00:00","article_modified_time":"2026-08-31T04:10:30+00:00","og_image":[{"width":1200,"height":650,"url":"https:\/\/buletin.de\/bucuresti\/wp-content\/uploads\/2026\/08\/De-pama-la-patru-ori-mai-multi-bani-pentru-copiii-din-sistemul-de-protectie-speciala-Sector-4.jpg","type":"image\/jpeg"}],"author":"Andreea St\u0103n\u0103r\u00eeng\u0103","twitter_card":"summary_large_image","twitter_misc":{"Written by":"Andreea St\u0103n\u0103r\u00eeng\u0103","Estimated reading time":"3 minutes"},"schema":{"@context":"https:\/\/schema.org","@graph":[{"@type":"Article","@id":"https:\/\/buletin.de\/bucuresti\/sectorul-4-vrea-sa-majoreze-de-pana-la-patru-ori-sumele-pentru-copiii-aflati-in-sistemul-de-protectie-speciala-proiectul-la-vot-in-consiliul-local\/#article","isPartOf":{"@id":"https:\/\/buletin.de\/bucuresti\/sectorul-4-vrea-sa-majoreze-de-pana-la-patru-ori-sumele-pentru-copiii-aflati-in-sistemul-de-protectie-speciala-proiectul-la-vot-in-consiliul-local\/"},"author":{"name":"Andreea St\u0103n\u0103r\u00eeng\u0103","@id":"https:\/\/buletin.de\/bucuresti\/#\/schema\/person\/81421a46fb84a0887cfd2238f5202586"},"headline":"Sectorul 4 vrea s\u0103 majoreze de p\u00e2n\u0103 la patru ori sumele pentru copiii afla\u021bi \u00een sistemul de protec\u021bie special\u0103. Proiectul, la vot \u00een Consiliul Local","datePublished":"2026-08-31T04:10:27+00:00","dateModified":"2026-08-31T04:10:30+00:00","mainEntityOfPage":{"@id":"https:\/\/buletin.de\/bucuresti\/sectorul-4-vrea-sa-majoreze-de-pana-la-patru-ori-sumele-pentru-copiii-aflati-in-sistemul-de-protectie-speciala-proiectul-la-vot-in-consiliul-local\/"},"wordCount":464,"publisher":{"@id":"https:\/\/buletin.de\/bucuresti\/#organization"},"image":{"@id":"https:\/\/buletin.de\/bucuresti\/sectorul-4-vrea-sa-majoreze-de-pana-la-patru-ori-sumele-pentru-copiii-aflati-in-sistemul-de-protectie-speciala-proiectul-la-vot-in-consiliul-local\/#primaryimage"},"thumbnailUrl":"https:\/\/buletin.de\/bucuresti\/wp-content\/uploads\/2026\/08\/De-pama-la-patru-ori-mai-multi-bani-pentru-copiii-din-sistemul-de-protectie-speciala-Sector-4.jpg","keywords":["copii","Copii proteja\u021bi","dgaspc sector 4","proiect","Sector 4","sume mai mari"],"articleSection":["Articole","Prim\u0103rie","\u0218tiri"],"inLanguage":"en-GB","copyrightYear":"2026","copyrightHolder":{"@id":"https:\/\/buletin.de\/bucuresti\/#organization"}},{"@type":"WebPage","@id":"https:\/\/buletin.de\/bucuresti\/sectorul-4-vrea-sa-majoreze-de-pana-la-patru-ori-sumele-pentru-copiii-aflati-in-sistemul-de-protectie-speciala-proiectul-la-vot-in-consiliul-local\/","url":"https:\/\/buletin.de\/bucuresti\/sectorul-4-vrea-sa-majoreze-de-pana-la-patru-ori-sumele-pentru-copiii-aflati-in-sistemul-de-protectie-speciala-proiectul-la-vot-in-consiliul-local\/","name":"Sectorul 4 vrea s\u0103 majoreze de p\u00e2n\u0103 la patru ori sumele pentru copiii afla\u021bi \u00een sistemul de protec\u021bie special\u0103. Proiectul, la vot \u00een Consiliul Local - Buletin de Bucure\u0219ti","isPartOf":{"@id":"https:\/\/buletin.de\/bucuresti\/#website"},"primaryImageOfPage":{"@id":"https:\/\/buletin.de\/bucuresti\/sectorul-4-vrea-sa-majoreze-de-pana-la-patru-ori-sumele-pentru-copiii-aflati-in-sistemul-de-protectie-speciala-proiectul-la-vot-in-consiliul-local\/#primaryimage"},"image":{"@id":"https:\/\/buletin.de\/bucuresti\/sectorul-4-vrea-sa-majoreze-de-pana-la-patru-ori-sumele-pentru-copiii-aflati-in-sistemul-de-protectie-speciala-proiectul-la-vot-in-consiliul-local\/#primaryimage"},"thumbnailUrl":"https:\/\/buletin.de\/bucuresti\/wp-content\/uploads\/2026\/08\/De-pama-la-patru-ori-mai-multi-bani-pentru-copiii-din-sistemul-de-protectie-speciala-Sector-4.jpg","datePublished":"2026-08-31T04:10:27+00:00","dateModified":"2026-08-31T04:10:30+00:00","description":"Copiii afla\u021bi \u00een sistemul de protec\u021bie social\u0103 din Sectorul 4 ar putea beneficia de sume de p\u00e2n\u0103 la patru ori mai mari.","breadcrumb":{"@id":"https:\/\/buletin.de\/bucuresti\/sectorul-4-vrea-sa-majoreze-de-pana-la-patru-ori-sumele-pentru-copiii-aflati-in-sistemul-de-protectie-speciala-proiectul-la-vot-in-consiliul-local\/#breadcrumb"},"inLanguage":"en-GB","potentialAction":[{"@type":"ReadAction","target":["https:\/\/buletin.de\/bucuresti\/sectorul-4-vrea-sa-majoreze-de-pana-la-patru-ori-sumele-pentru-copiii-aflati-in-sistemul-de-protectie-speciala-proiectul-la-vot-in-consiliul-local\/"]}]},{"@type":"ImageObject","inLanguage":"en-GB","@id":"https:\/\/buletin.de\/bucuresti\/sectorul-4-vrea-sa-majoreze-de-pana-la-patru-ori-sumele-pentru-copiii-aflati-in-sistemul-de-protectie-speciala-proiectul-la-vot-in-consiliul-local\/#primaryimage","url":"https:\/\/buletin.de\/bucuresti\/wp-content\/uploads\/2026\/08\/De-pama-la-patru-ori-mai-multi-bani-pentru-copiii-din-sistemul-de-protectie-speciala-Sector-4.jpg","contentUrl":"https:\/\/buletin.de\/bucuresti\/wp-content\/uploads\/2026\/08\/De-pama-la-patru-ori-mai-multi-bani-pentru-copiii-din-sistemul-de-protectie-speciala-Sector-4.jpg","width":1200,"height":650,"caption":"Foto: Magnific.com"},{"@type":"BreadcrumbList","@id":"https:\/\/buletin.de\/bucuresti\/sectorul-4-vrea-sa-majoreze-de-pana-la-patru-ori-sumele-pentru-copiii-aflati-in-sistemul-de-protectie-speciala-proiectul-la-vot-in-consiliul-local\/#breadcrumb","itemListElement":[{"@type":"ListItem","position":1,"name":"Acas\u0103","item":"https:\/\/buletin.de\/bucuresti\/"},{"@type":"ListItem","position":2,"name":"Sectorul 4 vrea s\u0103 majoreze de p\u00e2n\u0103 la patru ori sumele pentru copiii afla\u021bi \u00een sistemul de protec\u021bie special\u0103. Proiectul, la vot \u00een Consiliul Local"}]},{"@type":"WebSite","@id":"https:\/\/buletin.de\/bucuresti\/#website","url":"https:\/\/buletin.de\/bucuresti\/","name":"Buletin de Bucure\u0219ti","description":"\u0218tiri \u0219i investiga\u021bii esen\u021biale din capital\u0103","publisher":{"@id":"https:\/\/buletin.de\/bucuresti\/#organization"},"potentialAction":[{"@type":"SearchAction","target":{"@type":"EntryPoint","urlTemplate":"https:\/\/buletin.de\/bucuresti\/?s={search_term_string}"},"query-input":{"@type":"PropertyValueSpecification","valueRequired":true,"valueName":"search_term_string"}}],"inLanguage":"en-GB"},{"@type":"Organization","@id":"https:\/\/buletin.de\/bucuresti\/#organization","name":"Buletin de Bucure\u0219ti","url":"https:\/\/buletin.de\/bucuresti\/","logo":{"@type":"ImageObject","inLanguage":"en-GB","@id":"https:\/\/buletin.de\/bucuresti\/#\/schema\/logo\/image\/","url":"https:\/\/buletin.de\/bucuresti\/wp-content\/uploads\/logo-bdb-full-wide-vernil-transparent.png","contentUrl":"https:\/\/buletin.de\/bucuresti\/wp-content\/uploads\/logo-bdb-full-wide-vernil-transparent.png","width":1782,"height":626,"caption":"Buletin de Bucure\u0219ti"},"image":{"@id":"https:\/\/buletin.de\/bucuresti\/#\/schema\/logo\/image\/"},"sameAs":["https:\/\/www.facebook.com\/buletin.de.buc","https:\/\/www.instagram.com\/buletinde.bucuresti\/"]},{"@type":"Person","@id":"https:\/\/buletin.de\/bucuresti\/#\/schema\/person\/81421a46fb84a0887cfd2238f5202586","name":"Andreea St\u0103n\u0103r\u00eeng\u0103","image":{"@type":"ImageObject","inLanguage":"en-GB","@id":"https:\/\/buletin.de\/bucuresti\/wp-content\/uploads\/2026\/06\/BDB_Andreea_S-1-96x96.jpgb79b6b91f9c59ea2bdedd1d8c093f6b4","url":"https:\/\/buletin.de\/bucuresti\/wp-content\/uploads\/2026\/06\/BDB_Andreea_S-1-96x96.jpg","contentUrl":"https:\/\/buletin.de\/bucuresti\/wp-content\/uploads\/2026\/06\/BDB_Andreea_S-1-96x96.jpg","caption":"Andreea St\u0103n\u0103r\u00eeng\u0103"},"description":"Face parte din echipa Buletin de Bucure\u0219ti din 2025. A colaborat cu c\u00e2teva publica\u021bii, printre care \u0219i Fanatik.ro, unde s-a ocupat de \u0219tiri de lifestyle \u0219i de actualitate. A f\u0103cut un pas c\u0103tre presa local\u0103 pentru a explora Bucure\u0219tiul \u0219i pove\u0219tile care merit\u0103 spuse.","url":"https:\/\/buletin.de\/bucuresti\/author\/andreea-stanaranga\/"}]}},"authors":[{"term_id":23912,"user_id":65,"is_guest":0,"slug":"andreea-stanaranga","display_name":"Andreea St\u0103n\u0103r\u00eeng\u0103","avatar_url":"https:\/\/buletin.de\/bucuresti\/wp-content\/uploads\/2026\/06\/BDB_Andreea_S-1-96x96.jpg","author_category":"1","first_name":"Andreea","last_name":"St\u0103n\u0103r\u00eeng\u0103","user_url":"","job_title":"","description":"Face parte din echipa Buletin de Bucure\u0219ti din 2025. A colaborat cu c\u00e2teva publica\u021bii, printre care \u0219i Fanatik.ro, unde s-a ocupat de \u0219tiri de lifestyle \u0219i de actualitate. A f\u0103cut un pas c\u0103tre presa local\u0103 pentru a explora Bucure\u0219tiul \u0219i pove\u0219tile care merit\u0103 spuse."}],"_links":{"self":[{"href":"https:\/\/buletin.de\/bucuresti\/wp-json\/wp\/v2\/posts\/215015","targetHints":{"allow":["GET"]}}],"collection":[{"href":"https:\/\/buletin.de\/bucuresti\/wp-json\/wp\/v2\/posts"}],"about":[{"href":"https:\/\/buletin.de\/bucuresti\/wp-json\/wp\/v2\/types\/post"}],"author":[{"embeddable":true,"href":"https:\/\/buletin.de\/bucuresti\/wp-json\/wp\/v2\/users\/65"}],"replies":[{"embeddable":true,"href":"https:\/\/buletin.de\/bucuresti\/wp-json\/wp\/v2\/comments?post=215015"}],"version-history":[{"count":10,"href":"https:\/\/buletin.de\/bucuresti\/wp-json\/wp\/v2\/posts\/215015\/revisions"}],"predecessor-version":[{"id":215051,"href":"https:\/\/buletin.de\/bucuresti\/wp-json\/wp\/v2\/posts\/215015\/revisions\/215051"}],"wp:featuredmedia":[{"embeddable":true,"href":"https:\/\/buletin.de\/bucuresti\/wp-json\/wp\/v2\/media\/215037"}],"wp:attachment":[{"href":"https:\/\/buletin.de\/bucuresti\/wp-json\/wp\/v2\/media?parent=215015"}],"wp:term":[{"taxonomy":"category","embeddable":true,"href":"https:\/\/buletin.de\/bucuresti\/wp-json\/wp\/v2\/categories?post=215015"},{"taxonomy":"post_tag","embeddable":true,"href":"https:\/\/buletin.de\/bucuresti\/wp-json\/wp\/v2\/tags?post=215015"},{"taxonomy":"author","embeddable":true,"href":"https:\/\/buletin.de\/bucuresti\/wp-json\/wp\/v2\/ppma_author?post=215015"}],"curies":[{"name":"wp","href":"https:\/\/api.w.org\/{rel}","templated":true}]}}