{"id":214922,"date":"2026-08-31T06:38:00","date_gmt":"2026-08-31T03:38:00","guid":{"rendered":"https:\/\/buletin.de\/bucuresti\/?p=214922"},"modified":"2026-08-31T07:19:25","modified_gmt":"2026-08-31T04:19:25","slug":"ce-vrea-la-schimb-ministerul-de-externe-pentru-a-preda-parcela-din-parcul-herastrau-pe-care-nu-o-mai-ingrijeste","status":"publish","type":"post","link":"https:\/\/buletin.de\/bucuresti\/ce-vrea-la-schimb-ministerul-de-externe-pentru-a-preda-parcela-din-parcul-herastrau-pe-care-nu-o-mai-ingrijeste\/","title":{"rendered":"Ce vrea la schimb Ministerul de Externe pentru a preda c\u0103tre PMB parcela din Parcul Her\u0103str\u0103u pe care nu o mai \u00eengrije\u0219te"},"content":{"rendered":"\n<p class=\"wp-block-paragraph\"><strong>Ciprian Ciucu sper\u0103 s\u0103 aduc\u0103 la Prim\u0103ria Capitalei parcela din Parcul Her\u0103str\u0103u administrat\u0103 de Ministerul Afacerilor Externe (<a href=\"https:\/\/www.mae.ro\/\">MAE<\/a>). Dar actualul ministru, Oana \u021aoiu, a solicitat la schimb o cl\u0103dire, \u00een care ar urma s\u0103 func\u021bioneze un muzeu al institu\u021biei pe care o conduce, potrivit unei declara\u021bii a primarului general.<\/strong><\/p>\n\n\n\n<p class=\"wp-block-paragraph\">Buletin de Bucure\u0219ti a vrut s\u0103 afle \u00een ce stadiu se afl\u0103 discu\u021bia pe care primarul general o ini\u021biase cu ministra Oana \u021aoiu, pe care a anun\u021bat-o \u00een urm\u0103 cu circa o lun\u0103. Primarul a explicat c\u0103 demersurile pentru recuperarea acestei p\u0103r\u021bi din cel mai mare parc al Capitalei nu au avansat.<\/p>\n\n\n\n<p class=\"wp-block-paragraph\"><strong>CITE\u0218TE \u0218I: <a href=\"https:\/\/buletin.de\/bucuresti\/pmb-lucreaza-impreuna-cu-fundatia-comunitara-si-institutul-national-al-patrimoniului-pentru-reabilitarea-parcului-herastrau-ciucu-partea-neingrijita-a-parcului-apartine-ministerului-de-exte\/\" target=\"_blank\" rel=\"noreferrer noopener\">Prim\u0103ria Capitalei lucreaz\u0103 \u00eempreun\u0103 cu Funda\u021bia Comunitar\u0103 \u0219i Institutul Na\u021bional al Patrimoniului pentru reabilitarea Parcului Her\u0103str\u0103u. Ciucu: \u201ePartea ne\u00eengrijit\u0103 a parcului apar\u021bine Ministerului de Externe\u201d<\/a><\/strong><\/p>\n\n\n\n<p class=\"wp-block-paragraph\"><em>\u201eNu s-a \u00eent\u00e2mplat nimic. Nu m\u0103 refer la Clubul Diploma\u021bilor, ci la zona aceea foarte mare care este foarte prost administrat\u0103, cu multe b\u0103l\u0103rii \u0219i ne\u00eengrijit\u0103, care este \u00een administrarea Ministerului de Externe. <\/em><\/p>\n\n\n\n<p class=\"wp-block-paragraph\"><em>Doamna ministru \u021aoiu mi-a spus c\u0103 \u00ee\u0219i dore\u0219te \u0219i d\u00e2nsa ceva \u00een compensa\u021bie. Nu \u0219tiu ce cl\u0103dire. Vrea s\u0103 fac\u0103 un fel de muzeu pentru Ministerul de Externe\u201d<\/em>, a r\u0103spuns Ciprian Ciucu pentru <strong>Buletin de Bucure\u0219ti<\/strong>.<\/p>\n\n\n\n<p class=\"wp-block-paragraph\">Primarul general a mai explicat c\u0103 i-a rugat pe reprezentan\u021bii din minister s\u0103 se \u00eent\u00e2lneasc\u0103 la nivel tehnic cu func\u021bionarii din Prim\u0103ria Capitalei. Scopul invita\u021biei a fost identificarea unei cl\u0103diri prin intermediul Administra\u021biei Fondului Imobiliar, care s\u0103 poat\u0103 servi destina\u021biei de muzeu.<\/p>\n\n\n\n<p class=\"wp-block-paragraph\"><em>\u201eEu cred c\u0103 oricum ar trebui, dac\u0103 putem, s\u0103 ajut\u0103m Ministerul de Externe \u0219i pe doamna \u021aoiu, pe care o respect foarte mult. Personal, nu v\u0103d de ce ar administra MAE c\u00e2teva hectare din Parcul Her\u0103str\u0103u \u0219i cred c\u0103 bucure\u0219tenii ar trebui s\u0103 beneficieze de acest spa\u021biu prin Prim\u0103ria Capitalei, care trebuie s\u0103-l ia \u00eenapoi\u201d<\/em>, a mai transmis edilul Capitalei.<\/p>\n\n\n\n<h2 id=\"h-de-ce-vrea-primaria-capitalei-parcela-din-parcul-herastrau\" class=\"wp-block-heading\">De ce vrea Prim\u0103ria Capitalei parcela din Parcul Her\u0103str\u0103u<\/h2>\n\n\n\n<p class=\"wp-block-paragraph\">Ciprian Ciucu \u00ee\u0219i dore\u0219te integrarea zonei \u00een parc \u0219i amenajarea acesteia \u00een etapa urm\u0103toare. Potrivit acestuia, lucr\u0103rile vor fi fazate, \u00eentruc\u00e2t trebuie intervenit pe o suprafa\u021b\u0103 foarte mare. Prima faz\u0103 a lucr\u0103rilor se afl\u0103 deja \u00een desf\u0103\u0219urare \u0219i vizeaz\u0103 consolidarea malurilor lacului.<\/p>\n\n\n\n<p class=\"wp-block-paragraph\">Urmeaz\u0103 etapa debarcaderelor, iar mai apoi administra\u021bia general\u0103 va lucra la zona istoric\u0103 a parcului, de la Ber\u0103ria H \u0219i p\u00e2n\u0103 spre Aviatorilor. Edilul se a\u0219teapt\u0103 ca \u00eentregul ansamblu de lucr\u0103ri, menite s\u0103 ofere o nou\u0103 fa\u021b\u0103 parcului-emblem\u0103, s\u0103 dureze circa 3-4 ani.<\/p>\n\n\n\n<p class=\"wp-block-paragraph\"><strong>CITE\u0218TE \u0218I: <a href=\"https:\/\/buletin.de\/bucuresti\/ciprian-ciucu-da-inapoi-in-scandalul-parcarii-de-500-de-locuri-din-parcul-herastrau-este-o-decizie-provizorie-asta-vor-decide-specialistii-de-la-mine-input-ul-va-fi-fara-parc\/\">Ciprian Ciucu d\u0103 \u00eenapoi \u00een scandalul parc\u0103rii de 500 de locuri din Parcul Her\u0103str\u0103u: \u201eEste o decizie provizorie, asta vor decide speciali\u0219tii. De la mine, \u00abinput\u00bb-ul va fi f\u0103r\u0103 parcare\u201d<\/a><\/strong><\/p>\n\n\n\n<h2 id=\"h-locuitorii-capitalei-vor-sa-doneze-\u0219i-sa-contribuie-voluntar-la-refacere\" class=\"wp-block-heading\">Locuitorii Capitalei vor s\u0103 doneze \u0219i s\u0103 contribuie voluntar la refacere<\/h2>\n\n\n\n<p class=\"wp-block-paragraph\"><strong>La conferin\u021ba sus\u021binut\u0103 de primarul Capitalei \u00een urm\u0103 cu o lun\u0103 au fost prezen\u021bi \u0219i reprezentan\u021bii Funda\u021biei Comunitare Bucure\u0219ti, care au condus o consultare online \u00een urm\u0103 cu dou\u0103 luni, dup\u0103 cum scria Buletin de Bucure\u0219ti <a href=\"https:\/\/buletin.de\/bucuresti\/pmb-lucreaza-impreuna-cu-fundatia-comunitara-si-institutul-national-al-patrimoniului-pentru-reabilitarea-parcului-herastrau-ciucu-partea-neingrijita-a-parcului-apartine-ministerului-de-exte\/\">aici<\/a>. La studiu au participat circa 10.000 de bucure\u0219teni din toate col\u021burile ora\u0219ului.<\/strong><\/p>\n\n\n\n<p class=\"wp-block-paragraph\">Potrivit acestora, 62% dintre responden\u021bi vin s\u0103pt\u0103m\u00e2nal \u00een parcul din nordul Capitalei, iar o bun\u0103 parte dintre ace\u0219tia vin de la o distan\u021b\u0103 mai mare de cinci kilometri.<\/p>\n\n\n\n<p class=\"wp-block-paragraph\">Mai mult, reprezentan\u021bii FCB au mai ad\u0103ugat \u0219i c\u0103, dac\u0103 Parcul Her\u0103str\u0103u ar fi listat pe Booking, bucure\u0219tenii l-ar nota cu o medie de 2,5 \u00een acest moment.<\/p>\n\n\n\n<p class=\"wp-block-paragraph\"><em>\u201eMulte dintre \u00eentreb\u0103ri sunt deschise, iar foarte mult\u0103 lume a precizat \u00een r\u0103spunsuri cuv\u00e2ntul poten\u021bial. Asta \u00eenseamn\u0103 c\u0103, de\u0219i oamenii au ni\u0219te a\u0219tept\u0103ri, cred c\u0103 e posibil, iar noi la asta vom lucra.<\/em><\/p>\n\n\n\n<p class=\"wp-block-paragraph\"><em>Cei mai mul\u021bi apreciaz\u0103 lacul, dimensiunea, vegeta\u021bia, care e aici de 100 de ani, \u00eens\u0103 cei mai mul\u021bi detest\u0103 vegeta\u021bia ne\u00eengrijit\u0103, toaletele publice \u0219i zonele de maluri\u201d<\/em>, au transmis ace\u0219tia.<\/p>\n\n\n\n<p class=\"wp-block-paragraph\">De asemenea, circa 600 de oameni se pl\u00e2ng de toaletarea vegeta\u021biei din parc, iar o bun\u0103 parte dintre responden\u021bi \u00ee\u0219i doresc p\u0103strarea caracterului semi-s\u0103lbatic pe care parcul \u00eel are \u00een prezent.<\/p>\n\n\n\n<p class=\"wp-block-paragraph\">Responden\u021bii nu au ratat nici conflictele dintre bicicli\u0219ti, pietoni \u0219i trotineti\u0219ti, pentru care \u0219i-ar dori s\u0103 existe o rezolvare.<\/p>\n\n\n\n<p class=\"wp-block-paragraph\">63% dintre oamenii care au completat chestionarul \u00ee\u0219i doresc s\u0103 primeasc\u0103 actualiz\u0103ri constante despre evolu\u021bia parcului, iar 38% dintre ace\u0219tia \u0219i-au exprimat dorin\u021ba de a face voluntariat pentru Her\u0103str\u0103u.<\/p>\n\n\n\n<p class=\"wp-block-paragraph\"><strong>Al\u021bi 28% \u0219i-ar dori s\u0103 doneze pentru aceast\u0103 cauz\u0103, iar \u00een acest scop FCB a ini\u021biat o campanie de str\u00e2ngere de fonduri.<\/strong><\/p>\n\n\n\n<p class=\"wp-block-paragraph\"><strong>CITE\u0218TE \u0218I:<a href=\"https:\/\/buletin.de\/bucuresti\/cum-se-plimbau-bucurestenii-cu-avionul-prin-herastrau-povestea-unuia-dintre-localurile-bar-avion-din-capitala-care-a-functionat-pana-in-anii-80\/\"> Cum se \u201eplimbau\u201d bucure\u0219tenii cu avionul prin Her\u0103str\u0103u. Povestea unuia dintre localurile Bar Avion din Capital\u0103, care a func\u021bionat p\u00e2n\u0103 \u00een anii \u201980<\/a><\/strong><\/p>\n","protected":false},"excerpt":{"rendered":"<p>Ciprian Ciucu sper\u0103 s\u0103 aduc\u0103 la Prim\u0103ria Capitalei parcela din Parcul Her\u0103str\u0103u administrat\u0103 de Ministerul Afacerilor Externe (MAE). Dar actualul ministru, Oana \u021aoiu, a solicitat la schimb o cl\u0103dire, \u00een care ar urma s\u0103 func\u021bioneze un muzeu al institu\u021biei pe care o conduce, potrivit unei declara\u021bii a primarului general. Buletin de Bucure\u0219ti a vrut s\u0103 [&hellip;]<\/p>\n","protected":false},"author":61,"featured_media":214928,"comment_status":"closed","ping_status":"open","sticky":false,"template":"","format":"standard","meta":{"_acf_changed":false,"inline_featured_image":false,"ngg_post_thumbnail":0,"footnotes":""},"categories":[6994,5762,24],"tags":[2089,23974,29195,7540,104,30483],"ppma_author":[22577],"class_list":["post-214922","post","type-post","status-publish","format-standard","has-post-thumbnail","hentry","category-stiri-2","category-main","category-primarie","tag-ciprian-ciucu","tag-mae","tag-ministerul-afacerilor-externe","tag-parcul-herastrau-2","tag-pmb","tag-refacere-parcul-herastrau"],"acf":[],"a3_pvc":{"activated":false,"total_views":0,"today_views":0},"yoast_head":"<!-- This site is optimized with the Yoast SEO Premium plugin v28.0 (Yoast SEO v28.3) - https:\/\/yoast.com\/product\/yoast-seo-premium-wordpress\/ -->\n<title>Ce vrea la schimb Ministerul de Externe pentru a preda c\u0103tre PMB parcela din Parcul Her\u0103str\u0103u pe care nu o mai \u00eengrije\u0219te - Buletin de Bucure\u0219ti<\/title>\n<meta name=\"description\" content=\"Ciprian Ciucu sper\u0103 s\u0103 aduc\u0103 la Prim\u0103ria Capitalei parcela din Parcul Her\u0103str\u0103u administrat\u0103 de Ministerul Afacerilor Externe (MAE).\" \/>\n<meta name=\"robots\" content=\"index, follow, max-snippet:-1, max-image-preview:large, max-video-preview:-1\" \/>\n<link rel=\"canonical\" href=\"https:\/\/buletin.de\/bucuresti\/ce-vrea-la-schimb-ministerul-de-externe-pentru-a-preda-parcela-din-parcul-herastrau-pe-care-nu-o-mai-ingrijeste\/\" \/>\n<meta property=\"og:locale\" content=\"en_GB\" \/>\n<meta property=\"og:type\" content=\"article\" \/>\n<meta property=\"og:title\" content=\"Ce vrea la schimb Ministerul de Externe pentru a preda c\u0103tre PMB parcela din Parcul Her\u0103str\u0103u pe care nu o mai \u00eengrije\u0219te\" \/>\n<meta property=\"og:description\" content=\"Ciprian Ciucu sper\u0103 s\u0103 aduc\u0103 la Prim\u0103ria Capitalei parcela din Parcul Her\u0103str\u0103u administrat\u0103 de Ministerul Afacerilor Externe (MAE).\" \/>\n<meta property=\"og:url\" content=\"https:\/\/buletin.de\/bucuresti\/ce-vrea-la-schimb-ministerul-de-externe-pentru-a-preda-parcela-din-parcul-herastrau-pe-care-nu-o-mai-ingrijeste\/\" \/>\n<meta property=\"og:site_name\" content=\"Buletin de Bucure\u0219ti\" \/>\n<meta property=\"article:publisher\" content=\"https:\/\/www.facebook.com\/buletin.de.buc\" \/>\n<meta property=\"article:published_time\" content=\"2026-08-31T03:38:00+00:00\" \/>\n<meta property=\"article:modified_time\" content=\"2026-08-31T04:19:25+00:00\" \/>\n<meta property=\"og:image\" content=\"https:\/\/buletin.de\/bucuresti\/wp-content\/uploads\/2026\/08\/745715664_1505572117459917_8946806352712233702_n-1600x1066-1.jpg\" \/>\n\t<meta property=\"og:image:width\" content=\"1600\" \/>\n\t<meta property=\"og:image:height\" content=\"1066\" \/>\n\t<meta property=\"og:image:type\" content=\"image\/jpeg\" \/>\n<meta name=\"author\" content=\"Alexandru Stan\" \/>\n<meta name=\"twitter:card\" content=\"summary_large_image\" \/>\n<meta name=\"twitter:label1\" content=\"Written by\" \/>\n\t<meta name=\"twitter:data1\" content=\"Alexandru Stan\" \/>\n\t<meta name=\"twitter:label2\" content=\"Estimated reading time\" \/>\n\t<meta name=\"twitter:data2\" content=\"4 minutes\" \/>\n<script type=\"application\/ld+json\" class=\"yoast-schema-graph\">{\"@context\":\"https:\\\/\\\/schema.org\",\"@graph\":[{\"@type\":\"Article\",\"@id\":\"https:\\\/\\\/buletin.de\\\/bucuresti\\\/ce-vrea-la-schimb-ministerul-de-externe-pentru-a-preda-parcela-din-parcul-herastrau-pe-care-nu-o-mai-ingrijeste\\\/#article\",\"isPartOf\":{\"@id\":\"https:\\\/\\\/buletin.de\\\/bucuresti\\\/ce-vrea-la-schimb-ministerul-de-externe-pentru-a-preda-parcela-din-parcul-herastrau-pe-care-nu-o-mai-ingrijeste\\\/\"},\"author\":{\"name\":\"Alexandru Stan\",\"@id\":\"https:\\\/\\\/buletin.de\\\/bucuresti\\\/#\\\/schema\\\/person\\\/104a46bbe8be6e336fecf63974383951\"},\"headline\":\"Ce vrea la schimb Ministerul de Externe pentru a preda c\u0103tre PMB parcela din Parcul Her\u0103str\u0103u pe care nu o mai \u00eengrije\u0219te\",\"datePublished\":\"2026-08-31T03:38:00+00:00\",\"dateModified\":\"2026-08-31T04:19:25+00:00\",\"mainEntityOfPage\":{\"@id\":\"https:\\\/\\\/buletin.de\\\/bucuresti\\\/ce-vrea-la-schimb-ministerul-de-externe-pentru-a-preda-parcela-din-parcul-herastrau-pe-care-nu-o-mai-ingrijeste\\\/\"},\"wordCount\":873,\"publisher\":{\"@id\":\"https:\\\/\\\/buletin.de\\\/bucuresti\\\/#organization\"},\"image\":{\"@id\":\"https:\\\/\\\/buletin.de\\\/bucuresti\\\/ce-vrea-la-schimb-ministerul-de-externe-pentru-a-preda-parcela-din-parcul-herastrau-pe-care-nu-o-mai-ingrijeste\\\/#primaryimage\"},\"thumbnailUrl\":\"https:\\\/\\\/buletin.de\\\/bucuresti\\\/wp-content\\\/uploads\\\/2026\\\/08\\\/745715664_1505572117459917_8946806352712233702_n-1600x1066-1.jpg\",\"keywords\":[\"ciprian ciucu\",\"mae\",\"Ministerul Afacerilor Externe\",\"Parcul Her\u0103str\u0103u\",\"pmb\",\"refacere parcul her\u0103str\u0103u\"],\"articleSection\":[\"Articole\",\"Main\",\"Prim\u0103rie\"],\"inLanguage\":\"en-GB\",\"copyrightYear\":\"2026\",\"copyrightHolder\":{\"@id\":\"https:\\\/\\\/buletin.de\\\/bucuresti\\\/#organization\"}},{\"@type\":\"WebPage\",\"@id\":\"https:\\\/\\\/buletin.de\\\/bucuresti\\\/ce-vrea-la-schimb-ministerul-de-externe-pentru-a-preda-parcela-din-parcul-herastrau-pe-care-nu-o-mai-ingrijeste\\\/\",\"url\":\"https:\\\/\\\/buletin.de\\\/bucuresti\\\/ce-vrea-la-schimb-ministerul-de-externe-pentru-a-preda-parcela-din-parcul-herastrau-pe-care-nu-o-mai-ingrijeste\\\/\",\"name\":\"Ce vrea la schimb Ministerul de Externe pentru a preda c\u0103tre PMB parcela din Parcul Her\u0103str\u0103u pe care nu o mai \u00eengrije\u0219te - Buletin de Bucure\u0219ti\",\"isPartOf\":{\"@id\":\"https:\\\/\\\/buletin.de\\\/bucuresti\\\/#website\"},\"primaryImageOfPage\":{\"@id\":\"https:\\\/\\\/buletin.de\\\/bucuresti\\\/ce-vrea-la-schimb-ministerul-de-externe-pentru-a-preda-parcela-din-parcul-herastrau-pe-care-nu-o-mai-ingrijeste\\\/#primaryimage\"},\"image\":{\"@id\":\"https:\\\/\\\/buletin.de\\\/bucuresti\\\/ce-vrea-la-schimb-ministerul-de-externe-pentru-a-preda-parcela-din-parcul-herastrau-pe-care-nu-o-mai-ingrijeste\\\/#primaryimage\"},\"thumbnailUrl\":\"https:\\\/\\\/buletin.de\\\/bucuresti\\\/wp-content\\\/uploads\\\/2026\\\/08\\\/745715664_1505572117459917_8946806352712233702_n-1600x1066-1.jpg\",\"datePublished\":\"2026-08-31T03:38:00+00:00\",\"dateModified\":\"2026-08-31T04:19:25+00:00\",\"description\":\"Ciprian Ciucu sper\u0103 s\u0103 aduc\u0103 la Prim\u0103ria Capitalei parcela din Parcul Her\u0103str\u0103u administrat\u0103 de Ministerul Afacerilor Externe (MAE).\",\"breadcrumb\":{\"@id\":\"https:\\\/\\\/buletin.de\\\/bucuresti\\\/ce-vrea-la-schimb-ministerul-de-externe-pentru-a-preda-parcela-din-parcul-herastrau-pe-care-nu-o-mai-ingrijeste\\\/#breadcrumb\"},\"inLanguage\":\"en-GB\",\"potentialAction\":[{\"@type\":\"ReadAction\",\"target\":[\"https:\\\/\\\/buletin.de\\\/bucuresti\\\/ce-vrea-la-schimb-ministerul-de-externe-pentru-a-preda-parcela-din-parcul-herastrau-pe-care-nu-o-mai-ingrijeste\\\/\"]}]},{\"@type\":\"ImageObject\",\"inLanguage\":\"en-GB\",\"@id\":\"https:\\\/\\\/buletin.de\\\/bucuresti\\\/ce-vrea-la-schimb-ministerul-de-externe-pentru-a-preda-parcela-din-parcul-herastrau-pe-care-nu-o-mai-ingrijeste\\\/#primaryimage\",\"url\":\"https:\\\/\\\/buletin.de\\\/bucuresti\\\/wp-content\\\/uploads\\\/2026\\\/08\\\/745715664_1505572117459917_8946806352712233702_n-1600x1066-1.jpg\",\"contentUrl\":\"https:\\\/\\\/buletin.de\\\/bucuresti\\\/wp-content\\\/uploads\\\/2026\\\/08\\\/745715664_1505572117459917_8946806352712233702_n-1600x1066-1.jpg\",\"width\":1600,\"height\":1066,\"caption\":\"FOTO: PMB\"},{\"@type\":\"BreadcrumbList\",\"@id\":\"https:\\\/\\\/buletin.de\\\/bucuresti\\\/ce-vrea-la-schimb-ministerul-de-externe-pentru-a-preda-parcela-din-parcul-herastrau-pe-care-nu-o-mai-ingrijeste\\\/#breadcrumb\",\"itemListElement\":[{\"@type\":\"ListItem\",\"position\":1,\"name\":\"Acas\u0103\",\"item\":\"https:\\\/\\\/buletin.de\\\/bucuresti\\\/\"},{\"@type\":\"ListItem\",\"position\":2,\"name\":\"Ce vrea la schimb Ministerul de Externe pentru a preda c\u0103tre PMB parcela din Parcul Her\u0103str\u0103u pe care nu o mai \u00eengrije\u0219te\"}]},{\"@type\":\"WebSite\",\"@id\":\"https:\\\/\\\/buletin.de\\\/bucuresti\\\/#website\",\"url\":\"https:\\\/\\\/buletin.de\\\/bucuresti\\\/\",\"name\":\"Buletin de Bucure\u0219ti\",\"description\":\"\u0218tiri \u0219i investiga\u021bii esen\u021biale din capital\u0103\",\"publisher\":{\"@id\":\"https:\\\/\\\/buletin.de\\\/bucuresti\\\/#organization\"},\"potentialAction\":[{\"@type\":\"SearchAction\",\"target\":{\"@type\":\"EntryPoint\",\"urlTemplate\":\"https:\\\/\\\/buletin.de\\\/bucuresti\\\/?s={search_term_string}\"},\"query-input\":{\"@type\":\"PropertyValueSpecification\",\"valueRequired\":true,\"valueName\":\"search_term_string\"}}],\"inLanguage\":\"en-GB\"},{\"@type\":\"Organization\",\"@id\":\"https:\\\/\\\/buletin.de\\\/bucuresti\\\/#organization\",\"name\":\"Buletin de Bucure\u0219ti\",\"url\":\"https:\\\/\\\/buletin.de\\\/bucuresti\\\/\",\"logo\":{\"@type\":\"ImageObject\",\"inLanguage\":\"en-GB\",\"@id\":\"https:\\\/\\\/buletin.de\\\/bucuresti\\\/#\\\/schema\\\/logo\\\/image\\\/\",\"url\":\"https:\\\/\\\/buletin.de\\\/bucuresti\\\/wp-content\\\/uploads\\\/logo-bdb-full-wide-vernil-transparent.png\",\"contentUrl\":\"https:\\\/\\\/buletin.de\\\/bucuresti\\\/wp-content\\\/uploads\\\/logo-bdb-full-wide-vernil-transparent.png\",\"width\":1782,\"height\":626,\"caption\":\"Buletin de Bucure\u0219ti\"},\"image\":{\"@id\":\"https:\\\/\\\/buletin.de\\\/bucuresti\\\/#\\\/schema\\\/logo\\\/image\\\/\"},\"sameAs\":[\"https:\\\/\\\/www.facebook.com\\\/buletin.de.buc\",\"https:\\\/\\\/www.instagram.com\\\/buletinde.bucuresti\\\/\"]},{\"@type\":\"Person\",\"@id\":\"https:\\\/\\\/buletin.de\\\/bucuresti\\\/#\\\/schema\\\/person\\\/104a46bbe8be6e336fecf63974383951\",\"name\":\"Alexandru Stan\",\"image\":{\"@type\":\"ImageObject\",\"inLanguage\":\"en-GB\",\"@id\":\"https:\\\/\\\/buletin.de\\\/bucuresti\\\/wp-content\\\/uploads\\\/2026\\\/07\\\/BDB_Alexandru-4-96x96.jpga3c299c77690d3b1ab5def97e8de4c6c\",\"url\":\"https:\\\/\\\/buletin.de\\\/bucuresti\\\/wp-content\\\/uploads\\\/2026\\\/07\\\/BDB_Alexandru-4-96x96.jpg\",\"contentUrl\":\"https:\\\/\\\/buletin.de\\\/bucuresti\\\/wp-content\\\/uploads\\\/2026\\\/07\\\/BDB_Alexandru-4-96x96.jpg\",\"caption\":\"Alexandru Stan\"},\"description\":\"Absolvent al Colegiului Na\u021bional \u201eMihai Eminescu\u201d \u0219i student la Politehnica. Lucrez la Buletin de Bucure\u0219ti ca reporter de la v\u00e2rsta de 17 ani. M-am n\u0103scut \u0219i am crescut cu m\u00e2ndrie \u00een Bucure\u0219ti, ora\u0219ul pove\u0219tilor \u0219i al c\u0103su\u021belor cu porti\u021b\u0103 \u0219i ci\u0219mea. Cred \u00een jurnalismul f\u0103cut de cet\u0103\u021beni pentru cet\u0103\u021beni \u0219i \u00een faptul c\u0103 presa este a patra putere \u00een stat. M\u0103 str\u0103duiesc s\u0103 v\u0103 aduc, pe ecrane, tot ce \u201emi\u0219c\u0103\u201d prin Bucure\u0219ti, de la proiecte de consiliu local \u0219i interviuri p\u00e2n\u0103 la pove\u0219ti de weekend \u0219i reportaje.\",\"url\":\"https:\\\/\\\/buletin.de\\\/bucuresti\\\/author\\\/alexandru-stan\\\/\"}]}<\/script>\n<!-- \/ Yoast SEO Premium plugin. -->","yoast_head_json":{"title":"Ce vrea la schimb Ministerul de Externe pentru a preda c\u0103tre PMB parcela din Parcul Her\u0103str\u0103u pe care nu o mai \u00eengrije\u0219te - Buletin de Bucure\u0219ti","description":"Ciprian Ciucu sper\u0103 s\u0103 aduc\u0103 la Prim\u0103ria Capitalei parcela din Parcul Her\u0103str\u0103u administrat\u0103 de Ministerul Afacerilor Externe (MAE).","robots":{"index":"index","follow":"follow","max-snippet":"max-snippet:-1","max-image-preview":"max-image-preview:large","max-video-preview":"max-video-preview:-1"},"canonical":"https:\/\/buletin.de\/bucuresti\/ce-vrea-la-schimb-ministerul-de-externe-pentru-a-preda-parcela-din-parcul-herastrau-pe-care-nu-o-mai-ingrijeste\/","og_locale":"en_GB","og_type":"article","og_title":"Ce vrea la schimb Ministerul de Externe pentru a preda c\u0103tre PMB parcela din Parcul Her\u0103str\u0103u pe care nu o mai \u00eengrije\u0219te","og_description":"Ciprian Ciucu sper\u0103 s\u0103 aduc\u0103 la Prim\u0103ria Capitalei parcela din Parcul Her\u0103str\u0103u administrat\u0103 de Ministerul Afacerilor Externe (MAE).","og_url":"https:\/\/buletin.de\/bucuresti\/ce-vrea-la-schimb-ministerul-de-externe-pentru-a-preda-parcela-din-parcul-herastrau-pe-care-nu-o-mai-ingrijeste\/","og_site_name":"Buletin de Bucure\u0219ti","article_publisher":"https:\/\/www.facebook.com\/buletin.de.buc","article_published_time":"2026-08-31T03:38:00+00:00","article_modified_time":"2026-08-31T04:19:25+00:00","og_image":[{"width":1600,"height":1066,"url":"https:\/\/buletin.de\/bucuresti\/wp-content\/uploads\/2026\/08\/745715664_1505572117459917_8946806352712233702_n-1600x1066-1.jpg","type":"image\/jpeg"}],"author":"Alexandru Stan","twitter_card":"summary_large_image","twitter_misc":{"Written by":"Alexandru Stan","Estimated reading time":"4 minutes"},"schema":{"@context":"https:\/\/schema.org","@graph":[{"@type":"Article","@id":"https:\/\/buletin.de\/bucuresti\/ce-vrea-la-schimb-ministerul-de-externe-pentru-a-preda-parcela-din-parcul-herastrau-pe-care-nu-o-mai-ingrijeste\/#article","isPartOf":{"@id":"https:\/\/buletin.de\/bucuresti\/ce-vrea-la-schimb-ministerul-de-externe-pentru-a-preda-parcela-din-parcul-herastrau-pe-care-nu-o-mai-ingrijeste\/"},"author":{"name":"Alexandru Stan","@id":"https:\/\/buletin.de\/bucuresti\/#\/schema\/person\/104a46bbe8be6e336fecf63974383951"},"headline":"Ce vrea la schimb Ministerul de Externe pentru a preda c\u0103tre PMB parcela din Parcul Her\u0103str\u0103u pe care nu o mai \u00eengrije\u0219te","datePublished":"2026-08-31T03:38:00+00:00","dateModified":"2026-08-31T04:19:25+00:00","mainEntityOfPage":{"@id":"https:\/\/buletin.de\/bucuresti\/ce-vrea-la-schimb-ministerul-de-externe-pentru-a-preda-parcela-din-parcul-herastrau-pe-care-nu-o-mai-ingrijeste\/"},"wordCount":873,"publisher":{"@id":"https:\/\/buletin.de\/bucuresti\/#organization"},"image":{"@id":"https:\/\/buletin.de\/bucuresti\/ce-vrea-la-schimb-ministerul-de-externe-pentru-a-preda-parcela-din-parcul-herastrau-pe-care-nu-o-mai-ingrijeste\/#primaryimage"},"thumbnailUrl":"https:\/\/buletin.de\/bucuresti\/wp-content\/uploads\/2026\/08\/745715664_1505572117459917_8946806352712233702_n-1600x1066-1.jpg","keywords":["ciprian ciucu","mae","Ministerul Afacerilor Externe","Parcul Her\u0103str\u0103u","pmb","refacere parcul her\u0103str\u0103u"],"articleSection":["Articole","Main","Prim\u0103rie"],"inLanguage":"en-GB","copyrightYear":"2026","copyrightHolder":{"@id":"https:\/\/buletin.de\/bucuresti\/#organization"}},{"@type":"WebPage","@id":"https:\/\/buletin.de\/bucuresti\/ce-vrea-la-schimb-ministerul-de-externe-pentru-a-preda-parcela-din-parcul-herastrau-pe-care-nu-o-mai-ingrijeste\/","url":"https:\/\/buletin.de\/bucuresti\/ce-vrea-la-schimb-ministerul-de-externe-pentru-a-preda-parcela-din-parcul-herastrau-pe-care-nu-o-mai-ingrijeste\/","name":"Ce vrea la schimb Ministerul de Externe pentru a preda c\u0103tre PMB parcela din Parcul Her\u0103str\u0103u pe care nu o mai \u00eengrije\u0219te - Buletin de Bucure\u0219ti","isPartOf":{"@id":"https:\/\/buletin.de\/bucuresti\/#website"},"primaryImageOfPage":{"@id":"https:\/\/buletin.de\/bucuresti\/ce-vrea-la-schimb-ministerul-de-externe-pentru-a-preda-parcela-din-parcul-herastrau-pe-care-nu-o-mai-ingrijeste\/#primaryimage"},"image":{"@id":"https:\/\/buletin.de\/bucuresti\/ce-vrea-la-schimb-ministerul-de-externe-pentru-a-preda-parcela-din-parcul-herastrau-pe-care-nu-o-mai-ingrijeste\/#primaryimage"},"thumbnailUrl":"https:\/\/buletin.de\/bucuresti\/wp-content\/uploads\/2026\/08\/745715664_1505572117459917_8946806352712233702_n-1600x1066-1.jpg","datePublished":"2026-08-31T03:38:00+00:00","dateModified":"2026-08-31T04:19:25+00:00","description":"Ciprian Ciucu sper\u0103 s\u0103 aduc\u0103 la Prim\u0103ria Capitalei parcela din Parcul Her\u0103str\u0103u administrat\u0103 de Ministerul Afacerilor Externe (MAE).","breadcrumb":{"@id":"https:\/\/buletin.de\/bucuresti\/ce-vrea-la-schimb-ministerul-de-externe-pentru-a-preda-parcela-din-parcul-herastrau-pe-care-nu-o-mai-ingrijeste\/#breadcrumb"},"inLanguage":"en-GB","potentialAction":[{"@type":"ReadAction","target":["https:\/\/buletin.de\/bucuresti\/ce-vrea-la-schimb-ministerul-de-externe-pentru-a-preda-parcela-din-parcul-herastrau-pe-care-nu-o-mai-ingrijeste\/"]}]},{"@type":"ImageObject","inLanguage":"en-GB","@id":"https:\/\/buletin.de\/bucuresti\/ce-vrea-la-schimb-ministerul-de-externe-pentru-a-preda-parcela-din-parcul-herastrau-pe-care-nu-o-mai-ingrijeste\/#primaryimage","url":"https:\/\/buletin.de\/bucuresti\/wp-content\/uploads\/2026\/08\/745715664_1505572117459917_8946806352712233702_n-1600x1066-1.jpg","contentUrl":"https:\/\/buletin.de\/bucuresti\/wp-content\/uploads\/2026\/08\/745715664_1505572117459917_8946806352712233702_n-1600x1066-1.jpg","width":1600,"height":1066,"caption":"FOTO: PMB"},{"@type":"BreadcrumbList","@id":"https:\/\/buletin.de\/bucuresti\/ce-vrea-la-schimb-ministerul-de-externe-pentru-a-preda-parcela-din-parcul-herastrau-pe-care-nu-o-mai-ingrijeste\/#breadcrumb","itemListElement":[{"@type":"ListItem","position":1,"name":"Acas\u0103","item":"https:\/\/buletin.de\/bucuresti\/"},{"@type":"ListItem","position":2,"name":"Ce vrea la schimb Ministerul de Externe pentru a preda c\u0103tre PMB parcela din Parcul Her\u0103str\u0103u pe care nu o mai \u00eengrije\u0219te"}]},{"@type":"WebSite","@id":"https:\/\/buletin.de\/bucuresti\/#website","url":"https:\/\/buletin.de\/bucuresti\/","name":"Buletin de Bucure\u0219ti","description":"\u0218tiri \u0219i investiga\u021bii esen\u021biale din capital\u0103","publisher":{"@id":"https:\/\/buletin.de\/bucuresti\/#organization"},"potentialAction":[{"@type":"SearchAction","target":{"@type":"EntryPoint","urlTemplate":"https:\/\/buletin.de\/bucuresti\/?s={search_term_string}"},"query-input":{"@type":"PropertyValueSpecification","valueRequired":true,"valueName":"search_term_string"}}],"inLanguage":"en-GB"},{"@type":"Organization","@id":"https:\/\/buletin.de\/bucuresti\/#organization","name":"Buletin de Bucure\u0219ti","url":"https:\/\/buletin.de\/bucuresti\/","logo":{"@type":"ImageObject","inLanguage":"en-GB","@id":"https:\/\/buletin.de\/bucuresti\/#\/schema\/logo\/image\/","url":"https:\/\/buletin.de\/bucuresti\/wp-content\/uploads\/logo-bdb-full-wide-vernil-transparent.png","contentUrl":"https:\/\/buletin.de\/bucuresti\/wp-content\/uploads\/logo-bdb-full-wide-vernil-transparent.png","width":1782,"height":626,"caption":"Buletin de Bucure\u0219ti"},"image":{"@id":"https:\/\/buletin.de\/bucuresti\/#\/schema\/logo\/image\/"},"sameAs":["https:\/\/www.facebook.com\/buletin.de.buc","https:\/\/www.instagram.com\/buletinde.bucuresti\/"]},{"@type":"Person","@id":"https:\/\/buletin.de\/bucuresti\/#\/schema\/person\/104a46bbe8be6e336fecf63974383951","name":"Alexandru Stan","image":{"@type":"ImageObject","inLanguage":"en-GB","@id":"https:\/\/buletin.de\/bucuresti\/wp-content\/uploads\/2026\/07\/BDB_Alexandru-4-96x96.jpga3c299c77690d3b1ab5def97e8de4c6c","url":"https:\/\/buletin.de\/bucuresti\/wp-content\/uploads\/2026\/07\/BDB_Alexandru-4-96x96.jpg","contentUrl":"https:\/\/buletin.de\/bucuresti\/wp-content\/uploads\/2026\/07\/BDB_Alexandru-4-96x96.jpg","caption":"Alexandru Stan"},"description":"Absolvent al Colegiului Na\u021bional \u201eMihai Eminescu\u201d \u0219i student la Politehnica. Lucrez la Buletin de Bucure\u0219ti ca reporter de la v\u00e2rsta de 17 ani. M-am n\u0103scut \u0219i am crescut cu m\u00e2ndrie \u00een Bucure\u0219ti, ora\u0219ul pove\u0219tilor \u0219i al c\u0103su\u021belor cu porti\u021b\u0103 \u0219i ci\u0219mea. Cred \u00een jurnalismul f\u0103cut de cet\u0103\u021beni pentru cet\u0103\u021beni \u0219i \u00een faptul c\u0103 presa este a patra putere \u00een stat. M\u0103 str\u0103duiesc s\u0103 v\u0103 aduc, pe ecrane, tot ce \u201emi\u0219c\u0103\u201d prin Bucure\u0219ti, de la proiecte de consiliu local \u0219i interviuri p\u00e2n\u0103 la pove\u0219ti de weekend \u0219i reportaje.","url":"https:\/\/buletin.de\/bucuresti\/author\/alexandru-stan\/"}]}},"authors":[{"term_id":22577,"user_id":61,"is_guest":0,"slug":"alexandru-stan","display_name":"Alexandru Stan","avatar_url":"https:\/\/buletin.de\/bucuresti\/wp-content\/uploads\/2026\/07\/BDB_Alexandru-4-96x96.jpg","author_category":"","first_name":"Alexandru","last_name":"Stan","user_url":"","job_title":"","description":"Absolvent al Colegiului Na\u021bional \u201eMihai Eminescu\u201d \u0219i student la Politehnica. Lucrez la Buletin de Bucure\u0219ti ca reporter de la v\u00e2rsta de 17 ani. M-am n\u0103scut \u0219i am crescut cu m\u00e2ndrie \u00een Bucure\u0219ti, ora\u0219ul pove\u0219tilor \u0219i al c\u0103su\u021belor cu porti\u021b\u0103 \u0219i ci\u0219mea.\r\n\r\nCred \u00een jurnalismul f\u0103cut de cet\u0103\u021beni pentru cet\u0103\u021beni \u0219i \u00een faptul c\u0103 presa este a patra putere \u00een stat. M\u0103 str\u0103duiesc s\u0103 v\u0103 aduc, pe ecrane, tot ce \u201emi\u0219c\u0103\u201d prin Bucure\u0219ti, de la proiecte de consiliu local \u0219i interviuri p\u00e2n\u0103 la pove\u0219ti de weekend \u0219i reportaje."}],"_links":{"self":[{"href":"https:\/\/buletin.de\/bucuresti\/wp-json\/wp\/v2\/posts\/214922","targetHints":{"allow":["GET"]}}],"collection":[{"href":"https:\/\/buletin.de\/bucuresti\/wp-json\/wp\/v2\/posts"}],"about":[{"href":"https:\/\/buletin.de\/bucuresti\/wp-json\/wp\/v2\/types\/post"}],"author":[{"embeddable":true,"href":"https:\/\/buletin.de\/bucuresti\/wp-json\/wp\/v2\/users\/61"}],"replies":[{"embeddable":true,"href":"https:\/\/buletin.de\/bucuresti\/wp-json\/wp\/v2\/comments?post=214922"}],"version-history":[{"count":7,"href":"https:\/\/buletin.de\/bucuresti\/wp-json\/wp\/v2\/posts\/214922\/revisions"}],"predecessor-version":[{"id":215054,"href":"https:\/\/buletin.de\/bucuresti\/wp-json\/wp\/v2\/posts\/214922\/revisions\/215054"}],"wp:featuredmedia":[{"embeddable":true,"href":"https:\/\/buletin.de\/bucuresti\/wp-json\/wp\/v2\/media\/214928"}],"wp:attachment":[{"href":"https:\/\/buletin.de\/bucuresti\/wp-json\/wp\/v2\/media?parent=214922"}],"wp:term":[{"taxonomy":"category","embeddable":true,"href":"https:\/\/buletin.de\/bucuresti\/wp-json\/wp\/v2\/categories?post=214922"},{"taxonomy":"post_tag","embeddable":true,"href":"https:\/\/buletin.de\/bucuresti\/wp-json\/wp\/v2\/tags?post=214922"},{"taxonomy":"author","embeddable":true,"href":"https:\/\/buletin.de\/bucuresti\/wp-json\/wp\/v2\/ppma_author?post=214922"}],"curies":[{"name":"wp","href":"https:\/\/api.w.org\/{rel}","templated":true}]}}