{"id":214863,"date":"2026-08-31T06:07:21","date_gmt":"2026-08-31T03:07:21","guid":{"rendered":"https:\/\/buletin.de\/bucuresti\/?p=214863"},"modified":"2026-08-31T07:00:23","modified_gmt":"2026-08-31T04:00:23","slug":"foto-drumul-agricol-pe-care-primarul-din-berceni-il-vrea-asfaltat-pentru-a-permite-reparatiile-la-pasajul-peste-a0-este-impanzit-de-alei-de-servitute-gata-betonate","status":"publish","type":"post","link":"https:\/\/buletin.de\/bucuresti\/foto-drumul-agricol-pe-care-primarul-din-berceni-il-vrea-asfaltat-pentru-a-permite-reparatiile-la-pasajul-peste-a0-este-impanzit-de-alei-de-servitute-gata-betonate\/","title":{"rendered":"FOTO | Drumul agricol pe care primarul din Berceni \u00eel vrea asfaltat pentru a permite repara\u021biile la pasajul peste A0 este \u00eemp\u00e2nzit de \u201ealei de servitute\u201d gata betonate"},"content":{"rendered":"\n<p class=\"wp-block-paragraph\"><strong>\u201eR\u0103zboiul\u201d pentru pasajul peste Autostrada A0, din comuna Berceni, a devenit, \u00een cel mai recent episod, o \u201er\u0103scoal\u0103 local\u0103\u201d, condus\u0103 chiar de c\u0103tre primar \u00eempotriva constructorului \u0219i a CNAIR. <\/strong><\/p>\n\n\n\n<p class=\"wp-block-paragraph\"><strong>\u00cen urm\u0103 cu o s\u0103pt\u0103m\u00e2n\u0103, \u00eenainte ca tot acest conflict administrativ s\u0103 ia propor\u021bii, reporterii Buletin de Bucure\u0219ti au mers la fa\u021ba locului pentru a vedea cum arat\u0103 drumul agricol pe care <a href=\"https:\/\/www.primariaberceni.ro\/\" target=\"_blank\" rel=\"noreferrer noopener\">primarul din Berceni<\/a> \u00eel vrea asfaltat pentru a permite \u00eenceperea lucr\u0103rilor la podul peste Autostrada de Centur\u0103.<\/strong><\/p>\n\n\n\n<p class=\"wp-block-paragraph\">Vizita a venit \u00een contextul \u00een care, \u00een urm\u0103 cu c\u00e2teva s\u0103pt\u0103m\u00e2ni, CNAIR a transmis la solicitarea redac\u021biei c\u0103 solu\u021bia propus\u0103 de primarul liberal George Ene(PNL) ar fi imposibil de realizat, \u00eentruc\u00e2t asfaltarea \u0219i preg\u0103tirea carosabilului ar dura \u0219ase luni, \u00een timp ce lucr\u0103rile la pod ar fi gata \u00een doar trei.<\/p>\n\n\n\n<p class=\"wp-block-paragraph\"><strong>CITE\u0218TE \u0218I: <a href=\"https:\/\/buletin.de\/bucuresti\/primaria-berceni-tine-pe-loc-reparatiile-la-podul-peste-autostrada-a0-de-pe-raza-comunei-acuza-cnair-cand-va-fi-restrictionat-traficul-rutier\/\">Prim\u0103ria Berceni \u021bine pe loc repara\u021biile la podul peste autostrada A0 de pe raza comunei, acuz\u0103 CNAIR. C\u00e2nd va fi restric\u021bionat traficul rutier<\/a><\/strong><\/p>\n\n\n\n<p class=\"wp-block-paragraph\">Solu\u021bia propus\u0103 de prim\u0103rie pentru devierea traficului pe perioada lucr\u0103rilor este asfaltarea unui drum agricol pe traseul DJ 401 \u2013 Str. Sf\u00e2nta Ana \u2013 Str. Lanului \u2013 DNCB. Constructorul care trebuie s\u0103 refac\u0103 podul pe garan\u021bie a refuzat categoric aceast\u0103 variant\u0103, \u00eentruc\u00e2t era foarte scump\u0103 \u0219i greu de pus \u00een practic\u0103.<\/p>\n\n\n\n<p class=\"wp-block-paragraph\">La fa\u021ba locului, pe aceast\u0103 propunere de deviere, am g\u0103sit un drum aparent \u201erespectabil\u201d, p\u00e2n\u0103 la un punct. Dup\u0103 principiul \u201eafar\u0103-i vopsit gardul, \u00eenauntru leopardul\u201d, am r\u0103mas surprin\u0219i de o bucat\u0103 consistent\u0103 de p\u0103m\u00e2nt, prost \u00eentre\u021binut\u0103, \u201epavat\u0103\u201c din loc \u00een loc cu pietri\u0219 \u0219i piatr\u0103 spart\u0103.<\/p>\n\n\n\n<figure class=\"wp-block-gallery has-nested-images columns-default is-cropped wp-block-gallery-1 is-layout-flex wp-block-gallery-is-layout-flex\">\n<figure class=\"wp-block-image size-large\"><img fetchpriority=\"high\" decoding=\"async\" width=\"1000\" height=\"667\" data-id=\"214866\" src=\"data:image\/gif;base64,R0lGODlhAQABAAAAACH5BAEKAAEALAAAAAABAAEAAAICTAEAOw==\" data-src=\"https:\/\/buletin.de\/bucuresti\/wp-content\/uploads\/2026\/08\/DSC04080-1000x667.jpg\" alt=\"pasajul peste A0\" class=\"wp-image-214866 lazyload\" data-sizes=\"auto\" data-srcset=\"https:\/\/buletin.de\/bucuresti\/wp-content\/uploads\/2026\/08\/DSC04080-1000x667.jpg 1000w, https:\/\/buletin.de\/bucuresti\/wp-content\/uploads\/2026\/08\/DSC04080-300x200.jpg 300w, https:\/\/buletin.de\/bucuresti\/wp-content\/uploads\/2026\/08\/DSC04080-768x512.jpg 768w, https:\/\/buletin.de\/bucuresti\/wp-content\/uploads\/2026\/08\/DSC04080-1536x1024.jpg 1536w, https:\/\/buletin.de\/bucuresti\/wp-content\/uploads\/2026\/08\/DSC04080-2048x1365.jpg 2048w, https:\/\/buletin.de\/bucuresti\/wp-content\/uploads\/2026\/08\/DSC04080-1600x1067.jpg 1600w, https:\/\/buletin.de\/bucuresti\/wp-content\/uploads\/2026\/08\/DSC04080-1100x733.jpg 1100w, https:\/\/buletin.de\/bucuresti\/wp-content\/uploads\/2026\/08\/DSC04080-600x400.jpg 600w, https:\/\/buletin.de\/bucuresti\/wp-content\/uploads\/2026\/08\/DSC04080-20x13.jpg 20w\" sizes=\"(max-width: 1000px) 100vw, 1000px\" \/><figcaption class=\"wp-element-caption\">FOTO: Alexandru Stan<\/figcaption><\/figure>\n<\/figure>\n\n\n\n<p class=\"wp-block-paragraph\">Din poz\u0103 se poate observa c\u0103, pe alocuri, greu pot trece dou\u0103 ma\u0219ini una pe l\u00e2ng\u0103 alta, iar drumul face mai mult parte din categoria celor agricole. <\/p>\n\n\n\n<p class=\"wp-block-paragraph\">Nici nu \u00eencape idee c\u0103 pe aici ar putea trece vehicule de mare tonaj, mai ales c\u00e2nd plou\u0103, sau c\u0103 ar putea circula autobuze cu c\u0103l\u0103tori \u00een condi\u021biile actuale. Nu ar avea loc \u0219i s-ar afunda \u00een n\u0103mol.<\/p>\n\n\n\n<p class=\"wp-block-paragraph\">De asemenea, r\u0103m\u00e2ne \u00eenc\u0103 o \u00eentrebare \u00een aer: c<strong>e se va \u00eent\u00e2mpla cu cartierul de vile abia \u00eenceput \u00een c\u00e2mp atunci c\u00e2nd se va devia tot acest trafic greu pe acest drum? <\/strong>Vor mai fi oamenii \u00eenc\u00e2nta\u021bi c\u00e2nd vor sta \u00een trafic pentru a ajunge acas\u0103?<\/p>\n\n\n\n<p class=\"wp-block-paragraph\">Un lucru totu\u0219i nu a r\u0103mas neobservat \u00een zon\u0103. De\u0219i drumul de p\u0103m\u00e2nt este \u00eentr-o stare proast\u0103, pe \u201estrad\u0103\u201c suntem informa\u021bi din loc \u00een loc c\u0103 suntem supraveghea\u021bi cu un sistem video ce pare c\u0103 ne prive\u0219te din toate direc\u021biile.<\/p>\n\n\n\n<figure class=\"wp-block-gallery has-nested-images columns-default is-cropped wp-block-gallery-2 is-layout-flex wp-block-gallery-is-layout-flex\">\n<figure class=\"wp-block-image size-large\"><img decoding=\"async\" width=\"1000\" height=\"667\" data-id=\"214869\" src=\"data:image\/gif;base64,R0lGODlhAQABAAAAACH5BAEKAAEALAAAAAABAAEAAAICTAEAOw==\" data-src=\"https:\/\/buletin.de\/bucuresti\/wp-content\/uploads\/2026\/08\/DSC04158-1000x667.jpg\" alt=\"FOTO: Alexandru Stan\" class=\"wp-image-214869 lazyload\" data-sizes=\"auto\" data-srcset=\"https:\/\/buletin.de\/bucuresti\/wp-content\/uploads\/2026\/08\/DSC04158-1000x667.jpg 1000w, https:\/\/buletin.de\/bucuresti\/wp-content\/uploads\/2026\/08\/DSC04158-300x200.jpg 300w, https:\/\/buletin.de\/bucuresti\/wp-content\/uploads\/2026\/08\/DSC04158-768x512.jpg 768w, https:\/\/buletin.de\/bucuresti\/wp-content\/uploads\/2026\/08\/DSC04158-1536x1024.jpg 1536w, https:\/\/buletin.de\/bucuresti\/wp-content\/uploads\/2026\/08\/DSC04158-2048x1365.jpg 2048w, https:\/\/buletin.de\/bucuresti\/wp-content\/uploads\/2026\/08\/DSC04158-1600x1067.jpg 1600w, https:\/\/buletin.de\/bucuresti\/wp-content\/uploads\/2026\/08\/DSC04158-1100x733.jpg 1100w, https:\/\/buletin.de\/bucuresti\/wp-content\/uploads\/2026\/08\/DSC04158-600x400.jpg 600w, https:\/\/buletin.de\/bucuresti\/wp-content\/uploads\/2026\/08\/DSC04158-20x13.jpg 20w\" sizes=\"(max-width: 1000px) 100vw, 1000px\" \/><figcaption class=\"wp-element-caption\">FOTO: Alexandru Stan<\/figcaption><\/figure>\n<\/figure>\n\n\n\n<p class=\"wp-block-paragraph\"><strong>CITE\u0218TE \u0218I: <a href=\"https:\/\/buletin.de\/bucuresti\/video-primarul-din-berceni-a-iesit-in-strada-si-a-oprit-lucrarile-de-reparatii-la-pasajul-de-peste-a0-luni-ma-gasiti-spanzurat-si-pe-mine-si-pe-baieti-de-pod\/\" target=\"_blank\" rel=\"noreferrer noopener\">VIDEO | Primarul din Berceni a ie\u0219it \u00een strad\u0103 \u0219i a oprit lucr\u0103rile de repara\u021bii la pasajul de peste A0: \u201eLuni m\u0103 g\u0103si\u021bi sp\u00e2nzurat \u0219i pe mine \u0219i pe b\u0103ie\u021bi, de pod\u201d<\/a><\/strong><\/p>\n\n\n\n<h2 id=\"h-alei-de-servitute-gate-betonate-in-mijlocul-campului\" class=\"wp-block-heading\">\u201eAlei de servitute\u201d gate betonate, \u00een mijlocul c\u00e2mpului<\/h2>\n\n\n\n<p class=\"wp-block-paragraph\"><strong>De\u0219i nu am putut s\u0103 parcurgem \u00eentreaga lungime a sec\u021biunii de 4,5 kilometri pe care George Ene o vrea asfaltat\u0103 \u00een schimbul avizului ce va permite desf\u0103\u0219urarea lucr\u0103rilor la pasajul peste A0, am avut ocazia s\u0103 surprindem o serie de \u201ealei de servitute\u201d gata betonate, care se aflau \u00een mijlocul c\u00e2mpului, \u00eentre mai multe parcele de p\u0103m\u00e2nt.<\/strong><\/p>\n\n\n\n<p class=\"wp-block-paragraph\">Nu am mai mers mai departe, pentru c\u0103 riscam s\u0103 r\u0103m\u00e2nem \u00eempotmoli\u021bi pe \u201edrumul de tractoare\u201d.<\/p>\n\n\n\n<figure class=\"wp-block-gallery has-nested-images columns-default is-cropped wp-block-gallery-3 is-layout-flex wp-block-gallery-is-layout-flex\">\n<figure class=\"wp-block-image size-large\"><img decoding=\"async\" width=\"1000\" height=\"667\" data-id=\"214873\" src=\"data:image\/gif;base64,R0lGODlhAQABAAAAACH5BAEKAAEALAAAAAABAAEAAAICTAEAOw==\" data-src=\"https:\/\/buletin.de\/bucuresti\/wp-content\/uploads\/2026\/08\/DSC04172-1000x667.jpg\" alt=\"pasajul peste A0\" class=\"wp-image-214873 lazyload\" data-sizes=\"auto\" data-srcset=\"https:\/\/buletin.de\/bucuresti\/wp-content\/uploads\/2026\/08\/DSC04172-1000x667.jpg 1000w, https:\/\/buletin.de\/bucuresti\/wp-content\/uploads\/2026\/08\/DSC04172-300x200.jpg 300w, https:\/\/buletin.de\/bucuresti\/wp-content\/uploads\/2026\/08\/DSC04172-768x512.jpg 768w, https:\/\/buletin.de\/bucuresti\/wp-content\/uploads\/2026\/08\/DSC04172-1536x1024.jpg 1536w, https:\/\/buletin.de\/bucuresti\/wp-content\/uploads\/2026\/08\/DSC04172-2048x1365.jpg 2048w, https:\/\/buletin.de\/bucuresti\/wp-content\/uploads\/2026\/08\/DSC04172-1600x1067.jpg 1600w, https:\/\/buletin.de\/bucuresti\/wp-content\/uploads\/2026\/08\/DSC04172-1100x733.jpg 1100w, https:\/\/buletin.de\/bucuresti\/wp-content\/uploads\/2026\/08\/DSC04172-600x400.jpg 600w, https:\/\/buletin.de\/bucuresti\/wp-content\/uploads\/2026\/08\/DSC04172-20x13.jpg 20w\" sizes=\"(max-width: 1000px) 100vw, 1000px\" \/><figcaption class=\"wp-element-caption\">FOTO: Alexandru Stan<\/figcaption><\/figure>\n<\/figure>\n\n\n\n<p class=\"wp-block-paragraph\">Din imaginile surprinse de reporterii <strong>Buletin de Bucure\u0219ti<\/strong> se poate observa c\u0103 drumul se afl\u0103 \u00eentr-o condi\u021bie deosebit de proast\u0103 pentru circula\u021bia intens\u0103 a automobilelor \u00een zon\u0103. <\/p>\n\n\n\n<p class=\"wp-block-paragraph\">Cu at\u00e2t mai mult cu c\u00e2t \u00een aceast\u0103 zona s-a renun\u021bat inclusiv la piatra spart\u0103, care contribuia la un minim de sus\u021binere \u0219i aderen\u021b\u0103 a vehiculelor grele care ar urma s\u0103 tranziteze zona.<\/p>\n\n\n\n<figure class=\"wp-block-gallery has-nested-images columns-default is-cropped wp-block-gallery-4 is-layout-flex wp-block-gallery-is-layout-flex\">\n<figure class=\"wp-block-image size-large\"><img loading=\"lazy\" decoding=\"async\" width=\"1000\" height=\"667\" data-id=\"214874\" src=\"data:image\/gif;base64,R0lGODlhAQABAAAAACH5BAEKAAEALAAAAAABAAEAAAICTAEAOw==\" data-src=\"https:\/\/buletin.de\/bucuresti\/wp-content\/uploads\/2026\/08\/DSC04164-1000x667.jpg\" alt=\"pasajul peste A0\" class=\"wp-image-214874 lazyload\" data-sizes=\"auto\" data-srcset=\"https:\/\/buletin.de\/bucuresti\/wp-content\/uploads\/2026\/08\/DSC04164-1000x667.jpg 1000w, https:\/\/buletin.de\/bucuresti\/wp-content\/uploads\/2026\/08\/DSC04164-300x200.jpg 300w, https:\/\/buletin.de\/bucuresti\/wp-content\/uploads\/2026\/08\/DSC04164-768x512.jpg 768w, https:\/\/buletin.de\/bucuresti\/wp-content\/uploads\/2026\/08\/DSC04164-1536x1024.jpg 1536w, https:\/\/buletin.de\/bucuresti\/wp-content\/uploads\/2026\/08\/DSC04164-2048x1365.jpg 2048w, https:\/\/buletin.de\/bucuresti\/wp-content\/uploads\/2026\/08\/DSC04164-1600x1067.jpg 1600w, https:\/\/buletin.de\/bucuresti\/wp-content\/uploads\/2026\/08\/DSC04164-1100x733.jpg 1100w, https:\/\/buletin.de\/bucuresti\/wp-content\/uploads\/2026\/08\/DSC04164-600x400.jpg 600w, https:\/\/buletin.de\/bucuresti\/wp-content\/uploads\/2026\/08\/DSC04164-20x13.jpg 20w\" sizes=\"(max-width: 1000px) 100vw, 1000px\" \/><figcaption class=\"wp-element-caption\">FOTO: Alexandru Stan<\/figcaption><\/figure>\n<\/figure>\n\n\n\n<p class=\"wp-block-paragraph\">Tot pe acest drum de p\u0103m\u00e2nt \u0219i pietri\u0219 r\u0103sar din loc \u00een loc anun\u021buri \u0219i mesh-uri care ne informeaz\u0103 c\u0103 \u00een zon\u0103 g\u0103sim teren intravilan de v\u00e2nzare, dar \u0219i imobile la cheie. \u00centreaga zon\u0103 este \u00een dezvoltare, mai multe proiecte imobiliare fiind finalizate, iar unele case sunt \u201ela ro\u0219u\u201d.<\/p>\n\n\n\n<figure class=\"wp-block-gallery has-nested-images columns-default is-cropped wp-block-gallery-5 is-layout-flex wp-block-gallery-is-layout-flex\">\n<figure class=\"wp-block-image size-large\"><img loading=\"lazy\" decoding=\"async\" width=\"1000\" height=\"667\" data-id=\"214877\" src=\"data:image\/gif;base64,R0lGODlhAQABAAAAACH5BAEKAAEALAAAAAABAAEAAAICTAEAOw==\" data-src=\"https:\/\/buletin.de\/bucuresti\/wp-content\/uploads\/2026\/08\/DSC04085-1000x667.jpg\" alt=\"pasajul peste A0\" class=\"wp-image-214877 lazyload\" data-sizes=\"auto\" data-srcset=\"https:\/\/buletin.de\/bucuresti\/wp-content\/uploads\/2026\/08\/DSC04085-1000x667.jpg 1000w, https:\/\/buletin.de\/bucuresti\/wp-content\/uploads\/2026\/08\/DSC04085-300x200.jpg 300w, https:\/\/buletin.de\/bucuresti\/wp-content\/uploads\/2026\/08\/DSC04085-768x512.jpg 768w, https:\/\/buletin.de\/bucuresti\/wp-content\/uploads\/2026\/08\/DSC04085-1536x1024.jpg 1536w, https:\/\/buletin.de\/bucuresti\/wp-content\/uploads\/2026\/08\/DSC04085-2048x1365.jpg 2048w, https:\/\/buletin.de\/bucuresti\/wp-content\/uploads\/2026\/08\/DSC04085-1600x1067.jpg 1600w, https:\/\/buletin.de\/bucuresti\/wp-content\/uploads\/2026\/08\/DSC04085-1100x733.jpg 1100w, https:\/\/buletin.de\/bucuresti\/wp-content\/uploads\/2026\/08\/DSC04085-600x400.jpg 600w, https:\/\/buletin.de\/bucuresti\/wp-content\/uploads\/2026\/08\/DSC04085-20x13.jpg 20w\" sizes=\"(max-width: 1000px) 100vw, 1000px\" \/><\/figure>\n\n\n\n<figure class=\"wp-block-image size-large\"><img loading=\"lazy\" decoding=\"async\" width=\"1000\" height=\"667\" data-id=\"214880\" src=\"data:image\/gif;base64,R0lGODlhAQABAAAAACH5BAEKAAEALAAAAAABAAEAAAICTAEAOw==\" data-src=\"https:\/\/buletin.de\/bucuresti\/wp-content\/uploads\/2026\/08\/DSC04084-1000x667.jpg\" alt=\"\" class=\"wp-image-214880 lazyload\" data-sizes=\"auto\" data-srcset=\"https:\/\/buletin.de\/bucuresti\/wp-content\/uploads\/2026\/08\/DSC04084-1000x667.jpg 1000w, https:\/\/buletin.de\/bucuresti\/wp-content\/uploads\/2026\/08\/DSC04084-300x200.jpg 300w, https:\/\/buletin.de\/bucuresti\/wp-content\/uploads\/2026\/08\/DSC04084-768x512.jpg 768w, https:\/\/buletin.de\/bucuresti\/wp-content\/uploads\/2026\/08\/DSC04084-1536x1024.jpg 1536w, https:\/\/buletin.de\/bucuresti\/wp-content\/uploads\/2026\/08\/DSC04084-2048x1365.jpg 2048w, https:\/\/buletin.de\/bucuresti\/wp-content\/uploads\/2026\/08\/DSC04084-1600x1067.jpg 1600w, https:\/\/buletin.de\/bucuresti\/wp-content\/uploads\/2026\/08\/DSC04084-1100x733.jpg 1100w, https:\/\/buletin.de\/bucuresti\/wp-content\/uploads\/2026\/08\/DSC04084-600x400.jpg 600w, https:\/\/buletin.de\/bucuresti\/wp-content\/uploads\/2026\/08\/DSC04084-20x13.jpg 20w\" sizes=\"(max-width: 1000px) 100vw, 1000px\" \/><\/figure>\n\n\n\n<figure class=\"wp-block-image size-large\"><img loading=\"lazy\" decoding=\"async\" width=\"1000\" height=\"667\" data-id=\"214879\" src=\"data:image\/gif;base64,R0lGODlhAQABAAAAACH5BAEKAAEALAAAAAABAAEAAAICTAEAOw==\" data-src=\"https:\/\/buletin.de\/bucuresti\/wp-content\/uploads\/2026\/08\/DSC04083-1000x667.jpg\" alt=\"\" class=\"wp-image-214879 lazyload\" data-sizes=\"auto\" data-srcset=\"https:\/\/buletin.de\/bucuresti\/wp-content\/uploads\/2026\/08\/DSC04083-1000x667.jpg 1000w, https:\/\/buletin.de\/bucuresti\/wp-content\/uploads\/2026\/08\/DSC04083-300x200.jpg 300w, https:\/\/buletin.de\/bucuresti\/wp-content\/uploads\/2026\/08\/DSC04083-768x512.jpg 768w, https:\/\/buletin.de\/bucuresti\/wp-content\/uploads\/2026\/08\/DSC04083-1536x1024.jpg 1536w, https:\/\/buletin.de\/bucuresti\/wp-content\/uploads\/2026\/08\/DSC04083-2048x1365.jpg 2048w, https:\/\/buletin.de\/bucuresti\/wp-content\/uploads\/2026\/08\/DSC04083-1600x1067.jpg 1600w, https:\/\/buletin.de\/bucuresti\/wp-content\/uploads\/2026\/08\/DSC04083-1100x733.jpg 1100w, https:\/\/buletin.de\/bucuresti\/wp-content\/uploads\/2026\/08\/DSC04083-600x400.jpg 600w, https:\/\/buletin.de\/bucuresti\/wp-content\/uploads\/2026\/08\/DSC04083-20x13.jpg 20w\" sizes=\"(max-width: 1000px) 100vw, 1000px\" \/><\/figure>\n\n\n\n<figure class=\"wp-block-image size-large\"><img loading=\"lazy\" decoding=\"async\" width=\"1000\" height=\"667\" data-id=\"214878\" src=\"data:image\/gif;base64,R0lGODlhAQABAAAAACH5BAEKAAEALAAAAAABAAEAAAICTAEAOw==\" data-src=\"https:\/\/buletin.de\/bucuresti\/wp-content\/uploads\/2026\/08\/DSC04088-1000x667.jpg\" alt=\"pasajul peste A0\" class=\"wp-image-214878 lazyload\" data-sizes=\"auto\" data-srcset=\"https:\/\/buletin.de\/bucuresti\/wp-content\/uploads\/2026\/08\/DSC04088-1000x667.jpg 1000w, https:\/\/buletin.de\/bucuresti\/wp-content\/uploads\/2026\/08\/DSC04088-300x200.jpg 300w, https:\/\/buletin.de\/bucuresti\/wp-content\/uploads\/2026\/08\/DSC04088-768x512.jpg 768w, https:\/\/buletin.de\/bucuresti\/wp-content\/uploads\/2026\/08\/DSC04088-1536x1024.jpg 1536w, https:\/\/buletin.de\/bucuresti\/wp-content\/uploads\/2026\/08\/DSC04088-2048x1365.jpg 2048w, https:\/\/buletin.de\/bucuresti\/wp-content\/uploads\/2026\/08\/DSC04088-1600x1067.jpg 1600w, https:\/\/buletin.de\/bucuresti\/wp-content\/uploads\/2026\/08\/DSC04088-1100x733.jpg 1100w, https:\/\/buletin.de\/bucuresti\/wp-content\/uploads\/2026\/08\/DSC04088-600x400.jpg 600w, https:\/\/buletin.de\/bucuresti\/wp-content\/uploads\/2026\/08\/DSC04088-20x13.jpg 20w\" sizes=\"(max-width: 1000px) 100vw, 1000px\" \/><\/figure>\n<figcaption class=\"blocks-gallery-caption wp-element-caption\">FOTO: Alexandru Stan<\/figcaption><\/figure>\n\n\n\n<figure class=\"wp-block-gallery has-nested-images columns-default is-cropped wp-block-gallery-6 is-layout-flex wp-block-gallery-is-layout-flex\">\n<figure class=\"wp-block-image size-large\"><img loading=\"lazy\" decoding=\"async\" width=\"1000\" height=\"667\" data-id=\"214883\" src=\"data:image\/gif;base64,R0lGODlhAQABAAAAACH5BAEKAAEALAAAAAABAAEAAAICTAEAOw==\" data-src=\"https:\/\/buletin.de\/bucuresti\/wp-content\/uploads\/2026\/08\/DSC04173-1000x667.jpg\" alt=\"\" class=\"wp-image-214883 lazyload\" data-sizes=\"auto\" data-srcset=\"https:\/\/buletin.de\/bucuresti\/wp-content\/uploads\/2026\/08\/DSC04173-1000x667.jpg 1000w, https:\/\/buletin.de\/bucuresti\/wp-content\/uploads\/2026\/08\/DSC04173-300x200.jpg 300w, https:\/\/buletin.de\/bucuresti\/wp-content\/uploads\/2026\/08\/DSC04173-768x512.jpg 768w, https:\/\/buletin.de\/bucuresti\/wp-content\/uploads\/2026\/08\/DSC04173-1536x1024.jpg 1536w, https:\/\/buletin.de\/bucuresti\/wp-content\/uploads\/2026\/08\/DSC04173-2048x1365.jpg 2048w, https:\/\/buletin.de\/bucuresti\/wp-content\/uploads\/2026\/08\/DSC04173-1600x1067.jpg 1600w, https:\/\/buletin.de\/bucuresti\/wp-content\/uploads\/2026\/08\/DSC04173-1100x733.jpg 1100w, https:\/\/buletin.de\/bucuresti\/wp-content\/uploads\/2026\/08\/DSC04173-600x400.jpg 600w, https:\/\/buletin.de\/bucuresti\/wp-content\/uploads\/2026\/08\/DSC04173-20x13.jpg 20w\" sizes=\"(max-width: 1000px) 100vw, 1000px\" \/><\/figure>\n\n\n\n<figure class=\"wp-block-image size-large\"><img loading=\"lazy\" decoding=\"async\" width=\"1000\" height=\"667\" data-id=\"214884\" src=\"data:image\/gif;base64,R0lGODlhAQABAAAAACH5BAEKAAEALAAAAAABAAEAAAICTAEAOw==\" data-src=\"https:\/\/buletin.de\/bucuresti\/wp-content\/uploads\/2026\/08\/DSC04193-1000x667.jpg\" alt=\"\" class=\"wp-image-214884 lazyload\" data-sizes=\"auto\" data-srcset=\"https:\/\/buletin.de\/bucuresti\/wp-content\/uploads\/2026\/08\/DSC04193-1000x667.jpg 1000w, https:\/\/buletin.de\/bucuresti\/wp-content\/uploads\/2026\/08\/DSC04193-300x200.jpg 300w, https:\/\/buletin.de\/bucuresti\/wp-content\/uploads\/2026\/08\/DSC04193-768x512.jpg 768w, https:\/\/buletin.de\/bucuresti\/wp-content\/uploads\/2026\/08\/DSC04193-1536x1024.jpg 1536w, https:\/\/buletin.de\/bucuresti\/wp-content\/uploads\/2026\/08\/DSC04193-2048x1365.jpg 2048w, https:\/\/buletin.de\/bucuresti\/wp-content\/uploads\/2026\/08\/DSC04193-1600x1067.jpg 1600w, https:\/\/buletin.de\/bucuresti\/wp-content\/uploads\/2026\/08\/DSC04193-1100x733.jpg 1100w, https:\/\/buletin.de\/bucuresti\/wp-content\/uploads\/2026\/08\/DSC04193-600x400.jpg 600w, https:\/\/buletin.de\/bucuresti\/wp-content\/uploads\/2026\/08\/DSC04193-20x13.jpg 20w\" sizes=\"(max-width: 1000px) 100vw, 1000px\" \/><\/figure>\n\n\n\n<figure class=\"wp-block-image size-large\"><img loading=\"lazy\" decoding=\"async\" width=\"1000\" height=\"667\" data-id=\"214885\" src=\"data:image\/gif;base64,R0lGODlhAQABAAAAACH5BAEKAAEALAAAAAABAAEAAAICTAEAOw==\" data-src=\"https:\/\/buletin.de\/bucuresti\/wp-content\/uploads\/2026\/08\/DSC04194-1000x667.jpg\" alt=\"\" class=\"wp-image-214885 lazyload\" data-sizes=\"auto\" data-srcset=\"https:\/\/buletin.de\/bucuresti\/wp-content\/uploads\/2026\/08\/DSC04194-1000x667.jpg 1000w, https:\/\/buletin.de\/bucuresti\/wp-content\/uploads\/2026\/08\/DSC04194-300x200.jpg 300w, https:\/\/buletin.de\/bucuresti\/wp-content\/uploads\/2026\/08\/DSC04194-768x512.jpg 768w, https:\/\/buletin.de\/bucuresti\/wp-content\/uploads\/2026\/08\/DSC04194-1536x1024.jpg 1536w, https:\/\/buletin.de\/bucuresti\/wp-content\/uploads\/2026\/08\/DSC04194-2048x1365.jpg 2048w, https:\/\/buletin.de\/bucuresti\/wp-content\/uploads\/2026\/08\/DSC04194-1600x1067.jpg 1600w, https:\/\/buletin.de\/bucuresti\/wp-content\/uploads\/2026\/08\/DSC04194-1100x733.jpg 1100w, https:\/\/buletin.de\/bucuresti\/wp-content\/uploads\/2026\/08\/DSC04194-600x400.jpg 600w, https:\/\/buletin.de\/bucuresti\/wp-content\/uploads\/2026\/08\/DSC04194-20x13.jpg 20w\" sizes=\"(max-width: 1000px) 100vw, 1000px\" \/><\/figure>\n\n\n\n<figure class=\"wp-block-image size-large\"><img loading=\"lazy\" decoding=\"async\" width=\"1000\" height=\"667\" data-id=\"214886\" src=\"data:image\/gif;base64,R0lGODlhAQABAAAAACH5BAEKAAEALAAAAAABAAEAAAICTAEAOw==\" data-src=\"https:\/\/buletin.de\/bucuresti\/wp-content\/uploads\/2026\/08\/DSC04155-1000x667.jpg\" alt=\"\" class=\"wp-image-214886 lazyload\" data-sizes=\"auto\" data-srcset=\"https:\/\/buletin.de\/bucuresti\/wp-content\/uploads\/2026\/08\/DSC04155-1000x667.jpg 1000w, https:\/\/buletin.de\/bucuresti\/wp-content\/uploads\/2026\/08\/DSC04155-300x200.jpg 300w, https:\/\/buletin.de\/bucuresti\/wp-content\/uploads\/2026\/08\/DSC04155-768x512.jpg 768w, https:\/\/buletin.de\/bucuresti\/wp-content\/uploads\/2026\/08\/DSC04155-1536x1024.jpg 1536w, https:\/\/buletin.de\/bucuresti\/wp-content\/uploads\/2026\/08\/DSC04155-2048x1365.jpg 2048w, https:\/\/buletin.de\/bucuresti\/wp-content\/uploads\/2026\/08\/DSC04155-1600x1067.jpg 1600w, https:\/\/buletin.de\/bucuresti\/wp-content\/uploads\/2026\/08\/DSC04155-1100x733.jpg 1100w, https:\/\/buletin.de\/bucuresti\/wp-content\/uploads\/2026\/08\/DSC04155-600x400.jpg 600w, https:\/\/buletin.de\/bucuresti\/wp-content\/uploads\/2026\/08\/DSC04155-20x13.jpg 20w\" sizes=\"(max-width: 1000px) 100vw, 1000px\" \/><\/figure>\n\n\n\n<figure class=\"wp-block-image size-large\"><img loading=\"lazy\" decoding=\"async\" width=\"1000\" height=\"667\" data-id=\"214887\" src=\"data:image\/gif;base64,R0lGODlhAQABAAAAACH5BAEKAAEALAAAAAABAAEAAAICTAEAOw==\" data-src=\"https:\/\/buletin.de\/bucuresti\/wp-content\/uploads\/2026\/08\/DSC04169-1000x667.jpg\" alt=\"\" class=\"wp-image-214887 lazyload\" data-sizes=\"auto\" data-srcset=\"https:\/\/buletin.de\/bucuresti\/wp-content\/uploads\/2026\/08\/DSC04169-1000x667.jpg 1000w, https:\/\/buletin.de\/bucuresti\/wp-content\/uploads\/2026\/08\/DSC04169-300x200.jpg 300w, https:\/\/buletin.de\/bucuresti\/wp-content\/uploads\/2026\/08\/DSC04169-768x512.jpg 768w, https:\/\/buletin.de\/bucuresti\/wp-content\/uploads\/2026\/08\/DSC04169-1536x1024.jpg 1536w, https:\/\/buletin.de\/bucuresti\/wp-content\/uploads\/2026\/08\/DSC04169-2048x1365.jpg 2048w, https:\/\/buletin.de\/bucuresti\/wp-content\/uploads\/2026\/08\/DSC04169-1600x1067.jpg 1600w, https:\/\/buletin.de\/bucuresti\/wp-content\/uploads\/2026\/08\/DSC04169-1100x733.jpg 1100w, https:\/\/buletin.de\/bucuresti\/wp-content\/uploads\/2026\/08\/DSC04169-600x400.jpg 600w, https:\/\/buletin.de\/bucuresti\/wp-content\/uploads\/2026\/08\/DSC04169-20x13.jpg 20w\" sizes=\"(max-width: 1000px) 100vw, 1000px\" \/><\/figure>\n\n\n\n<figure class=\"wp-block-image size-large\"><img loading=\"lazy\" decoding=\"async\" width=\"1000\" height=\"667\" data-id=\"214888\" src=\"data:image\/gif;base64,R0lGODlhAQABAAAAACH5BAEKAAEALAAAAAABAAEAAAICTAEAOw==\" data-src=\"https:\/\/buletin.de\/bucuresti\/wp-content\/uploads\/2026\/08\/DSC04153-1000x667.jpg\" alt=\"\" class=\"wp-image-214888 lazyload\" data-sizes=\"auto\" data-srcset=\"https:\/\/buletin.de\/bucuresti\/wp-content\/uploads\/2026\/08\/DSC04153-1000x667.jpg 1000w, https:\/\/buletin.de\/bucuresti\/wp-content\/uploads\/2026\/08\/DSC04153-300x200.jpg 300w, https:\/\/buletin.de\/bucuresti\/wp-content\/uploads\/2026\/08\/DSC04153-768x512.jpg 768w, https:\/\/buletin.de\/bucuresti\/wp-content\/uploads\/2026\/08\/DSC04153-1536x1024.jpg 1536w, https:\/\/buletin.de\/bucuresti\/wp-content\/uploads\/2026\/08\/DSC04153-2048x1365.jpg 2048w, https:\/\/buletin.de\/bucuresti\/wp-content\/uploads\/2026\/08\/DSC04153-1600x1067.jpg 1600w, https:\/\/buletin.de\/bucuresti\/wp-content\/uploads\/2026\/08\/DSC04153-1100x733.jpg 1100w, https:\/\/buletin.de\/bucuresti\/wp-content\/uploads\/2026\/08\/DSC04153-600x400.jpg 600w, https:\/\/buletin.de\/bucuresti\/wp-content\/uploads\/2026\/08\/DSC04153-20x13.jpg 20w\" sizes=\"(max-width: 1000px) 100vw, 1000px\" \/><\/figure>\n<figcaption class=\"blocks-gallery-caption wp-element-caption\">FOTO: Alexandru Stan<\/figcaption><\/figure>\n\n\n\n<p class=\"wp-block-paragraph\"><strong>CITE\u0218TE \u0218I: <a href=\"https:\/\/buletin.de\/bucuresti\/saga-podului-peste-autostrada-a0-continua-primaria-berceni-explica-de-ce-nu-a-fost-de-acord-cu-devierea-propusa-de-constructor-si-cnair\/\">Saga podului peste Autostrada A0 continu\u0103. Prim\u0103ria Berceni explic\u0103 de ce nu a fost de acord cu devierea propus\u0103 de constructor \u0219i CNAIR<\/a><\/strong><\/p>\n\n\n\n<h2 id=\"h-nbsp-luni-ma-gasi\u021bi-spanzurat-\u0219i-pe-mine-\u0219i-pe-baie\u021bi-de-pod\" class=\"wp-block-heading\">&nbsp;\u201eLuni m\u0103 g\u0103si\u021bi sp\u00e2nzurat \u0219i pe mine \u0219i pe b\u0103ie\u021bi, de pod\u201d<\/h2>\n\n\n\n<p class=\"wp-block-paragraph\"><strong>Dup\u0103 luni de blocaje birocratice \u0219i fisuri ignorate pe rampele de acces, conflictul a degenerat direct \u00een strad\u0103. S\u00e2mb\u0103t\u0103 diminea\u021b\u0103, primarul George Ene a intervenit personal pentru a muta balizele de semnalizare instalate de constructorul Alsim Alarko, bloc\u00e2nd astfel \u00eenceperea lucr\u0103rilor de repara\u021bii cerute \u00een baza garan\u021biei de Compania Na\u021bional\u0103 de Administrare a Infrastructurii Rutiere (CNAIR). <\/strong><\/p>\n\n\n\n<p class=\"wp-block-paragraph\">\u201e<strong><em>Luni \u00eencepe \u0219coala. Luni m\u0103 g\u0103si\u021bi sp\u00e2nzurat \u0219i pe mine \u0219i pe b\u0103ie\u021bi, de pod<\/em><\/strong>\u201d, a spus primarul George Ene pe \u00eenregistrarea postat\u0103 pe contul s\u0103u de politician, de\u0219i cursurile \u00eencep abia pe 7 septembrie. Imaginile publicate au aratat o confruntare deschis\u0103 \u00eentre administra\u021bia local\u0103 \u0219i reprezentan\u021bii constructorului turc.<\/p>\n\n\n\n<p class=\"wp-block-paragraph\">Edilul a subliniat c\u0103 nu va elibera niciun aviz pentru devierea traficului p\u00e2n\u0103 c\u00e2nd nu se va asigura o solu\u021bie \u201edecent\u0103\u201d pentru locuitori. Sub presiunea momentului, constructorul a cedat, a ordonat muncitorilor s\u0103 pun\u0103 la loc balustradele \u0219i a suspendat interven\u021bia.<\/p>\n\n\n\n<p class=\"wp-block-paragraph\">Pentru CNAIR, solicitarea de deviere a traficului pe Str. Sf. Ana ar fi inacceptabil\u0103. Exper\u021bii companiei sus\u021bin c\u0103 transformarea unui teren agricol \u00eentr-un drum care s\u0103 suporte trafic greu ar necesita decopert\u0103ri masive, stabilizarea funda\u021biei, dou\u0103 straturi de asfalt \u0219i pode\u021be. O astfel de lucrare ar dura cel pu\u021bin \u0219ase luni, ar genera costuri uria\u0219e, \u00een timp ce repara\u021biile propriu-zise la pasajul A0 sunt estimate la maximum 90 de zile.<\/p>\n\n\n\n<p class=\"wp-block-paragraph\">\u00centr-un r\u0103spuns anterior transmis redac\u021biei, Prim\u0103ria consider\u0103 inacceptabil ca solu\u021bia de trafic s\u0103 fie aleas\u0103 doar pentru a minimiza cheltuielile financiare ale constructorului, \u00een timp ce \u201e<em>copii care merg la \u0219coal\u0103 sau v\u00e2rstnicii care merg la tratament \u00een Bucure\u0219ti, ar urma s\u0103 pl\u0103teasc\u0103 cu disconfort \u0219i ore de stat \u00een blocaje de trafic<\/em>\u201d.<\/p>\n\n\n\n<p class=\"wp-block-paragraph\"><em><strong>Editor: C\u0103t\u0103lin Dosca\u0219<\/strong><\/em><\/p>\n\n\n\n<p class=\"wp-block-paragraph\"><strong>CITE\u0218TE \u0218I&nbsp;<a href=\"https:\/\/buletin.de\/bucuresti\/la-o-luna-dupa-raportul-cnair-despre-podul-peste-autostrada-a0-din-comuna-berceni-totul-merge-parca-sta-au-fost-montate-balize-de-semnalizare-dar-nu-s-a-demarat-nicio-lucrare\/\">\u201eLa o lun\u0103 dup\u0103 raportul CNAIR despre noul pod peste A0 din comuna Berceni, totul merge \u201eparc\u0103 st\u0103\u201d. Au fost montate balize de semnalizare, dar nu au \u00eenceput repara\u021biile\u201d<\/a>&nbsp;<\/strong><\/p>\n","protected":false},"excerpt":{"rendered":"<p>\u201eR\u0103zboiul\u201d pentru pasajul peste Autostrada A0, din comuna Berceni, a devenit, \u00een cel mai recent episod, o \u201er\u0103scoal\u0103 local\u0103\u201d, condus\u0103 chiar de c\u0103tre primar \u00eempotriva constructorului \u0219i a CNAIR. \u00cen urm\u0103 cu o s\u0103pt\u0103m\u00e2n\u0103, \u00eenainte ca tot acest conflict administrativ s\u0103 ia propor\u021bii, reporterii Buletin de Bucure\u0219ti au mers la fa\u021ba locului pentru a vedea [&hellip;]<\/p>\n","protected":false},"author":61,"featured_media":214895,"comment_status":"closed","ping_status":"open","sticky":false,"template":"","format":"standard","meta":{"_acf_changed":false,"inline_featured_image":false,"ngg_post_thumbnail":0,"footnotes":""},"categories":[6994,3419,650],"tags":[1465,30473,2620,25256,1238,30183,30108,30138,30137],"ppma_author":[22577],"class_list":["post-214863","post","type-post","status-publish","format-standard","has-post-thumbnail","hentry","category-stiri-2","category-featured","category-transport","tag-a0","tag-alsim-alarko","tag-autostrada-a0","tag-autostrada-capitalei","tag-cnair","tag-george-ene","tag-pasaj-rutier-comuna-berceni","tag-pod-a0","tag-primaria-berceni"],"acf":[],"a3_pvc":{"activated":false,"total_views":0,"today_views":0},"yoast_head":"<!-- This site is optimized with the Yoast SEO Premium plugin v28.0 (Yoast SEO v28.3) - https:\/\/yoast.com\/product\/yoast-seo-premium-wordpress\/ -->\n<title>FOTO | Drumul agricol pe care primarul din Berceni \u00eel vrea asfaltat pentru a permite repara\u021biile la pasajul peste A0 este \u00eemp\u00e2nzit de \u201ealei de servitute\u201d gata betonate - Buletin de Bucure\u0219ti<\/title>\n<meta name=\"description\" content=\"\u201eR\u0103zboiul\u201d pentru pasajul peste Autostrada A0, din comuna Berceni, a devenit, \u00een cel mai recent episod, o \u201er\u0103scoal\u0103 local\u0103\u201d.\" \/>\n<meta name=\"robots\" content=\"index, follow, max-snippet:-1, max-image-preview:large, max-video-preview:-1\" \/>\n<link rel=\"canonical\" href=\"https:\/\/buletin.de\/bucuresti\/foto-drumul-agricol-pe-care-primarul-din-berceni-il-vrea-asfaltat-pentru-a-permite-reparatiile-la-pasajul-peste-a0-este-impanzit-de-alei-de-servitute-gata-betonate\/\" \/>\n<meta property=\"og:locale\" content=\"en_GB\" \/>\n<meta property=\"og:type\" content=\"article\" \/>\n<meta property=\"og:title\" content=\"FOTO | Drumul agricol pe care primarul din Berceni \u00eel vrea asfaltat pentru a permite repara\u021biile la pasajul peste A0 este \u00eemp\u00e2nzit de \u201ealei de servitute\u201d gata betonate\" \/>\n<meta property=\"og:description\" content=\"\u201eR\u0103zboiul\u201d pentru pasajul peste Autostrada A0, din comuna Berceni, a devenit, \u00een cel mai recent episod, o \u201er\u0103scoal\u0103 local\u0103\u201d.\" \/>\n<meta property=\"og:url\" content=\"https:\/\/buletin.de\/bucuresti\/foto-drumul-agricol-pe-care-primarul-din-berceni-il-vrea-asfaltat-pentru-a-permite-reparatiile-la-pasajul-peste-a0-este-impanzit-de-alei-de-servitute-gata-betonate\/\" \/>\n<meta property=\"og:site_name\" content=\"Buletin de Bucure\u0219ti\" \/>\n<meta property=\"article:publisher\" content=\"https:\/\/www.facebook.com\/buletin.de.buc\" \/>\n<meta property=\"article:published_time\" content=\"2026-08-31T03:07:21+00:00\" \/>\n<meta property=\"article:modified_time\" content=\"2026-08-31T04:00:23+00:00\" \/>\n<meta property=\"og:image\" content=\"https:\/\/buletin.de\/bucuresti\/wp-content\/uploads\/2026\/08\/DSC04147-scaled.jpg\" \/>\n\t<meta property=\"og:image:width\" content=\"2560\" \/>\n\t<meta property=\"og:image:height\" content=\"1707\" \/>\n\t<meta property=\"og:image:type\" content=\"image\/jpeg\" \/>\n<meta name=\"author\" content=\"Alexandru Stan\" \/>\n<meta name=\"twitter:card\" content=\"summary_large_image\" \/>\n<meta name=\"twitter:label1\" content=\"Written by\" \/>\n\t<meta name=\"twitter:data1\" content=\"Alexandru Stan\" \/>\n\t<meta name=\"twitter:label2\" content=\"Estimated reading time\" \/>\n\t<meta name=\"twitter:data2\" content=\"8 minutes\" \/>\n<script type=\"application\/ld+json\" class=\"yoast-schema-graph\">{\"@context\":\"https:\\\/\\\/schema.org\",\"@graph\":[{\"@type\":\"Article\",\"@id\":\"https:\\\/\\\/buletin.de\\\/bucuresti\\\/foto-drumul-agricol-pe-care-primarul-din-berceni-il-vrea-asfaltat-pentru-a-permite-reparatiile-la-pasajul-peste-a0-este-impanzit-de-alei-de-servitute-gata-betonate\\\/#article\",\"isPartOf\":{\"@id\":\"https:\\\/\\\/buletin.de\\\/bucuresti\\\/foto-drumul-agricol-pe-care-primarul-din-berceni-il-vrea-asfaltat-pentru-a-permite-reparatiile-la-pasajul-peste-a0-este-impanzit-de-alei-de-servitute-gata-betonate\\\/\"},\"author\":{\"name\":\"Alexandru Stan\",\"@id\":\"https:\\\/\\\/buletin.de\\\/bucuresti\\\/#\\\/schema\\\/person\\\/104a46bbe8be6e336fecf63974383951\"},\"headline\":\"FOTO | Drumul agricol pe care primarul din Berceni \u00eel vrea asfaltat pentru a permite repara\u021biile la pasajul peste A0 este \u00eemp\u00e2nzit de \u201ealei de servitute\u201d gata betonate\",\"datePublished\":\"2026-08-31T03:07:21+00:00\",\"dateModified\":\"2026-08-31T04:00:23+00:00\",\"mainEntityOfPage\":{\"@id\":\"https:\\\/\\\/buletin.de\\\/bucuresti\\\/foto-drumul-agricol-pe-care-primarul-din-berceni-il-vrea-asfaltat-pentru-a-permite-reparatiile-la-pasajul-peste-a0-este-impanzit-de-alei-de-servitute-gata-betonate\\\/\"},\"wordCount\":1153,\"publisher\":{\"@id\":\"https:\\\/\\\/buletin.de\\\/bucuresti\\\/#organization\"},\"image\":{\"@id\":\"https:\\\/\\\/buletin.de\\\/bucuresti\\\/foto-drumul-agricol-pe-care-primarul-din-berceni-il-vrea-asfaltat-pentru-a-permite-reparatiile-la-pasajul-peste-a0-este-impanzit-de-alei-de-servitute-gata-betonate\\\/#primaryimage\"},\"thumbnailUrl\":\"https:\\\/\\\/buletin.de\\\/bucuresti\\\/wp-content\\\/uploads\\\/2026\\\/08\\\/DSC04147-scaled.jpg\",\"keywords\":[\"A0\",\"Alsim Alarko\",\"autostrada a0\",\"autostrada capitalei\",\"cnair\",\"george ene\",\"pasaj rutier comuna Berceni\",\"pod a0\",\"prim\u0103ria berceni\"],\"articleSection\":[\"Articole\",\"Featured\",\"Transport\"],\"inLanguage\":\"en-GB\",\"copyrightYear\":\"2026\",\"copyrightHolder\":{\"@id\":\"https:\\\/\\\/buletin.de\\\/bucuresti\\\/#organization\"}},{\"@type\":\"WebPage\",\"@id\":\"https:\\\/\\\/buletin.de\\\/bucuresti\\\/foto-drumul-agricol-pe-care-primarul-din-berceni-il-vrea-asfaltat-pentru-a-permite-reparatiile-la-pasajul-peste-a0-este-impanzit-de-alei-de-servitute-gata-betonate\\\/\",\"url\":\"https:\\\/\\\/buletin.de\\\/bucuresti\\\/foto-drumul-agricol-pe-care-primarul-din-berceni-il-vrea-asfaltat-pentru-a-permite-reparatiile-la-pasajul-peste-a0-este-impanzit-de-alei-de-servitute-gata-betonate\\\/\",\"name\":\"FOTO | Drumul agricol pe care primarul din Berceni \u00eel vrea asfaltat pentru a permite repara\u021biile la pasajul peste A0 este \u00eemp\u00e2nzit de \u201ealei de servitute\u201d gata betonate - Buletin de Bucure\u0219ti\",\"isPartOf\":{\"@id\":\"https:\\\/\\\/buletin.de\\\/bucuresti\\\/#website\"},\"primaryImageOfPage\":{\"@id\":\"https:\\\/\\\/buletin.de\\\/bucuresti\\\/foto-drumul-agricol-pe-care-primarul-din-berceni-il-vrea-asfaltat-pentru-a-permite-reparatiile-la-pasajul-peste-a0-este-impanzit-de-alei-de-servitute-gata-betonate\\\/#primaryimage\"},\"image\":{\"@id\":\"https:\\\/\\\/buletin.de\\\/bucuresti\\\/foto-drumul-agricol-pe-care-primarul-din-berceni-il-vrea-asfaltat-pentru-a-permite-reparatiile-la-pasajul-peste-a0-este-impanzit-de-alei-de-servitute-gata-betonate\\\/#primaryimage\"},\"thumbnailUrl\":\"https:\\\/\\\/buletin.de\\\/bucuresti\\\/wp-content\\\/uploads\\\/2026\\\/08\\\/DSC04147-scaled.jpg\",\"datePublished\":\"2026-08-31T03:07:21+00:00\",\"dateModified\":\"2026-08-31T04:00:23+00:00\",\"description\":\"\u201eR\u0103zboiul\u201d pentru pasajul peste Autostrada A0, din comuna Berceni, a devenit, \u00een cel mai recent episod, o \u201er\u0103scoal\u0103 local\u0103\u201d.\",\"breadcrumb\":{\"@id\":\"https:\\\/\\\/buletin.de\\\/bucuresti\\\/foto-drumul-agricol-pe-care-primarul-din-berceni-il-vrea-asfaltat-pentru-a-permite-reparatiile-la-pasajul-peste-a0-este-impanzit-de-alei-de-servitute-gata-betonate\\\/#breadcrumb\"},\"inLanguage\":\"en-GB\",\"potentialAction\":[{\"@type\":\"ReadAction\",\"target\":[\"https:\\\/\\\/buletin.de\\\/bucuresti\\\/foto-drumul-agricol-pe-care-primarul-din-berceni-il-vrea-asfaltat-pentru-a-permite-reparatiile-la-pasajul-peste-a0-este-impanzit-de-alei-de-servitute-gata-betonate\\\/\"]}]},{\"@type\":\"ImageObject\",\"inLanguage\":\"en-GB\",\"@id\":\"https:\\\/\\\/buletin.de\\\/bucuresti\\\/foto-drumul-agricol-pe-care-primarul-din-berceni-il-vrea-asfaltat-pentru-a-permite-reparatiile-la-pasajul-peste-a0-este-impanzit-de-alei-de-servitute-gata-betonate\\\/#primaryimage\",\"url\":\"https:\\\/\\\/buletin.de\\\/bucuresti\\\/wp-content\\\/uploads\\\/2026\\\/08\\\/DSC04147-scaled.jpg\",\"contentUrl\":\"https:\\\/\\\/buletin.de\\\/bucuresti\\\/wp-content\\\/uploads\\\/2026\\\/08\\\/DSC04147-scaled.jpg\",\"width\":2560,\"height\":1707,\"caption\":\"FOTO: Alexandru Stan \\\/ BdB\"},{\"@type\":\"BreadcrumbList\",\"@id\":\"https:\\\/\\\/buletin.de\\\/bucuresti\\\/foto-drumul-agricol-pe-care-primarul-din-berceni-il-vrea-asfaltat-pentru-a-permite-reparatiile-la-pasajul-peste-a0-este-impanzit-de-alei-de-servitute-gata-betonate\\\/#breadcrumb\",\"itemListElement\":[{\"@type\":\"ListItem\",\"position\":1,\"name\":\"Acas\u0103\",\"item\":\"https:\\\/\\\/buletin.de\\\/bucuresti\\\/\"},{\"@type\":\"ListItem\",\"position\":2,\"name\":\"FOTO | Drumul agricol pe care primarul din Berceni \u00eel vrea asfaltat pentru a permite repara\u021biile la pasajul peste A0 este \u00eemp\u00e2nzit de \u201ealei de servitute\u201d gata betonate\"}]},{\"@type\":\"WebSite\",\"@id\":\"https:\\\/\\\/buletin.de\\\/bucuresti\\\/#website\",\"url\":\"https:\\\/\\\/buletin.de\\\/bucuresti\\\/\",\"name\":\"Buletin de Bucure\u0219ti\",\"description\":\"\u0218tiri \u0219i investiga\u021bii esen\u021biale din capital\u0103\",\"publisher\":{\"@id\":\"https:\\\/\\\/buletin.de\\\/bucuresti\\\/#organization\"},\"potentialAction\":[{\"@type\":\"SearchAction\",\"target\":{\"@type\":\"EntryPoint\",\"urlTemplate\":\"https:\\\/\\\/buletin.de\\\/bucuresti\\\/?s={search_term_string}\"},\"query-input\":{\"@type\":\"PropertyValueSpecification\",\"valueRequired\":true,\"valueName\":\"search_term_string\"}}],\"inLanguage\":\"en-GB\"},{\"@type\":\"Organization\",\"@id\":\"https:\\\/\\\/buletin.de\\\/bucuresti\\\/#organization\",\"name\":\"Buletin de Bucure\u0219ti\",\"url\":\"https:\\\/\\\/buletin.de\\\/bucuresti\\\/\",\"logo\":{\"@type\":\"ImageObject\",\"inLanguage\":\"en-GB\",\"@id\":\"https:\\\/\\\/buletin.de\\\/bucuresti\\\/#\\\/schema\\\/logo\\\/image\\\/\",\"url\":\"https:\\\/\\\/buletin.de\\\/bucuresti\\\/wp-content\\\/uploads\\\/logo-bdb-full-wide-vernil-transparent.png\",\"contentUrl\":\"https:\\\/\\\/buletin.de\\\/bucuresti\\\/wp-content\\\/uploads\\\/logo-bdb-full-wide-vernil-transparent.png\",\"width\":1782,\"height\":626,\"caption\":\"Buletin de Bucure\u0219ti\"},\"image\":{\"@id\":\"https:\\\/\\\/buletin.de\\\/bucuresti\\\/#\\\/schema\\\/logo\\\/image\\\/\"},\"sameAs\":[\"https:\\\/\\\/www.facebook.com\\\/buletin.de.buc\",\"https:\\\/\\\/www.instagram.com\\\/buletinde.bucuresti\\\/\"]},{\"@type\":\"Person\",\"@id\":\"https:\\\/\\\/buletin.de\\\/bucuresti\\\/#\\\/schema\\\/person\\\/104a46bbe8be6e336fecf63974383951\",\"name\":\"Alexandru Stan\",\"image\":{\"@type\":\"ImageObject\",\"inLanguage\":\"en-GB\",\"@id\":\"https:\\\/\\\/buletin.de\\\/bucuresti\\\/wp-content\\\/uploads\\\/2026\\\/07\\\/BDB_Alexandru-4-96x96.jpga3c299c77690d3b1ab5def97e8de4c6c\",\"url\":\"https:\\\/\\\/buletin.de\\\/bucuresti\\\/wp-content\\\/uploads\\\/2026\\\/07\\\/BDB_Alexandru-4-96x96.jpg\",\"contentUrl\":\"https:\\\/\\\/buletin.de\\\/bucuresti\\\/wp-content\\\/uploads\\\/2026\\\/07\\\/BDB_Alexandru-4-96x96.jpg\",\"caption\":\"Alexandru Stan\"},\"description\":\"Absolvent al Colegiului Na\u021bional \u201eMihai Eminescu\u201d \u0219i student la Politehnica. Lucrez la Buletin de Bucure\u0219ti ca reporter de la v\u00e2rsta de 17 ani. M-am n\u0103scut \u0219i am crescut cu m\u00e2ndrie \u00een Bucure\u0219ti, ora\u0219ul pove\u0219tilor \u0219i al c\u0103su\u021belor cu porti\u021b\u0103 \u0219i ci\u0219mea. Cred \u00een jurnalismul f\u0103cut de cet\u0103\u021beni pentru cet\u0103\u021beni \u0219i \u00een faptul c\u0103 presa este a patra putere \u00een stat. M\u0103 str\u0103duiesc s\u0103 v\u0103 aduc, pe ecrane, tot ce \u201emi\u0219c\u0103\u201d prin Bucure\u0219ti, de la proiecte de consiliu local \u0219i interviuri p\u00e2n\u0103 la pove\u0219ti de weekend \u0219i reportaje.\",\"url\":\"https:\\\/\\\/buletin.de\\\/bucuresti\\\/author\\\/alexandru-stan\\\/\"}]}<\/script>\n<!-- \/ Yoast SEO Premium plugin. -->","yoast_head_json":{"title":"FOTO | Drumul agricol pe care primarul din Berceni \u00eel vrea asfaltat pentru a permite repara\u021biile la pasajul peste A0 este \u00eemp\u00e2nzit de \u201ealei de servitute\u201d gata betonate - Buletin de Bucure\u0219ti","description":"\u201eR\u0103zboiul\u201d pentru pasajul peste Autostrada A0, din comuna Berceni, a devenit, \u00een cel mai recent episod, o \u201er\u0103scoal\u0103 local\u0103\u201d.","robots":{"index":"index","follow":"follow","max-snippet":"max-snippet:-1","max-image-preview":"max-image-preview:large","max-video-preview":"max-video-preview:-1"},"canonical":"https:\/\/buletin.de\/bucuresti\/foto-drumul-agricol-pe-care-primarul-din-berceni-il-vrea-asfaltat-pentru-a-permite-reparatiile-la-pasajul-peste-a0-este-impanzit-de-alei-de-servitute-gata-betonate\/","og_locale":"en_GB","og_type":"article","og_title":"FOTO | Drumul agricol pe care primarul din Berceni \u00eel vrea asfaltat pentru a permite repara\u021biile la pasajul peste A0 este \u00eemp\u00e2nzit de \u201ealei de servitute\u201d gata betonate","og_description":"\u201eR\u0103zboiul\u201d pentru pasajul peste Autostrada A0, din comuna Berceni, a devenit, \u00een cel mai recent episod, o \u201er\u0103scoal\u0103 local\u0103\u201d.","og_url":"https:\/\/buletin.de\/bucuresti\/foto-drumul-agricol-pe-care-primarul-din-berceni-il-vrea-asfaltat-pentru-a-permite-reparatiile-la-pasajul-peste-a0-este-impanzit-de-alei-de-servitute-gata-betonate\/","og_site_name":"Buletin de Bucure\u0219ti","article_publisher":"https:\/\/www.facebook.com\/buletin.de.buc","article_published_time":"2026-08-31T03:07:21+00:00","article_modified_time":"2026-08-31T04:00:23+00:00","og_image":[{"width":2560,"height":1707,"url":"https:\/\/buletin.de\/bucuresti\/wp-content\/uploads\/2026\/08\/DSC04147-scaled.jpg","type":"image\/jpeg"}],"author":"Alexandru Stan","twitter_card":"summary_large_image","twitter_misc":{"Written by":"Alexandru Stan","Estimated reading time":"8 minutes"},"schema":{"@context":"https:\/\/schema.org","@graph":[{"@type":"Article","@id":"https:\/\/buletin.de\/bucuresti\/foto-drumul-agricol-pe-care-primarul-din-berceni-il-vrea-asfaltat-pentru-a-permite-reparatiile-la-pasajul-peste-a0-este-impanzit-de-alei-de-servitute-gata-betonate\/#article","isPartOf":{"@id":"https:\/\/buletin.de\/bucuresti\/foto-drumul-agricol-pe-care-primarul-din-berceni-il-vrea-asfaltat-pentru-a-permite-reparatiile-la-pasajul-peste-a0-este-impanzit-de-alei-de-servitute-gata-betonate\/"},"author":{"name":"Alexandru Stan","@id":"https:\/\/buletin.de\/bucuresti\/#\/schema\/person\/104a46bbe8be6e336fecf63974383951"},"headline":"FOTO | Drumul agricol pe care primarul din Berceni \u00eel vrea asfaltat pentru a permite repara\u021biile la pasajul peste A0 este \u00eemp\u00e2nzit de \u201ealei de servitute\u201d gata betonate","datePublished":"2026-08-31T03:07:21+00:00","dateModified":"2026-08-31T04:00:23+00:00","mainEntityOfPage":{"@id":"https:\/\/buletin.de\/bucuresti\/foto-drumul-agricol-pe-care-primarul-din-berceni-il-vrea-asfaltat-pentru-a-permite-reparatiile-la-pasajul-peste-a0-este-impanzit-de-alei-de-servitute-gata-betonate\/"},"wordCount":1153,"publisher":{"@id":"https:\/\/buletin.de\/bucuresti\/#organization"},"image":{"@id":"https:\/\/buletin.de\/bucuresti\/foto-drumul-agricol-pe-care-primarul-din-berceni-il-vrea-asfaltat-pentru-a-permite-reparatiile-la-pasajul-peste-a0-este-impanzit-de-alei-de-servitute-gata-betonate\/#primaryimage"},"thumbnailUrl":"https:\/\/buletin.de\/bucuresti\/wp-content\/uploads\/2026\/08\/DSC04147-scaled.jpg","keywords":["A0","Alsim Alarko","autostrada a0","autostrada capitalei","cnair","george ene","pasaj rutier comuna Berceni","pod a0","prim\u0103ria berceni"],"articleSection":["Articole","Featured","Transport"],"inLanguage":"en-GB","copyrightYear":"2026","copyrightHolder":{"@id":"https:\/\/buletin.de\/bucuresti\/#organization"}},{"@type":"WebPage","@id":"https:\/\/buletin.de\/bucuresti\/foto-drumul-agricol-pe-care-primarul-din-berceni-il-vrea-asfaltat-pentru-a-permite-reparatiile-la-pasajul-peste-a0-este-impanzit-de-alei-de-servitute-gata-betonate\/","url":"https:\/\/buletin.de\/bucuresti\/foto-drumul-agricol-pe-care-primarul-din-berceni-il-vrea-asfaltat-pentru-a-permite-reparatiile-la-pasajul-peste-a0-este-impanzit-de-alei-de-servitute-gata-betonate\/","name":"FOTO | Drumul agricol pe care primarul din Berceni \u00eel vrea asfaltat pentru a permite repara\u021biile la pasajul peste A0 este \u00eemp\u00e2nzit de \u201ealei de servitute\u201d gata betonate - Buletin de Bucure\u0219ti","isPartOf":{"@id":"https:\/\/buletin.de\/bucuresti\/#website"},"primaryImageOfPage":{"@id":"https:\/\/buletin.de\/bucuresti\/foto-drumul-agricol-pe-care-primarul-din-berceni-il-vrea-asfaltat-pentru-a-permite-reparatiile-la-pasajul-peste-a0-este-impanzit-de-alei-de-servitute-gata-betonate\/#primaryimage"},"image":{"@id":"https:\/\/buletin.de\/bucuresti\/foto-drumul-agricol-pe-care-primarul-din-berceni-il-vrea-asfaltat-pentru-a-permite-reparatiile-la-pasajul-peste-a0-este-impanzit-de-alei-de-servitute-gata-betonate\/#primaryimage"},"thumbnailUrl":"https:\/\/buletin.de\/bucuresti\/wp-content\/uploads\/2026\/08\/DSC04147-scaled.jpg","datePublished":"2026-08-31T03:07:21+00:00","dateModified":"2026-08-31T04:00:23+00:00","description":"\u201eR\u0103zboiul\u201d pentru pasajul peste Autostrada A0, din comuna Berceni, a devenit, \u00een cel mai recent episod, o \u201er\u0103scoal\u0103 local\u0103\u201d.","breadcrumb":{"@id":"https:\/\/buletin.de\/bucuresti\/foto-drumul-agricol-pe-care-primarul-din-berceni-il-vrea-asfaltat-pentru-a-permite-reparatiile-la-pasajul-peste-a0-este-impanzit-de-alei-de-servitute-gata-betonate\/#breadcrumb"},"inLanguage":"en-GB","potentialAction":[{"@type":"ReadAction","target":["https:\/\/buletin.de\/bucuresti\/foto-drumul-agricol-pe-care-primarul-din-berceni-il-vrea-asfaltat-pentru-a-permite-reparatiile-la-pasajul-peste-a0-este-impanzit-de-alei-de-servitute-gata-betonate\/"]}]},{"@type":"ImageObject","inLanguage":"en-GB","@id":"https:\/\/buletin.de\/bucuresti\/foto-drumul-agricol-pe-care-primarul-din-berceni-il-vrea-asfaltat-pentru-a-permite-reparatiile-la-pasajul-peste-a0-este-impanzit-de-alei-de-servitute-gata-betonate\/#primaryimage","url":"https:\/\/buletin.de\/bucuresti\/wp-content\/uploads\/2026\/08\/DSC04147-scaled.jpg","contentUrl":"https:\/\/buletin.de\/bucuresti\/wp-content\/uploads\/2026\/08\/DSC04147-scaled.jpg","width":2560,"height":1707,"caption":"FOTO: Alexandru Stan \/ BdB"},{"@type":"BreadcrumbList","@id":"https:\/\/buletin.de\/bucuresti\/foto-drumul-agricol-pe-care-primarul-din-berceni-il-vrea-asfaltat-pentru-a-permite-reparatiile-la-pasajul-peste-a0-este-impanzit-de-alei-de-servitute-gata-betonate\/#breadcrumb","itemListElement":[{"@type":"ListItem","position":1,"name":"Acas\u0103","item":"https:\/\/buletin.de\/bucuresti\/"},{"@type":"ListItem","position":2,"name":"FOTO | Drumul agricol pe care primarul din Berceni \u00eel vrea asfaltat pentru a permite repara\u021biile la pasajul peste A0 este \u00eemp\u00e2nzit de \u201ealei de servitute\u201d gata betonate"}]},{"@type":"WebSite","@id":"https:\/\/buletin.de\/bucuresti\/#website","url":"https:\/\/buletin.de\/bucuresti\/","name":"Buletin de Bucure\u0219ti","description":"\u0218tiri \u0219i investiga\u021bii esen\u021biale din capital\u0103","publisher":{"@id":"https:\/\/buletin.de\/bucuresti\/#organization"},"potentialAction":[{"@type":"SearchAction","target":{"@type":"EntryPoint","urlTemplate":"https:\/\/buletin.de\/bucuresti\/?s={search_term_string}"},"query-input":{"@type":"PropertyValueSpecification","valueRequired":true,"valueName":"search_term_string"}}],"inLanguage":"en-GB"},{"@type":"Organization","@id":"https:\/\/buletin.de\/bucuresti\/#organization","name":"Buletin de Bucure\u0219ti","url":"https:\/\/buletin.de\/bucuresti\/","logo":{"@type":"ImageObject","inLanguage":"en-GB","@id":"https:\/\/buletin.de\/bucuresti\/#\/schema\/logo\/image\/","url":"https:\/\/buletin.de\/bucuresti\/wp-content\/uploads\/logo-bdb-full-wide-vernil-transparent.png","contentUrl":"https:\/\/buletin.de\/bucuresti\/wp-content\/uploads\/logo-bdb-full-wide-vernil-transparent.png","width":1782,"height":626,"caption":"Buletin de Bucure\u0219ti"},"image":{"@id":"https:\/\/buletin.de\/bucuresti\/#\/schema\/logo\/image\/"},"sameAs":["https:\/\/www.facebook.com\/buletin.de.buc","https:\/\/www.instagram.com\/buletinde.bucuresti\/"]},{"@type":"Person","@id":"https:\/\/buletin.de\/bucuresti\/#\/schema\/person\/104a46bbe8be6e336fecf63974383951","name":"Alexandru Stan","image":{"@type":"ImageObject","inLanguage":"en-GB","@id":"https:\/\/buletin.de\/bucuresti\/wp-content\/uploads\/2026\/07\/BDB_Alexandru-4-96x96.jpga3c299c77690d3b1ab5def97e8de4c6c","url":"https:\/\/buletin.de\/bucuresti\/wp-content\/uploads\/2026\/07\/BDB_Alexandru-4-96x96.jpg","contentUrl":"https:\/\/buletin.de\/bucuresti\/wp-content\/uploads\/2026\/07\/BDB_Alexandru-4-96x96.jpg","caption":"Alexandru Stan"},"description":"Absolvent al Colegiului Na\u021bional \u201eMihai Eminescu\u201d \u0219i student la Politehnica. Lucrez la Buletin de Bucure\u0219ti ca reporter de la v\u00e2rsta de 17 ani. M-am n\u0103scut \u0219i am crescut cu m\u00e2ndrie \u00een Bucure\u0219ti, ora\u0219ul pove\u0219tilor \u0219i al c\u0103su\u021belor cu porti\u021b\u0103 \u0219i ci\u0219mea. Cred \u00een jurnalismul f\u0103cut de cet\u0103\u021beni pentru cet\u0103\u021beni \u0219i \u00een faptul c\u0103 presa este a patra putere \u00een stat. M\u0103 str\u0103duiesc s\u0103 v\u0103 aduc, pe ecrane, tot ce \u201emi\u0219c\u0103\u201d prin Bucure\u0219ti, de la proiecte de consiliu local \u0219i interviuri p\u00e2n\u0103 la pove\u0219ti de weekend \u0219i reportaje.","url":"https:\/\/buletin.de\/bucuresti\/author\/alexandru-stan\/"}]}},"authors":[{"term_id":22577,"user_id":61,"is_guest":0,"slug":"alexandru-stan","display_name":"Alexandru Stan","avatar_url":"https:\/\/buletin.de\/bucuresti\/wp-content\/uploads\/2026\/07\/BDB_Alexandru-4-96x96.jpg","author_category":"","first_name":"Alexandru","last_name":"Stan","user_url":"","job_title":"","description":"Absolvent al Colegiului Na\u021bional \u201eMihai Eminescu\u201d \u0219i student la Politehnica. Lucrez la Buletin de Bucure\u0219ti ca reporter de la v\u00e2rsta de 17 ani. M-am n\u0103scut \u0219i am crescut cu m\u00e2ndrie \u00een Bucure\u0219ti, ora\u0219ul pove\u0219tilor \u0219i al c\u0103su\u021belor cu porti\u021b\u0103 \u0219i ci\u0219mea.\r\n\r\nCred \u00een jurnalismul f\u0103cut de cet\u0103\u021beni pentru cet\u0103\u021beni \u0219i \u00een faptul c\u0103 presa este a patra putere \u00een stat. M\u0103 str\u0103duiesc s\u0103 v\u0103 aduc, pe ecrane, tot ce \u201emi\u0219c\u0103\u201d prin Bucure\u0219ti, de la proiecte de consiliu local \u0219i interviuri p\u00e2n\u0103 la pove\u0219ti de weekend \u0219i reportaje."}],"_links":{"self":[{"href":"https:\/\/buletin.de\/bucuresti\/wp-json\/wp\/v2\/posts\/214863","targetHints":{"allow":["GET"]}}],"collection":[{"href":"https:\/\/buletin.de\/bucuresti\/wp-json\/wp\/v2\/posts"}],"about":[{"href":"https:\/\/buletin.de\/bucuresti\/wp-json\/wp\/v2\/types\/post"}],"author":[{"embeddable":true,"href":"https:\/\/buletin.de\/bucuresti\/wp-json\/wp\/v2\/users\/61"}],"replies":[{"embeddable":true,"href":"https:\/\/buletin.de\/bucuresti\/wp-json\/wp\/v2\/comments?post=214863"}],"version-history":[{"count":19,"href":"https:\/\/buletin.de\/bucuresti\/wp-json\/wp\/v2\/posts\/214863\/revisions"}],"predecessor-version":[{"id":215049,"href":"https:\/\/buletin.de\/bucuresti\/wp-json\/wp\/v2\/posts\/214863\/revisions\/215049"}],"wp:featuredmedia":[{"embeddable":true,"href":"https:\/\/buletin.de\/bucuresti\/wp-json\/wp\/v2\/media\/214895"}],"wp:attachment":[{"href":"https:\/\/buletin.de\/bucuresti\/wp-json\/wp\/v2\/media?parent=214863"}],"wp:term":[{"taxonomy":"category","embeddable":true,"href":"https:\/\/buletin.de\/bucuresti\/wp-json\/wp\/v2\/categories?post=214863"},{"taxonomy":"post_tag","embeddable":true,"href":"https:\/\/buletin.de\/bucuresti\/wp-json\/wp\/v2\/tags?post=214863"},{"taxonomy":"author","embeddable":true,"href":"https:\/\/buletin.de\/bucuresti\/wp-json\/wp\/v2\/ppma_author?post=214863"}],"curies":[{"name":"wp","href":"https:\/\/api.w.org\/{rel}","templated":true}]}}