{"id":21446,"date":"2021-03-11T21:56:36","date_gmt":"2021-03-11T18:56:36","guid":{"rendered":"https:\/\/buletin.de\/bucuresti\/?p=21446"},"modified":"2021-03-11T21:56:36","modified_gmt":"2021-03-11T18:56:36","slug":"unul-dintre-loturile-de-astra-zeneca-suspendat-de-9-tari-europene-a-ajuns-si-in-romania-si-a-fost-folosit","status":"publish","type":"post","link":"https:\/\/buletin.de\/bucuresti\/unul-dintre-loturile-de-astra-zeneca-suspendat-de-9-tari-europene-a-ajuns-si-in-romania-si-a-fost-folosit\/","title":{"rendered":"Unul dintre loturile de Astra Zeneca suspendat de 9 \u021b\u0103ri europene a ajuns \u0219i \u00een Rom\u00e2nia \u0219i a fost folosit!"},"content":{"rendered":"\n<p><strong>Jurnalistul Lucian M\u00eendru\u021b\u0103 a publicat \u00een urm\u0103 cu scurt timp, pe pagina sa de Facebook o fotografie dup\u0103 o adeverin\u021b\u0103 de vaccinare din Rom\u00e2nia. Pe ea apare num\u0103rul lotului de vaccin Astra Zeneca folosit ABV2586. Este acela\u0219i lot suspendat de Italia \u0219i de alte 8 \u021b\u0103ri europene, dup\u0103 ce, mai mul\u021bi oameni imuniza\u021bi cu acest ser au murit din cauza unor cheaguri de s\u00e2nge. Cu pu\u021bin \u00eenainte de postarea lui Lucian M\u00e2ndru\u021b\u0103, coordonatorul campaniei na\u021bionale de vaccinare, medicul Valeriu Gheorghi\u021b\u0103, \u00een direct la un Antena 3, d\u0103duse toate asigur\u0103rile c\u0103 acel lot nu a ajuns \u00een Rom\u00e2nia. <\/strong><\/p>\n\n\n\n<p>Alarma a fost dat\u0103 de Austria, dup\u0103 ce, o persoan\u0103 a murit iar alta s-a \u00eemboln\u0103vit grav imediat dup\u0103 vaccinarea cu Astra Zeneca. Autorit\u0103\u021bile austriece au oprit imediat imunizarea cu serul de la Astra. Ast\u0103zi, alte 8 \u021b\u0103ri europene au f\u0103cut acela\u0219i lucru dup\u0103 ce, mai mul\u021bi oameni au murit sau au suferit tromboze grave. Este vorba de <a href=\"https:\/\/www.bbc.com\/news\/world-europe-56357760?fbclid=IwAR2B1uZhCFQbCMtZYsxQb-cE0gAhaYQqN9f65hde6raMmB5x7qpLO-A7_5c\">2 loturi de vaccin<\/a> produs de Astra Zeneca ABV5300 si ABV2856, care ar putea fi \u00een leg\u0103tur\u0103 cu probleme create. Agen\u021bia European\u0103 a Medicamentului sus\u021bine c\u0103 nu exist\u0103 indicii c\u0103 ar fi o leg\u0103tur\u0103 \u00eentre vaccinare, decesele \u0219i trombozele ap\u0103rute la oamenii imuniza\u021bi, dar c\u0103 va face investiga\u021bii.<\/p>\n\n\n\n<p>Jurnalistul Lucian M\u00eendru\u021b\u0103 a publicat pe pagina sa de Facebook fotografia unei adeverin\u021be de vaccinare, trimis\u0103 de un cititor. Pe ea se vede clar c\u0103 omul a fost imunizat cu un vaccin din loturile suspendate \u00een 9 \u021b\u0103ri europene.<\/p>\n\n\n<div class=\"fb-post\" data-href=\"https:\/\/www.facebook.com\/lucian.mindruta\/posts\/10219836555446308\" data-width=\"500\" data-show-text=\"true\">\n<blockquote cite=\"https:\/\/www.facebook.com\/lucian.mindruta\/posts\/10219836555446308\" class=\"fb-xfbml-parse-ignore\">\n<p>Italia a suspendat vaccinul Astra Zeneca cu lotul ABV2856, dupa suspiciuni legate de cheaguri de sange la doi pacienti&#8230;.<\/p>\n<p>Publicat\u0103 de <a href=\"https:\/\/www.facebook.com\/lucian.mindruta\">Lucian Mindruta<\/a> pe&nbsp;<a href=\"https:\/\/www.facebook.com\/lucian.mindruta\/posts\/10219836555446308\">Joi, 11 martie 2021<\/a><\/p><\/blockquote>\n<\/div>\n\n\n\n<p>Postarea lui Lucian M\u00eendru\u021b\u0103 are \u0219i c\u00e2teva sute de comentarii. \u00centre ele, al\u021bi mul\u021bi rom\u00e2ni, de peste tot din \u021bar\u0103, care au fost imuniza\u021bi cu ser din acela\u0219i lot, ABV2856 \u0219i care au pus fotografii dup\u0103 adeverin\u021b\u0103 ca dovad\u0103.<\/p>\n\n\n<div class=\"fb-post\" data-href=\"https:\/\/www.facebook.com\/photo\/?fbid=4454584487889894&amp;set=p.4454584487889894\" data-width=\"500\" data-show-text=\"true\">\n<blockquote cite=\"https:\/\/www.facebook.com\/photo.php?fbid=4454584487889894&amp;set=p.4454584487889894&amp;type=3\" class=\"fb-xfbml-parse-ignore\"><p>Publicat\u0103 de <a href=\"#\" role=\"button\">Lacatusu Cristina<\/a> pe&nbsp;<a href=\"https:\/\/www.facebook.com\/photo.php?fbid=4454584487889894&amp;set=p.4454584487889894&amp;type=3\">Joi, 11 martie 2021<\/a><\/p><\/blockquote>\n<\/div>\n\n\n\n<div class=\"wp-block-buttons is-layout-flex wp-block-buttons-is-layout-flex\"><\/div>\n\n\n\n<figure class=\"wp-block-image\"><img decoding=\"async\" src=\"data:image\/gif;base64,R0lGODlhAQABAAAAACH5BAEKAAEALAAAAAABAAEAAAICTAEAOw==\" data-src=\"https:\/\/scontent.fcra1-1.fna.fbcdn.net\/v\/t1.0-9\/159525259_4135520456482062_6540342960127833166_n.jpg?_nc_cat=100&amp;ccb=1-3&amp;_nc_sid=dbeb18&amp;_nc_ohc=G65rjJdhy18AX9RM6W9&amp;_nc_ht=scontent.fcra1-1.fna&amp;oh=46a1622c9f79f739430e343aaeb67b78&amp;oe=6071C933\" class=\"lazyload\" alt=\"Ar putea fi o imagine cu text care spune \u201eSeria Numar (Identity card) 385077 INFORMATII DESPRE VACCIN VACCINE INFO Doza 1 Dose 1) Tip vaccin(Type of vaccine): Vaccin \u00eempotriva COVE Produs (Product) Astra-Zeneca LotNr (Batch no): ABV2856 Data expirarii (Expiration date) 31-05-2021 Data vaccin\u0103rii (Date of vaccination) 07-03-2021 DATE DESPRE CENTRUL DE VACCINARE Nume centru de vaccinare Name of vaccination center Floresti SCOALA GIMNAZIALA GHEORGHE SINCAI Jude\u00c8ul\/ County Cluj This document is signed by Signatory Date\/Time CN=ren OU=CNS 0=Institutul Natio Sanatate Publica, L=Bucuresti, ST=Se C=RO Sun Mar 07 2021 CN=certSIGN Enterp Class 3 G2, OU=cer Enterprise Clas 0=certSIGN, C=RO 08:25:2 Issuer-Certificate\u201d\"\/><figcaption><img decoding=\"async\" src=\"data:image\/gif;base64,R0lGODlhAQABAAAAACH5BAEKAAEALAAAAAABAAEAAAICTAEAOw==\" data-src=\"https:\/\/scontent.fcra1-1.fna.fbcdn.net\/v\/t1.0-9\/159479135_5170691633004277_8406439120621852765_o.jpg?_nc_cat=101&amp;ccb=1-3&amp;_nc_sid=dbeb18&amp;_nc_ohc=pHJCtiUlI2cAX9yE89H&amp;_nc_ht=scontent.fcra1-1.fna&amp;oh=4f44c36ed6bf2ba35cafd23f1bec91a6&amp;oe=606E05A1\" class=\"lazyload\" alt=\"Ar putea fi o imagine cu text care spune \u201eACCIN \/ VACCINE INFO (Type of vaccine): Vaccin \u00eempotriva COVID eca \/ LotNr (Batch no): ABV2856 te) 31-05-2021 cination) 28-02-2021\u201d\"><\/figcaption><\/figure>\n\n\n\n<p>Sursa Facebook Lucian M\u00eendru\u021b\u0103<\/p>\n\n\n\n<p>Cu pu\u021bin \u00eenainte de postarea lui Lucian M\u00eendru\u021b\u0103, la Antena 3, dr. Valeriu Gheorghi\u021b\u0103 declarase c\u0103 niciun vaccin din aceste loturi nu a ajuns \u00een Rom\u00e2nia.<\/p>\n\n\n\n<p><em><em>\u201eLotul asupra c\u0103ruia s-a ridicat aceast\u0103 suspiciune \u0219i care este \u00een evaluare presupune aproximativ 1,6 milioane de doze, care au fost distribuite \u00een circa 17 \u021b\u0103ri europene. A\u0219 men\u021biona c\u0103 Rom\u00e2nia nu a primit doze din acest lot\u201d<\/em>, <\/em>a declarat Valeriu Gheorghi\u021b\u0103, la Antena 3.<\/p>\n\n\n\n<p>Coordonatorul campaniei na\u021bionale de vaccinare a mai declarat c\u0103 dac\u0103 decizia de suspendare a vaccin\u0103rii cu Astra Zeneca va viza toate loturile, va lua aceast\u0103 m\u0103sur\u0103 \u0219i \u00een Rom\u00e2nia. <\/p>\n\n\n\n<p>Pe 1 martie, un b\u0103rbat de 45 de ani din Gorj a murit la o zi dup\u0103 ce fusese imunizat cu Astra Zeneca. Raportul medico legal a men\u021bionat c\u0103 omul a decedat din cauza unui infract extins.<\/p>\n","protected":false},"excerpt":{"rendered":"<p>Jurnalistul Lucian M\u00eendru\u021b\u0103 a publicat \u00een urm\u0103 cu scurt timp, pe pagina sa de Facebook o fotografie dup\u0103 o adeverin\u021b\u0103 de vaccinare din Rom\u00e2nia. Pe ea apare num\u0103rul lotului de vaccin Astra Zeneca folosit ABV2586. Este acela\u0219i lot suspendat de Italia \u0219i de alte 8 \u021b\u0103ri europene, dup\u0103 ce, mai mul\u021bi oameni imuniza\u021bi cu acest [&hellip;]<\/p>\n","protected":false},"author":18,"featured_media":21450,"comment_status":"closed","ping_status":"open","sticky":false,"template":"","format":"standard","meta":{"_acf_changed":false,"inline_featured_image":false,"ngg_post_thumbnail":0,"footnotes":""},"categories":[996,1],"tags":[2367,640,2368,2369],"ppma_author":[22579],"class_list":["post-21446","post","type-post","status-publish","format-standard","has-post-thumbnail","hentry","category-covid-19","category-diverse","tag-astra-zeneca","tag-covid","tag-loturi-suspendate","tag-valeriu-gheorghita-2"],"acf":[],"yoast_head":"<!-- This site is optimized with the Yoast SEO Premium plugin v25.3 (Yoast SEO v27.5) - https:\/\/yoast.com\/product\/yoast-seo-premium-wordpress\/ -->\n<title>Unul dintre loturile de Astra Zeneca suspendat de 9 \u021b\u0103ri europene a ajuns \u0219i \u00een Rom\u00e2nia \u0219i a fost folosit! - Buletin de Bucure\u0219ti<\/title>\n<meta name=\"robots\" content=\"index, follow, max-snippet:-1, max-image-preview:large, max-video-preview:-1\" \/>\n<link rel=\"canonical\" href=\"https:\/\/buletin.de\/bucuresti\/unul-dintre-loturile-de-astra-zeneca-suspendat-de-9-tari-europene-a-ajuns-si-in-romania-si-a-fost-folosit\/\" \/>\n<meta property=\"og:locale\" content=\"en_GB\" \/>\n<meta property=\"og:type\" content=\"article\" \/>\n<meta property=\"og:title\" content=\"Unul dintre loturile de Astra Zeneca suspendat de 9 \u021b\u0103ri europene a ajuns \u0219i \u00een Rom\u00e2nia \u0219i a fost folosit!\" \/>\n<meta property=\"og:description\" content=\"Jurnalistul Lucian M\u00eendru\u021b\u0103 a publicat \u00een urm\u0103 cu scurt timp, pe pagina sa de Facebook o fotografie dup\u0103 o adeverin\u021b\u0103 de vaccinare din Rom\u00e2nia. Pe ea apare num\u0103rul lotului de vaccin Astra Zeneca folosit ABV2586. Este acela\u0219i lot suspendat de Italia \u0219i de alte 8 \u021b\u0103ri europene, dup\u0103 ce, mai mul\u021bi oameni imuniza\u021bi cu acest [&hellip;]\" \/>\n<meta property=\"og:url\" content=\"https:\/\/buletin.de\/bucuresti\/unul-dintre-loturile-de-astra-zeneca-suspendat-de-9-tari-europene-a-ajuns-si-in-romania-si-a-fost-folosit\/\" \/>\n<meta property=\"og:site_name\" content=\"Buletin de Bucure\u0219ti\" \/>\n<meta property=\"article:publisher\" content=\"https:\/\/www.facebook.com\/buletin.de.buc\" \/>\n<meta property=\"article:published_time\" content=\"2021-03-11T18:56:36+00:00\" \/>\n<meta property=\"og:image\" content=\"https:\/\/buletin.de\/bucuresti\/wp-content\/uploads\/john-cameron-HldHS0hEOxQ-unsplash-scaled.jpg\" \/>\n\t<meta property=\"og:image:width\" content=\"1920\" \/>\n\t<meta property=\"og:image:height\" content=\"2560\" \/>\n\t<meta property=\"og:image:type\" content=\"image\/jpeg\" \/>\n<meta name=\"author\" content=\"Teodora Stroe\" \/>\n<meta name=\"twitter:card\" content=\"summary_large_image\" \/>\n<meta name=\"twitter:label1\" content=\"Written by\" \/>\n\t<meta name=\"twitter:data1\" content=\"Teodora Stroe\" \/>\n\t<meta name=\"twitter:label2\" content=\"Estimated reading time\" \/>\n\t<meta name=\"twitter:data2\" content=\"2 minutes\" \/>\n<script type=\"application\/ld+json\" class=\"yoast-schema-graph\">{\"@context\":\"https:\\\/\\\/schema.org\",\"@graph\":[{\"@type\":\"Article\",\"@id\":\"https:\\\/\\\/buletin.de\\\/bucuresti\\\/unul-dintre-loturile-de-astra-zeneca-suspendat-de-9-tari-europene-a-ajuns-si-in-romania-si-a-fost-folosit\\\/#article\",\"isPartOf\":{\"@id\":\"https:\\\/\\\/buletin.de\\\/bucuresti\\\/unul-dintre-loturile-de-astra-zeneca-suspendat-de-9-tari-europene-a-ajuns-si-in-romania-si-a-fost-folosit\\\/\"},\"author\":{\"name\":\"Teodora Stroe\",\"@id\":\"https:\\\/\\\/buletin.de\\\/bucuresti\\\/#\\\/schema\\\/person\\\/d369d7ddc775abece205795e0b804614\"},\"headline\":\"Unul dintre loturile de Astra Zeneca suspendat de 9 \u021b\u0103ri europene a ajuns \u0219i \u00een Rom\u00e2nia \u0219i a fost folosit!\",\"datePublished\":\"2021-03-11T18:56:36+00:00\",\"mainEntityOfPage\":{\"@id\":\"https:\\\/\\\/buletin.de\\\/bucuresti\\\/unul-dintre-loturile-de-astra-zeneca-suspendat-de-9-tari-europene-a-ajuns-si-in-romania-si-a-fost-folosit\\\/\"},\"wordCount\":514,\"publisher\":{\"@id\":\"https:\\\/\\\/buletin.de\\\/bucuresti\\\/#organization\"},\"image\":{\"@id\":\"https:\\\/\\\/buletin.de\\\/bucuresti\\\/unul-dintre-loturile-de-astra-zeneca-suspendat-de-9-tari-europene-a-ajuns-si-in-romania-si-a-fost-folosit\\\/#primaryimage\"},\"thumbnailUrl\":\"https:\\\/\\\/buletin.de\\\/bucuresti\\\/wp-content\\\/uploads\\\/john-cameron-HldHS0hEOxQ-unsplash-scaled.jpg\",\"keywords\":[\"astra zeneca\",\"covid\",\"loturi suspendate\",\"valeriu gheorghita\"],\"articleSection\":[\"Covid-19\",\"Diverse\"],\"inLanguage\":\"en-GB\",\"copyrightYear\":\"2021\",\"copyrightHolder\":{\"@id\":\"https:\\\/\\\/buletin.de\\\/bucuresti\\\/#organization\"}},{\"@type\":\"WebPage\",\"@id\":\"https:\\\/\\\/buletin.de\\\/bucuresti\\\/unul-dintre-loturile-de-astra-zeneca-suspendat-de-9-tari-europene-a-ajuns-si-in-romania-si-a-fost-folosit\\\/\",\"url\":\"https:\\\/\\\/buletin.de\\\/bucuresti\\\/unul-dintre-loturile-de-astra-zeneca-suspendat-de-9-tari-europene-a-ajuns-si-in-romania-si-a-fost-folosit\\\/\",\"name\":\"Unul dintre loturile de Astra Zeneca suspendat de 9 \u021b\u0103ri europene a ajuns \u0219i \u00een Rom\u00e2nia \u0219i a fost folosit! - Buletin de Bucure\u0219ti\",\"isPartOf\":{\"@id\":\"https:\\\/\\\/buletin.de\\\/bucuresti\\\/#website\"},\"primaryImageOfPage\":{\"@id\":\"https:\\\/\\\/buletin.de\\\/bucuresti\\\/unul-dintre-loturile-de-astra-zeneca-suspendat-de-9-tari-europene-a-ajuns-si-in-romania-si-a-fost-folosit\\\/#primaryimage\"},\"image\":{\"@id\":\"https:\\\/\\\/buletin.de\\\/bucuresti\\\/unul-dintre-loturile-de-astra-zeneca-suspendat-de-9-tari-europene-a-ajuns-si-in-romania-si-a-fost-folosit\\\/#primaryimage\"},\"thumbnailUrl\":\"https:\\\/\\\/buletin.de\\\/bucuresti\\\/wp-content\\\/uploads\\\/john-cameron-HldHS0hEOxQ-unsplash-scaled.jpg\",\"datePublished\":\"2021-03-11T18:56:36+00:00\",\"breadcrumb\":{\"@id\":\"https:\\\/\\\/buletin.de\\\/bucuresti\\\/unul-dintre-loturile-de-astra-zeneca-suspendat-de-9-tari-europene-a-ajuns-si-in-romania-si-a-fost-folosit\\\/#breadcrumb\"},\"inLanguage\":\"en-GB\",\"potentialAction\":[{\"@type\":\"ReadAction\",\"target\":[\"https:\\\/\\\/buletin.de\\\/bucuresti\\\/unul-dintre-loturile-de-astra-zeneca-suspendat-de-9-tari-europene-a-ajuns-si-in-romania-si-a-fost-folosit\\\/\"]}]},{\"@type\":\"ImageObject\",\"inLanguage\":\"en-GB\",\"@id\":\"https:\\\/\\\/buletin.de\\\/bucuresti\\\/unul-dintre-loturile-de-astra-zeneca-suspendat-de-9-tari-europene-a-ajuns-si-in-romania-si-a-fost-folosit\\\/#primaryimage\",\"url\":\"https:\\\/\\\/buletin.de\\\/bucuresti\\\/wp-content\\\/uploads\\\/john-cameron-HldHS0hEOxQ-unsplash-scaled.jpg\",\"contentUrl\":\"https:\\\/\\\/buletin.de\\\/bucuresti\\\/wp-content\\\/uploads\\\/john-cameron-HldHS0hEOxQ-unsplash-scaled.jpg\",\"width\":1920,\"height\":2560},{\"@type\":\"BreadcrumbList\",\"@id\":\"https:\\\/\\\/buletin.de\\\/bucuresti\\\/unul-dintre-loturile-de-astra-zeneca-suspendat-de-9-tari-europene-a-ajuns-si-in-romania-si-a-fost-folosit\\\/#breadcrumb\",\"itemListElement\":[{\"@type\":\"ListItem\",\"position\":1,\"name\":\"Acas\u0103\",\"item\":\"https:\\\/\\\/buletin.de\\\/bucuresti\\\/\"},{\"@type\":\"ListItem\",\"position\":2,\"name\":\"Unul dintre loturile de Astra Zeneca suspendat de 9 \u021b\u0103ri europene a ajuns \u0219i \u00een Rom\u00e2nia \u0219i a fost folosit!\"}]},{\"@type\":\"WebSite\",\"@id\":\"https:\\\/\\\/buletin.de\\\/bucuresti\\\/#website\",\"url\":\"https:\\\/\\\/buletin.de\\\/bucuresti\\\/\",\"name\":\"Buletin de Bucure\u0219ti\",\"description\":\"\u0218tiri \u0219i investiga\u021bii esen\u021biale din capital\u0103\",\"publisher\":{\"@id\":\"https:\\\/\\\/buletin.de\\\/bucuresti\\\/#organization\"},\"potentialAction\":[{\"@type\":\"SearchAction\",\"target\":{\"@type\":\"EntryPoint\",\"urlTemplate\":\"https:\\\/\\\/buletin.de\\\/bucuresti\\\/?s={search_term_string}\"},\"query-input\":{\"@type\":\"PropertyValueSpecification\",\"valueRequired\":true,\"valueName\":\"search_term_string\"}}],\"inLanguage\":\"en-GB\"},{\"@type\":\"Organization\",\"@id\":\"https:\\\/\\\/buletin.de\\\/bucuresti\\\/#organization\",\"name\":\"Buletin de Bucure\u0219ti\",\"url\":\"https:\\\/\\\/buletin.de\\\/bucuresti\\\/\",\"logo\":{\"@type\":\"ImageObject\",\"inLanguage\":\"en-GB\",\"@id\":\"https:\\\/\\\/buletin.de\\\/bucuresti\\\/#\\\/schema\\\/logo\\\/image\\\/\",\"url\":\"https:\\\/\\\/buletin.de\\\/bucuresti\\\/wp-content\\\/uploads\\\/logo-bdb-full-wide-vernil-transparent.png\",\"contentUrl\":\"https:\\\/\\\/buletin.de\\\/bucuresti\\\/wp-content\\\/uploads\\\/logo-bdb-full-wide-vernil-transparent.png\",\"width\":1782,\"height\":626,\"caption\":\"Buletin de Bucure\u0219ti\"},\"image\":{\"@id\":\"https:\\\/\\\/buletin.de\\\/bucuresti\\\/#\\\/schema\\\/logo\\\/image\\\/\"},\"sameAs\":[\"https:\\\/\\\/www.facebook.com\\\/buletin.de.buc\",\"https:\\\/\\\/www.instagram.com\\\/buletinde.bucuresti\\\/\"]},{\"@type\":\"Person\",\"@id\":\"https:\\\/\\\/buletin.de\\\/bucuresti\\\/#\\\/schema\\\/person\\\/d369d7ddc775abece205795e0b804614\",\"name\":\"Teodora Stroe\",\"image\":{\"@type\":\"ImageObject\",\"inLanguage\":\"en-GB\",\"@id\":\"https:\\\/\\\/secure.gravatar.com\\\/avatar\\\/2560b4cd9f5f1bc100b123158e657d75584bd1c3e1d9c69285720b9457c1b78d?s=96&d=monsterid&r=gc104800242ba5f2d78dd5d7dc4df08b6\",\"url\":\"https:\\\/\\\/secure.gravatar.com\\\/avatar\\\/2560b4cd9f5f1bc100b123158e657d75584bd1c3e1d9c69285720b9457c1b78d?s=96&d=monsterid&r=g\",\"contentUrl\":\"https:\\\/\\\/secure.gravatar.com\\\/avatar\\\/2560b4cd9f5f1bc100b123158e657d75584bd1c3e1d9c69285720b9457c1b78d?s=96&d=monsterid&r=g\",\"caption\":\"Teodora Stroe\"},\"url\":\"https:\\\/\\\/buletin.de\\\/bucuresti\\\/author\\\/simonacarlugea\\\/\"}]}<\/script>\n<!-- \/ Yoast SEO Premium plugin. -->","yoast_head_json":{"title":"Unul dintre loturile de Astra Zeneca suspendat de 9 \u021b\u0103ri europene a ajuns \u0219i \u00een Rom\u00e2nia \u0219i a fost folosit! - Buletin de Bucure\u0219ti","robots":{"index":"index","follow":"follow","max-snippet":"max-snippet:-1","max-image-preview":"max-image-preview:large","max-video-preview":"max-video-preview:-1"},"canonical":"https:\/\/buletin.de\/bucuresti\/unul-dintre-loturile-de-astra-zeneca-suspendat-de-9-tari-europene-a-ajuns-si-in-romania-si-a-fost-folosit\/","og_locale":"en_GB","og_type":"article","og_title":"Unul dintre loturile de Astra Zeneca suspendat de 9 \u021b\u0103ri europene a ajuns \u0219i \u00een Rom\u00e2nia \u0219i a fost folosit!","og_description":"Jurnalistul Lucian M\u00eendru\u021b\u0103 a publicat \u00een urm\u0103 cu scurt timp, pe pagina sa de Facebook o fotografie dup\u0103 o adeverin\u021b\u0103 de vaccinare din Rom\u00e2nia. Pe ea apare num\u0103rul lotului de vaccin Astra Zeneca folosit ABV2586. Este acela\u0219i lot suspendat de Italia \u0219i de alte 8 \u021b\u0103ri europene, dup\u0103 ce, mai mul\u021bi oameni imuniza\u021bi cu acest [&hellip;]","og_url":"https:\/\/buletin.de\/bucuresti\/unul-dintre-loturile-de-astra-zeneca-suspendat-de-9-tari-europene-a-ajuns-si-in-romania-si-a-fost-folosit\/","og_site_name":"Buletin de Bucure\u0219ti","article_publisher":"https:\/\/www.facebook.com\/buletin.de.buc","article_published_time":"2021-03-11T18:56:36+00:00","og_image":[{"width":1920,"height":2560,"url":"https:\/\/buletin.de\/bucuresti\/wp-content\/uploads\/john-cameron-HldHS0hEOxQ-unsplash-scaled.jpg","type":"image\/jpeg"}],"author":"Teodora Stroe","twitter_card":"summary_large_image","twitter_misc":{"Written by":"Teodora Stroe","Estimated reading time":"2 minutes"},"schema":{"@context":"https:\/\/schema.org","@graph":[{"@type":"Article","@id":"https:\/\/buletin.de\/bucuresti\/unul-dintre-loturile-de-astra-zeneca-suspendat-de-9-tari-europene-a-ajuns-si-in-romania-si-a-fost-folosit\/#article","isPartOf":{"@id":"https:\/\/buletin.de\/bucuresti\/unul-dintre-loturile-de-astra-zeneca-suspendat-de-9-tari-europene-a-ajuns-si-in-romania-si-a-fost-folosit\/"},"author":{"name":"Teodora Stroe","@id":"https:\/\/buletin.de\/bucuresti\/#\/schema\/person\/d369d7ddc775abece205795e0b804614"},"headline":"Unul dintre loturile de Astra Zeneca suspendat de 9 \u021b\u0103ri europene a ajuns \u0219i \u00een Rom\u00e2nia \u0219i a fost folosit!","datePublished":"2021-03-11T18:56:36+00:00","mainEntityOfPage":{"@id":"https:\/\/buletin.de\/bucuresti\/unul-dintre-loturile-de-astra-zeneca-suspendat-de-9-tari-europene-a-ajuns-si-in-romania-si-a-fost-folosit\/"},"wordCount":514,"publisher":{"@id":"https:\/\/buletin.de\/bucuresti\/#organization"},"image":{"@id":"https:\/\/buletin.de\/bucuresti\/unul-dintre-loturile-de-astra-zeneca-suspendat-de-9-tari-europene-a-ajuns-si-in-romania-si-a-fost-folosit\/#primaryimage"},"thumbnailUrl":"https:\/\/buletin.de\/bucuresti\/wp-content\/uploads\/john-cameron-HldHS0hEOxQ-unsplash-scaled.jpg","keywords":["astra zeneca","covid","loturi suspendate","valeriu gheorghita"],"articleSection":["Covid-19","Diverse"],"inLanguage":"en-GB","copyrightYear":"2021","copyrightHolder":{"@id":"https:\/\/buletin.de\/bucuresti\/#organization"}},{"@type":"WebPage","@id":"https:\/\/buletin.de\/bucuresti\/unul-dintre-loturile-de-astra-zeneca-suspendat-de-9-tari-europene-a-ajuns-si-in-romania-si-a-fost-folosit\/","url":"https:\/\/buletin.de\/bucuresti\/unul-dintre-loturile-de-astra-zeneca-suspendat-de-9-tari-europene-a-ajuns-si-in-romania-si-a-fost-folosit\/","name":"Unul dintre loturile de Astra Zeneca suspendat de 9 \u021b\u0103ri europene a ajuns \u0219i \u00een Rom\u00e2nia \u0219i a fost folosit! - Buletin de Bucure\u0219ti","isPartOf":{"@id":"https:\/\/buletin.de\/bucuresti\/#website"},"primaryImageOfPage":{"@id":"https:\/\/buletin.de\/bucuresti\/unul-dintre-loturile-de-astra-zeneca-suspendat-de-9-tari-europene-a-ajuns-si-in-romania-si-a-fost-folosit\/#primaryimage"},"image":{"@id":"https:\/\/buletin.de\/bucuresti\/unul-dintre-loturile-de-astra-zeneca-suspendat-de-9-tari-europene-a-ajuns-si-in-romania-si-a-fost-folosit\/#primaryimage"},"thumbnailUrl":"https:\/\/buletin.de\/bucuresti\/wp-content\/uploads\/john-cameron-HldHS0hEOxQ-unsplash-scaled.jpg","datePublished":"2021-03-11T18:56:36+00:00","breadcrumb":{"@id":"https:\/\/buletin.de\/bucuresti\/unul-dintre-loturile-de-astra-zeneca-suspendat-de-9-tari-europene-a-ajuns-si-in-romania-si-a-fost-folosit\/#breadcrumb"},"inLanguage":"en-GB","potentialAction":[{"@type":"ReadAction","target":["https:\/\/buletin.de\/bucuresti\/unul-dintre-loturile-de-astra-zeneca-suspendat-de-9-tari-europene-a-ajuns-si-in-romania-si-a-fost-folosit\/"]}]},{"@type":"ImageObject","inLanguage":"en-GB","@id":"https:\/\/buletin.de\/bucuresti\/unul-dintre-loturile-de-astra-zeneca-suspendat-de-9-tari-europene-a-ajuns-si-in-romania-si-a-fost-folosit\/#primaryimage","url":"https:\/\/buletin.de\/bucuresti\/wp-content\/uploads\/john-cameron-HldHS0hEOxQ-unsplash-scaled.jpg","contentUrl":"https:\/\/buletin.de\/bucuresti\/wp-content\/uploads\/john-cameron-HldHS0hEOxQ-unsplash-scaled.jpg","width":1920,"height":2560},{"@type":"BreadcrumbList","@id":"https:\/\/buletin.de\/bucuresti\/unul-dintre-loturile-de-astra-zeneca-suspendat-de-9-tari-europene-a-ajuns-si-in-romania-si-a-fost-folosit\/#breadcrumb","itemListElement":[{"@type":"ListItem","position":1,"name":"Acas\u0103","item":"https:\/\/buletin.de\/bucuresti\/"},{"@type":"ListItem","position":2,"name":"Unul dintre loturile de Astra Zeneca suspendat de 9 \u021b\u0103ri europene a ajuns \u0219i \u00een Rom\u00e2nia \u0219i a fost folosit!"}]},{"@type":"WebSite","@id":"https:\/\/buletin.de\/bucuresti\/#website","url":"https:\/\/buletin.de\/bucuresti\/","name":"Buletin de Bucure\u0219ti","description":"\u0218tiri \u0219i investiga\u021bii esen\u021biale din capital\u0103","publisher":{"@id":"https:\/\/buletin.de\/bucuresti\/#organization"},"potentialAction":[{"@type":"SearchAction","target":{"@type":"EntryPoint","urlTemplate":"https:\/\/buletin.de\/bucuresti\/?s={search_term_string}"},"query-input":{"@type":"PropertyValueSpecification","valueRequired":true,"valueName":"search_term_string"}}],"inLanguage":"en-GB"},{"@type":"Organization","@id":"https:\/\/buletin.de\/bucuresti\/#organization","name":"Buletin de Bucure\u0219ti","url":"https:\/\/buletin.de\/bucuresti\/","logo":{"@type":"ImageObject","inLanguage":"en-GB","@id":"https:\/\/buletin.de\/bucuresti\/#\/schema\/logo\/image\/","url":"https:\/\/buletin.de\/bucuresti\/wp-content\/uploads\/logo-bdb-full-wide-vernil-transparent.png","contentUrl":"https:\/\/buletin.de\/bucuresti\/wp-content\/uploads\/logo-bdb-full-wide-vernil-transparent.png","width":1782,"height":626,"caption":"Buletin de Bucure\u0219ti"},"image":{"@id":"https:\/\/buletin.de\/bucuresti\/#\/schema\/logo\/image\/"},"sameAs":["https:\/\/www.facebook.com\/buletin.de.buc","https:\/\/www.instagram.com\/buletinde.bucuresti\/"]},{"@type":"Person","@id":"https:\/\/buletin.de\/bucuresti\/#\/schema\/person\/d369d7ddc775abece205795e0b804614","name":"Teodora Stroe","image":{"@type":"ImageObject","inLanguage":"en-GB","@id":"https:\/\/secure.gravatar.com\/avatar\/2560b4cd9f5f1bc100b123158e657d75584bd1c3e1d9c69285720b9457c1b78d?s=96&d=monsterid&r=gc104800242ba5f2d78dd5d7dc4df08b6","url":"https:\/\/secure.gravatar.com\/avatar\/2560b4cd9f5f1bc100b123158e657d75584bd1c3e1d9c69285720b9457c1b78d?s=96&d=monsterid&r=g","contentUrl":"https:\/\/secure.gravatar.com\/avatar\/2560b4cd9f5f1bc100b123158e657d75584bd1c3e1d9c69285720b9457c1b78d?s=96&d=monsterid&r=g","caption":"Teodora Stroe"},"url":"https:\/\/buletin.de\/bucuresti\/author\/simonacarlugea\/"}]}},"authors":[{"term_id":22579,"user_id":18,"is_guest":0,"slug":"simonacarlugea","display_name":"Teodora Stroe","avatar_url":"https:\/\/secure.gravatar.com\/avatar\/2560b4cd9f5f1bc100b123158e657d75584bd1c3e1d9c69285720b9457c1b78d?s=96&d=monsterid&r=g","0":null,"1":"","2":"","3":"","4":"","5":"","6":"","7":"","8":""}],"_links":{"self":[{"href":"https:\/\/buletin.de\/bucuresti\/wp-json\/wp\/v2\/posts\/21446","targetHints":{"allow":["GET"]}}],"collection":[{"href":"https:\/\/buletin.de\/bucuresti\/wp-json\/wp\/v2\/posts"}],"about":[{"href":"https:\/\/buletin.de\/bucuresti\/wp-json\/wp\/v2\/types\/post"}],"author":[{"embeddable":true,"href":"https:\/\/buletin.de\/bucuresti\/wp-json\/wp\/v2\/users\/18"}],"replies":[{"embeddable":true,"href":"https:\/\/buletin.de\/bucuresti\/wp-json\/wp\/v2\/comments?post=21446"}],"version-history":[{"count":9,"href":"https:\/\/buletin.de\/bucuresti\/wp-json\/wp\/v2\/posts\/21446\/revisions"}],"predecessor-version":[{"id":21456,"href":"https:\/\/buletin.de\/bucuresti\/wp-json\/wp\/v2\/posts\/21446\/revisions\/21456"}],"wp:featuredmedia":[{"embeddable":true,"href":"https:\/\/buletin.de\/bucuresti\/wp-json\/wp\/v2\/media\/21450"}],"wp:attachment":[{"href":"https:\/\/buletin.de\/bucuresti\/wp-json\/wp\/v2\/media?parent=21446"}],"wp:term":[{"taxonomy":"category","embeddable":true,"href":"https:\/\/buletin.de\/bucuresti\/wp-json\/wp\/v2\/categories?post=21446"},{"taxonomy":"post_tag","embeddable":true,"href":"https:\/\/buletin.de\/bucuresti\/wp-json\/wp\/v2\/tags?post=21446"},{"taxonomy":"author","embeddable":true,"href":"https:\/\/buletin.de\/bucuresti\/wp-json\/wp\/v2\/ppma_author?post=21446"}],"curies":[{"name":"wp","href":"https:\/\/api.w.org\/{rel}","templated":true}]}}