{"id":21324,"date":"2021-03-10T13:13:07","date_gmt":"2021-03-10T10:13:07","guid":{"rendered":"https:\/\/buletin.de\/bucuresti\/?p=21324"},"modified":"2021-03-10T13:13:08","modified_gmt":"2021-03-10T10:13:08","slug":"comuna-clinceni-intra-in-carantina-pentru-14-zile","status":"publish","type":"post","link":"https:\/\/buletin.de\/bucuresti\/comuna-clinceni-intra-in-carantina-pentru-14-zile\/","title":{"rendered":"Comuna Clinceni intr\u0103 \u00een carantin\u0103 pentru 14 zile"},"content":{"rendered":"\n<p><strong>Comitetul Jude\u021bean pentru Situa\u021bii de Urgen\u021b\u0103 Ilfov, a decis instaurarea carantinei zonale timp de 14 zile \u00een Comuna Clinceni, \u00eencep\u00e2nd de mar\u021bi. Decizia a fost luat\u0103 \u00een urma propunerii lui Raed Arafat, \u0219eful Departamentului pentru Situa\u021bii de Urgen\u021b\u0103.<\/strong><\/p>\n\n\n\n<figure class=\"wp-block-image size-large\"><img fetchpriority=\"high\" decoding=\"async\" width=\"651\" height=\"809\" src=\"data:image\/gif;base64,R0lGODlhAQABAAAAACH5BAEKAAEALAAAAAABAAEAAAICTAEAOw==\" data-src=\"https:\/\/buletin.de\/bucuresti\/wp-content\/uploads\/Screenshot-143.png\" alt=\"\" class=\"wp-image-21325 lazyload\" data-sizes=\"auto\" data-srcset=\"https:\/\/buletin.de\/bucuresti\/wp-content\/uploads\/Screenshot-143.png 651w, https:\/\/buletin.de\/bucuresti\/wp-content\/uploads\/Screenshot-143-241x300.png 241w, https:\/\/buletin.de\/bucuresti\/wp-content\/uploads\/Screenshot-143-550x683.png 550w, https:\/\/buletin.de\/bucuresti\/wp-content\/uploads\/Screenshot-143-402x500.png 402w, https:\/\/buletin.de\/bucuresti\/wp-content\/uploads\/Screenshot-143-600x746.png 600w\" sizes=\"(max-width: 651px) 100vw, 651px\" \/><figcaption>Ordinul \u0219efului DSU<\/figcaption><\/figure>\n\n\n\n<p>M\u0103surile au fost propuse ca urmare a faptului c\u0103 \u00een localitatea Clinceni, jude\u021bul Ilfov, rata de inciden\u021b\u0103 cumulat\u0103 calculat\u0103 la data de 08 martie  pentru ultimele 14 zile a atins valoarea de 6,14\/1.000 locuitori.<\/p>\n\n\n\n<p>\u00cen acest moment, Comuna Clinceni este singura localitate aflat\u0103 \u00een carantin\u0103 zonal\u0103 din Ilfov. <\/p>\n\n\n\n<p>Surs\u0103 Foto: <\/p>\n","protected":false},"excerpt":{"rendered":"<p>Comitetul Jude\u021bean pentru Situa\u021bii de Urgen\u021b\u0103 Ilfov, a decis instaurarea carantinei zonale timp de 14 zile \u00een Comuna Clinceni, \u00eencep\u00e2nd de mar\u021bi. Decizia a fost luat\u0103 \u00een urma propunerii lui Raed Arafat, \u0219eful Departamentului pentru Situa\u021bii de Urgen\u021b\u0103. M\u0103surile au fost propuse ca urmare a faptului c\u0103 \u00een localitatea Clinceni, jude\u021bul Ilfov, rata de inciden\u021b\u0103 [&hellip;]<\/p>\n","protected":false},"author":24,"featured_media":21330,"comment_status":"closed","ping_status":"open","sticky":false,"template":"","format":"standard","meta":{"_acf_changed":false,"inline_featured_image":false,"ngg_post_thumbnail":0,"footnotes":""},"categories":[1],"tags":[1885,2354,648,738],"ppma_author":[22596],"class_list":["post-21324","post","type-post","status-publish","format-standard","has-post-thumbnail","hentry","category-diverse","tag-carantina-2","tag-comuna-clinceni","tag-covid-19","tag-raed-arafat"],"acf":[],"yoast_head":"<!-- This site is optimized with the Yoast SEO Premium plugin v25.3 (Yoast SEO v27.5) - https:\/\/yoast.com\/product\/yoast-seo-premium-wordpress\/ -->\n<title>Comuna Clinceni intr\u0103 \u00een carantin\u0103 pentru 14 zile - Buletin de Bucure\u0219ti<\/title>\n<meta name=\"robots\" content=\"index, follow, max-snippet:-1, max-image-preview:large, max-video-preview:-1\" \/>\n<link rel=\"canonical\" href=\"https:\/\/buletin.de\/bucuresti\/comuna-clinceni-intra-in-carantina-pentru-14-zile\/\" \/>\n<meta property=\"og:locale\" content=\"en_GB\" \/>\n<meta property=\"og:type\" content=\"article\" \/>\n<meta property=\"og:title\" content=\"Comuna Clinceni intr\u0103 \u00een carantin\u0103 pentru 14 zile\" \/>\n<meta property=\"og:description\" content=\"Comitetul Jude\u021bean pentru Situa\u021bii de Urgen\u021b\u0103 Ilfov, a decis instaurarea carantinei zonale timp de 14 zile \u00een Comuna Clinceni, \u00eencep\u00e2nd de mar\u021bi. Decizia a fost luat\u0103 \u00een urma propunerii lui Raed Arafat, \u0219eful Departamentului pentru Situa\u021bii de Urgen\u021b\u0103. M\u0103surile au fost propuse ca urmare a faptului c\u0103 \u00een localitatea Clinceni, jude\u021bul Ilfov, rata de inciden\u021b\u0103 [&hellip;]\" \/>\n<meta property=\"og:url\" content=\"https:\/\/buletin.de\/bucuresti\/comuna-clinceni-intra-in-carantina-pentru-14-zile\/\" \/>\n<meta property=\"og:site_name\" content=\"Buletin de Bucure\u0219ti\" \/>\n<meta property=\"article:publisher\" content=\"https:\/\/www.facebook.com\/buletin.de.buc\" \/>\n<meta property=\"article:published_time\" content=\"2021-03-10T10:13:07+00:00\" \/>\n<meta property=\"article:modified_time\" content=\"2021-03-10T10:13:08+00:00\" \/>\n<meta property=\"og:image\" content=\"https:\/\/buletin.de\/bucuresti\/wp-content\/uploads\/PICT0100.jpg\" \/>\n\t<meta property=\"og:image:width\" content=\"653\" \/>\n\t<meta property=\"og:image:height\" content=\"438\" \/>\n\t<meta property=\"og:image:type\" content=\"image\/jpeg\" \/>\n<meta name=\"author\" content=\"Denisa Cotor\" \/>\n<meta name=\"twitter:card\" content=\"summary_large_image\" \/>\n<meta name=\"twitter:label1\" content=\"Written by\" \/>\n\t<meta name=\"twitter:data1\" content=\"Denisa Cotor\" \/>\n<script type=\"application\/ld+json\" class=\"yoast-schema-graph\">{\"@context\":\"https:\\\/\\\/schema.org\",\"@graph\":[{\"@type\":\"Article\",\"@id\":\"https:\\\/\\\/buletin.de\\\/bucuresti\\\/comuna-clinceni-intra-in-carantina-pentru-14-zile\\\/#article\",\"isPartOf\":{\"@id\":\"https:\\\/\\\/buletin.de\\\/bucuresti\\\/comuna-clinceni-intra-in-carantina-pentru-14-zile\\\/\"},\"author\":{\"name\":\"Denisa Cotor\",\"@id\":\"https:\\\/\\\/buletin.de\\\/bucuresti\\\/#\\\/schema\\\/person\\\/a63e1da379546f5a5aa6202c0c17fedc\"},\"headline\":\"Comuna Clinceni intr\u0103 \u00een carantin\u0103 pentru 14 zile\",\"datePublished\":\"2021-03-10T10:13:07+00:00\",\"dateModified\":\"2021-03-10T10:13:08+00:00\",\"mainEntityOfPage\":{\"@id\":\"https:\\\/\\\/buletin.de\\\/bucuresti\\\/comuna-clinceni-intra-in-carantina-pentru-14-zile\\\/\"},\"wordCount\":101,\"publisher\":{\"@id\":\"https:\\\/\\\/buletin.de\\\/bucuresti\\\/#organization\"},\"image\":{\"@id\":\"https:\\\/\\\/buletin.de\\\/bucuresti\\\/comuna-clinceni-intra-in-carantina-pentru-14-zile\\\/#primaryimage\"},\"thumbnailUrl\":\"https:\\\/\\\/buletin.de\\\/bucuresti\\\/wp-content\\\/uploads\\\/PICT0100.jpg\",\"keywords\":[\"carantin\u0103\",\"Comuna Clinceni\",\"covid-19\",\"raed arafat\"],\"articleSection\":[\"Diverse\"],\"inLanguage\":\"en-GB\",\"copyrightYear\":\"2021\",\"copyrightHolder\":{\"@id\":\"https:\\\/\\\/buletin.de\\\/bucuresti\\\/#organization\"}},{\"@type\":\"WebPage\",\"@id\":\"https:\\\/\\\/buletin.de\\\/bucuresti\\\/comuna-clinceni-intra-in-carantina-pentru-14-zile\\\/\",\"url\":\"https:\\\/\\\/buletin.de\\\/bucuresti\\\/comuna-clinceni-intra-in-carantina-pentru-14-zile\\\/\",\"name\":\"Comuna Clinceni intr\u0103 \u00een carantin\u0103 pentru 14 zile - Buletin de Bucure\u0219ti\",\"isPartOf\":{\"@id\":\"https:\\\/\\\/buletin.de\\\/bucuresti\\\/#website\"},\"primaryImageOfPage\":{\"@id\":\"https:\\\/\\\/buletin.de\\\/bucuresti\\\/comuna-clinceni-intra-in-carantina-pentru-14-zile\\\/#primaryimage\"},\"image\":{\"@id\":\"https:\\\/\\\/buletin.de\\\/bucuresti\\\/comuna-clinceni-intra-in-carantina-pentru-14-zile\\\/#primaryimage\"},\"thumbnailUrl\":\"https:\\\/\\\/buletin.de\\\/bucuresti\\\/wp-content\\\/uploads\\\/PICT0100.jpg\",\"datePublished\":\"2021-03-10T10:13:07+00:00\",\"dateModified\":\"2021-03-10T10:13:08+00:00\",\"breadcrumb\":{\"@id\":\"https:\\\/\\\/buletin.de\\\/bucuresti\\\/comuna-clinceni-intra-in-carantina-pentru-14-zile\\\/#breadcrumb\"},\"inLanguage\":\"en-GB\",\"potentialAction\":[{\"@type\":\"ReadAction\",\"target\":[\"https:\\\/\\\/buletin.de\\\/bucuresti\\\/comuna-clinceni-intra-in-carantina-pentru-14-zile\\\/\"]}]},{\"@type\":\"ImageObject\",\"inLanguage\":\"en-GB\",\"@id\":\"https:\\\/\\\/buletin.de\\\/bucuresti\\\/comuna-clinceni-intra-in-carantina-pentru-14-zile\\\/#primaryimage\",\"url\":\"https:\\\/\\\/buletin.de\\\/bucuresti\\\/wp-content\\\/uploads\\\/PICT0100.jpg\",\"contentUrl\":\"https:\\\/\\\/buletin.de\\\/bucuresti\\\/wp-content\\\/uploads\\\/PICT0100.jpg\",\"width\":653,\"height\":438},{\"@type\":\"BreadcrumbList\",\"@id\":\"https:\\\/\\\/buletin.de\\\/bucuresti\\\/comuna-clinceni-intra-in-carantina-pentru-14-zile\\\/#breadcrumb\",\"itemListElement\":[{\"@type\":\"ListItem\",\"position\":1,\"name\":\"Acas\u0103\",\"item\":\"https:\\\/\\\/buletin.de\\\/bucuresti\\\/\"},{\"@type\":\"ListItem\",\"position\":2,\"name\":\"Comuna Clinceni intr\u0103 \u00een carantin\u0103 pentru 14 zile\"}]},{\"@type\":\"WebSite\",\"@id\":\"https:\\\/\\\/buletin.de\\\/bucuresti\\\/#website\",\"url\":\"https:\\\/\\\/buletin.de\\\/bucuresti\\\/\",\"name\":\"Buletin de Bucure\u0219ti\",\"description\":\"\u0218tiri \u0219i investiga\u021bii esen\u021biale din capital\u0103\",\"publisher\":{\"@id\":\"https:\\\/\\\/buletin.de\\\/bucuresti\\\/#organization\"},\"potentialAction\":[{\"@type\":\"SearchAction\",\"target\":{\"@type\":\"EntryPoint\",\"urlTemplate\":\"https:\\\/\\\/buletin.de\\\/bucuresti\\\/?s={search_term_string}\"},\"query-input\":{\"@type\":\"PropertyValueSpecification\",\"valueRequired\":true,\"valueName\":\"search_term_string\"}}],\"inLanguage\":\"en-GB\"},{\"@type\":\"Organization\",\"@id\":\"https:\\\/\\\/buletin.de\\\/bucuresti\\\/#organization\",\"name\":\"Buletin de Bucure\u0219ti\",\"url\":\"https:\\\/\\\/buletin.de\\\/bucuresti\\\/\",\"logo\":{\"@type\":\"ImageObject\",\"inLanguage\":\"en-GB\",\"@id\":\"https:\\\/\\\/buletin.de\\\/bucuresti\\\/#\\\/schema\\\/logo\\\/image\\\/\",\"url\":\"https:\\\/\\\/buletin.de\\\/bucuresti\\\/wp-content\\\/uploads\\\/logo-bdb-full-wide-vernil-transparent.png\",\"contentUrl\":\"https:\\\/\\\/buletin.de\\\/bucuresti\\\/wp-content\\\/uploads\\\/logo-bdb-full-wide-vernil-transparent.png\",\"width\":1782,\"height\":626,\"caption\":\"Buletin de Bucure\u0219ti\"},\"image\":{\"@id\":\"https:\\\/\\\/buletin.de\\\/bucuresti\\\/#\\\/schema\\\/logo\\\/image\\\/\"},\"sameAs\":[\"https:\\\/\\\/www.facebook.com\\\/buletin.de.buc\",\"https:\\\/\\\/www.instagram.com\\\/buletinde.bucuresti\\\/\"]},{\"@type\":\"Person\",\"@id\":\"https:\\\/\\\/buletin.de\\\/bucuresti\\\/#\\\/schema\\\/person\\\/a63e1da379546f5a5aa6202c0c17fedc\",\"name\":\"Denisa Cotor\",\"image\":{\"@type\":\"ImageObject\",\"inLanguage\":\"en-GB\",\"@id\":\"https:\\\/\\\/secure.gravatar.com\\\/avatar\\\/c1ce4027aaa1abb2b608dfebf8fa939c352e3e7e66bee991ead51699f050e495?s=96&d=monsterid&r=g151b4d8f8e5b696498056edef84885ef\",\"url\":\"https:\\\/\\\/secure.gravatar.com\\\/avatar\\\/c1ce4027aaa1abb2b608dfebf8fa939c352e3e7e66bee991ead51699f050e495?s=96&d=monsterid&r=g\",\"contentUrl\":\"https:\\\/\\\/secure.gravatar.com\\\/avatar\\\/c1ce4027aaa1abb2b608dfebf8fa939c352e3e7e66bee991ead51699f050e495?s=96&d=monsterid&r=g\",\"caption\":\"Denisa Cotor\"},\"url\":\"https:\\\/\\\/buletin.de\\\/bucuresti\\\/author\\\/denisacotor\\\/\"}]}<\/script>\n<!-- \/ Yoast SEO Premium plugin. -->","yoast_head_json":{"title":"Comuna Clinceni intr\u0103 \u00een carantin\u0103 pentru 14 zile - Buletin de Bucure\u0219ti","robots":{"index":"index","follow":"follow","max-snippet":"max-snippet:-1","max-image-preview":"max-image-preview:large","max-video-preview":"max-video-preview:-1"},"canonical":"https:\/\/buletin.de\/bucuresti\/comuna-clinceni-intra-in-carantina-pentru-14-zile\/","og_locale":"en_GB","og_type":"article","og_title":"Comuna Clinceni intr\u0103 \u00een carantin\u0103 pentru 14 zile","og_description":"Comitetul Jude\u021bean pentru Situa\u021bii de Urgen\u021b\u0103 Ilfov, a decis instaurarea carantinei zonale timp de 14 zile \u00een Comuna Clinceni, \u00eencep\u00e2nd de mar\u021bi. Decizia a fost luat\u0103 \u00een urma propunerii lui Raed Arafat, \u0219eful Departamentului pentru Situa\u021bii de Urgen\u021b\u0103. M\u0103surile au fost propuse ca urmare a faptului c\u0103 \u00een localitatea Clinceni, jude\u021bul Ilfov, rata de inciden\u021b\u0103 [&hellip;]","og_url":"https:\/\/buletin.de\/bucuresti\/comuna-clinceni-intra-in-carantina-pentru-14-zile\/","og_site_name":"Buletin de Bucure\u0219ti","article_publisher":"https:\/\/www.facebook.com\/buletin.de.buc","article_published_time":"2021-03-10T10:13:07+00:00","article_modified_time":"2021-03-10T10:13:08+00:00","og_image":[{"width":653,"height":438,"url":"https:\/\/buletin.de\/bucuresti\/wp-content\/uploads\/PICT0100.jpg","type":"image\/jpeg"}],"author":"Denisa Cotor","twitter_card":"summary_large_image","twitter_misc":{"Written by":"Denisa Cotor"},"schema":{"@context":"https:\/\/schema.org","@graph":[{"@type":"Article","@id":"https:\/\/buletin.de\/bucuresti\/comuna-clinceni-intra-in-carantina-pentru-14-zile\/#article","isPartOf":{"@id":"https:\/\/buletin.de\/bucuresti\/comuna-clinceni-intra-in-carantina-pentru-14-zile\/"},"author":{"name":"Denisa Cotor","@id":"https:\/\/buletin.de\/bucuresti\/#\/schema\/person\/a63e1da379546f5a5aa6202c0c17fedc"},"headline":"Comuna Clinceni intr\u0103 \u00een carantin\u0103 pentru 14 zile","datePublished":"2021-03-10T10:13:07+00:00","dateModified":"2021-03-10T10:13:08+00:00","mainEntityOfPage":{"@id":"https:\/\/buletin.de\/bucuresti\/comuna-clinceni-intra-in-carantina-pentru-14-zile\/"},"wordCount":101,"publisher":{"@id":"https:\/\/buletin.de\/bucuresti\/#organization"},"image":{"@id":"https:\/\/buletin.de\/bucuresti\/comuna-clinceni-intra-in-carantina-pentru-14-zile\/#primaryimage"},"thumbnailUrl":"https:\/\/buletin.de\/bucuresti\/wp-content\/uploads\/PICT0100.jpg","keywords":["carantin\u0103","Comuna Clinceni","covid-19","raed arafat"],"articleSection":["Diverse"],"inLanguage":"en-GB","copyrightYear":"2021","copyrightHolder":{"@id":"https:\/\/buletin.de\/bucuresti\/#organization"}},{"@type":"WebPage","@id":"https:\/\/buletin.de\/bucuresti\/comuna-clinceni-intra-in-carantina-pentru-14-zile\/","url":"https:\/\/buletin.de\/bucuresti\/comuna-clinceni-intra-in-carantina-pentru-14-zile\/","name":"Comuna Clinceni intr\u0103 \u00een carantin\u0103 pentru 14 zile - Buletin de Bucure\u0219ti","isPartOf":{"@id":"https:\/\/buletin.de\/bucuresti\/#website"},"primaryImageOfPage":{"@id":"https:\/\/buletin.de\/bucuresti\/comuna-clinceni-intra-in-carantina-pentru-14-zile\/#primaryimage"},"image":{"@id":"https:\/\/buletin.de\/bucuresti\/comuna-clinceni-intra-in-carantina-pentru-14-zile\/#primaryimage"},"thumbnailUrl":"https:\/\/buletin.de\/bucuresti\/wp-content\/uploads\/PICT0100.jpg","datePublished":"2021-03-10T10:13:07+00:00","dateModified":"2021-03-10T10:13:08+00:00","breadcrumb":{"@id":"https:\/\/buletin.de\/bucuresti\/comuna-clinceni-intra-in-carantina-pentru-14-zile\/#breadcrumb"},"inLanguage":"en-GB","potentialAction":[{"@type":"ReadAction","target":["https:\/\/buletin.de\/bucuresti\/comuna-clinceni-intra-in-carantina-pentru-14-zile\/"]}]},{"@type":"ImageObject","inLanguage":"en-GB","@id":"https:\/\/buletin.de\/bucuresti\/comuna-clinceni-intra-in-carantina-pentru-14-zile\/#primaryimage","url":"https:\/\/buletin.de\/bucuresti\/wp-content\/uploads\/PICT0100.jpg","contentUrl":"https:\/\/buletin.de\/bucuresti\/wp-content\/uploads\/PICT0100.jpg","width":653,"height":438},{"@type":"BreadcrumbList","@id":"https:\/\/buletin.de\/bucuresti\/comuna-clinceni-intra-in-carantina-pentru-14-zile\/#breadcrumb","itemListElement":[{"@type":"ListItem","position":1,"name":"Acas\u0103","item":"https:\/\/buletin.de\/bucuresti\/"},{"@type":"ListItem","position":2,"name":"Comuna Clinceni intr\u0103 \u00een carantin\u0103 pentru 14 zile"}]},{"@type":"WebSite","@id":"https:\/\/buletin.de\/bucuresti\/#website","url":"https:\/\/buletin.de\/bucuresti\/","name":"Buletin de Bucure\u0219ti","description":"\u0218tiri \u0219i investiga\u021bii esen\u021biale din capital\u0103","publisher":{"@id":"https:\/\/buletin.de\/bucuresti\/#organization"},"potentialAction":[{"@type":"SearchAction","target":{"@type":"EntryPoint","urlTemplate":"https:\/\/buletin.de\/bucuresti\/?s={search_term_string}"},"query-input":{"@type":"PropertyValueSpecification","valueRequired":true,"valueName":"search_term_string"}}],"inLanguage":"en-GB"},{"@type":"Organization","@id":"https:\/\/buletin.de\/bucuresti\/#organization","name":"Buletin de Bucure\u0219ti","url":"https:\/\/buletin.de\/bucuresti\/","logo":{"@type":"ImageObject","inLanguage":"en-GB","@id":"https:\/\/buletin.de\/bucuresti\/#\/schema\/logo\/image\/","url":"https:\/\/buletin.de\/bucuresti\/wp-content\/uploads\/logo-bdb-full-wide-vernil-transparent.png","contentUrl":"https:\/\/buletin.de\/bucuresti\/wp-content\/uploads\/logo-bdb-full-wide-vernil-transparent.png","width":1782,"height":626,"caption":"Buletin de Bucure\u0219ti"},"image":{"@id":"https:\/\/buletin.de\/bucuresti\/#\/schema\/logo\/image\/"},"sameAs":["https:\/\/www.facebook.com\/buletin.de.buc","https:\/\/www.instagram.com\/buletinde.bucuresti\/"]},{"@type":"Person","@id":"https:\/\/buletin.de\/bucuresti\/#\/schema\/person\/a63e1da379546f5a5aa6202c0c17fedc","name":"Denisa Cotor","image":{"@type":"ImageObject","inLanguage":"en-GB","@id":"https:\/\/secure.gravatar.com\/avatar\/c1ce4027aaa1abb2b608dfebf8fa939c352e3e7e66bee991ead51699f050e495?s=96&d=monsterid&r=g151b4d8f8e5b696498056edef84885ef","url":"https:\/\/secure.gravatar.com\/avatar\/c1ce4027aaa1abb2b608dfebf8fa939c352e3e7e66bee991ead51699f050e495?s=96&d=monsterid&r=g","contentUrl":"https:\/\/secure.gravatar.com\/avatar\/c1ce4027aaa1abb2b608dfebf8fa939c352e3e7e66bee991ead51699f050e495?s=96&d=monsterid&r=g","caption":"Denisa Cotor"},"url":"https:\/\/buletin.de\/bucuresti\/author\/denisacotor\/"}]}},"authors":[{"term_id":22596,"user_id":24,"is_guest":0,"slug":"denisacotor","display_name":"Denisa Cotor","avatar_url":"https:\/\/secure.gravatar.com\/avatar\/c1ce4027aaa1abb2b608dfebf8fa939c352e3e7e66bee991ead51699f050e495?s=96&d=monsterid&r=g","0":null,"1":"","2":"","3":"","4":"","5":"","6":"","7":"","8":""}],"_links":{"self":[{"href":"https:\/\/buletin.de\/bucuresti\/wp-json\/wp\/v2\/posts\/21324","targetHints":{"allow":["GET"]}}],"collection":[{"href":"https:\/\/buletin.de\/bucuresti\/wp-json\/wp\/v2\/posts"}],"about":[{"href":"https:\/\/buletin.de\/bucuresti\/wp-json\/wp\/v2\/types\/post"}],"author":[{"embeddable":true,"href":"https:\/\/buletin.de\/bucuresti\/wp-json\/wp\/v2\/users\/24"}],"replies":[{"embeddable":true,"href":"https:\/\/buletin.de\/bucuresti\/wp-json\/wp\/v2\/comments?post=21324"}],"version-history":[{"count":3,"href":"https:\/\/buletin.de\/bucuresti\/wp-json\/wp\/v2\/posts\/21324\/revisions"}],"predecessor-version":[{"id":21333,"href":"https:\/\/buletin.de\/bucuresti\/wp-json\/wp\/v2\/posts\/21324\/revisions\/21333"}],"wp:featuredmedia":[{"embeddable":true,"href":"https:\/\/buletin.de\/bucuresti\/wp-json\/wp\/v2\/media\/21330"}],"wp:attachment":[{"href":"https:\/\/buletin.de\/bucuresti\/wp-json\/wp\/v2\/media?parent=21324"}],"wp:term":[{"taxonomy":"category","embeddable":true,"href":"https:\/\/buletin.de\/bucuresti\/wp-json\/wp\/v2\/categories?post=21324"},{"taxonomy":"post_tag","embeddable":true,"href":"https:\/\/buletin.de\/bucuresti\/wp-json\/wp\/v2\/tags?post=21324"},{"taxonomy":"author","embeddable":true,"href":"https:\/\/buletin.de\/bucuresti\/wp-json\/wp\/v2\/ppma_author?post=21324"}],"curies":[{"name":"wp","href":"https:\/\/api.w.org\/{rel}","templated":true}]}}