{"id":212942,"date":"2026-09-01T04:38:09","date_gmt":"2026-09-01T01:38:09","guid":{"rendered":"https:\/\/buletin.de\/bucuresti\/?p=212942"},"modified":"2026-09-01T05:15:14","modified_gmt":"2026-09-01T02:15:14","slug":"vara-amanarilor-la-tribunalul-bucuresti-pentru-primarul-din-otopeni-la-patru-ani-de-ladescinderi-instanta-a-dispus-expertize-tehnice-asupra-unei-canalizari-despre-care-procurorii-d","status":"publish","type":"post","link":"https:\/\/buletin.de\/bucuresti\/vara-amanarilor-la-tribunalul-bucuresti-pentru-primarul-din-otopeni-la-patru-ani-de-ladescinderi-instanta-a-dispus-expertize-tehnice-asupra-unei-canalizari-despre-care-procurorii-d\/","title":{"rendered":"Vara am\u00e2n\u0103rilor la Tribunalul Bucure\u0219ti pentru primarul din Otopeni. La patru ani de la descinderi, instan\u021ba a dispus \u201eexpertize tehnice\u201d asupra unei canaliz\u0103ri despre care procurorii DNA sus\u021bin c\u0103 lipse\u0219te \u00een teren"},"content":{"rendered":"\n<p class=\"wp-block-paragraph\"><strong>Dup\u0103 o prim\u0103var\u0103 cu pronun\u021b\u0103ri am\u00e2nate succesiv, magistra\u021bii Tribunalului Bucure\u0219ti au dictat o nou\u0103 pauz\u0103 \u00een procesul de corup\u021bie al primarului ora\u0219ului Otopeni, Silviu Gheorghe. Instan\u021ba a fixat un nou termen de judecat\u0103 pentru data de 4 septembrie, dup\u0103 ce au aprobat la finalul lunii mai efectuarea unor expertize tehnice \u0219i financiar-contabile. Asta \u00een contextul \u00een care la multe termene anterioare a fost invocat\u0103 \u0219i acceptat\u0103 \u201elipsa ap\u0103r\u0103rii\u201d. Dosarul penal vizeaz\u0103 un prejudiciu uria\u0219 din bani publici, de aproximativ 7 milioane de euro, pentru o sta\u021bie de epurare \u0219i canalizare aferent\u0103 care func\u021bioneaz\u0103 doar pe h\u00e2rtie. Totul \u00een timp ce faptele care au culminat cu descinderile procurorilor anticorup\u021bie la Prim\u0103ria din Otopeni \u00een urm\u0103 cu aproape patru ani se apropie rapid de termenul de prescrip\u021bie.<\/strong><\/p>\n\n\n\n<p class=\"wp-block-paragraph\">Potrivit datelor de pe <a href=\"https:\/\/portal.just.ro\/\">portalul de instan\u021be<\/a>, analizate de Buletin de Bucure\u0219ti, judec\u0103torii au am\u00e2nat pronun\u021barea asupra probatoriului procurorilor anticorup\u021bie \u00een datele de 5 mai \u0219i 19 mai 2026. Ulterior, la termenul din 25 mai, instan\u021ba a admis \u00een parte cererea formulat\u0103 de inculpatul Silviu Gheorghe. Magistra\u021bii au dispus \u201e<em>efectuarea unei expertize tehnice \u00een specialitatea construc\u021bii civile \u0219i instala\u021bii \u0219i o expertiz\u0103 financiar-contabil\u0103<\/em>\u201d \u0219i \u00een urma cererii a doi inculpa\u021bi: Vlad Constantin, director executiv la Prim\u0103ria Otopeni la data presupuselor fapte \u0219i \u0218tefan Bogdan Ionel, func\u021bionar public, tot la acea vreme.<\/p>\n\n\n\n<figure class=\"wp-block-image size-large\"><img fetchpriority=\"high\" decoding=\"async\" width=\"1000\" height=\"842\" src=\"data:image\/gif;base64,R0lGODlhAQABAAAAACH5BAEKAAEALAAAAAABAAEAAAICTAEAOw==\" data-src=\"https:\/\/buletin.de\/bucuresti\/wp-content\/uploads\/2026\/08\/Captura-de-ecran-2026-08-20-080245-1000x842.png\" alt=\"\" class=\"wp-image-212944 lazyload\" data-sizes=\"auto\" data-srcset=\"https:\/\/buletin.de\/bucuresti\/wp-content\/uploads\/2026\/08\/Captura-de-ecran-2026-08-20-080245-1000x842.png 1000w, https:\/\/buletin.de\/bucuresti\/wp-content\/uploads\/2026\/08\/Captura-de-ecran-2026-08-20-080245-300x253.png 300w, https:\/\/buletin.de\/bucuresti\/wp-content\/uploads\/2026\/08\/Captura-de-ecran-2026-08-20-080245-768x647.png 768w, https:\/\/buletin.de\/bucuresti\/wp-content\/uploads\/2026\/08\/Captura-de-ecran-2026-08-20-080245-1100x927.png 1100w, https:\/\/buletin.de\/bucuresti\/wp-content\/uploads\/2026\/08\/Captura-de-ecran-2026-08-20-080245-600x505.png 600w, https:\/\/buletin.de\/bucuresti\/wp-content\/uploads\/2026\/08\/Captura-de-ecran-2026-08-20-080245-20x17.png 20w, https:\/\/buletin.de\/bucuresti\/wp-content\/uploads\/2026\/08\/Captura-de-ecran-2026-08-20-080245.png 1301w\" sizes=\"(max-width: 1000px) 100vw, 1000px\" \/><\/figure>\n\n\n\n<p class=\"wp-block-paragraph\">Aceste proceduri de evaluare tehnic\u0103 suspend\u0103 de facto dezbaterile \u0219i judecata pe fondul cauzei \u0219i \u00eemping dosarul spre prescrip\u021bie. Exper\u021bii desemna\u021bi de instan\u021b\u0103 au misiunea de a evalua o infrastructur\u0103 care, dup\u0103 cum acuz\u0103 procurorii, lipse\u0219te cu des\u0103v\u00e2r\u0219ire: o sta\u021bie de epurare \u00een Cartierul Ferme, la Nord de aeroportul Otopeni, cu tevile si canalele aferente.<\/p>\n\n\n\n<h2 id=\"h-vara-amanarilor-pe-banda-rulanta\" class=\"wp-block-heading\">Vara am\u00e2n\u0103rilor pe band\u0103 rulant\u0103<\/h2>\n\n\n\n<p class=\"wp-block-paragraph\">Odat\u0103 cu aprobarea expertizelor, ritmul procesului a \u00eencetinit \u0219i mai mult. Pe 29 mai, instan\u021ba a am\u00e2nat cauza pentru 12 iunie pentru administrarea probelor. Scenariul a continuat identic la termenul din 12 iunie.<\/p>\n\n\n\n<p class=\"wp-block-paragraph\">\u201eCompletul Specializat Corup\u021bie 43\u201d a dispus o nou\u0103 pauz\u0103 p\u00e2n\u0103 pe 11 august. <\/p>\n\n\n\n<p class=\"wp-block-paragraph\"><strong>CITE\u0218TE \u0218I <a href=\"https:\/\/buletin.de\/bucuresti\/judecatorii-tin-dosarul-pe-loc-dejectiile-curg-in-raul-pasarea-o-noua-infatisare-azi-la-tribunal-in-cazul-tunului-de-7-milioane-de-euro-al-primarului-din-otopeni\/\">Judec\u0103torii \u021bin dosarul pe loc, dejec\u021biile curg \u00een R\u00e2ul Pas\u0103rea. O nou\u0103 \u00eenf\u0103\u021bi\u0219are azi la Tribunal \u00een cazul \u201etunului de 7 milioane de euro\u201d al primarului din Otopeni<\/a><\/strong><\/p>\n\n\n\n<p class=\"wp-block-paragraph\">La mijlocul lunii august, judec\u0103torii au \u201eaplicat\u201d din nou aceea\u0219i re\u021bet\u0103. \u0218edin\u021ba din 11 august s-a \u00eencheiat rapid printr-o alt\u0103 decizie de am\u00e2nare. Astfel, judecata a primit un nou termen abia pentru 4 septembrie 2026.<\/p>\n\n\n\n<figure class=\"wp-block-image size-large\"><img decoding=\"async\" width=\"1000\" height=\"891\" src=\"data:image\/gif;base64,R0lGODlhAQABAAAAACH5BAEKAAEALAAAAAABAAEAAAICTAEAOw==\" data-src=\"https:\/\/buletin.de\/bucuresti\/wp-content\/uploads\/2026\/08\/Captura-de-ecran-2026-08-20-080258-1000x891.png\" alt=\"\" class=\"wp-image-212945 lazyload\" data-sizes=\"auto\" data-srcset=\"https:\/\/buletin.de\/bucuresti\/wp-content\/uploads\/2026\/08\/Captura-de-ecran-2026-08-20-080258-1000x891.png 1000w, https:\/\/buletin.de\/bucuresti\/wp-content\/uploads\/2026\/08\/Captura-de-ecran-2026-08-20-080258-300x267.png 300w, https:\/\/buletin.de\/bucuresti\/wp-content\/uploads\/2026\/08\/Captura-de-ecran-2026-08-20-080258-768x684.png 768w, https:\/\/buletin.de\/bucuresti\/wp-content\/uploads\/2026\/08\/Captura-de-ecran-2026-08-20-080258-600x535.png 600w, https:\/\/buletin.de\/bucuresti\/wp-content\/uploads\/2026\/08\/Captura-de-ecran-2026-08-20-080258-20x18.png 20w, https:\/\/buletin.de\/bucuresti\/wp-content\/uploads\/2026\/08\/Captura-de-ecran-2026-08-20-080258.png 1101w\" sizes=\"(max-width: 1000px) 100vw, 1000px\" \/><\/figure>\n\n\n\n<p class=\"wp-block-paragraph\">P\u00e2n\u0103 \u00een luna martie, judecata \u00een dosar a suferit am\u00e2n\u0103ri din cauza invoc\u0103rii repetate a sintagmei \u201elips\u0103 de ap\u0103rare\u201d. Absen\u021ba avoca\u021bilor a anulat trei termene consecutiv, iarna trecut\u0103, dup\u0103 cum Buletin de Bucure\u0219ti a ar\u0103tat aici. <a href=\"https:\/\/buletin.de\/bucuresti\/dupa-ani-de-tergiversari-judecata-primarului-de-la-otopeni-incepe-cu-o-amanare-este-a-saptea-oara-dintr-un-lung-sir-care-aduce-mai-aproape-prescriptia-pentru-jaful-de-7-milioane-de-euro\/\">Totul \u00een contexul \u00een care, inculpa\u021bii au averile \u00een cuantum de \u0219apte milioane de euro sechestrate.<\/a><\/p>\n\n\n\n<h2 id=\"h-prejudiciu-uria\u0219-\u0219i-un-rau-sufocat-de-dejec\u021bii\" class=\"wp-block-heading\">Prejudiciu uria\u0219 \u0219i un r\u00e2u sufocat de dejec\u021bii<\/h2>\n\n\n\n<p class=\"wp-block-paragraph\">Acuza\u021biile procurorilor Direc\u021biei Na\u021bionale Anticorup\u021bie se concentreaz\u0103 pe o deturnare masiv\u0103 de fonduri din bugetul localit\u0103\u021bii Otopeni. Primarul Silviu Gheorghe ar fi aprobat pl\u0103\u021bi ilegale, \u00een form\u0103 continuat\u0103, \u00een perioada 2011-2017.<\/p>\n\n\n\n<p class=\"wp-block-paragraph\">Omul de afaceri Nelu Iordache ar fi beneficiat de aceste sume prin intermediul unei companii pe care o controla. Rechizitoriul arat\u0103 c\u0103 executantul nu a realizat lucr\u0103rile pentru sta\u021bia de epurare din cartierul Ferme de\u0219i au fost achitate facturi \u00een acest sens.<br>\u00cen lipsa unei infrastructuri reale, consecin\u021bele ecologice se agraveaz\u0103 de la o lun\u0103 la alta. Apele uzate din \u00eentreg ora\u0219ul Otopeni ajung direct \u0219i netratate \u00een R\u00e2ul Pas\u0103rea, dup\u0103 ce sunt tratate superficial de o sta\u021bie subdimeansionat\u0103.<\/p>\n\n\n\n<p class=\"wp-block-paragraph\"><strong>CITE\u015eTE \u015eI\u00a0<a href=\"https:\/\/buletin.de\/bucuresti\/analizele-groazei-de-la-otopeni-cote-de-poluare-in-raul-pasarea-depasite-cu-600-expert-nu-mai-e-de-amenda-e-de-puscarie\/\">Analizele \u201egroazei\u201c de la Otopeni: cote de poluare \u00een R\u00e2ul Pas\u0103rea, dep\u0103\u0219ite cu 600%. Expert: \u201eNu mai e de amend\u0103, e de pu\u015fc\u0103rie!\u201d<\/a><\/strong><\/p>\n\n\n\n<p class=\"wp-block-paragraph\">Dejec\u021biile contamineaz\u0103 de ani de zile p\u00e2nza freatic\u0103 din zona de Nord a Capitalei iar comune din aval, precum Tunari \u0219i \u0218tef\u0103ne\u0219tii de Jos, resimt direct efectele acestei polu\u0103ri constante. Aici, valorile de poluare dep\u0103\u0219esc frecvent cu sute de procente limitele legale, conform rapoartelor de mediu.<\/p>\n\n\n\n<h2 id=\"h-primaria-otopeni-cere-daune-de-la-propriul-\u0219ef\" class=\"wp-block-heading\">Prim\u0103ria Otopeni cere daune de la propriul \u0219ef<\/h2>\n\n\n\n<p class=\"wp-block-paragraph\">Lista p\u0103r\u021bilor implicate \u00een dosarul de pe masa Tribunalului Bucure\u0219ti ilustreaz\u0103 \u0219i un paradox administrativ. Al\u0103turi de inculpa\u021bii Silviu Gheorghe, Vlad Constantin, \u0218tefan Bogdan Ionel, Picu Gheorghe Doru, Ciuc\u0103 George Cristian \u0219i Nelu Iordache, Prim\u0103ria Ora\u0219ului Otopeni figureaz\u0103 oficial ca parte civil\u0103.<\/p>\n\n\n\n<p class=\"wp-block-paragraph\">Juri\u0219tii institu\u021biei au sarcina teoretic\u0103 de a recupera 7 milioane de euro. Aceia\u0219i juri\u0219ti sunt \u00eens\u0103 subordona\u021bi direct primarului inculpat. Silviu Gheorghe conduce administra\u021bia local\u0103 de peste trei decenii \u0219i a ob\u021binut recent al optulea mandat.<br>El gireaz\u0103 statele de plat\u0103 propriilor angaja\u021bi trimi\u0219i \u00een instan\u021b\u0103 s\u0103 \u00eei cear\u0103 desp\u0103gubiri. \u00cen plus, administra\u021bia local\u0103 a evitat s\u0103 comunice instan\u021bei suma exact\u0103 a preten\u021biilor civile.<\/p>\n\n\n\n<p class=\"wp-block-paragraph\">Totodat\u0103, Curtea de Apel Bucure\u0219ti a reinstituit anterior sechestrul asigur\u0103tor pe bunurile inculpa\u021bilor. Judec\u0103torii instan\u021bei superioare au decis s\u0103 securizeze cele \u0219apte milioane de euro, dup\u0103 ce au anulat o hot\u0103r\u00e2re ini\u021bial\u0103 a Tribunalui Bucure\u0219ti care dispunea ridicarea restric\u021biilor de pe averi.<\/p>\n\n\n\n<h2 id=\"h-cursa-contracronometru-spre-prescrip\u021bie\" class=\"wp-block-heading\">Cursa contracronometru spre prescrip\u021bie<\/h2>\n\n\n\n<p class=\"wp-block-paragraph\">Calendarul dosarului arat\u0103 aproape patru ani scur\u0219i de la descinderile procurorilor anticorup\u021bie din septembrie 2022. Faza preliminar\u0103 a dosarului a consumat doi ani din acest interval pentru dezbateri procedurale pe marginea rechizitoriului, adic\u0103 s-a judecat \u201elegalitatea judec\u0103\u021bii\u201d. <\/p>\n\n\n\n<p class=\"wp-block-paragraph\">Acum, etapa administr\u0103rii probelor \u0219i elaborarea expertizelor risc\u0103 s\u0103 blocheze din nou judecata. De regul\u0103, expertizele tehnice \u00een construc\u021bii \u0219i cele financiar-contabile necesit\u0103 prin defini\u021bie perioade extinse de analiz\u0103 \u00een teren \u0219i \u00een documente.<\/p>\n\n\n\n<p class=\"wp-block-paragraph\">Surse judiciare au explicat pentru Buletin de Bucure\u0219ti c\u0103 anul 2027 ar fi orizontul limit\u0103 pentru prescrip\u021bia faptelor. Conducerea Tribunalului Bucure\u0219ti a refuzat constant solicit\u0103rile redac\u021biei de a comunica o dat\u0103 exact\u0103 cu privire la \u201estingerea\u201d acestui dosar.<\/p>\n\n\n\n<p class=\"wp-block-paragraph\">\u00cen contrast cu gravitatea faptelor ajunse \u00een instan\u021b\u0103, primarul Silviu Gheorghe \u00ee\u0219i continu\u0103 netulburat comunicarea public\u0103. Edilul promoveaz\u0103 campanii, organizeaz\u0103 evenimente dedicate seniorilor \u0219i laud\u0103 gratuitatea facilit\u0103\u021bilor din ora\u0219, <span style=\"text-decoration: underline;\">dup\u0103 cum Buletin de Bucure\u0219ti a ar\u0103tat aici.<\/span><\/p>\n\n\n\n<p class=\"wp-block-paragraph\"><\/p>\n","protected":false},"excerpt":{"rendered":"<p>Dup\u0103 o prim\u0103var\u0103 cu pronun\u021b\u0103ri am\u00e2nate succesiv, magistra\u021bii Tribunalului Bucure\u0219ti au dictat o nou\u0103 pauz\u0103 \u00een procesul de corup\u021bie al primarului ora\u0219ului Otopeni, Silviu Gheorghe. Instan\u021ba a fixat un nou termen de judecat\u0103 pentru data de 4 septembrie, dup\u0103 ce au aprobat la finalul lunii mai efectuarea unor expertize tehnice \u0219i financiar-contabile. Asta \u00een contextul [&hellip;]<\/p>\n","protected":false},"author":10,"featured_media":179514,"comment_status":"closed","ping_status":"open","sticky":false,"template":"","format":"standard","meta":{"_acf_changed":false,"inline_featured_image":false,"ngg_post_thumbnail":0,"footnotes":""},"categories":[6994,1432,3419,25061,109,9025],"tags":[30313,875,30310,30314,4564,30312,1570,25065,4559,22431,1472,30311,5151],"ppma_author":[22575],"class_list":["post-212942","post","type-post","status-publish","format-standard","has-post-thumbnail","hentry","category-stiri-2","category-buletin-de-ilfov","category-featured","category-justitie","category-mediu","category-politic","tag-amanare-proces","tag-dna","tag-dosar-coruptie-2","tag-expertiza-tehnica-2","tag-nelu-iordache","tag-poluare-raul-pasarea-2","tag-prejudiciu","tag-prescriptie-2","tag-primar-otopeni","tag-primaria-otopeni-2","tag-silviu-gheorghe","tag-statie-de-epurare-otopeni","tag-tribunalul-bucuresti-2"],"acf":[],"a3_pvc":{"activated":false,"total_views":0,"today_views":0},"yoast_head":"<!-- This site is optimized with the Yoast SEO Premium plugin v28.0 (Yoast SEO v28.3) - https:\/\/yoast.com\/product\/yoast-seo-premium-wordpress\/ -->\n<title>Vara am\u00e2n\u0103rilor la Tribunalul Bucure\u0219ti pentru primarul din Otopeni. La patru ani de la descinderi, instan\u021ba a dispus \u201eexpertize tehnice\u201d asupra unei canaliz\u0103ri despre care procurorii DNA sus\u021bin c\u0103 lipse\u0219te \u00een teren - Buletin de Bucure\u0219ti<\/title>\n<meta name=\"description\" content=\"Instan\u021ba a fixat un nou termen de judecat\u0103 pentru data de 4 septembrie, dup\u0103 ce au aprobat la finalul lunii mai efectuarea unor expertize tehnice \u0219i financiar-contabile.\" \/>\n<meta name=\"robots\" content=\"index, follow, max-snippet:-1, max-image-preview:large, max-video-preview:-1\" \/>\n<link rel=\"canonical\" href=\"https:\/\/buletin.de\/bucuresti\/vara-amanarilor-la-tribunalul-bucuresti-pentru-primarul-din-otopeni-la-patru-ani-de-ladescinderi-instanta-a-dispus-expertize-tehnice-asupra-unei-canalizari-despre-care-procurorii-d\/\" \/>\n<meta property=\"og:locale\" content=\"en_GB\" \/>\n<meta property=\"og:type\" content=\"article\" \/>\n<meta property=\"og:title\" content=\"Vara am\u00e2n\u0103rilor la Tribunalul Bucure\u0219ti pentru primarul din Otopeni. La patru ani de la descinderi, instan\u021ba a dispus \u201eexpertize tehnice\u201d asupra unei canaliz\u0103ri despre care procurorii DNA sus\u021bin c\u0103 lipse\u0219te \u00een teren\" \/>\n<meta property=\"og:description\" content=\"Instan\u021ba a fixat un nou termen de judecat\u0103 pentru data de 4 septembrie, dup\u0103 ce au aprobat la finalul lunii mai efectuarea unor expertize tehnice \u0219i financiar-contabile.\" \/>\n<meta property=\"og:url\" content=\"https:\/\/buletin.de\/bucuresti\/vara-amanarilor-la-tribunalul-bucuresti-pentru-primarul-din-otopeni-la-patru-ani-de-ladescinderi-instanta-a-dispus-expertize-tehnice-asupra-unei-canalizari-despre-care-procurorii-d\/\" \/>\n<meta property=\"og:site_name\" content=\"Buletin de Bucure\u0219ti\" \/>\n<meta property=\"article:publisher\" content=\"https:\/\/www.facebook.com\/buletin.de.buc\" \/>\n<meta property=\"article:published_time\" content=\"2026-09-01T01:38:09+00:00\" \/>\n<meta property=\"article:modified_time\" content=\"2026-09-01T02:15:14+00:00\" \/>\n<meta property=\"og:image\" content=\"https:\/\/buletin.de\/bucuresti\/wp-content\/uploads\/2026\/03\/Captura-de-ecran-2026-03-10-194018.png\" \/>\n\t<meta property=\"og:image:width\" content=\"1316\" \/>\n\t<meta property=\"og:image:height\" content=\"725\" \/>\n\t<meta property=\"og:image:type\" content=\"image\/png\" \/>\n<meta name=\"author\" content=\"C\u0103t\u0103lin Dosca\u0219\" \/>\n<meta name=\"twitter:card\" content=\"summary_large_image\" \/>\n<meta name=\"twitter:label1\" content=\"Written by\" \/>\n\t<meta name=\"twitter:data1\" content=\"C\u0103t\u0103lin Dosca\u0219\" \/>\n\t<meta name=\"twitter:label2\" content=\"Estimated reading time\" \/>\n\t<meta name=\"twitter:data2\" content=\"5 minutes\" \/>\n<script type=\"application\/ld+json\" class=\"yoast-schema-graph\">{\"@context\":\"https:\\\/\\\/schema.org\",\"@graph\":[{\"@type\":\"Article\",\"@id\":\"https:\\\/\\\/buletin.de\\\/bucuresti\\\/vara-amanarilor-la-tribunalul-bucuresti-pentru-primarul-din-otopeni-la-patru-ani-de-ladescinderi-instanta-a-dispus-expertize-tehnice-asupra-unei-canalizari-despre-care-procurorii-d\\\/#article\",\"isPartOf\":{\"@id\":\"https:\\\/\\\/buletin.de\\\/bucuresti\\\/vara-amanarilor-la-tribunalul-bucuresti-pentru-primarul-din-otopeni-la-patru-ani-de-ladescinderi-instanta-a-dispus-expertize-tehnice-asupra-unei-canalizari-despre-care-procurorii-d\\\/\"},\"author\":{\"name\":\"C\u0103t\u0103lin Dosca\u0219\",\"@id\":\"https:\\\/\\\/buletin.de\\\/bucuresti\\\/#\\\/schema\\\/person\\\/31117187ed4d0bdb0a4c7d6acc79d0f8\"},\"headline\":\"Vara am\u00e2n\u0103rilor la Tribunalul Bucure\u0219ti pentru primarul din Otopeni. La patru ani de la descinderi, instan\u021ba a dispus \u201eexpertize tehnice\u201d asupra unei canaliz\u0103ri despre care procurorii DNA sus\u021bin c\u0103 lipse\u0219te \u00een teren\",\"datePublished\":\"2026-09-01T01:38:09+00:00\",\"dateModified\":\"2026-09-01T02:15:14+00:00\",\"mainEntityOfPage\":{\"@id\":\"https:\\\/\\\/buletin.de\\\/bucuresti\\\/vara-amanarilor-la-tribunalul-bucuresti-pentru-primarul-din-otopeni-la-patru-ani-de-ladescinderi-instanta-a-dispus-expertize-tehnice-asupra-unei-canalizari-despre-care-procurorii-d\\\/\"},\"wordCount\":1093,\"publisher\":{\"@id\":\"https:\\\/\\\/buletin.de\\\/bucuresti\\\/#organization\"},\"image\":{\"@id\":\"https:\\\/\\\/buletin.de\\\/bucuresti\\\/vara-amanarilor-la-tribunalul-bucuresti-pentru-primarul-din-otopeni-la-patru-ani-de-ladescinderi-instanta-a-dispus-expertize-tehnice-asupra-unei-canalizari-despre-care-procurorii-d\\\/#primaryimage\"},\"thumbnailUrl\":\"https:\\\/\\\/buletin.de\\\/bucuresti\\\/wp-content\\\/uploads\\\/2026\\\/03\\\/Captura-de-ecran-2026-03-10-194018.png\",\"keywords\":[\"am\u00e2nare proces\",\"dna\",\"dosar corup\u021bie\",\"expertiz\u0103 tehnic\u0103\",\"nelu iordache\",\"poluare R\u00e2ul Pas\u0103rea\",\"prejudiciu\",\"prescrip\u021bie\",\"primar otopeni\",\"Prim\u0103ria Otopeni\",\"silviu gheorghe\",\"sta\u021bie de epurare Otopeni\",\"Tribunalul Bucure\u0219ti\"],\"articleSection\":[\"Articole\",\"Buletin de Ilfov\",\"Featured\",\"Justi\u021bie\",\"Mediu\",\"Politic\"],\"inLanguage\":\"en-GB\",\"copyrightYear\":\"2026\",\"copyrightHolder\":{\"@id\":\"https:\\\/\\\/buletin.de\\\/bucuresti\\\/#organization\"}},{\"@type\":\"WebPage\",\"@id\":\"https:\\\/\\\/buletin.de\\\/bucuresti\\\/vara-amanarilor-la-tribunalul-bucuresti-pentru-primarul-din-otopeni-la-patru-ani-de-ladescinderi-instanta-a-dispus-expertize-tehnice-asupra-unei-canalizari-despre-care-procurorii-d\\\/\",\"url\":\"https:\\\/\\\/buletin.de\\\/bucuresti\\\/vara-amanarilor-la-tribunalul-bucuresti-pentru-primarul-din-otopeni-la-patru-ani-de-ladescinderi-instanta-a-dispus-expertize-tehnice-asupra-unei-canalizari-despre-care-procurorii-d\\\/\",\"name\":\"Vara am\u00e2n\u0103rilor la Tribunalul Bucure\u0219ti pentru primarul din Otopeni. La patru ani de la descinderi, instan\u021ba a dispus \u201eexpertize tehnice\u201d asupra unei canaliz\u0103ri despre care procurorii DNA sus\u021bin c\u0103 lipse\u0219te \u00een teren - Buletin de Bucure\u0219ti\",\"isPartOf\":{\"@id\":\"https:\\\/\\\/buletin.de\\\/bucuresti\\\/#website\"},\"primaryImageOfPage\":{\"@id\":\"https:\\\/\\\/buletin.de\\\/bucuresti\\\/vara-amanarilor-la-tribunalul-bucuresti-pentru-primarul-din-otopeni-la-patru-ani-de-ladescinderi-instanta-a-dispus-expertize-tehnice-asupra-unei-canalizari-despre-care-procurorii-d\\\/#primaryimage\"},\"image\":{\"@id\":\"https:\\\/\\\/buletin.de\\\/bucuresti\\\/vara-amanarilor-la-tribunalul-bucuresti-pentru-primarul-din-otopeni-la-patru-ani-de-ladescinderi-instanta-a-dispus-expertize-tehnice-asupra-unei-canalizari-despre-care-procurorii-d\\\/#primaryimage\"},\"thumbnailUrl\":\"https:\\\/\\\/buletin.de\\\/bucuresti\\\/wp-content\\\/uploads\\\/2026\\\/03\\\/Captura-de-ecran-2026-03-10-194018.png\",\"datePublished\":\"2026-09-01T01:38:09+00:00\",\"dateModified\":\"2026-09-01T02:15:14+00:00\",\"description\":\"Instan\u021ba a fixat un nou termen de judecat\u0103 pentru data de 4 septembrie, dup\u0103 ce au aprobat la finalul lunii mai efectuarea unor expertize tehnice \u0219i financiar-contabile.\",\"breadcrumb\":{\"@id\":\"https:\\\/\\\/buletin.de\\\/bucuresti\\\/vara-amanarilor-la-tribunalul-bucuresti-pentru-primarul-din-otopeni-la-patru-ani-de-ladescinderi-instanta-a-dispus-expertize-tehnice-asupra-unei-canalizari-despre-care-procurorii-d\\\/#breadcrumb\"},\"inLanguage\":\"en-GB\",\"potentialAction\":[{\"@type\":\"ReadAction\",\"target\":[\"https:\\\/\\\/buletin.de\\\/bucuresti\\\/vara-amanarilor-la-tribunalul-bucuresti-pentru-primarul-din-otopeni-la-patru-ani-de-ladescinderi-instanta-a-dispus-expertize-tehnice-asupra-unei-canalizari-despre-care-procurorii-d\\\/\"]}]},{\"@type\":\"ImageObject\",\"inLanguage\":\"en-GB\",\"@id\":\"https:\\\/\\\/buletin.de\\\/bucuresti\\\/vara-amanarilor-la-tribunalul-bucuresti-pentru-primarul-din-otopeni-la-patru-ani-de-ladescinderi-instanta-a-dispus-expertize-tehnice-asupra-unei-canalizari-despre-care-procurorii-d\\\/#primaryimage\",\"url\":\"https:\\\/\\\/buletin.de\\\/bucuresti\\\/wp-content\\\/uploads\\\/2026\\\/03\\\/Captura-de-ecran-2026-03-10-194018.png\",\"contentUrl\":\"https:\\\/\\\/buletin.de\\\/bucuresti\\\/wp-content\\\/uploads\\\/2026\\\/03\\\/Captura-de-ecran-2026-03-10-194018.png\",\"width\":1316,\"height\":725,\"caption\":\"FOTO: arhiva\"},{\"@type\":\"BreadcrumbList\",\"@id\":\"https:\\\/\\\/buletin.de\\\/bucuresti\\\/vara-amanarilor-la-tribunalul-bucuresti-pentru-primarul-din-otopeni-la-patru-ani-de-ladescinderi-instanta-a-dispus-expertize-tehnice-asupra-unei-canalizari-despre-care-procurorii-d\\\/#breadcrumb\",\"itemListElement\":[{\"@type\":\"ListItem\",\"position\":1,\"name\":\"Acas\u0103\",\"item\":\"https:\\\/\\\/buletin.de\\\/bucuresti\\\/\"},{\"@type\":\"ListItem\",\"position\":2,\"name\":\"Vara am\u00e2n\u0103rilor la Tribunalul Bucure\u0219ti pentru primarul din Otopeni. La patru ani de la descinderi, instan\u021ba a dispus \u201eexpertize tehnice\u201d asupra unei canaliz\u0103ri despre care procurorii DNA sus\u021bin c\u0103 lipse\u0219te \u00een teren\"}]},{\"@type\":\"WebSite\",\"@id\":\"https:\\\/\\\/buletin.de\\\/bucuresti\\\/#website\",\"url\":\"https:\\\/\\\/buletin.de\\\/bucuresti\\\/\",\"name\":\"Buletin de Bucure\u0219ti\",\"description\":\"\u0218tiri \u0219i investiga\u021bii esen\u021biale din capital\u0103\",\"publisher\":{\"@id\":\"https:\\\/\\\/buletin.de\\\/bucuresti\\\/#organization\"},\"potentialAction\":[{\"@type\":\"SearchAction\",\"target\":{\"@type\":\"EntryPoint\",\"urlTemplate\":\"https:\\\/\\\/buletin.de\\\/bucuresti\\\/?s={search_term_string}\"},\"query-input\":{\"@type\":\"PropertyValueSpecification\",\"valueRequired\":true,\"valueName\":\"search_term_string\"}}],\"inLanguage\":\"en-GB\"},{\"@type\":\"Organization\",\"@id\":\"https:\\\/\\\/buletin.de\\\/bucuresti\\\/#organization\",\"name\":\"Buletin de Bucure\u0219ti\",\"url\":\"https:\\\/\\\/buletin.de\\\/bucuresti\\\/\",\"logo\":{\"@type\":\"ImageObject\",\"inLanguage\":\"en-GB\",\"@id\":\"https:\\\/\\\/buletin.de\\\/bucuresti\\\/#\\\/schema\\\/logo\\\/image\\\/\",\"url\":\"https:\\\/\\\/buletin.de\\\/bucuresti\\\/wp-content\\\/uploads\\\/logo-bdb-full-wide-vernil-transparent.png\",\"contentUrl\":\"https:\\\/\\\/buletin.de\\\/bucuresti\\\/wp-content\\\/uploads\\\/logo-bdb-full-wide-vernil-transparent.png\",\"width\":1782,\"height\":626,\"caption\":\"Buletin de Bucure\u0219ti\"},\"image\":{\"@id\":\"https:\\\/\\\/buletin.de\\\/bucuresti\\\/#\\\/schema\\\/logo\\\/image\\\/\"},\"sameAs\":[\"https:\\\/\\\/www.facebook.com\\\/buletin.de.buc\",\"https:\\\/\\\/www.instagram.com\\\/buletinde.bucuresti\\\/\"]},{\"@type\":\"Person\",\"@id\":\"https:\\\/\\\/buletin.de\\\/bucuresti\\\/#\\\/schema\\\/person\\\/31117187ed4d0bdb0a4c7d6acc79d0f8\",\"name\":\"C\u0103t\u0103lin Dosca\u0219\",\"image\":{\"@type\":\"ImageObject\",\"inLanguage\":\"en-GB\",\"@id\":\"https:\\\/\\\/buletin.de\\\/bucuresti\\\/wp-content\\\/uploads\\\/Catalin-Doscas-e1732731064764-96x96.jpga93e2943bb3b1c1f9ead823df6e6317a\",\"url\":\"https:\\\/\\\/buletin.de\\\/bucuresti\\\/wp-content\\\/uploads\\\/Catalin-Doscas-e1732731064764-96x96.jpg\",\"contentUrl\":\"https:\\\/\\\/buletin.de\\\/bucuresti\\\/wp-content\\\/uploads\\\/Catalin-Doscas-e1732731064764-96x96.jpg\",\"caption\":\"C\u0103t\u0103lin Dosca\u0219\"},\"description\":\"Reporter \u0219i redactor-\u0219ef Buletin de Bucure\u0219ti. Lucreaz\u0103 \u00een mass-media de la v\u00e2rsta de 15 ani, c\u00e2nd a publicat primele articole \u00een presa local\u0103 din Tecuci. \u00cen Bucure\u0219ti a lucrat \u00een redac\u021bii radio ca reporter, redactor \u0219i prezentator (StudentFM, Na\u021bionalFM, Radio Total, Smart FM), unde a acoperit domeniile politic, economic, social \u0219i externe. Ulterior, a fost editor-coordonator al postului Realitatea FM. Experien\u021ba \u00een jurnalismul online a dob\u00e2ndit-o la portalul B365.ro, unde a fost editor. \u00cen 2012 s-a angajat \u00een televiziune. La Realitatea TV a fost, pe r\u00e2nd, reporter la sec\u021bia Social, reporter special la emisiunea de reportaje \u0219i anchete \u201eReporterii Realit\u0103\u021bii\u201d, dar \u0219i editor al jurnalelor de \u0219tiri. Ulterior, a f\u0103cut parte din sec\u021bia de Investiga\u021bii de la Digi24 \u0219i a lucrat la campania \u201eRom\u00e2nia furat\u0103\u201d. A revenit \u00een presa scris\u0103 \u00een 2017, ca reporter special, \u00een cadrul unui proiect de repozi\u021bionare a tabloidului Libertatea \u00een cotidian generalist. Este jurnalist Buletin de Bucure\u0219ti din 2019.\",\"url\":\"https:\\\/\\\/buletin.de\\\/bucuresti\\\/author\\\/catalin\\\/\"}]}<\/script>\n<!-- \/ Yoast SEO Premium plugin. -->","yoast_head_json":{"title":"Vara am\u00e2n\u0103rilor la Tribunalul Bucure\u0219ti pentru primarul din Otopeni. La patru ani de la descinderi, instan\u021ba a dispus \u201eexpertize tehnice\u201d asupra unei canaliz\u0103ri despre care procurorii DNA sus\u021bin c\u0103 lipse\u0219te \u00een teren - Buletin de Bucure\u0219ti","description":"Instan\u021ba a fixat un nou termen de judecat\u0103 pentru data de 4 septembrie, dup\u0103 ce au aprobat la finalul lunii mai efectuarea unor expertize tehnice \u0219i financiar-contabile.","robots":{"index":"index","follow":"follow","max-snippet":"max-snippet:-1","max-image-preview":"max-image-preview:large","max-video-preview":"max-video-preview:-1"},"canonical":"https:\/\/buletin.de\/bucuresti\/vara-amanarilor-la-tribunalul-bucuresti-pentru-primarul-din-otopeni-la-patru-ani-de-ladescinderi-instanta-a-dispus-expertize-tehnice-asupra-unei-canalizari-despre-care-procurorii-d\/","og_locale":"en_GB","og_type":"article","og_title":"Vara am\u00e2n\u0103rilor la Tribunalul Bucure\u0219ti pentru primarul din Otopeni. La patru ani de la descinderi, instan\u021ba a dispus \u201eexpertize tehnice\u201d asupra unei canaliz\u0103ri despre care procurorii DNA sus\u021bin c\u0103 lipse\u0219te \u00een teren","og_description":"Instan\u021ba a fixat un nou termen de judecat\u0103 pentru data de 4 septembrie, dup\u0103 ce au aprobat la finalul lunii mai efectuarea unor expertize tehnice \u0219i financiar-contabile.","og_url":"https:\/\/buletin.de\/bucuresti\/vara-amanarilor-la-tribunalul-bucuresti-pentru-primarul-din-otopeni-la-patru-ani-de-ladescinderi-instanta-a-dispus-expertize-tehnice-asupra-unei-canalizari-despre-care-procurorii-d\/","og_site_name":"Buletin de Bucure\u0219ti","article_publisher":"https:\/\/www.facebook.com\/buletin.de.buc","article_published_time":"2026-09-01T01:38:09+00:00","article_modified_time":"2026-09-01T02:15:14+00:00","og_image":[{"width":1316,"height":725,"url":"https:\/\/buletin.de\/bucuresti\/wp-content\/uploads\/2026\/03\/Captura-de-ecran-2026-03-10-194018.png","type":"image\/png"}],"author":"C\u0103t\u0103lin Dosca\u0219","twitter_card":"summary_large_image","twitter_misc":{"Written by":"C\u0103t\u0103lin Dosca\u0219","Estimated reading time":"5 minutes"},"schema":{"@context":"https:\/\/schema.org","@graph":[{"@type":"Article","@id":"https:\/\/buletin.de\/bucuresti\/vara-amanarilor-la-tribunalul-bucuresti-pentru-primarul-din-otopeni-la-patru-ani-de-ladescinderi-instanta-a-dispus-expertize-tehnice-asupra-unei-canalizari-despre-care-procurorii-d\/#article","isPartOf":{"@id":"https:\/\/buletin.de\/bucuresti\/vara-amanarilor-la-tribunalul-bucuresti-pentru-primarul-din-otopeni-la-patru-ani-de-ladescinderi-instanta-a-dispus-expertize-tehnice-asupra-unei-canalizari-despre-care-procurorii-d\/"},"author":{"name":"C\u0103t\u0103lin Dosca\u0219","@id":"https:\/\/buletin.de\/bucuresti\/#\/schema\/person\/31117187ed4d0bdb0a4c7d6acc79d0f8"},"headline":"Vara am\u00e2n\u0103rilor la Tribunalul Bucure\u0219ti pentru primarul din Otopeni. La patru ani de la descinderi, instan\u021ba a dispus \u201eexpertize tehnice\u201d asupra unei canaliz\u0103ri despre care procurorii DNA sus\u021bin c\u0103 lipse\u0219te \u00een teren","datePublished":"2026-09-01T01:38:09+00:00","dateModified":"2026-09-01T02:15:14+00:00","mainEntityOfPage":{"@id":"https:\/\/buletin.de\/bucuresti\/vara-amanarilor-la-tribunalul-bucuresti-pentru-primarul-din-otopeni-la-patru-ani-de-ladescinderi-instanta-a-dispus-expertize-tehnice-asupra-unei-canalizari-despre-care-procurorii-d\/"},"wordCount":1093,"publisher":{"@id":"https:\/\/buletin.de\/bucuresti\/#organization"},"image":{"@id":"https:\/\/buletin.de\/bucuresti\/vara-amanarilor-la-tribunalul-bucuresti-pentru-primarul-din-otopeni-la-patru-ani-de-ladescinderi-instanta-a-dispus-expertize-tehnice-asupra-unei-canalizari-despre-care-procurorii-d\/#primaryimage"},"thumbnailUrl":"https:\/\/buletin.de\/bucuresti\/wp-content\/uploads\/2026\/03\/Captura-de-ecran-2026-03-10-194018.png","keywords":["am\u00e2nare proces","dna","dosar corup\u021bie","expertiz\u0103 tehnic\u0103","nelu iordache","poluare R\u00e2ul Pas\u0103rea","prejudiciu","prescrip\u021bie","primar otopeni","Prim\u0103ria Otopeni","silviu gheorghe","sta\u021bie de epurare Otopeni","Tribunalul Bucure\u0219ti"],"articleSection":["Articole","Buletin de Ilfov","Featured","Justi\u021bie","Mediu","Politic"],"inLanguage":"en-GB","copyrightYear":"2026","copyrightHolder":{"@id":"https:\/\/buletin.de\/bucuresti\/#organization"}},{"@type":"WebPage","@id":"https:\/\/buletin.de\/bucuresti\/vara-amanarilor-la-tribunalul-bucuresti-pentru-primarul-din-otopeni-la-patru-ani-de-ladescinderi-instanta-a-dispus-expertize-tehnice-asupra-unei-canalizari-despre-care-procurorii-d\/","url":"https:\/\/buletin.de\/bucuresti\/vara-amanarilor-la-tribunalul-bucuresti-pentru-primarul-din-otopeni-la-patru-ani-de-ladescinderi-instanta-a-dispus-expertize-tehnice-asupra-unei-canalizari-despre-care-procurorii-d\/","name":"Vara am\u00e2n\u0103rilor la Tribunalul Bucure\u0219ti pentru primarul din Otopeni. La patru ani de la descinderi, instan\u021ba a dispus \u201eexpertize tehnice\u201d asupra unei canaliz\u0103ri despre care procurorii DNA sus\u021bin c\u0103 lipse\u0219te \u00een teren - Buletin de Bucure\u0219ti","isPartOf":{"@id":"https:\/\/buletin.de\/bucuresti\/#website"},"primaryImageOfPage":{"@id":"https:\/\/buletin.de\/bucuresti\/vara-amanarilor-la-tribunalul-bucuresti-pentru-primarul-din-otopeni-la-patru-ani-de-ladescinderi-instanta-a-dispus-expertize-tehnice-asupra-unei-canalizari-despre-care-procurorii-d\/#primaryimage"},"image":{"@id":"https:\/\/buletin.de\/bucuresti\/vara-amanarilor-la-tribunalul-bucuresti-pentru-primarul-din-otopeni-la-patru-ani-de-ladescinderi-instanta-a-dispus-expertize-tehnice-asupra-unei-canalizari-despre-care-procurorii-d\/#primaryimage"},"thumbnailUrl":"https:\/\/buletin.de\/bucuresti\/wp-content\/uploads\/2026\/03\/Captura-de-ecran-2026-03-10-194018.png","datePublished":"2026-09-01T01:38:09+00:00","dateModified":"2026-09-01T02:15:14+00:00","description":"Instan\u021ba a fixat un nou termen de judecat\u0103 pentru data de 4 septembrie, dup\u0103 ce au aprobat la finalul lunii mai efectuarea unor expertize tehnice \u0219i financiar-contabile.","breadcrumb":{"@id":"https:\/\/buletin.de\/bucuresti\/vara-amanarilor-la-tribunalul-bucuresti-pentru-primarul-din-otopeni-la-patru-ani-de-ladescinderi-instanta-a-dispus-expertize-tehnice-asupra-unei-canalizari-despre-care-procurorii-d\/#breadcrumb"},"inLanguage":"en-GB","potentialAction":[{"@type":"ReadAction","target":["https:\/\/buletin.de\/bucuresti\/vara-amanarilor-la-tribunalul-bucuresti-pentru-primarul-din-otopeni-la-patru-ani-de-ladescinderi-instanta-a-dispus-expertize-tehnice-asupra-unei-canalizari-despre-care-procurorii-d\/"]}]},{"@type":"ImageObject","inLanguage":"en-GB","@id":"https:\/\/buletin.de\/bucuresti\/vara-amanarilor-la-tribunalul-bucuresti-pentru-primarul-din-otopeni-la-patru-ani-de-ladescinderi-instanta-a-dispus-expertize-tehnice-asupra-unei-canalizari-despre-care-procurorii-d\/#primaryimage","url":"https:\/\/buletin.de\/bucuresti\/wp-content\/uploads\/2026\/03\/Captura-de-ecran-2026-03-10-194018.png","contentUrl":"https:\/\/buletin.de\/bucuresti\/wp-content\/uploads\/2026\/03\/Captura-de-ecran-2026-03-10-194018.png","width":1316,"height":725,"caption":"FOTO: arhiva"},{"@type":"BreadcrumbList","@id":"https:\/\/buletin.de\/bucuresti\/vara-amanarilor-la-tribunalul-bucuresti-pentru-primarul-din-otopeni-la-patru-ani-de-ladescinderi-instanta-a-dispus-expertize-tehnice-asupra-unei-canalizari-despre-care-procurorii-d\/#breadcrumb","itemListElement":[{"@type":"ListItem","position":1,"name":"Acas\u0103","item":"https:\/\/buletin.de\/bucuresti\/"},{"@type":"ListItem","position":2,"name":"Vara am\u00e2n\u0103rilor la Tribunalul Bucure\u0219ti pentru primarul din Otopeni. La patru ani de la descinderi, instan\u021ba a dispus \u201eexpertize tehnice\u201d asupra unei canaliz\u0103ri despre care procurorii DNA sus\u021bin c\u0103 lipse\u0219te \u00een teren"}]},{"@type":"WebSite","@id":"https:\/\/buletin.de\/bucuresti\/#website","url":"https:\/\/buletin.de\/bucuresti\/","name":"Buletin de Bucure\u0219ti","description":"\u0218tiri \u0219i investiga\u021bii esen\u021biale din capital\u0103","publisher":{"@id":"https:\/\/buletin.de\/bucuresti\/#organization"},"potentialAction":[{"@type":"SearchAction","target":{"@type":"EntryPoint","urlTemplate":"https:\/\/buletin.de\/bucuresti\/?s={search_term_string}"},"query-input":{"@type":"PropertyValueSpecification","valueRequired":true,"valueName":"search_term_string"}}],"inLanguage":"en-GB"},{"@type":"Organization","@id":"https:\/\/buletin.de\/bucuresti\/#organization","name":"Buletin de Bucure\u0219ti","url":"https:\/\/buletin.de\/bucuresti\/","logo":{"@type":"ImageObject","inLanguage":"en-GB","@id":"https:\/\/buletin.de\/bucuresti\/#\/schema\/logo\/image\/","url":"https:\/\/buletin.de\/bucuresti\/wp-content\/uploads\/logo-bdb-full-wide-vernil-transparent.png","contentUrl":"https:\/\/buletin.de\/bucuresti\/wp-content\/uploads\/logo-bdb-full-wide-vernil-transparent.png","width":1782,"height":626,"caption":"Buletin de Bucure\u0219ti"},"image":{"@id":"https:\/\/buletin.de\/bucuresti\/#\/schema\/logo\/image\/"},"sameAs":["https:\/\/www.facebook.com\/buletin.de.buc","https:\/\/www.instagram.com\/buletinde.bucuresti\/"]},{"@type":"Person","@id":"https:\/\/buletin.de\/bucuresti\/#\/schema\/person\/31117187ed4d0bdb0a4c7d6acc79d0f8","name":"C\u0103t\u0103lin Dosca\u0219","image":{"@type":"ImageObject","inLanguage":"en-GB","@id":"https:\/\/buletin.de\/bucuresti\/wp-content\/uploads\/Catalin-Doscas-e1732731064764-96x96.jpga93e2943bb3b1c1f9ead823df6e6317a","url":"https:\/\/buletin.de\/bucuresti\/wp-content\/uploads\/Catalin-Doscas-e1732731064764-96x96.jpg","contentUrl":"https:\/\/buletin.de\/bucuresti\/wp-content\/uploads\/Catalin-Doscas-e1732731064764-96x96.jpg","caption":"C\u0103t\u0103lin Dosca\u0219"},"description":"Reporter \u0219i redactor-\u0219ef Buletin de Bucure\u0219ti. Lucreaz\u0103 \u00een mass-media de la v\u00e2rsta de 15 ani, c\u00e2nd a publicat primele articole \u00een presa local\u0103 din Tecuci. \u00cen Bucure\u0219ti a lucrat \u00een redac\u021bii radio ca reporter, redactor \u0219i prezentator (StudentFM, Na\u021bionalFM, Radio Total, Smart FM), unde a acoperit domeniile politic, economic, social \u0219i externe. Ulterior, a fost editor-coordonator al postului Realitatea FM. Experien\u021ba \u00een jurnalismul online a dob\u00e2ndit-o la portalul B365.ro, unde a fost editor. \u00cen 2012 s-a angajat \u00een televiziune. La Realitatea TV a fost, pe r\u00e2nd, reporter la sec\u021bia Social, reporter special la emisiunea de reportaje \u0219i anchete \u201eReporterii Realit\u0103\u021bii\u201d, dar \u0219i editor al jurnalelor de \u0219tiri. Ulterior, a f\u0103cut parte din sec\u021bia de Investiga\u021bii de la Digi24 \u0219i a lucrat la campania \u201eRom\u00e2nia furat\u0103\u201d. A revenit \u00een presa scris\u0103 \u00een 2017, ca reporter special, \u00een cadrul unui proiect de repozi\u021bionare a tabloidului Libertatea \u00een cotidian generalist. Este jurnalist Buletin de Bucure\u0219ti din 2019.","url":"https:\/\/buletin.de\/bucuresti\/author\/catalin\/"}]}},"authors":[{"term_id":22575,"user_id":10,"is_guest":0,"slug":"catalin","display_name":"C\u0103t\u0103lin Dosca\u0219","avatar_url":"https:\/\/buletin.de\/bucuresti\/wp-content\/uploads\/Catalin-Doscas-e1732731064764-96x96.jpg","author_category":"","first_name":"C\u0103t\u0103lin","last_name":"Dosca\u0219","user_url":"","job_title":"","description":"Reporter \u0219i redactor-\u0219ef Buletin de Bucure\u0219ti. Lucreaz\u0103 \u00een mass-media de la v\u00e2rsta de 15 ani, c\u00e2nd a publicat primele articole \u00een presa local\u0103 din Tecuci. \u00cen Bucure\u0219ti a lucrat \u00een redac\u021bii radio ca reporter, redactor \u0219i prezentator (StudentFM, Na\u021bionalFM, Radio Total, Smart FM), unde a acoperit domeniile politic, economic, social \u0219i externe. Ulterior, a fost editor-coordonator al postului Realitatea FM. Experien\u021ba \u00een jurnalismul online a dob\u00e2ndit-o la portalul B365.ro, unde a fost editor. \u00cen 2012 s-a angajat \u00een televiziune. La Realitatea TV a fost, pe r\u00e2nd, reporter la sec\u021bia Social, reporter special la emisiunea de reportaje \u0219i anchete \u201eReporterii Realit\u0103\u021bii\u201d, dar \u0219i editor al jurnalelor de \u0219tiri. Ulterior, a f\u0103cut parte din sec\u021bia de Investiga\u021bii de la Digi24 \u0219i a lucrat la campania \u201eRom\u00e2nia furat\u0103\u201d. A revenit \u00een presa scris\u0103 \u00een 2017, ca reporter special, \u00een cadrul unui proiect de repozi\u021bionare a tabloidului Libertatea \u00een cotidian generalist. Este jurnalist Buletin de Bucure\u0219ti din 2019."}],"_links":{"self":[{"href":"https:\/\/buletin.de\/bucuresti\/wp-json\/wp\/v2\/posts\/212942","targetHints":{"allow":["GET"]}}],"collection":[{"href":"https:\/\/buletin.de\/bucuresti\/wp-json\/wp\/v2\/posts"}],"about":[{"href":"https:\/\/buletin.de\/bucuresti\/wp-json\/wp\/v2\/types\/post"}],"author":[{"embeddable":true,"href":"https:\/\/buletin.de\/bucuresti\/wp-json\/wp\/v2\/users\/10"}],"replies":[{"embeddable":true,"href":"https:\/\/buletin.de\/bucuresti\/wp-json\/wp\/v2\/comments?post=212942"}],"version-history":[{"count":8,"href":"https:\/\/buletin.de\/bucuresti\/wp-json\/wp\/v2\/posts\/212942\/revisions"}],"predecessor-version":[{"id":215187,"href":"https:\/\/buletin.de\/bucuresti\/wp-json\/wp\/v2\/posts\/212942\/revisions\/215187"}],"wp:featuredmedia":[{"embeddable":true,"href":"https:\/\/buletin.de\/bucuresti\/wp-json\/wp\/v2\/media\/179514"}],"wp:attachment":[{"href":"https:\/\/buletin.de\/bucuresti\/wp-json\/wp\/v2\/media?parent=212942"}],"wp:term":[{"taxonomy":"category","embeddable":true,"href":"https:\/\/buletin.de\/bucuresti\/wp-json\/wp\/v2\/categories?post=212942"},{"taxonomy":"post_tag","embeddable":true,"href":"https:\/\/buletin.de\/bucuresti\/wp-json\/wp\/v2\/tags?post=212942"},{"taxonomy":"author","embeddable":true,"href":"https:\/\/buletin.de\/bucuresti\/wp-json\/wp\/v2\/ppma_author?post=212942"}],"curies":[{"name":"wp","href":"https:\/\/api.w.org\/{rel}","templated":true}]}}