{"id":21161,"date":"2021-03-07T12:50:40","date_gmt":"2021-03-07T09:50:40","guid":{"rendered":"https:\/\/buletin.de\/bucuresti\/?p=21161"},"modified":"2021-03-07T12:53:41","modified_gmt":"2021-03-07T09:53:41","slug":"capitala-oficial-in-scenariul-rosu-restrictiile-inta-in-vigoare-din-aceasta-noapte","status":"publish","type":"post","link":"https:\/\/buletin.de\/bucuresti\/capitala-oficial-in-scenariul-rosu-restrictiile-inta-in-vigoare-din-aceasta-noapte\/","title":{"rendered":"Capitala, oficial \u00een scenariul ro\u0219u | Restric\u021biile intr\u0103 \u00een vigoare din aceast\u0103 noapte"},"content":{"rendered":"\n<p>Comitetul Municipal pentru Situa\u021bii de Urgen\u021b\u0103 Bucure\u0219ti s-a reunit \u00een \u0219edin\u021b\u0103 de urgen\u021b\u0103, \u00een aceast\u0103 diminea\u021b\u0103, pentru a stabili ce restric\u021bii se impun dup\u0103 ce, rata de inciden\u021b\u0103 CVOID la 14 zile a dep\u0103\u0219it 3\/1000 de locuitori. Din aceast\u0103 noapte, de la ora 0.00, se vor interzice toate activit\u0103\u021bile \u00een interior, vor fi \u00eenchise restaurantele, barurile \u0219i s\u0103lile de cinematograf \u0219i teatre. Orele se vor desf\u0103\u0219ura online pentru majoritatea elevilor, mai pu\u021bin pre\u0219colarii, \u0219colarii \u0219i cei din clasele terminale. M\u0103surile sunt valabile pentru o perioad\u0103 de 14 zile.<\/p>\n\n\n\n<p>Conform c<a href=\"https:\/\/b.prefectura.mai.gov.ro\/wp-content\/uploads\/sites\/2\/2021\/03\/Hotararea-CMBSU-nr-8-din-07.03.2021-1.pdf\">omunicatului<\/a> dat de CMSUB, activitatea \u00een \u0219coli se va desf\u0103\u0219ura dup\u0103 cum urmeaz\u0103. <\/p>\n\n\n\n<p><br><strong>A. Cu prezen\u021b\u0103 fizic\u0103 pentru:<\/strong><\/p>\n\n\n\n<ul class=\"wp-block-list\"><li>to\u021bi pre\u0219colarii \u0219i elevii din \u00eenv\u0103\u021b\u0103m\u00e2ntul primar,<\/li><li>elevii din clasele a VIII-a, a XII-a, a XIII-a \u0219i elevii din anii terminali din \u00eenv\u0103\u021b\u0103m\u00e2ntul profesional \u0219i postliceal, cu aplicarea \u0219i respectarea tuturor normelor de protec\u021bie, p\u00e2n\u0103 la jum\u0103tate din num\u0103rul total de elevi \u00eenmatricula\u021bi \u00een respectivele clase terminale;<br>Este permis\u0103 organizarea cu prezen\u021b\u0103 fizic\u0103, \u00een unit\u0103\u021bile de \u00eenv\u0103\u021b\u0103m\u00e2nt a urm\u0103toarelor activit\u0103\u021bi :<ul><li>orele remediale pentru toate clasele.<\/li><li>simul\u0103rile examenelor na\u021bionale \u0219i a examenelor pentru anii terminali;<\/li><li>evalu\u0103rile na\u021bionale;<\/li><\/ul><\/li><\/ul>\n\n\n\n<p><strong>B. Participarea zilnic\u0103, \u00een sistem online, a elevilor din celelalte clase\/ani de studiu.<\/strong><\/p>\n\n\n\n<p><strong>Pentru operatorii economici:<\/strong><\/p>\n\n\n\n<ul class=\"wp-block-list\"><li>Se interzice activitatea cu publicul a operatorilor economici care desf\u0103\u0219oar\u0103 activit\u0103\u021bi de preparare, comercializare \u0219i consum al produselor alimentare \u0219i\/sau b\u0103uturilor alcoolice \u0219i nealcoolice, de tipul restaurantelor \u0219i cafenelelor, \u00een interiorul cl\u0103dirilor, precum \u0219i \u00een interiorul altor spa\u021bii publice \u00eenchise care au acoperi\u0219, plafon sau tavan \u0219i care sunt delimitate de cel pu\u021bin doi pere\u021bi, indiferent de faptul c\u0103 sunt construc\u021bii cu caracter temporar sau permanent;<\/li><li>Se interzice activitatea restaurantelor \u0219i a cafenelelor din interiorul hotelurilor, pensiunilor sau altor unit\u0103\u021bi de cazare, cu excep\u021bia deservirii persoanelor cazate \u00een interiorul acestor unit\u0103\u021bi;<\/li><li>Este permis\u0103 prepararea, comercializarea \u0219i consumul produselor alimentare \u0219i b\u0103uturilor alcoolice \u0219i nealcoolice \u00een spa\u021biile special destinate dispuse \u00een exteriorul cl\u0103dirilor, \u00een aer liber, precum \u0219i \u00een spa\u021biile publice dac\u0103 au un tavan \u0219i un singur perete cu asigurarea unei distan\u021be de minimum 2 metri \u00eentre mese \u0219i participarea a maximum 6 persoane la o mas\u0103, dac\u0103 sunt din familii diferite, \u0219i cu respectarea m\u0103surilor de protec\u021bie sanitar\u0103 stabilite prin ordin comun al ministrului s\u0103n\u0103t\u0103\u021bii, ministrului economiei, antreprenorialului \u0219i turismului \u0219i al pre\u0219edintelui Autorit\u0103\u021bii Na\u021bionale Sanitare Veterinare \u0219i pentru Siguran\u021ba Alimentelor;<\/li><li>Este permis\u0103 prepararea hranei \u0219i comercializarea produselor alimentare \u0219i b\u0103uturilor alcoolice \u0219i nealcoolice care nu se consum\u0103 \u00een spa\u021biile respective;<\/li><li>Nu este permis\u0103 activitatea \u00een baruri, cluburi \u0219i discoteci;<\/li><li>Este interzis\u0103 activitatea cu publicul a operatorilor economici licen\u021bia\u021bi \u00een domeniul jocurilor de noroc, cu excep\u021bia desf\u0103\u0219ur\u0103rii activit\u0103\u021bii de comercializare a biletelor de tip LOTO, pariuri \u0219i loz, cu respectarea m\u0103surilor de protec\u021bie sanitar\u0103;<\/li><li>Este interzis\u0103 organizarea \u0219i desf\u0103\u0219urarea activit\u0103\u021bii cu publicul \u00een cadrul cinematografelor, institu\u021biilor de spectacole \u0219i\/sau concerte, inclusiv celor de tipul drive-in;<\/li><li>Este interzis\u0103 organizarea \u0219i desf\u0103\u0219urarea \u00een aer liber a spectacolelor, concertelor, festivalurilor publice \u0219i private sau a altor evenimente culturale;<\/li><\/ul>\n\n\n\n<p>De asemenea, este obligatorie purtarea m\u0103\u0219tii de protec\u021bie, astfel \u00eenc\u00e2t s\u0103 acopere nasul \u0219i gura, pentru toate persoanele care au \u00eemplinit v\u00e2rsta de 5 ani, \u00een toate spa\u021biile publice deschise. <\/p>\n\n\n\n<p>M\u0103surile stabilite de CMSUB intr\u0103 \u00een vigoare pe 8.03.2021, la ora 0.00 \u0219i se vor aplica timp de 14 zile.<\/p>\n\n\n\n<p>Reuniunea de urgen\u021b\u0103 a CMSUB vine \u00een contextul \u00een care, num\u0103rul de \u00eemboln\u0103viri COVID a explodat \u00een Capital\u0103 \u00een ultimele zile, cu un maxim de 927 de cazuri \u00eenregistrate vineri. Rata de inciden\u021b\u0103 cumulat\u0103 este de 3.12 cazuri COVID, la 1000 de locuitori, \u00een ultimele 14 zile.<\/p>\n\n\n\n<p>sursa foto cover Adrian Dascal unsplash.com<\/p>\n","protected":false},"excerpt":{"rendered":"<p>Comitetul Municipal pentru Situa\u021bii de Urgen\u021b\u0103 Bucure\u0219ti s-a reunit \u00een \u0219edin\u021b\u0103 de urgen\u021b\u0103, \u00een aceast\u0103 diminea\u021b\u0103, pentru a stabili ce restric\u021bii se impun dup\u0103 ce, rata de inciden\u021b\u0103 CVOID la 14 zile a dep\u0103\u0219it 3\/1000 de locuitori. Din aceast\u0103 noapte, de la ora 0.00, se vor interzice toate activit\u0103\u021bile \u00een interior, vor fi \u00eenchise restaurantele, [&hellip;]<\/p>\n","protected":false},"author":18,"featured_media":21165,"comment_status":"closed","ping_status":"open","sticky":false,"template":"","format":"standard","meta":{"_acf_changed":false,"inline_featured_image":false,"ngg_post_thumbnail":0,"footnotes":""},"categories":[996,1],"tags":[640,1687,1703],"ppma_author":[22579],"class_list":["post-21161","post","type-post","status-publish","format-standard","has-post-thumbnail","hentry","category-covid-19","category-diverse","tag-covid","tag-restrictii-covid","tag-scenariul-rosu"],"acf":[],"yoast_head":"<!-- This site is optimized with the Yoast SEO Premium plugin v25.3 (Yoast SEO v27.5) - https:\/\/yoast.com\/product\/yoast-seo-premium-wordpress\/ -->\n<title>Capitala, oficial \u00een scenariul ro\u0219u | Restric\u021biile intr\u0103 \u00een vigoare din aceast\u0103 noapte - Buletin de Bucure\u0219ti<\/title>\n<meta name=\"robots\" content=\"index, follow, max-snippet:-1, max-image-preview:large, max-video-preview:-1\" \/>\n<link rel=\"canonical\" href=\"https:\/\/buletin.de\/bucuresti\/capitala-oficial-in-scenariul-rosu-restrictiile-inta-in-vigoare-din-aceasta-noapte\/\" \/>\n<meta property=\"og:locale\" content=\"en_GB\" \/>\n<meta property=\"og:type\" content=\"article\" \/>\n<meta property=\"og:title\" content=\"Capitala, oficial \u00een scenariul ro\u0219u | Restric\u021biile intr\u0103 \u00een vigoare din aceast\u0103 noapte\" \/>\n<meta property=\"og:description\" content=\"Comitetul Municipal pentru Situa\u021bii de Urgen\u021b\u0103 Bucure\u0219ti s-a reunit \u00een \u0219edin\u021b\u0103 de urgen\u021b\u0103, \u00een aceast\u0103 diminea\u021b\u0103, pentru a stabili ce restric\u021bii se impun dup\u0103 ce, rata de inciden\u021b\u0103 CVOID la 14 zile a dep\u0103\u0219it 3\/1000 de locuitori. Din aceast\u0103 noapte, de la ora 0.00, se vor interzice toate activit\u0103\u021bile \u00een interior, vor fi \u00eenchise restaurantele, [&hellip;]\" \/>\n<meta property=\"og:url\" content=\"https:\/\/buletin.de\/bucuresti\/capitala-oficial-in-scenariul-rosu-restrictiile-inta-in-vigoare-din-aceasta-noapte\/\" \/>\n<meta property=\"og:site_name\" content=\"Buletin de Bucure\u0219ti\" \/>\n<meta property=\"article:publisher\" content=\"https:\/\/www.facebook.com\/buletin.de.buc\" \/>\n<meta property=\"article:published_time\" content=\"2021-03-07T09:50:40+00:00\" \/>\n<meta property=\"article:modified_time\" content=\"2021-03-07T09:53:41+00:00\" \/>\n<meta property=\"og:image\" content=\"https:\/\/buletin.de\/bucuresti\/wp-content\/uploads\/adrian-dascal-J_Rhrj-et-I-unsplash-scaled.jpg\" \/>\n\t<meta property=\"og:image:width\" content=\"1707\" \/>\n\t<meta property=\"og:image:height\" content=\"2560\" \/>\n\t<meta property=\"og:image:type\" content=\"image\/jpeg\" \/>\n<meta name=\"author\" content=\"Teodora Stroe\" \/>\n<meta name=\"twitter:card\" content=\"summary_large_image\" \/>\n<meta name=\"twitter:label1\" content=\"Written by\" \/>\n\t<meta name=\"twitter:data1\" content=\"Teodora Stroe\" \/>\n\t<meta name=\"twitter:label2\" content=\"Estimated reading time\" \/>\n\t<meta name=\"twitter:data2\" content=\"3 minutes\" \/>\n<script type=\"application\/ld+json\" class=\"yoast-schema-graph\">{\"@context\":\"https:\\\/\\\/schema.org\",\"@graph\":[{\"@type\":\"Article\",\"@id\":\"https:\\\/\\\/buletin.de\\\/bucuresti\\\/capitala-oficial-in-scenariul-rosu-restrictiile-inta-in-vigoare-din-aceasta-noapte\\\/#article\",\"isPartOf\":{\"@id\":\"https:\\\/\\\/buletin.de\\\/bucuresti\\\/capitala-oficial-in-scenariul-rosu-restrictiile-inta-in-vigoare-din-aceasta-noapte\\\/\"},\"author\":{\"name\":\"Teodora Stroe\",\"@id\":\"https:\\\/\\\/buletin.de\\\/bucuresti\\\/#\\\/schema\\\/person\\\/d369d7ddc775abece205795e0b804614\"},\"headline\":\"Capitala, oficial \u00een scenariul ro\u0219u | Restric\u021biile intr\u0103 \u00een vigoare din aceast\u0103 noapte\",\"datePublished\":\"2021-03-07T09:50:40+00:00\",\"dateModified\":\"2021-03-07T09:53:41+00:00\",\"mainEntityOfPage\":{\"@id\":\"https:\\\/\\\/buletin.de\\\/bucuresti\\\/capitala-oficial-in-scenariul-rosu-restrictiile-inta-in-vigoare-din-aceasta-noapte\\\/\"},\"wordCount\":670,\"publisher\":{\"@id\":\"https:\\\/\\\/buletin.de\\\/bucuresti\\\/#organization\"},\"image\":{\"@id\":\"https:\\\/\\\/buletin.de\\\/bucuresti\\\/capitala-oficial-in-scenariul-rosu-restrictiile-inta-in-vigoare-din-aceasta-noapte\\\/#primaryimage\"},\"thumbnailUrl\":\"https:\\\/\\\/buletin.de\\\/bucuresti\\\/wp-content\\\/uploads\\\/adrian-dascal-J_Rhrj-et-I-unsplash-scaled.jpg\",\"keywords\":[\"covid\",\"restrictii covid\",\"scenariul rosu\"],\"articleSection\":[\"Covid-19\",\"Diverse\"],\"inLanguage\":\"en-GB\",\"copyrightYear\":\"2021\",\"copyrightHolder\":{\"@id\":\"https:\\\/\\\/buletin.de\\\/bucuresti\\\/#organization\"}},{\"@type\":\"WebPage\",\"@id\":\"https:\\\/\\\/buletin.de\\\/bucuresti\\\/capitala-oficial-in-scenariul-rosu-restrictiile-inta-in-vigoare-din-aceasta-noapte\\\/\",\"url\":\"https:\\\/\\\/buletin.de\\\/bucuresti\\\/capitala-oficial-in-scenariul-rosu-restrictiile-inta-in-vigoare-din-aceasta-noapte\\\/\",\"name\":\"Capitala, oficial \u00een scenariul ro\u0219u | Restric\u021biile intr\u0103 \u00een vigoare din aceast\u0103 noapte - Buletin de Bucure\u0219ti\",\"isPartOf\":{\"@id\":\"https:\\\/\\\/buletin.de\\\/bucuresti\\\/#website\"},\"primaryImageOfPage\":{\"@id\":\"https:\\\/\\\/buletin.de\\\/bucuresti\\\/capitala-oficial-in-scenariul-rosu-restrictiile-inta-in-vigoare-din-aceasta-noapte\\\/#primaryimage\"},\"image\":{\"@id\":\"https:\\\/\\\/buletin.de\\\/bucuresti\\\/capitala-oficial-in-scenariul-rosu-restrictiile-inta-in-vigoare-din-aceasta-noapte\\\/#primaryimage\"},\"thumbnailUrl\":\"https:\\\/\\\/buletin.de\\\/bucuresti\\\/wp-content\\\/uploads\\\/adrian-dascal-J_Rhrj-et-I-unsplash-scaled.jpg\",\"datePublished\":\"2021-03-07T09:50:40+00:00\",\"dateModified\":\"2021-03-07T09:53:41+00:00\",\"breadcrumb\":{\"@id\":\"https:\\\/\\\/buletin.de\\\/bucuresti\\\/capitala-oficial-in-scenariul-rosu-restrictiile-inta-in-vigoare-din-aceasta-noapte\\\/#breadcrumb\"},\"inLanguage\":\"en-GB\",\"potentialAction\":[{\"@type\":\"ReadAction\",\"target\":[\"https:\\\/\\\/buletin.de\\\/bucuresti\\\/capitala-oficial-in-scenariul-rosu-restrictiile-inta-in-vigoare-din-aceasta-noapte\\\/\"]}]},{\"@type\":\"ImageObject\",\"inLanguage\":\"en-GB\",\"@id\":\"https:\\\/\\\/buletin.de\\\/bucuresti\\\/capitala-oficial-in-scenariul-rosu-restrictiile-inta-in-vigoare-din-aceasta-noapte\\\/#primaryimage\",\"url\":\"https:\\\/\\\/buletin.de\\\/bucuresti\\\/wp-content\\\/uploads\\\/adrian-dascal-J_Rhrj-et-I-unsplash-scaled.jpg\",\"contentUrl\":\"https:\\\/\\\/buletin.de\\\/bucuresti\\\/wp-content\\\/uploads\\\/adrian-dascal-J_Rhrj-et-I-unsplash-scaled.jpg\",\"width\":1707,\"height\":2560},{\"@type\":\"BreadcrumbList\",\"@id\":\"https:\\\/\\\/buletin.de\\\/bucuresti\\\/capitala-oficial-in-scenariul-rosu-restrictiile-inta-in-vigoare-din-aceasta-noapte\\\/#breadcrumb\",\"itemListElement\":[{\"@type\":\"ListItem\",\"position\":1,\"name\":\"Acas\u0103\",\"item\":\"https:\\\/\\\/buletin.de\\\/bucuresti\\\/\"},{\"@type\":\"ListItem\",\"position\":2,\"name\":\"Capitala, oficial \u00een scenariul ro\u0219u | Restric\u021biile intr\u0103 \u00een vigoare din aceast\u0103 noapte\"}]},{\"@type\":\"WebSite\",\"@id\":\"https:\\\/\\\/buletin.de\\\/bucuresti\\\/#website\",\"url\":\"https:\\\/\\\/buletin.de\\\/bucuresti\\\/\",\"name\":\"Buletin de Bucure\u0219ti\",\"description\":\"\u0218tiri \u0219i investiga\u021bii esen\u021biale din capital\u0103\",\"publisher\":{\"@id\":\"https:\\\/\\\/buletin.de\\\/bucuresti\\\/#organization\"},\"potentialAction\":[{\"@type\":\"SearchAction\",\"target\":{\"@type\":\"EntryPoint\",\"urlTemplate\":\"https:\\\/\\\/buletin.de\\\/bucuresti\\\/?s={search_term_string}\"},\"query-input\":{\"@type\":\"PropertyValueSpecification\",\"valueRequired\":true,\"valueName\":\"search_term_string\"}}],\"inLanguage\":\"en-GB\"},{\"@type\":\"Organization\",\"@id\":\"https:\\\/\\\/buletin.de\\\/bucuresti\\\/#organization\",\"name\":\"Buletin de Bucure\u0219ti\",\"url\":\"https:\\\/\\\/buletin.de\\\/bucuresti\\\/\",\"logo\":{\"@type\":\"ImageObject\",\"inLanguage\":\"en-GB\",\"@id\":\"https:\\\/\\\/buletin.de\\\/bucuresti\\\/#\\\/schema\\\/logo\\\/image\\\/\",\"url\":\"https:\\\/\\\/buletin.de\\\/bucuresti\\\/wp-content\\\/uploads\\\/logo-bdb-full-wide-vernil-transparent.png\",\"contentUrl\":\"https:\\\/\\\/buletin.de\\\/bucuresti\\\/wp-content\\\/uploads\\\/logo-bdb-full-wide-vernil-transparent.png\",\"width\":1782,\"height\":626,\"caption\":\"Buletin de Bucure\u0219ti\"},\"image\":{\"@id\":\"https:\\\/\\\/buletin.de\\\/bucuresti\\\/#\\\/schema\\\/logo\\\/image\\\/\"},\"sameAs\":[\"https:\\\/\\\/www.facebook.com\\\/buletin.de.buc\",\"https:\\\/\\\/www.instagram.com\\\/buletinde.bucuresti\\\/\"]},{\"@type\":\"Person\",\"@id\":\"https:\\\/\\\/buletin.de\\\/bucuresti\\\/#\\\/schema\\\/person\\\/d369d7ddc775abece205795e0b804614\",\"name\":\"Teodora Stroe\",\"image\":{\"@type\":\"ImageObject\",\"inLanguage\":\"en-GB\",\"@id\":\"https:\\\/\\\/secure.gravatar.com\\\/avatar\\\/2560b4cd9f5f1bc100b123158e657d75584bd1c3e1d9c69285720b9457c1b78d?s=96&d=monsterid&r=gc104800242ba5f2d78dd5d7dc4df08b6\",\"url\":\"https:\\\/\\\/secure.gravatar.com\\\/avatar\\\/2560b4cd9f5f1bc100b123158e657d75584bd1c3e1d9c69285720b9457c1b78d?s=96&d=monsterid&r=g\",\"contentUrl\":\"https:\\\/\\\/secure.gravatar.com\\\/avatar\\\/2560b4cd9f5f1bc100b123158e657d75584bd1c3e1d9c69285720b9457c1b78d?s=96&d=monsterid&r=g\",\"caption\":\"Teodora Stroe\"},\"url\":\"https:\\\/\\\/buletin.de\\\/bucuresti\\\/author\\\/simonacarlugea\\\/\"}]}<\/script>\n<!-- \/ Yoast SEO Premium plugin. -->","yoast_head_json":{"title":"Capitala, oficial \u00een scenariul ro\u0219u | Restric\u021biile intr\u0103 \u00een vigoare din aceast\u0103 noapte - Buletin de Bucure\u0219ti","robots":{"index":"index","follow":"follow","max-snippet":"max-snippet:-1","max-image-preview":"max-image-preview:large","max-video-preview":"max-video-preview:-1"},"canonical":"https:\/\/buletin.de\/bucuresti\/capitala-oficial-in-scenariul-rosu-restrictiile-inta-in-vigoare-din-aceasta-noapte\/","og_locale":"en_GB","og_type":"article","og_title":"Capitala, oficial \u00een scenariul ro\u0219u | Restric\u021biile intr\u0103 \u00een vigoare din aceast\u0103 noapte","og_description":"Comitetul Municipal pentru Situa\u021bii de Urgen\u021b\u0103 Bucure\u0219ti s-a reunit \u00een \u0219edin\u021b\u0103 de urgen\u021b\u0103, \u00een aceast\u0103 diminea\u021b\u0103, pentru a stabili ce restric\u021bii se impun dup\u0103 ce, rata de inciden\u021b\u0103 CVOID la 14 zile a dep\u0103\u0219it 3\/1000 de locuitori. Din aceast\u0103 noapte, de la ora 0.00, se vor interzice toate activit\u0103\u021bile \u00een interior, vor fi \u00eenchise restaurantele, [&hellip;]","og_url":"https:\/\/buletin.de\/bucuresti\/capitala-oficial-in-scenariul-rosu-restrictiile-inta-in-vigoare-din-aceasta-noapte\/","og_site_name":"Buletin de Bucure\u0219ti","article_publisher":"https:\/\/www.facebook.com\/buletin.de.buc","article_published_time":"2021-03-07T09:50:40+00:00","article_modified_time":"2021-03-07T09:53:41+00:00","og_image":[{"width":1707,"height":2560,"url":"https:\/\/buletin.de\/bucuresti\/wp-content\/uploads\/adrian-dascal-J_Rhrj-et-I-unsplash-scaled.jpg","type":"image\/jpeg"}],"author":"Teodora Stroe","twitter_card":"summary_large_image","twitter_misc":{"Written by":"Teodora Stroe","Estimated reading time":"3 minutes"},"schema":{"@context":"https:\/\/schema.org","@graph":[{"@type":"Article","@id":"https:\/\/buletin.de\/bucuresti\/capitala-oficial-in-scenariul-rosu-restrictiile-inta-in-vigoare-din-aceasta-noapte\/#article","isPartOf":{"@id":"https:\/\/buletin.de\/bucuresti\/capitala-oficial-in-scenariul-rosu-restrictiile-inta-in-vigoare-din-aceasta-noapte\/"},"author":{"name":"Teodora Stroe","@id":"https:\/\/buletin.de\/bucuresti\/#\/schema\/person\/d369d7ddc775abece205795e0b804614"},"headline":"Capitala, oficial \u00een scenariul ro\u0219u | Restric\u021biile intr\u0103 \u00een vigoare din aceast\u0103 noapte","datePublished":"2021-03-07T09:50:40+00:00","dateModified":"2021-03-07T09:53:41+00:00","mainEntityOfPage":{"@id":"https:\/\/buletin.de\/bucuresti\/capitala-oficial-in-scenariul-rosu-restrictiile-inta-in-vigoare-din-aceasta-noapte\/"},"wordCount":670,"publisher":{"@id":"https:\/\/buletin.de\/bucuresti\/#organization"},"image":{"@id":"https:\/\/buletin.de\/bucuresti\/capitala-oficial-in-scenariul-rosu-restrictiile-inta-in-vigoare-din-aceasta-noapte\/#primaryimage"},"thumbnailUrl":"https:\/\/buletin.de\/bucuresti\/wp-content\/uploads\/adrian-dascal-J_Rhrj-et-I-unsplash-scaled.jpg","keywords":["covid","restrictii covid","scenariul rosu"],"articleSection":["Covid-19","Diverse"],"inLanguage":"en-GB","copyrightYear":"2021","copyrightHolder":{"@id":"https:\/\/buletin.de\/bucuresti\/#organization"}},{"@type":"WebPage","@id":"https:\/\/buletin.de\/bucuresti\/capitala-oficial-in-scenariul-rosu-restrictiile-inta-in-vigoare-din-aceasta-noapte\/","url":"https:\/\/buletin.de\/bucuresti\/capitala-oficial-in-scenariul-rosu-restrictiile-inta-in-vigoare-din-aceasta-noapte\/","name":"Capitala, oficial \u00een scenariul ro\u0219u | Restric\u021biile intr\u0103 \u00een vigoare din aceast\u0103 noapte - Buletin de Bucure\u0219ti","isPartOf":{"@id":"https:\/\/buletin.de\/bucuresti\/#website"},"primaryImageOfPage":{"@id":"https:\/\/buletin.de\/bucuresti\/capitala-oficial-in-scenariul-rosu-restrictiile-inta-in-vigoare-din-aceasta-noapte\/#primaryimage"},"image":{"@id":"https:\/\/buletin.de\/bucuresti\/capitala-oficial-in-scenariul-rosu-restrictiile-inta-in-vigoare-din-aceasta-noapte\/#primaryimage"},"thumbnailUrl":"https:\/\/buletin.de\/bucuresti\/wp-content\/uploads\/adrian-dascal-J_Rhrj-et-I-unsplash-scaled.jpg","datePublished":"2021-03-07T09:50:40+00:00","dateModified":"2021-03-07T09:53:41+00:00","breadcrumb":{"@id":"https:\/\/buletin.de\/bucuresti\/capitala-oficial-in-scenariul-rosu-restrictiile-inta-in-vigoare-din-aceasta-noapte\/#breadcrumb"},"inLanguage":"en-GB","potentialAction":[{"@type":"ReadAction","target":["https:\/\/buletin.de\/bucuresti\/capitala-oficial-in-scenariul-rosu-restrictiile-inta-in-vigoare-din-aceasta-noapte\/"]}]},{"@type":"ImageObject","inLanguage":"en-GB","@id":"https:\/\/buletin.de\/bucuresti\/capitala-oficial-in-scenariul-rosu-restrictiile-inta-in-vigoare-din-aceasta-noapte\/#primaryimage","url":"https:\/\/buletin.de\/bucuresti\/wp-content\/uploads\/adrian-dascal-J_Rhrj-et-I-unsplash-scaled.jpg","contentUrl":"https:\/\/buletin.de\/bucuresti\/wp-content\/uploads\/adrian-dascal-J_Rhrj-et-I-unsplash-scaled.jpg","width":1707,"height":2560},{"@type":"BreadcrumbList","@id":"https:\/\/buletin.de\/bucuresti\/capitala-oficial-in-scenariul-rosu-restrictiile-inta-in-vigoare-din-aceasta-noapte\/#breadcrumb","itemListElement":[{"@type":"ListItem","position":1,"name":"Acas\u0103","item":"https:\/\/buletin.de\/bucuresti\/"},{"@type":"ListItem","position":2,"name":"Capitala, oficial \u00een scenariul ro\u0219u | Restric\u021biile intr\u0103 \u00een vigoare din aceast\u0103 noapte"}]},{"@type":"WebSite","@id":"https:\/\/buletin.de\/bucuresti\/#website","url":"https:\/\/buletin.de\/bucuresti\/","name":"Buletin de Bucure\u0219ti","description":"\u0218tiri \u0219i investiga\u021bii esen\u021biale din capital\u0103","publisher":{"@id":"https:\/\/buletin.de\/bucuresti\/#organization"},"potentialAction":[{"@type":"SearchAction","target":{"@type":"EntryPoint","urlTemplate":"https:\/\/buletin.de\/bucuresti\/?s={search_term_string}"},"query-input":{"@type":"PropertyValueSpecification","valueRequired":true,"valueName":"search_term_string"}}],"inLanguage":"en-GB"},{"@type":"Organization","@id":"https:\/\/buletin.de\/bucuresti\/#organization","name":"Buletin de Bucure\u0219ti","url":"https:\/\/buletin.de\/bucuresti\/","logo":{"@type":"ImageObject","inLanguage":"en-GB","@id":"https:\/\/buletin.de\/bucuresti\/#\/schema\/logo\/image\/","url":"https:\/\/buletin.de\/bucuresti\/wp-content\/uploads\/logo-bdb-full-wide-vernil-transparent.png","contentUrl":"https:\/\/buletin.de\/bucuresti\/wp-content\/uploads\/logo-bdb-full-wide-vernil-transparent.png","width":1782,"height":626,"caption":"Buletin de Bucure\u0219ti"},"image":{"@id":"https:\/\/buletin.de\/bucuresti\/#\/schema\/logo\/image\/"},"sameAs":["https:\/\/www.facebook.com\/buletin.de.buc","https:\/\/www.instagram.com\/buletinde.bucuresti\/"]},{"@type":"Person","@id":"https:\/\/buletin.de\/bucuresti\/#\/schema\/person\/d369d7ddc775abece205795e0b804614","name":"Teodora Stroe","image":{"@type":"ImageObject","inLanguage":"en-GB","@id":"https:\/\/secure.gravatar.com\/avatar\/2560b4cd9f5f1bc100b123158e657d75584bd1c3e1d9c69285720b9457c1b78d?s=96&d=monsterid&r=gc104800242ba5f2d78dd5d7dc4df08b6","url":"https:\/\/secure.gravatar.com\/avatar\/2560b4cd9f5f1bc100b123158e657d75584bd1c3e1d9c69285720b9457c1b78d?s=96&d=monsterid&r=g","contentUrl":"https:\/\/secure.gravatar.com\/avatar\/2560b4cd9f5f1bc100b123158e657d75584bd1c3e1d9c69285720b9457c1b78d?s=96&d=monsterid&r=g","caption":"Teodora Stroe"},"url":"https:\/\/buletin.de\/bucuresti\/author\/simonacarlugea\/"}]}},"authors":[{"term_id":22579,"user_id":18,"is_guest":0,"slug":"simonacarlugea","display_name":"Teodora Stroe","avatar_url":"https:\/\/secure.gravatar.com\/avatar\/2560b4cd9f5f1bc100b123158e657d75584bd1c3e1d9c69285720b9457c1b78d?s=96&d=monsterid&r=g","0":null,"1":"","2":"","3":"","4":"","5":"","6":"","7":"","8":""}],"_links":{"self":[{"href":"https:\/\/buletin.de\/bucuresti\/wp-json\/wp\/v2\/posts\/21161","targetHints":{"allow":["GET"]}}],"collection":[{"href":"https:\/\/buletin.de\/bucuresti\/wp-json\/wp\/v2\/posts"}],"about":[{"href":"https:\/\/buletin.de\/bucuresti\/wp-json\/wp\/v2\/types\/post"}],"author":[{"embeddable":true,"href":"https:\/\/buletin.de\/bucuresti\/wp-json\/wp\/v2\/users\/18"}],"replies":[{"embeddable":true,"href":"https:\/\/buletin.de\/bucuresti\/wp-json\/wp\/v2\/comments?post=21161"}],"version-history":[{"count":7,"href":"https:\/\/buletin.de\/bucuresti\/wp-json\/wp\/v2\/posts\/21161\/revisions"}],"predecessor-version":[{"id":21170,"href":"https:\/\/buletin.de\/bucuresti\/wp-json\/wp\/v2\/posts\/21161\/revisions\/21170"}],"wp:featuredmedia":[{"embeddable":true,"href":"https:\/\/buletin.de\/bucuresti\/wp-json\/wp\/v2\/media\/21165"}],"wp:attachment":[{"href":"https:\/\/buletin.de\/bucuresti\/wp-json\/wp\/v2\/media?parent=21161"}],"wp:term":[{"taxonomy":"category","embeddable":true,"href":"https:\/\/buletin.de\/bucuresti\/wp-json\/wp\/v2\/categories?post=21161"},{"taxonomy":"post_tag","embeddable":true,"href":"https:\/\/buletin.de\/bucuresti\/wp-json\/wp\/v2\/tags?post=21161"},{"taxonomy":"author","embeddable":true,"href":"https:\/\/buletin.de\/bucuresti\/wp-json\/wp\/v2\/ppma_author?post=21161"}],"curies":[{"name":"wp","href":"https:\/\/api.w.org\/{rel}","templated":true}]}}