{"id":20848,"date":"2021-02-28T22:45:50","date_gmt":"2021-02-28T19:45:50","guid":{"rendered":"https:\/\/buletin.de\/bucuresti\/?p=20848"},"modified":"2021-02-28T22:45:51","modified_gmt":"2021-02-28T19:45:51","slug":"institutul-levant-transformat-in-scoala-clotilde-armand-cere-ca-primaria-sa-preia-cladirea-in-care-functioneaza-acum-institutul","status":"publish","type":"post","link":"https:\/\/buletin.de\/bucuresti\/institutul-levant-transformat-in-scoala-clotilde-armand-cere-ca-primaria-sa-preia-cladirea-in-care-functioneaza-acum-institutul\/","title":{"rendered":"Institutul Levant, transformat \u00een \u0219coal\u0103 | Clotilde Armand cere ca prim\u0103ria s\u0103 preia cl\u0103direa \u00een care func\u021bioneaz\u0103 acum institutul"},"content":{"rendered":"\n<blockquote class=\"wp-block-quote is-layout-flow wp-block-quote-is-layout-flow\"><p>Am trecut ast\u0103zi pe l\u00e2ng\u0103 o cl\u0103dire situat\u0103 la c\u00e2\u021biva metri de Arcul de Triumf. Cl\u0103direa se nume\u0219te Institutul Levantului. \u00cen perioada \u00een care Rom\u00e2nia era condus\u0103 de Dragnea a fost \u00eenfiin\u021bat acest Institut de Studii Avansate a Culturii \u0219i Civiliza\u021biei Levantului condus de fostul pre\u0219edinte al Rom\u00e2niei &#8211; dl. Emil Constantinescu. Ce face aceast\u0103 institu\u021bie?! Nimeni nu \u0219tie.<\/p><cite>Facebook Clotilde Armand<\/cite><\/blockquote>\n\n\n\n<p>Primarul Sectorului 1, Clotilde Armand cere, \u00eentr-o postare pe pagina sa personal\u0103 de Facebook, ca prim\u0103ria s\u0103 preia cl\u0103direa \u00een care acum func\u021bioneaz\u0103 Institutul Levantului, \u0219i s\u0103 o transforme \u00een \u0219coal\u0103.  Clotilde Armand sus\u021bine c\u0103 \u0219colile din Sectorul 1 se confrunt\u0103 cu o mare problem\u0103, cea a aglomer\u0103rii din clase. Iar acest nou spa\u021biu ar ajuta \u00een rezolvarea ei.<\/p>\n\n\n\n<blockquote class=\"wp-block-quote is-layout-flow wp-block-quote-is-layout-flow\"><p>Av\u00e2nd \u00een vedere deficitul unit\u0103\u021bilor de \u00eenv\u0103\u021b\u0103m\u00e2nt din Sectorul 1, propun s\u0103 prelu\u0103m noi cl\u0103direa \u00een care func\u021bioneaz\u0103 \u00een prezent Institutul Levantului \u0219i s\u0103 o transform\u0103m \u00eentr-o \u0219coal\u0103. De exemplu: aici poate func\u021biona \u0218coala Pia Br\u0103tianu Nr. 2. (pentru cine nu \u0219tie, la \u0219coala Pia Br\u0103tianu elevii \u00eenva\u021b\u0103 \u00een trei schimburi). Trebuie s\u0103 investim \u00een viitorul copiilor no\u0219tri \u0219i s\u0103 l\u0103s\u0103m la o parte sinecurile din trecut.<\/p><cite>Facebook Clotilde Armand<\/cite><\/blockquote>\n\n\n\n<p>Institutul de Studii Avansate pentru Cultura \u0219i Civiliza\u021bia Levantului a fost \u00eenfiin\u021bat \u00een 2017, \u0219i \u00eel are ca pre\u0219edinte al Consiliului \u0218tiin\u021bific pe fostul pre\u0219edinte Emil Constantinescu. \u00cen 2019, guvernul D\u0103ncil\u0103, printr-o Ordonan\u021b\u0103 de Guvern, l-a transformat \u00een <em>institu\u021bie public\u0103 de specialitate, autonom\u0103, de interes na\u021bional, cu personalitate juridic\u0103<\/em>, iar postul lui Emil Constantinescu a devenit echivalent secretar de stat. <\/p>\n\n\n\n<p>Anul trecut, USR printr-o ini\u021biativ\u0103 legislativ\u0103 a \u00eencercat desfiin\u021barea institutului dar demersul a fost respins \u00een Parlament. <\/p>\n\n\n\n<p>Conform legii de \u00eenfiin\u021bare, Institutul are ca obiect de activitate<em> extinderea cercet\u0103rilor \u0219tiin\u021bifice asupra culturilor \u0219i civiliza\u021biilor din spa\u021biul istoric al Levantului &#8211; Orientul Mijlociu, Nordul Africii, Balcani, Caucaz &#8211; leag\u0103nul religiilor abrahamice, al \u0219tiin\u021belor, artei, culturii \u0219i democra\u021biei; protejarea arealelor geologice, biologice, geografice \u0219i arheologice reprezentative pentru patrimoniul cultural universal, de c\u0103tre comunit\u0103\u021bile universitare \u00een colaborare cu comunit\u0103\u021bile locale, prin extinderea \u00een aceast\u0103 regiune a re\u021belelor de geo-parcuri recunoscute de UNESCO; promovarea dialogului dintre popoarele din spa\u021biul istoric al Levantului \u00een vederea cre\u0103rii unei culturi a p\u0103cii prin dialog \u00eentre mediul academic, liderii religio\u0219i \u0219i t\u00e2n\u0103ra genera\u021bie.<\/em><\/p>\n\n\n\n<p>Conform informa\u021biilor de pe pagina de <strong>internet oficial\u0103<\/strong> a institutului, bugetul anul este de 2,7 milioane de lei din care 2 milioane sunt cheltuieli de personal. <\/p>\n\n\n\n<p><\/p>\n\n\n<div class=\"fb-post\" data-href=\"https:\/\/www.facebook.com\/clotildearmand.ro\/posts\/267893024702030\" data-width=\"500\" data-show-text=\"true\">\n<blockquote cite=\"https:\/\/www.facebook.com\/clotildearmand.ro\/posts\/267893024702030\" class=\"fb-xfbml-parse-ignore\">\n<p>Exist\u0103 o mare provocare pentru \u0219colile din Sectorul 1 care sunt tot mai aglomerate. Ne dorim ca, \u00een cel mai scurt timp&#8230;<\/p>\n<p>Publicat\u0103 de <a href=\"https:\/\/www.facebook.com\/clotildearmand.ro\">Clotilde Armand<\/a> pe&nbsp;<a href=\"https:\/\/www.facebook.com\/clotildearmand.ro\/posts\/267893024702030\">Duminic\u0103, 28 februarie 2021<\/a><\/p><\/blockquote>\n<\/div>\n","protected":false},"excerpt":{"rendered":"<p>Am trecut ast\u0103zi pe l\u00e2ng\u0103 o cl\u0103dire situat\u0103 la c\u00e2\u021biva metri de Arcul de Triumf. Cl\u0103direa se nume\u0219te Institutul Levantului. \u00cen perioada \u00een care Rom\u00e2nia era condus\u0103 de Dragnea a fost \u00eenfiin\u021bat acest Institut de Studii Avansate a Culturii \u0219i Civiliza\u021biei Levantului condus de fostul pre\u0219edinte al Rom\u00e2niei &#8211; dl. Emil Constantinescu. Ce face aceast\u0103 [&hellip;]<\/p>\n","protected":false},"author":18,"featured_media":20851,"comment_status":"closed","ping_status":"open","sticky":false,"template":"","format":"standard","meta":{"_acf_changed":false,"inline_featured_image":false,"ngg_post_thumbnail":0,"footnotes":""},"categories":[1],"tags":[],"ppma_author":[22579],"class_list":["post-20848","post","type-post","status-publish","format-standard","has-post-thumbnail","hentry","category-diverse"],"acf":[],"yoast_head":"<!-- This site is optimized with the Yoast SEO Premium plugin v25.3 (Yoast SEO v27.5) - https:\/\/yoast.com\/product\/yoast-seo-premium-wordpress\/ -->\n<title>Institutul Levant, transformat \u00een \u0219coal\u0103 | Clotilde Armand cere ca prim\u0103ria s\u0103 preia cl\u0103direa \u00een care func\u021bioneaz\u0103 acum institutul - Buletin de Bucure\u0219ti<\/title>\n<meta name=\"robots\" content=\"index, follow, max-snippet:-1, max-image-preview:large, max-video-preview:-1\" \/>\n<link rel=\"canonical\" href=\"https:\/\/buletin.de\/bucuresti\/institutul-levant-transformat-in-scoala-clotilde-armand-cere-ca-primaria-sa-preia-cladirea-in-care-functioneaza-acum-institutul\/\" \/>\n<meta property=\"og:locale\" content=\"en_GB\" \/>\n<meta property=\"og:type\" content=\"article\" \/>\n<meta property=\"og:title\" content=\"Institutul Levant, transformat \u00een \u0219coal\u0103 | Clotilde Armand cere ca prim\u0103ria s\u0103 preia cl\u0103direa \u00een care func\u021bioneaz\u0103 acum institutul\" \/>\n<meta property=\"og:description\" content=\"Am trecut ast\u0103zi pe l\u00e2ng\u0103 o cl\u0103dire situat\u0103 la c\u00e2\u021biva metri de Arcul de Triumf. Cl\u0103direa se nume\u0219te Institutul Levantului. \u00cen perioada \u00een care Rom\u00e2nia era condus\u0103 de Dragnea a fost \u00eenfiin\u021bat acest Institut de Studii Avansate a Culturii \u0219i Civiliza\u021biei Levantului condus de fostul pre\u0219edinte al Rom\u00e2niei &#8211; dl. Emil Constantinescu. Ce face aceast\u0103 [&hellip;]\" \/>\n<meta property=\"og:url\" content=\"https:\/\/buletin.de\/bucuresti\/institutul-levant-transformat-in-scoala-clotilde-armand-cere-ca-primaria-sa-preia-cladirea-in-care-functioneaza-acum-institutul\/\" \/>\n<meta property=\"og:site_name\" content=\"Buletin de Bucure\u0219ti\" \/>\n<meta property=\"article:publisher\" content=\"https:\/\/www.facebook.com\/buletin.de.buc\" \/>\n<meta property=\"article:published_time\" content=\"2021-02-28T19:45:50+00:00\" \/>\n<meta property=\"article:modified_time\" content=\"2021-02-28T19:45:51+00:00\" \/>\n<meta property=\"og:image\" content=\"https:\/\/buletin.de\/bucuresti\/wp-content\/uploads\/levant.png\" \/>\n\t<meta property=\"og:image:width\" content=\"929\" \/>\n\t<meta property=\"og:image:height\" content=\"501\" \/>\n\t<meta property=\"og:image:type\" content=\"image\/png\" \/>\n<meta name=\"author\" content=\"Teodora Stroe\" \/>\n<meta name=\"twitter:card\" content=\"summary_large_image\" \/>\n<meta name=\"twitter:label1\" content=\"Written by\" \/>\n\t<meta name=\"twitter:data1\" content=\"Teodora Stroe\" \/>\n\t<meta name=\"twitter:label2\" content=\"Estimated reading time\" \/>\n\t<meta name=\"twitter:data2\" content=\"2 minutes\" \/>\n<script type=\"application\/ld+json\" class=\"yoast-schema-graph\">{\"@context\":\"https:\\\/\\\/schema.org\",\"@graph\":[{\"@type\":\"Article\",\"@id\":\"https:\\\/\\\/buletin.de\\\/bucuresti\\\/institutul-levant-transformat-in-scoala-clotilde-armand-cere-ca-primaria-sa-preia-cladirea-in-care-functioneaza-acum-institutul\\\/#article\",\"isPartOf\":{\"@id\":\"https:\\\/\\\/buletin.de\\\/bucuresti\\\/institutul-levant-transformat-in-scoala-clotilde-armand-cere-ca-primaria-sa-preia-cladirea-in-care-functioneaza-acum-institutul\\\/\"},\"author\":{\"name\":\"Teodora Stroe\",\"@id\":\"https:\\\/\\\/buletin.de\\\/bucuresti\\\/#\\\/schema\\\/person\\\/d369d7ddc775abece205795e0b804614\"},\"headline\":\"Institutul Levant, transformat \u00een \u0219coal\u0103 | Clotilde Armand cere ca prim\u0103ria s\u0103 preia cl\u0103direa \u00een care func\u021bioneaz\u0103 acum institutul\",\"datePublished\":\"2021-02-28T19:45:50+00:00\",\"dateModified\":\"2021-02-28T19:45:51+00:00\",\"mainEntityOfPage\":{\"@id\":\"https:\\\/\\\/buletin.de\\\/bucuresti\\\/institutul-levant-transformat-in-scoala-clotilde-armand-cere-ca-primaria-sa-preia-cladirea-in-care-functioneaza-acum-institutul\\\/\"},\"wordCount\":496,\"publisher\":{\"@id\":\"https:\\\/\\\/buletin.de\\\/bucuresti\\\/#organization\"},\"image\":{\"@id\":\"https:\\\/\\\/buletin.de\\\/bucuresti\\\/institutul-levant-transformat-in-scoala-clotilde-armand-cere-ca-primaria-sa-preia-cladirea-in-care-functioneaza-acum-institutul\\\/#primaryimage\"},\"thumbnailUrl\":\"https:\\\/\\\/buletin.de\\\/bucuresti\\\/wp-content\\\/uploads\\\/levant.png\",\"articleSection\":[\"Diverse\"],\"inLanguage\":\"en-GB\",\"copyrightYear\":\"2021\",\"copyrightHolder\":{\"@id\":\"https:\\\/\\\/buletin.de\\\/bucuresti\\\/#organization\"}},{\"@type\":\"WebPage\",\"@id\":\"https:\\\/\\\/buletin.de\\\/bucuresti\\\/institutul-levant-transformat-in-scoala-clotilde-armand-cere-ca-primaria-sa-preia-cladirea-in-care-functioneaza-acum-institutul\\\/\",\"url\":\"https:\\\/\\\/buletin.de\\\/bucuresti\\\/institutul-levant-transformat-in-scoala-clotilde-armand-cere-ca-primaria-sa-preia-cladirea-in-care-functioneaza-acum-institutul\\\/\",\"name\":\"Institutul Levant, transformat \u00een \u0219coal\u0103 | Clotilde Armand cere ca prim\u0103ria s\u0103 preia cl\u0103direa \u00een care func\u021bioneaz\u0103 acum institutul - Buletin de Bucure\u0219ti\",\"isPartOf\":{\"@id\":\"https:\\\/\\\/buletin.de\\\/bucuresti\\\/#website\"},\"primaryImageOfPage\":{\"@id\":\"https:\\\/\\\/buletin.de\\\/bucuresti\\\/institutul-levant-transformat-in-scoala-clotilde-armand-cere-ca-primaria-sa-preia-cladirea-in-care-functioneaza-acum-institutul\\\/#primaryimage\"},\"image\":{\"@id\":\"https:\\\/\\\/buletin.de\\\/bucuresti\\\/institutul-levant-transformat-in-scoala-clotilde-armand-cere-ca-primaria-sa-preia-cladirea-in-care-functioneaza-acum-institutul\\\/#primaryimage\"},\"thumbnailUrl\":\"https:\\\/\\\/buletin.de\\\/bucuresti\\\/wp-content\\\/uploads\\\/levant.png\",\"datePublished\":\"2021-02-28T19:45:50+00:00\",\"dateModified\":\"2021-02-28T19:45:51+00:00\",\"breadcrumb\":{\"@id\":\"https:\\\/\\\/buletin.de\\\/bucuresti\\\/institutul-levant-transformat-in-scoala-clotilde-armand-cere-ca-primaria-sa-preia-cladirea-in-care-functioneaza-acum-institutul\\\/#breadcrumb\"},\"inLanguage\":\"en-GB\",\"potentialAction\":[{\"@type\":\"ReadAction\",\"target\":[\"https:\\\/\\\/buletin.de\\\/bucuresti\\\/institutul-levant-transformat-in-scoala-clotilde-armand-cere-ca-primaria-sa-preia-cladirea-in-care-functioneaza-acum-institutul\\\/\"]}]},{\"@type\":\"ImageObject\",\"inLanguage\":\"en-GB\",\"@id\":\"https:\\\/\\\/buletin.de\\\/bucuresti\\\/institutul-levant-transformat-in-scoala-clotilde-armand-cere-ca-primaria-sa-preia-cladirea-in-care-functioneaza-acum-institutul\\\/#primaryimage\",\"url\":\"https:\\\/\\\/buletin.de\\\/bucuresti\\\/wp-content\\\/uploads\\\/levant.png\",\"contentUrl\":\"https:\\\/\\\/buletin.de\\\/bucuresti\\\/wp-content\\\/uploads\\\/levant.png\",\"width\":929,\"height\":501},{\"@type\":\"BreadcrumbList\",\"@id\":\"https:\\\/\\\/buletin.de\\\/bucuresti\\\/institutul-levant-transformat-in-scoala-clotilde-armand-cere-ca-primaria-sa-preia-cladirea-in-care-functioneaza-acum-institutul\\\/#breadcrumb\",\"itemListElement\":[{\"@type\":\"ListItem\",\"position\":1,\"name\":\"Acas\u0103\",\"item\":\"https:\\\/\\\/buletin.de\\\/bucuresti\\\/\"},{\"@type\":\"ListItem\",\"position\":2,\"name\":\"Institutul Levant, transformat \u00een \u0219coal\u0103 | Clotilde Armand cere ca prim\u0103ria s\u0103 preia cl\u0103direa \u00een care func\u021bioneaz\u0103 acum institutul\"}]},{\"@type\":\"WebSite\",\"@id\":\"https:\\\/\\\/buletin.de\\\/bucuresti\\\/#website\",\"url\":\"https:\\\/\\\/buletin.de\\\/bucuresti\\\/\",\"name\":\"Buletin de Bucure\u0219ti\",\"description\":\"\u0218tiri \u0219i investiga\u021bii esen\u021biale din capital\u0103\",\"publisher\":{\"@id\":\"https:\\\/\\\/buletin.de\\\/bucuresti\\\/#organization\"},\"potentialAction\":[{\"@type\":\"SearchAction\",\"target\":{\"@type\":\"EntryPoint\",\"urlTemplate\":\"https:\\\/\\\/buletin.de\\\/bucuresti\\\/?s={search_term_string}\"},\"query-input\":{\"@type\":\"PropertyValueSpecification\",\"valueRequired\":true,\"valueName\":\"search_term_string\"}}],\"inLanguage\":\"en-GB\"},{\"@type\":\"Organization\",\"@id\":\"https:\\\/\\\/buletin.de\\\/bucuresti\\\/#organization\",\"name\":\"Buletin de Bucure\u0219ti\",\"url\":\"https:\\\/\\\/buletin.de\\\/bucuresti\\\/\",\"logo\":{\"@type\":\"ImageObject\",\"inLanguage\":\"en-GB\",\"@id\":\"https:\\\/\\\/buletin.de\\\/bucuresti\\\/#\\\/schema\\\/logo\\\/image\\\/\",\"url\":\"https:\\\/\\\/buletin.de\\\/bucuresti\\\/wp-content\\\/uploads\\\/logo-bdb-full-wide-vernil-transparent.png\",\"contentUrl\":\"https:\\\/\\\/buletin.de\\\/bucuresti\\\/wp-content\\\/uploads\\\/logo-bdb-full-wide-vernil-transparent.png\",\"width\":1782,\"height\":626,\"caption\":\"Buletin de Bucure\u0219ti\"},\"image\":{\"@id\":\"https:\\\/\\\/buletin.de\\\/bucuresti\\\/#\\\/schema\\\/logo\\\/image\\\/\"},\"sameAs\":[\"https:\\\/\\\/www.facebook.com\\\/buletin.de.buc\",\"https:\\\/\\\/www.instagram.com\\\/buletinde.bucuresti\\\/\"]},{\"@type\":\"Person\",\"@id\":\"https:\\\/\\\/buletin.de\\\/bucuresti\\\/#\\\/schema\\\/person\\\/d369d7ddc775abece205795e0b804614\",\"name\":\"Teodora Stroe\",\"image\":{\"@type\":\"ImageObject\",\"inLanguage\":\"en-GB\",\"@id\":\"https:\\\/\\\/secure.gravatar.com\\\/avatar\\\/2560b4cd9f5f1bc100b123158e657d75584bd1c3e1d9c69285720b9457c1b78d?s=96&d=monsterid&r=gc104800242ba5f2d78dd5d7dc4df08b6\",\"url\":\"https:\\\/\\\/secure.gravatar.com\\\/avatar\\\/2560b4cd9f5f1bc100b123158e657d75584bd1c3e1d9c69285720b9457c1b78d?s=96&d=monsterid&r=g\",\"contentUrl\":\"https:\\\/\\\/secure.gravatar.com\\\/avatar\\\/2560b4cd9f5f1bc100b123158e657d75584bd1c3e1d9c69285720b9457c1b78d?s=96&d=monsterid&r=g\",\"caption\":\"Teodora Stroe\"},\"url\":\"https:\\\/\\\/buletin.de\\\/bucuresti\\\/author\\\/simonacarlugea\\\/\"}]}<\/script>\n<!-- \/ Yoast SEO Premium plugin. -->","yoast_head_json":{"title":"Institutul Levant, transformat \u00een \u0219coal\u0103 | Clotilde Armand cere ca prim\u0103ria s\u0103 preia cl\u0103direa \u00een care func\u021bioneaz\u0103 acum institutul - Buletin de Bucure\u0219ti","robots":{"index":"index","follow":"follow","max-snippet":"max-snippet:-1","max-image-preview":"max-image-preview:large","max-video-preview":"max-video-preview:-1"},"canonical":"https:\/\/buletin.de\/bucuresti\/institutul-levant-transformat-in-scoala-clotilde-armand-cere-ca-primaria-sa-preia-cladirea-in-care-functioneaza-acum-institutul\/","og_locale":"en_GB","og_type":"article","og_title":"Institutul Levant, transformat \u00een \u0219coal\u0103 | Clotilde Armand cere ca prim\u0103ria s\u0103 preia cl\u0103direa \u00een care func\u021bioneaz\u0103 acum institutul","og_description":"Am trecut ast\u0103zi pe l\u00e2ng\u0103 o cl\u0103dire situat\u0103 la c\u00e2\u021biva metri de Arcul de Triumf. Cl\u0103direa se nume\u0219te Institutul Levantului. \u00cen perioada \u00een care Rom\u00e2nia era condus\u0103 de Dragnea a fost \u00eenfiin\u021bat acest Institut de Studii Avansate a Culturii \u0219i Civiliza\u021biei Levantului condus de fostul pre\u0219edinte al Rom\u00e2niei &#8211; dl. Emil Constantinescu. Ce face aceast\u0103 [&hellip;]","og_url":"https:\/\/buletin.de\/bucuresti\/institutul-levant-transformat-in-scoala-clotilde-armand-cere-ca-primaria-sa-preia-cladirea-in-care-functioneaza-acum-institutul\/","og_site_name":"Buletin de Bucure\u0219ti","article_publisher":"https:\/\/www.facebook.com\/buletin.de.buc","article_published_time":"2021-02-28T19:45:50+00:00","article_modified_time":"2021-02-28T19:45:51+00:00","og_image":[{"width":929,"height":501,"url":"https:\/\/buletin.de\/bucuresti\/wp-content\/uploads\/levant.png","type":"image\/png"}],"author":"Teodora Stroe","twitter_card":"summary_large_image","twitter_misc":{"Written by":"Teodora Stroe","Estimated reading time":"2 minutes"},"schema":{"@context":"https:\/\/schema.org","@graph":[{"@type":"Article","@id":"https:\/\/buletin.de\/bucuresti\/institutul-levant-transformat-in-scoala-clotilde-armand-cere-ca-primaria-sa-preia-cladirea-in-care-functioneaza-acum-institutul\/#article","isPartOf":{"@id":"https:\/\/buletin.de\/bucuresti\/institutul-levant-transformat-in-scoala-clotilde-armand-cere-ca-primaria-sa-preia-cladirea-in-care-functioneaza-acum-institutul\/"},"author":{"name":"Teodora Stroe","@id":"https:\/\/buletin.de\/bucuresti\/#\/schema\/person\/d369d7ddc775abece205795e0b804614"},"headline":"Institutul Levant, transformat \u00een \u0219coal\u0103 | Clotilde Armand cere ca prim\u0103ria s\u0103 preia cl\u0103direa \u00een care func\u021bioneaz\u0103 acum institutul","datePublished":"2021-02-28T19:45:50+00:00","dateModified":"2021-02-28T19:45:51+00:00","mainEntityOfPage":{"@id":"https:\/\/buletin.de\/bucuresti\/institutul-levant-transformat-in-scoala-clotilde-armand-cere-ca-primaria-sa-preia-cladirea-in-care-functioneaza-acum-institutul\/"},"wordCount":496,"publisher":{"@id":"https:\/\/buletin.de\/bucuresti\/#organization"},"image":{"@id":"https:\/\/buletin.de\/bucuresti\/institutul-levant-transformat-in-scoala-clotilde-armand-cere-ca-primaria-sa-preia-cladirea-in-care-functioneaza-acum-institutul\/#primaryimage"},"thumbnailUrl":"https:\/\/buletin.de\/bucuresti\/wp-content\/uploads\/levant.png","articleSection":["Diverse"],"inLanguage":"en-GB","copyrightYear":"2021","copyrightHolder":{"@id":"https:\/\/buletin.de\/bucuresti\/#organization"}},{"@type":"WebPage","@id":"https:\/\/buletin.de\/bucuresti\/institutul-levant-transformat-in-scoala-clotilde-armand-cere-ca-primaria-sa-preia-cladirea-in-care-functioneaza-acum-institutul\/","url":"https:\/\/buletin.de\/bucuresti\/institutul-levant-transformat-in-scoala-clotilde-armand-cere-ca-primaria-sa-preia-cladirea-in-care-functioneaza-acum-institutul\/","name":"Institutul Levant, transformat \u00een \u0219coal\u0103 | Clotilde Armand cere ca prim\u0103ria s\u0103 preia cl\u0103direa \u00een care func\u021bioneaz\u0103 acum institutul - Buletin de Bucure\u0219ti","isPartOf":{"@id":"https:\/\/buletin.de\/bucuresti\/#website"},"primaryImageOfPage":{"@id":"https:\/\/buletin.de\/bucuresti\/institutul-levant-transformat-in-scoala-clotilde-armand-cere-ca-primaria-sa-preia-cladirea-in-care-functioneaza-acum-institutul\/#primaryimage"},"image":{"@id":"https:\/\/buletin.de\/bucuresti\/institutul-levant-transformat-in-scoala-clotilde-armand-cere-ca-primaria-sa-preia-cladirea-in-care-functioneaza-acum-institutul\/#primaryimage"},"thumbnailUrl":"https:\/\/buletin.de\/bucuresti\/wp-content\/uploads\/levant.png","datePublished":"2021-02-28T19:45:50+00:00","dateModified":"2021-02-28T19:45:51+00:00","breadcrumb":{"@id":"https:\/\/buletin.de\/bucuresti\/institutul-levant-transformat-in-scoala-clotilde-armand-cere-ca-primaria-sa-preia-cladirea-in-care-functioneaza-acum-institutul\/#breadcrumb"},"inLanguage":"en-GB","potentialAction":[{"@type":"ReadAction","target":["https:\/\/buletin.de\/bucuresti\/institutul-levant-transformat-in-scoala-clotilde-armand-cere-ca-primaria-sa-preia-cladirea-in-care-functioneaza-acum-institutul\/"]}]},{"@type":"ImageObject","inLanguage":"en-GB","@id":"https:\/\/buletin.de\/bucuresti\/institutul-levant-transformat-in-scoala-clotilde-armand-cere-ca-primaria-sa-preia-cladirea-in-care-functioneaza-acum-institutul\/#primaryimage","url":"https:\/\/buletin.de\/bucuresti\/wp-content\/uploads\/levant.png","contentUrl":"https:\/\/buletin.de\/bucuresti\/wp-content\/uploads\/levant.png","width":929,"height":501},{"@type":"BreadcrumbList","@id":"https:\/\/buletin.de\/bucuresti\/institutul-levant-transformat-in-scoala-clotilde-armand-cere-ca-primaria-sa-preia-cladirea-in-care-functioneaza-acum-institutul\/#breadcrumb","itemListElement":[{"@type":"ListItem","position":1,"name":"Acas\u0103","item":"https:\/\/buletin.de\/bucuresti\/"},{"@type":"ListItem","position":2,"name":"Institutul Levant, transformat \u00een \u0219coal\u0103 | Clotilde Armand cere ca prim\u0103ria s\u0103 preia cl\u0103direa \u00een care func\u021bioneaz\u0103 acum institutul"}]},{"@type":"WebSite","@id":"https:\/\/buletin.de\/bucuresti\/#website","url":"https:\/\/buletin.de\/bucuresti\/","name":"Buletin de Bucure\u0219ti","description":"\u0218tiri \u0219i investiga\u021bii esen\u021biale din capital\u0103","publisher":{"@id":"https:\/\/buletin.de\/bucuresti\/#organization"},"potentialAction":[{"@type":"SearchAction","target":{"@type":"EntryPoint","urlTemplate":"https:\/\/buletin.de\/bucuresti\/?s={search_term_string}"},"query-input":{"@type":"PropertyValueSpecification","valueRequired":true,"valueName":"search_term_string"}}],"inLanguage":"en-GB"},{"@type":"Organization","@id":"https:\/\/buletin.de\/bucuresti\/#organization","name":"Buletin de Bucure\u0219ti","url":"https:\/\/buletin.de\/bucuresti\/","logo":{"@type":"ImageObject","inLanguage":"en-GB","@id":"https:\/\/buletin.de\/bucuresti\/#\/schema\/logo\/image\/","url":"https:\/\/buletin.de\/bucuresti\/wp-content\/uploads\/logo-bdb-full-wide-vernil-transparent.png","contentUrl":"https:\/\/buletin.de\/bucuresti\/wp-content\/uploads\/logo-bdb-full-wide-vernil-transparent.png","width":1782,"height":626,"caption":"Buletin de Bucure\u0219ti"},"image":{"@id":"https:\/\/buletin.de\/bucuresti\/#\/schema\/logo\/image\/"},"sameAs":["https:\/\/www.facebook.com\/buletin.de.buc","https:\/\/www.instagram.com\/buletinde.bucuresti\/"]},{"@type":"Person","@id":"https:\/\/buletin.de\/bucuresti\/#\/schema\/person\/d369d7ddc775abece205795e0b804614","name":"Teodora Stroe","image":{"@type":"ImageObject","inLanguage":"en-GB","@id":"https:\/\/secure.gravatar.com\/avatar\/2560b4cd9f5f1bc100b123158e657d75584bd1c3e1d9c69285720b9457c1b78d?s=96&d=monsterid&r=gc104800242ba5f2d78dd5d7dc4df08b6","url":"https:\/\/secure.gravatar.com\/avatar\/2560b4cd9f5f1bc100b123158e657d75584bd1c3e1d9c69285720b9457c1b78d?s=96&d=monsterid&r=g","contentUrl":"https:\/\/secure.gravatar.com\/avatar\/2560b4cd9f5f1bc100b123158e657d75584bd1c3e1d9c69285720b9457c1b78d?s=96&d=monsterid&r=g","caption":"Teodora Stroe"},"url":"https:\/\/buletin.de\/bucuresti\/author\/simonacarlugea\/"}]}},"authors":[{"term_id":22579,"user_id":18,"is_guest":0,"slug":"simonacarlugea","display_name":"Teodora Stroe","avatar_url":"https:\/\/secure.gravatar.com\/avatar\/2560b4cd9f5f1bc100b123158e657d75584bd1c3e1d9c69285720b9457c1b78d?s=96&d=monsterid&r=g","0":null,"1":"","2":"","3":"","4":"","5":"","6":"","7":"","8":""}],"_links":{"self":[{"href":"https:\/\/buletin.de\/bucuresti\/wp-json\/wp\/v2\/posts\/20848","targetHints":{"allow":["GET"]}}],"collection":[{"href":"https:\/\/buletin.de\/bucuresti\/wp-json\/wp\/v2\/posts"}],"about":[{"href":"https:\/\/buletin.de\/bucuresti\/wp-json\/wp\/v2\/types\/post"}],"author":[{"embeddable":true,"href":"https:\/\/buletin.de\/bucuresti\/wp-json\/wp\/v2\/users\/18"}],"replies":[{"embeddable":true,"href":"https:\/\/buletin.de\/bucuresti\/wp-json\/wp\/v2\/comments?post=20848"}],"version-history":[{"count":3,"href":"https:\/\/buletin.de\/bucuresti\/wp-json\/wp\/v2\/posts\/20848\/revisions"}],"predecessor-version":[{"id":20852,"href":"https:\/\/buletin.de\/bucuresti\/wp-json\/wp\/v2\/posts\/20848\/revisions\/20852"}],"wp:featuredmedia":[{"embeddable":true,"href":"https:\/\/buletin.de\/bucuresti\/wp-json\/wp\/v2\/media\/20851"}],"wp:attachment":[{"href":"https:\/\/buletin.de\/bucuresti\/wp-json\/wp\/v2\/media?parent=20848"}],"wp:term":[{"taxonomy":"category","embeddable":true,"href":"https:\/\/buletin.de\/bucuresti\/wp-json\/wp\/v2\/categories?post=20848"},{"taxonomy":"post_tag","embeddable":true,"href":"https:\/\/buletin.de\/bucuresti\/wp-json\/wp\/v2\/tags?post=20848"},{"taxonomy":"author","embeddable":true,"href":"https:\/\/buletin.de\/bucuresti\/wp-json\/wp\/v2\/ppma_author?post=20848"}],"curies":[{"name":"wp","href":"https:\/\/api.w.org\/{rel}","templated":true}]}}