{"id":20839,"date":"2021-02-28T19:28:40","date_gmt":"2021-02-28T16:28:40","guid":{"rendered":"https:\/\/buletin.de\/bucuresti\/?p=20839"},"modified":"2021-02-28T19:28:41","modified_gmt":"2021-02-28T16:28:41","slug":"a-inceput-campania-de-curatenie-generaladin-sectorul-6","status":"publish","type":"post","link":"https:\/\/buletin.de\/bucuresti\/a-inceput-campania-de-curatenie-generaladin-sectorul-6\/","title":{"rendered":"A \u00eenceput campania de \u201eCur\u0103\u021benie General\u0103\u201ddin Sectorul 6"},"content":{"rendered":"\n<p>Prim\u0103ria Sectorului 6 a demarat, ast\u0103zi, campania \u201eCur\u0103\u021benie General\u0103\u201d \u00een zona Drumul Taberei-R\u00e2ul Doamnei-Valea Arge\u0219ului. La ac\u021biunea de cur\u0103\u021benie de ast\u0103zi au participat echipele ADPDU Sector 6, Poli\u021bia Local\u0103 Sector 6, angaja\u021bii Urban S.A., dar \u0219i primarul Ciprian Ciucu \u00eempreun\u0103 cu voluntarii din sector. <\/p>\n\n\n\n<figure class=\"wp-block-gallery columns-3 is-cropped wp-block-gallery-1 is-layout-flex wp-block-gallery-is-layout-flex\"><ul class=\"blocks-gallery-grid\"><li class=\"blocks-gallery-item\"><figure><img fetchpriority=\"high\" decoding=\"async\" width=\"900\" height=\"505\" src=\"data:image\/gif;base64,R0lGODlhAQABAAAAACH5BAEKAAEALAAAAAABAAEAAAICTAEAOw==\" data-src=\"https:\/\/buletin.de\/bucuresti\/wp-content\/uploads\/155154375_2267413453390843_5892924142158155290_o-900x505.jpg\" alt=\"\" data-id=\"20840\" data-full-url=\"https:\/\/buletin.de\/bucuresti\/wp-content\/uploads\/155154375_2267413453390843_5892924142158155290_o.jpg\" data-link=\"https:\/\/buletin.de\/bucuresti\/?attachment_id=20840\" class=\"wp-image-20840 lazyload\" data-sizes=\"auto\" data-srcset=\"https:\/\/buletin.de\/bucuresti\/wp-content\/uploads\/155154375_2267413453390843_5892924142158155290_o-900x505.jpg 900w, https:\/\/buletin.de\/bucuresti\/wp-content\/uploads\/155154375_2267413453390843_5892924142158155290_o-300x168.jpg 300w, https:\/\/buletin.de\/bucuresti\/wp-content\/uploads\/155154375_2267413453390843_5892924142158155290_o-768x431.jpg 768w, https:\/\/buletin.de\/bucuresti\/wp-content\/uploads\/155154375_2267413453390843_5892924142158155290_o-1536x862.jpg 1536w, https:\/\/buletin.de\/bucuresti\/wp-content\/uploads\/155154375_2267413453390843_5892924142158155290_o-1060x595.jpg 1060w, https:\/\/buletin.de\/bucuresti\/wp-content\/uploads\/155154375_2267413453390843_5892924142158155290_o-550x309.jpg 550w, https:\/\/buletin.de\/bucuresti\/wp-content\/uploads\/155154375_2267413453390843_5892924142158155290_o-891x500.jpg 891w, https:\/\/buletin.de\/bucuresti\/wp-content\/uploads\/155154375_2267413453390843_5892924142158155290_o-600x337.jpg 600w, https:\/\/buletin.de\/bucuresti\/wp-content\/uploads\/155154375_2267413453390843_5892924142158155290_o.jpg 1880w\" sizes=\"(max-width: 900px) 100vw, 900px\" \/><\/figure><\/li><li class=\"blocks-gallery-item\"><figure><img decoding=\"async\" width=\"900\" height=\"675\" src=\"data:image\/gif;base64,R0lGODlhAQABAAAAACH5BAEKAAEALAAAAAABAAEAAAICTAEAOw==\" data-src=\"https:\/\/buletin.de\/bucuresti\/wp-content\/uploads\/155924710_2267413366724185_8728078616911187573_o-900x675.jpg\" alt=\"\" data-id=\"20841\" data-full-url=\"https:\/\/buletin.de\/bucuresti\/wp-content\/uploads\/155924710_2267413366724185_8728078616911187573_o.jpg\" data-link=\"https:\/\/buletin.de\/bucuresti\/?attachment_id=20841\" class=\"wp-image-20841 lazyload\" data-sizes=\"auto\" data-srcset=\"https:\/\/buletin.de\/bucuresti\/wp-content\/uploads\/155924710_2267413366724185_8728078616911187573_o-900x675.jpg 900w, https:\/\/buletin.de\/bucuresti\/wp-content\/uploads\/155924710_2267413366724185_8728078616911187573_o-300x225.jpg 300w, https:\/\/buletin.de\/bucuresti\/wp-content\/uploads\/155924710_2267413366724185_8728078616911187573_o-768x576.jpg 768w, https:\/\/buletin.de\/bucuresti\/wp-content\/uploads\/155924710_2267413366724185_8728078616911187573_o-550x413.jpg 550w, https:\/\/buletin.de\/bucuresti\/wp-content\/uploads\/155924710_2267413366724185_8728078616911187573_o-667x500.jpg 667w, https:\/\/buletin.de\/bucuresti\/wp-content\/uploads\/155924710_2267413366724185_8728078616911187573_o-600x450.jpg 600w, https:\/\/buletin.de\/bucuresti\/wp-content\/uploads\/155924710_2267413366724185_8728078616911187573_o.jpg 960w\" sizes=\"(max-width: 900px) 100vw, 900px\" \/><\/figure><\/li><li class=\"blocks-gallery-item\"><figure><img decoding=\"async\" width=\"900\" height=\"488\" src=\"data:image\/gif;base64,R0lGODlhAQABAAAAACH5BAEKAAEALAAAAAABAAEAAAICTAEAOw==\" data-src=\"https:\/\/buletin.de\/bucuresti\/wp-content\/uploads\/155824788_2267413383390850_2611026093891493193_o-900x488.jpg\" alt=\"\" data-id=\"20842\" data-full-url=\"https:\/\/buletin.de\/bucuresti\/wp-content\/uploads\/155824788_2267413383390850_2611026093891493193_o.jpg\" data-link=\"https:\/\/buletin.de\/bucuresti\/?attachment_id=20842\" class=\"wp-image-20842 lazyload\" data-sizes=\"auto\" data-srcset=\"https:\/\/buletin.de\/bucuresti\/wp-content\/uploads\/155824788_2267413383390850_2611026093891493193_o-900x488.jpg 900w, https:\/\/buletin.de\/bucuresti\/wp-content\/uploads\/155824788_2267413383390850_2611026093891493193_o-300x163.jpg 300w, https:\/\/buletin.de\/bucuresti\/wp-content\/uploads\/155824788_2267413383390850_2611026093891493193_o-768x416.jpg 768w, https:\/\/buletin.de\/bucuresti\/wp-content\/uploads\/155824788_2267413383390850_2611026093891493193_o-1536x832.jpg 1536w, https:\/\/buletin.de\/bucuresti\/wp-content\/uploads\/155824788_2267413383390850_2611026093891493193_o-1060x574.jpg 1060w, https:\/\/buletin.de\/bucuresti\/wp-content\/uploads\/155824788_2267413383390850_2611026093891493193_o-550x298.jpg 550w, https:\/\/buletin.de\/bucuresti\/wp-content\/uploads\/155824788_2267413383390850_2611026093891493193_o-923x500.jpg 923w, https:\/\/buletin.de\/bucuresti\/wp-content\/uploads\/155824788_2267413383390850_2611026093891493193_o-600x325.jpg 600w, https:\/\/buletin.de\/bucuresti\/wp-content\/uploads\/155824788_2267413383390850_2611026093891493193_o.jpg 1812w\" sizes=\"(max-width: 900px) 100vw, 900px\" \/><\/figure><\/li><li class=\"blocks-gallery-item\"><figure><img loading=\"lazy\" decoding=\"async\" width=\"900\" height=\"505\" src=\"data:image\/gif;base64,R0lGODlhAQABAAAAACH5BAEKAAEALAAAAAABAAEAAAICTAEAOw==\" data-src=\"https:\/\/buletin.de\/bucuresti\/wp-content\/uploads\/155773130_2267413483390840_1854123550893725971_o-900x505.jpg\" alt=\"\" data-id=\"20843\" data-full-url=\"https:\/\/buletin.de\/bucuresti\/wp-content\/uploads\/155773130_2267413483390840_1854123550893725971_o.jpg\" data-link=\"https:\/\/buletin.de\/bucuresti\/?attachment_id=20843\" class=\"wp-image-20843 lazyload\" data-sizes=\"auto\" data-srcset=\"https:\/\/buletin.de\/bucuresti\/wp-content\/uploads\/155773130_2267413483390840_1854123550893725971_o-900x505.jpg 900w, https:\/\/buletin.de\/bucuresti\/wp-content\/uploads\/155773130_2267413483390840_1854123550893725971_o-300x168.jpg 300w, https:\/\/buletin.de\/bucuresti\/wp-content\/uploads\/155773130_2267413483390840_1854123550893725971_o-768x431.jpg 768w, https:\/\/buletin.de\/bucuresti\/wp-content\/uploads\/155773130_2267413483390840_1854123550893725971_o-1536x862.jpg 1536w, https:\/\/buletin.de\/bucuresti\/wp-content\/uploads\/155773130_2267413483390840_1854123550893725971_o-1060x595.jpg 1060w, https:\/\/buletin.de\/bucuresti\/wp-content\/uploads\/155773130_2267413483390840_1854123550893725971_o-550x309.jpg 550w, https:\/\/buletin.de\/bucuresti\/wp-content\/uploads\/155773130_2267413483390840_1854123550893725971_o-891x500.jpg 891w, https:\/\/buletin.de\/bucuresti\/wp-content\/uploads\/155773130_2267413483390840_1854123550893725971_o-600x337.jpg 600w, https:\/\/buletin.de\/bucuresti\/wp-content\/uploads\/155773130_2267413483390840_1854123550893725971_o.jpg 1880w\" sizes=\"(max-width: 900px) 100vw, 900px\" \/><\/figure><\/li><li class=\"blocks-gallery-item\"><figure><img loading=\"lazy\" decoding=\"async\" width=\"900\" height=\"505\" src=\"data:image\/gif;base64,R0lGODlhAQABAAAAACH5BAEKAAEALAAAAAABAAEAAAICTAEAOw==\" data-src=\"https:\/\/buletin.de\/bucuresti\/wp-content\/uploads\/155790456_2267413356724186_5445994801377096856_o-900x505.jpg\" alt=\"\" data-id=\"20844\" data-full-url=\"https:\/\/buletin.de\/bucuresti\/wp-content\/uploads\/155790456_2267413356724186_5445994801377096856_o.jpg\" data-link=\"https:\/\/buletin.de\/bucuresti\/?attachment_id=20844\" class=\"wp-image-20844 lazyload\" data-sizes=\"auto\" data-srcset=\"https:\/\/buletin.de\/bucuresti\/wp-content\/uploads\/155790456_2267413356724186_5445994801377096856_o-900x505.jpg 900w, https:\/\/buletin.de\/bucuresti\/wp-content\/uploads\/155790456_2267413356724186_5445994801377096856_o-300x168.jpg 300w, https:\/\/buletin.de\/bucuresti\/wp-content\/uploads\/155790456_2267413356724186_5445994801377096856_o-768x431.jpg 768w, https:\/\/buletin.de\/bucuresti\/wp-content\/uploads\/155790456_2267413356724186_5445994801377096856_o-1536x862.jpg 1536w, https:\/\/buletin.de\/bucuresti\/wp-content\/uploads\/155790456_2267413356724186_5445994801377096856_o-1060x595.jpg 1060w, https:\/\/buletin.de\/bucuresti\/wp-content\/uploads\/155790456_2267413356724186_5445994801377096856_o-550x309.jpg 550w, https:\/\/buletin.de\/bucuresti\/wp-content\/uploads\/155790456_2267413356724186_5445994801377096856_o-891x500.jpg 891w, https:\/\/buletin.de\/bucuresti\/wp-content\/uploads\/155790456_2267413356724186_5445994801377096856_o-600x337.jpg 600w, https:\/\/buletin.de\/bucuresti\/wp-content\/uploads\/155790456_2267413356724186_5445994801377096856_o.jpg 1880w\" sizes=\"(max-width: 900px) 100vw, 900px\" \/><\/figure><\/li><li class=\"blocks-gallery-item\"><figure><img loading=\"lazy\" decoding=\"async\" width=\"505\" height=\"900\" src=\"data:image\/gif;base64,R0lGODlhAQABAAAAACH5BAEKAAEALAAAAAABAAEAAAICTAEAOw==\" data-src=\"https:\/\/buletin.de\/bucuresti\/wp-content\/uploads\/155145958_2267413523390836_5659918478567774571_o-505x900.jpg\" alt=\"\" data-id=\"20845\" data-full-url=\"https:\/\/buletin.de\/bucuresti\/wp-content\/uploads\/155145958_2267413523390836_5659918478567774571_o.jpg\" data-link=\"https:\/\/buletin.de\/bucuresti\/?attachment_id=20845\" class=\"wp-image-20845 lazyload\" data-sizes=\"auto\" data-srcset=\"https:\/\/buletin.de\/bucuresti\/wp-content\/uploads\/155145958_2267413523390836_5659918478567774571_o-505x900.jpg 505w, https:\/\/buletin.de\/bucuresti\/wp-content\/uploads\/155145958_2267413523390836_5659918478567774571_o-168x300.jpg 168w, https:\/\/buletin.de\/bucuresti\/wp-content\/uploads\/155145958_2267413523390836_5659918478567774571_o-768x1369.jpg 768w, https:\/\/buletin.de\/bucuresti\/wp-content\/uploads\/155145958_2267413523390836_5659918478567774571_o-862x1536.jpg 862w, https:\/\/buletin.de\/bucuresti\/wp-content\/uploads\/155145958_2267413523390836_5659918478567774571_o-550x980.jpg 550w, https:\/\/buletin.de\/bucuresti\/wp-content\/uploads\/155145958_2267413523390836_5659918478567774571_o-281x500.jpg 281w, https:\/\/buletin.de\/bucuresti\/wp-content\/uploads\/155145958_2267413523390836_5659918478567774571_o-606x1080.jpg 606w, https:\/\/buletin.de\/bucuresti\/wp-content\/uploads\/155145958_2267413523390836_5659918478567774571_o-600x1069.jpg 600w, https:\/\/buletin.de\/bucuresti\/wp-content\/uploads\/155145958_2267413523390836_5659918478567774571_o.jpg 1055w\" sizes=\"(max-width: 505px) 100vw, 505px\" \/><\/figure><\/li><\/ul><figcaption class=\"blocks-gallery-caption\">Imagini din timpul campaniei de cur\u0103\u021benie de ast\u0103zi <\/figcaption><\/figure>\n\n\n\n<p>\u00cen campania de cur\u0103\u021benie general\u0103 se vor desf\u0103\u0219uraurm\u0103toarele opera\u021biuni:<\/p>\n\n\n\n<ul class=\"wp-block-list\"><li>Cur\u0103\u021barea spa\u021biilor verzi;<\/li><li>S\u0103p\u0103larea gr\u0103dinilor;<\/li><li>\u00cens\u0103m\u00e2n\u021bare pentru gazon;<\/li><li>Toaletarea arborilor;<\/li><li>Scoaterea gardurilor \u0219i montarea unor garduri doar acolo unde exist\u0103 riscul ridicat s\u0103 intre ma\u0219ini pe spa\u021biul verde;<\/li><li>Repararea gropilor de pe arterele secundare;<\/li><li>Mutarea ma\u0219inilor pentru a putea spala str\u0103zile;<\/li><li>Sp\u0103l\u0103area str\u0103zilor \u0219i trotuarelor;<\/li><li>Marcarea locurilor de parcare;<\/li><li>St\u00e2angerea informa\u021biilor din teren pentru amenaj\u0103rile \u021bi investi\u021bile urm\u0103toare. <\/li><\/ul>\n\n\n\n<p>La finalul zilei, Ciprian Ciucu, primarul Sectorului 6, le-a mul\u021bumit celor implica\u021bi \u00een aceast\u0103 campanie de cur\u0103\u021benie. <\/p>\n\n\n\n<blockquote class=\"wp-block-quote is-layout-flow wp-block-quote-is-layout-flow\"><p>V\u0103 mul\u021bumesc! V\u0103 mul\u021bumesc pentru ziua de ast\u0103zi! Am str\u00e2ns PET, h\u00e2rtii, chi\u0219toace, si capace de bere. Nu am crezut c\u0103 pot exista at\u00e2tea capace de bere pe spa\u021biul verde, mai ales pe l\u00e2ng\u0103 magazine! Nu e nimic ru\u0219inos s\u0103 munce\u0219ti pentru comunitatea ta! Dup\u0103 ce am muncit toat\u0103 diminea\u021ba, am luat-o la picior prin Zona 6 s\u0103 discut cu echipa mea principiile interven\u021biilor ulterioare, unde facem parc\u0103ri, unde refacem spatiul verde si cum, unde scoatem gardurile \u0219i unde le las\u0103m p\u00e2n\u0103 g\u0103sim solu\u021bii civilizate de amenaj\u0103ri.Respectul meu se \u00eendreapt\u0103 c\u0103tre to\u021bi cei care contribuie si care men\u021bin! Vom veni si cu amenaj\u0103ri peisagistice, nu doar cu igenizare.<\/p><cite>A declarat Ciprian Ciucu <\/cite><\/blockquote>\n\n\n\n<p>Surs\u0103 Foto: Facebook\/Prim\u0103ria Sectorului 6<\/p>\n","protected":false},"excerpt":{"rendered":"<p>Prim\u0103ria Sectorului 6 a demarat, ast\u0103zi, campania \u201eCur\u0103\u021benie General\u0103\u201d \u00een zona Drumul Taberei-R\u00e2ul Doamnei-Valea Arge\u0219ului. La ac\u021biunea de cur\u0103\u021benie de ast\u0103zi au participat echipele ADPDU Sector 6, Poli\u021bia Local\u0103 Sector 6, angaja\u021bii Urban S.A., dar \u0219i primarul Ciprian Ciucu \u00eempreun\u0103 cu voluntarii din sector. \u00cen campania de cur\u0103\u021benie general\u0103 se vor desf\u0103\u0219uraurm\u0103toarele opera\u021biuni: Cur\u0103\u021barea spa\u021biilor [&hellip;]<\/p>\n","protected":false},"author":17,"featured_media":20842,"comment_status":"closed","ping_status":"open","sticky":false,"template":"","format":"standard","meta":{"_acf_changed":false,"inline_featured_image":false,"ngg_post_thumbnail":0,"footnotes":""},"categories":[1],"tags":[],"ppma_author":[22576],"class_list":["post-20839","post","type-post","status-publish","format-standard","has-post-thumbnail","hentry","category-diverse"],"acf":[],"yoast_head":"<!-- This site is optimized with the Yoast SEO Premium plugin v25.3 (Yoast SEO v27.5) - https:\/\/yoast.com\/product\/yoast-seo-premium-wordpress\/ -->\n<title>A \u00eenceput campania de \u201eCur\u0103\u021benie General\u0103\u201ddin Sectorul 6 - Buletin de Bucure\u0219ti<\/title>\n<meta name=\"robots\" content=\"index, follow, max-snippet:-1, max-image-preview:large, max-video-preview:-1\" \/>\n<link rel=\"canonical\" href=\"https:\/\/buletin.de\/bucuresti\/a-inceput-campania-de-curatenie-generaladin-sectorul-6\/\" \/>\n<meta property=\"og:locale\" content=\"en_GB\" \/>\n<meta property=\"og:type\" content=\"article\" \/>\n<meta property=\"og:title\" content=\"A \u00eenceput campania de \u201eCur\u0103\u021benie General\u0103\u201ddin Sectorul 6\" \/>\n<meta property=\"og:description\" content=\"Prim\u0103ria Sectorului 6 a demarat, ast\u0103zi, campania \u201eCur\u0103\u021benie General\u0103\u201d \u00een zona Drumul Taberei-R\u00e2ul Doamnei-Valea Arge\u0219ului. La ac\u021biunea de cur\u0103\u021benie de ast\u0103zi au participat echipele ADPDU Sector 6, Poli\u021bia Local\u0103 Sector 6, angaja\u021bii Urban S.A., dar \u0219i primarul Ciprian Ciucu \u00eempreun\u0103 cu voluntarii din sector. \u00cen campania de cur\u0103\u021benie general\u0103 se vor desf\u0103\u0219uraurm\u0103toarele opera\u021biuni: Cur\u0103\u021barea spa\u021biilor [&hellip;]\" \/>\n<meta property=\"og:url\" content=\"https:\/\/buletin.de\/bucuresti\/a-inceput-campania-de-curatenie-generaladin-sectorul-6\/\" \/>\n<meta property=\"og:site_name\" content=\"Buletin de Bucure\u0219ti\" \/>\n<meta property=\"article:publisher\" content=\"https:\/\/www.facebook.com\/buletin.de.buc\" \/>\n<meta property=\"article:published_time\" content=\"2021-02-28T16:28:40+00:00\" \/>\n<meta property=\"article:modified_time\" content=\"2021-02-28T16:28:41+00:00\" \/>\n<meta property=\"og:image\" content=\"https:\/\/buletin.de\/bucuresti\/wp-content\/uploads\/155824788_2267413383390850_2611026093891493193_o.jpg\" \/>\n\t<meta property=\"og:image:width\" content=\"1812\" \/>\n\t<meta property=\"og:image:height\" content=\"982\" \/>\n\t<meta property=\"og:image:type\" content=\"image\/jpeg\" \/>\n<meta name=\"author\" content=\"Florin R\u00e2\u0219teiu\" \/>\n<meta name=\"twitter:card\" content=\"summary_large_image\" \/>\n<meta name=\"twitter:label1\" content=\"Written by\" \/>\n\t<meta name=\"twitter:data1\" content=\"Florin R\u00e2\u0219teiu\" \/>\n\t<meta name=\"twitter:label2\" content=\"Estimated reading time\" \/>\n\t<meta name=\"twitter:data2\" content=\"2 minutes\" \/>\n<script type=\"application\/ld+json\" class=\"yoast-schema-graph\">{\"@context\":\"https:\\\/\\\/schema.org\",\"@graph\":[{\"@type\":\"Article\",\"@id\":\"https:\\\/\\\/buletin.de\\\/bucuresti\\\/a-inceput-campania-de-curatenie-generaladin-sectorul-6\\\/#article\",\"isPartOf\":{\"@id\":\"https:\\\/\\\/buletin.de\\\/bucuresti\\\/a-inceput-campania-de-curatenie-generaladin-sectorul-6\\\/\"},\"author\":{\"name\":\"Florin R\u00e2\u0219teiu\",\"@id\":\"https:\\\/\\\/buletin.de\\\/bucuresti\\\/#\\\/schema\\\/person\\\/b0686d7a8b666c6afc78239777fd8a89\"},\"headline\":\"A \u00eenceput campania de \u201eCur\u0103\u021benie General\u0103\u201ddin Sectorul 6\",\"datePublished\":\"2021-02-28T16:28:40+00:00\",\"dateModified\":\"2021-02-28T16:28:41+00:00\",\"mainEntityOfPage\":{\"@id\":\"https:\\\/\\\/buletin.de\\\/bucuresti\\\/a-inceput-campania-de-curatenie-generaladin-sectorul-6\\\/\"},\"wordCount\":322,\"publisher\":{\"@id\":\"https:\\\/\\\/buletin.de\\\/bucuresti\\\/#organization\"},\"image\":{\"@id\":\"https:\\\/\\\/buletin.de\\\/bucuresti\\\/a-inceput-campania-de-curatenie-generaladin-sectorul-6\\\/#primaryimage\"},\"thumbnailUrl\":\"https:\\\/\\\/buletin.de\\\/bucuresti\\\/wp-content\\\/uploads\\\/155824788_2267413383390850_2611026093891493193_o.jpg\",\"articleSection\":[\"Diverse\"],\"inLanguage\":\"en-GB\",\"copyrightYear\":\"2021\",\"copyrightHolder\":{\"@id\":\"https:\\\/\\\/buletin.de\\\/bucuresti\\\/#organization\"}},{\"@type\":\"WebPage\",\"@id\":\"https:\\\/\\\/buletin.de\\\/bucuresti\\\/a-inceput-campania-de-curatenie-generaladin-sectorul-6\\\/\",\"url\":\"https:\\\/\\\/buletin.de\\\/bucuresti\\\/a-inceput-campania-de-curatenie-generaladin-sectorul-6\\\/\",\"name\":\"A \u00eenceput campania de \u201eCur\u0103\u021benie General\u0103\u201ddin Sectorul 6 - Buletin de Bucure\u0219ti\",\"isPartOf\":{\"@id\":\"https:\\\/\\\/buletin.de\\\/bucuresti\\\/#website\"},\"primaryImageOfPage\":{\"@id\":\"https:\\\/\\\/buletin.de\\\/bucuresti\\\/a-inceput-campania-de-curatenie-generaladin-sectorul-6\\\/#primaryimage\"},\"image\":{\"@id\":\"https:\\\/\\\/buletin.de\\\/bucuresti\\\/a-inceput-campania-de-curatenie-generaladin-sectorul-6\\\/#primaryimage\"},\"thumbnailUrl\":\"https:\\\/\\\/buletin.de\\\/bucuresti\\\/wp-content\\\/uploads\\\/155824788_2267413383390850_2611026093891493193_o.jpg\",\"datePublished\":\"2021-02-28T16:28:40+00:00\",\"dateModified\":\"2021-02-28T16:28:41+00:00\",\"breadcrumb\":{\"@id\":\"https:\\\/\\\/buletin.de\\\/bucuresti\\\/a-inceput-campania-de-curatenie-generaladin-sectorul-6\\\/#breadcrumb\"},\"inLanguage\":\"en-GB\",\"potentialAction\":[{\"@type\":\"ReadAction\",\"target\":[\"https:\\\/\\\/buletin.de\\\/bucuresti\\\/a-inceput-campania-de-curatenie-generaladin-sectorul-6\\\/\"]}]},{\"@type\":\"ImageObject\",\"inLanguage\":\"en-GB\",\"@id\":\"https:\\\/\\\/buletin.de\\\/bucuresti\\\/a-inceput-campania-de-curatenie-generaladin-sectorul-6\\\/#primaryimage\",\"url\":\"https:\\\/\\\/buletin.de\\\/bucuresti\\\/wp-content\\\/uploads\\\/155824788_2267413383390850_2611026093891493193_o.jpg\",\"contentUrl\":\"https:\\\/\\\/buletin.de\\\/bucuresti\\\/wp-content\\\/uploads\\\/155824788_2267413383390850_2611026093891493193_o.jpg\",\"width\":1812,\"height\":982},{\"@type\":\"BreadcrumbList\",\"@id\":\"https:\\\/\\\/buletin.de\\\/bucuresti\\\/a-inceput-campania-de-curatenie-generaladin-sectorul-6\\\/#breadcrumb\",\"itemListElement\":[{\"@type\":\"ListItem\",\"position\":1,\"name\":\"Acas\u0103\",\"item\":\"https:\\\/\\\/buletin.de\\\/bucuresti\\\/\"},{\"@type\":\"ListItem\",\"position\":2,\"name\":\"A \u00eenceput campania de \u201eCur\u0103\u021benie General\u0103\u201ddin Sectorul 6\"}]},{\"@type\":\"WebSite\",\"@id\":\"https:\\\/\\\/buletin.de\\\/bucuresti\\\/#website\",\"url\":\"https:\\\/\\\/buletin.de\\\/bucuresti\\\/\",\"name\":\"Buletin de Bucure\u0219ti\",\"description\":\"\u0218tiri \u0219i investiga\u021bii esen\u021biale din capital\u0103\",\"publisher\":{\"@id\":\"https:\\\/\\\/buletin.de\\\/bucuresti\\\/#organization\"},\"potentialAction\":[{\"@type\":\"SearchAction\",\"target\":{\"@type\":\"EntryPoint\",\"urlTemplate\":\"https:\\\/\\\/buletin.de\\\/bucuresti\\\/?s={search_term_string}\"},\"query-input\":{\"@type\":\"PropertyValueSpecification\",\"valueRequired\":true,\"valueName\":\"search_term_string\"}}],\"inLanguage\":\"en-GB\"},{\"@type\":\"Organization\",\"@id\":\"https:\\\/\\\/buletin.de\\\/bucuresti\\\/#organization\",\"name\":\"Buletin de Bucure\u0219ti\",\"url\":\"https:\\\/\\\/buletin.de\\\/bucuresti\\\/\",\"logo\":{\"@type\":\"ImageObject\",\"inLanguage\":\"en-GB\",\"@id\":\"https:\\\/\\\/buletin.de\\\/bucuresti\\\/#\\\/schema\\\/logo\\\/image\\\/\",\"url\":\"https:\\\/\\\/buletin.de\\\/bucuresti\\\/wp-content\\\/uploads\\\/logo-bdb-full-wide-vernil-transparent.png\",\"contentUrl\":\"https:\\\/\\\/buletin.de\\\/bucuresti\\\/wp-content\\\/uploads\\\/logo-bdb-full-wide-vernil-transparent.png\",\"width\":1782,\"height\":626,\"caption\":\"Buletin de Bucure\u0219ti\"},\"image\":{\"@id\":\"https:\\\/\\\/buletin.de\\\/bucuresti\\\/#\\\/schema\\\/logo\\\/image\\\/\"},\"sameAs\":[\"https:\\\/\\\/www.facebook.com\\\/buletin.de.buc\",\"https:\\\/\\\/www.instagram.com\\\/buletinde.bucuresti\\\/\"]},{\"@type\":\"Person\",\"@id\":\"https:\\\/\\\/buletin.de\\\/bucuresti\\\/#\\\/schema\\\/person\\\/b0686d7a8b666c6afc78239777fd8a89\",\"name\":\"Florin R\u00e2\u0219teiu\",\"image\":{\"@type\":\"ImageObject\",\"inLanguage\":\"en-GB\",\"@id\":\"https:\\\/\\\/buletin.de\\\/bucuresti\\\/wp-content\\\/uploads\\\/Florin-Rasteiu-96x96.jpgf0a6fe28453aa12f0a60e4d0a2e3a78c\",\"url\":\"https:\\\/\\\/buletin.de\\\/bucuresti\\\/wp-content\\\/uploads\\\/Florin-Rasteiu-96x96.jpg\",\"contentUrl\":\"https:\\\/\\\/buletin.de\\\/bucuresti\\\/wp-content\\\/uploads\\\/Florin-Rasteiu-96x96.jpg\",\"caption\":\"Florin R\u00e2\u0219teiu\"},\"description\":\"Jurnalist de investiga\u021bie. Lucreaz\u0103 de aproape 6 ani la Buletin de Bucure\u0219ti, unde a publicat articole care scot la suprafa\u021b\u0103 corup\u021bia din Capital\u0103. Analizeaz\u0103 baze de date zilnic \u0219i scoate pove\u0219ti din exceluri pline de cifre. Pune reflectorul pe adev\u0103r cu fiecare ocazie. A c\u00e2\u0219tigat premiul I la categoria Pres\u0103 Local\u0103 \u00een 2025 \u0219i locul al II-lea la aceea\u0219i categorie \u00een 2024 \u00een cadrul Premiilor Superscrieri pentru jurnalism independent.\",\"url\":\"https:\\\/\\\/buletin.de\\\/bucuresti\\\/author\\\/florinrasteiu\\\/\"}]}<\/script>\n<!-- \/ Yoast SEO Premium plugin. -->","yoast_head_json":{"title":"A \u00eenceput campania de \u201eCur\u0103\u021benie General\u0103\u201ddin Sectorul 6 - Buletin de Bucure\u0219ti","robots":{"index":"index","follow":"follow","max-snippet":"max-snippet:-1","max-image-preview":"max-image-preview:large","max-video-preview":"max-video-preview:-1"},"canonical":"https:\/\/buletin.de\/bucuresti\/a-inceput-campania-de-curatenie-generaladin-sectorul-6\/","og_locale":"en_GB","og_type":"article","og_title":"A \u00eenceput campania de \u201eCur\u0103\u021benie General\u0103\u201ddin Sectorul 6","og_description":"Prim\u0103ria Sectorului 6 a demarat, ast\u0103zi, campania \u201eCur\u0103\u021benie General\u0103\u201d \u00een zona Drumul Taberei-R\u00e2ul Doamnei-Valea Arge\u0219ului. La ac\u021biunea de cur\u0103\u021benie de ast\u0103zi au participat echipele ADPDU Sector 6, Poli\u021bia Local\u0103 Sector 6, angaja\u021bii Urban S.A., dar \u0219i primarul Ciprian Ciucu \u00eempreun\u0103 cu voluntarii din sector. \u00cen campania de cur\u0103\u021benie general\u0103 se vor desf\u0103\u0219uraurm\u0103toarele opera\u021biuni: Cur\u0103\u021barea spa\u021biilor [&hellip;]","og_url":"https:\/\/buletin.de\/bucuresti\/a-inceput-campania-de-curatenie-generaladin-sectorul-6\/","og_site_name":"Buletin de Bucure\u0219ti","article_publisher":"https:\/\/www.facebook.com\/buletin.de.buc","article_published_time":"2021-02-28T16:28:40+00:00","article_modified_time":"2021-02-28T16:28:41+00:00","og_image":[{"width":1812,"height":982,"url":"https:\/\/buletin.de\/bucuresti\/wp-content\/uploads\/155824788_2267413383390850_2611026093891493193_o.jpg","type":"image\/jpeg"}],"author":"Florin R\u00e2\u0219teiu","twitter_card":"summary_large_image","twitter_misc":{"Written by":"Florin R\u00e2\u0219teiu","Estimated reading time":"2 minutes"},"schema":{"@context":"https:\/\/schema.org","@graph":[{"@type":"Article","@id":"https:\/\/buletin.de\/bucuresti\/a-inceput-campania-de-curatenie-generaladin-sectorul-6\/#article","isPartOf":{"@id":"https:\/\/buletin.de\/bucuresti\/a-inceput-campania-de-curatenie-generaladin-sectorul-6\/"},"author":{"name":"Florin R\u00e2\u0219teiu","@id":"https:\/\/buletin.de\/bucuresti\/#\/schema\/person\/b0686d7a8b666c6afc78239777fd8a89"},"headline":"A \u00eenceput campania de \u201eCur\u0103\u021benie General\u0103\u201ddin Sectorul 6","datePublished":"2021-02-28T16:28:40+00:00","dateModified":"2021-02-28T16:28:41+00:00","mainEntityOfPage":{"@id":"https:\/\/buletin.de\/bucuresti\/a-inceput-campania-de-curatenie-generaladin-sectorul-6\/"},"wordCount":322,"publisher":{"@id":"https:\/\/buletin.de\/bucuresti\/#organization"},"image":{"@id":"https:\/\/buletin.de\/bucuresti\/a-inceput-campania-de-curatenie-generaladin-sectorul-6\/#primaryimage"},"thumbnailUrl":"https:\/\/buletin.de\/bucuresti\/wp-content\/uploads\/155824788_2267413383390850_2611026093891493193_o.jpg","articleSection":["Diverse"],"inLanguage":"en-GB","copyrightYear":"2021","copyrightHolder":{"@id":"https:\/\/buletin.de\/bucuresti\/#organization"}},{"@type":"WebPage","@id":"https:\/\/buletin.de\/bucuresti\/a-inceput-campania-de-curatenie-generaladin-sectorul-6\/","url":"https:\/\/buletin.de\/bucuresti\/a-inceput-campania-de-curatenie-generaladin-sectorul-6\/","name":"A \u00eenceput campania de \u201eCur\u0103\u021benie General\u0103\u201ddin Sectorul 6 - Buletin de Bucure\u0219ti","isPartOf":{"@id":"https:\/\/buletin.de\/bucuresti\/#website"},"primaryImageOfPage":{"@id":"https:\/\/buletin.de\/bucuresti\/a-inceput-campania-de-curatenie-generaladin-sectorul-6\/#primaryimage"},"image":{"@id":"https:\/\/buletin.de\/bucuresti\/a-inceput-campania-de-curatenie-generaladin-sectorul-6\/#primaryimage"},"thumbnailUrl":"https:\/\/buletin.de\/bucuresti\/wp-content\/uploads\/155824788_2267413383390850_2611026093891493193_o.jpg","datePublished":"2021-02-28T16:28:40+00:00","dateModified":"2021-02-28T16:28:41+00:00","breadcrumb":{"@id":"https:\/\/buletin.de\/bucuresti\/a-inceput-campania-de-curatenie-generaladin-sectorul-6\/#breadcrumb"},"inLanguage":"en-GB","potentialAction":[{"@type":"ReadAction","target":["https:\/\/buletin.de\/bucuresti\/a-inceput-campania-de-curatenie-generaladin-sectorul-6\/"]}]},{"@type":"ImageObject","inLanguage":"en-GB","@id":"https:\/\/buletin.de\/bucuresti\/a-inceput-campania-de-curatenie-generaladin-sectorul-6\/#primaryimage","url":"https:\/\/buletin.de\/bucuresti\/wp-content\/uploads\/155824788_2267413383390850_2611026093891493193_o.jpg","contentUrl":"https:\/\/buletin.de\/bucuresti\/wp-content\/uploads\/155824788_2267413383390850_2611026093891493193_o.jpg","width":1812,"height":982},{"@type":"BreadcrumbList","@id":"https:\/\/buletin.de\/bucuresti\/a-inceput-campania-de-curatenie-generaladin-sectorul-6\/#breadcrumb","itemListElement":[{"@type":"ListItem","position":1,"name":"Acas\u0103","item":"https:\/\/buletin.de\/bucuresti\/"},{"@type":"ListItem","position":2,"name":"A \u00eenceput campania de \u201eCur\u0103\u021benie General\u0103\u201ddin Sectorul 6"}]},{"@type":"WebSite","@id":"https:\/\/buletin.de\/bucuresti\/#website","url":"https:\/\/buletin.de\/bucuresti\/","name":"Buletin de Bucure\u0219ti","description":"\u0218tiri \u0219i investiga\u021bii esen\u021biale din capital\u0103","publisher":{"@id":"https:\/\/buletin.de\/bucuresti\/#organization"},"potentialAction":[{"@type":"SearchAction","target":{"@type":"EntryPoint","urlTemplate":"https:\/\/buletin.de\/bucuresti\/?s={search_term_string}"},"query-input":{"@type":"PropertyValueSpecification","valueRequired":true,"valueName":"search_term_string"}}],"inLanguage":"en-GB"},{"@type":"Organization","@id":"https:\/\/buletin.de\/bucuresti\/#organization","name":"Buletin de Bucure\u0219ti","url":"https:\/\/buletin.de\/bucuresti\/","logo":{"@type":"ImageObject","inLanguage":"en-GB","@id":"https:\/\/buletin.de\/bucuresti\/#\/schema\/logo\/image\/","url":"https:\/\/buletin.de\/bucuresti\/wp-content\/uploads\/logo-bdb-full-wide-vernil-transparent.png","contentUrl":"https:\/\/buletin.de\/bucuresti\/wp-content\/uploads\/logo-bdb-full-wide-vernil-transparent.png","width":1782,"height":626,"caption":"Buletin de Bucure\u0219ti"},"image":{"@id":"https:\/\/buletin.de\/bucuresti\/#\/schema\/logo\/image\/"},"sameAs":["https:\/\/www.facebook.com\/buletin.de.buc","https:\/\/www.instagram.com\/buletinde.bucuresti\/"]},{"@type":"Person","@id":"https:\/\/buletin.de\/bucuresti\/#\/schema\/person\/b0686d7a8b666c6afc78239777fd8a89","name":"Florin R\u00e2\u0219teiu","image":{"@type":"ImageObject","inLanguage":"en-GB","@id":"https:\/\/buletin.de\/bucuresti\/wp-content\/uploads\/Florin-Rasteiu-96x96.jpgf0a6fe28453aa12f0a60e4d0a2e3a78c","url":"https:\/\/buletin.de\/bucuresti\/wp-content\/uploads\/Florin-Rasteiu-96x96.jpg","contentUrl":"https:\/\/buletin.de\/bucuresti\/wp-content\/uploads\/Florin-Rasteiu-96x96.jpg","caption":"Florin R\u00e2\u0219teiu"},"description":"Jurnalist de investiga\u021bie. Lucreaz\u0103 de aproape 6 ani la Buletin de Bucure\u0219ti, unde a publicat articole care scot la suprafa\u021b\u0103 corup\u021bia din Capital\u0103. Analizeaz\u0103 baze de date zilnic \u0219i scoate pove\u0219ti din exceluri pline de cifre. Pune reflectorul pe adev\u0103r cu fiecare ocazie. A c\u00e2\u0219tigat premiul I la categoria Pres\u0103 Local\u0103 \u00een 2025 \u0219i locul al II-lea la aceea\u0219i categorie \u00een 2024 \u00een cadrul Premiilor Superscrieri pentru jurnalism independent.","url":"https:\/\/buletin.de\/bucuresti\/author\/florinrasteiu\/"}]}},"authors":[{"term_id":22576,"user_id":17,"is_guest":0,"slug":"florinrasteiu","display_name":"Florin R\u00e2\u0219teiu","avatar_url":"https:\/\/buletin.de\/bucuresti\/wp-content\/uploads\/Florin-Rasteiu-96x96.jpg","0":null,"1":"","2":"","3":"","4":"","5":"","6":"","7":"","8":""}],"_links":{"self":[{"href":"https:\/\/buletin.de\/bucuresti\/wp-json\/wp\/v2\/posts\/20839","targetHints":{"allow":["GET"]}}],"collection":[{"href":"https:\/\/buletin.de\/bucuresti\/wp-json\/wp\/v2\/posts"}],"about":[{"href":"https:\/\/buletin.de\/bucuresti\/wp-json\/wp\/v2\/types\/post"}],"author":[{"embeddable":true,"href":"https:\/\/buletin.de\/bucuresti\/wp-json\/wp\/v2\/users\/17"}],"replies":[{"embeddable":true,"href":"https:\/\/buletin.de\/bucuresti\/wp-json\/wp\/v2\/comments?post=20839"}],"version-history":[{"count":1,"href":"https:\/\/buletin.de\/bucuresti\/wp-json\/wp\/v2\/posts\/20839\/revisions"}],"predecessor-version":[{"id":20847,"href":"https:\/\/buletin.de\/bucuresti\/wp-json\/wp\/v2\/posts\/20839\/revisions\/20847"}],"wp:featuredmedia":[{"embeddable":true,"href":"https:\/\/buletin.de\/bucuresti\/wp-json\/wp\/v2\/media\/20842"}],"wp:attachment":[{"href":"https:\/\/buletin.de\/bucuresti\/wp-json\/wp\/v2\/media?parent=20839"}],"wp:term":[{"taxonomy":"category","embeddable":true,"href":"https:\/\/buletin.de\/bucuresti\/wp-json\/wp\/v2\/categories?post=20839"},{"taxonomy":"post_tag","embeddable":true,"href":"https:\/\/buletin.de\/bucuresti\/wp-json\/wp\/v2\/tags?post=20839"},{"taxonomy":"author","embeddable":true,"href":"https:\/\/buletin.de\/bucuresti\/wp-json\/wp\/v2\/ppma_author?post=20839"}],"curies":[{"name":"wp","href":"https:\/\/api.w.org\/{rel}","templated":true}]}}