{"id":20826,"date":"2021-02-27T20:06:07","date_gmt":"2021-02-27T17:06:07","guid":{"rendered":"https:\/\/buletin.de\/bucuresti\/?p=20826"},"modified":"2021-02-28T19:18:20","modified_gmt":"2021-02-28T16:18:20","slug":"17-localitati-din-ilfov-au-intrat-in-secnariul-rosu","status":"publish","type":"post","link":"https:\/\/buletin.de\/bucuresti\/17-localitati-din-ilfov-au-intrat-in-secnariul-rosu\/","title":{"rendered":"17 localit\u0103\u021bi din Ilfov au intrat \u00een scenariul ro\u0219u"},"content":{"rendered":"\n<p>Comitetului Jude\u0163ean pentru Situa\u0163ii de Urgen\u0163\u0103 Ilfov a <a href=\"https:\/\/if.prefectura.mai.gov.ro\/comunicat-de-presa-sedinta-extraordinara-a-comitetului-judetean-pentru-situatii-de-urgenta-ilfov-14\/\">decis<\/a>, vineri, intrarea a 17 localit\u0103\u021bi din Ilfov \u00een scenariul ro\u0219u, deoarece au dep\u0103\u015fit coeficientul de infectare de 3\/1000 de locuitori. <\/p>\n\n\n\n<p>Conform <a href=\"https:\/\/if.prefectura.mai.gov.ro\/wp-content\/uploads\/sites\/55\/2021\/02\/Hotararea-nr-17-din-26.02.2021.pdf\">Hot\u0103r\u00e2rii CJSU Ilfov <\/a>, urm\u0103toarele localit\u0103\u021bi au inciden\u0163a cumulat\u0103 a cazurilor de COVID-19 \u00een ultimele 14 zile este mai mare de 3\/1.000 de locuitori:<\/p>\n\n\n\n<ul class=\"wp-block-list\"><li>Balote\u015fti (3,52\/1000 de locuitori) <\/li><li>Berceni (3,89\/1000 de locuitori) <\/li><li>Bragadiru (3,89\/1000 de locuitori)<\/li><li>Chiajna (3,35\/1000 de locuitori) <\/li><li>Ciorog\u00e2rla (3,38\/1000 de locuitori) <\/li><li>Clinceni (3,20\/1000 de locuitori) <\/li><li>Corbeanca (4,39\/1000 de locuitori) <\/li><li>1 Decembrie (3,23\/1000 de locuitori)<\/li><li>Dobroe\u015fti (3,76\/1000 de locuitori)<\/li><li>Moara Vl\u0103siei (3,57\/1000 de locuitori)<\/li><li>M\u0103gurele (3,71\/1000 de locuitori) <\/li><li>Otopeni (3,38\/1000 de locuitori) <\/li><li>Pantelimon (3,02\/1000 de locuitori)<\/li><li>Pope\u015fti Leordeni (3,56\/1000 de locuitori)<\/li><li>\u015etef\u0103ne\u015ftii de Jos (3,09\/1000 de locuitori)<\/li><li>Tunari (3,31\/1000 de locuitori) <\/li><li>Voluntari (3,34\/1000 de locuitori)<\/li><\/ul>\n\n\n\n<p>Cafenelele, restaurantele, s\u0103lile de jocuri de noroc \u015fi cinematografele se \u00eenchid. \u0218colile vor func\u0163iona dup\u0103 scenariul ro\u015fu. Adic\u0103, merg la \u015fcoal\u0103 doar copiii de gr\u0103dini\u0163\u0103 \u015fi elevii din clasele I-IV. Restul elevilor fac \u015fcoal\u0103 online, inclusiv elevii din anii terminali.<\/p>\n\n\n\n<p>Sursa Foto: Facebook\/Bragadiru <\/p>\n","protected":false},"excerpt":{"rendered":"<p>Comitetului Jude\u0163ean pentru Situa\u0163ii de Urgen\u0163\u0103 Ilfov a decis, vineri, intrarea a 17 localit\u0103\u021bi din Ilfov \u00een scenariul ro\u0219u, deoarece au dep\u0103\u015fit coeficientul de infectare de 3\/1000 de locuitori. Conform Hot\u0103r\u00e2rii CJSU Ilfov , urm\u0103toarele localit\u0103\u021bi au inciden\u0163a cumulat\u0103 a cazurilor de COVID-19 \u00een ultimele 14 zile este mai mare de 3\/1.000 de locuitori: Balote\u015fti [&hellip;]<\/p>\n","protected":false},"author":17,"featured_media":12119,"comment_status":"closed","ping_status":"open","sticky":false,"template":"","format":"standard","meta":{"_acf_changed":false,"inline_featured_image":false,"ngg_post_thumbnail":0,"footnotes":""},"categories":[1],"tags":[],"ppma_author":[22576],"class_list":["post-20826","post","type-post","status-publish","format-standard","has-post-thumbnail","hentry","category-diverse"],"acf":[],"yoast_head":"<!-- This site is optimized with the Yoast SEO Premium plugin v25.3 (Yoast SEO v27.5) - https:\/\/yoast.com\/product\/yoast-seo-premium-wordpress\/ -->\n<title>17 localit\u0103\u021bi din Ilfov au intrat \u00een scenariul ro\u0219u - Buletin de Bucure\u0219ti<\/title>\n<meta name=\"robots\" content=\"index, follow, max-snippet:-1, max-image-preview:large, max-video-preview:-1\" \/>\n<link rel=\"canonical\" href=\"https:\/\/buletin.de\/bucuresti\/17-localitati-din-ilfov-au-intrat-in-secnariul-rosu\/\" \/>\n<meta property=\"og:locale\" content=\"en_GB\" \/>\n<meta property=\"og:type\" content=\"article\" \/>\n<meta property=\"og:title\" content=\"17 localit\u0103\u021bi din Ilfov au intrat \u00een scenariul ro\u0219u\" \/>\n<meta property=\"og:description\" content=\"Comitetului Jude\u0163ean pentru Situa\u0163ii de Urgen\u0163\u0103 Ilfov a decis, vineri, intrarea a 17 localit\u0103\u021bi din Ilfov \u00een scenariul ro\u0219u, deoarece au dep\u0103\u015fit coeficientul de infectare de 3\/1000 de locuitori. Conform Hot\u0103r\u00e2rii CJSU Ilfov , urm\u0103toarele localit\u0103\u021bi au inciden\u0163a cumulat\u0103 a cazurilor de COVID-19 \u00een ultimele 14 zile este mai mare de 3\/1.000 de locuitori: Balote\u015fti [&hellip;]\" \/>\n<meta property=\"og:url\" content=\"https:\/\/buletin.de\/bucuresti\/17-localitati-din-ilfov-au-intrat-in-secnariul-rosu\/\" \/>\n<meta property=\"og:site_name\" content=\"Buletin de Bucure\u0219ti\" \/>\n<meta property=\"article:publisher\" content=\"https:\/\/www.facebook.com\/buletin.de.buc\" \/>\n<meta property=\"article:published_time\" content=\"2021-02-27T17:06:07+00:00\" \/>\n<meta property=\"article:modified_time\" content=\"2021-02-28T16:18:20+00:00\" \/>\n<meta property=\"og:image\" content=\"https:\/\/buletin.de\/bucuresti\/wp-content\/uploads\/bragadiru.jpg\" \/>\n\t<meta property=\"og:image:width\" content=\"225\" \/>\n\t<meta property=\"og:image:height\" content=\"225\" \/>\n\t<meta property=\"og:image:type\" content=\"image\/jpeg\" \/>\n<meta name=\"author\" content=\"Florin R\u00e2\u0219teiu\" \/>\n<meta name=\"twitter:card\" content=\"summary_large_image\" \/>\n<meta name=\"twitter:label1\" content=\"Written by\" \/>\n\t<meta name=\"twitter:data1\" content=\"Florin R\u00e2\u0219teiu\" \/>\n\t<meta name=\"twitter:label2\" content=\"Estimated reading time\" \/>\n\t<meta name=\"twitter:data2\" content=\"1 minute\" \/>\n<script type=\"application\/ld+json\" class=\"yoast-schema-graph\">{\"@context\":\"https:\\\/\\\/schema.org\",\"@graph\":[{\"@type\":\"Article\",\"@id\":\"https:\\\/\\\/buletin.de\\\/bucuresti\\\/17-localitati-din-ilfov-au-intrat-in-secnariul-rosu\\\/#article\",\"isPartOf\":{\"@id\":\"https:\\\/\\\/buletin.de\\\/bucuresti\\\/17-localitati-din-ilfov-au-intrat-in-secnariul-rosu\\\/\"},\"author\":{\"name\":\"Florin R\u00e2\u0219teiu\",\"@id\":\"https:\\\/\\\/buletin.de\\\/bucuresti\\\/#\\\/schema\\\/person\\\/b0686d7a8b666c6afc78239777fd8a89\"},\"headline\":\"17 localit\u0103\u021bi din Ilfov au intrat \u00een scenariul ro\u0219u\",\"datePublished\":\"2021-02-27T17:06:07+00:00\",\"dateModified\":\"2021-02-28T16:18:20+00:00\",\"mainEntityOfPage\":{\"@id\":\"https:\\\/\\\/buletin.de\\\/bucuresti\\\/17-localitati-din-ilfov-au-intrat-in-secnariul-rosu\\\/\"},\"wordCount\":180,\"publisher\":{\"@id\":\"https:\\\/\\\/buletin.de\\\/bucuresti\\\/#organization\"},\"image\":{\"@id\":\"https:\\\/\\\/buletin.de\\\/bucuresti\\\/17-localitati-din-ilfov-au-intrat-in-secnariul-rosu\\\/#primaryimage\"},\"thumbnailUrl\":\"https:\\\/\\\/buletin.de\\\/bucuresti\\\/wp-content\\\/uploads\\\/bragadiru.jpg\",\"articleSection\":[\"Diverse\"],\"inLanguage\":\"en-GB\",\"copyrightYear\":\"2021\",\"copyrightHolder\":{\"@id\":\"https:\\\/\\\/buletin.de\\\/bucuresti\\\/#organization\"}},{\"@type\":\"WebPage\",\"@id\":\"https:\\\/\\\/buletin.de\\\/bucuresti\\\/17-localitati-din-ilfov-au-intrat-in-secnariul-rosu\\\/\",\"url\":\"https:\\\/\\\/buletin.de\\\/bucuresti\\\/17-localitati-din-ilfov-au-intrat-in-secnariul-rosu\\\/\",\"name\":\"17 localit\u0103\u021bi din Ilfov au intrat \u00een scenariul ro\u0219u - Buletin de Bucure\u0219ti\",\"isPartOf\":{\"@id\":\"https:\\\/\\\/buletin.de\\\/bucuresti\\\/#website\"},\"primaryImageOfPage\":{\"@id\":\"https:\\\/\\\/buletin.de\\\/bucuresti\\\/17-localitati-din-ilfov-au-intrat-in-secnariul-rosu\\\/#primaryimage\"},\"image\":{\"@id\":\"https:\\\/\\\/buletin.de\\\/bucuresti\\\/17-localitati-din-ilfov-au-intrat-in-secnariul-rosu\\\/#primaryimage\"},\"thumbnailUrl\":\"https:\\\/\\\/buletin.de\\\/bucuresti\\\/wp-content\\\/uploads\\\/bragadiru.jpg\",\"datePublished\":\"2021-02-27T17:06:07+00:00\",\"dateModified\":\"2021-02-28T16:18:20+00:00\",\"breadcrumb\":{\"@id\":\"https:\\\/\\\/buletin.de\\\/bucuresti\\\/17-localitati-din-ilfov-au-intrat-in-secnariul-rosu\\\/#breadcrumb\"},\"inLanguage\":\"en-GB\",\"potentialAction\":[{\"@type\":\"ReadAction\",\"target\":[\"https:\\\/\\\/buletin.de\\\/bucuresti\\\/17-localitati-din-ilfov-au-intrat-in-secnariul-rosu\\\/\"]}]},{\"@type\":\"ImageObject\",\"inLanguage\":\"en-GB\",\"@id\":\"https:\\\/\\\/buletin.de\\\/bucuresti\\\/17-localitati-din-ilfov-au-intrat-in-secnariul-rosu\\\/#primaryimage\",\"url\":\"https:\\\/\\\/buletin.de\\\/bucuresti\\\/wp-content\\\/uploads\\\/bragadiru.jpg\",\"contentUrl\":\"https:\\\/\\\/buletin.de\\\/bucuresti\\\/wp-content\\\/uploads\\\/bragadiru.jpg\",\"width\":225,\"height\":225},{\"@type\":\"BreadcrumbList\",\"@id\":\"https:\\\/\\\/buletin.de\\\/bucuresti\\\/17-localitati-din-ilfov-au-intrat-in-secnariul-rosu\\\/#breadcrumb\",\"itemListElement\":[{\"@type\":\"ListItem\",\"position\":1,\"name\":\"Acas\u0103\",\"item\":\"https:\\\/\\\/buletin.de\\\/bucuresti\\\/\"},{\"@type\":\"ListItem\",\"position\":2,\"name\":\"17 localit\u0103\u021bi din Ilfov au intrat \u00een scenariul ro\u0219u\"}]},{\"@type\":\"WebSite\",\"@id\":\"https:\\\/\\\/buletin.de\\\/bucuresti\\\/#website\",\"url\":\"https:\\\/\\\/buletin.de\\\/bucuresti\\\/\",\"name\":\"Buletin de Bucure\u0219ti\",\"description\":\"\u0218tiri \u0219i investiga\u021bii esen\u021biale din capital\u0103\",\"publisher\":{\"@id\":\"https:\\\/\\\/buletin.de\\\/bucuresti\\\/#organization\"},\"potentialAction\":[{\"@type\":\"SearchAction\",\"target\":{\"@type\":\"EntryPoint\",\"urlTemplate\":\"https:\\\/\\\/buletin.de\\\/bucuresti\\\/?s={search_term_string}\"},\"query-input\":{\"@type\":\"PropertyValueSpecification\",\"valueRequired\":true,\"valueName\":\"search_term_string\"}}],\"inLanguage\":\"en-GB\"},{\"@type\":\"Organization\",\"@id\":\"https:\\\/\\\/buletin.de\\\/bucuresti\\\/#organization\",\"name\":\"Buletin de Bucure\u0219ti\",\"url\":\"https:\\\/\\\/buletin.de\\\/bucuresti\\\/\",\"logo\":{\"@type\":\"ImageObject\",\"inLanguage\":\"en-GB\",\"@id\":\"https:\\\/\\\/buletin.de\\\/bucuresti\\\/#\\\/schema\\\/logo\\\/image\\\/\",\"url\":\"https:\\\/\\\/buletin.de\\\/bucuresti\\\/wp-content\\\/uploads\\\/logo-bdb-full-wide-vernil-transparent.png\",\"contentUrl\":\"https:\\\/\\\/buletin.de\\\/bucuresti\\\/wp-content\\\/uploads\\\/logo-bdb-full-wide-vernil-transparent.png\",\"width\":1782,\"height\":626,\"caption\":\"Buletin de Bucure\u0219ti\"},\"image\":{\"@id\":\"https:\\\/\\\/buletin.de\\\/bucuresti\\\/#\\\/schema\\\/logo\\\/image\\\/\"},\"sameAs\":[\"https:\\\/\\\/www.facebook.com\\\/buletin.de.buc\",\"https:\\\/\\\/www.instagram.com\\\/buletinde.bucuresti\\\/\"]},{\"@type\":\"Person\",\"@id\":\"https:\\\/\\\/buletin.de\\\/bucuresti\\\/#\\\/schema\\\/person\\\/b0686d7a8b666c6afc78239777fd8a89\",\"name\":\"Florin R\u00e2\u0219teiu\",\"image\":{\"@type\":\"ImageObject\",\"inLanguage\":\"en-GB\",\"@id\":\"https:\\\/\\\/buletin.de\\\/bucuresti\\\/wp-content\\\/uploads\\\/Florin-Rasteiu-96x96.jpgf0a6fe28453aa12f0a60e4d0a2e3a78c\",\"url\":\"https:\\\/\\\/buletin.de\\\/bucuresti\\\/wp-content\\\/uploads\\\/Florin-Rasteiu-96x96.jpg\",\"contentUrl\":\"https:\\\/\\\/buletin.de\\\/bucuresti\\\/wp-content\\\/uploads\\\/Florin-Rasteiu-96x96.jpg\",\"caption\":\"Florin R\u00e2\u0219teiu\"},\"description\":\"Jurnalist de investiga\u021bie. Lucreaz\u0103 de aproape 6 ani la Buletin de Bucure\u0219ti, unde a publicat articole care scot la suprafa\u021b\u0103 corup\u021bia din Capital\u0103. Analizeaz\u0103 baze de date zilnic \u0219i scoate pove\u0219ti din exceluri pline de cifre. Pune reflectorul pe adev\u0103r cu fiecare ocazie. A c\u00e2\u0219tigat premiul I la categoria Pres\u0103 Local\u0103 \u00een 2025 \u0219i locul al II-lea la aceea\u0219i categorie \u00een 2024 \u00een cadrul Premiilor Superscrieri pentru jurnalism independent.\",\"url\":\"https:\\\/\\\/buletin.de\\\/bucuresti\\\/author\\\/florinrasteiu\\\/\"}]}<\/script>\n<!-- \/ Yoast SEO Premium plugin. -->","yoast_head_json":{"title":"17 localit\u0103\u021bi din Ilfov au intrat \u00een scenariul ro\u0219u - Buletin de Bucure\u0219ti","robots":{"index":"index","follow":"follow","max-snippet":"max-snippet:-1","max-image-preview":"max-image-preview:large","max-video-preview":"max-video-preview:-1"},"canonical":"https:\/\/buletin.de\/bucuresti\/17-localitati-din-ilfov-au-intrat-in-secnariul-rosu\/","og_locale":"en_GB","og_type":"article","og_title":"17 localit\u0103\u021bi din Ilfov au intrat \u00een scenariul ro\u0219u","og_description":"Comitetului Jude\u0163ean pentru Situa\u0163ii de Urgen\u0163\u0103 Ilfov a decis, vineri, intrarea a 17 localit\u0103\u021bi din Ilfov \u00een scenariul ro\u0219u, deoarece au dep\u0103\u015fit coeficientul de infectare de 3\/1000 de locuitori. Conform Hot\u0103r\u00e2rii CJSU Ilfov , urm\u0103toarele localit\u0103\u021bi au inciden\u0163a cumulat\u0103 a cazurilor de COVID-19 \u00een ultimele 14 zile este mai mare de 3\/1.000 de locuitori: Balote\u015fti [&hellip;]","og_url":"https:\/\/buletin.de\/bucuresti\/17-localitati-din-ilfov-au-intrat-in-secnariul-rosu\/","og_site_name":"Buletin de Bucure\u0219ti","article_publisher":"https:\/\/www.facebook.com\/buletin.de.buc","article_published_time":"2021-02-27T17:06:07+00:00","article_modified_time":"2021-02-28T16:18:20+00:00","og_image":[{"width":225,"height":225,"url":"https:\/\/buletin.de\/bucuresti\/wp-content\/uploads\/bragadiru.jpg","type":"image\/jpeg"}],"author":"Florin R\u00e2\u0219teiu","twitter_card":"summary_large_image","twitter_misc":{"Written by":"Florin R\u00e2\u0219teiu","Estimated reading time":"1 minute"},"schema":{"@context":"https:\/\/schema.org","@graph":[{"@type":"Article","@id":"https:\/\/buletin.de\/bucuresti\/17-localitati-din-ilfov-au-intrat-in-secnariul-rosu\/#article","isPartOf":{"@id":"https:\/\/buletin.de\/bucuresti\/17-localitati-din-ilfov-au-intrat-in-secnariul-rosu\/"},"author":{"name":"Florin R\u00e2\u0219teiu","@id":"https:\/\/buletin.de\/bucuresti\/#\/schema\/person\/b0686d7a8b666c6afc78239777fd8a89"},"headline":"17 localit\u0103\u021bi din Ilfov au intrat \u00een scenariul ro\u0219u","datePublished":"2021-02-27T17:06:07+00:00","dateModified":"2021-02-28T16:18:20+00:00","mainEntityOfPage":{"@id":"https:\/\/buletin.de\/bucuresti\/17-localitati-din-ilfov-au-intrat-in-secnariul-rosu\/"},"wordCount":180,"publisher":{"@id":"https:\/\/buletin.de\/bucuresti\/#organization"},"image":{"@id":"https:\/\/buletin.de\/bucuresti\/17-localitati-din-ilfov-au-intrat-in-secnariul-rosu\/#primaryimage"},"thumbnailUrl":"https:\/\/buletin.de\/bucuresti\/wp-content\/uploads\/bragadiru.jpg","articleSection":["Diverse"],"inLanguage":"en-GB","copyrightYear":"2021","copyrightHolder":{"@id":"https:\/\/buletin.de\/bucuresti\/#organization"}},{"@type":"WebPage","@id":"https:\/\/buletin.de\/bucuresti\/17-localitati-din-ilfov-au-intrat-in-secnariul-rosu\/","url":"https:\/\/buletin.de\/bucuresti\/17-localitati-din-ilfov-au-intrat-in-secnariul-rosu\/","name":"17 localit\u0103\u021bi din Ilfov au intrat \u00een scenariul ro\u0219u - Buletin de Bucure\u0219ti","isPartOf":{"@id":"https:\/\/buletin.de\/bucuresti\/#website"},"primaryImageOfPage":{"@id":"https:\/\/buletin.de\/bucuresti\/17-localitati-din-ilfov-au-intrat-in-secnariul-rosu\/#primaryimage"},"image":{"@id":"https:\/\/buletin.de\/bucuresti\/17-localitati-din-ilfov-au-intrat-in-secnariul-rosu\/#primaryimage"},"thumbnailUrl":"https:\/\/buletin.de\/bucuresti\/wp-content\/uploads\/bragadiru.jpg","datePublished":"2021-02-27T17:06:07+00:00","dateModified":"2021-02-28T16:18:20+00:00","breadcrumb":{"@id":"https:\/\/buletin.de\/bucuresti\/17-localitati-din-ilfov-au-intrat-in-secnariul-rosu\/#breadcrumb"},"inLanguage":"en-GB","potentialAction":[{"@type":"ReadAction","target":["https:\/\/buletin.de\/bucuresti\/17-localitati-din-ilfov-au-intrat-in-secnariul-rosu\/"]}]},{"@type":"ImageObject","inLanguage":"en-GB","@id":"https:\/\/buletin.de\/bucuresti\/17-localitati-din-ilfov-au-intrat-in-secnariul-rosu\/#primaryimage","url":"https:\/\/buletin.de\/bucuresti\/wp-content\/uploads\/bragadiru.jpg","contentUrl":"https:\/\/buletin.de\/bucuresti\/wp-content\/uploads\/bragadiru.jpg","width":225,"height":225},{"@type":"BreadcrumbList","@id":"https:\/\/buletin.de\/bucuresti\/17-localitati-din-ilfov-au-intrat-in-secnariul-rosu\/#breadcrumb","itemListElement":[{"@type":"ListItem","position":1,"name":"Acas\u0103","item":"https:\/\/buletin.de\/bucuresti\/"},{"@type":"ListItem","position":2,"name":"17 localit\u0103\u021bi din Ilfov au intrat \u00een scenariul ro\u0219u"}]},{"@type":"WebSite","@id":"https:\/\/buletin.de\/bucuresti\/#website","url":"https:\/\/buletin.de\/bucuresti\/","name":"Buletin de Bucure\u0219ti","description":"\u0218tiri \u0219i investiga\u021bii esen\u021biale din capital\u0103","publisher":{"@id":"https:\/\/buletin.de\/bucuresti\/#organization"},"potentialAction":[{"@type":"SearchAction","target":{"@type":"EntryPoint","urlTemplate":"https:\/\/buletin.de\/bucuresti\/?s={search_term_string}"},"query-input":{"@type":"PropertyValueSpecification","valueRequired":true,"valueName":"search_term_string"}}],"inLanguage":"en-GB"},{"@type":"Organization","@id":"https:\/\/buletin.de\/bucuresti\/#organization","name":"Buletin de Bucure\u0219ti","url":"https:\/\/buletin.de\/bucuresti\/","logo":{"@type":"ImageObject","inLanguage":"en-GB","@id":"https:\/\/buletin.de\/bucuresti\/#\/schema\/logo\/image\/","url":"https:\/\/buletin.de\/bucuresti\/wp-content\/uploads\/logo-bdb-full-wide-vernil-transparent.png","contentUrl":"https:\/\/buletin.de\/bucuresti\/wp-content\/uploads\/logo-bdb-full-wide-vernil-transparent.png","width":1782,"height":626,"caption":"Buletin de Bucure\u0219ti"},"image":{"@id":"https:\/\/buletin.de\/bucuresti\/#\/schema\/logo\/image\/"},"sameAs":["https:\/\/www.facebook.com\/buletin.de.buc","https:\/\/www.instagram.com\/buletinde.bucuresti\/"]},{"@type":"Person","@id":"https:\/\/buletin.de\/bucuresti\/#\/schema\/person\/b0686d7a8b666c6afc78239777fd8a89","name":"Florin R\u00e2\u0219teiu","image":{"@type":"ImageObject","inLanguage":"en-GB","@id":"https:\/\/buletin.de\/bucuresti\/wp-content\/uploads\/Florin-Rasteiu-96x96.jpgf0a6fe28453aa12f0a60e4d0a2e3a78c","url":"https:\/\/buletin.de\/bucuresti\/wp-content\/uploads\/Florin-Rasteiu-96x96.jpg","contentUrl":"https:\/\/buletin.de\/bucuresti\/wp-content\/uploads\/Florin-Rasteiu-96x96.jpg","caption":"Florin R\u00e2\u0219teiu"},"description":"Jurnalist de investiga\u021bie. Lucreaz\u0103 de aproape 6 ani la Buletin de Bucure\u0219ti, unde a publicat articole care scot la suprafa\u021b\u0103 corup\u021bia din Capital\u0103. Analizeaz\u0103 baze de date zilnic \u0219i scoate pove\u0219ti din exceluri pline de cifre. Pune reflectorul pe adev\u0103r cu fiecare ocazie. A c\u00e2\u0219tigat premiul I la categoria Pres\u0103 Local\u0103 \u00een 2025 \u0219i locul al II-lea la aceea\u0219i categorie \u00een 2024 \u00een cadrul Premiilor Superscrieri pentru jurnalism independent.","url":"https:\/\/buletin.de\/bucuresti\/author\/florinrasteiu\/"}]}},"authors":[{"term_id":22576,"user_id":17,"is_guest":0,"slug":"florinrasteiu","display_name":"Florin R\u00e2\u0219teiu","avatar_url":"https:\/\/buletin.de\/bucuresti\/wp-content\/uploads\/Florin-Rasteiu-96x96.jpg","0":null,"1":"","2":"","3":"","4":"","5":"","6":"","7":"","8":""}],"_links":{"self":[{"href":"https:\/\/buletin.de\/bucuresti\/wp-json\/wp\/v2\/posts\/20826","targetHints":{"allow":["GET"]}}],"collection":[{"href":"https:\/\/buletin.de\/bucuresti\/wp-json\/wp\/v2\/posts"}],"about":[{"href":"https:\/\/buletin.de\/bucuresti\/wp-json\/wp\/v2\/types\/post"}],"author":[{"embeddable":true,"href":"https:\/\/buletin.de\/bucuresti\/wp-json\/wp\/v2\/users\/17"}],"replies":[{"embeddable":true,"href":"https:\/\/buletin.de\/bucuresti\/wp-json\/wp\/v2\/comments?post=20826"}],"version-history":[{"count":3,"href":"https:\/\/buletin.de\/bucuresti\/wp-json\/wp\/v2\/posts\/20826\/revisions"}],"predecessor-version":[{"id":20846,"href":"https:\/\/buletin.de\/bucuresti\/wp-json\/wp\/v2\/posts\/20826\/revisions\/20846"}],"wp:featuredmedia":[{"embeddable":true,"href":"https:\/\/buletin.de\/bucuresti\/wp-json\/wp\/v2\/media\/12119"}],"wp:attachment":[{"href":"https:\/\/buletin.de\/bucuresti\/wp-json\/wp\/v2\/media?parent=20826"}],"wp:term":[{"taxonomy":"category","embeddable":true,"href":"https:\/\/buletin.de\/bucuresti\/wp-json\/wp\/v2\/categories?post=20826"},{"taxonomy":"post_tag","embeddable":true,"href":"https:\/\/buletin.de\/bucuresti\/wp-json\/wp\/v2\/tags?post=20826"},{"taxonomy":"author","embeddable":true,"href":"https:\/\/buletin.de\/bucuresti\/wp-json\/wp\/v2\/ppma_author?post=20826"}],"curies":[{"name":"wp","href":"https:\/\/api.w.org\/{rel}","templated":true}]}}