{"id":20786,"date":"2021-02-26T19:40:38","date_gmt":"2021-02-26T16:40:38","guid":{"rendered":"https:\/\/buletin.de\/bucuresti\/?p=20786"},"modified":"2021-02-26T20:20:05","modified_gmt":"2021-02-26T17:20:05","slug":"live-text-puz-sector-2-a-fost-suspendat-pentru-un-an","status":"publish","type":"post","link":"https:\/\/buletin.de\/bucuresti\/live-text-puz-sector-2-a-fost-suspendat-pentru-un-an\/","title":{"rendered":"LIVE TEXT. Cele cinci PUZ-uri de sector au fost suspendate pentru un an"},"content":{"rendered":"\n<p><strong>19:2<\/strong>0: PUZ coordonator sector 6 a fost suspendat pentru 12 luni, \u00een loc de doi ani, a\u0219a cum s-a propus ini\u021bial. Amendamentul a fost adus de primarul Bucure\u0219tiului, Nicu\u0219or Dan. \u0218edin\u021ba de ast\u0103zi a \u00eenceput cu cinci ore mai t\u00e2rziu dec\u00e2t era programat\u0103 deoarece au avut loc negocieri cu privire la proiectele care propun anularea Planurilor Urbanistice Zonale. Proiectul a trecut cu 29 de voturi pentru, 25 \u00eempotriv\u0103 \u0219i zero ab\u021bineri<\/p>\n\n\n\n<p><strong>19:15<\/strong>: PUZ coordonator sector 5 a fost suspendat pentru 12 luni, \u00een loc de doi ani, a\u0219a cum s-a propus ini\u021bial. Amendamentul a fost adus de primarul Bucure\u0219tiului, Nicu\u0219or Dan. \u0218edin\u021ba de ast\u0103zi a \u00eenceput cu cinci ore mai t\u00e2rziu dec\u00e2t era programat\u0103 deoarece au avut loc negocieri cu privire la proiectele care propun anularea Planurilor Urbanistice Zonale. Proiectul a trecut cu 29 de voturi pentru, 25 \u00eempotriv\u0103 \u0219i zero ab\u021bineri<\/p>\n\n\n\n<p><strong>19:05<\/strong>: PUZ coordonator sector 4 a fost suspendat pentru 12 luni, \u00een loc de doi ani, a\u0219a cum s-a propus ini\u021bial. Amendamentul a fost adus de primarul Bucure\u0219tiului, Nicu\u0219or Dan. \u0218edin\u021ba de ast\u0103zi a \u00eenceput cu cinci ore mai t\u00e2rziu dec\u00e2t era programat\u0103 deoarece au avut loc negocieri cu privire la proiectele care propun anularea Planurilor Urbanistice Zonale. Proiectul a trecut cu 29 de voturi pentru, 23 \u00eempotriv\u0103 \u0219i zero ab\u021bineri<\/p>\n\n\n\n<p><strong>19:00<\/strong>: PUZ coordonator sector 3 a fost suspendat pentru 12 luni, \u00een loc de doi ani, a\u0219a cum s-a propus ini\u021bial. Amendamentul a fost adus de primarul Bucure\u0219tiului, Nicu\u0219or Dan. \u0218edin\u021ba de ast\u0103zi a \u00eenceput cu cinci ore mai t\u00e2rziu dec\u00e2t era programat\u0103 deoarece au avut loc negocieri cu privire la proiectele care propun anularea Planurilor Urbanistice Zonale. Proiectul a trecut cu 29 de voturi pentru, 23 \u00eempotriv\u0103 \u0219i zero ab\u021bineri<\/p>\n\n\n\n<p><strong>18:30:<\/strong> PUZ coordonator sector 2 a fost suspendat pentru 12 luni, \u00een loc de doi ani, a\u0219a cum s-a propus ini\u021bial. Amendamentul a fost adus de primarul Bucure\u0219tiului, Nicu\u0219or Dan. \u0218edin\u021ba de ast\u0103zi a \u00eenceput cu cinci ore mai t\u00e2rziu dec\u00e2t era programat\u0103 deoarece au avut loc negocieri cu privire la proiectele care propun anularea Planurilor Urbanistice Zonale. Proiectul a trecut cu 29 de voturi pentru, 20 \u00eempotriv\u0103 \u0219i zero ab\u021bineri <\/p>\n\n\n\n<p>Proiectul de pe ordinea de zi a fost schimbat chiar \u00eenainte de \u00eenceperea \u0219edin\u021bei de Consiliu General. Dac\u0103 cel ini\u021bial prevedea ca PUZ-urile s\u0103 fie anulate pentru 24 luni, acesta din urm\u0103 solicita anularea pentru doar 3 luni. Schimbarea a venit \u00een urma anun\u021bului f\u0103cut de PNL cum c\u0103 nu vor vota suspendarea pentru doi ani pe motiv c\u0103 este \u201e<em>o situa\u021bie excep\u021bional\u0103 care trebuie rezolvat\u0103 imediat<\/em>\u201d. \u00centr-un final, PNL a acceptat anularea PUZ-urilor pentru o perioad\u0103 de un an.<\/p>\n\n\n\n<blockquote class=\"wp-block-quote is-layout-flow wp-block-quote-is-layout-flow\"><p>\u201ePe propunerea de suspendare a Primarului General, liberalii consider\u0103 c\u0103 problemele din PUZuri trebuie rezolvate imediat dac\u0103 tot se \u0219tie exact unde sunt aceste probleme, cur\u0103\u021bat ora\u0219ul de rechinii imobiliari \u0219i l\u0103sa\u021bi oamenii corec\u021bi s\u0103 contribuie la dezvoltarea armonioas\u0103 a ora\u0219ului.\u201d <\/p><cite>Violeta Alexandru, pre\u0219edintele PNL Bucure\u0219ti<\/cite><\/blockquote>\n\n\n\n<p>Miercuri, primarul general, Nicu\u0219or Dan, a explicat \u00eentr-o conferin\u021b\u0103 de pres\u0103 c\u0103 aceste PUZ-uri duc la betonarea a sute de hectare de spa\u021biu verde \u0219i construc\u0163ii de blocuri de 14 etaje p\u00e2n\u0103 \u00een malul apei. \u201e<em>Urbanismul din Bucure\u015fti, din ultimii ani, a fost o gol\u0103nie, iar cele 5 PUZ-uri de Sector reprezint\u0103 apogeul acestui tip de urbanism<\/em>\u201d, a spus el.<\/p>\n\n\n\n<p>PUZ Sector 3 \u015fi PUZ sector 6 au fost deja anulate de Tribunalul Bucure\u015fti, dar hot\u0103r\u00e2rile nu sunt definitive. Dup\u0103 aprobarea PUZ sector 3, Nicu\u0219or Dan a formulat la DNA o pl\u00e2ngere pentru schimbarea destina\u0163iei de spa\u0163iu verde a mai multor terenuri, precum \u015fi pentru modificarea densit\u0103\u0163ii CUT-ului cu mai mult de 20% pentru alte zone din sectorul 3.<\/p>\n\n\n\n<p>Dac\u0103 CGMB aprob\u0103 suspendarea PUZ-urilor de sector, edilul Capitalei a explicat c\u0103 nu va exista un vid legislativ, ci se va reveni la reglement\u0103rile Planului Urbanistic General. \u201e<em>Este mult mai bun, mult mai coerent, mult mai echilibrat \u00een ceea ce prive\u015fte func\u0163iunile ora\u015fului, dec\u00e2t aceste PUZ-uri de sector care au fost f\u0103cute de ni\u015fte oameni de afaceri, \u00een condi\u0163ii \u00eendoielnice<\/em>\u201d, a spus Nicu\u0219or Dan miercuri. Mai mult dec\u00e2t at\u00e2t, dac\u0103 PUZ-urile de sector au prev\u0103zute proiecte benefice pentru comunitate, acestea se vor putea realiza, cu aprobarea consilierilor generali.<\/p>\n\n\n\n<p>\u00cen proiectul de pe ordinea de zi sunt prev\u0103zute urm\u0103toarele nereguli.<\/p>\n\n\n\n<p><strong>PUZ Coordonator Sector 2<\/strong><\/p>\n\n\n\n<ul class=\"wp-block-list\"><li>Acesta derog\u0103 de la Planul Urbanistic General (PUG) \u0219i schimb\u0103 destina\u021bia unor spa\u021bii verzi prev\u0103zute ca atare \u00een PUG, lucru care este ilegal;<\/li><li>Cifra de spa\u021biu verde propus\u0103 de PUZ sector 2 este de 11.37 mp\/cap de locuitor, adic\u0103 sub nivelul legal de 26 mp;<\/li><li>Construc\u021biile de pe malul Peninsulei Tei prezint\u0103 o tripl\u0103 \u00eenc\u0103lcare a legii: sunt prea aproape de malul apei, \u00een interiorul zonei de inundabilitate, ocup\u0103 inclusiv domeniul public \u0219i opereaz\u0103 o intrare \u00een legalitate;<\/li><\/ul>\n\n\n\n<p><strong>PUZ Coordonator Sector 3<\/strong><\/p>\n\n\n\n<ul class=\"wp-block-list\"><li>Conform PUZ Sector 3, \u0219ase terenuri de 43 hectare \u00ee\u0219i schimb\u0103 func\u021biunea din spa\u021biu verde \u00een spa\u021biu construibil, fapt ce este interzis prin OUG 195\/2005;<\/li><li>Cinci terenuri \u00ee\u0219i schimb\u0103 regimul de \u00een\u0103l\u021bime (majorarea CUT-ului cu mai mult de 20%), ceea ce ar duce la o supraaglomerare a traficului, o suprasolicitare a re\u021belelor de utilit\u0103\u021bi \u0219i afectarea nivelului de via\u021b\u0103;<\/li><li>Unul dintre consilierii care au votat pentru acest PUZ era, totodat\u0103, \u0219i beneficiarul hot\u0103r\u00e2rii, fiind astfel \u00een conflict de interese.<\/li><\/ul>\n\n\n\n<p><strong>PUZ Zona de Sud a Sectorului 4<\/strong><\/p>\n\n\n\n<ul class=\"wp-block-list\"><li>Derog\u0103 de la PUG;<\/li><li>Prevede o dezvoltare urban\u0103 care nu este echilibrat\u0103 \u00een privin\u021ba func\u021biunii de spa\u021biu verde;<\/li><li>O suprafa\u021b\u0103 care avea func\u021biunea de sere devine construibil\u0103.<\/li><li>PUZ Coordonator Sector 5<\/li><li>Cifra de spa\u021biu verde pe cap de locuitor este sub nivelul prev\u0103zut de lege;<\/li><li>PUZ-ul propune o reducere cu 41% a spa\u021biului verde;<\/li><li>Reduce suprafa\u021ba fondului forestier na\u021bional, opera\u021biune care se poate face doar prin Hot\u0103r\u00e2re de Guvern.<\/li><\/ul>\n\n\n\n<p><strong>PUZ Coordonator Sector 6<\/strong><\/p>\n\n\n\n<ul class=\"wp-block-list\"><li>Calculul suprafe\u021bei de spa\u021biu verde pe cap de locuitor porne\u0219te de la o premis\u0103 fals\u0103 privind num\u0103rul locuitorului sectorului;<\/li><li>Suprafa\u021ba total\u0103 a spa\u021biilor verzi nu include doar spa\u021bii verzi existente, ci \u0219i unele fictive;<\/li><li>Derog\u0103 de la PUG deoarece schimb\u0103 destina\u021bia unor terenuri;<\/li><li>Nu a primit evaluare de mediu pe motiv c\u0103 procedura evalu\u0103rii ar fi avut loc \u00een urm\u0103 cu 7 ani.<\/li><\/ul>\n","protected":false},"excerpt":{"rendered":"<p>19:20: PUZ coordonator sector 6 a fost suspendat pentru 12 luni, \u00een loc de doi ani, a\u0219a cum s-a propus ini\u021bial. Amendamentul a fost adus de primarul Bucure\u0219tiului, Nicu\u0219or Dan. \u0218edin\u021ba de ast\u0103zi a \u00eenceput cu cinci ore mai t\u00e2rziu dec\u00e2t era programat\u0103 deoarece au avut loc negocieri cu privire la proiectele care propun anularea [&hellip;]<\/p>\n","protected":false},"author":17,"featured_media":20646,"comment_status":"closed","ping_status":"open","sticky":false,"template":"","format":"standard","meta":{"_acf_changed":false,"inline_featured_image":false,"ngg_post_thumbnail":0,"footnotes":""},"categories":[109,24,62],"tags":[223,2319,2318,2320],"ppma_author":[22576],"class_list":["post-20786","post","type-post","status-publish","format-standard","has-post-thumbnail","hentry","category-mediu","category-primarie","category-stiri","tag-nicusor-dan","tag-puzuri-bucuresti","tag-puzuri-sector","tag-sedinta-de-consiliu"],"acf":[],"yoast_head":"<!-- This site is optimized with the Yoast SEO Premium plugin v25.3 (Yoast SEO v27.4) - https:\/\/yoast.com\/product\/yoast-seo-premium-wordpress\/ -->\n<title>LIVE TEXT. Cele cinci PUZ-uri de sector au fost suspendate pentru un an - Buletin de Bucure\u0219ti<\/title>\n<meta name=\"robots\" content=\"index, follow, max-snippet:-1, max-image-preview:large, max-video-preview:-1\" \/>\n<link rel=\"canonical\" href=\"https:\/\/buletin.de\/bucuresti\/live-text-puz-sector-2-a-fost-suspendat-pentru-un-an\/\" \/>\n<meta property=\"og:locale\" content=\"en_GB\" \/>\n<meta property=\"og:type\" content=\"article\" \/>\n<meta property=\"og:title\" content=\"LIVE TEXT. Cele cinci PUZ-uri de sector au fost suspendate pentru un an\" \/>\n<meta property=\"og:description\" content=\"19:20: PUZ coordonator sector 6 a fost suspendat pentru 12 luni, \u00een loc de doi ani, a\u0219a cum s-a propus ini\u021bial. Amendamentul a fost adus de primarul Bucure\u0219tiului, Nicu\u0219or Dan. \u0218edin\u021ba de ast\u0103zi a \u00eenceput cu cinci ore mai t\u00e2rziu dec\u00e2t era programat\u0103 deoarece au avut loc negocieri cu privire la proiectele care propun anularea [&hellip;]\" \/>\n<meta property=\"og:url\" content=\"https:\/\/buletin.de\/bucuresti\/live-text-puz-sector-2-a-fost-suspendat-pentru-un-an\/\" \/>\n<meta property=\"og:site_name\" content=\"Buletin de Bucure\u0219ti\" \/>\n<meta property=\"article:publisher\" content=\"https:\/\/www.facebook.com\/buletin.de.buc\" \/>\n<meta property=\"article:published_time\" content=\"2021-02-26T16:40:38+00:00\" \/>\n<meta property=\"article:modified_time\" content=\"2021-02-26T17:20:05+00:00\" \/>\n<meta property=\"og:image\" content=\"https:\/\/buletin.de\/bucuresti\/wp-content\/uploads\/image-2020-05-11-23989840-0-intersectie-petricani-a3-puz-coordonator-s2-900x539.png\" \/>\n\t<meta property=\"og:image:width\" content=\"900\" \/>\n\t<meta property=\"og:image:height\" content=\"539\" \/>\n\t<meta property=\"og:image:type\" content=\"image\/png\" \/>\n<meta name=\"author\" content=\"Florin R\u00e2\u0219teiu\" \/>\n<meta name=\"twitter:card\" content=\"summary_large_image\" \/>\n<meta name=\"twitter:label1\" content=\"Written by\" \/>\n\t<meta name=\"twitter:data1\" content=\"Florin R\u00e2\u0219teiu\" \/>\n\t<meta name=\"twitter:label2\" content=\"Estimated reading time\" \/>\n\t<meta name=\"twitter:data2\" content=\"5 minutes\" \/>\n<script type=\"application\/ld+json\" class=\"yoast-schema-graph\">{\"@context\":\"https:\\\/\\\/schema.org\",\"@graph\":[{\"@type\":\"Article\",\"@id\":\"https:\\\/\\\/buletin.de\\\/bucuresti\\\/live-text-puz-sector-2-a-fost-suspendat-pentru-un-an\\\/#article\",\"isPartOf\":{\"@id\":\"https:\\\/\\\/buletin.de\\\/bucuresti\\\/live-text-puz-sector-2-a-fost-suspendat-pentru-un-an\\\/\"},\"author\":{\"name\":\"Florin R\u00e2\u0219teiu\",\"@id\":\"https:\\\/\\\/buletin.de\\\/bucuresti\\\/#\\\/schema\\\/person\\\/b0686d7a8b666c6afc78239777fd8a89\"},\"headline\":\"LIVE TEXT. Cele cinci PUZ-uri de sector au fost suspendate pentru un an\",\"datePublished\":\"2021-02-26T16:40:38+00:00\",\"dateModified\":\"2021-02-26T17:20:05+00:00\",\"mainEntityOfPage\":{\"@id\":\"https:\\\/\\\/buletin.de\\\/bucuresti\\\/live-text-puz-sector-2-a-fost-suspendat-pentru-un-an\\\/\"},\"wordCount\":1096,\"publisher\":{\"@id\":\"https:\\\/\\\/buletin.de\\\/bucuresti\\\/#organization\"},\"image\":{\"@id\":\"https:\\\/\\\/buletin.de\\\/bucuresti\\\/live-text-puz-sector-2-a-fost-suspendat-pentru-un-an\\\/#primaryimage\"},\"thumbnailUrl\":\"https:\\\/\\\/buletin.de\\\/bucuresti\\\/wp-content\\\/uploads\\\/image-2020-05-11-23989840-0-intersectie-petricani-a3-puz-coordonator-s2.png\",\"keywords\":[\"nicusor dan\",\"puzuri bucuresti\",\"puzuri sector\",\"sedinta de consiliu\"],\"articleSection\":[\"Mediu\",\"Prim\u0103rie\",\"\u0218tiri\"],\"inLanguage\":\"en-GB\",\"copyrightYear\":\"2021\",\"copyrightHolder\":{\"@id\":\"https:\\\/\\\/buletin.de\\\/bucuresti\\\/#organization\"}},{\"@type\":\"WebPage\",\"@id\":\"https:\\\/\\\/buletin.de\\\/bucuresti\\\/live-text-puz-sector-2-a-fost-suspendat-pentru-un-an\\\/\",\"url\":\"https:\\\/\\\/buletin.de\\\/bucuresti\\\/live-text-puz-sector-2-a-fost-suspendat-pentru-un-an\\\/\",\"name\":\"LIVE TEXT. Cele cinci PUZ-uri de sector au fost suspendate pentru un an - Buletin de Bucure\u0219ti\",\"isPartOf\":{\"@id\":\"https:\\\/\\\/buletin.de\\\/bucuresti\\\/#website\"},\"primaryImageOfPage\":{\"@id\":\"https:\\\/\\\/buletin.de\\\/bucuresti\\\/live-text-puz-sector-2-a-fost-suspendat-pentru-un-an\\\/#primaryimage\"},\"image\":{\"@id\":\"https:\\\/\\\/buletin.de\\\/bucuresti\\\/live-text-puz-sector-2-a-fost-suspendat-pentru-un-an\\\/#primaryimage\"},\"thumbnailUrl\":\"https:\\\/\\\/buletin.de\\\/bucuresti\\\/wp-content\\\/uploads\\\/image-2020-05-11-23989840-0-intersectie-petricani-a3-puz-coordonator-s2.png\",\"datePublished\":\"2021-02-26T16:40:38+00:00\",\"dateModified\":\"2021-02-26T17:20:05+00:00\",\"breadcrumb\":{\"@id\":\"https:\\\/\\\/buletin.de\\\/bucuresti\\\/live-text-puz-sector-2-a-fost-suspendat-pentru-un-an\\\/#breadcrumb\"},\"inLanguage\":\"en-GB\",\"potentialAction\":[{\"@type\":\"ReadAction\",\"target\":[\"https:\\\/\\\/buletin.de\\\/bucuresti\\\/live-text-puz-sector-2-a-fost-suspendat-pentru-un-an\\\/\"]}]},{\"@type\":\"ImageObject\",\"inLanguage\":\"en-GB\",\"@id\":\"https:\\\/\\\/buletin.de\\\/bucuresti\\\/live-text-puz-sector-2-a-fost-suspendat-pentru-un-an\\\/#primaryimage\",\"url\":\"https:\\\/\\\/buletin.de\\\/bucuresti\\\/wp-content\\\/uploads\\\/image-2020-05-11-23989840-0-intersectie-petricani-a3-puz-coordonator-s2.png\",\"contentUrl\":\"https:\\\/\\\/buletin.de\\\/bucuresti\\\/wp-content\\\/uploads\\\/image-2020-05-11-23989840-0-intersectie-petricani-a3-puz-coordonator-s2.png\",\"width\":1419,\"height\":850},{\"@type\":\"BreadcrumbList\",\"@id\":\"https:\\\/\\\/buletin.de\\\/bucuresti\\\/live-text-puz-sector-2-a-fost-suspendat-pentru-un-an\\\/#breadcrumb\",\"itemListElement\":[{\"@type\":\"ListItem\",\"position\":1,\"name\":\"Acas\u0103\",\"item\":\"https:\\\/\\\/buletin.de\\\/bucuresti\\\/\"},{\"@type\":\"ListItem\",\"position\":2,\"name\":\"LIVE TEXT. Cele cinci PUZ-uri de sector au fost suspendate pentru un an\"}]},{\"@type\":\"WebSite\",\"@id\":\"https:\\\/\\\/buletin.de\\\/bucuresti\\\/#website\",\"url\":\"https:\\\/\\\/buletin.de\\\/bucuresti\\\/\",\"name\":\"Buletin de Bucure\u0219ti\",\"description\":\"\u0218tiri \u0219i investiga\u021bii esen\u021biale din capital\u0103\",\"publisher\":{\"@id\":\"https:\\\/\\\/buletin.de\\\/bucuresti\\\/#organization\"},\"potentialAction\":[{\"@type\":\"SearchAction\",\"target\":{\"@type\":\"EntryPoint\",\"urlTemplate\":\"https:\\\/\\\/buletin.de\\\/bucuresti\\\/?s={search_term_string}\"},\"query-input\":{\"@type\":\"PropertyValueSpecification\",\"valueRequired\":true,\"valueName\":\"search_term_string\"}}],\"inLanguage\":\"en-GB\"},{\"@type\":\"Organization\",\"@id\":\"https:\\\/\\\/buletin.de\\\/bucuresti\\\/#organization\",\"name\":\"Buletin de Bucure\u0219ti\",\"url\":\"https:\\\/\\\/buletin.de\\\/bucuresti\\\/\",\"logo\":{\"@type\":\"ImageObject\",\"inLanguage\":\"en-GB\",\"@id\":\"https:\\\/\\\/buletin.de\\\/bucuresti\\\/#\\\/schema\\\/logo\\\/image\\\/\",\"url\":\"https:\\\/\\\/buletin.de\\\/bucuresti\\\/wp-content\\\/uploads\\\/logo-bdb-full-wide-vernil-transparent.png\",\"contentUrl\":\"https:\\\/\\\/buletin.de\\\/bucuresti\\\/wp-content\\\/uploads\\\/logo-bdb-full-wide-vernil-transparent.png\",\"width\":1782,\"height\":626,\"caption\":\"Buletin de Bucure\u0219ti\"},\"image\":{\"@id\":\"https:\\\/\\\/buletin.de\\\/bucuresti\\\/#\\\/schema\\\/logo\\\/image\\\/\"},\"sameAs\":[\"https:\\\/\\\/www.facebook.com\\\/buletin.de.buc\",\"https:\\\/\\\/www.instagram.com\\\/buletinde.bucuresti\\\/\"]},{\"@type\":\"Person\",\"@id\":\"https:\\\/\\\/buletin.de\\\/bucuresti\\\/#\\\/schema\\\/person\\\/b0686d7a8b666c6afc78239777fd8a89\",\"name\":\"Florin R\u00e2\u0219teiu\",\"image\":{\"@type\":\"ImageObject\",\"inLanguage\":\"en-GB\",\"@id\":\"https:\\\/\\\/buletin.de\\\/bucuresti\\\/wp-content\\\/uploads\\\/Florin-Rasteiu-96x96.jpgf0a6fe28453aa12f0a60e4d0a2e3a78c\",\"url\":\"https:\\\/\\\/buletin.de\\\/bucuresti\\\/wp-content\\\/uploads\\\/Florin-Rasteiu-96x96.jpg\",\"contentUrl\":\"https:\\\/\\\/buletin.de\\\/bucuresti\\\/wp-content\\\/uploads\\\/Florin-Rasteiu-96x96.jpg\",\"caption\":\"Florin R\u00e2\u0219teiu\"},\"description\":\"Jurnalist de investiga\u021bie. Lucreaz\u0103 de aproape 6 ani la Buletin de Bucure\u0219ti, unde a publicat articole care scot la suprafa\u021b\u0103 corup\u021bia din Capital\u0103. Analizeaz\u0103 baze de date zilnic \u0219i scoate pove\u0219ti din exceluri pline de cifre. Pune reflectorul pe adev\u0103r cu fiecare ocazie. A c\u00e2\u0219tigat premiul I la categoria Pres\u0103 Local\u0103 \u00een 2025 \u0219i locul al II-lea la aceea\u0219i categorie \u00een 2024 \u00een cadrul Premiilor Superscrieri pentru jurnalism independent.\",\"url\":\"https:\\\/\\\/buletin.de\\\/bucuresti\\\/author\\\/florinrasteiu\\\/\"}]}<\/script>\n<!-- \/ Yoast SEO Premium plugin. -->","yoast_head_json":{"title":"LIVE TEXT. Cele cinci PUZ-uri de sector au fost suspendate pentru un an - Buletin de Bucure\u0219ti","robots":{"index":"index","follow":"follow","max-snippet":"max-snippet:-1","max-image-preview":"max-image-preview:large","max-video-preview":"max-video-preview:-1"},"canonical":"https:\/\/buletin.de\/bucuresti\/live-text-puz-sector-2-a-fost-suspendat-pentru-un-an\/","og_locale":"en_GB","og_type":"article","og_title":"LIVE TEXT. Cele cinci PUZ-uri de sector au fost suspendate pentru un an","og_description":"19:20: PUZ coordonator sector 6 a fost suspendat pentru 12 luni, \u00een loc de doi ani, a\u0219a cum s-a propus ini\u021bial. Amendamentul a fost adus de primarul Bucure\u0219tiului, Nicu\u0219or Dan. \u0218edin\u021ba de ast\u0103zi a \u00eenceput cu cinci ore mai t\u00e2rziu dec\u00e2t era programat\u0103 deoarece au avut loc negocieri cu privire la proiectele care propun anularea [&hellip;]","og_url":"https:\/\/buletin.de\/bucuresti\/live-text-puz-sector-2-a-fost-suspendat-pentru-un-an\/","og_site_name":"Buletin de Bucure\u0219ti","article_publisher":"https:\/\/www.facebook.com\/buletin.de.buc","article_published_time":"2021-02-26T16:40:38+00:00","article_modified_time":"2021-02-26T17:20:05+00:00","og_image":[{"width":900,"height":539,"url":"https:\/\/buletin.de\/bucuresti\/wp-content\/uploads\/image-2020-05-11-23989840-0-intersectie-petricani-a3-puz-coordonator-s2-900x539.png","type":"image\/png"}],"author":"Florin R\u00e2\u0219teiu","twitter_card":"summary_large_image","twitter_misc":{"Written by":"Florin R\u00e2\u0219teiu","Estimated reading time":"5 minutes"},"schema":{"@context":"https:\/\/schema.org","@graph":[{"@type":"Article","@id":"https:\/\/buletin.de\/bucuresti\/live-text-puz-sector-2-a-fost-suspendat-pentru-un-an\/#article","isPartOf":{"@id":"https:\/\/buletin.de\/bucuresti\/live-text-puz-sector-2-a-fost-suspendat-pentru-un-an\/"},"author":{"name":"Florin R\u00e2\u0219teiu","@id":"https:\/\/buletin.de\/bucuresti\/#\/schema\/person\/b0686d7a8b666c6afc78239777fd8a89"},"headline":"LIVE TEXT. Cele cinci PUZ-uri de sector au fost suspendate pentru un an","datePublished":"2021-02-26T16:40:38+00:00","dateModified":"2021-02-26T17:20:05+00:00","mainEntityOfPage":{"@id":"https:\/\/buletin.de\/bucuresti\/live-text-puz-sector-2-a-fost-suspendat-pentru-un-an\/"},"wordCount":1096,"publisher":{"@id":"https:\/\/buletin.de\/bucuresti\/#organization"},"image":{"@id":"https:\/\/buletin.de\/bucuresti\/live-text-puz-sector-2-a-fost-suspendat-pentru-un-an\/#primaryimage"},"thumbnailUrl":"https:\/\/buletin.de\/bucuresti\/wp-content\/uploads\/image-2020-05-11-23989840-0-intersectie-petricani-a3-puz-coordonator-s2.png","keywords":["nicusor dan","puzuri bucuresti","puzuri sector","sedinta de consiliu"],"articleSection":["Mediu","Prim\u0103rie","\u0218tiri"],"inLanguage":"en-GB","copyrightYear":"2021","copyrightHolder":{"@id":"https:\/\/buletin.de\/bucuresti\/#organization"}},{"@type":"WebPage","@id":"https:\/\/buletin.de\/bucuresti\/live-text-puz-sector-2-a-fost-suspendat-pentru-un-an\/","url":"https:\/\/buletin.de\/bucuresti\/live-text-puz-sector-2-a-fost-suspendat-pentru-un-an\/","name":"LIVE TEXT. Cele cinci PUZ-uri de sector au fost suspendate pentru un an - Buletin de Bucure\u0219ti","isPartOf":{"@id":"https:\/\/buletin.de\/bucuresti\/#website"},"primaryImageOfPage":{"@id":"https:\/\/buletin.de\/bucuresti\/live-text-puz-sector-2-a-fost-suspendat-pentru-un-an\/#primaryimage"},"image":{"@id":"https:\/\/buletin.de\/bucuresti\/live-text-puz-sector-2-a-fost-suspendat-pentru-un-an\/#primaryimage"},"thumbnailUrl":"https:\/\/buletin.de\/bucuresti\/wp-content\/uploads\/image-2020-05-11-23989840-0-intersectie-petricani-a3-puz-coordonator-s2.png","datePublished":"2021-02-26T16:40:38+00:00","dateModified":"2021-02-26T17:20:05+00:00","breadcrumb":{"@id":"https:\/\/buletin.de\/bucuresti\/live-text-puz-sector-2-a-fost-suspendat-pentru-un-an\/#breadcrumb"},"inLanguage":"en-GB","potentialAction":[{"@type":"ReadAction","target":["https:\/\/buletin.de\/bucuresti\/live-text-puz-sector-2-a-fost-suspendat-pentru-un-an\/"]}]},{"@type":"ImageObject","inLanguage":"en-GB","@id":"https:\/\/buletin.de\/bucuresti\/live-text-puz-sector-2-a-fost-suspendat-pentru-un-an\/#primaryimage","url":"https:\/\/buletin.de\/bucuresti\/wp-content\/uploads\/image-2020-05-11-23989840-0-intersectie-petricani-a3-puz-coordonator-s2.png","contentUrl":"https:\/\/buletin.de\/bucuresti\/wp-content\/uploads\/image-2020-05-11-23989840-0-intersectie-petricani-a3-puz-coordonator-s2.png","width":1419,"height":850},{"@type":"BreadcrumbList","@id":"https:\/\/buletin.de\/bucuresti\/live-text-puz-sector-2-a-fost-suspendat-pentru-un-an\/#breadcrumb","itemListElement":[{"@type":"ListItem","position":1,"name":"Acas\u0103","item":"https:\/\/buletin.de\/bucuresti\/"},{"@type":"ListItem","position":2,"name":"LIVE TEXT. Cele cinci PUZ-uri de sector au fost suspendate pentru un an"}]},{"@type":"WebSite","@id":"https:\/\/buletin.de\/bucuresti\/#website","url":"https:\/\/buletin.de\/bucuresti\/","name":"Buletin de Bucure\u0219ti","description":"\u0218tiri \u0219i investiga\u021bii esen\u021biale din capital\u0103","publisher":{"@id":"https:\/\/buletin.de\/bucuresti\/#organization"},"potentialAction":[{"@type":"SearchAction","target":{"@type":"EntryPoint","urlTemplate":"https:\/\/buletin.de\/bucuresti\/?s={search_term_string}"},"query-input":{"@type":"PropertyValueSpecification","valueRequired":true,"valueName":"search_term_string"}}],"inLanguage":"en-GB"},{"@type":"Organization","@id":"https:\/\/buletin.de\/bucuresti\/#organization","name":"Buletin de Bucure\u0219ti","url":"https:\/\/buletin.de\/bucuresti\/","logo":{"@type":"ImageObject","inLanguage":"en-GB","@id":"https:\/\/buletin.de\/bucuresti\/#\/schema\/logo\/image\/","url":"https:\/\/buletin.de\/bucuresti\/wp-content\/uploads\/logo-bdb-full-wide-vernil-transparent.png","contentUrl":"https:\/\/buletin.de\/bucuresti\/wp-content\/uploads\/logo-bdb-full-wide-vernil-transparent.png","width":1782,"height":626,"caption":"Buletin de Bucure\u0219ti"},"image":{"@id":"https:\/\/buletin.de\/bucuresti\/#\/schema\/logo\/image\/"},"sameAs":["https:\/\/www.facebook.com\/buletin.de.buc","https:\/\/www.instagram.com\/buletinde.bucuresti\/"]},{"@type":"Person","@id":"https:\/\/buletin.de\/bucuresti\/#\/schema\/person\/b0686d7a8b666c6afc78239777fd8a89","name":"Florin R\u00e2\u0219teiu","image":{"@type":"ImageObject","inLanguage":"en-GB","@id":"https:\/\/buletin.de\/bucuresti\/wp-content\/uploads\/Florin-Rasteiu-96x96.jpgf0a6fe28453aa12f0a60e4d0a2e3a78c","url":"https:\/\/buletin.de\/bucuresti\/wp-content\/uploads\/Florin-Rasteiu-96x96.jpg","contentUrl":"https:\/\/buletin.de\/bucuresti\/wp-content\/uploads\/Florin-Rasteiu-96x96.jpg","caption":"Florin R\u00e2\u0219teiu"},"description":"Jurnalist de investiga\u021bie. Lucreaz\u0103 de aproape 6 ani la Buletin de Bucure\u0219ti, unde a publicat articole care scot la suprafa\u021b\u0103 corup\u021bia din Capital\u0103. Analizeaz\u0103 baze de date zilnic \u0219i scoate pove\u0219ti din exceluri pline de cifre. Pune reflectorul pe adev\u0103r cu fiecare ocazie. A c\u00e2\u0219tigat premiul I la categoria Pres\u0103 Local\u0103 \u00een 2025 \u0219i locul al II-lea la aceea\u0219i categorie \u00een 2024 \u00een cadrul Premiilor Superscrieri pentru jurnalism independent.","url":"https:\/\/buletin.de\/bucuresti\/author\/florinrasteiu\/"}]}},"authors":[{"term_id":22576,"user_id":17,"is_guest":0,"slug":"florinrasteiu","display_name":"Florin R\u00e2\u0219teiu","avatar_url":"https:\/\/buletin.de\/bucuresti\/wp-content\/uploads\/Florin-Rasteiu-96x96.jpg","0":null,"1":"","2":"","3":"","4":"","5":"","6":"","7":"","8":""}],"_links":{"self":[{"href":"https:\/\/buletin.de\/bucuresti\/wp-json\/wp\/v2\/posts\/20786","targetHints":{"allow":["GET"]}}],"collection":[{"href":"https:\/\/buletin.de\/bucuresti\/wp-json\/wp\/v2\/posts"}],"about":[{"href":"https:\/\/buletin.de\/bucuresti\/wp-json\/wp\/v2\/types\/post"}],"author":[{"embeddable":true,"href":"https:\/\/buletin.de\/bucuresti\/wp-json\/wp\/v2\/users\/17"}],"replies":[{"embeddable":true,"href":"https:\/\/buletin.de\/bucuresti\/wp-json\/wp\/v2\/comments?post=20786"}],"version-history":[{"count":10,"href":"https:\/\/buletin.de\/bucuresti\/wp-json\/wp\/v2\/posts\/20786\/revisions"}],"predecessor-version":[{"id":20804,"href":"https:\/\/buletin.de\/bucuresti\/wp-json\/wp\/v2\/posts\/20786\/revisions\/20804"}],"wp:featuredmedia":[{"embeddable":true,"href":"https:\/\/buletin.de\/bucuresti\/wp-json\/wp\/v2\/media\/20646"}],"wp:attachment":[{"href":"https:\/\/buletin.de\/bucuresti\/wp-json\/wp\/v2\/media?parent=20786"}],"wp:term":[{"taxonomy":"category","embeddable":true,"href":"https:\/\/buletin.de\/bucuresti\/wp-json\/wp\/v2\/categories?post=20786"},{"taxonomy":"post_tag","embeddable":true,"href":"https:\/\/buletin.de\/bucuresti\/wp-json\/wp\/v2\/tags?post=20786"},{"taxonomy":"author","embeddable":true,"href":"https:\/\/buletin.de\/bucuresti\/wp-json\/wp\/v2\/ppma_author?post=20786"}],"curies":[{"name":"wp","href":"https:\/\/api.w.org\/{rel}","templated":true}]}}