{"id":20736,"date":"2021-02-26T10:58:25","date_gmt":"2021-02-26T07:58:25","guid":{"rendered":"https:\/\/buletin.de\/bucuresti\/?p=20736"},"modified":"2021-02-26T12:11:23","modified_gmt":"2021-02-26T09:11:23","slug":"praful-saharian-tine-pe-rosu-senzorii-de-aer-din-capitala-fenomenul-accentueaza-de-trei-zile-poluarea-existenta","status":"publish","type":"post","link":"https:\/\/buletin.de\/bucuresti\/praful-saharian-tine-pe-rosu-senzorii-de-aer-din-capitala-fenomenul-accentueaza-de-trei-zile-poluarea-existenta\/","title":{"rendered":"Praful saharian \u021bine \u201cpe ro\u0219u\u201d senzorii de aer din Capital\u0103. Fenomenul accentueaz\u0103 de trei zile poluarea existent\u0103"},"content":{"rendered":"\n<p><strong>Frontul de praf saharian care m\u0103tur\u0103 zilele acestea Europa de la Vest la Est atinge ast\u0103zi punctul maxim pe teritoriul Rom\u00e2niei. Cantitatea de microparticule de la nivelul solului oscileaz\u0103 \u00eentre 101 \u0219i 120 micrograme per metru cub \u0219i contribuie semnificativ la cantitatea de pulberi generat\u0103 de trafic, de sistemele de \u00eenc\u0103lzire reziden\u021biale \u0219i eventualele arderi ilegale din proximitatea Capitalei.&nbsp;&nbsp;<\/strong><\/p>\n\n\n\n<p>Valorile pentru microparticule sunt dep\u0103\u0219ite pentru a treia zi consecutiv, pe fondul unui fenomen meteorologic ciudat \u0219i care contribuie la poluarea deja exist\u0103 din Capital\u0103. Spre exemplu, ast\u0103zi la ora 9:00, \u00een cartierul Berceni \u0219i \u00een ora\u0219ul Pantelimon valorile pentru PM 2.5 oscilau \u00eentre 83 \u0219i 67 de micrograme. Asta \u00een condi\u021biile \u00een care valoarea maxim\u0103 pentru un aer curat este de 25 \u03bcg\/m3.<\/p>\n\n\n\n<p>Potrivit datelor furnizate de Universitatea din Atena, concentra\u021bia de praf la nivelul solului de pe teritoriul Rom\u00e2niei \u00ee\u0219i va atinge poten\u021bialul maxim \u00een cursul zilei de ast\u0103zi.<\/p>\n\n\n\n<figure class=\"wp-block-video\"><video height=\"504\" style=\"aspect-ratio: 896 \/ 504;\" width=\"896\" autoplay controls loop src=\"https:\/\/buletin.de\/bucuresti\/wp-content\/uploads\/praf-vineri.mp4\" playsinline><\/video><figcaption>Valul de praf saharian va persista p\u00e2n\u0103 duminic\u0103. Sursa: Universitatea din Atena<\/figcaption><\/figure>\n\n\n\n<p>\u201c<em>Valul de praf saharian e un fenomen neobi\u0219nuit iarna. El apare \u00een urma unor furtuni de nisip din Sahara, iar circula\u021bia \u0219i v\u00e2nturile puternice fac ca praful s\u0103 ajung\u0103 \u0219i la noi. De cele mai multe ori el nu e vizibil pentru c\u0103 sunt particule foarte fine de nisip care se afla la o altitudine de 10.000 m. <strong>Vorbim de un diametru extrem de mic iar majoritatea senzorilor pentru PM 2.5 \u00eel detecteaz\u0103 cu u\u0219urin\u021b\u0103. Praful saharian este periculos pentru s\u0103n\u0103tate pentru c\u0103 particulele se fixeaz\u0103 pe alveolele pulmonare<\/strong><\/em>\u201d, explic\u0103 pentru Buletin de Bucure\u0219ti meteorologul Andreea Mocanu.<\/p>\n\n\n\n<p>La nivelurile mari de microparticule de praf saharian se ad\u0103ug\u0103 \u0219i pulberile generate de trafic, de sistemele de \u00eenc\u0103lzire reziden\u021biale \u0219i eventualele arderi ilegale din proximitatea Capitalei.<\/p>\n","protected":false},"excerpt":{"rendered":"<p>Frontul de praf saharian care m\u0103tur\u0103 zilele acestea Europa de la Vest la Est atinge ast\u0103zi punctul maxim pe teritoriul Rom\u00e2niei. Cantitatea de microparticule de la nivelul solului oscileaz\u0103 \u00eentre 101 \u0219i 120 micrograme per metru cub \u0219i contribuie semnificativ la cantitatea de pulberi generat\u0103 de trafic, de sistemele de \u00eenc\u0103lzire reziden\u021biale \u0219i eventualele arderi [&hellip;]<\/p>\n","protected":false},"author":10,"featured_media":20744,"comment_status":"closed","ping_status":"open","sticky":false,"template":"","format":"standard","meta":{"_acf_changed":false,"inline_featured_image":false,"ngg_post_thumbnail":0,"footnotes":""},"categories":[109,4],"tags":[1294,132,457,2302,2314],"ppma_author":[22575],"class_list":["post-20736","post","type-post","status-publish","format-standard","has-post-thumbnail","hentry","category-mediu","category-sanatate","tag-pm-2-5","tag-poluare","tag-praf","tag-praf-saharian","tag-val"],"acf":[],"yoast_head":"<!-- This site is optimized with the Yoast SEO Premium plugin v25.3 (Yoast SEO v27.4) - https:\/\/yoast.com\/product\/yoast-seo-premium-wordpress\/ -->\n<title>Praful saharian \u021bine \u201cpe ro\u0219u\u201d senzorii de aer din Capital\u0103. Fenomenul accentueaz\u0103 de trei zile poluarea existent\u0103 - Buletin de Bucure\u0219ti<\/title>\n<meta name=\"robots\" content=\"index, follow, max-snippet:-1, max-image-preview:large, max-video-preview:-1\" \/>\n<link rel=\"canonical\" href=\"https:\/\/buletin.de\/bucuresti\/praful-saharian-tine-pe-rosu-senzorii-de-aer-din-capitala-fenomenul-accentueaza-de-trei-zile-poluarea-existenta\/\" \/>\n<meta property=\"og:locale\" content=\"en_GB\" \/>\n<meta property=\"og:type\" content=\"article\" \/>\n<meta property=\"og:title\" content=\"Praful saharian \u021bine \u201cpe ro\u0219u\u201d senzorii de aer din Capital\u0103. Fenomenul accentueaz\u0103 de trei zile poluarea existent\u0103\" \/>\n<meta property=\"og:description\" content=\"Frontul de praf saharian care m\u0103tur\u0103 zilele acestea Europa de la Vest la Est atinge ast\u0103zi punctul maxim pe teritoriul Rom\u00e2niei. Cantitatea de microparticule de la nivelul solului oscileaz\u0103 \u00eentre 101 \u0219i 120 micrograme per metru cub \u0219i contribuie semnificativ la cantitatea de pulberi generat\u0103 de trafic, de sistemele de \u00eenc\u0103lzire reziden\u021biale \u0219i eventualele arderi [&hellip;]\" \/>\n<meta property=\"og:url\" content=\"https:\/\/buletin.de\/bucuresti\/praful-saharian-tine-pe-rosu-senzorii-de-aer-din-capitala-fenomenul-accentueaza-de-trei-zile-poluarea-existenta\/\" \/>\n<meta property=\"og:site_name\" content=\"Buletin de Bucure\u0219ti\" \/>\n<meta property=\"article:publisher\" content=\"https:\/\/www.facebook.com\/buletin.de.buc\" \/>\n<meta property=\"article:published_time\" content=\"2021-02-26T07:58:25+00:00\" \/>\n<meta property=\"article:modified_time\" content=\"2021-02-26T09:11:23+00:00\" \/>\n<meta property=\"og:image\" content=\"https:\/\/buletin.de\/bucuresti\/wp-content\/uploads\/cover-praf-saharian-scaled.jpg\" \/>\n\t<meta property=\"og:image:width\" content=\"2560\" \/>\n\t<meta property=\"og:image:height\" content=\"1097\" \/>\n\t<meta property=\"og:image:type\" content=\"image\/jpeg\" \/>\n<meta name=\"author\" content=\"C\u0103t\u0103lin Dosca\u0219\" \/>\n<meta name=\"twitter:card\" content=\"summary_large_image\" \/>\n<meta name=\"twitter:label1\" content=\"Written by\" \/>\n\t<meta name=\"twitter:data1\" content=\"C\u0103t\u0103lin Dosca\u0219\" \/>\n\t<meta name=\"twitter:label2\" content=\"Estimated reading time\" \/>\n\t<meta name=\"twitter:data2\" content=\"2 minutes\" \/>\n<script type=\"application\/ld+json\" class=\"yoast-schema-graph\">{\"@context\":\"https:\\\/\\\/schema.org\",\"@graph\":[{\"@type\":\"Article\",\"@id\":\"https:\\\/\\\/buletin.de\\\/bucuresti\\\/praful-saharian-tine-pe-rosu-senzorii-de-aer-din-capitala-fenomenul-accentueaza-de-trei-zile-poluarea-existenta\\\/#article\",\"isPartOf\":{\"@id\":\"https:\\\/\\\/buletin.de\\\/bucuresti\\\/praful-saharian-tine-pe-rosu-senzorii-de-aer-din-capitala-fenomenul-accentueaza-de-trei-zile-poluarea-existenta\\\/\"},\"author\":{\"name\":\"C\u0103t\u0103lin Dosca\u0219\",\"@id\":\"https:\\\/\\\/buletin.de\\\/bucuresti\\\/#\\\/schema\\\/person\\\/31117187ed4d0bdb0a4c7d6acc79d0f8\"},\"headline\":\"Praful saharian \u021bine \u201cpe ro\u0219u\u201d senzorii de aer din Capital\u0103. Fenomenul accentueaz\u0103 de trei zile poluarea existent\u0103\",\"datePublished\":\"2021-02-26T07:58:25+00:00\",\"dateModified\":\"2021-02-26T09:11:23+00:00\",\"mainEntityOfPage\":{\"@id\":\"https:\\\/\\\/buletin.de\\\/bucuresti\\\/praful-saharian-tine-pe-rosu-senzorii-de-aer-din-capitala-fenomenul-accentueaza-de-trei-zile-poluarea-existenta\\\/\"},\"wordCount\":322,\"publisher\":{\"@id\":\"https:\\\/\\\/buletin.de\\\/bucuresti\\\/#organization\"},\"image\":{\"@id\":\"https:\\\/\\\/buletin.de\\\/bucuresti\\\/praful-saharian-tine-pe-rosu-senzorii-de-aer-din-capitala-fenomenul-accentueaza-de-trei-zile-poluarea-existenta\\\/#primaryimage\"},\"thumbnailUrl\":\"https:\\\/\\\/buletin.de\\\/bucuresti\\\/wp-content\\\/uploads\\\/cover-praf-saharian-scaled.jpg\",\"keywords\":[\"pm 2.5\",\"poluare\",\"praf\",\"praf saharian\",\"val\"],\"articleSection\":[\"Mediu\",\"S\u0103n\u0103tate\"],\"inLanguage\":\"en-GB\",\"copyrightYear\":\"2021\",\"copyrightHolder\":{\"@id\":\"https:\\\/\\\/buletin.de\\\/bucuresti\\\/#organization\"}},{\"@type\":\"WebPage\",\"@id\":\"https:\\\/\\\/buletin.de\\\/bucuresti\\\/praful-saharian-tine-pe-rosu-senzorii-de-aer-din-capitala-fenomenul-accentueaza-de-trei-zile-poluarea-existenta\\\/\",\"url\":\"https:\\\/\\\/buletin.de\\\/bucuresti\\\/praful-saharian-tine-pe-rosu-senzorii-de-aer-din-capitala-fenomenul-accentueaza-de-trei-zile-poluarea-existenta\\\/\",\"name\":\"Praful saharian \u021bine \u201cpe ro\u0219u\u201d senzorii de aer din Capital\u0103. Fenomenul accentueaz\u0103 de trei zile poluarea existent\u0103 - Buletin de Bucure\u0219ti\",\"isPartOf\":{\"@id\":\"https:\\\/\\\/buletin.de\\\/bucuresti\\\/#website\"},\"primaryImageOfPage\":{\"@id\":\"https:\\\/\\\/buletin.de\\\/bucuresti\\\/praful-saharian-tine-pe-rosu-senzorii-de-aer-din-capitala-fenomenul-accentueaza-de-trei-zile-poluarea-existenta\\\/#primaryimage\"},\"image\":{\"@id\":\"https:\\\/\\\/buletin.de\\\/bucuresti\\\/praful-saharian-tine-pe-rosu-senzorii-de-aer-din-capitala-fenomenul-accentueaza-de-trei-zile-poluarea-existenta\\\/#primaryimage\"},\"thumbnailUrl\":\"https:\\\/\\\/buletin.de\\\/bucuresti\\\/wp-content\\\/uploads\\\/cover-praf-saharian-scaled.jpg\",\"datePublished\":\"2021-02-26T07:58:25+00:00\",\"dateModified\":\"2021-02-26T09:11:23+00:00\",\"breadcrumb\":{\"@id\":\"https:\\\/\\\/buletin.de\\\/bucuresti\\\/praful-saharian-tine-pe-rosu-senzorii-de-aer-din-capitala-fenomenul-accentueaza-de-trei-zile-poluarea-existenta\\\/#breadcrumb\"},\"inLanguage\":\"en-GB\",\"potentialAction\":[{\"@type\":\"ReadAction\",\"target\":[\"https:\\\/\\\/buletin.de\\\/bucuresti\\\/praful-saharian-tine-pe-rosu-senzorii-de-aer-din-capitala-fenomenul-accentueaza-de-trei-zile-poluarea-existenta\\\/\"]}]},{\"@type\":\"ImageObject\",\"inLanguage\":\"en-GB\",\"@id\":\"https:\\\/\\\/buletin.de\\\/bucuresti\\\/praful-saharian-tine-pe-rosu-senzorii-de-aer-din-capitala-fenomenul-accentueaza-de-trei-zile-poluarea-existenta\\\/#primaryimage\",\"url\":\"https:\\\/\\\/buletin.de\\\/bucuresti\\\/wp-content\\\/uploads\\\/cover-praf-saharian-scaled.jpg\",\"contentUrl\":\"https:\\\/\\\/buletin.de\\\/bucuresti\\\/wp-content\\\/uploads\\\/cover-praf-saharian-scaled.jpg\",\"width\":2560,\"height\":1097},{\"@type\":\"BreadcrumbList\",\"@id\":\"https:\\\/\\\/buletin.de\\\/bucuresti\\\/praful-saharian-tine-pe-rosu-senzorii-de-aer-din-capitala-fenomenul-accentueaza-de-trei-zile-poluarea-existenta\\\/#breadcrumb\",\"itemListElement\":[{\"@type\":\"ListItem\",\"position\":1,\"name\":\"Acas\u0103\",\"item\":\"https:\\\/\\\/buletin.de\\\/bucuresti\\\/\"},{\"@type\":\"ListItem\",\"position\":2,\"name\":\"Praful saharian \u021bine \u201cpe ro\u0219u\u201d senzorii de aer din Capital\u0103. Fenomenul accentueaz\u0103 de trei zile poluarea existent\u0103\"}]},{\"@type\":\"WebSite\",\"@id\":\"https:\\\/\\\/buletin.de\\\/bucuresti\\\/#website\",\"url\":\"https:\\\/\\\/buletin.de\\\/bucuresti\\\/\",\"name\":\"Buletin de Bucure\u0219ti\",\"description\":\"\u0218tiri \u0219i investiga\u021bii esen\u021biale din capital\u0103\",\"publisher\":{\"@id\":\"https:\\\/\\\/buletin.de\\\/bucuresti\\\/#organization\"},\"potentialAction\":[{\"@type\":\"SearchAction\",\"target\":{\"@type\":\"EntryPoint\",\"urlTemplate\":\"https:\\\/\\\/buletin.de\\\/bucuresti\\\/?s={search_term_string}\"},\"query-input\":{\"@type\":\"PropertyValueSpecification\",\"valueRequired\":true,\"valueName\":\"search_term_string\"}}],\"inLanguage\":\"en-GB\"},{\"@type\":\"Organization\",\"@id\":\"https:\\\/\\\/buletin.de\\\/bucuresti\\\/#organization\",\"name\":\"Buletin de Bucure\u0219ti\",\"url\":\"https:\\\/\\\/buletin.de\\\/bucuresti\\\/\",\"logo\":{\"@type\":\"ImageObject\",\"inLanguage\":\"en-GB\",\"@id\":\"https:\\\/\\\/buletin.de\\\/bucuresti\\\/#\\\/schema\\\/logo\\\/image\\\/\",\"url\":\"https:\\\/\\\/buletin.de\\\/bucuresti\\\/wp-content\\\/uploads\\\/logo-bdb-full-wide-vernil-transparent.png\",\"contentUrl\":\"https:\\\/\\\/buletin.de\\\/bucuresti\\\/wp-content\\\/uploads\\\/logo-bdb-full-wide-vernil-transparent.png\",\"width\":1782,\"height\":626,\"caption\":\"Buletin de Bucure\u0219ti\"},\"image\":{\"@id\":\"https:\\\/\\\/buletin.de\\\/bucuresti\\\/#\\\/schema\\\/logo\\\/image\\\/\"},\"sameAs\":[\"https:\\\/\\\/www.facebook.com\\\/buletin.de.buc\",\"https:\\\/\\\/www.instagram.com\\\/buletinde.bucuresti\\\/\"]},{\"@type\":\"Person\",\"@id\":\"https:\\\/\\\/buletin.de\\\/bucuresti\\\/#\\\/schema\\\/person\\\/31117187ed4d0bdb0a4c7d6acc79d0f8\",\"name\":\"C\u0103t\u0103lin Dosca\u0219\",\"image\":{\"@type\":\"ImageObject\",\"inLanguage\":\"en-GB\",\"@id\":\"https:\\\/\\\/buletin.de\\\/bucuresti\\\/wp-content\\\/uploads\\\/Catalin-Doscas-e1732731064764-96x96.jpga93e2943bb3b1c1f9ead823df6e6317a\",\"url\":\"https:\\\/\\\/buletin.de\\\/bucuresti\\\/wp-content\\\/uploads\\\/Catalin-Doscas-e1732731064764-96x96.jpg\",\"contentUrl\":\"https:\\\/\\\/buletin.de\\\/bucuresti\\\/wp-content\\\/uploads\\\/Catalin-Doscas-e1732731064764-96x96.jpg\",\"caption\":\"C\u0103t\u0103lin Dosca\u0219\"},\"description\":\"Reporter \u0219i redactor-\u0219ef Buletin de Bucure\u0219ti. Lucreaz\u0103 \u00een mass-media de la v\u00e2rsta de 15 ani, c\u00e2nd a publicat primele articole \u00een presa local\u0103 din Tecuci. \u00cen Bucure\u0219ti a lucrat \u00een redac\u021bii radio ca reporter, redactor \u0219i prezentator (StudentFM, Na\u021bionalFM, Radio Total, Smart FM), unde a acoperit domeniile politic, economic, social \u0219i externe. Ulterior, a fost editor-coordonator al postului Realitatea FM. Experien\u021ba \u00een jurnalismul online a dob\u00e2ndit-o la portalul B365.ro, unde a fost editor. \u00cen 2012 s-a angajat \u00een televiziune. La Realitatea TV a fost, pe r\u00e2nd, reporter la sec\u021bia Social, reporter special la emisiunea de reportaje \u0219i anchete \u201eReporterii Realit\u0103\u021bii\u201d, dar \u0219i editor al jurnalelor de \u0219tiri. Ulterior, a f\u0103cut parte din sec\u021bia de Investiga\u021bii de la Digi24 \u0219i a lucrat la campania \u201eRom\u00e2nia furat\u0103\u201d. A revenit \u00een presa scris\u0103 \u00een 2017, ca reporter special, \u00een cadrul unui proiect de repozi\u021bionare a tabloidului Libertatea \u00een cotidian generalist. Este jurnalist Buletin de Bucure\u0219ti din 2019.\",\"url\":\"https:\\\/\\\/buletin.de\\\/bucuresti\\\/author\\\/catalin\\\/\"}]}<\/script>\n<!-- \/ Yoast SEO Premium plugin. -->","yoast_head_json":{"title":"Praful saharian \u021bine \u201cpe ro\u0219u\u201d senzorii de aer din Capital\u0103. Fenomenul accentueaz\u0103 de trei zile poluarea existent\u0103 - Buletin de Bucure\u0219ti","robots":{"index":"index","follow":"follow","max-snippet":"max-snippet:-1","max-image-preview":"max-image-preview:large","max-video-preview":"max-video-preview:-1"},"canonical":"https:\/\/buletin.de\/bucuresti\/praful-saharian-tine-pe-rosu-senzorii-de-aer-din-capitala-fenomenul-accentueaza-de-trei-zile-poluarea-existenta\/","og_locale":"en_GB","og_type":"article","og_title":"Praful saharian \u021bine \u201cpe ro\u0219u\u201d senzorii de aer din Capital\u0103. Fenomenul accentueaz\u0103 de trei zile poluarea existent\u0103","og_description":"Frontul de praf saharian care m\u0103tur\u0103 zilele acestea Europa de la Vest la Est atinge ast\u0103zi punctul maxim pe teritoriul Rom\u00e2niei. Cantitatea de microparticule de la nivelul solului oscileaz\u0103 \u00eentre 101 \u0219i 120 micrograme per metru cub \u0219i contribuie semnificativ la cantitatea de pulberi generat\u0103 de trafic, de sistemele de \u00eenc\u0103lzire reziden\u021biale \u0219i eventualele arderi [&hellip;]","og_url":"https:\/\/buletin.de\/bucuresti\/praful-saharian-tine-pe-rosu-senzorii-de-aer-din-capitala-fenomenul-accentueaza-de-trei-zile-poluarea-existenta\/","og_site_name":"Buletin de Bucure\u0219ti","article_publisher":"https:\/\/www.facebook.com\/buletin.de.buc","article_published_time":"2021-02-26T07:58:25+00:00","article_modified_time":"2021-02-26T09:11:23+00:00","og_image":[{"width":2560,"height":1097,"url":"https:\/\/buletin.de\/bucuresti\/wp-content\/uploads\/cover-praf-saharian-scaled.jpg","type":"image\/jpeg"}],"author":"C\u0103t\u0103lin Dosca\u0219","twitter_card":"summary_large_image","twitter_misc":{"Written by":"C\u0103t\u0103lin Dosca\u0219","Estimated reading time":"2 minutes"},"schema":{"@context":"https:\/\/schema.org","@graph":[{"@type":"Article","@id":"https:\/\/buletin.de\/bucuresti\/praful-saharian-tine-pe-rosu-senzorii-de-aer-din-capitala-fenomenul-accentueaza-de-trei-zile-poluarea-existenta\/#article","isPartOf":{"@id":"https:\/\/buletin.de\/bucuresti\/praful-saharian-tine-pe-rosu-senzorii-de-aer-din-capitala-fenomenul-accentueaza-de-trei-zile-poluarea-existenta\/"},"author":{"name":"C\u0103t\u0103lin Dosca\u0219","@id":"https:\/\/buletin.de\/bucuresti\/#\/schema\/person\/31117187ed4d0bdb0a4c7d6acc79d0f8"},"headline":"Praful saharian \u021bine \u201cpe ro\u0219u\u201d senzorii de aer din Capital\u0103. Fenomenul accentueaz\u0103 de trei zile poluarea existent\u0103","datePublished":"2021-02-26T07:58:25+00:00","dateModified":"2021-02-26T09:11:23+00:00","mainEntityOfPage":{"@id":"https:\/\/buletin.de\/bucuresti\/praful-saharian-tine-pe-rosu-senzorii-de-aer-din-capitala-fenomenul-accentueaza-de-trei-zile-poluarea-existenta\/"},"wordCount":322,"publisher":{"@id":"https:\/\/buletin.de\/bucuresti\/#organization"},"image":{"@id":"https:\/\/buletin.de\/bucuresti\/praful-saharian-tine-pe-rosu-senzorii-de-aer-din-capitala-fenomenul-accentueaza-de-trei-zile-poluarea-existenta\/#primaryimage"},"thumbnailUrl":"https:\/\/buletin.de\/bucuresti\/wp-content\/uploads\/cover-praf-saharian-scaled.jpg","keywords":["pm 2.5","poluare","praf","praf saharian","val"],"articleSection":["Mediu","S\u0103n\u0103tate"],"inLanguage":"en-GB","copyrightYear":"2021","copyrightHolder":{"@id":"https:\/\/buletin.de\/bucuresti\/#organization"}},{"@type":"WebPage","@id":"https:\/\/buletin.de\/bucuresti\/praful-saharian-tine-pe-rosu-senzorii-de-aer-din-capitala-fenomenul-accentueaza-de-trei-zile-poluarea-existenta\/","url":"https:\/\/buletin.de\/bucuresti\/praful-saharian-tine-pe-rosu-senzorii-de-aer-din-capitala-fenomenul-accentueaza-de-trei-zile-poluarea-existenta\/","name":"Praful saharian \u021bine \u201cpe ro\u0219u\u201d senzorii de aer din Capital\u0103. Fenomenul accentueaz\u0103 de trei zile poluarea existent\u0103 - Buletin de Bucure\u0219ti","isPartOf":{"@id":"https:\/\/buletin.de\/bucuresti\/#website"},"primaryImageOfPage":{"@id":"https:\/\/buletin.de\/bucuresti\/praful-saharian-tine-pe-rosu-senzorii-de-aer-din-capitala-fenomenul-accentueaza-de-trei-zile-poluarea-existenta\/#primaryimage"},"image":{"@id":"https:\/\/buletin.de\/bucuresti\/praful-saharian-tine-pe-rosu-senzorii-de-aer-din-capitala-fenomenul-accentueaza-de-trei-zile-poluarea-existenta\/#primaryimage"},"thumbnailUrl":"https:\/\/buletin.de\/bucuresti\/wp-content\/uploads\/cover-praf-saharian-scaled.jpg","datePublished":"2021-02-26T07:58:25+00:00","dateModified":"2021-02-26T09:11:23+00:00","breadcrumb":{"@id":"https:\/\/buletin.de\/bucuresti\/praful-saharian-tine-pe-rosu-senzorii-de-aer-din-capitala-fenomenul-accentueaza-de-trei-zile-poluarea-existenta\/#breadcrumb"},"inLanguage":"en-GB","potentialAction":[{"@type":"ReadAction","target":["https:\/\/buletin.de\/bucuresti\/praful-saharian-tine-pe-rosu-senzorii-de-aer-din-capitala-fenomenul-accentueaza-de-trei-zile-poluarea-existenta\/"]}]},{"@type":"ImageObject","inLanguage":"en-GB","@id":"https:\/\/buletin.de\/bucuresti\/praful-saharian-tine-pe-rosu-senzorii-de-aer-din-capitala-fenomenul-accentueaza-de-trei-zile-poluarea-existenta\/#primaryimage","url":"https:\/\/buletin.de\/bucuresti\/wp-content\/uploads\/cover-praf-saharian-scaled.jpg","contentUrl":"https:\/\/buletin.de\/bucuresti\/wp-content\/uploads\/cover-praf-saharian-scaled.jpg","width":2560,"height":1097},{"@type":"BreadcrumbList","@id":"https:\/\/buletin.de\/bucuresti\/praful-saharian-tine-pe-rosu-senzorii-de-aer-din-capitala-fenomenul-accentueaza-de-trei-zile-poluarea-existenta\/#breadcrumb","itemListElement":[{"@type":"ListItem","position":1,"name":"Acas\u0103","item":"https:\/\/buletin.de\/bucuresti\/"},{"@type":"ListItem","position":2,"name":"Praful saharian \u021bine \u201cpe ro\u0219u\u201d senzorii de aer din Capital\u0103. Fenomenul accentueaz\u0103 de trei zile poluarea existent\u0103"}]},{"@type":"WebSite","@id":"https:\/\/buletin.de\/bucuresti\/#website","url":"https:\/\/buletin.de\/bucuresti\/","name":"Buletin de Bucure\u0219ti","description":"\u0218tiri \u0219i investiga\u021bii esen\u021biale din capital\u0103","publisher":{"@id":"https:\/\/buletin.de\/bucuresti\/#organization"},"potentialAction":[{"@type":"SearchAction","target":{"@type":"EntryPoint","urlTemplate":"https:\/\/buletin.de\/bucuresti\/?s={search_term_string}"},"query-input":{"@type":"PropertyValueSpecification","valueRequired":true,"valueName":"search_term_string"}}],"inLanguage":"en-GB"},{"@type":"Organization","@id":"https:\/\/buletin.de\/bucuresti\/#organization","name":"Buletin de Bucure\u0219ti","url":"https:\/\/buletin.de\/bucuresti\/","logo":{"@type":"ImageObject","inLanguage":"en-GB","@id":"https:\/\/buletin.de\/bucuresti\/#\/schema\/logo\/image\/","url":"https:\/\/buletin.de\/bucuresti\/wp-content\/uploads\/logo-bdb-full-wide-vernil-transparent.png","contentUrl":"https:\/\/buletin.de\/bucuresti\/wp-content\/uploads\/logo-bdb-full-wide-vernil-transparent.png","width":1782,"height":626,"caption":"Buletin de Bucure\u0219ti"},"image":{"@id":"https:\/\/buletin.de\/bucuresti\/#\/schema\/logo\/image\/"},"sameAs":["https:\/\/www.facebook.com\/buletin.de.buc","https:\/\/www.instagram.com\/buletinde.bucuresti\/"]},{"@type":"Person","@id":"https:\/\/buletin.de\/bucuresti\/#\/schema\/person\/31117187ed4d0bdb0a4c7d6acc79d0f8","name":"C\u0103t\u0103lin Dosca\u0219","image":{"@type":"ImageObject","inLanguage":"en-GB","@id":"https:\/\/buletin.de\/bucuresti\/wp-content\/uploads\/Catalin-Doscas-e1732731064764-96x96.jpga93e2943bb3b1c1f9ead823df6e6317a","url":"https:\/\/buletin.de\/bucuresti\/wp-content\/uploads\/Catalin-Doscas-e1732731064764-96x96.jpg","contentUrl":"https:\/\/buletin.de\/bucuresti\/wp-content\/uploads\/Catalin-Doscas-e1732731064764-96x96.jpg","caption":"C\u0103t\u0103lin Dosca\u0219"},"description":"Reporter \u0219i redactor-\u0219ef Buletin de Bucure\u0219ti. Lucreaz\u0103 \u00een mass-media de la v\u00e2rsta de 15 ani, c\u00e2nd a publicat primele articole \u00een presa local\u0103 din Tecuci. \u00cen Bucure\u0219ti a lucrat \u00een redac\u021bii radio ca reporter, redactor \u0219i prezentator (StudentFM, Na\u021bionalFM, Radio Total, Smart FM), unde a acoperit domeniile politic, economic, social \u0219i externe. Ulterior, a fost editor-coordonator al postului Realitatea FM. Experien\u021ba \u00een jurnalismul online a dob\u00e2ndit-o la portalul B365.ro, unde a fost editor. \u00cen 2012 s-a angajat \u00een televiziune. La Realitatea TV a fost, pe r\u00e2nd, reporter la sec\u021bia Social, reporter special la emisiunea de reportaje \u0219i anchete \u201eReporterii Realit\u0103\u021bii\u201d, dar \u0219i editor al jurnalelor de \u0219tiri. Ulterior, a f\u0103cut parte din sec\u021bia de Investiga\u021bii de la Digi24 \u0219i a lucrat la campania \u201eRom\u00e2nia furat\u0103\u201d. A revenit \u00een presa scris\u0103 \u00een 2017, ca reporter special, \u00een cadrul unui proiect de repozi\u021bionare a tabloidului Libertatea \u00een cotidian generalist. Este jurnalist Buletin de Bucure\u0219ti din 2019.","url":"https:\/\/buletin.de\/bucuresti\/author\/catalin\/"}]}},"authors":[{"term_id":22575,"user_id":10,"is_guest":0,"slug":"catalin","display_name":"C\u0103t\u0103lin Dosca\u0219","avatar_url":"https:\/\/buletin.de\/bucuresti\/wp-content\/uploads\/Catalin-Doscas-e1732731064764-96x96.jpg","0":null,"1":"","2":"","3":"","4":"","5":"","6":"","7":"","8":""}],"_links":{"self":[{"href":"https:\/\/buletin.de\/bucuresti\/wp-json\/wp\/v2\/posts\/20736","targetHints":{"allow":["GET"]}}],"collection":[{"href":"https:\/\/buletin.de\/bucuresti\/wp-json\/wp\/v2\/posts"}],"about":[{"href":"https:\/\/buletin.de\/bucuresti\/wp-json\/wp\/v2\/types\/post"}],"author":[{"embeddable":true,"href":"https:\/\/buletin.de\/bucuresti\/wp-json\/wp\/v2\/users\/10"}],"replies":[{"embeddable":true,"href":"https:\/\/buletin.de\/bucuresti\/wp-json\/wp\/v2\/comments?post=20736"}],"version-history":[{"count":8,"href":"https:\/\/buletin.de\/bucuresti\/wp-json\/wp\/v2\/posts\/20736\/revisions"}],"predecessor-version":[{"id":20752,"href":"https:\/\/buletin.de\/bucuresti\/wp-json\/wp\/v2\/posts\/20736\/revisions\/20752"}],"wp:featuredmedia":[{"embeddable":true,"href":"https:\/\/buletin.de\/bucuresti\/wp-json\/wp\/v2\/media\/20744"}],"wp:attachment":[{"href":"https:\/\/buletin.de\/bucuresti\/wp-json\/wp\/v2\/media?parent=20736"}],"wp:term":[{"taxonomy":"category","embeddable":true,"href":"https:\/\/buletin.de\/bucuresti\/wp-json\/wp\/v2\/categories?post=20736"},{"taxonomy":"post_tag","embeddable":true,"href":"https:\/\/buletin.de\/bucuresti\/wp-json\/wp\/v2\/tags?post=20736"},{"taxonomy":"author","embeddable":true,"href":"https:\/\/buletin.de\/bucuresti\/wp-json\/wp\/v2\/ppma_author?post=20736"}],"curies":[{"name":"wp","href":"https:\/\/api.w.org\/{rel}","templated":true}]}}