{"id":206599,"date":"2026-07-18T16:02:52","date_gmt":"2026-07-18T13:02:52","guid":{"rendered":"https:\/\/buletin.de\/bucuresti\/?p=206599"},"modified":"2026-07-18T16:11:39","modified_gmt":"2026-07-18T13:11:39","slug":"largirea-la-patru-benzi-a-centurii-bucuresti-intre-dn2-si-a2-va-fi-gata-cel-mai-devreme-in-decembrie-2027-se-lucreaza-de-14-ani","status":"publish","type":"post","link":"https:\/\/buletin.de\/bucuresti\/largirea-la-patru-benzi-a-centurii-bucuresti-intre-dn2-si-a2-va-fi-gata-cel-mai-devreme-in-decembrie-2027-se-lucreaza-de-14-ani\/","title":{"rendered":"L\u0103rgirea la patru benzi a Centurii Bucure\u0219ti \u00eentre DN2 \u0219i A2 va fi gata, cel mai devreme, \u00een decembrie 2027. Se lucreaz\u0103 de 14 ani"},"content":{"rendered":"\n<p class=\"wp-block-paragraph\"><strong>Lucr\u0103rile pentru l\u0103rgirea la patru benzi a Centurii Bucure\u0219ti \u00eentre DN2 \u0219i A2 au avansat, dar un termen realist de finalizare a \u0219antierului este sf\u00e2r\u0219itul anului viitor, a <a href=\"https:\/\/www.facebook.com\/photo\/?fbid=1553548959490288&amp;set=pcb.1553550596156791\" target=\"_blank\" rel=\"noreferrer noopener\">explicat<\/a> secretarul de stat \u00een Ministerul Transporturilor Ionel Scrio\u0219teanu. <\/strong><\/p>\n\n\n\n<p class=\"wp-block-paragraph\">\u0218antierul a fost deschis, prima dat\u0103, \u00een 2012, dar contractul a fost reziliat de dou\u0103 ori. Noul constructor, Maristrar Com SRL &#8211; Hydrostroy AD &#8211; Patstroy VDH EAD, a preluat lucrarea anul trecut, de la stadiul fizic de 20,76%.<\/p>\n\n\n\n<h2 id=\"h-ce-s-a-facut-pana-acum-intre-dn2-\u0219i-a2\" class=\"wp-block-heading\">Ce s-a f\u0103cut p\u00e2n\u0103 acum \u00eentre DN2 \u0219i A2<\/h2>\n\n\n\n<p class=\"wp-block-paragraph\">Tronsonul \u00eentre DN2 \u0219i A2 din centura Capitalei are 11,5 km lungime, iar stadiul lucr\u0103rilor este urm\u0103torul, potrivit lui Ionel Scrio\u0219teanu: <\/p>\n\n\n\n<ul class=\"wp-block-list\">\n<li>se execut\u0103 lucr\u0103ri de s\u0103p\u0103turi la cota terenului de fundare \u00eentre km 13+600 &#8211; km 13+700;<\/li>\n\n\n\n<li>se execut\u0103 lucr\u0103ri de umpluturi la cota stratului de form\u0103 \u00eentre km 13+600 \u2013 km 13+700 \u0219i 18+650 \u2013 km 18+850;<\/li>\n\n\n\n<li>se execut\u0103 lucr\u0103ri de a\u0219ternere a stratului de funda\u021bie din balast \u00eentre km 22+650 &#8211; km 23+000;<\/li>\n\n\n\n<li>se execut\u0103 lucr\u0103ri la sistemul de colectare \u0219i evacuare a apelor pluviale, respectiv lucr\u0103ri de demolare a \u0219an\u021burilor \/ rigolelor existente (km 14+800 \u2013 km 15+000), aducere la cot\u0103 a rigolelor carosabile (km 15+000 \u2013 km 15+500 \u0219i km16+350 \u2013 km 17+200), betonare la rigola carosabil\u0103 existent\u0103 ( km 16+900), betonare pere\u021bi \u0219i radier la rigola carosabil\u0103 existent\u0103 (km 17+700), cofrare \u0219i armare a rigolei carosabile monolite (km 17+600 \u2013 km 18+000);<\/li>\n\n\n\n<li>se execut\u0103 lucr\u0103ri de relocare a re\u021belelor de instala\u021bii electrice de joas\u0103, medie \u0219i \u00eenalt\u0103 tensiune \u0219i de gaze naturale;<\/li>\n\n\n\n<li>se execut\u0103 lucr\u0103ride amenajare a noului post de control \/ acces de la unitatea militar\u0103 UM01490, precum \u0219i lucr\u0103rile de \u00eemprejmuire de la unit\u0103\u021bile militare UM01490 \u0219i UM1766.<\/li>\n<\/ul>\n\n\n\n<p class=\"wp-block-paragraph\">Iar la structuri<\/p>\n\n\n\n<ul class=\"wp-block-list\">\n<li>La pasajul de la km 19+371 (intersec\u021bie DNCB \u2013 DJ301) sunt executate 21 de pile la nivel de eleva\u021bii dintr-un total de 31 \u0219i 5 culee dintr-un total de 6 (68%);<\/li>\n\n\n\n<li>La noul pasaj de la km 21+708 (peste linia CF Bucure\u0219ti \u2013 Olteni\u021ba):<\/li>\n\n\n\n<li>infrastructura reprezentat\u0103 de 4 pile \u0219i 2 culee este \u00een totalitate executat\u0103, iar \u00een acest moment sunt aduse pe \u0219antier un num\u0103r de 45 de grinzi prefabricate, acest num\u0103r reprezent\u00e2nd necesarul total \u00een vederea execu\u021biei suprastructurii pasajului;<\/li>\n\n\n\n<li>Sunt demarate lucr\u0103rile preg\u0103titoare \u00een ceea ce prive\u0219te realizarea antretoazelor necesare mont\u0103rii grinzilor pe pozi\u021bii;<\/li>\n\n\n\n<li>Sunt demarate lucr\u0103rile preg\u0103titoare \u00een vederea execu\u021biei rampei de acces, din p\u0103m\u00e2nt armat.<\/li>\n<\/ul>\n\n\n\n<p class=\"wp-block-paragraph\"><strong>CITE\u0218TE \u0218I:<a href=\"https:\/\/buletin.de\/bucuresti\/lotul-1-al-a0-nord-risca-sa-nu-fie-deschis-nici-macar-in-aprilie-2027-oficialii-din-transporturi-se-contrazic-cu-privire-la-data-inaugurarii\/\" target=\"_blank\" rel=\"noreferrer noopener\"> Lotul 1 al A0 Nord risc\u0103 s\u0103 nu fie deschis nici m\u0103car \u00een aprilie 2027. Oficialii din Transporturi se contrazic cu privire la data inaugur\u0103rii<\/a><\/strong><\/p>\n\n\n\n<h2 id=\"h-de-ce-va-fi-gata-atat-de-tarziu-tronsonul\" class=\"wp-block-heading\">De ce va fi gata at\u00e2t de t\u00e2rziu tronsonul<\/h2>\n\n\n\n<p class=\"wp-block-paragraph\">\u201ePrincipalele lucr\u0103ri pe acest \u0219antier sunt: l\u0103rgirea la 4 benzi a Centurii Bucure\u0219ti pe 11,45 km lungime, pasaj rutier peste DJ301 la Cernica (400 metri lungime), pasaj rutier peste calea ferat\u0103 Bucure\u0219ti &#8211; Constan\u021ba (124 metri lungime), pasaj rutier peste calea ferat\u0103 Bucure\u0219ti &#8211; Olteni\u021ba (105 metri lungime), parcare de scurt\u0103 durat\u0103, punct de \u00eentoarcere, trei intersec\u021bii la nivel (DN2, DN3 \u0219i A1)<\/p>\n\n\n\n<p class=\"wp-block-paragraph\">Av\u00e2nd in vedere c\u0103 unul dintre pasajele peste CF este reproiectat un termen realist de finalizare a lucr\u0103rilor este sf\u00e2r\u0219itul anului viitor\u201d, a estimat secretarul de stat \u00een Ministerul Transporturilor. <\/p>\n\n\n\n<p class=\"wp-block-paragraph\"><a href=\"https:\/\/buletin.de\/bucuresti\/modernizarea-centurii-capitalei-intre-e85-si-autostrada-soarelui-reluata-dupa-11-ani-si-doua-rezilieri-santierul-a-ajuns-abia-la-20\/\">Sectorul Centurii Capitalei dintre DN2 \u0219i A2 a ajuns la a treia \u00eencercare a companiei de drumuri de a moderniza cei 11 kilometri de drum, din 2012 \u015fi p\u00e2n\u0103 \u00een prezent, dup\u0103 ce contractul a fost reziliat de dou\u0103 ori. &nbsp;<\/a><\/p>\n\n\n\n<p class=\"wp-block-paragraph\">Contractul ini\u021bial cu firma italian\u0103 Tirrena Scavi a fost reziliat \u00een decembrie 2022, din cauza lipsei de mobilizare a constructorului, care avea un progres fizic \u00een \u0219antier de doar 20,76%.<\/p>\n\n\n\n<p class=\"wp-block-paragraph\">Acesta a fost cel de-al doilea contract reziliat de compania de drumuri pentru acest segment din Centura Capitalei. Pentru por\u0163iunea care ar fi trebuit s\u0103 completeze Centura de Nord \u015fi care ar fi trebuit s\u0103 faciliteze traficul rutier \u00eentre autostr\u0103zile Ploie\u015fti-Bucure\u015fti \u015fi Bucure\u015fti-Constan\u0163a, lucr\u0103rile au fost atribuite \u00een august 2012 asocierii SC Tehnologica Radion SRL, Consitrans SRL \u015fi Pro Cons XXI SRL. \u00cen februarie 2015, contractul de peste 40 de milioane de euro (40,2 mil. euro) a fost reziliat.<\/p>\n\n\n\n<figure class=\"wp-block-image\"><img fetchpriority=\"high\" decoding=\"async\" width=\"900\" height=\"468\" src=\"data:image\/gif;base64,R0lGODlhAQABAAAAACH5BAEKAAEALAAAAAABAAEAAAICTAEAOw==\" data-src=\"https:\/\/buletin.de\/bucuresti\/wp-content\/uploads\/dncb-2-900x468.png\" alt=\"\" class=\"wp-image-69163 lazyload\" data-sizes=\"auto\" data-srcset=\"https:\/\/buletin.de\/bucuresti\/wp-content\/uploads\/dncb-2-900x468.png 900w, https:\/\/buletin.de\/bucuresti\/wp-content\/uploads\/dncb-2-300x156.png 300w, https:\/\/buletin.de\/bucuresti\/wp-content\/uploads\/dncb-2-768x399.png 768w, https:\/\/buletin.de\/bucuresti\/wp-content\/uploads\/dncb-2-1536x799.png 1536w, https:\/\/buletin.de\/bucuresti\/wp-content\/uploads\/dncb-2-1600x832.png 1600w, https:\/\/buletin.de\/bucuresti\/wp-content\/uploads\/dncb-2-1100x572.png 1100w, https:\/\/buletin.de\/bucuresti\/wp-content\/uploads\/dncb-2-600x312.png 600w, https:\/\/buletin.de\/bucuresti\/wp-content\/uploads\/dncb-2-20x10.png 20w, https:\/\/buletin.de\/bucuresti\/wp-content\/uploads\/dncb-2.png 1938w\" sizes=\"(max-width: 900px) 100vw, 900px\" \/><\/figure>\n\n\n\n<p class=\"wp-block-paragraph\">Pentru cele \u015fapte procente din lucrare, c\u00e2t au reu\u015fit constructorii s\u0103 fac\u0103 \u00een patru ani, statul a pl\u0103tit aproape cinci milioane de euro.<\/p>\n\n\n\n<p class=\"wp-block-paragraph\">Dup\u0103 mai bine de doi ani, \u00een august 2017, Compania Na\u021bional\u0103 de Drumuri a anun\u021bat \u00eencheierea unei noi proceduri de achizi\u0163ie public\u0103 dup\u0103 ce 12 oferte au fost depuse pentru un contract anun\u021bat de aproape 74 de milioane de euro, adic\u0103 aproape dublu fa\u0163\u0103 de cel semnat \u00een 2012.<\/p>\n\n\n\n<p class=\"wp-block-paragraph\">Contractul reziliat \u00een decembrie &nbsp;2022 cu Tirrena Scavi fusese semnat pentru aproximativ 48 de milioane de euro iar lucr\u0103rile ar trebuit s\u0103 fie gata \u00een 15 luni.<\/p>\n\n\n\n<p class=\"wp-block-paragraph\">Anul trecut, \u00een august, a fost emis un nou ordin <strong>pentru \u00eenceperea lucr\u0103rilor de l\u0103rgire la patru benzi a Centurii Capitalei, pe segmentul \u00eentre DN 2 \u0219i A2<\/strong>.<\/p>\n\n\n\n<p class=\"wp-block-paragraph\"><strong>CITE\u0218TE \u0218I: <a href=\"https:\/\/buletin.de\/bucuresti\/incep-lucrarile-de-largire-la-patru-benzi-a-centurii-capitalei-intre-dn-2-si-autostrada-soarelui\/\" target=\"_blank\" rel=\"noreferrer noopener\">\u00cencep lucr\u0103rile de l\u0103rgire la patru benzi a Centurii Capitalei, \u00eentre DN 2 \u0219i Autostrada Soarelui<\/a><\/strong><\/p>\n","protected":false},"excerpt":{"rendered":"<p>Lucr\u0103rile pentru l\u0103rgirea la patru benzi a Centurii Bucure\u0219ti \u00eentre DN2 \u0219i A2 au avansat, dar un termen realist de finalizare a \u0219antierului este sf\u00e2r\u0219itul anului viitor, a explicat secretarul de stat \u00een Ministerul Transporturilor Ionel Scrio\u0219teanu. \u0218antierul a fost deschis, prima dat\u0103, \u00een 2012, dar contractul a fost reziliat de dou\u0103 ori. Noul constructor, [&hellip;]<\/p>\n","protected":false},"author":60,"featured_media":206602,"comment_status":"closed","ping_status":"open","sticky":false,"template":"","format":"standard","meta":{"_acf_changed":false,"inline_featured_image":false,"ngg_post_thumbnail":0,"footnotes":""},"categories":[6994,5762,650],"tags":[984,2732,983,29519],"ppma_author":[22582],"class_list":["post-206599","post","type-post","status-publish","format-standard","has-post-thumbnail","hentry","category-stiri-2","category-main","category-transport","tag-a2","tag-centura-capitalei","tag-dn2","tag-largirea-centurii"],"acf":[],"a3_pvc":{"activated":false,"total_views":0,"today_views":0},"yoast_head":"<!-- This site is optimized with the Yoast SEO Premium plugin v28.0 (Yoast SEO v28.3) - https:\/\/yoast.com\/product\/yoast-seo-premium-wordpress\/ -->\n<title>L\u0103rgirea la patru benzi a Centurii Bucure\u0219ti \u00eentre DN2 \u0219i A2 va fi gata, cel mai devreme, \u00een decembrie 2027. Se lucreaz\u0103 de 14 ani - Buletin de Bucure\u0219ti<\/title>\n<meta name=\"description\" content=\"Lucr\u0103rile pentru l\u0103rgirea la patru benzi a Centurii Bucure\u0219ti \u00eentre DN2 \u0219i A2 au avansat. Vor fi gata anul viitor.\" \/>\n<meta name=\"robots\" content=\"index, follow, max-snippet:-1, max-image-preview:large, max-video-preview:-1\" \/>\n<link rel=\"canonical\" href=\"https:\/\/buletin.de\/bucuresti\/largirea-la-patru-benzi-a-centurii-bucuresti-intre-dn2-si-a2-va-fi-gata-cel-mai-devreme-in-decembrie-2027-se-lucreaza-de-14-ani\/\" \/>\n<meta property=\"og:locale\" content=\"en_GB\" \/>\n<meta property=\"og:type\" content=\"article\" \/>\n<meta property=\"og:title\" content=\"L\u0103rgirea la patru benzi a Centurii Bucure\u0219ti \u00eentre DN2 \u0219i A2 va fi gata, cel mai devreme, \u00een decembrie 2027. Se lucreaz\u0103 de 14 ani\" \/>\n<meta property=\"og:description\" content=\"Lucr\u0103rile pentru l\u0103rgirea la patru benzi a Centurii Bucure\u0219ti \u00eentre DN2 \u0219i A2 au avansat. Vor fi gata anul viitor.\" \/>\n<meta property=\"og:url\" content=\"https:\/\/buletin.de\/bucuresti\/largirea-la-patru-benzi-a-centurii-bucuresti-intre-dn2-si-a2-va-fi-gata-cel-mai-devreme-in-decembrie-2027-se-lucreaza-de-14-ani\/\" \/>\n<meta property=\"og:site_name\" content=\"Buletin de Bucure\u0219ti\" \/>\n<meta property=\"article:publisher\" content=\"https:\/\/www.facebook.com\/buletin.de.buc\" \/>\n<meta property=\"article:published_time\" content=\"2026-07-18T13:02:52+00:00\" \/>\n<meta property=\"article:modified_time\" content=\"2026-07-18T13:11:39+00:00\" \/>\n<meta property=\"og:image\" content=\"https:\/\/buletin.de\/bucuresti\/wp-content\/uploads\/2026\/07\/largireacentruiibucurestia2dn2.jpg\" \/>\n\t<meta property=\"og:image:width\" content=\"2048\" \/>\n\t<meta property=\"og:image:height\" content=\"1536\" \/>\n\t<meta property=\"og:image:type\" content=\"image\/jpeg\" \/>\n<meta name=\"author\" content=\"R\u0103zvan Chiru\u021b\u0103\" \/>\n<meta name=\"twitter:card\" content=\"summary_large_image\" \/>\n<meta name=\"twitter:label1\" content=\"Written by\" \/>\n\t<meta name=\"twitter:data1\" content=\"R\u0103zvan Chiru\u021b\u0103\" \/>\n\t<meta name=\"twitter:label2\" content=\"Estimated reading time\" \/>\n\t<meta name=\"twitter:data2\" content=\"4 minutes\" \/>\n<script type=\"application\/ld+json\" class=\"yoast-schema-graph\">{\"@context\":\"https:\\\/\\\/schema.org\",\"@graph\":[{\"@type\":\"Article\",\"@id\":\"https:\\\/\\\/buletin.de\\\/bucuresti\\\/largirea-la-patru-benzi-a-centurii-bucuresti-intre-dn2-si-a2-va-fi-gata-cel-mai-devreme-in-decembrie-2027-se-lucreaza-de-14-ani\\\/#article\",\"isPartOf\":{\"@id\":\"https:\\\/\\\/buletin.de\\\/bucuresti\\\/largirea-la-patru-benzi-a-centurii-bucuresti-intre-dn2-si-a2-va-fi-gata-cel-mai-devreme-in-decembrie-2027-se-lucreaza-de-14-ani\\\/\"},\"author\":{\"name\":\"R\u0103zvan Chiru\u021b\u0103\",\"@id\":\"https:\\\/\\\/buletin.de\\\/bucuresti\\\/#\\\/schema\\\/person\\\/a76df728dfc913795a9d90e346b253bb\"},\"headline\":\"L\u0103rgirea la patru benzi a Centurii Bucure\u0219ti \u00eentre DN2 \u0219i A2 va fi gata, cel mai devreme, \u00een decembrie 2027. Se lucreaz\u0103 de 14 ani\",\"datePublished\":\"2026-07-18T13:02:52+00:00\",\"dateModified\":\"2026-07-18T13:11:39+00:00\",\"mainEntityOfPage\":{\"@id\":\"https:\\\/\\\/buletin.de\\\/bucuresti\\\/largirea-la-patru-benzi-a-centurii-bucuresti-intre-dn2-si-a2-va-fi-gata-cel-mai-devreme-in-decembrie-2027-se-lucreaza-de-14-ani\\\/\"},\"wordCount\":862,\"publisher\":{\"@id\":\"https:\\\/\\\/buletin.de\\\/bucuresti\\\/#organization\"},\"image\":{\"@id\":\"https:\\\/\\\/buletin.de\\\/bucuresti\\\/largirea-la-patru-benzi-a-centurii-bucuresti-intre-dn2-si-a2-va-fi-gata-cel-mai-devreme-in-decembrie-2027-se-lucreaza-de-14-ani\\\/#primaryimage\"},\"thumbnailUrl\":\"https:\\\/\\\/buletin.de\\\/bucuresti\\\/wp-content\\\/uploads\\\/2026\\\/07\\\/largireacentruiibucurestia2dn2.jpg\",\"keywords\":[\"a2\",\"centura capitalei\",\"dn2\",\"largirea centurii\"],\"articleSection\":[\"Articole\",\"Main\",\"Transport\"],\"inLanguage\":\"en-GB\",\"copyrightYear\":\"2026\",\"copyrightHolder\":{\"@id\":\"https:\\\/\\\/buletin.de\\\/bucuresti\\\/#organization\"}},{\"@type\":\"WebPage\",\"@id\":\"https:\\\/\\\/buletin.de\\\/bucuresti\\\/largirea-la-patru-benzi-a-centurii-bucuresti-intre-dn2-si-a2-va-fi-gata-cel-mai-devreme-in-decembrie-2027-se-lucreaza-de-14-ani\\\/\",\"url\":\"https:\\\/\\\/buletin.de\\\/bucuresti\\\/largirea-la-patru-benzi-a-centurii-bucuresti-intre-dn2-si-a2-va-fi-gata-cel-mai-devreme-in-decembrie-2027-se-lucreaza-de-14-ani\\\/\",\"name\":\"L\u0103rgirea la patru benzi a Centurii Bucure\u0219ti \u00eentre DN2 \u0219i A2 va fi gata, cel mai devreme, \u00een decembrie 2027. Se lucreaz\u0103 de 14 ani - Buletin de Bucure\u0219ti\",\"isPartOf\":{\"@id\":\"https:\\\/\\\/buletin.de\\\/bucuresti\\\/#website\"},\"primaryImageOfPage\":{\"@id\":\"https:\\\/\\\/buletin.de\\\/bucuresti\\\/largirea-la-patru-benzi-a-centurii-bucuresti-intre-dn2-si-a2-va-fi-gata-cel-mai-devreme-in-decembrie-2027-se-lucreaza-de-14-ani\\\/#primaryimage\"},\"image\":{\"@id\":\"https:\\\/\\\/buletin.de\\\/bucuresti\\\/largirea-la-patru-benzi-a-centurii-bucuresti-intre-dn2-si-a2-va-fi-gata-cel-mai-devreme-in-decembrie-2027-se-lucreaza-de-14-ani\\\/#primaryimage\"},\"thumbnailUrl\":\"https:\\\/\\\/buletin.de\\\/bucuresti\\\/wp-content\\\/uploads\\\/2026\\\/07\\\/largireacentruiibucurestia2dn2.jpg\",\"datePublished\":\"2026-07-18T13:02:52+00:00\",\"dateModified\":\"2026-07-18T13:11:39+00:00\",\"description\":\"Lucr\u0103rile pentru l\u0103rgirea la patru benzi a Centurii Bucure\u0219ti \u00eentre DN2 \u0219i A2 au avansat. Vor fi gata anul viitor.\",\"breadcrumb\":{\"@id\":\"https:\\\/\\\/buletin.de\\\/bucuresti\\\/largirea-la-patru-benzi-a-centurii-bucuresti-intre-dn2-si-a2-va-fi-gata-cel-mai-devreme-in-decembrie-2027-se-lucreaza-de-14-ani\\\/#breadcrumb\"},\"inLanguage\":\"en-GB\",\"potentialAction\":[{\"@type\":\"ReadAction\",\"target\":[\"https:\\\/\\\/buletin.de\\\/bucuresti\\\/largirea-la-patru-benzi-a-centurii-bucuresti-intre-dn2-si-a2-va-fi-gata-cel-mai-devreme-in-decembrie-2027-se-lucreaza-de-14-ani\\\/\"]}]},{\"@type\":\"ImageObject\",\"inLanguage\":\"en-GB\",\"@id\":\"https:\\\/\\\/buletin.de\\\/bucuresti\\\/largirea-la-patru-benzi-a-centurii-bucuresti-intre-dn2-si-a2-va-fi-gata-cel-mai-devreme-in-decembrie-2027-se-lucreaza-de-14-ani\\\/#primaryimage\",\"url\":\"https:\\\/\\\/buletin.de\\\/bucuresti\\\/wp-content\\\/uploads\\\/2026\\\/07\\\/largireacentruiibucurestia2dn2.jpg\",\"contentUrl\":\"https:\\\/\\\/buletin.de\\\/bucuresti\\\/wp-content\\\/uploads\\\/2026\\\/07\\\/largireacentruiibucurestia2dn2.jpg\",\"width\":2048,\"height\":1536,\"caption\":\"Foto: Ionel Scrio\u0219teanu\\\/Ministerul Transporturilor\"},{\"@type\":\"BreadcrumbList\",\"@id\":\"https:\\\/\\\/buletin.de\\\/bucuresti\\\/largirea-la-patru-benzi-a-centurii-bucuresti-intre-dn2-si-a2-va-fi-gata-cel-mai-devreme-in-decembrie-2027-se-lucreaza-de-14-ani\\\/#breadcrumb\",\"itemListElement\":[{\"@type\":\"ListItem\",\"position\":1,\"name\":\"Acas\u0103\",\"item\":\"https:\\\/\\\/buletin.de\\\/bucuresti\\\/\"},{\"@type\":\"ListItem\",\"position\":2,\"name\":\"L\u0103rgirea la patru benzi a Centurii Bucure\u0219ti \u00eentre DN2 \u0219i A2 va fi gata, cel mai devreme, \u00een decembrie 2027. Se lucreaz\u0103 de 14 ani\"}]},{\"@type\":\"WebSite\",\"@id\":\"https:\\\/\\\/buletin.de\\\/bucuresti\\\/#website\",\"url\":\"https:\\\/\\\/buletin.de\\\/bucuresti\\\/\",\"name\":\"Buletin de Bucure\u0219ti\",\"description\":\"\u0218tiri \u0219i investiga\u021bii esen\u021biale din capital\u0103\",\"publisher\":{\"@id\":\"https:\\\/\\\/buletin.de\\\/bucuresti\\\/#organization\"},\"potentialAction\":[{\"@type\":\"SearchAction\",\"target\":{\"@type\":\"EntryPoint\",\"urlTemplate\":\"https:\\\/\\\/buletin.de\\\/bucuresti\\\/?s={search_term_string}\"},\"query-input\":{\"@type\":\"PropertyValueSpecification\",\"valueRequired\":true,\"valueName\":\"search_term_string\"}}],\"inLanguage\":\"en-GB\"},{\"@type\":\"Organization\",\"@id\":\"https:\\\/\\\/buletin.de\\\/bucuresti\\\/#organization\",\"name\":\"Buletin de Bucure\u0219ti\",\"url\":\"https:\\\/\\\/buletin.de\\\/bucuresti\\\/\",\"logo\":{\"@type\":\"ImageObject\",\"inLanguage\":\"en-GB\",\"@id\":\"https:\\\/\\\/buletin.de\\\/bucuresti\\\/#\\\/schema\\\/logo\\\/image\\\/\",\"url\":\"https:\\\/\\\/buletin.de\\\/bucuresti\\\/wp-content\\\/uploads\\\/logo-bdb-full-wide-vernil-transparent.png\",\"contentUrl\":\"https:\\\/\\\/buletin.de\\\/bucuresti\\\/wp-content\\\/uploads\\\/logo-bdb-full-wide-vernil-transparent.png\",\"width\":1782,\"height\":626,\"caption\":\"Buletin de Bucure\u0219ti\"},\"image\":{\"@id\":\"https:\\\/\\\/buletin.de\\\/bucuresti\\\/#\\\/schema\\\/logo\\\/image\\\/\"},\"sameAs\":[\"https:\\\/\\\/www.facebook.com\\\/buletin.de.buc\",\"https:\\\/\\\/www.instagram.com\\\/buletinde.bucuresti\\\/\"]},{\"@type\":\"Person\",\"@id\":\"https:\\\/\\\/buletin.de\\\/bucuresti\\\/#\\\/schema\\\/person\\\/a76df728dfc913795a9d90e346b253bb\",\"name\":\"R\u0103zvan Chiru\u021b\u0103\",\"image\":{\"@type\":\"ImageObject\",\"inLanguage\":\"en-GB\",\"@id\":\"https:\\\/\\\/buletin.de\\\/bucuresti\\\/wp-content\\\/uploads\\\/Razvan-Chiruta-96x96.jpge7143b996fd4241fbd6ee1f6b6b7b267\",\"url\":\"https:\\\/\\\/buletin.de\\\/bucuresti\\\/wp-content\\\/uploads\\\/Razvan-Chiruta-96x96.jpg\",\"contentUrl\":\"https:\\\/\\\/buletin.de\\\/bucuresti\\\/wp-content\\\/uploads\\\/Razvan-Chiruta-96x96.jpg\",\"caption\":\"R\u0103zvan Chiru\u021b\u0103\"},\"description\":\"R\u0103zvan Chiru\u021b\u0103 este redactor-\u0219ef adjunct din iulie 2024. A fost redactor-\u0219ef al PRESShub \u00eentre 2022 \u0219i iunie 2024. Anterior, a fost redactor-\u0219ef al Newsweek Rom\u00e2nia, din 2018 p\u00e2n\u0103 \u00een 2021, \u0219i al cotidianului Rom\u00e2nia liber\u0103, \u00eentre 2015 \u0219i 2017. Este absolvent de Jurnalism, \u00een cadrul Universit\u0103\u021bii \u201eAl.I.Cuza\u201d din Ia\u0219i, \u0219i a urmat un master \u00een Managementul institu\u021biilor mass-media (f\u0103r\u0103 diserta\u021bie) la Facultatea de Jurnalism \u0219i \u0218tiin\u021bele Comunic\u0103rii din cadrul Universit\u0103\u021bii din Bucure\u0219ti. \u0218i-a \u00eenceput cariera la Opinia studen\u021beasc\u0103, cunoscuta \u0219coal\u0103 de pres\u0103 din Ia\u0219i. A lucrat \u00een presa local\u0103, apoi a devenit corespondent pentru Ia\u0219i al cotidianului Evenimentul Zilei. Din 2004, a coordonat pentru \u0219ase luni sec\u021bia de coresponden\u021bi a Evenimentului Zilei. A mai lucrat la s\u0103pt\u0103m\u00e2nalul Prezent \u0219i a colaborat cu revistele Dilema Veche \u0219i Suplimentul de Cultur\u0103. Este co-autor \u00een volumele \u201eMass-media \u0219i democra\u021bia \u00een Rom\u00e2nia post-comunist\u0103\u201d (ed. a II-a), Ed. Institutul European, Ia\u0219i, 2013, \u0219i \u201eCOVID - 19. Dimensiuni ale gestionarii pandemiei\u201d, Editura Junimea, Ia\u0219i, 2020.\",\"url\":\"https:\\\/\\\/buletin.de\\\/bucuresti\\\/author\\\/razvan-chiruta\\\/\"}]}<\/script>\n<!-- \/ Yoast SEO Premium plugin. -->","yoast_head_json":{"title":"L\u0103rgirea la patru benzi a Centurii Bucure\u0219ti \u00eentre DN2 \u0219i A2 va fi gata, cel mai devreme, \u00een decembrie 2027. Se lucreaz\u0103 de 14 ani - Buletin de Bucure\u0219ti","description":"Lucr\u0103rile pentru l\u0103rgirea la patru benzi a Centurii Bucure\u0219ti \u00eentre DN2 \u0219i A2 au avansat. Vor fi gata anul viitor.","robots":{"index":"index","follow":"follow","max-snippet":"max-snippet:-1","max-image-preview":"max-image-preview:large","max-video-preview":"max-video-preview:-1"},"canonical":"https:\/\/buletin.de\/bucuresti\/largirea-la-patru-benzi-a-centurii-bucuresti-intre-dn2-si-a2-va-fi-gata-cel-mai-devreme-in-decembrie-2027-se-lucreaza-de-14-ani\/","og_locale":"en_GB","og_type":"article","og_title":"L\u0103rgirea la patru benzi a Centurii Bucure\u0219ti \u00eentre DN2 \u0219i A2 va fi gata, cel mai devreme, \u00een decembrie 2027. Se lucreaz\u0103 de 14 ani","og_description":"Lucr\u0103rile pentru l\u0103rgirea la patru benzi a Centurii Bucure\u0219ti \u00eentre DN2 \u0219i A2 au avansat. Vor fi gata anul viitor.","og_url":"https:\/\/buletin.de\/bucuresti\/largirea-la-patru-benzi-a-centurii-bucuresti-intre-dn2-si-a2-va-fi-gata-cel-mai-devreme-in-decembrie-2027-se-lucreaza-de-14-ani\/","og_site_name":"Buletin de Bucure\u0219ti","article_publisher":"https:\/\/www.facebook.com\/buletin.de.buc","article_published_time":"2026-07-18T13:02:52+00:00","article_modified_time":"2026-07-18T13:11:39+00:00","og_image":[{"width":2048,"height":1536,"url":"https:\/\/buletin.de\/bucuresti\/wp-content\/uploads\/2026\/07\/largireacentruiibucurestia2dn2.jpg","type":"image\/jpeg"}],"author":"R\u0103zvan Chiru\u021b\u0103","twitter_card":"summary_large_image","twitter_misc":{"Written by":"R\u0103zvan Chiru\u021b\u0103","Estimated reading time":"4 minutes"},"schema":{"@context":"https:\/\/schema.org","@graph":[{"@type":"Article","@id":"https:\/\/buletin.de\/bucuresti\/largirea-la-patru-benzi-a-centurii-bucuresti-intre-dn2-si-a2-va-fi-gata-cel-mai-devreme-in-decembrie-2027-se-lucreaza-de-14-ani\/#article","isPartOf":{"@id":"https:\/\/buletin.de\/bucuresti\/largirea-la-patru-benzi-a-centurii-bucuresti-intre-dn2-si-a2-va-fi-gata-cel-mai-devreme-in-decembrie-2027-se-lucreaza-de-14-ani\/"},"author":{"name":"R\u0103zvan Chiru\u021b\u0103","@id":"https:\/\/buletin.de\/bucuresti\/#\/schema\/person\/a76df728dfc913795a9d90e346b253bb"},"headline":"L\u0103rgirea la patru benzi a Centurii Bucure\u0219ti \u00eentre DN2 \u0219i A2 va fi gata, cel mai devreme, \u00een decembrie 2027. Se lucreaz\u0103 de 14 ani","datePublished":"2026-07-18T13:02:52+00:00","dateModified":"2026-07-18T13:11:39+00:00","mainEntityOfPage":{"@id":"https:\/\/buletin.de\/bucuresti\/largirea-la-patru-benzi-a-centurii-bucuresti-intre-dn2-si-a2-va-fi-gata-cel-mai-devreme-in-decembrie-2027-se-lucreaza-de-14-ani\/"},"wordCount":862,"publisher":{"@id":"https:\/\/buletin.de\/bucuresti\/#organization"},"image":{"@id":"https:\/\/buletin.de\/bucuresti\/largirea-la-patru-benzi-a-centurii-bucuresti-intre-dn2-si-a2-va-fi-gata-cel-mai-devreme-in-decembrie-2027-se-lucreaza-de-14-ani\/#primaryimage"},"thumbnailUrl":"https:\/\/buletin.de\/bucuresti\/wp-content\/uploads\/2026\/07\/largireacentruiibucurestia2dn2.jpg","keywords":["a2","centura capitalei","dn2","largirea centurii"],"articleSection":["Articole","Main","Transport"],"inLanguage":"en-GB","copyrightYear":"2026","copyrightHolder":{"@id":"https:\/\/buletin.de\/bucuresti\/#organization"}},{"@type":"WebPage","@id":"https:\/\/buletin.de\/bucuresti\/largirea-la-patru-benzi-a-centurii-bucuresti-intre-dn2-si-a2-va-fi-gata-cel-mai-devreme-in-decembrie-2027-se-lucreaza-de-14-ani\/","url":"https:\/\/buletin.de\/bucuresti\/largirea-la-patru-benzi-a-centurii-bucuresti-intre-dn2-si-a2-va-fi-gata-cel-mai-devreme-in-decembrie-2027-se-lucreaza-de-14-ani\/","name":"L\u0103rgirea la patru benzi a Centurii Bucure\u0219ti \u00eentre DN2 \u0219i A2 va fi gata, cel mai devreme, \u00een decembrie 2027. Se lucreaz\u0103 de 14 ani - Buletin de Bucure\u0219ti","isPartOf":{"@id":"https:\/\/buletin.de\/bucuresti\/#website"},"primaryImageOfPage":{"@id":"https:\/\/buletin.de\/bucuresti\/largirea-la-patru-benzi-a-centurii-bucuresti-intre-dn2-si-a2-va-fi-gata-cel-mai-devreme-in-decembrie-2027-se-lucreaza-de-14-ani\/#primaryimage"},"image":{"@id":"https:\/\/buletin.de\/bucuresti\/largirea-la-patru-benzi-a-centurii-bucuresti-intre-dn2-si-a2-va-fi-gata-cel-mai-devreme-in-decembrie-2027-se-lucreaza-de-14-ani\/#primaryimage"},"thumbnailUrl":"https:\/\/buletin.de\/bucuresti\/wp-content\/uploads\/2026\/07\/largireacentruiibucurestia2dn2.jpg","datePublished":"2026-07-18T13:02:52+00:00","dateModified":"2026-07-18T13:11:39+00:00","description":"Lucr\u0103rile pentru l\u0103rgirea la patru benzi a Centurii Bucure\u0219ti \u00eentre DN2 \u0219i A2 au avansat. Vor fi gata anul viitor.","breadcrumb":{"@id":"https:\/\/buletin.de\/bucuresti\/largirea-la-patru-benzi-a-centurii-bucuresti-intre-dn2-si-a2-va-fi-gata-cel-mai-devreme-in-decembrie-2027-se-lucreaza-de-14-ani\/#breadcrumb"},"inLanguage":"en-GB","potentialAction":[{"@type":"ReadAction","target":["https:\/\/buletin.de\/bucuresti\/largirea-la-patru-benzi-a-centurii-bucuresti-intre-dn2-si-a2-va-fi-gata-cel-mai-devreme-in-decembrie-2027-se-lucreaza-de-14-ani\/"]}]},{"@type":"ImageObject","inLanguage":"en-GB","@id":"https:\/\/buletin.de\/bucuresti\/largirea-la-patru-benzi-a-centurii-bucuresti-intre-dn2-si-a2-va-fi-gata-cel-mai-devreme-in-decembrie-2027-se-lucreaza-de-14-ani\/#primaryimage","url":"https:\/\/buletin.de\/bucuresti\/wp-content\/uploads\/2026\/07\/largireacentruiibucurestia2dn2.jpg","contentUrl":"https:\/\/buletin.de\/bucuresti\/wp-content\/uploads\/2026\/07\/largireacentruiibucurestia2dn2.jpg","width":2048,"height":1536,"caption":"Foto: Ionel Scrio\u0219teanu\/Ministerul Transporturilor"},{"@type":"BreadcrumbList","@id":"https:\/\/buletin.de\/bucuresti\/largirea-la-patru-benzi-a-centurii-bucuresti-intre-dn2-si-a2-va-fi-gata-cel-mai-devreme-in-decembrie-2027-se-lucreaza-de-14-ani\/#breadcrumb","itemListElement":[{"@type":"ListItem","position":1,"name":"Acas\u0103","item":"https:\/\/buletin.de\/bucuresti\/"},{"@type":"ListItem","position":2,"name":"L\u0103rgirea la patru benzi a Centurii Bucure\u0219ti \u00eentre DN2 \u0219i A2 va fi gata, cel mai devreme, \u00een decembrie 2027. Se lucreaz\u0103 de 14 ani"}]},{"@type":"WebSite","@id":"https:\/\/buletin.de\/bucuresti\/#website","url":"https:\/\/buletin.de\/bucuresti\/","name":"Buletin de Bucure\u0219ti","description":"\u0218tiri \u0219i investiga\u021bii esen\u021biale din capital\u0103","publisher":{"@id":"https:\/\/buletin.de\/bucuresti\/#organization"},"potentialAction":[{"@type":"SearchAction","target":{"@type":"EntryPoint","urlTemplate":"https:\/\/buletin.de\/bucuresti\/?s={search_term_string}"},"query-input":{"@type":"PropertyValueSpecification","valueRequired":true,"valueName":"search_term_string"}}],"inLanguage":"en-GB"},{"@type":"Organization","@id":"https:\/\/buletin.de\/bucuresti\/#organization","name":"Buletin de Bucure\u0219ti","url":"https:\/\/buletin.de\/bucuresti\/","logo":{"@type":"ImageObject","inLanguage":"en-GB","@id":"https:\/\/buletin.de\/bucuresti\/#\/schema\/logo\/image\/","url":"https:\/\/buletin.de\/bucuresti\/wp-content\/uploads\/logo-bdb-full-wide-vernil-transparent.png","contentUrl":"https:\/\/buletin.de\/bucuresti\/wp-content\/uploads\/logo-bdb-full-wide-vernil-transparent.png","width":1782,"height":626,"caption":"Buletin de Bucure\u0219ti"},"image":{"@id":"https:\/\/buletin.de\/bucuresti\/#\/schema\/logo\/image\/"},"sameAs":["https:\/\/www.facebook.com\/buletin.de.buc","https:\/\/www.instagram.com\/buletinde.bucuresti\/"]},{"@type":"Person","@id":"https:\/\/buletin.de\/bucuresti\/#\/schema\/person\/a76df728dfc913795a9d90e346b253bb","name":"R\u0103zvan Chiru\u021b\u0103","image":{"@type":"ImageObject","inLanguage":"en-GB","@id":"https:\/\/buletin.de\/bucuresti\/wp-content\/uploads\/Razvan-Chiruta-96x96.jpge7143b996fd4241fbd6ee1f6b6b7b267","url":"https:\/\/buletin.de\/bucuresti\/wp-content\/uploads\/Razvan-Chiruta-96x96.jpg","contentUrl":"https:\/\/buletin.de\/bucuresti\/wp-content\/uploads\/Razvan-Chiruta-96x96.jpg","caption":"R\u0103zvan Chiru\u021b\u0103"},"description":"R\u0103zvan Chiru\u021b\u0103 este redactor-\u0219ef adjunct din iulie 2024. A fost redactor-\u0219ef al PRESShub \u00eentre 2022 \u0219i iunie 2024. Anterior, a fost redactor-\u0219ef al Newsweek Rom\u00e2nia, din 2018 p\u00e2n\u0103 \u00een 2021, \u0219i al cotidianului Rom\u00e2nia liber\u0103, \u00eentre 2015 \u0219i 2017. Este absolvent de Jurnalism, \u00een cadrul Universit\u0103\u021bii \u201eAl.I.Cuza\u201d din Ia\u0219i, \u0219i a urmat un master \u00een Managementul institu\u021biilor mass-media (f\u0103r\u0103 diserta\u021bie) la Facultatea de Jurnalism \u0219i \u0218tiin\u021bele Comunic\u0103rii din cadrul Universit\u0103\u021bii din Bucure\u0219ti. \u0218i-a \u00eenceput cariera la Opinia studen\u021beasc\u0103, cunoscuta \u0219coal\u0103 de pres\u0103 din Ia\u0219i. A lucrat \u00een presa local\u0103, apoi a devenit corespondent pentru Ia\u0219i al cotidianului Evenimentul Zilei. Din 2004, a coordonat pentru \u0219ase luni sec\u021bia de coresponden\u021bi a Evenimentului Zilei. A mai lucrat la s\u0103pt\u0103m\u00e2nalul Prezent \u0219i a colaborat cu revistele Dilema Veche \u0219i Suplimentul de Cultur\u0103. Este co-autor \u00een volumele \u201eMass-media \u0219i democra\u021bia \u00een Rom\u00e2nia post-comunist\u0103\u201d (ed. a II-a), Ed. Institutul European, Ia\u0219i, 2013, \u0219i \u201eCOVID - 19. Dimensiuni ale gestionarii pandemiei\u201d, Editura Junimea, Ia\u0219i, 2020.","url":"https:\/\/buletin.de\/bucuresti\/author\/razvan-chiruta\/"}]}},"authors":[{"term_id":22582,"user_id":60,"is_guest":0,"slug":"razvan-chiruta","display_name":"R\u0103zvan Chiru\u021b\u0103","avatar_url":"https:\/\/buletin.de\/bucuresti\/wp-content\/uploads\/Razvan-Chiruta-96x96.jpg","author_category":"","first_name":"R\u0103zvan","last_name":"Chiru\u021b\u0103","user_url":"","job_title":"","description":"R\u0103zvan Chiru\u021b\u0103 este redactor-\u0219ef adjunct din iulie 2024.\r\n\r\nA fost redactor-\u0219ef al PRESShub \u00eentre 2022 \u0219i iunie 2024. Anterior, a fost redactor-\u0219ef al Newsweek Rom\u00e2nia, din 2018 p\u00e2n\u0103 \u00een 2021, \u0219i al cotidianului Rom\u00e2nia liber\u0103, \u00eentre 2015 \u0219i 2017. \r\n\r\nEste absolvent de Jurnalism, \u00een cadrul Universit\u0103\u021bii \u201eAl.I.Cuza\u201d din Ia\u0219i, \u0219i a urmat un master \u00een Managementul institu\u021biilor mass-media (f\u0103r\u0103 diserta\u021bie) la Facultatea de Jurnalism \u0219i \u0218tiin\u021bele Comunic\u0103rii din cadrul Universit\u0103\u021bii din Bucure\u0219ti. \r\n\r\n\u0218i-a \u00eenceput cariera la Opinia studen\u021beasc\u0103, cunoscuta \u0219coal\u0103 de pres\u0103 din Ia\u0219i. \r\n\r\nA lucrat \u00een presa local\u0103, apoi a devenit corespondent pentru Ia\u0219i al cotidianului Evenimentul Zilei. Din 2004, a coordonat pentru \u0219ase luni sec\u021bia de coresponden\u021bi a Evenimentului Zilei. \r\n\r\nA mai lucrat la s\u0103pt\u0103m\u00e2nalul Prezent \u0219i a colaborat cu revistele Dilema Veche \u0219i Suplimentul de Cultur\u0103. \r\n\r\nEste co-autor \u00een volumele \u201eMass-media \u0219i democra\u021bia \u00een Rom\u00e2nia post-comunist\u0103\u201d (ed. a II-a), Ed. Institutul European, Ia\u0219i, 2013, \u0219i \u201eCOVID - 19. Dimensiuni ale gestionarii pandemiei\u201d, Editura Junimea, Ia\u0219i, 2020."}],"_links":{"self":[{"href":"https:\/\/buletin.de\/bucuresti\/wp-json\/wp\/v2\/posts\/206599","targetHints":{"allow":["GET"]}}],"collection":[{"href":"https:\/\/buletin.de\/bucuresti\/wp-json\/wp\/v2\/posts"}],"about":[{"href":"https:\/\/buletin.de\/bucuresti\/wp-json\/wp\/v2\/types\/post"}],"author":[{"embeddable":true,"href":"https:\/\/buletin.de\/bucuresti\/wp-json\/wp\/v2\/users\/60"}],"replies":[{"embeddable":true,"href":"https:\/\/buletin.de\/bucuresti\/wp-json\/wp\/v2\/comments?post=206599"}],"version-history":[{"count":5,"href":"https:\/\/buletin.de\/bucuresti\/wp-json\/wp\/v2\/posts\/206599\/revisions"}],"predecessor-version":[{"id":206609,"href":"https:\/\/buletin.de\/bucuresti\/wp-json\/wp\/v2\/posts\/206599\/revisions\/206609"}],"wp:featuredmedia":[{"embeddable":true,"href":"https:\/\/buletin.de\/bucuresti\/wp-json\/wp\/v2\/media\/206602"}],"wp:attachment":[{"href":"https:\/\/buletin.de\/bucuresti\/wp-json\/wp\/v2\/media?parent=206599"}],"wp:term":[{"taxonomy":"category","embeddable":true,"href":"https:\/\/buletin.de\/bucuresti\/wp-json\/wp\/v2\/categories?post=206599"},{"taxonomy":"post_tag","embeddable":true,"href":"https:\/\/buletin.de\/bucuresti\/wp-json\/wp\/v2\/tags?post=206599"},{"taxonomy":"author","embeddable":true,"href":"https:\/\/buletin.de\/bucuresti\/wp-json\/wp\/v2\/ppma_author?post=206599"}],"curies":[{"name":"wp","href":"https:\/\/api.w.org\/{rel}","templated":true}]}}