{"id":206527,"date":"2026-07-17T21:33:01","date_gmt":"2026-07-17T18:33:01","guid":{"rendered":"https:\/\/buletin.de\/bucuresti\/?p=206527"},"modified":"2026-07-18T00:07:00","modified_gmt":"2026-07-17T21:07:00","slug":"toaletele-publice-din-pasajul-universitatii-inchise-de-luni-de-zile-prefectul-capitalei-cere-redeschiderea-lor-saptamana-viitoare","status":"publish","type":"post","link":"https:\/\/buletin.de\/bucuresti\/toaletele-publice-din-pasajul-universitatii-inchise-de-luni-de-zile-prefectul-capitalei-cere-redeschiderea-lor-saptamana-viitoare\/","title":{"rendered":"Toaletele publice din Pasajul Universit\u0103\u021bii sunt \u00eenchise de luni de zile. Prefectul Capitalei cere redeschiderea lor s\u0103pt\u0103m\u00e2na viitoare"},"content":{"rendered":"\n<p class=\"wp-block-paragraph\"><strong>Toaletele publice din pasajul pietonal de la Universit\u0103\u021bii sunt \u00eenchise de mai multe luni din cauza unor defec\u021biuni repetate, dar \u0219i a st\u0103rii avansate de degradare, <a href=\"https:\/\/www.facebook.com\/andreinistor87\/posts\/pfbid024LZMcY5cdARH2SL5SoL3KTQiPv1zeV2NMYPqszc2dQD2NBxT1ipv1UrZUuZvDg2Ml\" data-type=\"link\" data-id=\"https:\/\/www.facebook.com\/andreinistor87\/posts\/pfbid024LZMcY5cdARH2SL5SoL3KTQiPv1zeV2NMYPqszc2dQD2NBxT1ipv1UrZUuZvDg2Ml\" target=\"_blank\" rel=\"noreferrer noopener\">a transmis Andrei Nistor<\/a>, prefectul Capitalei.<\/strong><\/p>\n\n\n\n<p class=\"wp-block-paragraph\">Acesta a verificat situa\u021bia la fa\u021ba locului, \u00een urma sesiz\u0103rilor primite din partea cet\u0103\u021benilor \u0219i a solicitat Administra\u021biei Str\u0103zilor Bucure\u0219ti s\u0103 redeschid\u0103 toaletele \u00een perioada urm\u0103toare. <\/p>\n\n\n\n<p class=\"wp-block-paragraph\"><em>\u201eTimp de dou\u0103 zile am sunat la numerele de telefon ale Administra\u021biei Str\u0103zilor Bucure\u0219ti, institu\u021bia care administreaz\u0103 pasajul, dar nu ne-a r\u0103spuns nimeni\u201d<\/em>, a scris prefectul<\/p>\n\n\n\n<h2 id=\"h-de-ce-sunt-inchise-toaletele-publice-din-pasajul-universita\u021bii\" class=\"wp-block-heading\">De ce sunt \u00eenchise toaletele publice din Pasajul Universit\u0103\u021bii<\/h2>\n\n\n\n<p class=\"wp-block-paragraph\"><strong>Printre problemele constatate se num\u0103r\u0103 \u0219i defec\u021biuni repetate ale sistemului de evacuare, dar \u0219i o stare avansat\u0103 de degradare \u00een interior, precum obiecte sanitare sparte, u\u0219i defecte \u0219i echipamente vandalizate.<\/strong><\/p>\n\n\n\n<p class=\"wp-block-paragraph\"><em>\u201eLa fa\u021ba locului ni s-a comunicat c\u0103 toaletele au fost \u00eenchise din cauza unor defec\u021biuni repetate ale sistemului de evacuare. \u00cen interior am constatat \u00eens\u0103 \u0219i o stare avansat\u0103 de degradare: obiecte sanitare sparte, u\u0219i defecte, robinete nefunc\u021bionale \u0219i echipamente vandalizate.\u201d<\/em>, a men\u021bionat Andrei Nistor. <\/p>\n\n\n\n<p class=\"wp-block-paragraph\">Potrivit prefectului, pasajul de la Pia\u021ba Universit\u0103\u021bii este \u201eunul dintre cele mai circulate locuri din Bucure\u0219ti\u201d, traversat zilnic de un num\u0103r mare de locuitori, dar \u0219i de turi\u0219ti, motiv pentru care este nevoie de toalete func\u021bionale. <\/p>\n\n\n\n<p class=\"wp-block-paragraph\"><em><strong>\u201eAdministra\u021bia Str\u0103zilor Bucure\u0219ti are obliga\u021bia legal\u0103 de a administra acest spa\u021biu \u0219i de a asigura func\u021bionarea serviciilor publice aferente, mai ales c\u0103 \u00eencaseaz\u0103 chirii pentru toate spa\u021biile comerciale din pasaj.\u201d<\/strong><\/em>, a mai transmis acesta. <\/p>\n\n\n\n<p class=\"wp-block-paragraph\"><strong>Prefectul Capitalei i-a solicitat directorul Administra\u021biei Str\u0103zilor s\u0103 repare <a href=\"https:\/\/buletin.de\/bucuresti\/sector-1-aproape-130-000-de-euro-pentru-mentenanta-a-22-de-toalete-publice-situate-in-parcuri-piete-si-zone-cheie-din-sector\/\" data-type=\"link\" data-id=\"https:\/\/buletin.de\/bucuresti\/sector-1-aproape-130-000-de-euro-pentru-mentenanta-a-22-de-toalete-publice-situate-in-parcuri-piete-si-zone-cheie-din-sector\/\" target=\"_blank\" rel=\"noreferrer noopener\">toaletele <\/a>s\u0103pt\u0103m\u00e2na viitoare.<\/strong><\/p>\n\n\n<p><iframe src=\"https:\/\/www.facebook.com\/plugins\/post.php?href=https%3A%2F%2Fwww.facebook.com%2Fandreinistor87%2Fposts%2Fpfbid024LZMcY5cdARH2SL5SoL3KTQiPv1zeV2NMYPqszc2dQD2NBxT1ipv1UrZUuZvDg2Ml&#038;show_text=true&#038;width=500\" width=\"500\" height=\"728\" style=\"border:none;overflow:hidden\" scrolling=\"no\" frameborder=\"0\" allowfullscreen=\"true\" allow=\"autoplay; clipboard-write; encrypted-media; picture-in-picture; web-share\"><\/iframe><\/p>\n\n\n<p class=\"wp-block-paragraph\"><em>\u201e\u00cen cadrul discu\u021biei telefonice avute cu directorul Administra\u021biei Str\u0103zilor Bucure\u0219ti, am solicitat ca s\u0103pt\u0103m\u00e2na viitoare toaletele s\u0103 fie reparate, cur\u0103\u021bate \u0219i redeschise.\u201d<\/em><\/p>\n\n\n\n<p class=\"wp-block-paragraph\">\u00cen trecut, bucure\u0219tenii au mai semnalat probleme \u00een privin\u021ba toaletelor de la Pasajul Universit\u0103\u021bii. \u00centr-o<a href=\"https:\/\/www.reddit.com\/r\/bucuresti\/comments\/1n876ts\/toaletele_din_pasajul_universit%C4%83%C8%9Bii_dou%C4%83_chiuvete\/\" data-type=\"link\" data-id=\"https:\/\/www.reddit.com\/r\/bucuresti\/comments\/1n876ts\/toaletele_din_pasajul_universit%C4%83%C8%9Bii_dou%C4%83_chiuvete\/\" target=\"_blank\" rel=\"noreferrer noopener\"> postare de pe platforma Reddit<\/a>, de mai bine de un an, un utilizat a precizat c\u0103 dou\u0103 dintre chiuvete nu sunt func\u021bionale, iar alte dou\u0103 sunt defecte. De altfel, utilizatorii de pe re\u021belele sociale au semnalat \u0219i problema cur\u0103\u021beniei din toaletele publice. <\/p>\n\n\n\n<p class=\"wp-block-paragraph\"><strong>CITE\u0218TE \u0218I <a href=\"https:\/\/buletin.de\/bucuresti\/vicepremierul-oana-gheorghiu-compania-de-stat-care-administreaza-palatul-cfr-din-bucuresti-are-doar-rolul-de-a-oferi-sinecuri\/\" target=\"_blank\" rel=\"noreferrer noopener\">Vicepremierul Oana Gheorghiu: compania de stat care administreaz\u0103 Palatul CFR din Bucure\u0219ti are doar rolul de a oferi sinecuri. Cine sunt \u201cprofitorii\u201d<\/a><\/strong><\/p>\n","protected":false},"excerpt":{"rendered":"<p>Toaletele publice din pasajul pietonal de la Universit\u0103\u021bii sunt \u00eenchise de mai multe luni din cauza unor defec\u021biuni repetate, dar \u0219i a st\u0103rii avansate de degradare, a transmis Andrei Nistor, prefectul Capitalei. Acesta a verificat situa\u021bia la fa\u021ba locului, \u00een urma sesiz\u0103rilor primite din partea cet\u0103\u021benilor \u0219i a solicitat Administra\u021biei Str\u0103zilor Bucure\u0219ti s\u0103 redeschid\u0103 toaletele [&hellip;]<\/p>\n","protected":false},"author":65,"featured_media":206531,"comment_status":"closed","ping_status":"open","sticky":false,"template":"","format":"standard","meta":{"_acf_changed":false,"inline_featured_image":false,"ngg_post_thumbnail":0,"footnotes":""},"categories":[6994,9026,62],"tags":[23866,8188,2899,15310,5926],"ppma_author":[23912],"class_list":["post-206527","post","type-post","status-publish","format-standard","has-post-thumbnail","hentry","category-stiri-2","category-eveniment","category-stiri","tag-andrei-nistor","tag-pasaj-universitate","tag-prefectul-capitalei","tag-toalete","tag-toalete-publice"],"acf":[],"a3_pvc":{"activated":false,"total_views":0,"today_views":0},"yoast_head":"<!-- This site is optimized with the Yoast SEO Premium plugin v28.0 (Yoast SEO v28.3) - https:\/\/yoast.com\/product\/yoast-seo-premium-wordpress\/ -->\n<title>Toaletele publice din Pasajul Universit\u0103\u021bii sunt \u00eenchise de luni de zile. Prefectul Capitalei cere redeschiderea lor s\u0103pt\u0103m\u00e2na viitoare - Buletin de Bucure\u0219ti<\/title>\n<meta name=\"description\" content=\"Toaletele publice din pasajul pietonal de la Universitate sunt \u00eenchise de luni de zile din cauza unor defec\u021biuni repetate\" \/>\n<meta name=\"robots\" content=\"index, follow, max-snippet:-1, max-image-preview:large, max-video-preview:-1\" \/>\n<link rel=\"canonical\" href=\"https:\/\/buletin.de\/bucuresti\/toaletele-publice-din-pasajul-universitatii-inchise-de-luni-de-zile-prefectul-capitalei-cere-redeschiderea-lor-saptamana-viitoare\/\" \/>\n<meta property=\"og:locale\" content=\"en_GB\" \/>\n<meta property=\"og:type\" content=\"article\" \/>\n<meta property=\"og:title\" content=\"Toaletele publice din Pasajul Universit\u0103\u021bii sunt \u00eenchise de luni de zile. Prefectul Capitalei cere redeschiderea lor s\u0103pt\u0103m\u00e2na viitoare\" \/>\n<meta property=\"og:description\" content=\"Toaletele publice din pasajul pietonal de la Universitate sunt \u00eenchise de luni de zile din cauza unor defec\u021biuni repetate\" \/>\n<meta property=\"og:url\" content=\"https:\/\/buletin.de\/bucuresti\/toaletele-publice-din-pasajul-universitatii-inchise-de-luni-de-zile-prefectul-capitalei-cere-redeschiderea-lor-saptamana-viitoare\/\" \/>\n<meta property=\"og:site_name\" content=\"Buletin de Bucure\u0219ti\" \/>\n<meta property=\"article:publisher\" content=\"https:\/\/www.facebook.com\/buletin.de.buc\" \/>\n<meta property=\"article:published_time\" content=\"2026-07-17T18:33:01+00:00\" \/>\n<meta property=\"article:modified_time\" content=\"2026-07-17T21:07:00+00:00\" \/>\n<meta property=\"og:image\" content=\"https:\/\/buletin.de\/bucuresti\/wp-content\/uploads\/2026\/07\/748986296_1615856707208564_6081469051697260418_n.jpg\" \/>\n\t<meta property=\"og:image:width\" content=\"2048\" \/>\n\t<meta property=\"og:image:height\" content=\"1536\" \/>\n\t<meta property=\"og:image:type\" content=\"image\/jpeg\" \/>\n<meta name=\"author\" content=\"Andreea St\u0103n\u0103r\u00eeng\u0103\" \/>\n<meta name=\"twitter:card\" content=\"summary_large_image\" \/>\n<meta name=\"twitter:label1\" content=\"Written by\" \/>\n\t<meta name=\"twitter:data1\" content=\"Andreea St\u0103n\u0103r\u00eeng\u0103\" \/>\n\t<meta name=\"twitter:label2\" content=\"Estimated reading time\" \/>\n\t<meta name=\"twitter:data2\" content=\"2 minutes\" \/>\n<script type=\"application\/ld+json\" class=\"yoast-schema-graph\">{\"@context\":\"https:\\\/\\\/schema.org\",\"@graph\":[{\"@type\":\"Article\",\"@id\":\"https:\\\/\\\/buletin.de\\\/bucuresti\\\/toaletele-publice-din-pasajul-universitatii-inchise-de-luni-de-zile-prefectul-capitalei-cere-redeschiderea-lor-saptamana-viitoare\\\/#article\",\"isPartOf\":{\"@id\":\"https:\\\/\\\/buletin.de\\\/bucuresti\\\/toaletele-publice-din-pasajul-universitatii-inchise-de-luni-de-zile-prefectul-capitalei-cere-redeschiderea-lor-saptamana-viitoare\\\/\"},\"author\":{\"name\":\"Andreea St\u0103n\u0103r\u00eeng\u0103\",\"@id\":\"https:\\\/\\\/buletin.de\\\/bucuresti\\\/#\\\/schema\\\/person\\\/81421a46fb84a0887cfd2238f5202586\"},\"headline\":\"Toaletele publice din Pasajul Universit\u0103\u021bii sunt \u00eenchise de luni de zile. Prefectul Capitalei cere redeschiderea lor s\u0103pt\u0103m\u00e2na viitoare\",\"datePublished\":\"2026-07-17T18:33:01+00:00\",\"dateModified\":\"2026-07-17T21:07:00+00:00\",\"mainEntityOfPage\":{\"@id\":\"https:\\\/\\\/buletin.de\\\/bucuresti\\\/toaletele-publice-din-pasajul-universitatii-inchise-de-luni-de-zile-prefectul-capitalei-cere-redeschiderea-lor-saptamana-viitoare\\\/\"},\"wordCount\":434,\"publisher\":{\"@id\":\"https:\\\/\\\/buletin.de\\\/bucuresti\\\/#organization\"},\"image\":{\"@id\":\"https:\\\/\\\/buletin.de\\\/bucuresti\\\/toaletele-publice-din-pasajul-universitatii-inchise-de-luni-de-zile-prefectul-capitalei-cere-redeschiderea-lor-saptamana-viitoare\\\/#primaryimage\"},\"thumbnailUrl\":\"https:\\\/\\\/buletin.de\\\/bucuresti\\\/wp-content\\\/uploads\\\/2026\\\/07\\\/748986296_1615856707208564_6081469051697260418_n.jpg\",\"keywords\":[\"andrei nistor\",\"Pasaj Universitate\",\"prefectul capitalei\",\"toalete\",\"toalete publice\"],\"articleSection\":[\"Articole\",\"Eveniment\",\"\u0218tiri\"],\"inLanguage\":\"en-GB\",\"copyrightYear\":\"2026\",\"copyrightHolder\":{\"@id\":\"https:\\\/\\\/buletin.de\\\/bucuresti\\\/#organization\"}},{\"@type\":\"WebPage\",\"@id\":\"https:\\\/\\\/buletin.de\\\/bucuresti\\\/toaletele-publice-din-pasajul-universitatii-inchise-de-luni-de-zile-prefectul-capitalei-cere-redeschiderea-lor-saptamana-viitoare\\\/\",\"url\":\"https:\\\/\\\/buletin.de\\\/bucuresti\\\/toaletele-publice-din-pasajul-universitatii-inchise-de-luni-de-zile-prefectul-capitalei-cere-redeschiderea-lor-saptamana-viitoare\\\/\",\"name\":\"Toaletele publice din Pasajul Universit\u0103\u021bii sunt \u00eenchise de luni de zile. Prefectul Capitalei cere redeschiderea lor s\u0103pt\u0103m\u00e2na viitoare - Buletin de Bucure\u0219ti\",\"isPartOf\":{\"@id\":\"https:\\\/\\\/buletin.de\\\/bucuresti\\\/#website\"},\"primaryImageOfPage\":{\"@id\":\"https:\\\/\\\/buletin.de\\\/bucuresti\\\/toaletele-publice-din-pasajul-universitatii-inchise-de-luni-de-zile-prefectul-capitalei-cere-redeschiderea-lor-saptamana-viitoare\\\/#primaryimage\"},\"image\":{\"@id\":\"https:\\\/\\\/buletin.de\\\/bucuresti\\\/toaletele-publice-din-pasajul-universitatii-inchise-de-luni-de-zile-prefectul-capitalei-cere-redeschiderea-lor-saptamana-viitoare\\\/#primaryimage\"},\"thumbnailUrl\":\"https:\\\/\\\/buletin.de\\\/bucuresti\\\/wp-content\\\/uploads\\\/2026\\\/07\\\/748986296_1615856707208564_6081469051697260418_n.jpg\",\"datePublished\":\"2026-07-17T18:33:01+00:00\",\"dateModified\":\"2026-07-17T21:07:00+00:00\",\"description\":\"Toaletele publice din pasajul pietonal de la Universitate sunt \u00eenchise de luni de zile din cauza unor defec\u021biuni repetate\",\"breadcrumb\":{\"@id\":\"https:\\\/\\\/buletin.de\\\/bucuresti\\\/toaletele-publice-din-pasajul-universitatii-inchise-de-luni-de-zile-prefectul-capitalei-cere-redeschiderea-lor-saptamana-viitoare\\\/#breadcrumb\"},\"inLanguage\":\"en-GB\",\"potentialAction\":[{\"@type\":\"ReadAction\",\"target\":[\"https:\\\/\\\/buletin.de\\\/bucuresti\\\/toaletele-publice-din-pasajul-universitatii-inchise-de-luni-de-zile-prefectul-capitalei-cere-redeschiderea-lor-saptamana-viitoare\\\/\"]}]},{\"@type\":\"ImageObject\",\"inLanguage\":\"en-GB\",\"@id\":\"https:\\\/\\\/buletin.de\\\/bucuresti\\\/toaletele-publice-din-pasajul-universitatii-inchise-de-luni-de-zile-prefectul-capitalei-cere-redeschiderea-lor-saptamana-viitoare\\\/#primaryimage\",\"url\":\"https:\\\/\\\/buletin.de\\\/bucuresti\\\/wp-content\\\/uploads\\\/2026\\\/07\\\/748986296_1615856707208564_6081469051697260418_n.jpg\",\"contentUrl\":\"https:\\\/\\\/buletin.de\\\/bucuresti\\\/wp-content\\\/uploads\\\/2026\\\/07\\\/748986296_1615856707208564_6081469051697260418_n.jpg\",\"width\":2048,\"height\":1536,\"caption\":\"Toaletele din Pasajul Universit\u0103\u021bii sunt \u00eenchise de luni de zile. Foto: FB\\\/Andrei Nistor\"},{\"@type\":\"BreadcrumbList\",\"@id\":\"https:\\\/\\\/buletin.de\\\/bucuresti\\\/toaletele-publice-din-pasajul-universitatii-inchise-de-luni-de-zile-prefectul-capitalei-cere-redeschiderea-lor-saptamana-viitoare\\\/#breadcrumb\",\"itemListElement\":[{\"@type\":\"ListItem\",\"position\":1,\"name\":\"Acas\u0103\",\"item\":\"https:\\\/\\\/buletin.de\\\/bucuresti\\\/\"},{\"@type\":\"ListItem\",\"position\":2,\"name\":\"Toaletele publice din Pasajul Universit\u0103\u021bii sunt \u00eenchise de luni de zile. Prefectul Capitalei cere redeschiderea lor s\u0103pt\u0103m\u00e2na viitoare\"}]},{\"@type\":\"WebSite\",\"@id\":\"https:\\\/\\\/buletin.de\\\/bucuresti\\\/#website\",\"url\":\"https:\\\/\\\/buletin.de\\\/bucuresti\\\/\",\"name\":\"Buletin de Bucure\u0219ti\",\"description\":\"\u0218tiri \u0219i investiga\u021bii esen\u021biale din capital\u0103\",\"publisher\":{\"@id\":\"https:\\\/\\\/buletin.de\\\/bucuresti\\\/#organization\"},\"potentialAction\":[{\"@type\":\"SearchAction\",\"target\":{\"@type\":\"EntryPoint\",\"urlTemplate\":\"https:\\\/\\\/buletin.de\\\/bucuresti\\\/?s={search_term_string}\"},\"query-input\":{\"@type\":\"PropertyValueSpecification\",\"valueRequired\":true,\"valueName\":\"search_term_string\"}}],\"inLanguage\":\"en-GB\"},{\"@type\":\"Organization\",\"@id\":\"https:\\\/\\\/buletin.de\\\/bucuresti\\\/#organization\",\"name\":\"Buletin de Bucure\u0219ti\",\"url\":\"https:\\\/\\\/buletin.de\\\/bucuresti\\\/\",\"logo\":{\"@type\":\"ImageObject\",\"inLanguage\":\"en-GB\",\"@id\":\"https:\\\/\\\/buletin.de\\\/bucuresti\\\/#\\\/schema\\\/logo\\\/image\\\/\",\"url\":\"https:\\\/\\\/buletin.de\\\/bucuresti\\\/wp-content\\\/uploads\\\/logo-bdb-full-wide-vernil-transparent.png\",\"contentUrl\":\"https:\\\/\\\/buletin.de\\\/bucuresti\\\/wp-content\\\/uploads\\\/logo-bdb-full-wide-vernil-transparent.png\",\"width\":1782,\"height\":626,\"caption\":\"Buletin de Bucure\u0219ti\"},\"image\":{\"@id\":\"https:\\\/\\\/buletin.de\\\/bucuresti\\\/#\\\/schema\\\/logo\\\/image\\\/\"},\"sameAs\":[\"https:\\\/\\\/www.facebook.com\\\/buletin.de.buc\",\"https:\\\/\\\/www.instagram.com\\\/buletinde.bucuresti\\\/\"]},{\"@type\":\"Person\",\"@id\":\"https:\\\/\\\/buletin.de\\\/bucuresti\\\/#\\\/schema\\\/person\\\/81421a46fb84a0887cfd2238f5202586\",\"name\":\"Andreea St\u0103n\u0103r\u00eeng\u0103\",\"image\":{\"@type\":\"ImageObject\",\"inLanguage\":\"en-GB\",\"@id\":\"https:\\\/\\\/buletin.de\\\/bucuresti\\\/wp-content\\\/uploads\\\/2026\\\/06\\\/BDB_Andreea_S-1-96x96.jpgb79b6b91f9c59ea2bdedd1d8c093f6b4\",\"url\":\"https:\\\/\\\/buletin.de\\\/bucuresti\\\/wp-content\\\/uploads\\\/2026\\\/06\\\/BDB_Andreea_S-1-96x96.jpg\",\"contentUrl\":\"https:\\\/\\\/buletin.de\\\/bucuresti\\\/wp-content\\\/uploads\\\/2026\\\/06\\\/BDB_Andreea_S-1-96x96.jpg\",\"caption\":\"Andreea St\u0103n\u0103r\u00eeng\u0103\"},\"description\":\"Face parte din echipa Buletin de Bucure\u0219ti din 2025. A colaborat cu c\u00e2teva publica\u021bii, printre care \u0219i Fanatik.ro, unde s-a ocupat de \u0219tiri de lifestyle \u0219i de actualitate. A f\u0103cut un pas c\u0103tre presa local\u0103 pentru a explora Bucure\u0219tiul \u0219i pove\u0219tile care merit\u0103 spuse.\",\"url\":\"https:\\\/\\\/buletin.de\\\/bucuresti\\\/author\\\/andreea-stanaranga\\\/\"}]}<\/script>\n<!-- \/ Yoast SEO Premium plugin. -->","yoast_head_json":{"title":"Toaletele publice din Pasajul Universit\u0103\u021bii sunt \u00eenchise de luni de zile. Prefectul Capitalei cere redeschiderea lor s\u0103pt\u0103m\u00e2na viitoare - Buletin de Bucure\u0219ti","description":"Toaletele publice din pasajul pietonal de la Universitate sunt \u00eenchise de luni de zile din cauza unor defec\u021biuni repetate","robots":{"index":"index","follow":"follow","max-snippet":"max-snippet:-1","max-image-preview":"max-image-preview:large","max-video-preview":"max-video-preview:-1"},"canonical":"https:\/\/buletin.de\/bucuresti\/toaletele-publice-din-pasajul-universitatii-inchise-de-luni-de-zile-prefectul-capitalei-cere-redeschiderea-lor-saptamana-viitoare\/","og_locale":"en_GB","og_type":"article","og_title":"Toaletele publice din Pasajul Universit\u0103\u021bii sunt \u00eenchise de luni de zile. Prefectul Capitalei cere redeschiderea lor s\u0103pt\u0103m\u00e2na viitoare","og_description":"Toaletele publice din pasajul pietonal de la Universitate sunt \u00eenchise de luni de zile din cauza unor defec\u021biuni repetate","og_url":"https:\/\/buletin.de\/bucuresti\/toaletele-publice-din-pasajul-universitatii-inchise-de-luni-de-zile-prefectul-capitalei-cere-redeschiderea-lor-saptamana-viitoare\/","og_site_name":"Buletin de Bucure\u0219ti","article_publisher":"https:\/\/www.facebook.com\/buletin.de.buc","article_published_time":"2026-07-17T18:33:01+00:00","article_modified_time":"2026-07-17T21:07:00+00:00","og_image":[{"width":2048,"height":1536,"url":"https:\/\/buletin.de\/bucuresti\/wp-content\/uploads\/2026\/07\/748986296_1615856707208564_6081469051697260418_n.jpg","type":"image\/jpeg"}],"author":"Andreea St\u0103n\u0103r\u00eeng\u0103","twitter_card":"summary_large_image","twitter_misc":{"Written by":"Andreea St\u0103n\u0103r\u00eeng\u0103","Estimated reading time":"2 minutes"},"schema":{"@context":"https:\/\/schema.org","@graph":[{"@type":"Article","@id":"https:\/\/buletin.de\/bucuresti\/toaletele-publice-din-pasajul-universitatii-inchise-de-luni-de-zile-prefectul-capitalei-cere-redeschiderea-lor-saptamana-viitoare\/#article","isPartOf":{"@id":"https:\/\/buletin.de\/bucuresti\/toaletele-publice-din-pasajul-universitatii-inchise-de-luni-de-zile-prefectul-capitalei-cere-redeschiderea-lor-saptamana-viitoare\/"},"author":{"name":"Andreea St\u0103n\u0103r\u00eeng\u0103","@id":"https:\/\/buletin.de\/bucuresti\/#\/schema\/person\/81421a46fb84a0887cfd2238f5202586"},"headline":"Toaletele publice din Pasajul Universit\u0103\u021bii sunt \u00eenchise de luni de zile. Prefectul Capitalei cere redeschiderea lor s\u0103pt\u0103m\u00e2na viitoare","datePublished":"2026-07-17T18:33:01+00:00","dateModified":"2026-07-17T21:07:00+00:00","mainEntityOfPage":{"@id":"https:\/\/buletin.de\/bucuresti\/toaletele-publice-din-pasajul-universitatii-inchise-de-luni-de-zile-prefectul-capitalei-cere-redeschiderea-lor-saptamana-viitoare\/"},"wordCount":434,"publisher":{"@id":"https:\/\/buletin.de\/bucuresti\/#organization"},"image":{"@id":"https:\/\/buletin.de\/bucuresti\/toaletele-publice-din-pasajul-universitatii-inchise-de-luni-de-zile-prefectul-capitalei-cere-redeschiderea-lor-saptamana-viitoare\/#primaryimage"},"thumbnailUrl":"https:\/\/buletin.de\/bucuresti\/wp-content\/uploads\/2026\/07\/748986296_1615856707208564_6081469051697260418_n.jpg","keywords":["andrei nistor","Pasaj Universitate","prefectul capitalei","toalete","toalete publice"],"articleSection":["Articole","Eveniment","\u0218tiri"],"inLanguage":"en-GB","copyrightYear":"2026","copyrightHolder":{"@id":"https:\/\/buletin.de\/bucuresti\/#organization"}},{"@type":"WebPage","@id":"https:\/\/buletin.de\/bucuresti\/toaletele-publice-din-pasajul-universitatii-inchise-de-luni-de-zile-prefectul-capitalei-cere-redeschiderea-lor-saptamana-viitoare\/","url":"https:\/\/buletin.de\/bucuresti\/toaletele-publice-din-pasajul-universitatii-inchise-de-luni-de-zile-prefectul-capitalei-cere-redeschiderea-lor-saptamana-viitoare\/","name":"Toaletele publice din Pasajul Universit\u0103\u021bii sunt \u00eenchise de luni de zile. Prefectul Capitalei cere redeschiderea lor s\u0103pt\u0103m\u00e2na viitoare - Buletin de Bucure\u0219ti","isPartOf":{"@id":"https:\/\/buletin.de\/bucuresti\/#website"},"primaryImageOfPage":{"@id":"https:\/\/buletin.de\/bucuresti\/toaletele-publice-din-pasajul-universitatii-inchise-de-luni-de-zile-prefectul-capitalei-cere-redeschiderea-lor-saptamana-viitoare\/#primaryimage"},"image":{"@id":"https:\/\/buletin.de\/bucuresti\/toaletele-publice-din-pasajul-universitatii-inchise-de-luni-de-zile-prefectul-capitalei-cere-redeschiderea-lor-saptamana-viitoare\/#primaryimage"},"thumbnailUrl":"https:\/\/buletin.de\/bucuresti\/wp-content\/uploads\/2026\/07\/748986296_1615856707208564_6081469051697260418_n.jpg","datePublished":"2026-07-17T18:33:01+00:00","dateModified":"2026-07-17T21:07:00+00:00","description":"Toaletele publice din pasajul pietonal de la Universitate sunt \u00eenchise de luni de zile din cauza unor defec\u021biuni repetate","breadcrumb":{"@id":"https:\/\/buletin.de\/bucuresti\/toaletele-publice-din-pasajul-universitatii-inchise-de-luni-de-zile-prefectul-capitalei-cere-redeschiderea-lor-saptamana-viitoare\/#breadcrumb"},"inLanguage":"en-GB","potentialAction":[{"@type":"ReadAction","target":["https:\/\/buletin.de\/bucuresti\/toaletele-publice-din-pasajul-universitatii-inchise-de-luni-de-zile-prefectul-capitalei-cere-redeschiderea-lor-saptamana-viitoare\/"]}]},{"@type":"ImageObject","inLanguage":"en-GB","@id":"https:\/\/buletin.de\/bucuresti\/toaletele-publice-din-pasajul-universitatii-inchise-de-luni-de-zile-prefectul-capitalei-cere-redeschiderea-lor-saptamana-viitoare\/#primaryimage","url":"https:\/\/buletin.de\/bucuresti\/wp-content\/uploads\/2026\/07\/748986296_1615856707208564_6081469051697260418_n.jpg","contentUrl":"https:\/\/buletin.de\/bucuresti\/wp-content\/uploads\/2026\/07\/748986296_1615856707208564_6081469051697260418_n.jpg","width":2048,"height":1536,"caption":"Toaletele din Pasajul Universit\u0103\u021bii sunt \u00eenchise de luni de zile. Foto: FB\/Andrei Nistor"},{"@type":"BreadcrumbList","@id":"https:\/\/buletin.de\/bucuresti\/toaletele-publice-din-pasajul-universitatii-inchise-de-luni-de-zile-prefectul-capitalei-cere-redeschiderea-lor-saptamana-viitoare\/#breadcrumb","itemListElement":[{"@type":"ListItem","position":1,"name":"Acas\u0103","item":"https:\/\/buletin.de\/bucuresti\/"},{"@type":"ListItem","position":2,"name":"Toaletele publice din Pasajul Universit\u0103\u021bii sunt \u00eenchise de luni de zile. Prefectul Capitalei cere redeschiderea lor s\u0103pt\u0103m\u00e2na viitoare"}]},{"@type":"WebSite","@id":"https:\/\/buletin.de\/bucuresti\/#website","url":"https:\/\/buletin.de\/bucuresti\/","name":"Buletin de Bucure\u0219ti","description":"\u0218tiri \u0219i investiga\u021bii esen\u021biale din capital\u0103","publisher":{"@id":"https:\/\/buletin.de\/bucuresti\/#organization"},"potentialAction":[{"@type":"SearchAction","target":{"@type":"EntryPoint","urlTemplate":"https:\/\/buletin.de\/bucuresti\/?s={search_term_string}"},"query-input":{"@type":"PropertyValueSpecification","valueRequired":true,"valueName":"search_term_string"}}],"inLanguage":"en-GB"},{"@type":"Organization","@id":"https:\/\/buletin.de\/bucuresti\/#organization","name":"Buletin de Bucure\u0219ti","url":"https:\/\/buletin.de\/bucuresti\/","logo":{"@type":"ImageObject","inLanguage":"en-GB","@id":"https:\/\/buletin.de\/bucuresti\/#\/schema\/logo\/image\/","url":"https:\/\/buletin.de\/bucuresti\/wp-content\/uploads\/logo-bdb-full-wide-vernil-transparent.png","contentUrl":"https:\/\/buletin.de\/bucuresti\/wp-content\/uploads\/logo-bdb-full-wide-vernil-transparent.png","width":1782,"height":626,"caption":"Buletin de Bucure\u0219ti"},"image":{"@id":"https:\/\/buletin.de\/bucuresti\/#\/schema\/logo\/image\/"},"sameAs":["https:\/\/www.facebook.com\/buletin.de.buc","https:\/\/www.instagram.com\/buletinde.bucuresti\/"]},{"@type":"Person","@id":"https:\/\/buletin.de\/bucuresti\/#\/schema\/person\/81421a46fb84a0887cfd2238f5202586","name":"Andreea St\u0103n\u0103r\u00eeng\u0103","image":{"@type":"ImageObject","inLanguage":"en-GB","@id":"https:\/\/buletin.de\/bucuresti\/wp-content\/uploads\/2026\/06\/BDB_Andreea_S-1-96x96.jpgb79b6b91f9c59ea2bdedd1d8c093f6b4","url":"https:\/\/buletin.de\/bucuresti\/wp-content\/uploads\/2026\/06\/BDB_Andreea_S-1-96x96.jpg","contentUrl":"https:\/\/buletin.de\/bucuresti\/wp-content\/uploads\/2026\/06\/BDB_Andreea_S-1-96x96.jpg","caption":"Andreea St\u0103n\u0103r\u00eeng\u0103"},"description":"Face parte din echipa Buletin de Bucure\u0219ti din 2025. A colaborat cu c\u00e2teva publica\u021bii, printre care \u0219i Fanatik.ro, unde s-a ocupat de \u0219tiri de lifestyle \u0219i de actualitate. A f\u0103cut un pas c\u0103tre presa local\u0103 pentru a explora Bucure\u0219tiul \u0219i pove\u0219tile care merit\u0103 spuse.","url":"https:\/\/buletin.de\/bucuresti\/author\/andreea-stanaranga\/"}]}},"authors":[{"term_id":23912,"user_id":65,"is_guest":0,"slug":"andreea-stanaranga","display_name":"Andreea St\u0103n\u0103r\u00eeng\u0103","avatar_url":"https:\/\/buletin.de\/bucuresti\/wp-content\/uploads\/2026\/06\/BDB_Andreea_S-1-96x96.jpg","author_category":"1","first_name":"Andreea","last_name":"St\u0103n\u0103r\u00eeng\u0103","user_url":"","job_title":"","description":"Face parte din echipa Buletin de Bucure\u0219ti din 2025. A colaborat cu c\u00e2teva publica\u021bii, printre care \u0219i Fanatik.ro, unde s-a ocupat de \u0219tiri de lifestyle \u0219i de actualitate. A f\u0103cut un pas c\u0103tre presa local\u0103 pentru a explora Bucure\u0219tiul \u0219i pove\u0219tile care merit\u0103 spuse."}],"_links":{"self":[{"href":"https:\/\/buletin.de\/bucuresti\/wp-json\/wp\/v2\/posts\/206527","targetHints":{"allow":["GET"]}}],"collection":[{"href":"https:\/\/buletin.de\/bucuresti\/wp-json\/wp\/v2\/posts"}],"about":[{"href":"https:\/\/buletin.de\/bucuresti\/wp-json\/wp\/v2\/types\/post"}],"author":[{"embeddable":true,"href":"https:\/\/buletin.de\/bucuresti\/wp-json\/wp\/v2\/users\/65"}],"replies":[{"embeddable":true,"href":"https:\/\/buletin.de\/bucuresti\/wp-json\/wp\/v2\/comments?post=206527"}],"version-history":[{"count":5,"href":"https:\/\/buletin.de\/bucuresti\/wp-json\/wp\/v2\/posts\/206527\/revisions"}],"predecessor-version":[{"id":206540,"href":"https:\/\/buletin.de\/bucuresti\/wp-json\/wp\/v2\/posts\/206527\/revisions\/206540"}],"wp:featuredmedia":[{"embeddable":true,"href":"https:\/\/buletin.de\/bucuresti\/wp-json\/wp\/v2\/media\/206531"}],"wp:attachment":[{"href":"https:\/\/buletin.de\/bucuresti\/wp-json\/wp\/v2\/media?parent=206527"}],"wp:term":[{"taxonomy":"category","embeddable":true,"href":"https:\/\/buletin.de\/bucuresti\/wp-json\/wp\/v2\/categories?post=206527"},{"taxonomy":"post_tag","embeddable":true,"href":"https:\/\/buletin.de\/bucuresti\/wp-json\/wp\/v2\/tags?post=206527"},{"taxonomy":"author","embeddable":true,"href":"https:\/\/buletin.de\/bucuresti\/wp-json\/wp\/v2\/ppma_author?post=206527"}],"curies":[{"name":"wp","href":"https:\/\/api.w.org\/{rel}","templated":true}]}}