{"id":206489,"date":"2026-07-17T19:56:42","date_gmt":"2026-07-17T16:56:42","guid":{"rendered":"https:\/\/buletin.de\/bucuresti\/?p=206489"},"modified":"2026-07-18T00:13:26","modified_gmt":"2026-07-17T21:13:26","slug":"vicepremierul-oana-gheorghiu-compania-de-stat-care-administreaza-palatul-cfr-din-bucuresti-are-doar-rolul-de-a-oferi-sinecuri","status":"publish","type":"post","link":"https:\/\/buletin.de\/bucuresti\/vicepremierul-oana-gheorghiu-compania-de-stat-care-administreaza-palatul-cfr-din-bucuresti-are-doar-rolul-de-a-oferi-sinecuri\/","title":{"rendered":"Vicepremierul Oana Gheorghiu: compania de stat care administreaz\u0103 Palatul CFR din Bucure\u0219ti are doar rolul de a oferi sinecuri. Cine sunt \u201eprofitorii\u201d"},"content":{"rendered":"\n<p class=\"wp-block-paragraph\"><strong>Vicepremierul Oana Gheorghiu sus\u021bine c\u0103 societatea de stat care administreaz\u0103 Palatul CFR, de l\u00e2ng\u0103 Gara de Nord, are mai degrab\u0103 rolul de a oferi sinecuri, nu de a aduce un beneficiu bugetului public, c\u0103ci singurul s\u0103u rol este de a \u00eenchiria un bun al statului c\u0103tre companii de stat. <\/strong><\/p>\n\n\n\n<p class=\"wp-block-paragraph\">Grup Exploatare \u0219i \u00centre\u021binere Palat C.F.R, are 36 de angaja\u021bi \u0219i patru membri \u00een Consiliul de Administra\u021bie, potrivit <a href=\"https:\/\/www.facebook.com\/100000402907085\/posts\/27808508245412566\/?rdid=Xi7elF633j3L7u28#\" data-type=\"link\" data-id=\"https:\/\/www.facebook.com\/100000402907085\/posts\/27808508245412566\/?rdid=Xi7elF633j3L7u28#\" target=\"_blank\" rel=\"noreferrer noopener\">unei post\u0103ri de pe pagina de Facebook<\/a>.<\/p>\n\n\n\n<p class=\"wp-block-paragraph\">Chiria\u0219ii companiei sunt Ministerul Transporturilor \u0219i Infrastructurii, Compania Na\u021bional\u0103 de C\u0103i Ferate CFR SA, CFR C\u0103l\u0103tori, CFR Marf\u0103, Autoritatea pentru Reforma Feroviar\u0103, Inspectoratul de Stat pentru Controlul \u00een Transportul Rutier \u0219i Telecomunica\u021bii C.F.R. SA. Aceste institu\u021bii pl\u0103tesc chirie companiei publice pentru a ocupa o cl\u0103d<strong>ire public\u0103.<\/strong><\/p>\n\n\n\n<p class=\"wp-block-paragraph\">\u00cen Palatul CFR, \u00een luna mai, <a href=\"https:\/\/buletin.de\/bucuresti\/un-lift-din-palatul-cfr-sediul-ministerului-transporturilor-s-a-prabusit-sase-persoane-se-aflau-in-interior\/\" data-type=\"link\" data-id=\"https:\/\/buletin.de\/bucuresti\/un-lift-din-palatul-cfr-sediul-ministerului-transporturilor-s-a-prabusit-sase-persoane-se-aflau-in-interior\/\" target=\"_blank\" rel=\"noreferrer noopener\">7 persoane au c\u0103zut \u00een gol cu liftul<\/a>, la pu\u021bin timp dup\u0103 ce au fost efectuate lucr\u0103ri majore \u0219i au fost \u00eenlocuite cabluri de trac\u021biune.<\/p>\n\n\n\n<p class=\"wp-block-paragraph\"><strong>CITE\u0218TE \u0218I <a href=\"https:\/\/buletin.de\/bucuresti\/exclusiv-lifturile-de-la-palatul-cfr-au-fost-verificate-in-aprilie-firma-care-asigura-mentenanta-a-imprumutat-bani-fostului-partid-al-lui-piedone\/\">EXCLUSIV | Lifturile de <\/a><a href=\"https:\/\/buletin.de\/bucuresti\/exclusiv-lifturile-de-la-palatul-cfr-au-fost-verificate-in-aprilie-firma-care-asigura-mentenanta-a-imprumutat-bani-fostului-partid-al-lui-piedone\/\" target=\"_blank\" rel=\"noreferrer noopener\">la Palatul CFR au fost verificate \u00een aprilie. Se defectau frecvent. Firma care asigura mentenan\u021ba a \u00eemprumutat bani fostului <\/a><a href=\"https:\/\/buletin.de\/bucuresti\/exclusiv-lifturile-de-la-palatul-cfr-au-fost-verificate-in-aprilie-firma-care-asigura-mentenanta-a-imprumutat-bani-fostului-partid-al-lui-piedone\/\">partid al lui Piedone<\/a><\/strong><\/p>\n\n\n\n<h2 id=\"h-ce-nereguli-a-gasit-vicepremierul-la-compania-de-stat-care-administreaza-palatul-cfr\" class=\"wp-block-heading\">Ce nereguli a g\u0103sit vicepremierul la compania de stat care administreaz\u0103 Palatul CFR<\/h2>\n\n\n\n<p class=\"wp-block-paragraph\">De asemenea, vicepremierul Oana Gheorghiu a invocat un raport al Cur\u021bii de Conturi, potrivit c\u0103ruia la nivelul companiei ar fi fost identificate mai multe probleme de guvernan\u021b\u0103, precum neevaluarea cl\u0103dirii din anul 2013, lipsa unor indicatori de performan\u021b\u0103 pentru administratori \u0219i directorul general \u0219i nerespectarea responsabilit\u0103\u021bilor dintre conducerea executiv\u0103 \u0219i Consiliul de Administra\u021bie. \u00cen plus, conducerea societ\u0103\u021bii a func\u021bionat mai mult timp prin mandate provizorii. <\/p>\n\n\n\n<p class=\"wp-block-paragraph\"><strong>Oficialul a mai semnalat \u0219i o problem\u0103 privind independen\u021ba Consiliului de Administra\u021bie. <\/strong><\/p>\n\n\n\n<p class=\"wp-block-paragraph\"><em>\u201eLegea spune clar c\u0103 majoritatea administratorilor trebuie s\u0103 fie independen\u021bi \u0219i c\u0103 persoanele care lucreaz\u0103 \u00een institu\u021bii publice nu pot fi considerate administratori independen\u021bi. Aceste reguli nu sunt recomand\u0103ri. Ele sunt obliga\u021bii legale.\u201d<\/em>, a precizat Oana Gheorghiu. <\/p>\n\n\n\n<p class=\"wp-block-paragraph\"><strong>\u00cen postare, vicepremierul a men\u021bionat componen\u021ba Consiliului de Administra\u021bie:<\/strong><\/p>\n\n\n\n<ul class=\"wp-block-list\">\n<li>un director din Ministerul Transporturilor;<\/li>\n\n\n\n<li>un director executiv din Prim\u0103ria Sector 2;<\/li>\n\n\n\n<li>un consilier general al Municipiului Bucure\u0219ti;<\/li>\n\n\n\n<li>purt\u0103torul de cuv\u00e2nt al fostului premier Viorica D\u0103ncil\u0103.<\/li>\n<\/ul>\n\n\n\n<h2 id=\"h-ca\u021bi-bani-incaseaza-conducerea-companiei\" class=\"wp-block-heading\">C\u00e2\u021bi bani \u00eencaseaz\u0103 conducerea companiei <\/h2>\n\n\n\n<p class=\"wp-block-paragraph\">\u00cen ceea ce prive\u0219te situa\u021bia financiar\u0103 a companiei, vicepremierul a spus c\u0103 aceasta nu \u00eenregistreaz\u0103 pierderi \u00eentruc\u00e2t obiectul de activitate este \u00eenchirierea spa\u021biilor din Palatul CFR c\u0103tre alte entit\u0103\u021bi publice, de la care \u00eencaseaz\u0103 suficien\u021bi bani c\u00e2t s\u0103-\u0219i acopere costurile \u0219i s\u0103 fac\u0103 o rat\u0103 de rentabilitate economic\u0103 de 3,13% \u0219i rat\u0103 de rentabilitate financiar\u0103 de 3,22%. <\/p>\n\n\n\n<p class=\"wp-block-paragraph\"><strong>Anual, sumele \u00eencasate de conducerea societ\u0103\u021bii ajung la 334.944 lei pentru membrii Consiliului de Administra\u021bie \u0219i 291.552 lei pentru directorul general.<\/strong><\/p>\n\n\n\n<p class=\"wp-block-paragraph\">\u00cen ultimii zece ani, compania a fost implicat\u0103 \u00een peste 177 de procese penale, din care unul deschis \u00eempotriva Ministerului Transporturilor \u0219i Infrastructurii \u00een calitate de debitor. <\/p>\n\n\n\n<p class=\"wp-block-paragraph\"><em>\u201eGrup Exploatare \u0219i \u00centretinere Palat C.F.R. S.A. este doar una dintre cele peste 1.500 de companii ale statului rom\u00e2n.\u201d<\/em>, a mai transmis Oana Gheorghiu.<\/p>\n\n\n\n<h2 id=\"h-cine-sunt-membrii-consiliului-de-administra\u021bie\" class=\"wp-block-heading\">Cine sunt membrii Consiliului de Administra\u021bie <\/h2>\n\n\n\n<p class=\"wp-block-paragraph\">Printre membrii Consiliului de Administra\u021bie men\u021biona\u021bi se num\u0103r\u0103 <strong>Adrian Olteanu<\/strong>, care ocup\u0103 func\u021bia de \u0219ef serviciu \u00een cadrul Ministerului Transporturilor \u0219i Infrastructurii, \u00eencep\u00e2nd cu 2019. Potrivit CV-ului de pe site-ul Palatului CFR, acesta ocup\u0103 \u0219i func\u021bia de consilier juridic \u00een cadrul institu\u021biei, din 2016. <\/p>\n\n\n\n<p class=\"wp-block-paragraph\">Un alt membru al Consiliului de Administra\u021bie al companiei este <strong>Akan Osman<\/strong>, director general \u00een cadrul Direc\u021biei Generale de Asisten\u021b\u0103 Social\u0103 \u0219i Protec\u021bia Copilului Sector 2. \u00cen trecut, acesta a fost \u0219i membru \u00een CA \u00een cadrul SNTFC CFR C\u0103l\u0103tori, dar a ocupat func\u021bii  \u0219i \u00een cadrul Prim\u0103riei Sectorului 5, printre care \u0219i consilier cabinet primar, conform informa\u021biilor din CV.<\/p>\n\n\n\n<p class=\"wp-block-paragraph\"><strong>George Turmac<\/strong>, consilier general la Prim\u0103ria Municipiului Bucure\u0219ti, din partea PSD, este membru al Consiliului de Administra\u021bie  al companiei care administreaz\u0103 Palatul CFR.<\/p>\n\n\n\n<p class=\"wp-block-paragraph\"><strong>Nelu Barbu<\/strong> a fost numit consilier de stat \u00een aparatul de lucru al fostului premier Viorica D\u0103ncil\u0103, \u00een februarie 2018. Conform CV-ului, acesta a fost prezentator \u0219tiri, editor, realizator emisiuni la postul B1 TV, \u00een perioada 2011 &#8211; 2017. Anterior, a fost jurnalist la Antena 3 TV.<\/p>\n\n\n\n<p class=\"wp-block-paragraph\"><strong>CITE\u0218TE \u0218I <a href=\"https:\/\/buletin.de\/bucuresti\/sfarsitul-interimatelor-din-teatrele-bucurestene-mai-are-de-asteptat-primarul-capitalei-anunta-constituirea-unui-grup-de-lucru-pentru-organizarea-concursurilor\/\" target=\"_blank\" rel=\"noreferrer noopener\">Sf\u00e2r\u0219itul interimatelor din teatrele bucure\u0219tene mai are de a\u0219teptat. Primarul Capitalei anun\u0163\u0103 constituirea unui grup de lucru pentru organizarea concursurilor<\/a><\/strong><\/p>\n","protected":false},"excerpt":{"rendered":"<p>Vicepremierul Oana Gheorghiu sus\u021bine c\u0103 societatea de stat care administreaz\u0103 Palatul CFR, de l\u00e2ng\u0103 Gara de Nord, are mai degrab\u0103 rolul de a oferi sinecuri, nu de a aduce un beneficiu bugetului public, c\u0103ci singurul s\u0103u rol este de a \u00eenchiria un bun al statului c\u0103tre companii de stat. Grup Exploatare \u0219i \u00centre\u021binere Palat C.F.R, [&hellip;]<\/p>\n","protected":false},"author":65,"featured_media":206508,"comment_status":"closed","ping_status":"open","sticky":false,"template":"","format":"standard","meta":{"_acf_changed":false,"inline_featured_image":false,"ngg_post_thumbnail":0,"footnotes":""},"categories":[6994,5762,9025],"tags":[3612,16141,7425,43,6667],"ppma_author":[23912],"class_list":["post-206489","post","type-post","status-publish","format-standard","has-post-thumbnail","hentry","category-stiri-2","category-main","category-politic","tag-chirie","tag-companie-de-stat","tag-consiliu-de-administratie","tag-oana-gheorghiu","tag-palatul-cfr"],"acf":[],"a3_pvc":{"activated":false,"total_views":0,"today_views":0},"yoast_head":"<!-- This site is optimized with the Yoast SEO Premium plugin v28.0 (Yoast SEO v28.3) - https:\/\/yoast.com\/product\/yoast-seo-premium-wordpress\/ -->\n<title>Vicepremierul Oana Gheorghiu: compania de stat care administreaz\u0103 Palatul CFR din Bucure\u0219ti are doar rolul de a oferi sinecuri. Cine sunt \u201eprofitorii\u201d - Buletin de Bucure\u0219ti<\/title>\n<meta name=\"description\" content=\"Vicepremierul Oana Gheorghiu a semnalat nereguli privind modul de func\u021bionare al companiei de stat care administreaz\u0103 Palatul CFR.\" \/>\n<meta name=\"robots\" content=\"index, follow, max-snippet:-1, max-image-preview:large, max-video-preview:-1\" \/>\n<link rel=\"canonical\" href=\"https:\/\/buletin.de\/bucuresti\/vicepremierul-oana-gheorghiu-compania-de-stat-care-administreaza-palatul-cfr-din-bucuresti-are-doar-rolul-de-a-oferi-sinecuri\/\" \/>\n<meta property=\"og:locale\" content=\"en_GB\" \/>\n<meta property=\"og:type\" content=\"article\" \/>\n<meta property=\"og:title\" content=\"Vicepremierul Oana Gheorghiu: compania de stat care administreaz\u0103 Palatul CFR din Bucure\u0219ti are doar rolul de a oferi sinecuri. Cine sunt \u201eprofitorii\u201d\" \/>\n<meta property=\"og:description\" content=\"Vicepremierul Oana Gheorghiu a semnalat nereguli privind modul de func\u021bionare al companiei de stat care administreaz\u0103 Palatul CFR.\" \/>\n<meta property=\"og:url\" content=\"https:\/\/buletin.de\/bucuresti\/vicepremierul-oana-gheorghiu-compania-de-stat-care-administreaza-palatul-cfr-din-bucuresti-are-doar-rolul-de-a-oferi-sinecuri\/\" \/>\n<meta property=\"og:site_name\" content=\"Buletin de Bucure\u0219ti\" \/>\n<meta property=\"article:publisher\" content=\"https:\/\/www.facebook.com\/buletin.de.buc\" \/>\n<meta property=\"article:published_time\" content=\"2026-07-17T16:56:42+00:00\" \/>\n<meta property=\"article:modified_time\" content=\"2026-07-17T21:13:26+00:00\" \/>\n<meta property=\"og:image\" content=\"https:\/\/buletin.de\/bucuresti\/wp-content\/uploads\/2026\/07\/Compania-care-administreaza-Palatul-CFR.jpg\" \/>\n\t<meta property=\"og:image:width\" content=\"1200\" \/>\n\t<meta property=\"og:image:height\" content=\"650\" \/>\n\t<meta property=\"og:image:type\" content=\"image\/jpeg\" \/>\n<meta name=\"author\" content=\"Andreea St\u0103n\u0103r\u00eeng\u0103\" \/>\n<meta name=\"twitter:card\" content=\"summary_large_image\" \/>\n<meta name=\"twitter:label1\" content=\"Written by\" \/>\n\t<meta name=\"twitter:data1\" content=\"Andreea St\u0103n\u0103r\u00eeng\u0103\" \/>\n\t<meta name=\"twitter:label2\" content=\"Estimated reading time\" \/>\n\t<meta name=\"twitter:data2\" content=\"4 minutes\" \/>\n<script type=\"application\/ld+json\" class=\"yoast-schema-graph\">{\"@context\":\"https:\\\/\\\/schema.org\",\"@graph\":[{\"@type\":\"Article\",\"@id\":\"https:\\\/\\\/buletin.de\\\/bucuresti\\\/vicepremierul-oana-gheorghiu-compania-de-stat-care-administreaza-palatul-cfr-din-bucuresti-are-doar-rolul-de-a-oferi-sinecuri\\\/#article\",\"isPartOf\":{\"@id\":\"https:\\\/\\\/buletin.de\\\/bucuresti\\\/vicepremierul-oana-gheorghiu-compania-de-stat-care-administreaza-palatul-cfr-din-bucuresti-are-doar-rolul-de-a-oferi-sinecuri\\\/\"},\"author\":{\"name\":\"Andreea St\u0103n\u0103r\u00eeng\u0103\",\"@id\":\"https:\\\/\\\/buletin.de\\\/bucuresti\\\/#\\\/schema\\\/person\\\/81421a46fb84a0887cfd2238f5202586\"},\"headline\":\"Vicepremierul Oana Gheorghiu: compania de stat care administreaz\u0103 Palatul CFR din Bucure\u0219ti are doar rolul de a oferi sinecuri. Cine sunt \u201eprofitorii\u201d\",\"datePublished\":\"2026-07-17T16:56:42+00:00\",\"dateModified\":\"2026-07-17T21:13:26+00:00\",\"mainEntityOfPage\":{\"@id\":\"https:\\\/\\\/buletin.de\\\/bucuresti\\\/vicepremierul-oana-gheorghiu-compania-de-stat-care-administreaza-palatul-cfr-din-bucuresti-are-doar-rolul-de-a-oferi-sinecuri\\\/\"},\"wordCount\":776,\"publisher\":{\"@id\":\"https:\\\/\\\/buletin.de\\\/bucuresti\\\/#organization\"},\"image\":{\"@id\":\"https:\\\/\\\/buletin.de\\\/bucuresti\\\/vicepremierul-oana-gheorghiu-compania-de-stat-care-administreaza-palatul-cfr-din-bucuresti-are-doar-rolul-de-a-oferi-sinecuri\\\/#primaryimage\"},\"thumbnailUrl\":\"https:\\\/\\\/buletin.de\\\/bucuresti\\\/wp-content\\\/uploads\\\/2026\\\/07\\\/Compania-care-administreaza-Palatul-CFR.jpg\",\"keywords\":[\"chirie\",\"companie de stat\",\"consiliu de administratie\",\"oana gheorghiu\",\"palatul cfr\"],\"articleSection\":[\"Articole\",\"Main\",\"Politic\"],\"inLanguage\":\"en-GB\",\"copyrightYear\":\"2026\",\"copyrightHolder\":{\"@id\":\"https:\\\/\\\/buletin.de\\\/bucuresti\\\/#organization\"}},{\"@type\":\"WebPage\",\"@id\":\"https:\\\/\\\/buletin.de\\\/bucuresti\\\/vicepremierul-oana-gheorghiu-compania-de-stat-care-administreaza-palatul-cfr-din-bucuresti-are-doar-rolul-de-a-oferi-sinecuri\\\/\",\"url\":\"https:\\\/\\\/buletin.de\\\/bucuresti\\\/vicepremierul-oana-gheorghiu-compania-de-stat-care-administreaza-palatul-cfr-din-bucuresti-are-doar-rolul-de-a-oferi-sinecuri\\\/\",\"name\":\"Vicepremierul Oana Gheorghiu: compania de stat care administreaz\u0103 Palatul CFR din Bucure\u0219ti are doar rolul de a oferi sinecuri. Cine sunt \u201eprofitorii\u201d - Buletin de Bucure\u0219ti\",\"isPartOf\":{\"@id\":\"https:\\\/\\\/buletin.de\\\/bucuresti\\\/#website\"},\"primaryImageOfPage\":{\"@id\":\"https:\\\/\\\/buletin.de\\\/bucuresti\\\/vicepremierul-oana-gheorghiu-compania-de-stat-care-administreaza-palatul-cfr-din-bucuresti-are-doar-rolul-de-a-oferi-sinecuri\\\/#primaryimage\"},\"image\":{\"@id\":\"https:\\\/\\\/buletin.de\\\/bucuresti\\\/vicepremierul-oana-gheorghiu-compania-de-stat-care-administreaza-palatul-cfr-din-bucuresti-are-doar-rolul-de-a-oferi-sinecuri\\\/#primaryimage\"},\"thumbnailUrl\":\"https:\\\/\\\/buletin.de\\\/bucuresti\\\/wp-content\\\/uploads\\\/2026\\\/07\\\/Compania-care-administreaza-Palatul-CFR.jpg\",\"datePublished\":\"2026-07-17T16:56:42+00:00\",\"dateModified\":\"2026-07-17T21:13:26+00:00\",\"description\":\"Vicepremierul Oana Gheorghiu a semnalat nereguli privind modul de func\u021bionare al companiei de stat care administreaz\u0103 Palatul CFR.\",\"breadcrumb\":{\"@id\":\"https:\\\/\\\/buletin.de\\\/bucuresti\\\/vicepremierul-oana-gheorghiu-compania-de-stat-care-administreaza-palatul-cfr-din-bucuresti-are-doar-rolul-de-a-oferi-sinecuri\\\/#breadcrumb\"},\"inLanguage\":\"en-GB\",\"potentialAction\":[{\"@type\":\"ReadAction\",\"target\":[\"https:\\\/\\\/buletin.de\\\/bucuresti\\\/vicepremierul-oana-gheorghiu-compania-de-stat-care-administreaza-palatul-cfr-din-bucuresti-are-doar-rolul-de-a-oferi-sinecuri\\\/\"]}]},{\"@type\":\"ImageObject\",\"inLanguage\":\"en-GB\",\"@id\":\"https:\\\/\\\/buletin.de\\\/bucuresti\\\/vicepremierul-oana-gheorghiu-compania-de-stat-care-administreaza-palatul-cfr-din-bucuresti-are-doar-rolul-de-a-oferi-sinecuri\\\/#primaryimage\",\"url\":\"https:\\\/\\\/buletin.de\\\/bucuresti\\\/wp-content\\\/uploads\\\/2026\\\/07\\\/Compania-care-administreaza-Palatul-CFR.jpg\",\"contentUrl\":\"https:\\\/\\\/buletin.de\\\/bucuresti\\\/wp-content\\\/uploads\\\/2026\\\/07\\\/Compania-care-administreaza-Palatul-CFR.jpg\",\"width\":1200,\"height\":650,\"caption\":\"Nereguli semnalate \u00een privin\u021ba companiei care administreaz\u0103 Palatul CFR. Foto: palatcfr.ro\"},{\"@type\":\"BreadcrumbList\",\"@id\":\"https:\\\/\\\/buletin.de\\\/bucuresti\\\/vicepremierul-oana-gheorghiu-compania-de-stat-care-administreaza-palatul-cfr-din-bucuresti-are-doar-rolul-de-a-oferi-sinecuri\\\/#breadcrumb\",\"itemListElement\":[{\"@type\":\"ListItem\",\"position\":1,\"name\":\"Acas\u0103\",\"item\":\"https:\\\/\\\/buletin.de\\\/bucuresti\\\/\"},{\"@type\":\"ListItem\",\"position\":2,\"name\":\"Vicepremierul Oana Gheorghiu: compania de stat care administreaz\u0103 Palatul CFR din Bucure\u0219ti are doar rolul de a oferi sinecuri. Cine sunt \u201eprofitorii\u201d\"}]},{\"@type\":\"WebSite\",\"@id\":\"https:\\\/\\\/buletin.de\\\/bucuresti\\\/#website\",\"url\":\"https:\\\/\\\/buletin.de\\\/bucuresti\\\/\",\"name\":\"Buletin de Bucure\u0219ti\",\"description\":\"\u0218tiri \u0219i investiga\u021bii esen\u021biale din capital\u0103\",\"publisher\":{\"@id\":\"https:\\\/\\\/buletin.de\\\/bucuresti\\\/#organization\"},\"potentialAction\":[{\"@type\":\"SearchAction\",\"target\":{\"@type\":\"EntryPoint\",\"urlTemplate\":\"https:\\\/\\\/buletin.de\\\/bucuresti\\\/?s={search_term_string}\"},\"query-input\":{\"@type\":\"PropertyValueSpecification\",\"valueRequired\":true,\"valueName\":\"search_term_string\"}}],\"inLanguage\":\"en-GB\"},{\"@type\":\"Organization\",\"@id\":\"https:\\\/\\\/buletin.de\\\/bucuresti\\\/#organization\",\"name\":\"Buletin de Bucure\u0219ti\",\"url\":\"https:\\\/\\\/buletin.de\\\/bucuresti\\\/\",\"logo\":{\"@type\":\"ImageObject\",\"inLanguage\":\"en-GB\",\"@id\":\"https:\\\/\\\/buletin.de\\\/bucuresti\\\/#\\\/schema\\\/logo\\\/image\\\/\",\"url\":\"https:\\\/\\\/buletin.de\\\/bucuresti\\\/wp-content\\\/uploads\\\/logo-bdb-full-wide-vernil-transparent.png\",\"contentUrl\":\"https:\\\/\\\/buletin.de\\\/bucuresti\\\/wp-content\\\/uploads\\\/logo-bdb-full-wide-vernil-transparent.png\",\"width\":1782,\"height\":626,\"caption\":\"Buletin de Bucure\u0219ti\"},\"image\":{\"@id\":\"https:\\\/\\\/buletin.de\\\/bucuresti\\\/#\\\/schema\\\/logo\\\/image\\\/\"},\"sameAs\":[\"https:\\\/\\\/www.facebook.com\\\/buletin.de.buc\",\"https:\\\/\\\/www.instagram.com\\\/buletinde.bucuresti\\\/\"]},{\"@type\":\"Person\",\"@id\":\"https:\\\/\\\/buletin.de\\\/bucuresti\\\/#\\\/schema\\\/person\\\/81421a46fb84a0887cfd2238f5202586\",\"name\":\"Andreea St\u0103n\u0103r\u00eeng\u0103\",\"image\":{\"@type\":\"ImageObject\",\"inLanguage\":\"en-GB\",\"@id\":\"https:\\\/\\\/buletin.de\\\/bucuresti\\\/wp-content\\\/uploads\\\/2026\\\/06\\\/BDB_Andreea_S-1-96x96.jpgb79b6b91f9c59ea2bdedd1d8c093f6b4\",\"url\":\"https:\\\/\\\/buletin.de\\\/bucuresti\\\/wp-content\\\/uploads\\\/2026\\\/06\\\/BDB_Andreea_S-1-96x96.jpg\",\"contentUrl\":\"https:\\\/\\\/buletin.de\\\/bucuresti\\\/wp-content\\\/uploads\\\/2026\\\/06\\\/BDB_Andreea_S-1-96x96.jpg\",\"caption\":\"Andreea St\u0103n\u0103r\u00eeng\u0103\"},\"description\":\"Face parte din echipa Buletin de Bucure\u0219ti din 2025. A colaborat cu c\u00e2teva publica\u021bii, printre care \u0219i Fanatik.ro, unde s-a ocupat de \u0219tiri de lifestyle \u0219i de actualitate. A f\u0103cut un pas c\u0103tre presa local\u0103 pentru a explora Bucure\u0219tiul \u0219i pove\u0219tile care merit\u0103 spuse.\",\"url\":\"https:\\\/\\\/buletin.de\\\/bucuresti\\\/author\\\/andreea-stanaranga\\\/\"}]}<\/script>\n<!-- \/ Yoast SEO Premium plugin. -->","yoast_head_json":{"title":"Vicepremierul Oana Gheorghiu: compania de stat care administreaz\u0103 Palatul CFR din Bucure\u0219ti are doar rolul de a oferi sinecuri. Cine sunt \u201eprofitorii\u201d - Buletin de Bucure\u0219ti","description":"Vicepremierul Oana Gheorghiu a semnalat nereguli privind modul de func\u021bionare al companiei de stat care administreaz\u0103 Palatul CFR.","robots":{"index":"index","follow":"follow","max-snippet":"max-snippet:-1","max-image-preview":"max-image-preview:large","max-video-preview":"max-video-preview:-1"},"canonical":"https:\/\/buletin.de\/bucuresti\/vicepremierul-oana-gheorghiu-compania-de-stat-care-administreaza-palatul-cfr-din-bucuresti-are-doar-rolul-de-a-oferi-sinecuri\/","og_locale":"en_GB","og_type":"article","og_title":"Vicepremierul Oana Gheorghiu: compania de stat care administreaz\u0103 Palatul CFR din Bucure\u0219ti are doar rolul de a oferi sinecuri. Cine sunt \u201eprofitorii\u201d","og_description":"Vicepremierul Oana Gheorghiu a semnalat nereguli privind modul de func\u021bionare al companiei de stat care administreaz\u0103 Palatul CFR.","og_url":"https:\/\/buletin.de\/bucuresti\/vicepremierul-oana-gheorghiu-compania-de-stat-care-administreaza-palatul-cfr-din-bucuresti-are-doar-rolul-de-a-oferi-sinecuri\/","og_site_name":"Buletin de Bucure\u0219ti","article_publisher":"https:\/\/www.facebook.com\/buletin.de.buc","article_published_time":"2026-07-17T16:56:42+00:00","article_modified_time":"2026-07-17T21:13:26+00:00","og_image":[{"width":1200,"height":650,"url":"https:\/\/buletin.de\/bucuresti\/wp-content\/uploads\/2026\/07\/Compania-care-administreaza-Palatul-CFR.jpg","type":"image\/jpeg"}],"author":"Andreea St\u0103n\u0103r\u00eeng\u0103","twitter_card":"summary_large_image","twitter_misc":{"Written by":"Andreea St\u0103n\u0103r\u00eeng\u0103","Estimated reading time":"4 minutes"},"schema":{"@context":"https:\/\/schema.org","@graph":[{"@type":"Article","@id":"https:\/\/buletin.de\/bucuresti\/vicepremierul-oana-gheorghiu-compania-de-stat-care-administreaza-palatul-cfr-din-bucuresti-are-doar-rolul-de-a-oferi-sinecuri\/#article","isPartOf":{"@id":"https:\/\/buletin.de\/bucuresti\/vicepremierul-oana-gheorghiu-compania-de-stat-care-administreaza-palatul-cfr-din-bucuresti-are-doar-rolul-de-a-oferi-sinecuri\/"},"author":{"name":"Andreea St\u0103n\u0103r\u00eeng\u0103","@id":"https:\/\/buletin.de\/bucuresti\/#\/schema\/person\/81421a46fb84a0887cfd2238f5202586"},"headline":"Vicepremierul Oana Gheorghiu: compania de stat care administreaz\u0103 Palatul CFR din Bucure\u0219ti are doar rolul de a oferi sinecuri. Cine sunt \u201eprofitorii\u201d","datePublished":"2026-07-17T16:56:42+00:00","dateModified":"2026-07-17T21:13:26+00:00","mainEntityOfPage":{"@id":"https:\/\/buletin.de\/bucuresti\/vicepremierul-oana-gheorghiu-compania-de-stat-care-administreaza-palatul-cfr-din-bucuresti-are-doar-rolul-de-a-oferi-sinecuri\/"},"wordCount":776,"publisher":{"@id":"https:\/\/buletin.de\/bucuresti\/#organization"},"image":{"@id":"https:\/\/buletin.de\/bucuresti\/vicepremierul-oana-gheorghiu-compania-de-stat-care-administreaza-palatul-cfr-din-bucuresti-are-doar-rolul-de-a-oferi-sinecuri\/#primaryimage"},"thumbnailUrl":"https:\/\/buletin.de\/bucuresti\/wp-content\/uploads\/2026\/07\/Compania-care-administreaza-Palatul-CFR.jpg","keywords":["chirie","companie de stat","consiliu de administratie","oana gheorghiu","palatul cfr"],"articleSection":["Articole","Main","Politic"],"inLanguage":"en-GB","copyrightYear":"2026","copyrightHolder":{"@id":"https:\/\/buletin.de\/bucuresti\/#organization"}},{"@type":"WebPage","@id":"https:\/\/buletin.de\/bucuresti\/vicepremierul-oana-gheorghiu-compania-de-stat-care-administreaza-palatul-cfr-din-bucuresti-are-doar-rolul-de-a-oferi-sinecuri\/","url":"https:\/\/buletin.de\/bucuresti\/vicepremierul-oana-gheorghiu-compania-de-stat-care-administreaza-palatul-cfr-din-bucuresti-are-doar-rolul-de-a-oferi-sinecuri\/","name":"Vicepremierul Oana Gheorghiu: compania de stat care administreaz\u0103 Palatul CFR din Bucure\u0219ti are doar rolul de a oferi sinecuri. Cine sunt \u201eprofitorii\u201d - Buletin de Bucure\u0219ti","isPartOf":{"@id":"https:\/\/buletin.de\/bucuresti\/#website"},"primaryImageOfPage":{"@id":"https:\/\/buletin.de\/bucuresti\/vicepremierul-oana-gheorghiu-compania-de-stat-care-administreaza-palatul-cfr-din-bucuresti-are-doar-rolul-de-a-oferi-sinecuri\/#primaryimage"},"image":{"@id":"https:\/\/buletin.de\/bucuresti\/vicepremierul-oana-gheorghiu-compania-de-stat-care-administreaza-palatul-cfr-din-bucuresti-are-doar-rolul-de-a-oferi-sinecuri\/#primaryimage"},"thumbnailUrl":"https:\/\/buletin.de\/bucuresti\/wp-content\/uploads\/2026\/07\/Compania-care-administreaza-Palatul-CFR.jpg","datePublished":"2026-07-17T16:56:42+00:00","dateModified":"2026-07-17T21:13:26+00:00","description":"Vicepremierul Oana Gheorghiu a semnalat nereguli privind modul de func\u021bionare al companiei de stat care administreaz\u0103 Palatul CFR.","breadcrumb":{"@id":"https:\/\/buletin.de\/bucuresti\/vicepremierul-oana-gheorghiu-compania-de-stat-care-administreaza-palatul-cfr-din-bucuresti-are-doar-rolul-de-a-oferi-sinecuri\/#breadcrumb"},"inLanguage":"en-GB","potentialAction":[{"@type":"ReadAction","target":["https:\/\/buletin.de\/bucuresti\/vicepremierul-oana-gheorghiu-compania-de-stat-care-administreaza-palatul-cfr-din-bucuresti-are-doar-rolul-de-a-oferi-sinecuri\/"]}]},{"@type":"ImageObject","inLanguage":"en-GB","@id":"https:\/\/buletin.de\/bucuresti\/vicepremierul-oana-gheorghiu-compania-de-stat-care-administreaza-palatul-cfr-din-bucuresti-are-doar-rolul-de-a-oferi-sinecuri\/#primaryimage","url":"https:\/\/buletin.de\/bucuresti\/wp-content\/uploads\/2026\/07\/Compania-care-administreaza-Palatul-CFR.jpg","contentUrl":"https:\/\/buletin.de\/bucuresti\/wp-content\/uploads\/2026\/07\/Compania-care-administreaza-Palatul-CFR.jpg","width":1200,"height":650,"caption":"Nereguli semnalate \u00een privin\u021ba companiei care administreaz\u0103 Palatul CFR. Foto: palatcfr.ro"},{"@type":"BreadcrumbList","@id":"https:\/\/buletin.de\/bucuresti\/vicepremierul-oana-gheorghiu-compania-de-stat-care-administreaza-palatul-cfr-din-bucuresti-are-doar-rolul-de-a-oferi-sinecuri\/#breadcrumb","itemListElement":[{"@type":"ListItem","position":1,"name":"Acas\u0103","item":"https:\/\/buletin.de\/bucuresti\/"},{"@type":"ListItem","position":2,"name":"Vicepremierul Oana Gheorghiu: compania de stat care administreaz\u0103 Palatul CFR din Bucure\u0219ti are doar rolul de a oferi sinecuri. Cine sunt \u201eprofitorii\u201d"}]},{"@type":"WebSite","@id":"https:\/\/buletin.de\/bucuresti\/#website","url":"https:\/\/buletin.de\/bucuresti\/","name":"Buletin de Bucure\u0219ti","description":"\u0218tiri \u0219i investiga\u021bii esen\u021biale din capital\u0103","publisher":{"@id":"https:\/\/buletin.de\/bucuresti\/#organization"},"potentialAction":[{"@type":"SearchAction","target":{"@type":"EntryPoint","urlTemplate":"https:\/\/buletin.de\/bucuresti\/?s={search_term_string}"},"query-input":{"@type":"PropertyValueSpecification","valueRequired":true,"valueName":"search_term_string"}}],"inLanguage":"en-GB"},{"@type":"Organization","@id":"https:\/\/buletin.de\/bucuresti\/#organization","name":"Buletin de Bucure\u0219ti","url":"https:\/\/buletin.de\/bucuresti\/","logo":{"@type":"ImageObject","inLanguage":"en-GB","@id":"https:\/\/buletin.de\/bucuresti\/#\/schema\/logo\/image\/","url":"https:\/\/buletin.de\/bucuresti\/wp-content\/uploads\/logo-bdb-full-wide-vernil-transparent.png","contentUrl":"https:\/\/buletin.de\/bucuresti\/wp-content\/uploads\/logo-bdb-full-wide-vernil-transparent.png","width":1782,"height":626,"caption":"Buletin de Bucure\u0219ti"},"image":{"@id":"https:\/\/buletin.de\/bucuresti\/#\/schema\/logo\/image\/"},"sameAs":["https:\/\/www.facebook.com\/buletin.de.buc","https:\/\/www.instagram.com\/buletinde.bucuresti\/"]},{"@type":"Person","@id":"https:\/\/buletin.de\/bucuresti\/#\/schema\/person\/81421a46fb84a0887cfd2238f5202586","name":"Andreea St\u0103n\u0103r\u00eeng\u0103","image":{"@type":"ImageObject","inLanguage":"en-GB","@id":"https:\/\/buletin.de\/bucuresti\/wp-content\/uploads\/2026\/06\/BDB_Andreea_S-1-96x96.jpgb79b6b91f9c59ea2bdedd1d8c093f6b4","url":"https:\/\/buletin.de\/bucuresti\/wp-content\/uploads\/2026\/06\/BDB_Andreea_S-1-96x96.jpg","contentUrl":"https:\/\/buletin.de\/bucuresti\/wp-content\/uploads\/2026\/06\/BDB_Andreea_S-1-96x96.jpg","caption":"Andreea St\u0103n\u0103r\u00eeng\u0103"},"description":"Face parte din echipa Buletin de Bucure\u0219ti din 2025. A colaborat cu c\u00e2teva publica\u021bii, printre care \u0219i Fanatik.ro, unde s-a ocupat de \u0219tiri de lifestyle \u0219i de actualitate. A f\u0103cut un pas c\u0103tre presa local\u0103 pentru a explora Bucure\u0219tiul \u0219i pove\u0219tile care merit\u0103 spuse.","url":"https:\/\/buletin.de\/bucuresti\/author\/andreea-stanaranga\/"}]}},"authors":[{"term_id":23912,"user_id":65,"is_guest":0,"slug":"andreea-stanaranga","display_name":"Andreea St\u0103n\u0103r\u00eeng\u0103","avatar_url":"https:\/\/buletin.de\/bucuresti\/wp-content\/uploads\/2026\/06\/BDB_Andreea_S-1-96x96.jpg","author_category":"1","first_name":"Andreea","last_name":"St\u0103n\u0103r\u00eeng\u0103","user_url":"","job_title":"","description":"Face parte din echipa Buletin de Bucure\u0219ti din 2025. A colaborat cu c\u00e2teva publica\u021bii, printre care \u0219i Fanatik.ro, unde s-a ocupat de \u0219tiri de lifestyle \u0219i de actualitate. A f\u0103cut un pas c\u0103tre presa local\u0103 pentru a explora Bucure\u0219tiul \u0219i pove\u0219tile care merit\u0103 spuse."}],"_links":{"self":[{"href":"https:\/\/buletin.de\/bucuresti\/wp-json\/wp\/v2\/posts\/206489","targetHints":{"allow":["GET"]}}],"collection":[{"href":"https:\/\/buletin.de\/bucuresti\/wp-json\/wp\/v2\/posts"}],"about":[{"href":"https:\/\/buletin.de\/bucuresti\/wp-json\/wp\/v2\/types\/post"}],"author":[{"embeddable":true,"href":"https:\/\/buletin.de\/bucuresti\/wp-json\/wp\/v2\/users\/65"}],"replies":[{"embeddable":true,"href":"https:\/\/buletin.de\/bucuresti\/wp-json\/wp\/v2\/comments?post=206489"}],"version-history":[{"count":12,"href":"https:\/\/buletin.de\/bucuresti\/wp-json\/wp\/v2\/posts\/206489\/revisions"}],"predecessor-version":[{"id":206544,"href":"https:\/\/buletin.de\/bucuresti\/wp-json\/wp\/v2\/posts\/206489\/revisions\/206544"}],"wp:featuredmedia":[{"embeddable":true,"href":"https:\/\/buletin.de\/bucuresti\/wp-json\/wp\/v2\/media\/206508"}],"wp:attachment":[{"href":"https:\/\/buletin.de\/bucuresti\/wp-json\/wp\/v2\/media?parent=206489"}],"wp:term":[{"taxonomy":"category","embeddable":true,"href":"https:\/\/buletin.de\/bucuresti\/wp-json\/wp\/v2\/categories?post=206489"},{"taxonomy":"post_tag","embeddable":true,"href":"https:\/\/buletin.de\/bucuresti\/wp-json\/wp\/v2\/tags?post=206489"},{"taxonomy":"author","embeddable":true,"href":"https:\/\/buletin.de\/bucuresti\/wp-json\/wp\/v2\/ppma_author?post=206489"}],"curies":[{"name":"wp","href":"https:\/\/api.w.org\/{rel}","templated":true}]}}