{"id":206426,"date":"2026-07-17T18:54:29","date_gmt":"2026-07-17T15:54:29","guid":{"rendered":"https:\/\/buletin.de\/bucuresti\/?p=206426"},"modified":"2026-07-17T21:39:45","modified_gmt":"2026-07-17T18:39:45","slug":"sfarsitul-interimatelor-din-teatrele-bucurestene-mai-are-de-asteptat-primarul-capitalei-anunta-constituirea-unui-grup-de-lucru-pentru-organizarea-concursurilor","status":"publish","type":"post","link":"https:\/\/buletin.de\/bucuresti\/sfarsitul-interimatelor-din-teatrele-bucurestene-mai-are-de-asteptat-primarul-capitalei-anunta-constituirea-unui-grup-de-lucru-pentru-organizarea-concursurilor\/","title":{"rendered":"Sf\u00e2r\u0219itul interimatelor din teatrele bucure\u0219tene mai are de a\u0219teptat. Primarul Capitalei anun\u0163\u0103 constituirea unui grup de lucru pentru organizarea concursurilor"},"content":{"rendered":"\n<p class=\"wp-block-paragraph\"><strong>La mai bine de patru luni dup\u0103 ce primarul Ciprian Ciucu a promis concursuri \u201epe bune\u201d pentru conducerea teatrelor bucure\u0219tene, edilul <a href=\"https:\/\/www.facebook.com\/story.php?story_fbid=10165738739764203&amp;id=561619202&amp;mibextid=wwXIfr&amp;rdid=BRfc10OOSyMRuU8I#\" data-type=\"link\" data-id=\"https:\/\/www.facebook.com\/story.php?story_fbid=10165738739764203&amp;id=561619202&amp;mibextid=wwXIfr&amp;rdid=BRfc10OOSyMRuU8I#\" target=\"_blank\" rel=\"noreferrer noopener\">anun\u021b\u0103<\/a> c\u0103 a fost format un grup de lucru consultativ pentru realizarea caietelor de obiective pentru institu\u021biile de cultur\u0103.<\/strong><\/p>\n\n\n\n<p class=\"wp-block-paragraph\"><strong>Sf\u00e2r\u0219itul interimatelor din teatrele bucure\u0219tene mai are \u00eens\u0103 de a\u0219teptat. Dup\u0103 finalizarea caietelor de obiective, acestea vor fi supuse dezbaterii publice. Totodat\u0103, mai trebuie constituite comisiile de concurs, responsabile cu evaluarea candida\u021biilor \u0219i solu\u021bionarea contesta\u021biilor.<\/strong><\/p>\n\n\n\n<p class=\"wp-block-paragraph\"><strong>Ciprian Ciucu nu a lansat niciun termen estimativ pentru lansarea concursurilor.<\/strong><\/p>\n\n\n\n<h2 id=\"h-cum-vor-fi-organizate-concursurile-pentru-conducerea-teatrelor-bucure\u0219tene\" class=\"wp-block-heading\">Cum vor fi organizate concursurile pentru conducerea teatrelor bucure\u0219tene<\/h2>\n\n\n\n<p class=\"wp-block-paragraph\">Astfel, caietele de obiective pentru teatrele bucure\u015ftene, \u00een baza c\u0103rora viitorii candida\u021bi \u00ee\u0219i vor realiza proiectele de management, urmeaz\u0103 s\u0103 fie elaborate cu ajutorul unor persoane care au expertiz\u0103 \u00een domeniu. Pe l\u00e2ng\u0103 reprezentan\u021bii Prim\u0103riei Capitalei, din acest grup consultativ vor face parte:<\/p>\n\n\n\n<ul class=\"wp-block-list\">\n<li>Aura Corbeanu &#8211; vicepre\u0219edinte executiv al UNITER (Uniunea Teatral\u0103 din Rom\u00e2nia), <\/li>\n\n\n\n<li>Corina Dragomir &#8211; din partea Federa\u021biei Teatrelor Metropolitane,<\/li>\n\n\n\n<li>Iulia Popovici  &#8211; critic de teatru,<\/li>\n\n\n\n<li>Mihaela Michailov &#8211; dramaturg\u0103 \u0219i profesoar\u0103 de dramaturgie la UNATC \u201eI.L. Caragiale\u201d,<\/li>\n\n\n\n<li>Corina \u0218uteu &#8211; expert\u0103 \u00een politici culturale.<\/li>\n<\/ul>\n\n\n\n<p class=\"wp-block-paragraph\">\u201e<em>Caietele de obiective nu se mai fac \u201e\u00een debara\u201d la prim\u0103rie, ci sunt realizate de c\u0103tre oameni cu expertiz\u0103 solid\u0103 \u0219i recunoa\u0219tere profesional\u0103, care sunt dincolo de orice \u00eendoial\u0103 c\u0103 ar avea vreo agenda ascuns\u0103\u201d,<\/em> a transmis Ciprian Ciucu. <\/p>\n\n\n\n<p class=\"wp-block-paragraph\">Dup\u0103 finalizare, aceste caiete de obiective urmeaz\u0103 s\u0103 fie supuse dezbaterii publice. <\/p>\n\n\n\n<p class=\"wp-block-paragraph\"><strong>CITE\u0218TE \u0218I <a href=\"https:\/\/buletin.de\/bucuresti\/centura-de-fortificatii-a-bucurestiului-cat-costa-reabilitarea-ansamblului-de-forturi-si-baterii-din-jurul-capitalei\/\" data-type=\"post\" data-id=\"205503\">Centura de fortifica\u0163ii a Bucure\u015ftiului, l\u0103sat\u0103 s\u0103 se degradeze. C\u00e2t cost\u0103 reabilitarea ansamblului de forturi \u015fi baterii<\/a><\/strong><\/p>\n\n\n\n<h2 id=\"h-comisia-de-concurs-nu-a-fost-inca-aleasa\" class=\"wp-block-heading\">Comisia de concurs nu a fost \u00eenc\u0103 aleas\u0103 <\/h2>\n\n\n\n<p class=\"wp-block-paragraph\">C\u00e2nd vine vorba de concursurile de management ale teatrelor din Capital\u0103, pe care primarul general le-a anun\u021bat \u00eenc\u0103 din martie 2026, organizarea acestora va mai \u00eent\u00e2rzia. Conform informa\u021biilor oferite vineri, 17 iulie 2026 de Ciprian Ciucu, lansarea acestora va avea loc dup\u0103 ce se va stabili o comisie care s\u0103 le evalueze. <\/p>\n\n\n\n<p class=\"wp-block-paragraph\">Cu toate c\u0103 exper\u021bii au putut s\u0103 depun\u0103 CV-urile p\u00e2n\u0103 la data de 5 aprilie 2026, la o distan\u021b\u0103 de trei luni de la \u00eemplinirea acestui termen, comisia nu a fost \u00eenc\u0103 aleas\u0103. <\/p>\n\n\n\n<p class=\"wp-block-paragraph\">Tot \u00een prim\u0103var\u0103 a fost pus \u00een dezbatere public\u0103 \u0219i regulamentul realizarea concursurilor de proiecte de management. Cei interesa\u021bi au avut la dispozi\u021bie s\u0103pt\u0103m\u00e2ni pentru a transmite propuneri \u0219i sugestii pentru acesta. Documentul con\u021bine prevederi \u00een ceea ce prive\u0219te anun\u021bul de concurs, formarea comisiei, evaluarea candida\u021bilor, dar \u0219i solu\u021bionarea contesta\u021biilor.<\/p>\n\n\n\n<p class=\"wp-block-paragraph\"><strong>CITE\u0218TE \u0218I <a href=\"https:\/\/buletin.de\/bucuresti\/de-ce-taie-primaria-sectorului-1-copacii-din-pajura-nu-diminueaza-suprafata-spatiului-verde-existent\/\" data-type=\"post\" data-id=\"206352\">De ce taie Prim\u0103ria Sectorului 1 copacii din Pajura: \u201eNu diminueaz\u0103 suprafa\u021ba spa\u0163iului verde existent\u201d. Cet\u0103\u021benii acuz\u0103 un \u201edezastru ecologic\u201d<\/a><\/strong><\/p>\n\n\n\n<h2 id=\"h-institu\u021biile-au-in-continuare-manageri-interimari\" class=\"wp-block-heading\">Institu\u021biile au \u00een continuare manageri interimari<\/h2>\n\n\n\n<p class=\"wp-block-paragraph\">De mai bine de cinci ani concursurile pentru alegerea unor directori pentru teatrele din Bucure\u0219ti au fost blocate, astfel c\u0103 persoanele din fruntea institu\u021biilor de cultur\u0103 au fost numite din pixul primarilor generali. <\/p>\n\n\n\n<p class=\"wp-block-paragraph\">La c\u00e2teva luni de la anun\u021bul referitor la organizarea concursurilor, primarul nu a transmis \u00eenc\u0103 un termen, nici m\u0103car estimativ, pentru realizarea efectiv\u0103 a acestora. Singura informa\u021bie referitoare la organizare transmis\u0103 de edil este c\u0103 acestea vor fi organizate pe r\u00e2nd.<\/p>\n\n\n\n<p class=\"wp-block-paragraph\"><em>\u201eVom organiza concursurile pe r\u00e2nd, \u00een secven\u021be de c\u00e2te 4 &#8211; 5\u201d<\/em>, a transmis Ciprian Ciucu.<\/p>\n\n\n\n<p class=\"wp-block-paragraph\">Astfel c\u0103, cei 15 directori interimari ai teatrelor metropolitane continu\u0103 s\u0103 conduc\u0103 institu\u021biile de cultur\u0103 din subordinea Prim\u0103riei Capitalei \u0219i s\u0103 administreze bugetele acestora. Cele 14 teatre din subordinea PMB, al\u0103turi de Opera Comic\u0103 pentru Copii, primesc anual bani de la bugetul local pentru a-\u0219i desf\u0103\u0219ura activitatea, pe l\u00e2ng\u0103 veniturile proprii realizate din v\u00e2nzarea biletelor.<\/p>\n\n\n\n<p class=\"wp-block-paragraph\">\u00cen 2025, subven\u021biile s-au ridicat la circa 230 de milioane de lei, echivalentul a circa 46 de milioane de euro. Cele mai mari sume, de peste 20 de milioane de lei, au fost \u00eencasate de Opera Comic\u0103 pentru Copiii \u0219i teatrele Ion Creang\u0103, respectiv Bulandra. La polul opus, cele mai mici subven\u021bii, de circa 7 milioane de lei, au fost alocate c\u0103tre Teatrul Dramaturgilor \u0219i Masca.<\/p>\n\n\n\n<p class=\"wp-block-paragraph\">\u00cen cazul \u00een care nu vor performa \u00een cadrul concursurilor organizate \u00een viitor, cei 15 directori risc\u0103 s\u0103 piard\u0103 posturile. <\/p>\n\n\n\n<p class=\"wp-block-paragraph\"><strong>CITE\u0218TE \u0218I <a href=\"https:\/\/buletin.de\/bucuresti\/sfarsitul-interimatelor-definitive-concursuri-pe-bune-pentru-administrarea-celor-250-de-milioane-de-lei-subventie-catre-teatrele-bucurestene\/\" data-type=\"post\" data-id=\"177950\">Sf\u00e2r\u0219itul \u201einterimatelor definitive\u201d. Concursuri \u201epe bune\u201d pentru administrarea celor 250 de milioane de lei subven\u021bie c\u0103tre teatrele bucure\u0219tene<\/a><\/strong><\/p>\n","protected":false},"excerpt":{"rendered":"<p>La mai bine de patru luni dup\u0103 ce primarul Ciprian Ciucu a promis concursuri \u201epe bune\u201d pentru conducerea teatrelor bucure\u0219tene, edilul anun\u021b\u0103 c\u0103 a fost format un grup de lucru consultativ pentru realizarea caietelor de obiective pentru institu\u021biile de cultur\u0103. Sf\u00e2r\u0219itul interimatelor din teatrele bucure\u0219tene mai are \u00eens\u0103 de a\u0219teptat. Dup\u0103 finalizarea caietelor de obiective, [&hellip;]<\/p>\n","protected":false},"author":66,"featured_media":206473,"comment_status":"closed","ping_status":"open","sticky":false,"template":"","format":"standard","meta":{"_acf_changed":false,"inline_featured_image":false,"ngg_post_thumbnail":0,"footnotes":""},"categories":[6994,81,5762,24],"tags":[2089,26833,1689,26834,2328],"ppma_author":[26103],"class_list":["post-206426","post","type-post","status-publish","format-standard","has-post-thumbnail","hentry","category-stiri-2","category-cultura","category-main","category-primarie","tag-ciprian-ciucu","tag-concurs-directori-teatre","tag-cultura","tag-directori-interimari-teatru","tag-primaria-capitalei-2"],"acf":[],"a3_pvc":{"activated":false,"total_views":0,"today_views":0},"yoast_head":"<!-- This site is optimized with the Yoast SEO Premium plugin v28.0 (Yoast SEO v28.3) - https:\/\/yoast.com\/product\/yoast-seo-premium-wordpress\/ -->\n<title>Sf\u00e2r\u0219itul interimatelor din teatrele bucure\u0219tene mai are de a\u0219teptat. Primarul Capitalei anun\u0163\u0103 constituirea unui grup de lucru pentru organizarea concursurilor - Buletin de Bucure\u0219ti<\/title>\n<meta name=\"description\" content=\"Organizarea concursurilor pentru a alege conducerea teatrelor bucure\u0219tene, ce au de mai mul\u021bi ani directori interimari, mai are de a\u0219teptat.\" \/>\n<meta name=\"robots\" content=\"index, follow, max-snippet:-1, max-image-preview:large, max-video-preview:-1\" \/>\n<link rel=\"canonical\" href=\"https:\/\/buletin.de\/bucuresti\/sfarsitul-interimatelor-din-teatrele-bucurestene-mai-are-de-asteptat-primarul-capitalei-anunta-constituirea-unui-grup-de-lucru-pentru-organizarea-concursurilor\/\" \/>\n<meta property=\"og:locale\" content=\"en_GB\" \/>\n<meta property=\"og:type\" content=\"article\" \/>\n<meta property=\"og:title\" content=\"Sf\u00e2r\u0219itul interimatelor din teatrele bucure\u0219tene mai are de a\u0219teptat. Primarul Capitalei anun\u0163\u0103 constituirea unui grup de lucru pentru organizarea concursurilor\" \/>\n<meta property=\"og:description\" content=\"Organizarea concursurilor pentru a alege conducerea teatrelor bucure\u0219tene, ce au de mai mul\u021bi ani directori interimari, mai are de a\u0219teptat.\" \/>\n<meta property=\"og:url\" content=\"https:\/\/buletin.de\/bucuresti\/sfarsitul-interimatelor-din-teatrele-bucurestene-mai-are-de-asteptat-primarul-capitalei-anunta-constituirea-unui-grup-de-lucru-pentru-organizarea-concursurilor\/\" \/>\n<meta property=\"og:site_name\" content=\"Buletin de Bucure\u0219ti\" \/>\n<meta property=\"article:publisher\" content=\"https:\/\/www.facebook.com\/buletin.de.buc\" \/>\n<meta property=\"article:published_time\" content=\"2026-07-17T15:54:29+00:00\" \/>\n<meta property=\"article:modified_time\" content=\"2026-07-17T18:39:45+00:00\" \/>\n<meta property=\"og:image\" content=\"https:\/\/buletin.de\/bucuresti\/wp-content\/uploads\/2026\/07\/sala-majestic-interior-1-1600x1067-1.jpg\" \/>\n\t<meta property=\"og:image:width\" content=\"1600\" \/>\n\t<meta property=\"og:image:height\" content=\"1067\" \/>\n\t<meta property=\"og:image:type\" content=\"image\/jpeg\" \/>\n<meta name=\"author\" content=\"Deniz Garguli\" \/>\n<meta name=\"twitter:card\" content=\"summary_large_image\" \/>\n<meta name=\"twitter:label1\" content=\"Written by\" \/>\n\t<meta name=\"twitter:data1\" content=\"Deniz Garguli\" \/>\n\t<meta name=\"twitter:label2\" content=\"Estimated reading time\" \/>\n\t<meta name=\"twitter:data2\" content=\"4 minutes\" \/>\n<script type=\"application\/ld+json\" class=\"yoast-schema-graph\">{\"@context\":\"https:\\\/\\\/schema.org\",\"@graph\":[{\"@type\":\"Article\",\"@id\":\"https:\\\/\\\/buletin.de\\\/bucuresti\\\/sfarsitul-interimatelor-din-teatrele-bucurestene-mai-are-de-asteptat-primarul-capitalei-anunta-constituirea-unui-grup-de-lucru-pentru-organizarea-concursurilor\\\/#article\",\"isPartOf\":{\"@id\":\"https:\\\/\\\/buletin.de\\\/bucuresti\\\/sfarsitul-interimatelor-din-teatrele-bucurestene-mai-are-de-asteptat-primarul-capitalei-anunta-constituirea-unui-grup-de-lucru-pentru-organizarea-concursurilor\\\/\"},\"author\":{\"name\":\"Deniz Garguli\",\"@id\":\"https:\\\/\\\/buletin.de\\\/bucuresti\\\/#\\\/schema\\\/person\\\/8badd0805392c02e16b744e0d5cd3625\"},\"headline\":\"Sf\u00e2r\u0219itul interimatelor din teatrele bucure\u0219tene mai are de a\u0219teptat. Primarul Capitalei anun\u0163\u0103 constituirea unui grup de lucru pentru organizarea concursurilor\",\"datePublished\":\"2026-07-17T15:54:29+00:00\",\"dateModified\":\"2026-07-17T18:39:45+00:00\",\"mainEntityOfPage\":{\"@id\":\"https:\\\/\\\/buletin.de\\\/bucuresti\\\/sfarsitul-interimatelor-din-teatrele-bucurestene-mai-are-de-asteptat-primarul-capitalei-anunta-constituirea-unui-grup-de-lucru-pentru-organizarea-concursurilor\\\/\"},\"wordCount\":759,\"publisher\":{\"@id\":\"https:\\\/\\\/buletin.de\\\/bucuresti\\\/#organization\"},\"image\":{\"@id\":\"https:\\\/\\\/buletin.de\\\/bucuresti\\\/sfarsitul-interimatelor-din-teatrele-bucurestene-mai-are-de-asteptat-primarul-capitalei-anunta-constituirea-unui-grup-de-lucru-pentru-organizarea-concursurilor\\\/#primaryimage\"},\"thumbnailUrl\":\"https:\\\/\\\/buletin.de\\\/bucuresti\\\/wp-content\\\/uploads\\\/2026\\\/07\\\/sala-majestic-interior-1-1600x1067-1.jpg\",\"keywords\":[\"ciprian ciucu\",\"concurs directori teatre\",\"cultura\",\"directori interimari teatru\",\"Prim\u0103ria Capitalei\"],\"articleSection\":[\"Articole\",\"Cultur\u0103\",\"Main\",\"Prim\u0103rie\"],\"inLanguage\":\"en-GB\",\"copyrightYear\":\"2026\",\"copyrightHolder\":{\"@id\":\"https:\\\/\\\/buletin.de\\\/bucuresti\\\/#organization\"}},{\"@type\":\"WebPage\",\"@id\":\"https:\\\/\\\/buletin.de\\\/bucuresti\\\/sfarsitul-interimatelor-din-teatrele-bucurestene-mai-are-de-asteptat-primarul-capitalei-anunta-constituirea-unui-grup-de-lucru-pentru-organizarea-concursurilor\\\/\",\"url\":\"https:\\\/\\\/buletin.de\\\/bucuresti\\\/sfarsitul-interimatelor-din-teatrele-bucurestene-mai-are-de-asteptat-primarul-capitalei-anunta-constituirea-unui-grup-de-lucru-pentru-organizarea-concursurilor\\\/\",\"name\":\"Sf\u00e2r\u0219itul interimatelor din teatrele bucure\u0219tene mai are de a\u0219teptat. Primarul Capitalei anun\u0163\u0103 constituirea unui grup de lucru pentru organizarea concursurilor - Buletin de Bucure\u0219ti\",\"isPartOf\":{\"@id\":\"https:\\\/\\\/buletin.de\\\/bucuresti\\\/#website\"},\"primaryImageOfPage\":{\"@id\":\"https:\\\/\\\/buletin.de\\\/bucuresti\\\/sfarsitul-interimatelor-din-teatrele-bucurestene-mai-are-de-asteptat-primarul-capitalei-anunta-constituirea-unui-grup-de-lucru-pentru-organizarea-concursurilor\\\/#primaryimage\"},\"image\":{\"@id\":\"https:\\\/\\\/buletin.de\\\/bucuresti\\\/sfarsitul-interimatelor-din-teatrele-bucurestene-mai-are-de-asteptat-primarul-capitalei-anunta-constituirea-unui-grup-de-lucru-pentru-organizarea-concursurilor\\\/#primaryimage\"},\"thumbnailUrl\":\"https:\\\/\\\/buletin.de\\\/bucuresti\\\/wp-content\\\/uploads\\\/2026\\\/07\\\/sala-majestic-interior-1-1600x1067-1.jpg\",\"datePublished\":\"2026-07-17T15:54:29+00:00\",\"dateModified\":\"2026-07-17T18:39:45+00:00\",\"description\":\"Organizarea concursurilor pentru a alege conducerea teatrelor bucure\u0219tene, ce au de mai mul\u021bi ani directori interimari, mai are de a\u0219teptat.\",\"breadcrumb\":{\"@id\":\"https:\\\/\\\/buletin.de\\\/bucuresti\\\/sfarsitul-interimatelor-din-teatrele-bucurestene-mai-are-de-asteptat-primarul-capitalei-anunta-constituirea-unui-grup-de-lucru-pentru-organizarea-concursurilor\\\/#breadcrumb\"},\"inLanguage\":\"en-GB\",\"potentialAction\":[{\"@type\":\"ReadAction\",\"target\":[\"https:\\\/\\\/buletin.de\\\/bucuresti\\\/sfarsitul-interimatelor-din-teatrele-bucurestene-mai-are-de-asteptat-primarul-capitalei-anunta-constituirea-unui-grup-de-lucru-pentru-organizarea-concursurilor\\\/\"]}]},{\"@type\":\"ImageObject\",\"inLanguage\":\"en-GB\",\"@id\":\"https:\\\/\\\/buletin.de\\\/bucuresti\\\/sfarsitul-interimatelor-din-teatrele-bucurestene-mai-are-de-asteptat-primarul-capitalei-anunta-constituirea-unui-grup-de-lucru-pentru-organizarea-concursurilor\\\/#primaryimage\",\"url\":\"https:\\\/\\\/buletin.de\\\/bucuresti\\\/wp-content\\\/uploads\\\/2026\\\/07\\\/sala-majestic-interior-1-1600x1067-1.jpg\",\"contentUrl\":\"https:\\\/\\\/buletin.de\\\/bucuresti\\\/wp-content\\\/uploads\\\/2026\\\/07\\\/sala-majestic-interior-1-1600x1067-1.jpg\",\"width\":1600,\"height\":1067,\"caption\":\"Sf\u00e2r\u0219itul interimatelor din teatrele bucure\u0219tene mai are de a\u0219teptat. S-a format un grup consultativ pentru realizarea caietele de obiective, dar comisia de concurs nu a fost aleas\u0103. Foto: Teatrul Odeon\"},{\"@type\":\"BreadcrumbList\",\"@id\":\"https:\\\/\\\/buletin.de\\\/bucuresti\\\/sfarsitul-interimatelor-din-teatrele-bucurestene-mai-are-de-asteptat-primarul-capitalei-anunta-constituirea-unui-grup-de-lucru-pentru-organizarea-concursurilor\\\/#breadcrumb\",\"itemListElement\":[{\"@type\":\"ListItem\",\"position\":1,\"name\":\"Acas\u0103\",\"item\":\"https:\\\/\\\/buletin.de\\\/bucuresti\\\/\"},{\"@type\":\"ListItem\",\"position\":2,\"name\":\"Sf\u00e2r\u0219itul interimatelor din teatrele bucure\u0219tene mai are de a\u0219teptat. Primarul Capitalei anun\u0163\u0103 constituirea unui grup de lucru pentru organizarea concursurilor\"}]},{\"@type\":\"WebSite\",\"@id\":\"https:\\\/\\\/buletin.de\\\/bucuresti\\\/#website\",\"url\":\"https:\\\/\\\/buletin.de\\\/bucuresti\\\/\",\"name\":\"Buletin de Bucure\u0219ti\",\"description\":\"\u0218tiri \u0219i investiga\u021bii esen\u021biale din capital\u0103\",\"publisher\":{\"@id\":\"https:\\\/\\\/buletin.de\\\/bucuresti\\\/#organization\"},\"potentialAction\":[{\"@type\":\"SearchAction\",\"target\":{\"@type\":\"EntryPoint\",\"urlTemplate\":\"https:\\\/\\\/buletin.de\\\/bucuresti\\\/?s={search_term_string}\"},\"query-input\":{\"@type\":\"PropertyValueSpecification\",\"valueRequired\":true,\"valueName\":\"search_term_string\"}}],\"inLanguage\":\"en-GB\"},{\"@type\":\"Organization\",\"@id\":\"https:\\\/\\\/buletin.de\\\/bucuresti\\\/#organization\",\"name\":\"Buletin de Bucure\u0219ti\",\"url\":\"https:\\\/\\\/buletin.de\\\/bucuresti\\\/\",\"logo\":{\"@type\":\"ImageObject\",\"inLanguage\":\"en-GB\",\"@id\":\"https:\\\/\\\/buletin.de\\\/bucuresti\\\/#\\\/schema\\\/logo\\\/image\\\/\",\"url\":\"https:\\\/\\\/buletin.de\\\/bucuresti\\\/wp-content\\\/uploads\\\/logo-bdb-full-wide-vernil-transparent.png\",\"contentUrl\":\"https:\\\/\\\/buletin.de\\\/bucuresti\\\/wp-content\\\/uploads\\\/logo-bdb-full-wide-vernil-transparent.png\",\"width\":1782,\"height\":626,\"caption\":\"Buletin de Bucure\u0219ti\"},\"image\":{\"@id\":\"https:\\\/\\\/buletin.de\\\/bucuresti\\\/#\\\/schema\\\/logo\\\/image\\\/\"},\"sameAs\":[\"https:\\\/\\\/www.facebook.com\\\/buletin.de.buc\",\"https:\\\/\\\/www.instagram.com\\\/buletinde.bucuresti\\\/\"]},{\"@type\":\"Person\",\"@id\":\"https:\\\/\\\/buletin.de\\\/bucuresti\\\/#\\\/schema\\\/person\\\/8badd0805392c02e16b744e0d5cd3625\",\"name\":\"Deniz Garguli\",\"image\":{\"@type\":\"ImageObject\",\"inLanguage\":\"en-GB\",\"@id\":\"https:\\\/\\\/buletin.de\\\/bucuresti\\\/wp-content\\\/uploads\\\/2026\\\/06\\\/BDB_Deniz-1-96x96.jpgba95f600d547b787bc58e580a19f8dac\",\"url\":\"https:\\\/\\\/buletin.de\\\/bucuresti\\\/wp-content\\\/uploads\\\/2026\\\/06\\\/BDB_Deniz-1-96x96.jpg\",\"contentUrl\":\"https:\\\/\\\/buletin.de\\\/bucuresti\\\/wp-content\\\/uploads\\\/2026\\\/06\\\/BDB_Deniz-1-96x96.jpg\",\"caption\":\"Deniz Garguli\"},\"description\":\"N\u0103scut\u0103 \u0219i crescut\u0103 \u00een Capital\u0103, dorin\u021ba de a fi la curent cu tot ce se \u00eent\u00e2mpl\u0103 \u00een Bucure\u0219ti a \u00eempins-o c\u0103tre pres\u0103, mai cu seam\u0103 c\u0103tre cea local\u0103. A lucrat vreme de patru ani la B365, unde s-a ocupat de \u0219tiri despre ora\u0219 \u0219i oamenii care locuiesc \u00een el. Din 2026 s-a al\u0103turat echipei Buletin de Bucure\u0219ti.\",\"url\":\"https:\\\/\\\/buletin.de\\\/bucuresti\\\/author\\\/deniz-garguli\\\/\"}]}<\/script>\n<!-- \/ Yoast SEO Premium plugin. -->","yoast_head_json":{"title":"Sf\u00e2r\u0219itul interimatelor din teatrele bucure\u0219tene mai are de a\u0219teptat. Primarul Capitalei anun\u0163\u0103 constituirea unui grup de lucru pentru organizarea concursurilor - Buletin de Bucure\u0219ti","description":"Organizarea concursurilor pentru a alege conducerea teatrelor bucure\u0219tene, ce au de mai mul\u021bi ani directori interimari, mai are de a\u0219teptat.","robots":{"index":"index","follow":"follow","max-snippet":"max-snippet:-1","max-image-preview":"max-image-preview:large","max-video-preview":"max-video-preview:-1"},"canonical":"https:\/\/buletin.de\/bucuresti\/sfarsitul-interimatelor-din-teatrele-bucurestene-mai-are-de-asteptat-primarul-capitalei-anunta-constituirea-unui-grup-de-lucru-pentru-organizarea-concursurilor\/","og_locale":"en_GB","og_type":"article","og_title":"Sf\u00e2r\u0219itul interimatelor din teatrele bucure\u0219tene mai are de a\u0219teptat. Primarul Capitalei anun\u0163\u0103 constituirea unui grup de lucru pentru organizarea concursurilor","og_description":"Organizarea concursurilor pentru a alege conducerea teatrelor bucure\u0219tene, ce au de mai mul\u021bi ani directori interimari, mai are de a\u0219teptat.","og_url":"https:\/\/buletin.de\/bucuresti\/sfarsitul-interimatelor-din-teatrele-bucurestene-mai-are-de-asteptat-primarul-capitalei-anunta-constituirea-unui-grup-de-lucru-pentru-organizarea-concursurilor\/","og_site_name":"Buletin de Bucure\u0219ti","article_publisher":"https:\/\/www.facebook.com\/buletin.de.buc","article_published_time":"2026-07-17T15:54:29+00:00","article_modified_time":"2026-07-17T18:39:45+00:00","og_image":[{"width":1600,"height":1067,"url":"https:\/\/buletin.de\/bucuresti\/wp-content\/uploads\/2026\/07\/sala-majestic-interior-1-1600x1067-1.jpg","type":"image\/jpeg"}],"author":"Deniz Garguli","twitter_card":"summary_large_image","twitter_misc":{"Written by":"Deniz Garguli","Estimated reading time":"4 minutes"},"schema":{"@context":"https:\/\/schema.org","@graph":[{"@type":"Article","@id":"https:\/\/buletin.de\/bucuresti\/sfarsitul-interimatelor-din-teatrele-bucurestene-mai-are-de-asteptat-primarul-capitalei-anunta-constituirea-unui-grup-de-lucru-pentru-organizarea-concursurilor\/#article","isPartOf":{"@id":"https:\/\/buletin.de\/bucuresti\/sfarsitul-interimatelor-din-teatrele-bucurestene-mai-are-de-asteptat-primarul-capitalei-anunta-constituirea-unui-grup-de-lucru-pentru-organizarea-concursurilor\/"},"author":{"name":"Deniz Garguli","@id":"https:\/\/buletin.de\/bucuresti\/#\/schema\/person\/8badd0805392c02e16b744e0d5cd3625"},"headline":"Sf\u00e2r\u0219itul interimatelor din teatrele bucure\u0219tene mai are de a\u0219teptat. Primarul Capitalei anun\u0163\u0103 constituirea unui grup de lucru pentru organizarea concursurilor","datePublished":"2026-07-17T15:54:29+00:00","dateModified":"2026-07-17T18:39:45+00:00","mainEntityOfPage":{"@id":"https:\/\/buletin.de\/bucuresti\/sfarsitul-interimatelor-din-teatrele-bucurestene-mai-are-de-asteptat-primarul-capitalei-anunta-constituirea-unui-grup-de-lucru-pentru-organizarea-concursurilor\/"},"wordCount":759,"publisher":{"@id":"https:\/\/buletin.de\/bucuresti\/#organization"},"image":{"@id":"https:\/\/buletin.de\/bucuresti\/sfarsitul-interimatelor-din-teatrele-bucurestene-mai-are-de-asteptat-primarul-capitalei-anunta-constituirea-unui-grup-de-lucru-pentru-organizarea-concursurilor\/#primaryimage"},"thumbnailUrl":"https:\/\/buletin.de\/bucuresti\/wp-content\/uploads\/2026\/07\/sala-majestic-interior-1-1600x1067-1.jpg","keywords":["ciprian ciucu","concurs directori teatre","cultura","directori interimari teatru","Prim\u0103ria Capitalei"],"articleSection":["Articole","Cultur\u0103","Main","Prim\u0103rie"],"inLanguage":"en-GB","copyrightYear":"2026","copyrightHolder":{"@id":"https:\/\/buletin.de\/bucuresti\/#organization"}},{"@type":"WebPage","@id":"https:\/\/buletin.de\/bucuresti\/sfarsitul-interimatelor-din-teatrele-bucurestene-mai-are-de-asteptat-primarul-capitalei-anunta-constituirea-unui-grup-de-lucru-pentru-organizarea-concursurilor\/","url":"https:\/\/buletin.de\/bucuresti\/sfarsitul-interimatelor-din-teatrele-bucurestene-mai-are-de-asteptat-primarul-capitalei-anunta-constituirea-unui-grup-de-lucru-pentru-organizarea-concursurilor\/","name":"Sf\u00e2r\u0219itul interimatelor din teatrele bucure\u0219tene mai are de a\u0219teptat. Primarul Capitalei anun\u0163\u0103 constituirea unui grup de lucru pentru organizarea concursurilor - Buletin de Bucure\u0219ti","isPartOf":{"@id":"https:\/\/buletin.de\/bucuresti\/#website"},"primaryImageOfPage":{"@id":"https:\/\/buletin.de\/bucuresti\/sfarsitul-interimatelor-din-teatrele-bucurestene-mai-are-de-asteptat-primarul-capitalei-anunta-constituirea-unui-grup-de-lucru-pentru-organizarea-concursurilor\/#primaryimage"},"image":{"@id":"https:\/\/buletin.de\/bucuresti\/sfarsitul-interimatelor-din-teatrele-bucurestene-mai-are-de-asteptat-primarul-capitalei-anunta-constituirea-unui-grup-de-lucru-pentru-organizarea-concursurilor\/#primaryimage"},"thumbnailUrl":"https:\/\/buletin.de\/bucuresti\/wp-content\/uploads\/2026\/07\/sala-majestic-interior-1-1600x1067-1.jpg","datePublished":"2026-07-17T15:54:29+00:00","dateModified":"2026-07-17T18:39:45+00:00","description":"Organizarea concursurilor pentru a alege conducerea teatrelor bucure\u0219tene, ce au de mai mul\u021bi ani directori interimari, mai are de a\u0219teptat.","breadcrumb":{"@id":"https:\/\/buletin.de\/bucuresti\/sfarsitul-interimatelor-din-teatrele-bucurestene-mai-are-de-asteptat-primarul-capitalei-anunta-constituirea-unui-grup-de-lucru-pentru-organizarea-concursurilor\/#breadcrumb"},"inLanguage":"en-GB","potentialAction":[{"@type":"ReadAction","target":["https:\/\/buletin.de\/bucuresti\/sfarsitul-interimatelor-din-teatrele-bucurestene-mai-are-de-asteptat-primarul-capitalei-anunta-constituirea-unui-grup-de-lucru-pentru-organizarea-concursurilor\/"]}]},{"@type":"ImageObject","inLanguage":"en-GB","@id":"https:\/\/buletin.de\/bucuresti\/sfarsitul-interimatelor-din-teatrele-bucurestene-mai-are-de-asteptat-primarul-capitalei-anunta-constituirea-unui-grup-de-lucru-pentru-organizarea-concursurilor\/#primaryimage","url":"https:\/\/buletin.de\/bucuresti\/wp-content\/uploads\/2026\/07\/sala-majestic-interior-1-1600x1067-1.jpg","contentUrl":"https:\/\/buletin.de\/bucuresti\/wp-content\/uploads\/2026\/07\/sala-majestic-interior-1-1600x1067-1.jpg","width":1600,"height":1067,"caption":"Sf\u00e2r\u0219itul interimatelor din teatrele bucure\u0219tene mai are de a\u0219teptat. S-a format un grup consultativ pentru realizarea caietele de obiective, dar comisia de concurs nu a fost aleas\u0103. Foto: Teatrul Odeon"},{"@type":"BreadcrumbList","@id":"https:\/\/buletin.de\/bucuresti\/sfarsitul-interimatelor-din-teatrele-bucurestene-mai-are-de-asteptat-primarul-capitalei-anunta-constituirea-unui-grup-de-lucru-pentru-organizarea-concursurilor\/#breadcrumb","itemListElement":[{"@type":"ListItem","position":1,"name":"Acas\u0103","item":"https:\/\/buletin.de\/bucuresti\/"},{"@type":"ListItem","position":2,"name":"Sf\u00e2r\u0219itul interimatelor din teatrele bucure\u0219tene mai are de a\u0219teptat. Primarul Capitalei anun\u0163\u0103 constituirea unui grup de lucru pentru organizarea concursurilor"}]},{"@type":"WebSite","@id":"https:\/\/buletin.de\/bucuresti\/#website","url":"https:\/\/buletin.de\/bucuresti\/","name":"Buletin de Bucure\u0219ti","description":"\u0218tiri \u0219i investiga\u021bii esen\u021biale din capital\u0103","publisher":{"@id":"https:\/\/buletin.de\/bucuresti\/#organization"},"potentialAction":[{"@type":"SearchAction","target":{"@type":"EntryPoint","urlTemplate":"https:\/\/buletin.de\/bucuresti\/?s={search_term_string}"},"query-input":{"@type":"PropertyValueSpecification","valueRequired":true,"valueName":"search_term_string"}}],"inLanguage":"en-GB"},{"@type":"Organization","@id":"https:\/\/buletin.de\/bucuresti\/#organization","name":"Buletin de Bucure\u0219ti","url":"https:\/\/buletin.de\/bucuresti\/","logo":{"@type":"ImageObject","inLanguage":"en-GB","@id":"https:\/\/buletin.de\/bucuresti\/#\/schema\/logo\/image\/","url":"https:\/\/buletin.de\/bucuresti\/wp-content\/uploads\/logo-bdb-full-wide-vernil-transparent.png","contentUrl":"https:\/\/buletin.de\/bucuresti\/wp-content\/uploads\/logo-bdb-full-wide-vernil-transparent.png","width":1782,"height":626,"caption":"Buletin de Bucure\u0219ti"},"image":{"@id":"https:\/\/buletin.de\/bucuresti\/#\/schema\/logo\/image\/"},"sameAs":["https:\/\/www.facebook.com\/buletin.de.buc","https:\/\/www.instagram.com\/buletinde.bucuresti\/"]},{"@type":"Person","@id":"https:\/\/buletin.de\/bucuresti\/#\/schema\/person\/8badd0805392c02e16b744e0d5cd3625","name":"Deniz Garguli","image":{"@type":"ImageObject","inLanguage":"en-GB","@id":"https:\/\/buletin.de\/bucuresti\/wp-content\/uploads\/2026\/06\/BDB_Deniz-1-96x96.jpgba95f600d547b787bc58e580a19f8dac","url":"https:\/\/buletin.de\/bucuresti\/wp-content\/uploads\/2026\/06\/BDB_Deniz-1-96x96.jpg","contentUrl":"https:\/\/buletin.de\/bucuresti\/wp-content\/uploads\/2026\/06\/BDB_Deniz-1-96x96.jpg","caption":"Deniz Garguli"},"description":"N\u0103scut\u0103 \u0219i crescut\u0103 \u00een Capital\u0103, dorin\u021ba de a fi la curent cu tot ce se \u00eent\u00e2mpl\u0103 \u00een Bucure\u0219ti a \u00eempins-o c\u0103tre pres\u0103, mai cu seam\u0103 c\u0103tre cea local\u0103. A lucrat vreme de patru ani la B365, unde s-a ocupat de \u0219tiri despre ora\u0219 \u0219i oamenii care locuiesc \u00een el. Din 2026 s-a al\u0103turat echipei Buletin de Bucure\u0219ti.","url":"https:\/\/buletin.de\/bucuresti\/author\/deniz-garguli\/"}]}},"authors":[{"term_id":26103,"user_id":66,"is_guest":0,"slug":"deniz-garguli","display_name":"Deniz Garguli","avatar_url":"https:\/\/buletin.de\/bucuresti\/wp-content\/uploads\/2026\/06\/BDB_Deniz-1-96x96.jpg","author_category":"","first_name":"Deniz","last_name":"Garguli","user_url":"","job_title":"","description":"N\u0103scut\u0103 \u0219i crescut\u0103 \u00een Capital\u0103, dorin\u021ba de a fi la curent cu tot ce se \u00eent\u00e2mpl\u0103 \u00een Bucure\u0219ti a \u00eempins-o c\u0103tre pres\u0103, mai cu seam\u0103 c\u0103tre cea local\u0103. A lucrat vreme de patru ani la B365, unde s-a ocupat de \u0219tiri despre ora\u0219 \u0219i oamenii care locuiesc \u00een el. Din 2026 s-a al\u0103turat echipei Buletin de Bucure\u0219ti."}],"_links":{"self":[{"href":"https:\/\/buletin.de\/bucuresti\/wp-json\/wp\/v2\/posts\/206426","targetHints":{"allow":["GET"]}}],"collection":[{"href":"https:\/\/buletin.de\/bucuresti\/wp-json\/wp\/v2\/posts"}],"about":[{"href":"https:\/\/buletin.de\/bucuresti\/wp-json\/wp\/v2\/types\/post"}],"author":[{"embeddable":true,"href":"https:\/\/buletin.de\/bucuresti\/wp-json\/wp\/v2\/users\/66"}],"replies":[{"embeddable":true,"href":"https:\/\/buletin.de\/bucuresti\/wp-json\/wp\/v2\/comments?post=206426"}],"version-history":[{"count":12,"href":"https:\/\/buletin.de\/bucuresti\/wp-json\/wp\/v2\/posts\/206426\/revisions"}],"predecessor-version":[{"id":206538,"href":"https:\/\/buletin.de\/bucuresti\/wp-json\/wp\/v2\/posts\/206426\/revisions\/206538"}],"wp:featuredmedia":[{"embeddable":true,"href":"https:\/\/buletin.de\/bucuresti\/wp-json\/wp\/v2\/media\/206473"}],"wp:attachment":[{"href":"https:\/\/buletin.de\/bucuresti\/wp-json\/wp\/v2\/media?parent=206426"}],"wp:term":[{"taxonomy":"category","embeddable":true,"href":"https:\/\/buletin.de\/bucuresti\/wp-json\/wp\/v2\/categories?post=206426"},{"taxonomy":"post_tag","embeddable":true,"href":"https:\/\/buletin.de\/bucuresti\/wp-json\/wp\/v2\/tags?post=206426"},{"taxonomy":"author","embeddable":true,"href":"https:\/\/buletin.de\/bucuresti\/wp-json\/wp\/v2\/ppma_author?post=206426"}],"curies":[{"name":"wp","href":"https:\/\/api.w.org\/{rel}","templated":true}]}}